{"id":7008,"date":"2020-05-16T16:40:07","date_gmt":"2020-05-16T21:40:07","guid":{"rendered":"http:\/\/www.uartes.edu.ec\/sitio\/?p=7008"},"modified":"2024-07-04T11:43:10","modified_gmt":"2024-07-04T16:43:10","slug":"josue-mantuano-vera-y-las-memorias-del-proceso-de-creacion-de-pasar-de-pagina","status":"publish","type":"post","link":"https:\/\/www.uartes.edu.ec\/sitio\/blog\/2020\/05\/16\/josue-mantuano-vera-y-las-memorias-del-proceso-de-creacion-de-pasar-de-pagina\/","title":{"rendered":"Josu\u00e9 Mantuano Vera y las memorias del proceso de creaci\u00f3n de \u201cPasar de p\u00e1gina\u201d"},"content":{"rendered":"\n<p>A su proyecto de tesis Josu\u00e9 Armando Mantuano Vera, estudiante de la Escuela de Cine lo titul\u00f3 \u201cDe la concepci\u00f3n a la realizaci\u00f3n de un documental: Memoria del proceso de creaci\u00f3n del cortometraje <em>Pasar de p\u00e1gina<\/em>\u201d. Present\u00f3 su defensa el 15 de abril v\u00eda videoconferencia y de su desarrollo \u00e9l revela que tuvo como eje dos etapas que se complementan.<\/p>\n\n\n\n<p>\u201cPrimero el producto audiovisual, la realizaci\u00f3n del documental <em>Pasar de p\u00e1gina<\/em>&nbsp;&nbsp;y un documento escrito, narraci\u00f3n del proceso en primera persona, desde el pitch, diversas l\u00f3gicas a las que tuve que enfrentarme como director, las mismas que fui interiorizando de manera enriquecedora; comparativas entre el proceso de realizaci\u00f3n&nbsp;del documental y proyectos de ficci\u00f3n, cuestionamiento del documental como un proceso cinematogr\u00e1fico en el que puede abordar la ficci\u00f3n y el proceso del montaje\u201d.<\/p>\n\n\n\n<p>Agrega que <em>Pasar de p\u00e1gina<\/em> es un documental que tuvo la intenci\u00f3n de grabar un solo personaje, pero en el proceso cobr\u00f3 autonom\u00eda. Los hechos, acciones y situaciones que se iban documentando llevaron por otros caminos al director. Una historia que se fue redescubriendo. El cine documental es una ventana para mostrar de manera maximizada los maravillosos detalles de la vida o, a su vez, el lado m\u00e1s perverso. Es un espacio del que a\u00fan queda mucho por explorar. No se detiene ante condiciones adversas, se renueva y muta siendo sus plataformas nuevas maneras de resistencia.&nbsp;\u201cTus proyectos o pel\u00edculas son como extensiones de ti, de tu vida, que vas permitiendo desarrollarse, luego de pronto, sin darte cuenta, cuando ya est\u00e1n proyectados en una pantalla de cine, sientes que cobran autonom\u00eda y ya responde a s\u00ed mismo, debe ser capaz de autosustentarse solos, ya no est\u00e1s ah\u00ed para defenderlos\u201d.<\/p>\n\n\n\n<p>El documental parti\u00f3 con la premisa de ser un viaje en bus de un joven universitario egresado que busca visitar a su padre, de oficio alba\u00f1il, en Milagro para acercarse m\u00e1s, grabar las casas que \u00e9l ha construido y recuperar el tiempo que pas\u00f3 trabajando en los a\u00f1os 2000 tras el feriado bancario. Sin embargo, a medida en que graba redescubre un personaje de importancia para la historia: su madre, quien tambi\u00e9n fue un sustento para la familia. Ella migr\u00f3 a Alemania para poder aportar econ\u00f3micamente y brindarle una mejor calidad de vida. El joven habla con sus padres, les pregunta c\u00f3mo lo recuerdan. Integra, adem\u00e1s, el recuerdo que mantienen de su abuela, quien se encarg\u00f3 de educarlo. Termina siendo la historia de una familia, de tantas que se vieron afectadas por los procesos econ\u00f3micos y pol\u00edticos que sufri\u00f3 el pa\u00eds con el feriado bancario y la dolarizaci\u00f3n.<\/p>\n\n\n\n<div class=\"wp-block-image\"><figure class=\"aligncenter size-large\"><img fetchpriority=\"high\" decoding=\"async\" width=\"644\" height=\"430\" src=\"http:\/\/www.uartes.edu.ec\/sitio\/wp-content\/uploads\/2020\/05\/JM2-644x430.jpg\" alt=\"\" class=\"wp-image-7010\" srcset=\"https:\/\/www.uartes.edu.ec\/sitio\/wp-content\/uploads\/2020\/05\/JM2-644x430.jpg 644w, https:\/\/www.uartes.edu.ec\/sitio\/wp-content\/uploads\/2020\/05\/JM2-300x200.jpg 300w, https:\/\/www.uartes.edu.ec\/sitio\/wp-content\/uploads\/2020\/05\/JM2-768x512.jpg 768w, https:\/\/www.uartes.edu.ec\/sitio\/wp-content\/uploads\/2020\/05\/JM2-600x400.jpg 600w, https:\/\/www.uartes.edu.ec\/sitio\/wp-content\/uploads\/2020\/05\/JM2-400x267.jpg 400w, https:\/\/www.uartes.edu.ec\/sitio\/wp-content\/uploads\/2020\/05\/JM2-272x182.jpg 272w, https:\/\/www.uartes.edu.ec\/sitio\/wp-content\/uploads\/2020\/05\/JM2.jpg 859w\" sizes=\"(max-width: 644px) 100vw, 644px\" \/><\/figure><\/div>\n\n\n\n<p>Josu\u00e9 Mantuano indica que propuso el tema \u201cporque era algo interno que me carcom\u00eda, una necesidad b\u00e1sica del autorretrato; sin poder definir aquello que no entend\u00eda, mis proyectos seguir\u00edan incompletos. Ve\u00eda al documental como una catarsis. El cine no tiene l\u00edmites, tiene la oportunidad de explorar lo que el realizador busque. Adem\u00e1s, esta historia es muy cercana para los ecuatorianos. Muchas personas han vivido situaciones similares. Entre 1999 y 2001 la migraci\u00f3n fue marcada en el pa\u00eds\u201d.<\/p>\n\n\n\n<p>Durante la proyecci\u00f3n de su documental en el MAAC Cine, Josu\u00e9 Mantuano comenta que pudo escuchar al p\u00fablico y que sus intervenciones le hicieron notar que se hab\u00eda convertido en un portavoz de quienes hab\u00edan vivido lo mismo. El proceso le confirm\u00f3 que el cine s\u00ed permite recrear sensaciones, por ello, a futuro, le gustar\u00eda explorar la memoria, la mirada y el tiempo.<\/p>\n\n\n\n<p>El desarrollo de su tesis, comenta, fue un proceso agitado, lleno de contratiempos, de apuros y sorpresas. Agradece a su tutor por la asistencia y constancia. Su trabajo final se inici\u00f3 en la clase de acompa\u00f1amiento de tesis \u201cde aproximadamente cuatro meses; el rodaje me tom\u00f3 una semana y el montaje, un a\u00f1o\u201d, precisa y atribuye los tiempos a que tambi\u00e9n trabaja.<\/p>\n\n\n\n<p>Deb\u00eda sustentar su tesis de manera presencial, pero por la cuarenta fue virtual, lo que se\u00f1ala de gran ayuda, pues fue m\u00e1s armonioso y desde casa. \u201cNos ha permitido demostrar que estamos preparados para todas las situaciones. Es un buen diagn\u00f3stico que la UArtes prepare profesionales capaces de solucionar cualquier situaci\u00f3n, todo terreno y autocr\u00edticos\u201d.<\/p>\n\n\n\n<p>Tras la licenciatura, Josu\u00e9 Mantuano seguir\u00e1 prepar\u00e1ndose. Por ahora continuar\u00e1 reuniendo recursos para hacer un posgrado en otro pa\u00eds.<\/p>\n","protected":false},"excerpt":{"rendered":"<p>A su proyecto de tesis Josu\u00e9 Armando Mantuano Vera, estudiante de la Escuela de Cine lo titul\u00f3 \u201cDe la concepci\u00f3n a la realizaci\u00f3n de un documental: Memoria del proceso de creaci\u00f3n del cortometraje Pasar de p\u00e1gina\u201d. <\/p>\n","protected":false},"author":1,"featured_media":7009,"comment_status":"closed","ping_status":"closed","sticky":false,"template":"","format":"standard","meta":{"_acf_changed":false,"_uag_custom_page_level_css":"","_monsterinsights_skip_tracking":false,"_monsterinsights_sitenote_active":false,"_monsterinsights_sitenote_note":"","_monsterinsights_sitenote_category":0,"cybocfi_hide_featured_image":"","footnotes":""},"categories":[80,147,76],"tags":[211],"infouartes":[],"class_list":["post-7008","post","type-post","status-publish","format-standard","has-post-thumbnail","hentry","category-academico","category-cine","category-estudiantes","tag-covid19"],"acf":[],"yoast_head":"<!-- This site is optimized with the Yoast SEO plugin v27.4 - https:\/\/yoast.com\/product\/yoast-seo-wordpress\/ -->\n<title>Universidad de las Artes - Josu\u00e9 Mantuano Vera y las memorias del proceso de creaci\u00f3n de \u201cPasar de p\u00e1gina\u201d<\/title>\n<meta name=\"description\" content=\"Universidad de las Artes - Josu\u00e9 Mantuano Vera y las memorias del proceso de creaci\u00f3n de \u201cPasar de p\u00e1gina\u201d\" \/>\n<meta name=\"robots\" content=\"index, follow, max-snippet:-1, max-image-preview:large, max-video-preview:-1\" \/>\n<link rel=\"canonical\" href=\"https:\/\/www.uartes.edu.ec\/sitio\/blog\/2020\/05\/16\/josue-mantuano-vera-y-las-memorias-del-proceso-de-creacion-de-pasar-de-pagina\/\" \/>\n<meta property=\"og:locale\" content=\"es_ES\" \/>\n<meta property=\"og:type\" content=\"article\" \/>\n<meta property=\"og:title\" content=\"Universidad de las Artes - Josu\u00e9 Mantuano Vera y las memorias del proceso de creaci\u00f3n de \u201cPasar de p\u00e1gina\u201d\" \/>\n<meta property=\"og:description\" content=\"Universidad de las Artes - Josu\u00e9 Mantuano Vera y las memorias del proceso de creaci\u00f3n de \u201cPasar de p\u00e1gina\u201d\" \/>\n<meta property=\"og:url\" content=\"https:\/\/www.uartes.edu.ec\/sitio\/blog\/2020\/05\/16\/josue-mantuano-vera-y-las-memorias-del-proceso-de-creacion-de-pasar-de-pagina\/\" \/>\n<meta property=\"og:site_name\" content=\"Universidad de las Artes\" \/>\n<meta property=\"article:publisher\" content=\"https:\/\/www.facebook.com\/uartesec\" \/>\n<meta property=\"article:published_time\" content=\"2020-05-16T21:40:07+00:00\" \/>\n<meta property=\"article:modified_time\" content=\"2024-07-04T16:43:10+00:00\" \/>\n<meta property=\"og:image\" content=\"https:\/\/www.uartes.edu.ec\/sitio\/wp-content\/uploads\/2020\/05\/JM1.jpg\" \/>\n\t<meta property=\"og:image:width\" content=\"1920\" \/>\n\t<meta property=\"og:image:height\" content=\"1280\" \/>\n\t<meta property=\"og:image:type\" content=\"image\/jpeg\" \/>\n<meta name=\"author\" content=\"Universidad de las Artes\" \/>\n<meta name=\"twitter:card\" content=\"summary_large_image\" \/>\n<meta name=\"twitter:creator\" content=\"@uartesec\" \/>\n<meta name=\"twitter:site\" content=\"@uartesec\" \/>\n<meta name=\"twitter:label1\" content=\"Escrito por\" \/>\n\t<meta name=\"twitter:data1\" content=\"Universidad de las Artes\" \/>\n\t<meta name=\"twitter:label2\" content=\"Tiempo de lectura\" \/>\n\t<meta name=\"twitter:data2\" content=\"4 minutos\" \/>\n<script type=\"application\/ld+json\" class=\"yoast-schema-graph\">{\"@context\":\"https:\\\/\\\/schema.org\",\"@graph\":[{\"@type\":\"Article\",\"@id\":\"https:\\\/\\\/www.uartes.edu.ec\\\/sitio\\\/blog\\\/2020\\\/05\\\/16\\\/josue-mantuano-vera-y-las-memorias-del-proceso-de-creacion-de-pasar-de-pagina\\\/#article\",\"isPartOf\":{\"@id\":\"https:\\\/\\\/www.uartes.edu.ec\\\/sitio\\\/blog\\\/2020\\\/05\\\/16\\\/josue-mantuano-vera-y-las-memorias-del-proceso-de-creacion-de-pasar-de-pagina\\\/\"},\"author\":{\"name\":\"Universidad de las Artes\",\"@id\":\"https:\\\/\\\/www.uartes.edu.ec\\\/sitio\\\/#\\\/schema\\\/person\\\/f33f8c1d2af0d5c80a38c8abf458184a\"},\"headline\":\"Josu\u00e9 Mantuano Vera y las memorias del proceso de creaci\u00f3n de \u201cPasar de p\u00e1gina\u201d\",\"datePublished\":\"2020-05-16T21:40:07+00:00\",\"dateModified\":\"2024-07-04T16:43:10+00:00\",\"mainEntityOfPage\":{\"@id\":\"https:\\\/\\\/www.uartes.edu.ec\\\/sitio\\\/blog\\\/2020\\\/05\\\/16\\\/josue-mantuano-vera-y-las-memorias-del-proceso-de-creacion-de-pasar-de-pagina\\\/\"},\"wordCount\":780,\"publisher\":{\"@id\":\"https:\\\/\\\/www.uartes.edu.ec\\\/sitio\\\/#organization\"},\"image\":{\"@id\":\"https:\\\/\\\/www.uartes.edu.ec\\\/sitio\\\/blog\\\/2020\\\/05\\\/16\\\/josue-mantuano-vera-y-las-memorias-del-proceso-de-creacion-de-pasar-de-pagina\\\/#primaryimage\"},\"thumbnailUrl\":\"https:\\\/\\\/www.uartes.edu.ec\\\/sitio\\\/wp-content\\\/uploads\\\/2020\\\/05\\\/JM1.jpg\",\"keywords\":[\"covid19\"],\"articleSection\":[\"Acad\u00e9mico\",\"Cine\",\"Estudiantes\"],\"inLanguage\":\"es\"},{\"@type\":[\"WebPage\",\"ItemPage\"],\"@id\":\"https:\\\/\\\/www.uartes.edu.ec\\\/sitio\\\/blog\\\/2020\\\/05\\\/16\\\/josue-mantuano-vera-y-las-memorias-del-proceso-de-creacion-de-pasar-de-pagina\\\/\",\"url\":\"https:\\\/\\\/www.uartes.edu.ec\\\/sitio\\\/blog\\\/2020\\\/05\\\/16\\\/josue-mantuano-vera-y-las-memorias-del-proceso-de-creacion-de-pasar-de-pagina\\\/\",\"name\":\"Universidad de las Artes - Josu\u00e9 Mantuano Vera y las memorias del proceso de creaci\u00f3n de \u201cPasar de p\u00e1gina\u201d\",\"isPartOf\":{\"@id\":\"https:\\\/\\\/www.uartes.edu.ec\\\/sitio\\\/#website\"},\"primaryImageOfPage\":{\"@id\":\"https:\\\/\\\/www.uartes.edu.ec\\\/sitio\\\/blog\\\/2020\\\/05\\\/16\\\/josue-mantuano-vera-y-las-memorias-del-proceso-de-creacion-de-pasar-de-pagina\\\/#primaryimage\"},\"image\":{\"@id\":\"https:\\\/\\\/www.uartes.edu.ec\\\/sitio\\\/blog\\\/2020\\\/05\\\/16\\\/josue-mantuano-vera-y-las-memorias-del-proceso-de-creacion-de-pasar-de-pagina\\\/#primaryimage\"},\"thumbnailUrl\":\"https:\\\/\\\/www.uartes.edu.ec\\\/sitio\\\/wp-content\\\/uploads\\\/2020\\\/05\\\/JM1.jpg\",\"datePublished\":\"2020-05-16T21:40:07+00:00\",\"dateModified\":\"2024-07-04T16:43:10+00:00\",\"description\":\"Universidad de las Artes - Josu\u00e9 Mantuano Vera y las memorias del proceso de creaci\u00f3n de \u201cPasar de p\u00e1gina\u201d\",\"breadcrumb\":{\"@id\":\"https:\\\/\\\/www.uartes.edu.ec\\\/sitio\\\/blog\\\/2020\\\/05\\\/16\\\/josue-mantuano-vera-y-las-memorias-del-proceso-de-creacion-de-pasar-de-pagina\\\/#breadcrumb\"},\"inLanguage\":\"es\",\"potentialAction\":[{\"@type\":\"ReadAction\",\"target\":[\"https:\\\/\\\/www.uartes.edu.ec\\\/sitio\\\/blog\\\/2020\\\/05\\\/16\\\/josue-mantuano-vera-y-las-memorias-del-proceso-de-creacion-de-pasar-de-pagina\\\/\"]}]},{\"@type\":\"ImageObject\",\"inLanguage\":\"es\",\"@id\":\"https:\\\/\\\/www.uartes.edu.ec\\\/sitio\\\/blog\\\/2020\\\/05\\\/16\\\/josue-mantuano-vera-y-las-memorias-del-proceso-de-creacion-de-pasar-de-pagina\\\/#primaryimage\",\"url\":\"https:\\\/\\\/www.uartes.edu.ec\\\/sitio\\\/wp-content\\\/uploads\\\/2020\\\/05\\\/JM1.jpg\",\"contentUrl\":\"https:\\\/\\\/www.uartes.edu.ec\\\/sitio\\\/wp-content\\\/uploads\\\/2020\\\/05\\\/JM1.jpg\",\"width\":1920,\"height\":1280},{\"@type\":\"BreadcrumbList\",\"@id\":\"https:\\\/\\\/www.uartes.edu.ec\\\/sitio\\\/blog\\\/2020\\\/05\\\/16\\\/josue-mantuano-vera-y-las-memorias-del-proceso-de-creacion-de-pasar-de-pagina\\\/#breadcrumb\",\"itemListElement\":[{\"@type\":\"ListItem\",\"position\":1,\"name\":\"Inicio\",\"item\":\"https:\\\/\\\/www.uartes.edu.ec\\\/sitio\\\/\"},{\"@type\":\"ListItem\",\"position\":2,\"name\":\"Josu\u00e9 Mantuano Vera y las memorias del proceso de creaci\u00f3n de \u201cPasar de p\u00e1gina\u201d\"}]},{\"@type\":\"WebSite\",\"@id\":\"https:\\\/\\\/www.uartes.edu.ec\\\/sitio\\\/#website\",\"url\":\"https:\\\/\\\/www.uartes.edu.ec\\\/sitio\\\/\",\"name\":\"Universidad de las Artes\",\"description\":\"Sitio oficial de la Universidad Nacional de las Artes del Ecuador\",\"publisher\":{\"@id\":\"https:\\\/\\\/www.uartes.edu.ec\\\/sitio\\\/#organization\"},\"potentialAction\":[{\"@type\":\"SearchAction\",\"target\":{\"@type\":\"EntryPoint\",\"urlTemplate\":\"https:\\\/\\\/www.uartes.edu.ec\\\/sitio\\\/?s={search_term_string}\"},\"query-input\":{\"@type\":\"PropertyValueSpecification\",\"valueRequired\":true,\"valueName\":\"search_term_string\"}}],\"inLanguage\":\"es\"},{\"@type\":\"Organization\",\"@id\":\"https:\\\/\\\/www.uartes.edu.ec\\\/sitio\\\/#organization\",\"name\":\"Universidad de las Artes\",\"url\":\"https:\\\/\\\/www.uartes.edu.ec\\\/sitio\\\/\",\"logo\":{\"@type\":\"ImageObject\",\"inLanguage\":\"es\",\"@id\":\"https:\\\/\\\/www.uartes.edu.ec\\\/sitio\\\/#\\\/schema\\\/logo\\\/image\\\/\",\"url\":\"https:\\\/\\\/www.uartes.edu.ec\\\/sitio\\\/wp-content\\\/uploads\\\/2022\\\/07\\\/logo-ua-horizontal.png\",\"contentUrl\":\"https:\\\/\\\/www.uartes.edu.ec\\\/sitio\\\/wp-content\\\/uploads\\\/2022\\\/07\\\/logo-ua-horizontal.png\",\"width\":800,\"height\":276,\"caption\":\"Universidad de las Artes\"},\"image\":{\"@id\":\"https:\\\/\\\/www.uartes.edu.ec\\\/sitio\\\/#\\\/schema\\\/logo\\\/image\\\/\"},\"sameAs\":[\"https:\\\/\\\/www.facebook.com\\\/uartesec\",\"https:\\\/\\\/x.com\\\/uartesec\",\"https:\\\/\\\/www.tiktok.com\\\/@uartesec\"]},{\"@type\":\"Person\",\"@id\":\"https:\\\/\\\/www.uartes.edu.ec\\\/sitio\\\/#\\\/schema\\\/person\\\/f33f8c1d2af0d5c80a38c8abf458184a\",\"name\":\"Universidad de las Artes\",\"image\":{\"@type\":\"ImageObject\",\"inLanguage\":\"es\",\"@id\":\"https:\\\/\\\/secure.gravatar.com\\\/avatar\\\/52e4757902f5cfa5ac52d020e5be83cae5487519154b6c35482fe08d589f3c13?s=96&d=mm&r=g\",\"url\":\"https:\\\/\\\/secure.gravatar.com\\\/avatar\\\/52e4757902f5cfa5ac52d020e5be83cae5487519154b6c35482fe08d589f3c13?s=96&d=mm&r=g\",\"contentUrl\":\"https:\\\/\\\/secure.gravatar.com\\\/avatar\\\/52e4757902f5cfa5ac52d020e5be83cae5487519154b6c35482fe08d589f3c13?s=96&d=mm&r=g\",\"caption\":\"Universidad de las Artes\"},\"url\":\"https:\\\/\\\/www.uartes.edu.ec\\\/sitio\\\/blog\\\/author\\\/dircomadm\\\/\"}]}<\/script>\n<!-- \/ Yoast SEO plugin. -->","yoast_head_json":{"title":"Universidad de las Artes - Josu\u00e9 Mantuano Vera y las memorias del proceso de creaci\u00f3n de \u201cPasar de p\u00e1gina\u201d","description":"Universidad de las Artes - Josu\u00e9 Mantuano Vera y las memorias del proceso de creaci\u00f3n de \u201cPasar de p\u00e1gina\u201d","robots":{"index":"index","follow":"follow","max-snippet":"max-snippet:-1","max-image-preview":"max-image-preview:large","max-video-preview":"max-video-preview:-1"},"canonical":"https:\/\/www.uartes.edu.ec\/sitio\/blog\/2020\/05\/16\/josue-mantuano-vera-y-las-memorias-del-proceso-de-creacion-de-pasar-de-pagina\/","og_locale":"es_ES","og_type":"article","og_title":"Universidad de las Artes - Josu\u00e9 Mantuano Vera y las memorias del proceso de creaci\u00f3n de \u201cPasar de p\u00e1gina\u201d","og_description":"Universidad de las Artes - Josu\u00e9 Mantuano Vera y las memorias del proceso de creaci\u00f3n de \u201cPasar de p\u00e1gina\u201d","og_url":"https:\/\/www.uartes.edu.ec\/sitio\/blog\/2020\/05\/16\/josue-mantuano-vera-y-las-memorias-del-proceso-de-creacion-de-pasar-de-pagina\/","og_site_name":"Universidad de las Artes","article_publisher":"https:\/\/www.facebook.com\/uartesec","article_published_time":"2020-05-16T21:40:07+00:00","article_modified_time":"2024-07-04T16:43:10+00:00","og_image":[{"width":1920,"height":1280,"url":"https:\/\/www.uartes.edu.ec\/sitio\/wp-content\/uploads\/2020\/05\/JM1.jpg","type":"image\/jpeg"}],"author":"Universidad de las Artes","twitter_card":"summary_large_image","twitter_creator":"@uartesec","twitter_site":"@uartesec","twitter_misc":{"Escrito por":"Universidad de las Artes","Tiempo de lectura":"4 minutos"},"schema":{"@context":"https:\/\/schema.org","@graph":[{"@type":"Article","@id":"https:\/\/www.uartes.edu.ec\/sitio\/blog\/2020\/05\/16\/josue-mantuano-vera-y-las-memorias-del-proceso-de-creacion-de-pasar-de-pagina\/#article","isPartOf":{"@id":"https:\/\/www.uartes.edu.ec\/sitio\/blog\/2020\/05\/16\/josue-mantuano-vera-y-las-memorias-del-proceso-de-creacion-de-pasar-de-pagina\/"},"author":{"name":"Universidad de las Artes","@id":"https:\/\/www.uartes.edu.ec\/sitio\/#\/schema\/person\/f33f8c1d2af0d5c80a38c8abf458184a"},"headline":"Josu\u00e9 Mantuano Vera y las memorias del proceso de creaci\u00f3n de \u201cPasar de p\u00e1gina\u201d","datePublished":"2020-05-16T21:40:07+00:00","dateModified":"2024-07-04T16:43:10+00:00","mainEntityOfPage":{"@id":"https:\/\/www.uartes.edu.ec\/sitio\/blog\/2020\/05\/16\/josue-mantuano-vera-y-las-memorias-del-proceso-de-creacion-de-pasar-de-pagina\/"},"wordCount":780,"publisher":{"@id":"https:\/\/www.uartes.edu.ec\/sitio\/#organization"},"image":{"@id":"https:\/\/www.uartes.edu.ec\/sitio\/blog\/2020\/05\/16\/josue-mantuano-vera-y-las-memorias-del-proceso-de-creacion-de-pasar-de-pagina\/#primaryimage"},"thumbnailUrl":"https:\/\/www.uartes.edu.ec\/sitio\/wp-content\/uploads\/2020\/05\/JM1.jpg","keywords":["covid19"],"articleSection":["Acad\u00e9mico","Cine","Estudiantes"],"inLanguage":"es"},{"@type":["WebPage","ItemPage"],"@id":"https:\/\/www.uartes.edu.ec\/sitio\/blog\/2020\/05\/16\/josue-mantuano-vera-y-las-memorias-del-proceso-de-creacion-de-pasar-de-pagina\/","url":"https:\/\/www.uartes.edu.ec\/sitio\/blog\/2020\/05\/16\/josue-mantuano-vera-y-las-memorias-del-proceso-de-creacion-de-pasar-de-pagina\/","name":"Universidad de las Artes - Josu\u00e9 Mantuano Vera y las memorias del proceso de creaci\u00f3n de \u201cPasar de p\u00e1gina\u201d","isPartOf":{"@id":"https:\/\/www.uartes.edu.ec\/sitio\/#website"},"primaryImageOfPage":{"@id":"https:\/\/www.uartes.edu.ec\/sitio\/blog\/2020\/05\/16\/josue-mantuano-vera-y-las-memorias-del-proceso-de-creacion-de-pasar-de-pagina\/#primaryimage"},"image":{"@id":"https:\/\/www.uartes.edu.ec\/sitio\/blog\/2020\/05\/16\/josue-mantuano-vera-y-las-memorias-del-proceso-de-creacion-de-pasar-de-pagina\/#primaryimage"},"thumbnailUrl":"https:\/\/www.uartes.edu.ec\/sitio\/wp-content\/uploads\/2020\/05\/JM1.jpg","datePublished":"2020-05-16T21:40:07+00:00","dateModified":"2024-07-04T16:43:10+00:00","description":"Universidad de las Artes - Josu\u00e9 Mantuano Vera y las memorias del proceso de creaci\u00f3n de \u201cPasar de p\u00e1gina\u201d","breadcrumb":{"@id":"https:\/\/www.uartes.edu.ec\/sitio\/blog\/2020\/05\/16\/josue-mantuano-vera-y-las-memorias-del-proceso-de-creacion-de-pasar-de-pagina\/#breadcrumb"},"inLanguage":"es","potentialAction":[{"@type":"ReadAction","target":["https:\/\/www.uartes.edu.ec\/sitio\/blog\/2020\/05\/16\/josue-mantuano-vera-y-las-memorias-del-proceso-de-creacion-de-pasar-de-pagina\/"]}]},{"@type":"ImageObject","inLanguage":"es","@id":"https:\/\/www.uartes.edu.ec\/sitio\/blog\/2020\/05\/16\/josue-mantuano-vera-y-las-memorias-del-proceso-de-creacion-de-pasar-de-pagina\/#primaryimage","url":"https:\/\/www.uartes.edu.ec\/sitio\/wp-content\/uploads\/2020\/05\/JM1.jpg","contentUrl":"https:\/\/www.uartes.edu.ec\/sitio\/wp-content\/uploads\/2020\/05\/JM1.jpg","width":1920,"height":1280},{"@type":"BreadcrumbList","@id":"https:\/\/www.uartes.edu.ec\/sitio\/blog\/2020\/05\/16\/josue-mantuano-vera-y-las-memorias-del-proceso-de-creacion-de-pasar-de-pagina\/#breadcrumb","itemListElement":[{"@type":"ListItem","position":1,"name":"Inicio","item":"https:\/\/www.uartes.edu.ec\/sitio\/"},{"@type":"ListItem","position":2,"name":"Josu\u00e9 Mantuano Vera y las memorias del proceso de creaci\u00f3n de \u201cPasar de p\u00e1gina\u201d"}]},{"@type":"WebSite","@id":"https:\/\/www.uartes.edu.ec\/sitio\/#website","url":"https:\/\/www.uartes.edu.ec\/sitio\/","name":"Universidad de las Artes","description":"Sitio oficial de la Universidad Nacional de las Artes del Ecuador","publisher":{"@id":"https:\/\/www.uartes.edu.ec\/sitio\/#organization"},"potentialAction":[{"@type":"SearchAction","target":{"@type":"EntryPoint","urlTemplate":"https:\/\/www.uartes.edu.ec\/sitio\/?s={search_term_string}"},"query-input":{"@type":"PropertyValueSpecification","valueRequired":true,"valueName":"search_term_string"}}],"inLanguage":"es"},{"@type":"Organization","@id":"https:\/\/www.uartes.edu.ec\/sitio\/#organization","name":"Universidad de las Artes","url":"https:\/\/www.uartes.edu.ec\/sitio\/","logo":{"@type":"ImageObject","inLanguage":"es","@id":"https:\/\/www.uartes.edu.ec\/sitio\/#\/schema\/logo\/image\/","url":"https:\/\/www.uartes.edu.ec\/sitio\/wp-content\/uploads\/2022\/07\/logo-ua-horizontal.png","contentUrl":"https:\/\/www.uartes.edu.ec\/sitio\/wp-content\/uploads\/2022\/07\/logo-ua-horizontal.png","width":800,"height":276,"caption":"Universidad de las Artes"},"image":{"@id":"https:\/\/www.uartes.edu.ec\/sitio\/#\/schema\/logo\/image\/"},"sameAs":["https:\/\/www.facebook.com\/uartesec","https:\/\/x.com\/uartesec","https:\/\/www.tiktok.com\/@uartesec"]},{"@type":"Person","@id":"https:\/\/www.uartes.edu.ec\/sitio\/#\/schema\/person\/f33f8c1d2af0d5c80a38c8abf458184a","name":"Universidad de las Artes","image":{"@type":"ImageObject","inLanguage":"es","@id":"https:\/\/secure.gravatar.com\/avatar\/52e4757902f5cfa5ac52d020e5be83cae5487519154b6c35482fe08d589f3c13?s=96&d=mm&r=g","url":"https:\/\/secure.gravatar.com\/avatar\/52e4757902f5cfa5ac52d020e5be83cae5487519154b6c35482fe08d589f3c13?s=96&d=mm&r=g","contentUrl":"https:\/\/secure.gravatar.com\/avatar\/52e4757902f5cfa5ac52d020e5be83cae5487519154b6c35482fe08d589f3c13?s=96&d=mm&r=g","caption":"Universidad de las Artes"},"url":"https:\/\/www.uartes.edu.ec\/sitio\/blog\/author\/dircomadm\/"}]}},"uagb_featured_image_src":{"full":["https:\/\/www.uartes.edu.ec\/sitio\/wp-content\/uploads\/2020\/05\/JM1.jpg",1920,1280,false],"thumbnail":["https:\/\/www.uartes.edu.ec\/sitio\/wp-content\/uploads\/2020\/05\/JM1-150x150.jpg",150,150,true],"medium":["https:\/\/www.uartes.edu.ec\/sitio\/wp-content\/uploads\/2020\/05\/JM1-300x200.jpg",300,200,true],"medium_large":["https:\/\/www.uartes.edu.ec\/sitio\/wp-content\/uploads\/2020\/05\/JM1-768x512.jpg",768,512,true],"large":["https:\/\/www.uartes.edu.ec\/sitio\/wp-content\/uploads\/2020\/05\/JM1-644x429.jpg",644,429,true],"1536x1536":["https:\/\/www.uartes.edu.ec\/sitio\/wp-content\/uploads\/2020\/05\/JM1-1536x1024.jpg",1536,1024,true],"2048x2048":["https:\/\/www.uartes.edu.ec\/sitio\/wp-content\/uploads\/2020\/05\/JM1.jpg",1920,1280,false],"trp-custom-language-flag":["https:\/\/www.uartes.edu.ec\/sitio\/wp-content\/uploads\/2020\/05\/JM1.jpg",18,12,false],"htmega_size_585x295":["https:\/\/www.uartes.edu.ec\/sitio\/wp-content\/uploads\/2020\/05\/JM1.jpg",443,295,false],"htmega_size_1170x536":["https:\/\/www.uartes.edu.ec\/sitio\/wp-content\/uploads\/2020\/05\/JM1.jpg",804,536,false],"htmega_size_396x360":["https:\/\/www.uartes.edu.ec\/sitio\/wp-content\/uploads\/2020\/05\/JM1.jpg",396,264,false],"gb-block-post-grid-landscape":["https:\/\/www.uartes.edu.ec\/sitio\/wp-content\/uploads\/2020\/05\/JM1.jpg",600,400,false],"gb-block-post-grid-square":["https:\/\/www.uartes.edu.ec\/sitio\/wp-content\/uploads\/2020\/05\/JM1.jpg",600,400,false],"university-hub-thumb":["https:\/\/www.uartes.edu.ec\/sitio\/wp-content\/uploads\/2020\/05\/JM1-400x267.jpg",400,267,true]},"uagb_author_info":{"display_name":"Universidad de las Artes","author_link":"https:\/\/www.uartes.edu.ec\/sitio\/blog\/author\/dircomadm\/"},"uagb_comment_info":0,"uagb_excerpt":"A su proyecto de tesis Josu\u00e9 Armando Mantuano Vera, estudiante de la Escuela de Cine lo titul\u00f3 \u201cDe la concepci\u00f3n a la realizaci\u00f3n de un documental: Memoria del proceso de creaci\u00f3n del cortometraje Pasar de p\u00e1gina\u201d.","featured_image_src":"https:\/\/www.uartes.edu.ec\/sitio\/wp-content\/uploads\/2020\/05\/JM1.jpg","featured_image_src_square":"https:\/\/www.uartes.edu.ec\/sitio\/wp-content\/uploads\/2020\/05\/JM1.jpg","author_info":{"display_name":"Universidad de las Artes","author_link":"https:\/\/www.uartes.edu.ec\/sitio\/blog\/author\/dircomadm\/"},"publishpress_future_workflow_manual_trigger":{"enabledWorkflows":[]},"distributor_meta":false,"distributor_terms":false,"distributor_media":false,"distributor_original_site_name":"Universidad de las Artes","distributor_original_site_url":"https:\/\/www.uartes.edu.ec\/sitio","push-errors":false,"_links":{"self":[{"href":"https:\/\/www.uartes.edu.ec\/sitio\/wp-json\/wp\/v2\/posts\/7008","targetHints":{"allow":["GET"]}}],"collection":[{"href":"https:\/\/www.uartes.edu.ec\/sitio\/wp-json\/wp\/v2\/posts"}],"about":[{"href":"https:\/\/www.uartes.edu.ec\/sitio\/wp-json\/wp\/v2\/types\/post"}],"author":[{"embeddable":true,"href":"https:\/\/www.uartes.edu.ec\/sitio\/wp-json\/wp\/v2\/users\/1"}],"replies":[{"embeddable":true,"href":"https:\/\/www.uartes.edu.ec\/sitio\/wp-json\/wp\/v2\/comments?post=7008"}],"version-history":[{"count":2,"href":"https:\/\/www.uartes.edu.ec\/sitio\/wp-json\/wp\/v2\/posts\/7008\/revisions"}],"predecessor-version":[{"id":57630,"href":"https:\/\/www.uartes.edu.ec\/sitio\/wp-json\/wp\/v2\/posts\/7008\/revisions\/57630"}],"wp:featuredmedia":[{"embeddable":true,"href":"https:\/\/www.uartes.edu.ec\/sitio\/wp-json\/wp\/v2\/media\/7009"}],"wp:attachment":[{"href":"https:\/\/www.uartes.edu.ec\/sitio\/wp-json\/wp\/v2\/media?parent=7008"}],"wp:term":[{"taxonomy":"category","embeddable":true,"href":"https:\/\/www.uartes.edu.ec\/sitio\/wp-json\/wp\/v2\/categories?post=7008"},{"taxonomy":"post_tag","embeddable":true,"href":"https:\/\/www.uartes.edu.ec\/sitio\/wp-json\/wp\/v2\/tags?post=7008"},{"taxonomy":"infouartes","embeddable":true,"href":"https:\/\/www.uartes.edu.ec\/sitio\/wp-json\/wp\/v2\/infouartes?post=7008"}],"curies":[{"name":"wp","href":"https:\/\/api.w.org\/{rel}","templated":true}]}}