{"id":70102,"date":"2025-03-31T19:18:00","date_gmt":"2025-04-01T00:18:00","guid":{"rendered":"https:\/\/www.uartes.edu.ec\/sitio\/?p=70102"},"modified":"2025-04-01T14:05:24","modified_gmt":"2025-04-01T19:05:24","slug":"open-maic-dio-la-bienvenida-a-los-estudiantes-en-el-inicio-del-semestre-a-2025-de-la-uartes","status":"publish","type":"post","link":"https:\/\/www.uartes.edu.ec\/sitio\/blog\/2025\/03\/31\/open-maic-dio-la-bienvenida-a-los-estudiantes-en-el-inicio-del-semestre-a-2025-de-la-uartes\/","title":{"rendered":"Open MAIC dio bienvenida a estudiantes en el inicio del Semestre A 2025 de la UArtes"},"content":{"rendered":"\n<p>La Universidad de las Artes inici\u00f3 hoy, lunes 31 de marzo, el Semestre A del 2025 con un Open MAIC que, acorde al formato que tiene este espacio de la Escuela de Artes Sonoras (EAS), recibi\u00f3 en el escenario a quienes quisieran compartir su talento. Ocurri\u00f3 pasado el mediod\u00eda en el Pasaje Illingwoth del antiguo Palacio de la Gobernaci\u00f3n, nuestra sede matriz, y cont\u00f3 con la participaci\u00f3n de solistas y agrupaciones musicales.<\/p>\n\n\n\n<p>El Open MAIC, que se viene realizando desde el 2022, tiene lugar generalmente los martes (de 12:45 a 13:45), pero, acogiendo la iniciativa de la Direcci\u00f3n de Comunicaci\u00f3n UArtes de dar con m\u00fasica la bienvenida a los estudiantes, la Escuela de Artes Sonoras hizo el cambio de d\u00eda. Que para ellos sea un inicio de semestre significativo, dijo el docente Carlos Mej\u00eda, de la EAS, quien asumi\u00f3 la realizaci\u00f3n del evento junto a alumnos de primero, cuarto y sexto semestre de la carrera de Producci\u00f3n Musical y Sonora.<\/p>\n\n\n\n<p>Mej\u00eda agreg\u00f3 que ellos est\u00e1n inscritos para realizar sus Pr\u00e1cticas PreProfesionales (PPP) en el Departamento de Producci\u00f3n T\u00e9cnica de Audio, la cual est\u00e1 a su cargo y del tambi\u00e9n docente Dar\u00edo Buitr\u00f3n. \u201cEs as\u00ed como empiezan (los estudiantes) a desenvolverse en eventos reales, llevando a la pr\u00e1ctica la teor\u00eda recibida en clases\u201d.<\/p>\n\n\n\n<h3 class=\"wp-block-heading\">Las presentaciones<\/h3>\n\n\n\n<p>El primero en presentarse fue Christian Pinto, seguido por la banda MalTrip, integrada por David Chiriguaya, en el bajo; Jonathan Guacho, guitarra; y Miguel Saldarriaga, voz y guitarra. No era su primera presentaci\u00f3n, por ello su vocalista confes\u00f3 que brindaron una corta propuesta musical, a fin de que otros alumnos tuvieran tambi\u00e9n oportunidad de actuar.<\/p>\n\n\n<div class=\"wp-block-image\">\n<figure class=\"aligncenter size-large\"><img fetchpriority=\"high\" decoding=\"async\" width=\"644\" height=\"429\" src=\"https:\/\/www.uartes.edu.ec\/sitio\/wp-content\/uploads\/2025\/04\/03-INICIO-DE-CLASES-2025-644x429.jpg\" alt=\"\" class=\"wp-image-70105\" srcset=\"https:\/\/www.uartes.edu.ec\/sitio\/wp-content\/uploads\/2025\/04\/03-INICIO-DE-CLASES-2025-644x429.jpg 644w, https:\/\/www.uartes.edu.ec\/sitio\/wp-content\/uploads\/2025\/04\/03-INICIO-DE-CLASES-2025-300x200.jpg 300w, https:\/\/www.uartes.edu.ec\/sitio\/wp-content\/uploads\/2025\/04\/03-INICIO-DE-CLASES-2025-768x512.jpg 768w, https:\/\/www.uartes.edu.ec\/sitio\/wp-content\/uploads\/2025\/04\/03-INICIO-DE-CLASES-2025-1536x1024.jpg 1536w, https:\/\/www.uartes.edu.ec\/sitio\/wp-content\/uploads\/2025\/04\/03-INICIO-DE-CLASES-2025-18x12.jpg 18w, https:\/\/www.uartes.edu.ec\/sitio\/wp-content\/uploads\/2025\/04\/03-INICIO-DE-CLASES-2025-600x400.jpg 600w, https:\/\/www.uartes.edu.ec\/sitio\/wp-content\/uploads\/2025\/04\/03-INICIO-DE-CLASES-2025-400x267.jpg 400w, https:\/\/www.uartes.edu.ec\/sitio\/wp-content\/uploads\/2025\/04\/03-INICIO-DE-CLASES-2025.jpg 2000w\" sizes=\"(max-width: 644px) 100vw, 644px\" \/><\/figure>\n<\/div>\n\n\n<p>En el repertorio de MalTrip const\u00f3 \u201cZapatito roto\u201d, un single propio que acab\u00f3 de lanzar. Incluyeron tambi\u00e9n un tema sexista, pues tienen la idea de inclinar a la banda hacia el glam metal de los setenta y ochenta e incluso actualizarlo en una especie de \u201cneo glam\u201d. \u201cEstamos tratando de buscar a\u00fan un sonido que nos caracterice\u201d, a\u00f1adi\u00f3 Miguel.<\/p>\n\n\n\n<p>Como estudiante, y coincidiendo con compa\u00f1eros de la banda y de aulas, Miguel anot\u00f3 que al nuevo semestre llegan siempre con m\u00faltiples expectativas y aspiraciones. \u201cVenimos con las vibras al m\u00e1ximo y todo lo que aprendemos es de lo mejor. Las materias transversales, que no tienen que ver con la Producci\u00f3n Musical o Artes Musicales, nos gusta porque aprendemos cosas nuevas. Yo hago la mayor\u00eda de las letras de las canciones (de la banda) y lo que ense\u00f1an los profesores me inspira a la hora de crear los temas\u201d.<\/p>\n\n\n\n<p>Igualmente, en el escenario intervinieron como solistas V\u00edctor Angulo, de la carrera de Producci\u00f3n Musical, y G\u00e9nesis V\u00e1squez, de la carrera de Danza. \u201cEso justamente es Open MAIC, un espacio cuyo formato integra a toda la comunidad, pues pueden intervenir estudiantes de todas las carreras y escuelas no solo de la EAS; Creaci\u00f3n Teatral, Cine, Literatura, Danza, Visuales y Educaci\u00f3n Art\u00edstica Intercultural. Tambi\u00e9n docentes y administrativos\u201d, expres\u00f3 Mej\u00eda.<\/p>\n\n\n<div class=\"wp-block-image\">\n<figure class=\"aligncenter size-large\"><img decoding=\"async\" width=\"644\" height=\"429\" src=\"https:\/\/www.uartes.edu.ec\/sitio\/wp-content\/uploads\/2025\/04\/01-INICIO-DE-CLASES-2025-644x429.jpg\" alt=\"\" class=\"wp-image-70106\" srcset=\"https:\/\/www.uartes.edu.ec\/sitio\/wp-content\/uploads\/2025\/04\/01-INICIO-DE-CLASES-2025-644x429.jpg 644w, https:\/\/www.uartes.edu.ec\/sitio\/wp-content\/uploads\/2025\/04\/01-INICIO-DE-CLASES-2025-300x200.jpg 300w, https:\/\/www.uartes.edu.ec\/sitio\/wp-content\/uploads\/2025\/04\/01-INICIO-DE-CLASES-2025-768x512.jpg 768w, https:\/\/www.uartes.edu.ec\/sitio\/wp-content\/uploads\/2025\/04\/01-INICIO-DE-CLASES-2025-1536x1024.jpg 1536w, https:\/\/www.uartes.edu.ec\/sitio\/wp-content\/uploads\/2025\/04\/01-INICIO-DE-CLASES-2025-18x12.jpg 18w, https:\/\/www.uartes.edu.ec\/sitio\/wp-content\/uploads\/2025\/04\/01-INICIO-DE-CLASES-2025-600x400.jpg 600w, https:\/\/www.uartes.edu.ec\/sitio\/wp-content\/uploads\/2025\/04\/01-INICIO-DE-CLASES-2025-400x267.jpg 400w, https:\/\/www.uartes.edu.ec\/sitio\/wp-content\/uploads\/2025\/04\/01-INICIO-DE-CLASES-2025.jpg 2000w\" sizes=\"(max-width: 644px) 100vw, 644px\" \/><\/figure>\n<\/div>\n\n\n<p>Con una guitarra al hombro, al escenario del Open MAIC subi\u00f3 tambi\u00e9n Althair Madro\u00f1ero, quien a InfoUArtes cont\u00f3 que hab\u00eda llegado de Colombia y se hallaba completando la documentaci\u00f3n requerida para estudiar en la UArtes, donde su padre, Mario, es docente. Revel\u00f3 que al conocer de la actividad musical que dio la bienvenida al nuevo semestre decidi\u00f3 acudir al Pasaje Illingworth e interpretar dos temas del argentino Luis Alberto Spinetta: \u201cLos libros de la buena memoria\u201d y \u201cMuchacha ojos de papel\u201d.<\/p>\n\n\n\n<p>\u201cHay muchas personas con mucho talento, pero se lo guardan, entonces qu\u00e9 interesante es que la UArtes tenga este espacio que las ayuda a desenvolverse en el escenario\u201d, opin\u00f3 Madro\u00f1ero, ponderando tambi\u00e9n la acogida del p\u00fablico, lo cual anima las participaciones. \u201cYo me he presentado en muchos lugares, he cantado en la calle y en restaurantes y a\u00fan me da nervios, imaginemos a quienes nunca se han presentado antes; es bueno tirarse al agua, de lo contrario no se aprende a nadar\u201d.<\/p>\n\n\n\n<p>Y Wilmer Arreaga lo hizo. \u00c9l cursa el primer semestre de Producci\u00f3n Musical y Open MAIC fue su primera presentaci\u00f3n en el Pasaje Illingworth. Se confes\u00f3 algo nervioso, pero satisfecho con la experiencia. Que estuvo en Nivelaci\u00f3n UArtes, cont\u00f3, lo cual reafirm\u00f3 su deseo de cursar la carrera. \u201cRecib\u00ed muchos conocimientos del profesor Arturo (Parra): composici\u00f3n, musicalizaci\u00f3n. Fue incre\u00edble y vengo con muchas expectativas y ganas de aprender m\u00e1s\u201d, indic\u00f3, anotando que a su debut en la cita lleg\u00f3 con \u201cEfecto 198\u201d, tema de su autor\u00eda que habla del amor fallido y cuyo t\u00edtulo hace alusi\u00f3n al efecto que puso en el piano para componerlo.<\/p>\n\n\n<div class=\"wp-block-image\">\n<figure class=\"aligncenter size-large\"><img decoding=\"async\" width=\"644\" height=\"429\" src=\"https:\/\/www.uartes.edu.ec\/sitio\/wp-content\/uploads\/2025\/04\/05-INICIO-DE-CLASES-2025-644x429.jpg\" alt=\"\" class=\"wp-image-70107\" srcset=\"https:\/\/www.uartes.edu.ec\/sitio\/wp-content\/uploads\/2025\/04\/05-INICIO-DE-CLASES-2025-644x429.jpg 644w, https:\/\/www.uartes.edu.ec\/sitio\/wp-content\/uploads\/2025\/04\/05-INICIO-DE-CLASES-2025-300x200.jpg 300w, https:\/\/www.uartes.edu.ec\/sitio\/wp-content\/uploads\/2025\/04\/05-INICIO-DE-CLASES-2025-768x512.jpg 768w, https:\/\/www.uartes.edu.ec\/sitio\/wp-content\/uploads\/2025\/04\/05-INICIO-DE-CLASES-2025-1536x1024.jpg 1536w, https:\/\/www.uartes.edu.ec\/sitio\/wp-content\/uploads\/2025\/04\/05-INICIO-DE-CLASES-2025-18x12.jpg 18w, https:\/\/www.uartes.edu.ec\/sitio\/wp-content\/uploads\/2025\/04\/05-INICIO-DE-CLASES-2025-600x400.jpg 600w, https:\/\/www.uartes.edu.ec\/sitio\/wp-content\/uploads\/2025\/04\/05-INICIO-DE-CLASES-2025-400x267.jpg 400w, https:\/\/www.uartes.edu.ec\/sitio\/wp-content\/uploads\/2025\/04\/05-INICIO-DE-CLASES-2025.jpg 2000w\" sizes=\"(max-width: 644px) 100vw, 644px\" \/><\/figure>\n<\/div>\n\n\n<p>Andrew Sol\u00eds, del tercer semestre de la carrera de Creaci\u00f3n Teatral, cerr\u00f3 con su participaci\u00f3n las presentaciones del Open MAIC. No fue su primera vez en ese escenario, pues ya ha subido antes para compartir su gusto por el rock en espa\u00f1ol; para la emisi\u00f3n del lunes comparti\u00f3 covers de Ed Maverick.<\/p>\n\n\n\n<p>Sol\u00eds refiri\u00f3 llegar a este nuevo semestre dispuesto a estudiar dur\u00edsimo. Ahora Artes Esc\u00e9nicas, pero no descarta optar luego por las Artes Musicales. \u201cA veces me he metido a una que otra clase como oyente\u201d. En general, las artes son lo suyo, porque cuando puede tambi\u00e9n incursiona en lo visual y lo literario.<\/p>\n\n\n\n<h3 class=\"wp-block-heading\">Equipo que asumi\u00f3 la producci\u00f3n<\/h3>\n\n\n\n<p>Del equipo que estuvo junto con el docente Carlos Mej\u00eda detr\u00e1s del primer Open MAIC del presente periodo acad\u00e9mico, Tony Mendoza, quien cursa el cuarto semestre de Producci\u00f3n Musical, sostuvo que era tambi\u00e9n su primera participaci\u00f3n detr\u00e1s del escenario, lo cual lo entusiasm\u00f3, pues le permiti\u00f3 entender c\u00f3mo funciona hacer sonido en vivo. Con \u00e9l coincidi\u00f3 Ariel Hern\u00e1ndez, de primer semestre de la misma carrera, para quien la experiencia fue enriquecedora y sum\u00f3 a las cortas incursiones que ha tenido en otros eventos en vivo.<\/p>\n\n\n<div class=\"wp-block-image\">\n<figure class=\"aligncenter size-large\"><img loading=\"lazy\" decoding=\"async\" width=\"644\" height=\"429\" src=\"https:\/\/www.uartes.edu.ec\/sitio\/wp-content\/uploads\/2025\/04\/06-INICIO-DE-CLASES-2025-644x429.jpg\" alt=\"\" class=\"wp-image-70104\" srcset=\"https:\/\/www.uartes.edu.ec\/sitio\/wp-content\/uploads\/2025\/04\/06-INICIO-DE-CLASES-2025-644x429.jpg 644w, https:\/\/www.uartes.edu.ec\/sitio\/wp-content\/uploads\/2025\/04\/06-INICIO-DE-CLASES-2025-300x200.jpg 300w, https:\/\/www.uartes.edu.ec\/sitio\/wp-content\/uploads\/2025\/04\/06-INICIO-DE-CLASES-2025-768x512.jpg 768w, https:\/\/www.uartes.edu.ec\/sitio\/wp-content\/uploads\/2025\/04\/06-INICIO-DE-CLASES-2025-1536x1024.jpg 1536w, https:\/\/www.uartes.edu.ec\/sitio\/wp-content\/uploads\/2025\/04\/06-INICIO-DE-CLASES-2025-18x12.jpg 18w, https:\/\/www.uartes.edu.ec\/sitio\/wp-content\/uploads\/2025\/04\/06-INICIO-DE-CLASES-2025-600x400.jpg 600w, https:\/\/www.uartes.edu.ec\/sitio\/wp-content\/uploads\/2025\/04\/06-INICIO-DE-CLASES-2025-400x267.jpg 400w, https:\/\/www.uartes.edu.ec\/sitio\/wp-content\/uploads\/2025\/04\/06-INICIO-DE-CLASES-2025.jpg 2000w\" sizes=\"(max-width: 644px) 100vw, 644px\" \/><\/figure>\n<\/div>\n\n\n<p>Acerca del inicio del Semestre A, Mendoza confes\u00f3 llegar con muchas expectativas. \u201cMe gusta y apasiona la producci\u00f3n musical y estoy emocionado por los conocimientos que voy a adquirir. Quiero aprender tanto en mis clases como en la Pr\u00e1ctica PreProfesional. El Open MAIC es una grandiosa idea, es un lugar donde se puede venir a exponer arte\u201d.<\/p>\n\n\n\n<p>David Pazmi\u00f1o fue parte tambi\u00e9n de la producci\u00f3n. En la EAS est\u00e1 en cuarto semestre y cont\u00f3 que hab\u00eda participado antes en el espacio como artista, pero no en su montaje. \u201cEs interesante esta pr\u00e1ctica que como p\u00fablico no vemos: todas las \u2018hormiguitas\u2019 que est\u00e1n detr\u00e1s para que la magia suceda; me encanta todo lo que suscita\u201d. Con \u00e9l coincidi\u00f3 su compa\u00f1ero de carrera y semestre John Fonseca.&nbsp;<\/p>\n\n\n\n<p>Daniel Valencia, de sexto semestre, se\u00f1al\u00f3 como incre\u00edble iniciar un nuevo ciclo acad\u00e9mico con el Open MAIC. \u201cLa gente se anima m\u00e1s y vienen chicos de todas las carreras. Es la primera vez que estoy en la producci\u00f3n y es super porque contamos con la gu\u00eda del docente Carlos Mej\u00eda\u201d.<\/p>\n","protected":false},"excerpt":{"rendered":"<p>El Open MAIC se realiza los martes, pero, acogiendo la iniciativa de la Direcci\u00f3n de Comunicaci\u00f3n UArtes de dar con m\u00fasica la bienvenida a la comunidad estudiantil al inicio del Semestre A 2025, la Escuela de Artes Sonoras hizo el cambio de d\u00eda. Se realiz\u00f3 hoy, 31 de marzo en el Pasaje Illingworth del antiguo Palacio de la Gobernaci\u00f3n, nuestra sede matriz, y se presentaron siete estudiantes, entre solistas y bandas. Aqu\u00ed te contamos qui\u00e9nes y sus propuestas art\u00edsticas y musicales.<\/p>\n","protected":false},"author":10,"featured_media":70103,"comment_status":"open","ping_status":"open","sticky":false,"template":"","format":"standard","meta":{"_acf_changed":false,"_uag_custom_page_level_css":"","_monsterinsights_skip_tracking":false,"_monsterinsights_sitenote_active":false,"_monsterinsights_sitenote_note":"","_monsterinsights_sitenote_category":0,"cybocfi_hide_featured_image":"","footnotes":""},"categories":[80,159,150,157,147,75,76,175,83],"tags":[1324],"infouartes":[],"class_list":["post-70102","post","type-post","status-publish","format-standard","has-post-thumbnail","hentry","category-academico","category-artes-escenicas","category-artes-sonoras","category-artes-visuales","category-cine","category-docentes","category-estudiantes","category-literatura","category-sedes","tag-semestre"],"acf":[],"yoast_head":"<!-- This site is optimized with the Yoast SEO plugin v27.4 - https:\/\/yoast.com\/product\/yoast-seo-wordpress\/ -->\n<title>Universidad de las Artes - Open MAIC dio bienvenida a estudiantes en el inicio del Semestre A 2025 de la UArtes<\/title>\n<meta name=\"description\" content=\"Universidad de las Artes - Open MAIC dio bienvenida a estudiantes en el inicio del Semestre A 2025 de la UArtes\" \/>\n<meta name=\"robots\" content=\"index, follow, max-snippet:-1, max-image-preview:large, max-video-preview:-1\" \/>\n<link rel=\"canonical\" href=\"https:\/\/www.uartes.edu.ec\/sitio\/blog\/2025\/03\/31\/open-maic-dio-la-bienvenida-a-los-estudiantes-en-el-inicio-del-semestre-a-2025-de-la-uartes\/\" \/>\n<meta property=\"og:locale\" content=\"es_ES\" \/>\n<meta property=\"og:type\" content=\"article\" \/>\n<meta property=\"og:title\" content=\"Universidad de las Artes - Open MAIC dio bienvenida a estudiantes en el inicio del Semestre A 2025 de la UArtes\" \/>\n<meta property=\"og:description\" content=\"Universidad de las Artes - Open MAIC dio bienvenida a estudiantes en el inicio del Semestre A 2025 de la UArtes\" \/>\n<meta property=\"og:url\" content=\"https:\/\/www.uartes.edu.ec\/sitio\/blog\/2025\/03\/31\/open-maic-dio-la-bienvenida-a-los-estudiantes-en-el-inicio-del-semestre-a-2025-de-la-uartes\/\" \/>\n<meta property=\"og:site_name\" content=\"Universidad de las Artes\" \/>\n<meta property=\"article:publisher\" content=\"https:\/\/www.facebook.com\/uartesec\" \/>\n<meta property=\"article:published_time\" content=\"2025-04-01T00:18:00+00:00\" \/>\n<meta property=\"article:modified_time\" content=\"2025-04-01T19:05:24+00:00\" \/>\n<meta property=\"og:image\" content=\"https:\/\/www.uartes.edu.ec\/sitio\/wp-content\/uploads\/2025\/04\/02-INICIO-DE-CLASES-2025.jpg\" \/>\n\t<meta property=\"og:image:width\" content=\"2000\" \/>\n\t<meta property=\"og:image:height\" content=\"1333\" \/>\n\t<meta property=\"og:image:type\" content=\"image\/jpeg\" \/>\n<meta name=\"author\" content=\"ccortez\" \/>\n<meta name=\"twitter:card\" content=\"summary_large_image\" \/>\n<meta name=\"twitter:creator\" content=\"@uartesec\" \/>\n<meta name=\"twitter:site\" content=\"@uartesec\" \/>\n<meta name=\"twitter:label1\" content=\"Escrito por\" \/>\n\t<meta name=\"twitter:data1\" content=\"ccortez\" \/>\n\t<meta name=\"twitter:label2\" content=\"Tiempo de lectura\" \/>\n\t<meta name=\"twitter:data2\" content=\"7 minutos\" \/>\n<script type=\"application\/ld+json\" class=\"yoast-schema-graph\">{\"@context\":\"https:\\\/\\\/schema.org\",\"@graph\":[{\"@type\":\"Article\",\"@id\":\"https:\\\/\\\/www.uartes.edu.ec\\\/sitio\\\/blog\\\/2025\\\/03\\\/31\\\/open-maic-dio-la-bienvenida-a-los-estudiantes-en-el-inicio-del-semestre-a-2025-de-la-uartes\\\/#article\",\"isPartOf\":{\"@id\":\"https:\\\/\\\/www.uartes.edu.ec\\\/sitio\\\/blog\\\/2025\\\/03\\\/31\\\/open-maic-dio-la-bienvenida-a-los-estudiantes-en-el-inicio-del-semestre-a-2025-de-la-uartes\\\/\"},\"author\":{\"name\":\"ccortez\",\"@id\":\"https:\\\/\\\/www.uartes.edu.ec\\\/sitio\\\/#\\\/schema\\\/person\\\/efa1b8275797664fd7f13a79ccc0b1f4\"},\"headline\":\"Open MAIC dio bienvenida a estudiantes en el inicio del Semestre A 2025 de la UArtes\",\"datePublished\":\"2025-04-01T00:18:00+00:00\",\"dateModified\":\"2025-04-01T19:05:24+00:00\",\"mainEntityOfPage\":{\"@id\":\"https:\\\/\\\/www.uartes.edu.ec\\\/sitio\\\/blog\\\/2025\\\/03\\\/31\\\/open-maic-dio-la-bienvenida-a-los-estudiantes-en-el-inicio-del-semestre-a-2025-de-la-uartes\\\/\"},\"wordCount\":1228,\"commentCount\":0,\"publisher\":{\"@id\":\"https:\\\/\\\/www.uartes.edu.ec\\\/sitio\\\/#organization\"},\"image\":{\"@id\":\"https:\\\/\\\/www.uartes.edu.ec\\\/sitio\\\/blog\\\/2025\\\/03\\\/31\\\/open-maic-dio-la-bienvenida-a-los-estudiantes-en-el-inicio-del-semestre-a-2025-de-la-uartes\\\/#primaryimage\"},\"thumbnailUrl\":\"https:\\\/\\\/www.uartes.edu.ec\\\/sitio\\\/wp-content\\\/uploads\\\/2025\\\/04\\\/02-INICIO-DE-CLASES-2025.jpg\",\"keywords\":[\"semestre\"],\"articleSection\":[\"Acad\u00e9mico\",\"Artes Esc\u00e9nicas\",\"Artes Sonoras\",\"Artes Visuales\",\"Cine\",\"Docentes\",\"Estudiantes\",\"Literatura\",\"Sedes\"],\"inLanguage\":\"es\",\"potentialAction\":[{\"@type\":\"CommentAction\",\"name\":\"Comment\",\"target\":[\"https:\\\/\\\/www.uartes.edu.ec\\\/sitio\\\/blog\\\/2025\\\/03\\\/31\\\/open-maic-dio-la-bienvenida-a-los-estudiantes-en-el-inicio-del-semestre-a-2025-de-la-uartes\\\/#respond\"]}]},{\"@type\":[\"WebPage\",\"ItemPage\"],\"@id\":\"https:\\\/\\\/www.uartes.edu.ec\\\/sitio\\\/blog\\\/2025\\\/03\\\/31\\\/open-maic-dio-la-bienvenida-a-los-estudiantes-en-el-inicio-del-semestre-a-2025-de-la-uartes\\\/\",\"url\":\"https:\\\/\\\/www.uartes.edu.ec\\\/sitio\\\/blog\\\/2025\\\/03\\\/31\\\/open-maic-dio-la-bienvenida-a-los-estudiantes-en-el-inicio-del-semestre-a-2025-de-la-uartes\\\/\",\"name\":\"Universidad de las Artes - Open MAIC dio bienvenida a estudiantes en el inicio del Semestre A 2025 de la UArtes\",\"isPartOf\":{\"@id\":\"https:\\\/\\\/www.uartes.edu.ec\\\/sitio\\\/#website\"},\"primaryImageOfPage\":{\"@id\":\"https:\\\/\\\/www.uartes.edu.ec\\\/sitio\\\/blog\\\/2025\\\/03\\\/31\\\/open-maic-dio-la-bienvenida-a-los-estudiantes-en-el-inicio-del-semestre-a-2025-de-la-uartes\\\/#primaryimage\"},\"image\":{\"@id\":\"https:\\\/\\\/www.uartes.edu.ec\\\/sitio\\\/blog\\\/2025\\\/03\\\/31\\\/open-maic-dio-la-bienvenida-a-los-estudiantes-en-el-inicio-del-semestre-a-2025-de-la-uartes\\\/#primaryimage\"},\"thumbnailUrl\":\"https:\\\/\\\/www.uartes.edu.ec\\\/sitio\\\/wp-content\\\/uploads\\\/2025\\\/04\\\/02-INICIO-DE-CLASES-2025.jpg\",\"datePublished\":\"2025-04-01T00:18:00+00:00\",\"dateModified\":\"2025-04-01T19:05:24+00:00\",\"description\":\"Universidad de las Artes - Open MAIC dio bienvenida a estudiantes en el inicio del Semestre A 2025 de la UArtes\",\"breadcrumb\":{\"@id\":\"https:\\\/\\\/www.uartes.edu.ec\\\/sitio\\\/blog\\\/2025\\\/03\\\/31\\\/open-maic-dio-la-bienvenida-a-los-estudiantes-en-el-inicio-del-semestre-a-2025-de-la-uartes\\\/#breadcrumb\"},\"inLanguage\":\"es\",\"potentialAction\":[{\"@type\":\"ReadAction\",\"target\":[\"https:\\\/\\\/www.uartes.edu.ec\\\/sitio\\\/blog\\\/2025\\\/03\\\/31\\\/open-maic-dio-la-bienvenida-a-los-estudiantes-en-el-inicio-del-semestre-a-2025-de-la-uartes\\\/\"]}]},{\"@type\":\"ImageObject\",\"inLanguage\":\"es\",\"@id\":\"https:\\\/\\\/www.uartes.edu.ec\\\/sitio\\\/blog\\\/2025\\\/03\\\/31\\\/open-maic-dio-la-bienvenida-a-los-estudiantes-en-el-inicio-del-semestre-a-2025-de-la-uartes\\\/#primaryimage\",\"url\":\"https:\\\/\\\/www.uartes.edu.ec\\\/sitio\\\/wp-content\\\/uploads\\\/2025\\\/04\\\/02-INICIO-DE-CLASES-2025.jpg\",\"contentUrl\":\"https:\\\/\\\/www.uartes.edu.ec\\\/sitio\\\/wp-content\\\/uploads\\\/2025\\\/04\\\/02-INICIO-DE-CLASES-2025.jpg\",\"width\":2000,\"height\":1333},{\"@type\":\"BreadcrumbList\",\"@id\":\"https:\\\/\\\/www.uartes.edu.ec\\\/sitio\\\/blog\\\/2025\\\/03\\\/31\\\/open-maic-dio-la-bienvenida-a-los-estudiantes-en-el-inicio-del-semestre-a-2025-de-la-uartes\\\/#breadcrumb\",\"itemListElement\":[{\"@type\":\"ListItem\",\"position\":1,\"name\":\"Inicio\",\"item\":\"https:\\\/\\\/www.uartes.edu.ec\\\/sitio\\\/\"},{\"@type\":\"ListItem\",\"position\":2,\"name\":\"Open MAIC dio bienvenida a estudiantes en el inicio del Semestre A 2025 de la UArtes\"}]},{\"@type\":\"WebSite\",\"@id\":\"https:\\\/\\\/www.uartes.edu.ec\\\/sitio\\\/#website\",\"url\":\"https:\\\/\\\/www.uartes.edu.ec\\\/sitio\\\/\",\"name\":\"Universidad de las Artes\",\"description\":\"Sitio oficial de la Universidad Nacional de las Artes del Ecuador\",\"publisher\":{\"@id\":\"https:\\\/\\\/www.uartes.edu.ec\\\/sitio\\\/#organization\"},\"potentialAction\":[{\"@type\":\"SearchAction\",\"target\":{\"@type\":\"EntryPoint\",\"urlTemplate\":\"https:\\\/\\\/www.uartes.edu.ec\\\/sitio\\\/?s={search_term_string}\"},\"query-input\":{\"@type\":\"PropertyValueSpecification\",\"valueRequired\":true,\"valueName\":\"search_term_string\"}}],\"inLanguage\":\"es\"},{\"@type\":\"Organization\",\"@id\":\"https:\\\/\\\/www.uartes.edu.ec\\\/sitio\\\/#organization\",\"name\":\"Universidad de las Artes\",\"url\":\"https:\\\/\\\/www.uartes.edu.ec\\\/sitio\\\/\",\"logo\":{\"@type\":\"ImageObject\",\"inLanguage\":\"es\",\"@id\":\"https:\\\/\\\/www.uartes.edu.ec\\\/sitio\\\/#\\\/schema\\\/logo\\\/image\\\/\",\"url\":\"https:\\\/\\\/www.uartes.edu.ec\\\/sitio\\\/wp-content\\\/uploads\\\/2022\\\/07\\\/logo-ua-horizontal.png\",\"contentUrl\":\"https:\\\/\\\/www.uartes.edu.ec\\\/sitio\\\/wp-content\\\/uploads\\\/2022\\\/07\\\/logo-ua-horizontal.png\",\"width\":800,\"height\":276,\"caption\":\"Universidad de las Artes\"},\"image\":{\"@id\":\"https:\\\/\\\/www.uartes.edu.ec\\\/sitio\\\/#\\\/schema\\\/logo\\\/image\\\/\"},\"sameAs\":[\"https:\\\/\\\/www.facebook.com\\\/uartesec\",\"https:\\\/\\\/x.com\\\/uartesec\",\"https:\\\/\\\/www.tiktok.com\\\/@uartesec\"]},{\"@type\":\"Person\",\"@id\":\"https:\\\/\\\/www.uartes.edu.ec\\\/sitio\\\/#\\\/schema\\\/person\\\/efa1b8275797664fd7f13a79ccc0b1f4\",\"name\":\"ccortez\",\"image\":{\"@type\":\"ImageObject\",\"inLanguage\":\"es\",\"@id\":\"https:\\\/\\\/secure.gravatar.com\\\/avatar\\\/b2a6f664a3ae8e074346ef91775736c5ec479e637ecced6842de9dc98b5da9cd?s=96&d=mm&r=g\",\"url\":\"https:\\\/\\\/secure.gravatar.com\\\/avatar\\\/b2a6f664a3ae8e074346ef91775736c5ec479e637ecced6842de9dc98b5da9cd?s=96&d=mm&r=g\",\"contentUrl\":\"https:\\\/\\\/secure.gravatar.com\\\/avatar\\\/b2a6f664a3ae8e074346ef91775736c5ec479e637ecced6842de9dc98b5da9cd?s=96&d=mm&r=g\",\"caption\":\"ccortez\"},\"url\":\"https:\\\/\\\/www.uartes.edu.ec\\\/sitio\\\/blog\\\/author\\\/ccortez\\\/\"}]}<\/script>\n<!-- \/ Yoast SEO plugin. -->","yoast_head_json":{"title":"Universidad de las Artes - Open MAIC dio bienvenida a estudiantes en el inicio del Semestre A 2025 de la UArtes","description":"Universidad de las Artes - Open MAIC dio bienvenida a estudiantes en el inicio del Semestre A 2025 de la UArtes","robots":{"index":"index","follow":"follow","max-snippet":"max-snippet:-1","max-image-preview":"max-image-preview:large","max-video-preview":"max-video-preview:-1"},"canonical":"https:\/\/www.uartes.edu.ec\/sitio\/blog\/2025\/03\/31\/open-maic-dio-la-bienvenida-a-los-estudiantes-en-el-inicio-del-semestre-a-2025-de-la-uartes\/","og_locale":"es_ES","og_type":"article","og_title":"Universidad de las Artes - Open MAIC dio bienvenida a estudiantes en el inicio del Semestre A 2025 de la UArtes","og_description":"Universidad de las Artes - Open MAIC dio bienvenida a estudiantes en el inicio del Semestre A 2025 de la UArtes","og_url":"https:\/\/www.uartes.edu.ec\/sitio\/blog\/2025\/03\/31\/open-maic-dio-la-bienvenida-a-los-estudiantes-en-el-inicio-del-semestre-a-2025-de-la-uartes\/","og_site_name":"Universidad de las Artes","article_publisher":"https:\/\/www.facebook.com\/uartesec","article_published_time":"2025-04-01T00:18:00+00:00","article_modified_time":"2025-04-01T19:05:24+00:00","og_image":[{"width":2000,"height":1333,"url":"https:\/\/www.uartes.edu.ec\/sitio\/wp-content\/uploads\/2025\/04\/02-INICIO-DE-CLASES-2025.jpg","type":"image\/jpeg"}],"author":"ccortez","twitter_card":"summary_large_image","twitter_creator":"@uartesec","twitter_site":"@uartesec","twitter_misc":{"Escrito por":"ccortez","Tiempo de lectura":"7 minutos"},"schema":{"@context":"https:\/\/schema.org","@graph":[{"@type":"Article","@id":"https:\/\/www.uartes.edu.ec\/sitio\/blog\/2025\/03\/31\/open-maic-dio-la-bienvenida-a-los-estudiantes-en-el-inicio-del-semestre-a-2025-de-la-uartes\/#article","isPartOf":{"@id":"https:\/\/www.uartes.edu.ec\/sitio\/blog\/2025\/03\/31\/open-maic-dio-la-bienvenida-a-los-estudiantes-en-el-inicio-del-semestre-a-2025-de-la-uartes\/"},"author":{"name":"ccortez","@id":"https:\/\/www.uartes.edu.ec\/sitio\/#\/schema\/person\/efa1b8275797664fd7f13a79ccc0b1f4"},"headline":"Open MAIC dio bienvenida a estudiantes en el inicio del Semestre A 2025 de la UArtes","datePublished":"2025-04-01T00:18:00+00:00","dateModified":"2025-04-01T19:05:24+00:00","mainEntityOfPage":{"@id":"https:\/\/www.uartes.edu.ec\/sitio\/blog\/2025\/03\/31\/open-maic-dio-la-bienvenida-a-los-estudiantes-en-el-inicio-del-semestre-a-2025-de-la-uartes\/"},"wordCount":1228,"commentCount":0,"publisher":{"@id":"https:\/\/www.uartes.edu.ec\/sitio\/#organization"},"image":{"@id":"https:\/\/www.uartes.edu.ec\/sitio\/blog\/2025\/03\/31\/open-maic-dio-la-bienvenida-a-los-estudiantes-en-el-inicio-del-semestre-a-2025-de-la-uartes\/#primaryimage"},"thumbnailUrl":"https:\/\/www.uartes.edu.ec\/sitio\/wp-content\/uploads\/2025\/04\/02-INICIO-DE-CLASES-2025.jpg","keywords":["semestre"],"articleSection":["Acad\u00e9mico","Artes Esc\u00e9nicas","Artes Sonoras","Artes Visuales","Cine","Docentes","Estudiantes","Literatura","Sedes"],"inLanguage":"es","potentialAction":[{"@type":"CommentAction","name":"Comment","target":["https:\/\/www.uartes.edu.ec\/sitio\/blog\/2025\/03\/31\/open-maic-dio-la-bienvenida-a-los-estudiantes-en-el-inicio-del-semestre-a-2025-de-la-uartes\/#respond"]}]},{"@type":["WebPage","ItemPage"],"@id":"https:\/\/www.uartes.edu.ec\/sitio\/blog\/2025\/03\/31\/open-maic-dio-la-bienvenida-a-los-estudiantes-en-el-inicio-del-semestre-a-2025-de-la-uartes\/","url":"https:\/\/www.uartes.edu.ec\/sitio\/blog\/2025\/03\/31\/open-maic-dio-la-bienvenida-a-los-estudiantes-en-el-inicio-del-semestre-a-2025-de-la-uartes\/","name":"Universidad de las Artes - Open MAIC dio bienvenida a estudiantes en el inicio del Semestre A 2025 de la UArtes","isPartOf":{"@id":"https:\/\/www.uartes.edu.ec\/sitio\/#website"},"primaryImageOfPage":{"@id":"https:\/\/www.uartes.edu.ec\/sitio\/blog\/2025\/03\/31\/open-maic-dio-la-bienvenida-a-los-estudiantes-en-el-inicio-del-semestre-a-2025-de-la-uartes\/#primaryimage"},"image":{"@id":"https:\/\/www.uartes.edu.ec\/sitio\/blog\/2025\/03\/31\/open-maic-dio-la-bienvenida-a-los-estudiantes-en-el-inicio-del-semestre-a-2025-de-la-uartes\/#primaryimage"},"thumbnailUrl":"https:\/\/www.uartes.edu.ec\/sitio\/wp-content\/uploads\/2025\/04\/02-INICIO-DE-CLASES-2025.jpg","datePublished":"2025-04-01T00:18:00+00:00","dateModified":"2025-04-01T19:05:24+00:00","description":"Universidad de las Artes - Open MAIC dio bienvenida a estudiantes en el inicio del Semestre A 2025 de la UArtes","breadcrumb":{"@id":"https:\/\/www.uartes.edu.ec\/sitio\/blog\/2025\/03\/31\/open-maic-dio-la-bienvenida-a-los-estudiantes-en-el-inicio-del-semestre-a-2025-de-la-uartes\/#breadcrumb"},"inLanguage":"es","potentialAction":[{"@type":"ReadAction","target":["https:\/\/www.uartes.edu.ec\/sitio\/blog\/2025\/03\/31\/open-maic-dio-la-bienvenida-a-los-estudiantes-en-el-inicio-del-semestre-a-2025-de-la-uartes\/"]}]},{"@type":"ImageObject","inLanguage":"es","@id":"https:\/\/www.uartes.edu.ec\/sitio\/blog\/2025\/03\/31\/open-maic-dio-la-bienvenida-a-los-estudiantes-en-el-inicio-del-semestre-a-2025-de-la-uartes\/#primaryimage","url":"https:\/\/www.uartes.edu.ec\/sitio\/wp-content\/uploads\/2025\/04\/02-INICIO-DE-CLASES-2025.jpg","contentUrl":"https:\/\/www.uartes.edu.ec\/sitio\/wp-content\/uploads\/2025\/04\/02-INICIO-DE-CLASES-2025.jpg","width":2000,"height":1333},{"@type":"BreadcrumbList","@id":"https:\/\/www.uartes.edu.ec\/sitio\/blog\/2025\/03\/31\/open-maic-dio-la-bienvenida-a-los-estudiantes-en-el-inicio-del-semestre-a-2025-de-la-uartes\/#breadcrumb","itemListElement":[{"@type":"ListItem","position":1,"name":"Inicio","item":"https:\/\/www.uartes.edu.ec\/sitio\/"},{"@type":"ListItem","position":2,"name":"Open MAIC dio bienvenida a estudiantes en el inicio del Semestre A 2025 de la UArtes"}]},{"@type":"WebSite","@id":"https:\/\/www.uartes.edu.ec\/sitio\/#website","url":"https:\/\/www.uartes.edu.ec\/sitio\/","name":"Universidad de las Artes","description":"Sitio oficial de la Universidad Nacional de las Artes del Ecuador","publisher":{"@id":"https:\/\/www.uartes.edu.ec\/sitio\/#organization"},"potentialAction":[{"@type":"SearchAction","target":{"@type":"EntryPoint","urlTemplate":"https:\/\/www.uartes.edu.ec\/sitio\/?s={search_term_string}"},"query-input":{"@type":"PropertyValueSpecification","valueRequired":true,"valueName":"search_term_string"}}],"inLanguage":"es"},{"@type":"Organization","@id":"https:\/\/www.uartes.edu.ec\/sitio\/#organization","name":"Universidad de las Artes","url":"https:\/\/www.uartes.edu.ec\/sitio\/","logo":{"@type":"ImageObject","inLanguage":"es","@id":"https:\/\/www.uartes.edu.ec\/sitio\/#\/schema\/logo\/image\/","url":"https:\/\/www.uartes.edu.ec\/sitio\/wp-content\/uploads\/2022\/07\/logo-ua-horizontal.png","contentUrl":"https:\/\/www.uartes.edu.ec\/sitio\/wp-content\/uploads\/2022\/07\/logo-ua-horizontal.png","width":800,"height":276,"caption":"Universidad de las Artes"},"image":{"@id":"https:\/\/www.uartes.edu.ec\/sitio\/#\/schema\/logo\/image\/"},"sameAs":["https:\/\/www.facebook.com\/uartesec","https:\/\/x.com\/uartesec","https:\/\/www.tiktok.com\/@uartesec"]},{"@type":"Person","@id":"https:\/\/www.uartes.edu.ec\/sitio\/#\/schema\/person\/efa1b8275797664fd7f13a79ccc0b1f4","name":"ccortez","image":{"@type":"ImageObject","inLanguage":"es","@id":"https:\/\/secure.gravatar.com\/avatar\/b2a6f664a3ae8e074346ef91775736c5ec479e637ecced6842de9dc98b5da9cd?s=96&d=mm&r=g","url":"https:\/\/secure.gravatar.com\/avatar\/b2a6f664a3ae8e074346ef91775736c5ec479e637ecced6842de9dc98b5da9cd?s=96&d=mm&r=g","contentUrl":"https:\/\/secure.gravatar.com\/avatar\/b2a6f664a3ae8e074346ef91775736c5ec479e637ecced6842de9dc98b5da9cd?s=96&d=mm&r=g","caption":"ccortez"},"url":"https:\/\/www.uartes.edu.ec\/sitio\/blog\/author\/ccortez\/"}]}},"uagb_featured_image_src":{"full":["https:\/\/www.uartes.edu.ec\/sitio\/wp-content\/uploads\/2025\/04\/02-INICIO-DE-CLASES-2025.jpg",2000,1333,false],"thumbnail":["https:\/\/www.uartes.edu.ec\/sitio\/wp-content\/uploads\/2025\/04\/02-INICIO-DE-CLASES-2025-150x150.jpg",150,150,true],"medium":["https:\/\/www.uartes.edu.ec\/sitio\/wp-content\/uploads\/2025\/04\/02-INICIO-DE-CLASES-2025-300x200.jpg",300,200,true],"medium_large":["https:\/\/www.uartes.edu.ec\/sitio\/wp-content\/uploads\/2025\/04\/02-INICIO-DE-CLASES-2025-768x512.jpg",768,512,true],"large":["https:\/\/www.uartes.edu.ec\/sitio\/wp-content\/uploads\/2025\/04\/02-INICIO-DE-CLASES-2025-644x429.jpg",644,429,true],"1536x1536":["https:\/\/www.uartes.edu.ec\/sitio\/wp-content\/uploads\/2025\/04\/02-INICIO-DE-CLASES-2025-1536x1024.jpg",1536,1024,true],"2048x2048":["https:\/\/www.uartes.edu.ec\/sitio\/wp-content\/uploads\/2025\/04\/02-INICIO-DE-CLASES-2025.jpg",2000,1333,false],"trp-custom-language-flag":["https:\/\/www.uartes.edu.ec\/sitio\/wp-content\/uploads\/2025\/04\/02-INICIO-DE-CLASES-2025-18x12.jpg",18,12,true],"htmega_size_585x295":["https:\/\/www.uartes.edu.ec\/sitio\/wp-content\/uploads\/2025\/04\/02-INICIO-DE-CLASES-2025-585x295.jpg",585,295,true],"htmega_size_1170x536":["https:\/\/www.uartes.edu.ec\/sitio\/wp-content\/uploads\/2025\/04\/02-INICIO-DE-CLASES-2025-1170x536.jpg",1170,536,true],"htmega_size_396x360":["https:\/\/www.uartes.edu.ec\/sitio\/wp-content\/uploads\/2025\/04\/02-INICIO-DE-CLASES-2025-396x360.jpg",396,360,true],"gb-block-post-grid-landscape":["https:\/\/www.uartes.edu.ec\/sitio\/wp-content\/uploads\/2025\/04\/02-INICIO-DE-CLASES-2025-600x400.jpg",600,400,true],"gb-block-post-grid-square":["https:\/\/www.uartes.edu.ec\/sitio\/wp-content\/uploads\/2025\/04\/02-INICIO-DE-CLASES-2025-600x600.jpg",600,600,true],"university-hub-thumb":["https:\/\/www.uartes.edu.ec\/sitio\/wp-content\/uploads\/2025\/04\/02-INICIO-DE-CLASES-2025-400x267.jpg",400,267,true]},"uagb_author_info":{"display_name":"ccortez","author_link":"https:\/\/www.uartes.edu.ec\/sitio\/blog\/author\/ccortez\/"},"uagb_comment_info":0,"uagb_excerpt":"El Open MAIC se realiza los martes, pero, acogiendo la iniciativa de la Direcci\u00f3n de Comunicaci\u00f3n UArtes de dar con m\u00fasica la bienvenida a la comunidad estudiantil al inicio del Semestre A 2025, la Escuela de Artes Sonoras hizo el cambio de d\u00eda. Se realiz\u00f3 hoy, 31 de marzo en el Pasaje Illingworth del antiguo&hellip;","featured_image_src":"https:\/\/www.uartes.edu.ec\/sitio\/wp-content\/uploads\/2025\/04\/02-INICIO-DE-CLASES-2025-600x400.jpg","featured_image_src_square":"https:\/\/www.uartes.edu.ec\/sitio\/wp-content\/uploads\/2025\/04\/02-INICIO-DE-CLASES-2025-600x600.jpg","author_info":{"display_name":"ccortez","author_link":"https:\/\/www.uartes.edu.ec\/sitio\/blog\/author\/ccortez\/"},"publishpress_future_workflow_manual_trigger":{"enabledWorkflows":[]},"distributor_meta":false,"distributor_terms":false,"distributor_media":false,"distributor_original_site_name":"Universidad de las Artes","distributor_original_site_url":"https:\/\/www.uartes.edu.ec\/sitio","push-errors":false,"_links":{"self":[{"href":"https:\/\/www.uartes.edu.ec\/sitio\/wp-json\/wp\/v2\/posts\/70102","targetHints":{"allow":["GET"]}}],"collection":[{"href":"https:\/\/www.uartes.edu.ec\/sitio\/wp-json\/wp\/v2\/posts"}],"about":[{"href":"https:\/\/www.uartes.edu.ec\/sitio\/wp-json\/wp\/v2\/types\/post"}],"author":[{"embeddable":true,"href":"https:\/\/www.uartes.edu.ec\/sitio\/wp-json\/wp\/v2\/users\/10"}],"replies":[{"embeddable":true,"href":"https:\/\/www.uartes.edu.ec\/sitio\/wp-json\/wp\/v2\/comments?post=70102"}],"version-history":[{"count":3,"href":"https:\/\/www.uartes.edu.ec\/sitio\/wp-json\/wp\/v2\/posts\/70102\/revisions"}],"predecessor-version":[{"id":70115,"href":"https:\/\/www.uartes.edu.ec\/sitio\/wp-json\/wp\/v2\/posts\/70102\/revisions\/70115"}],"wp:featuredmedia":[{"embeddable":true,"href":"https:\/\/www.uartes.edu.ec\/sitio\/wp-json\/wp\/v2\/media\/70103"}],"wp:attachment":[{"href":"https:\/\/www.uartes.edu.ec\/sitio\/wp-json\/wp\/v2\/media?parent=70102"}],"wp:term":[{"taxonomy":"category","embeddable":true,"href":"https:\/\/www.uartes.edu.ec\/sitio\/wp-json\/wp\/v2\/categories?post=70102"},{"taxonomy":"post_tag","embeddable":true,"href":"https:\/\/www.uartes.edu.ec\/sitio\/wp-json\/wp\/v2\/tags?post=70102"},{"taxonomy":"infouartes","embeddable":true,"href":"https:\/\/www.uartes.edu.ec\/sitio\/wp-json\/wp\/v2\/infouartes?post=70102"}],"curies":[{"name":"wp","href":"https:\/\/api.w.org\/{rel}","templated":true}]}}