{"id":7012,"date":"2020-05-16T16:48:51","date_gmt":"2020-05-16T21:48:51","guid":{"rendered":"http:\/\/www.uartes.edu.ec\/sitio\/?p=7012"},"modified":"2024-07-04T11:43:10","modified_gmt":"2024-07-04T16:43:10","slug":"santiago-caizatoa-ahondo-para-su-tesis-en-la-dimension-cultural-de-la-luz-natural","status":"publish","type":"post","link":"https:\/\/www.uartes.edu.ec\/sitio\/blog\/2020\/05\/16\/santiago-caizatoa-ahondo-para-su-tesis-en-la-dimension-cultural-de-la-luz-natural\/","title":{"rendered":"Santiago Caizatoa ahond\u00f3 para su tesis en la dimensi\u00f3n cultural de la luz natural"},"content":{"rendered":"\n<p>Una investigaci\u00f3n te\u00f3rica y otra art\u00edstica componen el trabajo final de Santiago Omar Caizatoa Ron, quien la sustent\u00f3 v\u00eda videoconferencia el 29 de abril. La titul\u00f3 &#8220;Direcci\u00f3n de fotograf\u00eda y el tratamiento de la luz natural en la producci\u00f3n de cine en el Ecuador&#8221;.<\/p>\n\n\n\n<p>El estudiante de la Escuela de Cine explica que busc\u00f3 ahondar en la dimensi\u00f3n cultural de la luz natural y que para ello analiz\u00f3 diferentes est\u00e9ticas desarrolladas durante los primeros a\u00f1os de la fotograf\u00eda y el cine, y su v\u00ednculo con la pintura posrenacentista europea en cuanto a la interpretaci\u00f3n de la luz. Realiz\u00f3, adicionalmente, un an\u00e1lisis de las caracter\u00edsticas lum\u00ednicas de la Sierra ecuatoriana y c\u00f3mo esto incide en el trabajo de la Direcci\u00f3n de Fotograf\u00eda. Finalmente, los dos ejes de su investigaci\u00f3n derivaron en el trabajo de Direcci\u00f3n de Fotograf\u00eda para el cortometraje <em>Negrita<\/em>, un proyecto hecho en gran parte con luz natural.<\/p>\n\n\n\n<p>\u201cEn cierto modo fue el tema el que me encontr\u00f3 a m\u00ed. Hasta ahora mi trabajo ha estado orientado hacia la fotograf\u00eda documental y el cine de no ficci\u00f3n. Sin embargo, para mi proyecto de titulaci\u00f3n quer\u00eda explorar en un \u00e1rea que no hab\u00eda profundizado, la Direcci\u00f3n de Fotograf\u00eda. De modo que cuando me propusieron realizar la fotograf\u00eda de <em>Negrita<\/em> empec\u00e9 con el trabajo de preproducci\u00f3n y as\u00ed logr\u00e9 identificar el eje de mi investigaci\u00f3n, la luz natural\u201d.<\/p>\n\n\n\n<p>Agrega que las primeras ideas surgieron a finales de 2018 cuando se le propuso trabajar en este proyecto, pero la tarea como tal arranc\u00f3 a inicios de 2019 con la preproducci\u00f3n del cortometraje. \u201cPara este proyecto trat\u00e9 de hacer mucho trabajo de campo. Viaj\u00e9 constantemente a Cotacachi (Imbabura), donde se film\u00f3 del corto y all\u00ed me dediqu\u00e9 a la observaci\u00f3n de la luz y sus cualidades. En ese ejercicio pude identificar caracter\u00edsticas \u00fanicas de nuestra regi\u00f3n y as\u00ed comenc\u00e9 a cuestionarme sobre c\u00f3mo la luz puede incidir en nuestro entendimiento del mundo, en como esta da forma a nuestra realidad\u201d. &nbsp;<\/p>\n\n\n\n<p>La emergencia sanitaria, comenta, gener\u00f3 un periodo de inestabilidad e incertidumbre que nos ha afectado en diferentes niveles, sobre todo en los primeros d\u00edas. \u201cYo ten\u00eda programado viajar a Guayaquil (actualmente vivo en Quito) para realizar mi solicitud de defensa el mismo d\u00eda en que se decretaron las restricciones de movilidad. La universidad supo actuar de manera oportuna facilitando la realizaci\u00f3n de estos procesos en l\u00ednea. Para la modalidad virtual no tuve mayores dificultades, deb\u00ed familiarizarme con la plataforma (Zoom) y en el momento de la sustentaci\u00f3n no tuve inconvenientes\u201d.<\/p>\n\n\n\n<div class=\"wp-block-image\"><figure class=\"aligncenter size-large\"><img fetchpriority=\"high\" decoding=\"async\" width=\"644\" height=\"270\" src=\"http:\/\/www.uartes.edu.ec\/sitio\/wp-content\/uploads\/2020\/05\/vlcsnap-2020-03-11-22h06m43s545-644x270.jpg\" alt=\"\" class=\"wp-image-7014\" srcset=\"https:\/\/www.uartes.edu.ec\/sitio\/wp-content\/uploads\/2020\/05\/vlcsnap-2020-03-11-22h06m43s545-644x270.jpg 644w, https:\/\/www.uartes.edu.ec\/sitio\/wp-content\/uploads\/2020\/05\/vlcsnap-2020-03-11-22h06m43s545-300x126.jpg 300w, https:\/\/www.uartes.edu.ec\/sitio\/wp-content\/uploads\/2020\/05\/vlcsnap-2020-03-11-22h06m43s545-768x322.jpg 768w, https:\/\/www.uartes.edu.ec\/sitio\/wp-content\/uploads\/2020\/05\/vlcsnap-2020-03-11-22h06m43s545-1536x644.jpg 1536w, https:\/\/www.uartes.edu.ec\/sitio\/wp-content\/uploads\/2020\/05\/vlcsnap-2020-03-11-22h06m43s545-400x168.jpg 400w, https:\/\/www.uartes.edu.ec\/sitio\/wp-content\/uploads\/2020\/05\/vlcsnap-2020-03-11-22h06m43s545.jpg 2048w\" sizes=\"(max-width: 644px) 100vw, 644px\" \/><\/figure><\/div>\n\n\n\n<p>Al preguntarle de sus siguientes pasos tras sustentar tesis y egresar de la UArtes, Santiago Omar Caizatoa indica que comenz\u00f3 su investigaci\u00f3n desde un punto de vista materialista, entendiendo la luz como un fen\u00f3meno f\u00edsico al cual el ser humano le da un significado. \u201cMe gustar\u00eda continuar ese estudio desde un punto de vista antropol\u00f3gico, investigando sobre las diferentes interpretaciones de la luz en diferentes culturas y c\u00f3mo eso configura una cosmovisi\u00f3n particular\u201d.&nbsp;<\/p>\n\n\n\n<p>De momento, sostiene, ha empezado el trabajo de investigaci\u00f3n para un proyecto documental sobre COVID-19 y su impacto en los sectores rurales de la Sierra. \u201cAdicionalmente contin\u00fao con un proyecto personal de fotograf\u00eda documental en el que registro las diferentes movilizaciones sociales que se han realizado durante los \u00faltimos tres a\u00f1os en el Ecuador. Creo que la Universidad de las Artes ha permitido crear diferentes espacios desde los cuales la cultura y el arte pueden vincularse con la sociedad sin discriminaci\u00f3n alguna. Tradicionalmente la cultura ha sido vista como un c\u00famulo de buenas costumbres y est\u00e9ticas, un punto de vista idealista que excluye de s\u00ed las m\u00faltiples expresiones culturales que no encajan con esa visi\u00f3n del mundo. La UArtes ha logrado transformar eso, primero como un proyecto p\u00fablico y de calidad al alcance de todos; y segundo, como un espacio desde el cual se genera nuevos conocimientos a partir del reconocimiento de realidades que hab\u00edan sido ignoradas e invisibilizadas\u201d.<\/p>\n","protected":false},"excerpt":{"rendered":"<p>Una investigaci\u00f3n te\u00f3rica y otra art\u00edstica componen el trabajo final de Santiago Omar Caizatoa Ron, quien la sustent\u00f3 v\u00eda videoconferencia el 29 de abril. La titul\u00f3 &#8220;Direcci\u00f3n de fotograf\u00eda y el tratamiento de la luz natural en la producci\u00f3n de cine en el Ecuador&#8221;.<\/p>\n","protected":false},"author":1,"featured_media":7013,"comment_status":"closed","ping_status":"closed","sticky":false,"template":"","format":"standard","meta":{"_acf_changed":false,"_uag_custom_page_level_css":"","_monsterinsights_skip_tracking":false,"_monsterinsights_sitenote_active":false,"_monsterinsights_sitenote_note":"","_monsterinsights_sitenote_category":0,"cybocfi_hide_featured_image":"","footnotes":""},"categories":[80,147,76],"tags":[211],"infouartes":[],"class_list":["post-7012","post","type-post","status-publish","format-standard","has-post-thumbnail","hentry","category-academico","category-cine","category-estudiantes","tag-covid19"],"acf":[],"yoast_head":"<!-- This site is optimized with the Yoast SEO plugin v27.4 - https:\/\/yoast.com\/product\/yoast-seo-wordpress\/ -->\n<title>Universidad de las Artes - Santiago Caizatoa ahond\u00f3 para su tesis en la dimensi\u00f3n cultural de la luz natural<\/title>\n<meta name=\"description\" content=\"Universidad de las Artes - Santiago Caizatoa ahond\u00f3 para su tesis en la dimensi\u00f3n cultural de la luz natural\" \/>\n<meta name=\"robots\" content=\"index, follow, max-snippet:-1, max-image-preview:large, max-video-preview:-1\" \/>\n<link rel=\"canonical\" href=\"https:\/\/www.uartes.edu.ec\/sitio\/blog\/2020\/05\/16\/santiago-caizatoa-ahondo-para-su-tesis-en-la-dimension-cultural-de-la-luz-natural\/\" \/>\n<meta property=\"og:locale\" content=\"es_ES\" \/>\n<meta property=\"og:type\" content=\"article\" \/>\n<meta property=\"og:title\" content=\"Universidad de las Artes - Santiago Caizatoa ahond\u00f3 para su tesis en la dimensi\u00f3n cultural de la luz natural\" \/>\n<meta property=\"og:description\" content=\"Universidad de las Artes - Santiago Caizatoa ahond\u00f3 para su tesis en la dimensi\u00f3n cultural de la luz natural\" \/>\n<meta property=\"og:url\" content=\"https:\/\/www.uartes.edu.ec\/sitio\/blog\/2020\/05\/16\/santiago-caizatoa-ahondo-para-su-tesis-en-la-dimension-cultural-de-la-luz-natural\/\" \/>\n<meta property=\"og:site_name\" content=\"Universidad de las Artes\" \/>\n<meta property=\"article:publisher\" content=\"https:\/\/www.facebook.com\/uartesec\" \/>\n<meta property=\"article:published_time\" content=\"2020-05-16T21:48:51+00:00\" \/>\n<meta property=\"article:modified_time\" content=\"2024-07-04T16:43:10+00:00\" \/>\n<meta property=\"og:image\" content=\"https:\/\/www.uartes.edu.ec\/sitio\/wp-content\/uploads\/2020\/05\/DSC_0191.jpg\" \/>\n\t<meta property=\"og:image:width\" content=\"1529\" \/>\n\t<meta property=\"og:image:height\" content=\"1019\" \/>\n\t<meta property=\"og:image:type\" content=\"image\/jpeg\" \/>\n<meta name=\"author\" content=\"Universidad de las Artes\" \/>\n<meta name=\"twitter:card\" content=\"summary_large_image\" \/>\n<meta name=\"twitter:creator\" content=\"@uartesec\" \/>\n<meta name=\"twitter:site\" content=\"@uartesec\" \/>\n<meta name=\"twitter:label1\" content=\"Escrito por\" \/>\n\t<meta name=\"twitter:data1\" content=\"Universidad de las Artes\" \/>\n\t<meta name=\"twitter:label2\" content=\"Tiempo de lectura\" \/>\n\t<meta name=\"twitter:data2\" content=\"4 minutos\" \/>\n<script type=\"application\/ld+json\" class=\"yoast-schema-graph\">{\"@context\":\"https:\\\/\\\/schema.org\",\"@graph\":[{\"@type\":\"Article\",\"@id\":\"https:\\\/\\\/www.uartes.edu.ec\\\/sitio\\\/blog\\\/2020\\\/05\\\/16\\\/santiago-caizatoa-ahondo-para-su-tesis-en-la-dimension-cultural-de-la-luz-natural\\\/#article\",\"isPartOf\":{\"@id\":\"https:\\\/\\\/www.uartes.edu.ec\\\/sitio\\\/blog\\\/2020\\\/05\\\/16\\\/santiago-caizatoa-ahondo-para-su-tesis-en-la-dimension-cultural-de-la-luz-natural\\\/\"},\"author\":{\"name\":\"Universidad de las Artes\",\"@id\":\"https:\\\/\\\/www.uartes.edu.ec\\\/sitio\\\/#\\\/schema\\\/person\\\/f33f8c1d2af0d5c80a38c8abf458184a\"},\"headline\":\"Santiago Caizatoa ahond\u00f3 para su tesis en la dimensi\u00f3n cultural de la luz natural\",\"datePublished\":\"2020-05-16T21:48:51+00:00\",\"dateModified\":\"2024-07-04T16:43:10+00:00\",\"mainEntityOfPage\":{\"@id\":\"https:\\\/\\\/www.uartes.edu.ec\\\/sitio\\\/blog\\\/2020\\\/05\\\/16\\\/santiago-caizatoa-ahondo-para-su-tesis-en-la-dimension-cultural-de-la-luz-natural\\\/\"},\"wordCount\":724,\"publisher\":{\"@id\":\"https:\\\/\\\/www.uartes.edu.ec\\\/sitio\\\/#organization\"},\"image\":{\"@id\":\"https:\\\/\\\/www.uartes.edu.ec\\\/sitio\\\/blog\\\/2020\\\/05\\\/16\\\/santiago-caizatoa-ahondo-para-su-tesis-en-la-dimension-cultural-de-la-luz-natural\\\/#primaryimage\"},\"thumbnailUrl\":\"https:\\\/\\\/www.uartes.edu.ec\\\/sitio\\\/wp-content\\\/uploads\\\/2020\\\/05\\\/DSC_0191.jpg\",\"keywords\":[\"covid19\"],\"articleSection\":[\"Acad\u00e9mico\",\"Cine\",\"Estudiantes\"],\"inLanguage\":\"es\"},{\"@type\":[\"WebPage\",\"ItemPage\"],\"@id\":\"https:\\\/\\\/www.uartes.edu.ec\\\/sitio\\\/blog\\\/2020\\\/05\\\/16\\\/santiago-caizatoa-ahondo-para-su-tesis-en-la-dimension-cultural-de-la-luz-natural\\\/\",\"url\":\"https:\\\/\\\/www.uartes.edu.ec\\\/sitio\\\/blog\\\/2020\\\/05\\\/16\\\/santiago-caizatoa-ahondo-para-su-tesis-en-la-dimension-cultural-de-la-luz-natural\\\/\",\"name\":\"Universidad de las Artes - Santiago Caizatoa ahond\u00f3 para su tesis en la dimensi\u00f3n cultural de la luz natural\",\"isPartOf\":{\"@id\":\"https:\\\/\\\/www.uartes.edu.ec\\\/sitio\\\/#website\"},\"primaryImageOfPage\":{\"@id\":\"https:\\\/\\\/www.uartes.edu.ec\\\/sitio\\\/blog\\\/2020\\\/05\\\/16\\\/santiago-caizatoa-ahondo-para-su-tesis-en-la-dimension-cultural-de-la-luz-natural\\\/#primaryimage\"},\"image\":{\"@id\":\"https:\\\/\\\/www.uartes.edu.ec\\\/sitio\\\/blog\\\/2020\\\/05\\\/16\\\/santiago-caizatoa-ahondo-para-su-tesis-en-la-dimension-cultural-de-la-luz-natural\\\/#primaryimage\"},\"thumbnailUrl\":\"https:\\\/\\\/www.uartes.edu.ec\\\/sitio\\\/wp-content\\\/uploads\\\/2020\\\/05\\\/DSC_0191.jpg\",\"datePublished\":\"2020-05-16T21:48:51+00:00\",\"dateModified\":\"2024-07-04T16:43:10+00:00\",\"description\":\"Universidad de las Artes - Santiago Caizatoa ahond\u00f3 para su tesis en la dimensi\u00f3n cultural de la luz natural\",\"breadcrumb\":{\"@id\":\"https:\\\/\\\/www.uartes.edu.ec\\\/sitio\\\/blog\\\/2020\\\/05\\\/16\\\/santiago-caizatoa-ahondo-para-su-tesis-en-la-dimension-cultural-de-la-luz-natural\\\/#breadcrumb\"},\"inLanguage\":\"es\",\"potentialAction\":[{\"@type\":\"ReadAction\",\"target\":[\"https:\\\/\\\/www.uartes.edu.ec\\\/sitio\\\/blog\\\/2020\\\/05\\\/16\\\/santiago-caizatoa-ahondo-para-su-tesis-en-la-dimension-cultural-de-la-luz-natural\\\/\"]}]},{\"@type\":\"ImageObject\",\"inLanguage\":\"es\",\"@id\":\"https:\\\/\\\/www.uartes.edu.ec\\\/sitio\\\/blog\\\/2020\\\/05\\\/16\\\/santiago-caizatoa-ahondo-para-su-tesis-en-la-dimension-cultural-de-la-luz-natural\\\/#primaryimage\",\"url\":\"https:\\\/\\\/www.uartes.edu.ec\\\/sitio\\\/wp-content\\\/uploads\\\/2020\\\/05\\\/DSC_0191.jpg\",\"contentUrl\":\"https:\\\/\\\/www.uartes.edu.ec\\\/sitio\\\/wp-content\\\/uploads\\\/2020\\\/05\\\/DSC_0191.jpg\",\"width\":1529,\"height\":1019},{\"@type\":\"BreadcrumbList\",\"@id\":\"https:\\\/\\\/www.uartes.edu.ec\\\/sitio\\\/blog\\\/2020\\\/05\\\/16\\\/santiago-caizatoa-ahondo-para-su-tesis-en-la-dimension-cultural-de-la-luz-natural\\\/#breadcrumb\",\"itemListElement\":[{\"@type\":\"ListItem\",\"position\":1,\"name\":\"Inicio\",\"item\":\"https:\\\/\\\/www.uartes.edu.ec\\\/sitio\\\/\"},{\"@type\":\"ListItem\",\"position\":2,\"name\":\"Santiago Caizatoa ahond\u00f3 para su tesis en la dimensi\u00f3n cultural de la luz natural\"}]},{\"@type\":\"WebSite\",\"@id\":\"https:\\\/\\\/www.uartes.edu.ec\\\/sitio\\\/#website\",\"url\":\"https:\\\/\\\/www.uartes.edu.ec\\\/sitio\\\/\",\"name\":\"Universidad de las Artes\",\"description\":\"Sitio oficial de la Universidad Nacional de las Artes del Ecuador\",\"publisher\":{\"@id\":\"https:\\\/\\\/www.uartes.edu.ec\\\/sitio\\\/#organization\"},\"potentialAction\":[{\"@type\":\"SearchAction\",\"target\":{\"@type\":\"EntryPoint\",\"urlTemplate\":\"https:\\\/\\\/www.uartes.edu.ec\\\/sitio\\\/?s={search_term_string}\"},\"query-input\":{\"@type\":\"PropertyValueSpecification\",\"valueRequired\":true,\"valueName\":\"search_term_string\"}}],\"inLanguage\":\"es\"},{\"@type\":\"Organization\",\"@id\":\"https:\\\/\\\/www.uartes.edu.ec\\\/sitio\\\/#organization\",\"name\":\"Universidad de las Artes\",\"url\":\"https:\\\/\\\/www.uartes.edu.ec\\\/sitio\\\/\",\"logo\":{\"@type\":\"ImageObject\",\"inLanguage\":\"es\",\"@id\":\"https:\\\/\\\/www.uartes.edu.ec\\\/sitio\\\/#\\\/schema\\\/logo\\\/image\\\/\",\"url\":\"https:\\\/\\\/www.uartes.edu.ec\\\/sitio\\\/wp-content\\\/uploads\\\/2022\\\/07\\\/logo-ua-horizontal.png\",\"contentUrl\":\"https:\\\/\\\/www.uartes.edu.ec\\\/sitio\\\/wp-content\\\/uploads\\\/2022\\\/07\\\/logo-ua-horizontal.png\",\"width\":800,\"height\":276,\"caption\":\"Universidad de las Artes\"},\"image\":{\"@id\":\"https:\\\/\\\/www.uartes.edu.ec\\\/sitio\\\/#\\\/schema\\\/logo\\\/image\\\/\"},\"sameAs\":[\"https:\\\/\\\/www.facebook.com\\\/uartesec\",\"https:\\\/\\\/x.com\\\/uartesec\",\"https:\\\/\\\/www.tiktok.com\\\/@uartesec\"]},{\"@type\":\"Person\",\"@id\":\"https:\\\/\\\/www.uartes.edu.ec\\\/sitio\\\/#\\\/schema\\\/person\\\/f33f8c1d2af0d5c80a38c8abf458184a\",\"name\":\"Universidad de las Artes\",\"image\":{\"@type\":\"ImageObject\",\"inLanguage\":\"es\",\"@id\":\"https:\\\/\\\/secure.gravatar.com\\\/avatar\\\/52e4757902f5cfa5ac52d020e5be83cae5487519154b6c35482fe08d589f3c13?s=96&d=mm&r=g\",\"url\":\"https:\\\/\\\/secure.gravatar.com\\\/avatar\\\/52e4757902f5cfa5ac52d020e5be83cae5487519154b6c35482fe08d589f3c13?s=96&d=mm&r=g\",\"contentUrl\":\"https:\\\/\\\/secure.gravatar.com\\\/avatar\\\/52e4757902f5cfa5ac52d020e5be83cae5487519154b6c35482fe08d589f3c13?s=96&d=mm&r=g\",\"caption\":\"Universidad de las Artes\"},\"url\":\"https:\\\/\\\/www.uartes.edu.ec\\\/sitio\\\/blog\\\/author\\\/dircomadm\\\/\"}]}<\/script>\n<!-- \/ Yoast SEO plugin. -->","yoast_head_json":{"title":"Universidad de las Artes - Santiago Caizatoa ahond\u00f3 para su tesis en la dimensi\u00f3n cultural de la luz natural","description":"Universidad de las Artes - Santiago Caizatoa ahond\u00f3 para su tesis en la dimensi\u00f3n cultural de la luz natural","robots":{"index":"index","follow":"follow","max-snippet":"max-snippet:-1","max-image-preview":"max-image-preview:large","max-video-preview":"max-video-preview:-1"},"canonical":"https:\/\/www.uartes.edu.ec\/sitio\/blog\/2020\/05\/16\/santiago-caizatoa-ahondo-para-su-tesis-en-la-dimension-cultural-de-la-luz-natural\/","og_locale":"es_ES","og_type":"article","og_title":"Universidad de las Artes - Santiago Caizatoa ahond\u00f3 para su tesis en la dimensi\u00f3n cultural de la luz natural","og_description":"Universidad de las Artes - Santiago Caizatoa ahond\u00f3 para su tesis en la dimensi\u00f3n cultural de la luz natural","og_url":"https:\/\/www.uartes.edu.ec\/sitio\/blog\/2020\/05\/16\/santiago-caizatoa-ahondo-para-su-tesis-en-la-dimension-cultural-de-la-luz-natural\/","og_site_name":"Universidad de las Artes","article_publisher":"https:\/\/www.facebook.com\/uartesec","article_published_time":"2020-05-16T21:48:51+00:00","article_modified_time":"2024-07-04T16:43:10+00:00","og_image":[{"width":1529,"height":1019,"url":"https:\/\/www.uartes.edu.ec\/sitio\/wp-content\/uploads\/2020\/05\/DSC_0191.jpg","type":"image\/jpeg"}],"author":"Universidad de las Artes","twitter_card":"summary_large_image","twitter_creator":"@uartesec","twitter_site":"@uartesec","twitter_misc":{"Escrito por":"Universidad de las Artes","Tiempo de lectura":"4 minutos"},"schema":{"@context":"https:\/\/schema.org","@graph":[{"@type":"Article","@id":"https:\/\/www.uartes.edu.ec\/sitio\/blog\/2020\/05\/16\/santiago-caizatoa-ahondo-para-su-tesis-en-la-dimension-cultural-de-la-luz-natural\/#article","isPartOf":{"@id":"https:\/\/www.uartes.edu.ec\/sitio\/blog\/2020\/05\/16\/santiago-caizatoa-ahondo-para-su-tesis-en-la-dimension-cultural-de-la-luz-natural\/"},"author":{"name":"Universidad de las Artes","@id":"https:\/\/www.uartes.edu.ec\/sitio\/#\/schema\/person\/f33f8c1d2af0d5c80a38c8abf458184a"},"headline":"Santiago Caizatoa ahond\u00f3 para su tesis en la dimensi\u00f3n cultural de la luz natural","datePublished":"2020-05-16T21:48:51+00:00","dateModified":"2024-07-04T16:43:10+00:00","mainEntityOfPage":{"@id":"https:\/\/www.uartes.edu.ec\/sitio\/blog\/2020\/05\/16\/santiago-caizatoa-ahondo-para-su-tesis-en-la-dimension-cultural-de-la-luz-natural\/"},"wordCount":724,"publisher":{"@id":"https:\/\/www.uartes.edu.ec\/sitio\/#organization"},"image":{"@id":"https:\/\/www.uartes.edu.ec\/sitio\/blog\/2020\/05\/16\/santiago-caizatoa-ahondo-para-su-tesis-en-la-dimension-cultural-de-la-luz-natural\/#primaryimage"},"thumbnailUrl":"https:\/\/www.uartes.edu.ec\/sitio\/wp-content\/uploads\/2020\/05\/DSC_0191.jpg","keywords":["covid19"],"articleSection":["Acad\u00e9mico","Cine","Estudiantes"],"inLanguage":"es"},{"@type":["WebPage","ItemPage"],"@id":"https:\/\/www.uartes.edu.ec\/sitio\/blog\/2020\/05\/16\/santiago-caizatoa-ahondo-para-su-tesis-en-la-dimension-cultural-de-la-luz-natural\/","url":"https:\/\/www.uartes.edu.ec\/sitio\/blog\/2020\/05\/16\/santiago-caizatoa-ahondo-para-su-tesis-en-la-dimension-cultural-de-la-luz-natural\/","name":"Universidad de las Artes - Santiago Caizatoa ahond\u00f3 para su tesis en la dimensi\u00f3n cultural de la luz natural","isPartOf":{"@id":"https:\/\/www.uartes.edu.ec\/sitio\/#website"},"primaryImageOfPage":{"@id":"https:\/\/www.uartes.edu.ec\/sitio\/blog\/2020\/05\/16\/santiago-caizatoa-ahondo-para-su-tesis-en-la-dimension-cultural-de-la-luz-natural\/#primaryimage"},"image":{"@id":"https:\/\/www.uartes.edu.ec\/sitio\/blog\/2020\/05\/16\/santiago-caizatoa-ahondo-para-su-tesis-en-la-dimension-cultural-de-la-luz-natural\/#primaryimage"},"thumbnailUrl":"https:\/\/www.uartes.edu.ec\/sitio\/wp-content\/uploads\/2020\/05\/DSC_0191.jpg","datePublished":"2020-05-16T21:48:51+00:00","dateModified":"2024-07-04T16:43:10+00:00","description":"Universidad de las Artes - Santiago Caizatoa ahond\u00f3 para su tesis en la dimensi\u00f3n cultural de la luz natural","breadcrumb":{"@id":"https:\/\/www.uartes.edu.ec\/sitio\/blog\/2020\/05\/16\/santiago-caizatoa-ahondo-para-su-tesis-en-la-dimension-cultural-de-la-luz-natural\/#breadcrumb"},"inLanguage":"es","potentialAction":[{"@type":"ReadAction","target":["https:\/\/www.uartes.edu.ec\/sitio\/blog\/2020\/05\/16\/santiago-caizatoa-ahondo-para-su-tesis-en-la-dimension-cultural-de-la-luz-natural\/"]}]},{"@type":"ImageObject","inLanguage":"es","@id":"https:\/\/www.uartes.edu.ec\/sitio\/blog\/2020\/05\/16\/santiago-caizatoa-ahondo-para-su-tesis-en-la-dimension-cultural-de-la-luz-natural\/#primaryimage","url":"https:\/\/www.uartes.edu.ec\/sitio\/wp-content\/uploads\/2020\/05\/DSC_0191.jpg","contentUrl":"https:\/\/www.uartes.edu.ec\/sitio\/wp-content\/uploads\/2020\/05\/DSC_0191.jpg","width":1529,"height":1019},{"@type":"BreadcrumbList","@id":"https:\/\/www.uartes.edu.ec\/sitio\/blog\/2020\/05\/16\/santiago-caizatoa-ahondo-para-su-tesis-en-la-dimension-cultural-de-la-luz-natural\/#breadcrumb","itemListElement":[{"@type":"ListItem","position":1,"name":"Inicio","item":"https:\/\/www.uartes.edu.ec\/sitio\/"},{"@type":"ListItem","position":2,"name":"Santiago Caizatoa ahond\u00f3 para su tesis en la dimensi\u00f3n cultural de la luz natural"}]},{"@type":"WebSite","@id":"https:\/\/www.uartes.edu.ec\/sitio\/#website","url":"https:\/\/www.uartes.edu.ec\/sitio\/","name":"Universidad de las Artes","description":"Sitio oficial de la Universidad Nacional de las Artes del Ecuador","publisher":{"@id":"https:\/\/www.uartes.edu.ec\/sitio\/#organization"},"potentialAction":[{"@type":"SearchAction","target":{"@type":"EntryPoint","urlTemplate":"https:\/\/www.uartes.edu.ec\/sitio\/?s={search_term_string}"},"query-input":{"@type":"PropertyValueSpecification","valueRequired":true,"valueName":"search_term_string"}}],"inLanguage":"es"},{"@type":"Organization","@id":"https:\/\/www.uartes.edu.ec\/sitio\/#organization","name":"Universidad de las Artes","url":"https:\/\/www.uartes.edu.ec\/sitio\/","logo":{"@type":"ImageObject","inLanguage":"es","@id":"https:\/\/www.uartes.edu.ec\/sitio\/#\/schema\/logo\/image\/","url":"https:\/\/www.uartes.edu.ec\/sitio\/wp-content\/uploads\/2022\/07\/logo-ua-horizontal.png","contentUrl":"https:\/\/www.uartes.edu.ec\/sitio\/wp-content\/uploads\/2022\/07\/logo-ua-horizontal.png","width":800,"height":276,"caption":"Universidad de las Artes"},"image":{"@id":"https:\/\/www.uartes.edu.ec\/sitio\/#\/schema\/logo\/image\/"},"sameAs":["https:\/\/www.facebook.com\/uartesec","https:\/\/x.com\/uartesec","https:\/\/www.tiktok.com\/@uartesec"]},{"@type":"Person","@id":"https:\/\/www.uartes.edu.ec\/sitio\/#\/schema\/person\/f33f8c1d2af0d5c80a38c8abf458184a","name":"Universidad de las Artes","image":{"@type":"ImageObject","inLanguage":"es","@id":"https:\/\/secure.gravatar.com\/avatar\/52e4757902f5cfa5ac52d020e5be83cae5487519154b6c35482fe08d589f3c13?s=96&d=mm&r=g","url":"https:\/\/secure.gravatar.com\/avatar\/52e4757902f5cfa5ac52d020e5be83cae5487519154b6c35482fe08d589f3c13?s=96&d=mm&r=g","contentUrl":"https:\/\/secure.gravatar.com\/avatar\/52e4757902f5cfa5ac52d020e5be83cae5487519154b6c35482fe08d589f3c13?s=96&d=mm&r=g","caption":"Universidad de las Artes"},"url":"https:\/\/www.uartes.edu.ec\/sitio\/blog\/author\/dircomadm\/"}]}},"uagb_featured_image_src":{"full":["https:\/\/www.uartes.edu.ec\/sitio\/wp-content\/uploads\/2020\/05\/DSC_0191.jpg",1529,1019,false],"thumbnail":["https:\/\/www.uartes.edu.ec\/sitio\/wp-content\/uploads\/2020\/05\/DSC_0191-150x150.jpg",150,150,true],"medium":["https:\/\/www.uartes.edu.ec\/sitio\/wp-content\/uploads\/2020\/05\/DSC_0191-300x200.jpg",300,200,true],"medium_large":["https:\/\/www.uartes.edu.ec\/sitio\/wp-content\/uploads\/2020\/05\/DSC_0191-768x512.jpg",768,512,true],"large":["https:\/\/www.uartes.edu.ec\/sitio\/wp-content\/uploads\/2020\/05\/DSC_0191-644x429.jpg",644,429,true],"1536x1536":["https:\/\/www.uartes.edu.ec\/sitio\/wp-content\/uploads\/2020\/05\/DSC_0191.jpg",1529,1019,false],"2048x2048":["https:\/\/www.uartes.edu.ec\/sitio\/wp-content\/uploads\/2020\/05\/DSC_0191.jpg",1529,1019,false],"trp-custom-language-flag":["https:\/\/www.uartes.edu.ec\/sitio\/wp-content\/uploads\/2020\/05\/DSC_0191.jpg",18,12,false],"htmega_size_585x295":["https:\/\/www.uartes.edu.ec\/sitio\/wp-content\/uploads\/2020\/05\/DSC_0191.jpg",443,295,false],"htmega_size_1170x536":["https:\/\/www.uartes.edu.ec\/sitio\/wp-content\/uploads\/2020\/05\/DSC_0191.jpg",804,536,false],"htmega_size_396x360":["https:\/\/www.uartes.edu.ec\/sitio\/wp-content\/uploads\/2020\/05\/DSC_0191.jpg",396,264,false],"gb-block-post-grid-landscape":["https:\/\/www.uartes.edu.ec\/sitio\/wp-content\/uploads\/2020\/05\/DSC_0191.jpg",600,400,false],"gb-block-post-grid-square":["https:\/\/www.uartes.edu.ec\/sitio\/wp-content\/uploads\/2020\/05\/DSC_0191.jpg",600,400,false],"university-hub-thumb":["https:\/\/www.uartes.edu.ec\/sitio\/wp-content\/uploads\/2020\/05\/DSC_0191-400x267.jpg",400,267,true]},"uagb_author_info":{"display_name":"Universidad de las Artes","author_link":"https:\/\/www.uartes.edu.ec\/sitio\/blog\/author\/dircomadm\/"},"uagb_comment_info":0,"uagb_excerpt":"Una investigaci\u00f3n te\u00f3rica y otra art\u00edstica componen el trabajo final de Santiago Omar Caizatoa Ron, quien la sustent\u00f3 v\u00eda videoconferencia el 29 de abril. La titul\u00f3 \"Direcci\u00f3n de fotograf\u00eda y el tratamiento de la luz natural en la producci\u00f3n de cine en el Ecuador\".","featured_image_src":"https:\/\/www.uartes.edu.ec\/sitio\/wp-content\/uploads\/2020\/05\/DSC_0191.jpg","featured_image_src_square":"https:\/\/www.uartes.edu.ec\/sitio\/wp-content\/uploads\/2020\/05\/DSC_0191.jpg","author_info":{"display_name":"Universidad de las Artes","author_link":"https:\/\/www.uartes.edu.ec\/sitio\/blog\/author\/dircomadm\/"},"publishpress_future_workflow_manual_trigger":{"enabledWorkflows":[]},"distributor_meta":false,"distributor_terms":false,"distributor_media":false,"distributor_original_site_name":"Universidad de las Artes","distributor_original_site_url":"https:\/\/www.uartes.edu.ec\/sitio","push-errors":false,"_links":{"self":[{"href":"https:\/\/www.uartes.edu.ec\/sitio\/wp-json\/wp\/v2\/posts\/7012","targetHints":{"allow":["GET"]}}],"collection":[{"href":"https:\/\/www.uartes.edu.ec\/sitio\/wp-json\/wp\/v2\/posts"}],"about":[{"href":"https:\/\/www.uartes.edu.ec\/sitio\/wp-json\/wp\/v2\/types\/post"}],"author":[{"embeddable":true,"href":"https:\/\/www.uartes.edu.ec\/sitio\/wp-json\/wp\/v2\/users\/1"}],"replies":[{"embeddable":true,"href":"https:\/\/www.uartes.edu.ec\/sitio\/wp-json\/wp\/v2\/comments?post=7012"}],"version-history":[{"count":2,"href":"https:\/\/www.uartes.edu.ec\/sitio\/wp-json\/wp\/v2\/posts\/7012\/revisions"}],"predecessor-version":[{"id":57629,"href":"https:\/\/www.uartes.edu.ec\/sitio\/wp-json\/wp\/v2\/posts\/7012\/revisions\/57629"}],"wp:featuredmedia":[{"embeddable":true,"href":"https:\/\/www.uartes.edu.ec\/sitio\/wp-json\/wp\/v2\/media\/7013"}],"wp:attachment":[{"href":"https:\/\/www.uartes.edu.ec\/sitio\/wp-json\/wp\/v2\/media?parent=7012"}],"wp:term":[{"taxonomy":"category","embeddable":true,"href":"https:\/\/www.uartes.edu.ec\/sitio\/wp-json\/wp\/v2\/categories?post=7012"},{"taxonomy":"post_tag","embeddable":true,"href":"https:\/\/www.uartes.edu.ec\/sitio\/wp-json\/wp\/v2\/tags?post=7012"},{"taxonomy":"infouartes","embeddable":true,"href":"https:\/\/www.uartes.edu.ec\/sitio\/wp-json\/wp\/v2\/infouartes?post=7012"}],"curies":[{"name":"wp","href":"https:\/\/api.w.org\/{rel}","templated":true}]}}