{"id":7016,"date":"2020-05-17T07:51:23","date_gmt":"2020-05-17T12:51:23","guid":{"rendered":"http:\/\/www.uartes.edu.ec\/sitio\/?p=7016"},"modified":"2024-07-04T11:43:09","modified_gmt":"2024-07-04T16:43:09","slug":"kevin-esparza-analizo-el-proceso-compositivo-de-gerardo-guevara","status":"publish","type":"post","link":"https:\/\/www.uartes.edu.ec\/sitio\/blog\/2020\/05\/17\/kevin-esparza-analizo-el-proceso-compositivo-de-gerardo-guevara\/","title":{"rendered":"Kevin Esparza analiz\u00f3 el proceso  compositivo de Gerardo Guevara"},"content":{"rendered":"\n<p>El estudiante Kevin Andr\u00e9s Esparza Y\u00e9pez sustent\u00f3 el 21 de abril su tesis de grado, v\u00eda videoconferencia. La titul\u00f3 \u201cUna mirada al proceso compositivo de Gerardo Guevara: An\u00e1lisis musical de sus obras vocales basadas en poes\u00eda dentro del periodo de 1960 a 1970\u201d; de su contenido el ahora egresado de la Escuela de Artes Sonoras detalla: \u201cHace cinco a\u00f1os formaba parte del coro de la Escuela Polit\u00e9cnica del Ej\u00e9rcito, donde estudi\u00e9 arreglos corales de las composiciones del maestro Gerardo Guevara. Al escuchar e interpretar estas obras tuve una conexi\u00f3n identitaria y est\u00e9tica con ellas. Durante el transcurso de mi carrera en la Universidad de las Artes tambi\u00e9n interpret\u00e9 algunas obras de Guevara con las maestras Yasmine Yaselga y Jenny Villafuerte. Las sonoridades de esas composiciones llamaron mi atenci\u00f3n porque tienen elementos caracter\u00edsticos de las m\u00fasicas populares de raigambre ind\u00edgena, mismas que forman parte de mi identidad sonora\u201d.<\/p>\n\n\n\n<p>Agrega que indagando en el archivo personal de Gerardo Guevara encontr\u00f3 composiciones para formato de voz y piano basadas en poes\u00eda. \u201cEsto me llam\u00f3 la atenci\u00f3n y me propuse investigar m\u00e1s a fondo. Las sonoridades de obras como\u00a0<em>El hombre planetario<\/em>\u00a0y\u00a0<em>Tierras<\/em>\u00a0me hicieron preguntarme acerca del proceso compositivo, los elementos musicales y el concepto de las obras. Seleccion\u00e9 un grupo de obras de los a\u00f1os sesenta, bas\u00e1ndome en criterios cualitativos, buscando la heterogeneidad con el objetivo de caracterizar esta \u00e9poca compositiva. La buena disposici\u00f3n del maestro Guevara y de su esposa fueron indispensables para la realizaci\u00f3n de mi trabajo\u201d.<\/p>\n\n\n\n<div class=\"wp-block-image\"><figure class=\"aligncenter size-large\"><img fetchpriority=\"high\" decoding=\"async\" width=\"644\" height=\"430\" src=\"http:\/\/www.uartes.edu.ec\/sitio\/wp-content\/uploads\/2020\/05\/4-644x430.jpg\" alt=\"\" class=\"wp-image-7018\" srcset=\"https:\/\/www.uartes.edu.ec\/sitio\/wp-content\/uploads\/2020\/05\/4-644x430.jpg 644w, https:\/\/www.uartes.edu.ec\/sitio\/wp-content\/uploads\/2020\/05\/4-300x200.jpg 300w, https:\/\/www.uartes.edu.ec\/sitio\/wp-content\/uploads\/2020\/05\/4-768x512.jpg 768w, https:\/\/www.uartes.edu.ec\/sitio\/wp-content\/uploads\/2020\/05\/4-600x400.jpg 600w, https:\/\/www.uartes.edu.ec\/sitio\/wp-content\/uploads\/2020\/05\/4-400x267.jpg 400w, https:\/\/www.uartes.edu.ec\/sitio\/wp-content\/uploads\/2020\/05\/4-272x182.jpg 272w, https:\/\/www.uartes.edu.ec\/sitio\/wp-content\/uploads\/2020\/05\/4.jpg 1000w\" sizes=\"(max-width: 644px) 100vw, 644px\" \/><\/figure><\/div>\n\n\n\n<p>La realizaci\u00f3n del proyecto, explica, le tom\u00f3 alrededor de cuatro meses en los que realiz\u00f3 varias entrevistas al compositor, \u201cindagu\u00e9 en su archivo de partituras, recolect\u00e9 material bibliogr\u00e1fico, estudi\u00e9 y ensay\u00e9 las composiciones para el concierto. Los recursos que utilic\u00e9 para este proyecto fueron las entrevistas, las partituras del compositor y los repositorios digitales\u201d.<\/p>\n\n\n\n<p>La adaptaci\u00f3n de su sustentaci\u00f3n de la modalidad presencial a la virtual no le represent\u00f3 mayores inconvenientes, \u201c\u00fanicamente tuve que familiarizarme con la plataforma Zoom y hacer peque\u00f1as modificaciones a las diapositivas para poder se\u00f1alar elementos puntuales necesarios para la explicaci\u00f3n. En la modalidad presencial planeaba usar un puntero l\u00e1ser para se\u00f1alar partes de la diapositiva; con el cambio a la modalidad en l\u00ednea, solamente a\u00f1ad\u00ed algunas flechas indicando los elementos anteriormente dichos\u201d.<\/p>\n\n\n\n<p>De los miembros del jurado recibi\u00f3 una sola interrogante \u00bfpor qu\u00e9 en las entrevistas las respuestas del maestro Gerardo Guevara eran tan cortas? \u201cManifest\u00e9 que el maestro tiene una capacidad auditiva reducida y la comunicaci\u00f3n result\u00f3 dif\u00edcil. \u00c9l sufri\u00f3 hace unos a\u00f1os una par\u00e1lisis parcial que inmoviliz\u00f3 su mano izquierda y, por su avanzada edad, ha visto deteriorarse su memoria\u201d.<\/p>\n\n\n\n<div class=\"wp-block-image\"><figure class=\"aligncenter size-large\"><img decoding=\"async\" width=\"644\" height=\"429\" src=\"http:\/\/www.uartes.edu.ec\/sitio\/wp-content\/uploads\/2020\/05\/PORTADA-DE-NOTA-644x429.jpg\" alt=\"\" class=\"wp-image-7019\" srcset=\"https:\/\/www.uartes.edu.ec\/sitio\/wp-content\/uploads\/2020\/05\/PORTADA-DE-NOTA-644x429.jpg 644w, https:\/\/www.uartes.edu.ec\/sitio\/wp-content\/uploads\/2020\/05\/PORTADA-DE-NOTA-300x200.jpg 300w, https:\/\/www.uartes.edu.ec\/sitio\/wp-content\/uploads\/2020\/05\/PORTADA-DE-NOTA-768x512.jpg 768w, https:\/\/www.uartes.edu.ec\/sitio\/wp-content\/uploads\/2020\/05\/PORTADA-DE-NOTA-600x400.jpg 600w, https:\/\/www.uartes.edu.ec\/sitio\/wp-content\/uploads\/2020\/05\/PORTADA-DE-NOTA-400x267.jpg 400w, https:\/\/www.uartes.edu.ec\/sitio\/wp-content\/uploads\/2020\/05\/PORTADA-DE-NOTA-272x182.jpg 272w, https:\/\/www.uartes.edu.ec\/sitio\/wp-content\/uploads\/2020\/05\/PORTADA-DE-NOTA.jpg 1280w\" sizes=\"(max-width: 644px) 100vw, 644px\" \/><\/figure><\/div>\n\n\n\n<p>Su proyecto de tesis, acota Kevin Esparza, le dej\u00f3 una metodolog\u00eda que puede usar tanto en la composici\u00f3n como en la interpretaci\u00f3n de obras musicales. Tras obtener la licenciatura en la carrera de Artes Musicales y Sonoras analiza estudiar una maestr\u00eda en etnomusicolog\u00eda, inform\u00e1tica musical o musicoterapia.<\/p>\n","protected":false},"excerpt":{"rendered":"<p>El estudiante Kevin Andr\u00e9s Esparza Y\u00e9pez sustent\u00f3 el 21 de abril su tesis de grado, v\u00eda videoconferencia. La titul\u00f3 \u201cUna mirada al proceso compositivo de Gerardo Guevara: An\u00e1lisis musical de sus obras vocales basadas en poes\u00eda dentro del periodo de 1960 a 1970\u201d<\/p>\n","protected":false},"author":1,"featured_media":7019,"comment_status":"closed","ping_status":"closed","sticky":false,"template":"","format":"standard","meta":{"_acf_changed":false,"_uag_custom_page_level_css":"","_monsterinsights_skip_tracking":false,"_monsterinsights_sitenote_active":false,"_monsterinsights_sitenote_note":"","_monsterinsights_sitenote_category":0,"cybocfi_hide_featured_image":"","footnotes":""},"categories":[80,150,76],"tags":[211],"infouartes":[],"class_list":["post-7016","post","type-post","status-publish","format-standard","has-post-thumbnail","hentry","category-academico","category-artes-sonoras","category-estudiantes","tag-covid19"],"acf":[],"yoast_head":"<!-- This site is optimized with the Yoast SEO plugin v27.4 - https:\/\/yoast.com\/product\/yoast-seo-wordpress\/ -->\n<title>Universidad de las Artes - Kevin Esparza analiz\u00f3 el proceso compositivo de Gerardo Guevara<\/title>\n<meta name=\"description\" content=\"Universidad de las Artes - Kevin Esparza analiz\u00f3 el proceso compositivo de Gerardo Guevara\" \/>\n<meta name=\"robots\" content=\"index, follow, max-snippet:-1, max-image-preview:large, max-video-preview:-1\" \/>\n<link rel=\"canonical\" href=\"https:\/\/www.uartes.edu.ec\/sitio\/blog\/2020\/05\/17\/kevin-esparza-analizo-el-proceso-compositivo-de-gerardo-guevara\/\" \/>\n<meta property=\"og:locale\" content=\"es_ES\" \/>\n<meta property=\"og:type\" content=\"article\" \/>\n<meta property=\"og:title\" content=\"Universidad de las Artes - Kevin Esparza analiz\u00f3 el proceso compositivo de Gerardo Guevara\" \/>\n<meta property=\"og:description\" content=\"Universidad de las Artes - Kevin Esparza analiz\u00f3 el proceso compositivo de Gerardo Guevara\" \/>\n<meta property=\"og:url\" content=\"https:\/\/www.uartes.edu.ec\/sitio\/blog\/2020\/05\/17\/kevin-esparza-analizo-el-proceso-compositivo-de-gerardo-guevara\/\" \/>\n<meta property=\"og:site_name\" content=\"Universidad de las Artes\" \/>\n<meta property=\"article:publisher\" content=\"https:\/\/www.facebook.com\/uartesec\" \/>\n<meta property=\"article:published_time\" content=\"2020-05-17T12:51:23+00:00\" \/>\n<meta property=\"article:modified_time\" content=\"2024-07-04T16:43:09+00:00\" \/>\n<meta property=\"og:image\" content=\"https:\/\/www.uartes.edu.ec\/sitio\/wp-content\/uploads\/2020\/05\/PORTADA-DE-NOTA.jpg\" \/>\n\t<meta property=\"og:image:width\" content=\"1280\" \/>\n\t<meta property=\"og:image:height\" content=\"853\" \/>\n\t<meta property=\"og:image:type\" content=\"image\/jpeg\" \/>\n<meta name=\"author\" content=\"Universidad de las Artes\" \/>\n<meta name=\"twitter:card\" content=\"summary_large_image\" \/>\n<meta name=\"twitter:creator\" content=\"@uartesec\" \/>\n<meta name=\"twitter:site\" content=\"@uartesec\" \/>\n<meta name=\"twitter:label1\" content=\"Escrito por\" \/>\n\t<meta name=\"twitter:data1\" content=\"Universidad de las Artes\" \/>\n\t<meta name=\"twitter:label2\" content=\"Tiempo de lectura\" \/>\n\t<meta name=\"twitter:data2\" content=\"3 minutos\" \/>\n<script type=\"application\/ld+json\" class=\"yoast-schema-graph\">{\"@context\":\"https:\\\/\\\/schema.org\",\"@graph\":[{\"@type\":\"Article\",\"@id\":\"https:\\\/\\\/www.uartes.edu.ec\\\/sitio\\\/blog\\\/2020\\\/05\\\/17\\\/kevin-esparza-analizo-el-proceso-compositivo-de-gerardo-guevara\\\/#article\",\"isPartOf\":{\"@id\":\"https:\\\/\\\/www.uartes.edu.ec\\\/sitio\\\/blog\\\/2020\\\/05\\\/17\\\/kevin-esparza-analizo-el-proceso-compositivo-de-gerardo-guevara\\\/\"},\"author\":{\"name\":\"Universidad de las Artes\",\"@id\":\"https:\\\/\\\/www.uartes.edu.ec\\\/sitio\\\/#\\\/schema\\\/person\\\/f33f8c1d2af0d5c80a38c8abf458184a\"},\"headline\":\"Kevin Esparza analiz\u00f3 el proceso compositivo de Gerardo Guevara\",\"datePublished\":\"2020-05-17T12:51:23+00:00\",\"dateModified\":\"2024-07-04T16:43:09+00:00\",\"mainEntityOfPage\":{\"@id\":\"https:\\\/\\\/www.uartes.edu.ec\\\/sitio\\\/blog\\\/2020\\\/05\\\/17\\\/kevin-esparza-analizo-el-proceso-compositivo-de-gerardo-guevara\\\/\"},\"wordCount\":531,\"publisher\":{\"@id\":\"https:\\\/\\\/www.uartes.edu.ec\\\/sitio\\\/#organization\"},\"image\":{\"@id\":\"https:\\\/\\\/www.uartes.edu.ec\\\/sitio\\\/blog\\\/2020\\\/05\\\/17\\\/kevin-esparza-analizo-el-proceso-compositivo-de-gerardo-guevara\\\/#primaryimage\"},\"thumbnailUrl\":\"https:\\\/\\\/www.uartes.edu.ec\\\/sitio\\\/wp-content\\\/uploads\\\/2020\\\/05\\\/PORTADA-DE-NOTA.jpg\",\"keywords\":[\"covid19\"],\"articleSection\":[\"Acad\u00e9mico\",\"Artes Sonoras\",\"Estudiantes\"],\"inLanguage\":\"es\"},{\"@type\":[\"WebPage\",\"ItemPage\"],\"@id\":\"https:\\\/\\\/www.uartes.edu.ec\\\/sitio\\\/blog\\\/2020\\\/05\\\/17\\\/kevin-esparza-analizo-el-proceso-compositivo-de-gerardo-guevara\\\/\",\"url\":\"https:\\\/\\\/www.uartes.edu.ec\\\/sitio\\\/blog\\\/2020\\\/05\\\/17\\\/kevin-esparza-analizo-el-proceso-compositivo-de-gerardo-guevara\\\/\",\"name\":\"Universidad de las Artes - Kevin Esparza analiz\u00f3 el proceso compositivo de Gerardo Guevara\",\"isPartOf\":{\"@id\":\"https:\\\/\\\/www.uartes.edu.ec\\\/sitio\\\/#website\"},\"primaryImageOfPage\":{\"@id\":\"https:\\\/\\\/www.uartes.edu.ec\\\/sitio\\\/blog\\\/2020\\\/05\\\/17\\\/kevin-esparza-analizo-el-proceso-compositivo-de-gerardo-guevara\\\/#primaryimage\"},\"image\":{\"@id\":\"https:\\\/\\\/www.uartes.edu.ec\\\/sitio\\\/blog\\\/2020\\\/05\\\/17\\\/kevin-esparza-analizo-el-proceso-compositivo-de-gerardo-guevara\\\/#primaryimage\"},\"thumbnailUrl\":\"https:\\\/\\\/www.uartes.edu.ec\\\/sitio\\\/wp-content\\\/uploads\\\/2020\\\/05\\\/PORTADA-DE-NOTA.jpg\",\"datePublished\":\"2020-05-17T12:51:23+00:00\",\"dateModified\":\"2024-07-04T16:43:09+00:00\",\"description\":\"Universidad de las Artes - Kevin Esparza analiz\u00f3 el proceso compositivo de Gerardo Guevara\",\"breadcrumb\":{\"@id\":\"https:\\\/\\\/www.uartes.edu.ec\\\/sitio\\\/blog\\\/2020\\\/05\\\/17\\\/kevin-esparza-analizo-el-proceso-compositivo-de-gerardo-guevara\\\/#breadcrumb\"},\"inLanguage\":\"es\",\"potentialAction\":[{\"@type\":\"ReadAction\",\"target\":[\"https:\\\/\\\/www.uartes.edu.ec\\\/sitio\\\/blog\\\/2020\\\/05\\\/17\\\/kevin-esparza-analizo-el-proceso-compositivo-de-gerardo-guevara\\\/\"]}]},{\"@type\":\"ImageObject\",\"inLanguage\":\"es\",\"@id\":\"https:\\\/\\\/www.uartes.edu.ec\\\/sitio\\\/blog\\\/2020\\\/05\\\/17\\\/kevin-esparza-analizo-el-proceso-compositivo-de-gerardo-guevara\\\/#primaryimage\",\"url\":\"https:\\\/\\\/www.uartes.edu.ec\\\/sitio\\\/wp-content\\\/uploads\\\/2020\\\/05\\\/PORTADA-DE-NOTA.jpg\",\"contentUrl\":\"https:\\\/\\\/www.uartes.edu.ec\\\/sitio\\\/wp-content\\\/uploads\\\/2020\\\/05\\\/PORTADA-DE-NOTA.jpg\",\"width\":1280,\"height\":853},{\"@type\":\"BreadcrumbList\",\"@id\":\"https:\\\/\\\/www.uartes.edu.ec\\\/sitio\\\/blog\\\/2020\\\/05\\\/17\\\/kevin-esparza-analizo-el-proceso-compositivo-de-gerardo-guevara\\\/#breadcrumb\",\"itemListElement\":[{\"@type\":\"ListItem\",\"position\":1,\"name\":\"Inicio\",\"item\":\"https:\\\/\\\/www.uartes.edu.ec\\\/sitio\\\/\"},{\"@type\":\"ListItem\",\"position\":2,\"name\":\"Kevin Esparza analiz\u00f3 el proceso compositivo de Gerardo Guevara\"}]},{\"@type\":\"WebSite\",\"@id\":\"https:\\\/\\\/www.uartes.edu.ec\\\/sitio\\\/#website\",\"url\":\"https:\\\/\\\/www.uartes.edu.ec\\\/sitio\\\/\",\"name\":\"Universidad de las Artes\",\"description\":\"Sitio oficial de la Universidad Nacional de las Artes del Ecuador\",\"publisher\":{\"@id\":\"https:\\\/\\\/www.uartes.edu.ec\\\/sitio\\\/#organization\"},\"potentialAction\":[{\"@type\":\"SearchAction\",\"target\":{\"@type\":\"EntryPoint\",\"urlTemplate\":\"https:\\\/\\\/www.uartes.edu.ec\\\/sitio\\\/?s={search_term_string}\"},\"query-input\":{\"@type\":\"PropertyValueSpecification\",\"valueRequired\":true,\"valueName\":\"search_term_string\"}}],\"inLanguage\":\"es\"},{\"@type\":\"Organization\",\"@id\":\"https:\\\/\\\/www.uartes.edu.ec\\\/sitio\\\/#organization\",\"name\":\"Universidad de las Artes\",\"url\":\"https:\\\/\\\/www.uartes.edu.ec\\\/sitio\\\/\",\"logo\":{\"@type\":\"ImageObject\",\"inLanguage\":\"es\",\"@id\":\"https:\\\/\\\/www.uartes.edu.ec\\\/sitio\\\/#\\\/schema\\\/logo\\\/image\\\/\",\"url\":\"https:\\\/\\\/www.uartes.edu.ec\\\/sitio\\\/wp-content\\\/uploads\\\/2022\\\/07\\\/logo-ua-horizontal.png\",\"contentUrl\":\"https:\\\/\\\/www.uartes.edu.ec\\\/sitio\\\/wp-content\\\/uploads\\\/2022\\\/07\\\/logo-ua-horizontal.png\",\"width\":800,\"height\":276,\"caption\":\"Universidad de las Artes\"},\"image\":{\"@id\":\"https:\\\/\\\/www.uartes.edu.ec\\\/sitio\\\/#\\\/schema\\\/logo\\\/image\\\/\"},\"sameAs\":[\"https:\\\/\\\/www.facebook.com\\\/uartesec\",\"https:\\\/\\\/x.com\\\/uartesec\",\"https:\\\/\\\/www.tiktok.com\\\/@uartesec\"]},{\"@type\":\"Person\",\"@id\":\"https:\\\/\\\/www.uartes.edu.ec\\\/sitio\\\/#\\\/schema\\\/person\\\/f33f8c1d2af0d5c80a38c8abf458184a\",\"name\":\"Universidad de las Artes\",\"image\":{\"@type\":\"ImageObject\",\"inLanguage\":\"es\",\"@id\":\"https:\\\/\\\/secure.gravatar.com\\\/avatar\\\/52e4757902f5cfa5ac52d020e5be83cae5487519154b6c35482fe08d589f3c13?s=96&d=mm&r=g\",\"url\":\"https:\\\/\\\/secure.gravatar.com\\\/avatar\\\/52e4757902f5cfa5ac52d020e5be83cae5487519154b6c35482fe08d589f3c13?s=96&d=mm&r=g\",\"contentUrl\":\"https:\\\/\\\/secure.gravatar.com\\\/avatar\\\/52e4757902f5cfa5ac52d020e5be83cae5487519154b6c35482fe08d589f3c13?s=96&d=mm&r=g\",\"caption\":\"Universidad de las Artes\"},\"url\":\"https:\\\/\\\/www.uartes.edu.ec\\\/sitio\\\/blog\\\/author\\\/dircomadm\\\/\"}]}<\/script>\n<!-- \/ Yoast SEO plugin. -->","yoast_head_json":{"title":"Universidad de las Artes - Kevin Esparza analiz\u00f3 el proceso compositivo de Gerardo Guevara","description":"Universidad de las Artes - Kevin Esparza analiz\u00f3 el proceso compositivo de Gerardo Guevara","robots":{"index":"index","follow":"follow","max-snippet":"max-snippet:-1","max-image-preview":"max-image-preview:large","max-video-preview":"max-video-preview:-1"},"canonical":"https:\/\/www.uartes.edu.ec\/sitio\/blog\/2020\/05\/17\/kevin-esparza-analizo-el-proceso-compositivo-de-gerardo-guevara\/","og_locale":"es_ES","og_type":"article","og_title":"Universidad de las Artes - Kevin Esparza analiz\u00f3 el proceso compositivo de Gerardo Guevara","og_description":"Universidad de las Artes - Kevin Esparza analiz\u00f3 el proceso compositivo de Gerardo Guevara","og_url":"https:\/\/www.uartes.edu.ec\/sitio\/blog\/2020\/05\/17\/kevin-esparza-analizo-el-proceso-compositivo-de-gerardo-guevara\/","og_site_name":"Universidad de las Artes","article_publisher":"https:\/\/www.facebook.com\/uartesec","article_published_time":"2020-05-17T12:51:23+00:00","article_modified_time":"2024-07-04T16:43:09+00:00","og_image":[{"width":1280,"height":853,"url":"https:\/\/www.uartes.edu.ec\/sitio\/wp-content\/uploads\/2020\/05\/PORTADA-DE-NOTA.jpg","type":"image\/jpeg"}],"author":"Universidad de las Artes","twitter_card":"summary_large_image","twitter_creator":"@uartesec","twitter_site":"@uartesec","twitter_misc":{"Escrito por":"Universidad de las Artes","Tiempo de lectura":"3 minutos"},"schema":{"@context":"https:\/\/schema.org","@graph":[{"@type":"Article","@id":"https:\/\/www.uartes.edu.ec\/sitio\/blog\/2020\/05\/17\/kevin-esparza-analizo-el-proceso-compositivo-de-gerardo-guevara\/#article","isPartOf":{"@id":"https:\/\/www.uartes.edu.ec\/sitio\/blog\/2020\/05\/17\/kevin-esparza-analizo-el-proceso-compositivo-de-gerardo-guevara\/"},"author":{"name":"Universidad de las Artes","@id":"https:\/\/www.uartes.edu.ec\/sitio\/#\/schema\/person\/f33f8c1d2af0d5c80a38c8abf458184a"},"headline":"Kevin Esparza analiz\u00f3 el proceso compositivo de Gerardo Guevara","datePublished":"2020-05-17T12:51:23+00:00","dateModified":"2024-07-04T16:43:09+00:00","mainEntityOfPage":{"@id":"https:\/\/www.uartes.edu.ec\/sitio\/blog\/2020\/05\/17\/kevin-esparza-analizo-el-proceso-compositivo-de-gerardo-guevara\/"},"wordCount":531,"publisher":{"@id":"https:\/\/www.uartes.edu.ec\/sitio\/#organization"},"image":{"@id":"https:\/\/www.uartes.edu.ec\/sitio\/blog\/2020\/05\/17\/kevin-esparza-analizo-el-proceso-compositivo-de-gerardo-guevara\/#primaryimage"},"thumbnailUrl":"https:\/\/www.uartes.edu.ec\/sitio\/wp-content\/uploads\/2020\/05\/PORTADA-DE-NOTA.jpg","keywords":["covid19"],"articleSection":["Acad\u00e9mico","Artes Sonoras","Estudiantes"],"inLanguage":"es"},{"@type":["WebPage","ItemPage"],"@id":"https:\/\/www.uartes.edu.ec\/sitio\/blog\/2020\/05\/17\/kevin-esparza-analizo-el-proceso-compositivo-de-gerardo-guevara\/","url":"https:\/\/www.uartes.edu.ec\/sitio\/blog\/2020\/05\/17\/kevin-esparza-analizo-el-proceso-compositivo-de-gerardo-guevara\/","name":"Universidad de las Artes - Kevin Esparza analiz\u00f3 el proceso compositivo de Gerardo Guevara","isPartOf":{"@id":"https:\/\/www.uartes.edu.ec\/sitio\/#website"},"primaryImageOfPage":{"@id":"https:\/\/www.uartes.edu.ec\/sitio\/blog\/2020\/05\/17\/kevin-esparza-analizo-el-proceso-compositivo-de-gerardo-guevara\/#primaryimage"},"image":{"@id":"https:\/\/www.uartes.edu.ec\/sitio\/blog\/2020\/05\/17\/kevin-esparza-analizo-el-proceso-compositivo-de-gerardo-guevara\/#primaryimage"},"thumbnailUrl":"https:\/\/www.uartes.edu.ec\/sitio\/wp-content\/uploads\/2020\/05\/PORTADA-DE-NOTA.jpg","datePublished":"2020-05-17T12:51:23+00:00","dateModified":"2024-07-04T16:43:09+00:00","description":"Universidad de las Artes - Kevin Esparza analiz\u00f3 el proceso compositivo de Gerardo Guevara","breadcrumb":{"@id":"https:\/\/www.uartes.edu.ec\/sitio\/blog\/2020\/05\/17\/kevin-esparza-analizo-el-proceso-compositivo-de-gerardo-guevara\/#breadcrumb"},"inLanguage":"es","potentialAction":[{"@type":"ReadAction","target":["https:\/\/www.uartes.edu.ec\/sitio\/blog\/2020\/05\/17\/kevin-esparza-analizo-el-proceso-compositivo-de-gerardo-guevara\/"]}]},{"@type":"ImageObject","inLanguage":"es","@id":"https:\/\/www.uartes.edu.ec\/sitio\/blog\/2020\/05\/17\/kevin-esparza-analizo-el-proceso-compositivo-de-gerardo-guevara\/#primaryimage","url":"https:\/\/www.uartes.edu.ec\/sitio\/wp-content\/uploads\/2020\/05\/PORTADA-DE-NOTA.jpg","contentUrl":"https:\/\/www.uartes.edu.ec\/sitio\/wp-content\/uploads\/2020\/05\/PORTADA-DE-NOTA.jpg","width":1280,"height":853},{"@type":"BreadcrumbList","@id":"https:\/\/www.uartes.edu.ec\/sitio\/blog\/2020\/05\/17\/kevin-esparza-analizo-el-proceso-compositivo-de-gerardo-guevara\/#breadcrumb","itemListElement":[{"@type":"ListItem","position":1,"name":"Inicio","item":"https:\/\/www.uartes.edu.ec\/sitio\/"},{"@type":"ListItem","position":2,"name":"Kevin Esparza analiz\u00f3 el proceso compositivo de Gerardo Guevara"}]},{"@type":"WebSite","@id":"https:\/\/www.uartes.edu.ec\/sitio\/#website","url":"https:\/\/www.uartes.edu.ec\/sitio\/","name":"Universidad de las Artes","description":"Sitio oficial de la Universidad Nacional de las Artes del Ecuador","publisher":{"@id":"https:\/\/www.uartes.edu.ec\/sitio\/#organization"},"potentialAction":[{"@type":"SearchAction","target":{"@type":"EntryPoint","urlTemplate":"https:\/\/www.uartes.edu.ec\/sitio\/?s={search_term_string}"},"query-input":{"@type":"PropertyValueSpecification","valueRequired":true,"valueName":"search_term_string"}}],"inLanguage":"es"},{"@type":"Organization","@id":"https:\/\/www.uartes.edu.ec\/sitio\/#organization","name":"Universidad de las Artes","url":"https:\/\/www.uartes.edu.ec\/sitio\/","logo":{"@type":"ImageObject","inLanguage":"es","@id":"https:\/\/www.uartes.edu.ec\/sitio\/#\/schema\/logo\/image\/","url":"https:\/\/www.uartes.edu.ec\/sitio\/wp-content\/uploads\/2022\/07\/logo-ua-horizontal.png","contentUrl":"https:\/\/www.uartes.edu.ec\/sitio\/wp-content\/uploads\/2022\/07\/logo-ua-horizontal.png","width":800,"height":276,"caption":"Universidad de las Artes"},"image":{"@id":"https:\/\/www.uartes.edu.ec\/sitio\/#\/schema\/logo\/image\/"},"sameAs":["https:\/\/www.facebook.com\/uartesec","https:\/\/x.com\/uartesec","https:\/\/www.tiktok.com\/@uartesec"]},{"@type":"Person","@id":"https:\/\/www.uartes.edu.ec\/sitio\/#\/schema\/person\/f33f8c1d2af0d5c80a38c8abf458184a","name":"Universidad de las Artes","image":{"@type":"ImageObject","inLanguage":"es","@id":"https:\/\/secure.gravatar.com\/avatar\/52e4757902f5cfa5ac52d020e5be83cae5487519154b6c35482fe08d589f3c13?s=96&d=mm&r=g","url":"https:\/\/secure.gravatar.com\/avatar\/52e4757902f5cfa5ac52d020e5be83cae5487519154b6c35482fe08d589f3c13?s=96&d=mm&r=g","contentUrl":"https:\/\/secure.gravatar.com\/avatar\/52e4757902f5cfa5ac52d020e5be83cae5487519154b6c35482fe08d589f3c13?s=96&d=mm&r=g","caption":"Universidad de las Artes"},"url":"https:\/\/www.uartes.edu.ec\/sitio\/blog\/author\/dircomadm\/"}]}},"uagb_featured_image_src":{"full":["https:\/\/www.uartes.edu.ec\/sitio\/wp-content\/uploads\/2020\/05\/PORTADA-DE-NOTA.jpg",1280,853,false],"thumbnail":["https:\/\/www.uartes.edu.ec\/sitio\/wp-content\/uploads\/2020\/05\/PORTADA-DE-NOTA-150x150.jpg",150,150,true],"medium":["https:\/\/www.uartes.edu.ec\/sitio\/wp-content\/uploads\/2020\/05\/PORTADA-DE-NOTA-300x200.jpg",300,200,true],"medium_large":["https:\/\/www.uartes.edu.ec\/sitio\/wp-content\/uploads\/2020\/05\/PORTADA-DE-NOTA-768x512.jpg",768,512,true],"large":["https:\/\/www.uartes.edu.ec\/sitio\/wp-content\/uploads\/2020\/05\/PORTADA-DE-NOTA-644x429.jpg",644,429,true],"1536x1536":["https:\/\/www.uartes.edu.ec\/sitio\/wp-content\/uploads\/2020\/05\/PORTADA-DE-NOTA.jpg",1280,853,false],"2048x2048":["https:\/\/www.uartes.edu.ec\/sitio\/wp-content\/uploads\/2020\/05\/PORTADA-DE-NOTA.jpg",1280,853,false],"trp-custom-language-flag":["https:\/\/www.uartes.edu.ec\/sitio\/wp-content\/uploads\/2020\/05\/PORTADA-DE-NOTA.jpg",18,12,false],"htmega_size_585x295":["https:\/\/www.uartes.edu.ec\/sitio\/wp-content\/uploads\/2020\/05\/PORTADA-DE-NOTA.jpg",443,295,false],"htmega_size_1170x536":["https:\/\/www.uartes.edu.ec\/sitio\/wp-content\/uploads\/2020\/05\/PORTADA-DE-NOTA.jpg",804,536,false],"htmega_size_396x360":["https:\/\/www.uartes.edu.ec\/sitio\/wp-content\/uploads\/2020\/05\/PORTADA-DE-NOTA.jpg",396,264,false],"gb-block-post-grid-landscape":["https:\/\/www.uartes.edu.ec\/sitio\/wp-content\/uploads\/2020\/05\/PORTADA-DE-NOTA.jpg",600,400,false],"gb-block-post-grid-square":["https:\/\/www.uartes.edu.ec\/sitio\/wp-content\/uploads\/2020\/05\/PORTADA-DE-NOTA.jpg",600,400,false],"university-hub-thumb":["https:\/\/www.uartes.edu.ec\/sitio\/wp-content\/uploads\/2020\/05\/PORTADA-DE-NOTA-400x267.jpg",400,267,true]},"uagb_author_info":{"display_name":"Universidad de las Artes","author_link":"https:\/\/www.uartes.edu.ec\/sitio\/blog\/author\/dircomadm\/"},"uagb_comment_info":0,"uagb_excerpt":"El estudiante Kevin Andr\u00e9s Esparza Y\u00e9pez sustent\u00f3 el 21 de abril su tesis de grado, v\u00eda videoconferencia. La titul\u00f3 \u201cUna mirada al proceso compositivo de Gerardo Guevara: An\u00e1lisis musical de sus obras vocales basadas en poes\u00eda dentro del periodo de 1960 a 1970\u201d","featured_image_src":"https:\/\/www.uartes.edu.ec\/sitio\/wp-content\/uploads\/2020\/05\/PORTADA-DE-NOTA.jpg","featured_image_src_square":"https:\/\/www.uartes.edu.ec\/sitio\/wp-content\/uploads\/2020\/05\/PORTADA-DE-NOTA.jpg","author_info":{"display_name":"Universidad de las Artes","author_link":"https:\/\/www.uartes.edu.ec\/sitio\/blog\/author\/dircomadm\/"},"publishpress_future_workflow_manual_trigger":{"enabledWorkflows":[]},"distributor_meta":false,"distributor_terms":false,"distributor_media":false,"distributor_original_site_name":"Universidad de las Artes","distributor_original_site_url":"https:\/\/www.uartes.edu.ec\/sitio","push-errors":false,"_links":{"self":[{"href":"https:\/\/www.uartes.edu.ec\/sitio\/wp-json\/wp\/v2\/posts\/7016","targetHints":{"allow":["GET"]}}],"collection":[{"href":"https:\/\/www.uartes.edu.ec\/sitio\/wp-json\/wp\/v2\/posts"}],"about":[{"href":"https:\/\/www.uartes.edu.ec\/sitio\/wp-json\/wp\/v2\/types\/post"}],"author":[{"embeddable":true,"href":"https:\/\/www.uartes.edu.ec\/sitio\/wp-json\/wp\/v2\/users\/1"}],"replies":[{"embeddable":true,"href":"https:\/\/www.uartes.edu.ec\/sitio\/wp-json\/wp\/v2\/comments?post=7016"}],"version-history":[{"count":2,"href":"https:\/\/www.uartes.edu.ec\/sitio\/wp-json\/wp\/v2\/posts\/7016\/revisions"}],"predecessor-version":[{"id":57628,"href":"https:\/\/www.uartes.edu.ec\/sitio\/wp-json\/wp\/v2\/posts\/7016\/revisions\/57628"}],"wp:featuredmedia":[{"embeddable":true,"href":"https:\/\/www.uartes.edu.ec\/sitio\/wp-json\/wp\/v2\/media\/7019"}],"wp:attachment":[{"href":"https:\/\/www.uartes.edu.ec\/sitio\/wp-json\/wp\/v2\/media?parent=7016"}],"wp:term":[{"taxonomy":"category","embeddable":true,"href":"https:\/\/www.uartes.edu.ec\/sitio\/wp-json\/wp\/v2\/categories?post=7016"},{"taxonomy":"post_tag","embeddable":true,"href":"https:\/\/www.uartes.edu.ec\/sitio\/wp-json\/wp\/v2\/tags?post=7016"},{"taxonomy":"infouartes","embeddable":true,"href":"https:\/\/www.uartes.edu.ec\/sitio\/wp-json\/wp\/v2\/infouartes?post=7016"}],"curies":[{"name":"wp","href":"https:\/\/api.w.org\/{rel}","templated":true}]}}