{"id":70257,"date":"2025-04-07T12:39:58","date_gmt":"2025-04-07T17:39:58","guid":{"rendered":"https:\/\/www.uartes.edu.ec\/sitio\/?p=70257"},"modified":"2025-04-08T09:56:24","modified_gmt":"2025-04-08T14:56:24","slug":"dialogo-y-dinamica-en-la-bienvenida-que-la-escuela-de-literatura-dio-a-sus-estudiantes","status":"publish","type":"post","link":"https:\/\/www.uartes.edu.ec\/sitio\/blog\/2025\/04\/07\/dialogo-y-dinamica-en-la-bienvenida-que-la-escuela-de-literatura-dio-a-sus-estudiantes\/","title":{"rendered":"Di\u00e1logo y din\u00e1mica en la bienvenida que la Escuela de Literatura dio a sus estudiantes"},"content":{"rendered":"\n<p>En la bienvenida que la Escuela de Literatura de la Universidad de las Artes dio a sus estudiantes no hubo discursos. Su directora, Mar\u00eda Alejandra Zambrano, mantuvo m\u00e1s bien un di\u00e1logo con los alumnos que, respondiendo a la invitaci\u00f3n, acudieron la tarde del viernes 4 de abril a la Plaza P\u00fablica del MZ14 Centro de Producci\u00f3n e Innovaci\u00f3n para conocer de las actividades y todo lo programado para este Semestre A 2025.<\/p>\n\n\n\n<p>La cita fue tambi\u00e9n para conocerse, acercarse, perder temores y tener la seguridad de que siempre ser\u00e1n atendidos y apoyados. Hubo espacio para hablar del nuevo Modelo Educativo y Pedag\u00f3gico de la UArtes y de la nueva carrera que la escuela: Educaci\u00f3n Art\u00edstica Intercultural, cuyo docente coordinador, Byron Cevallos, estuvo en la Plaza P\u00fablica del MZ14 Centro de Producci\u00f3n, al igual que el docente coordinador de la carrera de Literatura, Andr\u00e9s Land\u00e1zuri.<\/p>\n\n\n<div class=\"wp-block-image\">\n<figure class=\"aligncenter size-large\"><img fetchpriority=\"high\" decoding=\"async\" width=\"644\" height=\"421\" src=\"https:\/\/www.uartes.edu.ec\/sitio\/wp-content\/uploads\/2025\/04\/Literatura31-644x421.jpg\" alt=\"\" class=\"wp-image-70259\" srcset=\"https:\/\/www.uartes.edu.ec\/sitio\/wp-content\/uploads\/2025\/04\/Literatura31-644x421.jpg 644w, https:\/\/www.uartes.edu.ec\/sitio\/wp-content\/uploads\/2025\/04\/Literatura31-300x196.jpg 300w, https:\/\/www.uartes.edu.ec\/sitio\/wp-content\/uploads\/2025\/04\/Literatura31-768x502.jpg 768w, https:\/\/www.uartes.edu.ec\/sitio\/wp-content\/uploads\/2025\/04\/Literatura31-18x12.jpg 18w, https:\/\/www.uartes.edu.ec\/sitio\/wp-content\/uploads\/2025\/04\/Literatura31-400x261.jpg 400w, https:\/\/www.uartes.edu.ec\/sitio\/wp-content\/uploads\/2025\/04\/Literatura31.jpg 1522w\" sizes=\"(max-width: 644px) 100vw, 644px\" \/><\/figure>\n<\/div>\n\n\n<p>El compartir fue tambi\u00e9n clave en la bienvenida, pues la escuela recibi\u00f3 a sus estudiantes con pizza, un convite con sabor a celebraci\u00f3n, pues se festejaba el inicio de un nuevo semestre, de nuevos prop\u00f3sitos, de nuevas metas, de compartir y trabajar en conjunto. Zambrano reiter\u00f3 el deseo de conocerse m\u00e1s y, en ese sentido, propuso una din\u00e1mica.<\/p>\n\n\n\n<p>Puestos de pie y formando un c\u00edrculo, los alumnos y docentes escucharon atentos las solicitudes de la directora de la escuela de Literatura. Consist\u00edan en responder preguntas entre s\u00ed, formando parejas, primero, y luego en grupos. Unas inquietudes sorprendieron, otras provocaron risas. En la din\u00e1mica son 33, pero por el tiempo no har\u00e9 muchas, dijo Zambrano, mientras los animaba a contestarlas con sinceridad.<\/p>\n\n\n\n<p>A las preguntas le sucedieron tareas como ubicarse de acuerdo a sus fechas de nacimientos, a sus estaturas e incluso a lo largo que tienen sus cabellos. Junto con el empe\u00f1o por cumplir, notorio fue el trabajo en equipo de los tres grupos que se conformaron, con diez integrantes cada uno. Hubo di\u00e1logo y camarader\u00eda, los estudiantes pudieron conocerse mejor. Las pruebas hab\u00edan sido superadas y Zambrano concluy\u00f3 la cita reiterando estar la direcci\u00f3n, los docentes, consejeros, tutores y administrativos prestos para acompa\u00f1arlos en el proceso acad\u00e9mico, desde ya concebido como exitoso.<\/p>\n\n\n\n<figure class=\"wp-block-gallery has-nested-images columns-default is-cropped wp-block-gallery-1 is-layout-flex wp-block-gallery-is-layout-flex\">\n<figure class=\"wp-block-image size-large\"><img decoding=\"async\" width=\"644\" height=\"483\" data-id=\"70261\" src=\"https:\/\/www.uartes.edu.ec\/sitio\/wp-content\/uploads\/2025\/04\/Literatura41-644x483.jpg\" alt=\"\" class=\"wp-image-70261\" srcset=\"https:\/\/www.uartes.edu.ec\/sitio\/wp-content\/uploads\/2025\/04\/Literatura41-644x483.jpg 644w, https:\/\/www.uartes.edu.ec\/sitio\/wp-content\/uploads\/2025\/04\/Literatura41-300x225.jpg 300w, https:\/\/www.uartes.edu.ec\/sitio\/wp-content\/uploads\/2025\/04\/Literatura41-768x576.jpg 768w, https:\/\/www.uartes.edu.ec\/sitio\/wp-content\/uploads\/2025\/04\/Literatura41-1536x1152.jpg 1536w, https:\/\/www.uartes.edu.ec\/sitio\/wp-content\/uploads\/2025\/04\/Literatura41-16x12.jpg 16w, https:\/\/www.uartes.edu.ec\/sitio\/wp-content\/uploads\/2025\/04\/Literatura41-400x300.jpg 400w, https:\/\/www.uartes.edu.ec\/sitio\/wp-content\/uploads\/2025\/04\/Literatura41.jpg 1599w\" sizes=\"(max-width: 644px) 100vw, 644px\" \/><\/figure>\n\n\n\n<figure class=\"wp-block-image size-large\"><img decoding=\"async\" width=\"644\" height=\"483\" data-id=\"70260\" src=\"https:\/\/www.uartes.edu.ec\/sitio\/wp-content\/uploads\/2025\/04\/Literatura21-644x483.jpg\" alt=\"\" class=\"wp-image-70260\" srcset=\"https:\/\/www.uartes.edu.ec\/sitio\/wp-content\/uploads\/2025\/04\/Literatura21-644x483.jpg 644w, https:\/\/www.uartes.edu.ec\/sitio\/wp-content\/uploads\/2025\/04\/Literatura21-300x225.jpg 300w, https:\/\/www.uartes.edu.ec\/sitio\/wp-content\/uploads\/2025\/04\/Literatura21-768x576.jpg 768w, https:\/\/www.uartes.edu.ec\/sitio\/wp-content\/uploads\/2025\/04\/Literatura21-1536x1153.jpg 1536w, https:\/\/www.uartes.edu.ec\/sitio\/wp-content\/uploads\/2025\/04\/Literatura21-16x12.jpg 16w, https:\/\/www.uartes.edu.ec\/sitio\/wp-content\/uploads\/2025\/04\/Literatura21-400x300.jpg 400w, https:\/\/www.uartes.edu.ec\/sitio\/wp-content\/uploads\/2025\/04\/Literatura21.jpg 1599w\" sizes=\"(max-width: 644px) 100vw, 644px\" \/><\/figure>\n<\/figure>\n","protected":false},"excerpt":{"rendered":"<p>En la bienvenida que la Escuela de Literatura de la UArtes dio a sus estudiantes no hubo discursos. Su directora, Mar\u00eda Alejandra Zambrano, mantuvo m\u00e1s bien un di\u00e1logo con quienes respondieron a la invitaci\u00f3n y acudieron el viernes 4 de abril a la Plaza P\u00fablica del MZ14 Centro de Producci\u00f3n e Innovaci\u00f3n para conocer de las actividades y todo lo programado para este Semestre A 2025. La cita fue tambi\u00e9n para conocerse, perder temores y tener la seguridad de que siempre ser\u00e1n atendidos y apoyados.<\/p>\n","protected":false},"author":10,"featured_media":70283,"comment_status":"open","ping_status":"open","sticky":false,"template":"","format":"standard","meta":{"_acf_changed":false,"_uag_custom_page_level_css":"","_monsterinsights_skip_tracking":false,"_monsterinsights_sitenote_active":false,"_monsterinsights_sitenote_note":"","_monsterinsights_sitenote_category":0,"cybocfi_hide_featured_image":"","footnotes":""},"categories":[80,75,76,77,175],"tags":[521],"infouartes":[],"class_list":["post-70257","post","type-post","status-publish","format-standard","has-post-thumbnail","hentry","category-academico","category-docentes","category-estudiantes","category-gestion","category-literatura","tag-encuentro"],"acf":[],"yoast_head":"<!-- This site is optimized with the Yoast SEO plugin v27.4 - https:\/\/yoast.com\/product\/yoast-seo-wordpress\/ -->\n<title>Universidad de las Artes - Di\u00e1logo y din\u00e1mica en la bienvenida que la Escuela de Literatura dio a sus estudiantes<\/title>\n<meta name=\"description\" content=\"Universidad de las Artes - Di\u00e1logo y din\u00e1mica en la bienvenida que la Escuela de Literatura dio a sus estudiantes\" \/>\n<meta name=\"robots\" content=\"index, follow, max-snippet:-1, max-image-preview:large, max-video-preview:-1\" \/>\n<link rel=\"canonical\" href=\"https:\/\/www.uartes.edu.ec\/sitio\/blog\/2025\/04\/07\/dialogo-y-dinamica-en-la-bienvenida-que-la-escuela-de-literatura-dio-a-sus-estudiantes\/\" \/>\n<meta property=\"og:locale\" content=\"es_ES\" \/>\n<meta property=\"og:type\" content=\"article\" \/>\n<meta property=\"og:title\" content=\"Universidad de las Artes - Di\u00e1logo y din\u00e1mica en la bienvenida que la Escuela de Literatura dio a sus estudiantes\" \/>\n<meta property=\"og:description\" content=\"Universidad de las Artes - Di\u00e1logo y din\u00e1mica en la bienvenida que la Escuela de Literatura dio a sus estudiantes\" \/>\n<meta property=\"og:url\" content=\"https:\/\/www.uartes.edu.ec\/sitio\/blog\/2025\/04\/07\/dialogo-y-dinamica-en-la-bienvenida-que-la-escuela-de-literatura-dio-a-sus-estudiantes\/\" \/>\n<meta property=\"og:site_name\" content=\"Universidad de las Artes\" \/>\n<meta property=\"article:publisher\" content=\"https:\/\/www.facebook.com\/uartesec\" \/>\n<meta property=\"article:published_time\" content=\"2025-04-07T17:39:58+00:00\" \/>\n<meta property=\"article:modified_time\" content=\"2025-04-08T14:56:24+00:00\" \/>\n<meta property=\"og:image\" content=\"https:\/\/www.uartes.edu.ec\/sitio\/wp-content\/uploads\/2025\/04\/01-BIENVENIDA-ESCUELA-DE-LITERATURA-2025-WEB.jpg\" \/>\n\t<meta property=\"og:image:width\" content=\"2000\" \/>\n\t<meta property=\"og:image:height\" content=\"1333\" \/>\n\t<meta property=\"og:image:type\" content=\"image\/jpeg\" \/>\n<meta name=\"author\" content=\"ccortez\" \/>\n<meta name=\"twitter:card\" content=\"summary_large_image\" \/>\n<meta name=\"twitter:creator\" content=\"@uartesec\" \/>\n<meta name=\"twitter:site\" content=\"@uartesec\" \/>\n<meta name=\"twitter:label1\" content=\"Escrito por\" \/>\n\t<meta name=\"twitter:data1\" content=\"ccortez\" \/>\n\t<meta name=\"twitter:label2\" content=\"Tiempo de lectura\" \/>\n\t<meta name=\"twitter:data2\" content=\"3 minutos\" \/>\n<script type=\"application\/ld+json\" class=\"yoast-schema-graph\">{\"@context\":\"https:\\\/\\\/schema.org\",\"@graph\":[{\"@type\":\"Article\",\"@id\":\"https:\\\/\\\/www.uartes.edu.ec\\\/sitio\\\/blog\\\/2025\\\/04\\\/07\\\/dialogo-y-dinamica-en-la-bienvenida-que-la-escuela-de-literatura-dio-a-sus-estudiantes\\\/#article\",\"isPartOf\":{\"@id\":\"https:\\\/\\\/www.uartes.edu.ec\\\/sitio\\\/blog\\\/2025\\\/04\\\/07\\\/dialogo-y-dinamica-en-la-bienvenida-que-la-escuela-de-literatura-dio-a-sus-estudiantes\\\/\"},\"author\":{\"name\":\"ccortez\",\"@id\":\"https:\\\/\\\/www.uartes.edu.ec\\\/sitio\\\/#\\\/schema\\\/person\\\/efa1b8275797664fd7f13a79ccc0b1f4\"},\"headline\":\"Di\u00e1logo y din\u00e1mica en la bienvenida que la Escuela de Literatura dio a sus estudiantes\",\"datePublished\":\"2025-04-07T17:39:58+00:00\",\"dateModified\":\"2025-04-08T14:56:24+00:00\",\"mainEntityOfPage\":{\"@id\":\"https:\\\/\\\/www.uartes.edu.ec\\\/sitio\\\/blog\\\/2025\\\/04\\\/07\\\/dialogo-y-dinamica-en-la-bienvenida-que-la-escuela-de-literatura-dio-a-sus-estudiantes\\\/\"},\"wordCount\":402,\"commentCount\":0,\"publisher\":{\"@id\":\"https:\\\/\\\/www.uartes.edu.ec\\\/sitio\\\/#organization\"},\"image\":{\"@id\":\"https:\\\/\\\/www.uartes.edu.ec\\\/sitio\\\/blog\\\/2025\\\/04\\\/07\\\/dialogo-y-dinamica-en-la-bienvenida-que-la-escuela-de-literatura-dio-a-sus-estudiantes\\\/#primaryimage\"},\"thumbnailUrl\":\"https:\\\/\\\/www.uartes.edu.ec\\\/sitio\\\/wp-content\\\/uploads\\\/2025\\\/04\\\/01-BIENVENIDA-ESCUELA-DE-LITERATURA-2025-WEB.jpg\",\"keywords\":[\"encuentro\"],\"articleSection\":[\"Acad\u00e9mico\",\"Docentes\",\"Estudiantes\",\"Gesti\u00f3n\",\"Literatura\"],\"inLanguage\":\"es\",\"potentialAction\":[{\"@type\":\"CommentAction\",\"name\":\"Comment\",\"target\":[\"https:\\\/\\\/www.uartes.edu.ec\\\/sitio\\\/blog\\\/2025\\\/04\\\/07\\\/dialogo-y-dinamica-en-la-bienvenida-que-la-escuela-de-literatura-dio-a-sus-estudiantes\\\/#respond\"]}]},{\"@type\":[\"WebPage\",\"ItemPage\"],\"@id\":\"https:\\\/\\\/www.uartes.edu.ec\\\/sitio\\\/blog\\\/2025\\\/04\\\/07\\\/dialogo-y-dinamica-en-la-bienvenida-que-la-escuela-de-literatura-dio-a-sus-estudiantes\\\/\",\"url\":\"https:\\\/\\\/www.uartes.edu.ec\\\/sitio\\\/blog\\\/2025\\\/04\\\/07\\\/dialogo-y-dinamica-en-la-bienvenida-que-la-escuela-de-literatura-dio-a-sus-estudiantes\\\/\",\"name\":\"Universidad de las Artes - Di\u00e1logo y din\u00e1mica en la bienvenida que la Escuela de Literatura dio a sus estudiantes\",\"isPartOf\":{\"@id\":\"https:\\\/\\\/www.uartes.edu.ec\\\/sitio\\\/#website\"},\"primaryImageOfPage\":{\"@id\":\"https:\\\/\\\/www.uartes.edu.ec\\\/sitio\\\/blog\\\/2025\\\/04\\\/07\\\/dialogo-y-dinamica-en-la-bienvenida-que-la-escuela-de-literatura-dio-a-sus-estudiantes\\\/#primaryimage\"},\"image\":{\"@id\":\"https:\\\/\\\/www.uartes.edu.ec\\\/sitio\\\/blog\\\/2025\\\/04\\\/07\\\/dialogo-y-dinamica-en-la-bienvenida-que-la-escuela-de-literatura-dio-a-sus-estudiantes\\\/#primaryimage\"},\"thumbnailUrl\":\"https:\\\/\\\/www.uartes.edu.ec\\\/sitio\\\/wp-content\\\/uploads\\\/2025\\\/04\\\/01-BIENVENIDA-ESCUELA-DE-LITERATURA-2025-WEB.jpg\",\"datePublished\":\"2025-04-07T17:39:58+00:00\",\"dateModified\":\"2025-04-08T14:56:24+00:00\",\"description\":\"Universidad de las Artes - Di\u00e1logo y din\u00e1mica en la bienvenida que la Escuela de Literatura dio a sus estudiantes\",\"breadcrumb\":{\"@id\":\"https:\\\/\\\/www.uartes.edu.ec\\\/sitio\\\/blog\\\/2025\\\/04\\\/07\\\/dialogo-y-dinamica-en-la-bienvenida-que-la-escuela-de-literatura-dio-a-sus-estudiantes\\\/#breadcrumb\"},\"inLanguage\":\"es\",\"potentialAction\":[{\"@type\":\"ReadAction\",\"target\":[\"https:\\\/\\\/www.uartes.edu.ec\\\/sitio\\\/blog\\\/2025\\\/04\\\/07\\\/dialogo-y-dinamica-en-la-bienvenida-que-la-escuela-de-literatura-dio-a-sus-estudiantes\\\/\"]}]},{\"@type\":\"ImageObject\",\"inLanguage\":\"es\",\"@id\":\"https:\\\/\\\/www.uartes.edu.ec\\\/sitio\\\/blog\\\/2025\\\/04\\\/07\\\/dialogo-y-dinamica-en-la-bienvenida-que-la-escuela-de-literatura-dio-a-sus-estudiantes\\\/#primaryimage\",\"url\":\"https:\\\/\\\/www.uartes.edu.ec\\\/sitio\\\/wp-content\\\/uploads\\\/2025\\\/04\\\/01-BIENVENIDA-ESCUELA-DE-LITERATURA-2025-WEB.jpg\",\"contentUrl\":\"https:\\\/\\\/www.uartes.edu.ec\\\/sitio\\\/wp-content\\\/uploads\\\/2025\\\/04\\\/01-BIENVENIDA-ESCUELA-DE-LITERATURA-2025-WEB.jpg\",\"width\":2000,\"height\":1333},{\"@type\":\"BreadcrumbList\",\"@id\":\"https:\\\/\\\/www.uartes.edu.ec\\\/sitio\\\/blog\\\/2025\\\/04\\\/07\\\/dialogo-y-dinamica-en-la-bienvenida-que-la-escuela-de-literatura-dio-a-sus-estudiantes\\\/#breadcrumb\",\"itemListElement\":[{\"@type\":\"ListItem\",\"position\":1,\"name\":\"Inicio\",\"item\":\"https:\\\/\\\/www.uartes.edu.ec\\\/sitio\\\/\"},{\"@type\":\"ListItem\",\"position\":2,\"name\":\"Di\u00e1logo y din\u00e1mica en la bienvenida que la Escuela de Literatura dio a sus estudiantes\"}]},{\"@type\":\"WebSite\",\"@id\":\"https:\\\/\\\/www.uartes.edu.ec\\\/sitio\\\/#website\",\"url\":\"https:\\\/\\\/www.uartes.edu.ec\\\/sitio\\\/\",\"name\":\"Universidad de las Artes\",\"description\":\"Sitio oficial de la Universidad Nacional de las Artes del Ecuador\",\"publisher\":{\"@id\":\"https:\\\/\\\/www.uartes.edu.ec\\\/sitio\\\/#organization\"},\"potentialAction\":[{\"@type\":\"SearchAction\",\"target\":{\"@type\":\"EntryPoint\",\"urlTemplate\":\"https:\\\/\\\/www.uartes.edu.ec\\\/sitio\\\/?s={search_term_string}\"},\"query-input\":{\"@type\":\"PropertyValueSpecification\",\"valueRequired\":true,\"valueName\":\"search_term_string\"}}],\"inLanguage\":\"es\"},{\"@type\":\"Organization\",\"@id\":\"https:\\\/\\\/www.uartes.edu.ec\\\/sitio\\\/#organization\",\"name\":\"Universidad de las Artes\",\"url\":\"https:\\\/\\\/www.uartes.edu.ec\\\/sitio\\\/\",\"logo\":{\"@type\":\"ImageObject\",\"inLanguage\":\"es\",\"@id\":\"https:\\\/\\\/www.uartes.edu.ec\\\/sitio\\\/#\\\/schema\\\/logo\\\/image\\\/\",\"url\":\"https:\\\/\\\/www.uartes.edu.ec\\\/sitio\\\/wp-content\\\/uploads\\\/2022\\\/07\\\/logo-ua-horizontal.png\",\"contentUrl\":\"https:\\\/\\\/www.uartes.edu.ec\\\/sitio\\\/wp-content\\\/uploads\\\/2022\\\/07\\\/logo-ua-horizontal.png\",\"width\":800,\"height\":276,\"caption\":\"Universidad de las Artes\"},\"image\":{\"@id\":\"https:\\\/\\\/www.uartes.edu.ec\\\/sitio\\\/#\\\/schema\\\/logo\\\/image\\\/\"},\"sameAs\":[\"https:\\\/\\\/www.facebook.com\\\/uartesec\",\"https:\\\/\\\/x.com\\\/uartesec\",\"https:\\\/\\\/www.tiktok.com\\\/@uartesec\"]},{\"@type\":\"Person\",\"@id\":\"https:\\\/\\\/www.uartes.edu.ec\\\/sitio\\\/#\\\/schema\\\/person\\\/efa1b8275797664fd7f13a79ccc0b1f4\",\"name\":\"ccortez\",\"image\":{\"@type\":\"ImageObject\",\"inLanguage\":\"es\",\"@id\":\"https:\\\/\\\/secure.gravatar.com\\\/avatar\\\/b2a6f664a3ae8e074346ef91775736c5ec479e637ecced6842de9dc98b5da9cd?s=96&d=mm&r=g\",\"url\":\"https:\\\/\\\/secure.gravatar.com\\\/avatar\\\/b2a6f664a3ae8e074346ef91775736c5ec479e637ecced6842de9dc98b5da9cd?s=96&d=mm&r=g\",\"contentUrl\":\"https:\\\/\\\/secure.gravatar.com\\\/avatar\\\/b2a6f664a3ae8e074346ef91775736c5ec479e637ecced6842de9dc98b5da9cd?s=96&d=mm&r=g\",\"caption\":\"ccortez\"},\"url\":\"https:\\\/\\\/www.uartes.edu.ec\\\/sitio\\\/blog\\\/author\\\/ccortez\\\/\"}]}<\/script>\n<!-- \/ Yoast SEO plugin. -->","yoast_head_json":{"title":"Universidad de las Artes - Di\u00e1logo y din\u00e1mica en la bienvenida que la Escuela de Literatura dio a sus estudiantes","description":"Universidad de las Artes - Di\u00e1logo y din\u00e1mica en la bienvenida que la Escuela de Literatura dio a sus estudiantes","robots":{"index":"index","follow":"follow","max-snippet":"max-snippet:-1","max-image-preview":"max-image-preview:large","max-video-preview":"max-video-preview:-1"},"canonical":"https:\/\/www.uartes.edu.ec\/sitio\/blog\/2025\/04\/07\/dialogo-y-dinamica-en-la-bienvenida-que-la-escuela-de-literatura-dio-a-sus-estudiantes\/","og_locale":"es_ES","og_type":"article","og_title":"Universidad de las Artes - Di\u00e1logo y din\u00e1mica en la bienvenida que la Escuela de Literatura dio a sus estudiantes","og_description":"Universidad de las Artes - Di\u00e1logo y din\u00e1mica en la bienvenida que la Escuela de Literatura dio a sus estudiantes","og_url":"https:\/\/www.uartes.edu.ec\/sitio\/blog\/2025\/04\/07\/dialogo-y-dinamica-en-la-bienvenida-que-la-escuela-de-literatura-dio-a-sus-estudiantes\/","og_site_name":"Universidad de las Artes","article_publisher":"https:\/\/www.facebook.com\/uartesec","article_published_time":"2025-04-07T17:39:58+00:00","article_modified_time":"2025-04-08T14:56:24+00:00","og_image":[{"width":2000,"height":1333,"url":"https:\/\/www.uartes.edu.ec\/sitio\/wp-content\/uploads\/2025\/04\/01-BIENVENIDA-ESCUELA-DE-LITERATURA-2025-WEB.jpg","type":"image\/jpeg"}],"author":"ccortez","twitter_card":"summary_large_image","twitter_creator":"@uartesec","twitter_site":"@uartesec","twitter_misc":{"Escrito por":"ccortez","Tiempo de lectura":"3 minutos"},"schema":{"@context":"https:\/\/schema.org","@graph":[{"@type":"Article","@id":"https:\/\/www.uartes.edu.ec\/sitio\/blog\/2025\/04\/07\/dialogo-y-dinamica-en-la-bienvenida-que-la-escuela-de-literatura-dio-a-sus-estudiantes\/#article","isPartOf":{"@id":"https:\/\/www.uartes.edu.ec\/sitio\/blog\/2025\/04\/07\/dialogo-y-dinamica-en-la-bienvenida-que-la-escuela-de-literatura-dio-a-sus-estudiantes\/"},"author":{"name":"ccortez","@id":"https:\/\/www.uartes.edu.ec\/sitio\/#\/schema\/person\/efa1b8275797664fd7f13a79ccc0b1f4"},"headline":"Di\u00e1logo y din\u00e1mica en la bienvenida que la Escuela de Literatura dio a sus estudiantes","datePublished":"2025-04-07T17:39:58+00:00","dateModified":"2025-04-08T14:56:24+00:00","mainEntityOfPage":{"@id":"https:\/\/www.uartes.edu.ec\/sitio\/blog\/2025\/04\/07\/dialogo-y-dinamica-en-la-bienvenida-que-la-escuela-de-literatura-dio-a-sus-estudiantes\/"},"wordCount":402,"commentCount":0,"publisher":{"@id":"https:\/\/www.uartes.edu.ec\/sitio\/#organization"},"image":{"@id":"https:\/\/www.uartes.edu.ec\/sitio\/blog\/2025\/04\/07\/dialogo-y-dinamica-en-la-bienvenida-que-la-escuela-de-literatura-dio-a-sus-estudiantes\/#primaryimage"},"thumbnailUrl":"https:\/\/www.uartes.edu.ec\/sitio\/wp-content\/uploads\/2025\/04\/01-BIENVENIDA-ESCUELA-DE-LITERATURA-2025-WEB.jpg","keywords":["encuentro"],"articleSection":["Acad\u00e9mico","Docentes","Estudiantes","Gesti\u00f3n","Literatura"],"inLanguage":"es","potentialAction":[{"@type":"CommentAction","name":"Comment","target":["https:\/\/www.uartes.edu.ec\/sitio\/blog\/2025\/04\/07\/dialogo-y-dinamica-en-la-bienvenida-que-la-escuela-de-literatura-dio-a-sus-estudiantes\/#respond"]}]},{"@type":["WebPage","ItemPage"],"@id":"https:\/\/www.uartes.edu.ec\/sitio\/blog\/2025\/04\/07\/dialogo-y-dinamica-en-la-bienvenida-que-la-escuela-de-literatura-dio-a-sus-estudiantes\/","url":"https:\/\/www.uartes.edu.ec\/sitio\/blog\/2025\/04\/07\/dialogo-y-dinamica-en-la-bienvenida-que-la-escuela-de-literatura-dio-a-sus-estudiantes\/","name":"Universidad de las Artes - Di\u00e1logo y din\u00e1mica en la bienvenida que la Escuela de Literatura dio a sus estudiantes","isPartOf":{"@id":"https:\/\/www.uartes.edu.ec\/sitio\/#website"},"primaryImageOfPage":{"@id":"https:\/\/www.uartes.edu.ec\/sitio\/blog\/2025\/04\/07\/dialogo-y-dinamica-en-la-bienvenida-que-la-escuela-de-literatura-dio-a-sus-estudiantes\/#primaryimage"},"image":{"@id":"https:\/\/www.uartes.edu.ec\/sitio\/blog\/2025\/04\/07\/dialogo-y-dinamica-en-la-bienvenida-que-la-escuela-de-literatura-dio-a-sus-estudiantes\/#primaryimage"},"thumbnailUrl":"https:\/\/www.uartes.edu.ec\/sitio\/wp-content\/uploads\/2025\/04\/01-BIENVENIDA-ESCUELA-DE-LITERATURA-2025-WEB.jpg","datePublished":"2025-04-07T17:39:58+00:00","dateModified":"2025-04-08T14:56:24+00:00","description":"Universidad de las Artes - Di\u00e1logo y din\u00e1mica en la bienvenida que la Escuela de Literatura dio a sus estudiantes","breadcrumb":{"@id":"https:\/\/www.uartes.edu.ec\/sitio\/blog\/2025\/04\/07\/dialogo-y-dinamica-en-la-bienvenida-que-la-escuela-de-literatura-dio-a-sus-estudiantes\/#breadcrumb"},"inLanguage":"es","potentialAction":[{"@type":"ReadAction","target":["https:\/\/www.uartes.edu.ec\/sitio\/blog\/2025\/04\/07\/dialogo-y-dinamica-en-la-bienvenida-que-la-escuela-de-literatura-dio-a-sus-estudiantes\/"]}]},{"@type":"ImageObject","inLanguage":"es","@id":"https:\/\/www.uartes.edu.ec\/sitio\/blog\/2025\/04\/07\/dialogo-y-dinamica-en-la-bienvenida-que-la-escuela-de-literatura-dio-a-sus-estudiantes\/#primaryimage","url":"https:\/\/www.uartes.edu.ec\/sitio\/wp-content\/uploads\/2025\/04\/01-BIENVENIDA-ESCUELA-DE-LITERATURA-2025-WEB.jpg","contentUrl":"https:\/\/www.uartes.edu.ec\/sitio\/wp-content\/uploads\/2025\/04\/01-BIENVENIDA-ESCUELA-DE-LITERATURA-2025-WEB.jpg","width":2000,"height":1333},{"@type":"BreadcrumbList","@id":"https:\/\/www.uartes.edu.ec\/sitio\/blog\/2025\/04\/07\/dialogo-y-dinamica-en-la-bienvenida-que-la-escuela-de-literatura-dio-a-sus-estudiantes\/#breadcrumb","itemListElement":[{"@type":"ListItem","position":1,"name":"Inicio","item":"https:\/\/www.uartes.edu.ec\/sitio\/"},{"@type":"ListItem","position":2,"name":"Di\u00e1logo y din\u00e1mica en la bienvenida que la Escuela de Literatura dio a sus estudiantes"}]},{"@type":"WebSite","@id":"https:\/\/www.uartes.edu.ec\/sitio\/#website","url":"https:\/\/www.uartes.edu.ec\/sitio\/","name":"Universidad de las Artes","description":"Sitio oficial de la Universidad Nacional de las Artes del Ecuador","publisher":{"@id":"https:\/\/www.uartes.edu.ec\/sitio\/#organization"},"potentialAction":[{"@type":"SearchAction","target":{"@type":"EntryPoint","urlTemplate":"https:\/\/www.uartes.edu.ec\/sitio\/?s={search_term_string}"},"query-input":{"@type":"PropertyValueSpecification","valueRequired":true,"valueName":"search_term_string"}}],"inLanguage":"es"},{"@type":"Organization","@id":"https:\/\/www.uartes.edu.ec\/sitio\/#organization","name":"Universidad de las Artes","url":"https:\/\/www.uartes.edu.ec\/sitio\/","logo":{"@type":"ImageObject","inLanguage":"es","@id":"https:\/\/www.uartes.edu.ec\/sitio\/#\/schema\/logo\/image\/","url":"https:\/\/www.uartes.edu.ec\/sitio\/wp-content\/uploads\/2022\/07\/logo-ua-horizontal.png","contentUrl":"https:\/\/www.uartes.edu.ec\/sitio\/wp-content\/uploads\/2022\/07\/logo-ua-horizontal.png","width":800,"height":276,"caption":"Universidad de las Artes"},"image":{"@id":"https:\/\/www.uartes.edu.ec\/sitio\/#\/schema\/logo\/image\/"},"sameAs":["https:\/\/www.facebook.com\/uartesec","https:\/\/x.com\/uartesec","https:\/\/www.tiktok.com\/@uartesec"]},{"@type":"Person","@id":"https:\/\/www.uartes.edu.ec\/sitio\/#\/schema\/person\/efa1b8275797664fd7f13a79ccc0b1f4","name":"ccortez","image":{"@type":"ImageObject","inLanguage":"es","@id":"https:\/\/secure.gravatar.com\/avatar\/b2a6f664a3ae8e074346ef91775736c5ec479e637ecced6842de9dc98b5da9cd?s=96&d=mm&r=g","url":"https:\/\/secure.gravatar.com\/avatar\/b2a6f664a3ae8e074346ef91775736c5ec479e637ecced6842de9dc98b5da9cd?s=96&d=mm&r=g","contentUrl":"https:\/\/secure.gravatar.com\/avatar\/b2a6f664a3ae8e074346ef91775736c5ec479e637ecced6842de9dc98b5da9cd?s=96&d=mm&r=g","caption":"ccortez"},"url":"https:\/\/www.uartes.edu.ec\/sitio\/blog\/author\/ccortez\/"}]}},"uagb_featured_image_src":{"full":["https:\/\/www.uartes.edu.ec\/sitio\/wp-content\/uploads\/2025\/04\/01-BIENVENIDA-ESCUELA-DE-LITERATURA-2025-WEB.jpg",2000,1333,false],"thumbnail":["https:\/\/www.uartes.edu.ec\/sitio\/wp-content\/uploads\/2025\/04\/01-BIENVENIDA-ESCUELA-DE-LITERATURA-2025-WEB-150x150.jpg",150,150,true],"medium":["https:\/\/www.uartes.edu.ec\/sitio\/wp-content\/uploads\/2025\/04\/01-BIENVENIDA-ESCUELA-DE-LITERATURA-2025-WEB-300x200.jpg",300,200,true],"medium_large":["https:\/\/www.uartes.edu.ec\/sitio\/wp-content\/uploads\/2025\/04\/01-BIENVENIDA-ESCUELA-DE-LITERATURA-2025-WEB-768x512.jpg",768,512,true],"large":["https:\/\/www.uartes.edu.ec\/sitio\/wp-content\/uploads\/2025\/04\/01-BIENVENIDA-ESCUELA-DE-LITERATURA-2025-WEB-644x429.jpg",644,429,true],"1536x1536":["https:\/\/www.uartes.edu.ec\/sitio\/wp-content\/uploads\/2025\/04\/01-BIENVENIDA-ESCUELA-DE-LITERATURA-2025-WEB-1536x1024.jpg",1536,1024,true],"2048x2048":["https:\/\/www.uartes.edu.ec\/sitio\/wp-content\/uploads\/2025\/04\/01-BIENVENIDA-ESCUELA-DE-LITERATURA-2025-WEB.jpg",2000,1333,false],"trp-custom-language-flag":["https:\/\/www.uartes.edu.ec\/sitio\/wp-content\/uploads\/2025\/04\/01-BIENVENIDA-ESCUELA-DE-LITERATURA-2025-WEB-18x12.jpg",18,12,true],"htmega_size_585x295":["https:\/\/www.uartes.edu.ec\/sitio\/wp-content\/uploads\/2025\/04\/01-BIENVENIDA-ESCUELA-DE-LITERATURA-2025-WEB-585x295.jpg",585,295,true],"htmega_size_1170x536":["https:\/\/www.uartes.edu.ec\/sitio\/wp-content\/uploads\/2025\/04\/01-BIENVENIDA-ESCUELA-DE-LITERATURA-2025-WEB-1170x536.jpg",1170,536,true],"htmega_size_396x360":["https:\/\/www.uartes.edu.ec\/sitio\/wp-content\/uploads\/2025\/04\/01-BIENVENIDA-ESCUELA-DE-LITERATURA-2025-WEB-396x360.jpg",396,360,true],"gb-block-post-grid-landscape":["https:\/\/www.uartes.edu.ec\/sitio\/wp-content\/uploads\/2025\/04\/01-BIENVENIDA-ESCUELA-DE-LITERATURA-2025-WEB-600x400.jpg",600,400,true],"gb-block-post-grid-square":["https:\/\/www.uartes.edu.ec\/sitio\/wp-content\/uploads\/2025\/04\/01-BIENVENIDA-ESCUELA-DE-LITERATURA-2025-WEB-600x600.jpg",600,600,true],"university-hub-thumb":["https:\/\/www.uartes.edu.ec\/sitio\/wp-content\/uploads\/2025\/04\/01-BIENVENIDA-ESCUELA-DE-LITERATURA-2025-WEB-400x267.jpg",400,267,true]},"uagb_author_info":{"display_name":"ccortez","author_link":"https:\/\/www.uartes.edu.ec\/sitio\/blog\/author\/ccortez\/"},"uagb_comment_info":0,"uagb_excerpt":"En la bienvenida que la Escuela de Literatura de la UArtes dio a sus estudiantes no hubo discursos. Su directora, Mar\u00eda Alejandra Zambrano, mantuvo m\u00e1s bien un di\u00e1logo con quienes respondieron a la invitaci\u00f3n y acudieron el viernes 4 de abril a la Plaza P\u00fablica del MZ14 Centro de Producci\u00f3n e Innovaci\u00f3n para conocer de&hellip;","featured_image_src":"https:\/\/www.uartes.edu.ec\/sitio\/wp-content\/uploads\/2025\/04\/01-BIENVENIDA-ESCUELA-DE-LITERATURA-2025-WEB-600x400.jpg","featured_image_src_square":"https:\/\/www.uartes.edu.ec\/sitio\/wp-content\/uploads\/2025\/04\/01-BIENVENIDA-ESCUELA-DE-LITERATURA-2025-WEB-600x600.jpg","author_info":{"display_name":"ccortez","author_link":"https:\/\/www.uartes.edu.ec\/sitio\/blog\/author\/ccortez\/"},"publishpress_future_workflow_manual_trigger":{"enabledWorkflows":[]},"distributor_meta":false,"distributor_terms":false,"distributor_media":false,"distributor_original_site_name":"Universidad de las Artes","distributor_original_site_url":"https:\/\/www.uartes.edu.ec\/sitio","push-errors":false,"_links":{"self":[{"href":"https:\/\/www.uartes.edu.ec\/sitio\/wp-json\/wp\/v2\/posts\/70257","targetHints":{"allow":["GET"]}}],"collection":[{"href":"https:\/\/www.uartes.edu.ec\/sitio\/wp-json\/wp\/v2\/posts"}],"about":[{"href":"https:\/\/www.uartes.edu.ec\/sitio\/wp-json\/wp\/v2\/types\/post"}],"author":[{"embeddable":true,"href":"https:\/\/www.uartes.edu.ec\/sitio\/wp-json\/wp\/v2\/users\/10"}],"replies":[{"embeddable":true,"href":"https:\/\/www.uartes.edu.ec\/sitio\/wp-json\/wp\/v2\/comments?post=70257"}],"version-history":[{"count":1,"href":"https:\/\/www.uartes.edu.ec\/sitio\/wp-json\/wp\/v2\/posts\/70257\/revisions"}],"predecessor-version":[{"id":70263,"href":"https:\/\/www.uartes.edu.ec\/sitio\/wp-json\/wp\/v2\/posts\/70257\/revisions\/70263"}],"wp:featuredmedia":[{"embeddable":true,"href":"https:\/\/www.uartes.edu.ec\/sitio\/wp-json\/wp\/v2\/media\/70283"}],"wp:attachment":[{"href":"https:\/\/www.uartes.edu.ec\/sitio\/wp-json\/wp\/v2\/media?parent=70257"}],"wp:term":[{"taxonomy":"category","embeddable":true,"href":"https:\/\/www.uartes.edu.ec\/sitio\/wp-json\/wp\/v2\/categories?post=70257"},{"taxonomy":"post_tag","embeddable":true,"href":"https:\/\/www.uartes.edu.ec\/sitio\/wp-json\/wp\/v2\/tags?post=70257"},{"taxonomy":"infouartes","embeddable":true,"href":"https:\/\/www.uartes.edu.ec\/sitio\/wp-json\/wp\/v2\/infouartes?post=70257"}],"curies":[{"name":"wp","href":"https:\/\/api.w.org\/{rel}","templated":true}]}}