{"id":70293,"date":"2025-04-08T18:39:04","date_gmt":"2025-04-08T23:39:04","guid":{"rendered":"https:\/\/www.uartes.edu.ec\/sitio\/?p=70293"},"modified":"2025-04-08T18:42:52","modified_gmt":"2025-04-08T23:42:52","slug":"representantes-estudiantiles-ante-el-ocs-periodo-2025-ya-participan-de-sus-sesiones","status":"publish","type":"post","link":"https:\/\/www.uartes.edu.ec\/sitio\/blog\/2025\/04\/08\/representantes-estudiantiles-ante-el-ocs-periodo-2025-ya-participan-de-sus-sesiones\/","title":{"rendered":"Representantes estudiantiles ante el OCS periodo 2025 ya participan de sus sesiones"},"content":{"rendered":"\n<p>Cinco son los representantes que tiene la comunidad estudiantil de la Universidad de las Artes ante el \u00d3rgano Colegiado Superior para el periodo 2025. El 28 de marzo pasado fueron presentados ante los dem\u00e1s miembros en un acto virtual y el 2 de abril anterior participaron en su primera sesi\u00f3n como parte del OCS; unos lo hicieron de manera presencial y otros, telem\u00e1tica.<\/p>\n\n\n\n<p>En el OCS, por la Escuela de Artes Visuales intervienen Angie Ponce, como principal, y \u00c1mbar Arreaga, como suplente. Por la Escuela de Artes Esc\u00e9nicas, Michael Santana, principal, no tiene suplente. Por la Escuela de Literatura, Gabriel Delgado, principal, y Camila Ruiz, suplente. Por la Escuela de Artes Sonoras, Estiven Copa, principal, sin suplente. Y por la Escuela de Posgrados, Paul Velasco, principal, Claudia Cardona, suplente.<\/p>\n\n\n\n<p>Al igual que los representantes de los servidores y trabajadores, cuyo periodo de funciones es de dos a\u00f1os, los estudiantes se postularon y participaron en el proceso democr\u00e1tico de elecci\u00f3n, efectuado el 31 de enero en modalidad online. Ese d\u00eda tambi\u00e9n fueron elegidos los representantes estudiantiles y administrativos ante los Consejos Directivos de Escuela. Tanto el OCS como los CDE son organismos de cogobierno. &nbsp;<\/p>\n\n\n<div class=\"wp-block-image\">\n<figure class=\"aligncenter size-large\"><img fetchpriority=\"high\" decoding=\"async\" width=\"644\" height=\"429\" src=\"https:\/\/www.uartes.edu.ec\/sitio\/wp-content\/uploads\/2025\/04\/04-SESION-REPRESENTANTES-ESTUDIANTILES-OCS-644x429.jpg\" alt=\"\" class=\"wp-image-70295\" srcset=\"https:\/\/www.uartes.edu.ec\/sitio\/wp-content\/uploads\/2025\/04\/04-SESION-REPRESENTANTES-ESTUDIANTILES-OCS-644x429.jpg 644w, https:\/\/www.uartes.edu.ec\/sitio\/wp-content\/uploads\/2025\/04\/04-SESION-REPRESENTANTES-ESTUDIANTILES-OCS-300x200.jpg 300w, https:\/\/www.uartes.edu.ec\/sitio\/wp-content\/uploads\/2025\/04\/04-SESION-REPRESENTANTES-ESTUDIANTILES-OCS-768x512.jpg 768w, https:\/\/www.uartes.edu.ec\/sitio\/wp-content\/uploads\/2025\/04\/04-SESION-REPRESENTANTES-ESTUDIANTILES-OCS-1536x1024.jpg 1536w, https:\/\/www.uartes.edu.ec\/sitio\/wp-content\/uploads\/2025\/04\/04-SESION-REPRESENTANTES-ESTUDIANTILES-OCS-18x12.jpg 18w, https:\/\/www.uartes.edu.ec\/sitio\/wp-content\/uploads\/2025\/04\/04-SESION-REPRESENTANTES-ESTUDIANTILES-OCS-600x400.jpg 600w, https:\/\/www.uartes.edu.ec\/sitio\/wp-content\/uploads\/2025\/04\/04-SESION-REPRESENTANTES-ESTUDIANTILES-OCS-400x267.jpg 400w, https:\/\/www.uartes.edu.ec\/sitio\/wp-content\/uploads\/2025\/04\/04-SESION-REPRESENTANTES-ESTUDIANTILES-OCS.jpg 2000w\" sizes=\"(max-width: 644px) 100vw, 644px\" \/><\/figure>\n<\/div>\n\n\n<p>De los representantes estudiantiles en el OCS, a la sesi\u00f3n n\u00famero 10, efectuada en la sala del organismo que est\u00e1 ubicada en el primer piso del patrimonial edificio El Tel\u00e9grafo, acudieron Angie Ponce y Pa\u00fal Velasco (foto sobre estas l\u00edneas). En el orden del d\u00eda, se dieron a conocer y abordaron temas como la designaci\u00f3n de los representantes acad\u00e9micos ante el Tribunal Electoral (TE) UArtes, la aprobaci\u00f3n de la reforma al calendario acad\u00e9mico, la pol\u00edtica de protecci\u00f3n de datos personales de la instituci\u00f3n y la reforma al reglamento de posgrados.<\/p>\n\n\n\n<h3 class=\"wp-block-heading\">Di\u00e1logo con dos de los cinco representantes estudiantiles<\/h3>\n\n\n\n<p>Angie Ponce, quien cursa el quinto semestre de la carrera de Artes Visuales, destac\u00f3 la importancia del an\u00e1lisis y de la toma de decisiones que se hacen en el seno del OCS. Justamente, fue por su sentido de cogobierno, ya que es tambi\u00e9n una autoridad dentro de la universidad, que decidi\u00f3 postularse para representar a su escuela. \u201cEl a\u00f1o pasado no la tuvo y consider\u00e9 que era necesario tener presencia\u201d.<\/p>\n\n\n\n<p>Estar en el OCS le permitir\u00e1, dijo, trasladar las inquietudes de la comunidad estudiantil y su propia experiencia. A la primera sesi\u00f3n, Angie revel\u00f3 haber llegado con muchas expectativas, las cuales vio cumplirse, pues pudo conocer m\u00e1s sobre del \u00e1mbito administrativo y la toma de decisiones, del an\u00e1lisis de los reglamentos y de los criterios de sus miembros.<\/p>\n\n\n<div class=\"wp-block-image\">\n<figure class=\"aligncenter size-large\"><img decoding=\"async\" width=\"644\" height=\"429\" src=\"https:\/\/www.uartes.edu.ec\/sitio\/wp-content\/uploads\/2025\/04\/03-SESION-REPRESENTANTES-ESTUDIANTILES-OCS-644x429.jpg\" alt=\"\" class=\"wp-image-70296\" srcset=\"https:\/\/www.uartes.edu.ec\/sitio\/wp-content\/uploads\/2025\/04\/03-SESION-REPRESENTANTES-ESTUDIANTILES-OCS-644x429.jpg 644w, https:\/\/www.uartes.edu.ec\/sitio\/wp-content\/uploads\/2025\/04\/03-SESION-REPRESENTANTES-ESTUDIANTILES-OCS-300x200.jpg 300w, https:\/\/www.uartes.edu.ec\/sitio\/wp-content\/uploads\/2025\/04\/03-SESION-REPRESENTANTES-ESTUDIANTILES-OCS-768x512.jpg 768w, https:\/\/www.uartes.edu.ec\/sitio\/wp-content\/uploads\/2025\/04\/03-SESION-REPRESENTANTES-ESTUDIANTILES-OCS-1536x1024.jpg 1536w, https:\/\/www.uartes.edu.ec\/sitio\/wp-content\/uploads\/2025\/04\/03-SESION-REPRESENTANTES-ESTUDIANTILES-OCS-18x12.jpg 18w, https:\/\/www.uartes.edu.ec\/sitio\/wp-content\/uploads\/2025\/04\/03-SESION-REPRESENTANTES-ESTUDIANTILES-OCS-600x400.jpg 600w, https:\/\/www.uartes.edu.ec\/sitio\/wp-content\/uploads\/2025\/04\/03-SESION-REPRESENTANTES-ESTUDIANTILES-OCS-400x267.jpg 400w, https:\/\/www.uartes.edu.ec\/sitio\/wp-content\/uploads\/2025\/04\/03-SESION-REPRESENTANTES-ESTUDIANTILES-OCS.jpg 2000w\" sizes=\"(max-width: 644px) 100vw, 644px\" \/><figcaption class=\"wp-element-caption\">La alumna Angie Ponce durante su primera sesi\u00f3n como representante estudiantil en el OCS.<\/figcaption><\/figure>\n<\/div>\n\n\n<p>\u201cSer parte del OCS es una responsabilidad sumamente grande porque aparte de que represento a la Escuela de Artes Visuales tambi\u00e9n soy una representante del estudiantado en s\u00ed. Me interes\u00f3 asumirla y por ello me postul\u00e9, y me gustar\u00eda hacer propuestas y transmitir aquellas que mis compa\u00f1eros me puedan plantear, son propuestas de mejoramiento y las vamos a tomar\u201d, dijo.<\/p>\n\n\n\n<p>De su participaci\u00f3n en el OCS como representante estudiantil de la Escuela de Literatura, Gabriel Delgado, quien cursa el s\u00e9ptimo semestre de la licenciatura, revel\u00f3 que siempre le ha parecido fundamental que las y los estudiantes puedan ocupar espacios de decisi\u00f3n. \u201cNo solo para tener voz, sino tambi\u00e9n para incidir activamente en los procesos que afectan nuestro proceso de formaci\u00f3n\u201d.<\/p>\n\n\n\n<p>A la pregunta de qu\u00e9 lo anim\u00f3 a postularse como representante estudiantil ante el OCS, Delgado sostuvo que lo hizo porque considera que una representaci\u00f3n \u201cdebe ser una herramienta real desde la cual dar cuenta de nuestras necesidades, preocupaciones e ideas\u201d.<\/p>\n\n\n\n<p>Confes\u00f3 que al inici\u00f3 no conoc\u00eda mucho sobre las responsabilidades espec\u00edficas del OCS, sin embargo, siempre estuvo en la b\u00fasqueda de un espacio donde pudiera incidir de forma real como parte del cuerpo estudiantil. \u201cEn un principio cre\u00ed err\u00f3neamente que ese espacio era el Consejo Estudiantil, por lo que me postul\u00e9 el a\u00f1o pasado. Con el tiempo, y ya siendo parte del OCS, he comprendido el verdadero alcance y compromiso que implica formar parte de este organismo institucional\u201d.<\/p>\n\n\n<div class=\"wp-block-image\">\n<figure class=\"aligncenter size-large\"><img decoding=\"async\" width=\"644\" height=\"429\" src=\"https:\/\/www.uartes.edu.ec\/sitio\/wp-content\/uploads\/2024\/11\/31-EDITORIAL-ENTROPICA-644x429.jpg\" alt=\"\" class=\"wp-image-64421\" srcset=\"https:\/\/www.uartes.edu.ec\/sitio\/wp-content\/uploads\/2024\/11\/31-EDITORIAL-ENTROPICA-644x429.jpg 644w, https:\/\/www.uartes.edu.ec\/sitio\/wp-content\/uploads\/2024\/11\/31-EDITORIAL-ENTROPICA-300x200.jpg 300w, https:\/\/www.uartes.edu.ec\/sitio\/wp-content\/uploads\/2024\/11\/31-EDITORIAL-ENTROPICA-768x512.jpg 768w, https:\/\/www.uartes.edu.ec\/sitio\/wp-content\/uploads\/2024\/11\/31-EDITORIAL-ENTROPICA-1536x1024.jpg 1536w, https:\/\/www.uartes.edu.ec\/sitio\/wp-content\/uploads\/2024\/11\/31-EDITORIAL-ENTROPICA-18x12.jpg 18w, https:\/\/www.uartes.edu.ec\/sitio\/wp-content\/uploads\/2024\/11\/31-EDITORIAL-ENTROPICA-600x400.jpg 600w, https:\/\/www.uartes.edu.ec\/sitio\/wp-content\/uploads\/2024\/11\/31-EDITORIAL-ENTROPICA-400x267.jpg 400w, https:\/\/www.uartes.edu.ec\/sitio\/wp-content\/uploads\/2024\/11\/31-EDITORIAL-ENTROPICA-272x182.jpg 272w, https:\/\/www.uartes.edu.ec\/sitio\/wp-content\/uploads\/2024\/11\/31-EDITORIAL-ENTROPICA.jpg 2000w\" sizes=\"(max-width: 644px) 100vw, 644px\" \/><figcaption class=\"wp-element-caption\">Esta imagen corresponde a la participaci\u00f3n que tuvo Gabriel Delgado en la pasada edici\u00f3n de Libre Libro.<\/figcaption><\/figure>\n<\/div>\n\n\n<p>No llega al OCS con muchas expectativas, admiti\u00f3 Delgado, ya que lo motivan las ganas de aprender y ejercer de manera responsable su rol. \u201cMi objetivo principal es convertirme en un puente entre el cuerpo estudiantil y la instituci\u00f3n, apuntando a facilitar la comunicaci\u00f3n, el di\u00e1logo y la toma de decisiones informada desde nuestra realidad como estudiantes\u201d.<\/p>\n\n\n\n<p>A\u00f1adi\u00f3 resultarle grato formar parte de un organismo desde el cual se pueda accionar partiendo de las necesidades de la universidad, especialmente del cuerpo estudiantil. \u201cSer parte del \u00d3rgano Colegiado Superior significa asumir una responsabilidad colectiva con decisi\u00f3n y compromiso. Es estar en un espacio donde se toman decisiones claves para la vida universitaria, y donde la presencia estudiantil debe ser activa, cr\u00edtica y propositiva; misma forma con la que nos comprometemos a desarrollar nuestro accionar\u201d.<\/p>\n\n\n\n<p>En lo personal, le significa una oportunidad de aprendizaje pol\u00edtico y comunitario; en el sentido m\u00e1s amplio: aprender a dialogar, a representar con honestidad y a defender los intereses de quienes represento. \u201cCreo que una de las mayores carencias en los procesos institucionales es la distancia que existe entre la instancia en la que se toman decisiones y la instancia del estudiantado, lo que genera una falta de familiaridad o acceso a estos espacios. Por eso, mi representaci\u00f3n \u2013junto a mi representante alterna, Camila Ruiz\u2013 est\u00e1 motivada por el di\u00e1logo constante y el acercamiento directo con compa\u00f1eras y compa\u00f1eros de las distintas etapas de la carrera\u201d.<\/p>\n\n\n\n<p>Su enfoque y el de su alterna es mantener canales de comunicaci\u00f3n abiertos, accesibles y horizontales. \u201cQueremos promover espacios donde podamos recoger las inquietudes, propuestas y necesidades reales de quienes conformamos la comunidad estudiantil, y llevarlas con responsabilidad y claridad al OCS; as\u00ed mismo, ser propositivos e incidentes en las decisiones que se presenten con respecto a los diferentes comit\u00e9s y pol\u00edticas institucionales. Creemos firmemente que una representaci\u00f3n efectiva solo es posible si se sostiene en la escucha activa, la participaci\u00f3n colectiva y la rendici\u00f3n de cuentas\u201d.<\/p>\n\n\n\n<p><\/p>\n","protected":false},"excerpt":{"rendered":"<p>Cinco son los representantes que tiene la comunidad estudiantil de la Universidad de las Artes ante el \u00d3rgano Colegiado Superior para el periodo 2025. El 28 de marzo pasado fueron presentados ante los dem\u00e1s miembros en un acto virtual y el 2 de abril anterior participaron en su primera sesi\u00f3n como parte del OCS; unos lo hicieron de manera presencial y otros, virtual. En la presente nota, dos de ellos, Angie Ponce y Gabriel Delgado, comparten sus impresiones sobre sus respectivas participaciones.<\/p>\n","protected":false},"author":10,"featured_media":70294,"comment_status":"open","ping_status":"open","sticky":false,"template":"","format":"standard","meta":{"_acf_changed":false,"_uag_custom_page_level_css":"","_monsterinsights_skip_tracking":false,"_monsterinsights_sitenote_active":false,"_monsterinsights_sitenote_note":"","_monsterinsights_sitenote_category":0,"cybocfi_hide_featured_image":"","footnotes":""},"categories":[80,159,150,76,175,264],"tags":[1055],"infouartes":[],"class_list":["post-70293","post","type-post","status-publish","format-standard","has-post-thumbnail","hentry","category-academico","category-artes-escenicas","category-artes-sonoras","category-estudiantes","category-literatura","category-maestrias","tag-participacion"],"acf":[],"yoast_head":"<!-- This site is optimized with the Yoast SEO plugin v27.4 - https:\/\/yoast.com\/product\/yoast-seo-wordpress\/ -->\n<title>Universidad de las Artes - Representantes estudiantiles ante el OCS periodo 2025 ya participan de sus sesiones<\/title>\n<meta name=\"description\" content=\"Universidad de las Artes - Representantes estudiantiles ante el OCS periodo 2025 ya participan de sus sesiones\" \/>\n<meta name=\"robots\" content=\"index, follow, max-snippet:-1, max-image-preview:large, max-video-preview:-1\" \/>\n<link rel=\"canonical\" href=\"https:\/\/www.uartes.edu.ec\/sitio\/blog\/2025\/04\/08\/representantes-estudiantiles-ante-el-ocs-periodo-2025-ya-participan-de-sus-sesiones\/\" \/>\n<meta property=\"og:locale\" content=\"es_ES\" \/>\n<meta property=\"og:type\" content=\"article\" \/>\n<meta property=\"og:title\" content=\"Universidad de las Artes - Representantes estudiantiles ante el OCS periodo 2025 ya participan de sus sesiones\" \/>\n<meta property=\"og:description\" content=\"Universidad de las Artes - Representantes estudiantiles ante el OCS periodo 2025 ya participan de sus sesiones\" \/>\n<meta property=\"og:url\" content=\"https:\/\/www.uartes.edu.ec\/sitio\/blog\/2025\/04\/08\/representantes-estudiantiles-ante-el-ocs-periodo-2025-ya-participan-de-sus-sesiones\/\" \/>\n<meta property=\"og:site_name\" content=\"Universidad de las Artes\" \/>\n<meta property=\"article:publisher\" content=\"https:\/\/www.facebook.com\/uartesec\" \/>\n<meta property=\"article:published_time\" content=\"2025-04-08T23:39:04+00:00\" \/>\n<meta property=\"article:modified_time\" content=\"2025-04-08T23:42:52+00:00\" \/>\n<meta property=\"og:image\" content=\"https:\/\/www.uartes.edu.ec\/sitio\/wp-content\/uploads\/2025\/04\/01-SESION-REPRESENTANTES-ESTUDIANTILES-OCS.jpg\" \/>\n\t<meta property=\"og:image:width\" content=\"2000\" \/>\n\t<meta property=\"og:image:height\" content=\"1333\" \/>\n\t<meta property=\"og:image:type\" content=\"image\/jpeg\" \/>\n<meta name=\"author\" content=\"ccortez\" \/>\n<meta name=\"twitter:card\" content=\"summary_large_image\" \/>\n<meta name=\"twitter:creator\" content=\"@uartesec\" \/>\n<meta name=\"twitter:site\" content=\"@uartesec\" \/>\n<meta name=\"twitter:label1\" content=\"Escrito por\" \/>\n\t<meta name=\"twitter:data1\" content=\"ccortez\" \/>\n\t<meta name=\"twitter:label2\" content=\"Tiempo de lectura\" \/>\n\t<meta name=\"twitter:data2\" content=\"6 minutos\" \/>\n<script type=\"application\/ld+json\" class=\"yoast-schema-graph\">{\"@context\":\"https:\\\/\\\/schema.org\",\"@graph\":[{\"@type\":\"Article\",\"@id\":\"https:\\\/\\\/www.uartes.edu.ec\\\/sitio\\\/blog\\\/2025\\\/04\\\/08\\\/representantes-estudiantiles-ante-el-ocs-periodo-2025-ya-participan-de-sus-sesiones\\\/#article\",\"isPartOf\":{\"@id\":\"https:\\\/\\\/www.uartes.edu.ec\\\/sitio\\\/blog\\\/2025\\\/04\\\/08\\\/representantes-estudiantiles-ante-el-ocs-periodo-2025-ya-participan-de-sus-sesiones\\\/\"},\"author\":{\"name\":\"ccortez\",\"@id\":\"https:\\\/\\\/www.uartes.edu.ec\\\/sitio\\\/#\\\/schema\\\/person\\\/efa1b8275797664fd7f13a79ccc0b1f4\"},\"headline\":\"Representantes estudiantiles ante el OCS periodo 2025 ya participan de sus sesiones\",\"datePublished\":\"2025-04-08T23:39:04+00:00\",\"dateModified\":\"2025-04-08T23:42:52+00:00\",\"mainEntityOfPage\":{\"@id\":\"https:\\\/\\\/www.uartes.edu.ec\\\/sitio\\\/blog\\\/2025\\\/04\\\/08\\\/representantes-estudiantiles-ante-el-ocs-periodo-2025-ya-participan-de-sus-sesiones\\\/\"},\"wordCount\":1086,\"commentCount\":0,\"publisher\":{\"@id\":\"https:\\\/\\\/www.uartes.edu.ec\\\/sitio\\\/#organization\"},\"image\":{\"@id\":\"https:\\\/\\\/www.uartes.edu.ec\\\/sitio\\\/blog\\\/2025\\\/04\\\/08\\\/representantes-estudiantiles-ante-el-ocs-periodo-2025-ya-participan-de-sus-sesiones\\\/#primaryimage\"},\"thumbnailUrl\":\"https:\\\/\\\/www.uartes.edu.ec\\\/sitio\\\/wp-content\\\/uploads\\\/2025\\\/04\\\/01-SESION-REPRESENTANTES-ESTUDIANTILES-OCS.jpg\",\"keywords\":[\"participaci\u00f3n\"],\"articleSection\":[\"Acad\u00e9mico\",\"Artes Esc\u00e9nicas\",\"Artes Sonoras\",\"Estudiantes\",\"Literatura\",\"Maestr\u00edas\"],\"inLanguage\":\"es\",\"potentialAction\":[{\"@type\":\"CommentAction\",\"name\":\"Comment\",\"target\":[\"https:\\\/\\\/www.uartes.edu.ec\\\/sitio\\\/blog\\\/2025\\\/04\\\/08\\\/representantes-estudiantiles-ante-el-ocs-periodo-2025-ya-participan-de-sus-sesiones\\\/#respond\"]}]},{\"@type\":[\"WebPage\",\"ItemPage\"],\"@id\":\"https:\\\/\\\/www.uartes.edu.ec\\\/sitio\\\/blog\\\/2025\\\/04\\\/08\\\/representantes-estudiantiles-ante-el-ocs-periodo-2025-ya-participan-de-sus-sesiones\\\/\",\"url\":\"https:\\\/\\\/www.uartes.edu.ec\\\/sitio\\\/blog\\\/2025\\\/04\\\/08\\\/representantes-estudiantiles-ante-el-ocs-periodo-2025-ya-participan-de-sus-sesiones\\\/\",\"name\":\"Universidad de las Artes - Representantes estudiantiles ante el OCS periodo 2025 ya participan de sus sesiones\",\"isPartOf\":{\"@id\":\"https:\\\/\\\/www.uartes.edu.ec\\\/sitio\\\/#website\"},\"primaryImageOfPage\":{\"@id\":\"https:\\\/\\\/www.uartes.edu.ec\\\/sitio\\\/blog\\\/2025\\\/04\\\/08\\\/representantes-estudiantiles-ante-el-ocs-periodo-2025-ya-participan-de-sus-sesiones\\\/#primaryimage\"},\"image\":{\"@id\":\"https:\\\/\\\/www.uartes.edu.ec\\\/sitio\\\/blog\\\/2025\\\/04\\\/08\\\/representantes-estudiantiles-ante-el-ocs-periodo-2025-ya-participan-de-sus-sesiones\\\/#primaryimage\"},\"thumbnailUrl\":\"https:\\\/\\\/www.uartes.edu.ec\\\/sitio\\\/wp-content\\\/uploads\\\/2025\\\/04\\\/01-SESION-REPRESENTANTES-ESTUDIANTILES-OCS.jpg\",\"datePublished\":\"2025-04-08T23:39:04+00:00\",\"dateModified\":\"2025-04-08T23:42:52+00:00\",\"description\":\"Universidad de las Artes - Representantes estudiantiles ante el OCS periodo 2025 ya participan de sus sesiones\",\"breadcrumb\":{\"@id\":\"https:\\\/\\\/www.uartes.edu.ec\\\/sitio\\\/blog\\\/2025\\\/04\\\/08\\\/representantes-estudiantiles-ante-el-ocs-periodo-2025-ya-participan-de-sus-sesiones\\\/#breadcrumb\"},\"inLanguage\":\"es\",\"potentialAction\":[{\"@type\":\"ReadAction\",\"target\":[\"https:\\\/\\\/www.uartes.edu.ec\\\/sitio\\\/blog\\\/2025\\\/04\\\/08\\\/representantes-estudiantiles-ante-el-ocs-periodo-2025-ya-participan-de-sus-sesiones\\\/\"]}]},{\"@type\":\"ImageObject\",\"inLanguage\":\"es\",\"@id\":\"https:\\\/\\\/www.uartes.edu.ec\\\/sitio\\\/blog\\\/2025\\\/04\\\/08\\\/representantes-estudiantiles-ante-el-ocs-periodo-2025-ya-participan-de-sus-sesiones\\\/#primaryimage\",\"url\":\"https:\\\/\\\/www.uartes.edu.ec\\\/sitio\\\/wp-content\\\/uploads\\\/2025\\\/04\\\/01-SESION-REPRESENTANTES-ESTUDIANTILES-OCS.jpg\",\"contentUrl\":\"https:\\\/\\\/www.uartes.edu.ec\\\/sitio\\\/wp-content\\\/uploads\\\/2025\\\/04\\\/01-SESION-REPRESENTANTES-ESTUDIANTILES-OCS.jpg\",\"width\":2000,\"height\":1333},{\"@type\":\"BreadcrumbList\",\"@id\":\"https:\\\/\\\/www.uartes.edu.ec\\\/sitio\\\/blog\\\/2025\\\/04\\\/08\\\/representantes-estudiantiles-ante-el-ocs-periodo-2025-ya-participan-de-sus-sesiones\\\/#breadcrumb\",\"itemListElement\":[{\"@type\":\"ListItem\",\"position\":1,\"name\":\"Inicio\",\"item\":\"https:\\\/\\\/www.uartes.edu.ec\\\/sitio\\\/\"},{\"@type\":\"ListItem\",\"position\":2,\"name\":\"Representantes estudiantiles ante el OCS periodo 2025 ya participan de sus sesiones\"}]},{\"@type\":\"WebSite\",\"@id\":\"https:\\\/\\\/www.uartes.edu.ec\\\/sitio\\\/#website\",\"url\":\"https:\\\/\\\/www.uartes.edu.ec\\\/sitio\\\/\",\"name\":\"Universidad de las Artes\",\"description\":\"Sitio oficial de la Universidad Nacional de las Artes del Ecuador\",\"publisher\":{\"@id\":\"https:\\\/\\\/www.uartes.edu.ec\\\/sitio\\\/#organization\"},\"potentialAction\":[{\"@type\":\"SearchAction\",\"target\":{\"@type\":\"EntryPoint\",\"urlTemplate\":\"https:\\\/\\\/www.uartes.edu.ec\\\/sitio\\\/?s={search_term_string}\"},\"query-input\":{\"@type\":\"PropertyValueSpecification\",\"valueRequired\":true,\"valueName\":\"search_term_string\"}}],\"inLanguage\":\"es\"},{\"@type\":\"Organization\",\"@id\":\"https:\\\/\\\/www.uartes.edu.ec\\\/sitio\\\/#organization\",\"name\":\"Universidad de las Artes\",\"url\":\"https:\\\/\\\/www.uartes.edu.ec\\\/sitio\\\/\",\"logo\":{\"@type\":\"ImageObject\",\"inLanguage\":\"es\",\"@id\":\"https:\\\/\\\/www.uartes.edu.ec\\\/sitio\\\/#\\\/schema\\\/logo\\\/image\\\/\",\"url\":\"https:\\\/\\\/www.uartes.edu.ec\\\/sitio\\\/wp-content\\\/uploads\\\/2022\\\/07\\\/logo-ua-horizontal.png\",\"contentUrl\":\"https:\\\/\\\/www.uartes.edu.ec\\\/sitio\\\/wp-content\\\/uploads\\\/2022\\\/07\\\/logo-ua-horizontal.png\",\"width\":800,\"height\":276,\"caption\":\"Universidad de las Artes\"},\"image\":{\"@id\":\"https:\\\/\\\/www.uartes.edu.ec\\\/sitio\\\/#\\\/schema\\\/logo\\\/image\\\/\"},\"sameAs\":[\"https:\\\/\\\/www.facebook.com\\\/uartesec\",\"https:\\\/\\\/x.com\\\/uartesec\",\"https:\\\/\\\/www.tiktok.com\\\/@uartesec\"]},{\"@type\":\"Person\",\"@id\":\"https:\\\/\\\/www.uartes.edu.ec\\\/sitio\\\/#\\\/schema\\\/person\\\/efa1b8275797664fd7f13a79ccc0b1f4\",\"name\":\"ccortez\",\"image\":{\"@type\":\"ImageObject\",\"inLanguage\":\"es\",\"@id\":\"https:\\\/\\\/secure.gravatar.com\\\/avatar\\\/b2a6f664a3ae8e074346ef91775736c5ec479e637ecced6842de9dc98b5da9cd?s=96&d=mm&r=g\",\"url\":\"https:\\\/\\\/secure.gravatar.com\\\/avatar\\\/b2a6f664a3ae8e074346ef91775736c5ec479e637ecced6842de9dc98b5da9cd?s=96&d=mm&r=g\",\"contentUrl\":\"https:\\\/\\\/secure.gravatar.com\\\/avatar\\\/b2a6f664a3ae8e074346ef91775736c5ec479e637ecced6842de9dc98b5da9cd?s=96&d=mm&r=g\",\"caption\":\"ccortez\"},\"url\":\"https:\\\/\\\/www.uartes.edu.ec\\\/sitio\\\/blog\\\/author\\\/ccortez\\\/\"}]}<\/script>\n<!-- \/ Yoast SEO plugin. -->","yoast_head_json":{"title":"Universidad de las Artes - Representantes estudiantiles ante el OCS periodo 2025 ya participan de sus sesiones","description":"Universidad de las Artes - Representantes estudiantiles ante el OCS periodo 2025 ya participan de sus sesiones","robots":{"index":"index","follow":"follow","max-snippet":"max-snippet:-1","max-image-preview":"max-image-preview:large","max-video-preview":"max-video-preview:-1"},"canonical":"https:\/\/www.uartes.edu.ec\/sitio\/blog\/2025\/04\/08\/representantes-estudiantiles-ante-el-ocs-periodo-2025-ya-participan-de-sus-sesiones\/","og_locale":"es_ES","og_type":"article","og_title":"Universidad de las Artes - Representantes estudiantiles ante el OCS periodo 2025 ya participan de sus sesiones","og_description":"Universidad de las Artes - Representantes estudiantiles ante el OCS periodo 2025 ya participan de sus sesiones","og_url":"https:\/\/www.uartes.edu.ec\/sitio\/blog\/2025\/04\/08\/representantes-estudiantiles-ante-el-ocs-periodo-2025-ya-participan-de-sus-sesiones\/","og_site_name":"Universidad de las Artes","article_publisher":"https:\/\/www.facebook.com\/uartesec","article_published_time":"2025-04-08T23:39:04+00:00","article_modified_time":"2025-04-08T23:42:52+00:00","og_image":[{"width":2000,"height":1333,"url":"https:\/\/www.uartes.edu.ec\/sitio\/wp-content\/uploads\/2025\/04\/01-SESION-REPRESENTANTES-ESTUDIANTILES-OCS.jpg","type":"image\/jpeg"}],"author":"ccortez","twitter_card":"summary_large_image","twitter_creator":"@uartesec","twitter_site":"@uartesec","twitter_misc":{"Escrito por":"ccortez","Tiempo de lectura":"6 minutos"},"schema":{"@context":"https:\/\/schema.org","@graph":[{"@type":"Article","@id":"https:\/\/www.uartes.edu.ec\/sitio\/blog\/2025\/04\/08\/representantes-estudiantiles-ante-el-ocs-periodo-2025-ya-participan-de-sus-sesiones\/#article","isPartOf":{"@id":"https:\/\/www.uartes.edu.ec\/sitio\/blog\/2025\/04\/08\/representantes-estudiantiles-ante-el-ocs-periodo-2025-ya-participan-de-sus-sesiones\/"},"author":{"name":"ccortez","@id":"https:\/\/www.uartes.edu.ec\/sitio\/#\/schema\/person\/efa1b8275797664fd7f13a79ccc0b1f4"},"headline":"Representantes estudiantiles ante el OCS periodo 2025 ya participan de sus sesiones","datePublished":"2025-04-08T23:39:04+00:00","dateModified":"2025-04-08T23:42:52+00:00","mainEntityOfPage":{"@id":"https:\/\/www.uartes.edu.ec\/sitio\/blog\/2025\/04\/08\/representantes-estudiantiles-ante-el-ocs-periodo-2025-ya-participan-de-sus-sesiones\/"},"wordCount":1086,"commentCount":0,"publisher":{"@id":"https:\/\/www.uartes.edu.ec\/sitio\/#organization"},"image":{"@id":"https:\/\/www.uartes.edu.ec\/sitio\/blog\/2025\/04\/08\/representantes-estudiantiles-ante-el-ocs-periodo-2025-ya-participan-de-sus-sesiones\/#primaryimage"},"thumbnailUrl":"https:\/\/www.uartes.edu.ec\/sitio\/wp-content\/uploads\/2025\/04\/01-SESION-REPRESENTANTES-ESTUDIANTILES-OCS.jpg","keywords":["participaci\u00f3n"],"articleSection":["Acad\u00e9mico","Artes Esc\u00e9nicas","Artes Sonoras","Estudiantes","Literatura","Maestr\u00edas"],"inLanguage":"es","potentialAction":[{"@type":"CommentAction","name":"Comment","target":["https:\/\/www.uartes.edu.ec\/sitio\/blog\/2025\/04\/08\/representantes-estudiantiles-ante-el-ocs-periodo-2025-ya-participan-de-sus-sesiones\/#respond"]}]},{"@type":["WebPage","ItemPage"],"@id":"https:\/\/www.uartes.edu.ec\/sitio\/blog\/2025\/04\/08\/representantes-estudiantiles-ante-el-ocs-periodo-2025-ya-participan-de-sus-sesiones\/","url":"https:\/\/www.uartes.edu.ec\/sitio\/blog\/2025\/04\/08\/representantes-estudiantiles-ante-el-ocs-periodo-2025-ya-participan-de-sus-sesiones\/","name":"Universidad de las Artes - Representantes estudiantiles ante el OCS periodo 2025 ya participan de sus sesiones","isPartOf":{"@id":"https:\/\/www.uartes.edu.ec\/sitio\/#website"},"primaryImageOfPage":{"@id":"https:\/\/www.uartes.edu.ec\/sitio\/blog\/2025\/04\/08\/representantes-estudiantiles-ante-el-ocs-periodo-2025-ya-participan-de-sus-sesiones\/#primaryimage"},"image":{"@id":"https:\/\/www.uartes.edu.ec\/sitio\/blog\/2025\/04\/08\/representantes-estudiantiles-ante-el-ocs-periodo-2025-ya-participan-de-sus-sesiones\/#primaryimage"},"thumbnailUrl":"https:\/\/www.uartes.edu.ec\/sitio\/wp-content\/uploads\/2025\/04\/01-SESION-REPRESENTANTES-ESTUDIANTILES-OCS.jpg","datePublished":"2025-04-08T23:39:04+00:00","dateModified":"2025-04-08T23:42:52+00:00","description":"Universidad de las Artes - Representantes estudiantiles ante el OCS periodo 2025 ya participan de sus sesiones","breadcrumb":{"@id":"https:\/\/www.uartes.edu.ec\/sitio\/blog\/2025\/04\/08\/representantes-estudiantiles-ante-el-ocs-periodo-2025-ya-participan-de-sus-sesiones\/#breadcrumb"},"inLanguage":"es","potentialAction":[{"@type":"ReadAction","target":["https:\/\/www.uartes.edu.ec\/sitio\/blog\/2025\/04\/08\/representantes-estudiantiles-ante-el-ocs-periodo-2025-ya-participan-de-sus-sesiones\/"]}]},{"@type":"ImageObject","inLanguage":"es","@id":"https:\/\/www.uartes.edu.ec\/sitio\/blog\/2025\/04\/08\/representantes-estudiantiles-ante-el-ocs-periodo-2025-ya-participan-de-sus-sesiones\/#primaryimage","url":"https:\/\/www.uartes.edu.ec\/sitio\/wp-content\/uploads\/2025\/04\/01-SESION-REPRESENTANTES-ESTUDIANTILES-OCS.jpg","contentUrl":"https:\/\/www.uartes.edu.ec\/sitio\/wp-content\/uploads\/2025\/04\/01-SESION-REPRESENTANTES-ESTUDIANTILES-OCS.jpg","width":2000,"height":1333},{"@type":"BreadcrumbList","@id":"https:\/\/www.uartes.edu.ec\/sitio\/blog\/2025\/04\/08\/representantes-estudiantiles-ante-el-ocs-periodo-2025-ya-participan-de-sus-sesiones\/#breadcrumb","itemListElement":[{"@type":"ListItem","position":1,"name":"Inicio","item":"https:\/\/www.uartes.edu.ec\/sitio\/"},{"@type":"ListItem","position":2,"name":"Representantes estudiantiles ante el OCS periodo 2025 ya participan de sus sesiones"}]},{"@type":"WebSite","@id":"https:\/\/www.uartes.edu.ec\/sitio\/#website","url":"https:\/\/www.uartes.edu.ec\/sitio\/","name":"Universidad de las Artes","description":"Sitio oficial de la Universidad Nacional de las Artes del Ecuador","publisher":{"@id":"https:\/\/www.uartes.edu.ec\/sitio\/#organization"},"potentialAction":[{"@type":"SearchAction","target":{"@type":"EntryPoint","urlTemplate":"https:\/\/www.uartes.edu.ec\/sitio\/?s={search_term_string}"},"query-input":{"@type":"PropertyValueSpecification","valueRequired":true,"valueName":"search_term_string"}}],"inLanguage":"es"},{"@type":"Organization","@id":"https:\/\/www.uartes.edu.ec\/sitio\/#organization","name":"Universidad de las Artes","url":"https:\/\/www.uartes.edu.ec\/sitio\/","logo":{"@type":"ImageObject","inLanguage":"es","@id":"https:\/\/www.uartes.edu.ec\/sitio\/#\/schema\/logo\/image\/","url":"https:\/\/www.uartes.edu.ec\/sitio\/wp-content\/uploads\/2022\/07\/logo-ua-horizontal.png","contentUrl":"https:\/\/www.uartes.edu.ec\/sitio\/wp-content\/uploads\/2022\/07\/logo-ua-horizontal.png","width":800,"height":276,"caption":"Universidad de las Artes"},"image":{"@id":"https:\/\/www.uartes.edu.ec\/sitio\/#\/schema\/logo\/image\/"},"sameAs":["https:\/\/www.facebook.com\/uartesec","https:\/\/x.com\/uartesec","https:\/\/www.tiktok.com\/@uartesec"]},{"@type":"Person","@id":"https:\/\/www.uartes.edu.ec\/sitio\/#\/schema\/person\/efa1b8275797664fd7f13a79ccc0b1f4","name":"ccortez","image":{"@type":"ImageObject","inLanguage":"es","@id":"https:\/\/secure.gravatar.com\/avatar\/b2a6f664a3ae8e074346ef91775736c5ec479e637ecced6842de9dc98b5da9cd?s=96&d=mm&r=g","url":"https:\/\/secure.gravatar.com\/avatar\/b2a6f664a3ae8e074346ef91775736c5ec479e637ecced6842de9dc98b5da9cd?s=96&d=mm&r=g","contentUrl":"https:\/\/secure.gravatar.com\/avatar\/b2a6f664a3ae8e074346ef91775736c5ec479e637ecced6842de9dc98b5da9cd?s=96&d=mm&r=g","caption":"ccortez"},"url":"https:\/\/www.uartes.edu.ec\/sitio\/blog\/author\/ccortez\/"}]}},"uagb_featured_image_src":{"full":["https:\/\/www.uartes.edu.ec\/sitio\/wp-content\/uploads\/2025\/04\/01-SESION-REPRESENTANTES-ESTUDIANTILES-OCS.jpg",2000,1333,false],"thumbnail":["https:\/\/www.uartes.edu.ec\/sitio\/wp-content\/uploads\/2025\/04\/01-SESION-REPRESENTANTES-ESTUDIANTILES-OCS-150x150.jpg",150,150,true],"medium":["https:\/\/www.uartes.edu.ec\/sitio\/wp-content\/uploads\/2025\/04\/01-SESION-REPRESENTANTES-ESTUDIANTILES-OCS-300x200.jpg",300,200,true],"medium_large":["https:\/\/www.uartes.edu.ec\/sitio\/wp-content\/uploads\/2025\/04\/01-SESION-REPRESENTANTES-ESTUDIANTILES-OCS-768x512.jpg",768,512,true],"large":["https:\/\/www.uartes.edu.ec\/sitio\/wp-content\/uploads\/2025\/04\/01-SESION-REPRESENTANTES-ESTUDIANTILES-OCS-644x429.jpg",644,429,true],"1536x1536":["https:\/\/www.uartes.edu.ec\/sitio\/wp-content\/uploads\/2025\/04\/01-SESION-REPRESENTANTES-ESTUDIANTILES-OCS-1536x1024.jpg",1536,1024,true],"2048x2048":["https:\/\/www.uartes.edu.ec\/sitio\/wp-content\/uploads\/2025\/04\/01-SESION-REPRESENTANTES-ESTUDIANTILES-OCS.jpg",2000,1333,false],"trp-custom-language-flag":["https:\/\/www.uartes.edu.ec\/sitio\/wp-content\/uploads\/2025\/04\/01-SESION-REPRESENTANTES-ESTUDIANTILES-OCS-18x12.jpg",18,12,true],"htmega_size_585x295":["https:\/\/www.uartes.edu.ec\/sitio\/wp-content\/uploads\/2025\/04\/01-SESION-REPRESENTANTES-ESTUDIANTILES-OCS-585x295.jpg",585,295,true],"htmega_size_1170x536":["https:\/\/www.uartes.edu.ec\/sitio\/wp-content\/uploads\/2025\/04\/01-SESION-REPRESENTANTES-ESTUDIANTILES-OCS-1170x536.jpg",1170,536,true],"htmega_size_396x360":["https:\/\/www.uartes.edu.ec\/sitio\/wp-content\/uploads\/2025\/04\/01-SESION-REPRESENTANTES-ESTUDIANTILES-OCS-396x360.jpg",396,360,true],"gb-block-post-grid-landscape":["https:\/\/www.uartes.edu.ec\/sitio\/wp-content\/uploads\/2025\/04\/01-SESION-REPRESENTANTES-ESTUDIANTILES-OCS-600x400.jpg",600,400,true],"gb-block-post-grid-square":["https:\/\/www.uartes.edu.ec\/sitio\/wp-content\/uploads\/2025\/04\/01-SESION-REPRESENTANTES-ESTUDIANTILES-OCS-600x600.jpg",600,600,true],"university-hub-thumb":["https:\/\/www.uartes.edu.ec\/sitio\/wp-content\/uploads\/2025\/04\/01-SESION-REPRESENTANTES-ESTUDIANTILES-OCS-400x267.jpg",400,267,true]},"uagb_author_info":{"display_name":"ccortez","author_link":"https:\/\/www.uartes.edu.ec\/sitio\/blog\/author\/ccortez\/"},"uagb_comment_info":0,"uagb_excerpt":"Cinco son los representantes que tiene la comunidad estudiantil de la Universidad de las Artes ante el \u00d3rgano Colegiado Superior para el periodo 2025. El 28 de marzo pasado fueron presentados ante los dem\u00e1s miembros en un acto virtual y el 2 de abril anterior participaron en su primera sesi\u00f3n como parte del OCS; unos&hellip;","featured_image_src":"https:\/\/www.uartes.edu.ec\/sitio\/wp-content\/uploads\/2025\/04\/01-SESION-REPRESENTANTES-ESTUDIANTILES-OCS-600x400.jpg","featured_image_src_square":"https:\/\/www.uartes.edu.ec\/sitio\/wp-content\/uploads\/2025\/04\/01-SESION-REPRESENTANTES-ESTUDIANTILES-OCS-600x600.jpg","author_info":{"display_name":"ccortez","author_link":"https:\/\/www.uartes.edu.ec\/sitio\/blog\/author\/ccortez\/"},"publishpress_future_workflow_manual_trigger":{"enabledWorkflows":[]},"distributor_meta":false,"distributor_terms":false,"distributor_media":false,"distributor_original_site_name":"Universidad de las Artes","distributor_original_site_url":"https:\/\/www.uartes.edu.ec\/sitio","push-errors":false,"_links":{"self":[{"href":"https:\/\/www.uartes.edu.ec\/sitio\/wp-json\/wp\/v2\/posts\/70293","targetHints":{"allow":["GET"]}}],"collection":[{"href":"https:\/\/www.uartes.edu.ec\/sitio\/wp-json\/wp\/v2\/posts"}],"about":[{"href":"https:\/\/www.uartes.edu.ec\/sitio\/wp-json\/wp\/v2\/types\/post"}],"author":[{"embeddable":true,"href":"https:\/\/www.uartes.edu.ec\/sitio\/wp-json\/wp\/v2\/users\/10"}],"replies":[{"embeddable":true,"href":"https:\/\/www.uartes.edu.ec\/sitio\/wp-json\/wp\/v2\/comments?post=70293"}],"version-history":[{"count":2,"href":"https:\/\/www.uartes.edu.ec\/sitio\/wp-json\/wp\/v2\/posts\/70293\/revisions"}],"predecessor-version":[{"id":70301,"href":"https:\/\/www.uartes.edu.ec\/sitio\/wp-json\/wp\/v2\/posts\/70293\/revisions\/70301"}],"wp:featuredmedia":[{"embeddable":true,"href":"https:\/\/www.uartes.edu.ec\/sitio\/wp-json\/wp\/v2\/media\/70294"}],"wp:attachment":[{"href":"https:\/\/www.uartes.edu.ec\/sitio\/wp-json\/wp\/v2\/media?parent=70293"}],"wp:term":[{"taxonomy":"category","embeddable":true,"href":"https:\/\/www.uartes.edu.ec\/sitio\/wp-json\/wp\/v2\/categories?post=70293"},{"taxonomy":"post_tag","embeddable":true,"href":"https:\/\/www.uartes.edu.ec\/sitio\/wp-json\/wp\/v2\/tags?post=70293"},{"taxonomy":"infouartes","embeddable":true,"href":"https:\/\/www.uartes.edu.ec\/sitio\/wp-json\/wp\/v2\/infouartes?post=70293"}],"curies":[{"name":"wp","href":"https:\/\/api.w.org\/{rel}","templated":true}]}}