{"id":70305,"date":"2025-04-08T19:11:00","date_gmt":"2025-04-09T00:11:00","guid":{"rendered":"https:\/\/www.uartes.edu.ec\/sitio\/?p=70305"},"modified":"2025-04-10T17:08:06","modified_gmt":"2025-04-10T22:08:06","slug":"estudiante-caleb-velez-participo-en-la-residencia-artistica-sonarte-2025-de-montevideo-y-comparte-su-experiencia","status":"publish","type":"post","link":"https:\/\/www.uartes.edu.ec\/sitio\/blog\/2025\/04\/08\/estudiante-caleb-velez-participo-en-la-residencia-artistica-sonarte-2025-de-montevideo-y-comparte-su-experiencia\/","title":{"rendered":"Estudiante Caleb V\u00e9lez particip\u00f3 en la Residencia Art\u00edstica SonArte 2025 de Montevideo y comparte su experiencia"},"content":{"rendered":"\n<p>Caleb V\u00e9lez Prado estudia en la Escuela de Artes Sonoras de la Universidad de las Artes y del 24 al 30 de marzo pasado particip\u00f3 en la Residencia Art\u00edstica SonArte 2025 que se desarroll\u00f3 en Montevideo, Uruguay. Lo hizo con el instrumento cuya asignatura, Flauta traversa, recibe con el docente Luis Carlos Moreno.<\/p>\n\n\n\n<p>Fue justamente el profesor de la UArtes quien dio a conocer la participaci\u00f3n de Caleb en SonArte 2025, destacando no solo la dedicaci\u00f3n y el compromiso demostrado por su estudiante, sino tambi\u00e9n el esfuerzo econ\u00f3mico que hizo para tomar parte de la residencia, pues para costear costos de inscripci\u00f3n, viaje y estad\u00eda vendi\u00f3 postres y realiz\u00f3 rifas.<\/p>\n\n\n\n<p>No es el primer estudiante de Moreno, en la misma asignatura, con un logro a nivel internacional. Jes\u00fas D\u00e1vila y Ariana Gloria Mac\u00edas participaron, en representaci\u00f3n de la UArtes y del pa\u00eds, en el Concurso Internacional de Flauta que organiz\u00f3 en 2023 la Universidad de Pamplona, en Colombia, quedando entre los seleccionados.<\/p>\n\n\n\n<p>De la Residencia Art\u00edstica SonArte 2025 es Caleb quien da los detalles. Confiesa que supo de esta convocatoria internacional en enero, pero no quer\u00eda aplicar. Un compa\u00f1ero le llam\u00f3 la atenci\u00f3n por no hacerlo hasta que lo convenci\u00f3. Como requerimiento, el alumno UArtes deb\u00eda realizar una audici\u00f3n virtual, para lo cual grab\u00f3 un v\u00eddeo tocando el concierto en re mayor para flauta de Mozart; tambi\u00e9n unos extractos de la danza rusa Petrushka, de Igor Stravinsky, y algo del primer movimiento de la Sinfon\u00eda Heroica de Beethoven.\u00a0<\/p>\n\n\n<div class=\"wp-block-image\">\n<figure class=\"aligncenter size-large\"><img fetchpriority=\"high\" decoding=\"async\" width=\"644\" height=\"429\" src=\"https:\/\/www.uartes.edu.ec\/sitio\/wp-content\/uploads\/2025\/04\/01-CALEB-VELEZ-FLAUTA-TRAVERSA-644x429.jpg\" alt=\"\" class=\"wp-image-70331\" srcset=\"https:\/\/www.uartes.edu.ec\/sitio\/wp-content\/uploads\/2025\/04\/01-CALEB-VELEZ-FLAUTA-TRAVERSA-644x429.jpg 644w, https:\/\/www.uartes.edu.ec\/sitio\/wp-content\/uploads\/2025\/04\/01-CALEB-VELEZ-FLAUTA-TRAVERSA-300x200.jpg 300w, https:\/\/www.uartes.edu.ec\/sitio\/wp-content\/uploads\/2025\/04\/01-CALEB-VELEZ-FLAUTA-TRAVERSA-768x512.jpg 768w, https:\/\/www.uartes.edu.ec\/sitio\/wp-content\/uploads\/2025\/04\/01-CALEB-VELEZ-FLAUTA-TRAVERSA-1536x1024.jpg 1536w, https:\/\/www.uartes.edu.ec\/sitio\/wp-content\/uploads\/2025\/04\/01-CALEB-VELEZ-FLAUTA-TRAVERSA-18x12.jpg 18w, https:\/\/www.uartes.edu.ec\/sitio\/wp-content\/uploads\/2025\/04\/01-CALEB-VELEZ-FLAUTA-TRAVERSA-600x400.jpg 600w, https:\/\/www.uartes.edu.ec\/sitio\/wp-content\/uploads\/2025\/04\/01-CALEB-VELEZ-FLAUTA-TRAVERSA-400x267.jpg 400w, https:\/\/www.uartes.edu.ec\/sitio\/wp-content\/uploads\/2025\/04\/01-CALEB-VELEZ-FLAUTA-TRAVERSA.jpg 2000w\" sizes=\"(max-width: 644px) 100vw, 644px\" \/><\/figure>\n<\/div>\n\n\n<p>Fueron solo fragmentos, refiere Caleb, anotando que tras el envi\u00f3 del video supo que el 28 de enero le dir\u00edan si pas\u00f3 la audici\u00f3n. Al t\u00e9rmino de ese tiempo, se enter\u00f3 de su selecci\u00f3n como participante activo de la residencia de entre cientos de postulantes. Fue una de tres tipos de estudiantes, siendo las otras dos: becados y medios becados, y tambi\u00e9n oyentes.<\/p>\n\n\n\n<p>Para los becados, la residencia estaba cubierta en su totalidad, desde pasaje hasta transporte, estad\u00eda y alimentaci\u00f3n; los de media beca obten\u00edan la mitad de la cobertura; y los participantes activos, que era su caso, deb\u00edan costearlo todo. De all\u00ed que el docente Luis Carlos Moreno pondere el esfuerzo de su alumno por hacer la Residencia Art\u00edstica SonArte 2025.<\/p>\n\n\n\n<p>No obstante, Caleb admite que cuando supo de los costos volvi\u00f3 a pensar en desistir y se lo coment\u00f3 a \u00c1ngeles Terreros, su maestra en la Joven Orquesta Sinf\u00f3nica que de manera conjunta llevan la Casa de la Cultura N\u00facleo del Guayas y la Prefectura del Guayas, y de la que \u00e9l es parte. Tambi\u00e9n al docente UArtes. Ambos coincidieron en que deb\u00eda ir, surgiendo la idea de hacer rifas. Su directora y Paulina S\u00e1nchez, quien dirige el Coro Infanto Juvenil del Guayas, le dieron incluso premios para el sorteo; Terreros, adem\u00e1s, se propuso ayudarlo a conseguir la estad\u00eda en Montevideo, lo cual as\u00ed sucedi\u00f3.<\/p>\n\n\n<div class=\"wp-block-image\">\n<figure class=\"aligncenter size-large\"><img decoding=\"async\" width=\"644\" height=\"429\" src=\"https:\/\/www.uartes.edu.ec\/sitio\/wp-content\/uploads\/2025\/04\/02-CALEB-VELEZ-FLAUTA-TRAVERSA-644x429.jpg\" alt=\"\" class=\"wp-image-70332\" srcset=\"https:\/\/www.uartes.edu.ec\/sitio\/wp-content\/uploads\/2025\/04\/02-CALEB-VELEZ-FLAUTA-TRAVERSA-644x429.jpg 644w, https:\/\/www.uartes.edu.ec\/sitio\/wp-content\/uploads\/2025\/04\/02-CALEB-VELEZ-FLAUTA-TRAVERSA-300x200.jpg 300w, https:\/\/www.uartes.edu.ec\/sitio\/wp-content\/uploads\/2025\/04\/02-CALEB-VELEZ-FLAUTA-TRAVERSA-768x512.jpg 768w, https:\/\/www.uartes.edu.ec\/sitio\/wp-content\/uploads\/2025\/04\/02-CALEB-VELEZ-FLAUTA-TRAVERSA-1536x1024.jpg 1536w, https:\/\/www.uartes.edu.ec\/sitio\/wp-content\/uploads\/2025\/04\/02-CALEB-VELEZ-FLAUTA-TRAVERSA-18x12.jpg 18w, https:\/\/www.uartes.edu.ec\/sitio\/wp-content\/uploads\/2025\/04\/02-CALEB-VELEZ-FLAUTA-TRAVERSA-600x400.jpg 600w, https:\/\/www.uartes.edu.ec\/sitio\/wp-content\/uploads\/2025\/04\/02-CALEB-VELEZ-FLAUTA-TRAVERSA-400x267.jpg 400w, https:\/\/www.uartes.edu.ec\/sitio\/wp-content\/uploads\/2025\/04\/02-CALEB-VELEZ-FLAUTA-TRAVERSA.jpg 2000w\" sizes=\"(max-width: 644px) 100vw, 644px\" \/><\/figure>\n<\/div>\n\n\n<p>Lo obtenido con las rifas le permiti\u00f3 costear los pasajes de ida y vuelta, y el valor de la inscripci\u00f3n para la residencia lo cubrieron unos t\u00edos. As\u00ed, con el apoyo de maestros, familiares y amigos Caleb logr\u00f3 realizar su primer viaje fuera del pa\u00eds y su primera residencia art\u00edstica. Particip\u00f3 con muchas expectativas, las cuales se cumplieron, aunque confiesa que los dos primeros d\u00edas estuvo bastante nervioso por ver el buen nivel del resto de participantes.<\/p>\n\n\n\n<p>Junto a Caleb intervinieron flautistas de Uruguay, Argentina, Venezuela, Brasil y Colombia. \u201cLlegu\u00e9 a preguntarme qu\u00e9 hac\u00eda yo en la residencia, pero uno de los participantes uruguayos con quien hice amistad me levant\u00f3 el \u00e1nimo y empec\u00e9 a confiar en m\u00ed\u201d, expresa y a\u00f1ade que la residencia estuvo a cargo de la espa\u00f1ola Isabel Carmona, con quien tuvieron tres clases. Por los nervios, en la primera no le fue tan bien, pero en las dos siguientes le fue espectacular.&nbsp;<\/p>\n\n\n\n<p>\u201cLa maestra nos indic\u00f3 qu\u00e9 mejorar y dio algunas t\u00e9cnicas para, asimismo, mejorar la calidad del sonido. Fue una residencia pr\u00e1ctica y completa, pues tuvimos charlas. Como int\u00e9rpretes, el enfrentarnos al escenario nos genera muchos nervios, entonces nos dieron t\u00e9cnicas de respiraci\u00f3n para calmarnos\u201d, anota Caleb, quien tiene dos a\u00f1os en la orquesta que integra.<\/p>\n\n\n<div class=\"wp-block-image\">\n<figure class=\"aligncenter size-large\"><img decoding=\"async\" width=\"644\" height=\"429\" src=\"https:\/\/www.uartes.edu.ec\/sitio\/wp-content\/uploads\/2025\/04\/05-CALEB-VELEZ-FLAUTA-TRAVERSA-644x429.jpg\" alt=\"\" class=\"wp-image-70333\" srcset=\"https:\/\/www.uartes.edu.ec\/sitio\/wp-content\/uploads\/2025\/04\/05-CALEB-VELEZ-FLAUTA-TRAVERSA-644x429.jpg 644w, https:\/\/www.uartes.edu.ec\/sitio\/wp-content\/uploads\/2025\/04\/05-CALEB-VELEZ-FLAUTA-TRAVERSA-300x200.jpg 300w, https:\/\/www.uartes.edu.ec\/sitio\/wp-content\/uploads\/2025\/04\/05-CALEB-VELEZ-FLAUTA-TRAVERSA-768x512.jpg 768w, https:\/\/www.uartes.edu.ec\/sitio\/wp-content\/uploads\/2025\/04\/05-CALEB-VELEZ-FLAUTA-TRAVERSA-1536x1024.jpg 1536w, https:\/\/www.uartes.edu.ec\/sitio\/wp-content\/uploads\/2025\/04\/05-CALEB-VELEZ-FLAUTA-TRAVERSA-18x12.jpg 18w, https:\/\/www.uartes.edu.ec\/sitio\/wp-content\/uploads\/2025\/04\/05-CALEB-VELEZ-FLAUTA-TRAVERSA-600x400.jpg 600w, https:\/\/www.uartes.edu.ec\/sitio\/wp-content\/uploads\/2025\/04\/05-CALEB-VELEZ-FLAUTA-TRAVERSA-400x267.jpg 400w, https:\/\/www.uartes.edu.ec\/sitio\/wp-content\/uploads\/2025\/04\/05-CALEB-VELEZ-FLAUTA-TRAVERSA.jpg 2000w\" sizes=\"(max-width: 644px) 100vw, 644px\" \/><\/figure>\n<\/div>\n\n\n<figure class=\"wp-block-gallery has-nested-images columns-default is-cropped wp-block-gallery-1 is-layout-flex wp-block-gallery-is-layout-flex\">\n<figure class=\"wp-block-image size-large\"><img loading=\"lazy\" decoding=\"async\" width=\"644\" height=\"483\" data-id=\"70335\" src=\"https:\/\/www.uartes.edu.ec\/sitio\/wp-content\/uploads\/2025\/04\/Caleb-644x483.jpeg\" alt=\"\" class=\"wp-image-70335\" srcset=\"https:\/\/www.uartes.edu.ec\/sitio\/wp-content\/uploads\/2025\/04\/Caleb-644x483.jpeg 644w, https:\/\/www.uartes.edu.ec\/sitio\/wp-content\/uploads\/2025\/04\/Caleb-300x225.jpeg 300w, https:\/\/www.uartes.edu.ec\/sitio\/wp-content\/uploads\/2025\/04\/Caleb-768x576.jpeg 768w, https:\/\/www.uartes.edu.ec\/sitio\/wp-content\/uploads\/2025\/04\/Caleb-1536x1152.jpeg 1536w, https:\/\/www.uartes.edu.ec\/sitio\/wp-content\/uploads\/2025\/04\/Caleb-2048x1536.jpeg 2048w, https:\/\/www.uartes.edu.ec\/sitio\/wp-content\/uploads\/2025\/04\/Caleb-16x12.jpeg 16w, https:\/\/www.uartes.edu.ec\/sitio\/wp-content\/uploads\/2025\/04\/Caleb-400x300.jpeg 400w\" sizes=\"(max-width: 644px) 100vw, 644px\" \/><\/figure>\n\n\n\n<figure class=\"wp-block-image size-large\"><img loading=\"lazy\" decoding=\"async\" width=\"644\" height=\"483\" data-id=\"70334\" src=\"https:\/\/www.uartes.edu.ec\/sitio\/wp-content\/uploads\/2025\/04\/Caleb2-644x483.jpg\" alt=\"\" class=\"wp-image-70334\" srcset=\"https:\/\/www.uartes.edu.ec\/sitio\/wp-content\/uploads\/2025\/04\/Caleb2-644x483.jpg 644w, https:\/\/www.uartes.edu.ec\/sitio\/wp-content\/uploads\/2025\/04\/Caleb2-300x225.jpg 300w, https:\/\/www.uartes.edu.ec\/sitio\/wp-content\/uploads\/2025\/04\/Caleb2-768x576.jpg 768w, https:\/\/www.uartes.edu.ec\/sitio\/wp-content\/uploads\/2025\/04\/Caleb2-1536x1152.jpg 1536w, https:\/\/www.uartes.edu.ec\/sitio\/wp-content\/uploads\/2025\/04\/Caleb2-16x12.jpg 16w, https:\/\/www.uartes.edu.ec\/sitio\/wp-content\/uploads\/2025\/04\/Caleb2-400x300.jpg 400w, https:\/\/www.uartes.edu.ec\/sitio\/wp-content\/uploads\/2025\/04\/Caleb2.jpg 1777w\" sizes=\"(max-width: 644px) 100vw, 644px\" \/><\/figure>\n<\/figure>\n\n\n\n<p>A\u00f1ade que al t\u00e9rmino de la residencia hubo dos conciertos solo con instrumentos de viento: corno franc\u00e9s, flauta, fagot, clarinete y oboe. En el primero tocaron todos, y fue una pieza de \u201cEl Cascanueces\u201d, de Chaikovski, la cual result\u00f3 incre\u00edble; la segunda presentaci\u00f3n fue con solo los becados, quienes tocaron con los maestros.&nbsp;Tuvieron lugar en la Embajada de Alemania en Montevideo y en el evento final recibieron los diplomas de participaci\u00f3n.<\/p>\n\n\n\n<p>La anterior Residencia Art\u00edstica SonArte fue en Viena y la del presente a\u00f1o tuvo alrededor de 100 residentes, cuyo punto de encuentro fue el Auditorio Nacional de Sodre. Caleb pas\u00f3 su estad\u00eda en una casa parroquial que no quedaba tan cerca del centro de Montevideo. Le tomaba una hora llegar, pero su movilizaci\u00f3n en bus la disfrut\u00f3 por todo lo que pudo admirar de la capital uruguaya, sostiene.<\/p>\n\n\n\n<p>De sus inicios como m\u00fasico instrumentista, Caleb revela que tuvo su primera flauta traversa casi a los 15 a\u00f1os y un profesor solo un mes, por falta de recursos. A los 18 volvi\u00f3 a tener un maestro, con quien se prepar\u00f3 por casi un lustro. Entonces busc\u00f3 profesionalizarse y se postul\u00f3 a la UArtes. Inici\u00f3 sus estudios, dice, con una mentalidad cl\u00e1sica, pero desde la primera clase con el docente Luis Carlos Moreno descubri\u00f3 otras sonoridades, como la riqueza de los instrumentos andinos, que le hicieron cambiar sus percepciones. Comenta que, en la universidad, para el concierto de final de semestre Moreno pide a sus alumnos tocar tres piezas: acad\u00e9mica universal, latinoamericana y ecuatoriana. Integran, adem\u00e1s, el ensamble de flauta traversa y tocan la flauta traversa europea e instrumentos de viento andinos.<\/p>\n\n\n<div class=\"wp-block-image\">\n<figure class=\"aligncenter size-large\"><img loading=\"lazy\" decoding=\"async\" width=\"644\" height=\"429\" src=\"https:\/\/www.uartes.edu.ec\/sitio\/wp-content\/uploads\/2025\/04\/04-CALEB-VELEZ-FLAUTA-TRAVERSA-644x429.jpg\" alt=\"\" class=\"wp-image-70336\" srcset=\"https:\/\/www.uartes.edu.ec\/sitio\/wp-content\/uploads\/2025\/04\/04-CALEB-VELEZ-FLAUTA-TRAVERSA-644x429.jpg 644w, https:\/\/www.uartes.edu.ec\/sitio\/wp-content\/uploads\/2025\/04\/04-CALEB-VELEZ-FLAUTA-TRAVERSA-300x200.jpg 300w, https:\/\/www.uartes.edu.ec\/sitio\/wp-content\/uploads\/2025\/04\/04-CALEB-VELEZ-FLAUTA-TRAVERSA-768x512.jpg 768w, https:\/\/www.uartes.edu.ec\/sitio\/wp-content\/uploads\/2025\/04\/04-CALEB-VELEZ-FLAUTA-TRAVERSA-1536x1024.jpg 1536w, https:\/\/www.uartes.edu.ec\/sitio\/wp-content\/uploads\/2025\/04\/04-CALEB-VELEZ-FLAUTA-TRAVERSA-18x12.jpg 18w, https:\/\/www.uartes.edu.ec\/sitio\/wp-content\/uploads\/2025\/04\/04-CALEB-VELEZ-FLAUTA-TRAVERSA-600x400.jpg 600w, https:\/\/www.uartes.edu.ec\/sitio\/wp-content\/uploads\/2025\/04\/04-CALEB-VELEZ-FLAUTA-TRAVERSA-400x267.jpg 400w, https:\/\/www.uartes.edu.ec\/sitio\/wp-content\/uploads\/2025\/04\/04-CALEB-VELEZ-FLAUTA-TRAVERSA.jpg 2000w\" sizes=\"(max-width: 644px) 100vw, 644px\" \/><\/figure>\n<\/div>\n\n\n<p>De existir otra convocatoria para residencias dentro o fuera del pa\u00eds, Caleb asegura que se postular\u00eda. La de Montevideo le dej\u00f3 muchos aprendizajes y tambi\u00e9n lo ayud\u00f3 a ganar confianza. El docente Moreno corrobora su nerviosismo y celebra que haya vivido la experiencia de una residencia internacional. \u201cDesde la c\u00e1tedra de flautas de la Universidad de las Artes buscamos espacios y din\u00e1micas laborales, acad\u00e9micas, investigativas y art\u00edsticas para que los estudiantes tengan una visi\u00f3n de la realidad y del contexto; que tengan de alguna forma nociones del medio\u201d.<\/p>\n\n\n\n<p>Agrega que la UArtes y sus docentes apuntan a que, cuando los estudiantes obtengan su licenciatura, sepan lo que enfrentar\u00e1n en el medio nacional o internacional. \u201cDe all\u00ed la din\u00e1mica de ellos y nuestra de buscar festivales, congresos y concursos para que puedan postularse y ganar experiencia. Es proyectar su perfil profesional, estudiantil y acad\u00e9mico\u201d.<\/p>\n\n\n\n<p>En este Semestre A 2025, que inici\u00f3 el 31 de marzo, el docente tiene a su cargo las asignaturas de Etnomusicolog\u00eda, Flauta traversa y Pr\u00e1ctica instrumental. En v\u00ednculo con la comunidad tiene otra materia con la comunidad kichwa del Mercado Artesanal de Guayaquil, la cual se abri\u00f3 en el presente periodo acad\u00e9mico y es del Departamento de Transversal.<\/p>\n\n\n\n<p>Texto y foto: Carmen Cortez\/Dircom. Caleb V\u00e9lez con el docente UArtes, Luis Carlos Moreno.<br>Fotos: cortes\u00eda Caleb V\u00e9lez Prado. En las im\u00e1genes se aprecia al estudiante de Artes Sonoras durante su residencia en Montevideo, con el diploma que recibi\u00f3, con los dem\u00e1s residentes, con a profesora Isabel Carmona, quien estuvo a cargo de la residencia, y con el director de SonArte, Luis Barbe.<\/p>\n","protected":false},"excerpt":{"rendered":"<p>Caleb V\u00e9lez estudia en la Escuela de Artes Sonoras de la UArtes y del 24 al 30 de marzo pasado particip\u00f3 en la Residencia Art\u00edstica SonArte 2025 de Montevideo. Lo hizo con el instrumento cuya asignatura, Flauta traversa, recibe con el docente Luis Carlos Moreno. Justamente fue su maestro quien dio a conocer su participaci\u00f3n en la cita, destacando su dedicaci\u00f3n y compromiso, y c\u00f3mo logr\u00f3 costearse el viaje y la estad\u00eda.<\/p>\n","protected":false},"author":10,"featured_media":70330,"comment_status":"open","ping_status":"open","sticky":false,"template":"","format":"standard","meta":{"_acf_changed":false,"_uag_custom_page_level_css":"","_monsterinsights_skip_tracking":false,"_monsterinsights_sitenote_active":false,"_monsterinsights_sitenote_note":"","_monsterinsights_sitenote_category":0,"cybocfi_hide_featured_image":"","footnotes":""},"categories":[82,150,75,76,77],"tags":[521],"infouartes":[],"class_list":["post-70305","post","type-post","status-publish","format-standard","has-post-thumbnail","hentry","category-artes","category-artes-sonoras","category-docentes","category-estudiantes","category-gestion","tag-encuentro"],"acf":[],"yoast_head":"<!-- This site is optimized with the Yoast SEO plugin v27.4 - https:\/\/yoast.com\/product\/yoast-seo-wordpress\/ -->\n<title>Universidad de las Artes - Estudiante Caleb V\u00e9lez particip\u00f3 en la Residencia Art\u00edstica SonArte 2025 de Montevideo y comparte su experiencia<\/title>\n<meta name=\"description\" content=\"Universidad de las Artes - Estudiante Caleb V\u00e9lez particip\u00f3 en la Residencia Art\u00edstica SonArte 2025 de Montevideo y comparte su experiencia\" \/>\n<meta name=\"robots\" content=\"index, follow, max-snippet:-1, max-image-preview:large, max-video-preview:-1\" \/>\n<link rel=\"canonical\" href=\"https:\/\/www.uartes.edu.ec\/sitio\/blog\/2025\/04\/08\/estudiante-caleb-velez-participo-en-la-residencia-artistica-sonarte-2025-de-montevideo-y-comparte-su-experiencia\/\" \/>\n<meta property=\"og:locale\" content=\"es_ES\" \/>\n<meta property=\"og:type\" content=\"article\" \/>\n<meta property=\"og:title\" content=\"Universidad de las Artes - Estudiante Caleb V\u00e9lez particip\u00f3 en la Residencia Art\u00edstica SonArte 2025 de Montevideo y comparte su experiencia\" \/>\n<meta property=\"og:description\" content=\"Universidad de las Artes - Estudiante Caleb V\u00e9lez particip\u00f3 en la Residencia Art\u00edstica SonArte 2025 de Montevideo y comparte su experiencia\" \/>\n<meta property=\"og:url\" content=\"https:\/\/www.uartes.edu.ec\/sitio\/blog\/2025\/04\/08\/estudiante-caleb-velez-participo-en-la-residencia-artistica-sonarte-2025-de-montevideo-y-comparte-su-experiencia\/\" \/>\n<meta property=\"og:site_name\" content=\"Universidad de las Artes\" \/>\n<meta property=\"article:publisher\" content=\"https:\/\/www.facebook.com\/uartesec\" \/>\n<meta property=\"article:published_time\" content=\"2025-04-09T00:11:00+00:00\" \/>\n<meta property=\"article:modified_time\" content=\"2025-04-10T22:08:06+00:00\" \/>\n<meta property=\"og:image\" content=\"https:\/\/www.uartes.edu.ec\/sitio\/wp-content\/uploads\/2025\/04\/03-CALEB-VELEZ-FLAUTA-TRAVERSA.jpg\" \/>\n\t<meta property=\"og:image:width\" content=\"2000\" \/>\n\t<meta property=\"og:image:height\" content=\"1333\" \/>\n\t<meta property=\"og:image:type\" content=\"image\/jpeg\" \/>\n<meta name=\"author\" content=\"ccortez\" \/>\n<meta name=\"twitter:card\" content=\"summary_large_image\" \/>\n<meta name=\"twitter:creator\" content=\"@uartesec\" \/>\n<meta name=\"twitter:site\" content=\"@uartesec\" \/>\n<meta name=\"twitter:label1\" content=\"Escrito por\" \/>\n\t<meta name=\"twitter:data1\" content=\"ccortez\" \/>\n\t<meta name=\"twitter:label2\" content=\"Tiempo de lectura\" \/>\n\t<meta name=\"twitter:data2\" content=\"8 minutos\" \/>\n<script type=\"application\/ld+json\" class=\"yoast-schema-graph\">{\"@context\":\"https:\\\/\\\/schema.org\",\"@graph\":[{\"@type\":\"Article\",\"@id\":\"https:\\\/\\\/www.uartes.edu.ec\\\/sitio\\\/blog\\\/2025\\\/04\\\/08\\\/estudiante-caleb-velez-participo-en-la-residencia-artistica-sonarte-2025-de-montevideo-y-comparte-su-experiencia\\\/#article\",\"isPartOf\":{\"@id\":\"https:\\\/\\\/www.uartes.edu.ec\\\/sitio\\\/blog\\\/2025\\\/04\\\/08\\\/estudiante-caleb-velez-participo-en-la-residencia-artistica-sonarte-2025-de-montevideo-y-comparte-su-experiencia\\\/\"},\"author\":{\"name\":\"ccortez\",\"@id\":\"https:\\\/\\\/www.uartes.edu.ec\\\/sitio\\\/#\\\/schema\\\/person\\\/efa1b8275797664fd7f13a79ccc0b1f4\"},\"headline\":\"Estudiante Caleb V\u00e9lez particip\u00f3 en la Residencia Art\u00edstica SonArte 2025 de Montevideo y comparte su experiencia\",\"datePublished\":\"2025-04-09T00:11:00+00:00\",\"dateModified\":\"2025-04-10T22:08:06+00:00\",\"mainEntityOfPage\":{\"@id\":\"https:\\\/\\\/www.uartes.edu.ec\\\/sitio\\\/blog\\\/2025\\\/04\\\/08\\\/estudiante-caleb-velez-participo-en-la-residencia-artistica-sonarte-2025-de-montevideo-y-comparte-su-experiencia\\\/\"},\"wordCount\":1317,\"commentCount\":0,\"publisher\":{\"@id\":\"https:\\\/\\\/www.uartes.edu.ec\\\/sitio\\\/#organization\"},\"image\":{\"@id\":\"https:\\\/\\\/www.uartes.edu.ec\\\/sitio\\\/blog\\\/2025\\\/04\\\/08\\\/estudiante-caleb-velez-participo-en-la-residencia-artistica-sonarte-2025-de-montevideo-y-comparte-su-experiencia\\\/#primaryimage\"},\"thumbnailUrl\":\"https:\\\/\\\/www.uartes.edu.ec\\\/sitio\\\/wp-content\\\/uploads\\\/2025\\\/04\\\/03-CALEB-VELEZ-FLAUTA-TRAVERSA.jpg\",\"keywords\":[\"encuentro\"],\"articleSection\":[\"Artes\",\"Artes Sonoras\",\"Docentes\",\"Estudiantes\",\"Gesti\u00f3n\"],\"inLanguage\":\"es\",\"potentialAction\":[{\"@type\":\"CommentAction\",\"name\":\"Comment\",\"target\":[\"https:\\\/\\\/www.uartes.edu.ec\\\/sitio\\\/blog\\\/2025\\\/04\\\/08\\\/estudiante-caleb-velez-participo-en-la-residencia-artistica-sonarte-2025-de-montevideo-y-comparte-su-experiencia\\\/#respond\"]}]},{\"@type\":[\"WebPage\",\"ItemPage\"],\"@id\":\"https:\\\/\\\/www.uartes.edu.ec\\\/sitio\\\/blog\\\/2025\\\/04\\\/08\\\/estudiante-caleb-velez-participo-en-la-residencia-artistica-sonarte-2025-de-montevideo-y-comparte-su-experiencia\\\/\",\"url\":\"https:\\\/\\\/www.uartes.edu.ec\\\/sitio\\\/blog\\\/2025\\\/04\\\/08\\\/estudiante-caleb-velez-participo-en-la-residencia-artistica-sonarte-2025-de-montevideo-y-comparte-su-experiencia\\\/\",\"name\":\"Universidad de las Artes - Estudiante Caleb V\u00e9lez particip\u00f3 en la Residencia Art\u00edstica SonArte 2025 de Montevideo y comparte su experiencia\",\"isPartOf\":{\"@id\":\"https:\\\/\\\/www.uartes.edu.ec\\\/sitio\\\/#website\"},\"primaryImageOfPage\":{\"@id\":\"https:\\\/\\\/www.uartes.edu.ec\\\/sitio\\\/blog\\\/2025\\\/04\\\/08\\\/estudiante-caleb-velez-participo-en-la-residencia-artistica-sonarte-2025-de-montevideo-y-comparte-su-experiencia\\\/#primaryimage\"},\"image\":{\"@id\":\"https:\\\/\\\/www.uartes.edu.ec\\\/sitio\\\/blog\\\/2025\\\/04\\\/08\\\/estudiante-caleb-velez-participo-en-la-residencia-artistica-sonarte-2025-de-montevideo-y-comparte-su-experiencia\\\/#primaryimage\"},\"thumbnailUrl\":\"https:\\\/\\\/www.uartes.edu.ec\\\/sitio\\\/wp-content\\\/uploads\\\/2025\\\/04\\\/03-CALEB-VELEZ-FLAUTA-TRAVERSA.jpg\",\"datePublished\":\"2025-04-09T00:11:00+00:00\",\"dateModified\":\"2025-04-10T22:08:06+00:00\",\"description\":\"Universidad de las Artes - Estudiante Caleb V\u00e9lez particip\u00f3 en la Residencia Art\u00edstica SonArte 2025 de Montevideo y comparte su experiencia\",\"breadcrumb\":{\"@id\":\"https:\\\/\\\/www.uartes.edu.ec\\\/sitio\\\/blog\\\/2025\\\/04\\\/08\\\/estudiante-caleb-velez-participo-en-la-residencia-artistica-sonarte-2025-de-montevideo-y-comparte-su-experiencia\\\/#breadcrumb\"},\"inLanguage\":\"es\",\"potentialAction\":[{\"@type\":\"ReadAction\",\"target\":[\"https:\\\/\\\/www.uartes.edu.ec\\\/sitio\\\/blog\\\/2025\\\/04\\\/08\\\/estudiante-caleb-velez-participo-en-la-residencia-artistica-sonarte-2025-de-montevideo-y-comparte-su-experiencia\\\/\"]}]},{\"@type\":\"ImageObject\",\"inLanguage\":\"es\",\"@id\":\"https:\\\/\\\/www.uartes.edu.ec\\\/sitio\\\/blog\\\/2025\\\/04\\\/08\\\/estudiante-caleb-velez-participo-en-la-residencia-artistica-sonarte-2025-de-montevideo-y-comparte-su-experiencia\\\/#primaryimage\",\"url\":\"https:\\\/\\\/www.uartes.edu.ec\\\/sitio\\\/wp-content\\\/uploads\\\/2025\\\/04\\\/03-CALEB-VELEZ-FLAUTA-TRAVERSA.jpg\",\"contentUrl\":\"https:\\\/\\\/www.uartes.edu.ec\\\/sitio\\\/wp-content\\\/uploads\\\/2025\\\/04\\\/03-CALEB-VELEZ-FLAUTA-TRAVERSA.jpg\",\"width\":2000,\"height\":1333},{\"@type\":\"BreadcrumbList\",\"@id\":\"https:\\\/\\\/www.uartes.edu.ec\\\/sitio\\\/blog\\\/2025\\\/04\\\/08\\\/estudiante-caleb-velez-participo-en-la-residencia-artistica-sonarte-2025-de-montevideo-y-comparte-su-experiencia\\\/#breadcrumb\",\"itemListElement\":[{\"@type\":\"ListItem\",\"position\":1,\"name\":\"Inicio\",\"item\":\"https:\\\/\\\/www.uartes.edu.ec\\\/sitio\\\/\"},{\"@type\":\"ListItem\",\"position\":2,\"name\":\"Estudiante Caleb V\u00e9lez particip\u00f3 en la Residencia Art\u00edstica SonArte 2025 de Montevideo y comparte su experiencia\"}]},{\"@type\":\"WebSite\",\"@id\":\"https:\\\/\\\/www.uartes.edu.ec\\\/sitio\\\/#website\",\"url\":\"https:\\\/\\\/www.uartes.edu.ec\\\/sitio\\\/\",\"name\":\"Universidad de las Artes\",\"description\":\"Sitio oficial de la Universidad Nacional de las Artes del Ecuador\",\"publisher\":{\"@id\":\"https:\\\/\\\/www.uartes.edu.ec\\\/sitio\\\/#organization\"},\"potentialAction\":[{\"@type\":\"SearchAction\",\"target\":{\"@type\":\"EntryPoint\",\"urlTemplate\":\"https:\\\/\\\/www.uartes.edu.ec\\\/sitio\\\/?s={search_term_string}\"},\"query-input\":{\"@type\":\"PropertyValueSpecification\",\"valueRequired\":true,\"valueName\":\"search_term_string\"}}],\"inLanguage\":\"es\"},{\"@type\":\"Organization\",\"@id\":\"https:\\\/\\\/www.uartes.edu.ec\\\/sitio\\\/#organization\",\"name\":\"Universidad de las Artes\",\"url\":\"https:\\\/\\\/www.uartes.edu.ec\\\/sitio\\\/\",\"logo\":{\"@type\":\"ImageObject\",\"inLanguage\":\"es\",\"@id\":\"https:\\\/\\\/www.uartes.edu.ec\\\/sitio\\\/#\\\/schema\\\/logo\\\/image\\\/\",\"url\":\"https:\\\/\\\/www.uartes.edu.ec\\\/sitio\\\/wp-content\\\/uploads\\\/2022\\\/07\\\/logo-ua-horizontal.png\",\"contentUrl\":\"https:\\\/\\\/www.uartes.edu.ec\\\/sitio\\\/wp-content\\\/uploads\\\/2022\\\/07\\\/logo-ua-horizontal.png\",\"width\":800,\"height\":276,\"caption\":\"Universidad de las Artes\"},\"image\":{\"@id\":\"https:\\\/\\\/www.uartes.edu.ec\\\/sitio\\\/#\\\/schema\\\/logo\\\/image\\\/\"},\"sameAs\":[\"https:\\\/\\\/www.facebook.com\\\/uartesec\",\"https:\\\/\\\/x.com\\\/uartesec\",\"https:\\\/\\\/www.tiktok.com\\\/@uartesec\"]},{\"@type\":\"Person\",\"@id\":\"https:\\\/\\\/www.uartes.edu.ec\\\/sitio\\\/#\\\/schema\\\/person\\\/efa1b8275797664fd7f13a79ccc0b1f4\",\"name\":\"ccortez\",\"image\":{\"@type\":\"ImageObject\",\"inLanguage\":\"es\",\"@id\":\"https:\\\/\\\/secure.gravatar.com\\\/avatar\\\/b2a6f664a3ae8e074346ef91775736c5ec479e637ecced6842de9dc98b5da9cd?s=96&d=mm&r=g\",\"url\":\"https:\\\/\\\/secure.gravatar.com\\\/avatar\\\/b2a6f664a3ae8e074346ef91775736c5ec479e637ecced6842de9dc98b5da9cd?s=96&d=mm&r=g\",\"contentUrl\":\"https:\\\/\\\/secure.gravatar.com\\\/avatar\\\/b2a6f664a3ae8e074346ef91775736c5ec479e637ecced6842de9dc98b5da9cd?s=96&d=mm&r=g\",\"caption\":\"ccortez\"},\"url\":\"https:\\\/\\\/www.uartes.edu.ec\\\/sitio\\\/blog\\\/author\\\/ccortez\\\/\"}]}<\/script>\n<!-- \/ Yoast SEO plugin. -->","yoast_head_json":{"title":"Universidad de las Artes - Estudiante Caleb V\u00e9lez particip\u00f3 en la Residencia Art\u00edstica SonArte 2025 de Montevideo y comparte su experiencia","description":"Universidad de las Artes - Estudiante Caleb V\u00e9lez particip\u00f3 en la Residencia Art\u00edstica SonArte 2025 de Montevideo y comparte su experiencia","robots":{"index":"index","follow":"follow","max-snippet":"max-snippet:-1","max-image-preview":"max-image-preview:large","max-video-preview":"max-video-preview:-1"},"canonical":"https:\/\/www.uartes.edu.ec\/sitio\/blog\/2025\/04\/08\/estudiante-caleb-velez-participo-en-la-residencia-artistica-sonarte-2025-de-montevideo-y-comparte-su-experiencia\/","og_locale":"es_ES","og_type":"article","og_title":"Universidad de las Artes - Estudiante Caleb V\u00e9lez particip\u00f3 en la Residencia Art\u00edstica SonArte 2025 de Montevideo y comparte su experiencia","og_description":"Universidad de las Artes - Estudiante Caleb V\u00e9lez particip\u00f3 en la Residencia Art\u00edstica SonArte 2025 de Montevideo y comparte su experiencia","og_url":"https:\/\/www.uartes.edu.ec\/sitio\/blog\/2025\/04\/08\/estudiante-caleb-velez-participo-en-la-residencia-artistica-sonarte-2025-de-montevideo-y-comparte-su-experiencia\/","og_site_name":"Universidad de las Artes","article_publisher":"https:\/\/www.facebook.com\/uartesec","article_published_time":"2025-04-09T00:11:00+00:00","article_modified_time":"2025-04-10T22:08:06+00:00","og_image":[{"width":2000,"height":1333,"url":"https:\/\/www.uartes.edu.ec\/sitio\/wp-content\/uploads\/2025\/04\/03-CALEB-VELEZ-FLAUTA-TRAVERSA.jpg","type":"image\/jpeg"}],"author":"ccortez","twitter_card":"summary_large_image","twitter_creator":"@uartesec","twitter_site":"@uartesec","twitter_misc":{"Escrito por":"ccortez","Tiempo de lectura":"8 minutos"},"schema":{"@context":"https:\/\/schema.org","@graph":[{"@type":"Article","@id":"https:\/\/www.uartes.edu.ec\/sitio\/blog\/2025\/04\/08\/estudiante-caleb-velez-participo-en-la-residencia-artistica-sonarte-2025-de-montevideo-y-comparte-su-experiencia\/#article","isPartOf":{"@id":"https:\/\/www.uartes.edu.ec\/sitio\/blog\/2025\/04\/08\/estudiante-caleb-velez-participo-en-la-residencia-artistica-sonarte-2025-de-montevideo-y-comparte-su-experiencia\/"},"author":{"name":"ccortez","@id":"https:\/\/www.uartes.edu.ec\/sitio\/#\/schema\/person\/efa1b8275797664fd7f13a79ccc0b1f4"},"headline":"Estudiante Caleb V\u00e9lez particip\u00f3 en la Residencia Art\u00edstica SonArte 2025 de Montevideo y comparte su experiencia","datePublished":"2025-04-09T00:11:00+00:00","dateModified":"2025-04-10T22:08:06+00:00","mainEntityOfPage":{"@id":"https:\/\/www.uartes.edu.ec\/sitio\/blog\/2025\/04\/08\/estudiante-caleb-velez-participo-en-la-residencia-artistica-sonarte-2025-de-montevideo-y-comparte-su-experiencia\/"},"wordCount":1317,"commentCount":0,"publisher":{"@id":"https:\/\/www.uartes.edu.ec\/sitio\/#organization"},"image":{"@id":"https:\/\/www.uartes.edu.ec\/sitio\/blog\/2025\/04\/08\/estudiante-caleb-velez-participo-en-la-residencia-artistica-sonarte-2025-de-montevideo-y-comparte-su-experiencia\/#primaryimage"},"thumbnailUrl":"https:\/\/www.uartes.edu.ec\/sitio\/wp-content\/uploads\/2025\/04\/03-CALEB-VELEZ-FLAUTA-TRAVERSA.jpg","keywords":["encuentro"],"articleSection":["Artes","Artes Sonoras","Docentes","Estudiantes","Gesti\u00f3n"],"inLanguage":"es","potentialAction":[{"@type":"CommentAction","name":"Comment","target":["https:\/\/www.uartes.edu.ec\/sitio\/blog\/2025\/04\/08\/estudiante-caleb-velez-participo-en-la-residencia-artistica-sonarte-2025-de-montevideo-y-comparte-su-experiencia\/#respond"]}]},{"@type":["WebPage","ItemPage"],"@id":"https:\/\/www.uartes.edu.ec\/sitio\/blog\/2025\/04\/08\/estudiante-caleb-velez-participo-en-la-residencia-artistica-sonarte-2025-de-montevideo-y-comparte-su-experiencia\/","url":"https:\/\/www.uartes.edu.ec\/sitio\/blog\/2025\/04\/08\/estudiante-caleb-velez-participo-en-la-residencia-artistica-sonarte-2025-de-montevideo-y-comparte-su-experiencia\/","name":"Universidad de las Artes - Estudiante Caleb V\u00e9lez particip\u00f3 en la Residencia Art\u00edstica SonArte 2025 de Montevideo y comparte su experiencia","isPartOf":{"@id":"https:\/\/www.uartes.edu.ec\/sitio\/#website"},"primaryImageOfPage":{"@id":"https:\/\/www.uartes.edu.ec\/sitio\/blog\/2025\/04\/08\/estudiante-caleb-velez-participo-en-la-residencia-artistica-sonarte-2025-de-montevideo-y-comparte-su-experiencia\/#primaryimage"},"image":{"@id":"https:\/\/www.uartes.edu.ec\/sitio\/blog\/2025\/04\/08\/estudiante-caleb-velez-participo-en-la-residencia-artistica-sonarte-2025-de-montevideo-y-comparte-su-experiencia\/#primaryimage"},"thumbnailUrl":"https:\/\/www.uartes.edu.ec\/sitio\/wp-content\/uploads\/2025\/04\/03-CALEB-VELEZ-FLAUTA-TRAVERSA.jpg","datePublished":"2025-04-09T00:11:00+00:00","dateModified":"2025-04-10T22:08:06+00:00","description":"Universidad de las Artes - Estudiante Caleb V\u00e9lez particip\u00f3 en la Residencia Art\u00edstica SonArte 2025 de Montevideo y comparte su experiencia","breadcrumb":{"@id":"https:\/\/www.uartes.edu.ec\/sitio\/blog\/2025\/04\/08\/estudiante-caleb-velez-participo-en-la-residencia-artistica-sonarte-2025-de-montevideo-y-comparte-su-experiencia\/#breadcrumb"},"inLanguage":"es","potentialAction":[{"@type":"ReadAction","target":["https:\/\/www.uartes.edu.ec\/sitio\/blog\/2025\/04\/08\/estudiante-caleb-velez-participo-en-la-residencia-artistica-sonarte-2025-de-montevideo-y-comparte-su-experiencia\/"]}]},{"@type":"ImageObject","inLanguage":"es","@id":"https:\/\/www.uartes.edu.ec\/sitio\/blog\/2025\/04\/08\/estudiante-caleb-velez-participo-en-la-residencia-artistica-sonarte-2025-de-montevideo-y-comparte-su-experiencia\/#primaryimage","url":"https:\/\/www.uartes.edu.ec\/sitio\/wp-content\/uploads\/2025\/04\/03-CALEB-VELEZ-FLAUTA-TRAVERSA.jpg","contentUrl":"https:\/\/www.uartes.edu.ec\/sitio\/wp-content\/uploads\/2025\/04\/03-CALEB-VELEZ-FLAUTA-TRAVERSA.jpg","width":2000,"height":1333},{"@type":"BreadcrumbList","@id":"https:\/\/www.uartes.edu.ec\/sitio\/blog\/2025\/04\/08\/estudiante-caleb-velez-participo-en-la-residencia-artistica-sonarte-2025-de-montevideo-y-comparte-su-experiencia\/#breadcrumb","itemListElement":[{"@type":"ListItem","position":1,"name":"Inicio","item":"https:\/\/www.uartes.edu.ec\/sitio\/"},{"@type":"ListItem","position":2,"name":"Estudiante Caleb V\u00e9lez particip\u00f3 en la Residencia Art\u00edstica SonArte 2025 de Montevideo y comparte su experiencia"}]},{"@type":"WebSite","@id":"https:\/\/www.uartes.edu.ec\/sitio\/#website","url":"https:\/\/www.uartes.edu.ec\/sitio\/","name":"Universidad de las Artes","description":"Sitio oficial de la Universidad Nacional de las Artes del Ecuador","publisher":{"@id":"https:\/\/www.uartes.edu.ec\/sitio\/#organization"},"potentialAction":[{"@type":"SearchAction","target":{"@type":"EntryPoint","urlTemplate":"https:\/\/www.uartes.edu.ec\/sitio\/?s={search_term_string}"},"query-input":{"@type":"PropertyValueSpecification","valueRequired":true,"valueName":"search_term_string"}}],"inLanguage":"es"},{"@type":"Organization","@id":"https:\/\/www.uartes.edu.ec\/sitio\/#organization","name":"Universidad de las Artes","url":"https:\/\/www.uartes.edu.ec\/sitio\/","logo":{"@type":"ImageObject","inLanguage":"es","@id":"https:\/\/www.uartes.edu.ec\/sitio\/#\/schema\/logo\/image\/","url":"https:\/\/www.uartes.edu.ec\/sitio\/wp-content\/uploads\/2022\/07\/logo-ua-horizontal.png","contentUrl":"https:\/\/www.uartes.edu.ec\/sitio\/wp-content\/uploads\/2022\/07\/logo-ua-horizontal.png","width":800,"height":276,"caption":"Universidad de las Artes"},"image":{"@id":"https:\/\/www.uartes.edu.ec\/sitio\/#\/schema\/logo\/image\/"},"sameAs":["https:\/\/www.facebook.com\/uartesec","https:\/\/x.com\/uartesec","https:\/\/www.tiktok.com\/@uartesec"]},{"@type":"Person","@id":"https:\/\/www.uartes.edu.ec\/sitio\/#\/schema\/person\/efa1b8275797664fd7f13a79ccc0b1f4","name":"ccortez","image":{"@type":"ImageObject","inLanguage":"es","@id":"https:\/\/secure.gravatar.com\/avatar\/b2a6f664a3ae8e074346ef91775736c5ec479e637ecced6842de9dc98b5da9cd?s=96&d=mm&r=g","url":"https:\/\/secure.gravatar.com\/avatar\/b2a6f664a3ae8e074346ef91775736c5ec479e637ecced6842de9dc98b5da9cd?s=96&d=mm&r=g","contentUrl":"https:\/\/secure.gravatar.com\/avatar\/b2a6f664a3ae8e074346ef91775736c5ec479e637ecced6842de9dc98b5da9cd?s=96&d=mm&r=g","caption":"ccortez"},"url":"https:\/\/www.uartes.edu.ec\/sitio\/blog\/author\/ccortez\/"}]}},"uagb_featured_image_src":{"full":["https:\/\/www.uartes.edu.ec\/sitio\/wp-content\/uploads\/2025\/04\/03-CALEB-VELEZ-FLAUTA-TRAVERSA.jpg",2000,1333,false],"thumbnail":["https:\/\/www.uartes.edu.ec\/sitio\/wp-content\/uploads\/2025\/04\/03-CALEB-VELEZ-FLAUTA-TRAVERSA-150x150.jpg",150,150,true],"medium":["https:\/\/www.uartes.edu.ec\/sitio\/wp-content\/uploads\/2025\/04\/03-CALEB-VELEZ-FLAUTA-TRAVERSA-300x200.jpg",300,200,true],"medium_large":["https:\/\/www.uartes.edu.ec\/sitio\/wp-content\/uploads\/2025\/04\/03-CALEB-VELEZ-FLAUTA-TRAVERSA-768x512.jpg",768,512,true],"large":["https:\/\/www.uartes.edu.ec\/sitio\/wp-content\/uploads\/2025\/04\/03-CALEB-VELEZ-FLAUTA-TRAVERSA-644x429.jpg",644,429,true],"1536x1536":["https:\/\/www.uartes.edu.ec\/sitio\/wp-content\/uploads\/2025\/04\/03-CALEB-VELEZ-FLAUTA-TRAVERSA-1536x1024.jpg",1536,1024,true],"2048x2048":["https:\/\/www.uartes.edu.ec\/sitio\/wp-content\/uploads\/2025\/04\/03-CALEB-VELEZ-FLAUTA-TRAVERSA.jpg",2000,1333,false],"trp-custom-language-flag":["https:\/\/www.uartes.edu.ec\/sitio\/wp-content\/uploads\/2025\/04\/03-CALEB-VELEZ-FLAUTA-TRAVERSA-18x12.jpg",18,12,true],"htmega_size_585x295":["https:\/\/www.uartes.edu.ec\/sitio\/wp-content\/uploads\/2025\/04\/03-CALEB-VELEZ-FLAUTA-TRAVERSA-585x295.jpg",585,295,true],"htmega_size_1170x536":["https:\/\/www.uartes.edu.ec\/sitio\/wp-content\/uploads\/2025\/04\/03-CALEB-VELEZ-FLAUTA-TRAVERSA-1170x536.jpg",1170,536,true],"htmega_size_396x360":["https:\/\/www.uartes.edu.ec\/sitio\/wp-content\/uploads\/2025\/04\/03-CALEB-VELEZ-FLAUTA-TRAVERSA-396x360.jpg",396,360,true],"gb-block-post-grid-landscape":["https:\/\/www.uartes.edu.ec\/sitio\/wp-content\/uploads\/2025\/04\/03-CALEB-VELEZ-FLAUTA-TRAVERSA-600x400.jpg",600,400,true],"gb-block-post-grid-square":["https:\/\/www.uartes.edu.ec\/sitio\/wp-content\/uploads\/2025\/04\/03-CALEB-VELEZ-FLAUTA-TRAVERSA-600x600.jpg",600,600,true],"university-hub-thumb":["https:\/\/www.uartes.edu.ec\/sitio\/wp-content\/uploads\/2025\/04\/03-CALEB-VELEZ-FLAUTA-TRAVERSA-400x267.jpg",400,267,true]},"uagb_author_info":{"display_name":"ccortez","author_link":"https:\/\/www.uartes.edu.ec\/sitio\/blog\/author\/ccortez\/"},"uagb_comment_info":0,"uagb_excerpt":"Caleb V\u00e9lez estudia en la Escuela de Artes Sonoras de la UArtes y del 24 al 30 de marzo pasado particip\u00f3 en la Residencia Art\u00edstica SonArte 2025 de Montevideo. Lo hizo con el instrumento cuya asignatura, Flauta traversa, recibe con el docente Luis Carlos Moreno. Justamente fue su maestro quien dio a conocer su participaci\u00f3n&hellip;","featured_image_src":"https:\/\/www.uartes.edu.ec\/sitio\/wp-content\/uploads\/2025\/04\/03-CALEB-VELEZ-FLAUTA-TRAVERSA-600x400.jpg","featured_image_src_square":"https:\/\/www.uartes.edu.ec\/sitio\/wp-content\/uploads\/2025\/04\/03-CALEB-VELEZ-FLAUTA-TRAVERSA-600x600.jpg","author_info":{"display_name":"ccortez","author_link":"https:\/\/www.uartes.edu.ec\/sitio\/blog\/author\/ccortez\/"},"publishpress_future_workflow_manual_trigger":{"enabledWorkflows":[]},"distributor_meta":false,"distributor_terms":false,"distributor_media":false,"distributor_original_site_name":"Universidad de las Artes","distributor_original_site_url":"https:\/\/www.uartes.edu.ec\/sitio","push-errors":false,"_links":{"self":[{"href":"https:\/\/www.uartes.edu.ec\/sitio\/wp-json\/wp\/v2\/posts\/70305","targetHints":{"allow":["GET"]}}],"collection":[{"href":"https:\/\/www.uartes.edu.ec\/sitio\/wp-json\/wp\/v2\/posts"}],"about":[{"href":"https:\/\/www.uartes.edu.ec\/sitio\/wp-json\/wp\/v2\/types\/post"}],"author":[{"embeddable":true,"href":"https:\/\/www.uartes.edu.ec\/sitio\/wp-json\/wp\/v2\/users\/10"}],"replies":[{"embeddable":true,"href":"https:\/\/www.uartes.edu.ec\/sitio\/wp-json\/wp\/v2\/comments?post=70305"}],"version-history":[{"count":6,"href":"https:\/\/www.uartes.edu.ec\/sitio\/wp-json\/wp\/v2\/posts\/70305\/revisions"}],"predecessor-version":[{"id":70352,"href":"https:\/\/www.uartes.edu.ec\/sitio\/wp-json\/wp\/v2\/posts\/70305\/revisions\/70352"}],"wp:featuredmedia":[{"embeddable":true,"href":"https:\/\/www.uartes.edu.ec\/sitio\/wp-json\/wp\/v2\/media\/70330"}],"wp:attachment":[{"href":"https:\/\/www.uartes.edu.ec\/sitio\/wp-json\/wp\/v2\/media?parent=70305"}],"wp:term":[{"taxonomy":"category","embeddable":true,"href":"https:\/\/www.uartes.edu.ec\/sitio\/wp-json\/wp\/v2\/categories?post=70305"},{"taxonomy":"post_tag","embeddable":true,"href":"https:\/\/www.uartes.edu.ec\/sitio\/wp-json\/wp\/v2\/tags?post=70305"},{"taxonomy":"infouartes","embeddable":true,"href":"https:\/\/www.uartes.edu.ec\/sitio\/wp-json\/wp\/v2\/infouartes?post=70305"}],"curies":[{"name":"wp","href":"https:\/\/api.w.org\/{rel}","templated":true}]}}