{"id":70404,"date":"2025-04-10T18:10:00","date_gmt":"2025-04-10T23:10:00","guid":{"rendered":"https:\/\/www.uartes.edu.ec\/sitio\/?p=70404"},"modified":"2025-04-10T18:24:44","modified_gmt":"2025-04-10T23:24:44","slug":"juan-jose-ripalda-realizo-un-laboratorio-abierto-performativo-parte-del-proyecto-de-investigacion-ser-dream-we-must","status":"publish","type":"post","link":"https:\/\/www.uartes.edu.ec\/sitio\/blog\/2025\/04\/10\/juan-jose-ripalda-realizo-un-laboratorio-abierto-performativo-parte-del-proyecto-de-investigacion-ser-dream-we-must\/","title":{"rendered":"Juan Jos\u00e9 Ripalda realiz\u00f3 un laboratorio abierto performativo, parte del proyecto de investigaci\u00f3n \u201cSer: Dream We Must\u201d"},"content":{"rendered":"\n<p>\u201cSer: Dream We Must\u201d es un proyecto de investigaci\u00f3n que se desarrolla en la Universidad de las Artes y que tiene como prop\u00f3sito indagar acerca de los sue\u00f1os, buscando la necesidad no solo de explorarlos sino de dormir. So\u00f1ar como un acto pol\u00edtico, como un acto de resistencia, como un acto profundamente humano donde nos reparamos, pero tambi\u00e9n de c\u00f3mo el cerebro empieza a construir todo lo que ha experimentado en el d\u00eda. \u201cEs ese acto de dormir el que siento se ha perdido un poco\u201d, se\u00f1ala el docente UArtes Juan Jos\u00e9 Ripalda.&nbsp;<\/p>\n\n\n\n<p>Este mi\u00e9rcoles 9 de abril, Ripalda desarroll\u00f3 en la Plaza P\u00fablica del MZ14 Centro de Producci\u00f3n e Innovaci\u00f3n UArtes un laboratorio abierto performativo de la propuesta \u201cdreamlivestream\u201d, la cual es parte del proyecto de investigaci\u00f3n en menci\u00f3n. No se trat\u00f3 de una muestra de resultados, sino de una experimentaci\u00f3n, la cual tuvo como performer a Roc\u00edo Maruri, quien permanec\u00eda acostada sobre un colch\u00f3n como si estuviera en su habitaci\u00f3n.<\/p>\n\n\n\n<p>Para ubicarse en el acto performativo, Ripalda le coloc\u00f3 un sensor \u2013electroencefalograma\u2013, uno muy comercial llamado Muse 2 con la idea, manifest\u00f3, de ir creando un sistema de electroencefalograma propio, de los mismos que se utilizan para medir la actividad del cerebro. Lo conect\u00f3 a una computadora directamente y v\u00eda inal\u00e1mbrica, a fin de ir recabando datos crudos. \u201cEstos me dan cinco ondas: alfa, beta, gamma, delta y theta, las cuales, al medir la actividad cerebral, me permiten conocer su frecuencia. Yo recibo esas ondas y las convierto en sonido\u201d.<\/p>\n\n\n\n<figure class=\"wp-block-gallery has-nested-images columns-default is-cropped wp-block-gallery-1 is-layout-flex wp-block-gallery-is-layout-flex\">\n<figure class=\"wp-block-image size-large\"><img fetchpriority=\"high\" decoding=\"async\" width=\"644\" height=\"429\" data-id=\"70406\" src=\"https:\/\/www.uartes.edu.ec\/sitio\/wp-content\/uploads\/2025\/04\/06-JJ-RIPALDA-OK-644x429.jpg\" alt=\"\" class=\"wp-image-70406\" srcset=\"https:\/\/www.uartes.edu.ec\/sitio\/wp-content\/uploads\/2025\/04\/06-JJ-RIPALDA-OK-644x429.jpg 644w, https:\/\/www.uartes.edu.ec\/sitio\/wp-content\/uploads\/2025\/04\/06-JJ-RIPALDA-OK-300x200.jpg 300w, https:\/\/www.uartes.edu.ec\/sitio\/wp-content\/uploads\/2025\/04\/06-JJ-RIPALDA-OK-768x512.jpg 768w, https:\/\/www.uartes.edu.ec\/sitio\/wp-content\/uploads\/2025\/04\/06-JJ-RIPALDA-OK-1536x1024.jpg 1536w, https:\/\/www.uartes.edu.ec\/sitio\/wp-content\/uploads\/2025\/04\/06-JJ-RIPALDA-OK-18x12.jpg 18w, https:\/\/www.uartes.edu.ec\/sitio\/wp-content\/uploads\/2025\/04\/06-JJ-RIPALDA-OK-600x400.jpg 600w, https:\/\/www.uartes.edu.ec\/sitio\/wp-content\/uploads\/2025\/04\/06-JJ-RIPALDA-OK-400x267.jpg 400w, https:\/\/www.uartes.edu.ec\/sitio\/wp-content\/uploads\/2025\/04\/06-JJ-RIPALDA-OK.jpg 2000w\" sizes=\"(max-width: 644px) 100vw, 644px\" \/><\/figure>\n\n\n\n<figure class=\"wp-block-image size-large\"><img decoding=\"async\" width=\"644\" height=\"429\" data-id=\"70407\" src=\"https:\/\/www.uartes.edu.ec\/sitio\/wp-content\/uploads\/2025\/04\/04-JJ-RIPALDA-OK-644x429.jpg\" alt=\"\" class=\"wp-image-70407\" srcset=\"https:\/\/www.uartes.edu.ec\/sitio\/wp-content\/uploads\/2025\/04\/04-JJ-RIPALDA-OK-644x429.jpg 644w, https:\/\/www.uartes.edu.ec\/sitio\/wp-content\/uploads\/2025\/04\/04-JJ-RIPALDA-OK-300x200.jpg 300w, https:\/\/www.uartes.edu.ec\/sitio\/wp-content\/uploads\/2025\/04\/04-JJ-RIPALDA-OK-768x512.jpg 768w, https:\/\/www.uartes.edu.ec\/sitio\/wp-content\/uploads\/2025\/04\/04-JJ-RIPALDA-OK-1536x1024.jpg 1536w, https:\/\/www.uartes.edu.ec\/sitio\/wp-content\/uploads\/2025\/04\/04-JJ-RIPALDA-OK-18x12.jpg 18w, https:\/\/www.uartes.edu.ec\/sitio\/wp-content\/uploads\/2025\/04\/04-JJ-RIPALDA-OK-600x400.jpg 600w, https:\/\/www.uartes.edu.ec\/sitio\/wp-content\/uploads\/2025\/04\/04-JJ-RIPALDA-OK-400x267.jpg 400w, https:\/\/www.uartes.edu.ec\/sitio\/wp-content\/uploads\/2025\/04\/04-JJ-RIPALDA-OK.jpg 2000w\" sizes=\"(max-width: 644px) 100vw, 644px\" \/><\/figure>\n<\/figure>\n\n\n\n<p>En efecto, durante el laboratorio abierto performativo se escuchaba a trav\u00e9s de parlantes el sonido de las ondas producidas por Maruri en tiempo real y que Ripalda interpret\u00f3 mediante dise\u00f1os sonoros. Le puso, indic\u00f3, un poco de ondas senoidales como samples, es decir, sonidos que hab\u00edan sido previamente grabados, como golpes de madera y voces; fueron sonidos sint\u00e9ticos y org\u00e1nicos Esto en un ejercicio para inducir al sue\u00f1o, anot\u00f3 el docente, quien considera que la tecnolog\u00eda ha podido llegar a muchos lados, pero no al sue\u00f1o.<\/p>\n\n\n\n<p>Lo realizado en el laboratorio abierto performativo est\u00e1 a\u00fan en un proceso de investigaci\u00f3n, refiri\u00f3 Ripalda. \u201cHay una disciplina que est\u00e1 desarroll\u00e1ndose en la actualidad, que es la ingenier\u00eda del sue\u00f1o, es saber en qu\u00e9 momento cuando estamos dormidos se genera una reconstrucci\u00f3n neuronal o reconstrucci\u00f3n de memorias. La idea es irla explorando para saber, por ejemplo, en que momento ayudar a la memoria, en qu\u00e9 momento un sonido se puede activar para reconstruir ciertas memorias\u201d.<\/p>\n\n\n\n<p>El docente UArtes a\u00f1adi\u00f3 que el tema est\u00e1 a\u00fan en estudio y que a trav\u00e9s del proyecto de investigaci\u00f3n se busca explorar lo sensible desde un contexto p\u00fablico. \u201cLa idea para m\u00e1s adelante es que tengamos una sesi\u00f3n de sue\u00f1o curada por una persona. Todos escuchar el sue\u00f1o de una persona y todos dormir. Darle una dimensi\u00f3n colectiva al dormir. Resulta interesante plantear so\u00f1ar todos al mismo tiempo y en un mismo sonido\u201d.<\/p>\n\n\n<div class=\"wp-block-image\">\n<figure class=\"aligncenter size-large\"><img decoding=\"async\" width=\"644\" height=\"429\" src=\"https:\/\/www.uartes.edu.ec\/sitio\/wp-content\/uploads\/2025\/04\/05-JJ-RIPALDA-OK-644x429.jpg\" alt=\"\" class=\"wp-image-70408\" srcset=\"https:\/\/www.uartes.edu.ec\/sitio\/wp-content\/uploads\/2025\/04\/05-JJ-RIPALDA-OK-644x429.jpg 644w, https:\/\/www.uartes.edu.ec\/sitio\/wp-content\/uploads\/2025\/04\/05-JJ-RIPALDA-OK-300x200.jpg 300w, https:\/\/www.uartes.edu.ec\/sitio\/wp-content\/uploads\/2025\/04\/05-JJ-RIPALDA-OK-768x512.jpg 768w, https:\/\/www.uartes.edu.ec\/sitio\/wp-content\/uploads\/2025\/04\/05-JJ-RIPALDA-OK-1536x1024.jpg 1536w, https:\/\/www.uartes.edu.ec\/sitio\/wp-content\/uploads\/2025\/04\/05-JJ-RIPALDA-OK-18x12.jpg 18w, https:\/\/www.uartes.edu.ec\/sitio\/wp-content\/uploads\/2025\/04\/05-JJ-RIPALDA-OK-600x400.jpg 600w, https:\/\/www.uartes.edu.ec\/sitio\/wp-content\/uploads\/2025\/04\/05-JJ-RIPALDA-OK-400x267.jpg 400w, https:\/\/www.uartes.edu.ec\/sitio\/wp-content\/uploads\/2025\/04\/05-JJ-RIPALDA-OK.jpg 2000w\" sizes=\"(max-width: 644px) 100vw, 644px\" \/><\/figure>\n<\/div>\n\n\n<p>\u00bfY qu\u00e9 tiene que ver la experimentaci\u00f3n en proceso con el arte? A la pregunta Ripalda respondi\u00f3 que el proyecto explora la sensibilidad y lo sensorial, lo cual es terreno del arte, y ponerlos en un contexto performativo. \u201cRoc\u00edo est\u00e1 inm\u00f3vil, pero est\u00e1 performando. La premisa es ver tambi\u00e9n esa dimensi\u00f3n inconsciente del cuerpo\u201d.&nbsp;<\/p>\n\n\n\n<p>Lo presentado el mi\u00e9rcoles 9 en la Plaza P\u00fablica puede llegar a desarrollarse en una performance con una din\u00e1mica muy espec\u00edfica. Tambi\u00e9n se puede traducir luego la informaci\u00f3n obtenida en una informaci\u00f3n visual; crear una especie de interpretaci\u00f3n de los sue\u00f1os, pero a trav\u00e9s de estos datos crudos de lo el\u00e9ctrico, dijo.&nbsp;<\/p>\n\n\n\n<p>Es posible, adem\u00e1s, que las experimentaciones que impulsa el proyecto \u201cSer: Dream We Must\u201d puedan alimentar otras ramas y convertirse en transdisciplinar. \u201cLe veo un potencial en la medicina, la salud mental e incluso en la educaci\u00f3n temprana. Tambi\u00e9n en el campo del arte como nuevas interfaces, nuevos instrumentos. Tocar con el cerebro ser\u00eda incre\u00edble\u201d.<\/p>\n\n\n<div class=\"wp-block-image\">\n<figure class=\"aligncenter size-large\"><img loading=\"lazy\" decoding=\"async\" width=\"644\" height=\"429\" src=\"https:\/\/www.uartes.edu.ec\/sitio\/wp-content\/uploads\/2025\/04\/10-JJ-RIPALDA-OK-644x429.jpg\" alt=\"\" class=\"wp-image-70409\" srcset=\"https:\/\/www.uartes.edu.ec\/sitio\/wp-content\/uploads\/2025\/04\/10-JJ-RIPALDA-OK-644x429.jpg 644w, https:\/\/www.uartes.edu.ec\/sitio\/wp-content\/uploads\/2025\/04\/10-JJ-RIPALDA-OK-300x200.jpg 300w, https:\/\/www.uartes.edu.ec\/sitio\/wp-content\/uploads\/2025\/04\/10-JJ-RIPALDA-OK-768x512.jpg 768w, https:\/\/www.uartes.edu.ec\/sitio\/wp-content\/uploads\/2025\/04\/10-JJ-RIPALDA-OK-1536x1024.jpg 1536w, https:\/\/www.uartes.edu.ec\/sitio\/wp-content\/uploads\/2025\/04\/10-JJ-RIPALDA-OK-18x12.jpg 18w, https:\/\/www.uartes.edu.ec\/sitio\/wp-content\/uploads\/2025\/04\/10-JJ-RIPALDA-OK-600x400.jpg 600w, https:\/\/www.uartes.edu.ec\/sitio\/wp-content\/uploads\/2025\/04\/10-JJ-RIPALDA-OK-400x267.jpg 400w, https:\/\/www.uartes.edu.ec\/sitio\/wp-content\/uploads\/2025\/04\/10-JJ-RIPALDA-OK.jpg 2000w\" sizes=\"(max-width: 644px) 100vw, 644px\" \/><\/figure>\n<\/div>\n\n\n<p>El dormir nos ata\u00f1e a todas, sin distinci\u00f3n de edad, raza y etnia, precis\u00f3. \u201cY es tan incomprendido, a pesar de que en la actualidad haya una crisis de sue\u00f1o. En lo personal no duermo mucho, lo cual me priva del descanso y de poder so\u00f1ar. Se nos est\u00e1 perdiendo esa capacidad de so\u00f1ar y para una sociedad acelerada ser\u00eda una especie de estrategia de resonancia y tambi\u00e9n medicinal\u201d.<\/p>\n\n\n\n<p>Con los datos crudos que se fueron obteniendo durante la experimentaci\u00f3n en la Plaza P\u00fablica es a\u00fan dif\u00edcil determinar el tipo de sue\u00f1o que estaba teniendo la performer, pero la idea es que suceda, manifest\u00f3 Ripalda. \u201cQue si el sue\u00f1o es profundo los gr\u00e1ficos cambien, que lo observado en la computadora tenga su bajada y sus picos, ah\u00ed sabremos en qu\u00e9 estado est\u00e1 la performance. Es una ciencia que estamos reci\u00e9n explorando\u201d.&nbsp;<\/p>\n","protected":false},"excerpt":{"rendered":"<p>\u201cSer: Dream We Must\u201d es un proyecto de investigaci\u00f3n de la UArtes que tiene como prop\u00f3sito indagar sobre los sue\u00f1os, buscando la necesidad no solo de explorarlos sino de dormir. So\u00f1ar como un acto pol\u00edtico, un acto de resistencia y profundamente humano, pero tambi\u00e9n de c\u00f3mo el cerebro empieza a construir todo lo que ha experimentado en el d\u00eda. El docente Juan Jos\u00e9 Ripalda realiz\u00f3 un laboratorio abierto performativo al respecto.<\/p>\n","protected":false},"author":10,"featured_media":70405,"comment_status":"open","ping_status":"open","sticky":false,"template":"","format":"standard","meta":{"_acf_changed":false,"_uag_custom_page_level_css":"","_monsterinsights_skip_tracking":false,"_monsterinsights_sitenote_active":false,"_monsterinsights_sitenote_note":"","_monsterinsights_sitenote_category":0,"cybocfi_hide_featured_image":"","footnotes":""},"categories":[80,82,75,76,284],"tags":[518],"infouartes":[],"class_list":["post-70404","post","type-post","status-publish","format-standard","has-post-thumbnail","hentry","category-academico","category-artes","category-docentes","category-estudiantes","category-investigacion","tag-produccion"],"acf":[],"yoast_head":"<!-- This site is optimized with the Yoast SEO plugin v27.4 - https:\/\/yoast.com\/product\/yoast-seo-wordpress\/ -->\n<title>Universidad de las Artes - Juan Jos\u00e9 Ripalda realiz\u00f3 un laboratorio abierto performativo, parte del proyecto de investigaci\u00f3n \u201cSer: Dream We Must\u201d<\/title>\n<meta name=\"description\" content=\"Universidad de las Artes - Juan Jos\u00e9 Ripalda realiz\u00f3 un laboratorio abierto performativo, parte del proyecto de investigaci\u00f3n \u201cSer: Dream We Must\u201d\" \/>\n<meta name=\"robots\" content=\"index, follow, max-snippet:-1, max-image-preview:large, max-video-preview:-1\" \/>\n<link rel=\"canonical\" href=\"https:\/\/www.uartes.edu.ec\/sitio\/blog\/2025\/04\/10\/juan-jose-ripalda-realizo-un-laboratorio-abierto-performativo-parte-del-proyecto-de-investigacion-ser-dream-we-must\/\" \/>\n<meta property=\"og:locale\" content=\"es_ES\" \/>\n<meta property=\"og:type\" content=\"article\" \/>\n<meta property=\"og:title\" content=\"Universidad de las Artes - Juan Jos\u00e9 Ripalda realiz\u00f3 un laboratorio abierto performativo, parte del proyecto de investigaci\u00f3n \u201cSer: Dream We Must\u201d\" \/>\n<meta property=\"og:description\" content=\"Universidad de las Artes - Juan Jos\u00e9 Ripalda realiz\u00f3 un laboratorio abierto performativo, parte del proyecto de investigaci\u00f3n \u201cSer: Dream We Must\u201d\" \/>\n<meta property=\"og:url\" content=\"https:\/\/www.uartes.edu.ec\/sitio\/blog\/2025\/04\/10\/juan-jose-ripalda-realizo-un-laboratorio-abierto-performativo-parte-del-proyecto-de-investigacion-ser-dream-we-must\/\" \/>\n<meta property=\"og:site_name\" content=\"Universidad de las Artes\" \/>\n<meta property=\"article:publisher\" content=\"https:\/\/www.facebook.com\/uartesec\" \/>\n<meta property=\"article:published_time\" content=\"2025-04-10T23:10:00+00:00\" \/>\n<meta property=\"article:modified_time\" content=\"2025-04-10T23:24:44+00:00\" \/>\n<meta property=\"og:image\" content=\"https:\/\/www.uartes.edu.ec\/sitio\/wp-content\/uploads\/2025\/04\/07-JJ-RIPALDA-OK.jpg\" \/>\n\t<meta property=\"og:image:width\" content=\"2000\" \/>\n\t<meta property=\"og:image:height\" content=\"1333\" \/>\n\t<meta property=\"og:image:type\" content=\"image\/jpeg\" \/>\n<meta name=\"author\" content=\"ccortez\" \/>\n<meta name=\"twitter:card\" content=\"summary_large_image\" \/>\n<meta name=\"twitter:creator\" content=\"@uartesec\" \/>\n<meta name=\"twitter:site\" content=\"@uartesec\" \/>\n<meta name=\"twitter:label1\" content=\"Escrito por\" \/>\n\t<meta name=\"twitter:data1\" content=\"ccortez\" \/>\n\t<meta name=\"twitter:label2\" content=\"Tiempo de lectura\" \/>\n\t<meta name=\"twitter:data2\" content=\"5 minutos\" \/>\n<script type=\"application\/ld+json\" class=\"yoast-schema-graph\">{\"@context\":\"https:\\\/\\\/schema.org\",\"@graph\":[{\"@type\":\"Article\",\"@id\":\"https:\\\/\\\/www.uartes.edu.ec\\\/sitio\\\/blog\\\/2025\\\/04\\\/10\\\/juan-jose-ripalda-realizo-un-laboratorio-abierto-performativo-parte-del-proyecto-de-investigacion-ser-dream-we-must\\\/#article\",\"isPartOf\":{\"@id\":\"https:\\\/\\\/www.uartes.edu.ec\\\/sitio\\\/blog\\\/2025\\\/04\\\/10\\\/juan-jose-ripalda-realizo-un-laboratorio-abierto-performativo-parte-del-proyecto-de-investigacion-ser-dream-we-must\\\/\"},\"author\":{\"name\":\"ccortez\",\"@id\":\"https:\\\/\\\/www.uartes.edu.ec\\\/sitio\\\/#\\\/schema\\\/person\\\/efa1b8275797664fd7f13a79ccc0b1f4\"},\"headline\":\"Juan Jos\u00e9 Ripalda realiz\u00f3 un laboratorio abierto performativo, parte del proyecto de investigaci\u00f3n \u201cSer: Dream We Must\u201d\",\"datePublished\":\"2025-04-10T23:10:00+00:00\",\"dateModified\":\"2025-04-10T23:24:44+00:00\",\"mainEntityOfPage\":{\"@id\":\"https:\\\/\\\/www.uartes.edu.ec\\\/sitio\\\/blog\\\/2025\\\/04\\\/10\\\/juan-jose-ripalda-realizo-un-laboratorio-abierto-performativo-parte-del-proyecto-de-investigacion-ser-dream-we-must\\\/\"},\"wordCount\":892,\"commentCount\":0,\"publisher\":{\"@id\":\"https:\\\/\\\/www.uartes.edu.ec\\\/sitio\\\/#organization\"},\"image\":{\"@id\":\"https:\\\/\\\/www.uartes.edu.ec\\\/sitio\\\/blog\\\/2025\\\/04\\\/10\\\/juan-jose-ripalda-realizo-un-laboratorio-abierto-performativo-parte-del-proyecto-de-investigacion-ser-dream-we-must\\\/#primaryimage\"},\"thumbnailUrl\":\"https:\\\/\\\/www.uartes.edu.ec\\\/sitio\\\/wp-content\\\/uploads\\\/2025\\\/04\\\/07-JJ-RIPALDA-OK.jpg\",\"keywords\":[\"producci\u00f3n\"],\"articleSection\":[\"Acad\u00e9mico\",\"Artes\",\"Docentes\",\"Estudiantes\",\"Investigaci\u00f3n\"],\"inLanguage\":\"es\",\"potentialAction\":[{\"@type\":\"CommentAction\",\"name\":\"Comment\",\"target\":[\"https:\\\/\\\/www.uartes.edu.ec\\\/sitio\\\/blog\\\/2025\\\/04\\\/10\\\/juan-jose-ripalda-realizo-un-laboratorio-abierto-performativo-parte-del-proyecto-de-investigacion-ser-dream-we-must\\\/#respond\"]}]},{\"@type\":[\"WebPage\",\"ItemPage\"],\"@id\":\"https:\\\/\\\/www.uartes.edu.ec\\\/sitio\\\/blog\\\/2025\\\/04\\\/10\\\/juan-jose-ripalda-realizo-un-laboratorio-abierto-performativo-parte-del-proyecto-de-investigacion-ser-dream-we-must\\\/\",\"url\":\"https:\\\/\\\/www.uartes.edu.ec\\\/sitio\\\/blog\\\/2025\\\/04\\\/10\\\/juan-jose-ripalda-realizo-un-laboratorio-abierto-performativo-parte-del-proyecto-de-investigacion-ser-dream-we-must\\\/\",\"name\":\"Universidad de las Artes - Juan Jos\u00e9 Ripalda realiz\u00f3 un laboratorio abierto performativo, parte del proyecto de investigaci\u00f3n \u201cSer: Dream We Must\u201d\",\"isPartOf\":{\"@id\":\"https:\\\/\\\/www.uartes.edu.ec\\\/sitio\\\/#website\"},\"primaryImageOfPage\":{\"@id\":\"https:\\\/\\\/www.uartes.edu.ec\\\/sitio\\\/blog\\\/2025\\\/04\\\/10\\\/juan-jose-ripalda-realizo-un-laboratorio-abierto-performativo-parte-del-proyecto-de-investigacion-ser-dream-we-must\\\/#primaryimage\"},\"image\":{\"@id\":\"https:\\\/\\\/www.uartes.edu.ec\\\/sitio\\\/blog\\\/2025\\\/04\\\/10\\\/juan-jose-ripalda-realizo-un-laboratorio-abierto-performativo-parte-del-proyecto-de-investigacion-ser-dream-we-must\\\/#primaryimage\"},\"thumbnailUrl\":\"https:\\\/\\\/www.uartes.edu.ec\\\/sitio\\\/wp-content\\\/uploads\\\/2025\\\/04\\\/07-JJ-RIPALDA-OK.jpg\",\"datePublished\":\"2025-04-10T23:10:00+00:00\",\"dateModified\":\"2025-04-10T23:24:44+00:00\",\"description\":\"Universidad de las Artes - Juan Jos\u00e9 Ripalda realiz\u00f3 un laboratorio abierto performativo, parte del proyecto de investigaci\u00f3n \u201cSer: Dream We Must\u201d\",\"breadcrumb\":{\"@id\":\"https:\\\/\\\/www.uartes.edu.ec\\\/sitio\\\/blog\\\/2025\\\/04\\\/10\\\/juan-jose-ripalda-realizo-un-laboratorio-abierto-performativo-parte-del-proyecto-de-investigacion-ser-dream-we-must\\\/#breadcrumb\"},\"inLanguage\":\"es\",\"potentialAction\":[{\"@type\":\"ReadAction\",\"target\":[\"https:\\\/\\\/www.uartes.edu.ec\\\/sitio\\\/blog\\\/2025\\\/04\\\/10\\\/juan-jose-ripalda-realizo-un-laboratorio-abierto-performativo-parte-del-proyecto-de-investigacion-ser-dream-we-must\\\/\"]}]},{\"@type\":\"ImageObject\",\"inLanguage\":\"es\",\"@id\":\"https:\\\/\\\/www.uartes.edu.ec\\\/sitio\\\/blog\\\/2025\\\/04\\\/10\\\/juan-jose-ripalda-realizo-un-laboratorio-abierto-performativo-parte-del-proyecto-de-investigacion-ser-dream-we-must\\\/#primaryimage\",\"url\":\"https:\\\/\\\/www.uartes.edu.ec\\\/sitio\\\/wp-content\\\/uploads\\\/2025\\\/04\\\/07-JJ-RIPALDA-OK.jpg\",\"contentUrl\":\"https:\\\/\\\/www.uartes.edu.ec\\\/sitio\\\/wp-content\\\/uploads\\\/2025\\\/04\\\/07-JJ-RIPALDA-OK.jpg\",\"width\":2000,\"height\":1333},{\"@type\":\"BreadcrumbList\",\"@id\":\"https:\\\/\\\/www.uartes.edu.ec\\\/sitio\\\/blog\\\/2025\\\/04\\\/10\\\/juan-jose-ripalda-realizo-un-laboratorio-abierto-performativo-parte-del-proyecto-de-investigacion-ser-dream-we-must\\\/#breadcrumb\",\"itemListElement\":[{\"@type\":\"ListItem\",\"position\":1,\"name\":\"Inicio\",\"item\":\"https:\\\/\\\/www.uartes.edu.ec\\\/sitio\\\/\"},{\"@type\":\"ListItem\",\"position\":2,\"name\":\"Juan Jos\u00e9 Ripalda realiz\u00f3 un laboratorio abierto performativo, parte del proyecto de investigaci\u00f3n \u201cSer: Dream We Must\u201d\"}]},{\"@type\":\"WebSite\",\"@id\":\"https:\\\/\\\/www.uartes.edu.ec\\\/sitio\\\/#website\",\"url\":\"https:\\\/\\\/www.uartes.edu.ec\\\/sitio\\\/\",\"name\":\"Universidad de las Artes\",\"description\":\"Sitio oficial de la Universidad Nacional de las Artes del Ecuador\",\"publisher\":{\"@id\":\"https:\\\/\\\/www.uartes.edu.ec\\\/sitio\\\/#organization\"},\"potentialAction\":[{\"@type\":\"SearchAction\",\"target\":{\"@type\":\"EntryPoint\",\"urlTemplate\":\"https:\\\/\\\/www.uartes.edu.ec\\\/sitio\\\/?s={search_term_string}\"},\"query-input\":{\"@type\":\"PropertyValueSpecification\",\"valueRequired\":true,\"valueName\":\"search_term_string\"}}],\"inLanguage\":\"es\"},{\"@type\":\"Organization\",\"@id\":\"https:\\\/\\\/www.uartes.edu.ec\\\/sitio\\\/#organization\",\"name\":\"Universidad de las Artes\",\"url\":\"https:\\\/\\\/www.uartes.edu.ec\\\/sitio\\\/\",\"logo\":{\"@type\":\"ImageObject\",\"inLanguage\":\"es\",\"@id\":\"https:\\\/\\\/www.uartes.edu.ec\\\/sitio\\\/#\\\/schema\\\/logo\\\/image\\\/\",\"url\":\"https:\\\/\\\/www.uartes.edu.ec\\\/sitio\\\/wp-content\\\/uploads\\\/2022\\\/07\\\/logo-ua-horizontal.png\",\"contentUrl\":\"https:\\\/\\\/www.uartes.edu.ec\\\/sitio\\\/wp-content\\\/uploads\\\/2022\\\/07\\\/logo-ua-horizontal.png\",\"width\":800,\"height\":276,\"caption\":\"Universidad de las Artes\"},\"image\":{\"@id\":\"https:\\\/\\\/www.uartes.edu.ec\\\/sitio\\\/#\\\/schema\\\/logo\\\/image\\\/\"},\"sameAs\":[\"https:\\\/\\\/www.facebook.com\\\/uartesec\",\"https:\\\/\\\/x.com\\\/uartesec\",\"https:\\\/\\\/www.tiktok.com\\\/@uartesec\"]},{\"@type\":\"Person\",\"@id\":\"https:\\\/\\\/www.uartes.edu.ec\\\/sitio\\\/#\\\/schema\\\/person\\\/efa1b8275797664fd7f13a79ccc0b1f4\",\"name\":\"ccortez\",\"image\":{\"@type\":\"ImageObject\",\"inLanguage\":\"es\",\"@id\":\"https:\\\/\\\/secure.gravatar.com\\\/avatar\\\/b2a6f664a3ae8e074346ef91775736c5ec479e637ecced6842de9dc98b5da9cd?s=96&d=mm&r=g\",\"url\":\"https:\\\/\\\/secure.gravatar.com\\\/avatar\\\/b2a6f664a3ae8e074346ef91775736c5ec479e637ecced6842de9dc98b5da9cd?s=96&d=mm&r=g\",\"contentUrl\":\"https:\\\/\\\/secure.gravatar.com\\\/avatar\\\/b2a6f664a3ae8e074346ef91775736c5ec479e637ecced6842de9dc98b5da9cd?s=96&d=mm&r=g\",\"caption\":\"ccortez\"},\"url\":\"https:\\\/\\\/www.uartes.edu.ec\\\/sitio\\\/blog\\\/author\\\/ccortez\\\/\"}]}<\/script>\n<!-- \/ Yoast SEO plugin. -->","yoast_head_json":{"title":"Universidad de las Artes - Juan Jos\u00e9 Ripalda realiz\u00f3 un laboratorio abierto performativo, parte del proyecto de investigaci\u00f3n \u201cSer: Dream We Must\u201d","description":"Universidad de las Artes - Juan Jos\u00e9 Ripalda realiz\u00f3 un laboratorio abierto performativo, parte del proyecto de investigaci\u00f3n \u201cSer: Dream We Must\u201d","robots":{"index":"index","follow":"follow","max-snippet":"max-snippet:-1","max-image-preview":"max-image-preview:large","max-video-preview":"max-video-preview:-1"},"canonical":"https:\/\/www.uartes.edu.ec\/sitio\/blog\/2025\/04\/10\/juan-jose-ripalda-realizo-un-laboratorio-abierto-performativo-parte-del-proyecto-de-investigacion-ser-dream-we-must\/","og_locale":"es_ES","og_type":"article","og_title":"Universidad de las Artes - Juan Jos\u00e9 Ripalda realiz\u00f3 un laboratorio abierto performativo, parte del proyecto de investigaci\u00f3n \u201cSer: Dream We Must\u201d","og_description":"Universidad de las Artes - Juan Jos\u00e9 Ripalda realiz\u00f3 un laboratorio abierto performativo, parte del proyecto de investigaci\u00f3n \u201cSer: Dream We Must\u201d","og_url":"https:\/\/www.uartes.edu.ec\/sitio\/blog\/2025\/04\/10\/juan-jose-ripalda-realizo-un-laboratorio-abierto-performativo-parte-del-proyecto-de-investigacion-ser-dream-we-must\/","og_site_name":"Universidad de las Artes","article_publisher":"https:\/\/www.facebook.com\/uartesec","article_published_time":"2025-04-10T23:10:00+00:00","article_modified_time":"2025-04-10T23:24:44+00:00","og_image":[{"width":2000,"height":1333,"url":"https:\/\/www.uartes.edu.ec\/sitio\/wp-content\/uploads\/2025\/04\/07-JJ-RIPALDA-OK.jpg","type":"image\/jpeg"}],"author":"ccortez","twitter_card":"summary_large_image","twitter_creator":"@uartesec","twitter_site":"@uartesec","twitter_misc":{"Escrito por":"ccortez","Tiempo de lectura":"5 minutos"},"schema":{"@context":"https:\/\/schema.org","@graph":[{"@type":"Article","@id":"https:\/\/www.uartes.edu.ec\/sitio\/blog\/2025\/04\/10\/juan-jose-ripalda-realizo-un-laboratorio-abierto-performativo-parte-del-proyecto-de-investigacion-ser-dream-we-must\/#article","isPartOf":{"@id":"https:\/\/www.uartes.edu.ec\/sitio\/blog\/2025\/04\/10\/juan-jose-ripalda-realizo-un-laboratorio-abierto-performativo-parte-del-proyecto-de-investigacion-ser-dream-we-must\/"},"author":{"name":"ccortez","@id":"https:\/\/www.uartes.edu.ec\/sitio\/#\/schema\/person\/efa1b8275797664fd7f13a79ccc0b1f4"},"headline":"Juan Jos\u00e9 Ripalda realiz\u00f3 un laboratorio abierto performativo, parte del proyecto de investigaci\u00f3n \u201cSer: Dream We Must\u201d","datePublished":"2025-04-10T23:10:00+00:00","dateModified":"2025-04-10T23:24:44+00:00","mainEntityOfPage":{"@id":"https:\/\/www.uartes.edu.ec\/sitio\/blog\/2025\/04\/10\/juan-jose-ripalda-realizo-un-laboratorio-abierto-performativo-parte-del-proyecto-de-investigacion-ser-dream-we-must\/"},"wordCount":892,"commentCount":0,"publisher":{"@id":"https:\/\/www.uartes.edu.ec\/sitio\/#organization"},"image":{"@id":"https:\/\/www.uartes.edu.ec\/sitio\/blog\/2025\/04\/10\/juan-jose-ripalda-realizo-un-laboratorio-abierto-performativo-parte-del-proyecto-de-investigacion-ser-dream-we-must\/#primaryimage"},"thumbnailUrl":"https:\/\/www.uartes.edu.ec\/sitio\/wp-content\/uploads\/2025\/04\/07-JJ-RIPALDA-OK.jpg","keywords":["producci\u00f3n"],"articleSection":["Acad\u00e9mico","Artes","Docentes","Estudiantes","Investigaci\u00f3n"],"inLanguage":"es","potentialAction":[{"@type":"CommentAction","name":"Comment","target":["https:\/\/www.uartes.edu.ec\/sitio\/blog\/2025\/04\/10\/juan-jose-ripalda-realizo-un-laboratorio-abierto-performativo-parte-del-proyecto-de-investigacion-ser-dream-we-must\/#respond"]}]},{"@type":["WebPage","ItemPage"],"@id":"https:\/\/www.uartes.edu.ec\/sitio\/blog\/2025\/04\/10\/juan-jose-ripalda-realizo-un-laboratorio-abierto-performativo-parte-del-proyecto-de-investigacion-ser-dream-we-must\/","url":"https:\/\/www.uartes.edu.ec\/sitio\/blog\/2025\/04\/10\/juan-jose-ripalda-realizo-un-laboratorio-abierto-performativo-parte-del-proyecto-de-investigacion-ser-dream-we-must\/","name":"Universidad de las Artes - Juan Jos\u00e9 Ripalda realiz\u00f3 un laboratorio abierto performativo, parte del proyecto de investigaci\u00f3n \u201cSer: Dream We Must\u201d","isPartOf":{"@id":"https:\/\/www.uartes.edu.ec\/sitio\/#website"},"primaryImageOfPage":{"@id":"https:\/\/www.uartes.edu.ec\/sitio\/blog\/2025\/04\/10\/juan-jose-ripalda-realizo-un-laboratorio-abierto-performativo-parte-del-proyecto-de-investigacion-ser-dream-we-must\/#primaryimage"},"image":{"@id":"https:\/\/www.uartes.edu.ec\/sitio\/blog\/2025\/04\/10\/juan-jose-ripalda-realizo-un-laboratorio-abierto-performativo-parte-del-proyecto-de-investigacion-ser-dream-we-must\/#primaryimage"},"thumbnailUrl":"https:\/\/www.uartes.edu.ec\/sitio\/wp-content\/uploads\/2025\/04\/07-JJ-RIPALDA-OK.jpg","datePublished":"2025-04-10T23:10:00+00:00","dateModified":"2025-04-10T23:24:44+00:00","description":"Universidad de las Artes - Juan Jos\u00e9 Ripalda realiz\u00f3 un laboratorio abierto performativo, parte del proyecto de investigaci\u00f3n \u201cSer: Dream We Must\u201d","breadcrumb":{"@id":"https:\/\/www.uartes.edu.ec\/sitio\/blog\/2025\/04\/10\/juan-jose-ripalda-realizo-un-laboratorio-abierto-performativo-parte-del-proyecto-de-investigacion-ser-dream-we-must\/#breadcrumb"},"inLanguage":"es","potentialAction":[{"@type":"ReadAction","target":["https:\/\/www.uartes.edu.ec\/sitio\/blog\/2025\/04\/10\/juan-jose-ripalda-realizo-un-laboratorio-abierto-performativo-parte-del-proyecto-de-investigacion-ser-dream-we-must\/"]}]},{"@type":"ImageObject","inLanguage":"es","@id":"https:\/\/www.uartes.edu.ec\/sitio\/blog\/2025\/04\/10\/juan-jose-ripalda-realizo-un-laboratorio-abierto-performativo-parte-del-proyecto-de-investigacion-ser-dream-we-must\/#primaryimage","url":"https:\/\/www.uartes.edu.ec\/sitio\/wp-content\/uploads\/2025\/04\/07-JJ-RIPALDA-OK.jpg","contentUrl":"https:\/\/www.uartes.edu.ec\/sitio\/wp-content\/uploads\/2025\/04\/07-JJ-RIPALDA-OK.jpg","width":2000,"height":1333},{"@type":"BreadcrumbList","@id":"https:\/\/www.uartes.edu.ec\/sitio\/blog\/2025\/04\/10\/juan-jose-ripalda-realizo-un-laboratorio-abierto-performativo-parte-del-proyecto-de-investigacion-ser-dream-we-must\/#breadcrumb","itemListElement":[{"@type":"ListItem","position":1,"name":"Inicio","item":"https:\/\/www.uartes.edu.ec\/sitio\/"},{"@type":"ListItem","position":2,"name":"Juan Jos\u00e9 Ripalda realiz\u00f3 un laboratorio abierto performativo, parte del proyecto de investigaci\u00f3n \u201cSer: Dream We Must\u201d"}]},{"@type":"WebSite","@id":"https:\/\/www.uartes.edu.ec\/sitio\/#website","url":"https:\/\/www.uartes.edu.ec\/sitio\/","name":"Universidad de las Artes","description":"Sitio oficial de la Universidad Nacional de las Artes del Ecuador","publisher":{"@id":"https:\/\/www.uartes.edu.ec\/sitio\/#organization"},"potentialAction":[{"@type":"SearchAction","target":{"@type":"EntryPoint","urlTemplate":"https:\/\/www.uartes.edu.ec\/sitio\/?s={search_term_string}"},"query-input":{"@type":"PropertyValueSpecification","valueRequired":true,"valueName":"search_term_string"}}],"inLanguage":"es"},{"@type":"Organization","@id":"https:\/\/www.uartes.edu.ec\/sitio\/#organization","name":"Universidad de las Artes","url":"https:\/\/www.uartes.edu.ec\/sitio\/","logo":{"@type":"ImageObject","inLanguage":"es","@id":"https:\/\/www.uartes.edu.ec\/sitio\/#\/schema\/logo\/image\/","url":"https:\/\/www.uartes.edu.ec\/sitio\/wp-content\/uploads\/2022\/07\/logo-ua-horizontal.png","contentUrl":"https:\/\/www.uartes.edu.ec\/sitio\/wp-content\/uploads\/2022\/07\/logo-ua-horizontal.png","width":800,"height":276,"caption":"Universidad de las Artes"},"image":{"@id":"https:\/\/www.uartes.edu.ec\/sitio\/#\/schema\/logo\/image\/"},"sameAs":["https:\/\/www.facebook.com\/uartesec","https:\/\/x.com\/uartesec","https:\/\/www.tiktok.com\/@uartesec"]},{"@type":"Person","@id":"https:\/\/www.uartes.edu.ec\/sitio\/#\/schema\/person\/efa1b8275797664fd7f13a79ccc0b1f4","name":"ccortez","image":{"@type":"ImageObject","inLanguage":"es","@id":"https:\/\/secure.gravatar.com\/avatar\/b2a6f664a3ae8e074346ef91775736c5ec479e637ecced6842de9dc98b5da9cd?s=96&d=mm&r=g","url":"https:\/\/secure.gravatar.com\/avatar\/b2a6f664a3ae8e074346ef91775736c5ec479e637ecced6842de9dc98b5da9cd?s=96&d=mm&r=g","contentUrl":"https:\/\/secure.gravatar.com\/avatar\/b2a6f664a3ae8e074346ef91775736c5ec479e637ecced6842de9dc98b5da9cd?s=96&d=mm&r=g","caption":"ccortez"},"url":"https:\/\/www.uartes.edu.ec\/sitio\/blog\/author\/ccortez\/"}]}},"uagb_featured_image_src":{"full":["https:\/\/www.uartes.edu.ec\/sitio\/wp-content\/uploads\/2025\/04\/07-JJ-RIPALDA-OK.jpg",2000,1333,false],"thumbnail":["https:\/\/www.uartes.edu.ec\/sitio\/wp-content\/uploads\/2025\/04\/07-JJ-RIPALDA-OK-150x150.jpg",150,150,true],"medium":["https:\/\/www.uartes.edu.ec\/sitio\/wp-content\/uploads\/2025\/04\/07-JJ-RIPALDA-OK-300x200.jpg",300,200,true],"medium_large":["https:\/\/www.uartes.edu.ec\/sitio\/wp-content\/uploads\/2025\/04\/07-JJ-RIPALDA-OK-768x512.jpg",768,512,true],"large":["https:\/\/www.uartes.edu.ec\/sitio\/wp-content\/uploads\/2025\/04\/07-JJ-RIPALDA-OK-644x429.jpg",644,429,true],"1536x1536":["https:\/\/www.uartes.edu.ec\/sitio\/wp-content\/uploads\/2025\/04\/07-JJ-RIPALDA-OK-1536x1024.jpg",1536,1024,true],"2048x2048":["https:\/\/www.uartes.edu.ec\/sitio\/wp-content\/uploads\/2025\/04\/07-JJ-RIPALDA-OK.jpg",2000,1333,false],"trp-custom-language-flag":["https:\/\/www.uartes.edu.ec\/sitio\/wp-content\/uploads\/2025\/04\/07-JJ-RIPALDA-OK-18x12.jpg",18,12,true],"htmega_size_585x295":["https:\/\/www.uartes.edu.ec\/sitio\/wp-content\/uploads\/2025\/04\/07-JJ-RIPALDA-OK-585x295.jpg",585,295,true],"htmega_size_1170x536":["https:\/\/www.uartes.edu.ec\/sitio\/wp-content\/uploads\/2025\/04\/07-JJ-RIPALDA-OK-1170x536.jpg",1170,536,true],"htmega_size_396x360":["https:\/\/www.uartes.edu.ec\/sitio\/wp-content\/uploads\/2025\/04\/07-JJ-RIPALDA-OK-396x360.jpg",396,360,true],"gb-block-post-grid-landscape":["https:\/\/www.uartes.edu.ec\/sitio\/wp-content\/uploads\/2025\/04\/07-JJ-RIPALDA-OK-600x400.jpg",600,400,true],"gb-block-post-grid-square":["https:\/\/www.uartes.edu.ec\/sitio\/wp-content\/uploads\/2025\/04\/07-JJ-RIPALDA-OK-600x600.jpg",600,600,true],"university-hub-thumb":["https:\/\/www.uartes.edu.ec\/sitio\/wp-content\/uploads\/2025\/04\/07-JJ-RIPALDA-OK-400x267.jpg",400,267,true]},"uagb_author_info":{"display_name":"ccortez","author_link":"https:\/\/www.uartes.edu.ec\/sitio\/blog\/author\/ccortez\/"},"uagb_comment_info":0,"uagb_excerpt":"\u201cSer: Dream We Must\u201d es un proyecto de investigaci\u00f3n de la UArtes que tiene como prop\u00f3sito indagar sobre los sue\u00f1os, buscando la necesidad no solo de explorarlos sino de dormir. So\u00f1ar como un acto pol\u00edtico, un acto de resistencia y profundamente humano, pero tambi\u00e9n de c\u00f3mo el cerebro empieza a construir todo lo que ha&hellip;","featured_image_src":"https:\/\/www.uartes.edu.ec\/sitio\/wp-content\/uploads\/2025\/04\/07-JJ-RIPALDA-OK-600x400.jpg","featured_image_src_square":"https:\/\/www.uartes.edu.ec\/sitio\/wp-content\/uploads\/2025\/04\/07-JJ-RIPALDA-OK-600x600.jpg","author_info":{"display_name":"ccortez","author_link":"https:\/\/www.uartes.edu.ec\/sitio\/blog\/author\/ccortez\/"},"publishpress_future_workflow_manual_trigger":{"enabledWorkflows":[]},"distributor_meta":false,"distributor_terms":false,"distributor_media":false,"distributor_original_site_name":"Universidad de las Artes","distributor_original_site_url":"https:\/\/www.uartes.edu.ec\/sitio","push-errors":false,"_links":{"self":[{"href":"https:\/\/www.uartes.edu.ec\/sitio\/wp-json\/wp\/v2\/posts\/70404","targetHints":{"allow":["GET"]}}],"collection":[{"href":"https:\/\/www.uartes.edu.ec\/sitio\/wp-json\/wp\/v2\/posts"}],"about":[{"href":"https:\/\/www.uartes.edu.ec\/sitio\/wp-json\/wp\/v2\/types\/post"}],"author":[{"embeddable":true,"href":"https:\/\/www.uartes.edu.ec\/sitio\/wp-json\/wp\/v2\/users\/10"}],"replies":[{"embeddable":true,"href":"https:\/\/www.uartes.edu.ec\/sitio\/wp-json\/wp\/v2\/comments?post=70404"}],"version-history":[{"count":4,"href":"https:\/\/www.uartes.edu.ec\/sitio\/wp-json\/wp\/v2\/posts\/70404\/revisions"}],"predecessor-version":[{"id":70420,"href":"https:\/\/www.uartes.edu.ec\/sitio\/wp-json\/wp\/v2\/posts\/70404\/revisions\/70420"}],"wp:featuredmedia":[{"embeddable":true,"href":"https:\/\/www.uartes.edu.ec\/sitio\/wp-json\/wp\/v2\/media\/70405"}],"wp:attachment":[{"href":"https:\/\/www.uartes.edu.ec\/sitio\/wp-json\/wp\/v2\/media?parent=70404"}],"wp:term":[{"taxonomy":"category","embeddable":true,"href":"https:\/\/www.uartes.edu.ec\/sitio\/wp-json\/wp\/v2\/categories?post=70404"},{"taxonomy":"post_tag","embeddable":true,"href":"https:\/\/www.uartes.edu.ec\/sitio\/wp-json\/wp\/v2\/tags?post=70404"},{"taxonomy":"infouartes","embeddable":true,"href":"https:\/\/www.uartes.edu.ec\/sitio\/wp-json\/wp\/v2\/infouartes?post=70404"}],"curies":[{"name":"wp","href":"https:\/\/api.w.org\/{rel}","templated":true}]}}