{"id":7048,"date":"2020-05-18T15:22:54","date_gmt":"2020-05-18T20:22:54","guid":{"rendered":"http:\/\/www.uartes.edu.ec\/sitio\/?p=7048"},"modified":"2024-07-04T11:43:09","modified_gmt":"2024-07-04T16:43:09","slug":"revista-fuera-de-campo-con-un-nuevo-numero-y-solo-digital","status":"publish","type":"post","link":"https:\/\/www.uartes.edu.ec\/sitio\/blog\/2020\/05\/18\/revista-fuera-de-campo-con-un-nuevo-numero-y-solo-digital\/","title":{"rendered":"Revista \u201cFuera de Campo\u201d, con un nuevo n\u00famero y solo digital"},"content":{"rendered":"\n<p>Con interesantes art\u00edculos como \u201cMadeinusa: neobarroco, fiesta y profanaci\u00f3n en Los Andes\u201d, escrito por el poeta y profesor de la Universidad de Cuenca, Galo Alfredo Torres; y, \u201cNi pienso ni existo. Una lectura moral de Pelo Malo, de Mariana Rond\u00f3n\u201d, de la investigadora Sandra Caula, se encuentra en su sitio web y en el de UArtes Ediciones la m\u00e1s reciente publicaci\u00f3n de la revista cuatrimestral <em>Fuera de Campo, <\/em>especializada en cine y perteneciente a la Universidad de las Artes.<\/p>\n\n\n\n<p>Se trata del Volumen III, N\u00famero 3, el cual es solamente digital. Arturo Serrano, director editorial de <em>Fuera de Campo,<\/em> explica que, a pesar de la emergencia sanitaria por la que atraviesa el pa\u00eds y que llev\u00f3 a una cuarentena nacional para evitar la propagaci\u00f3n del COVID-19, no hubo problemas con su elaboraci\u00f3n: \u201cTodo el trabajo de la revista siempre ha sido online, el env\u00edo de los manuscritos, la recepci\u00f3n de los manuscritos y la correcci\u00f3n\u201d. Sin embargo, por esta ocasi\u00f3n no habr\u00e1 una publicaci\u00f3n impresa.<\/p>\n\n\n\n<p>Agrega que el volumen contiene varios ensayos con miradas hacia producciones latinoamericanas. Junto con los ya mencionados, en el segmento Art\u00edculos, consta el titulado \u201cComportamiento de la audiencia guayaquile\u00f1a frente a las nuevas plataformas de exhibici\u00f3n de producci\u00f3n cinematogr\u00e1fica\u201d, de la autor\u00eda de Martha Murga y Jack Coronel. Y en el espacio Miscel\u00e1nea: \u201c<a href=\"http:\/\/www.uartes.edu.ec\/fueradecampo\/wp-content\/uploads\/2020\/05\/FDC11-MISC02.pdf\" target=\"_blank\" rel=\"noreferrer noopener\">Ocho espectadores en busca de una autora. Rese\u00f1a del filme <em>La mala noche<\/em> (Gabriela Calvache, 2019)<\/a>\u201d, escrito por la curadora y docente de la UArtes, Amalina Bomnin; \u201cEl retorno del documental fiscal acusador\u201d, de Mar\u00eda Emilia Garc\u00eda; y, \u201c<a href=\"http:\/\/www.uartes.edu.ec\/fueradecampo\/wp-content\/uploads\/2020\/05\/FDC11-MISC01.pdf\" target=\"_blank\" rel=\"noreferrer noopener\">Sobre la utilidad de la historia del cine para los realizadores. Una entrevista con David Bordwell y Kristin Thompson<\/a>\u201d, del equipo editorial.<br>Arturo Serrano menciona tambi\u00e9n que ya se encuentran en la edici\u00f3n de la siguiente entrega de <em>Fuera del Campo<\/em>, la cual circular\u00e1, asimismo, de manera digital. Desde su primer n\u00famero, la revista dej\u00f3 sentada su concepci\u00f3n: convertirse en un espacio donde los investigadores en cine de todo el mundo \u2013especialmente de Am\u00e9rica Latina\u2013 puedan publicar los resultados de sus investigaciones en un contexto tan riguroso como el de las academias norteamericanas y europeas, pero con una actitud m\u00e1s amigable hacia productos que responden a las necesidades del investigador de esta regi\u00f3n.<\/p>\n\n\n\n<p>Para leer el reciente n\u00famero de <em>Fuera de Campo:<\/em><\/p>\n\n\n\n<figure class=\"wp-block-embed-wordpress wp-block-embed is-type-wp-embed is-provider-fuera-de-campo\"><div class=\"wp-block-embed__wrapper\">\n<blockquote class=\"wp-embedded-content\" data-secret=\"2pvlpfUWtE\"><a href=\"http:\/\/www.uartes.edu.ec\/fueradecampo\/\">Fuera de Campo. Revista de Cine. Volumen V, N\u00famero 2. Mayo, 2021<\/a><\/blockquote><iframe class=\"wp-embedded-content\" sandbox=\"allow-scripts\" security=\"restricted\" style=\"position: absolute; clip: rect(1px, 1px, 1px, 1px);\" title=\"\u00abFuera de Campo. Revista de Cine. Volumen V, N\u00famero 2. Mayo, 2021\u00bb \u2014 Fuera de Campo\" src=\"http:\/\/www.uartes.edu.ec\/fueradecampo\/?embed=true#?secret=2pvlpfUWtE\" data-secret=\"2pvlpfUWtE\" width=\"600\" height=\"338\" frameborder=\"0\" marginwidth=\"0\" marginheight=\"0\" scrolling=\"no\"><\/iframe>\n<\/div><\/figure>\n","protected":false},"excerpt":{"rendered":"<p>Con interesantes art\u00edculos como \u201cMadeinusa: neobarroco, fiesta y profanaci\u00f3n en Los Andes\u201d, escrito por el poeta y profesor de la Universidad de Cuenca, Galo Alfredo Torres; y, \u201cNi pienso ni existo. Una lectura moral de Pelo Malo, de Mariana Rond\u00f3n\u201d, de la investigadora Sandra Caula, se encuentra en su sitio web y en el de UArtes Ediciones la m\u00e1s reciente publicaci\u00f3n de la revista cuatrimestral Fuera de Campo, especializada en cine y perteneciente a la Universidad de las Artes.<\/p>\n","protected":false},"author":1,"featured_media":7049,"comment_status":"closed","ping_status":"closed","sticky":false,"template":"","format":"standard","meta":{"_acf_changed":false,"_uag_custom_page_level_css":"","_monsterinsights_skip_tracking":false,"_monsterinsights_sitenote_active":false,"_monsterinsights_sitenote_note":"","_monsterinsights_sitenote_category":0,"cybocfi_hide_featured_image":"","footnotes":""},"categories":[80,147,215],"tags":[211],"infouartes":[],"class_list":["post-7048","post","type-post","status-publish","format-standard","has-post-thumbnail","hentry","category-academico","category-cine","category-uartes-ediciones","tag-covid19"],"acf":[],"yoast_head":"<!-- This site is optimized with the Yoast SEO plugin v27.4 - https:\/\/yoast.com\/product\/yoast-seo-wordpress\/ -->\n<title>Universidad de las Artes - Revista \u201cFuera de Campo\u201d, con un nuevo n\u00famero y solo digital<\/title>\n<meta name=\"description\" content=\"Universidad de las Artes - Revista \u201cFuera de Campo\u201d, con un nuevo n\u00famero y solo digital\" \/>\n<meta name=\"robots\" content=\"index, follow, max-snippet:-1, max-image-preview:large, max-video-preview:-1\" \/>\n<link rel=\"canonical\" href=\"https:\/\/www.uartes.edu.ec\/sitio\/blog\/2020\/05\/18\/revista-fuera-de-campo-con-un-nuevo-numero-y-solo-digital\/\" \/>\n<meta property=\"og:locale\" content=\"es_ES\" \/>\n<meta property=\"og:type\" content=\"article\" \/>\n<meta property=\"og:title\" content=\"Universidad de las Artes - Revista \u201cFuera de Campo\u201d, con un nuevo n\u00famero y solo digital\" \/>\n<meta property=\"og:description\" content=\"Universidad de las Artes - Revista \u201cFuera de Campo\u201d, con un nuevo n\u00famero y solo digital\" \/>\n<meta property=\"og:url\" content=\"https:\/\/www.uartes.edu.ec\/sitio\/blog\/2020\/05\/18\/revista-fuera-de-campo-con-un-nuevo-numero-y-solo-digital\/\" \/>\n<meta property=\"og:site_name\" content=\"Universidad de las Artes\" \/>\n<meta property=\"article:publisher\" content=\"https:\/\/www.facebook.com\/uartesec\" \/>\n<meta property=\"article:published_time\" content=\"2020-05-18T20:22:54+00:00\" \/>\n<meta property=\"article:modified_time\" content=\"2024-07-04T16:43:09+00:00\" \/>\n<meta property=\"og:image\" content=\"https:\/\/www.uartes.edu.ec\/sitio\/wp-content\/uploads\/2020\/05\/FUERA-DE-CAMPO-ok.jpg\" \/>\n\t<meta property=\"og:image:width\" content=\"1280\" \/>\n\t<meta property=\"og:image:height\" content=\"853\" \/>\n\t<meta property=\"og:image:type\" content=\"image\/jpeg\" \/>\n<meta name=\"author\" content=\"Universidad de las Artes\" \/>\n<meta name=\"twitter:card\" content=\"summary_large_image\" \/>\n<meta name=\"twitter:creator\" content=\"@uartesec\" \/>\n<meta name=\"twitter:site\" content=\"@uartesec\" \/>\n<meta name=\"twitter:label1\" content=\"Escrito por\" \/>\n\t<meta name=\"twitter:data1\" content=\"Universidad de las Artes\" \/>\n\t<meta name=\"twitter:label2\" content=\"Tiempo de lectura\" \/>\n\t<meta name=\"twitter:data2\" content=\"2 minutos\" \/>\n<script type=\"application\/ld+json\" class=\"yoast-schema-graph\">{\"@context\":\"https:\\\/\\\/schema.org\",\"@graph\":[{\"@type\":\"Article\",\"@id\":\"https:\\\/\\\/www.uartes.edu.ec\\\/sitio\\\/blog\\\/2020\\\/05\\\/18\\\/revista-fuera-de-campo-con-un-nuevo-numero-y-solo-digital\\\/#article\",\"isPartOf\":{\"@id\":\"https:\\\/\\\/www.uartes.edu.ec\\\/sitio\\\/blog\\\/2020\\\/05\\\/18\\\/revista-fuera-de-campo-con-un-nuevo-numero-y-solo-digital\\\/\"},\"author\":{\"name\":\"Universidad de las Artes\",\"@id\":\"https:\\\/\\\/www.uartes.edu.ec\\\/sitio\\\/#\\\/schema\\\/person\\\/f33f8c1d2af0d5c80a38c8abf458184a\"},\"headline\":\"Revista \u201cFuera de Campo\u201d, con un nuevo n\u00famero y solo digital\",\"datePublished\":\"2020-05-18T20:22:54+00:00\",\"dateModified\":\"2024-07-04T16:43:09+00:00\",\"mainEntityOfPage\":{\"@id\":\"https:\\\/\\\/www.uartes.edu.ec\\\/sitio\\\/blog\\\/2020\\\/05\\\/18\\\/revista-fuera-de-campo-con-un-nuevo-numero-y-solo-digital\\\/\"},\"wordCount\":426,\"publisher\":{\"@id\":\"https:\\\/\\\/www.uartes.edu.ec\\\/sitio\\\/#organization\"},\"image\":{\"@id\":\"https:\\\/\\\/www.uartes.edu.ec\\\/sitio\\\/blog\\\/2020\\\/05\\\/18\\\/revista-fuera-de-campo-con-un-nuevo-numero-y-solo-digital\\\/#primaryimage\"},\"thumbnailUrl\":\"https:\\\/\\\/www.uartes.edu.ec\\\/sitio\\\/wp-content\\\/uploads\\\/2020\\\/05\\\/FUERA-DE-CAMPO-ok.jpg\",\"keywords\":[\"covid19\"],\"articleSection\":[\"Acad\u00e9mico\",\"Cine\",\"UArtes Ediciones\"],\"inLanguage\":\"es\"},{\"@type\":[\"WebPage\",\"ItemPage\"],\"@id\":\"https:\\\/\\\/www.uartes.edu.ec\\\/sitio\\\/blog\\\/2020\\\/05\\\/18\\\/revista-fuera-de-campo-con-un-nuevo-numero-y-solo-digital\\\/\",\"url\":\"https:\\\/\\\/www.uartes.edu.ec\\\/sitio\\\/blog\\\/2020\\\/05\\\/18\\\/revista-fuera-de-campo-con-un-nuevo-numero-y-solo-digital\\\/\",\"name\":\"Universidad de las Artes - Revista \u201cFuera de Campo\u201d, con un nuevo n\u00famero y solo digital\",\"isPartOf\":{\"@id\":\"https:\\\/\\\/www.uartes.edu.ec\\\/sitio\\\/#website\"},\"primaryImageOfPage\":{\"@id\":\"https:\\\/\\\/www.uartes.edu.ec\\\/sitio\\\/blog\\\/2020\\\/05\\\/18\\\/revista-fuera-de-campo-con-un-nuevo-numero-y-solo-digital\\\/#primaryimage\"},\"image\":{\"@id\":\"https:\\\/\\\/www.uartes.edu.ec\\\/sitio\\\/blog\\\/2020\\\/05\\\/18\\\/revista-fuera-de-campo-con-un-nuevo-numero-y-solo-digital\\\/#primaryimage\"},\"thumbnailUrl\":\"https:\\\/\\\/www.uartes.edu.ec\\\/sitio\\\/wp-content\\\/uploads\\\/2020\\\/05\\\/FUERA-DE-CAMPO-ok.jpg\",\"datePublished\":\"2020-05-18T20:22:54+00:00\",\"dateModified\":\"2024-07-04T16:43:09+00:00\",\"description\":\"Universidad de las Artes - Revista \u201cFuera de Campo\u201d, con un nuevo n\u00famero y solo digital\",\"breadcrumb\":{\"@id\":\"https:\\\/\\\/www.uartes.edu.ec\\\/sitio\\\/blog\\\/2020\\\/05\\\/18\\\/revista-fuera-de-campo-con-un-nuevo-numero-y-solo-digital\\\/#breadcrumb\"},\"inLanguage\":\"es\",\"potentialAction\":[{\"@type\":\"ReadAction\",\"target\":[\"https:\\\/\\\/www.uartes.edu.ec\\\/sitio\\\/blog\\\/2020\\\/05\\\/18\\\/revista-fuera-de-campo-con-un-nuevo-numero-y-solo-digital\\\/\"]}]},{\"@type\":\"ImageObject\",\"inLanguage\":\"es\",\"@id\":\"https:\\\/\\\/www.uartes.edu.ec\\\/sitio\\\/blog\\\/2020\\\/05\\\/18\\\/revista-fuera-de-campo-con-un-nuevo-numero-y-solo-digital\\\/#primaryimage\",\"url\":\"https:\\\/\\\/www.uartes.edu.ec\\\/sitio\\\/wp-content\\\/uploads\\\/2020\\\/05\\\/FUERA-DE-CAMPO-ok.jpg\",\"contentUrl\":\"https:\\\/\\\/www.uartes.edu.ec\\\/sitio\\\/wp-content\\\/uploads\\\/2020\\\/05\\\/FUERA-DE-CAMPO-ok.jpg\",\"width\":1280,\"height\":853},{\"@type\":\"BreadcrumbList\",\"@id\":\"https:\\\/\\\/www.uartes.edu.ec\\\/sitio\\\/blog\\\/2020\\\/05\\\/18\\\/revista-fuera-de-campo-con-un-nuevo-numero-y-solo-digital\\\/#breadcrumb\",\"itemListElement\":[{\"@type\":\"ListItem\",\"position\":1,\"name\":\"Inicio\",\"item\":\"https:\\\/\\\/www.uartes.edu.ec\\\/sitio\\\/\"},{\"@type\":\"ListItem\",\"position\":2,\"name\":\"Revista \u201cFuera de Campo\u201d, con un nuevo n\u00famero y solo digital\"}]},{\"@type\":\"WebSite\",\"@id\":\"https:\\\/\\\/www.uartes.edu.ec\\\/sitio\\\/#website\",\"url\":\"https:\\\/\\\/www.uartes.edu.ec\\\/sitio\\\/\",\"name\":\"Universidad de las Artes\",\"description\":\"Sitio oficial de la Universidad Nacional de las Artes del Ecuador\",\"publisher\":{\"@id\":\"https:\\\/\\\/www.uartes.edu.ec\\\/sitio\\\/#organization\"},\"potentialAction\":[{\"@type\":\"SearchAction\",\"target\":{\"@type\":\"EntryPoint\",\"urlTemplate\":\"https:\\\/\\\/www.uartes.edu.ec\\\/sitio\\\/?s={search_term_string}\"},\"query-input\":{\"@type\":\"PropertyValueSpecification\",\"valueRequired\":true,\"valueName\":\"search_term_string\"}}],\"inLanguage\":\"es\"},{\"@type\":\"Organization\",\"@id\":\"https:\\\/\\\/www.uartes.edu.ec\\\/sitio\\\/#organization\",\"name\":\"Universidad de las Artes\",\"url\":\"https:\\\/\\\/www.uartes.edu.ec\\\/sitio\\\/\",\"logo\":{\"@type\":\"ImageObject\",\"inLanguage\":\"es\",\"@id\":\"https:\\\/\\\/www.uartes.edu.ec\\\/sitio\\\/#\\\/schema\\\/logo\\\/image\\\/\",\"url\":\"https:\\\/\\\/www.uartes.edu.ec\\\/sitio\\\/wp-content\\\/uploads\\\/2022\\\/07\\\/logo-ua-horizontal.png\",\"contentUrl\":\"https:\\\/\\\/www.uartes.edu.ec\\\/sitio\\\/wp-content\\\/uploads\\\/2022\\\/07\\\/logo-ua-horizontal.png\",\"width\":800,\"height\":276,\"caption\":\"Universidad de las Artes\"},\"image\":{\"@id\":\"https:\\\/\\\/www.uartes.edu.ec\\\/sitio\\\/#\\\/schema\\\/logo\\\/image\\\/\"},\"sameAs\":[\"https:\\\/\\\/www.facebook.com\\\/uartesec\",\"https:\\\/\\\/x.com\\\/uartesec\",\"https:\\\/\\\/www.tiktok.com\\\/@uartesec\"]},{\"@type\":\"Person\",\"@id\":\"https:\\\/\\\/www.uartes.edu.ec\\\/sitio\\\/#\\\/schema\\\/person\\\/f33f8c1d2af0d5c80a38c8abf458184a\",\"name\":\"Universidad de las Artes\",\"image\":{\"@type\":\"ImageObject\",\"inLanguage\":\"es\",\"@id\":\"https:\\\/\\\/secure.gravatar.com\\\/avatar\\\/52e4757902f5cfa5ac52d020e5be83cae5487519154b6c35482fe08d589f3c13?s=96&d=mm&r=g\",\"url\":\"https:\\\/\\\/secure.gravatar.com\\\/avatar\\\/52e4757902f5cfa5ac52d020e5be83cae5487519154b6c35482fe08d589f3c13?s=96&d=mm&r=g\",\"contentUrl\":\"https:\\\/\\\/secure.gravatar.com\\\/avatar\\\/52e4757902f5cfa5ac52d020e5be83cae5487519154b6c35482fe08d589f3c13?s=96&d=mm&r=g\",\"caption\":\"Universidad de las Artes\"},\"url\":\"https:\\\/\\\/www.uartes.edu.ec\\\/sitio\\\/blog\\\/author\\\/dircomadm\\\/\"}]}<\/script>\n<!-- \/ Yoast SEO plugin. -->","yoast_head_json":{"title":"Universidad de las Artes - Revista \u201cFuera de Campo\u201d, con un nuevo n\u00famero y solo digital","description":"Universidad de las Artes - Revista \u201cFuera de Campo\u201d, con un nuevo n\u00famero y solo digital","robots":{"index":"index","follow":"follow","max-snippet":"max-snippet:-1","max-image-preview":"max-image-preview:large","max-video-preview":"max-video-preview:-1"},"canonical":"https:\/\/www.uartes.edu.ec\/sitio\/blog\/2020\/05\/18\/revista-fuera-de-campo-con-un-nuevo-numero-y-solo-digital\/","og_locale":"es_ES","og_type":"article","og_title":"Universidad de las Artes - Revista \u201cFuera de Campo\u201d, con un nuevo n\u00famero y solo digital","og_description":"Universidad de las Artes - Revista \u201cFuera de Campo\u201d, con un nuevo n\u00famero y solo digital","og_url":"https:\/\/www.uartes.edu.ec\/sitio\/blog\/2020\/05\/18\/revista-fuera-de-campo-con-un-nuevo-numero-y-solo-digital\/","og_site_name":"Universidad de las Artes","article_publisher":"https:\/\/www.facebook.com\/uartesec","article_published_time":"2020-05-18T20:22:54+00:00","article_modified_time":"2024-07-04T16:43:09+00:00","og_image":[{"width":1280,"height":853,"url":"https:\/\/www.uartes.edu.ec\/sitio\/wp-content\/uploads\/2020\/05\/FUERA-DE-CAMPO-ok.jpg","type":"image\/jpeg"}],"author":"Universidad de las Artes","twitter_card":"summary_large_image","twitter_creator":"@uartesec","twitter_site":"@uartesec","twitter_misc":{"Escrito por":"Universidad de las Artes","Tiempo de lectura":"2 minutos"},"schema":{"@context":"https:\/\/schema.org","@graph":[{"@type":"Article","@id":"https:\/\/www.uartes.edu.ec\/sitio\/blog\/2020\/05\/18\/revista-fuera-de-campo-con-un-nuevo-numero-y-solo-digital\/#article","isPartOf":{"@id":"https:\/\/www.uartes.edu.ec\/sitio\/blog\/2020\/05\/18\/revista-fuera-de-campo-con-un-nuevo-numero-y-solo-digital\/"},"author":{"name":"Universidad de las Artes","@id":"https:\/\/www.uartes.edu.ec\/sitio\/#\/schema\/person\/f33f8c1d2af0d5c80a38c8abf458184a"},"headline":"Revista \u201cFuera de Campo\u201d, con un nuevo n\u00famero y solo digital","datePublished":"2020-05-18T20:22:54+00:00","dateModified":"2024-07-04T16:43:09+00:00","mainEntityOfPage":{"@id":"https:\/\/www.uartes.edu.ec\/sitio\/blog\/2020\/05\/18\/revista-fuera-de-campo-con-un-nuevo-numero-y-solo-digital\/"},"wordCount":426,"publisher":{"@id":"https:\/\/www.uartes.edu.ec\/sitio\/#organization"},"image":{"@id":"https:\/\/www.uartes.edu.ec\/sitio\/blog\/2020\/05\/18\/revista-fuera-de-campo-con-un-nuevo-numero-y-solo-digital\/#primaryimage"},"thumbnailUrl":"https:\/\/www.uartes.edu.ec\/sitio\/wp-content\/uploads\/2020\/05\/FUERA-DE-CAMPO-ok.jpg","keywords":["covid19"],"articleSection":["Acad\u00e9mico","Cine","UArtes Ediciones"],"inLanguage":"es"},{"@type":["WebPage","ItemPage"],"@id":"https:\/\/www.uartes.edu.ec\/sitio\/blog\/2020\/05\/18\/revista-fuera-de-campo-con-un-nuevo-numero-y-solo-digital\/","url":"https:\/\/www.uartes.edu.ec\/sitio\/blog\/2020\/05\/18\/revista-fuera-de-campo-con-un-nuevo-numero-y-solo-digital\/","name":"Universidad de las Artes - Revista \u201cFuera de Campo\u201d, con un nuevo n\u00famero y solo digital","isPartOf":{"@id":"https:\/\/www.uartes.edu.ec\/sitio\/#website"},"primaryImageOfPage":{"@id":"https:\/\/www.uartes.edu.ec\/sitio\/blog\/2020\/05\/18\/revista-fuera-de-campo-con-un-nuevo-numero-y-solo-digital\/#primaryimage"},"image":{"@id":"https:\/\/www.uartes.edu.ec\/sitio\/blog\/2020\/05\/18\/revista-fuera-de-campo-con-un-nuevo-numero-y-solo-digital\/#primaryimage"},"thumbnailUrl":"https:\/\/www.uartes.edu.ec\/sitio\/wp-content\/uploads\/2020\/05\/FUERA-DE-CAMPO-ok.jpg","datePublished":"2020-05-18T20:22:54+00:00","dateModified":"2024-07-04T16:43:09+00:00","description":"Universidad de las Artes - Revista \u201cFuera de Campo\u201d, con un nuevo n\u00famero y solo digital","breadcrumb":{"@id":"https:\/\/www.uartes.edu.ec\/sitio\/blog\/2020\/05\/18\/revista-fuera-de-campo-con-un-nuevo-numero-y-solo-digital\/#breadcrumb"},"inLanguage":"es","potentialAction":[{"@type":"ReadAction","target":["https:\/\/www.uartes.edu.ec\/sitio\/blog\/2020\/05\/18\/revista-fuera-de-campo-con-un-nuevo-numero-y-solo-digital\/"]}]},{"@type":"ImageObject","inLanguage":"es","@id":"https:\/\/www.uartes.edu.ec\/sitio\/blog\/2020\/05\/18\/revista-fuera-de-campo-con-un-nuevo-numero-y-solo-digital\/#primaryimage","url":"https:\/\/www.uartes.edu.ec\/sitio\/wp-content\/uploads\/2020\/05\/FUERA-DE-CAMPO-ok.jpg","contentUrl":"https:\/\/www.uartes.edu.ec\/sitio\/wp-content\/uploads\/2020\/05\/FUERA-DE-CAMPO-ok.jpg","width":1280,"height":853},{"@type":"BreadcrumbList","@id":"https:\/\/www.uartes.edu.ec\/sitio\/blog\/2020\/05\/18\/revista-fuera-de-campo-con-un-nuevo-numero-y-solo-digital\/#breadcrumb","itemListElement":[{"@type":"ListItem","position":1,"name":"Inicio","item":"https:\/\/www.uartes.edu.ec\/sitio\/"},{"@type":"ListItem","position":2,"name":"Revista \u201cFuera de Campo\u201d, con un nuevo n\u00famero y solo digital"}]},{"@type":"WebSite","@id":"https:\/\/www.uartes.edu.ec\/sitio\/#website","url":"https:\/\/www.uartes.edu.ec\/sitio\/","name":"Universidad de las Artes","description":"Sitio oficial de la Universidad Nacional de las Artes del Ecuador","publisher":{"@id":"https:\/\/www.uartes.edu.ec\/sitio\/#organization"},"potentialAction":[{"@type":"SearchAction","target":{"@type":"EntryPoint","urlTemplate":"https:\/\/www.uartes.edu.ec\/sitio\/?s={search_term_string}"},"query-input":{"@type":"PropertyValueSpecification","valueRequired":true,"valueName":"search_term_string"}}],"inLanguage":"es"},{"@type":"Organization","@id":"https:\/\/www.uartes.edu.ec\/sitio\/#organization","name":"Universidad de las Artes","url":"https:\/\/www.uartes.edu.ec\/sitio\/","logo":{"@type":"ImageObject","inLanguage":"es","@id":"https:\/\/www.uartes.edu.ec\/sitio\/#\/schema\/logo\/image\/","url":"https:\/\/www.uartes.edu.ec\/sitio\/wp-content\/uploads\/2022\/07\/logo-ua-horizontal.png","contentUrl":"https:\/\/www.uartes.edu.ec\/sitio\/wp-content\/uploads\/2022\/07\/logo-ua-horizontal.png","width":800,"height":276,"caption":"Universidad de las Artes"},"image":{"@id":"https:\/\/www.uartes.edu.ec\/sitio\/#\/schema\/logo\/image\/"},"sameAs":["https:\/\/www.facebook.com\/uartesec","https:\/\/x.com\/uartesec","https:\/\/www.tiktok.com\/@uartesec"]},{"@type":"Person","@id":"https:\/\/www.uartes.edu.ec\/sitio\/#\/schema\/person\/f33f8c1d2af0d5c80a38c8abf458184a","name":"Universidad de las Artes","image":{"@type":"ImageObject","inLanguage":"es","@id":"https:\/\/secure.gravatar.com\/avatar\/52e4757902f5cfa5ac52d020e5be83cae5487519154b6c35482fe08d589f3c13?s=96&d=mm&r=g","url":"https:\/\/secure.gravatar.com\/avatar\/52e4757902f5cfa5ac52d020e5be83cae5487519154b6c35482fe08d589f3c13?s=96&d=mm&r=g","contentUrl":"https:\/\/secure.gravatar.com\/avatar\/52e4757902f5cfa5ac52d020e5be83cae5487519154b6c35482fe08d589f3c13?s=96&d=mm&r=g","caption":"Universidad de las Artes"},"url":"https:\/\/www.uartes.edu.ec\/sitio\/blog\/author\/dircomadm\/"}]}},"uagb_featured_image_src":{"full":["https:\/\/www.uartes.edu.ec\/sitio\/wp-content\/uploads\/2020\/05\/FUERA-DE-CAMPO-ok.jpg",1280,853,false],"thumbnail":["https:\/\/www.uartes.edu.ec\/sitio\/wp-content\/uploads\/2020\/05\/FUERA-DE-CAMPO-ok-150x150.jpg",150,150,true],"medium":["https:\/\/www.uartes.edu.ec\/sitio\/wp-content\/uploads\/2020\/05\/FUERA-DE-CAMPO-ok-300x200.jpg",300,200,true],"medium_large":["https:\/\/www.uartes.edu.ec\/sitio\/wp-content\/uploads\/2020\/05\/FUERA-DE-CAMPO-ok-768x512.jpg",768,512,true],"large":["https:\/\/www.uartes.edu.ec\/sitio\/wp-content\/uploads\/2020\/05\/FUERA-DE-CAMPO-ok-644x429.jpg",644,429,true],"1536x1536":["https:\/\/www.uartes.edu.ec\/sitio\/wp-content\/uploads\/2020\/05\/FUERA-DE-CAMPO-ok.jpg",1280,853,false],"2048x2048":["https:\/\/www.uartes.edu.ec\/sitio\/wp-content\/uploads\/2020\/05\/FUERA-DE-CAMPO-ok.jpg",1280,853,false],"trp-custom-language-flag":["https:\/\/www.uartes.edu.ec\/sitio\/wp-content\/uploads\/2020\/05\/FUERA-DE-CAMPO-ok.jpg",18,12,false],"htmega_size_585x295":["https:\/\/www.uartes.edu.ec\/sitio\/wp-content\/uploads\/2020\/05\/FUERA-DE-CAMPO-ok.jpg",443,295,false],"htmega_size_1170x536":["https:\/\/www.uartes.edu.ec\/sitio\/wp-content\/uploads\/2020\/05\/FUERA-DE-CAMPO-ok.jpg",804,536,false],"htmega_size_396x360":["https:\/\/www.uartes.edu.ec\/sitio\/wp-content\/uploads\/2020\/05\/FUERA-DE-CAMPO-ok.jpg",396,264,false],"gb-block-post-grid-landscape":["https:\/\/www.uartes.edu.ec\/sitio\/wp-content\/uploads\/2020\/05\/FUERA-DE-CAMPO-ok.jpg",600,400,false],"gb-block-post-grid-square":["https:\/\/www.uartes.edu.ec\/sitio\/wp-content\/uploads\/2020\/05\/FUERA-DE-CAMPO-ok.jpg",600,400,false],"university-hub-thumb":["https:\/\/www.uartes.edu.ec\/sitio\/wp-content\/uploads\/2020\/05\/FUERA-DE-CAMPO-ok-400x267.jpg",400,267,true]},"uagb_author_info":{"display_name":"Universidad de las Artes","author_link":"https:\/\/www.uartes.edu.ec\/sitio\/blog\/author\/dircomadm\/"},"uagb_comment_info":0,"uagb_excerpt":"Con interesantes art\u00edculos como \u201cMadeinusa: neobarroco, fiesta y profanaci\u00f3n en Los Andes\u201d, escrito por el poeta y profesor de la Universidad de Cuenca, Galo Alfredo Torres; y, \u201cNi pienso ni existo. Una lectura moral de Pelo Malo, de Mariana Rond\u00f3n\u201d, de la investigadora Sandra Caula, se encuentra en su sitio web y en el de&hellip;","featured_image_src":"https:\/\/www.uartes.edu.ec\/sitio\/wp-content\/uploads\/2020\/05\/FUERA-DE-CAMPO-ok.jpg","featured_image_src_square":"https:\/\/www.uartes.edu.ec\/sitio\/wp-content\/uploads\/2020\/05\/FUERA-DE-CAMPO-ok.jpg","author_info":{"display_name":"Universidad de las Artes","author_link":"https:\/\/www.uartes.edu.ec\/sitio\/blog\/author\/dircomadm\/"},"publishpress_future_workflow_manual_trigger":{"enabledWorkflows":[]},"distributor_meta":false,"distributor_terms":false,"distributor_media":false,"distributor_original_site_name":"Universidad de las Artes","distributor_original_site_url":"https:\/\/www.uartes.edu.ec\/sitio","push-errors":false,"_links":{"self":[{"href":"https:\/\/www.uartes.edu.ec\/sitio\/wp-json\/wp\/v2\/posts\/7048","targetHints":{"allow":["GET"]}}],"collection":[{"href":"https:\/\/www.uartes.edu.ec\/sitio\/wp-json\/wp\/v2\/posts"}],"about":[{"href":"https:\/\/www.uartes.edu.ec\/sitio\/wp-json\/wp\/v2\/types\/post"}],"author":[{"embeddable":true,"href":"https:\/\/www.uartes.edu.ec\/sitio\/wp-json\/wp\/v2\/users\/1"}],"replies":[{"embeddable":true,"href":"https:\/\/www.uartes.edu.ec\/sitio\/wp-json\/wp\/v2\/comments?post=7048"}],"version-history":[{"count":1,"href":"https:\/\/www.uartes.edu.ec\/sitio\/wp-json\/wp\/v2\/posts\/7048\/revisions"}],"predecessor-version":[{"id":7050,"href":"https:\/\/www.uartes.edu.ec\/sitio\/wp-json\/wp\/v2\/posts\/7048\/revisions\/7050"}],"wp:featuredmedia":[{"embeddable":true,"href":"https:\/\/www.uartes.edu.ec\/sitio\/wp-json\/wp\/v2\/media\/7049"}],"wp:attachment":[{"href":"https:\/\/www.uartes.edu.ec\/sitio\/wp-json\/wp\/v2\/media?parent=7048"}],"wp:term":[{"taxonomy":"category","embeddable":true,"href":"https:\/\/www.uartes.edu.ec\/sitio\/wp-json\/wp\/v2\/categories?post=7048"},{"taxonomy":"post_tag","embeddable":true,"href":"https:\/\/www.uartes.edu.ec\/sitio\/wp-json\/wp\/v2\/tags?post=7048"},{"taxonomy":"infouartes","embeddable":true,"href":"https:\/\/www.uartes.edu.ec\/sitio\/wp-json\/wp\/v2\/infouartes?post=7048"}],"curies":[{"name":"wp","href":"https:\/\/api.w.org\/{rel}","templated":true}]}}