{"id":70499,"date":"2025-04-11T13:22:12","date_gmt":"2025-04-11T18:22:12","guid":{"rendered":"https:\/\/www.uartes.edu.ec\/sitio\/?p=70499"},"modified":"2025-04-14T12:35:47","modified_gmt":"2025-04-14T17:35:47","slug":"docentes-anibal-paez-y-marcelo-leyton-en-el-remontaje-de-celeste-obra-gano-fondos-concursables-y-la-produce-teatro-arawa","status":"publish","type":"post","link":"https:\/\/www.uartes.edu.ec\/sitio\/blog\/2025\/04\/11\/docentes-anibal-paez-y-marcelo-leyton-en-el-remontaje-de-celeste-obra-gano-fondos-concursables-y-la-produce-teatro-arawa\/","title":{"rendered":"Docentes An\u00edbal P\u00e1ez y Marcelo Leyton, en el remontaje de \u201cCeleste\u201d; obra gan\u00f3 fondos concursables y la produce Teatro Arawa"},"content":{"rendered":"\n<p>Ganadora de los fondos concursables del Ministerio de Cultura y Patrimonio 2013-2014 y estrenada en mayo de 2014 en Guayaquil, la obra \u201cCeleste\u201d vuelve a la escena. El Grupo de Teatro Arawa la presentar\u00e1 en dos funciones los d\u00edas 23 y 24 de abril, a las 19:00, en La F\u00e1brica, cuerpo-espacio, ubicada en Urdesa Central (Guayacanes 215 y la Segunda).<\/p>\n\n\n\n<p>En la obra intervienen dos docentes de la Escuela de Artes Esc\u00e9nicas de la Universidad de las Artes: An\u00edbal P\u00e1ez, con la dramaturgia y direcci\u00f3n, y Marcelo Leyton, quien integra el elenco junto a Juan Coba y J. Antonio Coba.<\/p>\n\n\n\n<p>Acerca de \u201cCeleste\u201d, su contenido y reflexiones, el docente An\u00edbal P\u00e1ez comparte el siguiente texto: Conocemos una historia de las ciudades, la que se erige como verdad desde los c\u00f3modos asientos de las instituciones, la que se entroniza a s\u00ed misma como heredera de un discurso patri\u00f3tico descontextualizado y manipulado hasta la saciedad.<\/p>\n\n\n<div class=\"wp-block-image\">\n<figure class=\"aligncenter size-large\"><img fetchpriority=\"high\" decoding=\"async\" width=\"644\" height=\"429\" src=\"https:\/\/www.uartes.edu.ec\/sitio\/wp-content\/uploads\/2025\/04\/02-OBRA-CELESTE-foto-de-Camilo-Perez-644x429.jpg\" alt=\"\" class=\"wp-image-70501\" srcset=\"https:\/\/www.uartes.edu.ec\/sitio\/wp-content\/uploads\/2025\/04\/02-OBRA-CELESTE-foto-de-Camilo-Perez-644x429.jpg 644w, https:\/\/www.uartes.edu.ec\/sitio\/wp-content\/uploads\/2025\/04\/02-OBRA-CELESTE-foto-de-Camilo-Perez-300x200.jpg 300w, https:\/\/www.uartes.edu.ec\/sitio\/wp-content\/uploads\/2025\/04\/02-OBRA-CELESTE-foto-de-Camilo-Perez-768x512.jpg 768w, https:\/\/www.uartes.edu.ec\/sitio\/wp-content\/uploads\/2025\/04\/02-OBRA-CELESTE-foto-de-Camilo-Perez-1536x1024.jpg 1536w, https:\/\/www.uartes.edu.ec\/sitio\/wp-content\/uploads\/2025\/04\/02-OBRA-CELESTE-foto-de-Camilo-Perez-18x12.jpg 18w, https:\/\/www.uartes.edu.ec\/sitio\/wp-content\/uploads\/2025\/04\/02-OBRA-CELESTE-foto-de-Camilo-Perez-600x400.jpg 600w, https:\/\/www.uartes.edu.ec\/sitio\/wp-content\/uploads\/2025\/04\/02-OBRA-CELESTE-foto-de-Camilo-Perez-400x267.jpg 400w, https:\/\/www.uartes.edu.ec\/sitio\/wp-content\/uploads\/2025\/04\/02-OBRA-CELESTE-foto-de-Camilo-Perez.jpg 2000w\" sizes=\"(max-width: 644px) 100vw, 644px\" \/><\/figure>\n<\/div>\n\n\n<p>Por eso quisimos hacer una historia paralela, que haga hablar a los otros, a los invisibilizados, pero tambi\u00e9n a ellos mismos, \u201clos protagonistas\u201d de las \u201cfraguas de Vulcano\u201d, desde la intimidad de sus reuniones, de sus verdaderos intereses y acuerdos. Los convocamos para saber c\u00f3mo se repartieron la patria.<\/p>\n\n\n\n<p>Guayaquil es un tema que me apasiona. Envuelto en mi propia paradoja, la ciudad me altera y me seduce, quiero escapar de ella, irme todo el tiempo porque no soporto su matriz, su caos, su ego\u00edsmo, su groser\u00eda, su brutalidad y a la vez, me pregunto, cu\u00e1nto de eso heredamos.&nbsp;<\/p>\n\n\n\n<p>C\u00f3mo se inscribe en nuestro imaginario colectivo una administraci\u00f3n municipal de veinte a\u00f1os con todo su aparato propagand\u00edstico. Creo necesario repensarnos como guayaquile\u00f1os, subvertir el discurso oficial para trastocar la supuesta identidad que nos hace miembros, arbitrariamente, de un proyecto pol\u00edtico trazado.<\/p>\n\n\n\n<figure class=\"wp-block-gallery has-nested-images columns-default is-cropped wp-block-gallery-1 is-layout-flex wp-block-gallery-is-layout-flex\">\n<figure class=\"wp-block-image size-large\"><img decoding=\"async\" width=\"644\" height=\"429\" data-id=\"70503\" src=\"https:\/\/www.uartes.edu.ec\/sitio\/wp-content\/uploads\/2025\/04\/08-OBRA-CELESTE-foto-de-Camilo-Perez-644x429.jpg\" alt=\"\" class=\"wp-image-70503\" srcset=\"https:\/\/www.uartes.edu.ec\/sitio\/wp-content\/uploads\/2025\/04\/08-OBRA-CELESTE-foto-de-Camilo-Perez-644x429.jpg 644w, https:\/\/www.uartes.edu.ec\/sitio\/wp-content\/uploads\/2025\/04\/08-OBRA-CELESTE-foto-de-Camilo-Perez-300x200.jpg 300w, https:\/\/www.uartes.edu.ec\/sitio\/wp-content\/uploads\/2025\/04\/08-OBRA-CELESTE-foto-de-Camilo-Perez-768x512.jpg 768w, https:\/\/www.uartes.edu.ec\/sitio\/wp-content\/uploads\/2025\/04\/08-OBRA-CELESTE-foto-de-Camilo-Perez-1536x1024.jpg 1536w, https:\/\/www.uartes.edu.ec\/sitio\/wp-content\/uploads\/2025\/04\/08-OBRA-CELESTE-foto-de-Camilo-Perez-18x12.jpg 18w, https:\/\/www.uartes.edu.ec\/sitio\/wp-content\/uploads\/2025\/04\/08-OBRA-CELESTE-foto-de-Camilo-Perez-600x400.jpg 600w, https:\/\/www.uartes.edu.ec\/sitio\/wp-content\/uploads\/2025\/04\/08-OBRA-CELESTE-foto-de-Camilo-Perez-400x267.jpg 400w, https:\/\/www.uartes.edu.ec\/sitio\/wp-content\/uploads\/2025\/04\/08-OBRA-CELESTE-foto-de-Camilo-Perez.jpg 2000w\" sizes=\"(max-width: 644px) 100vw, 644px\" \/><\/figure>\n\n\n\n<figure class=\"wp-block-image size-large\"><img decoding=\"async\" width=\"644\" height=\"429\" data-id=\"70502\" src=\"https:\/\/www.uartes.edu.ec\/sitio\/wp-content\/uploads\/2025\/04\/10-OBRA-CELESTE-foto-de-Camilo-Perez-644x429.jpg\" alt=\"\" class=\"wp-image-70502\" srcset=\"https:\/\/www.uartes.edu.ec\/sitio\/wp-content\/uploads\/2025\/04\/10-OBRA-CELESTE-foto-de-Camilo-Perez-644x429.jpg 644w, https:\/\/www.uartes.edu.ec\/sitio\/wp-content\/uploads\/2025\/04\/10-OBRA-CELESTE-foto-de-Camilo-Perez-300x200.jpg 300w, https:\/\/www.uartes.edu.ec\/sitio\/wp-content\/uploads\/2025\/04\/10-OBRA-CELESTE-foto-de-Camilo-Perez-768x512.jpg 768w, https:\/\/www.uartes.edu.ec\/sitio\/wp-content\/uploads\/2025\/04\/10-OBRA-CELESTE-foto-de-Camilo-Perez-1536x1024.jpg 1536w, https:\/\/www.uartes.edu.ec\/sitio\/wp-content\/uploads\/2025\/04\/10-OBRA-CELESTE-foto-de-Camilo-Perez-18x12.jpg 18w, https:\/\/www.uartes.edu.ec\/sitio\/wp-content\/uploads\/2025\/04\/10-OBRA-CELESTE-foto-de-Camilo-Perez-600x400.jpg 600w, https:\/\/www.uartes.edu.ec\/sitio\/wp-content\/uploads\/2025\/04\/10-OBRA-CELESTE-foto-de-Camilo-Perez-400x267.jpg 400w, https:\/\/www.uartes.edu.ec\/sitio\/wp-content\/uploads\/2025\/04\/10-OBRA-CELESTE-foto-de-Camilo-Perez.jpg 2000w\" sizes=\"(max-width: 644px) 100vw, 644px\" \/><\/figure>\n<\/figure>\n\n\n\n<p><\/p>\n\n\n\n<p>Despu\u00e9s de escribir \u201cSoliloquio \u00e9pico coral\u201d, ganadora tambi\u00e9n de los fondos concursables en el a\u00f1o 2009-2010, donde inici\u00e9 hablando de nuestro micro Guayaquil y su realidad teatral, surge la necesidad de un segundo trabajo, que esta vez, recoge una f\u00e1bula \u2013ficticia como cualquier f\u00e1bula- que alude a estos grandes personajes de nuestra historia y los desnuda en sus verdaderos intereses.<\/p>\n\n\n\n<p>En el escrito del docente An\u00edbal P\u00e1ez, se lee tambi\u00e9n que la obra est\u00e1 estructurada en un solo acto e intercala verso y prosa para acercarnos, un poco a tientas, al tono de la ilustraci\u00f3n criolla y su concepci\u00f3n rom\u00e1ntica, en una clave de farsa que no hace sino agudizar el rid\u00edculo de nuestros personajes.<\/p>\n\n\n\n<p>\u201cCeleste\u201d no es solo una obra sobre Guayaquil, sino una sobre la deconstrucci\u00f3n de los mitos y h\u00e9roes que fortalecen, sin escr\u00fapulos, una identidad amordazada y desclasada, erigiendo falsos profetas y salvadores.<\/p>\n\n\n\n<p>Junto con An\u00edbal P\u00e1ez, Marcelo Leyton, Juan Coba y J. Antonio Coba, en \u201cCeleste\u201d intervienen Luis Rosado \u201cT\u00edo Lucho\u201d, en la escenograf\u00eda; Jorge Guti\u00e9rrez, en el dise\u00f1o de iluminaci\u00f3n; y Pilar Cepeda, en la elaboraci\u00f3n de caretas. La producci\u00f3n general y el dise\u00f1o de vestuario es del Grupo de Teatro Arawa.<\/p>\n\n\n<div class=\"wp-block-image\">\n<figure class=\"aligncenter size-large\"><img loading=\"lazy\" decoding=\"async\" width=\"644\" height=\"429\" src=\"https:\/\/www.uartes.edu.ec\/sitio\/wp-content\/uploads\/2025\/04\/07-OBRA-CELESTE-foto-de-Camilo-Perez-644x429.jpg\" alt=\"\" class=\"wp-image-70504\" srcset=\"https:\/\/www.uartes.edu.ec\/sitio\/wp-content\/uploads\/2025\/04\/07-OBRA-CELESTE-foto-de-Camilo-Perez-644x429.jpg 644w, https:\/\/www.uartes.edu.ec\/sitio\/wp-content\/uploads\/2025\/04\/07-OBRA-CELESTE-foto-de-Camilo-Perez-300x200.jpg 300w, https:\/\/www.uartes.edu.ec\/sitio\/wp-content\/uploads\/2025\/04\/07-OBRA-CELESTE-foto-de-Camilo-Perez-768x512.jpg 768w, https:\/\/www.uartes.edu.ec\/sitio\/wp-content\/uploads\/2025\/04\/07-OBRA-CELESTE-foto-de-Camilo-Perez-1536x1024.jpg 1536w, https:\/\/www.uartes.edu.ec\/sitio\/wp-content\/uploads\/2025\/04\/07-OBRA-CELESTE-foto-de-Camilo-Perez-18x12.jpg 18w, https:\/\/www.uartes.edu.ec\/sitio\/wp-content\/uploads\/2025\/04\/07-OBRA-CELESTE-foto-de-Camilo-Perez-600x400.jpg 600w, https:\/\/www.uartes.edu.ec\/sitio\/wp-content\/uploads\/2025\/04\/07-OBRA-CELESTE-foto-de-Camilo-Perez-400x267.jpg 400w, https:\/\/www.uartes.edu.ec\/sitio\/wp-content\/uploads\/2025\/04\/07-OBRA-CELESTE-foto-de-Camilo-Perez.jpg 2000w\" sizes=\"(max-width: 644px) 100vw, 644px\" \/><\/figure>\n<\/div>\n\n\n<p>Fotos: colaboraci\u00f3n del docente An\u00edbal P\u00e1ez, de la Escuela de Artes Esc\u00e9nicas UArtes.<\/p>\n","protected":false},"excerpt":{"rendered":"<p>Ganadora de los fondos concursables del Ministerio de Cultura y Patrimonio 2013-2014 y estrenada en mayo de 2014 en Guayaquil, la obra \u201cCeleste\u201d vuelve a la escena. El Grupo de Teatro Arawa la presentar\u00e1 los d\u00edas 23 y 24 de abril en La F\u00e1brica. Dos docentes de la Escuela de Artes Esc\u00e9nicas intervienen: An\u00edbal P\u00e1ez, dramaturgia, direcci\u00f3n y actuaci\u00f3n, y Marcelo Leyton tambi\u00e9n en el elenco junto a Juan Coba y J. Antonio Coba. <\/p>\n","protected":false},"author":10,"featured_media":70500,"comment_status":"open","ping_status":"open","sticky":false,"template":"","format":"standard","meta":{"_acf_changed":false,"_uag_custom_page_level_css":"","_monsterinsights_skip_tracking":false,"_monsterinsights_sitenote_active":false,"_monsterinsights_sitenote_note":"","_monsterinsights_sitenote_category":0,"cybocfi_hide_featured_image":"","footnotes":""},"categories":[82,159,75],"tags":[518],"infouartes":[],"class_list":["post-70499","post","type-post","status-publish","format-standard","has-post-thumbnail","hentry","category-artes","category-artes-escenicas","category-docentes","tag-produccion"],"acf":[],"yoast_head":"<!-- This site is optimized with the Yoast SEO plugin v27.4 - https:\/\/yoast.com\/product\/yoast-seo-wordpress\/ -->\n<title>Universidad de las Artes - Docentes An\u00edbal P\u00e1ez y Marcelo Leyton, en el remontaje de \u201cCeleste\u201d; obra gan\u00f3 fondos concursables y la produce Teatro Arawa<\/title>\n<meta name=\"description\" content=\"Universidad de las Artes - Docentes An\u00edbal P\u00e1ez y Marcelo Leyton, en el remontaje de \u201cCeleste\u201d; obra gan\u00f3 fondos concursables y la produce Teatro Arawa\" \/>\n<meta name=\"robots\" content=\"index, follow, max-snippet:-1, max-image-preview:large, max-video-preview:-1\" \/>\n<link rel=\"canonical\" href=\"https:\/\/www.uartes.edu.ec\/sitio\/blog\/2025\/04\/11\/docentes-anibal-paez-y-marcelo-leyton-en-el-remontaje-de-celeste-obra-gano-fondos-concursables-y-la-produce-teatro-arawa\/\" \/>\n<meta property=\"og:locale\" content=\"es_ES\" \/>\n<meta property=\"og:type\" content=\"article\" \/>\n<meta property=\"og:title\" content=\"Universidad de las Artes - Docentes An\u00edbal P\u00e1ez y Marcelo Leyton, en el remontaje de \u201cCeleste\u201d; obra gan\u00f3 fondos concursables y la produce Teatro Arawa\" \/>\n<meta property=\"og:description\" content=\"Universidad de las Artes - Docentes An\u00edbal P\u00e1ez y Marcelo Leyton, en el remontaje de \u201cCeleste\u201d; obra gan\u00f3 fondos concursables y la produce Teatro Arawa\" \/>\n<meta property=\"og:url\" content=\"https:\/\/www.uartes.edu.ec\/sitio\/blog\/2025\/04\/11\/docentes-anibal-paez-y-marcelo-leyton-en-el-remontaje-de-celeste-obra-gano-fondos-concursables-y-la-produce-teatro-arawa\/\" \/>\n<meta property=\"og:site_name\" content=\"Universidad de las Artes\" \/>\n<meta property=\"article:publisher\" content=\"https:\/\/www.facebook.com\/uartesec\" \/>\n<meta property=\"article:published_time\" content=\"2025-04-11T18:22:12+00:00\" \/>\n<meta property=\"article:modified_time\" content=\"2025-04-14T17:35:47+00:00\" \/>\n<meta property=\"og:image\" content=\"https:\/\/www.uartes.edu.ec\/sitio\/wp-content\/uploads\/2025\/04\/01-OBRA-CELESTE-foto-de-Camilo-Perez.jpg\" \/>\n\t<meta property=\"og:image:width\" content=\"2000\" \/>\n\t<meta property=\"og:image:height\" content=\"1333\" \/>\n\t<meta property=\"og:image:type\" content=\"image\/jpeg\" \/>\n<meta name=\"author\" content=\"ccortez\" \/>\n<meta name=\"twitter:card\" content=\"summary_large_image\" \/>\n<meta name=\"twitter:creator\" content=\"@uartesec\" \/>\n<meta name=\"twitter:site\" content=\"@uartesec\" \/>\n<meta name=\"twitter:label1\" content=\"Escrito por\" \/>\n\t<meta name=\"twitter:data1\" content=\"ccortez\" \/>\n\t<meta name=\"twitter:label2\" content=\"Tiempo de lectura\" \/>\n\t<meta name=\"twitter:data2\" content=\"4 minutos\" \/>\n<script type=\"application\/ld+json\" class=\"yoast-schema-graph\">{\"@context\":\"https:\\\/\\\/schema.org\",\"@graph\":[{\"@type\":\"Article\",\"@id\":\"https:\\\/\\\/www.uartes.edu.ec\\\/sitio\\\/blog\\\/2025\\\/04\\\/11\\\/docentes-anibal-paez-y-marcelo-leyton-en-el-remontaje-de-celeste-obra-gano-fondos-concursables-y-la-produce-teatro-arawa\\\/#article\",\"isPartOf\":{\"@id\":\"https:\\\/\\\/www.uartes.edu.ec\\\/sitio\\\/blog\\\/2025\\\/04\\\/11\\\/docentes-anibal-paez-y-marcelo-leyton-en-el-remontaje-de-celeste-obra-gano-fondos-concursables-y-la-produce-teatro-arawa\\\/\"},\"author\":{\"name\":\"ccortez\",\"@id\":\"https:\\\/\\\/www.uartes.edu.ec\\\/sitio\\\/#\\\/schema\\\/person\\\/efa1b8275797664fd7f13a79ccc0b1f4\"},\"headline\":\"Docentes An\u00edbal P\u00e1ez y Marcelo Leyton, en el remontaje de \u201cCeleste\u201d; obra gan\u00f3 fondos concursables y la produce Teatro Arawa\",\"datePublished\":\"2025-04-11T18:22:12+00:00\",\"dateModified\":\"2025-04-14T17:35:47+00:00\",\"mainEntityOfPage\":{\"@id\":\"https:\\\/\\\/www.uartes.edu.ec\\\/sitio\\\/blog\\\/2025\\\/04\\\/11\\\/docentes-anibal-paez-y-marcelo-leyton-en-el-remontaje-de-celeste-obra-gano-fondos-concursables-y-la-produce-teatro-arawa\\\/\"},\"wordCount\":573,\"commentCount\":0,\"publisher\":{\"@id\":\"https:\\\/\\\/www.uartes.edu.ec\\\/sitio\\\/#organization\"},\"image\":{\"@id\":\"https:\\\/\\\/www.uartes.edu.ec\\\/sitio\\\/blog\\\/2025\\\/04\\\/11\\\/docentes-anibal-paez-y-marcelo-leyton-en-el-remontaje-de-celeste-obra-gano-fondos-concursables-y-la-produce-teatro-arawa\\\/#primaryimage\"},\"thumbnailUrl\":\"https:\\\/\\\/www.uartes.edu.ec\\\/sitio\\\/wp-content\\\/uploads\\\/2025\\\/04\\\/01-OBRA-CELESTE-foto-de-Camilo-Perez.jpg\",\"keywords\":[\"producci\u00f3n\"],\"articleSection\":[\"Artes\",\"Artes Esc\u00e9nicas\",\"Docentes\"],\"inLanguage\":\"es\",\"potentialAction\":[{\"@type\":\"CommentAction\",\"name\":\"Comment\",\"target\":[\"https:\\\/\\\/www.uartes.edu.ec\\\/sitio\\\/blog\\\/2025\\\/04\\\/11\\\/docentes-anibal-paez-y-marcelo-leyton-en-el-remontaje-de-celeste-obra-gano-fondos-concursables-y-la-produce-teatro-arawa\\\/#respond\"]}]},{\"@type\":[\"WebPage\",\"ItemPage\"],\"@id\":\"https:\\\/\\\/www.uartes.edu.ec\\\/sitio\\\/blog\\\/2025\\\/04\\\/11\\\/docentes-anibal-paez-y-marcelo-leyton-en-el-remontaje-de-celeste-obra-gano-fondos-concursables-y-la-produce-teatro-arawa\\\/\",\"url\":\"https:\\\/\\\/www.uartes.edu.ec\\\/sitio\\\/blog\\\/2025\\\/04\\\/11\\\/docentes-anibal-paez-y-marcelo-leyton-en-el-remontaje-de-celeste-obra-gano-fondos-concursables-y-la-produce-teatro-arawa\\\/\",\"name\":\"Universidad de las Artes - Docentes An\u00edbal P\u00e1ez y Marcelo Leyton, en el remontaje de \u201cCeleste\u201d; obra gan\u00f3 fondos concursables y la produce Teatro Arawa\",\"isPartOf\":{\"@id\":\"https:\\\/\\\/www.uartes.edu.ec\\\/sitio\\\/#website\"},\"primaryImageOfPage\":{\"@id\":\"https:\\\/\\\/www.uartes.edu.ec\\\/sitio\\\/blog\\\/2025\\\/04\\\/11\\\/docentes-anibal-paez-y-marcelo-leyton-en-el-remontaje-de-celeste-obra-gano-fondos-concursables-y-la-produce-teatro-arawa\\\/#primaryimage\"},\"image\":{\"@id\":\"https:\\\/\\\/www.uartes.edu.ec\\\/sitio\\\/blog\\\/2025\\\/04\\\/11\\\/docentes-anibal-paez-y-marcelo-leyton-en-el-remontaje-de-celeste-obra-gano-fondos-concursables-y-la-produce-teatro-arawa\\\/#primaryimage\"},\"thumbnailUrl\":\"https:\\\/\\\/www.uartes.edu.ec\\\/sitio\\\/wp-content\\\/uploads\\\/2025\\\/04\\\/01-OBRA-CELESTE-foto-de-Camilo-Perez.jpg\",\"datePublished\":\"2025-04-11T18:22:12+00:00\",\"dateModified\":\"2025-04-14T17:35:47+00:00\",\"description\":\"Universidad de las Artes - Docentes An\u00edbal P\u00e1ez y Marcelo Leyton, en el remontaje de \u201cCeleste\u201d; obra gan\u00f3 fondos concursables y la produce Teatro Arawa\",\"breadcrumb\":{\"@id\":\"https:\\\/\\\/www.uartes.edu.ec\\\/sitio\\\/blog\\\/2025\\\/04\\\/11\\\/docentes-anibal-paez-y-marcelo-leyton-en-el-remontaje-de-celeste-obra-gano-fondos-concursables-y-la-produce-teatro-arawa\\\/#breadcrumb\"},\"inLanguage\":\"es\",\"potentialAction\":[{\"@type\":\"ReadAction\",\"target\":[\"https:\\\/\\\/www.uartes.edu.ec\\\/sitio\\\/blog\\\/2025\\\/04\\\/11\\\/docentes-anibal-paez-y-marcelo-leyton-en-el-remontaje-de-celeste-obra-gano-fondos-concursables-y-la-produce-teatro-arawa\\\/\"]}]},{\"@type\":\"ImageObject\",\"inLanguage\":\"es\",\"@id\":\"https:\\\/\\\/www.uartes.edu.ec\\\/sitio\\\/blog\\\/2025\\\/04\\\/11\\\/docentes-anibal-paez-y-marcelo-leyton-en-el-remontaje-de-celeste-obra-gano-fondos-concursables-y-la-produce-teatro-arawa\\\/#primaryimage\",\"url\":\"https:\\\/\\\/www.uartes.edu.ec\\\/sitio\\\/wp-content\\\/uploads\\\/2025\\\/04\\\/01-OBRA-CELESTE-foto-de-Camilo-Perez.jpg\",\"contentUrl\":\"https:\\\/\\\/www.uartes.edu.ec\\\/sitio\\\/wp-content\\\/uploads\\\/2025\\\/04\\\/01-OBRA-CELESTE-foto-de-Camilo-Perez.jpg\",\"width\":2000,\"height\":1333},{\"@type\":\"BreadcrumbList\",\"@id\":\"https:\\\/\\\/www.uartes.edu.ec\\\/sitio\\\/blog\\\/2025\\\/04\\\/11\\\/docentes-anibal-paez-y-marcelo-leyton-en-el-remontaje-de-celeste-obra-gano-fondos-concursables-y-la-produce-teatro-arawa\\\/#breadcrumb\",\"itemListElement\":[{\"@type\":\"ListItem\",\"position\":1,\"name\":\"Inicio\",\"item\":\"https:\\\/\\\/www.uartes.edu.ec\\\/sitio\\\/\"},{\"@type\":\"ListItem\",\"position\":2,\"name\":\"Docentes An\u00edbal P\u00e1ez y Marcelo Leyton, en el remontaje de \u201cCeleste\u201d; obra gan\u00f3 fondos concursables y la produce Teatro Arawa\"}]},{\"@type\":\"WebSite\",\"@id\":\"https:\\\/\\\/www.uartes.edu.ec\\\/sitio\\\/#website\",\"url\":\"https:\\\/\\\/www.uartes.edu.ec\\\/sitio\\\/\",\"name\":\"Universidad de las Artes\",\"description\":\"Sitio oficial de la Universidad Nacional de las Artes del Ecuador\",\"publisher\":{\"@id\":\"https:\\\/\\\/www.uartes.edu.ec\\\/sitio\\\/#organization\"},\"potentialAction\":[{\"@type\":\"SearchAction\",\"target\":{\"@type\":\"EntryPoint\",\"urlTemplate\":\"https:\\\/\\\/www.uartes.edu.ec\\\/sitio\\\/?s={search_term_string}\"},\"query-input\":{\"@type\":\"PropertyValueSpecification\",\"valueRequired\":true,\"valueName\":\"search_term_string\"}}],\"inLanguage\":\"es\"},{\"@type\":\"Organization\",\"@id\":\"https:\\\/\\\/www.uartes.edu.ec\\\/sitio\\\/#organization\",\"name\":\"Universidad de las Artes\",\"url\":\"https:\\\/\\\/www.uartes.edu.ec\\\/sitio\\\/\",\"logo\":{\"@type\":\"ImageObject\",\"inLanguage\":\"es\",\"@id\":\"https:\\\/\\\/www.uartes.edu.ec\\\/sitio\\\/#\\\/schema\\\/logo\\\/image\\\/\",\"url\":\"https:\\\/\\\/www.uartes.edu.ec\\\/sitio\\\/wp-content\\\/uploads\\\/2022\\\/07\\\/logo-ua-horizontal.png\",\"contentUrl\":\"https:\\\/\\\/www.uartes.edu.ec\\\/sitio\\\/wp-content\\\/uploads\\\/2022\\\/07\\\/logo-ua-horizontal.png\",\"width\":800,\"height\":276,\"caption\":\"Universidad de las Artes\"},\"image\":{\"@id\":\"https:\\\/\\\/www.uartes.edu.ec\\\/sitio\\\/#\\\/schema\\\/logo\\\/image\\\/\"},\"sameAs\":[\"https:\\\/\\\/www.facebook.com\\\/uartesec\",\"https:\\\/\\\/x.com\\\/uartesec\",\"https:\\\/\\\/www.tiktok.com\\\/@uartesec\"]},{\"@type\":\"Person\",\"@id\":\"https:\\\/\\\/www.uartes.edu.ec\\\/sitio\\\/#\\\/schema\\\/person\\\/efa1b8275797664fd7f13a79ccc0b1f4\",\"name\":\"ccortez\",\"image\":{\"@type\":\"ImageObject\",\"inLanguage\":\"es\",\"@id\":\"https:\\\/\\\/secure.gravatar.com\\\/avatar\\\/b2a6f664a3ae8e074346ef91775736c5ec479e637ecced6842de9dc98b5da9cd?s=96&d=mm&r=g\",\"url\":\"https:\\\/\\\/secure.gravatar.com\\\/avatar\\\/b2a6f664a3ae8e074346ef91775736c5ec479e637ecced6842de9dc98b5da9cd?s=96&d=mm&r=g\",\"contentUrl\":\"https:\\\/\\\/secure.gravatar.com\\\/avatar\\\/b2a6f664a3ae8e074346ef91775736c5ec479e637ecced6842de9dc98b5da9cd?s=96&d=mm&r=g\",\"caption\":\"ccortez\"},\"url\":\"https:\\\/\\\/www.uartes.edu.ec\\\/sitio\\\/blog\\\/author\\\/ccortez\\\/\"}]}<\/script>\n<!-- \/ Yoast SEO plugin. -->","yoast_head_json":{"title":"Universidad de las Artes - Docentes An\u00edbal P\u00e1ez y Marcelo Leyton, en el remontaje de \u201cCeleste\u201d; obra gan\u00f3 fondos concursables y la produce Teatro Arawa","description":"Universidad de las Artes - Docentes An\u00edbal P\u00e1ez y Marcelo Leyton, en el remontaje de \u201cCeleste\u201d; obra gan\u00f3 fondos concursables y la produce Teatro Arawa","robots":{"index":"index","follow":"follow","max-snippet":"max-snippet:-1","max-image-preview":"max-image-preview:large","max-video-preview":"max-video-preview:-1"},"canonical":"https:\/\/www.uartes.edu.ec\/sitio\/blog\/2025\/04\/11\/docentes-anibal-paez-y-marcelo-leyton-en-el-remontaje-de-celeste-obra-gano-fondos-concursables-y-la-produce-teatro-arawa\/","og_locale":"es_ES","og_type":"article","og_title":"Universidad de las Artes - Docentes An\u00edbal P\u00e1ez y Marcelo Leyton, en el remontaje de \u201cCeleste\u201d; obra gan\u00f3 fondos concursables y la produce Teatro Arawa","og_description":"Universidad de las Artes - Docentes An\u00edbal P\u00e1ez y Marcelo Leyton, en el remontaje de \u201cCeleste\u201d; obra gan\u00f3 fondos concursables y la produce Teatro Arawa","og_url":"https:\/\/www.uartes.edu.ec\/sitio\/blog\/2025\/04\/11\/docentes-anibal-paez-y-marcelo-leyton-en-el-remontaje-de-celeste-obra-gano-fondos-concursables-y-la-produce-teatro-arawa\/","og_site_name":"Universidad de las Artes","article_publisher":"https:\/\/www.facebook.com\/uartesec","article_published_time":"2025-04-11T18:22:12+00:00","article_modified_time":"2025-04-14T17:35:47+00:00","og_image":[{"width":2000,"height":1333,"url":"https:\/\/www.uartes.edu.ec\/sitio\/wp-content\/uploads\/2025\/04\/01-OBRA-CELESTE-foto-de-Camilo-Perez.jpg","type":"image\/jpeg"}],"author":"ccortez","twitter_card":"summary_large_image","twitter_creator":"@uartesec","twitter_site":"@uartesec","twitter_misc":{"Escrito por":"ccortez","Tiempo de lectura":"4 minutos"},"schema":{"@context":"https:\/\/schema.org","@graph":[{"@type":"Article","@id":"https:\/\/www.uartes.edu.ec\/sitio\/blog\/2025\/04\/11\/docentes-anibal-paez-y-marcelo-leyton-en-el-remontaje-de-celeste-obra-gano-fondos-concursables-y-la-produce-teatro-arawa\/#article","isPartOf":{"@id":"https:\/\/www.uartes.edu.ec\/sitio\/blog\/2025\/04\/11\/docentes-anibal-paez-y-marcelo-leyton-en-el-remontaje-de-celeste-obra-gano-fondos-concursables-y-la-produce-teatro-arawa\/"},"author":{"name":"ccortez","@id":"https:\/\/www.uartes.edu.ec\/sitio\/#\/schema\/person\/efa1b8275797664fd7f13a79ccc0b1f4"},"headline":"Docentes An\u00edbal P\u00e1ez y Marcelo Leyton, en el remontaje de \u201cCeleste\u201d; obra gan\u00f3 fondos concursables y la produce Teatro Arawa","datePublished":"2025-04-11T18:22:12+00:00","dateModified":"2025-04-14T17:35:47+00:00","mainEntityOfPage":{"@id":"https:\/\/www.uartes.edu.ec\/sitio\/blog\/2025\/04\/11\/docentes-anibal-paez-y-marcelo-leyton-en-el-remontaje-de-celeste-obra-gano-fondos-concursables-y-la-produce-teatro-arawa\/"},"wordCount":573,"commentCount":0,"publisher":{"@id":"https:\/\/www.uartes.edu.ec\/sitio\/#organization"},"image":{"@id":"https:\/\/www.uartes.edu.ec\/sitio\/blog\/2025\/04\/11\/docentes-anibal-paez-y-marcelo-leyton-en-el-remontaje-de-celeste-obra-gano-fondos-concursables-y-la-produce-teatro-arawa\/#primaryimage"},"thumbnailUrl":"https:\/\/www.uartes.edu.ec\/sitio\/wp-content\/uploads\/2025\/04\/01-OBRA-CELESTE-foto-de-Camilo-Perez.jpg","keywords":["producci\u00f3n"],"articleSection":["Artes","Artes Esc\u00e9nicas","Docentes"],"inLanguage":"es","potentialAction":[{"@type":"CommentAction","name":"Comment","target":["https:\/\/www.uartes.edu.ec\/sitio\/blog\/2025\/04\/11\/docentes-anibal-paez-y-marcelo-leyton-en-el-remontaje-de-celeste-obra-gano-fondos-concursables-y-la-produce-teatro-arawa\/#respond"]}]},{"@type":["WebPage","ItemPage"],"@id":"https:\/\/www.uartes.edu.ec\/sitio\/blog\/2025\/04\/11\/docentes-anibal-paez-y-marcelo-leyton-en-el-remontaje-de-celeste-obra-gano-fondos-concursables-y-la-produce-teatro-arawa\/","url":"https:\/\/www.uartes.edu.ec\/sitio\/blog\/2025\/04\/11\/docentes-anibal-paez-y-marcelo-leyton-en-el-remontaje-de-celeste-obra-gano-fondos-concursables-y-la-produce-teatro-arawa\/","name":"Universidad de las Artes - Docentes An\u00edbal P\u00e1ez y Marcelo Leyton, en el remontaje de \u201cCeleste\u201d; obra gan\u00f3 fondos concursables y la produce Teatro Arawa","isPartOf":{"@id":"https:\/\/www.uartes.edu.ec\/sitio\/#website"},"primaryImageOfPage":{"@id":"https:\/\/www.uartes.edu.ec\/sitio\/blog\/2025\/04\/11\/docentes-anibal-paez-y-marcelo-leyton-en-el-remontaje-de-celeste-obra-gano-fondos-concursables-y-la-produce-teatro-arawa\/#primaryimage"},"image":{"@id":"https:\/\/www.uartes.edu.ec\/sitio\/blog\/2025\/04\/11\/docentes-anibal-paez-y-marcelo-leyton-en-el-remontaje-de-celeste-obra-gano-fondos-concursables-y-la-produce-teatro-arawa\/#primaryimage"},"thumbnailUrl":"https:\/\/www.uartes.edu.ec\/sitio\/wp-content\/uploads\/2025\/04\/01-OBRA-CELESTE-foto-de-Camilo-Perez.jpg","datePublished":"2025-04-11T18:22:12+00:00","dateModified":"2025-04-14T17:35:47+00:00","description":"Universidad de las Artes - Docentes An\u00edbal P\u00e1ez y Marcelo Leyton, en el remontaje de \u201cCeleste\u201d; obra gan\u00f3 fondos concursables y la produce Teatro Arawa","breadcrumb":{"@id":"https:\/\/www.uartes.edu.ec\/sitio\/blog\/2025\/04\/11\/docentes-anibal-paez-y-marcelo-leyton-en-el-remontaje-de-celeste-obra-gano-fondos-concursables-y-la-produce-teatro-arawa\/#breadcrumb"},"inLanguage":"es","potentialAction":[{"@type":"ReadAction","target":["https:\/\/www.uartes.edu.ec\/sitio\/blog\/2025\/04\/11\/docentes-anibal-paez-y-marcelo-leyton-en-el-remontaje-de-celeste-obra-gano-fondos-concursables-y-la-produce-teatro-arawa\/"]}]},{"@type":"ImageObject","inLanguage":"es","@id":"https:\/\/www.uartes.edu.ec\/sitio\/blog\/2025\/04\/11\/docentes-anibal-paez-y-marcelo-leyton-en-el-remontaje-de-celeste-obra-gano-fondos-concursables-y-la-produce-teatro-arawa\/#primaryimage","url":"https:\/\/www.uartes.edu.ec\/sitio\/wp-content\/uploads\/2025\/04\/01-OBRA-CELESTE-foto-de-Camilo-Perez.jpg","contentUrl":"https:\/\/www.uartes.edu.ec\/sitio\/wp-content\/uploads\/2025\/04\/01-OBRA-CELESTE-foto-de-Camilo-Perez.jpg","width":2000,"height":1333},{"@type":"BreadcrumbList","@id":"https:\/\/www.uartes.edu.ec\/sitio\/blog\/2025\/04\/11\/docentes-anibal-paez-y-marcelo-leyton-en-el-remontaje-de-celeste-obra-gano-fondos-concursables-y-la-produce-teatro-arawa\/#breadcrumb","itemListElement":[{"@type":"ListItem","position":1,"name":"Inicio","item":"https:\/\/www.uartes.edu.ec\/sitio\/"},{"@type":"ListItem","position":2,"name":"Docentes An\u00edbal P\u00e1ez y Marcelo Leyton, en el remontaje de \u201cCeleste\u201d; obra gan\u00f3 fondos concursables y la produce Teatro Arawa"}]},{"@type":"WebSite","@id":"https:\/\/www.uartes.edu.ec\/sitio\/#website","url":"https:\/\/www.uartes.edu.ec\/sitio\/","name":"Universidad de las Artes","description":"Sitio oficial de la Universidad Nacional de las Artes del Ecuador","publisher":{"@id":"https:\/\/www.uartes.edu.ec\/sitio\/#organization"},"potentialAction":[{"@type":"SearchAction","target":{"@type":"EntryPoint","urlTemplate":"https:\/\/www.uartes.edu.ec\/sitio\/?s={search_term_string}"},"query-input":{"@type":"PropertyValueSpecification","valueRequired":true,"valueName":"search_term_string"}}],"inLanguage":"es"},{"@type":"Organization","@id":"https:\/\/www.uartes.edu.ec\/sitio\/#organization","name":"Universidad de las Artes","url":"https:\/\/www.uartes.edu.ec\/sitio\/","logo":{"@type":"ImageObject","inLanguage":"es","@id":"https:\/\/www.uartes.edu.ec\/sitio\/#\/schema\/logo\/image\/","url":"https:\/\/www.uartes.edu.ec\/sitio\/wp-content\/uploads\/2022\/07\/logo-ua-horizontal.png","contentUrl":"https:\/\/www.uartes.edu.ec\/sitio\/wp-content\/uploads\/2022\/07\/logo-ua-horizontal.png","width":800,"height":276,"caption":"Universidad de las Artes"},"image":{"@id":"https:\/\/www.uartes.edu.ec\/sitio\/#\/schema\/logo\/image\/"},"sameAs":["https:\/\/www.facebook.com\/uartesec","https:\/\/x.com\/uartesec","https:\/\/www.tiktok.com\/@uartesec"]},{"@type":"Person","@id":"https:\/\/www.uartes.edu.ec\/sitio\/#\/schema\/person\/efa1b8275797664fd7f13a79ccc0b1f4","name":"ccortez","image":{"@type":"ImageObject","inLanguage":"es","@id":"https:\/\/secure.gravatar.com\/avatar\/b2a6f664a3ae8e074346ef91775736c5ec479e637ecced6842de9dc98b5da9cd?s=96&d=mm&r=g","url":"https:\/\/secure.gravatar.com\/avatar\/b2a6f664a3ae8e074346ef91775736c5ec479e637ecced6842de9dc98b5da9cd?s=96&d=mm&r=g","contentUrl":"https:\/\/secure.gravatar.com\/avatar\/b2a6f664a3ae8e074346ef91775736c5ec479e637ecced6842de9dc98b5da9cd?s=96&d=mm&r=g","caption":"ccortez"},"url":"https:\/\/www.uartes.edu.ec\/sitio\/blog\/author\/ccortez\/"}]}},"uagb_featured_image_src":{"full":["https:\/\/www.uartes.edu.ec\/sitio\/wp-content\/uploads\/2025\/04\/01-OBRA-CELESTE-foto-de-Camilo-Perez.jpg",2000,1333,false],"thumbnail":["https:\/\/www.uartes.edu.ec\/sitio\/wp-content\/uploads\/2025\/04\/01-OBRA-CELESTE-foto-de-Camilo-Perez-150x150.jpg",150,150,true],"medium":["https:\/\/www.uartes.edu.ec\/sitio\/wp-content\/uploads\/2025\/04\/01-OBRA-CELESTE-foto-de-Camilo-Perez-300x200.jpg",300,200,true],"medium_large":["https:\/\/www.uartes.edu.ec\/sitio\/wp-content\/uploads\/2025\/04\/01-OBRA-CELESTE-foto-de-Camilo-Perez-768x512.jpg",768,512,true],"large":["https:\/\/www.uartes.edu.ec\/sitio\/wp-content\/uploads\/2025\/04\/01-OBRA-CELESTE-foto-de-Camilo-Perez-644x429.jpg",644,429,true],"1536x1536":["https:\/\/www.uartes.edu.ec\/sitio\/wp-content\/uploads\/2025\/04\/01-OBRA-CELESTE-foto-de-Camilo-Perez-1536x1024.jpg",1536,1024,true],"2048x2048":["https:\/\/www.uartes.edu.ec\/sitio\/wp-content\/uploads\/2025\/04\/01-OBRA-CELESTE-foto-de-Camilo-Perez.jpg",2000,1333,false],"trp-custom-language-flag":["https:\/\/www.uartes.edu.ec\/sitio\/wp-content\/uploads\/2025\/04\/01-OBRA-CELESTE-foto-de-Camilo-Perez-18x12.jpg",18,12,true],"htmega_size_585x295":["https:\/\/www.uartes.edu.ec\/sitio\/wp-content\/uploads\/2025\/04\/01-OBRA-CELESTE-foto-de-Camilo-Perez-585x295.jpg",585,295,true],"htmega_size_1170x536":["https:\/\/www.uartes.edu.ec\/sitio\/wp-content\/uploads\/2025\/04\/01-OBRA-CELESTE-foto-de-Camilo-Perez-1170x536.jpg",1170,536,true],"htmega_size_396x360":["https:\/\/www.uartes.edu.ec\/sitio\/wp-content\/uploads\/2025\/04\/01-OBRA-CELESTE-foto-de-Camilo-Perez-396x360.jpg",396,360,true],"gb-block-post-grid-landscape":["https:\/\/www.uartes.edu.ec\/sitio\/wp-content\/uploads\/2025\/04\/01-OBRA-CELESTE-foto-de-Camilo-Perez-600x400.jpg",600,400,true],"gb-block-post-grid-square":["https:\/\/www.uartes.edu.ec\/sitio\/wp-content\/uploads\/2025\/04\/01-OBRA-CELESTE-foto-de-Camilo-Perez-600x600.jpg",600,600,true],"university-hub-thumb":["https:\/\/www.uartes.edu.ec\/sitio\/wp-content\/uploads\/2025\/04\/01-OBRA-CELESTE-foto-de-Camilo-Perez-400x267.jpg",400,267,true]},"uagb_author_info":{"display_name":"ccortez","author_link":"https:\/\/www.uartes.edu.ec\/sitio\/blog\/author\/ccortez\/"},"uagb_comment_info":0,"uagb_excerpt":"Ganadora de los fondos concursables del Ministerio de Cultura y Patrimonio 2013-2014 y estrenada en mayo de 2014 en Guayaquil, la obra \u201cCeleste\u201d vuelve a la escena. El Grupo de Teatro Arawa la presentar\u00e1 los d\u00edas 23 y 24 de abril en La F\u00e1brica. Dos docentes de la Escuela de Artes Esc\u00e9nicas intervienen: An\u00edbal P\u00e1ez,&hellip;","featured_image_src":"https:\/\/www.uartes.edu.ec\/sitio\/wp-content\/uploads\/2025\/04\/01-OBRA-CELESTE-foto-de-Camilo-Perez-600x400.jpg","featured_image_src_square":"https:\/\/www.uartes.edu.ec\/sitio\/wp-content\/uploads\/2025\/04\/01-OBRA-CELESTE-foto-de-Camilo-Perez-600x600.jpg","author_info":{"display_name":"ccortez","author_link":"https:\/\/www.uartes.edu.ec\/sitio\/blog\/author\/ccortez\/"},"publishpress_future_workflow_manual_trigger":{"enabledWorkflows":[]},"distributor_meta":false,"distributor_terms":false,"distributor_media":false,"distributor_original_site_name":"Universidad de las Artes","distributor_original_site_url":"https:\/\/www.uartes.edu.ec\/sitio","push-errors":false,"_links":{"self":[{"href":"https:\/\/www.uartes.edu.ec\/sitio\/wp-json\/wp\/v2\/posts\/70499","targetHints":{"allow":["GET"]}}],"collection":[{"href":"https:\/\/www.uartes.edu.ec\/sitio\/wp-json\/wp\/v2\/posts"}],"about":[{"href":"https:\/\/www.uartes.edu.ec\/sitio\/wp-json\/wp\/v2\/types\/post"}],"author":[{"embeddable":true,"href":"https:\/\/www.uartes.edu.ec\/sitio\/wp-json\/wp\/v2\/users\/10"}],"replies":[{"embeddable":true,"href":"https:\/\/www.uartes.edu.ec\/sitio\/wp-json\/wp\/v2\/comments?post=70499"}],"version-history":[{"count":6,"href":"https:\/\/www.uartes.edu.ec\/sitio\/wp-json\/wp\/v2\/posts\/70499\/revisions"}],"predecessor-version":[{"id":70542,"href":"https:\/\/www.uartes.edu.ec\/sitio\/wp-json\/wp\/v2\/posts\/70499\/revisions\/70542"}],"wp:featuredmedia":[{"embeddable":true,"href":"https:\/\/www.uartes.edu.ec\/sitio\/wp-json\/wp\/v2\/media\/70500"}],"wp:attachment":[{"href":"https:\/\/www.uartes.edu.ec\/sitio\/wp-json\/wp\/v2\/media?parent=70499"}],"wp:term":[{"taxonomy":"category","embeddable":true,"href":"https:\/\/www.uartes.edu.ec\/sitio\/wp-json\/wp\/v2\/categories?post=70499"},{"taxonomy":"post_tag","embeddable":true,"href":"https:\/\/www.uartes.edu.ec\/sitio\/wp-json\/wp\/v2\/tags?post=70499"},{"taxonomy":"infouartes","embeddable":true,"href":"https:\/\/www.uartes.edu.ec\/sitio\/wp-json\/wp\/v2\/infouartes?post=70499"}],"curies":[{"name":"wp","href":"https:\/\/api.w.org\/{rel}","templated":true}]}}