{"id":7076,"date":"2020-05-20T15:39:58","date_gmt":"2020-05-20T20:39:58","guid":{"rendered":"http:\/\/www.uartes.edu.ec\/sitio\/?p=7076"},"modified":"2024-07-04T11:43:08","modified_gmt":"2024-07-04T16:43:08","slug":"un-documental-largometraje-el-proyecto-artistico-final-de-daniela-ines-torres-ayala","status":"publish","type":"post","link":"https:\/\/www.uartes.edu.ec\/sitio\/blog\/2020\/05\/20\/un-documental-largometraje-el-proyecto-artistico-final-de-daniela-ines-torres-ayala\/","title":{"rendered":"Un documental-largometraje, el proyecto  art\u00edstico final de Daniela In\u00e9s Torres Ayala"},"content":{"rendered":"\n<p>Con una realizaci\u00f3n cinematogr\u00e1fica individual, la estudiante Daniela In\u00e9s Torres Ayala concluy\u00f3 sus estudios en la Escuela de Cine de la Universidad de las Artes. Sustent\u00f3 su tesis el 1 de mayo de manera virtual y ante el tribunal de defensa, integrado por los docentes Diego Falcon\u00ed, su tutor; Arturo Serrano y Priscila Aguirre.<\/p>\n\n\n\n<p>Enmarc\u00f3 su trabajo final en el desarrollo del proyecto documental\u2013largometraje (<em>Miriam<\/em>), memoria enraizada en la violencia de g\u00e9nero desde la infancia hasta la vida adulta, en contraste con la recuperaci\u00f3n de la memoria en la actualidad.<\/p>\n\n\n\n<p>En el documento con el sustento te\u00f3rico que entreg\u00f3 a la Secretar\u00eda Acad\u00e9mica de la UArtes, Daniela Torres se\u00f1ala que su investigaci\u00f3n pretende analizar\/documentar el impacto de la violencia y el proceso para recuperarse de la misma a trav\u00e9s del testimonio de Miriam, una migrante colombiana, utilizando como recurso un cortometraje con aspiraci\u00f3n a largometraje.<\/p>\n\n\n\n<p>\u201cEl proyecto abarca entrevistas y consideraciones de Miriam con respecto a su traves\u00eda para poder establecerse en Guayaquil, los recuerdos son activados por el material fotogr\u00e1fico de su archivo personal y recorridos de los lugares que construyen su memoria, en la que la violencia marca segmentos bastantes tr\u00e1gicos, pero la necesidad de contarlos tambi\u00e9n son una forma de exponer la gravedad de un problema como es la violencia. Los recursos cinematogr\u00e1ficos empleados en este proyecto, buscan acercarse a su realidad sin transgredir los espacios donde transcurre la actualidad desde donde nos cuenta su historia, es decir, su presente. El corto como herramienta social muestra la reflexi\u00f3n de un individuo an\u00f3nimo de la sociedad ante un desaf\u00edo tan grande como es la desnaturalizaci\u00f3n de la violencia\u201d.<\/p>\n\n\n\n<p>Su trabajo final tiene como propuesta la investigaci\u00f3n para un largometraje documental; en primera instancia realizar\u00eda un corto documental, el cual dar\u00eda inicio a la presentaci\u00f3n de la protagonista de esta historia y encontrar una est\u00e9tica documental para reflejar las marcas que deja la violencia de g\u00e9nero en la memoria de las personas. Tomando como base y origen principal el d\u00eda 25 de noviembre, d\u00eda en que se celebra la \u201celiminaci\u00f3n de la violencia contra la mujer\u201d o tambi\u00e9n llamado D\u00eda Internacional de la No Violencia de G\u00e9nero\u201d.<\/p>\n\n\n\n<p>Daniela Torres Indica que ha sido de inspiraci\u00f3n para ella, como autora, ver las diferentes manifestaciones de grupos de mujeres activistas y mujeres no activistas luchar por sus derechos y por los derechos de todas aquellas mujeres, ni\u00f1as, adolescentes, madres e hijas, quienes desafortunadamente han pasado por momentos vinculados con la violencia de g\u00e9nero y que tratan que a las nuevas generaciones no les toque vivir lo mismo. \u201cLa violencia de g\u00e9nero es un tema que se torna dif\u00edcil de tratar inclusive por las mismas v\u00edctimas, quienes callan, y en algunos casos es totalmente invisibilizado por una sociedad altamente machista; uno de los principales objetivos de este proyecto documental es ampliar y generar debate sobre esta problem\u00e1tica\u201d.<\/p>\n\n\n\n<div class=\"wp-block-image\"><figure class=\"aligncenter size-large\"><img fetchpriority=\"high\" decoding=\"async\" width=\"644\" height=\"429\" src=\"http:\/\/www.uartes.edu.ec\/sitio\/wp-content\/uploads\/2020\/05\/DT2-644x429.jpg\" alt=\"\" class=\"wp-image-7077\" srcset=\"https:\/\/www.uartes.edu.ec\/sitio\/wp-content\/uploads\/2020\/05\/DT2-644x429.jpg 644w, https:\/\/www.uartes.edu.ec\/sitio\/wp-content\/uploads\/2020\/05\/DT2-300x200.jpg 300w, https:\/\/www.uartes.edu.ec\/sitio\/wp-content\/uploads\/2020\/05\/DT2-768x512.jpg 768w, https:\/\/www.uartes.edu.ec\/sitio\/wp-content\/uploads\/2020\/05\/DT2-600x400.jpg 600w, https:\/\/www.uartes.edu.ec\/sitio\/wp-content\/uploads\/2020\/05\/DT2-400x267.jpg 400w, https:\/\/www.uartes.edu.ec\/sitio\/wp-content\/uploads\/2020\/05\/DT2-272x182.jpg 272w, https:\/\/www.uartes.edu.ec\/sitio\/wp-content\/uploads\/2020\/05\/DT2.jpg 1280w\" sizes=\"(max-width: 644px) 100vw, 644px\" \/><\/figure><\/div>\n\n\n\n<p>(En la foto, momentos de grabaci\u00f3n del audiovisual).<\/p>\n","protected":false},"excerpt":{"rendered":"<p>Con una realizaci\u00f3n cinematogr\u00e1fica individual, la estudiante Daniela In\u00e9s Torres Ayala concluy\u00f3 sus estudios en la Escuela de Cine de la Universidad de las Artes. Sustent\u00f3 su tesis el 1 de mayo de manera virtual y ante el tribunal de defensa, integrado por los docentes Diego Falcon\u00ed, su tutor; Arturo Serrano y Priscila Aguirre.<\/p>\n","protected":false},"author":1,"featured_media":7078,"comment_status":"closed","ping_status":"closed","sticky":false,"template":"","format":"standard","meta":{"_acf_changed":false,"_uag_custom_page_level_css":"","_monsterinsights_skip_tracking":false,"_monsterinsights_sitenote_active":false,"_monsterinsights_sitenote_note":"","_monsterinsights_sitenote_category":0,"cybocfi_hide_featured_image":"","footnotes":""},"categories":[80,147,76],"tags":[211],"infouartes":[],"class_list":["post-7076","post","type-post","status-publish","format-standard","has-post-thumbnail","hentry","category-academico","category-cine","category-estudiantes","tag-covid19"],"acf":[],"yoast_head":"<!-- This site is optimized with the Yoast SEO plugin v27.4 - https:\/\/yoast.com\/product\/yoast-seo-wordpress\/ -->\n<title>Universidad de las Artes - Un documental-largometraje, el proyecto art\u00edstico final de Daniela In\u00e9s Torres Ayala<\/title>\n<meta name=\"description\" content=\"Universidad de las Artes - Un documental-largometraje, el proyecto art\u00edstico final de Daniela In\u00e9s Torres Ayala\" \/>\n<meta name=\"robots\" content=\"index, follow, max-snippet:-1, max-image-preview:large, max-video-preview:-1\" \/>\n<link rel=\"canonical\" href=\"https:\/\/www.uartes.edu.ec\/sitio\/blog\/2020\/05\/20\/un-documental-largometraje-el-proyecto-artistico-final-de-daniela-ines-torres-ayala\/\" \/>\n<meta property=\"og:locale\" content=\"es_ES\" \/>\n<meta property=\"og:type\" content=\"article\" \/>\n<meta property=\"og:title\" content=\"Universidad de las Artes - Un documental-largometraje, el proyecto art\u00edstico final de Daniela In\u00e9s Torres Ayala\" \/>\n<meta property=\"og:description\" content=\"Universidad de las Artes - Un documental-largometraje, el proyecto art\u00edstico final de Daniela In\u00e9s Torres Ayala\" \/>\n<meta property=\"og:url\" content=\"https:\/\/www.uartes.edu.ec\/sitio\/blog\/2020\/05\/20\/un-documental-largometraje-el-proyecto-artistico-final-de-daniela-ines-torres-ayala\/\" \/>\n<meta property=\"og:site_name\" content=\"Universidad de las Artes\" \/>\n<meta property=\"article:publisher\" content=\"https:\/\/www.facebook.com\/uartesec\" \/>\n<meta property=\"article:published_time\" content=\"2020-05-20T20:39:58+00:00\" \/>\n<meta property=\"article:modified_time\" content=\"2024-07-04T16:43:08+00:00\" \/>\n<meta property=\"og:image\" content=\"https:\/\/www.uartes.edu.ec\/sitio\/wp-content\/uploads\/2020\/05\/DT1.jpg\" \/>\n\t<meta property=\"og:image:width\" content=\"949\" \/>\n\t<meta property=\"og:image:height\" content=\"630\" \/>\n\t<meta property=\"og:image:type\" content=\"image\/jpeg\" \/>\n<meta name=\"author\" content=\"Universidad de las Artes\" \/>\n<meta name=\"twitter:card\" content=\"summary_large_image\" \/>\n<meta name=\"twitter:creator\" content=\"@uartesec\" \/>\n<meta name=\"twitter:site\" content=\"@uartesec\" \/>\n<meta name=\"twitter:label1\" content=\"Escrito por\" \/>\n\t<meta name=\"twitter:data1\" content=\"Universidad de las Artes\" \/>\n\t<meta name=\"twitter:label2\" content=\"Tiempo de lectura\" \/>\n\t<meta name=\"twitter:data2\" content=\"3 minutos\" \/>\n<script type=\"application\/ld+json\" class=\"yoast-schema-graph\">{\"@context\":\"https:\\\/\\\/schema.org\",\"@graph\":[{\"@type\":\"Article\",\"@id\":\"https:\\\/\\\/www.uartes.edu.ec\\\/sitio\\\/blog\\\/2020\\\/05\\\/20\\\/un-documental-largometraje-el-proyecto-artistico-final-de-daniela-ines-torres-ayala\\\/#article\",\"isPartOf\":{\"@id\":\"https:\\\/\\\/www.uartes.edu.ec\\\/sitio\\\/blog\\\/2020\\\/05\\\/20\\\/un-documental-largometraje-el-proyecto-artistico-final-de-daniela-ines-torres-ayala\\\/\"},\"author\":{\"name\":\"Universidad de las Artes\",\"@id\":\"https:\\\/\\\/www.uartes.edu.ec\\\/sitio\\\/#\\\/schema\\\/person\\\/f33f8c1d2af0d5c80a38c8abf458184a\"},\"headline\":\"Un documental-largometraje, el proyecto art\u00edstico final de Daniela In\u00e9s Torres Ayala\",\"datePublished\":\"2020-05-20T20:39:58+00:00\",\"dateModified\":\"2024-07-04T16:43:08+00:00\",\"mainEntityOfPage\":{\"@id\":\"https:\\\/\\\/www.uartes.edu.ec\\\/sitio\\\/blog\\\/2020\\\/05\\\/20\\\/un-documental-largometraje-el-proyecto-artistico-final-de-daniela-ines-torres-ayala\\\/\"},\"wordCount\":537,\"publisher\":{\"@id\":\"https:\\\/\\\/www.uartes.edu.ec\\\/sitio\\\/#organization\"},\"image\":{\"@id\":\"https:\\\/\\\/www.uartes.edu.ec\\\/sitio\\\/blog\\\/2020\\\/05\\\/20\\\/un-documental-largometraje-el-proyecto-artistico-final-de-daniela-ines-torres-ayala\\\/#primaryimage\"},\"thumbnailUrl\":\"https:\\\/\\\/www.uartes.edu.ec\\\/sitio\\\/wp-content\\\/uploads\\\/2020\\\/05\\\/DT1.jpg\",\"keywords\":[\"covid19\"],\"articleSection\":[\"Acad\u00e9mico\",\"Cine\",\"Estudiantes\"],\"inLanguage\":\"es\"},{\"@type\":[\"WebPage\",\"ItemPage\"],\"@id\":\"https:\\\/\\\/www.uartes.edu.ec\\\/sitio\\\/blog\\\/2020\\\/05\\\/20\\\/un-documental-largometraje-el-proyecto-artistico-final-de-daniela-ines-torres-ayala\\\/\",\"url\":\"https:\\\/\\\/www.uartes.edu.ec\\\/sitio\\\/blog\\\/2020\\\/05\\\/20\\\/un-documental-largometraje-el-proyecto-artistico-final-de-daniela-ines-torres-ayala\\\/\",\"name\":\"Universidad de las Artes - Un documental-largometraje, el proyecto art\u00edstico final de Daniela In\u00e9s Torres Ayala\",\"isPartOf\":{\"@id\":\"https:\\\/\\\/www.uartes.edu.ec\\\/sitio\\\/#website\"},\"primaryImageOfPage\":{\"@id\":\"https:\\\/\\\/www.uartes.edu.ec\\\/sitio\\\/blog\\\/2020\\\/05\\\/20\\\/un-documental-largometraje-el-proyecto-artistico-final-de-daniela-ines-torres-ayala\\\/#primaryimage\"},\"image\":{\"@id\":\"https:\\\/\\\/www.uartes.edu.ec\\\/sitio\\\/blog\\\/2020\\\/05\\\/20\\\/un-documental-largometraje-el-proyecto-artistico-final-de-daniela-ines-torres-ayala\\\/#primaryimage\"},\"thumbnailUrl\":\"https:\\\/\\\/www.uartes.edu.ec\\\/sitio\\\/wp-content\\\/uploads\\\/2020\\\/05\\\/DT1.jpg\",\"datePublished\":\"2020-05-20T20:39:58+00:00\",\"dateModified\":\"2024-07-04T16:43:08+00:00\",\"description\":\"Universidad de las Artes - Un documental-largometraje, el proyecto art\u00edstico final de Daniela In\u00e9s Torres Ayala\",\"breadcrumb\":{\"@id\":\"https:\\\/\\\/www.uartes.edu.ec\\\/sitio\\\/blog\\\/2020\\\/05\\\/20\\\/un-documental-largometraje-el-proyecto-artistico-final-de-daniela-ines-torres-ayala\\\/#breadcrumb\"},\"inLanguage\":\"es\",\"potentialAction\":[{\"@type\":\"ReadAction\",\"target\":[\"https:\\\/\\\/www.uartes.edu.ec\\\/sitio\\\/blog\\\/2020\\\/05\\\/20\\\/un-documental-largometraje-el-proyecto-artistico-final-de-daniela-ines-torres-ayala\\\/\"]}]},{\"@type\":\"ImageObject\",\"inLanguage\":\"es\",\"@id\":\"https:\\\/\\\/www.uartes.edu.ec\\\/sitio\\\/blog\\\/2020\\\/05\\\/20\\\/un-documental-largometraje-el-proyecto-artistico-final-de-daniela-ines-torres-ayala\\\/#primaryimage\",\"url\":\"https:\\\/\\\/www.uartes.edu.ec\\\/sitio\\\/wp-content\\\/uploads\\\/2020\\\/05\\\/DT1.jpg\",\"contentUrl\":\"https:\\\/\\\/www.uartes.edu.ec\\\/sitio\\\/wp-content\\\/uploads\\\/2020\\\/05\\\/DT1.jpg\",\"width\":949,\"height\":630},{\"@type\":\"BreadcrumbList\",\"@id\":\"https:\\\/\\\/www.uartes.edu.ec\\\/sitio\\\/blog\\\/2020\\\/05\\\/20\\\/un-documental-largometraje-el-proyecto-artistico-final-de-daniela-ines-torres-ayala\\\/#breadcrumb\",\"itemListElement\":[{\"@type\":\"ListItem\",\"position\":1,\"name\":\"Inicio\",\"item\":\"https:\\\/\\\/www.uartes.edu.ec\\\/sitio\\\/\"},{\"@type\":\"ListItem\",\"position\":2,\"name\":\"Un documental-largometraje, el proyecto art\u00edstico final de Daniela In\u00e9s Torres Ayala\"}]},{\"@type\":\"WebSite\",\"@id\":\"https:\\\/\\\/www.uartes.edu.ec\\\/sitio\\\/#website\",\"url\":\"https:\\\/\\\/www.uartes.edu.ec\\\/sitio\\\/\",\"name\":\"Universidad de las Artes\",\"description\":\"Sitio oficial de la Universidad Nacional de las Artes del Ecuador\",\"publisher\":{\"@id\":\"https:\\\/\\\/www.uartes.edu.ec\\\/sitio\\\/#organization\"},\"potentialAction\":[{\"@type\":\"SearchAction\",\"target\":{\"@type\":\"EntryPoint\",\"urlTemplate\":\"https:\\\/\\\/www.uartes.edu.ec\\\/sitio\\\/?s={search_term_string}\"},\"query-input\":{\"@type\":\"PropertyValueSpecification\",\"valueRequired\":true,\"valueName\":\"search_term_string\"}}],\"inLanguage\":\"es\"},{\"@type\":\"Organization\",\"@id\":\"https:\\\/\\\/www.uartes.edu.ec\\\/sitio\\\/#organization\",\"name\":\"Universidad de las Artes\",\"url\":\"https:\\\/\\\/www.uartes.edu.ec\\\/sitio\\\/\",\"logo\":{\"@type\":\"ImageObject\",\"inLanguage\":\"es\",\"@id\":\"https:\\\/\\\/www.uartes.edu.ec\\\/sitio\\\/#\\\/schema\\\/logo\\\/image\\\/\",\"url\":\"https:\\\/\\\/www.uartes.edu.ec\\\/sitio\\\/wp-content\\\/uploads\\\/2022\\\/07\\\/logo-ua-horizontal.png\",\"contentUrl\":\"https:\\\/\\\/www.uartes.edu.ec\\\/sitio\\\/wp-content\\\/uploads\\\/2022\\\/07\\\/logo-ua-horizontal.png\",\"width\":800,\"height\":276,\"caption\":\"Universidad de las Artes\"},\"image\":{\"@id\":\"https:\\\/\\\/www.uartes.edu.ec\\\/sitio\\\/#\\\/schema\\\/logo\\\/image\\\/\"},\"sameAs\":[\"https:\\\/\\\/www.facebook.com\\\/uartesec\",\"https:\\\/\\\/x.com\\\/uartesec\",\"https:\\\/\\\/www.tiktok.com\\\/@uartesec\"]},{\"@type\":\"Person\",\"@id\":\"https:\\\/\\\/www.uartes.edu.ec\\\/sitio\\\/#\\\/schema\\\/person\\\/f33f8c1d2af0d5c80a38c8abf458184a\",\"name\":\"Universidad de las Artes\",\"image\":{\"@type\":\"ImageObject\",\"inLanguage\":\"es\",\"@id\":\"https:\\\/\\\/secure.gravatar.com\\\/avatar\\\/52e4757902f5cfa5ac52d020e5be83cae5487519154b6c35482fe08d589f3c13?s=96&d=mm&r=g\",\"url\":\"https:\\\/\\\/secure.gravatar.com\\\/avatar\\\/52e4757902f5cfa5ac52d020e5be83cae5487519154b6c35482fe08d589f3c13?s=96&d=mm&r=g\",\"contentUrl\":\"https:\\\/\\\/secure.gravatar.com\\\/avatar\\\/52e4757902f5cfa5ac52d020e5be83cae5487519154b6c35482fe08d589f3c13?s=96&d=mm&r=g\",\"caption\":\"Universidad de las Artes\"},\"url\":\"https:\\\/\\\/www.uartes.edu.ec\\\/sitio\\\/blog\\\/author\\\/dircomadm\\\/\"}]}<\/script>\n<!-- \/ Yoast SEO plugin. -->","yoast_head_json":{"title":"Universidad de las Artes - Un documental-largometraje, el proyecto art\u00edstico final de Daniela In\u00e9s Torres Ayala","description":"Universidad de las Artes - Un documental-largometraje, el proyecto art\u00edstico final de Daniela In\u00e9s Torres Ayala","robots":{"index":"index","follow":"follow","max-snippet":"max-snippet:-1","max-image-preview":"max-image-preview:large","max-video-preview":"max-video-preview:-1"},"canonical":"https:\/\/www.uartes.edu.ec\/sitio\/blog\/2020\/05\/20\/un-documental-largometraje-el-proyecto-artistico-final-de-daniela-ines-torres-ayala\/","og_locale":"es_ES","og_type":"article","og_title":"Universidad de las Artes - Un documental-largometraje, el proyecto art\u00edstico final de Daniela In\u00e9s Torres Ayala","og_description":"Universidad de las Artes - Un documental-largometraje, el proyecto art\u00edstico final de Daniela In\u00e9s Torres Ayala","og_url":"https:\/\/www.uartes.edu.ec\/sitio\/blog\/2020\/05\/20\/un-documental-largometraje-el-proyecto-artistico-final-de-daniela-ines-torres-ayala\/","og_site_name":"Universidad de las Artes","article_publisher":"https:\/\/www.facebook.com\/uartesec","article_published_time":"2020-05-20T20:39:58+00:00","article_modified_time":"2024-07-04T16:43:08+00:00","og_image":[{"width":949,"height":630,"url":"https:\/\/www.uartes.edu.ec\/sitio\/wp-content\/uploads\/2020\/05\/DT1.jpg","type":"image\/jpeg"}],"author":"Universidad de las Artes","twitter_card":"summary_large_image","twitter_creator":"@uartesec","twitter_site":"@uartesec","twitter_misc":{"Escrito por":"Universidad de las Artes","Tiempo de lectura":"3 minutos"},"schema":{"@context":"https:\/\/schema.org","@graph":[{"@type":"Article","@id":"https:\/\/www.uartes.edu.ec\/sitio\/blog\/2020\/05\/20\/un-documental-largometraje-el-proyecto-artistico-final-de-daniela-ines-torres-ayala\/#article","isPartOf":{"@id":"https:\/\/www.uartes.edu.ec\/sitio\/blog\/2020\/05\/20\/un-documental-largometraje-el-proyecto-artistico-final-de-daniela-ines-torres-ayala\/"},"author":{"name":"Universidad de las Artes","@id":"https:\/\/www.uartes.edu.ec\/sitio\/#\/schema\/person\/f33f8c1d2af0d5c80a38c8abf458184a"},"headline":"Un documental-largometraje, el proyecto art\u00edstico final de Daniela In\u00e9s Torres Ayala","datePublished":"2020-05-20T20:39:58+00:00","dateModified":"2024-07-04T16:43:08+00:00","mainEntityOfPage":{"@id":"https:\/\/www.uartes.edu.ec\/sitio\/blog\/2020\/05\/20\/un-documental-largometraje-el-proyecto-artistico-final-de-daniela-ines-torres-ayala\/"},"wordCount":537,"publisher":{"@id":"https:\/\/www.uartes.edu.ec\/sitio\/#organization"},"image":{"@id":"https:\/\/www.uartes.edu.ec\/sitio\/blog\/2020\/05\/20\/un-documental-largometraje-el-proyecto-artistico-final-de-daniela-ines-torres-ayala\/#primaryimage"},"thumbnailUrl":"https:\/\/www.uartes.edu.ec\/sitio\/wp-content\/uploads\/2020\/05\/DT1.jpg","keywords":["covid19"],"articleSection":["Acad\u00e9mico","Cine","Estudiantes"],"inLanguage":"es"},{"@type":["WebPage","ItemPage"],"@id":"https:\/\/www.uartes.edu.ec\/sitio\/blog\/2020\/05\/20\/un-documental-largometraje-el-proyecto-artistico-final-de-daniela-ines-torres-ayala\/","url":"https:\/\/www.uartes.edu.ec\/sitio\/blog\/2020\/05\/20\/un-documental-largometraje-el-proyecto-artistico-final-de-daniela-ines-torres-ayala\/","name":"Universidad de las Artes - Un documental-largometraje, el proyecto art\u00edstico final de Daniela In\u00e9s Torres Ayala","isPartOf":{"@id":"https:\/\/www.uartes.edu.ec\/sitio\/#website"},"primaryImageOfPage":{"@id":"https:\/\/www.uartes.edu.ec\/sitio\/blog\/2020\/05\/20\/un-documental-largometraje-el-proyecto-artistico-final-de-daniela-ines-torres-ayala\/#primaryimage"},"image":{"@id":"https:\/\/www.uartes.edu.ec\/sitio\/blog\/2020\/05\/20\/un-documental-largometraje-el-proyecto-artistico-final-de-daniela-ines-torres-ayala\/#primaryimage"},"thumbnailUrl":"https:\/\/www.uartes.edu.ec\/sitio\/wp-content\/uploads\/2020\/05\/DT1.jpg","datePublished":"2020-05-20T20:39:58+00:00","dateModified":"2024-07-04T16:43:08+00:00","description":"Universidad de las Artes - Un documental-largometraje, el proyecto art\u00edstico final de Daniela In\u00e9s Torres Ayala","breadcrumb":{"@id":"https:\/\/www.uartes.edu.ec\/sitio\/blog\/2020\/05\/20\/un-documental-largometraje-el-proyecto-artistico-final-de-daniela-ines-torres-ayala\/#breadcrumb"},"inLanguage":"es","potentialAction":[{"@type":"ReadAction","target":["https:\/\/www.uartes.edu.ec\/sitio\/blog\/2020\/05\/20\/un-documental-largometraje-el-proyecto-artistico-final-de-daniela-ines-torres-ayala\/"]}]},{"@type":"ImageObject","inLanguage":"es","@id":"https:\/\/www.uartes.edu.ec\/sitio\/blog\/2020\/05\/20\/un-documental-largometraje-el-proyecto-artistico-final-de-daniela-ines-torres-ayala\/#primaryimage","url":"https:\/\/www.uartes.edu.ec\/sitio\/wp-content\/uploads\/2020\/05\/DT1.jpg","contentUrl":"https:\/\/www.uartes.edu.ec\/sitio\/wp-content\/uploads\/2020\/05\/DT1.jpg","width":949,"height":630},{"@type":"BreadcrumbList","@id":"https:\/\/www.uartes.edu.ec\/sitio\/blog\/2020\/05\/20\/un-documental-largometraje-el-proyecto-artistico-final-de-daniela-ines-torres-ayala\/#breadcrumb","itemListElement":[{"@type":"ListItem","position":1,"name":"Inicio","item":"https:\/\/www.uartes.edu.ec\/sitio\/"},{"@type":"ListItem","position":2,"name":"Un documental-largometraje, el proyecto art\u00edstico final de Daniela In\u00e9s Torres Ayala"}]},{"@type":"WebSite","@id":"https:\/\/www.uartes.edu.ec\/sitio\/#website","url":"https:\/\/www.uartes.edu.ec\/sitio\/","name":"Universidad de las Artes","description":"Sitio oficial de la Universidad Nacional de las Artes del Ecuador","publisher":{"@id":"https:\/\/www.uartes.edu.ec\/sitio\/#organization"},"potentialAction":[{"@type":"SearchAction","target":{"@type":"EntryPoint","urlTemplate":"https:\/\/www.uartes.edu.ec\/sitio\/?s={search_term_string}"},"query-input":{"@type":"PropertyValueSpecification","valueRequired":true,"valueName":"search_term_string"}}],"inLanguage":"es"},{"@type":"Organization","@id":"https:\/\/www.uartes.edu.ec\/sitio\/#organization","name":"Universidad de las Artes","url":"https:\/\/www.uartes.edu.ec\/sitio\/","logo":{"@type":"ImageObject","inLanguage":"es","@id":"https:\/\/www.uartes.edu.ec\/sitio\/#\/schema\/logo\/image\/","url":"https:\/\/www.uartes.edu.ec\/sitio\/wp-content\/uploads\/2022\/07\/logo-ua-horizontal.png","contentUrl":"https:\/\/www.uartes.edu.ec\/sitio\/wp-content\/uploads\/2022\/07\/logo-ua-horizontal.png","width":800,"height":276,"caption":"Universidad de las Artes"},"image":{"@id":"https:\/\/www.uartes.edu.ec\/sitio\/#\/schema\/logo\/image\/"},"sameAs":["https:\/\/www.facebook.com\/uartesec","https:\/\/x.com\/uartesec","https:\/\/www.tiktok.com\/@uartesec"]},{"@type":"Person","@id":"https:\/\/www.uartes.edu.ec\/sitio\/#\/schema\/person\/f33f8c1d2af0d5c80a38c8abf458184a","name":"Universidad de las Artes","image":{"@type":"ImageObject","inLanguage":"es","@id":"https:\/\/secure.gravatar.com\/avatar\/52e4757902f5cfa5ac52d020e5be83cae5487519154b6c35482fe08d589f3c13?s=96&d=mm&r=g","url":"https:\/\/secure.gravatar.com\/avatar\/52e4757902f5cfa5ac52d020e5be83cae5487519154b6c35482fe08d589f3c13?s=96&d=mm&r=g","contentUrl":"https:\/\/secure.gravatar.com\/avatar\/52e4757902f5cfa5ac52d020e5be83cae5487519154b6c35482fe08d589f3c13?s=96&d=mm&r=g","caption":"Universidad de las Artes"},"url":"https:\/\/www.uartes.edu.ec\/sitio\/blog\/author\/dircomadm\/"}]}},"uagb_featured_image_src":{"full":["https:\/\/www.uartes.edu.ec\/sitio\/wp-content\/uploads\/2020\/05\/DT1.jpg",949,630,false],"thumbnail":["https:\/\/www.uartes.edu.ec\/sitio\/wp-content\/uploads\/2020\/05\/DT1-150x150.jpg",150,150,true],"medium":["https:\/\/www.uartes.edu.ec\/sitio\/wp-content\/uploads\/2020\/05\/DT1-300x199.jpg",300,199,true],"medium_large":["https:\/\/www.uartes.edu.ec\/sitio\/wp-content\/uploads\/2020\/05\/DT1-768x510.jpg",768,510,true],"large":["https:\/\/www.uartes.edu.ec\/sitio\/wp-content\/uploads\/2020\/05\/DT1-644x428.jpg",644,428,true],"1536x1536":["https:\/\/www.uartes.edu.ec\/sitio\/wp-content\/uploads\/2020\/05\/DT1.jpg",949,630,false],"2048x2048":["https:\/\/www.uartes.edu.ec\/sitio\/wp-content\/uploads\/2020\/05\/DT1.jpg",949,630,false],"trp-custom-language-flag":["https:\/\/www.uartes.edu.ec\/sitio\/wp-content\/uploads\/2020\/05\/DT1.jpg",18,12,false],"htmega_size_585x295":["https:\/\/www.uartes.edu.ec\/sitio\/wp-content\/uploads\/2020\/05\/DT1.jpg",444,295,false],"htmega_size_1170x536":["https:\/\/www.uartes.edu.ec\/sitio\/wp-content\/uploads\/2020\/05\/DT1.jpg",807,536,false],"htmega_size_396x360":["https:\/\/www.uartes.edu.ec\/sitio\/wp-content\/uploads\/2020\/05\/DT1.jpg",396,263,false],"gb-block-post-grid-landscape":["https:\/\/www.uartes.edu.ec\/sitio\/wp-content\/uploads\/2020\/05\/DT1.jpg",600,398,false],"gb-block-post-grid-square":["https:\/\/www.uartes.edu.ec\/sitio\/wp-content\/uploads\/2020\/05\/DT1.jpg",600,398,false],"university-hub-thumb":["https:\/\/www.uartes.edu.ec\/sitio\/wp-content\/uploads\/2020\/05\/DT1-400x266.jpg",400,266,true]},"uagb_author_info":{"display_name":"Universidad de las Artes","author_link":"https:\/\/www.uartes.edu.ec\/sitio\/blog\/author\/dircomadm\/"},"uagb_comment_info":0,"uagb_excerpt":"Con una realizaci\u00f3n cinematogr\u00e1fica individual, la estudiante Daniela In\u00e9s Torres Ayala concluy\u00f3 sus estudios en la Escuela de Cine de la Universidad de las Artes. Sustent\u00f3 su tesis el 1 de mayo de manera virtual y ante el tribunal de defensa, integrado por los docentes Diego Falcon\u00ed, su tutor; Arturo Serrano y Priscila Aguirre.","featured_image_src":"https:\/\/www.uartes.edu.ec\/sitio\/wp-content\/uploads\/2020\/05\/DT1.jpg","featured_image_src_square":"https:\/\/www.uartes.edu.ec\/sitio\/wp-content\/uploads\/2020\/05\/DT1.jpg","author_info":{"display_name":"Universidad de las Artes","author_link":"https:\/\/www.uartes.edu.ec\/sitio\/blog\/author\/dircomadm\/"},"publishpress_future_workflow_manual_trigger":{"enabledWorkflows":[]},"distributor_meta":false,"distributor_terms":false,"distributor_media":false,"distributor_original_site_name":"Universidad de las Artes","distributor_original_site_url":"https:\/\/www.uartes.edu.ec\/sitio","push-errors":false,"_links":{"self":[{"href":"https:\/\/www.uartes.edu.ec\/sitio\/wp-json\/wp\/v2\/posts\/7076","targetHints":{"allow":["GET"]}}],"collection":[{"href":"https:\/\/www.uartes.edu.ec\/sitio\/wp-json\/wp\/v2\/posts"}],"about":[{"href":"https:\/\/www.uartes.edu.ec\/sitio\/wp-json\/wp\/v2\/types\/post"}],"author":[{"embeddable":true,"href":"https:\/\/www.uartes.edu.ec\/sitio\/wp-json\/wp\/v2\/users\/1"}],"replies":[{"embeddable":true,"href":"https:\/\/www.uartes.edu.ec\/sitio\/wp-json\/wp\/v2\/comments?post=7076"}],"version-history":[{"count":2,"href":"https:\/\/www.uartes.edu.ec\/sitio\/wp-json\/wp\/v2\/posts\/7076\/revisions"}],"predecessor-version":[{"id":57619,"href":"https:\/\/www.uartes.edu.ec\/sitio\/wp-json\/wp\/v2\/posts\/7076\/revisions\/57619"}],"wp:featuredmedia":[{"embeddable":true,"href":"https:\/\/www.uartes.edu.ec\/sitio\/wp-json\/wp\/v2\/media\/7078"}],"wp:attachment":[{"href":"https:\/\/www.uartes.edu.ec\/sitio\/wp-json\/wp\/v2\/media?parent=7076"}],"wp:term":[{"taxonomy":"category","embeddable":true,"href":"https:\/\/www.uartes.edu.ec\/sitio\/wp-json\/wp\/v2\/categories?post=7076"},{"taxonomy":"post_tag","embeddable":true,"href":"https:\/\/www.uartes.edu.ec\/sitio\/wp-json\/wp\/v2\/tags?post=7076"},{"taxonomy":"infouartes","embeddable":true,"href":"https:\/\/www.uartes.edu.ec\/sitio\/wp-json\/wp\/v2\/infouartes?post=7076"}],"curies":[{"name":"wp","href":"https:\/\/api.w.org\/{rel}","templated":true}]}}