{"id":7087,"date":"2020-05-20T16:50:31","date_gmt":"2020-05-20T21:50:31","guid":{"rendered":"http:\/\/www.uartes.edu.ec\/sitio\/?p=7087"},"modified":"2024-07-04T11:43:07","modified_gmt":"2024-07-04T16:43:07","slug":"jose-luis-zavala-garces-rememora-su-entorno-familiar-en-avion-de-papel","status":"publish","type":"post","link":"https:\/\/www.uartes.edu.ec\/sitio\/blog\/2020\/05\/20\/jose-luis-zavala-garces-rememora-su-entorno-familiar-en-avion-de-papel\/","title":{"rendered":"Jos\u00e9 Luis Zavala Garc\u00e9s rememora su entorno familiar en \u201cAvi\u00f3n de Papel\u201d"},"content":{"rendered":"\n<p><em>Avi\u00f3n de Papel<\/em> se titula el proyecto art\u00edstico final que Jos\u00e9 Luis Zavala Garc\u00e9s, estudiante de la Escuela de Artes Visuales, sustent\u00f3 v\u00eda videoconferencia el 2 de mayo, previo a la obtenci\u00f3n de la licenciatura. El tribunal de defensa lo integraron Juan Carlos Fern\u00e1ndez, su tutor; Xavier Pati\u00f1o y William Hern\u00e1ndez.<\/p>\n\n\n\n<p>Sobre su propuesta, en la tesis que reposa en la Secretar\u00eda Acad\u00e9mica de la UArtes, se\u00f1ala: \u201cEl usar material\/insumos de un taller de cerrajer\u00eda ha sido una de las consignas que ha estado presente en el proceso creativo de este proyecto de titulaci\u00f3n. Me resulta sumamente importante la memoria y las historias que guardan y conservan los insumos existentes en este lugar, ya que crec\u00ed rodeado del ambiente de este noble oficio. Recuerdo que siendo ni\u00f1o llegaba de la escuela directo al taller de carpinter\u00eda met\u00e1lica solo para acompa\u00f1ar a mi padre y hermanos en sus labores diarias. Y fue ese lugar el detonante para pensar las artes pl\u00e1sticas desde la experimentaci\u00f3n con distintos materiales\/insumos. Dando lugar para cuestionar los modos de hacer\/crear e ir marcando, o por lo menos intentar marcar un distanciamiento para con las soluciones tradicionales de la practicidad art\u00edstica. Acci\u00f3n que me ha permitido abordar el dibujo y la escultura no desde lo tradicional, sino desde su campo expandido\u201d.<\/p>\n\n\n\n<p>Con su investigaci\u00f3n, subraya Jos\u00e9 Luis Zavala, pretende \u201cindagar a partir de los recuerdos, vivencias y experiencias familiares, tanto placenteras como ca\u00f3ticas, que me marcaron como individuo. La casa de mis abuelos, el espacio, los objetos, los sonidos y los aromas, encierran emociones, relaciones, conexiones, v\u00ednculos y recuerdos que han aflorado durante todo mi proceso art\u00edstico y que son el detonante para esta investigaci\u00f3n, donde pretendo a trav\u00e9s de esta b\u00fasqueda\/efecto usar el arte como m\u00e9todo extractor que las transporta a partir de la informaci\u00f3n consciente e inconsciente hacia el mundo exterior, encarn\u00e1ndose en las piezas art\u00edsticas a mostrar\u201d.<\/p>\n\n\n\n<p>Agrega que mediante la exploraci\u00f3n de su archivo familiar y personal, el material fotogr\u00e1fico y las reflexiones que surgen a partir de ciertos objetos antiguos activan en \u00e9l la necesidad de representarlos por medio de los diferentes lenguajes art\u00edsticos, con el fin de que adquieran nuevos significados y percepciones, as\u00ed como tambi\u00e9n, en algunos casos, establecer conexiones directas con el espectador. \u201cCada obra es una historia y cada historia se cuenta e interpreta de manera diferente. Considero importante mencionar que la experimentaci\u00f3n con el material al momento de concebir las obras tiene la caracter\u00edstica de marcar distancias con las t\u00e9cnicas tradicionales de las artes pl\u00e1sticas. Con esto pretendo dejar de lado sintomatolog\u00edas ligadas a mi formaci\u00f3n art\u00edstica netamente acad\u00e9mica y que he arrastrado durante mis a\u00f1os de formaci\u00f3n superior\u201d.<\/p>\n\n\n\n<p>En el ep\u00edlogo de su tesis, Jos\u00e9 Luis Zavala lamenta que despu\u00e9s de todo el proceso de investigaci\u00f3n, experimentaci\u00f3n y concepci\u00f3n de su proyecto de titulaci\u00f3n, no haya podido concretarse la exposici\u00f3n final como estaba planeada. Esto debido a la pandemia mundial COVID-19. \u201cPara evitar su propagaci\u00f3n el Estado ecuatoriano decret\u00f3 dr\u00e1sticas medidas, como la cuarentena, toque de queda y salidas controladas solo para compra de v\u00edveres. Esto afect\u00f3 la planificaci\u00f3n inicial de mi proyecto y la imposibilidad de su ejecuci\u00f3n. Si bien estaba planeado que la muestra tuviera esa sensaci\u00f3n de \u00b4no cierre\u00b4 al dejar abierta una peque\u00f1a ventana en la puesta en escena de la \u00faltima pieza, donde la intenci\u00f3n era que el espectador se vea envuelto en esa sensaci\u00f3n de extra\u00f1eza y de \u00b4saber que hay m\u00e1s all\u00e1 de\u2026\u00b4, la situaci\u00f3n de la pandemia colabor\u00f3 para que mi proyecto de titulaci\u00f3n realmente no cierre el ciclo. Tampoco podr\u00eda asegurar si se cerrar\u00e1 el d\u00eda en que pueda observar el resultado de mi investigaci\u00f3n art\u00edstica tal como lo imagine: Como la gran puesta en escena de mi infancia, con luces tenues que se proyectan desde la oscuridad de la casa para iluminar cada objeto, cada cuerpo invisible, cada prenda de vestir, donde las caracter\u00edsticas e historia de la casa dialoguen con cada obra y estas creen conexiones con el espectador para adentrarlos al contexto de mi vida\u201d.<\/p>\n\n\n\n<p>Jos\u00e9 Luis Zavala se\u00f1ala que, frente a la pandemia, hay pensar en las nuevas maneras de mostrar el arte, \u201cque sin duda es v\u00eda online; no solo porque en estos momentos es una realidad a considerar, sino por lo atrayente que resulta la variedad de recursos que podr\u00edamos tener a nuestra disposici\u00f3n. Si bien es cierto no hay nada como estar f\u00edsicamente frente a la obra, no debemos pasar por alto los recursos tecnol\u00f3gicos que ofrecen la opci\u00f3n virtual. El solo pensar en llevar al espectador a trav\u00e9s de una c\u00e1mara u otros dispositivos a un viaje guiado y que seamos capaces de contar historias mostrando y resaltando aspectos y detalles importantes de cada obra; el recurso online se sit\u00faa como una alternativa que traspasa los sentidos y que estar\u00e1 disponible para las pr\u00f3ximas promociones\u201d.<\/p>\n","protected":false},"excerpt":{"rendered":"<p>Avi\u00f3n de Papel se titula el proyecto art\u00edstico final que Jos\u00e9 Luis Zavala Garc\u00e9s, estudiante de la Escuela de Artes Visuales, sustent\u00f3 v\u00eda videoconferencia el 2 de mayo, previo a la obtenci\u00f3n de la licenciatura. El tribunal de defensa lo integraron Juan Carlos Fern\u00e1ndez, su tutor; Xavier Pati\u00f1o y William Hern\u00e1ndez.<\/p>\n","protected":false},"author":1,"featured_media":7088,"comment_status":"closed","ping_status":"closed","sticky":false,"template":"","format":"standard","meta":{"_acf_changed":false,"_uag_custom_page_level_css":"","_monsterinsights_skip_tracking":false,"_monsterinsights_sitenote_active":false,"_monsterinsights_sitenote_note":"","_monsterinsights_sitenote_category":0,"cybocfi_hide_featured_image":"","footnotes":""},"categories":[80,157,76],"tags":[211],"infouartes":[],"class_list":["post-7087","post","type-post","status-publish","format-standard","has-post-thumbnail","hentry","category-academico","category-artes-visuales","category-estudiantes","tag-covid19"],"acf":[],"yoast_head":"<!-- This site is optimized with the Yoast SEO plugin v27.4 - https:\/\/yoast.com\/product\/yoast-seo-wordpress\/ -->\n<title>Universidad de las Artes - Jos\u00e9 Luis Zavala Garc\u00e9s rememora su entorno familiar en \u201cAvi\u00f3n de Papel\u201d<\/title>\n<meta name=\"description\" content=\"Universidad de las Artes - Jos\u00e9 Luis Zavala Garc\u00e9s rememora su entorno familiar en \u201cAvi\u00f3n de Papel\u201d\" \/>\n<meta name=\"robots\" content=\"index, follow, max-snippet:-1, max-image-preview:large, max-video-preview:-1\" \/>\n<link rel=\"canonical\" href=\"https:\/\/www.uartes.edu.ec\/sitio\/blog\/2020\/05\/20\/jose-luis-zavala-garces-rememora-su-entorno-familiar-en-avion-de-papel\/\" \/>\n<meta property=\"og:locale\" content=\"es_ES\" \/>\n<meta property=\"og:type\" content=\"article\" \/>\n<meta property=\"og:title\" content=\"Universidad de las Artes - Jos\u00e9 Luis Zavala Garc\u00e9s rememora su entorno familiar en \u201cAvi\u00f3n de Papel\u201d\" \/>\n<meta property=\"og:description\" content=\"Universidad de las Artes - Jos\u00e9 Luis Zavala Garc\u00e9s rememora su entorno familiar en \u201cAvi\u00f3n de Papel\u201d\" \/>\n<meta property=\"og:url\" content=\"https:\/\/www.uartes.edu.ec\/sitio\/blog\/2020\/05\/20\/jose-luis-zavala-garces-rememora-su-entorno-familiar-en-avion-de-papel\/\" \/>\n<meta property=\"og:site_name\" content=\"Universidad de las Artes\" \/>\n<meta property=\"article:publisher\" content=\"https:\/\/www.facebook.com\/uartesec\" \/>\n<meta property=\"article:published_time\" content=\"2020-05-20T21:50:31+00:00\" \/>\n<meta property=\"article:modified_time\" content=\"2024-07-04T16:43:07+00:00\" \/>\n<meta property=\"og:image\" content=\"https:\/\/www.uartes.edu.ec\/sitio\/wp-content\/uploads\/2020\/05\/JZ.jpg\" \/>\n\t<meta property=\"og:image:width\" content=\"819\" \/>\n\t<meta property=\"og:image:height\" content=\"547\" \/>\n\t<meta property=\"og:image:type\" content=\"image\/jpeg\" \/>\n<meta name=\"author\" content=\"Universidad de las Artes\" \/>\n<meta name=\"twitter:card\" content=\"summary_large_image\" \/>\n<meta name=\"twitter:creator\" content=\"@uartesec\" \/>\n<meta name=\"twitter:site\" content=\"@uartesec\" \/>\n<meta name=\"twitter:label1\" content=\"Escrito por\" \/>\n\t<meta name=\"twitter:data1\" content=\"Universidad de las Artes\" \/>\n\t<meta name=\"twitter:label2\" content=\"Tiempo de lectura\" \/>\n\t<meta name=\"twitter:data2\" content=\"4 minutos\" \/>\n<script type=\"application\/ld+json\" class=\"yoast-schema-graph\">{\"@context\":\"https:\\\/\\\/schema.org\",\"@graph\":[{\"@type\":\"Article\",\"@id\":\"https:\\\/\\\/www.uartes.edu.ec\\\/sitio\\\/blog\\\/2020\\\/05\\\/20\\\/jose-luis-zavala-garces-rememora-su-entorno-familiar-en-avion-de-papel\\\/#article\",\"isPartOf\":{\"@id\":\"https:\\\/\\\/www.uartes.edu.ec\\\/sitio\\\/blog\\\/2020\\\/05\\\/20\\\/jose-luis-zavala-garces-rememora-su-entorno-familiar-en-avion-de-papel\\\/\"},\"author\":{\"name\":\"Universidad de las Artes\",\"@id\":\"https:\\\/\\\/www.uartes.edu.ec\\\/sitio\\\/#\\\/schema\\\/person\\\/f33f8c1d2af0d5c80a38c8abf458184a\"},\"headline\":\"Jos\u00e9 Luis Zavala Garc\u00e9s rememora su entorno familiar en \u201cAvi\u00f3n de Papel\u201d\",\"datePublished\":\"2020-05-20T21:50:31+00:00\",\"dateModified\":\"2024-07-04T16:43:07+00:00\",\"mainEntityOfPage\":{\"@id\":\"https:\\\/\\\/www.uartes.edu.ec\\\/sitio\\\/blog\\\/2020\\\/05\\\/20\\\/jose-luis-zavala-garces-rememora-su-entorno-familiar-en-avion-de-papel\\\/\"},\"wordCount\":905,\"publisher\":{\"@id\":\"https:\\\/\\\/www.uartes.edu.ec\\\/sitio\\\/#organization\"},\"image\":{\"@id\":\"https:\\\/\\\/www.uartes.edu.ec\\\/sitio\\\/blog\\\/2020\\\/05\\\/20\\\/jose-luis-zavala-garces-rememora-su-entorno-familiar-en-avion-de-papel\\\/#primaryimage\"},\"thumbnailUrl\":\"https:\\\/\\\/www.uartes.edu.ec\\\/sitio\\\/wp-content\\\/uploads\\\/2020\\\/05\\\/JZ.jpg\",\"keywords\":[\"covid19\"],\"articleSection\":[\"Acad\u00e9mico\",\"Artes Visuales\",\"Estudiantes\"],\"inLanguage\":\"es\"},{\"@type\":[\"WebPage\",\"ItemPage\"],\"@id\":\"https:\\\/\\\/www.uartes.edu.ec\\\/sitio\\\/blog\\\/2020\\\/05\\\/20\\\/jose-luis-zavala-garces-rememora-su-entorno-familiar-en-avion-de-papel\\\/\",\"url\":\"https:\\\/\\\/www.uartes.edu.ec\\\/sitio\\\/blog\\\/2020\\\/05\\\/20\\\/jose-luis-zavala-garces-rememora-su-entorno-familiar-en-avion-de-papel\\\/\",\"name\":\"Universidad de las Artes - Jos\u00e9 Luis Zavala Garc\u00e9s rememora su entorno familiar en \u201cAvi\u00f3n de Papel\u201d\",\"isPartOf\":{\"@id\":\"https:\\\/\\\/www.uartes.edu.ec\\\/sitio\\\/#website\"},\"primaryImageOfPage\":{\"@id\":\"https:\\\/\\\/www.uartes.edu.ec\\\/sitio\\\/blog\\\/2020\\\/05\\\/20\\\/jose-luis-zavala-garces-rememora-su-entorno-familiar-en-avion-de-papel\\\/#primaryimage\"},\"image\":{\"@id\":\"https:\\\/\\\/www.uartes.edu.ec\\\/sitio\\\/blog\\\/2020\\\/05\\\/20\\\/jose-luis-zavala-garces-rememora-su-entorno-familiar-en-avion-de-papel\\\/#primaryimage\"},\"thumbnailUrl\":\"https:\\\/\\\/www.uartes.edu.ec\\\/sitio\\\/wp-content\\\/uploads\\\/2020\\\/05\\\/JZ.jpg\",\"datePublished\":\"2020-05-20T21:50:31+00:00\",\"dateModified\":\"2024-07-04T16:43:07+00:00\",\"description\":\"Universidad de las Artes - Jos\u00e9 Luis Zavala Garc\u00e9s rememora su entorno familiar en \u201cAvi\u00f3n de Papel\u201d\",\"breadcrumb\":{\"@id\":\"https:\\\/\\\/www.uartes.edu.ec\\\/sitio\\\/blog\\\/2020\\\/05\\\/20\\\/jose-luis-zavala-garces-rememora-su-entorno-familiar-en-avion-de-papel\\\/#breadcrumb\"},\"inLanguage\":\"es\",\"potentialAction\":[{\"@type\":\"ReadAction\",\"target\":[\"https:\\\/\\\/www.uartes.edu.ec\\\/sitio\\\/blog\\\/2020\\\/05\\\/20\\\/jose-luis-zavala-garces-rememora-su-entorno-familiar-en-avion-de-papel\\\/\"]}]},{\"@type\":\"ImageObject\",\"inLanguage\":\"es\",\"@id\":\"https:\\\/\\\/www.uartes.edu.ec\\\/sitio\\\/blog\\\/2020\\\/05\\\/20\\\/jose-luis-zavala-garces-rememora-su-entorno-familiar-en-avion-de-papel\\\/#primaryimage\",\"url\":\"https:\\\/\\\/www.uartes.edu.ec\\\/sitio\\\/wp-content\\\/uploads\\\/2020\\\/05\\\/JZ.jpg\",\"contentUrl\":\"https:\\\/\\\/www.uartes.edu.ec\\\/sitio\\\/wp-content\\\/uploads\\\/2020\\\/05\\\/JZ.jpg\",\"width\":819,\"height\":547},{\"@type\":\"BreadcrumbList\",\"@id\":\"https:\\\/\\\/www.uartes.edu.ec\\\/sitio\\\/blog\\\/2020\\\/05\\\/20\\\/jose-luis-zavala-garces-rememora-su-entorno-familiar-en-avion-de-papel\\\/#breadcrumb\",\"itemListElement\":[{\"@type\":\"ListItem\",\"position\":1,\"name\":\"Inicio\",\"item\":\"https:\\\/\\\/www.uartes.edu.ec\\\/sitio\\\/\"},{\"@type\":\"ListItem\",\"position\":2,\"name\":\"Jos\u00e9 Luis Zavala Garc\u00e9s rememora su entorno familiar en \u201cAvi\u00f3n de Papel\u201d\"}]},{\"@type\":\"WebSite\",\"@id\":\"https:\\\/\\\/www.uartes.edu.ec\\\/sitio\\\/#website\",\"url\":\"https:\\\/\\\/www.uartes.edu.ec\\\/sitio\\\/\",\"name\":\"Universidad de las Artes\",\"description\":\"Sitio oficial de la Universidad Nacional de las Artes del Ecuador\",\"publisher\":{\"@id\":\"https:\\\/\\\/www.uartes.edu.ec\\\/sitio\\\/#organization\"},\"potentialAction\":[{\"@type\":\"SearchAction\",\"target\":{\"@type\":\"EntryPoint\",\"urlTemplate\":\"https:\\\/\\\/www.uartes.edu.ec\\\/sitio\\\/?s={search_term_string}\"},\"query-input\":{\"@type\":\"PropertyValueSpecification\",\"valueRequired\":true,\"valueName\":\"search_term_string\"}}],\"inLanguage\":\"es\"},{\"@type\":\"Organization\",\"@id\":\"https:\\\/\\\/www.uartes.edu.ec\\\/sitio\\\/#organization\",\"name\":\"Universidad de las Artes\",\"url\":\"https:\\\/\\\/www.uartes.edu.ec\\\/sitio\\\/\",\"logo\":{\"@type\":\"ImageObject\",\"inLanguage\":\"es\",\"@id\":\"https:\\\/\\\/www.uartes.edu.ec\\\/sitio\\\/#\\\/schema\\\/logo\\\/image\\\/\",\"url\":\"https:\\\/\\\/www.uartes.edu.ec\\\/sitio\\\/wp-content\\\/uploads\\\/2022\\\/07\\\/logo-ua-horizontal.png\",\"contentUrl\":\"https:\\\/\\\/www.uartes.edu.ec\\\/sitio\\\/wp-content\\\/uploads\\\/2022\\\/07\\\/logo-ua-horizontal.png\",\"width\":800,\"height\":276,\"caption\":\"Universidad de las Artes\"},\"image\":{\"@id\":\"https:\\\/\\\/www.uartes.edu.ec\\\/sitio\\\/#\\\/schema\\\/logo\\\/image\\\/\"},\"sameAs\":[\"https:\\\/\\\/www.facebook.com\\\/uartesec\",\"https:\\\/\\\/x.com\\\/uartesec\",\"https:\\\/\\\/www.tiktok.com\\\/@uartesec\"]},{\"@type\":\"Person\",\"@id\":\"https:\\\/\\\/www.uartes.edu.ec\\\/sitio\\\/#\\\/schema\\\/person\\\/f33f8c1d2af0d5c80a38c8abf458184a\",\"name\":\"Universidad de las Artes\",\"image\":{\"@type\":\"ImageObject\",\"inLanguage\":\"es\",\"@id\":\"https:\\\/\\\/secure.gravatar.com\\\/avatar\\\/52e4757902f5cfa5ac52d020e5be83cae5487519154b6c35482fe08d589f3c13?s=96&d=mm&r=g\",\"url\":\"https:\\\/\\\/secure.gravatar.com\\\/avatar\\\/52e4757902f5cfa5ac52d020e5be83cae5487519154b6c35482fe08d589f3c13?s=96&d=mm&r=g\",\"contentUrl\":\"https:\\\/\\\/secure.gravatar.com\\\/avatar\\\/52e4757902f5cfa5ac52d020e5be83cae5487519154b6c35482fe08d589f3c13?s=96&d=mm&r=g\",\"caption\":\"Universidad de las Artes\"},\"url\":\"https:\\\/\\\/www.uartes.edu.ec\\\/sitio\\\/blog\\\/author\\\/dircomadm\\\/\"}]}<\/script>\n<!-- \/ Yoast SEO plugin. -->","yoast_head_json":{"title":"Universidad de las Artes - Jos\u00e9 Luis Zavala Garc\u00e9s rememora su entorno familiar en \u201cAvi\u00f3n de Papel\u201d","description":"Universidad de las Artes - Jos\u00e9 Luis Zavala Garc\u00e9s rememora su entorno familiar en \u201cAvi\u00f3n de Papel\u201d","robots":{"index":"index","follow":"follow","max-snippet":"max-snippet:-1","max-image-preview":"max-image-preview:large","max-video-preview":"max-video-preview:-1"},"canonical":"https:\/\/www.uartes.edu.ec\/sitio\/blog\/2020\/05\/20\/jose-luis-zavala-garces-rememora-su-entorno-familiar-en-avion-de-papel\/","og_locale":"es_ES","og_type":"article","og_title":"Universidad de las Artes - Jos\u00e9 Luis Zavala Garc\u00e9s rememora su entorno familiar en \u201cAvi\u00f3n de Papel\u201d","og_description":"Universidad de las Artes - Jos\u00e9 Luis Zavala Garc\u00e9s rememora su entorno familiar en \u201cAvi\u00f3n de Papel\u201d","og_url":"https:\/\/www.uartes.edu.ec\/sitio\/blog\/2020\/05\/20\/jose-luis-zavala-garces-rememora-su-entorno-familiar-en-avion-de-papel\/","og_site_name":"Universidad de las Artes","article_publisher":"https:\/\/www.facebook.com\/uartesec","article_published_time":"2020-05-20T21:50:31+00:00","article_modified_time":"2024-07-04T16:43:07+00:00","og_image":[{"width":819,"height":547,"url":"https:\/\/www.uartes.edu.ec\/sitio\/wp-content\/uploads\/2020\/05\/JZ.jpg","type":"image\/jpeg"}],"author":"Universidad de las Artes","twitter_card":"summary_large_image","twitter_creator":"@uartesec","twitter_site":"@uartesec","twitter_misc":{"Escrito por":"Universidad de las Artes","Tiempo de lectura":"4 minutos"},"schema":{"@context":"https:\/\/schema.org","@graph":[{"@type":"Article","@id":"https:\/\/www.uartes.edu.ec\/sitio\/blog\/2020\/05\/20\/jose-luis-zavala-garces-rememora-su-entorno-familiar-en-avion-de-papel\/#article","isPartOf":{"@id":"https:\/\/www.uartes.edu.ec\/sitio\/blog\/2020\/05\/20\/jose-luis-zavala-garces-rememora-su-entorno-familiar-en-avion-de-papel\/"},"author":{"name":"Universidad de las Artes","@id":"https:\/\/www.uartes.edu.ec\/sitio\/#\/schema\/person\/f33f8c1d2af0d5c80a38c8abf458184a"},"headline":"Jos\u00e9 Luis Zavala Garc\u00e9s rememora su entorno familiar en \u201cAvi\u00f3n de Papel\u201d","datePublished":"2020-05-20T21:50:31+00:00","dateModified":"2024-07-04T16:43:07+00:00","mainEntityOfPage":{"@id":"https:\/\/www.uartes.edu.ec\/sitio\/blog\/2020\/05\/20\/jose-luis-zavala-garces-rememora-su-entorno-familiar-en-avion-de-papel\/"},"wordCount":905,"publisher":{"@id":"https:\/\/www.uartes.edu.ec\/sitio\/#organization"},"image":{"@id":"https:\/\/www.uartes.edu.ec\/sitio\/blog\/2020\/05\/20\/jose-luis-zavala-garces-rememora-su-entorno-familiar-en-avion-de-papel\/#primaryimage"},"thumbnailUrl":"https:\/\/www.uartes.edu.ec\/sitio\/wp-content\/uploads\/2020\/05\/JZ.jpg","keywords":["covid19"],"articleSection":["Acad\u00e9mico","Artes Visuales","Estudiantes"],"inLanguage":"es"},{"@type":["WebPage","ItemPage"],"@id":"https:\/\/www.uartes.edu.ec\/sitio\/blog\/2020\/05\/20\/jose-luis-zavala-garces-rememora-su-entorno-familiar-en-avion-de-papel\/","url":"https:\/\/www.uartes.edu.ec\/sitio\/blog\/2020\/05\/20\/jose-luis-zavala-garces-rememora-su-entorno-familiar-en-avion-de-papel\/","name":"Universidad de las Artes - Jos\u00e9 Luis Zavala Garc\u00e9s rememora su entorno familiar en \u201cAvi\u00f3n de Papel\u201d","isPartOf":{"@id":"https:\/\/www.uartes.edu.ec\/sitio\/#website"},"primaryImageOfPage":{"@id":"https:\/\/www.uartes.edu.ec\/sitio\/blog\/2020\/05\/20\/jose-luis-zavala-garces-rememora-su-entorno-familiar-en-avion-de-papel\/#primaryimage"},"image":{"@id":"https:\/\/www.uartes.edu.ec\/sitio\/blog\/2020\/05\/20\/jose-luis-zavala-garces-rememora-su-entorno-familiar-en-avion-de-papel\/#primaryimage"},"thumbnailUrl":"https:\/\/www.uartes.edu.ec\/sitio\/wp-content\/uploads\/2020\/05\/JZ.jpg","datePublished":"2020-05-20T21:50:31+00:00","dateModified":"2024-07-04T16:43:07+00:00","description":"Universidad de las Artes - Jos\u00e9 Luis Zavala Garc\u00e9s rememora su entorno familiar en \u201cAvi\u00f3n de Papel\u201d","breadcrumb":{"@id":"https:\/\/www.uartes.edu.ec\/sitio\/blog\/2020\/05\/20\/jose-luis-zavala-garces-rememora-su-entorno-familiar-en-avion-de-papel\/#breadcrumb"},"inLanguage":"es","potentialAction":[{"@type":"ReadAction","target":["https:\/\/www.uartes.edu.ec\/sitio\/blog\/2020\/05\/20\/jose-luis-zavala-garces-rememora-su-entorno-familiar-en-avion-de-papel\/"]}]},{"@type":"ImageObject","inLanguage":"es","@id":"https:\/\/www.uartes.edu.ec\/sitio\/blog\/2020\/05\/20\/jose-luis-zavala-garces-rememora-su-entorno-familiar-en-avion-de-papel\/#primaryimage","url":"https:\/\/www.uartes.edu.ec\/sitio\/wp-content\/uploads\/2020\/05\/JZ.jpg","contentUrl":"https:\/\/www.uartes.edu.ec\/sitio\/wp-content\/uploads\/2020\/05\/JZ.jpg","width":819,"height":547},{"@type":"BreadcrumbList","@id":"https:\/\/www.uartes.edu.ec\/sitio\/blog\/2020\/05\/20\/jose-luis-zavala-garces-rememora-su-entorno-familiar-en-avion-de-papel\/#breadcrumb","itemListElement":[{"@type":"ListItem","position":1,"name":"Inicio","item":"https:\/\/www.uartes.edu.ec\/sitio\/"},{"@type":"ListItem","position":2,"name":"Jos\u00e9 Luis Zavala Garc\u00e9s rememora su entorno familiar en \u201cAvi\u00f3n de Papel\u201d"}]},{"@type":"WebSite","@id":"https:\/\/www.uartes.edu.ec\/sitio\/#website","url":"https:\/\/www.uartes.edu.ec\/sitio\/","name":"Universidad de las Artes","description":"Sitio oficial de la Universidad Nacional de las Artes del Ecuador","publisher":{"@id":"https:\/\/www.uartes.edu.ec\/sitio\/#organization"},"potentialAction":[{"@type":"SearchAction","target":{"@type":"EntryPoint","urlTemplate":"https:\/\/www.uartes.edu.ec\/sitio\/?s={search_term_string}"},"query-input":{"@type":"PropertyValueSpecification","valueRequired":true,"valueName":"search_term_string"}}],"inLanguage":"es"},{"@type":"Organization","@id":"https:\/\/www.uartes.edu.ec\/sitio\/#organization","name":"Universidad de las Artes","url":"https:\/\/www.uartes.edu.ec\/sitio\/","logo":{"@type":"ImageObject","inLanguage":"es","@id":"https:\/\/www.uartes.edu.ec\/sitio\/#\/schema\/logo\/image\/","url":"https:\/\/www.uartes.edu.ec\/sitio\/wp-content\/uploads\/2022\/07\/logo-ua-horizontal.png","contentUrl":"https:\/\/www.uartes.edu.ec\/sitio\/wp-content\/uploads\/2022\/07\/logo-ua-horizontal.png","width":800,"height":276,"caption":"Universidad de las Artes"},"image":{"@id":"https:\/\/www.uartes.edu.ec\/sitio\/#\/schema\/logo\/image\/"},"sameAs":["https:\/\/www.facebook.com\/uartesec","https:\/\/x.com\/uartesec","https:\/\/www.tiktok.com\/@uartesec"]},{"@type":"Person","@id":"https:\/\/www.uartes.edu.ec\/sitio\/#\/schema\/person\/f33f8c1d2af0d5c80a38c8abf458184a","name":"Universidad de las Artes","image":{"@type":"ImageObject","inLanguage":"es","@id":"https:\/\/secure.gravatar.com\/avatar\/52e4757902f5cfa5ac52d020e5be83cae5487519154b6c35482fe08d589f3c13?s=96&d=mm&r=g","url":"https:\/\/secure.gravatar.com\/avatar\/52e4757902f5cfa5ac52d020e5be83cae5487519154b6c35482fe08d589f3c13?s=96&d=mm&r=g","contentUrl":"https:\/\/secure.gravatar.com\/avatar\/52e4757902f5cfa5ac52d020e5be83cae5487519154b6c35482fe08d589f3c13?s=96&d=mm&r=g","caption":"Universidad de las Artes"},"url":"https:\/\/www.uartes.edu.ec\/sitio\/blog\/author\/dircomadm\/"}]}},"uagb_featured_image_src":{"full":["https:\/\/www.uartes.edu.ec\/sitio\/wp-content\/uploads\/2020\/05\/JZ.jpg",819,547,false],"thumbnail":["https:\/\/www.uartes.edu.ec\/sitio\/wp-content\/uploads\/2020\/05\/JZ-150x150.jpg",150,150,true],"medium":["https:\/\/www.uartes.edu.ec\/sitio\/wp-content\/uploads\/2020\/05\/JZ-300x200.jpg",300,200,true],"medium_large":["https:\/\/www.uartes.edu.ec\/sitio\/wp-content\/uploads\/2020\/05\/JZ-768x513.jpg",768,513,true],"large":["https:\/\/www.uartes.edu.ec\/sitio\/wp-content\/uploads\/2020\/05\/JZ-644x430.jpg",644,430,true],"1536x1536":["https:\/\/www.uartes.edu.ec\/sitio\/wp-content\/uploads\/2020\/05\/JZ.jpg",819,547,false],"2048x2048":["https:\/\/www.uartes.edu.ec\/sitio\/wp-content\/uploads\/2020\/05\/JZ.jpg",819,547,false],"trp-custom-language-flag":["https:\/\/www.uartes.edu.ec\/sitio\/wp-content\/uploads\/2020\/05\/JZ.jpg",18,12,false],"htmega_size_585x295":["https:\/\/www.uartes.edu.ec\/sitio\/wp-content\/uploads\/2020\/05\/JZ.jpg",442,295,false],"htmega_size_1170x536":["https:\/\/www.uartes.edu.ec\/sitio\/wp-content\/uploads\/2020\/05\/JZ.jpg",803,536,false],"htmega_size_396x360":["https:\/\/www.uartes.edu.ec\/sitio\/wp-content\/uploads\/2020\/05\/JZ.jpg",396,264,false],"gb-block-post-grid-landscape":["https:\/\/www.uartes.edu.ec\/sitio\/wp-content\/uploads\/2020\/05\/JZ.jpg",600,400,false],"gb-block-post-grid-square":["https:\/\/www.uartes.edu.ec\/sitio\/wp-content\/uploads\/2020\/05\/JZ.jpg",600,401,false],"university-hub-thumb":["https:\/\/www.uartes.edu.ec\/sitio\/wp-content\/uploads\/2020\/05\/JZ-400x267.jpg",400,267,true]},"uagb_author_info":{"display_name":"Universidad de las Artes","author_link":"https:\/\/www.uartes.edu.ec\/sitio\/blog\/author\/dircomadm\/"},"uagb_comment_info":0,"uagb_excerpt":"Avi\u00f3n de Papel se titula el proyecto art\u00edstico final que Jos\u00e9 Luis Zavala Garc\u00e9s, estudiante de la Escuela de Artes Visuales, sustent\u00f3 v\u00eda videoconferencia el 2 de mayo, previo a la obtenci\u00f3n de la licenciatura. El tribunal de defensa lo integraron Juan Carlos Fern\u00e1ndez, su tutor; Xavier Pati\u00f1o y William Hern\u00e1ndez.","featured_image_src":"https:\/\/www.uartes.edu.ec\/sitio\/wp-content\/uploads\/2020\/05\/JZ.jpg","featured_image_src_square":"https:\/\/www.uartes.edu.ec\/sitio\/wp-content\/uploads\/2020\/05\/JZ.jpg","author_info":{"display_name":"Universidad de las Artes","author_link":"https:\/\/www.uartes.edu.ec\/sitio\/blog\/author\/dircomadm\/"},"publishpress_future_workflow_manual_trigger":{"enabledWorkflows":[]},"distributor_meta":false,"distributor_terms":false,"distributor_media":false,"distributor_original_site_name":"Universidad de las Artes","distributor_original_site_url":"https:\/\/www.uartes.edu.ec\/sitio","push-errors":false,"_links":{"self":[{"href":"https:\/\/www.uartes.edu.ec\/sitio\/wp-json\/wp\/v2\/posts\/7087","targetHints":{"allow":["GET"]}}],"collection":[{"href":"https:\/\/www.uartes.edu.ec\/sitio\/wp-json\/wp\/v2\/posts"}],"about":[{"href":"https:\/\/www.uartes.edu.ec\/sitio\/wp-json\/wp\/v2\/types\/post"}],"author":[{"embeddable":true,"href":"https:\/\/www.uartes.edu.ec\/sitio\/wp-json\/wp\/v2\/users\/1"}],"replies":[{"embeddable":true,"href":"https:\/\/www.uartes.edu.ec\/sitio\/wp-json\/wp\/v2\/comments?post=7087"}],"version-history":[{"count":1,"href":"https:\/\/www.uartes.edu.ec\/sitio\/wp-json\/wp\/v2\/posts\/7087\/revisions"}],"predecessor-version":[{"id":7089,"href":"https:\/\/www.uartes.edu.ec\/sitio\/wp-json\/wp\/v2\/posts\/7087\/revisions\/7089"}],"wp:featuredmedia":[{"embeddable":true,"href":"https:\/\/www.uartes.edu.ec\/sitio\/wp-json\/wp\/v2\/media\/7088"}],"wp:attachment":[{"href":"https:\/\/www.uartes.edu.ec\/sitio\/wp-json\/wp\/v2\/media?parent=7087"}],"wp:term":[{"taxonomy":"category","embeddable":true,"href":"https:\/\/www.uartes.edu.ec\/sitio\/wp-json\/wp\/v2\/categories?post=7087"},{"taxonomy":"post_tag","embeddable":true,"href":"https:\/\/www.uartes.edu.ec\/sitio\/wp-json\/wp\/v2\/tags?post=7087"},{"taxonomy":"infouartes","embeddable":true,"href":"https:\/\/www.uartes.edu.ec\/sitio\/wp-json\/wp\/v2\/infouartes?post=7087"}],"curies":[{"name":"wp","href":"https:\/\/api.w.org\/{rel}","templated":true}]}}