{"id":7102,"date":"2020-05-20T17:44:53","date_gmt":"2020-05-20T22:44:53","guid":{"rendered":"http:\/\/www.uartes.edu.ec\/sitio\/?p=7102"},"modified":"2024-07-04T11:43:07","modified_gmt":"2024-07-04T16:43:07","slug":"el-sonido-en-la-narrativa-cinematografica-tesis-de-dayanna-michell-tatayo-caizatoa","status":"publish","type":"post","link":"https:\/\/www.uartes.edu.ec\/sitio\/blog\/2020\/05\/20\/el-sonido-en-la-narrativa-cinematografica-tesis-de-dayanna-michell-tatayo-caizatoa\/","title":{"rendered":"El sonido en la narrativa cinematogr\u00e1fica,  tesis de Dayanna Michell Tatayo Caizatoa"},"content":{"rendered":"\n<p>Conocer el fuera de campo y de cuadro sonoro como recurso alternativo en el cine, mediante la investigaci\u00f3n de diversos textos y el visionado de pel\u00edculas que trabajen este tema, para comprender los diferentes m\u00e9todos que disocian sonido-imagen y su aporte narrativo, est\u00e9tico y sensorial. Dayanna Michell Tatayo Caizatoa, estudiante de la Escuela de Cine, se\u00f1ala as\u00ed el prop\u00f3sito que tuvo al proponer el tema para su tesis de grado, la cual sustent\u00f3 de manera virtual el 30 de abril. &nbsp;<\/p>\n\n\n\n<p>A su proyecto interdisciplinario lo titul\u00f3: \u201cEl sonido fuera de campo y de cuadro como discurso alternativo en la narrativa cinematogr\u00e1fica\u201d y defendi\u00f3 su tesis ante el tribunal integrado por los docentes Arsenio Cadena, su tutor; Raymi Morales y Fernando Mieles.<\/p>\n\n\n\n<p>En el texto de su trabajo final, entregado a la Secretar\u00eda Acad\u00e9mica, Dayanna Michell Tatayo se\u00f1ala: \u201cDesde que el sonido surgi\u00f3 como un componente indispensable en el cine, diferentes realizadores han optado por asociarlo en la mayor\u00eda de ocasiones con la imagen. A lo largo de los a\u00f1os de la existencia del cine, hemos visto esta uni\u00f3n casi inseparable de imagen y sonido. Pero, diferentes son los motivos que han llevado a algunos realizadores a romper las reglas del cine e incursionar con nuevos m\u00e9todos y t\u00e9cnicas cinematogr\u00e1ficas, como la cineasta argentina Lucrecia Martel y el director ecuatoriano Tito Molina. Entre esos m\u00e9todos est\u00e1n el sonido fuera de campo y de cuadro, recursos narrativos que nos invitan a dejar de pensar que imagen siempre va ligada al sonido, que cada elemento cinematogr\u00e1fico, independientemente, tambi\u00e9n aporta a la narrativa de una pel\u00edcula. Entonces, sonido e imagen, pensados adecuadamente, cada uno por separado y luego unidos mediante el montaje, crear\u00e1n una conjunci\u00f3n informativa y expresiva en el filme\u201d.<\/p>\n\n\n\n<p>La ahora egresada de la Universidad de las Artes explica que \u201cel sonido fuera de campo y de cuadro es un medio por el que se transmiten distintas emociones y sensaciones, y obligan al espectador a pensar y rellenar mentalmente lo que le falta a \u00e9l. Lo vuelven m\u00e1s activo, ya que cuando el sonido y la imagen van de la mano es un espectador pasivo\u201d.<\/p>\n\n\n\n<p>Situar a Lucrecia Martel como una de las realizadoras latinoamericanas que m\u00e1s atenci\u00f3n le brinda al sonido de sus pel\u00edculas, es m\u00e1s que merecido porque utiliza un dise\u00f1o sonoro que incluye el uso de di\u00e1logos naturales, una propuesta sonora desde el guion, y el fuera de campo y de cuadro como m\u00e9todo de contar historias. \u201cPor medio de sus filmes no es necesario que se muestren las cosas detalladamente, sino que deja a la imaginaci\u00f3n del espectador varias situaciones. En este caso, el sonido fuera de campo y de cuadro crea una atm\u00f3sfera, una espacializaci\u00f3n m\u00e1s exhaustiva, un contrapunto con lo que se ve y una nueva forma de meternos en el universo de sus pel\u00edculas\u201d.<\/p>\n\n\n\n<p>De la misma forma ocurre cuando hablamos de la industria cinematogr\u00e1fica ecuatoriana. Si bien cada elemento es indispensable en su realizaci\u00f3n, cuando se habla de sonido no se puede dejar de pensar en la imagen. Varias son las circunstancias que obligan a que las realizaciones nacionales no est\u00e9n pensadas desde el sonido y le presten m\u00e1s atenci\u00f3n a la imagen que al sonido. \u201cPocos son los filmes que proponen nuevas metodolog\u00edas de disyunci\u00f3n sonido-imagen o hacen reflexionar al espectador por medio del sonido, como la pel\u00edcula <em>El silencio en la tierra de los sue\u00f1os<\/em> de Tito Molina. El sonido fuera de campo y de cuadro como m\u00e9todo narrativo en pel\u00edculas ecuatorianas son un tema que poco se trata, pero con el crecimiento cinematogr\u00e1fico en Ecuador se ir\u00e1 desarrollando al igual que el dise\u00f1o sonoro en general\u201d.<\/p>\n","protected":false},"excerpt":{"rendered":"<p>Conocer el fuera de campo y de cuadro sonoro como recurso alternativo en el cine, mediante la investigaci\u00f3n de diversos textos y el visionado de pel\u00edculas que trabajen este tema, para comprender los diferentes m\u00e9todos que disocian sonido-imagen y su aporte narrativo, est\u00e9tico y sensorial. Dayanna Michell Tatayo Caizatoa, estudiante de la Escuela de Cine, se\u00f1ala as\u00ed el prop\u00f3sito que tuvo al proponer el tema para su tesis de grado, la cual sustent\u00f3 de manera virtual el 30 de abril.  <\/p>\n","protected":false},"author":1,"featured_media":7100,"comment_status":"closed","ping_status":"closed","sticky":false,"template":"","format":"standard","meta":{"_acf_changed":false,"_uag_custom_page_level_css":"","_monsterinsights_skip_tracking":false,"_monsterinsights_sitenote_active":false,"_monsterinsights_sitenote_note":"","_monsterinsights_sitenote_category":0,"cybocfi_hide_featured_image":"","footnotes":""},"categories":[80,147,76],"tags":[211],"infouartes":[],"class_list":["post-7102","post","type-post","status-publish","format-standard","has-post-thumbnail","hentry","category-academico","category-cine","category-estudiantes","tag-covid19"],"acf":[],"yoast_head":"<!-- This site is optimized with the Yoast SEO plugin v27.4 - https:\/\/yoast.com\/product\/yoast-seo-wordpress\/ -->\n<title>Universidad de las Artes - El sonido en la narrativa cinematogr\u00e1fica, tesis de Dayanna Michell Tatayo Caizatoa<\/title>\n<meta name=\"description\" content=\"Universidad de las Artes - El sonido en la narrativa cinematogr\u00e1fica, tesis de Dayanna Michell Tatayo Caizatoa\" \/>\n<meta name=\"robots\" content=\"index, follow, max-snippet:-1, max-image-preview:large, max-video-preview:-1\" \/>\n<link rel=\"canonical\" href=\"https:\/\/www.uartes.edu.ec\/sitio\/blog\/2020\/05\/20\/el-sonido-en-la-narrativa-cinematografica-tesis-de-dayanna-michell-tatayo-caizatoa\/\" \/>\n<meta property=\"og:locale\" content=\"es_ES\" \/>\n<meta property=\"og:type\" content=\"article\" \/>\n<meta property=\"og:title\" content=\"Universidad de las Artes - El sonido en la narrativa cinematogr\u00e1fica, tesis de Dayanna Michell Tatayo Caizatoa\" \/>\n<meta property=\"og:description\" content=\"Universidad de las Artes - El sonido en la narrativa cinematogr\u00e1fica, tesis de Dayanna Michell Tatayo Caizatoa\" \/>\n<meta property=\"og:url\" content=\"https:\/\/www.uartes.edu.ec\/sitio\/blog\/2020\/05\/20\/el-sonido-en-la-narrativa-cinematografica-tesis-de-dayanna-michell-tatayo-caizatoa\/\" \/>\n<meta property=\"og:site_name\" content=\"Universidad de las Artes\" \/>\n<meta property=\"article:publisher\" content=\"https:\/\/www.facebook.com\/uartesec\" \/>\n<meta property=\"article:published_time\" content=\"2020-05-20T22:44:53+00:00\" \/>\n<meta property=\"article:modified_time\" content=\"2024-07-04T16:43:07+00:00\" \/>\n<meta property=\"og:image\" content=\"https:\/\/www.uartes.edu.ec\/sitio\/wp-content\/uploads\/2020\/05\/DT.jpg\" \/>\n\t<meta property=\"og:image:width\" content=\"972\" \/>\n\t<meta property=\"og:image:height\" content=\"647\" \/>\n\t<meta property=\"og:image:type\" content=\"image\/jpeg\" \/>\n<meta name=\"author\" content=\"Universidad de las Artes\" \/>\n<meta name=\"twitter:card\" content=\"summary_large_image\" \/>\n<meta name=\"twitter:creator\" content=\"@uartesec\" \/>\n<meta name=\"twitter:site\" content=\"@uartesec\" \/>\n<meta name=\"twitter:label1\" content=\"Escrito por\" \/>\n\t<meta name=\"twitter:data1\" content=\"Universidad de las Artes\" \/>\n\t<meta name=\"twitter:label2\" content=\"Tiempo de lectura\" \/>\n\t<meta name=\"twitter:data2\" content=\"3 minutos\" \/>\n<script type=\"application\/ld+json\" class=\"yoast-schema-graph\">{\"@context\":\"https:\\\/\\\/schema.org\",\"@graph\":[{\"@type\":\"Article\",\"@id\":\"https:\\\/\\\/www.uartes.edu.ec\\\/sitio\\\/blog\\\/2020\\\/05\\\/20\\\/el-sonido-en-la-narrativa-cinematografica-tesis-de-dayanna-michell-tatayo-caizatoa\\\/#article\",\"isPartOf\":{\"@id\":\"https:\\\/\\\/www.uartes.edu.ec\\\/sitio\\\/blog\\\/2020\\\/05\\\/20\\\/el-sonido-en-la-narrativa-cinematografica-tesis-de-dayanna-michell-tatayo-caizatoa\\\/\"},\"author\":{\"name\":\"Universidad de las Artes\",\"@id\":\"https:\\\/\\\/www.uartes.edu.ec\\\/sitio\\\/#\\\/schema\\\/person\\\/f33f8c1d2af0d5c80a38c8abf458184a\"},\"headline\":\"El sonido en la narrativa cinematogr\u00e1fica, tesis de Dayanna Michell Tatayo Caizatoa\",\"datePublished\":\"2020-05-20T22:44:53+00:00\",\"dateModified\":\"2024-07-04T16:43:07+00:00\",\"mainEntityOfPage\":{\"@id\":\"https:\\\/\\\/www.uartes.edu.ec\\\/sitio\\\/blog\\\/2020\\\/05\\\/20\\\/el-sonido-en-la-narrativa-cinematografica-tesis-de-dayanna-michell-tatayo-caizatoa\\\/\"},\"wordCount\":667,\"publisher\":{\"@id\":\"https:\\\/\\\/www.uartes.edu.ec\\\/sitio\\\/#organization\"},\"image\":{\"@id\":\"https:\\\/\\\/www.uartes.edu.ec\\\/sitio\\\/blog\\\/2020\\\/05\\\/20\\\/el-sonido-en-la-narrativa-cinematografica-tesis-de-dayanna-michell-tatayo-caizatoa\\\/#primaryimage\"},\"thumbnailUrl\":\"https:\\\/\\\/www.uartes.edu.ec\\\/sitio\\\/wp-content\\\/uploads\\\/2020\\\/05\\\/DT.jpg\",\"keywords\":[\"covid19\"],\"articleSection\":[\"Acad\u00e9mico\",\"Cine\",\"Estudiantes\"],\"inLanguage\":\"es\"},{\"@type\":[\"WebPage\",\"ItemPage\"],\"@id\":\"https:\\\/\\\/www.uartes.edu.ec\\\/sitio\\\/blog\\\/2020\\\/05\\\/20\\\/el-sonido-en-la-narrativa-cinematografica-tesis-de-dayanna-michell-tatayo-caizatoa\\\/\",\"url\":\"https:\\\/\\\/www.uartes.edu.ec\\\/sitio\\\/blog\\\/2020\\\/05\\\/20\\\/el-sonido-en-la-narrativa-cinematografica-tesis-de-dayanna-michell-tatayo-caizatoa\\\/\",\"name\":\"Universidad de las Artes - El sonido en la narrativa cinematogr\u00e1fica, tesis de Dayanna Michell Tatayo Caizatoa\",\"isPartOf\":{\"@id\":\"https:\\\/\\\/www.uartes.edu.ec\\\/sitio\\\/#website\"},\"primaryImageOfPage\":{\"@id\":\"https:\\\/\\\/www.uartes.edu.ec\\\/sitio\\\/blog\\\/2020\\\/05\\\/20\\\/el-sonido-en-la-narrativa-cinematografica-tesis-de-dayanna-michell-tatayo-caizatoa\\\/#primaryimage\"},\"image\":{\"@id\":\"https:\\\/\\\/www.uartes.edu.ec\\\/sitio\\\/blog\\\/2020\\\/05\\\/20\\\/el-sonido-en-la-narrativa-cinematografica-tesis-de-dayanna-michell-tatayo-caizatoa\\\/#primaryimage\"},\"thumbnailUrl\":\"https:\\\/\\\/www.uartes.edu.ec\\\/sitio\\\/wp-content\\\/uploads\\\/2020\\\/05\\\/DT.jpg\",\"datePublished\":\"2020-05-20T22:44:53+00:00\",\"dateModified\":\"2024-07-04T16:43:07+00:00\",\"description\":\"Universidad de las Artes - El sonido en la narrativa cinematogr\u00e1fica, tesis de Dayanna Michell Tatayo Caizatoa\",\"breadcrumb\":{\"@id\":\"https:\\\/\\\/www.uartes.edu.ec\\\/sitio\\\/blog\\\/2020\\\/05\\\/20\\\/el-sonido-en-la-narrativa-cinematografica-tesis-de-dayanna-michell-tatayo-caizatoa\\\/#breadcrumb\"},\"inLanguage\":\"es\",\"potentialAction\":[{\"@type\":\"ReadAction\",\"target\":[\"https:\\\/\\\/www.uartes.edu.ec\\\/sitio\\\/blog\\\/2020\\\/05\\\/20\\\/el-sonido-en-la-narrativa-cinematografica-tesis-de-dayanna-michell-tatayo-caizatoa\\\/\"]}]},{\"@type\":\"ImageObject\",\"inLanguage\":\"es\",\"@id\":\"https:\\\/\\\/www.uartes.edu.ec\\\/sitio\\\/blog\\\/2020\\\/05\\\/20\\\/el-sonido-en-la-narrativa-cinematografica-tesis-de-dayanna-michell-tatayo-caizatoa\\\/#primaryimage\",\"url\":\"https:\\\/\\\/www.uartes.edu.ec\\\/sitio\\\/wp-content\\\/uploads\\\/2020\\\/05\\\/DT.jpg\",\"contentUrl\":\"https:\\\/\\\/www.uartes.edu.ec\\\/sitio\\\/wp-content\\\/uploads\\\/2020\\\/05\\\/DT.jpg\",\"width\":972,\"height\":647},{\"@type\":\"BreadcrumbList\",\"@id\":\"https:\\\/\\\/www.uartes.edu.ec\\\/sitio\\\/blog\\\/2020\\\/05\\\/20\\\/el-sonido-en-la-narrativa-cinematografica-tesis-de-dayanna-michell-tatayo-caizatoa\\\/#breadcrumb\",\"itemListElement\":[{\"@type\":\"ListItem\",\"position\":1,\"name\":\"Inicio\",\"item\":\"https:\\\/\\\/www.uartes.edu.ec\\\/sitio\\\/\"},{\"@type\":\"ListItem\",\"position\":2,\"name\":\"El sonido en la narrativa cinematogr\u00e1fica, tesis de Dayanna Michell Tatayo Caizatoa\"}]},{\"@type\":\"WebSite\",\"@id\":\"https:\\\/\\\/www.uartes.edu.ec\\\/sitio\\\/#website\",\"url\":\"https:\\\/\\\/www.uartes.edu.ec\\\/sitio\\\/\",\"name\":\"Universidad de las Artes\",\"description\":\"Sitio oficial de la Universidad Nacional de las Artes del Ecuador\",\"publisher\":{\"@id\":\"https:\\\/\\\/www.uartes.edu.ec\\\/sitio\\\/#organization\"},\"potentialAction\":[{\"@type\":\"SearchAction\",\"target\":{\"@type\":\"EntryPoint\",\"urlTemplate\":\"https:\\\/\\\/www.uartes.edu.ec\\\/sitio\\\/?s={search_term_string}\"},\"query-input\":{\"@type\":\"PropertyValueSpecification\",\"valueRequired\":true,\"valueName\":\"search_term_string\"}}],\"inLanguage\":\"es\"},{\"@type\":\"Organization\",\"@id\":\"https:\\\/\\\/www.uartes.edu.ec\\\/sitio\\\/#organization\",\"name\":\"Universidad de las Artes\",\"url\":\"https:\\\/\\\/www.uartes.edu.ec\\\/sitio\\\/\",\"logo\":{\"@type\":\"ImageObject\",\"inLanguage\":\"es\",\"@id\":\"https:\\\/\\\/www.uartes.edu.ec\\\/sitio\\\/#\\\/schema\\\/logo\\\/image\\\/\",\"url\":\"https:\\\/\\\/www.uartes.edu.ec\\\/sitio\\\/wp-content\\\/uploads\\\/2022\\\/07\\\/logo-ua-horizontal.png\",\"contentUrl\":\"https:\\\/\\\/www.uartes.edu.ec\\\/sitio\\\/wp-content\\\/uploads\\\/2022\\\/07\\\/logo-ua-horizontal.png\",\"width\":800,\"height\":276,\"caption\":\"Universidad de las Artes\"},\"image\":{\"@id\":\"https:\\\/\\\/www.uartes.edu.ec\\\/sitio\\\/#\\\/schema\\\/logo\\\/image\\\/\"},\"sameAs\":[\"https:\\\/\\\/www.facebook.com\\\/uartesec\",\"https:\\\/\\\/x.com\\\/uartesec\",\"https:\\\/\\\/www.tiktok.com\\\/@uartesec\"]},{\"@type\":\"Person\",\"@id\":\"https:\\\/\\\/www.uartes.edu.ec\\\/sitio\\\/#\\\/schema\\\/person\\\/f33f8c1d2af0d5c80a38c8abf458184a\",\"name\":\"Universidad de las Artes\",\"image\":{\"@type\":\"ImageObject\",\"inLanguage\":\"es\",\"@id\":\"https:\\\/\\\/secure.gravatar.com\\\/avatar\\\/52e4757902f5cfa5ac52d020e5be83cae5487519154b6c35482fe08d589f3c13?s=96&d=mm&r=g\",\"url\":\"https:\\\/\\\/secure.gravatar.com\\\/avatar\\\/52e4757902f5cfa5ac52d020e5be83cae5487519154b6c35482fe08d589f3c13?s=96&d=mm&r=g\",\"contentUrl\":\"https:\\\/\\\/secure.gravatar.com\\\/avatar\\\/52e4757902f5cfa5ac52d020e5be83cae5487519154b6c35482fe08d589f3c13?s=96&d=mm&r=g\",\"caption\":\"Universidad de las Artes\"},\"url\":\"https:\\\/\\\/www.uartes.edu.ec\\\/sitio\\\/blog\\\/author\\\/dircomadm\\\/\"}]}<\/script>\n<!-- \/ Yoast SEO plugin. -->","yoast_head_json":{"title":"Universidad de las Artes - El sonido en la narrativa cinematogr\u00e1fica, tesis de Dayanna Michell Tatayo Caizatoa","description":"Universidad de las Artes - El sonido en la narrativa cinematogr\u00e1fica, tesis de Dayanna Michell Tatayo Caizatoa","robots":{"index":"index","follow":"follow","max-snippet":"max-snippet:-1","max-image-preview":"max-image-preview:large","max-video-preview":"max-video-preview:-1"},"canonical":"https:\/\/www.uartes.edu.ec\/sitio\/blog\/2020\/05\/20\/el-sonido-en-la-narrativa-cinematografica-tesis-de-dayanna-michell-tatayo-caizatoa\/","og_locale":"es_ES","og_type":"article","og_title":"Universidad de las Artes - El sonido en la narrativa cinematogr\u00e1fica, tesis de Dayanna Michell Tatayo Caizatoa","og_description":"Universidad de las Artes - El sonido en la narrativa cinematogr\u00e1fica, tesis de Dayanna Michell Tatayo Caizatoa","og_url":"https:\/\/www.uartes.edu.ec\/sitio\/blog\/2020\/05\/20\/el-sonido-en-la-narrativa-cinematografica-tesis-de-dayanna-michell-tatayo-caizatoa\/","og_site_name":"Universidad de las Artes","article_publisher":"https:\/\/www.facebook.com\/uartesec","article_published_time":"2020-05-20T22:44:53+00:00","article_modified_time":"2024-07-04T16:43:07+00:00","og_image":[{"width":972,"height":647,"url":"https:\/\/www.uartes.edu.ec\/sitio\/wp-content\/uploads\/2020\/05\/DT.jpg","type":"image\/jpeg"}],"author":"Universidad de las Artes","twitter_card":"summary_large_image","twitter_creator":"@uartesec","twitter_site":"@uartesec","twitter_misc":{"Escrito por":"Universidad de las Artes","Tiempo de lectura":"3 minutos"},"schema":{"@context":"https:\/\/schema.org","@graph":[{"@type":"Article","@id":"https:\/\/www.uartes.edu.ec\/sitio\/blog\/2020\/05\/20\/el-sonido-en-la-narrativa-cinematografica-tesis-de-dayanna-michell-tatayo-caizatoa\/#article","isPartOf":{"@id":"https:\/\/www.uartes.edu.ec\/sitio\/blog\/2020\/05\/20\/el-sonido-en-la-narrativa-cinematografica-tesis-de-dayanna-michell-tatayo-caizatoa\/"},"author":{"name":"Universidad de las Artes","@id":"https:\/\/www.uartes.edu.ec\/sitio\/#\/schema\/person\/f33f8c1d2af0d5c80a38c8abf458184a"},"headline":"El sonido en la narrativa cinematogr\u00e1fica, tesis de Dayanna Michell Tatayo Caizatoa","datePublished":"2020-05-20T22:44:53+00:00","dateModified":"2024-07-04T16:43:07+00:00","mainEntityOfPage":{"@id":"https:\/\/www.uartes.edu.ec\/sitio\/blog\/2020\/05\/20\/el-sonido-en-la-narrativa-cinematografica-tesis-de-dayanna-michell-tatayo-caizatoa\/"},"wordCount":667,"publisher":{"@id":"https:\/\/www.uartes.edu.ec\/sitio\/#organization"},"image":{"@id":"https:\/\/www.uartes.edu.ec\/sitio\/blog\/2020\/05\/20\/el-sonido-en-la-narrativa-cinematografica-tesis-de-dayanna-michell-tatayo-caizatoa\/#primaryimage"},"thumbnailUrl":"https:\/\/www.uartes.edu.ec\/sitio\/wp-content\/uploads\/2020\/05\/DT.jpg","keywords":["covid19"],"articleSection":["Acad\u00e9mico","Cine","Estudiantes"],"inLanguage":"es"},{"@type":["WebPage","ItemPage"],"@id":"https:\/\/www.uartes.edu.ec\/sitio\/blog\/2020\/05\/20\/el-sonido-en-la-narrativa-cinematografica-tesis-de-dayanna-michell-tatayo-caizatoa\/","url":"https:\/\/www.uartes.edu.ec\/sitio\/blog\/2020\/05\/20\/el-sonido-en-la-narrativa-cinematografica-tesis-de-dayanna-michell-tatayo-caizatoa\/","name":"Universidad de las Artes - El sonido en la narrativa cinematogr\u00e1fica, tesis de Dayanna Michell Tatayo Caizatoa","isPartOf":{"@id":"https:\/\/www.uartes.edu.ec\/sitio\/#website"},"primaryImageOfPage":{"@id":"https:\/\/www.uartes.edu.ec\/sitio\/blog\/2020\/05\/20\/el-sonido-en-la-narrativa-cinematografica-tesis-de-dayanna-michell-tatayo-caizatoa\/#primaryimage"},"image":{"@id":"https:\/\/www.uartes.edu.ec\/sitio\/blog\/2020\/05\/20\/el-sonido-en-la-narrativa-cinematografica-tesis-de-dayanna-michell-tatayo-caizatoa\/#primaryimage"},"thumbnailUrl":"https:\/\/www.uartes.edu.ec\/sitio\/wp-content\/uploads\/2020\/05\/DT.jpg","datePublished":"2020-05-20T22:44:53+00:00","dateModified":"2024-07-04T16:43:07+00:00","description":"Universidad de las Artes - El sonido en la narrativa cinematogr\u00e1fica, tesis de Dayanna Michell Tatayo Caizatoa","breadcrumb":{"@id":"https:\/\/www.uartes.edu.ec\/sitio\/blog\/2020\/05\/20\/el-sonido-en-la-narrativa-cinematografica-tesis-de-dayanna-michell-tatayo-caizatoa\/#breadcrumb"},"inLanguage":"es","potentialAction":[{"@type":"ReadAction","target":["https:\/\/www.uartes.edu.ec\/sitio\/blog\/2020\/05\/20\/el-sonido-en-la-narrativa-cinematografica-tesis-de-dayanna-michell-tatayo-caizatoa\/"]}]},{"@type":"ImageObject","inLanguage":"es","@id":"https:\/\/www.uartes.edu.ec\/sitio\/blog\/2020\/05\/20\/el-sonido-en-la-narrativa-cinematografica-tesis-de-dayanna-michell-tatayo-caizatoa\/#primaryimage","url":"https:\/\/www.uartes.edu.ec\/sitio\/wp-content\/uploads\/2020\/05\/DT.jpg","contentUrl":"https:\/\/www.uartes.edu.ec\/sitio\/wp-content\/uploads\/2020\/05\/DT.jpg","width":972,"height":647},{"@type":"BreadcrumbList","@id":"https:\/\/www.uartes.edu.ec\/sitio\/blog\/2020\/05\/20\/el-sonido-en-la-narrativa-cinematografica-tesis-de-dayanna-michell-tatayo-caizatoa\/#breadcrumb","itemListElement":[{"@type":"ListItem","position":1,"name":"Inicio","item":"https:\/\/www.uartes.edu.ec\/sitio\/"},{"@type":"ListItem","position":2,"name":"El sonido en la narrativa cinematogr\u00e1fica, tesis de Dayanna Michell Tatayo Caizatoa"}]},{"@type":"WebSite","@id":"https:\/\/www.uartes.edu.ec\/sitio\/#website","url":"https:\/\/www.uartes.edu.ec\/sitio\/","name":"Universidad de las Artes","description":"Sitio oficial de la Universidad Nacional de las Artes del Ecuador","publisher":{"@id":"https:\/\/www.uartes.edu.ec\/sitio\/#organization"},"potentialAction":[{"@type":"SearchAction","target":{"@type":"EntryPoint","urlTemplate":"https:\/\/www.uartes.edu.ec\/sitio\/?s={search_term_string}"},"query-input":{"@type":"PropertyValueSpecification","valueRequired":true,"valueName":"search_term_string"}}],"inLanguage":"es"},{"@type":"Organization","@id":"https:\/\/www.uartes.edu.ec\/sitio\/#organization","name":"Universidad de las Artes","url":"https:\/\/www.uartes.edu.ec\/sitio\/","logo":{"@type":"ImageObject","inLanguage":"es","@id":"https:\/\/www.uartes.edu.ec\/sitio\/#\/schema\/logo\/image\/","url":"https:\/\/www.uartes.edu.ec\/sitio\/wp-content\/uploads\/2022\/07\/logo-ua-horizontal.png","contentUrl":"https:\/\/www.uartes.edu.ec\/sitio\/wp-content\/uploads\/2022\/07\/logo-ua-horizontal.png","width":800,"height":276,"caption":"Universidad de las Artes"},"image":{"@id":"https:\/\/www.uartes.edu.ec\/sitio\/#\/schema\/logo\/image\/"},"sameAs":["https:\/\/www.facebook.com\/uartesec","https:\/\/x.com\/uartesec","https:\/\/www.tiktok.com\/@uartesec"]},{"@type":"Person","@id":"https:\/\/www.uartes.edu.ec\/sitio\/#\/schema\/person\/f33f8c1d2af0d5c80a38c8abf458184a","name":"Universidad de las Artes","image":{"@type":"ImageObject","inLanguage":"es","@id":"https:\/\/secure.gravatar.com\/avatar\/52e4757902f5cfa5ac52d020e5be83cae5487519154b6c35482fe08d589f3c13?s=96&d=mm&r=g","url":"https:\/\/secure.gravatar.com\/avatar\/52e4757902f5cfa5ac52d020e5be83cae5487519154b6c35482fe08d589f3c13?s=96&d=mm&r=g","contentUrl":"https:\/\/secure.gravatar.com\/avatar\/52e4757902f5cfa5ac52d020e5be83cae5487519154b6c35482fe08d589f3c13?s=96&d=mm&r=g","caption":"Universidad de las Artes"},"url":"https:\/\/www.uartes.edu.ec\/sitio\/blog\/author\/dircomadm\/"}]}},"uagb_featured_image_src":{"full":["https:\/\/www.uartes.edu.ec\/sitio\/wp-content\/uploads\/2020\/05\/DT.jpg",972,647,false],"thumbnail":["https:\/\/www.uartes.edu.ec\/sitio\/wp-content\/uploads\/2020\/05\/DT-150x150.jpg",150,150,true],"medium":["https:\/\/www.uartes.edu.ec\/sitio\/wp-content\/uploads\/2020\/05\/DT-300x200.jpg",300,200,true],"medium_large":["https:\/\/www.uartes.edu.ec\/sitio\/wp-content\/uploads\/2020\/05\/DT-768x511.jpg",768,511,true],"large":["https:\/\/www.uartes.edu.ec\/sitio\/wp-content\/uploads\/2020\/05\/DT-644x429.jpg",644,429,true],"1536x1536":["https:\/\/www.uartes.edu.ec\/sitio\/wp-content\/uploads\/2020\/05\/DT.jpg",972,647,false],"2048x2048":["https:\/\/www.uartes.edu.ec\/sitio\/wp-content\/uploads\/2020\/05\/DT.jpg",972,647,false],"trp-custom-language-flag":["https:\/\/www.uartes.edu.ec\/sitio\/wp-content\/uploads\/2020\/05\/DT.jpg",18,12,false],"htmega_size_585x295":["https:\/\/www.uartes.edu.ec\/sitio\/wp-content\/uploads\/2020\/05\/DT.jpg",443,295,false],"htmega_size_1170x536":["https:\/\/www.uartes.edu.ec\/sitio\/wp-content\/uploads\/2020\/05\/DT.jpg",805,536,false],"htmega_size_396x360":["https:\/\/www.uartes.edu.ec\/sitio\/wp-content\/uploads\/2020\/05\/DT.jpg",396,264,false],"gb-block-post-grid-landscape":["https:\/\/www.uartes.edu.ec\/sitio\/wp-content\/uploads\/2020\/05\/DT.jpg",600,400,false],"gb-block-post-grid-square":["https:\/\/www.uartes.edu.ec\/sitio\/wp-content\/uploads\/2020\/05\/DT.jpg",600,399,false],"university-hub-thumb":["https:\/\/www.uartes.edu.ec\/sitio\/wp-content\/uploads\/2020\/05\/DT-400x266.jpg",400,266,true]},"uagb_author_info":{"display_name":"Universidad de las Artes","author_link":"https:\/\/www.uartes.edu.ec\/sitio\/blog\/author\/dircomadm\/"},"uagb_comment_info":0,"uagb_excerpt":"Conocer el fuera de campo y de cuadro sonoro como recurso alternativo en el cine, mediante la investigaci\u00f3n de diversos textos y el visionado de pel\u00edculas que trabajen este tema, para comprender los diferentes m\u00e9todos que disocian sonido-imagen y su aporte narrativo, est\u00e9tico y sensorial. Dayanna Michell Tatayo Caizatoa, estudiante de la Escuela de Cine,&hellip;","featured_image_src":"https:\/\/www.uartes.edu.ec\/sitio\/wp-content\/uploads\/2020\/05\/DT.jpg","featured_image_src_square":"https:\/\/www.uartes.edu.ec\/sitio\/wp-content\/uploads\/2020\/05\/DT.jpg","author_info":{"display_name":"Universidad de las Artes","author_link":"https:\/\/www.uartes.edu.ec\/sitio\/blog\/author\/dircomadm\/"},"publishpress_future_workflow_manual_trigger":{"enabledWorkflows":[]},"distributor_meta":false,"distributor_terms":false,"distributor_media":false,"distributor_original_site_name":"Universidad de las Artes","distributor_original_site_url":"https:\/\/www.uartes.edu.ec\/sitio","push-errors":false,"_links":{"self":[{"href":"https:\/\/www.uartes.edu.ec\/sitio\/wp-json\/wp\/v2\/posts\/7102","targetHints":{"allow":["GET"]}}],"collection":[{"href":"https:\/\/www.uartes.edu.ec\/sitio\/wp-json\/wp\/v2\/posts"}],"about":[{"href":"https:\/\/www.uartes.edu.ec\/sitio\/wp-json\/wp\/v2\/types\/post"}],"author":[{"embeddable":true,"href":"https:\/\/www.uartes.edu.ec\/sitio\/wp-json\/wp\/v2\/users\/1"}],"replies":[{"embeddable":true,"href":"https:\/\/www.uartes.edu.ec\/sitio\/wp-json\/wp\/v2\/comments?post=7102"}],"version-history":[{"count":1,"href":"https:\/\/www.uartes.edu.ec\/sitio\/wp-json\/wp\/v2\/posts\/7102\/revisions"}],"predecessor-version":[{"id":7103,"href":"https:\/\/www.uartes.edu.ec\/sitio\/wp-json\/wp\/v2\/posts\/7102\/revisions\/7103"}],"wp:featuredmedia":[{"embeddable":true,"href":"https:\/\/www.uartes.edu.ec\/sitio\/wp-json\/wp\/v2\/media\/7100"}],"wp:attachment":[{"href":"https:\/\/www.uartes.edu.ec\/sitio\/wp-json\/wp\/v2\/media?parent=7102"}],"wp:term":[{"taxonomy":"category","embeddable":true,"href":"https:\/\/www.uartes.edu.ec\/sitio\/wp-json\/wp\/v2\/categories?post=7102"},{"taxonomy":"post_tag","embeddable":true,"href":"https:\/\/www.uartes.edu.ec\/sitio\/wp-json\/wp\/v2\/tags?post=7102"},{"taxonomy":"infouartes","embeddable":true,"href":"https:\/\/www.uartes.edu.ec\/sitio\/wp-json\/wp\/v2\/infouartes?post=7102"}],"curies":[{"name":"wp","href":"https:\/\/api.w.org\/{rel}","templated":true}]}}