{"id":71510,"date":"2025-05-09T18:18:00","date_gmt":"2025-05-09T23:18:00","guid":{"rendered":"https:\/\/www.uartes.edu.ec\/sitio\/?p=71510"},"modified":"2025-05-14T17:50:43","modified_gmt":"2025-05-14T22:50:43","slug":"docente-uartes-jorge-flores-velasco-participara-en-el-marche-du-film-del-festival-de-cannes-con-su-proyecto-malecon-bajo","status":"publish","type":"post","link":"https:\/\/www.uartes.edu.ec\/sitio\/blog\/2025\/05\/09\/docente-uartes-jorge-flores-velasco-participara-en-el-marche-du-film-del-festival-de-cannes-con-su-proyecto-malecon-bajo\/","title":{"rendered":"Docente UArtes Jorge Flores participar\u00e1 en el March\u00e9 du Film del Festival de Cannes con el largometraje \u201cMalec\u00f3n Bajo\u201d"},"content":{"rendered":"\n<p>El largometraje \u201cMalec\u00f3n Bajo\u201d, dirigido por el cineasta Jorge Flores Velasco, docente de la Universidad de las Artes, ha sido seleccionado para participar en el March\u00e9 du Film del Festival de Cannes, el mercado cinematogr\u00e1fico m\u00e1s importante del mundo. La participaci\u00f3n cuenta con el respaldo del Instituto de Fomento a la Creatividad y la Innovaci\u00f3n (IFCI), a trav\u00e9s de su l\u00ednea de financiamiento para movilidad internacional.<\/p>\n\n\n\n<p>El proyecto, producido por Magali Ramos y desarrollado por la productora Gatazo Film, ser\u00e1 presentado en Cannes con el objetivo de establecer alianzas de coproducci\u00f3n, distribuci\u00f3n y exhibici\u00f3n en mercados internacionales. La propuesta ha destacado por su enfoque visual potente, su narraci\u00f3n anclada en problem\u00e1ticas urbanas contempor\u00e1neas y su potencial de circulaci\u00f3n en festivales globales.<\/p>\n\n\n\n<p>Adem\u00e1s de su dimensi\u00f3n art\u00edstica y de producci\u00f3n, Malec\u00f3n Bajo forma parte del proyecto de investigaci\u00f3n \u201cMalec\u00f3n Bajo: Narrativas de Alienaci\u00f3n y Redenci\u00f3n Urbana desde el Cine Contempor\u00e1neo Latinoamericano\u201d, dirigido tambi\u00e9n por Jorge Flores Velasco en el marco de su labor docente e investigativa en la Universidad de las Artes. <\/p>\n\n\n<div class=\"wp-block-image\">\n<figure class=\"aligncenter size-large\"><img fetchpriority=\"high\" decoding=\"async\" width=\"644\" height=\"429\" src=\"https:\/\/www.uartes.edu.ec\/sitio\/wp-content\/uploads\/2025\/05\/MALECON-BAJO-JORGE-FLORES-01-644x429.jpg\" alt=\"\" class=\"wp-image-71511\" srcset=\"https:\/\/www.uartes.edu.ec\/sitio\/wp-content\/uploads\/2025\/05\/MALECON-BAJO-JORGE-FLORES-01-644x429.jpg 644w, https:\/\/www.uartes.edu.ec\/sitio\/wp-content\/uploads\/2025\/05\/MALECON-BAJO-JORGE-FLORES-01-300x200.jpg 300w, https:\/\/www.uartes.edu.ec\/sitio\/wp-content\/uploads\/2025\/05\/MALECON-BAJO-JORGE-FLORES-01-768x512.jpg 768w, https:\/\/www.uartes.edu.ec\/sitio\/wp-content\/uploads\/2025\/05\/MALECON-BAJO-JORGE-FLORES-01-1536x1024.jpg 1536w, https:\/\/www.uartes.edu.ec\/sitio\/wp-content\/uploads\/2025\/05\/MALECON-BAJO-JORGE-FLORES-01-18x12.jpg 18w, https:\/\/www.uartes.edu.ec\/sitio\/wp-content\/uploads\/2025\/05\/MALECON-BAJO-JORGE-FLORES-01-600x400.jpg 600w, https:\/\/www.uartes.edu.ec\/sitio\/wp-content\/uploads\/2025\/05\/MALECON-BAJO-JORGE-FLORES-01-400x267.jpg 400w, https:\/\/www.uartes.edu.ec\/sitio\/wp-content\/uploads\/2025\/05\/MALECON-BAJO-JORGE-FLORES-01.jpg 2000w\" sizes=\"(max-width: 644px) 100vw, 644px\" \/><\/figure>\n<\/div>\n\n\n<p>El proyecto de investigaci\u00f3n se desarrolla con la participaci\u00f3n de los estudiantes Luisin Ponce, Sebasti\u00e1n A. Celleri y Ana Paula Trujillo, promoviendo un enfoque acad\u00e9mico que vincula la creaci\u00f3n cinematogr\u00e1fica con la reflexi\u00f3n cr\u00edtica y colectiva sobre el cine y la ciudad.<\/p>\n\n\n\n<p>Como parte del compromiso acad\u00e9mico y formativo, y en el marco del v\u00ednculo entre la creaci\u00f3n art\u00edstica y la ense\u00f1anza universitaria, Jorge Flores Velasco ofrecer\u00e1 una conferencia especial a su regreso, dirigida a estudiantes de Cine y de Artes Visuales. En esta charla compartir\u00e1 reflexiones sobre su experiencia en el March\u00e9 du Film desde una doble perspectiva: la direcci\u00f3n cinematogr\u00e1fica y la producci\u00f3n ejecutiva, abordando temas clave como el pitching internacional, las estrategias de posicionamiento de proyectos y los aprendizajes adquiridos en uno de los mercados m\u00e1s exigentes de la industria audiovisual.<\/p>\n\n\n\n<p>\u201cPoder representar al cine ecuatoriano en Cannes y, a la vez, traer de vuelta herramientas concretas para los procesos de formaci\u00f3n en nuestra universidad es una oportunidad invaluable\u201d, se\u00f1ala Jorge Flores.<\/p>\n\n\n\n<p>Esta iniciativa fortalece el compromiso de la Universidad de las Artes con la inserci\u00f3n internacional de sus docentes y creadores, y con la formaci\u00f3n cr\u00edtica y actualizada de sus estudiantes frente a los desaf\u00edos de la industria global del cine.<\/p>\n","protected":false},"excerpt":{"rendered":"<p>El largometraje \u201cMalec\u00f3n Bajo\u201d, dirigido por el cineasta Jorge Flores, docente UArtes, participar\u00e1 en el March\u00e9 du Film del Festival de Cannes. Cuenta con el respaldo del Instituto de Fomento a la Creatividad y la Innovaci\u00f3n, a trav\u00e9s de su l\u00ednea de financiamiento para movilidad internacional. Como parte del compromiso acad\u00e9mico y formativo, el docente dar\u00e1 una conferencia especial a su regreso, dirigida a estudiantes de Cine y Artes Visuales.<\/p>\n","protected":false},"author":10,"featured_media":71513,"comment_status":"open","ping_status":"open","sticky":false,"template":"","format":"standard","meta":{"_acf_changed":false,"_uag_custom_page_level_css":"","_monsterinsights_skip_tracking":false,"_monsterinsights_sitenote_active":false,"_monsterinsights_sitenote_note":"","_monsterinsights_sitenote_category":0,"cybocfi_hide_featured_image":"","footnotes":""},"categories":[80,147,75],"tags":[518],"infouartes":[],"class_list":["post-71510","post","type-post","status-publish","format-standard","has-post-thumbnail","hentry","category-academico","category-cine","category-docentes","tag-produccion"],"acf":[],"yoast_head":"<!-- This site is optimized with the Yoast SEO plugin v27.4 - https:\/\/yoast.com\/product\/yoast-seo-wordpress\/ -->\n<title>Universidad de las Artes - Docente UArtes Jorge Flores participar\u00e1 en el March\u00e9 du Film del Festival de Cannes con el largometraje \u201cMalec\u00f3n Bajo\u201d<\/title>\n<meta name=\"description\" content=\"Universidad de las Artes - Docente UArtes Jorge Flores participar\u00e1 en el March\u00e9 du Film del Festival de Cannes con el largometraje \u201cMalec\u00f3n Bajo\u201d\" \/>\n<meta name=\"robots\" content=\"index, follow, max-snippet:-1, max-image-preview:large, max-video-preview:-1\" \/>\n<link rel=\"canonical\" href=\"https:\/\/www.uartes.edu.ec\/sitio\/blog\/2025\/05\/09\/docente-uartes-jorge-flores-velasco-participara-en-el-marche-du-film-del-festival-de-cannes-con-su-proyecto-malecon-bajo\/\" \/>\n<meta property=\"og:locale\" content=\"es_ES\" \/>\n<meta property=\"og:type\" content=\"article\" \/>\n<meta property=\"og:title\" content=\"Universidad de las Artes - Docente UArtes Jorge Flores participar\u00e1 en el March\u00e9 du Film del Festival de Cannes con el largometraje \u201cMalec\u00f3n Bajo\u201d\" \/>\n<meta property=\"og:description\" content=\"Universidad de las Artes - Docente UArtes Jorge Flores participar\u00e1 en el March\u00e9 du Film del Festival de Cannes con el largometraje \u201cMalec\u00f3n Bajo\u201d\" \/>\n<meta property=\"og:url\" content=\"https:\/\/www.uartes.edu.ec\/sitio\/blog\/2025\/05\/09\/docente-uartes-jorge-flores-velasco-participara-en-el-marche-du-film-del-festival-de-cannes-con-su-proyecto-malecon-bajo\/\" \/>\n<meta property=\"og:site_name\" content=\"Universidad de las Artes\" \/>\n<meta property=\"article:publisher\" content=\"https:\/\/www.facebook.com\/uartesec\" \/>\n<meta property=\"article:published_time\" content=\"2025-05-09T23:18:00+00:00\" \/>\n<meta property=\"article:modified_time\" content=\"2025-05-14T22:50:43+00:00\" \/>\n<meta property=\"og:image\" content=\"https:\/\/www.uartes.edu.ec\/sitio\/wp-content\/uploads\/2025\/05\/MALECON-BAJO-JORGE-FLORES-02.jpg\" \/>\n\t<meta property=\"og:image:width\" content=\"2000\" \/>\n\t<meta property=\"og:image:height\" content=\"1333\" \/>\n\t<meta property=\"og:image:type\" content=\"image\/jpeg\" \/>\n<meta name=\"author\" content=\"ccortez\" \/>\n<meta name=\"twitter:card\" content=\"summary_large_image\" \/>\n<meta name=\"twitter:creator\" content=\"@uartesec\" \/>\n<meta name=\"twitter:site\" content=\"@uartesec\" \/>\n<meta name=\"twitter:label1\" content=\"Escrito por\" \/>\n\t<meta name=\"twitter:data1\" content=\"ccortez\" \/>\n\t<meta name=\"twitter:label2\" content=\"Tiempo de lectura\" \/>\n\t<meta name=\"twitter:data2\" content=\"2 minutos\" \/>\n<script type=\"application\/ld+json\" class=\"yoast-schema-graph\">{\"@context\":\"https:\\\/\\\/schema.org\",\"@graph\":[{\"@type\":\"Article\",\"@id\":\"https:\\\/\\\/www.uartes.edu.ec\\\/sitio\\\/blog\\\/2025\\\/05\\\/09\\\/docente-uartes-jorge-flores-velasco-participara-en-el-marche-du-film-del-festival-de-cannes-con-su-proyecto-malecon-bajo\\\/#article\",\"isPartOf\":{\"@id\":\"https:\\\/\\\/www.uartes.edu.ec\\\/sitio\\\/blog\\\/2025\\\/05\\\/09\\\/docente-uartes-jorge-flores-velasco-participara-en-el-marche-du-film-del-festival-de-cannes-con-su-proyecto-malecon-bajo\\\/\"},\"author\":{\"name\":\"ccortez\",\"@id\":\"https:\\\/\\\/www.uartes.edu.ec\\\/sitio\\\/#\\\/schema\\\/person\\\/efa1b8275797664fd7f13a79ccc0b1f4\"},\"headline\":\"Docente UArtes Jorge Flores participar\u00e1 en el March\u00e9 du Film del Festival de Cannes con el largometraje \u201cMalec\u00f3n Bajo\u201d\",\"datePublished\":\"2025-05-09T23:18:00+00:00\",\"dateModified\":\"2025-05-14T22:50:43+00:00\",\"mainEntityOfPage\":{\"@id\":\"https:\\\/\\\/www.uartes.edu.ec\\\/sitio\\\/blog\\\/2025\\\/05\\\/09\\\/docente-uartes-jorge-flores-velasco-participara-en-el-marche-du-film-del-festival-de-cannes-con-su-proyecto-malecon-bajo\\\/\"},\"wordCount\":444,\"commentCount\":0,\"publisher\":{\"@id\":\"https:\\\/\\\/www.uartes.edu.ec\\\/sitio\\\/#organization\"},\"image\":{\"@id\":\"https:\\\/\\\/www.uartes.edu.ec\\\/sitio\\\/blog\\\/2025\\\/05\\\/09\\\/docente-uartes-jorge-flores-velasco-participara-en-el-marche-du-film-del-festival-de-cannes-con-su-proyecto-malecon-bajo\\\/#primaryimage\"},\"thumbnailUrl\":\"https:\\\/\\\/www.uartes.edu.ec\\\/sitio\\\/wp-content\\\/uploads\\\/2025\\\/05\\\/MALECON-BAJO-JORGE-FLORES-02.jpg\",\"keywords\":[\"producci\u00f3n\"],\"articleSection\":[\"Acad\u00e9mico\",\"Cine\",\"Docentes\"],\"inLanguage\":\"es\",\"potentialAction\":[{\"@type\":\"CommentAction\",\"name\":\"Comment\",\"target\":[\"https:\\\/\\\/www.uartes.edu.ec\\\/sitio\\\/blog\\\/2025\\\/05\\\/09\\\/docente-uartes-jorge-flores-velasco-participara-en-el-marche-du-film-del-festival-de-cannes-con-su-proyecto-malecon-bajo\\\/#respond\"]}]},{\"@type\":[\"WebPage\",\"ItemPage\"],\"@id\":\"https:\\\/\\\/www.uartes.edu.ec\\\/sitio\\\/blog\\\/2025\\\/05\\\/09\\\/docente-uartes-jorge-flores-velasco-participara-en-el-marche-du-film-del-festival-de-cannes-con-su-proyecto-malecon-bajo\\\/\",\"url\":\"https:\\\/\\\/www.uartes.edu.ec\\\/sitio\\\/blog\\\/2025\\\/05\\\/09\\\/docente-uartes-jorge-flores-velasco-participara-en-el-marche-du-film-del-festival-de-cannes-con-su-proyecto-malecon-bajo\\\/\",\"name\":\"Universidad de las Artes - Docente UArtes Jorge Flores participar\u00e1 en el March\u00e9 du Film del Festival de Cannes con el largometraje \u201cMalec\u00f3n Bajo\u201d\",\"isPartOf\":{\"@id\":\"https:\\\/\\\/www.uartes.edu.ec\\\/sitio\\\/#website\"},\"primaryImageOfPage\":{\"@id\":\"https:\\\/\\\/www.uartes.edu.ec\\\/sitio\\\/blog\\\/2025\\\/05\\\/09\\\/docente-uartes-jorge-flores-velasco-participara-en-el-marche-du-film-del-festival-de-cannes-con-su-proyecto-malecon-bajo\\\/#primaryimage\"},\"image\":{\"@id\":\"https:\\\/\\\/www.uartes.edu.ec\\\/sitio\\\/blog\\\/2025\\\/05\\\/09\\\/docente-uartes-jorge-flores-velasco-participara-en-el-marche-du-film-del-festival-de-cannes-con-su-proyecto-malecon-bajo\\\/#primaryimage\"},\"thumbnailUrl\":\"https:\\\/\\\/www.uartes.edu.ec\\\/sitio\\\/wp-content\\\/uploads\\\/2025\\\/05\\\/MALECON-BAJO-JORGE-FLORES-02.jpg\",\"datePublished\":\"2025-05-09T23:18:00+00:00\",\"dateModified\":\"2025-05-14T22:50:43+00:00\",\"description\":\"Universidad de las Artes - Docente UArtes Jorge Flores participar\u00e1 en el March\u00e9 du Film del Festival de Cannes con el largometraje \u201cMalec\u00f3n Bajo\u201d\",\"breadcrumb\":{\"@id\":\"https:\\\/\\\/www.uartes.edu.ec\\\/sitio\\\/blog\\\/2025\\\/05\\\/09\\\/docente-uartes-jorge-flores-velasco-participara-en-el-marche-du-film-del-festival-de-cannes-con-su-proyecto-malecon-bajo\\\/#breadcrumb\"},\"inLanguage\":\"es\",\"potentialAction\":[{\"@type\":\"ReadAction\",\"target\":[\"https:\\\/\\\/www.uartes.edu.ec\\\/sitio\\\/blog\\\/2025\\\/05\\\/09\\\/docente-uartes-jorge-flores-velasco-participara-en-el-marche-du-film-del-festival-de-cannes-con-su-proyecto-malecon-bajo\\\/\"]}]},{\"@type\":\"ImageObject\",\"inLanguage\":\"es\",\"@id\":\"https:\\\/\\\/www.uartes.edu.ec\\\/sitio\\\/blog\\\/2025\\\/05\\\/09\\\/docente-uartes-jorge-flores-velasco-participara-en-el-marche-du-film-del-festival-de-cannes-con-su-proyecto-malecon-bajo\\\/#primaryimage\",\"url\":\"https:\\\/\\\/www.uartes.edu.ec\\\/sitio\\\/wp-content\\\/uploads\\\/2025\\\/05\\\/MALECON-BAJO-JORGE-FLORES-02.jpg\",\"contentUrl\":\"https:\\\/\\\/www.uartes.edu.ec\\\/sitio\\\/wp-content\\\/uploads\\\/2025\\\/05\\\/MALECON-BAJO-JORGE-FLORES-02.jpg\",\"width\":2000,\"height\":1333},{\"@type\":\"BreadcrumbList\",\"@id\":\"https:\\\/\\\/www.uartes.edu.ec\\\/sitio\\\/blog\\\/2025\\\/05\\\/09\\\/docente-uartes-jorge-flores-velasco-participara-en-el-marche-du-film-del-festival-de-cannes-con-su-proyecto-malecon-bajo\\\/#breadcrumb\",\"itemListElement\":[{\"@type\":\"ListItem\",\"position\":1,\"name\":\"Inicio\",\"item\":\"https:\\\/\\\/www.uartes.edu.ec\\\/sitio\\\/\"},{\"@type\":\"ListItem\",\"position\":2,\"name\":\"Docente UArtes Jorge Flores participar\u00e1 en el March\u00e9 du Film del Festival de Cannes con el largometraje \u201cMalec\u00f3n Bajo\u201d\"}]},{\"@type\":\"WebSite\",\"@id\":\"https:\\\/\\\/www.uartes.edu.ec\\\/sitio\\\/#website\",\"url\":\"https:\\\/\\\/www.uartes.edu.ec\\\/sitio\\\/\",\"name\":\"Universidad de las Artes\",\"description\":\"Sitio oficial de la Universidad Nacional de las Artes del Ecuador\",\"publisher\":{\"@id\":\"https:\\\/\\\/www.uartes.edu.ec\\\/sitio\\\/#organization\"},\"potentialAction\":[{\"@type\":\"SearchAction\",\"target\":{\"@type\":\"EntryPoint\",\"urlTemplate\":\"https:\\\/\\\/www.uartes.edu.ec\\\/sitio\\\/?s={search_term_string}\"},\"query-input\":{\"@type\":\"PropertyValueSpecification\",\"valueRequired\":true,\"valueName\":\"search_term_string\"}}],\"inLanguage\":\"es\"},{\"@type\":\"Organization\",\"@id\":\"https:\\\/\\\/www.uartes.edu.ec\\\/sitio\\\/#organization\",\"name\":\"Universidad de las Artes\",\"url\":\"https:\\\/\\\/www.uartes.edu.ec\\\/sitio\\\/\",\"logo\":{\"@type\":\"ImageObject\",\"inLanguage\":\"es\",\"@id\":\"https:\\\/\\\/www.uartes.edu.ec\\\/sitio\\\/#\\\/schema\\\/logo\\\/image\\\/\",\"url\":\"https:\\\/\\\/www.uartes.edu.ec\\\/sitio\\\/wp-content\\\/uploads\\\/2022\\\/07\\\/logo-ua-horizontal.png\",\"contentUrl\":\"https:\\\/\\\/www.uartes.edu.ec\\\/sitio\\\/wp-content\\\/uploads\\\/2022\\\/07\\\/logo-ua-horizontal.png\",\"width\":800,\"height\":276,\"caption\":\"Universidad de las Artes\"},\"image\":{\"@id\":\"https:\\\/\\\/www.uartes.edu.ec\\\/sitio\\\/#\\\/schema\\\/logo\\\/image\\\/\"},\"sameAs\":[\"https:\\\/\\\/www.facebook.com\\\/uartesec\",\"https:\\\/\\\/x.com\\\/uartesec\",\"https:\\\/\\\/www.tiktok.com\\\/@uartesec\"]},{\"@type\":\"Person\",\"@id\":\"https:\\\/\\\/www.uartes.edu.ec\\\/sitio\\\/#\\\/schema\\\/person\\\/efa1b8275797664fd7f13a79ccc0b1f4\",\"name\":\"ccortez\",\"image\":{\"@type\":\"ImageObject\",\"inLanguage\":\"es\",\"@id\":\"https:\\\/\\\/secure.gravatar.com\\\/avatar\\\/b2a6f664a3ae8e074346ef91775736c5ec479e637ecced6842de9dc98b5da9cd?s=96&d=mm&r=g\",\"url\":\"https:\\\/\\\/secure.gravatar.com\\\/avatar\\\/b2a6f664a3ae8e074346ef91775736c5ec479e637ecced6842de9dc98b5da9cd?s=96&d=mm&r=g\",\"contentUrl\":\"https:\\\/\\\/secure.gravatar.com\\\/avatar\\\/b2a6f664a3ae8e074346ef91775736c5ec479e637ecced6842de9dc98b5da9cd?s=96&d=mm&r=g\",\"caption\":\"ccortez\"},\"url\":\"https:\\\/\\\/www.uartes.edu.ec\\\/sitio\\\/blog\\\/author\\\/ccortez\\\/\"}]}<\/script>\n<!-- \/ Yoast SEO plugin. -->","yoast_head_json":{"title":"Universidad de las Artes - Docente UArtes Jorge Flores participar\u00e1 en el March\u00e9 du Film del Festival de Cannes con el largometraje \u201cMalec\u00f3n Bajo\u201d","description":"Universidad de las Artes - Docente UArtes Jorge Flores participar\u00e1 en el March\u00e9 du Film del Festival de Cannes con el largometraje \u201cMalec\u00f3n Bajo\u201d","robots":{"index":"index","follow":"follow","max-snippet":"max-snippet:-1","max-image-preview":"max-image-preview:large","max-video-preview":"max-video-preview:-1"},"canonical":"https:\/\/www.uartes.edu.ec\/sitio\/blog\/2025\/05\/09\/docente-uartes-jorge-flores-velasco-participara-en-el-marche-du-film-del-festival-de-cannes-con-su-proyecto-malecon-bajo\/","og_locale":"es_ES","og_type":"article","og_title":"Universidad de las Artes - Docente UArtes Jorge Flores participar\u00e1 en el March\u00e9 du Film del Festival de Cannes con el largometraje \u201cMalec\u00f3n Bajo\u201d","og_description":"Universidad de las Artes - Docente UArtes Jorge Flores participar\u00e1 en el March\u00e9 du Film del Festival de Cannes con el largometraje \u201cMalec\u00f3n Bajo\u201d","og_url":"https:\/\/www.uartes.edu.ec\/sitio\/blog\/2025\/05\/09\/docente-uartes-jorge-flores-velasco-participara-en-el-marche-du-film-del-festival-de-cannes-con-su-proyecto-malecon-bajo\/","og_site_name":"Universidad de las Artes","article_publisher":"https:\/\/www.facebook.com\/uartesec","article_published_time":"2025-05-09T23:18:00+00:00","article_modified_time":"2025-05-14T22:50:43+00:00","og_image":[{"width":2000,"height":1333,"url":"https:\/\/www.uartes.edu.ec\/sitio\/wp-content\/uploads\/2025\/05\/MALECON-BAJO-JORGE-FLORES-02.jpg","type":"image\/jpeg"}],"author":"ccortez","twitter_card":"summary_large_image","twitter_creator":"@uartesec","twitter_site":"@uartesec","twitter_misc":{"Escrito por":"ccortez","Tiempo de lectura":"2 minutos"},"schema":{"@context":"https:\/\/schema.org","@graph":[{"@type":"Article","@id":"https:\/\/www.uartes.edu.ec\/sitio\/blog\/2025\/05\/09\/docente-uartes-jorge-flores-velasco-participara-en-el-marche-du-film-del-festival-de-cannes-con-su-proyecto-malecon-bajo\/#article","isPartOf":{"@id":"https:\/\/www.uartes.edu.ec\/sitio\/blog\/2025\/05\/09\/docente-uartes-jorge-flores-velasco-participara-en-el-marche-du-film-del-festival-de-cannes-con-su-proyecto-malecon-bajo\/"},"author":{"name":"ccortez","@id":"https:\/\/www.uartes.edu.ec\/sitio\/#\/schema\/person\/efa1b8275797664fd7f13a79ccc0b1f4"},"headline":"Docente UArtes Jorge Flores participar\u00e1 en el March\u00e9 du Film del Festival de Cannes con el largometraje \u201cMalec\u00f3n Bajo\u201d","datePublished":"2025-05-09T23:18:00+00:00","dateModified":"2025-05-14T22:50:43+00:00","mainEntityOfPage":{"@id":"https:\/\/www.uartes.edu.ec\/sitio\/blog\/2025\/05\/09\/docente-uartes-jorge-flores-velasco-participara-en-el-marche-du-film-del-festival-de-cannes-con-su-proyecto-malecon-bajo\/"},"wordCount":444,"commentCount":0,"publisher":{"@id":"https:\/\/www.uartes.edu.ec\/sitio\/#organization"},"image":{"@id":"https:\/\/www.uartes.edu.ec\/sitio\/blog\/2025\/05\/09\/docente-uartes-jorge-flores-velasco-participara-en-el-marche-du-film-del-festival-de-cannes-con-su-proyecto-malecon-bajo\/#primaryimage"},"thumbnailUrl":"https:\/\/www.uartes.edu.ec\/sitio\/wp-content\/uploads\/2025\/05\/MALECON-BAJO-JORGE-FLORES-02.jpg","keywords":["producci\u00f3n"],"articleSection":["Acad\u00e9mico","Cine","Docentes"],"inLanguage":"es","potentialAction":[{"@type":"CommentAction","name":"Comment","target":["https:\/\/www.uartes.edu.ec\/sitio\/blog\/2025\/05\/09\/docente-uartes-jorge-flores-velasco-participara-en-el-marche-du-film-del-festival-de-cannes-con-su-proyecto-malecon-bajo\/#respond"]}]},{"@type":["WebPage","ItemPage"],"@id":"https:\/\/www.uartes.edu.ec\/sitio\/blog\/2025\/05\/09\/docente-uartes-jorge-flores-velasco-participara-en-el-marche-du-film-del-festival-de-cannes-con-su-proyecto-malecon-bajo\/","url":"https:\/\/www.uartes.edu.ec\/sitio\/blog\/2025\/05\/09\/docente-uartes-jorge-flores-velasco-participara-en-el-marche-du-film-del-festival-de-cannes-con-su-proyecto-malecon-bajo\/","name":"Universidad de las Artes - Docente UArtes Jorge Flores participar\u00e1 en el March\u00e9 du Film del Festival de Cannes con el largometraje \u201cMalec\u00f3n Bajo\u201d","isPartOf":{"@id":"https:\/\/www.uartes.edu.ec\/sitio\/#website"},"primaryImageOfPage":{"@id":"https:\/\/www.uartes.edu.ec\/sitio\/blog\/2025\/05\/09\/docente-uartes-jorge-flores-velasco-participara-en-el-marche-du-film-del-festival-de-cannes-con-su-proyecto-malecon-bajo\/#primaryimage"},"image":{"@id":"https:\/\/www.uartes.edu.ec\/sitio\/blog\/2025\/05\/09\/docente-uartes-jorge-flores-velasco-participara-en-el-marche-du-film-del-festival-de-cannes-con-su-proyecto-malecon-bajo\/#primaryimage"},"thumbnailUrl":"https:\/\/www.uartes.edu.ec\/sitio\/wp-content\/uploads\/2025\/05\/MALECON-BAJO-JORGE-FLORES-02.jpg","datePublished":"2025-05-09T23:18:00+00:00","dateModified":"2025-05-14T22:50:43+00:00","description":"Universidad de las Artes - Docente UArtes Jorge Flores participar\u00e1 en el March\u00e9 du Film del Festival de Cannes con el largometraje \u201cMalec\u00f3n Bajo\u201d","breadcrumb":{"@id":"https:\/\/www.uartes.edu.ec\/sitio\/blog\/2025\/05\/09\/docente-uartes-jorge-flores-velasco-participara-en-el-marche-du-film-del-festival-de-cannes-con-su-proyecto-malecon-bajo\/#breadcrumb"},"inLanguage":"es","potentialAction":[{"@type":"ReadAction","target":["https:\/\/www.uartes.edu.ec\/sitio\/blog\/2025\/05\/09\/docente-uartes-jorge-flores-velasco-participara-en-el-marche-du-film-del-festival-de-cannes-con-su-proyecto-malecon-bajo\/"]}]},{"@type":"ImageObject","inLanguage":"es","@id":"https:\/\/www.uartes.edu.ec\/sitio\/blog\/2025\/05\/09\/docente-uartes-jorge-flores-velasco-participara-en-el-marche-du-film-del-festival-de-cannes-con-su-proyecto-malecon-bajo\/#primaryimage","url":"https:\/\/www.uartes.edu.ec\/sitio\/wp-content\/uploads\/2025\/05\/MALECON-BAJO-JORGE-FLORES-02.jpg","contentUrl":"https:\/\/www.uartes.edu.ec\/sitio\/wp-content\/uploads\/2025\/05\/MALECON-BAJO-JORGE-FLORES-02.jpg","width":2000,"height":1333},{"@type":"BreadcrumbList","@id":"https:\/\/www.uartes.edu.ec\/sitio\/blog\/2025\/05\/09\/docente-uartes-jorge-flores-velasco-participara-en-el-marche-du-film-del-festival-de-cannes-con-su-proyecto-malecon-bajo\/#breadcrumb","itemListElement":[{"@type":"ListItem","position":1,"name":"Inicio","item":"https:\/\/www.uartes.edu.ec\/sitio\/"},{"@type":"ListItem","position":2,"name":"Docente UArtes Jorge Flores participar\u00e1 en el March\u00e9 du Film del Festival de Cannes con el largometraje \u201cMalec\u00f3n Bajo\u201d"}]},{"@type":"WebSite","@id":"https:\/\/www.uartes.edu.ec\/sitio\/#website","url":"https:\/\/www.uartes.edu.ec\/sitio\/","name":"Universidad de las Artes","description":"Sitio oficial de la Universidad Nacional de las Artes del Ecuador","publisher":{"@id":"https:\/\/www.uartes.edu.ec\/sitio\/#organization"},"potentialAction":[{"@type":"SearchAction","target":{"@type":"EntryPoint","urlTemplate":"https:\/\/www.uartes.edu.ec\/sitio\/?s={search_term_string}"},"query-input":{"@type":"PropertyValueSpecification","valueRequired":true,"valueName":"search_term_string"}}],"inLanguage":"es"},{"@type":"Organization","@id":"https:\/\/www.uartes.edu.ec\/sitio\/#organization","name":"Universidad de las Artes","url":"https:\/\/www.uartes.edu.ec\/sitio\/","logo":{"@type":"ImageObject","inLanguage":"es","@id":"https:\/\/www.uartes.edu.ec\/sitio\/#\/schema\/logo\/image\/","url":"https:\/\/www.uartes.edu.ec\/sitio\/wp-content\/uploads\/2022\/07\/logo-ua-horizontal.png","contentUrl":"https:\/\/www.uartes.edu.ec\/sitio\/wp-content\/uploads\/2022\/07\/logo-ua-horizontal.png","width":800,"height":276,"caption":"Universidad de las Artes"},"image":{"@id":"https:\/\/www.uartes.edu.ec\/sitio\/#\/schema\/logo\/image\/"},"sameAs":["https:\/\/www.facebook.com\/uartesec","https:\/\/x.com\/uartesec","https:\/\/www.tiktok.com\/@uartesec"]},{"@type":"Person","@id":"https:\/\/www.uartes.edu.ec\/sitio\/#\/schema\/person\/efa1b8275797664fd7f13a79ccc0b1f4","name":"ccortez","image":{"@type":"ImageObject","inLanguage":"es","@id":"https:\/\/secure.gravatar.com\/avatar\/b2a6f664a3ae8e074346ef91775736c5ec479e637ecced6842de9dc98b5da9cd?s=96&d=mm&r=g","url":"https:\/\/secure.gravatar.com\/avatar\/b2a6f664a3ae8e074346ef91775736c5ec479e637ecced6842de9dc98b5da9cd?s=96&d=mm&r=g","contentUrl":"https:\/\/secure.gravatar.com\/avatar\/b2a6f664a3ae8e074346ef91775736c5ec479e637ecced6842de9dc98b5da9cd?s=96&d=mm&r=g","caption":"ccortez"},"url":"https:\/\/www.uartes.edu.ec\/sitio\/blog\/author\/ccortez\/"}]}},"uagb_featured_image_src":{"full":["https:\/\/www.uartes.edu.ec\/sitio\/wp-content\/uploads\/2025\/05\/MALECON-BAJO-JORGE-FLORES-02.jpg",2000,1333,false],"thumbnail":["https:\/\/www.uartes.edu.ec\/sitio\/wp-content\/uploads\/2025\/05\/MALECON-BAJO-JORGE-FLORES-02-150x150.jpg",150,150,true],"medium":["https:\/\/www.uartes.edu.ec\/sitio\/wp-content\/uploads\/2025\/05\/MALECON-BAJO-JORGE-FLORES-02-300x200.jpg",300,200,true],"medium_large":["https:\/\/www.uartes.edu.ec\/sitio\/wp-content\/uploads\/2025\/05\/MALECON-BAJO-JORGE-FLORES-02-768x512.jpg",768,512,true],"large":["https:\/\/www.uartes.edu.ec\/sitio\/wp-content\/uploads\/2025\/05\/MALECON-BAJO-JORGE-FLORES-02-644x429.jpg",644,429,true],"1536x1536":["https:\/\/www.uartes.edu.ec\/sitio\/wp-content\/uploads\/2025\/05\/MALECON-BAJO-JORGE-FLORES-02-1536x1024.jpg",1536,1024,true],"2048x2048":["https:\/\/www.uartes.edu.ec\/sitio\/wp-content\/uploads\/2025\/05\/MALECON-BAJO-JORGE-FLORES-02.jpg",2000,1333,false],"trp-custom-language-flag":["https:\/\/www.uartes.edu.ec\/sitio\/wp-content\/uploads\/2025\/05\/MALECON-BAJO-JORGE-FLORES-02-18x12.jpg",18,12,true],"htmega_size_585x295":["https:\/\/www.uartes.edu.ec\/sitio\/wp-content\/uploads\/2025\/05\/MALECON-BAJO-JORGE-FLORES-02-585x295.jpg",585,295,true],"htmega_size_1170x536":["https:\/\/www.uartes.edu.ec\/sitio\/wp-content\/uploads\/2025\/05\/MALECON-BAJO-JORGE-FLORES-02-1170x536.jpg",1170,536,true],"htmega_size_396x360":["https:\/\/www.uartes.edu.ec\/sitio\/wp-content\/uploads\/2025\/05\/MALECON-BAJO-JORGE-FLORES-02-396x360.jpg",396,360,true],"gb-block-post-grid-landscape":["https:\/\/www.uartes.edu.ec\/sitio\/wp-content\/uploads\/2025\/05\/MALECON-BAJO-JORGE-FLORES-02-600x400.jpg",600,400,true],"gb-block-post-grid-square":["https:\/\/www.uartes.edu.ec\/sitio\/wp-content\/uploads\/2025\/05\/MALECON-BAJO-JORGE-FLORES-02-600x600.jpg",600,600,true],"university-hub-thumb":["https:\/\/www.uartes.edu.ec\/sitio\/wp-content\/uploads\/2025\/05\/MALECON-BAJO-JORGE-FLORES-02-400x267.jpg",400,267,true]},"uagb_author_info":{"display_name":"ccortez","author_link":"https:\/\/www.uartes.edu.ec\/sitio\/blog\/author\/ccortez\/"},"uagb_comment_info":0,"uagb_excerpt":"El largometraje \u201cMalec\u00f3n Bajo\u201d, dirigido por el cineasta Jorge Flores, docente UArtes, participar\u00e1 en el March\u00e9 du Film del Festival de Cannes. Cuenta con el respaldo del Instituto de Fomento a la Creatividad y la Innovaci\u00f3n, a trav\u00e9s de su l\u00ednea de financiamiento para movilidad internacional. Como parte del compromiso acad\u00e9mico y formativo, el docente&hellip;","featured_image_src":"https:\/\/www.uartes.edu.ec\/sitio\/wp-content\/uploads\/2025\/05\/MALECON-BAJO-JORGE-FLORES-02-600x400.jpg","featured_image_src_square":"https:\/\/www.uartes.edu.ec\/sitio\/wp-content\/uploads\/2025\/05\/MALECON-BAJO-JORGE-FLORES-02-600x600.jpg","author_info":{"display_name":"ccortez","author_link":"https:\/\/www.uartes.edu.ec\/sitio\/blog\/author\/ccortez\/"},"publishpress_future_workflow_manual_trigger":{"enabledWorkflows":[]},"distributor_meta":false,"distributor_terms":false,"distributor_media":false,"distributor_original_site_name":"Universidad de las Artes","distributor_original_site_url":"https:\/\/www.uartes.edu.ec\/sitio","push-errors":false,"_links":{"self":[{"href":"https:\/\/www.uartes.edu.ec\/sitio\/wp-json\/wp\/v2\/posts\/71510","targetHints":{"allow":["GET"]}}],"collection":[{"href":"https:\/\/www.uartes.edu.ec\/sitio\/wp-json\/wp\/v2\/posts"}],"about":[{"href":"https:\/\/www.uartes.edu.ec\/sitio\/wp-json\/wp\/v2\/types\/post"}],"author":[{"embeddable":true,"href":"https:\/\/www.uartes.edu.ec\/sitio\/wp-json\/wp\/v2\/users\/10"}],"replies":[{"embeddable":true,"href":"https:\/\/www.uartes.edu.ec\/sitio\/wp-json\/wp\/v2\/comments?post=71510"}],"version-history":[{"count":6,"href":"https:\/\/www.uartes.edu.ec\/sitio\/wp-json\/wp\/v2\/posts\/71510\/revisions"}],"predecessor-version":[{"id":71530,"href":"https:\/\/www.uartes.edu.ec\/sitio\/wp-json\/wp\/v2\/posts\/71510\/revisions\/71530"}],"wp:featuredmedia":[{"embeddable":true,"href":"https:\/\/www.uartes.edu.ec\/sitio\/wp-json\/wp\/v2\/media\/71513"}],"wp:attachment":[{"href":"https:\/\/www.uartes.edu.ec\/sitio\/wp-json\/wp\/v2\/media?parent=71510"}],"wp:term":[{"taxonomy":"category","embeddable":true,"href":"https:\/\/www.uartes.edu.ec\/sitio\/wp-json\/wp\/v2\/categories?post=71510"},{"taxonomy":"post_tag","embeddable":true,"href":"https:\/\/www.uartes.edu.ec\/sitio\/wp-json\/wp\/v2\/tags?post=71510"},{"taxonomy":"infouartes","embeddable":true,"href":"https:\/\/www.uartes.edu.ec\/sitio\/wp-json\/wp\/v2\/infouartes?post=71510"}],"curies":[{"name":"wp","href":"https:\/\/api.w.org\/{rel}","templated":true}]}}