{"id":71532,"date":"2025-05-09T16:27:00","date_gmt":"2025-05-09T21:27:00","guid":{"rendered":"https:\/\/www.uartes.edu.ec\/sitio\/?p=71532"},"modified":"2025-09-04T17:11:38","modified_gmt":"2025-09-04T22:11:38","slug":"el-premio-artista-revelacion-2025-de-disco-rojo-se-quedo-en-la-uartes-andreth-lo-gano-y-celebra-con-hercio-y-runnay","status":"publish","type":"post","link":"https:\/\/www.uartes.edu.ec\/sitio\/blog\/2025\/05\/09\/el-premio-artista-revelacion-2025-de-disco-rojo-se-quedo-en-la-uartes-andreth-lo-gano-y-celebra-con-hercio-y-runnay\/","title":{"rendered":"El premio Artista Revelaci\u00f3n 2025 de Disco Rojo se qued\u00f3 en la UArtes; Andr\u00e9th lo gan\u00f3 como solista y celebra con Hercio y Runnay"},"content":{"rendered":"\n<p>La entrega de los Premios Disco Rojo fue anunciada como una gala para celebrar lo mejor de la m\u00fasica nacional, con artistas y presentaciones en vivo. Andr\u00e9th, Runnay y Hercio estuvieron en la alfombra roja ya no como invitados al evento que anualmente realiza radio <em>Punto Rojo<\/em>, sino como nominados en la categor\u00eda Artista Revelaci\u00f3n 2025. Una postulaci\u00f3n que los artistas y estudiantes de la Escuela de Artes Sonoras de la UArtes compartieron por la grabaci\u00f3n colaborativa del tema \u201cCapricho\u201d, y una segunda individual para Andr\u00e9th por su canci\u00f3n \u201cParanormal\u201d.<\/p>\n\n\n\n<p>Fue Darlyn Torres, que en los escenarios se da a conocer como Andr\u00e9th, quien se alz\u00f3 con el reconocimiento de la und\u00e9cima edici\u00f3n de los Premios Disco Rojo, que tuvo lugar el 6 de mayo pasado en el Teatro Centro de Arte de Guayaquil. Sin embargo, \u00e9l considera que el galard\u00f3n no es solo suyo, sino de Hercio y Runnay, cuyos nombres de pila son Bryan Pezo y Christian S\u00e1nchez.<\/p>\n\n\n\n<p>\u201cEl premio es tambi\u00e9n de mis grandes amigos. Hemos trabajando juntos y siento que nos hemos ayudado y dado consejos. Ha sido gracias al esfuerzo y el apoyo que nos hemos dado entre todos\u201d, refiri\u00f3 Andr\u00e9th. El Artista Revelaci\u00f3n 2025 manifest\u00f3 su gratitud a Dios porque siempre ha estado all\u00ed, gui\u00e1ndolo y cuid\u00e1ndolo, sobre todo en momentos en que ha querido rendirme o se ha sentido frustrado. \u201cMe ha dado la fuerza, el amor y la pasi\u00f3n por la m\u00fasica para hacerlo de la mejor manera posible\u201d, expres\u00f3.\u00a0<\/p>\n\n\n<div class=\"wp-block-image\">\n<figure class=\"aligncenter size-large\"><img fetchpriority=\"high\" decoding=\"async\" width=\"644\" height=\"429\" src=\"https:\/\/www.uartes.edu.ec\/sitio\/wp-content\/uploads\/2025\/05\/03-PREMIOS-DISCO-ROJO-1-644x429.jpg\" alt=\"\" class=\"wp-image-71537\" srcset=\"https:\/\/www.uartes.edu.ec\/sitio\/wp-content\/uploads\/2025\/05\/03-PREMIOS-DISCO-ROJO-1-644x429.jpg 644w, https:\/\/www.uartes.edu.ec\/sitio\/wp-content\/uploads\/2025\/05\/03-PREMIOS-DISCO-ROJO-1-300x200.jpg 300w, https:\/\/www.uartes.edu.ec\/sitio\/wp-content\/uploads\/2025\/05\/03-PREMIOS-DISCO-ROJO-1-768x512.jpg 768w, https:\/\/www.uartes.edu.ec\/sitio\/wp-content\/uploads\/2025\/05\/03-PREMIOS-DISCO-ROJO-1-1536x1024.jpg 1536w, https:\/\/www.uartes.edu.ec\/sitio\/wp-content\/uploads\/2025\/05\/03-PREMIOS-DISCO-ROJO-1-18x12.jpg 18w, https:\/\/www.uartes.edu.ec\/sitio\/wp-content\/uploads\/2025\/05\/03-PREMIOS-DISCO-ROJO-1-600x400.jpg 600w, https:\/\/www.uartes.edu.ec\/sitio\/wp-content\/uploads\/2025\/05\/03-PREMIOS-DISCO-ROJO-1-400x267.jpg 400w, https:\/\/www.uartes.edu.ec\/sitio\/wp-content\/uploads\/2025\/05\/03-PREMIOS-DISCO-ROJO-1.jpg 2000w\" sizes=\"(max-width: 644px) 100vw, 644px\" \/><\/figure>\n<\/div>\n\n\n<p>Agradeci\u00f3 tambi\u00e9n a su familia por el apoyo constante y no haberle dado la espalda, y a todas las personas que votaron por \u00e9l a\u00fan sin conocerlo. Esto porque Premios Disco Rojo posibilita que el p\u00fablico sea jurado y elija al artista que considera debe lograr la categor\u00eda al que fue nominado, una postulaci\u00f3n que es el resultado de la aceptaci\u00f3n que tienen sus canciones.<\/p>\n\n\n\n<p>Igualmente agradecidos y felices se manifestaron Herchio y Runnay. \u201cFue una noche muy especial para nosotros, principalmente porque asistieron personas que han apoyado y confiado en nuestro trabajo y talento. Nos causa mucha emoci\u00f3n ver personas que se nos acercan para entrevistas y tomarse fotos; lo mejor es cuando nos felicitan por el trabajo y reconocen la m\u00fasica que hemos estado haciendo\u201d, anot\u00f3 Bryan Pezo, Runnay.&nbsp;<\/p>\n\n\n\n<p>Se\u00f1al\u00f3 como bien merecido el premio Artista Revelaci\u00f3n que Andr\u00e9th conquist\u00f3, \u201cpor todo el esfuerzo y coraz\u00f3n que ha puesto en sus canciones. Esto va para largo y \u00e9l sabe que cuenta conmigo siempre para hacer m\u00fasica\u201d. Que fue un honor, sostuvo Runnay, haber compartido la velada de premiaci\u00f3n con destacados artistas, como Mar Rend\u00f3n, Dayanara y Dicapo, una clara muestra de que en el pa\u00eds hay talento y debemos seguir luchando por nuestros sue\u00f1os.<\/p>\n\n\n<div class=\"wp-block-image\">\n<figure class=\"aligncenter size-large\"><img decoding=\"async\" width=\"644\" height=\"429\" src=\"https:\/\/www.uartes.edu.ec\/sitio\/wp-content\/uploads\/2025\/05\/01-PREMIOS-DISCO-ROJO-1-644x429.jpg\" alt=\"\" class=\"wp-image-71538\" srcset=\"https:\/\/www.uartes.edu.ec\/sitio\/wp-content\/uploads\/2025\/05\/01-PREMIOS-DISCO-ROJO-1-644x429.jpg 644w, https:\/\/www.uartes.edu.ec\/sitio\/wp-content\/uploads\/2025\/05\/01-PREMIOS-DISCO-ROJO-1-300x200.jpg 300w, https:\/\/www.uartes.edu.ec\/sitio\/wp-content\/uploads\/2025\/05\/01-PREMIOS-DISCO-ROJO-1-768x512.jpg 768w, https:\/\/www.uartes.edu.ec\/sitio\/wp-content\/uploads\/2025\/05\/01-PREMIOS-DISCO-ROJO-1-1536x1024.jpg 1536w, https:\/\/www.uartes.edu.ec\/sitio\/wp-content\/uploads\/2025\/05\/01-PREMIOS-DISCO-ROJO-1-18x12.jpg 18w, https:\/\/www.uartes.edu.ec\/sitio\/wp-content\/uploads\/2025\/05\/01-PREMIOS-DISCO-ROJO-1-600x400.jpg 600w, https:\/\/www.uartes.edu.ec\/sitio\/wp-content\/uploads\/2025\/05\/01-PREMIOS-DISCO-ROJO-1-400x267.jpg 400w, https:\/\/www.uartes.edu.ec\/sitio\/wp-content\/uploads\/2025\/05\/01-PREMIOS-DISCO-ROJO-1.jpg 2000w\" sizes=\"(max-width: 644px) 100vw, 644px\" \/><\/figure>\n<\/div>\n\n\n<p>Por su parte, Christian S\u00e1nchez, Hercio, se manifest\u00f3 agradecido, feliz y orgulloso por todo lo que les est\u00e1 pasando a nivel art\u00edstico y por sus amigos Andr\u00e9th y Runnay, \u201cDesde el inicio le hemos dedicado mucho tiempo a la m\u00fasica, hemos sacrificado muchas cosas para luchar por nuestros sue\u00f1os y estamos viendo los frutos\u201d.<\/p>\n\n\n\n<p>Igualmente tuvo palabras de agradecimiento para los seguidores de la m\u00fasica que realizan de manera colaborativa e individual, pues \u00e9l tambi\u00e9n cuenta con producciones como solista, y a la Universidad de las Artes por el apoyo, los conocimientos y ense\u00f1anzas impartidos por sus docentes, las pr\u00e1cticas. \u201cA los Premios Disco Rojo por recibirnos con un fuerte abrazo y muchas entrevistas &nbsp;que nos hicieron dar a conocer qui\u00e9nes somos, de d\u00f3nde vinimos; fue maravilloso compartir con artistas grandes, relacionarnos y hablar de futuras colaboraciones\u201d.<\/p>\n\n\n\n<p>\u201cNos gust\u00f3 mucho compartir y ver de cerca a artistas ecuatorianos de renombre; que nos hayan entrevistado, que estuvieran fans, que nos pidieran fotos antes y despu\u00e9s de la premiaci\u00f3n. Fue una noche maravillosa en la que tambi\u00e9n cantamos un pedacito de la canci\u00f3n\u201d, detall\u00f3 Andr\u00e9th y adelant\u00f3 que\u00a0\u201cse viene mucha m\u00fasica. Estoy preparando un disco de canciones muy honestas, donde cuento mis historias, de amigos, de gente cercana e imaginarias. Trato de meterte en el personaje para que el tema sea lo m\u00e1s real posible. Son canciones suaves, de g\u00e9neros no muy movidos, no para bailar, sino para escucharlas durante un viaje y mientras se duerme; de esas que me gustan para poderlas transmitir y conectar con personas muy sensibles\u201d.<\/p>\n\n\n\n<p>Fotos: cortes\u00eda Darlyn Torres, Andr\u00e9th, estudiante de la Escuela de Artes Sonoras.<\/p>\n","protected":false},"excerpt":{"rendered":"<p>La entrega de los Premios Disco Rojo fue anunciada como una gala para celebrar lo mejor de la m\u00fasica nacional. Andr\u00e9th, Runnay y Hercio participaron ya no como invitados al evento anual de radio Punto Rojo, sino como nominados en la categor\u00eda Artista Revelaci\u00f3n 2025. Los estudiantes de la UArtes compartieron la postulaci\u00f3n por \u201cCapricho\u201d, y Andr\u00e9th, como solista, por \u201cParanormal\u201d, canci\u00f3n con la que obtuvo el galard\u00f3n. <\/p>\n","protected":false},"author":10,"featured_media":71536,"comment_status":"open","ping_status":"open","sticky":false,"template":"","format":"standard","meta":{"_acf_changed":false,"_uag_custom_page_level_css":"","_monsterinsights_skip_tracking":false,"_monsterinsights_sitenote_active":false,"_monsterinsights_sitenote_note":"","_monsterinsights_sitenote_category":0,"cybocfi_hide_featured_image":"","footnotes":""},"categories":[82,150],"tags":[709],"infouartes":[],"class_list":["post-71532","post","type-post","status-publish","format-standard","has-post-thumbnail","hentry","category-artes","category-artes-sonoras","tag-reconocimiento"],"acf":[],"yoast_head":"<!-- This site is optimized with the Yoast SEO plugin v27.4 - https:\/\/yoast.com\/product\/yoast-seo-wordpress\/ -->\n<title>Universidad de las Artes - El premio Artista Revelaci\u00f3n 2025 de Disco Rojo se qued\u00f3 en la UArtes; Andr\u00e9th lo gan\u00f3 como solista y celebra con Hercio y Runnay<\/title>\n<meta name=\"description\" content=\"Universidad de las Artes - El premio Artista Revelaci\u00f3n 2025 de Disco Rojo se qued\u00f3 en la UArtes; Andr\u00e9th lo gan\u00f3 como solista y celebra con Hercio y Runnay\" \/>\n<meta name=\"robots\" content=\"index, follow, max-snippet:-1, max-image-preview:large, max-video-preview:-1\" \/>\n<link rel=\"canonical\" href=\"https:\/\/www.uartes.edu.ec\/sitio\/blog\/2025\/05\/09\/el-premio-artista-revelacion-2025-de-disco-rojo-se-quedo-en-la-uartes-andreth-lo-gano-y-celebra-con-hercio-y-runnay\/\" \/>\n<meta property=\"og:locale\" content=\"es_ES\" \/>\n<meta property=\"og:type\" content=\"article\" \/>\n<meta property=\"og:title\" content=\"Universidad de las Artes - El premio Artista Revelaci\u00f3n 2025 de Disco Rojo se qued\u00f3 en la UArtes; Andr\u00e9th lo gan\u00f3 como solista y celebra con Hercio y Runnay\" \/>\n<meta property=\"og:description\" content=\"Universidad de las Artes - El premio Artista Revelaci\u00f3n 2025 de Disco Rojo se qued\u00f3 en la UArtes; Andr\u00e9th lo gan\u00f3 como solista y celebra con Hercio y Runnay\" \/>\n<meta property=\"og:url\" content=\"https:\/\/www.uartes.edu.ec\/sitio\/blog\/2025\/05\/09\/el-premio-artista-revelacion-2025-de-disco-rojo-se-quedo-en-la-uartes-andreth-lo-gano-y-celebra-con-hercio-y-runnay\/\" \/>\n<meta property=\"og:site_name\" content=\"Universidad de las Artes\" \/>\n<meta property=\"article:publisher\" content=\"https:\/\/www.facebook.com\/uartesec\" \/>\n<meta property=\"article:published_time\" content=\"2025-05-09T21:27:00+00:00\" \/>\n<meta property=\"article:modified_time\" content=\"2025-09-04T22:11:38+00:00\" \/>\n<meta property=\"og:image\" content=\"https:\/\/www.uartes.edu.ec\/sitio\/wp-content\/uploads\/2025\/05\/02-PREMIOS-DISCO-ROJO-1.jpg\" \/>\n\t<meta property=\"og:image:width\" content=\"2000\" \/>\n\t<meta property=\"og:image:height\" content=\"1333\" \/>\n\t<meta property=\"og:image:type\" content=\"image\/jpeg\" \/>\n<meta name=\"author\" content=\"ccortez\" \/>\n<meta name=\"twitter:card\" content=\"summary_large_image\" \/>\n<meta name=\"twitter:creator\" content=\"@uartesec\" \/>\n<meta name=\"twitter:site\" content=\"@uartesec\" \/>\n<meta name=\"twitter:label1\" content=\"Escrito por\" \/>\n\t<meta name=\"twitter:data1\" content=\"ccortez\" \/>\n\t<meta name=\"twitter:label2\" content=\"Tiempo de lectura\" \/>\n\t<meta name=\"twitter:data2\" content=\"4 minutos\" \/>\n<script type=\"application\/ld+json\" class=\"yoast-schema-graph\">{\"@context\":\"https:\\\/\\\/schema.org\",\"@graph\":[{\"@type\":\"Article\",\"@id\":\"https:\\\/\\\/www.uartes.edu.ec\\\/sitio\\\/blog\\\/2025\\\/05\\\/09\\\/el-premio-artista-revelacion-2025-de-disco-rojo-se-quedo-en-la-uartes-andreth-lo-gano-y-celebra-con-hercio-y-runnay\\\/#article\",\"isPartOf\":{\"@id\":\"https:\\\/\\\/www.uartes.edu.ec\\\/sitio\\\/blog\\\/2025\\\/05\\\/09\\\/el-premio-artista-revelacion-2025-de-disco-rojo-se-quedo-en-la-uartes-andreth-lo-gano-y-celebra-con-hercio-y-runnay\\\/\"},\"author\":{\"name\":\"ccortez\",\"@id\":\"https:\\\/\\\/www.uartes.edu.ec\\\/sitio\\\/#\\\/schema\\\/person\\\/efa1b8275797664fd7f13a79ccc0b1f4\"},\"headline\":\"El premio Artista Revelaci\u00f3n 2025 de Disco Rojo se qued\u00f3 en la UArtes; Andr\u00e9th lo gan\u00f3 como solista y celebra con Hercio y Runnay\",\"datePublished\":\"2025-05-09T21:27:00+00:00\",\"dateModified\":\"2025-09-04T22:11:38+00:00\",\"mainEntityOfPage\":{\"@id\":\"https:\\\/\\\/www.uartes.edu.ec\\\/sitio\\\/blog\\\/2025\\\/05\\\/09\\\/el-premio-artista-revelacion-2025-de-disco-rojo-se-quedo-en-la-uartes-andreth-lo-gano-y-celebra-con-hercio-y-runnay\\\/\"},\"wordCount\":807,\"commentCount\":0,\"publisher\":{\"@id\":\"https:\\\/\\\/www.uartes.edu.ec\\\/sitio\\\/#organization\"},\"image\":{\"@id\":\"https:\\\/\\\/www.uartes.edu.ec\\\/sitio\\\/blog\\\/2025\\\/05\\\/09\\\/el-premio-artista-revelacion-2025-de-disco-rojo-se-quedo-en-la-uartes-andreth-lo-gano-y-celebra-con-hercio-y-runnay\\\/#primaryimage\"},\"thumbnailUrl\":\"https:\\\/\\\/www.uartes.edu.ec\\\/sitio\\\/wp-content\\\/uploads\\\/2025\\\/05\\\/02-PREMIOS-DISCO-ROJO-1.jpg\",\"keywords\":[\"reconocimiento\"],\"articleSection\":[\"Artes\",\"Artes Sonoras\"],\"inLanguage\":\"es\",\"potentialAction\":[{\"@type\":\"CommentAction\",\"name\":\"Comment\",\"target\":[\"https:\\\/\\\/www.uartes.edu.ec\\\/sitio\\\/blog\\\/2025\\\/05\\\/09\\\/el-premio-artista-revelacion-2025-de-disco-rojo-se-quedo-en-la-uartes-andreth-lo-gano-y-celebra-con-hercio-y-runnay\\\/#respond\"]}]},{\"@type\":[\"WebPage\",\"ItemPage\"],\"@id\":\"https:\\\/\\\/www.uartes.edu.ec\\\/sitio\\\/blog\\\/2025\\\/05\\\/09\\\/el-premio-artista-revelacion-2025-de-disco-rojo-se-quedo-en-la-uartes-andreth-lo-gano-y-celebra-con-hercio-y-runnay\\\/\",\"url\":\"https:\\\/\\\/www.uartes.edu.ec\\\/sitio\\\/blog\\\/2025\\\/05\\\/09\\\/el-premio-artista-revelacion-2025-de-disco-rojo-se-quedo-en-la-uartes-andreth-lo-gano-y-celebra-con-hercio-y-runnay\\\/\",\"name\":\"Universidad de las Artes - El premio Artista Revelaci\u00f3n 2025 de Disco Rojo se qued\u00f3 en la UArtes; Andr\u00e9th lo gan\u00f3 como solista y celebra con Hercio y Runnay\",\"isPartOf\":{\"@id\":\"https:\\\/\\\/www.uartes.edu.ec\\\/sitio\\\/#website\"},\"primaryImageOfPage\":{\"@id\":\"https:\\\/\\\/www.uartes.edu.ec\\\/sitio\\\/blog\\\/2025\\\/05\\\/09\\\/el-premio-artista-revelacion-2025-de-disco-rojo-se-quedo-en-la-uartes-andreth-lo-gano-y-celebra-con-hercio-y-runnay\\\/#primaryimage\"},\"image\":{\"@id\":\"https:\\\/\\\/www.uartes.edu.ec\\\/sitio\\\/blog\\\/2025\\\/05\\\/09\\\/el-premio-artista-revelacion-2025-de-disco-rojo-se-quedo-en-la-uartes-andreth-lo-gano-y-celebra-con-hercio-y-runnay\\\/#primaryimage\"},\"thumbnailUrl\":\"https:\\\/\\\/www.uartes.edu.ec\\\/sitio\\\/wp-content\\\/uploads\\\/2025\\\/05\\\/02-PREMIOS-DISCO-ROJO-1.jpg\",\"datePublished\":\"2025-05-09T21:27:00+00:00\",\"dateModified\":\"2025-09-04T22:11:38+00:00\",\"description\":\"Universidad de las Artes - El premio Artista Revelaci\u00f3n 2025 de Disco Rojo se qued\u00f3 en la UArtes; Andr\u00e9th lo gan\u00f3 como solista y celebra con Hercio y Runnay\",\"breadcrumb\":{\"@id\":\"https:\\\/\\\/www.uartes.edu.ec\\\/sitio\\\/blog\\\/2025\\\/05\\\/09\\\/el-premio-artista-revelacion-2025-de-disco-rojo-se-quedo-en-la-uartes-andreth-lo-gano-y-celebra-con-hercio-y-runnay\\\/#breadcrumb\"},\"inLanguage\":\"es\",\"potentialAction\":[{\"@type\":\"ReadAction\",\"target\":[\"https:\\\/\\\/www.uartes.edu.ec\\\/sitio\\\/blog\\\/2025\\\/05\\\/09\\\/el-premio-artista-revelacion-2025-de-disco-rojo-se-quedo-en-la-uartes-andreth-lo-gano-y-celebra-con-hercio-y-runnay\\\/\"]}]},{\"@type\":\"ImageObject\",\"inLanguage\":\"es\",\"@id\":\"https:\\\/\\\/www.uartes.edu.ec\\\/sitio\\\/blog\\\/2025\\\/05\\\/09\\\/el-premio-artista-revelacion-2025-de-disco-rojo-se-quedo-en-la-uartes-andreth-lo-gano-y-celebra-con-hercio-y-runnay\\\/#primaryimage\",\"url\":\"https:\\\/\\\/www.uartes.edu.ec\\\/sitio\\\/wp-content\\\/uploads\\\/2025\\\/05\\\/02-PREMIOS-DISCO-ROJO-1.jpg\",\"contentUrl\":\"https:\\\/\\\/www.uartes.edu.ec\\\/sitio\\\/wp-content\\\/uploads\\\/2025\\\/05\\\/02-PREMIOS-DISCO-ROJO-1.jpg\",\"width\":2000,\"height\":1333},{\"@type\":\"BreadcrumbList\",\"@id\":\"https:\\\/\\\/www.uartes.edu.ec\\\/sitio\\\/blog\\\/2025\\\/05\\\/09\\\/el-premio-artista-revelacion-2025-de-disco-rojo-se-quedo-en-la-uartes-andreth-lo-gano-y-celebra-con-hercio-y-runnay\\\/#breadcrumb\",\"itemListElement\":[{\"@type\":\"ListItem\",\"position\":1,\"name\":\"Inicio\",\"item\":\"https:\\\/\\\/www.uartes.edu.ec\\\/sitio\\\/\"},{\"@type\":\"ListItem\",\"position\":2,\"name\":\"El premio Artista Revelaci\u00f3n 2025 de Disco Rojo se qued\u00f3 en la UArtes; Andr\u00e9th lo gan\u00f3 como solista y celebra con Hercio y Runnay\"}]},{\"@type\":\"WebSite\",\"@id\":\"https:\\\/\\\/www.uartes.edu.ec\\\/sitio\\\/#website\",\"url\":\"https:\\\/\\\/www.uartes.edu.ec\\\/sitio\\\/\",\"name\":\"Universidad de las Artes\",\"description\":\"Sitio oficial de la Universidad Nacional de las Artes del Ecuador\",\"publisher\":{\"@id\":\"https:\\\/\\\/www.uartes.edu.ec\\\/sitio\\\/#organization\"},\"potentialAction\":[{\"@type\":\"SearchAction\",\"target\":{\"@type\":\"EntryPoint\",\"urlTemplate\":\"https:\\\/\\\/www.uartes.edu.ec\\\/sitio\\\/?s={search_term_string}\"},\"query-input\":{\"@type\":\"PropertyValueSpecification\",\"valueRequired\":true,\"valueName\":\"search_term_string\"}}],\"inLanguage\":\"es\"},{\"@type\":\"Organization\",\"@id\":\"https:\\\/\\\/www.uartes.edu.ec\\\/sitio\\\/#organization\",\"name\":\"Universidad de las Artes\",\"url\":\"https:\\\/\\\/www.uartes.edu.ec\\\/sitio\\\/\",\"logo\":{\"@type\":\"ImageObject\",\"inLanguage\":\"es\",\"@id\":\"https:\\\/\\\/www.uartes.edu.ec\\\/sitio\\\/#\\\/schema\\\/logo\\\/image\\\/\",\"url\":\"https:\\\/\\\/www.uartes.edu.ec\\\/sitio\\\/wp-content\\\/uploads\\\/2022\\\/07\\\/logo-ua-horizontal.png\",\"contentUrl\":\"https:\\\/\\\/www.uartes.edu.ec\\\/sitio\\\/wp-content\\\/uploads\\\/2022\\\/07\\\/logo-ua-horizontal.png\",\"width\":800,\"height\":276,\"caption\":\"Universidad de las Artes\"},\"image\":{\"@id\":\"https:\\\/\\\/www.uartes.edu.ec\\\/sitio\\\/#\\\/schema\\\/logo\\\/image\\\/\"},\"sameAs\":[\"https:\\\/\\\/www.facebook.com\\\/uartesec\",\"https:\\\/\\\/x.com\\\/uartesec\",\"https:\\\/\\\/www.tiktok.com\\\/@uartesec\"]},{\"@type\":\"Person\",\"@id\":\"https:\\\/\\\/www.uartes.edu.ec\\\/sitio\\\/#\\\/schema\\\/person\\\/efa1b8275797664fd7f13a79ccc0b1f4\",\"name\":\"ccortez\",\"image\":{\"@type\":\"ImageObject\",\"inLanguage\":\"es\",\"@id\":\"https:\\\/\\\/secure.gravatar.com\\\/avatar\\\/b2a6f664a3ae8e074346ef91775736c5ec479e637ecced6842de9dc98b5da9cd?s=96&d=mm&r=g\",\"url\":\"https:\\\/\\\/secure.gravatar.com\\\/avatar\\\/b2a6f664a3ae8e074346ef91775736c5ec479e637ecced6842de9dc98b5da9cd?s=96&d=mm&r=g\",\"contentUrl\":\"https:\\\/\\\/secure.gravatar.com\\\/avatar\\\/b2a6f664a3ae8e074346ef91775736c5ec479e637ecced6842de9dc98b5da9cd?s=96&d=mm&r=g\",\"caption\":\"ccortez\"},\"url\":\"https:\\\/\\\/www.uartes.edu.ec\\\/sitio\\\/blog\\\/author\\\/ccortez\\\/\"}]}<\/script>\n<!-- \/ Yoast SEO plugin. -->","yoast_head_json":{"title":"Universidad de las Artes - El premio Artista Revelaci\u00f3n 2025 de Disco Rojo se qued\u00f3 en la UArtes; Andr\u00e9th lo gan\u00f3 como solista y celebra con Hercio y Runnay","description":"Universidad de las Artes - El premio Artista Revelaci\u00f3n 2025 de Disco Rojo se qued\u00f3 en la UArtes; Andr\u00e9th lo gan\u00f3 como solista y celebra con Hercio y Runnay","robots":{"index":"index","follow":"follow","max-snippet":"max-snippet:-1","max-image-preview":"max-image-preview:large","max-video-preview":"max-video-preview:-1"},"canonical":"https:\/\/www.uartes.edu.ec\/sitio\/blog\/2025\/05\/09\/el-premio-artista-revelacion-2025-de-disco-rojo-se-quedo-en-la-uartes-andreth-lo-gano-y-celebra-con-hercio-y-runnay\/","og_locale":"es_ES","og_type":"article","og_title":"Universidad de las Artes - El premio Artista Revelaci\u00f3n 2025 de Disco Rojo se qued\u00f3 en la UArtes; Andr\u00e9th lo gan\u00f3 como solista y celebra con Hercio y Runnay","og_description":"Universidad de las Artes - El premio Artista Revelaci\u00f3n 2025 de Disco Rojo se qued\u00f3 en la UArtes; Andr\u00e9th lo gan\u00f3 como solista y celebra con Hercio y Runnay","og_url":"https:\/\/www.uartes.edu.ec\/sitio\/blog\/2025\/05\/09\/el-premio-artista-revelacion-2025-de-disco-rojo-se-quedo-en-la-uartes-andreth-lo-gano-y-celebra-con-hercio-y-runnay\/","og_site_name":"Universidad de las Artes","article_publisher":"https:\/\/www.facebook.com\/uartesec","article_published_time":"2025-05-09T21:27:00+00:00","article_modified_time":"2025-09-04T22:11:38+00:00","og_image":[{"width":2000,"height":1333,"url":"https:\/\/www.uartes.edu.ec\/sitio\/wp-content\/uploads\/2025\/05\/02-PREMIOS-DISCO-ROJO-1.jpg","type":"image\/jpeg"}],"author":"ccortez","twitter_card":"summary_large_image","twitter_creator":"@uartesec","twitter_site":"@uartesec","twitter_misc":{"Escrito por":"ccortez","Tiempo de lectura":"4 minutos"},"schema":{"@context":"https:\/\/schema.org","@graph":[{"@type":"Article","@id":"https:\/\/www.uartes.edu.ec\/sitio\/blog\/2025\/05\/09\/el-premio-artista-revelacion-2025-de-disco-rojo-se-quedo-en-la-uartes-andreth-lo-gano-y-celebra-con-hercio-y-runnay\/#article","isPartOf":{"@id":"https:\/\/www.uartes.edu.ec\/sitio\/blog\/2025\/05\/09\/el-premio-artista-revelacion-2025-de-disco-rojo-se-quedo-en-la-uartes-andreth-lo-gano-y-celebra-con-hercio-y-runnay\/"},"author":{"name":"ccortez","@id":"https:\/\/www.uartes.edu.ec\/sitio\/#\/schema\/person\/efa1b8275797664fd7f13a79ccc0b1f4"},"headline":"El premio Artista Revelaci\u00f3n 2025 de Disco Rojo se qued\u00f3 en la UArtes; Andr\u00e9th lo gan\u00f3 como solista y celebra con Hercio y Runnay","datePublished":"2025-05-09T21:27:00+00:00","dateModified":"2025-09-04T22:11:38+00:00","mainEntityOfPage":{"@id":"https:\/\/www.uartes.edu.ec\/sitio\/blog\/2025\/05\/09\/el-premio-artista-revelacion-2025-de-disco-rojo-se-quedo-en-la-uartes-andreth-lo-gano-y-celebra-con-hercio-y-runnay\/"},"wordCount":807,"commentCount":0,"publisher":{"@id":"https:\/\/www.uartes.edu.ec\/sitio\/#organization"},"image":{"@id":"https:\/\/www.uartes.edu.ec\/sitio\/blog\/2025\/05\/09\/el-premio-artista-revelacion-2025-de-disco-rojo-se-quedo-en-la-uartes-andreth-lo-gano-y-celebra-con-hercio-y-runnay\/#primaryimage"},"thumbnailUrl":"https:\/\/www.uartes.edu.ec\/sitio\/wp-content\/uploads\/2025\/05\/02-PREMIOS-DISCO-ROJO-1.jpg","keywords":["reconocimiento"],"articleSection":["Artes","Artes Sonoras"],"inLanguage":"es","potentialAction":[{"@type":"CommentAction","name":"Comment","target":["https:\/\/www.uartes.edu.ec\/sitio\/blog\/2025\/05\/09\/el-premio-artista-revelacion-2025-de-disco-rojo-se-quedo-en-la-uartes-andreth-lo-gano-y-celebra-con-hercio-y-runnay\/#respond"]}]},{"@type":["WebPage","ItemPage"],"@id":"https:\/\/www.uartes.edu.ec\/sitio\/blog\/2025\/05\/09\/el-premio-artista-revelacion-2025-de-disco-rojo-se-quedo-en-la-uartes-andreth-lo-gano-y-celebra-con-hercio-y-runnay\/","url":"https:\/\/www.uartes.edu.ec\/sitio\/blog\/2025\/05\/09\/el-premio-artista-revelacion-2025-de-disco-rojo-se-quedo-en-la-uartes-andreth-lo-gano-y-celebra-con-hercio-y-runnay\/","name":"Universidad de las Artes - El premio Artista Revelaci\u00f3n 2025 de Disco Rojo se qued\u00f3 en la UArtes; Andr\u00e9th lo gan\u00f3 como solista y celebra con Hercio y Runnay","isPartOf":{"@id":"https:\/\/www.uartes.edu.ec\/sitio\/#website"},"primaryImageOfPage":{"@id":"https:\/\/www.uartes.edu.ec\/sitio\/blog\/2025\/05\/09\/el-premio-artista-revelacion-2025-de-disco-rojo-se-quedo-en-la-uartes-andreth-lo-gano-y-celebra-con-hercio-y-runnay\/#primaryimage"},"image":{"@id":"https:\/\/www.uartes.edu.ec\/sitio\/blog\/2025\/05\/09\/el-premio-artista-revelacion-2025-de-disco-rojo-se-quedo-en-la-uartes-andreth-lo-gano-y-celebra-con-hercio-y-runnay\/#primaryimage"},"thumbnailUrl":"https:\/\/www.uartes.edu.ec\/sitio\/wp-content\/uploads\/2025\/05\/02-PREMIOS-DISCO-ROJO-1.jpg","datePublished":"2025-05-09T21:27:00+00:00","dateModified":"2025-09-04T22:11:38+00:00","description":"Universidad de las Artes - El premio Artista Revelaci\u00f3n 2025 de Disco Rojo se qued\u00f3 en la UArtes; Andr\u00e9th lo gan\u00f3 como solista y celebra con Hercio y Runnay","breadcrumb":{"@id":"https:\/\/www.uartes.edu.ec\/sitio\/blog\/2025\/05\/09\/el-premio-artista-revelacion-2025-de-disco-rojo-se-quedo-en-la-uartes-andreth-lo-gano-y-celebra-con-hercio-y-runnay\/#breadcrumb"},"inLanguage":"es","potentialAction":[{"@type":"ReadAction","target":["https:\/\/www.uartes.edu.ec\/sitio\/blog\/2025\/05\/09\/el-premio-artista-revelacion-2025-de-disco-rojo-se-quedo-en-la-uartes-andreth-lo-gano-y-celebra-con-hercio-y-runnay\/"]}]},{"@type":"ImageObject","inLanguage":"es","@id":"https:\/\/www.uartes.edu.ec\/sitio\/blog\/2025\/05\/09\/el-premio-artista-revelacion-2025-de-disco-rojo-se-quedo-en-la-uartes-andreth-lo-gano-y-celebra-con-hercio-y-runnay\/#primaryimage","url":"https:\/\/www.uartes.edu.ec\/sitio\/wp-content\/uploads\/2025\/05\/02-PREMIOS-DISCO-ROJO-1.jpg","contentUrl":"https:\/\/www.uartes.edu.ec\/sitio\/wp-content\/uploads\/2025\/05\/02-PREMIOS-DISCO-ROJO-1.jpg","width":2000,"height":1333},{"@type":"BreadcrumbList","@id":"https:\/\/www.uartes.edu.ec\/sitio\/blog\/2025\/05\/09\/el-premio-artista-revelacion-2025-de-disco-rojo-se-quedo-en-la-uartes-andreth-lo-gano-y-celebra-con-hercio-y-runnay\/#breadcrumb","itemListElement":[{"@type":"ListItem","position":1,"name":"Inicio","item":"https:\/\/www.uartes.edu.ec\/sitio\/"},{"@type":"ListItem","position":2,"name":"El premio Artista Revelaci\u00f3n 2025 de Disco Rojo se qued\u00f3 en la UArtes; Andr\u00e9th lo gan\u00f3 como solista y celebra con Hercio y Runnay"}]},{"@type":"WebSite","@id":"https:\/\/www.uartes.edu.ec\/sitio\/#website","url":"https:\/\/www.uartes.edu.ec\/sitio\/","name":"Universidad de las Artes","description":"Sitio oficial de la Universidad Nacional de las Artes del Ecuador","publisher":{"@id":"https:\/\/www.uartes.edu.ec\/sitio\/#organization"},"potentialAction":[{"@type":"SearchAction","target":{"@type":"EntryPoint","urlTemplate":"https:\/\/www.uartes.edu.ec\/sitio\/?s={search_term_string}"},"query-input":{"@type":"PropertyValueSpecification","valueRequired":true,"valueName":"search_term_string"}}],"inLanguage":"es"},{"@type":"Organization","@id":"https:\/\/www.uartes.edu.ec\/sitio\/#organization","name":"Universidad de las Artes","url":"https:\/\/www.uartes.edu.ec\/sitio\/","logo":{"@type":"ImageObject","inLanguage":"es","@id":"https:\/\/www.uartes.edu.ec\/sitio\/#\/schema\/logo\/image\/","url":"https:\/\/www.uartes.edu.ec\/sitio\/wp-content\/uploads\/2022\/07\/logo-ua-horizontal.png","contentUrl":"https:\/\/www.uartes.edu.ec\/sitio\/wp-content\/uploads\/2022\/07\/logo-ua-horizontal.png","width":800,"height":276,"caption":"Universidad de las Artes"},"image":{"@id":"https:\/\/www.uartes.edu.ec\/sitio\/#\/schema\/logo\/image\/"},"sameAs":["https:\/\/www.facebook.com\/uartesec","https:\/\/x.com\/uartesec","https:\/\/www.tiktok.com\/@uartesec"]},{"@type":"Person","@id":"https:\/\/www.uartes.edu.ec\/sitio\/#\/schema\/person\/efa1b8275797664fd7f13a79ccc0b1f4","name":"ccortez","image":{"@type":"ImageObject","inLanguage":"es","@id":"https:\/\/secure.gravatar.com\/avatar\/b2a6f664a3ae8e074346ef91775736c5ec479e637ecced6842de9dc98b5da9cd?s=96&d=mm&r=g","url":"https:\/\/secure.gravatar.com\/avatar\/b2a6f664a3ae8e074346ef91775736c5ec479e637ecced6842de9dc98b5da9cd?s=96&d=mm&r=g","contentUrl":"https:\/\/secure.gravatar.com\/avatar\/b2a6f664a3ae8e074346ef91775736c5ec479e637ecced6842de9dc98b5da9cd?s=96&d=mm&r=g","caption":"ccortez"},"url":"https:\/\/www.uartes.edu.ec\/sitio\/blog\/author\/ccortez\/"}]}},"uagb_featured_image_src":{"full":["https:\/\/www.uartes.edu.ec\/sitio\/wp-content\/uploads\/2025\/05\/02-PREMIOS-DISCO-ROJO-1.jpg",2000,1333,false],"thumbnail":["https:\/\/www.uartes.edu.ec\/sitio\/wp-content\/uploads\/2025\/05\/02-PREMIOS-DISCO-ROJO-1-150x150.jpg",150,150,true],"medium":["https:\/\/www.uartes.edu.ec\/sitio\/wp-content\/uploads\/2025\/05\/02-PREMIOS-DISCO-ROJO-1-300x200.jpg",300,200,true],"medium_large":["https:\/\/www.uartes.edu.ec\/sitio\/wp-content\/uploads\/2025\/05\/02-PREMIOS-DISCO-ROJO-1-768x512.jpg",768,512,true],"large":["https:\/\/www.uartes.edu.ec\/sitio\/wp-content\/uploads\/2025\/05\/02-PREMIOS-DISCO-ROJO-1-644x429.jpg",644,429,true],"1536x1536":["https:\/\/www.uartes.edu.ec\/sitio\/wp-content\/uploads\/2025\/05\/02-PREMIOS-DISCO-ROJO-1-1536x1024.jpg",1536,1024,true],"2048x2048":["https:\/\/www.uartes.edu.ec\/sitio\/wp-content\/uploads\/2025\/05\/02-PREMIOS-DISCO-ROJO-1.jpg",2000,1333,false],"trp-custom-language-flag":["https:\/\/www.uartes.edu.ec\/sitio\/wp-content\/uploads\/2025\/05\/02-PREMIOS-DISCO-ROJO-1-18x12.jpg",18,12,true],"htmega_size_585x295":["https:\/\/www.uartes.edu.ec\/sitio\/wp-content\/uploads\/2025\/05\/02-PREMIOS-DISCO-ROJO-1-585x295.jpg",585,295,true],"htmega_size_1170x536":["https:\/\/www.uartes.edu.ec\/sitio\/wp-content\/uploads\/2025\/05\/02-PREMIOS-DISCO-ROJO-1-1170x536.jpg",1170,536,true],"htmega_size_396x360":["https:\/\/www.uartes.edu.ec\/sitio\/wp-content\/uploads\/2025\/05\/02-PREMIOS-DISCO-ROJO-1-396x360.jpg",396,360,true],"gb-block-post-grid-landscape":["https:\/\/www.uartes.edu.ec\/sitio\/wp-content\/uploads\/2025\/05\/02-PREMIOS-DISCO-ROJO-1-600x400.jpg",600,400,true],"gb-block-post-grid-square":["https:\/\/www.uartes.edu.ec\/sitio\/wp-content\/uploads\/2025\/05\/02-PREMIOS-DISCO-ROJO-1-600x600.jpg",600,600,true],"university-hub-thumb":["https:\/\/www.uartes.edu.ec\/sitio\/wp-content\/uploads\/2025\/05\/02-PREMIOS-DISCO-ROJO-1-400x267.jpg",400,267,true]},"uagb_author_info":{"display_name":"ccortez","author_link":"https:\/\/www.uartes.edu.ec\/sitio\/blog\/author\/ccortez\/"},"uagb_comment_info":0,"uagb_excerpt":"La entrega de los Premios Disco Rojo fue anunciada como una gala para celebrar lo mejor de la m\u00fasica nacional. Andr\u00e9th, Runnay y Hercio participaron ya no como invitados al evento anual de radio Punto Rojo, sino como nominados en la categor\u00eda Artista Revelaci\u00f3n 2025. Los estudiantes de la UArtes compartieron la postulaci\u00f3n por \u201cCapricho\u201d,&hellip;","featured_image_src":"https:\/\/www.uartes.edu.ec\/sitio\/wp-content\/uploads\/2025\/05\/02-PREMIOS-DISCO-ROJO-1-600x400.jpg","featured_image_src_square":"https:\/\/www.uartes.edu.ec\/sitio\/wp-content\/uploads\/2025\/05\/02-PREMIOS-DISCO-ROJO-1-600x600.jpg","author_info":{"display_name":"ccortez","author_link":"https:\/\/www.uartes.edu.ec\/sitio\/blog\/author\/ccortez\/"},"publishpress_future_workflow_manual_trigger":{"enabledWorkflows":[]},"distributor_meta":false,"distributor_terms":false,"distributor_media":false,"distributor_original_site_name":"Universidad de las Artes","distributor_original_site_url":"https:\/\/www.uartes.edu.ec\/sitio","push-errors":false,"_links":{"self":[{"href":"https:\/\/www.uartes.edu.ec\/sitio\/wp-json\/wp\/v2\/posts\/71532","targetHints":{"allow":["GET"]}}],"collection":[{"href":"https:\/\/www.uartes.edu.ec\/sitio\/wp-json\/wp\/v2\/posts"}],"about":[{"href":"https:\/\/www.uartes.edu.ec\/sitio\/wp-json\/wp\/v2\/types\/post"}],"author":[{"embeddable":true,"href":"https:\/\/www.uartes.edu.ec\/sitio\/wp-json\/wp\/v2\/users\/10"}],"replies":[{"embeddable":true,"href":"https:\/\/www.uartes.edu.ec\/sitio\/wp-json\/wp\/v2\/comments?post=71532"}],"version-history":[{"count":7,"href":"https:\/\/www.uartes.edu.ec\/sitio\/wp-json\/wp\/v2\/posts\/71532\/revisions"}],"predecessor-version":[{"id":78338,"href":"https:\/\/www.uartes.edu.ec\/sitio\/wp-json\/wp\/v2\/posts\/71532\/revisions\/78338"}],"wp:featuredmedia":[{"embeddable":true,"href":"https:\/\/www.uartes.edu.ec\/sitio\/wp-json\/wp\/v2\/media\/71536"}],"wp:attachment":[{"href":"https:\/\/www.uartes.edu.ec\/sitio\/wp-json\/wp\/v2\/media?parent=71532"}],"wp:term":[{"taxonomy":"category","embeddable":true,"href":"https:\/\/www.uartes.edu.ec\/sitio\/wp-json\/wp\/v2\/categories?post=71532"},{"taxonomy":"post_tag","embeddable":true,"href":"https:\/\/www.uartes.edu.ec\/sitio\/wp-json\/wp\/v2\/tags?post=71532"},{"taxonomy":"infouartes","embeddable":true,"href":"https:\/\/www.uartes.edu.ec\/sitio\/wp-json\/wp\/v2\/infouartes?post=71532"}],"curies":[{"name":"wp","href":"https:\/\/api.w.org\/{rel}","templated":true}]}}