{"id":7259,"date":"2020-06-15T12:06:51","date_gmt":"2020-06-15T17:06:51","guid":{"rendered":"http:\/\/www.uartes.edu.ec\/sitio\/?p=7259"},"modified":"2024-07-04T11:43:01","modified_gmt":"2024-07-04T16:43:01","slug":"uartes-en-el-proceso-de-admision-para-el-ii-semestre-2020","status":"publish","type":"post","link":"https:\/\/www.uartes.edu.ec\/sitio\/blog\/2020\/06\/15\/uartes-en-el-proceso-de-admision-para-el-ii-semestre-2020\/","title":{"rendered":"UArtes, en el proceso de admisi\u00f3n para el II Semestre 2020"},"content":{"rendered":"\n<p>Acorde a su calendario acad\u00e9mico, la Universidad de las Artes inici\u00f3 el lunes 1 de junio la convocatoria del proceso de admisi\u00f3n para el II Semestre 2020, el cual consiste en una evaluaci\u00f3n de suficiencia en artes. La recepci\u00f3n de las postulaciones en l\u00ednea concluir\u00e1 el 25 de este mes para dar paso, del 29 de junio al 3 de julio, a la revisi\u00f3n de la documentaci\u00f3n con la cual se cierra la primera de las dos etapas del procedimiento.<\/p>\n\n\n\n<p>La segunda etapa se iniciar\u00e1 el 6 de julio con una publicaci\u00f3n sobre la log\u00edstica de las evaluaciones; del 9 al 10 de julio se realizar\u00e1n las pruebas interactivas en l\u00ednea; el 14 de julio se publicar\u00e1n los resultados y desde ese d\u00eda hasta el siguiente (el 15) se har\u00e1 la recepci\u00f3n de impugnaciones; las respuestas a estas se dar\u00e1n del 16 al 18.<\/p>\n\n\n\n<p>Es de anotar que para realizar la postulaci\u00f3n en la UArtes, los aspirantes deben tener una nota habilitada y vigente del examen Ser Bachiller o inscribirse para rendir la evaluaci\u00f3n de acceso a la educaci\u00f3n superior organizada por la Secretar\u00eda de Educaci\u00f3n Superior Ciencia Tecnolog\u00eda e Innovaci\u00f3n (Senescyt) en la convocatoria correspondiente al II Semestre 2020. Tambi\u00e9n se pueden postular&nbsp;extranjeros residentes en Ecuador que cuenten con su t\u00edtulo de bachiller debidamente homologado por el Ministerio de Educaci\u00f3n del Ecuador y que realicen el proceso de inscripci\u00f3n en la Senescyt para rendir el examen Ser Bachiller.<\/p>\n\n\n\n<p><strong>N\u00famero de matriculados en el I Semestre 2020<\/strong><\/p>\n\n\n\n<p>Para este I Semestre 2020, en marcha desde el pasado 4 de mayo, la Universidad de las Artes registr\u00f3 1.818 estudiantes matriculados dentro de los per\u00edodos de las matr\u00edculas ordinarias y extraordinarias. Mil quinientos noventa corresponden a las carreras de pregrado: Artes Musicales, Producci\u00f3n Musical, Artes Visuales, Literatura, Cine, Danza, \u00a0Creaci\u00f3n Teatral y Pedagog\u00eda de las Artes; y, posgrados: Maestr\u00edas de Composici\u00f3n Musical y Artes Sonoras, Pol\u00edticas Culturales y Gesti\u00f3n de las Artes, y Fotograf\u00eda y Sociedad en Am\u00e9rica Latina. Los 228 restantes son los alumnos del programa de Nivelaci\u00f3n, cuyas matr\u00edculas extraordinarias en l\u00ednea se efectuaron el jueves 21 de mayo.<\/p>\n\n\n\n<p>Entre los matriculados constan tambi\u00e9n los 100 estudiantes que ingresan a la Unidad de Titulaci\u00f3n y que luego de la defensa que realicen \u2013en el tiempo determinado en el calendario de titulaci\u00f3n\u2013, se graduar\u00e1n como licenciados a mediados de octubre pr\u00f3ximo.<\/p>\n\n\n\n<p>Cabe indicar que, pese a la emergencia sanitaria decretada en el pa\u00eds por el COVID-19, el porcentaje de estudiantes que se matricularon en la UArtes para el I Semestre 2020 es menor solo en un 10% al n\u00famero registrado en el II Semestre 2019 (fueron 1.677 alumnos).<\/p>\n","protected":false},"excerpt":{"rendered":"<p>Acorde a su calendario acad\u00e9mico, la Universidad de las Artes inici\u00f3 el lunes 1 de junio la convocatoria del proceso de admisi\u00f3n para el II Semestre 2020, el cual consiste en una evaluaci\u00f3n de suficiencia en artes. La recepci\u00f3n de las postulaciones en l\u00ednea concluir\u00e1 el 25 de este mes para dar paso, del 29 de junio al 3 de julio, a la revisi\u00f3n de la documentaci\u00f3n con la cual se cierra la primera de las dos etapas del procedimiento.<\/p>\n","protected":false},"author":1,"featured_media":7260,"comment_status":"closed","ping_status":"closed","sticky":false,"template":"","format":"standard","meta":{"_acf_changed":false,"_uag_custom_page_level_css":"","_monsterinsights_skip_tracking":false,"_monsterinsights_sitenote_active":false,"_monsterinsights_sitenote_note":"","_monsterinsights_sitenote_category":0,"cybocfi_hide_featured_image":"","footnotes":""},"categories":[80,77,264],"tags":[211,229],"infouartes":[],"class_list":["post-7259","post","type-post","status-publish","format-standard","has-post-thumbnail","hentry","category-academico","category-gestion","category-maestrias","tag-covid19","tag-pedagogia-de-las-artes-y-humanidades"],"acf":[],"yoast_head":"<!-- This site is optimized with the Yoast SEO plugin v27.4 - https:\/\/yoast.com\/product\/yoast-seo-wordpress\/ -->\n<title>Universidad de las Artes - UArtes, en el proceso de admisi\u00f3n para el II Semestre 2020<\/title>\n<meta name=\"description\" content=\"Universidad de las Artes - UArtes, en el proceso de admisi\u00f3n para el II Semestre 2020\" \/>\n<meta name=\"robots\" content=\"index, follow, max-snippet:-1, max-image-preview:large, max-video-preview:-1\" \/>\n<link rel=\"canonical\" href=\"https:\/\/www.uartes.edu.ec\/sitio\/blog\/2020\/06\/15\/uartes-en-el-proceso-de-admision-para-el-ii-semestre-2020\/\" \/>\n<meta property=\"og:locale\" content=\"es_ES\" \/>\n<meta property=\"og:type\" content=\"article\" \/>\n<meta property=\"og:title\" content=\"Universidad de las Artes - UArtes, en el proceso de admisi\u00f3n para el II Semestre 2020\" \/>\n<meta property=\"og:description\" content=\"Universidad de las Artes - UArtes, en el proceso de admisi\u00f3n para el II Semestre 2020\" \/>\n<meta property=\"og:url\" content=\"https:\/\/www.uartes.edu.ec\/sitio\/blog\/2020\/06\/15\/uartes-en-el-proceso-de-admision-para-el-ii-semestre-2020\/\" \/>\n<meta property=\"og:site_name\" content=\"Universidad de las Artes\" \/>\n<meta property=\"article:publisher\" content=\"https:\/\/www.facebook.com\/uartesec\" \/>\n<meta property=\"article:published_time\" content=\"2020-06-15T17:06:51+00:00\" \/>\n<meta property=\"article:modified_time\" content=\"2024-07-04T16:43:01+00:00\" \/>\n<meta property=\"og:image\" content=\"https:\/\/www.uartes.edu.ec\/sitio\/wp-content\/uploads\/2020\/06\/WhatsApp-Image-2020-04-07-at-16.58.56.jpeg\" \/>\n\t<meta property=\"og:image:width\" content=\"1280\" \/>\n\t<meta property=\"og:image:height\" content=\"815\" \/>\n\t<meta property=\"og:image:type\" content=\"image\/jpeg\" \/>\n<meta name=\"author\" content=\"Universidad de las Artes\" \/>\n<meta name=\"twitter:card\" content=\"summary_large_image\" \/>\n<meta name=\"twitter:creator\" content=\"@uartesec\" \/>\n<meta name=\"twitter:site\" content=\"@uartesec\" \/>\n<meta name=\"twitter:label1\" content=\"Escrito por\" \/>\n\t<meta name=\"twitter:data1\" content=\"Universidad de las Artes\" \/>\n\t<meta name=\"twitter:label2\" content=\"Tiempo de lectura\" \/>\n\t<meta name=\"twitter:data2\" content=\"2 minutos\" \/>\n<script type=\"application\/ld+json\" class=\"yoast-schema-graph\">{\"@context\":\"https:\\\/\\\/schema.org\",\"@graph\":[{\"@type\":\"Article\",\"@id\":\"https:\\\/\\\/www.uartes.edu.ec\\\/sitio\\\/blog\\\/2020\\\/06\\\/15\\\/uartes-en-el-proceso-de-admision-para-el-ii-semestre-2020\\\/#article\",\"isPartOf\":{\"@id\":\"https:\\\/\\\/www.uartes.edu.ec\\\/sitio\\\/blog\\\/2020\\\/06\\\/15\\\/uartes-en-el-proceso-de-admision-para-el-ii-semestre-2020\\\/\"},\"author\":{\"name\":\"Universidad de las Artes\",\"@id\":\"https:\\\/\\\/www.uartes.edu.ec\\\/sitio\\\/#\\\/schema\\\/person\\\/f33f8c1d2af0d5c80a38c8abf458184a\"},\"headline\":\"UArtes, en el proceso de admisi\u00f3n para el II Semestre 2020\",\"datePublished\":\"2020-06-15T17:06:51+00:00\",\"dateModified\":\"2024-07-04T16:43:01+00:00\",\"mainEntityOfPage\":{\"@id\":\"https:\\\/\\\/www.uartes.edu.ec\\\/sitio\\\/blog\\\/2020\\\/06\\\/15\\\/uartes-en-el-proceso-de-admision-para-el-ii-semestre-2020\\\/\"},\"wordCount\":474,\"publisher\":{\"@id\":\"https:\\\/\\\/www.uartes.edu.ec\\\/sitio\\\/#organization\"},\"image\":{\"@id\":\"https:\\\/\\\/www.uartes.edu.ec\\\/sitio\\\/blog\\\/2020\\\/06\\\/15\\\/uartes-en-el-proceso-de-admision-para-el-ii-semestre-2020\\\/#primaryimage\"},\"thumbnailUrl\":\"https:\\\/\\\/www.uartes.edu.ec\\\/sitio\\\/wp-content\\\/uploads\\\/2020\\\/06\\\/WhatsApp-Image-2020-04-07-at-16.58.56.jpeg\",\"keywords\":[\"covid19\",\"Pedagog\u00eda de las Artes y Humanidades\"],\"articleSection\":[\"Acad\u00e9mico\",\"Gesti\u00f3n\",\"Maestr\u00edas\"],\"inLanguage\":\"es\"},{\"@type\":[\"WebPage\",\"ItemPage\"],\"@id\":\"https:\\\/\\\/www.uartes.edu.ec\\\/sitio\\\/blog\\\/2020\\\/06\\\/15\\\/uartes-en-el-proceso-de-admision-para-el-ii-semestre-2020\\\/\",\"url\":\"https:\\\/\\\/www.uartes.edu.ec\\\/sitio\\\/blog\\\/2020\\\/06\\\/15\\\/uartes-en-el-proceso-de-admision-para-el-ii-semestre-2020\\\/\",\"name\":\"Universidad de las Artes - UArtes, en el proceso de admisi\u00f3n para el II Semestre 2020\",\"isPartOf\":{\"@id\":\"https:\\\/\\\/www.uartes.edu.ec\\\/sitio\\\/#website\"},\"primaryImageOfPage\":{\"@id\":\"https:\\\/\\\/www.uartes.edu.ec\\\/sitio\\\/blog\\\/2020\\\/06\\\/15\\\/uartes-en-el-proceso-de-admision-para-el-ii-semestre-2020\\\/#primaryimage\"},\"image\":{\"@id\":\"https:\\\/\\\/www.uartes.edu.ec\\\/sitio\\\/blog\\\/2020\\\/06\\\/15\\\/uartes-en-el-proceso-de-admision-para-el-ii-semestre-2020\\\/#primaryimage\"},\"thumbnailUrl\":\"https:\\\/\\\/www.uartes.edu.ec\\\/sitio\\\/wp-content\\\/uploads\\\/2020\\\/06\\\/WhatsApp-Image-2020-04-07-at-16.58.56.jpeg\",\"datePublished\":\"2020-06-15T17:06:51+00:00\",\"dateModified\":\"2024-07-04T16:43:01+00:00\",\"description\":\"Universidad de las Artes - UArtes, en el proceso de admisi\u00f3n para el II Semestre 2020\",\"breadcrumb\":{\"@id\":\"https:\\\/\\\/www.uartes.edu.ec\\\/sitio\\\/blog\\\/2020\\\/06\\\/15\\\/uartes-en-el-proceso-de-admision-para-el-ii-semestre-2020\\\/#breadcrumb\"},\"inLanguage\":\"es\",\"potentialAction\":[{\"@type\":\"ReadAction\",\"target\":[\"https:\\\/\\\/www.uartes.edu.ec\\\/sitio\\\/blog\\\/2020\\\/06\\\/15\\\/uartes-en-el-proceso-de-admision-para-el-ii-semestre-2020\\\/\"]}]},{\"@type\":\"ImageObject\",\"inLanguage\":\"es\",\"@id\":\"https:\\\/\\\/www.uartes.edu.ec\\\/sitio\\\/blog\\\/2020\\\/06\\\/15\\\/uartes-en-el-proceso-de-admision-para-el-ii-semestre-2020\\\/#primaryimage\",\"url\":\"https:\\\/\\\/www.uartes.edu.ec\\\/sitio\\\/wp-content\\\/uploads\\\/2020\\\/06\\\/WhatsApp-Image-2020-04-07-at-16.58.56.jpeg\",\"contentUrl\":\"https:\\\/\\\/www.uartes.edu.ec\\\/sitio\\\/wp-content\\\/uploads\\\/2020\\\/06\\\/WhatsApp-Image-2020-04-07-at-16.58.56.jpeg\",\"width\":1280,\"height\":815},{\"@type\":\"BreadcrumbList\",\"@id\":\"https:\\\/\\\/www.uartes.edu.ec\\\/sitio\\\/blog\\\/2020\\\/06\\\/15\\\/uartes-en-el-proceso-de-admision-para-el-ii-semestre-2020\\\/#breadcrumb\",\"itemListElement\":[{\"@type\":\"ListItem\",\"position\":1,\"name\":\"Inicio\",\"item\":\"https:\\\/\\\/www.uartes.edu.ec\\\/sitio\\\/\"},{\"@type\":\"ListItem\",\"position\":2,\"name\":\"UArtes, en el proceso de admisi\u00f3n para el II Semestre 2020\"}]},{\"@type\":\"WebSite\",\"@id\":\"https:\\\/\\\/www.uartes.edu.ec\\\/sitio\\\/#website\",\"url\":\"https:\\\/\\\/www.uartes.edu.ec\\\/sitio\\\/\",\"name\":\"Universidad de las Artes\",\"description\":\"Sitio oficial de la Universidad Nacional de las Artes del Ecuador\",\"publisher\":{\"@id\":\"https:\\\/\\\/www.uartes.edu.ec\\\/sitio\\\/#organization\"},\"potentialAction\":[{\"@type\":\"SearchAction\",\"target\":{\"@type\":\"EntryPoint\",\"urlTemplate\":\"https:\\\/\\\/www.uartes.edu.ec\\\/sitio\\\/?s={search_term_string}\"},\"query-input\":{\"@type\":\"PropertyValueSpecification\",\"valueRequired\":true,\"valueName\":\"search_term_string\"}}],\"inLanguage\":\"es\"},{\"@type\":\"Organization\",\"@id\":\"https:\\\/\\\/www.uartes.edu.ec\\\/sitio\\\/#organization\",\"name\":\"Universidad de las Artes\",\"url\":\"https:\\\/\\\/www.uartes.edu.ec\\\/sitio\\\/\",\"logo\":{\"@type\":\"ImageObject\",\"inLanguage\":\"es\",\"@id\":\"https:\\\/\\\/www.uartes.edu.ec\\\/sitio\\\/#\\\/schema\\\/logo\\\/image\\\/\",\"url\":\"https:\\\/\\\/www.uartes.edu.ec\\\/sitio\\\/wp-content\\\/uploads\\\/2022\\\/07\\\/logo-ua-horizontal.png\",\"contentUrl\":\"https:\\\/\\\/www.uartes.edu.ec\\\/sitio\\\/wp-content\\\/uploads\\\/2022\\\/07\\\/logo-ua-horizontal.png\",\"width\":800,\"height\":276,\"caption\":\"Universidad de las Artes\"},\"image\":{\"@id\":\"https:\\\/\\\/www.uartes.edu.ec\\\/sitio\\\/#\\\/schema\\\/logo\\\/image\\\/\"},\"sameAs\":[\"https:\\\/\\\/www.facebook.com\\\/uartesec\",\"https:\\\/\\\/x.com\\\/uartesec\",\"https:\\\/\\\/www.tiktok.com\\\/@uartesec\"]},{\"@type\":\"Person\",\"@id\":\"https:\\\/\\\/www.uartes.edu.ec\\\/sitio\\\/#\\\/schema\\\/person\\\/f33f8c1d2af0d5c80a38c8abf458184a\",\"name\":\"Universidad de las Artes\",\"image\":{\"@type\":\"ImageObject\",\"inLanguage\":\"es\",\"@id\":\"https:\\\/\\\/secure.gravatar.com\\\/avatar\\\/52e4757902f5cfa5ac52d020e5be83cae5487519154b6c35482fe08d589f3c13?s=96&d=mm&r=g\",\"url\":\"https:\\\/\\\/secure.gravatar.com\\\/avatar\\\/52e4757902f5cfa5ac52d020e5be83cae5487519154b6c35482fe08d589f3c13?s=96&d=mm&r=g\",\"contentUrl\":\"https:\\\/\\\/secure.gravatar.com\\\/avatar\\\/52e4757902f5cfa5ac52d020e5be83cae5487519154b6c35482fe08d589f3c13?s=96&d=mm&r=g\",\"caption\":\"Universidad de las Artes\"},\"url\":\"https:\\\/\\\/www.uartes.edu.ec\\\/sitio\\\/blog\\\/author\\\/dircomadm\\\/\"}]}<\/script>\n<!-- \/ Yoast SEO plugin. -->","yoast_head_json":{"title":"Universidad de las Artes - UArtes, en el proceso de admisi\u00f3n para el II Semestre 2020","description":"Universidad de las Artes - UArtes, en el proceso de admisi\u00f3n para el II Semestre 2020","robots":{"index":"index","follow":"follow","max-snippet":"max-snippet:-1","max-image-preview":"max-image-preview:large","max-video-preview":"max-video-preview:-1"},"canonical":"https:\/\/www.uartes.edu.ec\/sitio\/blog\/2020\/06\/15\/uartes-en-el-proceso-de-admision-para-el-ii-semestre-2020\/","og_locale":"es_ES","og_type":"article","og_title":"Universidad de las Artes - UArtes, en el proceso de admisi\u00f3n para el II Semestre 2020","og_description":"Universidad de las Artes - UArtes, en el proceso de admisi\u00f3n para el II Semestre 2020","og_url":"https:\/\/www.uartes.edu.ec\/sitio\/blog\/2020\/06\/15\/uartes-en-el-proceso-de-admision-para-el-ii-semestre-2020\/","og_site_name":"Universidad de las Artes","article_publisher":"https:\/\/www.facebook.com\/uartesec","article_published_time":"2020-06-15T17:06:51+00:00","article_modified_time":"2024-07-04T16:43:01+00:00","og_image":[{"width":1280,"height":815,"url":"https:\/\/www.uartes.edu.ec\/sitio\/wp-content\/uploads\/2020\/06\/WhatsApp-Image-2020-04-07-at-16.58.56.jpeg","type":"image\/jpeg"}],"author":"Universidad de las Artes","twitter_card":"summary_large_image","twitter_creator":"@uartesec","twitter_site":"@uartesec","twitter_misc":{"Escrito por":"Universidad de las Artes","Tiempo de lectura":"2 minutos"},"schema":{"@context":"https:\/\/schema.org","@graph":[{"@type":"Article","@id":"https:\/\/www.uartes.edu.ec\/sitio\/blog\/2020\/06\/15\/uartes-en-el-proceso-de-admision-para-el-ii-semestre-2020\/#article","isPartOf":{"@id":"https:\/\/www.uartes.edu.ec\/sitio\/blog\/2020\/06\/15\/uartes-en-el-proceso-de-admision-para-el-ii-semestre-2020\/"},"author":{"name":"Universidad de las Artes","@id":"https:\/\/www.uartes.edu.ec\/sitio\/#\/schema\/person\/f33f8c1d2af0d5c80a38c8abf458184a"},"headline":"UArtes, en el proceso de admisi\u00f3n para el II Semestre 2020","datePublished":"2020-06-15T17:06:51+00:00","dateModified":"2024-07-04T16:43:01+00:00","mainEntityOfPage":{"@id":"https:\/\/www.uartes.edu.ec\/sitio\/blog\/2020\/06\/15\/uartes-en-el-proceso-de-admision-para-el-ii-semestre-2020\/"},"wordCount":474,"publisher":{"@id":"https:\/\/www.uartes.edu.ec\/sitio\/#organization"},"image":{"@id":"https:\/\/www.uartes.edu.ec\/sitio\/blog\/2020\/06\/15\/uartes-en-el-proceso-de-admision-para-el-ii-semestre-2020\/#primaryimage"},"thumbnailUrl":"https:\/\/www.uartes.edu.ec\/sitio\/wp-content\/uploads\/2020\/06\/WhatsApp-Image-2020-04-07-at-16.58.56.jpeg","keywords":["covid19","Pedagog\u00eda de las Artes y Humanidades"],"articleSection":["Acad\u00e9mico","Gesti\u00f3n","Maestr\u00edas"],"inLanguage":"es"},{"@type":["WebPage","ItemPage"],"@id":"https:\/\/www.uartes.edu.ec\/sitio\/blog\/2020\/06\/15\/uartes-en-el-proceso-de-admision-para-el-ii-semestre-2020\/","url":"https:\/\/www.uartes.edu.ec\/sitio\/blog\/2020\/06\/15\/uartes-en-el-proceso-de-admision-para-el-ii-semestre-2020\/","name":"Universidad de las Artes - UArtes, en el proceso de admisi\u00f3n para el II Semestre 2020","isPartOf":{"@id":"https:\/\/www.uartes.edu.ec\/sitio\/#website"},"primaryImageOfPage":{"@id":"https:\/\/www.uartes.edu.ec\/sitio\/blog\/2020\/06\/15\/uartes-en-el-proceso-de-admision-para-el-ii-semestre-2020\/#primaryimage"},"image":{"@id":"https:\/\/www.uartes.edu.ec\/sitio\/blog\/2020\/06\/15\/uartes-en-el-proceso-de-admision-para-el-ii-semestre-2020\/#primaryimage"},"thumbnailUrl":"https:\/\/www.uartes.edu.ec\/sitio\/wp-content\/uploads\/2020\/06\/WhatsApp-Image-2020-04-07-at-16.58.56.jpeg","datePublished":"2020-06-15T17:06:51+00:00","dateModified":"2024-07-04T16:43:01+00:00","description":"Universidad de las Artes - UArtes, en el proceso de admisi\u00f3n para el II Semestre 2020","breadcrumb":{"@id":"https:\/\/www.uartes.edu.ec\/sitio\/blog\/2020\/06\/15\/uartes-en-el-proceso-de-admision-para-el-ii-semestre-2020\/#breadcrumb"},"inLanguage":"es","potentialAction":[{"@type":"ReadAction","target":["https:\/\/www.uartes.edu.ec\/sitio\/blog\/2020\/06\/15\/uartes-en-el-proceso-de-admision-para-el-ii-semestre-2020\/"]}]},{"@type":"ImageObject","inLanguage":"es","@id":"https:\/\/www.uartes.edu.ec\/sitio\/blog\/2020\/06\/15\/uartes-en-el-proceso-de-admision-para-el-ii-semestre-2020\/#primaryimage","url":"https:\/\/www.uartes.edu.ec\/sitio\/wp-content\/uploads\/2020\/06\/WhatsApp-Image-2020-04-07-at-16.58.56.jpeg","contentUrl":"https:\/\/www.uartes.edu.ec\/sitio\/wp-content\/uploads\/2020\/06\/WhatsApp-Image-2020-04-07-at-16.58.56.jpeg","width":1280,"height":815},{"@type":"BreadcrumbList","@id":"https:\/\/www.uartes.edu.ec\/sitio\/blog\/2020\/06\/15\/uartes-en-el-proceso-de-admision-para-el-ii-semestre-2020\/#breadcrumb","itemListElement":[{"@type":"ListItem","position":1,"name":"Inicio","item":"https:\/\/www.uartes.edu.ec\/sitio\/"},{"@type":"ListItem","position":2,"name":"UArtes, en el proceso de admisi\u00f3n para el II Semestre 2020"}]},{"@type":"WebSite","@id":"https:\/\/www.uartes.edu.ec\/sitio\/#website","url":"https:\/\/www.uartes.edu.ec\/sitio\/","name":"Universidad de las Artes","description":"Sitio oficial de la Universidad Nacional de las Artes del Ecuador","publisher":{"@id":"https:\/\/www.uartes.edu.ec\/sitio\/#organization"},"potentialAction":[{"@type":"SearchAction","target":{"@type":"EntryPoint","urlTemplate":"https:\/\/www.uartes.edu.ec\/sitio\/?s={search_term_string}"},"query-input":{"@type":"PropertyValueSpecification","valueRequired":true,"valueName":"search_term_string"}}],"inLanguage":"es"},{"@type":"Organization","@id":"https:\/\/www.uartes.edu.ec\/sitio\/#organization","name":"Universidad de las Artes","url":"https:\/\/www.uartes.edu.ec\/sitio\/","logo":{"@type":"ImageObject","inLanguage":"es","@id":"https:\/\/www.uartes.edu.ec\/sitio\/#\/schema\/logo\/image\/","url":"https:\/\/www.uartes.edu.ec\/sitio\/wp-content\/uploads\/2022\/07\/logo-ua-horizontal.png","contentUrl":"https:\/\/www.uartes.edu.ec\/sitio\/wp-content\/uploads\/2022\/07\/logo-ua-horizontal.png","width":800,"height":276,"caption":"Universidad de las Artes"},"image":{"@id":"https:\/\/www.uartes.edu.ec\/sitio\/#\/schema\/logo\/image\/"},"sameAs":["https:\/\/www.facebook.com\/uartesec","https:\/\/x.com\/uartesec","https:\/\/www.tiktok.com\/@uartesec"]},{"@type":"Person","@id":"https:\/\/www.uartes.edu.ec\/sitio\/#\/schema\/person\/f33f8c1d2af0d5c80a38c8abf458184a","name":"Universidad de las Artes","image":{"@type":"ImageObject","inLanguage":"es","@id":"https:\/\/secure.gravatar.com\/avatar\/52e4757902f5cfa5ac52d020e5be83cae5487519154b6c35482fe08d589f3c13?s=96&d=mm&r=g","url":"https:\/\/secure.gravatar.com\/avatar\/52e4757902f5cfa5ac52d020e5be83cae5487519154b6c35482fe08d589f3c13?s=96&d=mm&r=g","contentUrl":"https:\/\/secure.gravatar.com\/avatar\/52e4757902f5cfa5ac52d020e5be83cae5487519154b6c35482fe08d589f3c13?s=96&d=mm&r=g","caption":"Universidad de las Artes"},"url":"https:\/\/www.uartes.edu.ec\/sitio\/blog\/author\/dircomadm\/"}]}},"uagb_featured_image_src":{"full":["https:\/\/www.uartes.edu.ec\/sitio\/wp-content\/uploads\/2020\/06\/WhatsApp-Image-2020-04-07-at-16.58.56.jpeg",1280,815,false],"thumbnail":["https:\/\/www.uartes.edu.ec\/sitio\/wp-content\/uploads\/2020\/06\/WhatsApp-Image-2020-04-07-at-16.58.56-150x150.jpeg",150,150,true],"medium":["https:\/\/www.uartes.edu.ec\/sitio\/wp-content\/uploads\/2020\/06\/WhatsApp-Image-2020-04-07-at-16.58.56-300x191.jpeg",300,191,true],"medium_large":["https:\/\/www.uartes.edu.ec\/sitio\/wp-content\/uploads\/2020\/06\/WhatsApp-Image-2020-04-07-at-16.58.56-768x489.jpeg",768,489,true],"large":["https:\/\/www.uartes.edu.ec\/sitio\/wp-content\/uploads\/2020\/06\/WhatsApp-Image-2020-04-07-at-16.58.56-644x410.jpeg",644,410,true],"1536x1536":["https:\/\/www.uartes.edu.ec\/sitio\/wp-content\/uploads\/2020\/06\/WhatsApp-Image-2020-04-07-at-16.58.56.jpeg",1280,815,false],"2048x2048":["https:\/\/www.uartes.edu.ec\/sitio\/wp-content\/uploads\/2020\/06\/WhatsApp-Image-2020-04-07-at-16.58.56.jpeg",1280,815,false],"trp-custom-language-flag":["https:\/\/www.uartes.edu.ec\/sitio\/wp-content\/uploads\/2020\/06\/WhatsApp-Image-2020-04-07-at-16.58.56.jpeg",18,12,false],"htmega_size_585x295":["https:\/\/www.uartes.edu.ec\/sitio\/wp-content\/uploads\/2020\/06\/WhatsApp-Image-2020-04-07-at-16.58.56.jpeg",463,295,false],"htmega_size_1170x536":["https:\/\/www.uartes.edu.ec\/sitio\/wp-content\/uploads\/2020\/06\/WhatsApp-Image-2020-04-07-at-16.58.56.jpeg",842,536,false],"htmega_size_396x360":["https:\/\/www.uartes.edu.ec\/sitio\/wp-content\/uploads\/2020\/06\/WhatsApp-Image-2020-04-07-at-16.58.56.jpeg",396,252,false],"gb-block-post-grid-landscape":["https:\/\/www.uartes.edu.ec\/sitio\/wp-content\/uploads\/2020\/06\/WhatsApp-Image-2020-04-07-at-16.58.56.jpeg",600,382,false],"gb-block-post-grid-square":["https:\/\/www.uartes.edu.ec\/sitio\/wp-content\/uploads\/2020\/06\/WhatsApp-Image-2020-04-07-at-16.58.56.jpeg",600,382,false],"university-hub-thumb":["https:\/\/www.uartes.edu.ec\/sitio\/wp-content\/uploads\/2020\/06\/WhatsApp-Image-2020-04-07-at-16.58.56-400x255.jpeg",400,255,true]},"uagb_author_info":{"display_name":"Universidad de las Artes","author_link":"https:\/\/www.uartes.edu.ec\/sitio\/blog\/author\/dircomadm\/"},"uagb_comment_info":0,"uagb_excerpt":"Acorde a su calendario acad\u00e9mico, la Universidad de las Artes inici\u00f3 el lunes 1 de junio la convocatoria del proceso de admisi\u00f3n para el II Semestre 2020, el cual consiste en una evaluaci\u00f3n de suficiencia en artes. La recepci\u00f3n de las postulaciones en l\u00ednea concluir\u00e1 el 25 de este mes para dar paso, del 29&hellip;","featured_image_src":"https:\/\/www.uartes.edu.ec\/sitio\/wp-content\/uploads\/2020\/06\/WhatsApp-Image-2020-04-07-at-16.58.56.jpeg","featured_image_src_square":"https:\/\/www.uartes.edu.ec\/sitio\/wp-content\/uploads\/2020\/06\/WhatsApp-Image-2020-04-07-at-16.58.56.jpeg","author_info":{"display_name":"Universidad de las Artes","author_link":"https:\/\/www.uartes.edu.ec\/sitio\/blog\/author\/dircomadm\/"},"publishpress_future_workflow_manual_trigger":{"enabledWorkflows":[]},"distributor_meta":false,"distributor_terms":false,"distributor_media":false,"distributor_original_site_name":"Universidad de las Artes","distributor_original_site_url":"https:\/\/www.uartes.edu.ec\/sitio","push-errors":false,"_links":{"self":[{"href":"https:\/\/www.uartes.edu.ec\/sitio\/wp-json\/wp\/v2\/posts\/7259","targetHints":{"allow":["GET"]}}],"collection":[{"href":"https:\/\/www.uartes.edu.ec\/sitio\/wp-json\/wp\/v2\/posts"}],"about":[{"href":"https:\/\/www.uartes.edu.ec\/sitio\/wp-json\/wp\/v2\/types\/post"}],"author":[{"embeddable":true,"href":"https:\/\/www.uartes.edu.ec\/sitio\/wp-json\/wp\/v2\/users\/1"}],"replies":[{"embeddable":true,"href":"https:\/\/www.uartes.edu.ec\/sitio\/wp-json\/wp\/v2\/comments?post=7259"}],"version-history":[{"count":1,"href":"https:\/\/www.uartes.edu.ec\/sitio\/wp-json\/wp\/v2\/posts\/7259\/revisions"}],"predecessor-version":[{"id":7261,"href":"https:\/\/www.uartes.edu.ec\/sitio\/wp-json\/wp\/v2\/posts\/7259\/revisions\/7261"}],"wp:featuredmedia":[{"embeddable":true,"href":"https:\/\/www.uartes.edu.ec\/sitio\/wp-json\/wp\/v2\/media\/7260"}],"wp:attachment":[{"href":"https:\/\/www.uartes.edu.ec\/sitio\/wp-json\/wp\/v2\/media?parent=7259"}],"wp:term":[{"taxonomy":"category","embeddable":true,"href":"https:\/\/www.uartes.edu.ec\/sitio\/wp-json\/wp\/v2\/categories?post=7259"},{"taxonomy":"post_tag","embeddable":true,"href":"https:\/\/www.uartes.edu.ec\/sitio\/wp-json\/wp\/v2\/tags?post=7259"},{"taxonomy":"infouartes","embeddable":true,"href":"https:\/\/www.uartes.edu.ec\/sitio\/wp-json\/wp\/v2\/infouartes?post=7259"}],"curies":[{"name":"wp","href":"https:\/\/api.w.org\/{rel}","templated":true}]}}