{"id":73102,"date":"2025-06-04T10:39:00","date_gmt":"2025-06-04T15:39:00","guid":{"rendered":"https:\/\/www.uartes.edu.ec\/sitio\/?p=73102"},"modified":"2025-06-08T20:59:55","modified_gmt":"2025-06-09T01:59:55","slug":"uartes-y-espol-firman-convenio-para-un-doctorado-en-artes-y-para-cooperacion-interbibliotecaria","status":"publish","type":"post","link":"https:\/\/www.uartes.edu.ec\/sitio\/blog\/2025\/06\/04\/uartes-y-espol-firman-convenio-para-un-doctorado-en-artes-y-para-cooperacion-interbibliotecaria\/","title":{"rendered":"UArtes y Espol firman convenio para la construcci\u00f3n de un Doctorado en Artes y para cooperaci\u00f3n interbibliotecaria"},"content":{"rendered":"\n<p>La Universidad de las Artes firm\u00f3 dos convenios espec\u00edficos con la Escuela Superior Polit\u00e9cnica del Litoral. Uno para la presentaci\u00f3n, desarrollo y ejecuci\u00f3n del programa de Doctorado en Artes, de tipo semiestructurado en red. Y el segundo, para promover la cooperaci\u00f3n interbibliotecaria, a fin de garantizar el acceso a los servicios y recursos bibliotecarios ofrecidos por la Espol y la UArtes para los miembros de sus respectivas comunidades.<\/p>\n\n\n\n<p>Del Doctorado en Artes, el cual ser\u00eda el primero en Ecuador, el convenio suscrito se\u00f1ala que las actividades formativas y de investigaci\u00f3n se ejecutar\u00e1n tanto en la Espol como en la UArtes. No obstante, las actividades de investigaci\u00f3n (ejecuci\u00f3n de tesis, ponencias en congresos u otras actividades de car\u00e1cter investigativo a realizarse dentro del programa) podr\u00e1n ejecutarse en otras instituciones dentro o fuera del pa\u00eds, a fin de garantizar el cumplimiento de los objetivos del proyecto de investigaci\u00f3n.<\/p>\n\n\n\n<p>Las administradoras del convenio espec\u00edfico para el Doctorado en Artes son nuestra vicerrectora de Posgrados e Investigaci\u00f3n en Artes, doctora Olga L\u00f3pez, y la decana de la Facultad de Arte, Dise\u00f1o y Comunicaci\u00f3n Visual de la Espol, Nayeth Solorzano.<\/p>\n\n\n\n<p>\u201cEn el Doctorado en Artes las dos universidades entran a poner sus recursos, tanto humanos como tecnol\u00f3gicos e infraestructura, a fin de que funcione de la mejor manera\u201d, indic\u00f3 la doctora L\u00f3pez. La firma del convenio se dio para precisar todos los detalles: c\u00f3mo ser\u00e1 la colaboraci\u00f3n a nivel de infraestructura, econ\u00f3mico y docente, c\u00f3mo ser\u00e1n las l\u00edneas de investigaci\u00f3n del doctorado, cu\u00e1les ser\u00e1n las menciones que se van a entregar, entre otros.<\/p>\n\n\n<div class=\"wp-block-image\">\n<figure class=\"aligncenter size-large\"><img fetchpriority=\"high\" decoding=\"async\" width=\"644\" height=\"429\" src=\"https:\/\/www.uartes.edu.ec\/sitio\/wp-content\/uploads\/2025\/06\/OLGA-LOPEZ-02-644x429.jpg\" alt=\"\" class=\"wp-image-73104\" srcset=\"https:\/\/www.uartes.edu.ec\/sitio\/wp-content\/uploads\/2025\/06\/OLGA-LOPEZ-02-644x429.jpg 644w, https:\/\/www.uartes.edu.ec\/sitio\/wp-content\/uploads\/2025\/06\/OLGA-LOPEZ-02-300x200.jpg 300w, https:\/\/www.uartes.edu.ec\/sitio\/wp-content\/uploads\/2025\/06\/OLGA-LOPEZ-02-768x512.jpg 768w, https:\/\/www.uartes.edu.ec\/sitio\/wp-content\/uploads\/2025\/06\/OLGA-LOPEZ-02-1536x1024.jpg 1536w, https:\/\/www.uartes.edu.ec\/sitio\/wp-content\/uploads\/2025\/06\/OLGA-LOPEZ-02-18x12.jpg 18w, https:\/\/www.uartes.edu.ec\/sitio\/wp-content\/uploads\/2025\/06\/OLGA-LOPEZ-02-600x400.jpg 600w, https:\/\/www.uartes.edu.ec\/sitio\/wp-content\/uploads\/2025\/06\/OLGA-LOPEZ-02-400x267.jpg 400w, https:\/\/www.uartes.edu.ec\/sitio\/wp-content\/uploads\/2025\/06\/OLGA-LOPEZ-02.jpg 2000w\" sizes=\"(max-width: 644px) 100vw, 644px\" \/><\/figure>\n<\/div>\n\n\n<p>Es una primera fase del doctorado que ya est\u00e1 muy desarrollado, agreg\u00f3 la vicerrectora UArtes. Explic\u00f3 que el convenio era necesario en miras a la cualificaci\u00f3n, porque antes de presentar un programa de doctorado al CES (Consejo de Educaci\u00f3n Superior) se debe hacer una cualificaci\u00f3n con el CACES (Consejo de Aseguramiento de la Calidad de la Educaci\u00f3n Superior), la cual tiene dos niveles.<\/p>\n\n\n\n<p>\u201cUno espec\u00edfico de cada universidad y si vamos a hacer un doctorado en red, el otro nivel s\u00ed es compartido. Entonces hacemos la cualificaci\u00f3n, una que es institucional y otra que es de campo de conocimiento espec\u00edfico y ah\u00ed el convenio entra a apoyar todo lo que implica la relaci\u00f3n de un doctorado en red\u201d, explic\u00f3.<\/p>\n\n\n\n<p>La doctora L\u00f3pez se\u00f1al\u00f3 tambi\u00e9n que se deber\u00e1n cumplir otras frases. La cualificaci\u00f3n es la primera, despu\u00e9s la validaci\u00f3n de todas las fuentes y la visita in situ. \u201cLa cualificaci\u00f3n la estamos terminando en noviembre, seg\u00fan el cronograma del CACES y luego, si nos cualificamos, podremos presentar el expediente de doctorado al CES\u201d.<\/p>\n\n\n\n<p>El doctorado estar\u00e1 dirigido no solo a artistas que quieran continuar con su investigaci\u00f3n, sino tambi\u00e9n a profesionales que trabajan sobre las artes; que vienen del campo de las humanidades, pero que les interesa la reflexi\u00f3n sobre las artes; y que tienen una l\u00ednea muy investigativa, porque el doctorado tiene ese criterio.<\/p>\n\n\n\n<p>El Doctorado en Artes es una iniciativa de ambas instituciones de educaci\u00f3n superior y es por ello, anota la doctora L\u00f3pez, que nos fortalecemos present\u00e1ndolo. La Escuela Superior Polit\u00e9cnica del Litoral tiene la Facultad de Arte, Dise\u00f1o y Comunicaci\u00f3n Audiovisual (Fadcom), tambi\u00e9n maestr\u00edas en el campo de las artes, en arte y tecnolog\u00eda, desde ah\u00ed es que estamos ligados a la Espol, sostuvo nuestra vicerrectora de Posgrado e Investigaci\u00f3n en Artes.<\/p>\n\n\n\n<p>Vale anotar que la UArtes y la Espol han suscrito otros convenios espec\u00edficos, como el de Pr\u00e1cticas PreProfesionales y de movilidad estudiantil de pregrado.<\/p>\n\n\n<div class=\"wp-block-image\">\n<figure class=\"aligncenter size-large\"><img decoding=\"async\" width=\"644\" height=\"429\" src=\"https:\/\/www.uartes.edu.ec\/sitio\/wp-content\/uploads\/2025\/06\/08-ESPOL-UARTES-644x429.jpg\" alt=\"\" class=\"wp-image-73105\" srcset=\"https:\/\/www.uartes.edu.ec\/sitio\/wp-content\/uploads\/2025\/06\/08-ESPOL-UARTES-644x429.jpg 644w, https:\/\/www.uartes.edu.ec\/sitio\/wp-content\/uploads\/2025\/06\/08-ESPOL-UARTES-300x200.jpg 300w, https:\/\/www.uartes.edu.ec\/sitio\/wp-content\/uploads\/2025\/06\/08-ESPOL-UARTES-768x512.jpg 768w, https:\/\/www.uartes.edu.ec\/sitio\/wp-content\/uploads\/2025\/06\/08-ESPOL-UARTES-1536x1024.jpg 1536w, https:\/\/www.uartes.edu.ec\/sitio\/wp-content\/uploads\/2025\/06\/08-ESPOL-UARTES-18x12.jpg 18w, https:\/\/www.uartes.edu.ec\/sitio\/wp-content\/uploads\/2025\/06\/08-ESPOL-UARTES-600x400.jpg 600w, https:\/\/www.uartes.edu.ec\/sitio\/wp-content\/uploads\/2025\/06\/08-ESPOL-UARTES-400x267.jpg 400w, https:\/\/www.uartes.edu.ec\/sitio\/wp-content\/uploads\/2025\/06\/08-ESPOL-UARTES.jpg 2000w\" sizes=\"(max-width: 644px) 100vw, 644px\" \/><\/figure>\n<\/div>\n\n\n<p>Im\u00e1genes: doctora Olga L\u00f3pez, vicerrectora de Posgrados e Investigaci\u00f3n en Artes. Sobre estas l\u00edneas, una de las visitas realizadas por autoridades y funcionarios UArtes a las instalaciones de la Escuela Superior Polit\u00e9cnica del Litoral.<\/p>\n","protected":false},"excerpt":{"rendered":"<p>La UArtes firm\u00f3 dos convenios espec\u00edficos con la Escuela Superior Polit\u00e9cnica del Litoral. Uno para la presentaci\u00f3n, desarrollo y ejecuci\u00f3n del programa de Doctorado en Artes en red. Y el segundo, para promover la cooperaci\u00f3n interbibliotecaria, a fin de garantizar el acceso a los servicios y recursos bibliotecarios ofrecidos por la Espol y la UArtes para los miembros de sus respectivas comunidades.<\/p>\n","protected":false},"author":10,"featured_media":73103,"comment_status":"open","ping_status":"open","sticky":false,"template":"","format":"standard","meta":{"_acf_changed":false,"_uag_custom_page_level_css":"","_monsterinsights_skip_tracking":false,"_monsterinsights_sitenote_active":false,"_monsterinsights_sitenote_note":"","_monsterinsights_sitenote_category":0,"cybocfi_hide_featured_image":"","footnotes":""},"categories":[80,82,77],"tags":[528],"infouartes":[],"class_list":["post-73102","post","type-post","status-publish","format-standard","has-post-thumbnail","hentry","category-academico","category-artes","category-gestion","tag-relacionamiento"],"acf":[],"yoast_head":"<!-- This site is optimized with the Yoast SEO plugin v27.4 - https:\/\/yoast.com\/product\/yoast-seo-wordpress\/ -->\n<title>Universidad de las Artes - UArtes y Espol firman convenio para la construcci\u00f3n de un Doctorado en Artes y para cooperaci\u00f3n interbibliotecaria<\/title>\n<meta name=\"description\" content=\"Universidad de las Artes - UArtes y Espol firman convenio para la construcci\u00f3n de un Doctorado en Artes y para cooperaci\u00f3n interbibliotecaria\" \/>\n<meta name=\"robots\" content=\"index, follow, max-snippet:-1, max-image-preview:large, max-video-preview:-1\" \/>\n<link rel=\"canonical\" href=\"https:\/\/www.uartes.edu.ec\/sitio\/blog\/2025\/06\/04\/uartes-y-espol-firman-convenio-para-un-doctorado-en-artes-y-para-cooperacion-interbibliotecaria\/\" \/>\n<meta property=\"og:locale\" content=\"es_ES\" \/>\n<meta property=\"og:type\" content=\"article\" \/>\n<meta property=\"og:title\" content=\"Universidad de las Artes - UArtes y Espol firman convenio para la construcci\u00f3n de un Doctorado en Artes y para cooperaci\u00f3n interbibliotecaria\" \/>\n<meta property=\"og:description\" content=\"Universidad de las Artes - UArtes y Espol firman convenio para la construcci\u00f3n de un Doctorado en Artes y para cooperaci\u00f3n interbibliotecaria\" \/>\n<meta property=\"og:url\" content=\"https:\/\/www.uartes.edu.ec\/sitio\/blog\/2025\/06\/04\/uartes-y-espol-firman-convenio-para-un-doctorado-en-artes-y-para-cooperacion-interbibliotecaria\/\" \/>\n<meta property=\"og:site_name\" content=\"Universidad de las Artes\" \/>\n<meta property=\"article:publisher\" content=\"https:\/\/www.facebook.com\/uartesec\" \/>\n<meta property=\"article:published_time\" content=\"2025-06-04T15:39:00+00:00\" \/>\n<meta property=\"article:modified_time\" content=\"2025-06-09T01:59:55+00:00\" \/>\n<meta property=\"og:image\" content=\"https:\/\/www.uartes.edu.ec\/sitio\/wp-content\/uploads\/2025\/06\/ESPOL-UARTES-OK.jpg\" \/>\n\t<meta property=\"og:image:width\" content=\"2000\" \/>\n\t<meta property=\"og:image:height\" content=\"1333\" \/>\n\t<meta property=\"og:image:type\" content=\"image\/jpeg\" \/>\n<meta name=\"author\" content=\"ccortez\" \/>\n<meta name=\"twitter:card\" content=\"summary_large_image\" \/>\n<meta name=\"twitter:creator\" content=\"@uartesec\" \/>\n<meta name=\"twitter:site\" content=\"@uartesec\" \/>\n<meta name=\"twitter:label1\" content=\"Escrito por\" \/>\n\t<meta name=\"twitter:data1\" content=\"ccortez\" \/>\n\t<meta name=\"twitter:label2\" content=\"Tiempo de lectura\" \/>\n\t<meta name=\"twitter:data2\" content=\"3 minutos\" \/>\n<script type=\"application\/ld+json\" class=\"yoast-schema-graph\">{\"@context\":\"https:\\\/\\\/schema.org\",\"@graph\":[{\"@type\":\"Article\",\"@id\":\"https:\\\/\\\/www.uartes.edu.ec\\\/sitio\\\/blog\\\/2025\\\/06\\\/04\\\/uartes-y-espol-firman-convenio-para-un-doctorado-en-artes-y-para-cooperacion-interbibliotecaria\\\/#article\",\"isPartOf\":{\"@id\":\"https:\\\/\\\/www.uartes.edu.ec\\\/sitio\\\/blog\\\/2025\\\/06\\\/04\\\/uartes-y-espol-firman-convenio-para-un-doctorado-en-artes-y-para-cooperacion-interbibliotecaria\\\/\"},\"author\":{\"name\":\"ccortez\",\"@id\":\"https:\\\/\\\/www.uartes.edu.ec\\\/sitio\\\/#\\\/schema\\\/person\\\/efa1b8275797664fd7f13a79ccc0b1f4\"},\"headline\":\"UArtes y Espol firman convenio para la construcci\u00f3n de un Doctorado en Artes y para cooperaci\u00f3n interbibliotecaria\",\"datePublished\":\"2025-06-04T15:39:00+00:00\",\"dateModified\":\"2025-06-09T01:59:55+00:00\",\"mainEntityOfPage\":{\"@id\":\"https:\\\/\\\/www.uartes.edu.ec\\\/sitio\\\/blog\\\/2025\\\/06\\\/04\\\/uartes-y-espol-firman-convenio-para-un-doctorado-en-artes-y-para-cooperacion-interbibliotecaria\\\/\"},\"wordCount\":699,\"commentCount\":0,\"publisher\":{\"@id\":\"https:\\\/\\\/www.uartes.edu.ec\\\/sitio\\\/#organization\"},\"image\":{\"@id\":\"https:\\\/\\\/www.uartes.edu.ec\\\/sitio\\\/blog\\\/2025\\\/06\\\/04\\\/uartes-y-espol-firman-convenio-para-un-doctorado-en-artes-y-para-cooperacion-interbibliotecaria\\\/#primaryimage\"},\"thumbnailUrl\":\"https:\\\/\\\/www.uartes.edu.ec\\\/sitio\\\/wp-content\\\/uploads\\\/2025\\\/06\\\/ESPOL-UARTES-OK.jpg\",\"keywords\":[\"relacionamiento\"],\"articleSection\":[\"Acad\u00e9mico\",\"Artes\",\"Gesti\u00f3n\"],\"inLanguage\":\"es\",\"potentialAction\":[{\"@type\":\"CommentAction\",\"name\":\"Comment\",\"target\":[\"https:\\\/\\\/www.uartes.edu.ec\\\/sitio\\\/blog\\\/2025\\\/06\\\/04\\\/uartes-y-espol-firman-convenio-para-un-doctorado-en-artes-y-para-cooperacion-interbibliotecaria\\\/#respond\"]}]},{\"@type\":[\"WebPage\",\"ItemPage\"],\"@id\":\"https:\\\/\\\/www.uartes.edu.ec\\\/sitio\\\/blog\\\/2025\\\/06\\\/04\\\/uartes-y-espol-firman-convenio-para-un-doctorado-en-artes-y-para-cooperacion-interbibliotecaria\\\/\",\"url\":\"https:\\\/\\\/www.uartes.edu.ec\\\/sitio\\\/blog\\\/2025\\\/06\\\/04\\\/uartes-y-espol-firman-convenio-para-un-doctorado-en-artes-y-para-cooperacion-interbibliotecaria\\\/\",\"name\":\"Universidad de las Artes - UArtes y Espol firman convenio para la construcci\u00f3n de un Doctorado en Artes y para cooperaci\u00f3n interbibliotecaria\",\"isPartOf\":{\"@id\":\"https:\\\/\\\/www.uartes.edu.ec\\\/sitio\\\/#website\"},\"primaryImageOfPage\":{\"@id\":\"https:\\\/\\\/www.uartes.edu.ec\\\/sitio\\\/blog\\\/2025\\\/06\\\/04\\\/uartes-y-espol-firman-convenio-para-un-doctorado-en-artes-y-para-cooperacion-interbibliotecaria\\\/#primaryimage\"},\"image\":{\"@id\":\"https:\\\/\\\/www.uartes.edu.ec\\\/sitio\\\/blog\\\/2025\\\/06\\\/04\\\/uartes-y-espol-firman-convenio-para-un-doctorado-en-artes-y-para-cooperacion-interbibliotecaria\\\/#primaryimage\"},\"thumbnailUrl\":\"https:\\\/\\\/www.uartes.edu.ec\\\/sitio\\\/wp-content\\\/uploads\\\/2025\\\/06\\\/ESPOL-UARTES-OK.jpg\",\"datePublished\":\"2025-06-04T15:39:00+00:00\",\"dateModified\":\"2025-06-09T01:59:55+00:00\",\"description\":\"Universidad de las Artes - UArtes y Espol firman convenio para la construcci\u00f3n de un Doctorado en Artes y para cooperaci\u00f3n interbibliotecaria\",\"breadcrumb\":{\"@id\":\"https:\\\/\\\/www.uartes.edu.ec\\\/sitio\\\/blog\\\/2025\\\/06\\\/04\\\/uartes-y-espol-firman-convenio-para-un-doctorado-en-artes-y-para-cooperacion-interbibliotecaria\\\/#breadcrumb\"},\"inLanguage\":\"es\",\"potentialAction\":[{\"@type\":\"ReadAction\",\"target\":[\"https:\\\/\\\/www.uartes.edu.ec\\\/sitio\\\/blog\\\/2025\\\/06\\\/04\\\/uartes-y-espol-firman-convenio-para-un-doctorado-en-artes-y-para-cooperacion-interbibliotecaria\\\/\"]}]},{\"@type\":\"ImageObject\",\"inLanguage\":\"es\",\"@id\":\"https:\\\/\\\/www.uartes.edu.ec\\\/sitio\\\/blog\\\/2025\\\/06\\\/04\\\/uartes-y-espol-firman-convenio-para-un-doctorado-en-artes-y-para-cooperacion-interbibliotecaria\\\/#primaryimage\",\"url\":\"https:\\\/\\\/www.uartes.edu.ec\\\/sitio\\\/wp-content\\\/uploads\\\/2025\\\/06\\\/ESPOL-UARTES-OK.jpg\",\"contentUrl\":\"https:\\\/\\\/www.uartes.edu.ec\\\/sitio\\\/wp-content\\\/uploads\\\/2025\\\/06\\\/ESPOL-UARTES-OK.jpg\",\"width\":2000,\"height\":1333},{\"@type\":\"BreadcrumbList\",\"@id\":\"https:\\\/\\\/www.uartes.edu.ec\\\/sitio\\\/blog\\\/2025\\\/06\\\/04\\\/uartes-y-espol-firman-convenio-para-un-doctorado-en-artes-y-para-cooperacion-interbibliotecaria\\\/#breadcrumb\",\"itemListElement\":[{\"@type\":\"ListItem\",\"position\":1,\"name\":\"Inicio\",\"item\":\"https:\\\/\\\/www.uartes.edu.ec\\\/sitio\\\/\"},{\"@type\":\"ListItem\",\"position\":2,\"name\":\"UArtes y Espol firman convenio para la construcci\u00f3n de un Doctorado en Artes y para cooperaci\u00f3n interbibliotecaria\"}]},{\"@type\":\"WebSite\",\"@id\":\"https:\\\/\\\/www.uartes.edu.ec\\\/sitio\\\/#website\",\"url\":\"https:\\\/\\\/www.uartes.edu.ec\\\/sitio\\\/\",\"name\":\"Universidad de las Artes\",\"description\":\"Sitio oficial de la Universidad Nacional de las Artes del Ecuador\",\"publisher\":{\"@id\":\"https:\\\/\\\/www.uartes.edu.ec\\\/sitio\\\/#organization\"},\"potentialAction\":[{\"@type\":\"SearchAction\",\"target\":{\"@type\":\"EntryPoint\",\"urlTemplate\":\"https:\\\/\\\/www.uartes.edu.ec\\\/sitio\\\/?s={search_term_string}\"},\"query-input\":{\"@type\":\"PropertyValueSpecification\",\"valueRequired\":true,\"valueName\":\"search_term_string\"}}],\"inLanguage\":\"es\"},{\"@type\":\"Organization\",\"@id\":\"https:\\\/\\\/www.uartes.edu.ec\\\/sitio\\\/#organization\",\"name\":\"Universidad de las Artes\",\"url\":\"https:\\\/\\\/www.uartes.edu.ec\\\/sitio\\\/\",\"logo\":{\"@type\":\"ImageObject\",\"inLanguage\":\"es\",\"@id\":\"https:\\\/\\\/www.uartes.edu.ec\\\/sitio\\\/#\\\/schema\\\/logo\\\/image\\\/\",\"url\":\"https:\\\/\\\/www.uartes.edu.ec\\\/sitio\\\/wp-content\\\/uploads\\\/2022\\\/07\\\/logo-ua-horizontal.png\",\"contentUrl\":\"https:\\\/\\\/www.uartes.edu.ec\\\/sitio\\\/wp-content\\\/uploads\\\/2022\\\/07\\\/logo-ua-horizontal.png\",\"width\":800,\"height\":276,\"caption\":\"Universidad de las Artes\"},\"image\":{\"@id\":\"https:\\\/\\\/www.uartes.edu.ec\\\/sitio\\\/#\\\/schema\\\/logo\\\/image\\\/\"},\"sameAs\":[\"https:\\\/\\\/www.facebook.com\\\/uartesec\",\"https:\\\/\\\/x.com\\\/uartesec\",\"https:\\\/\\\/www.tiktok.com\\\/@uartesec\"]},{\"@type\":\"Person\",\"@id\":\"https:\\\/\\\/www.uartes.edu.ec\\\/sitio\\\/#\\\/schema\\\/person\\\/efa1b8275797664fd7f13a79ccc0b1f4\",\"name\":\"ccortez\",\"image\":{\"@type\":\"ImageObject\",\"inLanguage\":\"es\",\"@id\":\"https:\\\/\\\/secure.gravatar.com\\\/avatar\\\/b2a6f664a3ae8e074346ef91775736c5ec479e637ecced6842de9dc98b5da9cd?s=96&d=mm&r=g\",\"url\":\"https:\\\/\\\/secure.gravatar.com\\\/avatar\\\/b2a6f664a3ae8e074346ef91775736c5ec479e637ecced6842de9dc98b5da9cd?s=96&d=mm&r=g\",\"contentUrl\":\"https:\\\/\\\/secure.gravatar.com\\\/avatar\\\/b2a6f664a3ae8e074346ef91775736c5ec479e637ecced6842de9dc98b5da9cd?s=96&d=mm&r=g\",\"caption\":\"ccortez\"},\"url\":\"https:\\\/\\\/www.uartes.edu.ec\\\/sitio\\\/blog\\\/author\\\/ccortez\\\/\"}]}<\/script>\n<!-- \/ Yoast SEO plugin. -->","yoast_head_json":{"title":"Universidad de las Artes - UArtes y Espol firman convenio para la construcci\u00f3n de un Doctorado en Artes y para cooperaci\u00f3n interbibliotecaria","description":"Universidad de las Artes - UArtes y Espol firman convenio para la construcci\u00f3n de un Doctorado en Artes y para cooperaci\u00f3n interbibliotecaria","robots":{"index":"index","follow":"follow","max-snippet":"max-snippet:-1","max-image-preview":"max-image-preview:large","max-video-preview":"max-video-preview:-1"},"canonical":"https:\/\/www.uartes.edu.ec\/sitio\/blog\/2025\/06\/04\/uartes-y-espol-firman-convenio-para-un-doctorado-en-artes-y-para-cooperacion-interbibliotecaria\/","og_locale":"es_ES","og_type":"article","og_title":"Universidad de las Artes - UArtes y Espol firman convenio para la construcci\u00f3n de un Doctorado en Artes y para cooperaci\u00f3n interbibliotecaria","og_description":"Universidad de las Artes - UArtes y Espol firman convenio para la construcci\u00f3n de un Doctorado en Artes y para cooperaci\u00f3n interbibliotecaria","og_url":"https:\/\/www.uartes.edu.ec\/sitio\/blog\/2025\/06\/04\/uartes-y-espol-firman-convenio-para-un-doctorado-en-artes-y-para-cooperacion-interbibliotecaria\/","og_site_name":"Universidad de las Artes","article_publisher":"https:\/\/www.facebook.com\/uartesec","article_published_time":"2025-06-04T15:39:00+00:00","article_modified_time":"2025-06-09T01:59:55+00:00","og_image":[{"width":2000,"height":1333,"url":"https:\/\/www.uartes.edu.ec\/sitio\/wp-content\/uploads\/2025\/06\/ESPOL-UARTES-OK.jpg","type":"image\/jpeg"}],"author":"ccortez","twitter_card":"summary_large_image","twitter_creator":"@uartesec","twitter_site":"@uartesec","twitter_misc":{"Escrito por":"ccortez","Tiempo de lectura":"3 minutos"},"schema":{"@context":"https:\/\/schema.org","@graph":[{"@type":"Article","@id":"https:\/\/www.uartes.edu.ec\/sitio\/blog\/2025\/06\/04\/uartes-y-espol-firman-convenio-para-un-doctorado-en-artes-y-para-cooperacion-interbibliotecaria\/#article","isPartOf":{"@id":"https:\/\/www.uartes.edu.ec\/sitio\/blog\/2025\/06\/04\/uartes-y-espol-firman-convenio-para-un-doctorado-en-artes-y-para-cooperacion-interbibliotecaria\/"},"author":{"name":"ccortez","@id":"https:\/\/www.uartes.edu.ec\/sitio\/#\/schema\/person\/efa1b8275797664fd7f13a79ccc0b1f4"},"headline":"UArtes y Espol firman convenio para la construcci\u00f3n de un Doctorado en Artes y para cooperaci\u00f3n interbibliotecaria","datePublished":"2025-06-04T15:39:00+00:00","dateModified":"2025-06-09T01:59:55+00:00","mainEntityOfPage":{"@id":"https:\/\/www.uartes.edu.ec\/sitio\/blog\/2025\/06\/04\/uartes-y-espol-firman-convenio-para-un-doctorado-en-artes-y-para-cooperacion-interbibliotecaria\/"},"wordCount":699,"commentCount":0,"publisher":{"@id":"https:\/\/www.uartes.edu.ec\/sitio\/#organization"},"image":{"@id":"https:\/\/www.uartes.edu.ec\/sitio\/blog\/2025\/06\/04\/uartes-y-espol-firman-convenio-para-un-doctorado-en-artes-y-para-cooperacion-interbibliotecaria\/#primaryimage"},"thumbnailUrl":"https:\/\/www.uartes.edu.ec\/sitio\/wp-content\/uploads\/2025\/06\/ESPOL-UARTES-OK.jpg","keywords":["relacionamiento"],"articleSection":["Acad\u00e9mico","Artes","Gesti\u00f3n"],"inLanguage":"es","potentialAction":[{"@type":"CommentAction","name":"Comment","target":["https:\/\/www.uartes.edu.ec\/sitio\/blog\/2025\/06\/04\/uartes-y-espol-firman-convenio-para-un-doctorado-en-artes-y-para-cooperacion-interbibliotecaria\/#respond"]}]},{"@type":["WebPage","ItemPage"],"@id":"https:\/\/www.uartes.edu.ec\/sitio\/blog\/2025\/06\/04\/uartes-y-espol-firman-convenio-para-un-doctorado-en-artes-y-para-cooperacion-interbibliotecaria\/","url":"https:\/\/www.uartes.edu.ec\/sitio\/blog\/2025\/06\/04\/uartes-y-espol-firman-convenio-para-un-doctorado-en-artes-y-para-cooperacion-interbibliotecaria\/","name":"Universidad de las Artes - UArtes y Espol firman convenio para la construcci\u00f3n de un Doctorado en Artes y para cooperaci\u00f3n interbibliotecaria","isPartOf":{"@id":"https:\/\/www.uartes.edu.ec\/sitio\/#website"},"primaryImageOfPage":{"@id":"https:\/\/www.uartes.edu.ec\/sitio\/blog\/2025\/06\/04\/uartes-y-espol-firman-convenio-para-un-doctorado-en-artes-y-para-cooperacion-interbibliotecaria\/#primaryimage"},"image":{"@id":"https:\/\/www.uartes.edu.ec\/sitio\/blog\/2025\/06\/04\/uartes-y-espol-firman-convenio-para-un-doctorado-en-artes-y-para-cooperacion-interbibliotecaria\/#primaryimage"},"thumbnailUrl":"https:\/\/www.uartes.edu.ec\/sitio\/wp-content\/uploads\/2025\/06\/ESPOL-UARTES-OK.jpg","datePublished":"2025-06-04T15:39:00+00:00","dateModified":"2025-06-09T01:59:55+00:00","description":"Universidad de las Artes - UArtes y Espol firman convenio para la construcci\u00f3n de un Doctorado en Artes y para cooperaci\u00f3n interbibliotecaria","breadcrumb":{"@id":"https:\/\/www.uartes.edu.ec\/sitio\/blog\/2025\/06\/04\/uartes-y-espol-firman-convenio-para-un-doctorado-en-artes-y-para-cooperacion-interbibliotecaria\/#breadcrumb"},"inLanguage":"es","potentialAction":[{"@type":"ReadAction","target":["https:\/\/www.uartes.edu.ec\/sitio\/blog\/2025\/06\/04\/uartes-y-espol-firman-convenio-para-un-doctorado-en-artes-y-para-cooperacion-interbibliotecaria\/"]}]},{"@type":"ImageObject","inLanguage":"es","@id":"https:\/\/www.uartes.edu.ec\/sitio\/blog\/2025\/06\/04\/uartes-y-espol-firman-convenio-para-un-doctorado-en-artes-y-para-cooperacion-interbibliotecaria\/#primaryimage","url":"https:\/\/www.uartes.edu.ec\/sitio\/wp-content\/uploads\/2025\/06\/ESPOL-UARTES-OK.jpg","contentUrl":"https:\/\/www.uartes.edu.ec\/sitio\/wp-content\/uploads\/2025\/06\/ESPOL-UARTES-OK.jpg","width":2000,"height":1333},{"@type":"BreadcrumbList","@id":"https:\/\/www.uartes.edu.ec\/sitio\/blog\/2025\/06\/04\/uartes-y-espol-firman-convenio-para-un-doctorado-en-artes-y-para-cooperacion-interbibliotecaria\/#breadcrumb","itemListElement":[{"@type":"ListItem","position":1,"name":"Inicio","item":"https:\/\/www.uartes.edu.ec\/sitio\/"},{"@type":"ListItem","position":2,"name":"UArtes y Espol firman convenio para la construcci\u00f3n de un Doctorado en Artes y para cooperaci\u00f3n interbibliotecaria"}]},{"@type":"WebSite","@id":"https:\/\/www.uartes.edu.ec\/sitio\/#website","url":"https:\/\/www.uartes.edu.ec\/sitio\/","name":"Universidad de las Artes","description":"Sitio oficial de la Universidad Nacional de las Artes del Ecuador","publisher":{"@id":"https:\/\/www.uartes.edu.ec\/sitio\/#organization"},"potentialAction":[{"@type":"SearchAction","target":{"@type":"EntryPoint","urlTemplate":"https:\/\/www.uartes.edu.ec\/sitio\/?s={search_term_string}"},"query-input":{"@type":"PropertyValueSpecification","valueRequired":true,"valueName":"search_term_string"}}],"inLanguage":"es"},{"@type":"Organization","@id":"https:\/\/www.uartes.edu.ec\/sitio\/#organization","name":"Universidad de las Artes","url":"https:\/\/www.uartes.edu.ec\/sitio\/","logo":{"@type":"ImageObject","inLanguage":"es","@id":"https:\/\/www.uartes.edu.ec\/sitio\/#\/schema\/logo\/image\/","url":"https:\/\/www.uartes.edu.ec\/sitio\/wp-content\/uploads\/2022\/07\/logo-ua-horizontal.png","contentUrl":"https:\/\/www.uartes.edu.ec\/sitio\/wp-content\/uploads\/2022\/07\/logo-ua-horizontal.png","width":800,"height":276,"caption":"Universidad de las Artes"},"image":{"@id":"https:\/\/www.uartes.edu.ec\/sitio\/#\/schema\/logo\/image\/"},"sameAs":["https:\/\/www.facebook.com\/uartesec","https:\/\/x.com\/uartesec","https:\/\/www.tiktok.com\/@uartesec"]},{"@type":"Person","@id":"https:\/\/www.uartes.edu.ec\/sitio\/#\/schema\/person\/efa1b8275797664fd7f13a79ccc0b1f4","name":"ccortez","image":{"@type":"ImageObject","inLanguage":"es","@id":"https:\/\/secure.gravatar.com\/avatar\/b2a6f664a3ae8e074346ef91775736c5ec479e637ecced6842de9dc98b5da9cd?s=96&d=mm&r=g","url":"https:\/\/secure.gravatar.com\/avatar\/b2a6f664a3ae8e074346ef91775736c5ec479e637ecced6842de9dc98b5da9cd?s=96&d=mm&r=g","contentUrl":"https:\/\/secure.gravatar.com\/avatar\/b2a6f664a3ae8e074346ef91775736c5ec479e637ecced6842de9dc98b5da9cd?s=96&d=mm&r=g","caption":"ccortez"},"url":"https:\/\/www.uartes.edu.ec\/sitio\/blog\/author\/ccortez\/"}]}},"uagb_featured_image_src":{"full":["https:\/\/www.uartes.edu.ec\/sitio\/wp-content\/uploads\/2025\/06\/ESPOL-UARTES-OK.jpg",2000,1333,false],"thumbnail":["https:\/\/www.uartes.edu.ec\/sitio\/wp-content\/uploads\/2025\/06\/ESPOL-UARTES-OK-150x150.jpg",150,150,true],"medium":["https:\/\/www.uartes.edu.ec\/sitio\/wp-content\/uploads\/2025\/06\/ESPOL-UARTES-OK-300x200.jpg",300,200,true],"medium_large":["https:\/\/www.uartes.edu.ec\/sitio\/wp-content\/uploads\/2025\/06\/ESPOL-UARTES-OK-768x512.jpg",768,512,true],"large":["https:\/\/www.uartes.edu.ec\/sitio\/wp-content\/uploads\/2025\/06\/ESPOL-UARTES-OK-644x429.jpg",644,429,true],"1536x1536":["https:\/\/www.uartes.edu.ec\/sitio\/wp-content\/uploads\/2025\/06\/ESPOL-UARTES-OK-1536x1024.jpg",1536,1024,true],"2048x2048":["https:\/\/www.uartes.edu.ec\/sitio\/wp-content\/uploads\/2025\/06\/ESPOL-UARTES-OK.jpg",2000,1333,false],"trp-custom-language-flag":["https:\/\/www.uartes.edu.ec\/sitio\/wp-content\/uploads\/2025\/06\/ESPOL-UARTES-OK-18x12.jpg",18,12,true],"htmega_size_585x295":["https:\/\/www.uartes.edu.ec\/sitio\/wp-content\/uploads\/2025\/06\/ESPOL-UARTES-OK-585x295.jpg",585,295,true],"htmega_size_1170x536":["https:\/\/www.uartes.edu.ec\/sitio\/wp-content\/uploads\/2025\/06\/ESPOL-UARTES-OK-1170x536.jpg",1170,536,true],"htmega_size_396x360":["https:\/\/www.uartes.edu.ec\/sitio\/wp-content\/uploads\/2025\/06\/ESPOL-UARTES-OK-396x360.jpg",396,360,true],"gb-block-post-grid-landscape":["https:\/\/www.uartes.edu.ec\/sitio\/wp-content\/uploads\/2025\/06\/ESPOL-UARTES-OK-600x400.jpg",600,400,true],"gb-block-post-grid-square":["https:\/\/www.uartes.edu.ec\/sitio\/wp-content\/uploads\/2025\/06\/ESPOL-UARTES-OK-600x600.jpg",600,600,true],"university-hub-thumb":["https:\/\/www.uartes.edu.ec\/sitio\/wp-content\/uploads\/2025\/06\/ESPOL-UARTES-OK-400x267.jpg",400,267,true]},"uagb_author_info":{"display_name":"ccortez","author_link":"https:\/\/www.uartes.edu.ec\/sitio\/blog\/author\/ccortez\/"},"uagb_comment_info":0,"uagb_excerpt":"La UArtes firm\u00f3 dos convenios espec\u00edficos con la Escuela Superior Polit\u00e9cnica del Litoral. Uno para la presentaci\u00f3n, desarrollo y ejecuci\u00f3n del programa de Doctorado en Artes en red. Y el segundo, para promover la cooperaci\u00f3n interbibliotecaria, a fin de garantizar el acceso a los servicios y recursos bibliotecarios ofrecidos por la Espol y la UArtes&hellip;","featured_image_src":"https:\/\/www.uartes.edu.ec\/sitio\/wp-content\/uploads\/2025\/06\/ESPOL-UARTES-OK-600x400.jpg","featured_image_src_square":"https:\/\/www.uartes.edu.ec\/sitio\/wp-content\/uploads\/2025\/06\/ESPOL-UARTES-OK-600x600.jpg","author_info":{"display_name":"ccortez","author_link":"https:\/\/www.uartes.edu.ec\/sitio\/blog\/author\/ccortez\/"},"publishpress_future_workflow_manual_trigger":{"enabledWorkflows":[]},"distributor_meta":false,"distributor_terms":false,"distributor_media":false,"distributor_original_site_name":"Universidad de las Artes","distributor_original_site_url":"https:\/\/www.uartes.edu.ec\/sitio","push-errors":false,"_links":{"self":[{"href":"https:\/\/www.uartes.edu.ec\/sitio\/wp-json\/wp\/v2\/posts\/73102","targetHints":{"allow":["GET"]}}],"collection":[{"href":"https:\/\/www.uartes.edu.ec\/sitio\/wp-json\/wp\/v2\/posts"}],"about":[{"href":"https:\/\/www.uartes.edu.ec\/sitio\/wp-json\/wp\/v2\/types\/post"}],"author":[{"embeddable":true,"href":"https:\/\/www.uartes.edu.ec\/sitio\/wp-json\/wp\/v2\/users\/10"}],"replies":[{"embeddable":true,"href":"https:\/\/www.uartes.edu.ec\/sitio\/wp-json\/wp\/v2\/comments?post=73102"}],"version-history":[{"count":3,"href":"https:\/\/www.uartes.edu.ec\/sitio\/wp-json\/wp\/v2\/posts\/73102\/revisions"}],"predecessor-version":[{"id":73112,"href":"https:\/\/www.uartes.edu.ec\/sitio\/wp-json\/wp\/v2\/posts\/73102\/revisions\/73112"}],"wp:featuredmedia":[{"embeddable":true,"href":"https:\/\/www.uartes.edu.ec\/sitio\/wp-json\/wp\/v2\/media\/73103"}],"wp:attachment":[{"href":"https:\/\/www.uartes.edu.ec\/sitio\/wp-json\/wp\/v2\/media?parent=73102"}],"wp:term":[{"taxonomy":"category","embeddable":true,"href":"https:\/\/www.uartes.edu.ec\/sitio\/wp-json\/wp\/v2\/categories?post=73102"},{"taxonomy":"post_tag","embeddable":true,"href":"https:\/\/www.uartes.edu.ec\/sitio\/wp-json\/wp\/v2\/tags?post=73102"},{"taxonomy":"infouartes","embeddable":true,"href":"https:\/\/www.uartes.edu.ec\/sitio\/wp-json\/wp\/v2\/infouartes?post=73102"}],"curies":[{"name":"wp","href":"https:\/\/api.w.org\/{rel}","templated":true}]}}