{"id":73147,"date":"2025-06-05T11:36:00","date_gmt":"2025-06-05T16:36:00","guid":{"rendered":"https:\/\/www.uartes.edu.ec\/sitio\/?p=73147"},"modified":"2025-06-08T21:55:17","modified_gmt":"2025-06-09T02:55:17","slug":"presentacion-de-la-obra-poetica-de-cesar-davila-andrade-propicio-dialogo-literario-e-interpretaciones-musical-y-dancistica","status":"publish","type":"post","link":"https:\/\/www.uartes.edu.ec\/sitio\/blog\/2025\/06\/05\/presentacion-de-la-obra-poetica-de-cesar-davila-andrade-propicio-dialogo-literario-e-interpretaciones-musical-y-dancistica\/","title":{"rendered":"Presentaci\u00f3n de la \u201cObra Po\u00e9tica\u201d de C\u00e9sar D\u00e1vila Andrade propici\u00f3 di\u00e1logo literario e interpretaciones musical y danc\u00edstica"},"content":{"rendered":"\n<p>Primero fue presentado en Cuenca, su ciudad natal, luego en Quito y recientemente en Guayaquil. El libro \u201cObra Po\u00e9tica\u201d del connotado poeta ecuatoriano C\u00e9sar D\u00e1vila Andrade (1918 \u2013 1967), una publicaci\u00f3n del Fondo de Cultura Econ\u00f3mica (FCE) de M\u00e9xico, sede Ecuador, tuvo su lanzamiento en la Plaza P\u00fablica del MZ14 Centro de Producci\u00f3n e Innovaci\u00f3n de la Universidad de las Artes.<\/p>\n\n\n\n<p>Se hizo al pie de la librer\u00eda Miguel Donoso Pareja que el FCE abri\u00f3 en Guayaquil por convenio con la UArtes. Justamente, el sello editorial mexicano organiz\u00f3 el lanzamiento del libro con la colaboraci\u00f3n de la Alcald\u00eda de Cuenca y el MZ14. El acto constituy\u00f3 un encuentro con la literatura, la m\u00fasica y la danza.<\/p>\n\n\n\n<p>La presentaci\u00f3n de la obra de D\u00e1vila Andrade corri\u00f3 a cargo de nuestras docentes de la Escuela de Literatura, las escritoras Siomara Espa\u00f1a y Cecilia Velasco, y el tambi\u00e9n reconocido autor ecuatoriano y acad\u00e9mico Ra\u00fal Vallejo, quienes mantuvieron un conversatorio.<\/p>\n\n\n<div class=\"wp-block-image\">\n<figure class=\"aligncenter size-large\"><img fetchpriority=\"high\" decoding=\"async\" width=\"644\" height=\"429\" src=\"https:\/\/www.uartes.edu.ec\/sitio\/wp-content\/uploads\/2025\/06\/Proyecto-Cambiar-tamano-de-imagen-2025-06-06T180636.942-644x429.jpeg\" alt=\"\" class=\"wp-image-73150\" srcset=\"https:\/\/www.uartes.edu.ec\/sitio\/wp-content\/uploads\/2025\/06\/Proyecto-Cambiar-tamano-de-imagen-2025-06-06T180636.942-644x429.jpeg 644w, https:\/\/www.uartes.edu.ec\/sitio\/wp-content\/uploads\/2025\/06\/Proyecto-Cambiar-tamano-de-imagen-2025-06-06T180636.942-300x200.jpeg 300w, https:\/\/www.uartes.edu.ec\/sitio\/wp-content\/uploads\/2025\/06\/Proyecto-Cambiar-tamano-de-imagen-2025-06-06T180636.942-768x512.jpeg 768w, https:\/\/www.uartes.edu.ec\/sitio\/wp-content\/uploads\/2025\/06\/Proyecto-Cambiar-tamano-de-imagen-2025-06-06T180636.942-1536x1024.jpeg 1536w, https:\/\/www.uartes.edu.ec\/sitio\/wp-content\/uploads\/2025\/06\/Proyecto-Cambiar-tamano-de-imagen-2025-06-06T180636.942-18x12.jpeg 18w, https:\/\/www.uartes.edu.ec\/sitio\/wp-content\/uploads\/2025\/06\/Proyecto-Cambiar-tamano-de-imagen-2025-06-06T180636.942-600x400.jpeg 600w, https:\/\/www.uartes.edu.ec\/sitio\/wp-content\/uploads\/2025\/06\/Proyecto-Cambiar-tamano-de-imagen-2025-06-06T180636.942-400x267.jpeg 400w, https:\/\/www.uartes.edu.ec\/sitio\/wp-content\/uploads\/2025\/06\/Proyecto-Cambiar-tamano-de-imagen-2025-06-06T180636.942.jpeg 2000w\" sizes=\"(max-width: 644px) 100vw, 644px\" \/><\/figure>\n<\/div>\n\n\n<p>La poeta, ensayista y cr\u00edtica literaria Siomara Espa\u00f1a se refiri\u00f3 a la edici\u00f3n de la obra po\u00e9tica completa de C\u00e9sar D\u00e1vila Andrade y a los dos estudios del libro escritos por Mar\u00eda Augusta Vintimilla y C\u00e9sar Eduardo Carri\u00f3n, destacando, adem\u00e1s, el lugar protag\u00f3nico de la poes\u00eda de \u201cEl Fakir\u201d en la tradici\u00f3n literaria ecuatoriana.<\/p>\n\n\n\n<p>Cecilia Velasco, autora de libros infantiles y novelas, con varios reconocimientos literarios a su haber, comparti\u00f3 una sentida aproximaci\u00f3n a la poes\u00eda de D\u00e1vila Andrade. Lo hizo con visi\u00f3n acad\u00e9mica, pero tambi\u00e9n desde sus afectos en varios de los poemas de \u201cEl Fakir\u201d.<\/p>\n\n\n\n<p>Due\u00f1o de una destacada trayectoria en el campo de las letras, la cr\u00edtica y la poes\u00eda, Ra\u00fal Vallejo expuso con sobrado conocimiento la biograf\u00eda literaria de C\u00e9sar D\u00e1vila Andrade, repasando su obra po\u00e9tica y narrativa, varios de sus libros y poemas m\u00e1s representativos.<\/p>\n\n\n\n<p>En lo musical, fue la poeta y pianista Sonia Manzano quien con su maestr\u00eda brind\u00f3 canciones de m\u00fasica latinoamericana, constando en su repertorio temas como \u201cApamuy shungo\u201d (\u201cEntregando el coraz\u00f3n\u201d), un yumbo \u2013g\u00e9nero musical de origen prehisp\u00e1nico\u2013 del compositor ecuatoriano Gerardo Guevara (1930 \u2013 1924).<\/p>\n\n\n<div class=\"wp-block-image\">\n<figure class=\"aligncenter size-large\"><img decoding=\"async\" width=\"644\" height=\"429\" src=\"https:\/\/www.uartes.edu.ec\/sitio\/wp-content\/uploads\/2025\/06\/Proyecto-Cambiar-tamano-de-imagen-2025-06-06T181409.073-644x429.jpeg\" alt=\"\" class=\"wp-image-73151\" srcset=\"https:\/\/www.uartes.edu.ec\/sitio\/wp-content\/uploads\/2025\/06\/Proyecto-Cambiar-tamano-de-imagen-2025-06-06T181409.073-644x429.jpeg 644w, https:\/\/www.uartes.edu.ec\/sitio\/wp-content\/uploads\/2025\/06\/Proyecto-Cambiar-tamano-de-imagen-2025-06-06T181409.073-300x200.jpeg 300w, https:\/\/www.uartes.edu.ec\/sitio\/wp-content\/uploads\/2025\/06\/Proyecto-Cambiar-tamano-de-imagen-2025-06-06T181409.073-768x512.jpeg 768w, https:\/\/www.uartes.edu.ec\/sitio\/wp-content\/uploads\/2025\/06\/Proyecto-Cambiar-tamano-de-imagen-2025-06-06T181409.073-1536x1024.jpeg 1536w, https:\/\/www.uartes.edu.ec\/sitio\/wp-content\/uploads\/2025\/06\/Proyecto-Cambiar-tamano-de-imagen-2025-06-06T181409.073-18x12.jpeg 18w, https:\/\/www.uartes.edu.ec\/sitio\/wp-content\/uploads\/2025\/06\/Proyecto-Cambiar-tamano-de-imagen-2025-06-06T181409.073-600x400.jpeg 600w, https:\/\/www.uartes.edu.ec\/sitio\/wp-content\/uploads\/2025\/06\/Proyecto-Cambiar-tamano-de-imagen-2025-06-06T181409.073-400x267.jpeg 400w, https:\/\/www.uartes.edu.ec\/sitio\/wp-content\/uploads\/2025\/06\/Proyecto-Cambiar-tamano-de-imagen-2025-06-06T181409.073.jpeg 2000w\" sizes=\"(max-width: 644px) 100vw, 644px\" \/><\/figure>\n<\/div>\n\n\n<p>Seguidamente, el acto de lanzamiento de \u201cObra Po\u00e9tica\u201d dio espacio al arte en movimiento, a la expresi\u00f3n corporal que configura la danza contempor\u00e1nea. As\u00ed, bajo la direcci\u00f3n de la artista y docente UArtes Blanca Rivadeneira Kingman, estudiantes de la carrera de Danza de Escuela de Artes Esc\u00e9nicas interpretaron la pieza coreogr\u00e1fica \u201cTrayectoria para cuerpos fr\u00e1giles\u201d, en homenaje a la poes\u00eda de C\u00e9sar D\u00e1vila Andrade.<\/p>\n\n\n\n<p>En la puesta en escena intervinieron alumnos de sexto semestre: Ronal Medina, Kiara Hidalgo, Mishelle C\u00e1rdenas, Frank Herrera, Javier Barrionuevo y Tahis lozano; y de segundo semestre: Denisse C\u00e1rdenas Castillo, Nathalia Mazzini, Alan Yagual, Jos\u00e9 Junior Pinargote, Teresa Garc\u00eda y Darley Pezo. Con ellos, la artista Darashea Toala, graduada UArtes de pregrado y posgrado; Mario D\u00e1vila, apoyo en archivo; Aracelly S\u00e1nchez, direcci\u00f3n de sonido; y Jenny Carvajal, colaboraci\u00f3n.<\/p>\n\n\n\n<p>El p\u00fablico que acudi\u00f3 a la cita pudo, al inicio y al final del acto, adquirir el libro \u201cObra Po\u00e9tica\u201d, puesto que numerosos ejemplares estuvieron en la entrada de la librer\u00eda Miguel Donoso Pareja que est\u00e1 junto a la Plaza P\u00fablica del MZ14. La publicaci\u00f3n del FCE re\u00fane m\u00e1s de trescientas p\u00e1ginas de la poes\u00eda de C\u00e9sar D\u00e1vila Andrade, considerado uno de los escritores m\u00e1s representativos de Ecuador y su mayor representante del relato breve. Su obra po\u00e9tica incluye t\u00edtulos como: \u201cCatedral salvaje\u201d, \u201cArco de instantes\u201d, \u201cEn un lugar no identificado\u201d, \u201cConexiones de tierra\u201d y \u201cMaterial real\u201d (p\u00f3stumamente), siendo el libro \u201cBolet\u00edn y eleg\u00eda de las mitas\u201d (1959) uno de sus trabajos m\u00e1s sobresalientes.<\/p>\n\n\n\n<figure class=\"wp-block-gallery has-nested-images columns-default is-cropped wp-block-gallery-1 is-layout-flex wp-block-gallery-is-layout-flex\">\n<figure class=\"wp-block-image size-large\"><img decoding=\"async\" width=\"644\" height=\"429\" data-id=\"73152\" src=\"https:\/\/www.uartes.edu.ec\/sitio\/wp-content\/uploads\/2025\/06\/Proyecto-Cambiar-tamano-de-imagen-2025-06-06T180843.834-644x429.jpeg\" alt=\"\" class=\"wp-image-73152\" srcset=\"https:\/\/www.uartes.edu.ec\/sitio\/wp-content\/uploads\/2025\/06\/Proyecto-Cambiar-tamano-de-imagen-2025-06-06T180843.834-644x429.jpeg 644w, https:\/\/www.uartes.edu.ec\/sitio\/wp-content\/uploads\/2025\/06\/Proyecto-Cambiar-tamano-de-imagen-2025-06-06T180843.834-300x200.jpeg 300w, https:\/\/www.uartes.edu.ec\/sitio\/wp-content\/uploads\/2025\/06\/Proyecto-Cambiar-tamano-de-imagen-2025-06-06T180843.834-768x512.jpeg 768w, https:\/\/www.uartes.edu.ec\/sitio\/wp-content\/uploads\/2025\/06\/Proyecto-Cambiar-tamano-de-imagen-2025-06-06T180843.834-1536x1024.jpeg 1536w, https:\/\/www.uartes.edu.ec\/sitio\/wp-content\/uploads\/2025\/06\/Proyecto-Cambiar-tamano-de-imagen-2025-06-06T180843.834-18x12.jpeg 18w, https:\/\/www.uartes.edu.ec\/sitio\/wp-content\/uploads\/2025\/06\/Proyecto-Cambiar-tamano-de-imagen-2025-06-06T180843.834-600x400.jpeg 600w, https:\/\/www.uartes.edu.ec\/sitio\/wp-content\/uploads\/2025\/06\/Proyecto-Cambiar-tamano-de-imagen-2025-06-06T180843.834-400x267.jpeg 400w, https:\/\/www.uartes.edu.ec\/sitio\/wp-content\/uploads\/2025\/06\/Proyecto-Cambiar-tamano-de-imagen-2025-06-06T180843.834.jpeg 2000w\" sizes=\"(max-width: 644px) 100vw, 644px\" \/><\/figure>\n\n\n\n<figure class=\"wp-block-image size-large\"><img loading=\"lazy\" decoding=\"async\" width=\"644\" height=\"429\" data-id=\"73153\" src=\"https:\/\/www.uartes.edu.ec\/sitio\/wp-content\/uploads\/2025\/06\/Proyecto-Cambiar-tamano-de-imagen-2025-06-06T181053.944-644x429.jpeg\" alt=\"\" class=\"wp-image-73153\" srcset=\"https:\/\/www.uartes.edu.ec\/sitio\/wp-content\/uploads\/2025\/06\/Proyecto-Cambiar-tamano-de-imagen-2025-06-06T181053.944-644x429.jpeg 644w, https:\/\/www.uartes.edu.ec\/sitio\/wp-content\/uploads\/2025\/06\/Proyecto-Cambiar-tamano-de-imagen-2025-06-06T181053.944-300x200.jpeg 300w, https:\/\/www.uartes.edu.ec\/sitio\/wp-content\/uploads\/2025\/06\/Proyecto-Cambiar-tamano-de-imagen-2025-06-06T181053.944-768x512.jpeg 768w, https:\/\/www.uartes.edu.ec\/sitio\/wp-content\/uploads\/2025\/06\/Proyecto-Cambiar-tamano-de-imagen-2025-06-06T181053.944-1536x1024.jpeg 1536w, https:\/\/www.uartes.edu.ec\/sitio\/wp-content\/uploads\/2025\/06\/Proyecto-Cambiar-tamano-de-imagen-2025-06-06T181053.944-18x12.jpeg 18w, https:\/\/www.uartes.edu.ec\/sitio\/wp-content\/uploads\/2025\/06\/Proyecto-Cambiar-tamano-de-imagen-2025-06-06T181053.944-600x400.jpeg 600w, https:\/\/www.uartes.edu.ec\/sitio\/wp-content\/uploads\/2025\/06\/Proyecto-Cambiar-tamano-de-imagen-2025-06-06T181053.944-400x267.jpeg 400w, https:\/\/www.uartes.edu.ec\/sitio\/wp-content\/uploads\/2025\/06\/Proyecto-Cambiar-tamano-de-imagen-2025-06-06T181053.944.jpeg 2000w\" sizes=\"(max-width: 644px) 100vw, 644px\" \/><\/figure>\n<\/figure>\n","protected":false},"excerpt":{"rendered":"<p>Primero fue presentado en Cuenca, su ciudad natal, luego en Quito y recientemente en Guayaquil. El libro \u201cObra Po\u00e9tica\u201d del connotado poeta ecuatoriano C\u00e9sar D\u00e1vila Andrade (1918 \u2013 1967), una publicaci\u00f3n del Fondo de Cultura Econ\u00f3mica (FCE) de M\u00e9xico, sede Ecuador, tuvo su lanzamiento en la Plaza P\u00fablica del MZ14 Centro de Producci\u00f3n e Innovaci\u00f3n de la Universidad de las Artes.<\/p>\n","protected":false},"author":10,"featured_media":73149,"comment_status":"open","ping_status":"open","sticky":false,"template":"","format":"standard","meta":{"_acf_changed":false,"_uag_custom_page_level_css":"","_monsterinsights_skip_tracking":false,"_monsterinsights_sitenote_active":false,"_monsterinsights_sitenote_note":"","_monsterinsights_sitenote_category":0,"cybocfi_hide_featured_image":"","footnotes":""},"categories":[80,82,159,75,76,175],"tags":[518],"infouartes":[],"class_list":["post-73147","post","type-post","status-publish","format-standard","has-post-thumbnail","hentry","category-academico","category-artes","category-artes-escenicas","category-docentes","category-estudiantes","category-literatura","tag-produccion"],"acf":[],"yoast_head":"<!-- This site is optimized with the Yoast SEO plugin v27.4 - https:\/\/yoast.com\/product\/yoast-seo-wordpress\/ -->\n<title>Universidad de las Artes - Presentaci\u00f3n de la \u201cObra Po\u00e9tica\u201d de C\u00e9sar D\u00e1vila Andrade propici\u00f3 di\u00e1logo literario e interpretaciones musical y danc\u00edstica<\/title>\n<meta name=\"description\" content=\"Universidad de las Artes - Presentaci\u00f3n de la \u201cObra Po\u00e9tica\u201d de C\u00e9sar D\u00e1vila Andrade propici\u00f3 di\u00e1logo literario e interpretaciones musical y danc\u00edstica\" \/>\n<meta name=\"robots\" content=\"index, follow, max-snippet:-1, max-image-preview:large, max-video-preview:-1\" \/>\n<link rel=\"canonical\" href=\"https:\/\/www.uartes.edu.ec\/sitio\/blog\/2025\/06\/05\/presentacion-de-la-obra-poetica-de-cesar-davila-andrade-propicio-dialogo-literario-e-interpretaciones-musical-y-dancistica\/\" \/>\n<meta property=\"og:locale\" content=\"es_ES\" \/>\n<meta property=\"og:type\" content=\"article\" \/>\n<meta property=\"og:title\" content=\"Universidad de las Artes - Presentaci\u00f3n de la \u201cObra Po\u00e9tica\u201d de C\u00e9sar D\u00e1vila Andrade propici\u00f3 di\u00e1logo literario e interpretaciones musical y danc\u00edstica\" \/>\n<meta property=\"og:description\" content=\"Universidad de las Artes - Presentaci\u00f3n de la \u201cObra Po\u00e9tica\u201d de C\u00e9sar D\u00e1vila Andrade propici\u00f3 di\u00e1logo literario e interpretaciones musical y danc\u00edstica\" \/>\n<meta property=\"og:url\" content=\"https:\/\/www.uartes.edu.ec\/sitio\/blog\/2025\/06\/05\/presentacion-de-la-obra-poetica-de-cesar-davila-andrade-propicio-dialogo-literario-e-interpretaciones-musical-y-dancistica\/\" \/>\n<meta property=\"og:site_name\" content=\"Universidad de las Artes\" \/>\n<meta property=\"article:publisher\" content=\"https:\/\/www.facebook.com\/uartesec\" \/>\n<meta property=\"article:published_time\" content=\"2025-06-05T16:36:00+00:00\" \/>\n<meta property=\"article:modified_time\" content=\"2025-06-09T02:55:17+00:00\" \/>\n<meta property=\"og:image\" content=\"https:\/\/www.uartes.edu.ec\/sitio\/wp-content\/uploads\/2025\/06\/Proyecto-Cambiar-tamano-de-imagen-2025-06-06T180741.481.jpeg\" \/>\n\t<meta property=\"og:image:width\" content=\"2000\" \/>\n\t<meta property=\"og:image:height\" content=\"1333\" \/>\n\t<meta property=\"og:image:type\" content=\"image\/jpeg\" \/>\n<meta name=\"author\" content=\"ccortez\" \/>\n<meta name=\"twitter:card\" content=\"summary_large_image\" \/>\n<meta name=\"twitter:creator\" content=\"@uartesec\" \/>\n<meta name=\"twitter:site\" content=\"@uartesec\" \/>\n<meta name=\"twitter:label1\" content=\"Escrito por\" \/>\n\t<meta name=\"twitter:data1\" content=\"ccortez\" \/>\n\t<meta name=\"twitter:label2\" content=\"Tiempo de lectura\" \/>\n\t<meta name=\"twitter:data2\" content=\"3 minutos\" \/>\n<script type=\"application\/ld+json\" class=\"yoast-schema-graph\">{\"@context\":\"https:\\\/\\\/schema.org\",\"@graph\":[{\"@type\":\"Article\",\"@id\":\"https:\\\/\\\/www.uartes.edu.ec\\\/sitio\\\/blog\\\/2025\\\/06\\\/05\\\/presentacion-de-la-obra-poetica-de-cesar-davila-andrade-propicio-dialogo-literario-e-interpretaciones-musical-y-dancistica\\\/#article\",\"isPartOf\":{\"@id\":\"https:\\\/\\\/www.uartes.edu.ec\\\/sitio\\\/blog\\\/2025\\\/06\\\/05\\\/presentacion-de-la-obra-poetica-de-cesar-davila-andrade-propicio-dialogo-literario-e-interpretaciones-musical-y-dancistica\\\/\"},\"author\":{\"name\":\"ccortez\",\"@id\":\"https:\\\/\\\/www.uartes.edu.ec\\\/sitio\\\/#\\\/schema\\\/person\\\/efa1b8275797664fd7f13a79ccc0b1f4\"},\"headline\":\"Presentaci\u00f3n de la \u201cObra Po\u00e9tica\u201d de C\u00e9sar D\u00e1vila Andrade propici\u00f3 di\u00e1logo literario e interpretaciones musical y danc\u00edstica\",\"datePublished\":\"2025-06-05T16:36:00+00:00\",\"dateModified\":\"2025-06-09T02:55:17+00:00\",\"mainEntityOfPage\":{\"@id\":\"https:\\\/\\\/www.uartes.edu.ec\\\/sitio\\\/blog\\\/2025\\\/06\\\/05\\\/presentacion-de-la-obra-poetica-de-cesar-davila-andrade-propicio-dialogo-literario-e-interpretaciones-musical-y-dancistica\\\/\"},\"wordCount\":690,\"commentCount\":0,\"publisher\":{\"@id\":\"https:\\\/\\\/www.uartes.edu.ec\\\/sitio\\\/#organization\"},\"image\":{\"@id\":\"https:\\\/\\\/www.uartes.edu.ec\\\/sitio\\\/blog\\\/2025\\\/06\\\/05\\\/presentacion-de-la-obra-poetica-de-cesar-davila-andrade-propicio-dialogo-literario-e-interpretaciones-musical-y-dancistica\\\/#primaryimage\"},\"thumbnailUrl\":\"https:\\\/\\\/www.uartes.edu.ec\\\/sitio\\\/wp-content\\\/uploads\\\/2025\\\/06\\\/Proyecto-Cambiar-tamano-de-imagen-2025-06-06T180741.481.jpeg\",\"keywords\":[\"producci\u00f3n\"],\"articleSection\":[\"Acad\u00e9mico\",\"Artes\",\"Artes Esc\u00e9nicas\",\"Docentes\",\"Estudiantes\",\"Literatura\"],\"inLanguage\":\"es\",\"potentialAction\":[{\"@type\":\"CommentAction\",\"name\":\"Comment\",\"target\":[\"https:\\\/\\\/www.uartes.edu.ec\\\/sitio\\\/blog\\\/2025\\\/06\\\/05\\\/presentacion-de-la-obra-poetica-de-cesar-davila-andrade-propicio-dialogo-literario-e-interpretaciones-musical-y-dancistica\\\/#respond\"]}]},{\"@type\":[\"WebPage\",\"ItemPage\"],\"@id\":\"https:\\\/\\\/www.uartes.edu.ec\\\/sitio\\\/blog\\\/2025\\\/06\\\/05\\\/presentacion-de-la-obra-poetica-de-cesar-davila-andrade-propicio-dialogo-literario-e-interpretaciones-musical-y-dancistica\\\/\",\"url\":\"https:\\\/\\\/www.uartes.edu.ec\\\/sitio\\\/blog\\\/2025\\\/06\\\/05\\\/presentacion-de-la-obra-poetica-de-cesar-davila-andrade-propicio-dialogo-literario-e-interpretaciones-musical-y-dancistica\\\/\",\"name\":\"Universidad de las Artes - Presentaci\u00f3n de la \u201cObra Po\u00e9tica\u201d de C\u00e9sar D\u00e1vila Andrade propici\u00f3 di\u00e1logo literario e interpretaciones musical y danc\u00edstica\",\"isPartOf\":{\"@id\":\"https:\\\/\\\/www.uartes.edu.ec\\\/sitio\\\/#website\"},\"primaryImageOfPage\":{\"@id\":\"https:\\\/\\\/www.uartes.edu.ec\\\/sitio\\\/blog\\\/2025\\\/06\\\/05\\\/presentacion-de-la-obra-poetica-de-cesar-davila-andrade-propicio-dialogo-literario-e-interpretaciones-musical-y-dancistica\\\/#primaryimage\"},\"image\":{\"@id\":\"https:\\\/\\\/www.uartes.edu.ec\\\/sitio\\\/blog\\\/2025\\\/06\\\/05\\\/presentacion-de-la-obra-poetica-de-cesar-davila-andrade-propicio-dialogo-literario-e-interpretaciones-musical-y-dancistica\\\/#primaryimage\"},\"thumbnailUrl\":\"https:\\\/\\\/www.uartes.edu.ec\\\/sitio\\\/wp-content\\\/uploads\\\/2025\\\/06\\\/Proyecto-Cambiar-tamano-de-imagen-2025-06-06T180741.481.jpeg\",\"datePublished\":\"2025-06-05T16:36:00+00:00\",\"dateModified\":\"2025-06-09T02:55:17+00:00\",\"description\":\"Universidad de las Artes - Presentaci\u00f3n de la \u201cObra Po\u00e9tica\u201d de C\u00e9sar D\u00e1vila Andrade propici\u00f3 di\u00e1logo literario e interpretaciones musical y danc\u00edstica\",\"breadcrumb\":{\"@id\":\"https:\\\/\\\/www.uartes.edu.ec\\\/sitio\\\/blog\\\/2025\\\/06\\\/05\\\/presentacion-de-la-obra-poetica-de-cesar-davila-andrade-propicio-dialogo-literario-e-interpretaciones-musical-y-dancistica\\\/#breadcrumb\"},\"inLanguage\":\"es\",\"potentialAction\":[{\"@type\":\"ReadAction\",\"target\":[\"https:\\\/\\\/www.uartes.edu.ec\\\/sitio\\\/blog\\\/2025\\\/06\\\/05\\\/presentacion-de-la-obra-poetica-de-cesar-davila-andrade-propicio-dialogo-literario-e-interpretaciones-musical-y-dancistica\\\/\"]}]},{\"@type\":\"ImageObject\",\"inLanguage\":\"es\",\"@id\":\"https:\\\/\\\/www.uartes.edu.ec\\\/sitio\\\/blog\\\/2025\\\/06\\\/05\\\/presentacion-de-la-obra-poetica-de-cesar-davila-andrade-propicio-dialogo-literario-e-interpretaciones-musical-y-dancistica\\\/#primaryimage\",\"url\":\"https:\\\/\\\/www.uartes.edu.ec\\\/sitio\\\/wp-content\\\/uploads\\\/2025\\\/06\\\/Proyecto-Cambiar-tamano-de-imagen-2025-06-06T180741.481.jpeg\",\"contentUrl\":\"https:\\\/\\\/www.uartes.edu.ec\\\/sitio\\\/wp-content\\\/uploads\\\/2025\\\/06\\\/Proyecto-Cambiar-tamano-de-imagen-2025-06-06T180741.481.jpeg\",\"width\":2000,\"height\":1333},{\"@type\":\"BreadcrumbList\",\"@id\":\"https:\\\/\\\/www.uartes.edu.ec\\\/sitio\\\/blog\\\/2025\\\/06\\\/05\\\/presentacion-de-la-obra-poetica-de-cesar-davila-andrade-propicio-dialogo-literario-e-interpretaciones-musical-y-dancistica\\\/#breadcrumb\",\"itemListElement\":[{\"@type\":\"ListItem\",\"position\":1,\"name\":\"Inicio\",\"item\":\"https:\\\/\\\/www.uartes.edu.ec\\\/sitio\\\/\"},{\"@type\":\"ListItem\",\"position\":2,\"name\":\"Presentaci\u00f3n de la \u201cObra Po\u00e9tica\u201d de C\u00e9sar D\u00e1vila Andrade propici\u00f3 di\u00e1logo literario e interpretaciones musical y danc\u00edstica\"}]},{\"@type\":\"WebSite\",\"@id\":\"https:\\\/\\\/www.uartes.edu.ec\\\/sitio\\\/#website\",\"url\":\"https:\\\/\\\/www.uartes.edu.ec\\\/sitio\\\/\",\"name\":\"Universidad de las Artes\",\"description\":\"Sitio oficial de la Universidad Nacional de las Artes del Ecuador\",\"publisher\":{\"@id\":\"https:\\\/\\\/www.uartes.edu.ec\\\/sitio\\\/#organization\"},\"potentialAction\":[{\"@type\":\"SearchAction\",\"target\":{\"@type\":\"EntryPoint\",\"urlTemplate\":\"https:\\\/\\\/www.uartes.edu.ec\\\/sitio\\\/?s={search_term_string}\"},\"query-input\":{\"@type\":\"PropertyValueSpecification\",\"valueRequired\":true,\"valueName\":\"search_term_string\"}}],\"inLanguage\":\"es\"},{\"@type\":\"Organization\",\"@id\":\"https:\\\/\\\/www.uartes.edu.ec\\\/sitio\\\/#organization\",\"name\":\"Universidad de las Artes\",\"url\":\"https:\\\/\\\/www.uartes.edu.ec\\\/sitio\\\/\",\"logo\":{\"@type\":\"ImageObject\",\"inLanguage\":\"es\",\"@id\":\"https:\\\/\\\/www.uartes.edu.ec\\\/sitio\\\/#\\\/schema\\\/logo\\\/image\\\/\",\"url\":\"https:\\\/\\\/www.uartes.edu.ec\\\/sitio\\\/wp-content\\\/uploads\\\/2022\\\/07\\\/logo-ua-horizontal.png\",\"contentUrl\":\"https:\\\/\\\/www.uartes.edu.ec\\\/sitio\\\/wp-content\\\/uploads\\\/2022\\\/07\\\/logo-ua-horizontal.png\",\"width\":800,\"height\":276,\"caption\":\"Universidad de las Artes\"},\"image\":{\"@id\":\"https:\\\/\\\/www.uartes.edu.ec\\\/sitio\\\/#\\\/schema\\\/logo\\\/image\\\/\"},\"sameAs\":[\"https:\\\/\\\/www.facebook.com\\\/uartesec\",\"https:\\\/\\\/x.com\\\/uartesec\",\"https:\\\/\\\/www.tiktok.com\\\/@uartesec\"]},{\"@type\":\"Person\",\"@id\":\"https:\\\/\\\/www.uartes.edu.ec\\\/sitio\\\/#\\\/schema\\\/person\\\/efa1b8275797664fd7f13a79ccc0b1f4\",\"name\":\"ccortez\",\"image\":{\"@type\":\"ImageObject\",\"inLanguage\":\"es\",\"@id\":\"https:\\\/\\\/secure.gravatar.com\\\/avatar\\\/b2a6f664a3ae8e074346ef91775736c5ec479e637ecced6842de9dc98b5da9cd?s=96&d=mm&r=g\",\"url\":\"https:\\\/\\\/secure.gravatar.com\\\/avatar\\\/b2a6f664a3ae8e074346ef91775736c5ec479e637ecced6842de9dc98b5da9cd?s=96&d=mm&r=g\",\"contentUrl\":\"https:\\\/\\\/secure.gravatar.com\\\/avatar\\\/b2a6f664a3ae8e074346ef91775736c5ec479e637ecced6842de9dc98b5da9cd?s=96&d=mm&r=g\",\"caption\":\"ccortez\"},\"url\":\"https:\\\/\\\/www.uartes.edu.ec\\\/sitio\\\/blog\\\/author\\\/ccortez\\\/\"}]}<\/script>\n<!-- \/ Yoast SEO plugin. -->","yoast_head_json":{"title":"Universidad de las Artes - Presentaci\u00f3n de la \u201cObra Po\u00e9tica\u201d de C\u00e9sar D\u00e1vila Andrade propici\u00f3 di\u00e1logo literario e interpretaciones musical y danc\u00edstica","description":"Universidad de las Artes - Presentaci\u00f3n de la \u201cObra Po\u00e9tica\u201d de C\u00e9sar D\u00e1vila Andrade propici\u00f3 di\u00e1logo literario e interpretaciones musical y danc\u00edstica","robots":{"index":"index","follow":"follow","max-snippet":"max-snippet:-1","max-image-preview":"max-image-preview:large","max-video-preview":"max-video-preview:-1"},"canonical":"https:\/\/www.uartes.edu.ec\/sitio\/blog\/2025\/06\/05\/presentacion-de-la-obra-poetica-de-cesar-davila-andrade-propicio-dialogo-literario-e-interpretaciones-musical-y-dancistica\/","og_locale":"es_ES","og_type":"article","og_title":"Universidad de las Artes - Presentaci\u00f3n de la \u201cObra Po\u00e9tica\u201d de C\u00e9sar D\u00e1vila Andrade propici\u00f3 di\u00e1logo literario e interpretaciones musical y danc\u00edstica","og_description":"Universidad de las Artes - Presentaci\u00f3n de la \u201cObra Po\u00e9tica\u201d de C\u00e9sar D\u00e1vila Andrade propici\u00f3 di\u00e1logo literario e interpretaciones musical y danc\u00edstica","og_url":"https:\/\/www.uartes.edu.ec\/sitio\/blog\/2025\/06\/05\/presentacion-de-la-obra-poetica-de-cesar-davila-andrade-propicio-dialogo-literario-e-interpretaciones-musical-y-dancistica\/","og_site_name":"Universidad de las Artes","article_publisher":"https:\/\/www.facebook.com\/uartesec","article_published_time":"2025-06-05T16:36:00+00:00","article_modified_time":"2025-06-09T02:55:17+00:00","og_image":[{"width":2000,"height":1333,"url":"https:\/\/www.uartes.edu.ec\/sitio\/wp-content\/uploads\/2025\/06\/Proyecto-Cambiar-tamano-de-imagen-2025-06-06T180741.481.jpeg","type":"image\/jpeg"}],"author":"ccortez","twitter_card":"summary_large_image","twitter_creator":"@uartesec","twitter_site":"@uartesec","twitter_misc":{"Escrito por":"ccortez","Tiempo de lectura":"3 minutos"},"schema":{"@context":"https:\/\/schema.org","@graph":[{"@type":"Article","@id":"https:\/\/www.uartes.edu.ec\/sitio\/blog\/2025\/06\/05\/presentacion-de-la-obra-poetica-de-cesar-davila-andrade-propicio-dialogo-literario-e-interpretaciones-musical-y-dancistica\/#article","isPartOf":{"@id":"https:\/\/www.uartes.edu.ec\/sitio\/blog\/2025\/06\/05\/presentacion-de-la-obra-poetica-de-cesar-davila-andrade-propicio-dialogo-literario-e-interpretaciones-musical-y-dancistica\/"},"author":{"name":"ccortez","@id":"https:\/\/www.uartes.edu.ec\/sitio\/#\/schema\/person\/efa1b8275797664fd7f13a79ccc0b1f4"},"headline":"Presentaci\u00f3n de la \u201cObra Po\u00e9tica\u201d de C\u00e9sar D\u00e1vila Andrade propici\u00f3 di\u00e1logo literario e interpretaciones musical y danc\u00edstica","datePublished":"2025-06-05T16:36:00+00:00","dateModified":"2025-06-09T02:55:17+00:00","mainEntityOfPage":{"@id":"https:\/\/www.uartes.edu.ec\/sitio\/blog\/2025\/06\/05\/presentacion-de-la-obra-poetica-de-cesar-davila-andrade-propicio-dialogo-literario-e-interpretaciones-musical-y-dancistica\/"},"wordCount":690,"commentCount":0,"publisher":{"@id":"https:\/\/www.uartes.edu.ec\/sitio\/#organization"},"image":{"@id":"https:\/\/www.uartes.edu.ec\/sitio\/blog\/2025\/06\/05\/presentacion-de-la-obra-poetica-de-cesar-davila-andrade-propicio-dialogo-literario-e-interpretaciones-musical-y-dancistica\/#primaryimage"},"thumbnailUrl":"https:\/\/www.uartes.edu.ec\/sitio\/wp-content\/uploads\/2025\/06\/Proyecto-Cambiar-tamano-de-imagen-2025-06-06T180741.481.jpeg","keywords":["producci\u00f3n"],"articleSection":["Acad\u00e9mico","Artes","Artes Esc\u00e9nicas","Docentes","Estudiantes","Literatura"],"inLanguage":"es","potentialAction":[{"@type":"CommentAction","name":"Comment","target":["https:\/\/www.uartes.edu.ec\/sitio\/blog\/2025\/06\/05\/presentacion-de-la-obra-poetica-de-cesar-davila-andrade-propicio-dialogo-literario-e-interpretaciones-musical-y-dancistica\/#respond"]}]},{"@type":["WebPage","ItemPage"],"@id":"https:\/\/www.uartes.edu.ec\/sitio\/blog\/2025\/06\/05\/presentacion-de-la-obra-poetica-de-cesar-davila-andrade-propicio-dialogo-literario-e-interpretaciones-musical-y-dancistica\/","url":"https:\/\/www.uartes.edu.ec\/sitio\/blog\/2025\/06\/05\/presentacion-de-la-obra-poetica-de-cesar-davila-andrade-propicio-dialogo-literario-e-interpretaciones-musical-y-dancistica\/","name":"Universidad de las Artes - Presentaci\u00f3n de la \u201cObra Po\u00e9tica\u201d de C\u00e9sar D\u00e1vila Andrade propici\u00f3 di\u00e1logo literario e interpretaciones musical y danc\u00edstica","isPartOf":{"@id":"https:\/\/www.uartes.edu.ec\/sitio\/#website"},"primaryImageOfPage":{"@id":"https:\/\/www.uartes.edu.ec\/sitio\/blog\/2025\/06\/05\/presentacion-de-la-obra-poetica-de-cesar-davila-andrade-propicio-dialogo-literario-e-interpretaciones-musical-y-dancistica\/#primaryimage"},"image":{"@id":"https:\/\/www.uartes.edu.ec\/sitio\/blog\/2025\/06\/05\/presentacion-de-la-obra-poetica-de-cesar-davila-andrade-propicio-dialogo-literario-e-interpretaciones-musical-y-dancistica\/#primaryimage"},"thumbnailUrl":"https:\/\/www.uartes.edu.ec\/sitio\/wp-content\/uploads\/2025\/06\/Proyecto-Cambiar-tamano-de-imagen-2025-06-06T180741.481.jpeg","datePublished":"2025-06-05T16:36:00+00:00","dateModified":"2025-06-09T02:55:17+00:00","description":"Universidad de las Artes - Presentaci\u00f3n de la \u201cObra Po\u00e9tica\u201d de C\u00e9sar D\u00e1vila Andrade propici\u00f3 di\u00e1logo literario e interpretaciones musical y danc\u00edstica","breadcrumb":{"@id":"https:\/\/www.uartes.edu.ec\/sitio\/blog\/2025\/06\/05\/presentacion-de-la-obra-poetica-de-cesar-davila-andrade-propicio-dialogo-literario-e-interpretaciones-musical-y-dancistica\/#breadcrumb"},"inLanguage":"es","potentialAction":[{"@type":"ReadAction","target":["https:\/\/www.uartes.edu.ec\/sitio\/blog\/2025\/06\/05\/presentacion-de-la-obra-poetica-de-cesar-davila-andrade-propicio-dialogo-literario-e-interpretaciones-musical-y-dancistica\/"]}]},{"@type":"ImageObject","inLanguage":"es","@id":"https:\/\/www.uartes.edu.ec\/sitio\/blog\/2025\/06\/05\/presentacion-de-la-obra-poetica-de-cesar-davila-andrade-propicio-dialogo-literario-e-interpretaciones-musical-y-dancistica\/#primaryimage","url":"https:\/\/www.uartes.edu.ec\/sitio\/wp-content\/uploads\/2025\/06\/Proyecto-Cambiar-tamano-de-imagen-2025-06-06T180741.481.jpeg","contentUrl":"https:\/\/www.uartes.edu.ec\/sitio\/wp-content\/uploads\/2025\/06\/Proyecto-Cambiar-tamano-de-imagen-2025-06-06T180741.481.jpeg","width":2000,"height":1333},{"@type":"BreadcrumbList","@id":"https:\/\/www.uartes.edu.ec\/sitio\/blog\/2025\/06\/05\/presentacion-de-la-obra-poetica-de-cesar-davila-andrade-propicio-dialogo-literario-e-interpretaciones-musical-y-dancistica\/#breadcrumb","itemListElement":[{"@type":"ListItem","position":1,"name":"Inicio","item":"https:\/\/www.uartes.edu.ec\/sitio\/"},{"@type":"ListItem","position":2,"name":"Presentaci\u00f3n de la \u201cObra Po\u00e9tica\u201d de C\u00e9sar D\u00e1vila Andrade propici\u00f3 di\u00e1logo literario e interpretaciones musical y danc\u00edstica"}]},{"@type":"WebSite","@id":"https:\/\/www.uartes.edu.ec\/sitio\/#website","url":"https:\/\/www.uartes.edu.ec\/sitio\/","name":"Universidad de las Artes","description":"Sitio oficial de la Universidad Nacional de las Artes del Ecuador","publisher":{"@id":"https:\/\/www.uartes.edu.ec\/sitio\/#organization"},"potentialAction":[{"@type":"SearchAction","target":{"@type":"EntryPoint","urlTemplate":"https:\/\/www.uartes.edu.ec\/sitio\/?s={search_term_string}"},"query-input":{"@type":"PropertyValueSpecification","valueRequired":true,"valueName":"search_term_string"}}],"inLanguage":"es"},{"@type":"Organization","@id":"https:\/\/www.uartes.edu.ec\/sitio\/#organization","name":"Universidad de las Artes","url":"https:\/\/www.uartes.edu.ec\/sitio\/","logo":{"@type":"ImageObject","inLanguage":"es","@id":"https:\/\/www.uartes.edu.ec\/sitio\/#\/schema\/logo\/image\/","url":"https:\/\/www.uartes.edu.ec\/sitio\/wp-content\/uploads\/2022\/07\/logo-ua-horizontal.png","contentUrl":"https:\/\/www.uartes.edu.ec\/sitio\/wp-content\/uploads\/2022\/07\/logo-ua-horizontal.png","width":800,"height":276,"caption":"Universidad de las Artes"},"image":{"@id":"https:\/\/www.uartes.edu.ec\/sitio\/#\/schema\/logo\/image\/"},"sameAs":["https:\/\/www.facebook.com\/uartesec","https:\/\/x.com\/uartesec","https:\/\/www.tiktok.com\/@uartesec"]},{"@type":"Person","@id":"https:\/\/www.uartes.edu.ec\/sitio\/#\/schema\/person\/efa1b8275797664fd7f13a79ccc0b1f4","name":"ccortez","image":{"@type":"ImageObject","inLanguage":"es","@id":"https:\/\/secure.gravatar.com\/avatar\/b2a6f664a3ae8e074346ef91775736c5ec479e637ecced6842de9dc98b5da9cd?s=96&d=mm&r=g","url":"https:\/\/secure.gravatar.com\/avatar\/b2a6f664a3ae8e074346ef91775736c5ec479e637ecced6842de9dc98b5da9cd?s=96&d=mm&r=g","contentUrl":"https:\/\/secure.gravatar.com\/avatar\/b2a6f664a3ae8e074346ef91775736c5ec479e637ecced6842de9dc98b5da9cd?s=96&d=mm&r=g","caption":"ccortez"},"url":"https:\/\/www.uartes.edu.ec\/sitio\/blog\/author\/ccortez\/"}]}},"uagb_featured_image_src":{"full":["https:\/\/www.uartes.edu.ec\/sitio\/wp-content\/uploads\/2025\/06\/Proyecto-Cambiar-tamano-de-imagen-2025-06-06T180741.481.jpeg",2000,1333,false],"thumbnail":["https:\/\/www.uartes.edu.ec\/sitio\/wp-content\/uploads\/2025\/06\/Proyecto-Cambiar-tamano-de-imagen-2025-06-06T180741.481-150x150.jpeg",150,150,true],"medium":["https:\/\/www.uartes.edu.ec\/sitio\/wp-content\/uploads\/2025\/06\/Proyecto-Cambiar-tamano-de-imagen-2025-06-06T180741.481-300x200.jpeg",300,200,true],"medium_large":["https:\/\/www.uartes.edu.ec\/sitio\/wp-content\/uploads\/2025\/06\/Proyecto-Cambiar-tamano-de-imagen-2025-06-06T180741.481-768x512.jpeg",768,512,true],"large":["https:\/\/www.uartes.edu.ec\/sitio\/wp-content\/uploads\/2025\/06\/Proyecto-Cambiar-tamano-de-imagen-2025-06-06T180741.481-644x429.jpeg",644,429,true],"1536x1536":["https:\/\/www.uartes.edu.ec\/sitio\/wp-content\/uploads\/2025\/06\/Proyecto-Cambiar-tamano-de-imagen-2025-06-06T180741.481-1536x1024.jpeg",1536,1024,true],"2048x2048":["https:\/\/www.uartes.edu.ec\/sitio\/wp-content\/uploads\/2025\/06\/Proyecto-Cambiar-tamano-de-imagen-2025-06-06T180741.481.jpeg",2000,1333,false],"trp-custom-language-flag":["https:\/\/www.uartes.edu.ec\/sitio\/wp-content\/uploads\/2025\/06\/Proyecto-Cambiar-tamano-de-imagen-2025-06-06T180741.481-18x12.jpeg",18,12,true],"htmega_size_585x295":["https:\/\/www.uartes.edu.ec\/sitio\/wp-content\/uploads\/2025\/06\/Proyecto-Cambiar-tamano-de-imagen-2025-06-06T180741.481-585x295.jpeg",585,295,true],"htmega_size_1170x536":["https:\/\/www.uartes.edu.ec\/sitio\/wp-content\/uploads\/2025\/06\/Proyecto-Cambiar-tamano-de-imagen-2025-06-06T180741.481-1170x536.jpeg",1170,536,true],"htmega_size_396x360":["https:\/\/www.uartes.edu.ec\/sitio\/wp-content\/uploads\/2025\/06\/Proyecto-Cambiar-tamano-de-imagen-2025-06-06T180741.481-396x360.jpeg",396,360,true],"gb-block-post-grid-landscape":["https:\/\/www.uartes.edu.ec\/sitio\/wp-content\/uploads\/2025\/06\/Proyecto-Cambiar-tamano-de-imagen-2025-06-06T180741.481-600x400.jpeg",600,400,true],"gb-block-post-grid-square":["https:\/\/www.uartes.edu.ec\/sitio\/wp-content\/uploads\/2025\/06\/Proyecto-Cambiar-tamano-de-imagen-2025-06-06T180741.481-600x600.jpeg",600,600,true],"university-hub-thumb":["https:\/\/www.uartes.edu.ec\/sitio\/wp-content\/uploads\/2025\/06\/Proyecto-Cambiar-tamano-de-imagen-2025-06-06T180741.481-400x267.jpeg",400,267,true]},"uagb_author_info":{"display_name":"ccortez","author_link":"https:\/\/www.uartes.edu.ec\/sitio\/blog\/author\/ccortez\/"},"uagb_comment_info":0,"uagb_excerpt":"Primero fue presentado en Cuenca, su ciudad natal, luego en Quito y recientemente en Guayaquil. El libro \u201cObra Po\u00e9tica\u201d del connotado poeta ecuatoriano C\u00e9sar D\u00e1vila Andrade (1918 \u2013 1967), una publicaci\u00f3n del Fondo de Cultura Econ\u00f3mica (FCE) de M\u00e9xico, sede Ecuador, tuvo su lanzamiento en la Plaza P\u00fablica del MZ14 Centro de Producci\u00f3n e Innovaci\u00f3n&hellip;","featured_image_src":"https:\/\/www.uartes.edu.ec\/sitio\/wp-content\/uploads\/2025\/06\/Proyecto-Cambiar-tamano-de-imagen-2025-06-06T180741.481-600x400.jpeg","featured_image_src_square":"https:\/\/www.uartes.edu.ec\/sitio\/wp-content\/uploads\/2025\/06\/Proyecto-Cambiar-tamano-de-imagen-2025-06-06T180741.481-600x600.jpeg","author_info":{"display_name":"ccortez","author_link":"https:\/\/www.uartes.edu.ec\/sitio\/blog\/author\/ccortez\/"},"publishpress_future_workflow_manual_trigger":{"enabledWorkflows":[]},"distributor_meta":false,"distributor_terms":false,"distributor_media":false,"distributor_original_site_name":"Universidad de las Artes","distributor_original_site_url":"https:\/\/www.uartes.edu.ec\/sitio","push-errors":false,"_links":{"self":[{"href":"https:\/\/www.uartes.edu.ec\/sitio\/wp-json\/wp\/v2\/posts\/73147","targetHints":{"allow":["GET"]}}],"collection":[{"href":"https:\/\/www.uartes.edu.ec\/sitio\/wp-json\/wp\/v2\/posts"}],"about":[{"href":"https:\/\/www.uartes.edu.ec\/sitio\/wp-json\/wp\/v2\/types\/post"}],"author":[{"embeddable":true,"href":"https:\/\/www.uartes.edu.ec\/sitio\/wp-json\/wp\/v2\/users\/10"}],"replies":[{"embeddable":true,"href":"https:\/\/www.uartes.edu.ec\/sitio\/wp-json\/wp\/v2\/comments?post=73147"}],"version-history":[{"count":1,"href":"https:\/\/www.uartes.edu.ec\/sitio\/wp-json\/wp\/v2\/posts\/73147\/revisions"}],"predecessor-version":[{"id":73155,"href":"https:\/\/www.uartes.edu.ec\/sitio\/wp-json\/wp\/v2\/posts\/73147\/revisions\/73155"}],"wp:featuredmedia":[{"embeddable":true,"href":"https:\/\/www.uartes.edu.ec\/sitio\/wp-json\/wp\/v2\/media\/73149"}],"wp:attachment":[{"href":"https:\/\/www.uartes.edu.ec\/sitio\/wp-json\/wp\/v2\/media?parent=73147"}],"wp:term":[{"taxonomy":"category","embeddable":true,"href":"https:\/\/www.uartes.edu.ec\/sitio\/wp-json\/wp\/v2\/categories?post=73147"},{"taxonomy":"post_tag","embeddable":true,"href":"https:\/\/www.uartes.edu.ec\/sitio\/wp-json\/wp\/v2\/tags?post=73147"},{"taxonomy":"infouartes","embeddable":true,"href":"https:\/\/www.uartes.edu.ec\/sitio\/wp-json\/wp\/v2\/infouartes?post=73147"}],"curies":[{"name":"wp","href":"https:\/\/api.w.org\/{rel}","templated":true}]}}