{"id":73159,"date":"2025-06-05T14:55:00","date_gmt":"2025-06-05T19:55:00","guid":{"rendered":"https:\/\/www.uartes.edu.ec\/sitio\/?p=73159"},"modified":"2025-08-20T13:40:50","modified_gmt":"2025-08-20T18:40:50","slug":"uartes-y-unidad-educativa-republica-de-francia-firman-convenio-en-inauguracion-del-vi-encuentro-de-ninas-ninos-en-las-artes","status":"publish","type":"post","link":"https:\/\/www.uartes.edu.ec\/sitio\/blog\/2025\/06\/05\/uartes-y-unidad-educativa-republica-de-francia-firman-convenio-en-inauguracion-del-vi-encuentro-de-ninas-ninos-en-las-artes\/","title":{"rendered":"UArtes y Unidad Educativa Rep\u00fablica de Francia firman convenio en inicio del VI Encuentro de Ni\u00f1as &amp; Ni\u00f1os en las Artes"},"content":{"rendered":"\n<p>El Encuentro de Ni\u00f1as &amp; Ni\u00f1os en las Artes lleg\u00f3 este a\u00f1o a su sexta edici\u00f3n. Se inaugur\u00f3 el mi\u00e9rcoles 4 de junio en la Sala R\u00eda de la Biblioteca de las Artes, marcando el inicio de tres d\u00edas de actividades l\u00fadicas, did\u00e1cticas, de mediaci\u00f3n lectora, lectura teatralizada, recorridos y talleres.<\/p>\n\n\n\n<p>El rector de la Universidad de las Artes, William Herrera; la vicerrectora de Posgrado e Investigaci\u00f3n en Artes, Olga L\u00f3pez; y el vicerrector Acad\u00e9mico, Bradley Hilgert presidieron el acto inaugural, en el que estuvieron presentes tambi\u00e9n varios directores de nuestras escuelas de pregrado, de Vinculaci\u00f3n con la Sociedad y de otras unidades que componen la comunidad universitaria, as\u00ed como docentes y estudiantes.<\/p>\n\n\n\n<p>Como invitados especiales estuvieron las autoridades y alumnos de la Unidad Educativa Rep\u00fablica de Francia (UERDF), con la cual, durante la inauguraci\u00f3n del encuentro, la Universidad de las Artes firm\u00f3 un Convenio Marco de cooperaci\u00f3n interinstitucional para la gesti\u00f3n colaborativa de programas, proyectos y actividades educativas y culturales.<\/p>\n\n\n\n<p>Desde la docencia, la investigaci\u00f3n, la vinculaci\u00f3n con la sociedad, la formaci\u00f3n continua, las Pr\u00e1cticas PreProfesionales y la producci\u00f3n e innovaci\u00f3n en artes, para beneficio de toda la ciudadan\u00eda, en especial para ni\u00f1os, ni\u00f1as y adolescentes, se\u00f1al\u00f3 sobre el convenio a firmar el funcionario UArtes Ronny Ramos, quien fue presentador del acto.<\/p>\n\n\n<div class=\"wp-block-image\">\n<figure class=\"aligncenter size-large\"><img fetchpriority=\"high\" decoding=\"async\" width=\"644\" height=\"429\" src=\"https:\/\/www.uartes.edu.ec\/sitio\/wp-content\/uploads\/2025\/06\/03-INAUGURACION-NYN-EN-LAS-ARTES-644x429.jpg\" alt=\"\" class=\"wp-image-73161\" srcset=\"https:\/\/www.uartes.edu.ec\/sitio\/wp-content\/uploads\/2025\/06\/03-INAUGURACION-NYN-EN-LAS-ARTES-644x429.jpg 644w, https:\/\/www.uartes.edu.ec\/sitio\/wp-content\/uploads\/2025\/06\/03-INAUGURACION-NYN-EN-LAS-ARTES-300x200.jpg 300w, https:\/\/www.uartes.edu.ec\/sitio\/wp-content\/uploads\/2025\/06\/03-INAUGURACION-NYN-EN-LAS-ARTES-768x512.jpg 768w, https:\/\/www.uartes.edu.ec\/sitio\/wp-content\/uploads\/2025\/06\/03-INAUGURACION-NYN-EN-LAS-ARTES-1536x1024.jpg 1536w, https:\/\/www.uartes.edu.ec\/sitio\/wp-content\/uploads\/2025\/06\/03-INAUGURACION-NYN-EN-LAS-ARTES-18x12.jpg 18w, https:\/\/www.uartes.edu.ec\/sitio\/wp-content\/uploads\/2025\/06\/03-INAUGURACION-NYN-EN-LAS-ARTES-600x400.jpg 600w, https:\/\/www.uartes.edu.ec\/sitio\/wp-content\/uploads\/2025\/06\/03-INAUGURACION-NYN-EN-LAS-ARTES-400x267.jpg 400w, https:\/\/www.uartes.edu.ec\/sitio\/wp-content\/uploads\/2025\/06\/03-INAUGURACION-NYN-EN-LAS-ARTES.jpg 2000w\" sizes=\"(max-width: 644px) 100vw, 644px\" \/><\/figure>\n<\/div>\n\n\n<figure class=\"wp-block-gallery has-nested-images columns-default is-cropped wp-block-gallery-1 is-layout-flex wp-block-gallery-is-layout-flex\">\n<figure class=\"wp-block-image size-large\"><img decoding=\"async\" width=\"644\" height=\"429\" data-id=\"73162\" src=\"https:\/\/www.uartes.edu.ec\/sitio\/wp-content\/uploads\/2025\/06\/06-INAUGURACION-NYN-EN-LAS-ARTES-644x429.jpg\" alt=\"\" class=\"wp-image-73162\" srcset=\"https:\/\/www.uartes.edu.ec\/sitio\/wp-content\/uploads\/2025\/06\/06-INAUGURACION-NYN-EN-LAS-ARTES-644x429.jpg 644w, https:\/\/www.uartes.edu.ec\/sitio\/wp-content\/uploads\/2025\/06\/06-INAUGURACION-NYN-EN-LAS-ARTES-300x200.jpg 300w, https:\/\/www.uartes.edu.ec\/sitio\/wp-content\/uploads\/2025\/06\/06-INAUGURACION-NYN-EN-LAS-ARTES-768x512.jpg 768w, https:\/\/www.uartes.edu.ec\/sitio\/wp-content\/uploads\/2025\/06\/06-INAUGURACION-NYN-EN-LAS-ARTES-1536x1024.jpg 1536w, https:\/\/www.uartes.edu.ec\/sitio\/wp-content\/uploads\/2025\/06\/06-INAUGURACION-NYN-EN-LAS-ARTES-18x12.jpg 18w, https:\/\/www.uartes.edu.ec\/sitio\/wp-content\/uploads\/2025\/06\/06-INAUGURACION-NYN-EN-LAS-ARTES-600x400.jpg 600w, https:\/\/www.uartes.edu.ec\/sitio\/wp-content\/uploads\/2025\/06\/06-INAUGURACION-NYN-EN-LAS-ARTES-400x267.jpg 400w, https:\/\/www.uartes.edu.ec\/sitio\/wp-content\/uploads\/2025\/06\/06-INAUGURACION-NYN-EN-LAS-ARTES.jpg 2000w\" sizes=\"(max-width: 644px) 100vw, 644px\" \/><\/figure>\n\n\n\n<figure class=\"wp-block-image size-large\"><img decoding=\"async\" width=\"644\" height=\"429\" data-id=\"73163\" src=\"https:\/\/www.uartes.edu.ec\/sitio\/wp-content\/uploads\/2025\/06\/04-INAUGURACION-NYN-EN-LAS-ARTES-644x429.jpg\" alt=\"\" class=\"wp-image-73163\" srcset=\"https:\/\/www.uartes.edu.ec\/sitio\/wp-content\/uploads\/2025\/06\/04-INAUGURACION-NYN-EN-LAS-ARTES-644x429.jpg 644w, https:\/\/www.uartes.edu.ec\/sitio\/wp-content\/uploads\/2025\/06\/04-INAUGURACION-NYN-EN-LAS-ARTES-300x200.jpg 300w, https:\/\/www.uartes.edu.ec\/sitio\/wp-content\/uploads\/2025\/06\/04-INAUGURACION-NYN-EN-LAS-ARTES-768x512.jpg 768w, https:\/\/www.uartes.edu.ec\/sitio\/wp-content\/uploads\/2025\/06\/04-INAUGURACION-NYN-EN-LAS-ARTES-1536x1024.jpg 1536w, https:\/\/www.uartes.edu.ec\/sitio\/wp-content\/uploads\/2025\/06\/04-INAUGURACION-NYN-EN-LAS-ARTES-18x12.jpg 18w, https:\/\/www.uartes.edu.ec\/sitio\/wp-content\/uploads\/2025\/06\/04-INAUGURACION-NYN-EN-LAS-ARTES-600x400.jpg 600w, https:\/\/www.uartes.edu.ec\/sitio\/wp-content\/uploads\/2025\/06\/04-INAUGURACION-NYN-EN-LAS-ARTES-400x267.jpg 400w, https:\/\/www.uartes.edu.ec\/sitio\/wp-content\/uploads\/2025\/06\/04-INAUGURACION-NYN-EN-LAS-ARTES.jpg 2000w\" sizes=\"(max-width: 644px) 100vw, 644px\" \/><\/figure>\n<\/figure>\n\n\n\n<p><\/p>\n\n\n\n<p>De la UERDF, y cercanos al p\u00f3dium, estuvieron con sus instrumentos los integrantes de la Orquesta Sinf\u00f3nica Juvenil y del Grupo de Cuerdas, quienes ofrecieron luego emocionantes interpretaciones de bandas sonoras de pel\u00edculas, del pentagrama nacional, entre otros. &nbsp;<\/p>\n\n\n\n<p>En la bienvenida, el rector destac\u00f3 la importancia de la Sala R\u00eda para la comunidad universitaria, una biblioteca para las infancias de la Biblioteca de las Artes, dijo, agradeciendo a la directora del repositorio de la UArtes, Soraya Campos, y a su equipo la nueva edici\u00f3n de un espacio que nos permite ofrecer tanto a la comunidad universitaria como a la ciudadan\u00eda en general varios contenidos: espacios, reflexiones, iniciativas, talleres, relacionados todos con el trabajo que podemos hacer desde las artes con las infancias.<\/p>\n\n\n\n<p>El rector William Herrera cont\u00f3 haber estado d\u00edas antes en la Unidad Educativa Rep\u00fablica de Francia y conocer lo que realiza. Por ello, junto con una especial y calurosa bienvenida a su rector, arquitecto Parsival Castro, lo felicit\u00f3 por el trabajo en la UERDF, el cual se inscribe no solo en la formaci\u00f3n art\u00edstica de calidad muy comprometida con el estudiantado, sino en una educaci\u00f3n por la paz.<\/p>\n\n\n<div class=\"wp-block-image\">\n<figure class=\"aligncenter size-large\"><img loading=\"lazy\" decoding=\"async\" width=\"644\" height=\"429\" src=\"https:\/\/www.uartes.edu.ec\/sitio\/wp-content\/uploads\/2025\/06\/08-INAUGURACION-NYN-EN-LAS-ARTES-644x429.jpg\" alt=\"\" class=\"wp-image-73164\" srcset=\"https:\/\/www.uartes.edu.ec\/sitio\/wp-content\/uploads\/2025\/06\/08-INAUGURACION-NYN-EN-LAS-ARTES-644x429.jpg 644w, https:\/\/www.uartes.edu.ec\/sitio\/wp-content\/uploads\/2025\/06\/08-INAUGURACION-NYN-EN-LAS-ARTES-300x200.jpg 300w, https:\/\/www.uartes.edu.ec\/sitio\/wp-content\/uploads\/2025\/06\/08-INAUGURACION-NYN-EN-LAS-ARTES-768x512.jpg 768w, https:\/\/www.uartes.edu.ec\/sitio\/wp-content\/uploads\/2025\/06\/08-INAUGURACION-NYN-EN-LAS-ARTES-1536x1024.jpg 1536w, https:\/\/www.uartes.edu.ec\/sitio\/wp-content\/uploads\/2025\/06\/08-INAUGURACION-NYN-EN-LAS-ARTES-18x12.jpg 18w, https:\/\/www.uartes.edu.ec\/sitio\/wp-content\/uploads\/2025\/06\/08-INAUGURACION-NYN-EN-LAS-ARTES-600x400.jpg 600w, https:\/\/www.uartes.edu.ec\/sitio\/wp-content\/uploads\/2025\/06\/08-INAUGURACION-NYN-EN-LAS-ARTES-400x267.jpg 400w, https:\/\/www.uartes.edu.ec\/sitio\/wp-content\/uploads\/2025\/06\/08-INAUGURACION-NYN-EN-LAS-ARTES.jpg 2000w\" sizes=\"(max-width: 644px) 100vw, 644px\" \/><\/figure>\n<\/div>\n\n<div class=\"wp-block-image\">\n<figure class=\"aligncenter size-large is-resized\"><img loading=\"lazy\" decoding=\"async\" width=\"644\" height=\"429\" src=\"https:\/\/www.uartes.edu.ec\/sitio\/wp-content\/uploads\/2025\/06\/09-INAUGURACION-NYN-EN-LAS-ARTES-644x429.jpg\" alt=\"\" class=\"wp-image-73165\" style=\"width:476px;height:auto\" srcset=\"https:\/\/www.uartes.edu.ec\/sitio\/wp-content\/uploads\/2025\/06\/09-INAUGURACION-NYN-EN-LAS-ARTES-644x429.jpg 644w, https:\/\/www.uartes.edu.ec\/sitio\/wp-content\/uploads\/2025\/06\/09-INAUGURACION-NYN-EN-LAS-ARTES-300x200.jpg 300w, https:\/\/www.uartes.edu.ec\/sitio\/wp-content\/uploads\/2025\/06\/09-INAUGURACION-NYN-EN-LAS-ARTES-768x512.jpg 768w, https:\/\/www.uartes.edu.ec\/sitio\/wp-content\/uploads\/2025\/06\/09-INAUGURACION-NYN-EN-LAS-ARTES-1536x1024.jpg 1536w, https:\/\/www.uartes.edu.ec\/sitio\/wp-content\/uploads\/2025\/06\/09-INAUGURACION-NYN-EN-LAS-ARTES-18x12.jpg 18w, https:\/\/www.uartes.edu.ec\/sitio\/wp-content\/uploads\/2025\/06\/09-INAUGURACION-NYN-EN-LAS-ARTES-600x400.jpg 600w, https:\/\/www.uartes.edu.ec\/sitio\/wp-content\/uploads\/2025\/06\/09-INAUGURACION-NYN-EN-LAS-ARTES-400x267.jpg 400w, https:\/\/www.uartes.edu.ec\/sitio\/wp-content\/uploads\/2025\/06\/09-INAUGURACION-NYN-EN-LAS-ARTES.jpg 2000w\" sizes=\"(max-width: 644px) 100vw, 644px\" \/><\/figure>\n<\/div>\n\n\n<p>El convenio de cooperaci\u00f3n interinstitucional apunta a contribuir que los estudiantes y docentes pueden venir a la universidad a compartir sus experiencias. M\u00e1s all\u00e1 de las presentaciones art\u00edsticas nos interesa se pueda traducir en formaci\u00f3n de capacitaci\u00f3n, que puedan continuar sus estudios a nivel superior en la UArtes. La UERDF es un verdadero semillero de artistas de j\u00f3venes que est\u00e1n cambiando a la ciudad y al pa\u00eds.<\/p>\n\n\n\n<p>En su intervenci\u00f3n, Soraya Campos anot\u00f3 que el encuentro ha ido creciendo con el tiempo y reafirm\u00f3 su prop\u00f3sito: \u201cReconocer a las infancias como protagonistas del arte, la cultura y la transformaci\u00f3n social\u201d. La cita no solo celebra la creatividad de ni\u00f1as y ni\u00f1os, sino tambi\u00e9n el compromiso colectivo de nuestra comunidad universitaria por construir entornos m\u00e1s sensibles, participativos e inclusivos.<\/p>\n\n\n\n<p>\u201cNos convoca a reflexionar sobre el papel esencial que tienen los espacios universitarios en la formaci\u00f3n integral y en la construcci\u00f3n de una sociedad m\u00e1s equitativa e inclusive\u201d, a\u00f1adi\u00f3 destacando el valor conceptual y papel activo de la Sala R\u00eda dentro de la universidad. Agradeci\u00f3 el compromiso y dedicaci\u00f3n de su equipo de trabajo y tuvo tambi\u00e9n palabras de agradecimiento para Parsival Castro, con quien ha compartido diversas experiencias en la gesti\u00f3n de actividades culturales, siempre con un profundo compromiso con la comunidad.<\/p>\n\n\n\n<p>Manifest\u00f3 su gratitud a Vinculaci\u00f3n con la Sociedad UArtes, pues \u201ca trav\u00e9s de valiosos proyectos y programas articulan las pr\u00e1cticas de los estudiantes con propuestas culturales significativas, muchas de ellas desarrolladas en la Biblioteca\u201d.<\/p>\n\n\n\n<figure class=\"wp-block-gallery has-nested-images columns-default is-cropped wp-block-gallery-2 is-layout-flex wp-block-gallery-is-layout-flex\">\n<figure class=\"wp-block-image size-large\"><img loading=\"lazy\" decoding=\"async\" width=\"644\" height=\"429\" data-id=\"73167\" src=\"https:\/\/www.uartes.edu.ec\/sitio\/wp-content\/uploads\/2025\/06\/14-INAUGURACION-NYN-EN-LAS-ARTES-644x429.jpg\" alt=\"\" class=\"wp-image-73167\" srcset=\"https:\/\/www.uartes.edu.ec\/sitio\/wp-content\/uploads\/2025\/06\/14-INAUGURACION-NYN-EN-LAS-ARTES-644x429.jpg 644w, https:\/\/www.uartes.edu.ec\/sitio\/wp-content\/uploads\/2025\/06\/14-INAUGURACION-NYN-EN-LAS-ARTES-300x200.jpg 300w, https:\/\/www.uartes.edu.ec\/sitio\/wp-content\/uploads\/2025\/06\/14-INAUGURACION-NYN-EN-LAS-ARTES-768x512.jpg 768w, https:\/\/www.uartes.edu.ec\/sitio\/wp-content\/uploads\/2025\/06\/14-INAUGURACION-NYN-EN-LAS-ARTES-1536x1024.jpg 1536w, https:\/\/www.uartes.edu.ec\/sitio\/wp-content\/uploads\/2025\/06\/14-INAUGURACION-NYN-EN-LAS-ARTES-18x12.jpg 18w, https:\/\/www.uartes.edu.ec\/sitio\/wp-content\/uploads\/2025\/06\/14-INAUGURACION-NYN-EN-LAS-ARTES-600x400.jpg 600w, https:\/\/www.uartes.edu.ec\/sitio\/wp-content\/uploads\/2025\/06\/14-INAUGURACION-NYN-EN-LAS-ARTES-400x267.jpg 400w, https:\/\/www.uartes.edu.ec\/sitio\/wp-content\/uploads\/2025\/06\/14-INAUGURACION-NYN-EN-LAS-ARTES.jpg 2000w\" sizes=\"(max-width: 644px) 100vw, 644px\" \/><\/figure>\n\n\n\n<figure class=\"wp-block-image size-large\"><img loading=\"lazy\" decoding=\"async\" width=\"644\" height=\"429\" data-id=\"73166\" src=\"https:\/\/www.uartes.edu.ec\/sitio\/wp-content\/uploads\/2025\/06\/05-INAUGURACION-NYN-EN-LAS-ARTES-644x429.jpg\" alt=\"\" class=\"wp-image-73166\" srcset=\"https:\/\/www.uartes.edu.ec\/sitio\/wp-content\/uploads\/2025\/06\/05-INAUGURACION-NYN-EN-LAS-ARTES-644x429.jpg 644w, https:\/\/www.uartes.edu.ec\/sitio\/wp-content\/uploads\/2025\/06\/05-INAUGURACION-NYN-EN-LAS-ARTES-300x200.jpg 300w, https:\/\/www.uartes.edu.ec\/sitio\/wp-content\/uploads\/2025\/06\/05-INAUGURACION-NYN-EN-LAS-ARTES-768x512.jpg 768w, https:\/\/www.uartes.edu.ec\/sitio\/wp-content\/uploads\/2025\/06\/05-INAUGURACION-NYN-EN-LAS-ARTES-1536x1024.jpg 1536w, https:\/\/www.uartes.edu.ec\/sitio\/wp-content\/uploads\/2025\/06\/05-INAUGURACION-NYN-EN-LAS-ARTES-18x12.jpg 18w, https:\/\/www.uartes.edu.ec\/sitio\/wp-content\/uploads\/2025\/06\/05-INAUGURACION-NYN-EN-LAS-ARTES-600x400.jpg 600w, https:\/\/www.uartes.edu.ec\/sitio\/wp-content\/uploads\/2025\/06\/05-INAUGURACION-NYN-EN-LAS-ARTES-400x267.jpg 400w, https:\/\/www.uartes.edu.ec\/sitio\/wp-content\/uploads\/2025\/06\/05-INAUGURACION-NYN-EN-LAS-ARTES.jpg 2000w\" sizes=\"(max-width: 644px) 100vw, 644px\" \/><\/figure>\n<\/figure>\n\n\n<div class=\"wp-block-image\">\n<figure class=\"aligncenter size-large\"><img loading=\"lazy\" decoding=\"async\" width=\"644\" height=\"429\" src=\"https:\/\/www.uartes.edu.ec\/sitio\/wp-content\/uploads\/2025\/06\/01-INAUGURACION-NYN-EN-LAS-ARTES-644x429.jpg\" alt=\"\" class=\"wp-image-73170\" srcset=\"https:\/\/www.uartes.edu.ec\/sitio\/wp-content\/uploads\/2025\/06\/01-INAUGURACION-NYN-EN-LAS-ARTES-644x429.jpg 644w, https:\/\/www.uartes.edu.ec\/sitio\/wp-content\/uploads\/2025\/06\/01-INAUGURACION-NYN-EN-LAS-ARTES-300x200.jpg 300w, https:\/\/www.uartes.edu.ec\/sitio\/wp-content\/uploads\/2025\/06\/01-INAUGURACION-NYN-EN-LAS-ARTES-768x512.jpg 768w, https:\/\/www.uartes.edu.ec\/sitio\/wp-content\/uploads\/2025\/06\/01-INAUGURACION-NYN-EN-LAS-ARTES-1536x1024.jpg 1536w, https:\/\/www.uartes.edu.ec\/sitio\/wp-content\/uploads\/2025\/06\/01-INAUGURACION-NYN-EN-LAS-ARTES-18x12.jpg 18w, https:\/\/www.uartes.edu.ec\/sitio\/wp-content\/uploads\/2025\/06\/01-INAUGURACION-NYN-EN-LAS-ARTES-600x400.jpg 600w, https:\/\/www.uartes.edu.ec\/sitio\/wp-content\/uploads\/2025\/06\/01-INAUGURACION-NYN-EN-LAS-ARTES-400x267.jpg 400w, https:\/\/www.uartes.edu.ec\/sitio\/wp-content\/uploads\/2025\/06\/01-INAUGURACION-NYN-EN-LAS-ARTES.jpg 2000w\" sizes=\"(max-width: 644px) 100vw, 644px\" \/><\/figure>\n<\/div>\n\n\n<p>Adelant\u00f3, agradeciendo, la presencia del Centro de Desarrollo Integral Ludo que llega al encuentro con un taller inclusivo, reafirmando as\u00ed nuestro compromiso con la diversidad, la accesibilidad y la participaci\u00f3n activa de todos nuestros ni\u00f1os y ni\u00f1as; a la Escuela Superior Polit\u00e9cnica del Litoral (Espol), por la actividad \u201cExplora mundos interactivos\u201d; y a la Casa de la Cultura N\u00facleo de Pichincha, por el taller y la presentaci\u00f3n de la Gu\u00eda de Mediaci\u00f3n Art\u00edstica para las Infancias AYA.<\/p>\n\n\n\n<p>Mar\u00eda Jos\u00e9 Icaza, directora de Vinculaci\u00f3n con la Sociedad UArtes, dijo desde el primer encuentro, en 2014, se empez\u00f3 a descubrir c\u00f3mo las aulas y todos los espacios de la UArtes iban llen\u00e1ndose del esp\u00edritu del accionar y de la creatividad de los ni\u00f1os y ni\u00f1os. Estos espacios no solo nos convocan a escuchar para saber el camino que tenemos que recorrer, porque est\u00e1bamos trabajando con y para ustedes, para el reconocimiento de los derechos culturales de ni\u00f1os, ni\u00f1as y adolescentes. Por proyectos con ustedes hemos crecido como instituci\u00f3n, hemos podido trabajar con otras organizaciones. Ustedes ser\u00e1n, seguramente, los pr\u00f3ximos estudiantes y docentes de esta universidad.<\/p>\n\n\n\n<p>Tenemos que escuchar atentos lo que ustedes sue\u00f1an, imaginan, conocen y reconocen; a trav\u00e9s de la voz de ustedes de lo que hacen y preparan con su familia que los acompa\u00f1an, de sus educadores tambi\u00e9n queremos so\u00f1ar para que ning\u00fan ni\u00f1o se vaya a dormir con miedo y con la barriga vac\u00eda, para que ning\u00fan ni\u00f1o se vaya a dormir en medio de una guerra o se tenga que separar de su familia de manera forzosa por la migraci\u00f3n. Este es un espacio para escuchar sus voces, que son movilizadores y que desde donde estamos tenemos la obligaci\u00f3n y el mandato de escucharlos.<\/p>\n\n\n\n<p>El Arq. Parsival Castro, rector de la Unidad Educativa Rep\u00fablica de Francia, indic\u00f3 que la sociedad va donde va la educaci\u00f3n. Al ver c\u00f3mo est\u00e1 el mundo, entre guerras y sicariatos, empezamos a reflexionar en qu\u00e9 tipo de educaci\u00f3n hemos dado. Habl\u00f3 del poder instaurador que tiene el arte y que si la ciencia desarrolla la raz\u00f3n y el mundo el rigor, el arte desarrolla la intuici\u00f3n de la imaginaci\u00f3n creadora. \u201c(\u2026) El arte no solo como un espect\u00e1culo, sino como una experiencia transformadora del ser humano\u201d.<\/p>\n\n\n<div class=\"wp-block-image\">\n<figure class=\"aligncenter size-large\"><img loading=\"lazy\" decoding=\"async\" width=\"644\" height=\"429\" src=\"https:\/\/www.uartes.edu.ec\/sitio\/wp-content\/uploads\/2025\/06\/11-INAUGURACION-NYN-EN-LAS-ARTES-644x429.jpg\" alt=\"\" class=\"wp-image-73168\" srcset=\"https:\/\/www.uartes.edu.ec\/sitio\/wp-content\/uploads\/2025\/06\/11-INAUGURACION-NYN-EN-LAS-ARTES-644x429.jpg 644w, https:\/\/www.uartes.edu.ec\/sitio\/wp-content\/uploads\/2025\/06\/11-INAUGURACION-NYN-EN-LAS-ARTES-300x200.jpg 300w, https:\/\/www.uartes.edu.ec\/sitio\/wp-content\/uploads\/2025\/06\/11-INAUGURACION-NYN-EN-LAS-ARTES-768x512.jpg 768w, https:\/\/www.uartes.edu.ec\/sitio\/wp-content\/uploads\/2025\/06\/11-INAUGURACION-NYN-EN-LAS-ARTES-1536x1024.jpg 1536w, https:\/\/www.uartes.edu.ec\/sitio\/wp-content\/uploads\/2025\/06\/11-INAUGURACION-NYN-EN-LAS-ARTES-18x12.jpg 18w, https:\/\/www.uartes.edu.ec\/sitio\/wp-content\/uploads\/2025\/06\/11-INAUGURACION-NYN-EN-LAS-ARTES-600x400.jpg 600w, https:\/\/www.uartes.edu.ec\/sitio\/wp-content\/uploads\/2025\/06\/11-INAUGURACION-NYN-EN-LAS-ARTES-400x267.jpg 400w, https:\/\/www.uartes.edu.ec\/sitio\/wp-content\/uploads\/2025\/06\/11-INAUGURACION-NYN-EN-LAS-ARTES.jpg 2000w\" sizes=\"(max-width: 644px) 100vw, 644px\" \/><\/figure>\n<\/div>\n\n<div class=\"wp-block-image\">\n<figure class=\"aligncenter size-large is-resized\"><img loading=\"lazy\" decoding=\"async\" width=\"644\" height=\"429\" src=\"https:\/\/www.uartes.edu.ec\/sitio\/wp-content\/uploads\/2025\/06\/13-INAUGURACION-NYN-EN-LAS-ARTES-644x429.jpg\" alt=\"\" class=\"wp-image-73169\" style=\"width:482px;height:auto\" srcset=\"https:\/\/www.uartes.edu.ec\/sitio\/wp-content\/uploads\/2025\/06\/13-INAUGURACION-NYN-EN-LAS-ARTES-644x429.jpg 644w, https:\/\/www.uartes.edu.ec\/sitio\/wp-content\/uploads\/2025\/06\/13-INAUGURACION-NYN-EN-LAS-ARTES-300x200.jpg 300w, https:\/\/www.uartes.edu.ec\/sitio\/wp-content\/uploads\/2025\/06\/13-INAUGURACION-NYN-EN-LAS-ARTES-768x512.jpg 768w, https:\/\/www.uartes.edu.ec\/sitio\/wp-content\/uploads\/2025\/06\/13-INAUGURACION-NYN-EN-LAS-ARTES-1536x1024.jpg 1536w, https:\/\/www.uartes.edu.ec\/sitio\/wp-content\/uploads\/2025\/06\/13-INAUGURACION-NYN-EN-LAS-ARTES-18x12.jpg 18w, https:\/\/www.uartes.edu.ec\/sitio\/wp-content\/uploads\/2025\/06\/13-INAUGURACION-NYN-EN-LAS-ARTES-600x400.jpg 600w, https:\/\/www.uartes.edu.ec\/sitio\/wp-content\/uploads\/2025\/06\/13-INAUGURACION-NYN-EN-LAS-ARTES-400x267.jpg 400w, https:\/\/www.uartes.edu.ec\/sitio\/wp-content\/uploads\/2025\/06\/13-INAUGURACION-NYN-EN-LAS-ARTES.jpg 2000w\" sizes=\"(max-width: 644px) 100vw, 644px\" \/><\/figure>\n<\/div>\n\n\n<p>Los rectores William Herrera y Parsival Castro firmaron el convenio y la Orquesta Sinf\u00f3nica Juvenil de la UEDF, dirigida por el maestro V\u00edctor Salas, brind\u00f3 composiciones que algunas bandas sonoras de pel\u00edculas, los pasillos \u201cEl alma en los labios\u201d y \u201cGuayaquile\u00f1o madera de guerrero\u201d, y el pasacalle \u201cChulla quite\u00f1o\u201d. El Grupo de Cuerdas, por su parte, canciones como \u201cRomance de mi destino\u201d, pasillo, y \u201cSer\u00e1 porque te amo\u201d, por de Ricchi e Poveri.<\/p>\n\n\n\n<p>En el acto inaugural, el director de la Escuela de Artes Sonoras de la UArtes, Javier Ocampo, felicit\u00f3 a los j\u00f3venes int\u00e9rpretes de la UERDF, con edades entre los 9 a 15 a\u00f1os, y a sus maestros por el trabajo que realizan. \u201c(\u2026) Ustedes est\u00e1n cambiando la realidad de su entorno y contexto; que tengan la posibilidad de escuchar la m\u00fasica diferente es un universo gigante el que se abre. (\u2026) Admiro lo que ustedes hacen, admiro el proceso que han llevado y, sobre todo, la voluntad del colegio para hacer que ustedes crezcan en un ambiente distinto, donde el arte es relevante\u201d. <\/p>\n\n\n\n<p>*La Unidad Educativa Rep\u00fablica de Francia(UERDF) es una instituci\u00f3n de educaci\u00f3n primaria y secundaria, sin fines de lucro, creada seg\u00fan acuerdo del Ministerio de Educaci\u00f3n del Ecuador el 21 de febrero de 1958. Oferta los bachilleratos: t\u00e9cnico art\u00edstico con figura profesional en m\u00fasica; t\u00e9cnico en ventas y comercializaci\u00f3n tur\u00edstica; t\u00e9cnico en inform\u00e1tica; y, general en ciencias. Su misi\u00f3n es formar bachilleres con una gran conciencia social que aspiren a la construcci\u00f3n de un mundo nuevo unido por el saber; y, a una sociedad de paz a trav\u00e9s de la esencia del arte y la cultura en general.<\/p>\n","protected":false},"excerpt":{"rendered":"<p>El Encuentro de Ni\u00f1as &amp; Ni\u00f1os en las Artes lleg\u00f3 este a\u00f1o a su VI edici\u00f3n. Se inaugur\u00f3 ayer en la Sala R\u00eda de la Biblioteca de las Artes, marcando el inicio de tres d\u00edas de actividades l\u00fadicas, did\u00e1cticas, de mediaci\u00f3n lectora, lectura teatralizada, recorridos y talleres. En el acto inaugural, la UArtes firm\u00f3 un convenio de cooperaci\u00f3n interinstitucional con la Unidad Educativa Rep\u00fablica de Francia (UERDF).<\/p>\n","protected":false},"author":10,"featured_media":73160,"comment_status":"open","ping_status":"open","sticky":false,"template":"","format":"standard","meta":{"_acf_changed":false,"_uag_custom_page_level_css":"","_monsterinsights_skip_tracking":false,"_monsterinsights_sitenote_active":false,"_monsterinsights_sitenote_note":"","_monsterinsights_sitenote_category":0,"cybocfi_hide_featured_image":"","footnotes":""},"categories":[80,438,490,75,77,79],"tags":[41],"infouartes":[],"class_list":["post-73159","post","type-post","status-publish","format-standard","has-post-thumbnail","hentry","category-academico","category-administrativos","category-alumni","category-docentes","category-gestion","category-vinculo","tag-biblioteca"],"acf":[],"yoast_head":"<!-- This site is optimized with the Yoast SEO plugin v27.4 - https:\/\/yoast.com\/product\/yoast-seo-wordpress\/ -->\n<title>Universidad de las Artes - UArtes y Unidad Educativa Rep\u00fablica de Francia firman convenio en inicio del VI Encuentro de Ni\u00f1as &amp; Ni\u00f1os en las Artes<\/title>\n<meta name=\"description\" content=\"Universidad de las Artes - UArtes y Unidad Educativa Rep\u00fablica de Francia firman convenio en inicio del VI Encuentro de Ni\u00f1as &amp; Ni\u00f1os en las Artes\" \/>\n<meta name=\"robots\" content=\"index, follow, max-snippet:-1, max-image-preview:large, max-video-preview:-1\" \/>\n<link rel=\"canonical\" href=\"https:\/\/www.uartes.edu.ec\/sitio\/blog\/2025\/06\/05\/uartes-y-unidad-educativa-republica-de-francia-firman-convenio-en-inauguracion-del-vi-encuentro-de-ninas-ninos-en-las-artes\/\" \/>\n<meta property=\"og:locale\" content=\"es_ES\" \/>\n<meta property=\"og:type\" content=\"article\" \/>\n<meta property=\"og:title\" content=\"Universidad de las Artes - UArtes y Unidad Educativa Rep\u00fablica de Francia firman convenio en inicio del VI Encuentro de Ni\u00f1as &amp; Ni\u00f1os en las Artes\" \/>\n<meta property=\"og:description\" content=\"Universidad de las Artes - UArtes y Unidad Educativa Rep\u00fablica de Francia firman convenio en inicio del VI Encuentro de Ni\u00f1as &amp; Ni\u00f1os en las Artes\" \/>\n<meta property=\"og:url\" content=\"https:\/\/www.uartes.edu.ec\/sitio\/blog\/2025\/06\/05\/uartes-y-unidad-educativa-republica-de-francia-firman-convenio-en-inauguracion-del-vi-encuentro-de-ninas-ninos-en-las-artes\/\" \/>\n<meta property=\"og:site_name\" content=\"Universidad de las Artes\" \/>\n<meta property=\"article:publisher\" content=\"https:\/\/www.facebook.com\/uartesec\" \/>\n<meta property=\"article:published_time\" content=\"2025-06-05T19:55:00+00:00\" \/>\n<meta property=\"article:modified_time\" content=\"2025-08-20T18:40:50+00:00\" \/>\n<meta property=\"og:image\" content=\"https:\/\/www.uartes.edu.ec\/sitio\/wp-content\/uploads\/2025\/06\/07-INAUGURACION-NYN-EN-LAS-ARTES-1.jpg\" \/>\n\t<meta property=\"og:image:width\" content=\"2000\" \/>\n\t<meta property=\"og:image:height\" content=\"1333\" \/>\n\t<meta property=\"og:image:type\" content=\"image\/jpeg\" \/>\n<meta name=\"author\" content=\"ccortez\" \/>\n<meta name=\"twitter:card\" content=\"summary_large_image\" \/>\n<meta name=\"twitter:creator\" content=\"@uartesec\" \/>\n<meta name=\"twitter:site\" content=\"@uartesec\" \/>\n<meta name=\"twitter:label1\" content=\"Escrito por\" \/>\n\t<meta name=\"twitter:data1\" content=\"ccortez\" \/>\n\t<meta name=\"twitter:label2\" content=\"Tiempo de lectura\" \/>\n\t<meta name=\"twitter:data2\" content=\"7 minutos\" \/>\n<script type=\"application\/ld+json\" class=\"yoast-schema-graph\">{\"@context\":\"https:\\\/\\\/schema.org\",\"@graph\":[{\"@type\":\"Article\",\"@id\":\"https:\\\/\\\/www.uartes.edu.ec\\\/sitio\\\/blog\\\/2025\\\/06\\\/05\\\/uartes-y-unidad-educativa-republica-de-francia-firman-convenio-en-inauguracion-del-vi-encuentro-de-ninas-ninos-en-las-artes\\\/#article\",\"isPartOf\":{\"@id\":\"https:\\\/\\\/www.uartes.edu.ec\\\/sitio\\\/blog\\\/2025\\\/06\\\/05\\\/uartes-y-unidad-educativa-republica-de-francia-firman-convenio-en-inauguracion-del-vi-encuentro-de-ninas-ninos-en-las-artes\\\/\"},\"author\":{\"name\":\"ccortez\",\"@id\":\"https:\\\/\\\/www.uartes.edu.ec\\\/sitio\\\/#\\\/schema\\\/person\\\/efa1b8275797664fd7f13a79ccc0b1f4\"},\"headline\":\"UArtes y Unidad Educativa Rep\u00fablica de Francia firman convenio en inicio del VI Encuentro de Ni\u00f1as &amp; Ni\u00f1os en las Artes\",\"datePublished\":\"2025-06-05T19:55:00+00:00\",\"dateModified\":\"2025-08-20T18:40:50+00:00\",\"mainEntityOfPage\":{\"@id\":\"https:\\\/\\\/www.uartes.edu.ec\\\/sitio\\\/blog\\\/2025\\\/06\\\/05\\\/uartes-y-unidad-educativa-republica-de-francia-firman-convenio-en-inauguracion-del-vi-encuentro-de-ninas-ninos-en-las-artes\\\/\"},\"wordCount\":1445,\"commentCount\":0,\"publisher\":{\"@id\":\"https:\\\/\\\/www.uartes.edu.ec\\\/sitio\\\/#organization\"},\"image\":{\"@id\":\"https:\\\/\\\/www.uartes.edu.ec\\\/sitio\\\/blog\\\/2025\\\/06\\\/05\\\/uartes-y-unidad-educativa-republica-de-francia-firman-convenio-en-inauguracion-del-vi-encuentro-de-ninas-ninos-en-las-artes\\\/#primaryimage\"},\"thumbnailUrl\":\"https:\\\/\\\/www.uartes.edu.ec\\\/sitio\\\/wp-content\\\/uploads\\\/2025\\\/06\\\/07-INAUGURACION-NYN-EN-LAS-ARTES-1.jpg\",\"keywords\":[\"biblioteca\"],\"articleSection\":[\"Acad\u00e9mico\",\"Administrativos\",\"Alumni\",\"Docentes\",\"Gesti\u00f3n\",\"V\u00ednculo\"],\"inLanguage\":\"es\",\"potentialAction\":[{\"@type\":\"CommentAction\",\"name\":\"Comment\",\"target\":[\"https:\\\/\\\/www.uartes.edu.ec\\\/sitio\\\/blog\\\/2025\\\/06\\\/05\\\/uartes-y-unidad-educativa-republica-de-francia-firman-convenio-en-inauguracion-del-vi-encuentro-de-ninas-ninos-en-las-artes\\\/#respond\"]}]},{\"@type\":[\"WebPage\",\"ItemPage\"],\"@id\":\"https:\\\/\\\/www.uartes.edu.ec\\\/sitio\\\/blog\\\/2025\\\/06\\\/05\\\/uartes-y-unidad-educativa-republica-de-francia-firman-convenio-en-inauguracion-del-vi-encuentro-de-ninas-ninos-en-las-artes\\\/\",\"url\":\"https:\\\/\\\/www.uartes.edu.ec\\\/sitio\\\/blog\\\/2025\\\/06\\\/05\\\/uartes-y-unidad-educativa-republica-de-francia-firman-convenio-en-inauguracion-del-vi-encuentro-de-ninas-ninos-en-las-artes\\\/\",\"name\":\"Universidad de las Artes - UArtes y Unidad Educativa Rep\u00fablica de Francia firman convenio en inicio del VI Encuentro de Ni\u00f1as &amp; Ni\u00f1os en las Artes\",\"isPartOf\":{\"@id\":\"https:\\\/\\\/www.uartes.edu.ec\\\/sitio\\\/#website\"},\"primaryImageOfPage\":{\"@id\":\"https:\\\/\\\/www.uartes.edu.ec\\\/sitio\\\/blog\\\/2025\\\/06\\\/05\\\/uartes-y-unidad-educativa-republica-de-francia-firman-convenio-en-inauguracion-del-vi-encuentro-de-ninas-ninos-en-las-artes\\\/#primaryimage\"},\"image\":{\"@id\":\"https:\\\/\\\/www.uartes.edu.ec\\\/sitio\\\/blog\\\/2025\\\/06\\\/05\\\/uartes-y-unidad-educativa-republica-de-francia-firman-convenio-en-inauguracion-del-vi-encuentro-de-ninas-ninos-en-las-artes\\\/#primaryimage\"},\"thumbnailUrl\":\"https:\\\/\\\/www.uartes.edu.ec\\\/sitio\\\/wp-content\\\/uploads\\\/2025\\\/06\\\/07-INAUGURACION-NYN-EN-LAS-ARTES-1.jpg\",\"datePublished\":\"2025-06-05T19:55:00+00:00\",\"dateModified\":\"2025-08-20T18:40:50+00:00\",\"description\":\"Universidad de las Artes - UArtes y Unidad Educativa Rep\u00fablica de Francia firman convenio en inicio del VI Encuentro de Ni\u00f1as &amp; Ni\u00f1os en las Artes\",\"breadcrumb\":{\"@id\":\"https:\\\/\\\/www.uartes.edu.ec\\\/sitio\\\/blog\\\/2025\\\/06\\\/05\\\/uartes-y-unidad-educativa-republica-de-francia-firman-convenio-en-inauguracion-del-vi-encuentro-de-ninas-ninos-en-las-artes\\\/#breadcrumb\"},\"inLanguage\":\"es\",\"potentialAction\":[{\"@type\":\"ReadAction\",\"target\":[\"https:\\\/\\\/www.uartes.edu.ec\\\/sitio\\\/blog\\\/2025\\\/06\\\/05\\\/uartes-y-unidad-educativa-republica-de-francia-firman-convenio-en-inauguracion-del-vi-encuentro-de-ninas-ninos-en-las-artes\\\/\"]}]},{\"@type\":\"ImageObject\",\"inLanguage\":\"es\",\"@id\":\"https:\\\/\\\/www.uartes.edu.ec\\\/sitio\\\/blog\\\/2025\\\/06\\\/05\\\/uartes-y-unidad-educativa-republica-de-francia-firman-convenio-en-inauguracion-del-vi-encuentro-de-ninas-ninos-en-las-artes\\\/#primaryimage\",\"url\":\"https:\\\/\\\/www.uartes.edu.ec\\\/sitio\\\/wp-content\\\/uploads\\\/2025\\\/06\\\/07-INAUGURACION-NYN-EN-LAS-ARTES-1.jpg\",\"contentUrl\":\"https:\\\/\\\/www.uartes.edu.ec\\\/sitio\\\/wp-content\\\/uploads\\\/2025\\\/06\\\/07-INAUGURACION-NYN-EN-LAS-ARTES-1.jpg\",\"width\":2000,\"height\":1333},{\"@type\":\"BreadcrumbList\",\"@id\":\"https:\\\/\\\/www.uartes.edu.ec\\\/sitio\\\/blog\\\/2025\\\/06\\\/05\\\/uartes-y-unidad-educativa-republica-de-francia-firman-convenio-en-inauguracion-del-vi-encuentro-de-ninas-ninos-en-las-artes\\\/#breadcrumb\",\"itemListElement\":[{\"@type\":\"ListItem\",\"position\":1,\"name\":\"Inicio\",\"item\":\"https:\\\/\\\/www.uartes.edu.ec\\\/sitio\\\/\"},{\"@type\":\"ListItem\",\"position\":2,\"name\":\"UArtes y Unidad Educativa Rep\u00fablica de Francia firman convenio en inicio del VI Encuentro de Ni\u00f1as &amp; Ni\u00f1os en las Artes\"}]},{\"@type\":\"WebSite\",\"@id\":\"https:\\\/\\\/www.uartes.edu.ec\\\/sitio\\\/#website\",\"url\":\"https:\\\/\\\/www.uartes.edu.ec\\\/sitio\\\/\",\"name\":\"Universidad de las Artes\",\"description\":\"Sitio oficial de la Universidad Nacional de las Artes del Ecuador\",\"publisher\":{\"@id\":\"https:\\\/\\\/www.uartes.edu.ec\\\/sitio\\\/#organization\"},\"potentialAction\":[{\"@type\":\"SearchAction\",\"target\":{\"@type\":\"EntryPoint\",\"urlTemplate\":\"https:\\\/\\\/www.uartes.edu.ec\\\/sitio\\\/?s={search_term_string}\"},\"query-input\":{\"@type\":\"PropertyValueSpecification\",\"valueRequired\":true,\"valueName\":\"search_term_string\"}}],\"inLanguage\":\"es\"},{\"@type\":\"Organization\",\"@id\":\"https:\\\/\\\/www.uartes.edu.ec\\\/sitio\\\/#organization\",\"name\":\"Universidad de las Artes\",\"url\":\"https:\\\/\\\/www.uartes.edu.ec\\\/sitio\\\/\",\"logo\":{\"@type\":\"ImageObject\",\"inLanguage\":\"es\",\"@id\":\"https:\\\/\\\/www.uartes.edu.ec\\\/sitio\\\/#\\\/schema\\\/logo\\\/image\\\/\",\"url\":\"https:\\\/\\\/www.uartes.edu.ec\\\/sitio\\\/wp-content\\\/uploads\\\/2022\\\/07\\\/logo-ua-horizontal.png\",\"contentUrl\":\"https:\\\/\\\/www.uartes.edu.ec\\\/sitio\\\/wp-content\\\/uploads\\\/2022\\\/07\\\/logo-ua-horizontal.png\",\"width\":800,\"height\":276,\"caption\":\"Universidad de las Artes\"},\"image\":{\"@id\":\"https:\\\/\\\/www.uartes.edu.ec\\\/sitio\\\/#\\\/schema\\\/logo\\\/image\\\/\"},\"sameAs\":[\"https:\\\/\\\/www.facebook.com\\\/uartesec\",\"https:\\\/\\\/x.com\\\/uartesec\",\"https:\\\/\\\/www.tiktok.com\\\/@uartesec\"]},{\"@type\":\"Person\",\"@id\":\"https:\\\/\\\/www.uartes.edu.ec\\\/sitio\\\/#\\\/schema\\\/person\\\/efa1b8275797664fd7f13a79ccc0b1f4\",\"name\":\"ccortez\",\"image\":{\"@type\":\"ImageObject\",\"inLanguage\":\"es\",\"@id\":\"https:\\\/\\\/secure.gravatar.com\\\/avatar\\\/b2a6f664a3ae8e074346ef91775736c5ec479e637ecced6842de9dc98b5da9cd?s=96&d=mm&r=g\",\"url\":\"https:\\\/\\\/secure.gravatar.com\\\/avatar\\\/b2a6f664a3ae8e074346ef91775736c5ec479e637ecced6842de9dc98b5da9cd?s=96&d=mm&r=g\",\"contentUrl\":\"https:\\\/\\\/secure.gravatar.com\\\/avatar\\\/b2a6f664a3ae8e074346ef91775736c5ec479e637ecced6842de9dc98b5da9cd?s=96&d=mm&r=g\",\"caption\":\"ccortez\"},\"url\":\"https:\\\/\\\/www.uartes.edu.ec\\\/sitio\\\/blog\\\/author\\\/ccortez\\\/\"}]}<\/script>\n<!-- \/ Yoast SEO plugin. -->","yoast_head_json":{"title":"Universidad de las Artes - UArtes y Unidad Educativa Rep\u00fablica de Francia firman convenio en inicio del VI Encuentro de Ni\u00f1as &amp; Ni\u00f1os en las Artes","description":"Universidad de las Artes - UArtes y Unidad Educativa Rep\u00fablica de Francia firman convenio en inicio del VI Encuentro de Ni\u00f1as &amp; Ni\u00f1os en las Artes","robots":{"index":"index","follow":"follow","max-snippet":"max-snippet:-1","max-image-preview":"max-image-preview:large","max-video-preview":"max-video-preview:-1"},"canonical":"https:\/\/www.uartes.edu.ec\/sitio\/blog\/2025\/06\/05\/uartes-y-unidad-educativa-republica-de-francia-firman-convenio-en-inauguracion-del-vi-encuentro-de-ninas-ninos-en-las-artes\/","og_locale":"es_ES","og_type":"article","og_title":"Universidad de las Artes - UArtes y Unidad Educativa Rep\u00fablica de Francia firman convenio en inicio del VI Encuentro de Ni\u00f1as &amp; Ni\u00f1os en las Artes","og_description":"Universidad de las Artes - UArtes y Unidad Educativa Rep\u00fablica de Francia firman convenio en inicio del VI Encuentro de Ni\u00f1as &amp; Ni\u00f1os en las Artes","og_url":"https:\/\/www.uartes.edu.ec\/sitio\/blog\/2025\/06\/05\/uartes-y-unidad-educativa-republica-de-francia-firman-convenio-en-inauguracion-del-vi-encuentro-de-ninas-ninos-en-las-artes\/","og_site_name":"Universidad de las Artes","article_publisher":"https:\/\/www.facebook.com\/uartesec","article_published_time":"2025-06-05T19:55:00+00:00","article_modified_time":"2025-08-20T18:40:50+00:00","og_image":[{"width":2000,"height":1333,"url":"https:\/\/www.uartes.edu.ec\/sitio\/wp-content\/uploads\/2025\/06\/07-INAUGURACION-NYN-EN-LAS-ARTES-1.jpg","type":"image\/jpeg"}],"author":"ccortez","twitter_card":"summary_large_image","twitter_creator":"@uartesec","twitter_site":"@uartesec","twitter_misc":{"Escrito por":"ccortez","Tiempo de lectura":"7 minutos"},"schema":{"@context":"https:\/\/schema.org","@graph":[{"@type":"Article","@id":"https:\/\/www.uartes.edu.ec\/sitio\/blog\/2025\/06\/05\/uartes-y-unidad-educativa-republica-de-francia-firman-convenio-en-inauguracion-del-vi-encuentro-de-ninas-ninos-en-las-artes\/#article","isPartOf":{"@id":"https:\/\/www.uartes.edu.ec\/sitio\/blog\/2025\/06\/05\/uartes-y-unidad-educativa-republica-de-francia-firman-convenio-en-inauguracion-del-vi-encuentro-de-ninas-ninos-en-las-artes\/"},"author":{"name":"ccortez","@id":"https:\/\/www.uartes.edu.ec\/sitio\/#\/schema\/person\/efa1b8275797664fd7f13a79ccc0b1f4"},"headline":"UArtes y Unidad Educativa Rep\u00fablica de Francia firman convenio en inicio del VI Encuentro de Ni\u00f1as &amp; Ni\u00f1os en las Artes","datePublished":"2025-06-05T19:55:00+00:00","dateModified":"2025-08-20T18:40:50+00:00","mainEntityOfPage":{"@id":"https:\/\/www.uartes.edu.ec\/sitio\/blog\/2025\/06\/05\/uartes-y-unidad-educativa-republica-de-francia-firman-convenio-en-inauguracion-del-vi-encuentro-de-ninas-ninos-en-las-artes\/"},"wordCount":1445,"commentCount":0,"publisher":{"@id":"https:\/\/www.uartes.edu.ec\/sitio\/#organization"},"image":{"@id":"https:\/\/www.uartes.edu.ec\/sitio\/blog\/2025\/06\/05\/uartes-y-unidad-educativa-republica-de-francia-firman-convenio-en-inauguracion-del-vi-encuentro-de-ninas-ninos-en-las-artes\/#primaryimage"},"thumbnailUrl":"https:\/\/www.uartes.edu.ec\/sitio\/wp-content\/uploads\/2025\/06\/07-INAUGURACION-NYN-EN-LAS-ARTES-1.jpg","keywords":["biblioteca"],"articleSection":["Acad\u00e9mico","Administrativos","Alumni","Docentes","Gesti\u00f3n","V\u00ednculo"],"inLanguage":"es","potentialAction":[{"@type":"CommentAction","name":"Comment","target":["https:\/\/www.uartes.edu.ec\/sitio\/blog\/2025\/06\/05\/uartes-y-unidad-educativa-republica-de-francia-firman-convenio-en-inauguracion-del-vi-encuentro-de-ninas-ninos-en-las-artes\/#respond"]}]},{"@type":["WebPage","ItemPage"],"@id":"https:\/\/www.uartes.edu.ec\/sitio\/blog\/2025\/06\/05\/uartes-y-unidad-educativa-republica-de-francia-firman-convenio-en-inauguracion-del-vi-encuentro-de-ninas-ninos-en-las-artes\/","url":"https:\/\/www.uartes.edu.ec\/sitio\/blog\/2025\/06\/05\/uartes-y-unidad-educativa-republica-de-francia-firman-convenio-en-inauguracion-del-vi-encuentro-de-ninas-ninos-en-las-artes\/","name":"Universidad de las Artes - UArtes y Unidad Educativa Rep\u00fablica de Francia firman convenio en inicio del VI Encuentro de Ni\u00f1as &amp; Ni\u00f1os en las Artes","isPartOf":{"@id":"https:\/\/www.uartes.edu.ec\/sitio\/#website"},"primaryImageOfPage":{"@id":"https:\/\/www.uartes.edu.ec\/sitio\/blog\/2025\/06\/05\/uartes-y-unidad-educativa-republica-de-francia-firman-convenio-en-inauguracion-del-vi-encuentro-de-ninas-ninos-en-las-artes\/#primaryimage"},"image":{"@id":"https:\/\/www.uartes.edu.ec\/sitio\/blog\/2025\/06\/05\/uartes-y-unidad-educativa-republica-de-francia-firman-convenio-en-inauguracion-del-vi-encuentro-de-ninas-ninos-en-las-artes\/#primaryimage"},"thumbnailUrl":"https:\/\/www.uartes.edu.ec\/sitio\/wp-content\/uploads\/2025\/06\/07-INAUGURACION-NYN-EN-LAS-ARTES-1.jpg","datePublished":"2025-06-05T19:55:00+00:00","dateModified":"2025-08-20T18:40:50+00:00","description":"Universidad de las Artes - UArtes y Unidad Educativa Rep\u00fablica de Francia firman convenio en inicio del VI Encuentro de Ni\u00f1as &amp; Ni\u00f1os en las Artes","breadcrumb":{"@id":"https:\/\/www.uartes.edu.ec\/sitio\/blog\/2025\/06\/05\/uartes-y-unidad-educativa-republica-de-francia-firman-convenio-en-inauguracion-del-vi-encuentro-de-ninas-ninos-en-las-artes\/#breadcrumb"},"inLanguage":"es","potentialAction":[{"@type":"ReadAction","target":["https:\/\/www.uartes.edu.ec\/sitio\/blog\/2025\/06\/05\/uartes-y-unidad-educativa-republica-de-francia-firman-convenio-en-inauguracion-del-vi-encuentro-de-ninas-ninos-en-las-artes\/"]}]},{"@type":"ImageObject","inLanguage":"es","@id":"https:\/\/www.uartes.edu.ec\/sitio\/blog\/2025\/06\/05\/uartes-y-unidad-educativa-republica-de-francia-firman-convenio-en-inauguracion-del-vi-encuentro-de-ninas-ninos-en-las-artes\/#primaryimage","url":"https:\/\/www.uartes.edu.ec\/sitio\/wp-content\/uploads\/2025\/06\/07-INAUGURACION-NYN-EN-LAS-ARTES-1.jpg","contentUrl":"https:\/\/www.uartes.edu.ec\/sitio\/wp-content\/uploads\/2025\/06\/07-INAUGURACION-NYN-EN-LAS-ARTES-1.jpg","width":2000,"height":1333},{"@type":"BreadcrumbList","@id":"https:\/\/www.uartes.edu.ec\/sitio\/blog\/2025\/06\/05\/uartes-y-unidad-educativa-republica-de-francia-firman-convenio-en-inauguracion-del-vi-encuentro-de-ninas-ninos-en-las-artes\/#breadcrumb","itemListElement":[{"@type":"ListItem","position":1,"name":"Inicio","item":"https:\/\/www.uartes.edu.ec\/sitio\/"},{"@type":"ListItem","position":2,"name":"UArtes y Unidad Educativa Rep\u00fablica de Francia firman convenio en inicio del VI Encuentro de Ni\u00f1as &amp; Ni\u00f1os en las Artes"}]},{"@type":"WebSite","@id":"https:\/\/www.uartes.edu.ec\/sitio\/#website","url":"https:\/\/www.uartes.edu.ec\/sitio\/","name":"Universidad de las Artes","description":"Sitio oficial de la Universidad Nacional de las Artes del Ecuador","publisher":{"@id":"https:\/\/www.uartes.edu.ec\/sitio\/#organization"},"potentialAction":[{"@type":"SearchAction","target":{"@type":"EntryPoint","urlTemplate":"https:\/\/www.uartes.edu.ec\/sitio\/?s={search_term_string}"},"query-input":{"@type":"PropertyValueSpecification","valueRequired":true,"valueName":"search_term_string"}}],"inLanguage":"es"},{"@type":"Organization","@id":"https:\/\/www.uartes.edu.ec\/sitio\/#organization","name":"Universidad de las Artes","url":"https:\/\/www.uartes.edu.ec\/sitio\/","logo":{"@type":"ImageObject","inLanguage":"es","@id":"https:\/\/www.uartes.edu.ec\/sitio\/#\/schema\/logo\/image\/","url":"https:\/\/www.uartes.edu.ec\/sitio\/wp-content\/uploads\/2022\/07\/logo-ua-horizontal.png","contentUrl":"https:\/\/www.uartes.edu.ec\/sitio\/wp-content\/uploads\/2022\/07\/logo-ua-horizontal.png","width":800,"height":276,"caption":"Universidad de las Artes"},"image":{"@id":"https:\/\/www.uartes.edu.ec\/sitio\/#\/schema\/logo\/image\/"},"sameAs":["https:\/\/www.facebook.com\/uartesec","https:\/\/x.com\/uartesec","https:\/\/www.tiktok.com\/@uartesec"]},{"@type":"Person","@id":"https:\/\/www.uartes.edu.ec\/sitio\/#\/schema\/person\/efa1b8275797664fd7f13a79ccc0b1f4","name":"ccortez","image":{"@type":"ImageObject","inLanguage":"es","@id":"https:\/\/secure.gravatar.com\/avatar\/b2a6f664a3ae8e074346ef91775736c5ec479e637ecced6842de9dc98b5da9cd?s=96&d=mm&r=g","url":"https:\/\/secure.gravatar.com\/avatar\/b2a6f664a3ae8e074346ef91775736c5ec479e637ecced6842de9dc98b5da9cd?s=96&d=mm&r=g","contentUrl":"https:\/\/secure.gravatar.com\/avatar\/b2a6f664a3ae8e074346ef91775736c5ec479e637ecced6842de9dc98b5da9cd?s=96&d=mm&r=g","caption":"ccortez"},"url":"https:\/\/www.uartes.edu.ec\/sitio\/blog\/author\/ccortez\/"}]}},"uagb_featured_image_src":{"full":["https:\/\/www.uartes.edu.ec\/sitio\/wp-content\/uploads\/2025\/06\/07-INAUGURACION-NYN-EN-LAS-ARTES-1.jpg",2000,1333,false],"thumbnail":["https:\/\/www.uartes.edu.ec\/sitio\/wp-content\/uploads\/2025\/06\/07-INAUGURACION-NYN-EN-LAS-ARTES-1-150x150.jpg",150,150,true],"medium":["https:\/\/www.uartes.edu.ec\/sitio\/wp-content\/uploads\/2025\/06\/07-INAUGURACION-NYN-EN-LAS-ARTES-1-300x200.jpg",300,200,true],"medium_large":["https:\/\/www.uartes.edu.ec\/sitio\/wp-content\/uploads\/2025\/06\/07-INAUGURACION-NYN-EN-LAS-ARTES-1-768x512.jpg",768,512,true],"large":["https:\/\/www.uartes.edu.ec\/sitio\/wp-content\/uploads\/2025\/06\/07-INAUGURACION-NYN-EN-LAS-ARTES-1-644x429.jpg",644,429,true],"1536x1536":["https:\/\/www.uartes.edu.ec\/sitio\/wp-content\/uploads\/2025\/06\/07-INAUGURACION-NYN-EN-LAS-ARTES-1-1536x1024.jpg",1536,1024,true],"2048x2048":["https:\/\/www.uartes.edu.ec\/sitio\/wp-content\/uploads\/2025\/06\/07-INAUGURACION-NYN-EN-LAS-ARTES-1.jpg",2000,1333,false],"trp-custom-language-flag":["https:\/\/www.uartes.edu.ec\/sitio\/wp-content\/uploads\/2025\/06\/07-INAUGURACION-NYN-EN-LAS-ARTES-1-18x12.jpg",18,12,true],"htmega_size_585x295":["https:\/\/www.uartes.edu.ec\/sitio\/wp-content\/uploads\/2025\/06\/07-INAUGURACION-NYN-EN-LAS-ARTES-1-585x295.jpg",585,295,true],"htmega_size_1170x536":["https:\/\/www.uartes.edu.ec\/sitio\/wp-content\/uploads\/2025\/06\/07-INAUGURACION-NYN-EN-LAS-ARTES-1-1170x536.jpg",1170,536,true],"htmega_size_396x360":["https:\/\/www.uartes.edu.ec\/sitio\/wp-content\/uploads\/2025\/06\/07-INAUGURACION-NYN-EN-LAS-ARTES-1-396x360.jpg",396,360,true],"gb-block-post-grid-landscape":["https:\/\/www.uartes.edu.ec\/sitio\/wp-content\/uploads\/2025\/06\/07-INAUGURACION-NYN-EN-LAS-ARTES-1-600x400.jpg",600,400,true],"gb-block-post-grid-square":["https:\/\/www.uartes.edu.ec\/sitio\/wp-content\/uploads\/2025\/06\/07-INAUGURACION-NYN-EN-LAS-ARTES-1-600x600.jpg",600,600,true],"university-hub-thumb":["https:\/\/www.uartes.edu.ec\/sitio\/wp-content\/uploads\/2025\/06\/07-INAUGURACION-NYN-EN-LAS-ARTES-1-400x267.jpg",400,267,true]},"uagb_author_info":{"display_name":"ccortez","author_link":"https:\/\/www.uartes.edu.ec\/sitio\/blog\/author\/ccortez\/"},"uagb_comment_info":0,"uagb_excerpt":"El Encuentro de Ni\u00f1as &amp; Ni\u00f1os en las Artes lleg\u00f3 este a\u00f1o a su VI edici\u00f3n. Se inaugur\u00f3 ayer en la Sala R\u00eda de la Biblioteca de las Artes, marcando el inicio de tres d\u00edas de actividades l\u00fadicas, did\u00e1cticas, de mediaci\u00f3n lectora, lectura teatralizada, recorridos y talleres. En el acto inaugural, la UArtes firm\u00f3 un&hellip;","featured_image_src":"https:\/\/www.uartes.edu.ec\/sitio\/wp-content\/uploads\/2025\/06\/07-INAUGURACION-NYN-EN-LAS-ARTES-1-600x400.jpg","featured_image_src_square":"https:\/\/www.uartes.edu.ec\/sitio\/wp-content\/uploads\/2025\/06\/07-INAUGURACION-NYN-EN-LAS-ARTES-1-600x600.jpg","author_info":{"display_name":"ccortez","author_link":"https:\/\/www.uartes.edu.ec\/sitio\/blog\/author\/ccortez\/"},"publishpress_future_workflow_manual_trigger":{"enabledWorkflows":[]},"distributor_meta":false,"distributor_terms":false,"distributor_media":false,"distributor_original_site_name":"Universidad de las Artes","distributor_original_site_url":"https:\/\/www.uartes.edu.ec\/sitio","push-errors":false,"_links":{"self":[{"href":"https:\/\/www.uartes.edu.ec\/sitio\/wp-json\/wp\/v2\/posts\/73159","targetHints":{"allow":["GET"]}}],"collection":[{"href":"https:\/\/www.uartes.edu.ec\/sitio\/wp-json\/wp\/v2\/posts"}],"about":[{"href":"https:\/\/www.uartes.edu.ec\/sitio\/wp-json\/wp\/v2\/types\/post"}],"author":[{"embeddable":true,"href":"https:\/\/www.uartes.edu.ec\/sitio\/wp-json\/wp\/v2\/users\/10"}],"replies":[{"embeddable":true,"href":"https:\/\/www.uartes.edu.ec\/sitio\/wp-json\/wp\/v2\/comments?post=73159"}],"version-history":[{"count":5,"href":"https:\/\/www.uartes.edu.ec\/sitio\/wp-json\/wp\/v2\/posts\/73159\/revisions"}],"predecessor-version":[{"id":77505,"href":"https:\/\/www.uartes.edu.ec\/sitio\/wp-json\/wp\/v2\/posts\/73159\/revisions\/77505"}],"wp:featuredmedia":[{"embeddable":true,"href":"https:\/\/www.uartes.edu.ec\/sitio\/wp-json\/wp\/v2\/media\/73160"}],"wp:attachment":[{"href":"https:\/\/www.uartes.edu.ec\/sitio\/wp-json\/wp\/v2\/media?parent=73159"}],"wp:term":[{"taxonomy":"category","embeddable":true,"href":"https:\/\/www.uartes.edu.ec\/sitio\/wp-json\/wp\/v2\/categories?post=73159"},{"taxonomy":"post_tag","embeddable":true,"href":"https:\/\/www.uartes.edu.ec\/sitio\/wp-json\/wp\/v2\/tags?post=73159"},{"taxonomy":"infouartes","embeddable":true,"href":"https:\/\/www.uartes.edu.ec\/sitio\/wp-json\/wp\/v2\/infouartes?post=73159"}],"curies":[{"name":"wp","href":"https:\/\/api.w.org\/{rel}","templated":true}]}}