{"id":73184,"date":"2025-06-06T15:26:00","date_gmt":"2025-06-06T20:26:00","guid":{"rendered":"https:\/\/www.uartes.edu.ec\/sitio\/?p=73184"},"modified":"2025-06-25T14:59:03","modified_gmt":"2025-06-25T19:59:03","slug":"alumni-y-estudiantes-uartes-en-concurso-nuevos-coreografos-de-fragmentos-de-junio-festival-internacional-de-danza-se-inaugurara-manana","status":"publish","type":"post","link":"https:\/\/www.uartes.edu.ec\/sitio\/blog\/2025\/06\/06\/alumni-y-estudiantes-uartes-en-concurso-nuevos-coreografos-de-fragmentos-de-junio-festival-internacional-de-danza-se-inaugurara-manana\/","title":{"rendered":"UArtes, presente en concurso Nuevos Core\u00f3grafos de Fragmentos de Junio"},"content":{"rendered":"\n<p>Su inauguraci\u00f3n ser\u00e1 ma\u00f1ana, s\u00e1bado 7 de junio, en Teatro Casa Zona Escena, pero ni bien inici\u00f3 el presente mes se viene registrando en Guayaquil el ambiente celebratorio que a\u00f1o a a\u00f1o se genera en torno al Festival Internacional de Danza Fragmentos de Junio.<\/p>\n\n\n\n<p>En este 2025, la cita organizada por Corporaci\u00f3n Zona Escena llega a su XXIII edici\u00f3n y hasta el s\u00e1bado 28 de junio brindar\u00e1 una muestra nacional e internacional, funciones de cine y video danza, encuentros de networking y el concurso Nuevos Core\u00f3grafos. Tendr\u00e1, adem\u00e1s, su primer Mercado Internacional de Danza, un espacio clave para proyectar la danza ecuatoriana hacia el mundo y generar conexiones con programadores internacionales.<\/p>\n\n\n\n<p>Guayaquil se convertir\u00e1 en sede de la danza, anota Jorge Parra Land\u00e1zuri, director de la cita. El reconocido y experimentado bailar\u00edn y core\u00f3grafo recuerda que el festival surgi\u00f3 de manera espont\u00e1nea en 1993 y que diez a\u00f1os despu\u00e9s, en 2003, \u201cdecidimos que la danza necesitaba un espacio de difusi\u00f3n, gesti\u00f3n y confrontaci\u00f3n propio, que genere discusiones, procesos cr\u00edticos, intercambio de saberes, y que la ciudad pueda ver tambi\u00e9n la danza del mundo\u201d.<\/p>\n\n\n\n<p>Las ediciones anuales arrancaron justamente en 2003, dando lugar a la estructura del encuentro hasta la actualidad. En este a\u00f1o, junto con Ecuador, en los talleres, residencias, conferencias, charlas, master class y presentaciones intervendr\u00e1n artistas de Suiza, Colombia, Brasil, Espa\u00f1a, Rep\u00fablica Dominicana, Cuba M\u00e9xico, Francia y Chile.<\/p>\n\n\n<div class=\"wp-block-image\">\n<figure class=\"aligncenter size-large\"><img fetchpriority=\"high\" decoding=\"async\" width=\"644\" height=\"429\" src=\"https:\/\/www.uartes.edu.ec\/sitio\/wp-content\/uploads\/2025\/06\/Proyecto-Cambiar-tamano-de-imagen-2025-06-06T121525.479-644x429.jpeg\" alt=\"\" class=\"wp-image-73186\" srcset=\"https:\/\/www.uartes.edu.ec\/sitio\/wp-content\/uploads\/2025\/06\/Proyecto-Cambiar-tamano-de-imagen-2025-06-06T121525.479-644x429.jpeg 644w, https:\/\/www.uartes.edu.ec\/sitio\/wp-content\/uploads\/2025\/06\/Proyecto-Cambiar-tamano-de-imagen-2025-06-06T121525.479-300x200.jpeg 300w, https:\/\/www.uartes.edu.ec\/sitio\/wp-content\/uploads\/2025\/06\/Proyecto-Cambiar-tamano-de-imagen-2025-06-06T121525.479-768x512.jpeg 768w, https:\/\/www.uartes.edu.ec\/sitio\/wp-content\/uploads\/2025\/06\/Proyecto-Cambiar-tamano-de-imagen-2025-06-06T121525.479-1536x1024.jpeg 1536w, https:\/\/www.uartes.edu.ec\/sitio\/wp-content\/uploads\/2025\/06\/Proyecto-Cambiar-tamano-de-imagen-2025-06-06T121525.479-18x12.jpeg 18w, https:\/\/www.uartes.edu.ec\/sitio\/wp-content\/uploads\/2025\/06\/Proyecto-Cambiar-tamano-de-imagen-2025-06-06T121525.479-600x400.jpeg 600w, https:\/\/www.uartes.edu.ec\/sitio\/wp-content\/uploads\/2025\/06\/Proyecto-Cambiar-tamano-de-imagen-2025-06-06T121525.479-400x267.jpeg 400w, https:\/\/www.uartes.edu.ec\/sitio\/wp-content\/uploads\/2025\/06\/Proyecto-Cambiar-tamano-de-imagen-2025-06-06T121525.479.jpeg 2000w\" sizes=\"(max-width: 644px) 100vw, 644px\" \/><\/figure>\n<\/div>\n\n\n<p>La \u00faltima edici\u00f3n \u201ca lo grande\u201d de Fragmentos de Junio fue en 2019, debido a la pandemia del COVID-19, y este 2025 regresa totalmente, pues del 2021 al 2024 se realiz\u00f3 con menos actividades y sin presupuesto; para este a\u00f1o recibi\u00f3 el apoyo de Iberescena, una plataforma iberoamericana que colabora con las artes esc\u00e9nicas.<\/p>\n\n\n\n<p>De la programaci\u00f3n, Parra destaca, entre otros, eventos como el \u201cFlashmob de Danza\u201d en el Malec\u00f3n 2000 \u2013el 15 de junio\u2013, a cargo de la carrera de Danza de la Universidad de las Artes. Los estudiantes y graduados tienen una participaci\u00f3n activa en el festival, agrega, mencionando el concurso nacional Nuevos Core\u00f3grafos, una plataforma de difusi\u00f3n y promoci\u00f3n de creaciones propias.<\/p>\n\n\n\n<p>A la convocatoria se presentaron varias propuestas, de las cuales seis fueron seleccionadas. La final ser\u00e1 el 16 de junio, a partir de las 18:00, en la Casa Teatro Zona Escena (calle Imbabura, intersecci\u00f3n con calle Panam\u00e1).<\/p>\n\n\n\n<p>Bajo la direcci\u00f3n de Dom\u00e9nica Alc\u00edvar, con la tutor\u00eda de la docente Lorena Delgado y teniendo como int\u00e9rpretes-creadores a Laising Ching, G\u00e9nesis Fonseca, Cristhian Loor, Mauricio Bomb\u00f3n y a la misma Alc\u00edvar, se presentar\u00e1 \u201cRet\u00f3ricas del Transe\u00fante\u201d, la cual indaga las maneras en la que los cuerpos generan formas de habitar la cotidianidad de la ciudad. Esta puesta esc\u00e9nica se interesa en aquellos principios corporales y sensomotores que atraviesan a sus int\u00e9rpretes para desplazarse al cotidiano y regresar a la composici\u00f3n esc\u00e9nica; se reflexiona c\u00f3mo se entreteje el movimiento de sus cuerpos dentro del tr\u00e1nsito constante de la ciudad como una consecuencia de la convergencia entre los marcos del cotidiano y la danza. La m\u00fasica corre a cargo de Mauricio Bomb\u00f3n y el dise\u00f1o lum\u00ednico de Otty Palma.<\/p>\n\n\n<div class=\"wp-block-image\">\n<figure class=\"aligncenter size-large\"><img decoding=\"async\" width=\"644\" height=\"429\" src=\"https:\/\/www.uartes.edu.ec\/sitio\/wp-content\/uploads\/2025\/06\/Proyecto-Cambiar-tamano-de-imagen-2025-06-06T164601.614-644x429.jpeg\" alt=\"\" class=\"wp-image-73187\" srcset=\"https:\/\/www.uartes.edu.ec\/sitio\/wp-content\/uploads\/2025\/06\/Proyecto-Cambiar-tamano-de-imagen-2025-06-06T164601.614-644x429.jpeg 644w, https:\/\/www.uartes.edu.ec\/sitio\/wp-content\/uploads\/2025\/06\/Proyecto-Cambiar-tamano-de-imagen-2025-06-06T164601.614-300x200.jpeg 300w, https:\/\/www.uartes.edu.ec\/sitio\/wp-content\/uploads\/2025\/06\/Proyecto-Cambiar-tamano-de-imagen-2025-06-06T164601.614-768x512.jpeg 768w, https:\/\/www.uartes.edu.ec\/sitio\/wp-content\/uploads\/2025\/06\/Proyecto-Cambiar-tamano-de-imagen-2025-06-06T164601.614-1536x1024.jpeg 1536w, https:\/\/www.uartes.edu.ec\/sitio\/wp-content\/uploads\/2025\/06\/Proyecto-Cambiar-tamano-de-imagen-2025-06-06T164601.614-18x12.jpeg 18w, https:\/\/www.uartes.edu.ec\/sitio\/wp-content\/uploads\/2025\/06\/Proyecto-Cambiar-tamano-de-imagen-2025-06-06T164601.614-600x400.jpeg 600w, https:\/\/www.uartes.edu.ec\/sitio\/wp-content\/uploads\/2025\/06\/Proyecto-Cambiar-tamano-de-imagen-2025-06-06T164601.614-400x267.jpeg 400w, https:\/\/www.uartes.edu.ec\/sitio\/wp-content\/uploads\/2025\/06\/Proyecto-Cambiar-tamano-de-imagen-2025-06-06T164601.614.jpeg 2000w\" sizes=\"(max-width: 644px) 100vw, 644px\" \/><\/figure>\n<\/div>\n\n<div class=\"wp-block-image\">\n<figure class=\"aligncenter size-large is-resized\"><img decoding=\"async\" width=\"644\" height=\"429\" src=\"https:\/\/www.uartes.edu.ec\/sitio\/wp-content\/uploads\/2025\/06\/Proyecto-Cambiar-tamano-de-imagen-2025-06-06T164844.908-644x429.jpeg\" alt=\"\" class=\"wp-image-73188\" style=\"aspect-ratio:1.5011770748619613;width:480px;height:auto\" srcset=\"https:\/\/www.uartes.edu.ec\/sitio\/wp-content\/uploads\/2025\/06\/Proyecto-Cambiar-tamano-de-imagen-2025-06-06T164844.908-644x429.jpeg 644w, https:\/\/www.uartes.edu.ec\/sitio\/wp-content\/uploads\/2025\/06\/Proyecto-Cambiar-tamano-de-imagen-2025-06-06T164844.908-300x200.jpeg 300w, https:\/\/www.uartes.edu.ec\/sitio\/wp-content\/uploads\/2025\/06\/Proyecto-Cambiar-tamano-de-imagen-2025-06-06T164844.908-768x512.jpeg 768w, https:\/\/www.uartes.edu.ec\/sitio\/wp-content\/uploads\/2025\/06\/Proyecto-Cambiar-tamano-de-imagen-2025-06-06T164844.908-1536x1024.jpeg 1536w, https:\/\/www.uartes.edu.ec\/sitio\/wp-content\/uploads\/2025\/06\/Proyecto-Cambiar-tamano-de-imagen-2025-06-06T164844.908-18x12.jpeg 18w, https:\/\/www.uartes.edu.ec\/sitio\/wp-content\/uploads\/2025\/06\/Proyecto-Cambiar-tamano-de-imagen-2025-06-06T164844.908-600x400.jpeg 600w, https:\/\/www.uartes.edu.ec\/sitio\/wp-content\/uploads\/2025\/06\/Proyecto-Cambiar-tamano-de-imagen-2025-06-06T164844.908-400x267.jpeg 400w, https:\/\/www.uartes.edu.ec\/sitio\/wp-content\/uploads\/2025\/06\/Proyecto-Cambiar-tamano-de-imagen-2025-06-06T164844.908.jpeg 2000w\" sizes=\"(max-width: 644px) 100vw, 644px\" \/><\/figure>\n<\/div>\n\n\n<p>Alc\u00edvar es bailarina de danza contempor\u00e1nea y artista independiente cuya trayectoria inici\u00f3 en 2015 cuando se uni\u00f3 al Ballet Andino Intyguayas. Es alumnus de la carrera de Danza de la UArtes, itinerario Int\u00e9rprete\/Creador.<\/p>\n\n\n\n<p>Con la direcci\u00f3n y coreograf\u00eda de Michael Santana, en el certamen se presentar\u00e1 \u201cA una lengua\u201d, la cual, indica, surgi\u00f3 de un laboratorio de creaci\u00f3n el a\u00f1o pasado. \u201cLo grotesco es el coraz\u00f3n de esta obra. Trabajamos con cuerpos que se deforman, voces que se quiebran y gestos que buscan incomodar. No es solo una est\u00e9tica, sino una forma de hablar de las heridas de nuestro pa\u00eds: el mestizaje forzado, las historias silenciadas y las identidades rotas\u201d.<\/p>\n\n\n\n<p>Santana a\u00f1ade que el elenco lo conforman bailarines con mucha experiencia en danza andina, lo cual le da una base poderosa a la obra: Linda Arce, Eunice Sagnay y Mateo Vilca Guano. En el dise\u00f1o sonoro interviene Ezequiel V\u00e9liz; cr\u00e9ditos musicales, Alan Poma, Fujita Yosuke y Luigi Sotres; dise\u00f1o de luces, Otty Palma; t\u00e9cnico de sonido, Miguel Soria; maquillaje, Maya Astudillo; material audiovisual, Linda Arce; fotograf\u00edas: David Grijalva y David Oviedo<\/p>\n\n\n<div class=\"wp-block-image\">\n<figure class=\"aligncenter size-large\"><img loading=\"lazy\" decoding=\"async\" width=\"644\" height=\"429\" src=\"https:\/\/www.uartes.edu.ec\/sitio\/wp-content\/uploads\/2025\/06\/Proyecto-Cambiar-tamano-de-imagen-2025-06-06T163334.657-644x429.jpeg\" alt=\"\" class=\"wp-image-73259\" srcset=\"https:\/\/www.uartes.edu.ec\/sitio\/wp-content\/uploads\/2025\/06\/Proyecto-Cambiar-tamano-de-imagen-2025-06-06T163334.657-644x429.jpeg 644w, https:\/\/www.uartes.edu.ec\/sitio\/wp-content\/uploads\/2025\/06\/Proyecto-Cambiar-tamano-de-imagen-2025-06-06T163334.657-300x200.jpeg 300w, https:\/\/www.uartes.edu.ec\/sitio\/wp-content\/uploads\/2025\/06\/Proyecto-Cambiar-tamano-de-imagen-2025-06-06T163334.657-768x512.jpeg 768w, https:\/\/www.uartes.edu.ec\/sitio\/wp-content\/uploads\/2025\/06\/Proyecto-Cambiar-tamano-de-imagen-2025-06-06T163334.657-1536x1024.jpeg 1536w, https:\/\/www.uartes.edu.ec\/sitio\/wp-content\/uploads\/2025\/06\/Proyecto-Cambiar-tamano-de-imagen-2025-06-06T163334.657-18x12.jpeg 18w, https:\/\/www.uartes.edu.ec\/sitio\/wp-content\/uploads\/2025\/06\/Proyecto-Cambiar-tamano-de-imagen-2025-06-06T163334.657-600x400.jpeg 600w, https:\/\/www.uartes.edu.ec\/sitio\/wp-content\/uploads\/2025\/06\/Proyecto-Cambiar-tamano-de-imagen-2025-06-06T163334.657-400x267.jpeg 400w, https:\/\/www.uartes.edu.ec\/sitio\/wp-content\/uploads\/2025\/06\/Proyecto-Cambiar-tamano-de-imagen-2025-06-06T163334.657.jpeg 2000w\" sizes=\"(max-width: 644px) 100vw, 644px\" \/><\/figure>\n<\/div>\n\n<div class=\"wp-block-image\">\n<figure class=\"aligncenter size-large is-resized\"><img loading=\"lazy\" decoding=\"async\" width=\"644\" height=\"429\" src=\"https:\/\/www.uartes.edu.ec\/sitio\/wp-content\/uploads\/2025\/06\/Proyecto-Cambiar-tamano-de-imagen-2025-06-06T162701.865-644x429.jpeg\" alt=\"\" class=\"wp-image-73189\" style=\"width:476px;height:auto\" srcset=\"https:\/\/www.uartes.edu.ec\/sitio\/wp-content\/uploads\/2025\/06\/Proyecto-Cambiar-tamano-de-imagen-2025-06-06T162701.865-644x429.jpeg 644w, https:\/\/www.uartes.edu.ec\/sitio\/wp-content\/uploads\/2025\/06\/Proyecto-Cambiar-tamano-de-imagen-2025-06-06T162701.865-300x200.jpeg 300w, https:\/\/www.uartes.edu.ec\/sitio\/wp-content\/uploads\/2025\/06\/Proyecto-Cambiar-tamano-de-imagen-2025-06-06T162701.865-768x512.jpeg 768w, https:\/\/www.uartes.edu.ec\/sitio\/wp-content\/uploads\/2025\/06\/Proyecto-Cambiar-tamano-de-imagen-2025-06-06T162701.865-1536x1024.jpeg 1536w, https:\/\/www.uartes.edu.ec\/sitio\/wp-content\/uploads\/2025\/06\/Proyecto-Cambiar-tamano-de-imagen-2025-06-06T162701.865-18x12.jpeg 18w, https:\/\/www.uartes.edu.ec\/sitio\/wp-content\/uploads\/2025\/06\/Proyecto-Cambiar-tamano-de-imagen-2025-06-06T162701.865-600x400.jpeg 600w, https:\/\/www.uartes.edu.ec\/sitio\/wp-content\/uploads\/2025\/06\/Proyecto-Cambiar-tamano-de-imagen-2025-06-06T162701.865-400x267.jpeg 400w, https:\/\/www.uartes.edu.ec\/sitio\/wp-content\/uploads\/2025\/06\/Proyecto-Cambiar-tamano-de-imagen-2025-06-06T162701.865.jpeg 2000w\" sizes=\"(max-width: 644px) 100vw, 644px\" \/><\/figure>\n<\/div>\n\n\n<p>Michael Santana es licenciado en Literatura y ahora estudiante del s\u00e9ptimo semestre de la carrera de Danza en la UArtes. Su trabajo explora los cruces entre poes\u00eda, dramaturgia y movimiento, entendiendo la escena no como narraci\u00f3n, sino como campo de fuerzas donde lo pol\u00edtico, lo textual y lo corporal se tensionan.<\/p>\n\n\n\n<p>Dirigida por Cristhian Loor, musicalizada por Mauricio Bomb\u00f3n y teniendo como int\u00e9rpretes a Bladimir Malaver y Efr\u00e9n Roque, en Nuevos Core\u00f3grafos concursar\u00e1 tambi\u00e9n \u201c5&#215;25 ctvos\u201d, una danza contempor\u00e1nea de formato corto (dura 10 minutos) que nace a lo largo de la asignatura de Laboratorio de Creaci\u00f3n, impartida por el docente \u00d3scar Santana.<\/p>\n\n\n\n<p>\u201cEn el laboratorio de lo absurdo, donde cada movimiento es un experimento y cada gesto, un misterio \u00bfa qu\u00e9 sabr\u00e1 un caramelo?\u201d, Christian Loor, su director, responde que esta pieza surge de una exploraci\u00f3n de un conflicto en torno a un caramelo. \u201cLa idea vino a m\u00ed un d\u00eda cualquiera, cuando estaba con mi sobrina peque\u00f1a comiendo dulces y solo quedaba uno, lo que desencaden\u00f3 una interacci\u00f3n graciosa que me gener\u00f3 apetito creativo. A partir de ese momento, se construy\u00f3 un imaginario que permiti\u00f3 establecer el universo en el que ocurre la coreograf\u00eda: un laboratorio dirigido por un cient\u00edfico adicto a los dulces, que realiza pruebas y errores constantes con sus dos creaciones. De este modo, los dulces se convierten en los elementos que desencadenan los movimientos y las situaciones de la pieza\u201d. La fotograf\u00eda de \u201c5&#215;25 ctvos\u201d es de David Grijalva.<\/p>\n\n\n<div class=\"wp-block-image\">\n<figure class=\"aligncenter size-large is-resized\"><img loading=\"lazy\" decoding=\"async\" width=\"644\" height=\"429\" src=\"https:\/\/www.uartes.edu.ec\/sitio\/wp-content\/uploads\/2025\/06\/Proyecto-Cambiar-tamano-de-imagen-2025-06-09T131425.402-644x429.jpeg\" alt=\"\" class=\"wp-image-73256\" style=\"width:546px;height:auto\" srcset=\"https:\/\/www.uartes.edu.ec\/sitio\/wp-content\/uploads\/2025\/06\/Proyecto-Cambiar-tamano-de-imagen-2025-06-09T131425.402-644x429.jpeg 644w, https:\/\/www.uartes.edu.ec\/sitio\/wp-content\/uploads\/2025\/06\/Proyecto-Cambiar-tamano-de-imagen-2025-06-09T131425.402-300x200.jpeg 300w, https:\/\/www.uartes.edu.ec\/sitio\/wp-content\/uploads\/2025\/06\/Proyecto-Cambiar-tamano-de-imagen-2025-06-09T131425.402-768x512.jpeg 768w, https:\/\/www.uartes.edu.ec\/sitio\/wp-content\/uploads\/2025\/06\/Proyecto-Cambiar-tamano-de-imagen-2025-06-09T131425.402-1536x1024.jpeg 1536w, https:\/\/www.uartes.edu.ec\/sitio\/wp-content\/uploads\/2025\/06\/Proyecto-Cambiar-tamano-de-imagen-2025-06-09T131425.402-18x12.jpeg 18w, https:\/\/www.uartes.edu.ec\/sitio\/wp-content\/uploads\/2025\/06\/Proyecto-Cambiar-tamano-de-imagen-2025-06-09T131425.402-600x400.jpeg 600w, https:\/\/www.uartes.edu.ec\/sitio\/wp-content\/uploads\/2025\/06\/Proyecto-Cambiar-tamano-de-imagen-2025-06-09T131425.402-400x267.jpeg 400w, https:\/\/www.uartes.edu.ec\/sitio\/wp-content\/uploads\/2025\/06\/Proyecto-Cambiar-tamano-de-imagen-2025-06-09T131425.402.jpeg 2000w\" sizes=\"(max-width: 644px) 100vw, 644px\" \/><\/figure>\n<\/div>\n\n\n<p>\u201cAl que madruga Dios le ayuda\u201d. Es la pieza coreogr\u00e1fica que dirige Laising Ching, bailarina de danza contempor\u00e1nea y ballet que cursa estudios la Escuela de Artes Esc\u00e9nicas de la UArtes. Junto con ella intervienen como int\u00e9rpretes-creadores Milena Sol\u00eds, quien tambi\u00e9n asumi\u00f3 la sonoridad de la obra; Cristhian Loor y G\u00e9nesis Fonseca; en las luces, Jorge Alcoser. La danza deviene grieta, all\u00ed donde todo parece estar en su sitio algo tiembla, indica parte de la sinopsis de la propuesta, concebida como el murmullo del cuerpo que despierta en la rutina.<\/p>\n\n\n\n<p>Laising Ching ha participado en obras tesinas, como \u201cRet\u00f3ricas de un transe\u00fante\u201d de Dom\u00e9nica Alc\u00edvar, \u201cAs\u00ed de uno en otro y de otro en otro\u201d de Emilia Burgos y \u201cConjuras de la Umi\u00f1a\u201d de Darla Alarc\u00f3n.<\/p>\n\n\n\n<p>Como una obra de danza contempor\u00e1nea protagonizada por cuatro personajes que encarnan los elementos de la naturaleza a trav\u00e9s de la po\u00e9tica del movimiento. As\u00ed se postul\u00f3 \u201cIRNI\u201d, la pieza que dirigida por la graduada Nadia Shupingahua consta entre las seleccionadas al concurso Nuevos Core\u00f3grafos. Son sus int\u00e9rpretes Cristhian Loor, Dagmar Naranjo, Ximena Pacheco y Joao Robayo. El dise\u00f1o de vestuario es de Mar\u00eda Aspiazu; la m\u00fasica, de Mauricio Bomb\u00f3n; y la fotograf\u00eda de Alan Yagual.<\/p>\n\n\n\n<p>&#8220;IRNI, obra estrenada hace un a\u00f1o, ha sido una experiencia profundamente gratificante. Volver a habitar este trabajo coreogr\u00e1fico me ha llenado de alegr\u00eda, pero tambi\u00e9n me enfrenta a un nuevo y emocionante desaf\u00edo: llevarla a un nuevo nivel, que est\u00e9 a la altura del concurso Nuevos Core\u00f3grafos, en el prestigioso Fragmentos de Junio&#8221;, comenta Shupingahua. De los int\u00e9rpretes creadores que intervienen, a\u00f1ade que, como ella, algunos ya se graduaron y otros est\u00e1n en proceso de titulaci\u00f3n. &#8220;Para mi es un gran privilegio contar con tan potentes bailarines, ya que, al igual que hace un a\u00f1o, han tenido un rol extraordinario, siento que el concurso ha siso una muy buena excusa para juntarnos y trabajar de nuevo en equipo. Me siento muy agradecida por el espacio generado para nosotros los artistas emergentes en este Festival de Danza; su concurso nos ayuda a experimentar la danza con m\u00e1s entrega y responsabilidad y visibiliza en la escena local&#8221;. <\/p>\n\n\n<div class=\"wp-block-image\">\n<figure class=\"aligncenter size-large\"><img loading=\"lazy\" decoding=\"async\" width=\"644\" height=\"429\" src=\"https:\/\/www.uartes.edu.ec\/sitio\/wp-content\/uploads\/2025\/06\/Proyecto-Cambiar-tamano-de-imagen-2025-06-09T131857.337-644x429.jpeg\" alt=\"\" class=\"wp-image-73258\" srcset=\"https:\/\/www.uartes.edu.ec\/sitio\/wp-content\/uploads\/2025\/06\/Proyecto-Cambiar-tamano-de-imagen-2025-06-09T131857.337-644x429.jpeg 644w, https:\/\/www.uartes.edu.ec\/sitio\/wp-content\/uploads\/2025\/06\/Proyecto-Cambiar-tamano-de-imagen-2025-06-09T131857.337-300x200.jpeg 300w, https:\/\/www.uartes.edu.ec\/sitio\/wp-content\/uploads\/2025\/06\/Proyecto-Cambiar-tamano-de-imagen-2025-06-09T131857.337-768x512.jpeg 768w, https:\/\/www.uartes.edu.ec\/sitio\/wp-content\/uploads\/2025\/06\/Proyecto-Cambiar-tamano-de-imagen-2025-06-09T131857.337-1536x1024.jpeg 1536w, https:\/\/www.uartes.edu.ec\/sitio\/wp-content\/uploads\/2025\/06\/Proyecto-Cambiar-tamano-de-imagen-2025-06-09T131857.337-18x12.jpeg 18w, https:\/\/www.uartes.edu.ec\/sitio\/wp-content\/uploads\/2025\/06\/Proyecto-Cambiar-tamano-de-imagen-2025-06-09T131857.337-600x400.jpeg 600w, https:\/\/www.uartes.edu.ec\/sitio\/wp-content\/uploads\/2025\/06\/Proyecto-Cambiar-tamano-de-imagen-2025-06-09T131857.337-400x267.jpeg 400w, https:\/\/www.uartes.edu.ec\/sitio\/wp-content\/uploads\/2025\/06\/Proyecto-Cambiar-tamano-de-imagen-2025-06-09T131857.337.jpeg 2000w\" sizes=\"(max-width: 644px) 100vw, 644px\" \/><\/figure>\n<\/div>\n\n<div class=\"wp-block-image\">\n<figure class=\"aligncenter size-large is-resized\"><img loading=\"lazy\" decoding=\"async\" width=\"644\" height=\"429\" src=\"https:\/\/www.uartes.edu.ec\/sitio\/wp-content\/uploads\/2025\/06\/Proyecto-Cambiar-tamano-de-imagen-2025-06-09T133926.518-644x429.jpeg\" alt=\"\" class=\"wp-image-73264\" style=\"width:476px;height:auto\" srcset=\"https:\/\/www.uartes.edu.ec\/sitio\/wp-content\/uploads\/2025\/06\/Proyecto-Cambiar-tamano-de-imagen-2025-06-09T133926.518-644x429.jpeg 644w, https:\/\/www.uartes.edu.ec\/sitio\/wp-content\/uploads\/2025\/06\/Proyecto-Cambiar-tamano-de-imagen-2025-06-09T133926.518-300x200.jpeg 300w, https:\/\/www.uartes.edu.ec\/sitio\/wp-content\/uploads\/2025\/06\/Proyecto-Cambiar-tamano-de-imagen-2025-06-09T133926.518-768x512.jpeg 768w, https:\/\/www.uartes.edu.ec\/sitio\/wp-content\/uploads\/2025\/06\/Proyecto-Cambiar-tamano-de-imagen-2025-06-09T133926.518-1536x1024.jpeg 1536w, https:\/\/www.uartes.edu.ec\/sitio\/wp-content\/uploads\/2025\/06\/Proyecto-Cambiar-tamano-de-imagen-2025-06-09T133926.518-18x12.jpeg 18w, https:\/\/www.uartes.edu.ec\/sitio\/wp-content\/uploads\/2025\/06\/Proyecto-Cambiar-tamano-de-imagen-2025-06-09T133926.518-600x400.jpeg 600w, https:\/\/www.uartes.edu.ec\/sitio\/wp-content\/uploads\/2025\/06\/Proyecto-Cambiar-tamano-de-imagen-2025-06-09T133926.518-400x267.jpeg 400w, https:\/\/www.uartes.edu.ec\/sitio\/wp-content\/uploads\/2025\/06\/Proyecto-Cambiar-tamano-de-imagen-2025-06-09T133926.518.jpeg 2000w\" sizes=\"(max-width: 644px) 100vw, 644px\" \/><\/figure>\n<\/div>\n\n\n<p>Shupingahua es tambi\u00e9n creadora de \u201cDanzando los candados\u201d, la cual junto con \u201cIRNI\u201d ha sido seleccionada a diversos festivales de Danza. En 2022 tambi\u00e9n tom\u00f3 parte en Fragmentos de Junio con \u201cTecladas\u201d, video-danza premiado con el tercer lugar en el festival.<\/p>\n\n\n\n<p>Con la direcci\u00f3n y coreograf\u00eda de Bladimir Malaver est\u00e1 tambi\u00e9n en concurso \u201cFauna urbana\u201d, una exploraci\u00f3n coreogr\u00e1fica que parte del cruce entre lo urbano y lo animal, descubriendo las semejanzas entre ambos mundos: el instinto, la adaptaci\u00f3n, la territorialidad y la b\u00fasqueda de refugio. Intervienen como int\u00e9rpretes: Kiara Hidalgo, Efr\u00e9n Roque, Michelle C\u00e1rdenas y Jomara Villamar; en su musicalizaci\u00f3n, Mauricio Bomb\u00f3n<\/p>\n\n\n\n<p>Bladimir Malaver es originario de Sarayaku, con estudios en la Escuela de Formaci\u00f3n Art\u00edstica Step Dance. Ha participado en competencias de Electro Dance en Ecuador, Colombia y Per\u00fa, y ha recibido talleres de danzas tropicales y urbanas, como hip hop, popping, dancehall, breaking y electro. Cursa el \u00faltimo semestre de Danza en la UArtes.<\/p>\n\n\n\n<p>Igualmente, como seleccionados del concurso Nuevos Core\u00f3grafos interviene el chileno-ecuatoriano David Arias, con la obra \u201cOtro cielo\u201d. \u00c9l es un bailar\u00edn cl\u00e1sico profesional, profesor de t\u00e9cnica cl\u00e1sica, int\u00e9rprete, core\u00f3grafo y productor. Y Evelyn Guachi, artista bailarina, creadora e investigadora, reci\u00e9n egresada de la Licenciatura en Danza Contempor\u00e1nea de la Universidad Central del Ecuador, con \u201cRefugio del alma\u201d.<\/p>\n","protected":false},"excerpt":{"rendered":"<p>Su inauguraci\u00f3n ser\u00e1 ma\u00f1ana, pero ni bien inici\u00f3 el mes se registra en Guayaquil el ambiente celebratorio que se genera en torno al Festival Internacional de Danza Fragmentos de Junio. La cita organizada por Corporaci\u00f3n Zona Escena llega a su XXIII edici\u00f3n y hasta el 28 de junio tendr\u00e1 actividades varias. Una de ellas es el concurso Nuevos Core\u00f3grafos, a cuya convocatoria respondieron estudiantes y alumni UArtes; seis propuestas fueron seleccionadas.<\/p>\n","protected":false},"author":10,"featured_media":73185,"comment_status":"open","ping_status":"open","sticky":false,"template":"","format":"standard","meta":{"_acf_changed":false,"_uag_custom_page_level_css":"","_monsterinsights_skip_tracking":false,"_monsterinsights_sitenote_active":false,"_monsterinsights_sitenote_note":"","_monsterinsights_sitenote_category":0,"cybocfi_hide_featured_image":"","footnotes":""},"categories":[490,82,159,76],"tags":[518],"infouartes":[],"class_list":["post-73184","post","type-post","status-publish","format-standard","has-post-thumbnail","hentry","category-alumni","category-artes","category-artes-escenicas","category-estudiantes","tag-produccion"],"acf":[],"yoast_head":"<!-- This site is optimized with the Yoast SEO plugin v27.4 - https:\/\/yoast.com\/product\/yoast-seo-wordpress\/ -->\n<title>Universidad de las Artes - UArtes, presente en concurso Nuevos Core\u00f3grafos de Fragmentos de Junio<\/title>\n<meta name=\"description\" content=\"Universidad de las Artes - UArtes, presente en concurso Nuevos Core\u00f3grafos de Fragmentos de Junio\" \/>\n<meta name=\"robots\" content=\"index, follow, max-snippet:-1, max-image-preview:large, max-video-preview:-1\" \/>\n<link rel=\"canonical\" href=\"https:\/\/www.uartes.edu.ec\/sitio\/blog\/2025\/06\/06\/alumni-y-estudiantes-uartes-en-concurso-nuevos-coreografos-de-fragmentos-de-junio-festival-internacional-de-danza-se-inaugurara-manana\/\" \/>\n<meta property=\"og:locale\" content=\"es_ES\" \/>\n<meta property=\"og:type\" content=\"article\" \/>\n<meta property=\"og:title\" content=\"Universidad de las Artes - UArtes, presente en concurso Nuevos Core\u00f3grafos de Fragmentos de Junio\" \/>\n<meta property=\"og:description\" content=\"Universidad de las Artes - UArtes, presente en concurso Nuevos Core\u00f3grafos de Fragmentos de Junio\" \/>\n<meta property=\"og:url\" content=\"https:\/\/www.uartes.edu.ec\/sitio\/blog\/2025\/06\/06\/alumni-y-estudiantes-uartes-en-concurso-nuevos-coreografos-de-fragmentos-de-junio-festival-internacional-de-danza-se-inaugurara-manana\/\" \/>\n<meta property=\"og:site_name\" content=\"Universidad de las Artes\" \/>\n<meta property=\"article:publisher\" content=\"https:\/\/www.facebook.com\/uartesec\" \/>\n<meta property=\"article:published_time\" content=\"2025-06-06T20:26:00+00:00\" \/>\n<meta property=\"article:modified_time\" content=\"2025-06-25T19:59:03+00:00\" \/>\n<meta property=\"og:image\" content=\"https:\/\/www.uartes.edu.ec\/sitio\/wp-content\/uploads\/2025\/06\/Proyecto-Cambiar-tamano-de-imagen-2025-06-06T164649.924.jpeg\" \/>\n\t<meta property=\"og:image:width\" content=\"2000\" \/>\n\t<meta property=\"og:image:height\" content=\"1333\" \/>\n\t<meta property=\"og:image:type\" content=\"image\/jpeg\" \/>\n<meta name=\"author\" content=\"ccortez\" \/>\n<meta name=\"twitter:card\" content=\"summary_large_image\" \/>\n<meta name=\"twitter:creator\" content=\"@uartesec\" \/>\n<meta name=\"twitter:site\" content=\"@uartesec\" \/>\n<meta name=\"twitter:label1\" content=\"Escrito por\" \/>\n\t<meta name=\"twitter:data1\" content=\"ccortez\" \/>\n\t<meta name=\"twitter:label2\" content=\"Tiempo de lectura\" \/>\n\t<meta name=\"twitter:data2\" content=\"8 minutos\" \/>\n<script type=\"application\/ld+json\" class=\"yoast-schema-graph\">{\"@context\":\"https:\\\/\\\/schema.org\",\"@graph\":[{\"@type\":\"Article\",\"@id\":\"https:\\\/\\\/www.uartes.edu.ec\\\/sitio\\\/blog\\\/2025\\\/06\\\/06\\\/alumni-y-estudiantes-uartes-en-concurso-nuevos-coreografos-de-fragmentos-de-junio-festival-internacional-de-danza-se-inaugurara-manana\\\/#article\",\"isPartOf\":{\"@id\":\"https:\\\/\\\/www.uartes.edu.ec\\\/sitio\\\/blog\\\/2025\\\/06\\\/06\\\/alumni-y-estudiantes-uartes-en-concurso-nuevos-coreografos-de-fragmentos-de-junio-festival-internacional-de-danza-se-inaugurara-manana\\\/\"},\"author\":{\"name\":\"ccortez\",\"@id\":\"https:\\\/\\\/www.uartes.edu.ec\\\/sitio\\\/#\\\/schema\\\/person\\\/efa1b8275797664fd7f13a79ccc0b1f4\"},\"headline\":\"UArtes, presente en concurso Nuevos Core\u00f3grafos de Fragmentos de Junio\",\"datePublished\":\"2025-06-06T20:26:00+00:00\",\"dateModified\":\"2025-06-25T19:59:03+00:00\",\"mainEntityOfPage\":{\"@id\":\"https:\\\/\\\/www.uartes.edu.ec\\\/sitio\\\/blog\\\/2025\\\/06\\\/06\\\/alumni-y-estudiantes-uartes-en-concurso-nuevos-coreografos-de-fragmentos-de-junio-festival-internacional-de-danza-se-inaugurara-manana\\\/\"},\"wordCount\":1652,\"commentCount\":0,\"publisher\":{\"@id\":\"https:\\\/\\\/www.uartes.edu.ec\\\/sitio\\\/#organization\"},\"image\":{\"@id\":\"https:\\\/\\\/www.uartes.edu.ec\\\/sitio\\\/blog\\\/2025\\\/06\\\/06\\\/alumni-y-estudiantes-uartes-en-concurso-nuevos-coreografos-de-fragmentos-de-junio-festival-internacional-de-danza-se-inaugurara-manana\\\/#primaryimage\"},\"thumbnailUrl\":\"https:\\\/\\\/www.uartes.edu.ec\\\/sitio\\\/wp-content\\\/uploads\\\/2025\\\/06\\\/Proyecto-Cambiar-tamano-de-imagen-2025-06-06T164649.924.jpeg\",\"keywords\":[\"producci\u00f3n\"],\"articleSection\":[\"Alumni\",\"Artes\",\"Artes Esc\u00e9nicas\",\"Estudiantes\"],\"inLanguage\":\"es\",\"potentialAction\":[{\"@type\":\"CommentAction\",\"name\":\"Comment\",\"target\":[\"https:\\\/\\\/www.uartes.edu.ec\\\/sitio\\\/blog\\\/2025\\\/06\\\/06\\\/alumni-y-estudiantes-uartes-en-concurso-nuevos-coreografos-de-fragmentos-de-junio-festival-internacional-de-danza-se-inaugurara-manana\\\/#respond\"]}]},{\"@type\":[\"WebPage\",\"ItemPage\"],\"@id\":\"https:\\\/\\\/www.uartes.edu.ec\\\/sitio\\\/blog\\\/2025\\\/06\\\/06\\\/alumni-y-estudiantes-uartes-en-concurso-nuevos-coreografos-de-fragmentos-de-junio-festival-internacional-de-danza-se-inaugurara-manana\\\/\",\"url\":\"https:\\\/\\\/www.uartes.edu.ec\\\/sitio\\\/blog\\\/2025\\\/06\\\/06\\\/alumni-y-estudiantes-uartes-en-concurso-nuevos-coreografos-de-fragmentos-de-junio-festival-internacional-de-danza-se-inaugurara-manana\\\/\",\"name\":\"Universidad de las Artes - UArtes, presente en concurso Nuevos Core\u00f3grafos de Fragmentos de Junio\",\"isPartOf\":{\"@id\":\"https:\\\/\\\/www.uartes.edu.ec\\\/sitio\\\/#website\"},\"primaryImageOfPage\":{\"@id\":\"https:\\\/\\\/www.uartes.edu.ec\\\/sitio\\\/blog\\\/2025\\\/06\\\/06\\\/alumni-y-estudiantes-uartes-en-concurso-nuevos-coreografos-de-fragmentos-de-junio-festival-internacional-de-danza-se-inaugurara-manana\\\/#primaryimage\"},\"image\":{\"@id\":\"https:\\\/\\\/www.uartes.edu.ec\\\/sitio\\\/blog\\\/2025\\\/06\\\/06\\\/alumni-y-estudiantes-uartes-en-concurso-nuevos-coreografos-de-fragmentos-de-junio-festival-internacional-de-danza-se-inaugurara-manana\\\/#primaryimage\"},\"thumbnailUrl\":\"https:\\\/\\\/www.uartes.edu.ec\\\/sitio\\\/wp-content\\\/uploads\\\/2025\\\/06\\\/Proyecto-Cambiar-tamano-de-imagen-2025-06-06T164649.924.jpeg\",\"datePublished\":\"2025-06-06T20:26:00+00:00\",\"dateModified\":\"2025-06-25T19:59:03+00:00\",\"description\":\"Universidad de las Artes - UArtes, presente en concurso Nuevos Core\u00f3grafos de Fragmentos de Junio\",\"breadcrumb\":{\"@id\":\"https:\\\/\\\/www.uartes.edu.ec\\\/sitio\\\/blog\\\/2025\\\/06\\\/06\\\/alumni-y-estudiantes-uartes-en-concurso-nuevos-coreografos-de-fragmentos-de-junio-festival-internacional-de-danza-se-inaugurara-manana\\\/#breadcrumb\"},\"inLanguage\":\"es\",\"potentialAction\":[{\"@type\":\"ReadAction\",\"target\":[\"https:\\\/\\\/www.uartes.edu.ec\\\/sitio\\\/blog\\\/2025\\\/06\\\/06\\\/alumni-y-estudiantes-uartes-en-concurso-nuevos-coreografos-de-fragmentos-de-junio-festival-internacional-de-danza-se-inaugurara-manana\\\/\"]}]},{\"@type\":\"ImageObject\",\"inLanguage\":\"es\",\"@id\":\"https:\\\/\\\/www.uartes.edu.ec\\\/sitio\\\/blog\\\/2025\\\/06\\\/06\\\/alumni-y-estudiantes-uartes-en-concurso-nuevos-coreografos-de-fragmentos-de-junio-festival-internacional-de-danza-se-inaugurara-manana\\\/#primaryimage\",\"url\":\"https:\\\/\\\/www.uartes.edu.ec\\\/sitio\\\/wp-content\\\/uploads\\\/2025\\\/06\\\/Proyecto-Cambiar-tamano-de-imagen-2025-06-06T164649.924.jpeg\",\"contentUrl\":\"https:\\\/\\\/www.uartes.edu.ec\\\/sitio\\\/wp-content\\\/uploads\\\/2025\\\/06\\\/Proyecto-Cambiar-tamano-de-imagen-2025-06-06T164649.924.jpeg\",\"width\":2000,\"height\":1333},{\"@type\":\"BreadcrumbList\",\"@id\":\"https:\\\/\\\/www.uartes.edu.ec\\\/sitio\\\/blog\\\/2025\\\/06\\\/06\\\/alumni-y-estudiantes-uartes-en-concurso-nuevos-coreografos-de-fragmentos-de-junio-festival-internacional-de-danza-se-inaugurara-manana\\\/#breadcrumb\",\"itemListElement\":[{\"@type\":\"ListItem\",\"position\":1,\"name\":\"Inicio\",\"item\":\"https:\\\/\\\/www.uartes.edu.ec\\\/sitio\\\/\"},{\"@type\":\"ListItem\",\"position\":2,\"name\":\"UArtes, presente en concurso Nuevos Core\u00f3grafos de Fragmentos de Junio\"}]},{\"@type\":\"WebSite\",\"@id\":\"https:\\\/\\\/www.uartes.edu.ec\\\/sitio\\\/#website\",\"url\":\"https:\\\/\\\/www.uartes.edu.ec\\\/sitio\\\/\",\"name\":\"Universidad de las Artes\",\"description\":\"Sitio oficial de la Universidad Nacional de las Artes del Ecuador\",\"publisher\":{\"@id\":\"https:\\\/\\\/www.uartes.edu.ec\\\/sitio\\\/#organization\"},\"potentialAction\":[{\"@type\":\"SearchAction\",\"target\":{\"@type\":\"EntryPoint\",\"urlTemplate\":\"https:\\\/\\\/www.uartes.edu.ec\\\/sitio\\\/?s={search_term_string}\"},\"query-input\":{\"@type\":\"PropertyValueSpecification\",\"valueRequired\":true,\"valueName\":\"search_term_string\"}}],\"inLanguage\":\"es\"},{\"@type\":\"Organization\",\"@id\":\"https:\\\/\\\/www.uartes.edu.ec\\\/sitio\\\/#organization\",\"name\":\"Universidad de las Artes\",\"url\":\"https:\\\/\\\/www.uartes.edu.ec\\\/sitio\\\/\",\"logo\":{\"@type\":\"ImageObject\",\"inLanguage\":\"es\",\"@id\":\"https:\\\/\\\/www.uartes.edu.ec\\\/sitio\\\/#\\\/schema\\\/logo\\\/image\\\/\",\"url\":\"https:\\\/\\\/www.uartes.edu.ec\\\/sitio\\\/wp-content\\\/uploads\\\/2022\\\/07\\\/logo-ua-horizontal.png\",\"contentUrl\":\"https:\\\/\\\/www.uartes.edu.ec\\\/sitio\\\/wp-content\\\/uploads\\\/2022\\\/07\\\/logo-ua-horizontal.png\",\"width\":800,\"height\":276,\"caption\":\"Universidad de las Artes\"},\"image\":{\"@id\":\"https:\\\/\\\/www.uartes.edu.ec\\\/sitio\\\/#\\\/schema\\\/logo\\\/image\\\/\"},\"sameAs\":[\"https:\\\/\\\/www.facebook.com\\\/uartesec\",\"https:\\\/\\\/x.com\\\/uartesec\",\"https:\\\/\\\/www.tiktok.com\\\/@uartesec\"]},{\"@type\":\"Person\",\"@id\":\"https:\\\/\\\/www.uartes.edu.ec\\\/sitio\\\/#\\\/schema\\\/person\\\/efa1b8275797664fd7f13a79ccc0b1f4\",\"name\":\"ccortez\",\"image\":{\"@type\":\"ImageObject\",\"inLanguage\":\"es\",\"@id\":\"https:\\\/\\\/secure.gravatar.com\\\/avatar\\\/b2a6f664a3ae8e074346ef91775736c5ec479e637ecced6842de9dc98b5da9cd?s=96&d=mm&r=g\",\"url\":\"https:\\\/\\\/secure.gravatar.com\\\/avatar\\\/b2a6f664a3ae8e074346ef91775736c5ec479e637ecced6842de9dc98b5da9cd?s=96&d=mm&r=g\",\"contentUrl\":\"https:\\\/\\\/secure.gravatar.com\\\/avatar\\\/b2a6f664a3ae8e074346ef91775736c5ec479e637ecced6842de9dc98b5da9cd?s=96&d=mm&r=g\",\"caption\":\"ccortez\"},\"url\":\"https:\\\/\\\/www.uartes.edu.ec\\\/sitio\\\/blog\\\/author\\\/ccortez\\\/\"}]}<\/script>\n<!-- \/ Yoast SEO plugin. -->","yoast_head_json":{"title":"Universidad de las Artes - UArtes, presente en concurso Nuevos Core\u00f3grafos de Fragmentos de Junio","description":"Universidad de las Artes - UArtes, presente en concurso Nuevos Core\u00f3grafos de Fragmentos de Junio","robots":{"index":"index","follow":"follow","max-snippet":"max-snippet:-1","max-image-preview":"max-image-preview:large","max-video-preview":"max-video-preview:-1"},"canonical":"https:\/\/www.uartes.edu.ec\/sitio\/blog\/2025\/06\/06\/alumni-y-estudiantes-uartes-en-concurso-nuevos-coreografos-de-fragmentos-de-junio-festival-internacional-de-danza-se-inaugurara-manana\/","og_locale":"es_ES","og_type":"article","og_title":"Universidad de las Artes - UArtes, presente en concurso Nuevos Core\u00f3grafos de Fragmentos de Junio","og_description":"Universidad de las Artes - UArtes, presente en concurso Nuevos Core\u00f3grafos de Fragmentos de Junio","og_url":"https:\/\/www.uartes.edu.ec\/sitio\/blog\/2025\/06\/06\/alumni-y-estudiantes-uartes-en-concurso-nuevos-coreografos-de-fragmentos-de-junio-festival-internacional-de-danza-se-inaugurara-manana\/","og_site_name":"Universidad de las Artes","article_publisher":"https:\/\/www.facebook.com\/uartesec","article_published_time":"2025-06-06T20:26:00+00:00","article_modified_time":"2025-06-25T19:59:03+00:00","og_image":[{"width":2000,"height":1333,"url":"https:\/\/www.uartes.edu.ec\/sitio\/wp-content\/uploads\/2025\/06\/Proyecto-Cambiar-tamano-de-imagen-2025-06-06T164649.924.jpeg","type":"image\/jpeg"}],"author":"ccortez","twitter_card":"summary_large_image","twitter_creator":"@uartesec","twitter_site":"@uartesec","twitter_misc":{"Escrito por":"ccortez","Tiempo de lectura":"8 minutos"},"schema":{"@context":"https:\/\/schema.org","@graph":[{"@type":"Article","@id":"https:\/\/www.uartes.edu.ec\/sitio\/blog\/2025\/06\/06\/alumni-y-estudiantes-uartes-en-concurso-nuevos-coreografos-de-fragmentos-de-junio-festival-internacional-de-danza-se-inaugurara-manana\/#article","isPartOf":{"@id":"https:\/\/www.uartes.edu.ec\/sitio\/blog\/2025\/06\/06\/alumni-y-estudiantes-uartes-en-concurso-nuevos-coreografos-de-fragmentos-de-junio-festival-internacional-de-danza-se-inaugurara-manana\/"},"author":{"name":"ccortez","@id":"https:\/\/www.uartes.edu.ec\/sitio\/#\/schema\/person\/efa1b8275797664fd7f13a79ccc0b1f4"},"headline":"UArtes, presente en concurso Nuevos Core\u00f3grafos de Fragmentos de Junio","datePublished":"2025-06-06T20:26:00+00:00","dateModified":"2025-06-25T19:59:03+00:00","mainEntityOfPage":{"@id":"https:\/\/www.uartes.edu.ec\/sitio\/blog\/2025\/06\/06\/alumni-y-estudiantes-uartes-en-concurso-nuevos-coreografos-de-fragmentos-de-junio-festival-internacional-de-danza-se-inaugurara-manana\/"},"wordCount":1652,"commentCount":0,"publisher":{"@id":"https:\/\/www.uartes.edu.ec\/sitio\/#organization"},"image":{"@id":"https:\/\/www.uartes.edu.ec\/sitio\/blog\/2025\/06\/06\/alumni-y-estudiantes-uartes-en-concurso-nuevos-coreografos-de-fragmentos-de-junio-festival-internacional-de-danza-se-inaugurara-manana\/#primaryimage"},"thumbnailUrl":"https:\/\/www.uartes.edu.ec\/sitio\/wp-content\/uploads\/2025\/06\/Proyecto-Cambiar-tamano-de-imagen-2025-06-06T164649.924.jpeg","keywords":["producci\u00f3n"],"articleSection":["Alumni","Artes","Artes Esc\u00e9nicas","Estudiantes"],"inLanguage":"es","potentialAction":[{"@type":"CommentAction","name":"Comment","target":["https:\/\/www.uartes.edu.ec\/sitio\/blog\/2025\/06\/06\/alumni-y-estudiantes-uartes-en-concurso-nuevos-coreografos-de-fragmentos-de-junio-festival-internacional-de-danza-se-inaugurara-manana\/#respond"]}]},{"@type":["WebPage","ItemPage"],"@id":"https:\/\/www.uartes.edu.ec\/sitio\/blog\/2025\/06\/06\/alumni-y-estudiantes-uartes-en-concurso-nuevos-coreografos-de-fragmentos-de-junio-festival-internacional-de-danza-se-inaugurara-manana\/","url":"https:\/\/www.uartes.edu.ec\/sitio\/blog\/2025\/06\/06\/alumni-y-estudiantes-uartes-en-concurso-nuevos-coreografos-de-fragmentos-de-junio-festival-internacional-de-danza-se-inaugurara-manana\/","name":"Universidad de las Artes - UArtes, presente en concurso Nuevos Core\u00f3grafos de Fragmentos de Junio","isPartOf":{"@id":"https:\/\/www.uartes.edu.ec\/sitio\/#website"},"primaryImageOfPage":{"@id":"https:\/\/www.uartes.edu.ec\/sitio\/blog\/2025\/06\/06\/alumni-y-estudiantes-uartes-en-concurso-nuevos-coreografos-de-fragmentos-de-junio-festival-internacional-de-danza-se-inaugurara-manana\/#primaryimage"},"image":{"@id":"https:\/\/www.uartes.edu.ec\/sitio\/blog\/2025\/06\/06\/alumni-y-estudiantes-uartes-en-concurso-nuevos-coreografos-de-fragmentos-de-junio-festival-internacional-de-danza-se-inaugurara-manana\/#primaryimage"},"thumbnailUrl":"https:\/\/www.uartes.edu.ec\/sitio\/wp-content\/uploads\/2025\/06\/Proyecto-Cambiar-tamano-de-imagen-2025-06-06T164649.924.jpeg","datePublished":"2025-06-06T20:26:00+00:00","dateModified":"2025-06-25T19:59:03+00:00","description":"Universidad de las Artes - UArtes, presente en concurso Nuevos Core\u00f3grafos de Fragmentos de Junio","breadcrumb":{"@id":"https:\/\/www.uartes.edu.ec\/sitio\/blog\/2025\/06\/06\/alumni-y-estudiantes-uartes-en-concurso-nuevos-coreografos-de-fragmentos-de-junio-festival-internacional-de-danza-se-inaugurara-manana\/#breadcrumb"},"inLanguage":"es","potentialAction":[{"@type":"ReadAction","target":["https:\/\/www.uartes.edu.ec\/sitio\/blog\/2025\/06\/06\/alumni-y-estudiantes-uartes-en-concurso-nuevos-coreografos-de-fragmentos-de-junio-festival-internacional-de-danza-se-inaugurara-manana\/"]}]},{"@type":"ImageObject","inLanguage":"es","@id":"https:\/\/www.uartes.edu.ec\/sitio\/blog\/2025\/06\/06\/alumni-y-estudiantes-uartes-en-concurso-nuevos-coreografos-de-fragmentos-de-junio-festival-internacional-de-danza-se-inaugurara-manana\/#primaryimage","url":"https:\/\/www.uartes.edu.ec\/sitio\/wp-content\/uploads\/2025\/06\/Proyecto-Cambiar-tamano-de-imagen-2025-06-06T164649.924.jpeg","contentUrl":"https:\/\/www.uartes.edu.ec\/sitio\/wp-content\/uploads\/2025\/06\/Proyecto-Cambiar-tamano-de-imagen-2025-06-06T164649.924.jpeg","width":2000,"height":1333},{"@type":"BreadcrumbList","@id":"https:\/\/www.uartes.edu.ec\/sitio\/blog\/2025\/06\/06\/alumni-y-estudiantes-uartes-en-concurso-nuevos-coreografos-de-fragmentos-de-junio-festival-internacional-de-danza-se-inaugurara-manana\/#breadcrumb","itemListElement":[{"@type":"ListItem","position":1,"name":"Inicio","item":"https:\/\/www.uartes.edu.ec\/sitio\/"},{"@type":"ListItem","position":2,"name":"UArtes, presente en concurso Nuevos Core\u00f3grafos de Fragmentos de Junio"}]},{"@type":"WebSite","@id":"https:\/\/www.uartes.edu.ec\/sitio\/#website","url":"https:\/\/www.uartes.edu.ec\/sitio\/","name":"Universidad de las Artes","description":"Sitio oficial de la Universidad Nacional de las Artes del Ecuador","publisher":{"@id":"https:\/\/www.uartes.edu.ec\/sitio\/#organization"},"potentialAction":[{"@type":"SearchAction","target":{"@type":"EntryPoint","urlTemplate":"https:\/\/www.uartes.edu.ec\/sitio\/?s={search_term_string}"},"query-input":{"@type":"PropertyValueSpecification","valueRequired":true,"valueName":"search_term_string"}}],"inLanguage":"es"},{"@type":"Organization","@id":"https:\/\/www.uartes.edu.ec\/sitio\/#organization","name":"Universidad de las Artes","url":"https:\/\/www.uartes.edu.ec\/sitio\/","logo":{"@type":"ImageObject","inLanguage":"es","@id":"https:\/\/www.uartes.edu.ec\/sitio\/#\/schema\/logo\/image\/","url":"https:\/\/www.uartes.edu.ec\/sitio\/wp-content\/uploads\/2022\/07\/logo-ua-horizontal.png","contentUrl":"https:\/\/www.uartes.edu.ec\/sitio\/wp-content\/uploads\/2022\/07\/logo-ua-horizontal.png","width":800,"height":276,"caption":"Universidad de las Artes"},"image":{"@id":"https:\/\/www.uartes.edu.ec\/sitio\/#\/schema\/logo\/image\/"},"sameAs":["https:\/\/www.facebook.com\/uartesec","https:\/\/x.com\/uartesec","https:\/\/www.tiktok.com\/@uartesec"]},{"@type":"Person","@id":"https:\/\/www.uartes.edu.ec\/sitio\/#\/schema\/person\/efa1b8275797664fd7f13a79ccc0b1f4","name":"ccortez","image":{"@type":"ImageObject","inLanguage":"es","@id":"https:\/\/secure.gravatar.com\/avatar\/b2a6f664a3ae8e074346ef91775736c5ec479e637ecced6842de9dc98b5da9cd?s=96&d=mm&r=g","url":"https:\/\/secure.gravatar.com\/avatar\/b2a6f664a3ae8e074346ef91775736c5ec479e637ecced6842de9dc98b5da9cd?s=96&d=mm&r=g","contentUrl":"https:\/\/secure.gravatar.com\/avatar\/b2a6f664a3ae8e074346ef91775736c5ec479e637ecced6842de9dc98b5da9cd?s=96&d=mm&r=g","caption":"ccortez"},"url":"https:\/\/www.uartes.edu.ec\/sitio\/blog\/author\/ccortez\/"}]}},"uagb_featured_image_src":{"full":["https:\/\/www.uartes.edu.ec\/sitio\/wp-content\/uploads\/2025\/06\/Proyecto-Cambiar-tamano-de-imagen-2025-06-06T164649.924.jpeg",2000,1333,false],"thumbnail":["https:\/\/www.uartes.edu.ec\/sitio\/wp-content\/uploads\/2025\/06\/Proyecto-Cambiar-tamano-de-imagen-2025-06-06T164649.924-150x150.jpeg",150,150,true],"medium":["https:\/\/www.uartes.edu.ec\/sitio\/wp-content\/uploads\/2025\/06\/Proyecto-Cambiar-tamano-de-imagen-2025-06-06T164649.924-300x200.jpeg",300,200,true],"medium_large":["https:\/\/www.uartes.edu.ec\/sitio\/wp-content\/uploads\/2025\/06\/Proyecto-Cambiar-tamano-de-imagen-2025-06-06T164649.924-768x512.jpeg",768,512,true],"large":["https:\/\/www.uartes.edu.ec\/sitio\/wp-content\/uploads\/2025\/06\/Proyecto-Cambiar-tamano-de-imagen-2025-06-06T164649.924-644x429.jpeg",644,429,true],"1536x1536":["https:\/\/www.uartes.edu.ec\/sitio\/wp-content\/uploads\/2025\/06\/Proyecto-Cambiar-tamano-de-imagen-2025-06-06T164649.924-1536x1024.jpeg",1536,1024,true],"2048x2048":["https:\/\/www.uartes.edu.ec\/sitio\/wp-content\/uploads\/2025\/06\/Proyecto-Cambiar-tamano-de-imagen-2025-06-06T164649.924.jpeg",2000,1333,false],"trp-custom-language-flag":["https:\/\/www.uartes.edu.ec\/sitio\/wp-content\/uploads\/2025\/06\/Proyecto-Cambiar-tamano-de-imagen-2025-06-06T164649.924-18x12.jpeg",18,12,true],"htmega_size_585x295":["https:\/\/www.uartes.edu.ec\/sitio\/wp-content\/uploads\/2025\/06\/Proyecto-Cambiar-tamano-de-imagen-2025-06-06T164649.924-585x295.jpeg",585,295,true],"htmega_size_1170x536":["https:\/\/www.uartes.edu.ec\/sitio\/wp-content\/uploads\/2025\/06\/Proyecto-Cambiar-tamano-de-imagen-2025-06-06T164649.924-1170x536.jpeg",1170,536,true],"htmega_size_396x360":["https:\/\/www.uartes.edu.ec\/sitio\/wp-content\/uploads\/2025\/06\/Proyecto-Cambiar-tamano-de-imagen-2025-06-06T164649.924-396x360.jpeg",396,360,true],"gb-block-post-grid-landscape":["https:\/\/www.uartes.edu.ec\/sitio\/wp-content\/uploads\/2025\/06\/Proyecto-Cambiar-tamano-de-imagen-2025-06-06T164649.924-600x400.jpeg",600,400,true],"gb-block-post-grid-square":["https:\/\/www.uartes.edu.ec\/sitio\/wp-content\/uploads\/2025\/06\/Proyecto-Cambiar-tamano-de-imagen-2025-06-06T164649.924-600x600.jpeg",600,600,true],"university-hub-thumb":["https:\/\/www.uartes.edu.ec\/sitio\/wp-content\/uploads\/2025\/06\/Proyecto-Cambiar-tamano-de-imagen-2025-06-06T164649.924-400x267.jpeg",400,267,true]},"uagb_author_info":{"display_name":"ccortez","author_link":"https:\/\/www.uartes.edu.ec\/sitio\/blog\/author\/ccortez\/"},"uagb_comment_info":0,"uagb_excerpt":"Su inauguraci\u00f3n ser\u00e1 ma\u00f1ana, pero ni bien inici\u00f3 el mes se registra en Guayaquil el ambiente celebratorio que se genera en torno al Festival Internacional de Danza Fragmentos de Junio. La cita organizada por Corporaci\u00f3n Zona Escena llega a su XXIII edici\u00f3n y hasta el 28 de junio tendr\u00e1 actividades varias. Una de ellas es&hellip;","featured_image_src":"https:\/\/www.uartes.edu.ec\/sitio\/wp-content\/uploads\/2025\/06\/Proyecto-Cambiar-tamano-de-imagen-2025-06-06T164649.924-600x400.jpeg","featured_image_src_square":"https:\/\/www.uartes.edu.ec\/sitio\/wp-content\/uploads\/2025\/06\/Proyecto-Cambiar-tamano-de-imagen-2025-06-06T164649.924-600x600.jpeg","author_info":{"display_name":"ccortez","author_link":"https:\/\/www.uartes.edu.ec\/sitio\/blog\/author\/ccortez\/"},"publishpress_future_workflow_manual_trigger":{"enabledWorkflows":[]},"distributor_meta":false,"distributor_terms":false,"distributor_media":false,"distributor_original_site_name":"Universidad de las Artes","distributor_original_site_url":"https:\/\/www.uartes.edu.ec\/sitio","push-errors":false,"_links":{"self":[{"href":"https:\/\/www.uartes.edu.ec\/sitio\/wp-json\/wp\/v2\/posts\/73184","targetHints":{"allow":["GET"]}}],"collection":[{"href":"https:\/\/www.uartes.edu.ec\/sitio\/wp-json\/wp\/v2\/posts"}],"about":[{"href":"https:\/\/www.uartes.edu.ec\/sitio\/wp-json\/wp\/v2\/types\/post"}],"author":[{"embeddable":true,"href":"https:\/\/www.uartes.edu.ec\/sitio\/wp-json\/wp\/v2\/users\/10"}],"replies":[{"embeddable":true,"href":"https:\/\/www.uartes.edu.ec\/sitio\/wp-json\/wp\/v2\/comments?post=73184"}],"version-history":[{"count":16,"href":"https:\/\/www.uartes.edu.ec\/sitio\/wp-json\/wp\/v2\/posts\/73184\/revisions"}],"predecessor-version":[{"id":73990,"href":"https:\/\/www.uartes.edu.ec\/sitio\/wp-json\/wp\/v2\/posts\/73184\/revisions\/73990"}],"wp:featuredmedia":[{"embeddable":true,"href":"https:\/\/www.uartes.edu.ec\/sitio\/wp-json\/wp\/v2\/media\/73185"}],"wp:attachment":[{"href":"https:\/\/www.uartes.edu.ec\/sitio\/wp-json\/wp\/v2\/media?parent=73184"}],"wp:term":[{"taxonomy":"category","embeddable":true,"href":"https:\/\/www.uartes.edu.ec\/sitio\/wp-json\/wp\/v2\/categories?post=73184"},{"taxonomy":"post_tag","embeddable":true,"href":"https:\/\/www.uartes.edu.ec\/sitio\/wp-json\/wp\/v2\/tags?post=73184"},{"taxonomy":"infouartes","embeddable":true,"href":"https:\/\/www.uartes.edu.ec\/sitio\/wp-json\/wp\/v2\/infouartes?post=73184"}],"curies":[{"name":"wp","href":"https:\/\/api.w.org\/{rel}","templated":true}]}}