{"id":73236,"date":"2025-06-06T18:02:00","date_gmt":"2025-06-06T23:02:00","guid":{"rendered":"https:\/\/www.uartes.edu.ec\/sitio\/?p=73236"},"modified":"2025-06-09T00:07:11","modified_gmt":"2025-06-09T05:07:11","slug":"docentes-de-la-universidad-de-las-artes-presentan-avances-y-resultados-de-investigacion-en-bogota","status":"publish","type":"post","link":"https:\/\/www.uartes.edu.ec\/sitio\/blog\/2025\/06\/06\/docentes-de-la-universidad-de-las-artes-presentan-avances-y-resultados-de-investigacion-en-bogota\/","title":{"rendered":"Docentes UArtes presentan avances y resultados de investigaci\u00f3n en Bogot\u00e1"},"content":{"rendered":"\n<p>La X Conferencia Latinoamericana y Caribe\u00f1a de Ciencias Sociales #CLACSO2025 <em>Horizontes y transformaciones para la igualdad<\/em>. <em>Democracias, resistencias, comunidades, derechos y paz<\/em> es uno de los acontecimientos m\u00e1s importantes en nuestro continente, pues re\u00fane a investigadores, pol\u00edticos, activistas y otros intelectuales que trabajan en la producci\u00f3n de conocimiento cr\u00edtico desde la regi\u00f3n.<\/p>\n\n\n\n<p>Este a\u00f1o seis docentes de la Universidad de las Artes participar\u00e1n en este encuentro que se llevar\u00e1 a cabo desde el 9 hasta el 12 de junio de 2025 en Bogot\u00e1. Ellos y ellas presentar\u00e1n los resultados o avances de las investigaciones y los procesos de vinculaci\u00f3n con la sociedad que se llevan a cabo desde la Universidad de las Artes.<\/p>\n\n\n\n<p>Las participaciones trabajan desde las artes como espacio de tejido social y resistencia en las ciudades, llevando una mirada sobre las pedagog\u00edas cr\u00edticas desde las artes, presentar\u00e1n la ponencia \u201cAtelier L\u00fadico Metacognitivo Art\u00edstico, una experiencia de laboratorio con la Escuela Cerro del Carmen de la ciudad de Guayaquil\u201d como contribuci\u00f3n de los docentes Pedro Mujica y Juan Jos\u00e9 Rocha, director de Acompa\u00f1amiento al \u00c9xito Acad\u00e9mico, ambos colegas son parte de la carrera de Educaci\u00f3n Art\u00edstica Intercultural.<\/p>\n\n\n\n<p>Por otro lado, desde el Departamento Transversal de Teor\u00edas Cr\u00edticas y Pr\u00e1cticas Experimentales el docente Pablo Cardoso presentar\u00e1 la ponencia \u201cPol\u00edticas Culturales en Ecuador en el siglo XXI: construcci\u00f3n institucional, ciclos econ\u00f3micos y vaivenes pol\u00edticos\u201d, una reflexi\u00f3n que nace desde el trabajo del Observatorio de Pol\u00edticas y Econom\u00eda de la Cultura y su vinculaci\u00f3n con el Grupo de Trabajo CLACSO Cultura y Pol\u00edticas Culturales (2023-2025). La ponencia deriva del art\u00edculo incluido en el libro editado por CLACSO <a href=\"https:\/\/www.clacso.org\/politicas-culturales-en-el-siglo-xxi-en-ocho-paises-de-america-latina\/\">Pol\u00edticas culturales en el siglo XXI en ocho pa\u00edses de Am\u00e9rica Latina<\/a> que presenta un balance las pol\u00edticas culturales en Am\u00e9rica Latina en estas dos primeras d\u00e9cadas del siglo XXI.<\/p>\n\n\n<div class=\"wp-block-image\">\n<figure class=\"aligncenter size-large\"><img fetchpriority=\"high\" decoding=\"async\" width=\"644\" height=\"429\" src=\"https:\/\/www.uartes.edu.ec\/sitio\/wp-content\/uploads\/2025\/06\/02-CLACSO-WEB-644x429.jpg\" alt=\"\" class=\"wp-image-73238\" srcset=\"https:\/\/www.uartes.edu.ec\/sitio\/wp-content\/uploads\/2025\/06\/02-CLACSO-WEB-644x429.jpg 644w, https:\/\/www.uartes.edu.ec\/sitio\/wp-content\/uploads\/2025\/06\/02-CLACSO-WEB-300x200.jpg 300w, https:\/\/www.uartes.edu.ec\/sitio\/wp-content\/uploads\/2025\/06\/02-CLACSO-WEB-768x512.jpg 768w, https:\/\/www.uartes.edu.ec\/sitio\/wp-content\/uploads\/2025\/06\/02-CLACSO-WEB-1536x1024.jpg 1536w, https:\/\/www.uartes.edu.ec\/sitio\/wp-content\/uploads\/2025\/06\/02-CLACSO-WEB-18x12.jpg 18w, https:\/\/www.uartes.edu.ec\/sitio\/wp-content\/uploads\/2025\/06\/02-CLACSO-WEB-600x400.jpg 600w, https:\/\/www.uartes.edu.ec\/sitio\/wp-content\/uploads\/2025\/06\/02-CLACSO-WEB-400x267.jpg 400w, https:\/\/www.uartes.edu.ec\/sitio\/wp-content\/uploads\/2025\/06\/02-CLACSO-WEB.jpg 2000w\" sizes=\"(max-width: 644px) 100vw, 644px\" \/><\/figure>\n<\/div>\n\n\n<p>Cardoso tambi\u00e9n participar\u00e1 en el panel \u201cArtes, cultura y educaci\u00f3n: desaf\u00edos y posibilidades en un mundo en crisis\u201d, junto con colegas de la Universidad Nacional de las Artes de Argentina (UNA) y la Universidad Aut\u00f3noma Metropolitana de M\u00e9xico (UAM). El panel plantea que la globalizaci\u00f3n, los procesos migratorios y multiculturales ponen de manifiesto desaf\u00edos y demandas a la educaci\u00f3n para preparar a ni\u00f1os\/as y j\u00f3venes para un mundo cada vez m\u00e1s incierto. Ante estos retos, la educaci\u00f3n art\u00edstica y cultural tiene la potencialidad de aportar perspectivas creativas que contribuyan a la transformaci\u00f3n social y al respeto a la diversidad. En este marco, Cardoso presentar\u00e1 una ponencia derivada del art\u00edculo acad\u00e9mico <a href=\"https:\/\/www.erudit.org\/fr\/revues\/crs\/2021-n71-crs08845\/1107077ar\/\">\u201cLa Universidad de las Artes en Ecuador, Ciudad de Guayaquil : or\u00edgenes pol\u00edticos, transformaciones pedag\u00f3gicas e identidades culturales\u201d<\/a><em>&nbsp; <\/em>co-escrito con Ramiro Noriega, rector fundador de la universidad. &nbsp;<\/p>\n\n\n\n<p>Del mismo Departamento Transversal, Yulianela P\u00e9rez, actual directora de Pol\u00edticas de Investigaci\u00f3n en Artes, presentar\u00e1 la ponencia \u201cLa mirada medi\u00e1tica: construyendo y deconstruyendo la narrativa de la migraci\u00f3n en Ecuador\u201d, como resultado del proyecto de investigaci\u00f3n Narrativas visuales y textuales sobre el sujeto subalterno, en el tratamiento de problem\u00e1ticas nacionales de impacto social, de los diarios <em>El Comercio, El Tel\u00e9grafo<\/em> y <em>El Universo<\/em> (1990-2022).&nbsp; Dicha presentaci\u00f3n explora los abordajes de la prensa ecuatoriana sobre la migraci\u00f3n, en los momentos de mayor cobertura durante las crisis vividas entre 1999-2002 y 2021-2023. Se analiza c\u00f3mo se promueven determinadas narrativas textuales y visuales (con apoyo de im\u00e1genes y caricaturas) que sostienen una representaci\u00f3n social de la migraci\u00f3n como espont\u00e1nea, desordenada y emergente ante la coyuntura econ\u00f3mica y no como un proceso constante arraigado a las cadenas y redes construidos y perpetuados por movimientos precedentes y por las l\u00f3gicas de concentraci\u00f3n del capital mundial.<\/p>\n\n\n\n<p>Ybelice Brice\u00f1o, investigadora que ha trabajado desde el activismo y la reflexi\u00f3n profunda de los movimientos feministas en Guayaquil, presentar\u00e1 los avances de investigaci\u00f3n del proyecto <em>Trayectorias de vida. Puesta en valor de las historias de vida y organizaci\u00f3n de las mujeres en Guayaquil.<\/em>&nbsp; A trav\u00e9s de su ponencia, \u201cTrayectorias vitales y procesos de subjetivaci\u00f3n pol\u00edtica: las activistas del movimiento de mujeres y disidencias de Guayaquil\u201d, reflexionar\u00e1 sobre las historias vitales de activistas de este movimiento, enfatizando en su heterogeneidad y en sus aproximaciones diversas a las pr\u00e1cticas pol\u00edticas.<\/p>\n\n\n\n<p>La participaci\u00f3n de Ana Carrillo, actual directora del Departamento Transversal de Teor\u00edas Cr\u00edticas y Pr\u00e1cticas Experimentales, estudia las est\u00e9ticas, \u00e9ticas y epistemolog\u00edas humanizadoras acu\u00f1adas en la m\u00fasica afrodescendiente y que son basti\u00f3n de la resistencia frente al horror de la necroeconom\u00eda propuesta por el narcotr\u00e1fico y las econom\u00edas ilegales en la ciudad. Su ponencia se titula \u201c\u2018Muerte triste\u2019, respuestas al horror desde las est\u00e9ticas re-existentes afroecuatorianas\u201d y es el resultado de sostenidos procesos de vinculaci\u00f3n con la sociedad, investigaci\u00f3n y docencia que ha llevado a cabo desde el a\u00f1o 2016.<\/p>\n\n\n\n<p>Se puede saber m\u00e1s sobre esta conferencia en este link: <a href=\"https:\/\/conferenciaclacso.org\/\">https:\/\/conferenciaclacso.org\/<\/a><\/p>\n","protected":false},"excerpt":{"rendered":"<p>La X Conferencia Latinoamericana y Caribe\u00f1a de Ciencias Sociales \u201cHorizontes y transformaciones para la igualdad. Democracias, resistencias, comunidades, derechos y paz\u201d es uno de los acontecimientos m\u00e1s importantes en nuestro continente, pues re\u00fane a investigadores, pol\u00edticos, activistas y otros intelectuales que trabajan en la producci\u00f3n de conocimiento cr\u00edtico desde la regi\u00f3n. Este a\u00f1o seis docentes de la UArtes participar\u00e1n en la cita que se efectuar\u00e1 en Bogot\u00e1.<\/p>\n","protected":false},"author":10,"featured_media":73237,"comment_status":"open","ping_status":"open","sticky":false,"template":"","format":"standard","meta":{"_acf_changed":false,"_uag_custom_page_level_css":"","_monsterinsights_skip_tracking":false,"_monsterinsights_sitenote_active":false,"_monsterinsights_sitenote_note":"","_monsterinsights_sitenote_category":0,"cybocfi_hide_featured_image":"","footnotes":""},"categories":[80,75,77,284,174],"tags":[517],"infouartes":[],"class_list":["post-73236","post","type-post","status-publish","format-standard","has-post-thumbnail","hentry","category-academico","category-docentes","category-gestion","category-investigacion","category-transversal","tag-exposicion"],"acf":[],"yoast_head":"<!-- This site is optimized with the Yoast SEO plugin v27.4 - https:\/\/yoast.com\/product\/yoast-seo-wordpress\/ -->\n<title>Universidad de las Artes - Docentes UArtes presentan avances y resultados de investigaci\u00f3n en Bogot\u00e1<\/title>\n<meta name=\"description\" content=\"Universidad de las Artes - Docentes UArtes presentan avances y resultados de investigaci\u00f3n en Bogot\u00e1\" \/>\n<meta name=\"robots\" content=\"index, follow, max-snippet:-1, max-image-preview:large, max-video-preview:-1\" \/>\n<link rel=\"canonical\" href=\"https:\/\/www.uartes.edu.ec\/sitio\/blog\/2025\/06\/06\/docentes-de-la-universidad-de-las-artes-presentan-avances-y-resultados-de-investigacion-en-bogota\/\" \/>\n<meta property=\"og:locale\" content=\"es_ES\" \/>\n<meta property=\"og:type\" content=\"article\" \/>\n<meta property=\"og:title\" content=\"Universidad de las Artes - Docentes UArtes presentan avances y resultados de investigaci\u00f3n en Bogot\u00e1\" \/>\n<meta property=\"og:description\" content=\"Universidad de las Artes - Docentes UArtes presentan avances y resultados de investigaci\u00f3n en Bogot\u00e1\" \/>\n<meta property=\"og:url\" content=\"https:\/\/www.uartes.edu.ec\/sitio\/blog\/2025\/06\/06\/docentes-de-la-universidad-de-las-artes-presentan-avances-y-resultados-de-investigacion-en-bogota\/\" \/>\n<meta property=\"og:site_name\" content=\"Universidad de las Artes\" \/>\n<meta property=\"article:publisher\" content=\"https:\/\/www.facebook.com\/uartesec\" \/>\n<meta property=\"article:published_time\" content=\"2025-06-06T23:02:00+00:00\" \/>\n<meta property=\"article:modified_time\" content=\"2025-06-09T05:07:11+00:00\" \/>\n<meta property=\"og:image\" content=\"https:\/\/www.uartes.edu.ec\/sitio\/wp-content\/uploads\/2025\/06\/01-CLACSO-WEB.jpg\" \/>\n\t<meta property=\"og:image:width\" content=\"2000\" \/>\n\t<meta property=\"og:image:height\" content=\"1333\" \/>\n\t<meta property=\"og:image:type\" content=\"image\/jpeg\" \/>\n<meta name=\"author\" content=\"ccortez\" \/>\n<meta name=\"twitter:card\" content=\"summary_large_image\" \/>\n<meta name=\"twitter:creator\" content=\"@uartesec\" \/>\n<meta name=\"twitter:site\" content=\"@uartesec\" \/>\n<meta name=\"twitter:label1\" content=\"Escrito por\" \/>\n\t<meta name=\"twitter:data1\" content=\"ccortez\" \/>\n\t<meta name=\"twitter:label2\" content=\"Tiempo de lectura\" \/>\n\t<meta name=\"twitter:data2\" content=\"4 minutos\" \/>\n<script type=\"application\/ld+json\" class=\"yoast-schema-graph\">{\"@context\":\"https:\\\/\\\/schema.org\",\"@graph\":[{\"@type\":\"Article\",\"@id\":\"https:\\\/\\\/www.uartes.edu.ec\\\/sitio\\\/blog\\\/2025\\\/06\\\/06\\\/docentes-de-la-universidad-de-las-artes-presentan-avances-y-resultados-de-investigacion-en-bogota\\\/#article\",\"isPartOf\":{\"@id\":\"https:\\\/\\\/www.uartes.edu.ec\\\/sitio\\\/blog\\\/2025\\\/06\\\/06\\\/docentes-de-la-universidad-de-las-artes-presentan-avances-y-resultados-de-investigacion-en-bogota\\\/\"},\"author\":{\"name\":\"ccortez\",\"@id\":\"https:\\\/\\\/www.uartes.edu.ec\\\/sitio\\\/#\\\/schema\\\/person\\\/efa1b8275797664fd7f13a79ccc0b1f4\"},\"headline\":\"Docentes UArtes presentan avances y resultados de investigaci\u00f3n en Bogot\u00e1\",\"datePublished\":\"2025-06-06T23:02:00+00:00\",\"dateModified\":\"2025-06-09T05:07:11+00:00\",\"mainEntityOfPage\":{\"@id\":\"https:\\\/\\\/www.uartes.edu.ec\\\/sitio\\\/blog\\\/2025\\\/06\\\/06\\\/docentes-de-la-universidad-de-las-artes-presentan-avances-y-resultados-de-investigacion-en-bogota\\\/\"},\"wordCount\":889,\"commentCount\":0,\"publisher\":{\"@id\":\"https:\\\/\\\/www.uartes.edu.ec\\\/sitio\\\/#organization\"},\"image\":{\"@id\":\"https:\\\/\\\/www.uartes.edu.ec\\\/sitio\\\/blog\\\/2025\\\/06\\\/06\\\/docentes-de-la-universidad-de-las-artes-presentan-avances-y-resultados-de-investigacion-en-bogota\\\/#primaryimage\"},\"thumbnailUrl\":\"https:\\\/\\\/www.uartes.edu.ec\\\/sitio\\\/wp-content\\\/uploads\\\/2025\\\/06\\\/01-CLACSO-WEB.jpg\",\"keywords\":[\"exposici\u00f3n\"],\"articleSection\":[\"Acad\u00e9mico\",\"Docentes\",\"Gesti\u00f3n\",\"Investigaci\u00f3n\",\"Transversal\"],\"inLanguage\":\"es\",\"potentialAction\":[{\"@type\":\"CommentAction\",\"name\":\"Comment\",\"target\":[\"https:\\\/\\\/www.uartes.edu.ec\\\/sitio\\\/blog\\\/2025\\\/06\\\/06\\\/docentes-de-la-universidad-de-las-artes-presentan-avances-y-resultados-de-investigacion-en-bogota\\\/#respond\"]}]},{\"@type\":[\"WebPage\",\"ItemPage\"],\"@id\":\"https:\\\/\\\/www.uartes.edu.ec\\\/sitio\\\/blog\\\/2025\\\/06\\\/06\\\/docentes-de-la-universidad-de-las-artes-presentan-avances-y-resultados-de-investigacion-en-bogota\\\/\",\"url\":\"https:\\\/\\\/www.uartes.edu.ec\\\/sitio\\\/blog\\\/2025\\\/06\\\/06\\\/docentes-de-la-universidad-de-las-artes-presentan-avances-y-resultados-de-investigacion-en-bogota\\\/\",\"name\":\"Universidad de las Artes - Docentes UArtes presentan avances y resultados de investigaci\u00f3n en Bogot\u00e1\",\"isPartOf\":{\"@id\":\"https:\\\/\\\/www.uartes.edu.ec\\\/sitio\\\/#website\"},\"primaryImageOfPage\":{\"@id\":\"https:\\\/\\\/www.uartes.edu.ec\\\/sitio\\\/blog\\\/2025\\\/06\\\/06\\\/docentes-de-la-universidad-de-las-artes-presentan-avances-y-resultados-de-investigacion-en-bogota\\\/#primaryimage\"},\"image\":{\"@id\":\"https:\\\/\\\/www.uartes.edu.ec\\\/sitio\\\/blog\\\/2025\\\/06\\\/06\\\/docentes-de-la-universidad-de-las-artes-presentan-avances-y-resultados-de-investigacion-en-bogota\\\/#primaryimage\"},\"thumbnailUrl\":\"https:\\\/\\\/www.uartes.edu.ec\\\/sitio\\\/wp-content\\\/uploads\\\/2025\\\/06\\\/01-CLACSO-WEB.jpg\",\"datePublished\":\"2025-06-06T23:02:00+00:00\",\"dateModified\":\"2025-06-09T05:07:11+00:00\",\"description\":\"Universidad de las Artes - Docentes UArtes presentan avances y resultados de investigaci\u00f3n en Bogot\u00e1\",\"breadcrumb\":{\"@id\":\"https:\\\/\\\/www.uartes.edu.ec\\\/sitio\\\/blog\\\/2025\\\/06\\\/06\\\/docentes-de-la-universidad-de-las-artes-presentan-avances-y-resultados-de-investigacion-en-bogota\\\/#breadcrumb\"},\"inLanguage\":\"es\",\"potentialAction\":[{\"@type\":\"ReadAction\",\"target\":[\"https:\\\/\\\/www.uartes.edu.ec\\\/sitio\\\/blog\\\/2025\\\/06\\\/06\\\/docentes-de-la-universidad-de-las-artes-presentan-avances-y-resultados-de-investigacion-en-bogota\\\/\"]}]},{\"@type\":\"ImageObject\",\"inLanguage\":\"es\",\"@id\":\"https:\\\/\\\/www.uartes.edu.ec\\\/sitio\\\/blog\\\/2025\\\/06\\\/06\\\/docentes-de-la-universidad-de-las-artes-presentan-avances-y-resultados-de-investigacion-en-bogota\\\/#primaryimage\",\"url\":\"https:\\\/\\\/www.uartes.edu.ec\\\/sitio\\\/wp-content\\\/uploads\\\/2025\\\/06\\\/01-CLACSO-WEB.jpg\",\"contentUrl\":\"https:\\\/\\\/www.uartes.edu.ec\\\/sitio\\\/wp-content\\\/uploads\\\/2025\\\/06\\\/01-CLACSO-WEB.jpg\",\"width\":2000,\"height\":1333},{\"@type\":\"BreadcrumbList\",\"@id\":\"https:\\\/\\\/www.uartes.edu.ec\\\/sitio\\\/blog\\\/2025\\\/06\\\/06\\\/docentes-de-la-universidad-de-las-artes-presentan-avances-y-resultados-de-investigacion-en-bogota\\\/#breadcrumb\",\"itemListElement\":[{\"@type\":\"ListItem\",\"position\":1,\"name\":\"Inicio\",\"item\":\"https:\\\/\\\/www.uartes.edu.ec\\\/sitio\\\/\"},{\"@type\":\"ListItem\",\"position\":2,\"name\":\"Docentes UArtes presentan avances y resultados de investigaci\u00f3n en Bogot\u00e1\"}]},{\"@type\":\"WebSite\",\"@id\":\"https:\\\/\\\/www.uartes.edu.ec\\\/sitio\\\/#website\",\"url\":\"https:\\\/\\\/www.uartes.edu.ec\\\/sitio\\\/\",\"name\":\"Universidad de las Artes\",\"description\":\"Sitio oficial de la Universidad Nacional de las Artes del Ecuador\",\"publisher\":{\"@id\":\"https:\\\/\\\/www.uartes.edu.ec\\\/sitio\\\/#organization\"},\"potentialAction\":[{\"@type\":\"SearchAction\",\"target\":{\"@type\":\"EntryPoint\",\"urlTemplate\":\"https:\\\/\\\/www.uartes.edu.ec\\\/sitio\\\/?s={search_term_string}\"},\"query-input\":{\"@type\":\"PropertyValueSpecification\",\"valueRequired\":true,\"valueName\":\"search_term_string\"}}],\"inLanguage\":\"es\"},{\"@type\":\"Organization\",\"@id\":\"https:\\\/\\\/www.uartes.edu.ec\\\/sitio\\\/#organization\",\"name\":\"Universidad de las Artes\",\"url\":\"https:\\\/\\\/www.uartes.edu.ec\\\/sitio\\\/\",\"logo\":{\"@type\":\"ImageObject\",\"inLanguage\":\"es\",\"@id\":\"https:\\\/\\\/www.uartes.edu.ec\\\/sitio\\\/#\\\/schema\\\/logo\\\/image\\\/\",\"url\":\"https:\\\/\\\/www.uartes.edu.ec\\\/sitio\\\/wp-content\\\/uploads\\\/2022\\\/07\\\/logo-ua-horizontal.png\",\"contentUrl\":\"https:\\\/\\\/www.uartes.edu.ec\\\/sitio\\\/wp-content\\\/uploads\\\/2022\\\/07\\\/logo-ua-horizontal.png\",\"width\":800,\"height\":276,\"caption\":\"Universidad de las Artes\"},\"image\":{\"@id\":\"https:\\\/\\\/www.uartes.edu.ec\\\/sitio\\\/#\\\/schema\\\/logo\\\/image\\\/\"},\"sameAs\":[\"https:\\\/\\\/www.facebook.com\\\/uartesec\",\"https:\\\/\\\/x.com\\\/uartesec\",\"https:\\\/\\\/www.tiktok.com\\\/@uartesec\"]},{\"@type\":\"Person\",\"@id\":\"https:\\\/\\\/www.uartes.edu.ec\\\/sitio\\\/#\\\/schema\\\/person\\\/efa1b8275797664fd7f13a79ccc0b1f4\",\"name\":\"ccortez\",\"image\":{\"@type\":\"ImageObject\",\"inLanguage\":\"es\",\"@id\":\"https:\\\/\\\/secure.gravatar.com\\\/avatar\\\/b2a6f664a3ae8e074346ef91775736c5ec479e637ecced6842de9dc98b5da9cd?s=96&d=mm&r=g\",\"url\":\"https:\\\/\\\/secure.gravatar.com\\\/avatar\\\/b2a6f664a3ae8e074346ef91775736c5ec479e637ecced6842de9dc98b5da9cd?s=96&d=mm&r=g\",\"contentUrl\":\"https:\\\/\\\/secure.gravatar.com\\\/avatar\\\/b2a6f664a3ae8e074346ef91775736c5ec479e637ecced6842de9dc98b5da9cd?s=96&d=mm&r=g\",\"caption\":\"ccortez\"},\"url\":\"https:\\\/\\\/www.uartes.edu.ec\\\/sitio\\\/blog\\\/author\\\/ccortez\\\/\"}]}<\/script>\n<!-- \/ Yoast SEO plugin. -->","yoast_head_json":{"title":"Universidad de las Artes - Docentes UArtes presentan avances y resultados de investigaci\u00f3n en Bogot\u00e1","description":"Universidad de las Artes - Docentes UArtes presentan avances y resultados de investigaci\u00f3n en Bogot\u00e1","robots":{"index":"index","follow":"follow","max-snippet":"max-snippet:-1","max-image-preview":"max-image-preview:large","max-video-preview":"max-video-preview:-1"},"canonical":"https:\/\/www.uartes.edu.ec\/sitio\/blog\/2025\/06\/06\/docentes-de-la-universidad-de-las-artes-presentan-avances-y-resultados-de-investigacion-en-bogota\/","og_locale":"es_ES","og_type":"article","og_title":"Universidad de las Artes - Docentes UArtes presentan avances y resultados de investigaci\u00f3n en Bogot\u00e1","og_description":"Universidad de las Artes - Docentes UArtes presentan avances y resultados de investigaci\u00f3n en Bogot\u00e1","og_url":"https:\/\/www.uartes.edu.ec\/sitio\/blog\/2025\/06\/06\/docentes-de-la-universidad-de-las-artes-presentan-avances-y-resultados-de-investigacion-en-bogota\/","og_site_name":"Universidad de las Artes","article_publisher":"https:\/\/www.facebook.com\/uartesec","article_published_time":"2025-06-06T23:02:00+00:00","article_modified_time":"2025-06-09T05:07:11+00:00","og_image":[{"width":2000,"height":1333,"url":"https:\/\/www.uartes.edu.ec\/sitio\/wp-content\/uploads\/2025\/06\/01-CLACSO-WEB.jpg","type":"image\/jpeg"}],"author":"ccortez","twitter_card":"summary_large_image","twitter_creator":"@uartesec","twitter_site":"@uartesec","twitter_misc":{"Escrito por":"ccortez","Tiempo de lectura":"4 minutos"},"schema":{"@context":"https:\/\/schema.org","@graph":[{"@type":"Article","@id":"https:\/\/www.uartes.edu.ec\/sitio\/blog\/2025\/06\/06\/docentes-de-la-universidad-de-las-artes-presentan-avances-y-resultados-de-investigacion-en-bogota\/#article","isPartOf":{"@id":"https:\/\/www.uartes.edu.ec\/sitio\/blog\/2025\/06\/06\/docentes-de-la-universidad-de-las-artes-presentan-avances-y-resultados-de-investigacion-en-bogota\/"},"author":{"name":"ccortez","@id":"https:\/\/www.uartes.edu.ec\/sitio\/#\/schema\/person\/efa1b8275797664fd7f13a79ccc0b1f4"},"headline":"Docentes UArtes presentan avances y resultados de investigaci\u00f3n en Bogot\u00e1","datePublished":"2025-06-06T23:02:00+00:00","dateModified":"2025-06-09T05:07:11+00:00","mainEntityOfPage":{"@id":"https:\/\/www.uartes.edu.ec\/sitio\/blog\/2025\/06\/06\/docentes-de-la-universidad-de-las-artes-presentan-avances-y-resultados-de-investigacion-en-bogota\/"},"wordCount":889,"commentCount":0,"publisher":{"@id":"https:\/\/www.uartes.edu.ec\/sitio\/#organization"},"image":{"@id":"https:\/\/www.uartes.edu.ec\/sitio\/blog\/2025\/06\/06\/docentes-de-la-universidad-de-las-artes-presentan-avances-y-resultados-de-investigacion-en-bogota\/#primaryimage"},"thumbnailUrl":"https:\/\/www.uartes.edu.ec\/sitio\/wp-content\/uploads\/2025\/06\/01-CLACSO-WEB.jpg","keywords":["exposici\u00f3n"],"articleSection":["Acad\u00e9mico","Docentes","Gesti\u00f3n","Investigaci\u00f3n","Transversal"],"inLanguage":"es","potentialAction":[{"@type":"CommentAction","name":"Comment","target":["https:\/\/www.uartes.edu.ec\/sitio\/blog\/2025\/06\/06\/docentes-de-la-universidad-de-las-artes-presentan-avances-y-resultados-de-investigacion-en-bogota\/#respond"]}]},{"@type":["WebPage","ItemPage"],"@id":"https:\/\/www.uartes.edu.ec\/sitio\/blog\/2025\/06\/06\/docentes-de-la-universidad-de-las-artes-presentan-avances-y-resultados-de-investigacion-en-bogota\/","url":"https:\/\/www.uartes.edu.ec\/sitio\/blog\/2025\/06\/06\/docentes-de-la-universidad-de-las-artes-presentan-avances-y-resultados-de-investigacion-en-bogota\/","name":"Universidad de las Artes - Docentes UArtes presentan avances y resultados de investigaci\u00f3n en Bogot\u00e1","isPartOf":{"@id":"https:\/\/www.uartes.edu.ec\/sitio\/#website"},"primaryImageOfPage":{"@id":"https:\/\/www.uartes.edu.ec\/sitio\/blog\/2025\/06\/06\/docentes-de-la-universidad-de-las-artes-presentan-avances-y-resultados-de-investigacion-en-bogota\/#primaryimage"},"image":{"@id":"https:\/\/www.uartes.edu.ec\/sitio\/blog\/2025\/06\/06\/docentes-de-la-universidad-de-las-artes-presentan-avances-y-resultados-de-investigacion-en-bogota\/#primaryimage"},"thumbnailUrl":"https:\/\/www.uartes.edu.ec\/sitio\/wp-content\/uploads\/2025\/06\/01-CLACSO-WEB.jpg","datePublished":"2025-06-06T23:02:00+00:00","dateModified":"2025-06-09T05:07:11+00:00","description":"Universidad de las Artes - Docentes UArtes presentan avances y resultados de investigaci\u00f3n en Bogot\u00e1","breadcrumb":{"@id":"https:\/\/www.uartes.edu.ec\/sitio\/blog\/2025\/06\/06\/docentes-de-la-universidad-de-las-artes-presentan-avances-y-resultados-de-investigacion-en-bogota\/#breadcrumb"},"inLanguage":"es","potentialAction":[{"@type":"ReadAction","target":["https:\/\/www.uartes.edu.ec\/sitio\/blog\/2025\/06\/06\/docentes-de-la-universidad-de-las-artes-presentan-avances-y-resultados-de-investigacion-en-bogota\/"]}]},{"@type":"ImageObject","inLanguage":"es","@id":"https:\/\/www.uartes.edu.ec\/sitio\/blog\/2025\/06\/06\/docentes-de-la-universidad-de-las-artes-presentan-avances-y-resultados-de-investigacion-en-bogota\/#primaryimage","url":"https:\/\/www.uartes.edu.ec\/sitio\/wp-content\/uploads\/2025\/06\/01-CLACSO-WEB.jpg","contentUrl":"https:\/\/www.uartes.edu.ec\/sitio\/wp-content\/uploads\/2025\/06\/01-CLACSO-WEB.jpg","width":2000,"height":1333},{"@type":"BreadcrumbList","@id":"https:\/\/www.uartes.edu.ec\/sitio\/blog\/2025\/06\/06\/docentes-de-la-universidad-de-las-artes-presentan-avances-y-resultados-de-investigacion-en-bogota\/#breadcrumb","itemListElement":[{"@type":"ListItem","position":1,"name":"Inicio","item":"https:\/\/www.uartes.edu.ec\/sitio\/"},{"@type":"ListItem","position":2,"name":"Docentes UArtes presentan avances y resultados de investigaci\u00f3n en Bogot\u00e1"}]},{"@type":"WebSite","@id":"https:\/\/www.uartes.edu.ec\/sitio\/#website","url":"https:\/\/www.uartes.edu.ec\/sitio\/","name":"Universidad de las Artes","description":"Sitio oficial de la Universidad Nacional de las Artes del Ecuador","publisher":{"@id":"https:\/\/www.uartes.edu.ec\/sitio\/#organization"},"potentialAction":[{"@type":"SearchAction","target":{"@type":"EntryPoint","urlTemplate":"https:\/\/www.uartes.edu.ec\/sitio\/?s={search_term_string}"},"query-input":{"@type":"PropertyValueSpecification","valueRequired":true,"valueName":"search_term_string"}}],"inLanguage":"es"},{"@type":"Organization","@id":"https:\/\/www.uartes.edu.ec\/sitio\/#organization","name":"Universidad de las Artes","url":"https:\/\/www.uartes.edu.ec\/sitio\/","logo":{"@type":"ImageObject","inLanguage":"es","@id":"https:\/\/www.uartes.edu.ec\/sitio\/#\/schema\/logo\/image\/","url":"https:\/\/www.uartes.edu.ec\/sitio\/wp-content\/uploads\/2022\/07\/logo-ua-horizontal.png","contentUrl":"https:\/\/www.uartes.edu.ec\/sitio\/wp-content\/uploads\/2022\/07\/logo-ua-horizontal.png","width":800,"height":276,"caption":"Universidad de las Artes"},"image":{"@id":"https:\/\/www.uartes.edu.ec\/sitio\/#\/schema\/logo\/image\/"},"sameAs":["https:\/\/www.facebook.com\/uartesec","https:\/\/x.com\/uartesec","https:\/\/www.tiktok.com\/@uartesec"]},{"@type":"Person","@id":"https:\/\/www.uartes.edu.ec\/sitio\/#\/schema\/person\/efa1b8275797664fd7f13a79ccc0b1f4","name":"ccortez","image":{"@type":"ImageObject","inLanguage":"es","@id":"https:\/\/secure.gravatar.com\/avatar\/b2a6f664a3ae8e074346ef91775736c5ec479e637ecced6842de9dc98b5da9cd?s=96&d=mm&r=g","url":"https:\/\/secure.gravatar.com\/avatar\/b2a6f664a3ae8e074346ef91775736c5ec479e637ecced6842de9dc98b5da9cd?s=96&d=mm&r=g","contentUrl":"https:\/\/secure.gravatar.com\/avatar\/b2a6f664a3ae8e074346ef91775736c5ec479e637ecced6842de9dc98b5da9cd?s=96&d=mm&r=g","caption":"ccortez"},"url":"https:\/\/www.uartes.edu.ec\/sitio\/blog\/author\/ccortez\/"}]}},"uagb_featured_image_src":{"full":["https:\/\/www.uartes.edu.ec\/sitio\/wp-content\/uploads\/2025\/06\/01-CLACSO-WEB.jpg",2000,1333,false],"thumbnail":["https:\/\/www.uartes.edu.ec\/sitio\/wp-content\/uploads\/2025\/06\/01-CLACSO-WEB-150x150.jpg",150,150,true],"medium":["https:\/\/www.uartes.edu.ec\/sitio\/wp-content\/uploads\/2025\/06\/01-CLACSO-WEB-300x200.jpg",300,200,true],"medium_large":["https:\/\/www.uartes.edu.ec\/sitio\/wp-content\/uploads\/2025\/06\/01-CLACSO-WEB-768x512.jpg",768,512,true],"large":["https:\/\/www.uartes.edu.ec\/sitio\/wp-content\/uploads\/2025\/06\/01-CLACSO-WEB-644x429.jpg",644,429,true],"1536x1536":["https:\/\/www.uartes.edu.ec\/sitio\/wp-content\/uploads\/2025\/06\/01-CLACSO-WEB-1536x1024.jpg",1536,1024,true],"2048x2048":["https:\/\/www.uartes.edu.ec\/sitio\/wp-content\/uploads\/2025\/06\/01-CLACSO-WEB.jpg",2000,1333,false],"trp-custom-language-flag":["https:\/\/www.uartes.edu.ec\/sitio\/wp-content\/uploads\/2025\/06\/01-CLACSO-WEB-18x12.jpg",18,12,true],"htmega_size_585x295":["https:\/\/www.uartes.edu.ec\/sitio\/wp-content\/uploads\/2025\/06\/01-CLACSO-WEB-585x295.jpg",585,295,true],"htmega_size_1170x536":["https:\/\/www.uartes.edu.ec\/sitio\/wp-content\/uploads\/2025\/06\/01-CLACSO-WEB-1170x536.jpg",1170,536,true],"htmega_size_396x360":["https:\/\/www.uartes.edu.ec\/sitio\/wp-content\/uploads\/2025\/06\/01-CLACSO-WEB-396x360.jpg",396,360,true],"gb-block-post-grid-landscape":["https:\/\/www.uartes.edu.ec\/sitio\/wp-content\/uploads\/2025\/06\/01-CLACSO-WEB-600x400.jpg",600,400,true],"gb-block-post-grid-square":["https:\/\/www.uartes.edu.ec\/sitio\/wp-content\/uploads\/2025\/06\/01-CLACSO-WEB-600x600.jpg",600,600,true],"university-hub-thumb":["https:\/\/www.uartes.edu.ec\/sitio\/wp-content\/uploads\/2025\/06\/01-CLACSO-WEB-400x267.jpg",400,267,true]},"uagb_author_info":{"display_name":"ccortez","author_link":"https:\/\/www.uartes.edu.ec\/sitio\/blog\/author\/ccortez\/"},"uagb_comment_info":0,"uagb_excerpt":"La X Conferencia Latinoamericana y Caribe\u00f1a de Ciencias Sociales \u201cHorizontes y transformaciones para la igualdad. Democracias, resistencias, comunidades, derechos y paz\u201d es uno de los acontecimientos m\u00e1s importantes en nuestro continente, pues re\u00fane a investigadores, pol\u00edticos, activistas y otros intelectuales que trabajan en la producci\u00f3n de conocimiento cr\u00edtico desde la regi\u00f3n. Este a\u00f1o seis docentes&hellip;","featured_image_src":"https:\/\/www.uartes.edu.ec\/sitio\/wp-content\/uploads\/2025\/06\/01-CLACSO-WEB-600x400.jpg","featured_image_src_square":"https:\/\/www.uartes.edu.ec\/sitio\/wp-content\/uploads\/2025\/06\/01-CLACSO-WEB-600x600.jpg","author_info":{"display_name":"ccortez","author_link":"https:\/\/www.uartes.edu.ec\/sitio\/blog\/author\/ccortez\/"},"publishpress_future_workflow_manual_trigger":{"enabledWorkflows":[]},"distributor_meta":false,"distributor_terms":false,"distributor_media":false,"distributor_original_site_name":"Universidad de las Artes","distributor_original_site_url":"https:\/\/www.uartes.edu.ec\/sitio","push-errors":false,"_links":{"self":[{"href":"https:\/\/www.uartes.edu.ec\/sitio\/wp-json\/wp\/v2\/posts\/73236","targetHints":{"allow":["GET"]}}],"collection":[{"href":"https:\/\/www.uartes.edu.ec\/sitio\/wp-json\/wp\/v2\/posts"}],"about":[{"href":"https:\/\/www.uartes.edu.ec\/sitio\/wp-json\/wp\/v2\/types\/post"}],"author":[{"embeddable":true,"href":"https:\/\/www.uartes.edu.ec\/sitio\/wp-json\/wp\/v2\/users\/10"}],"replies":[{"embeddable":true,"href":"https:\/\/www.uartes.edu.ec\/sitio\/wp-json\/wp\/v2\/comments?post=73236"}],"version-history":[{"count":3,"href":"https:\/\/www.uartes.edu.ec\/sitio\/wp-json\/wp\/v2\/posts\/73236\/revisions"}],"predecessor-version":[{"id":73247,"href":"https:\/\/www.uartes.edu.ec\/sitio\/wp-json\/wp\/v2\/posts\/73236\/revisions\/73247"}],"wp:featuredmedia":[{"embeddable":true,"href":"https:\/\/www.uartes.edu.ec\/sitio\/wp-json\/wp\/v2\/media\/73237"}],"wp:attachment":[{"href":"https:\/\/www.uartes.edu.ec\/sitio\/wp-json\/wp\/v2\/media?parent=73236"}],"wp:term":[{"taxonomy":"category","embeddable":true,"href":"https:\/\/www.uartes.edu.ec\/sitio\/wp-json\/wp\/v2\/categories?post=73236"},{"taxonomy":"post_tag","embeddable":true,"href":"https:\/\/www.uartes.edu.ec\/sitio\/wp-json\/wp\/v2\/tags?post=73236"},{"taxonomy":"infouartes","embeddable":true,"href":"https:\/\/www.uartes.edu.ec\/sitio\/wp-json\/wp\/v2\/infouartes?post=73236"}],"curies":[{"name":"wp","href":"https:\/\/api.w.org\/{rel}","templated":true}]}}