{"id":7334,"date":"2020-06-29T17:15:28","date_gmt":"2020-06-29T22:15:28","guid":{"rendered":"http:\/\/www.uartes.edu.ec\/sitio\/?p=7334"},"modified":"2024-07-04T11:36:23","modified_gmt":"2024-07-04T16:36:23","slug":"eas-presenta-produccion-musical-pedagogia-e-investigacion-de-meining-cheung-y-luis-perez","status":"publish","type":"post","link":"https:\/\/www.uartes.edu.ec\/sitio\/blog\/2020\/06\/29\/eas-presenta-produccion-musical-pedagogia-e-investigacion-de-meining-cheung-y-luis-perez\/","title":{"rendered":"EAS presenta \u201cProducci\u00f3n Musical Pedagog\u00eda e Investigaci\u00f3n\u201d, de Meining Cheung y Luis P\u00e9rez"},"content":{"rendered":"\n<p>La Universidad de las Artes del Ecuador y su Escuela de Artes Sonoras presentan \u201cProducci\u00f3n&nbsp;Musical Pedagog\u00eda e Investigaci\u00f3n\u201d, una publicaci\u00f3n de UArtes Ediciones elaborada por los docentes Meining Cheung Ruiz y Luis P\u00e9rez Valero.<\/p>\n\n\n\n<p>\u201cLa producci\u00f3n musical m\u00e1s all\u00e1 del estudio de grabaci\u00f3n, vista desde la academia\u201d se lee en la solapa de la obra, en cuya contraportada sus autores indican, adem\u00e1s: La&nbsp;Producci\u00f3n&nbsp;Musical como carrera viene con fuerza inusitada gracias al avance tecnol\u00f3gico de la industria fonogr\u00e1fica y la democratizaci\u00f3n del arte de la grabaci\u00f3n. En este primer ejercicio presentamos una radiograf\u00eda que va desde la construcci\u00f3n de las mallas curriculares, la ense\u00f1anza, hasta una reafirmaci\u00f3n del campo f\u00e9rtil de esa disciplina dentro de la investigaci\u00f3n en artes. El productor genera obras que se consumen y son, a la vez, objeto de estudio por los te\u00f3ricos,&nbsp;exponentes de la relaci\u00f3n e interrelaci\u00f3n entre producto contexto. Es por eso \u00faltimo que, m\u00e1s all\u00e1 de tu actividad con el audio, exhibe la inexplicable relaci\u00f3n entre la historia, la sociolog\u00eda, los estudios culturales, las teor\u00edas de la percepci\u00f3n y la est\u00e9tica en general. Presentamos a la&nbsp;Producci\u00f3n&nbsp;Musical como una de las carreras multidisciplinarias m\u00e1s complejas de nuestros tiempos\u201d.<\/p>\n\n\n\n<p>Acerca de \u201cProducci\u00f3n&nbsp;Musical Pedagog\u00eda e Investigaci\u00f3n\u201d, Meining Cheung Ruiz se\u00f1ala que la obra, en coautor\u00eda con Luis P\u00e9rez Valero, \u201ces m\u00e1s como un recuento y reflexi\u00f3n de la formaci\u00f3n del productor empezando por la definici\u00f3n hacia las actividades que hemos dado en la ense\u00f1anza de Producci\u00f3n Musical, al menos para tener un antecedente, ya que poco se ha escrito y es necesario el antecedente, especialmente para la apertura de estas carreras, sean de pregrado o, m\u00e1s importante, de posgrado\u201d.<\/p>\n\n\n\n<p>Agrega que el prop\u00f3sito de la publicaci\u00f3n es poner tambi\u00e9n un poco en evidencia lo que estamos haciendo en los procesos de creaci\u00f3n de malla y de titulaci\u00f3n, como parte de las actividades de investigaci\u00f3n. \u201cTiene una descripci\u00f3n de las \u00e1reas de la carrera, as\u00ed como lo que significa ser productor. La idea es quiz\u00e1 que sea el inicio de otros documentos, art\u00edculos o investigaciones que profundicen m\u00e1s en las tem\u00e1ticas que hemos tocado\u201d.<\/p>\n\n\n\n<p>Luis P\u00e9rez Valero, coautor de la obra, se\u00f1ala que \u201cla Producci\u00f3n Musical ha sido concebida como un oficio, mas no como un proceso de ense\u00f1anza aprendizaje\u201d. He ah\u00ed la necesidad de desarrollar este trabajo literario y poder, del mismo modo, contestar al mundo si un estudiante est\u00e1 desarrollando una investigaci\u00f3n al hacer un EP, es una de las preguntas que como docentes e investigadores se han hecho los autores para desarrollo del mismo\u201d.&nbsp;<\/p>\n\n\n\n<p>\u201cProducci\u00f3n&nbsp;Musical Pedagog\u00eda e Investigaci\u00f3n\u201d es el resultado de la convocatoria 2019, realizada por UArtes Ediciones. La propuesta del libro fue evaluada por el comit\u00e9 editorial de la UArtes y una vez aprobada los autores desarrollaron el texto. Para terminar con el trabajo escrito, el proyecto de los docentes pas\u00f3 por un jurado de pares evaluadores, los cuales son an\u00f3nimos para no viciar el producto.&nbsp;<\/p>\n\n\n\n<p>El libro es el segundo trabajo editorial que nace en la Escuela de Artes Sonoras de la Universidad de las Artes. Actualmente, UArtes Ediciones mantiene abierta \u2013hasta el 28 de agosto\u2013 la convocatoria para otros autores.<\/p>\n\n\n\n<p>La presentaci\u00f3n \u201cProducci\u00f3n&nbsp;Musical Pedagog\u00eda e Investigaci\u00f3n\u201d se realiza este martes 30 de junio de 2020, a las 17:00, a trav\u00e9s de Facebook Live @uartesediciones.<\/p>\n","protected":false},"excerpt":{"rendered":"<p>La Universidad de las Artes del Ecuador y su Escuela de Artes Sonoras presentan \u201cProducci\u00f3n Musical Pedagog\u00eda e Investigaci\u00f3n\u201d, una publicaci\u00f3n de UArtes Ediciones elaborada por los docentes Meining Cheung Ruiz y Luis P\u00e9rez Valero.<\/p>\n","protected":false},"author":1,"featured_media":7337,"comment_status":"closed","ping_status":"closed","sticky":false,"template":"","format":"standard","meta":{"_acf_changed":false,"_uag_custom_page_level_css":"","_monsterinsights_skip_tracking":false,"_monsterinsights_sitenote_active":false,"_monsterinsights_sitenote_note":"","_monsterinsights_sitenote_category":0,"cybocfi_hide_featured_image":"","footnotes":""},"categories":[80,150,75,264,215],"tags":[211],"infouartes":[],"class_list":["post-7334","post","type-post","status-publish","format-standard","has-post-thumbnail","hentry","category-academico","category-artes-sonoras","category-docentes","category-maestrias","category-uartes-ediciones","tag-covid19"],"acf":[],"yoast_head":"<!-- This site is optimized with the Yoast SEO plugin v27.4 - https:\/\/yoast.com\/product\/yoast-seo-wordpress\/ -->\n<title>Universidad de las Artes - EAS presenta \u201cProducci\u00f3n Musical Pedagog\u00eda e Investigaci\u00f3n\u201d, de Meining Cheung y Luis P\u00e9rez<\/title>\n<meta name=\"description\" content=\"Universidad de las Artes - EAS presenta \u201cProducci\u00f3n Musical Pedagog\u00eda e Investigaci\u00f3n\u201d, de Meining Cheung y Luis P\u00e9rez\" \/>\n<meta name=\"robots\" content=\"index, follow, max-snippet:-1, max-image-preview:large, max-video-preview:-1\" \/>\n<link rel=\"canonical\" href=\"https:\/\/www.uartes.edu.ec\/sitio\/blog\/2020\/06\/29\/eas-presenta-produccion-musical-pedagogia-e-investigacion-de-meining-cheung-y-luis-perez\/\" \/>\n<meta property=\"og:locale\" content=\"es_ES\" \/>\n<meta property=\"og:type\" content=\"article\" \/>\n<meta property=\"og:title\" content=\"Universidad de las Artes - EAS presenta \u201cProducci\u00f3n Musical Pedagog\u00eda e Investigaci\u00f3n\u201d, de Meining Cheung y Luis P\u00e9rez\" \/>\n<meta property=\"og:description\" content=\"Universidad de las Artes - EAS presenta \u201cProducci\u00f3n Musical Pedagog\u00eda e Investigaci\u00f3n\u201d, de Meining Cheung y Luis P\u00e9rez\" \/>\n<meta property=\"og:url\" content=\"https:\/\/www.uartes.edu.ec\/sitio\/blog\/2020\/06\/29\/eas-presenta-produccion-musical-pedagogia-e-investigacion-de-meining-cheung-y-luis-perez\/\" \/>\n<meta property=\"og:site_name\" content=\"Universidad de las Artes\" \/>\n<meta property=\"article:publisher\" content=\"https:\/\/www.facebook.com\/uartesec\" \/>\n<meta property=\"article:published_time\" content=\"2020-06-29T22:15:28+00:00\" \/>\n<meta property=\"article:modified_time\" content=\"2024-07-04T16:36:23+00:00\" \/>\n<meta property=\"og:image\" content=\"https:\/\/www.uartes.edu.ec\/sitio\/wp-content\/uploads\/2020\/06\/ML.jpg\" \/>\n\t<meta property=\"og:image:width\" content=\"1609\" \/>\n\t<meta property=\"og:image:height\" content=\"1073\" \/>\n\t<meta property=\"og:image:type\" content=\"image\/jpeg\" \/>\n<meta name=\"author\" content=\"Universidad de las Artes\" \/>\n<meta name=\"twitter:card\" content=\"summary_large_image\" \/>\n<meta name=\"twitter:creator\" content=\"@uartesec\" \/>\n<meta name=\"twitter:site\" content=\"@uartesec\" \/>\n<meta name=\"twitter:label1\" content=\"Escrito por\" \/>\n\t<meta name=\"twitter:data1\" content=\"Universidad de las Artes\" \/>\n\t<meta name=\"twitter:label2\" content=\"Tiempo de lectura\" \/>\n\t<meta name=\"twitter:data2\" content=\"3 minutos\" \/>\n<script type=\"application\/ld+json\" class=\"yoast-schema-graph\">{\"@context\":\"https:\\\/\\\/schema.org\",\"@graph\":[{\"@type\":\"Article\",\"@id\":\"https:\\\/\\\/www.uartes.edu.ec\\\/sitio\\\/blog\\\/2020\\\/06\\\/29\\\/eas-presenta-produccion-musical-pedagogia-e-investigacion-de-meining-cheung-y-luis-perez\\\/#article\",\"isPartOf\":{\"@id\":\"https:\\\/\\\/www.uartes.edu.ec\\\/sitio\\\/blog\\\/2020\\\/06\\\/29\\\/eas-presenta-produccion-musical-pedagogia-e-investigacion-de-meining-cheung-y-luis-perez\\\/\"},\"author\":{\"name\":\"Universidad de las Artes\",\"@id\":\"https:\\\/\\\/www.uartes.edu.ec\\\/sitio\\\/#\\\/schema\\\/person\\\/f33f8c1d2af0d5c80a38c8abf458184a\"},\"headline\":\"EAS presenta \u201cProducci\u00f3n Musical Pedagog\u00eda e Investigaci\u00f3n\u201d, de Meining Cheung y Luis P\u00e9rez\",\"datePublished\":\"2020-06-29T22:15:28+00:00\",\"dateModified\":\"2024-07-04T16:36:23+00:00\",\"mainEntityOfPage\":{\"@id\":\"https:\\\/\\\/www.uartes.edu.ec\\\/sitio\\\/blog\\\/2020\\\/06\\\/29\\\/eas-presenta-produccion-musical-pedagogia-e-investigacion-de-meining-cheung-y-luis-perez\\\/\"},\"wordCount\":643,\"publisher\":{\"@id\":\"https:\\\/\\\/www.uartes.edu.ec\\\/sitio\\\/#organization\"},\"image\":{\"@id\":\"https:\\\/\\\/www.uartes.edu.ec\\\/sitio\\\/blog\\\/2020\\\/06\\\/29\\\/eas-presenta-produccion-musical-pedagogia-e-investigacion-de-meining-cheung-y-luis-perez\\\/#primaryimage\"},\"thumbnailUrl\":\"https:\\\/\\\/www.uartes.edu.ec\\\/sitio\\\/wp-content\\\/uploads\\\/2020\\\/06\\\/ML.jpg\",\"keywords\":[\"covid19\"],\"articleSection\":[\"Acad\u00e9mico\",\"Artes Sonoras\",\"Docentes\",\"Maestr\u00edas\",\"UArtes Ediciones\"],\"inLanguage\":\"es\"},{\"@type\":[\"WebPage\",\"ItemPage\"],\"@id\":\"https:\\\/\\\/www.uartes.edu.ec\\\/sitio\\\/blog\\\/2020\\\/06\\\/29\\\/eas-presenta-produccion-musical-pedagogia-e-investigacion-de-meining-cheung-y-luis-perez\\\/\",\"url\":\"https:\\\/\\\/www.uartes.edu.ec\\\/sitio\\\/blog\\\/2020\\\/06\\\/29\\\/eas-presenta-produccion-musical-pedagogia-e-investigacion-de-meining-cheung-y-luis-perez\\\/\",\"name\":\"Universidad de las Artes - EAS presenta \u201cProducci\u00f3n Musical Pedagog\u00eda e Investigaci\u00f3n\u201d, de Meining Cheung y Luis P\u00e9rez\",\"isPartOf\":{\"@id\":\"https:\\\/\\\/www.uartes.edu.ec\\\/sitio\\\/#website\"},\"primaryImageOfPage\":{\"@id\":\"https:\\\/\\\/www.uartes.edu.ec\\\/sitio\\\/blog\\\/2020\\\/06\\\/29\\\/eas-presenta-produccion-musical-pedagogia-e-investigacion-de-meining-cheung-y-luis-perez\\\/#primaryimage\"},\"image\":{\"@id\":\"https:\\\/\\\/www.uartes.edu.ec\\\/sitio\\\/blog\\\/2020\\\/06\\\/29\\\/eas-presenta-produccion-musical-pedagogia-e-investigacion-de-meining-cheung-y-luis-perez\\\/#primaryimage\"},\"thumbnailUrl\":\"https:\\\/\\\/www.uartes.edu.ec\\\/sitio\\\/wp-content\\\/uploads\\\/2020\\\/06\\\/ML.jpg\",\"datePublished\":\"2020-06-29T22:15:28+00:00\",\"dateModified\":\"2024-07-04T16:36:23+00:00\",\"description\":\"Universidad de las Artes - EAS presenta \u201cProducci\u00f3n Musical Pedagog\u00eda e Investigaci\u00f3n\u201d, de Meining Cheung y Luis P\u00e9rez\",\"breadcrumb\":{\"@id\":\"https:\\\/\\\/www.uartes.edu.ec\\\/sitio\\\/blog\\\/2020\\\/06\\\/29\\\/eas-presenta-produccion-musical-pedagogia-e-investigacion-de-meining-cheung-y-luis-perez\\\/#breadcrumb\"},\"inLanguage\":\"es\",\"potentialAction\":[{\"@type\":\"ReadAction\",\"target\":[\"https:\\\/\\\/www.uartes.edu.ec\\\/sitio\\\/blog\\\/2020\\\/06\\\/29\\\/eas-presenta-produccion-musical-pedagogia-e-investigacion-de-meining-cheung-y-luis-perez\\\/\"]}]},{\"@type\":\"ImageObject\",\"inLanguage\":\"es\",\"@id\":\"https:\\\/\\\/www.uartes.edu.ec\\\/sitio\\\/blog\\\/2020\\\/06\\\/29\\\/eas-presenta-produccion-musical-pedagogia-e-investigacion-de-meining-cheung-y-luis-perez\\\/#primaryimage\",\"url\":\"https:\\\/\\\/www.uartes.edu.ec\\\/sitio\\\/wp-content\\\/uploads\\\/2020\\\/06\\\/ML.jpg\",\"contentUrl\":\"https:\\\/\\\/www.uartes.edu.ec\\\/sitio\\\/wp-content\\\/uploads\\\/2020\\\/06\\\/ML.jpg\",\"width\":1609,\"height\":1073},{\"@type\":\"BreadcrumbList\",\"@id\":\"https:\\\/\\\/www.uartes.edu.ec\\\/sitio\\\/blog\\\/2020\\\/06\\\/29\\\/eas-presenta-produccion-musical-pedagogia-e-investigacion-de-meining-cheung-y-luis-perez\\\/#breadcrumb\",\"itemListElement\":[{\"@type\":\"ListItem\",\"position\":1,\"name\":\"Inicio\",\"item\":\"https:\\\/\\\/www.uartes.edu.ec\\\/sitio\\\/\"},{\"@type\":\"ListItem\",\"position\":2,\"name\":\"EAS presenta \u201cProducci\u00f3n Musical Pedagog\u00eda e Investigaci\u00f3n\u201d, de Meining Cheung y Luis P\u00e9rez\"}]},{\"@type\":\"WebSite\",\"@id\":\"https:\\\/\\\/www.uartes.edu.ec\\\/sitio\\\/#website\",\"url\":\"https:\\\/\\\/www.uartes.edu.ec\\\/sitio\\\/\",\"name\":\"Universidad de las Artes\",\"description\":\"Sitio oficial de la Universidad Nacional de las Artes del Ecuador\",\"publisher\":{\"@id\":\"https:\\\/\\\/www.uartes.edu.ec\\\/sitio\\\/#organization\"},\"potentialAction\":[{\"@type\":\"SearchAction\",\"target\":{\"@type\":\"EntryPoint\",\"urlTemplate\":\"https:\\\/\\\/www.uartes.edu.ec\\\/sitio\\\/?s={search_term_string}\"},\"query-input\":{\"@type\":\"PropertyValueSpecification\",\"valueRequired\":true,\"valueName\":\"search_term_string\"}}],\"inLanguage\":\"es\"},{\"@type\":\"Organization\",\"@id\":\"https:\\\/\\\/www.uartes.edu.ec\\\/sitio\\\/#organization\",\"name\":\"Universidad de las Artes\",\"url\":\"https:\\\/\\\/www.uartes.edu.ec\\\/sitio\\\/\",\"logo\":{\"@type\":\"ImageObject\",\"inLanguage\":\"es\",\"@id\":\"https:\\\/\\\/www.uartes.edu.ec\\\/sitio\\\/#\\\/schema\\\/logo\\\/image\\\/\",\"url\":\"https:\\\/\\\/www.uartes.edu.ec\\\/sitio\\\/wp-content\\\/uploads\\\/2022\\\/07\\\/logo-ua-horizontal.png\",\"contentUrl\":\"https:\\\/\\\/www.uartes.edu.ec\\\/sitio\\\/wp-content\\\/uploads\\\/2022\\\/07\\\/logo-ua-horizontal.png\",\"width\":800,\"height\":276,\"caption\":\"Universidad de las Artes\"},\"image\":{\"@id\":\"https:\\\/\\\/www.uartes.edu.ec\\\/sitio\\\/#\\\/schema\\\/logo\\\/image\\\/\"},\"sameAs\":[\"https:\\\/\\\/www.facebook.com\\\/uartesec\",\"https:\\\/\\\/x.com\\\/uartesec\",\"https:\\\/\\\/www.tiktok.com\\\/@uartesec\"]},{\"@type\":\"Person\",\"@id\":\"https:\\\/\\\/www.uartes.edu.ec\\\/sitio\\\/#\\\/schema\\\/person\\\/f33f8c1d2af0d5c80a38c8abf458184a\",\"name\":\"Universidad de las Artes\",\"image\":{\"@type\":\"ImageObject\",\"inLanguage\":\"es\",\"@id\":\"https:\\\/\\\/secure.gravatar.com\\\/avatar\\\/52e4757902f5cfa5ac52d020e5be83cae5487519154b6c35482fe08d589f3c13?s=96&d=mm&r=g\",\"url\":\"https:\\\/\\\/secure.gravatar.com\\\/avatar\\\/52e4757902f5cfa5ac52d020e5be83cae5487519154b6c35482fe08d589f3c13?s=96&d=mm&r=g\",\"contentUrl\":\"https:\\\/\\\/secure.gravatar.com\\\/avatar\\\/52e4757902f5cfa5ac52d020e5be83cae5487519154b6c35482fe08d589f3c13?s=96&d=mm&r=g\",\"caption\":\"Universidad de las Artes\"},\"url\":\"https:\\\/\\\/www.uartes.edu.ec\\\/sitio\\\/blog\\\/author\\\/dircomadm\\\/\"}]}<\/script>\n<!-- \/ Yoast SEO plugin. -->","yoast_head_json":{"title":"Universidad de las Artes - EAS presenta \u201cProducci\u00f3n Musical Pedagog\u00eda e Investigaci\u00f3n\u201d, de Meining Cheung y Luis P\u00e9rez","description":"Universidad de las Artes - EAS presenta \u201cProducci\u00f3n Musical Pedagog\u00eda e Investigaci\u00f3n\u201d, de Meining Cheung y Luis P\u00e9rez","robots":{"index":"index","follow":"follow","max-snippet":"max-snippet:-1","max-image-preview":"max-image-preview:large","max-video-preview":"max-video-preview:-1"},"canonical":"https:\/\/www.uartes.edu.ec\/sitio\/blog\/2020\/06\/29\/eas-presenta-produccion-musical-pedagogia-e-investigacion-de-meining-cheung-y-luis-perez\/","og_locale":"es_ES","og_type":"article","og_title":"Universidad de las Artes - EAS presenta \u201cProducci\u00f3n Musical Pedagog\u00eda e Investigaci\u00f3n\u201d, de Meining Cheung y Luis P\u00e9rez","og_description":"Universidad de las Artes - EAS presenta \u201cProducci\u00f3n Musical Pedagog\u00eda e Investigaci\u00f3n\u201d, de Meining Cheung y Luis P\u00e9rez","og_url":"https:\/\/www.uartes.edu.ec\/sitio\/blog\/2020\/06\/29\/eas-presenta-produccion-musical-pedagogia-e-investigacion-de-meining-cheung-y-luis-perez\/","og_site_name":"Universidad de las Artes","article_publisher":"https:\/\/www.facebook.com\/uartesec","article_published_time":"2020-06-29T22:15:28+00:00","article_modified_time":"2024-07-04T16:36:23+00:00","og_image":[{"width":1609,"height":1073,"url":"https:\/\/www.uartes.edu.ec\/sitio\/wp-content\/uploads\/2020\/06\/ML.jpg","type":"image\/jpeg"}],"author":"Universidad de las Artes","twitter_card":"summary_large_image","twitter_creator":"@uartesec","twitter_site":"@uartesec","twitter_misc":{"Escrito por":"Universidad de las Artes","Tiempo de lectura":"3 minutos"},"schema":{"@context":"https:\/\/schema.org","@graph":[{"@type":"Article","@id":"https:\/\/www.uartes.edu.ec\/sitio\/blog\/2020\/06\/29\/eas-presenta-produccion-musical-pedagogia-e-investigacion-de-meining-cheung-y-luis-perez\/#article","isPartOf":{"@id":"https:\/\/www.uartes.edu.ec\/sitio\/blog\/2020\/06\/29\/eas-presenta-produccion-musical-pedagogia-e-investigacion-de-meining-cheung-y-luis-perez\/"},"author":{"name":"Universidad de las Artes","@id":"https:\/\/www.uartes.edu.ec\/sitio\/#\/schema\/person\/f33f8c1d2af0d5c80a38c8abf458184a"},"headline":"EAS presenta \u201cProducci\u00f3n Musical Pedagog\u00eda e Investigaci\u00f3n\u201d, de Meining Cheung y Luis P\u00e9rez","datePublished":"2020-06-29T22:15:28+00:00","dateModified":"2024-07-04T16:36:23+00:00","mainEntityOfPage":{"@id":"https:\/\/www.uartes.edu.ec\/sitio\/blog\/2020\/06\/29\/eas-presenta-produccion-musical-pedagogia-e-investigacion-de-meining-cheung-y-luis-perez\/"},"wordCount":643,"publisher":{"@id":"https:\/\/www.uartes.edu.ec\/sitio\/#organization"},"image":{"@id":"https:\/\/www.uartes.edu.ec\/sitio\/blog\/2020\/06\/29\/eas-presenta-produccion-musical-pedagogia-e-investigacion-de-meining-cheung-y-luis-perez\/#primaryimage"},"thumbnailUrl":"https:\/\/www.uartes.edu.ec\/sitio\/wp-content\/uploads\/2020\/06\/ML.jpg","keywords":["covid19"],"articleSection":["Acad\u00e9mico","Artes Sonoras","Docentes","Maestr\u00edas","UArtes Ediciones"],"inLanguage":"es"},{"@type":["WebPage","ItemPage"],"@id":"https:\/\/www.uartes.edu.ec\/sitio\/blog\/2020\/06\/29\/eas-presenta-produccion-musical-pedagogia-e-investigacion-de-meining-cheung-y-luis-perez\/","url":"https:\/\/www.uartes.edu.ec\/sitio\/blog\/2020\/06\/29\/eas-presenta-produccion-musical-pedagogia-e-investigacion-de-meining-cheung-y-luis-perez\/","name":"Universidad de las Artes - EAS presenta \u201cProducci\u00f3n Musical Pedagog\u00eda e Investigaci\u00f3n\u201d, de Meining Cheung y Luis P\u00e9rez","isPartOf":{"@id":"https:\/\/www.uartes.edu.ec\/sitio\/#website"},"primaryImageOfPage":{"@id":"https:\/\/www.uartes.edu.ec\/sitio\/blog\/2020\/06\/29\/eas-presenta-produccion-musical-pedagogia-e-investigacion-de-meining-cheung-y-luis-perez\/#primaryimage"},"image":{"@id":"https:\/\/www.uartes.edu.ec\/sitio\/blog\/2020\/06\/29\/eas-presenta-produccion-musical-pedagogia-e-investigacion-de-meining-cheung-y-luis-perez\/#primaryimage"},"thumbnailUrl":"https:\/\/www.uartes.edu.ec\/sitio\/wp-content\/uploads\/2020\/06\/ML.jpg","datePublished":"2020-06-29T22:15:28+00:00","dateModified":"2024-07-04T16:36:23+00:00","description":"Universidad de las Artes - EAS presenta \u201cProducci\u00f3n Musical Pedagog\u00eda e Investigaci\u00f3n\u201d, de Meining Cheung y Luis P\u00e9rez","breadcrumb":{"@id":"https:\/\/www.uartes.edu.ec\/sitio\/blog\/2020\/06\/29\/eas-presenta-produccion-musical-pedagogia-e-investigacion-de-meining-cheung-y-luis-perez\/#breadcrumb"},"inLanguage":"es","potentialAction":[{"@type":"ReadAction","target":["https:\/\/www.uartes.edu.ec\/sitio\/blog\/2020\/06\/29\/eas-presenta-produccion-musical-pedagogia-e-investigacion-de-meining-cheung-y-luis-perez\/"]}]},{"@type":"ImageObject","inLanguage":"es","@id":"https:\/\/www.uartes.edu.ec\/sitio\/blog\/2020\/06\/29\/eas-presenta-produccion-musical-pedagogia-e-investigacion-de-meining-cheung-y-luis-perez\/#primaryimage","url":"https:\/\/www.uartes.edu.ec\/sitio\/wp-content\/uploads\/2020\/06\/ML.jpg","contentUrl":"https:\/\/www.uartes.edu.ec\/sitio\/wp-content\/uploads\/2020\/06\/ML.jpg","width":1609,"height":1073},{"@type":"BreadcrumbList","@id":"https:\/\/www.uartes.edu.ec\/sitio\/blog\/2020\/06\/29\/eas-presenta-produccion-musical-pedagogia-e-investigacion-de-meining-cheung-y-luis-perez\/#breadcrumb","itemListElement":[{"@type":"ListItem","position":1,"name":"Inicio","item":"https:\/\/www.uartes.edu.ec\/sitio\/"},{"@type":"ListItem","position":2,"name":"EAS presenta \u201cProducci\u00f3n Musical Pedagog\u00eda e Investigaci\u00f3n\u201d, de Meining Cheung y Luis P\u00e9rez"}]},{"@type":"WebSite","@id":"https:\/\/www.uartes.edu.ec\/sitio\/#website","url":"https:\/\/www.uartes.edu.ec\/sitio\/","name":"Universidad de las Artes","description":"Sitio oficial de la Universidad Nacional de las Artes del Ecuador","publisher":{"@id":"https:\/\/www.uartes.edu.ec\/sitio\/#organization"},"potentialAction":[{"@type":"SearchAction","target":{"@type":"EntryPoint","urlTemplate":"https:\/\/www.uartes.edu.ec\/sitio\/?s={search_term_string}"},"query-input":{"@type":"PropertyValueSpecification","valueRequired":true,"valueName":"search_term_string"}}],"inLanguage":"es"},{"@type":"Organization","@id":"https:\/\/www.uartes.edu.ec\/sitio\/#organization","name":"Universidad de las Artes","url":"https:\/\/www.uartes.edu.ec\/sitio\/","logo":{"@type":"ImageObject","inLanguage":"es","@id":"https:\/\/www.uartes.edu.ec\/sitio\/#\/schema\/logo\/image\/","url":"https:\/\/www.uartes.edu.ec\/sitio\/wp-content\/uploads\/2022\/07\/logo-ua-horizontal.png","contentUrl":"https:\/\/www.uartes.edu.ec\/sitio\/wp-content\/uploads\/2022\/07\/logo-ua-horizontal.png","width":800,"height":276,"caption":"Universidad de las Artes"},"image":{"@id":"https:\/\/www.uartes.edu.ec\/sitio\/#\/schema\/logo\/image\/"},"sameAs":["https:\/\/www.facebook.com\/uartesec","https:\/\/x.com\/uartesec","https:\/\/www.tiktok.com\/@uartesec"]},{"@type":"Person","@id":"https:\/\/www.uartes.edu.ec\/sitio\/#\/schema\/person\/f33f8c1d2af0d5c80a38c8abf458184a","name":"Universidad de las Artes","image":{"@type":"ImageObject","inLanguage":"es","@id":"https:\/\/secure.gravatar.com\/avatar\/52e4757902f5cfa5ac52d020e5be83cae5487519154b6c35482fe08d589f3c13?s=96&d=mm&r=g","url":"https:\/\/secure.gravatar.com\/avatar\/52e4757902f5cfa5ac52d020e5be83cae5487519154b6c35482fe08d589f3c13?s=96&d=mm&r=g","contentUrl":"https:\/\/secure.gravatar.com\/avatar\/52e4757902f5cfa5ac52d020e5be83cae5487519154b6c35482fe08d589f3c13?s=96&d=mm&r=g","caption":"Universidad de las Artes"},"url":"https:\/\/www.uartes.edu.ec\/sitio\/blog\/author\/dircomadm\/"}]}},"uagb_featured_image_src":{"full":["https:\/\/www.uartes.edu.ec\/sitio\/wp-content\/uploads\/2020\/06\/ML.jpg",1609,1073,false],"thumbnail":["https:\/\/www.uartes.edu.ec\/sitio\/wp-content\/uploads\/2020\/06\/ML-150x150.jpg",150,150,true],"medium":["https:\/\/www.uartes.edu.ec\/sitio\/wp-content\/uploads\/2020\/06\/ML-300x200.jpg",300,200,true],"medium_large":["https:\/\/www.uartes.edu.ec\/sitio\/wp-content\/uploads\/2020\/06\/ML-768x512.jpg",768,512,true],"large":["https:\/\/www.uartes.edu.ec\/sitio\/wp-content\/uploads\/2020\/06\/ML-644x429.jpg",644,429,true],"1536x1536":["https:\/\/www.uartes.edu.ec\/sitio\/wp-content\/uploads\/2020\/06\/ML-1536x1024.jpg",1536,1024,true],"2048x2048":["https:\/\/www.uartes.edu.ec\/sitio\/wp-content\/uploads\/2020\/06\/ML.jpg",1609,1073,false],"trp-custom-language-flag":["https:\/\/www.uartes.edu.ec\/sitio\/wp-content\/uploads\/2020\/06\/ML.jpg",18,12,false],"htmega_size_585x295":["https:\/\/www.uartes.edu.ec\/sitio\/wp-content\/uploads\/2020\/06\/ML.jpg",442,295,false],"htmega_size_1170x536":["https:\/\/www.uartes.edu.ec\/sitio\/wp-content\/uploads\/2020\/06\/ML.jpg",804,536,false],"htmega_size_396x360":["https:\/\/www.uartes.edu.ec\/sitio\/wp-content\/uploads\/2020\/06\/ML.jpg",396,264,false],"gb-block-post-grid-landscape":["https:\/\/www.uartes.edu.ec\/sitio\/wp-content\/uploads\/2020\/06\/ML.jpg",600,400,false],"gb-block-post-grid-square":["https:\/\/www.uartes.edu.ec\/sitio\/wp-content\/uploads\/2020\/06\/ML.jpg",600,400,false],"university-hub-thumb":["https:\/\/www.uartes.edu.ec\/sitio\/wp-content\/uploads\/2020\/06\/ML-400x267.jpg",400,267,true],"mailpoet_newsletter_max":["https:\/\/www.uartes.edu.ec\/sitio\/wp-content\/uploads\/2020\/06\/ML.jpg",1320,880,false]},"uagb_author_info":{"display_name":"Universidad de las Artes","author_link":"https:\/\/www.uartes.edu.ec\/sitio\/blog\/author\/dircomadm\/"},"uagb_comment_info":0,"uagb_excerpt":"La Universidad de las Artes del Ecuador y su Escuela de Artes Sonoras presentan \u201cProducci\u00f3n Musical Pedagog\u00eda e Investigaci\u00f3n\u201d, una publicaci\u00f3n de UArtes Ediciones elaborada por los docentes Meining Cheung Ruiz y Luis P\u00e9rez Valero.","featured_image_src":"https:\/\/www.uartes.edu.ec\/sitio\/wp-content\/uploads\/2020\/06\/ML.jpg","featured_image_src_square":"https:\/\/www.uartes.edu.ec\/sitio\/wp-content\/uploads\/2020\/06\/ML.jpg","author_info":{"display_name":"Universidad de las Artes","author_link":"https:\/\/www.uartes.edu.ec\/sitio\/blog\/author\/dircomadm\/"},"publishpress_future_workflow_manual_trigger":{"enabledWorkflows":[]},"distributor_meta":false,"distributor_terms":false,"distributor_media":false,"distributor_original_site_name":"Universidad de las Artes","distributor_original_site_url":"https:\/\/www.uartes.edu.ec\/sitio","push-errors":false,"_links":{"self":[{"href":"https:\/\/www.uartes.edu.ec\/sitio\/wp-json\/wp\/v2\/posts\/7334","targetHints":{"allow":["GET"]}}],"collection":[{"href":"https:\/\/www.uartes.edu.ec\/sitio\/wp-json\/wp\/v2\/posts"}],"about":[{"href":"https:\/\/www.uartes.edu.ec\/sitio\/wp-json\/wp\/v2\/types\/post"}],"author":[{"embeddable":true,"href":"https:\/\/www.uartes.edu.ec\/sitio\/wp-json\/wp\/v2\/users\/1"}],"replies":[{"embeddable":true,"href":"https:\/\/www.uartes.edu.ec\/sitio\/wp-json\/wp\/v2\/comments?post=7334"}],"version-history":[{"count":1,"href":"https:\/\/www.uartes.edu.ec\/sitio\/wp-json\/wp\/v2\/posts\/7334\/revisions"}],"predecessor-version":[{"id":7338,"href":"https:\/\/www.uartes.edu.ec\/sitio\/wp-json\/wp\/v2\/posts\/7334\/revisions\/7338"}],"wp:featuredmedia":[{"embeddable":true,"href":"https:\/\/www.uartes.edu.ec\/sitio\/wp-json\/wp\/v2\/media\/7337"}],"wp:attachment":[{"href":"https:\/\/www.uartes.edu.ec\/sitio\/wp-json\/wp\/v2\/media?parent=7334"}],"wp:term":[{"taxonomy":"category","embeddable":true,"href":"https:\/\/www.uartes.edu.ec\/sitio\/wp-json\/wp\/v2\/categories?post=7334"},{"taxonomy":"post_tag","embeddable":true,"href":"https:\/\/www.uartes.edu.ec\/sitio\/wp-json\/wp\/v2\/tags?post=7334"},{"taxonomy":"infouartes","embeddable":true,"href":"https:\/\/www.uartes.edu.ec\/sitio\/wp-json\/wp\/v2\/infouartes?post=7334"}],"curies":[{"name":"wp","href":"https:\/\/api.w.org\/{rel}","templated":true}]}}