{"id":73521,"date":"2025-06-12T19:20:04","date_gmt":"2025-06-13T00:20:04","guid":{"rendered":"https:\/\/www.uartes.edu.ec\/sitio\/?p=73521"},"modified":"2025-06-12T19:27:21","modified_gmt":"2025-06-13T00:27:21","slug":"docente-uartes-juan-jose-rocha-dicta-conferencia-a-maestrandos-de-la-unir-en-mexico","status":"publish","type":"post","link":"https:\/\/www.uartes.edu.ec\/sitio\/blog\/2025\/06\/12\/docente-uartes-juan-jose-rocha-dicta-conferencia-a-maestrandos-de-la-unir-en-mexico\/","title":{"rendered":"Docente UArtes Juan Jos\u00e9 Rocha dicta conferencia a maestrandos de la UNIR"},"content":{"rendered":"\n<p>\u201cInequidades y grietas hist\u00f3ricas entre el mestizaje y el pueblo afro\u201d. Es el t\u00edtulo de la conferencia que el mag\u00edster Juan Jos\u00e9 Rocha Espinoza, docente de la carrera de Educaci\u00f3n Art\u00edstica Intercultural de la Escuela de Literatura y director de Acompa\u00f1amiento al \u00c9xito Acad\u00e9mico de la UArtes, dict\u00f3 este martes 10 de junio a los estudiantes de la maestr\u00eda en Comunicaci\u00f3n y Marketing Pol\u00edtico de la Universidad Internacional de La Rioja (UNIR), en M\u00e9xico.<\/p>\n\n\n\n<p>Su ponencia tuvo como objetivo profundizar sobre el estado de desigualdad en el que se encuentran las poblaciones afrodescendientes de Am\u00e9rica Latina, haciendo una comparativa de los casos de estudios entre Ecuador y M\u00e9xico. En su exposici\u00f3n, Juan Jos\u00e9 Rocha ahond\u00f3 en el paradigma cultural occidental heredado desde la conquista espa\u00f1ola y c\u00f3mo este ha perdurado en el tiempo, promoviendo desigualdad en las poblaciones ind\u00edgenas, montubias y afrodescendientes, adem\u00e1s del respectivo blanqueamiento de la sociedad, promovido por los medios de comunicaci\u00f3n.<\/p>\n\n\n<div class=\"wp-block-image\">\n<figure class=\"aligncenter size-large\"><img fetchpriority=\"high\" decoding=\"async\" width=\"644\" height=\"429\" src=\"https:\/\/www.uartes.edu.ec\/sitio\/wp-content\/uploads\/2025\/06\/02-JJR-UARTES-UNIR-644x429.jpg\" alt=\"\" class=\"wp-image-73523\" srcset=\"https:\/\/www.uartes.edu.ec\/sitio\/wp-content\/uploads\/2025\/06\/02-JJR-UARTES-UNIR-644x429.jpg 644w, https:\/\/www.uartes.edu.ec\/sitio\/wp-content\/uploads\/2025\/06\/02-JJR-UARTES-UNIR-300x200.jpg 300w, https:\/\/www.uartes.edu.ec\/sitio\/wp-content\/uploads\/2025\/06\/02-JJR-UARTES-UNIR-768x512.jpg 768w, https:\/\/www.uartes.edu.ec\/sitio\/wp-content\/uploads\/2025\/06\/02-JJR-UARTES-UNIR-1536x1024.jpg 1536w, https:\/\/www.uartes.edu.ec\/sitio\/wp-content\/uploads\/2025\/06\/02-JJR-UARTES-UNIR-18x12.jpg 18w, https:\/\/www.uartes.edu.ec\/sitio\/wp-content\/uploads\/2025\/06\/02-JJR-UARTES-UNIR-600x400.jpg 600w, https:\/\/www.uartes.edu.ec\/sitio\/wp-content\/uploads\/2025\/06\/02-JJR-UARTES-UNIR-400x267.jpg 400w, https:\/\/www.uartes.edu.ec\/sitio\/wp-content\/uploads\/2025\/06\/02-JJR-UARTES-UNIR.jpg 2000w\" sizes=\"(max-width: 644px) 100vw, 644px\" \/><\/figure>\n<\/div>\n\n\n<p>Abord\u00f3 tambi\u00e9n la importancia de que el gobierno de los Estados Unidos Mexicanos est\u00e1 dando al pueblo afromexicano, pues desde el 2019 fueron reconocidos como parte de la poblaci\u00f3n mexicana mediante la reforma del Art\u00edculo 2 de la Constituci\u00f3n. Adem\u00e1s, se pudo profundizar sobre el Plan Nacional de Desarrollo del Gobierno de M\u00e9xico, el cual propone objetivos estrat\u00e9gicos para el desarrollo de las poblaciones ind\u00edgenas y afromexicanas.<\/p>\n\n\n\n<p>En el contexto de la pol\u00edtica p\u00fablica mexicana, el tema de las poblaciones afrodescendientes se encuentra como un eje transversal en el que las instituciones p\u00fablicas y la academia trabajan para el desarrollo de esta poblaci\u00f3n de atenci\u00f3n prioritaria. Este intercambio acad\u00e9mico trajo consigo un reconocimiento al docente UArtes Juan Jos\u00e9 Rocha, mediante el certificado otorgado por la Universidad Internacional de La Rioja en M\u00e9xico.<\/p>\n\n\n\n<p>Texto e im\u00e1genes: con la colaboraci\u00f3n de Juan Jos\u00e9 Rocha, docente de la carrera de Educaci\u00f3n Art\u00edstica Intercultural y director de Acompa\u00f1amiento al \u00c9xito Acad\u00e9mico de la UArtes.<\/p>\n\n\n\n<p><\/p>\n","protected":false},"excerpt":{"rendered":"<p>\u201cInequidades y grietas hist\u00f3ricas entre el mestizaje y el pueblo afro\u201d. Es el t\u00edtulo de la conferencia que el mag\u00edster Juan Jos\u00e9 Rocha Espinoza, docente de la carrera de Educaci\u00f3n Art\u00edstica Intercultural de la Escuela de Literatura y director de Acompa\u00f1amiento al \u00c9xito Acad\u00e9mico de la UArtes, dict\u00f3 este martes 10 de junio a los estudiantes de la maestr\u00eda en Comunicaci\u00f3n y Marketing Pol\u00edtico de la Universidad Internacional de La Rioja (UNIR), en M\u00e9xico.<\/p>\n","protected":false},"author":10,"featured_media":73522,"comment_status":"open","ping_status":"open","sticky":false,"template":"","format":"standard","meta":{"_acf_changed":false,"_uag_custom_page_level_css":"","_monsterinsights_skip_tracking":false,"_monsterinsights_sitenote_active":false,"_monsterinsights_sitenote_note":"","_monsterinsights_sitenote_category":0,"cybocfi_hide_featured_image":"","footnotes":""},"categories":[80,75,77,175],"tags":[517],"infouartes":[],"class_list":["post-73521","post","type-post","status-publish","format-standard","has-post-thumbnail","hentry","category-academico","category-docentes","category-gestion","category-literatura","tag-exposicion"],"acf":[],"yoast_head":"<!-- This site is optimized with the Yoast SEO plugin v27.4 - https:\/\/yoast.com\/product\/yoast-seo-wordpress\/ -->\n<title>Universidad de las Artes - Docente UArtes Juan Jos\u00e9 Rocha dicta conferencia a maestrandos de la UNIR<\/title>\n<meta name=\"description\" content=\"Universidad de las Artes - Docente UArtes Juan Jos\u00e9 Rocha dicta conferencia a maestrandos de la UNIR\" \/>\n<meta name=\"robots\" content=\"index, follow, max-snippet:-1, max-image-preview:large, max-video-preview:-1\" \/>\n<link rel=\"canonical\" href=\"https:\/\/www.uartes.edu.ec\/sitio\/blog\/2025\/06\/12\/docente-uartes-juan-jose-rocha-dicta-conferencia-a-maestrandos-de-la-unir-en-mexico\/\" \/>\n<meta property=\"og:locale\" content=\"es_ES\" \/>\n<meta property=\"og:type\" content=\"article\" \/>\n<meta property=\"og:title\" content=\"Universidad de las Artes - Docente UArtes Juan Jos\u00e9 Rocha dicta conferencia a maestrandos de la UNIR\" \/>\n<meta property=\"og:description\" content=\"Universidad de las Artes - Docente UArtes Juan Jos\u00e9 Rocha dicta conferencia a maestrandos de la UNIR\" \/>\n<meta property=\"og:url\" content=\"https:\/\/www.uartes.edu.ec\/sitio\/blog\/2025\/06\/12\/docente-uartes-juan-jose-rocha-dicta-conferencia-a-maestrandos-de-la-unir-en-mexico\/\" \/>\n<meta property=\"og:site_name\" content=\"Universidad de las Artes\" \/>\n<meta property=\"article:publisher\" content=\"https:\/\/www.facebook.com\/uartesec\" \/>\n<meta property=\"article:published_time\" content=\"2025-06-13T00:20:04+00:00\" \/>\n<meta property=\"article:modified_time\" content=\"2025-06-13T00:27:21+00:00\" \/>\n<meta property=\"og:image\" content=\"https:\/\/www.uartes.edu.ec\/sitio\/wp-content\/uploads\/2025\/06\/01-JJR-UARTES-UNIR.jpg\" \/>\n\t<meta property=\"og:image:width\" content=\"2000\" \/>\n\t<meta property=\"og:image:height\" content=\"1333\" \/>\n\t<meta property=\"og:image:type\" content=\"image\/jpeg\" \/>\n<meta name=\"author\" content=\"ccortez\" \/>\n<meta name=\"twitter:card\" content=\"summary_large_image\" \/>\n<meta name=\"twitter:creator\" content=\"@uartesec\" \/>\n<meta name=\"twitter:site\" content=\"@uartesec\" \/>\n<meta name=\"twitter:label1\" content=\"Escrito por\" \/>\n\t<meta name=\"twitter:data1\" content=\"ccortez\" \/>\n\t<meta name=\"twitter:label2\" content=\"Tiempo de lectura\" \/>\n\t<meta name=\"twitter:data2\" content=\"2 minutos\" \/>\n<script type=\"application\/ld+json\" class=\"yoast-schema-graph\">{\"@context\":\"https:\\\/\\\/schema.org\",\"@graph\":[{\"@type\":\"Article\",\"@id\":\"https:\\\/\\\/www.uartes.edu.ec\\\/sitio\\\/blog\\\/2025\\\/06\\\/12\\\/docente-uartes-juan-jose-rocha-dicta-conferencia-a-maestrandos-de-la-unir-en-mexico\\\/#article\",\"isPartOf\":{\"@id\":\"https:\\\/\\\/www.uartes.edu.ec\\\/sitio\\\/blog\\\/2025\\\/06\\\/12\\\/docente-uartes-juan-jose-rocha-dicta-conferencia-a-maestrandos-de-la-unir-en-mexico\\\/\"},\"author\":{\"name\":\"ccortez\",\"@id\":\"https:\\\/\\\/www.uartes.edu.ec\\\/sitio\\\/#\\\/schema\\\/person\\\/efa1b8275797664fd7f13a79ccc0b1f4\"},\"headline\":\"Docente UArtes Juan Jos\u00e9 Rocha dicta conferencia a maestrandos de la UNIR\",\"datePublished\":\"2025-06-13T00:20:04+00:00\",\"dateModified\":\"2025-06-13T00:27:21+00:00\",\"mainEntityOfPage\":{\"@id\":\"https:\\\/\\\/www.uartes.edu.ec\\\/sitio\\\/blog\\\/2025\\\/06\\\/12\\\/docente-uartes-juan-jose-rocha-dicta-conferencia-a-maestrandos-de-la-unir-en-mexico\\\/\"},\"wordCount\":364,\"commentCount\":0,\"publisher\":{\"@id\":\"https:\\\/\\\/www.uartes.edu.ec\\\/sitio\\\/#organization\"},\"image\":{\"@id\":\"https:\\\/\\\/www.uartes.edu.ec\\\/sitio\\\/blog\\\/2025\\\/06\\\/12\\\/docente-uartes-juan-jose-rocha-dicta-conferencia-a-maestrandos-de-la-unir-en-mexico\\\/#primaryimage\"},\"thumbnailUrl\":\"https:\\\/\\\/www.uartes.edu.ec\\\/sitio\\\/wp-content\\\/uploads\\\/2025\\\/06\\\/01-JJR-UARTES-UNIR.jpg\",\"keywords\":[\"exposici\u00f3n\"],\"articleSection\":[\"Acad\u00e9mico\",\"Docentes\",\"Gesti\u00f3n\",\"Literatura\"],\"inLanguage\":\"es\",\"potentialAction\":[{\"@type\":\"CommentAction\",\"name\":\"Comment\",\"target\":[\"https:\\\/\\\/www.uartes.edu.ec\\\/sitio\\\/blog\\\/2025\\\/06\\\/12\\\/docente-uartes-juan-jose-rocha-dicta-conferencia-a-maestrandos-de-la-unir-en-mexico\\\/#respond\"]}]},{\"@type\":[\"WebPage\",\"ItemPage\"],\"@id\":\"https:\\\/\\\/www.uartes.edu.ec\\\/sitio\\\/blog\\\/2025\\\/06\\\/12\\\/docente-uartes-juan-jose-rocha-dicta-conferencia-a-maestrandos-de-la-unir-en-mexico\\\/\",\"url\":\"https:\\\/\\\/www.uartes.edu.ec\\\/sitio\\\/blog\\\/2025\\\/06\\\/12\\\/docente-uartes-juan-jose-rocha-dicta-conferencia-a-maestrandos-de-la-unir-en-mexico\\\/\",\"name\":\"Universidad de las Artes - Docente UArtes Juan Jos\u00e9 Rocha dicta conferencia a maestrandos de la UNIR\",\"isPartOf\":{\"@id\":\"https:\\\/\\\/www.uartes.edu.ec\\\/sitio\\\/#website\"},\"primaryImageOfPage\":{\"@id\":\"https:\\\/\\\/www.uartes.edu.ec\\\/sitio\\\/blog\\\/2025\\\/06\\\/12\\\/docente-uartes-juan-jose-rocha-dicta-conferencia-a-maestrandos-de-la-unir-en-mexico\\\/#primaryimage\"},\"image\":{\"@id\":\"https:\\\/\\\/www.uartes.edu.ec\\\/sitio\\\/blog\\\/2025\\\/06\\\/12\\\/docente-uartes-juan-jose-rocha-dicta-conferencia-a-maestrandos-de-la-unir-en-mexico\\\/#primaryimage\"},\"thumbnailUrl\":\"https:\\\/\\\/www.uartes.edu.ec\\\/sitio\\\/wp-content\\\/uploads\\\/2025\\\/06\\\/01-JJR-UARTES-UNIR.jpg\",\"datePublished\":\"2025-06-13T00:20:04+00:00\",\"dateModified\":\"2025-06-13T00:27:21+00:00\",\"description\":\"Universidad de las Artes - Docente UArtes Juan Jos\u00e9 Rocha dicta conferencia a maestrandos de la UNIR\",\"breadcrumb\":{\"@id\":\"https:\\\/\\\/www.uartes.edu.ec\\\/sitio\\\/blog\\\/2025\\\/06\\\/12\\\/docente-uartes-juan-jose-rocha-dicta-conferencia-a-maestrandos-de-la-unir-en-mexico\\\/#breadcrumb\"},\"inLanguage\":\"es\",\"potentialAction\":[{\"@type\":\"ReadAction\",\"target\":[\"https:\\\/\\\/www.uartes.edu.ec\\\/sitio\\\/blog\\\/2025\\\/06\\\/12\\\/docente-uartes-juan-jose-rocha-dicta-conferencia-a-maestrandos-de-la-unir-en-mexico\\\/\"]}]},{\"@type\":\"ImageObject\",\"inLanguage\":\"es\",\"@id\":\"https:\\\/\\\/www.uartes.edu.ec\\\/sitio\\\/blog\\\/2025\\\/06\\\/12\\\/docente-uartes-juan-jose-rocha-dicta-conferencia-a-maestrandos-de-la-unir-en-mexico\\\/#primaryimage\",\"url\":\"https:\\\/\\\/www.uartes.edu.ec\\\/sitio\\\/wp-content\\\/uploads\\\/2025\\\/06\\\/01-JJR-UARTES-UNIR.jpg\",\"contentUrl\":\"https:\\\/\\\/www.uartes.edu.ec\\\/sitio\\\/wp-content\\\/uploads\\\/2025\\\/06\\\/01-JJR-UARTES-UNIR.jpg\",\"width\":2000,\"height\":1333},{\"@type\":\"BreadcrumbList\",\"@id\":\"https:\\\/\\\/www.uartes.edu.ec\\\/sitio\\\/blog\\\/2025\\\/06\\\/12\\\/docente-uartes-juan-jose-rocha-dicta-conferencia-a-maestrandos-de-la-unir-en-mexico\\\/#breadcrumb\",\"itemListElement\":[{\"@type\":\"ListItem\",\"position\":1,\"name\":\"Inicio\",\"item\":\"https:\\\/\\\/www.uartes.edu.ec\\\/sitio\\\/\"},{\"@type\":\"ListItem\",\"position\":2,\"name\":\"Docente UArtes Juan Jos\u00e9 Rocha dicta conferencia a maestrandos de la UNIR\"}]},{\"@type\":\"WebSite\",\"@id\":\"https:\\\/\\\/www.uartes.edu.ec\\\/sitio\\\/#website\",\"url\":\"https:\\\/\\\/www.uartes.edu.ec\\\/sitio\\\/\",\"name\":\"Universidad de las Artes\",\"description\":\"Sitio oficial de la Universidad Nacional de las Artes del Ecuador\",\"publisher\":{\"@id\":\"https:\\\/\\\/www.uartes.edu.ec\\\/sitio\\\/#organization\"},\"potentialAction\":[{\"@type\":\"SearchAction\",\"target\":{\"@type\":\"EntryPoint\",\"urlTemplate\":\"https:\\\/\\\/www.uartes.edu.ec\\\/sitio\\\/?s={search_term_string}\"},\"query-input\":{\"@type\":\"PropertyValueSpecification\",\"valueRequired\":true,\"valueName\":\"search_term_string\"}}],\"inLanguage\":\"es\"},{\"@type\":\"Organization\",\"@id\":\"https:\\\/\\\/www.uartes.edu.ec\\\/sitio\\\/#organization\",\"name\":\"Universidad de las Artes\",\"url\":\"https:\\\/\\\/www.uartes.edu.ec\\\/sitio\\\/\",\"logo\":{\"@type\":\"ImageObject\",\"inLanguage\":\"es\",\"@id\":\"https:\\\/\\\/www.uartes.edu.ec\\\/sitio\\\/#\\\/schema\\\/logo\\\/image\\\/\",\"url\":\"https:\\\/\\\/www.uartes.edu.ec\\\/sitio\\\/wp-content\\\/uploads\\\/2022\\\/07\\\/logo-ua-horizontal.png\",\"contentUrl\":\"https:\\\/\\\/www.uartes.edu.ec\\\/sitio\\\/wp-content\\\/uploads\\\/2022\\\/07\\\/logo-ua-horizontal.png\",\"width\":800,\"height\":276,\"caption\":\"Universidad de las Artes\"},\"image\":{\"@id\":\"https:\\\/\\\/www.uartes.edu.ec\\\/sitio\\\/#\\\/schema\\\/logo\\\/image\\\/\"},\"sameAs\":[\"https:\\\/\\\/www.facebook.com\\\/uartesec\",\"https:\\\/\\\/x.com\\\/uartesec\",\"https:\\\/\\\/www.tiktok.com\\\/@uartesec\"]},{\"@type\":\"Person\",\"@id\":\"https:\\\/\\\/www.uartes.edu.ec\\\/sitio\\\/#\\\/schema\\\/person\\\/efa1b8275797664fd7f13a79ccc0b1f4\",\"name\":\"ccortez\",\"image\":{\"@type\":\"ImageObject\",\"inLanguage\":\"es\",\"@id\":\"https:\\\/\\\/secure.gravatar.com\\\/avatar\\\/b2a6f664a3ae8e074346ef91775736c5ec479e637ecced6842de9dc98b5da9cd?s=96&d=mm&r=g\",\"url\":\"https:\\\/\\\/secure.gravatar.com\\\/avatar\\\/b2a6f664a3ae8e074346ef91775736c5ec479e637ecced6842de9dc98b5da9cd?s=96&d=mm&r=g\",\"contentUrl\":\"https:\\\/\\\/secure.gravatar.com\\\/avatar\\\/b2a6f664a3ae8e074346ef91775736c5ec479e637ecced6842de9dc98b5da9cd?s=96&d=mm&r=g\",\"caption\":\"ccortez\"},\"url\":\"https:\\\/\\\/www.uartes.edu.ec\\\/sitio\\\/blog\\\/author\\\/ccortez\\\/\"}]}<\/script>\n<!-- \/ Yoast SEO plugin. -->","yoast_head_json":{"title":"Universidad de las Artes - Docente UArtes Juan Jos\u00e9 Rocha dicta conferencia a maestrandos de la UNIR","description":"Universidad de las Artes - Docente UArtes Juan Jos\u00e9 Rocha dicta conferencia a maestrandos de la UNIR","robots":{"index":"index","follow":"follow","max-snippet":"max-snippet:-1","max-image-preview":"max-image-preview:large","max-video-preview":"max-video-preview:-1"},"canonical":"https:\/\/www.uartes.edu.ec\/sitio\/blog\/2025\/06\/12\/docente-uartes-juan-jose-rocha-dicta-conferencia-a-maestrandos-de-la-unir-en-mexico\/","og_locale":"es_ES","og_type":"article","og_title":"Universidad de las Artes - Docente UArtes Juan Jos\u00e9 Rocha dicta conferencia a maestrandos de la UNIR","og_description":"Universidad de las Artes - Docente UArtes Juan Jos\u00e9 Rocha dicta conferencia a maestrandos de la UNIR","og_url":"https:\/\/www.uartes.edu.ec\/sitio\/blog\/2025\/06\/12\/docente-uartes-juan-jose-rocha-dicta-conferencia-a-maestrandos-de-la-unir-en-mexico\/","og_site_name":"Universidad de las Artes","article_publisher":"https:\/\/www.facebook.com\/uartesec","article_published_time":"2025-06-13T00:20:04+00:00","article_modified_time":"2025-06-13T00:27:21+00:00","og_image":[{"width":2000,"height":1333,"url":"https:\/\/www.uartes.edu.ec\/sitio\/wp-content\/uploads\/2025\/06\/01-JJR-UARTES-UNIR.jpg","type":"image\/jpeg"}],"author":"ccortez","twitter_card":"summary_large_image","twitter_creator":"@uartesec","twitter_site":"@uartesec","twitter_misc":{"Escrito por":"ccortez","Tiempo de lectura":"2 minutos"},"schema":{"@context":"https:\/\/schema.org","@graph":[{"@type":"Article","@id":"https:\/\/www.uartes.edu.ec\/sitio\/blog\/2025\/06\/12\/docente-uartes-juan-jose-rocha-dicta-conferencia-a-maestrandos-de-la-unir-en-mexico\/#article","isPartOf":{"@id":"https:\/\/www.uartes.edu.ec\/sitio\/blog\/2025\/06\/12\/docente-uartes-juan-jose-rocha-dicta-conferencia-a-maestrandos-de-la-unir-en-mexico\/"},"author":{"name":"ccortez","@id":"https:\/\/www.uartes.edu.ec\/sitio\/#\/schema\/person\/efa1b8275797664fd7f13a79ccc0b1f4"},"headline":"Docente UArtes Juan Jos\u00e9 Rocha dicta conferencia a maestrandos de la UNIR","datePublished":"2025-06-13T00:20:04+00:00","dateModified":"2025-06-13T00:27:21+00:00","mainEntityOfPage":{"@id":"https:\/\/www.uartes.edu.ec\/sitio\/blog\/2025\/06\/12\/docente-uartes-juan-jose-rocha-dicta-conferencia-a-maestrandos-de-la-unir-en-mexico\/"},"wordCount":364,"commentCount":0,"publisher":{"@id":"https:\/\/www.uartes.edu.ec\/sitio\/#organization"},"image":{"@id":"https:\/\/www.uartes.edu.ec\/sitio\/blog\/2025\/06\/12\/docente-uartes-juan-jose-rocha-dicta-conferencia-a-maestrandos-de-la-unir-en-mexico\/#primaryimage"},"thumbnailUrl":"https:\/\/www.uartes.edu.ec\/sitio\/wp-content\/uploads\/2025\/06\/01-JJR-UARTES-UNIR.jpg","keywords":["exposici\u00f3n"],"articleSection":["Acad\u00e9mico","Docentes","Gesti\u00f3n","Literatura"],"inLanguage":"es","potentialAction":[{"@type":"CommentAction","name":"Comment","target":["https:\/\/www.uartes.edu.ec\/sitio\/blog\/2025\/06\/12\/docente-uartes-juan-jose-rocha-dicta-conferencia-a-maestrandos-de-la-unir-en-mexico\/#respond"]}]},{"@type":["WebPage","ItemPage"],"@id":"https:\/\/www.uartes.edu.ec\/sitio\/blog\/2025\/06\/12\/docente-uartes-juan-jose-rocha-dicta-conferencia-a-maestrandos-de-la-unir-en-mexico\/","url":"https:\/\/www.uartes.edu.ec\/sitio\/blog\/2025\/06\/12\/docente-uartes-juan-jose-rocha-dicta-conferencia-a-maestrandos-de-la-unir-en-mexico\/","name":"Universidad de las Artes - Docente UArtes Juan Jos\u00e9 Rocha dicta conferencia a maestrandos de la UNIR","isPartOf":{"@id":"https:\/\/www.uartes.edu.ec\/sitio\/#website"},"primaryImageOfPage":{"@id":"https:\/\/www.uartes.edu.ec\/sitio\/blog\/2025\/06\/12\/docente-uartes-juan-jose-rocha-dicta-conferencia-a-maestrandos-de-la-unir-en-mexico\/#primaryimage"},"image":{"@id":"https:\/\/www.uartes.edu.ec\/sitio\/blog\/2025\/06\/12\/docente-uartes-juan-jose-rocha-dicta-conferencia-a-maestrandos-de-la-unir-en-mexico\/#primaryimage"},"thumbnailUrl":"https:\/\/www.uartes.edu.ec\/sitio\/wp-content\/uploads\/2025\/06\/01-JJR-UARTES-UNIR.jpg","datePublished":"2025-06-13T00:20:04+00:00","dateModified":"2025-06-13T00:27:21+00:00","description":"Universidad de las Artes - Docente UArtes Juan Jos\u00e9 Rocha dicta conferencia a maestrandos de la UNIR","breadcrumb":{"@id":"https:\/\/www.uartes.edu.ec\/sitio\/blog\/2025\/06\/12\/docente-uartes-juan-jose-rocha-dicta-conferencia-a-maestrandos-de-la-unir-en-mexico\/#breadcrumb"},"inLanguage":"es","potentialAction":[{"@type":"ReadAction","target":["https:\/\/www.uartes.edu.ec\/sitio\/blog\/2025\/06\/12\/docente-uartes-juan-jose-rocha-dicta-conferencia-a-maestrandos-de-la-unir-en-mexico\/"]}]},{"@type":"ImageObject","inLanguage":"es","@id":"https:\/\/www.uartes.edu.ec\/sitio\/blog\/2025\/06\/12\/docente-uartes-juan-jose-rocha-dicta-conferencia-a-maestrandos-de-la-unir-en-mexico\/#primaryimage","url":"https:\/\/www.uartes.edu.ec\/sitio\/wp-content\/uploads\/2025\/06\/01-JJR-UARTES-UNIR.jpg","contentUrl":"https:\/\/www.uartes.edu.ec\/sitio\/wp-content\/uploads\/2025\/06\/01-JJR-UARTES-UNIR.jpg","width":2000,"height":1333},{"@type":"BreadcrumbList","@id":"https:\/\/www.uartes.edu.ec\/sitio\/blog\/2025\/06\/12\/docente-uartes-juan-jose-rocha-dicta-conferencia-a-maestrandos-de-la-unir-en-mexico\/#breadcrumb","itemListElement":[{"@type":"ListItem","position":1,"name":"Inicio","item":"https:\/\/www.uartes.edu.ec\/sitio\/"},{"@type":"ListItem","position":2,"name":"Docente UArtes Juan Jos\u00e9 Rocha dicta conferencia a maestrandos de la UNIR"}]},{"@type":"WebSite","@id":"https:\/\/www.uartes.edu.ec\/sitio\/#website","url":"https:\/\/www.uartes.edu.ec\/sitio\/","name":"Universidad de las Artes","description":"Sitio oficial de la Universidad Nacional de las Artes del Ecuador","publisher":{"@id":"https:\/\/www.uartes.edu.ec\/sitio\/#organization"},"potentialAction":[{"@type":"SearchAction","target":{"@type":"EntryPoint","urlTemplate":"https:\/\/www.uartes.edu.ec\/sitio\/?s={search_term_string}"},"query-input":{"@type":"PropertyValueSpecification","valueRequired":true,"valueName":"search_term_string"}}],"inLanguage":"es"},{"@type":"Organization","@id":"https:\/\/www.uartes.edu.ec\/sitio\/#organization","name":"Universidad de las Artes","url":"https:\/\/www.uartes.edu.ec\/sitio\/","logo":{"@type":"ImageObject","inLanguage":"es","@id":"https:\/\/www.uartes.edu.ec\/sitio\/#\/schema\/logo\/image\/","url":"https:\/\/www.uartes.edu.ec\/sitio\/wp-content\/uploads\/2022\/07\/logo-ua-horizontal.png","contentUrl":"https:\/\/www.uartes.edu.ec\/sitio\/wp-content\/uploads\/2022\/07\/logo-ua-horizontal.png","width":800,"height":276,"caption":"Universidad de las Artes"},"image":{"@id":"https:\/\/www.uartes.edu.ec\/sitio\/#\/schema\/logo\/image\/"},"sameAs":["https:\/\/www.facebook.com\/uartesec","https:\/\/x.com\/uartesec","https:\/\/www.tiktok.com\/@uartesec"]},{"@type":"Person","@id":"https:\/\/www.uartes.edu.ec\/sitio\/#\/schema\/person\/efa1b8275797664fd7f13a79ccc0b1f4","name":"ccortez","image":{"@type":"ImageObject","inLanguage":"es","@id":"https:\/\/secure.gravatar.com\/avatar\/b2a6f664a3ae8e074346ef91775736c5ec479e637ecced6842de9dc98b5da9cd?s=96&d=mm&r=g","url":"https:\/\/secure.gravatar.com\/avatar\/b2a6f664a3ae8e074346ef91775736c5ec479e637ecced6842de9dc98b5da9cd?s=96&d=mm&r=g","contentUrl":"https:\/\/secure.gravatar.com\/avatar\/b2a6f664a3ae8e074346ef91775736c5ec479e637ecced6842de9dc98b5da9cd?s=96&d=mm&r=g","caption":"ccortez"},"url":"https:\/\/www.uartes.edu.ec\/sitio\/blog\/author\/ccortez\/"}]}},"uagb_featured_image_src":{"full":["https:\/\/www.uartes.edu.ec\/sitio\/wp-content\/uploads\/2025\/06\/01-JJR-UARTES-UNIR.jpg",2000,1333,false],"thumbnail":["https:\/\/www.uartes.edu.ec\/sitio\/wp-content\/uploads\/2025\/06\/01-JJR-UARTES-UNIR-150x150.jpg",150,150,true],"medium":["https:\/\/www.uartes.edu.ec\/sitio\/wp-content\/uploads\/2025\/06\/01-JJR-UARTES-UNIR-300x200.jpg",300,200,true],"medium_large":["https:\/\/www.uartes.edu.ec\/sitio\/wp-content\/uploads\/2025\/06\/01-JJR-UARTES-UNIR-768x512.jpg",768,512,true],"large":["https:\/\/www.uartes.edu.ec\/sitio\/wp-content\/uploads\/2025\/06\/01-JJR-UARTES-UNIR-644x429.jpg",644,429,true],"1536x1536":["https:\/\/www.uartes.edu.ec\/sitio\/wp-content\/uploads\/2025\/06\/01-JJR-UARTES-UNIR-1536x1024.jpg",1536,1024,true],"2048x2048":["https:\/\/www.uartes.edu.ec\/sitio\/wp-content\/uploads\/2025\/06\/01-JJR-UARTES-UNIR.jpg",2000,1333,false],"trp-custom-language-flag":["https:\/\/www.uartes.edu.ec\/sitio\/wp-content\/uploads\/2025\/06\/01-JJR-UARTES-UNIR-18x12.jpg",18,12,true],"htmega_size_585x295":["https:\/\/www.uartes.edu.ec\/sitio\/wp-content\/uploads\/2025\/06\/01-JJR-UARTES-UNIR-585x295.jpg",585,295,true],"htmega_size_1170x536":["https:\/\/www.uartes.edu.ec\/sitio\/wp-content\/uploads\/2025\/06\/01-JJR-UARTES-UNIR-1170x536.jpg",1170,536,true],"htmega_size_396x360":["https:\/\/www.uartes.edu.ec\/sitio\/wp-content\/uploads\/2025\/06\/01-JJR-UARTES-UNIR-396x360.jpg",396,360,true],"gb-block-post-grid-landscape":["https:\/\/www.uartes.edu.ec\/sitio\/wp-content\/uploads\/2025\/06\/01-JJR-UARTES-UNIR-600x400.jpg",600,400,true],"gb-block-post-grid-square":["https:\/\/www.uartes.edu.ec\/sitio\/wp-content\/uploads\/2025\/06\/01-JJR-UARTES-UNIR-600x600.jpg",600,600,true],"university-hub-thumb":["https:\/\/www.uartes.edu.ec\/sitio\/wp-content\/uploads\/2025\/06\/01-JJR-UARTES-UNIR-400x267.jpg",400,267,true]},"uagb_author_info":{"display_name":"ccortez","author_link":"https:\/\/www.uartes.edu.ec\/sitio\/blog\/author\/ccortez\/"},"uagb_comment_info":0,"uagb_excerpt":"\u201cInequidades y grietas hist\u00f3ricas entre el mestizaje y el pueblo afro\u201d. Es el t\u00edtulo de la conferencia que el mag\u00edster Juan Jos\u00e9 Rocha Espinoza, docente de la carrera de Educaci\u00f3n Art\u00edstica Intercultural de la Escuela de Literatura y director de Acompa\u00f1amiento al \u00c9xito Acad\u00e9mico de la UArtes, dict\u00f3 este martes 10 de junio a los&hellip;","featured_image_src":"https:\/\/www.uartes.edu.ec\/sitio\/wp-content\/uploads\/2025\/06\/01-JJR-UARTES-UNIR-600x400.jpg","featured_image_src_square":"https:\/\/www.uartes.edu.ec\/sitio\/wp-content\/uploads\/2025\/06\/01-JJR-UARTES-UNIR-600x600.jpg","author_info":{"display_name":"ccortez","author_link":"https:\/\/www.uartes.edu.ec\/sitio\/blog\/author\/ccortez\/"},"publishpress_future_workflow_manual_trigger":{"enabledWorkflows":[]},"distributor_meta":false,"distributor_terms":false,"distributor_media":false,"distributor_original_site_name":"Universidad de las Artes","distributor_original_site_url":"https:\/\/www.uartes.edu.ec\/sitio","push-errors":false,"_links":{"self":[{"href":"https:\/\/www.uartes.edu.ec\/sitio\/wp-json\/wp\/v2\/posts\/73521","targetHints":{"allow":["GET"]}}],"collection":[{"href":"https:\/\/www.uartes.edu.ec\/sitio\/wp-json\/wp\/v2\/posts"}],"about":[{"href":"https:\/\/www.uartes.edu.ec\/sitio\/wp-json\/wp\/v2\/types\/post"}],"author":[{"embeddable":true,"href":"https:\/\/www.uartes.edu.ec\/sitio\/wp-json\/wp\/v2\/users\/10"}],"replies":[{"embeddable":true,"href":"https:\/\/www.uartes.edu.ec\/sitio\/wp-json\/wp\/v2\/comments?post=73521"}],"version-history":[{"count":2,"href":"https:\/\/www.uartes.edu.ec\/sitio\/wp-json\/wp\/v2\/posts\/73521\/revisions"}],"predecessor-version":[{"id":73528,"href":"https:\/\/www.uartes.edu.ec\/sitio\/wp-json\/wp\/v2\/posts\/73521\/revisions\/73528"}],"wp:featuredmedia":[{"embeddable":true,"href":"https:\/\/www.uartes.edu.ec\/sitio\/wp-json\/wp\/v2\/media\/73522"}],"wp:attachment":[{"href":"https:\/\/www.uartes.edu.ec\/sitio\/wp-json\/wp\/v2\/media?parent=73521"}],"wp:term":[{"taxonomy":"category","embeddable":true,"href":"https:\/\/www.uartes.edu.ec\/sitio\/wp-json\/wp\/v2\/categories?post=73521"},{"taxonomy":"post_tag","embeddable":true,"href":"https:\/\/www.uartes.edu.ec\/sitio\/wp-json\/wp\/v2\/tags?post=73521"},{"taxonomy":"infouartes","embeddable":true,"href":"https:\/\/www.uartes.edu.ec\/sitio\/wp-json\/wp\/v2\/infouartes?post=73521"}],"curies":[{"name":"wp","href":"https:\/\/api.w.org\/{rel}","templated":true}]}}