{"id":73579,"date":"2025-06-13T12:24:14","date_gmt":"2025-06-13T17:24:14","guid":{"rendered":"https:\/\/www.uartes.edu.ec\/sitio\/?p=73579"},"modified":"2025-06-13T15:43:56","modified_gmt":"2025-06-13T20:43:56","slug":"la-irrealidad-y-nada-mas-que-la-irrealidad-antologia-de-cuentos-ecuatorianos-insolitos-solange-rodriguez-y-santiago-toral-sus-editores","status":"publish","type":"post","link":"https:\/\/www.uartes.edu.ec\/sitio\/blog\/2025\/06\/13\/la-irrealidad-y-nada-mas-que-la-irrealidad-antologia-de-cuentos-ecuatorianos-insolitos-solange-rodriguez-y-santiago-toral-sus-editores\/","title":{"rendered":"\u201cLa irrealidad y nada m\u00e1s que la irrealidad\u201d, antolog\u00eda de cuentos ins\u00f3litos editada por Solange Rodr\u00edguez y Santiago Toral"},"content":{"rendered":"\n<p>El lanzamiento de \u201cLa irrealidad y nada m\u00e1s que la irrealidad\u201d, una antolog\u00eda de cuentos ecuatorianos ins\u00f3litos en defensa de la imaginaci\u00f3n literaria contempor\u00e1nea, se hizo en la Universidad Casa Grande y constituye un logro para los dos gestores de esta producci\u00f3n que transita tambi\u00e9n por lo acad\u00e9mico.<\/p>\n\n\n\n<p>La escritora Solange Rodr\u00edguez Pappe, docente titular de la Escuela de Literatura de la Universidad de las Artes, as\u00ed lo se\u00f1ala y menciona que en la g\u00e9nesis y el proceso de la obra la acompa\u00f1\u00f3 Santiago Toral Reyes (Guayaquil, 1986), quien es escritor, editor, traductor y docente, coordinador de la carrera de Literatura en la Universidad Casa Grande.<\/p>\n\n\n\n<p>El libro como tal est\u00e1 disponible para la venta a trav\u00e9s de las redes sociales de la editorial de la Facultad de Artes de la Universidad Casa Grande, Canutero, y recientemente Santiago Toral particip\u00f3 en su presentaci\u00f3n en la Universidad de las Am\u00e9ricas (UDLA), en Quito.<\/p>\n\n\n<div class=\"wp-block-image\">\n<figure class=\"aligncenter size-large\"><img fetchpriority=\"high\" decoding=\"async\" width=\"644\" height=\"429\" src=\"https:\/\/www.uartes.edu.ec\/sitio\/wp-content\/uploads\/2025\/06\/Proyecto-Cambiar-tamano-de-imagen-2025-06-12T155450.436-644x429.jpeg\" alt=\"\" class=\"wp-image-73581\" srcset=\"https:\/\/www.uartes.edu.ec\/sitio\/wp-content\/uploads\/2025\/06\/Proyecto-Cambiar-tamano-de-imagen-2025-06-12T155450.436-644x429.jpeg 644w, https:\/\/www.uartes.edu.ec\/sitio\/wp-content\/uploads\/2025\/06\/Proyecto-Cambiar-tamano-de-imagen-2025-06-12T155450.436-300x200.jpeg 300w, https:\/\/www.uartes.edu.ec\/sitio\/wp-content\/uploads\/2025\/06\/Proyecto-Cambiar-tamano-de-imagen-2025-06-12T155450.436-768x512.jpeg 768w, https:\/\/www.uartes.edu.ec\/sitio\/wp-content\/uploads\/2025\/06\/Proyecto-Cambiar-tamano-de-imagen-2025-06-12T155450.436-1536x1024.jpeg 1536w, https:\/\/www.uartes.edu.ec\/sitio\/wp-content\/uploads\/2025\/06\/Proyecto-Cambiar-tamano-de-imagen-2025-06-12T155450.436-18x12.jpeg 18w, https:\/\/www.uartes.edu.ec\/sitio\/wp-content\/uploads\/2025\/06\/Proyecto-Cambiar-tamano-de-imagen-2025-06-12T155450.436-600x400.jpeg 600w, https:\/\/www.uartes.edu.ec\/sitio\/wp-content\/uploads\/2025\/06\/Proyecto-Cambiar-tamano-de-imagen-2025-06-12T155450.436-400x267.jpeg 400w, https:\/\/www.uartes.edu.ec\/sitio\/wp-content\/uploads\/2025\/06\/Proyecto-Cambiar-tamano-de-imagen-2025-06-12T155450.436.jpeg 2000w\" sizes=\"(max-width: 644px) 100vw, 644px\" \/><\/figure>\n<\/div>\n\n\n<p>De \u201cLa irrealidad y nada m\u00e1s que la irrealidad\u201d habr\u00e1 otros lanzamientos, en la PUCE, en el Encuentro de Ecuatorianistas y en la Universidad de las Artes, anota Rodr\u00edguez Pappe con la emoci\u00f3n de una meta alcanzada. Tambi\u00e9n da cuenta del proceso creativo que los llev\u00f3 a edici\u00f3n del libro, pero antes comparte el siguiente manifiesto: \u201cEn tiempos en los que la realidad nos parece absurda, declaramos nuestra intenci\u00f3n como editores y creadores por subvertir las convenciones de toda l\u00f3gica y racionalidad. Usamos tanto lo ins\u00f3lito como lo absurdo: nuestros sue\u00f1os, para desordenar la cotidianidad que se nos ha impuesto. Somos imaginantes, abisales y fantasistas. Realistas de una realidad mucho m\u00e1s amplia. La irrealidad es nuestra realidad\u201d.<\/p>\n\n\n\n<p>La antolog\u00eda consolidada, agrega, es la que hubieran querido leer bajo las cobijas una noche de lluvia, cuando rayos y centellas apu\u00f1alaban el cielo de Guayaquil.<\/p>\n\n\n\n<p>\u201cDado el inter\u00e9s de lectores y editores, tanto ecuatorianos como latinoamericanos, en volcarse en este momento hist\u00f3rico en narraciones relacionadas con lo extraordinario, lo desopilante y lo inveros\u00edmil en una reconsideraci\u00f3n de los temas de lo real maravilloso, asociados con el pensamiento exuberante latinoamericano, en junio del 2024 nos propusimos crear una convocatoria nacional para realizar un gran compendio de cuentos de literatura de la imaginaci\u00f3n que fuera un llamado tanto a residentes en Ecuador como fuera del pa\u00eds\u201d, comenta.<\/p>\n\n\n\n<p>Con esta antolog\u00eda, agrega la docente titular UArtes, suplieron un vac\u00edo dentro de la tradici\u00f3n de la literatura ecuatoriana, donde siempre han existido autores que incursionaron en ficciones no veristas, pero que fueron le\u00eddos desde enfoques m\u00e1s tradicionales para no incordiar el discurso realista con el que se edific\u00f3 el canon de la literatura ecuatoriana, hasta estos d\u00edas. \u201cFuimos inspirados por antolog\u00edas locales, como \u2018Ut\u00f3pica penumbra\u2019 de Jos\u00e9 Daniel Santib\u00e1\u00f1ez, (2014); \u2018No entren al 1408\u2019, antolog\u00eda en espa\u00f1ol tributo a Stephen King de Jorge Luis C\u00e1ceres (2013); y las entradas de la web de \u2018Teor\u00eda Omicr\u00f3n\u2019, de Cristian Londo\u00f1o (desde 2014), m\u00e1s el trabajo de otros arduos estudiosos de la literatura ecuatoriana, como Eugenia Viteri, Cecilia Ansaldo, Ra\u00fal Vallejo, Alicia Ortega e Iv\u00e1n Rodr\u00edguez Mendiz\u00e1bal\u201d.<\/p>\n\n\n<div class=\"wp-block-image\">\n<figure class=\"aligncenter size-large\"><img decoding=\"async\" width=\"644\" height=\"429\" src=\"https:\/\/www.uartes.edu.ec\/sitio\/wp-content\/uploads\/2025\/06\/Proyecto-Cambiar-tamano-de-imagen-2025-06-13T121553.282-644x429.jpeg\" alt=\"\" class=\"wp-image-73582\" srcset=\"https:\/\/www.uartes.edu.ec\/sitio\/wp-content\/uploads\/2025\/06\/Proyecto-Cambiar-tamano-de-imagen-2025-06-13T121553.282-644x429.jpeg 644w, https:\/\/www.uartes.edu.ec\/sitio\/wp-content\/uploads\/2025\/06\/Proyecto-Cambiar-tamano-de-imagen-2025-06-13T121553.282-300x200.jpeg 300w, https:\/\/www.uartes.edu.ec\/sitio\/wp-content\/uploads\/2025\/06\/Proyecto-Cambiar-tamano-de-imagen-2025-06-13T121553.282-768x512.jpeg 768w, https:\/\/www.uartes.edu.ec\/sitio\/wp-content\/uploads\/2025\/06\/Proyecto-Cambiar-tamano-de-imagen-2025-06-13T121553.282-1536x1024.jpeg 1536w, https:\/\/www.uartes.edu.ec\/sitio\/wp-content\/uploads\/2025\/06\/Proyecto-Cambiar-tamano-de-imagen-2025-06-13T121553.282-18x12.jpeg 18w, https:\/\/www.uartes.edu.ec\/sitio\/wp-content\/uploads\/2025\/06\/Proyecto-Cambiar-tamano-de-imagen-2025-06-13T121553.282-600x400.jpeg 600w, https:\/\/www.uartes.edu.ec\/sitio\/wp-content\/uploads\/2025\/06\/Proyecto-Cambiar-tamano-de-imagen-2025-06-13T121553.282-400x267.jpeg 400w, https:\/\/www.uartes.edu.ec\/sitio\/wp-content\/uploads\/2025\/06\/Proyecto-Cambiar-tamano-de-imagen-2025-06-13T121553.282.jpeg 2000w\" sizes=\"(max-width: 644px) 100vw, 644px\" \/><\/figure>\n<\/div>\n\n\n<p>Con la ayuda de tres jurados especialistas en el tema de lo fant\u00e1stico, como Gabriela Arciniegas (escritora colombiana), Tania Huerta (editora peruana a cargo de la editorial Pamdemonium y Ximena Santaolalla (escritora mexicana), Rodr\u00edguez Pappe y Toral Reyes seleccionaron doce cuentos que hacen un recorrido amplio por varios temas por las disidencias del discurso de lo predecible y lo seguro.<\/p>\n\n\n\n<p>\u201cEn las celdas de este castillo g\u00f3tico, en los escondrijos de este bosque encantado, en las partes tenebrosas de este puerto lejos del mar nos aguardan espejos malditos, insomnes crispados, pactos sat\u00e1nicos, fantasmas exhibicionistas, ni\u00f1as obsesionadas con tener plumas, sirenas que cumplen deseos a los turistas en las islas Gal\u00e1pagos, hombres lobos que retornan a su lugar de origen, duendes lujuriosos, hombres y mujeres contactados por fuerzas extraterrestres y embarazos sobre naturales. Un ramillete emponzo\u00f1ado que dejar\u00eda satisfecho a cualquier lector que ame sobresaltarse\u201d.<\/p>\n\n\n\n<h3 class=\"wp-block-heading\">Integrantes de la antolog\u00eda<\/h3>\n\n\n\n<p>Creemos que el cuento es un g\u00e9nero que debe tener vuelo, pero tambi\u00e9n ser inclemente y rotundo, y en \u201cLa irrealidad y nada m\u00e1s que la irrealidad\u201d no solo tenemos a creadores de imaginaci\u00f3n poderosa, sino tambi\u00e9n a grandes relatistas, tanto emergentes como con una trayectoria consolidada, sostiene Rodr\u00edguez Pappe. Integran la antolog\u00eda los narradores Sonia Manzano (1947), Mar\u00eda Mercedes Zerega (1976), Guillermo Mor\u00e1n (1982), Marcela Ribadeneira (1992), Josselyn A\u00f1azco (1992), Wendy Bravo (1987), Gabriel Mart\u00ednez (1992), Mara Delgado (2001), Jorge Vargas (1992), Mariella Manrique (1975), Miguel Antonio Ch\u00e1vez (1979) y Monce Arosemena (1985) por ser el crisol que conforma esta propuesta diferente.<\/p>\n\n\n\n<h3 class=\"wp-block-heading\">Anticipando el futuro<\/h3>\n\n\n\n<p>La docente titular UArtes se\u00f1ala tambi\u00e9n que con la antolog\u00eda har\u00e1n un breve recorrido por algunas ciudades del Ecuador en visitas a universidades, librer\u00edas y, al menos, un encuentro de literatura. \u201cNos interesa que se trate de un libro que no solamente convoque a un p\u00fablico acad\u00e9mico, sino tambi\u00e9n a lectores salvajes que se sienten atra\u00eddos por lo inquietante y lo sobrenatural. Con este primer tomo, pr\u00f3ximamente haremos un llamado para una nueva antolog\u00eda del mismo corte, que empezar\u00e1 su convocatoria en el mes de julio 2025 hasta llegar a armar una trilog\u00eda con un espectro mucho m\u00e1s grande alrededor de los g\u00e9neros de la imaginaci\u00f3n\u201d.<\/p>\n\n\n<div class=\"wp-block-image\">\n<figure class=\"aligncenter size-large\"><img decoding=\"async\" width=\"644\" height=\"362\" src=\"https:\/\/www.uartes.edu.ec\/sitio\/wp-content\/uploads\/2025\/06\/solange-dragon_16x9-644x362.png\" alt=\"\" class=\"wp-image-73583\" srcset=\"https:\/\/www.uartes.edu.ec\/sitio\/wp-content\/uploads\/2025\/06\/solange-dragon_16x9-644x362.png 644w, https:\/\/www.uartes.edu.ec\/sitio\/wp-content\/uploads\/2025\/06\/solange-dragon_16x9-300x169.png 300w, https:\/\/www.uartes.edu.ec\/sitio\/wp-content\/uploads\/2025\/06\/solange-dragon_16x9-768x432.png 768w, https:\/\/www.uartes.edu.ec\/sitio\/wp-content\/uploads\/2025\/06\/solange-dragon_16x9-1536x864.png 1536w, https:\/\/www.uartes.edu.ec\/sitio\/wp-content\/uploads\/2025\/06\/solange-dragon_16x9-2048x1152.png 2048w, https:\/\/www.uartes.edu.ec\/sitio\/wp-content\/uploads\/2025\/06\/solange-dragon_16x9-18x10.png 18w, https:\/\/www.uartes.edu.ec\/sitio\/wp-content\/uploads\/2025\/06\/solange-dragon_16x9-400x225.png 400w\" sizes=\"(max-width: 644px) 100vw, 644px\" \/><\/figure>\n<\/div>\n\n\n<h3 class=\"wp-block-heading\">Los editores<\/h3>\n\n\n\n<p>Solange Rodr\u00edguez Pappe (Guayaquil, 1976). Escritora y acad\u00e9mica interesada en todas las formas narrativas del relato tanto cl\u00e1sico como contempor\u00e1neo y en las historias de corte fant\u00e1stico y prospectivo. Obtuvo su maestr\u00eda en Literatura Latinoamericana con \u201cSumergir la ciudad\u201d (2019) de Serie Mag\u00edster de la Universidad Andina, con un estudio sobre c\u00f3mo el puerto de Guayaquil enfrenta un posible apocalipsis. \u201cCon La primera vez que vi un fantasma\u201d (2018) de Candaya y con \u201cDe un mundo raro\u201d (2021) de InLimbo lleg\u00f3 con su obra a Espa\u00f1a, llamando la atenci\u00f3n de los lectores y de la cr\u00edtica. Su m\u00e1s reciente libro de cuentos, \u201cEl demonio de la escritura\u201d (2024), fue publicado en Planeta\/Minotauro y ya prepara la edici\u00f3n de su primer producto de largo aliento: \u201cLa noche artificial\u201d, para julio del 2025. Desde 2017 es docente titular de la UArtes; fue editora de la revista de creaci\u00f3n y cr\u00edtica \u201cPie de p\u00e1gina\u201d de la Escuela de literatura y dirige el semillero de investigaci\u00f3n y creaci\u00f3n \u201cPa\u00eds para cuentistas\u201d, donde explora y difunde este g\u00e9nero que tanto le entusiasma.<\/p>\n\n\n\n<p>Santiago Toral Reyes es mag\u00edster en Comunicaci\u00f3n Audiovisual por la Universidad Cat\u00f3lica Argentina y doctorando en Teor\u00eda de la Literatura por la Universidad Aut\u00f3noma de Barcelona. Es director del Encuentro de Literatura Independiente (ELI), que realiza en el mes de octubre en Guayaquil. Editor de Brazo de Mar y de la editorial Canutero, en la cual ha editado las antolog\u00edas \u201cNo te olvides de m\u00ed\u201d y \u201cOficio de sombras\u201d. Como escritor ha publicado la novela \u201cDel mar viene\u201d y en septiembre har\u00e1 un nuevo lanzamiento literario.<\/p>\n\n\n\n<h3 class=\"wp-block-heading\">Sobre la dise\u00f1adora<\/h3>\n\n\n\n<p>Anal\u00eda Vera Bravo (Guayaquil, 2002) es estudiante de \u00faltimo a\u00f1o de Dise\u00f1o Gr\u00e1fico de la UCG. Finalista en varios premios publicitarios entre 2023 y 2024; trabaja como dise\u00f1adora, especialmente en proyectos para redes sociales y de dise\u00f1o editorial. Actualmente forma parte de la editorial Canutero, donde sigue perfeccionando sus habilidades en el \u00e1mbito gr\u00e1fico y es creadora de contenidos.<\/p>\n\n\n\n<p>Texto y fotos: con la colaboraci\u00f3n de la escritora Solange Rodr\u00edguez Pappe, docente de la Escuela de Literatura UArtes.<\/p>\n","protected":false},"excerpt":{"rendered":"<p>El lanzamiento de \u201cLa irrealidad y nada m\u00e1s que la irrealidad\u201d se hizo en la Universidad Casa Grande. La escritora Solange Rodr\u00edguez Pappe, docente titular de la UArtes, comparte el proceso de edici\u00f3n de esta antolog\u00eda de cuentos ecuatorianos ins\u00f3litos, concebida en defensa de la imaginaci\u00f3n literaria contempor\u00e1nea; la realiz\u00f3 con Santiago Toral Reyes, coordinador de la carrera de Literatura de la UCG.<\/p>\n","protected":false},"author":10,"featured_media":73659,"comment_status":"open","ping_status":"open","sticky":false,"template":"","format":"standard","meta":{"_acf_changed":false,"_uag_custom_page_level_css":"","_monsterinsights_skip_tracking":false,"_monsterinsights_sitenote_active":false,"_monsterinsights_sitenote_note":"","_monsterinsights_sitenote_category":0,"cybocfi_hide_featured_image":"","footnotes":""},"categories":[80,82,75,77,175],"tags":[518],"infouartes":[],"class_list":["post-73579","post","type-post","status-publish","format-standard","has-post-thumbnail","hentry","category-academico","category-artes","category-docentes","category-gestion","category-literatura","tag-produccion"],"acf":[],"yoast_head":"<!-- This site is optimized with the Yoast SEO plugin v27.4 - https:\/\/yoast.com\/product\/yoast-seo-wordpress\/ -->\n<title>Universidad de las Artes - \u201cLa irrealidad y nada m\u00e1s que la irrealidad\u201d, antolog\u00eda de cuentos ins\u00f3litos editada por Solange Rodr\u00edguez y Santiago Toral<\/title>\n<meta name=\"description\" content=\"Universidad de las Artes - \u201cLa irrealidad y nada m\u00e1s que la irrealidad\u201d, antolog\u00eda de cuentos ins\u00f3litos editada por Solange Rodr\u00edguez y Santiago Toral\" \/>\n<meta name=\"robots\" content=\"index, follow, max-snippet:-1, max-image-preview:large, max-video-preview:-1\" \/>\n<link rel=\"canonical\" href=\"https:\/\/www.uartes.edu.ec\/sitio\/blog\/2025\/06\/13\/la-irrealidad-y-nada-mas-que-la-irrealidad-antologia-de-cuentos-ecuatorianos-insolitos-solange-rodriguez-y-santiago-toral-sus-editores\/\" \/>\n<meta property=\"og:locale\" content=\"es_ES\" \/>\n<meta property=\"og:type\" content=\"article\" \/>\n<meta property=\"og:title\" content=\"Universidad de las Artes - \u201cLa irrealidad y nada m\u00e1s que la irrealidad\u201d, antolog\u00eda de cuentos ins\u00f3litos editada por Solange Rodr\u00edguez y Santiago Toral\" \/>\n<meta property=\"og:description\" content=\"Universidad de las Artes - \u201cLa irrealidad y nada m\u00e1s que la irrealidad\u201d, antolog\u00eda de cuentos ins\u00f3litos editada por Solange Rodr\u00edguez y Santiago Toral\" \/>\n<meta property=\"og:url\" content=\"https:\/\/www.uartes.edu.ec\/sitio\/blog\/2025\/06\/13\/la-irrealidad-y-nada-mas-que-la-irrealidad-antologia-de-cuentos-ecuatorianos-insolitos-solange-rodriguez-y-santiago-toral-sus-editores\/\" \/>\n<meta property=\"og:site_name\" content=\"Universidad de las Artes\" \/>\n<meta property=\"article:publisher\" content=\"https:\/\/www.facebook.com\/uartesec\" \/>\n<meta property=\"article:published_time\" content=\"2025-06-13T17:24:14+00:00\" \/>\n<meta property=\"article:modified_time\" content=\"2025-06-13T20:43:56+00:00\" \/>\n<meta property=\"og:image\" content=\"https:\/\/www.uartes.edu.ec\/sitio\/wp-content\/uploads\/2025\/06\/SOLANGE-RODRIGUEZ.jpg\" \/>\n\t<meta property=\"og:image:width\" content=\"2000\" \/>\n\t<meta property=\"og:image:height\" content=\"1333\" \/>\n\t<meta property=\"og:image:type\" content=\"image\/jpeg\" \/>\n<meta name=\"author\" content=\"ccortez\" \/>\n<meta name=\"twitter:card\" content=\"summary_large_image\" \/>\n<meta name=\"twitter:creator\" content=\"@uartesec\" \/>\n<meta name=\"twitter:site\" content=\"@uartesec\" \/>\n<meta name=\"twitter:label1\" content=\"Escrito por\" \/>\n\t<meta name=\"twitter:data1\" content=\"ccortez\" \/>\n\t<meta name=\"twitter:label2\" content=\"Tiempo de lectura\" \/>\n\t<meta name=\"twitter:data2\" content=\"7 minutos\" \/>\n<script type=\"application\/ld+json\" class=\"yoast-schema-graph\">{\"@context\":\"https:\\\/\\\/schema.org\",\"@graph\":[{\"@type\":\"Article\",\"@id\":\"https:\\\/\\\/www.uartes.edu.ec\\\/sitio\\\/blog\\\/2025\\\/06\\\/13\\\/la-irrealidad-y-nada-mas-que-la-irrealidad-antologia-de-cuentos-ecuatorianos-insolitos-solange-rodriguez-y-santiago-toral-sus-editores\\\/#article\",\"isPartOf\":{\"@id\":\"https:\\\/\\\/www.uartes.edu.ec\\\/sitio\\\/blog\\\/2025\\\/06\\\/13\\\/la-irrealidad-y-nada-mas-que-la-irrealidad-antologia-de-cuentos-ecuatorianos-insolitos-solange-rodriguez-y-santiago-toral-sus-editores\\\/\"},\"author\":{\"name\":\"ccortez\",\"@id\":\"https:\\\/\\\/www.uartes.edu.ec\\\/sitio\\\/#\\\/schema\\\/person\\\/efa1b8275797664fd7f13a79ccc0b1f4\"},\"headline\":\"\u201cLa irrealidad y nada m\u00e1s que la irrealidad\u201d, antolog\u00eda de cuentos ins\u00f3litos editada por Solange Rodr\u00edguez y Santiago Toral\",\"datePublished\":\"2025-06-13T17:24:14+00:00\",\"dateModified\":\"2025-06-13T20:43:56+00:00\",\"mainEntityOfPage\":{\"@id\":\"https:\\\/\\\/www.uartes.edu.ec\\\/sitio\\\/blog\\\/2025\\\/06\\\/13\\\/la-irrealidad-y-nada-mas-que-la-irrealidad-antologia-de-cuentos-ecuatorianos-insolitos-solange-rodriguez-y-santiago-toral-sus-editores\\\/\"},\"wordCount\":1325,\"commentCount\":0,\"publisher\":{\"@id\":\"https:\\\/\\\/www.uartes.edu.ec\\\/sitio\\\/#organization\"},\"image\":{\"@id\":\"https:\\\/\\\/www.uartes.edu.ec\\\/sitio\\\/blog\\\/2025\\\/06\\\/13\\\/la-irrealidad-y-nada-mas-que-la-irrealidad-antologia-de-cuentos-ecuatorianos-insolitos-solange-rodriguez-y-santiago-toral-sus-editores\\\/#primaryimage\"},\"thumbnailUrl\":\"https:\\\/\\\/www.uartes.edu.ec\\\/sitio\\\/wp-content\\\/uploads\\\/2025\\\/06\\\/SOLANGE-RODRIGUEZ.jpg\",\"keywords\":[\"producci\u00f3n\"],\"articleSection\":[\"Acad\u00e9mico\",\"Artes\",\"Docentes\",\"Gesti\u00f3n\",\"Literatura\"],\"inLanguage\":\"es\",\"potentialAction\":[{\"@type\":\"CommentAction\",\"name\":\"Comment\",\"target\":[\"https:\\\/\\\/www.uartes.edu.ec\\\/sitio\\\/blog\\\/2025\\\/06\\\/13\\\/la-irrealidad-y-nada-mas-que-la-irrealidad-antologia-de-cuentos-ecuatorianos-insolitos-solange-rodriguez-y-santiago-toral-sus-editores\\\/#respond\"]}]},{\"@type\":[\"WebPage\",\"ItemPage\"],\"@id\":\"https:\\\/\\\/www.uartes.edu.ec\\\/sitio\\\/blog\\\/2025\\\/06\\\/13\\\/la-irrealidad-y-nada-mas-que-la-irrealidad-antologia-de-cuentos-ecuatorianos-insolitos-solange-rodriguez-y-santiago-toral-sus-editores\\\/\",\"url\":\"https:\\\/\\\/www.uartes.edu.ec\\\/sitio\\\/blog\\\/2025\\\/06\\\/13\\\/la-irrealidad-y-nada-mas-que-la-irrealidad-antologia-de-cuentos-ecuatorianos-insolitos-solange-rodriguez-y-santiago-toral-sus-editores\\\/\",\"name\":\"Universidad de las Artes - \u201cLa irrealidad y nada m\u00e1s que la irrealidad\u201d, antolog\u00eda de cuentos ins\u00f3litos editada por Solange Rodr\u00edguez y Santiago Toral\",\"isPartOf\":{\"@id\":\"https:\\\/\\\/www.uartes.edu.ec\\\/sitio\\\/#website\"},\"primaryImageOfPage\":{\"@id\":\"https:\\\/\\\/www.uartes.edu.ec\\\/sitio\\\/blog\\\/2025\\\/06\\\/13\\\/la-irrealidad-y-nada-mas-que-la-irrealidad-antologia-de-cuentos-ecuatorianos-insolitos-solange-rodriguez-y-santiago-toral-sus-editores\\\/#primaryimage\"},\"image\":{\"@id\":\"https:\\\/\\\/www.uartes.edu.ec\\\/sitio\\\/blog\\\/2025\\\/06\\\/13\\\/la-irrealidad-y-nada-mas-que-la-irrealidad-antologia-de-cuentos-ecuatorianos-insolitos-solange-rodriguez-y-santiago-toral-sus-editores\\\/#primaryimage\"},\"thumbnailUrl\":\"https:\\\/\\\/www.uartes.edu.ec\\\/sitio\\\/wp-content\\\/uploads\\\/2025\\\/06\\\/SOLANGE-RODRIGUEZ.jpg\",\"datePublished\":\"2025-06-13T17:24:14+00:00\",\"dateModified\":\"2025-06-13T20:43:56+00:00\",\"description\":\"Universidad de las Artes - \u201cLa irrealidad y nada m\u00e1s que la irrealidad\u201d, antolog\u00eda de cuentos ins\u00f3litos editada por Solange Rodr\u00edguez y Santiago Toral\",\"breadcrumb\":{\"@id\":\"https:\\\/\\\/www.uartes.edu.ec\\\/sitio\\\/blog\\\/2025\\\/06\\\/13\\\/la-irrealidad-y-nada-mas-que-la-irrealidad-antologia-de-cuentos-ecuatorianos-insolitos-solange-rodriguez-y-santiago-toral-sus-editores\\\/#breadcrumb\"},\"inLanguage\":\"es\",\"potentialAction\":[{\"@type\":\"ReadAction\",\"target\":[\"https:\\\/\\\/www.uartes.edu.ec\\\/sitio\\\/blog\\\/2025\\\/06\\\/13\\\/la-irrealidad-y-nada-mas-que-la-irrealidad-antologia-de-cuentos-ecuatorianos-insolitos-solange-rodriguez-y-santiago-toral-sus-editores\\\/\"]}]},{\"@type\":\"ImageObject\",\"inLanguage\":\"es\",\"@id\":\"https:\\\/\\\/www.uartes.edu.ec\\\/sitio\\\/blog\\\/2025\\\/06\\\/13\\\/la-irrealidad-y-nada-mas-que-la-irrealidad-antologia-de-cuentos-ecuatorianos-insolitos-solange-rodriguez-y-santiago-toral-sus-editores\\\/#primaryimage\",\"url\":\"https:\\\/\\\/www.uartes.edu.ec\\\/sitio\\\/wp-content\\\/uploads\\\/2025\\\/06\\\/SOLANGE-RODRIGUEZ.jpg\",\"contentUrl\":\"https:\\\/\\\/www.uartes.edu.ec\\\/sitio\\\/wp-content\\\/uploads\\\/2025\\\/06\\\/SOLANGE-RODRIGUEZ.jpg\",\"width\":2000,\"height\":1333},{\"@type\":\"BreadcrumbList\",\"@id\":\"https:\\\/\\\/www.uartes.edu.ec\\\/sitio\\\/blog\\\/2025\\\/06\\\/13\\\/la-irrealidad-y-nada-mas-que-la-irrealidad-antologia-de-cuentos-ecuatorianos-insolitos-solange-rodriguez-y-santiago-toral-sus-editores\\\/#breadcrumb\",\"itemListElement\":[{\"@type\":\"ListItem\",\"position\":1,\"name\":\"Inicio\",\"item\":\"https:\\\/\\\/www.uartes.edu.ec\\\/sitio\\\/\"},{\"@type\":\"ListItem\",\"position\":2,\"name\":\"\u201cLa irrealidad y nada m\u00e1s que la irrealidad\u201d, antolog\u00eda de cuentos ins\u00f3litos editada por Solange Rodr\u00edguez y Santiago Toral\"}]},{\"@type\":\"WebSite\",\"@id\":\"https:\\\/\\\/www.uartes.edu.ec\\\/sitio\\\/#website\",\"url\":\"https:\\\/\\\/www.uartes.edu.ec\\\/sitio\\\/\",\"name\":\"Universidad de las Artes\",\"description\":\"Sitio oficial de la Universidad Nacional de las Artes del Ecuador\",\"publisher\":{\"@id\":\"https:\\\/\\\/www.uartes.edu.ec\\\/sitio\\\/#organization\"},\"potentialAction\":[{\"@type\":\"SearchAction\",\"target\":{\"@type\":\"EntryPoint\",\"urlTemplate\":\"https:\\\/\\\/www.uartes.edu.ec\\\/sitio\\\/?s={search_term_string}\"},\"query-input\":{\"@type\":\"PropertyValueSpecification\",\"valueRequired\":true,\"valueName\":\"search_term_string\"}}],\"inLanguage\":\"es\"},{\"@type\":\"Organization\",\"@id\":\"https:\\\/\\\/www.uartes.edu.ec\\\/sitio\\\/#organization\",\"name\":\"Universidad de las Artes\",\"url\":\"https:\\\/\\\/www.uartes.edu.ec\\\/sitio\\\/\",\"logo\":{\"@type\":\"ImageObject\",\"inLanguage\":\"es\",\"@id\":\"https:\\\/\\\/www.uartes.edu.ec\\\/sitio\\\/#\\\/schema\\\/logo\\\/image\\\/\",\"url\":\"https:\\\/\\\/www.uartes.edu.ec\\\/sitio\\\/wp-content\\\/uploads\\\/2022\\\/07\\\/logo-ua-horizontal.png\",\"contentUrl\":\"https:\\\/\\\/www.uartes.edu.ec\\\/sitio\\\/wp-content\\\/uploads\\\/2022\\\/07\\\/logo-ua-horizontal.png\",\"width\":800,\"height\":276,\"caption\":\"Universidad de las Artes\"},\"image\":{\"@id\":\"https:\\\/\\\/www.uartes.edu.ec\\\/sitio\\\/#\\\/schema\\\/logo\\\/image\\\/\"},\"sameAs\":[\"https:\\\/\\\/www.facebook.com\\\/uartesec\",\"https:\\\/\\\/x.com\\\/uartesec\",\"https:\\\/\\\/www.tiktok.com\\\/@uartesec\"]},{\"@type\":\"Person\",\"@id\":\"https:\\\/\\\/www.uartes.edu.ec\\\/sitio\\\/#\\\/schema\\\/person\\\/efa1b8275797664fd7f13a79ccc0b1f4\",\"name\":\"ccortez\",\"image\":{\"@type\":\"ImageObject\",\"inLanguage\":\"es\",\"@id\":\"https:\\\/\\\/secure.gravatar.com\\\/avatar\\\/b2a6f664a3ae8e074346ef91775736c5ec479e637ecced6842de9dc98b5da9cd?s=96&d=mm&r=g\",\"url\":\"https:\\\/\\\/secure.gravatar.com\\\/avatar\\\/b2a6f664a3ae8e074346ef91775736c5ec479e637ecced6842de9dc98b5da9cd?s=96&d=mm&r=g\",\"contentUrl\":\"https:\\\/\\\/secure.gravatar.com\\\/avatar\\\/b2a6f664a3ae8e074346ef91775736c5ec479e637ecced6842de9dc98b5da9cd?s=96&d=mm&r=g\",\"caption\":\"ccortez\"},\"url\":\"https:\\\/\\\/www.uartes.edu.ec\\\/sitio\\\/blog\\\/author\\\/ccortez\\\/\"}]}<\/script>\n<!-- \/ Yoast SEO plugin. -->","yoast_head_json":{"title":"Universidad de las Artes - \u201cLa irrealidad y nada m\u00e1s que la irrealidad\u201d, antolog\u00eda de cuentos ins\u00f3litos editada por Solange Rodr\u00edguez y Santiago Toral","description":"Universidad de las Artes - \u201cLa irrealidad y nada m\u00e1s que la irrealidad\u201d, antolog\u00eda de cuentos ins\u00f3litos editada por Solange Rodr\u00edguez y Santiago Toral","robots":{"index":"index","follow":"follow","max-snippet":"max-snippet:-1","max-image-preview":"max-image-preview:large","max-video-preview":"max-video-preview:-1"},"canonical":"https:\/\/www.uartes.edu.ec\/sitio\/blog\/2025\/06\/13\/la-irrealidad-y-nada-mas-que-la-irrealidad-antologia-de-cuentos-ecuatorianos-insolitos-solange-rodriguez-y-santiago-toral-sus-editores\/","og_locale":"es_ES","og_type":"article","og_title":"Universidad de las Artes - \u201cLa irrealidad y nada m\u00e1s que la irrealidad\u201d, antolog\u00eda de cuentos ins\u00f3litos editada por Solange Rodr\u00edguez y Santiago Toral","og_description":"Universidad de las Artes - \u201cLa irrealidad y nada m\u00e1s que la irrealidad\u201d, antolog\u00eda de cuentos ins\u00f3litos editada por Solange Rodr\u00edguez y Santiago Toral","og_url":"https:\/\/www.uartes.edu.ec\/sitio\/blog\/2025\/06\/13\/la-irrealidad-y-nada-mas-que-la-irrealidad-antologia-de-cuentos-ecuatorianos-insolitos-solange-rodriguez-y-santiago-toral-sus-editores\/","og_site_name":"Universidad de las Artes","article_publisher":"https:\/\/www.facebook.com\/uartesec","article_published_time":"2025-06-13T17:24:14+00:00","article_modified_time":"2025-06-13T20:43:56+00:00","og_image":[{"width":2000,"height":1333,"url":"https:\/\/www.uartes.edu.ec\/sitio\/wp-content\/uploads\/2025\/06\/SOLANGE-RODRIGUEZ.jpg","type":"image\/jpeg"}],"author":"ccortez","twitter_card":"summary_large_image","twitter_creator":"@uartesec","twitter_site":"@uartesec","twitter_misc":{"Escrito por":"ccortez","Tiempo de lectura":"7 minutos"},"schema":{"@context":"https:\/\/schema.org","@graph":[{"@type":"Article","@id":"https:\/\/www.uartes.edu.ec\/sitio\/blog\/2025\/06\/13\/la-irrealidad-y-nada-mas-que-la-irrealidad-antologia-de-cuentos-ecuatorianos-insolitos-solange-rodriguez-y-santiago-toral-sus-editores\/#article","isPartOf":{"@id":"https:\/\/www.uartes.edu.ec\/sitio\/blog\/2025\/06\/13\/la-irrealidad-y-nada-mas-que-la-irrealidad-antologia-de-cuentos-ecuatorianos-insolitos-solange-rodriguez-y-santiago-toral-sus-editores\/"},"author":{"name":"ccortez","@id":"https:\/\/www.uartes.edu.ec\/sitio\/#\/schema\/person\/efa1b8275797664fd7f13a79ccc0b1f4"},"headline":"\u201cLa irrealidad y nada m\u00e1s que la irrealidad\u201d, antolog\u00eda de cuentos ins\u00f3litos editada por Solange Rodr\u00edguez y Santiago Toral","datePublished":"2025-06-13T17:24:14+00:00","dateModified":"2025-06-13T20:43:56+00:00","mainEntityOfPage":{"@id":"https:\/\/www.uartes.edu.ec\/sitio\/blog\/2025\/06\/13\/la-irrealidad-y-nada-mas-que-la-irrealidad-antologia-de-cuentos-ecuatorianos-insolitos-solange-rodriguez-y-santiago-toral-sus-editores\/"},"wordCount":1325,"commentCount":0,"publisher":{"@id":"https:\/\/www.uartes.edu.ec\/sitio\/#organization"},"image":{"@id":"https:\/\/www.uartes.edu.ec\/sitio\/blog\/2025\/06\/13\/la-irrealidad-y-nada-mas-que-la-irrealidad-antologia-de-cuentos-ecuatorianos-insolitos-solange-rodriguez-y-santiago-toral-sus-editores\/#primaryimage"},"thumbnailUrl":"https:\/\/www.uartes.edu.ec\/sitio\/wp-content\/uploads\/2025\/06\/SOLANGE-RODRIGUEZ.jpg","keywords":["producci\u00f3n"],"articleSection":["Acad\u00e9mico","Artes","Docentes","Gesti\u00f3n","Literatura"],"inLanguage":"es","potentialAction":[{"@type":"CommentAction","name":"Comment","target":["https:\/\/www.uartes.edu.ec\/sitio\/blog\/2025\/06\/13\/la-irrealidad-y-nada-mas-que-la-irrealidad-antologia-de-cuentos-ecuatorianos-insolitos-solange-rodriguez-y-santiago-toral-sus-editores\/#respond"]}]},{"@type":["WebPage","ItemPage"],"@id":"https:\/\/www.uartes.edu.ec\/sitio\/blog\/2025\/06\/13\/la-irrealidad-y-nada-mas-que-la-irrealidad-antologia-de-cuentos-ecuatorianos-insolitos-solange-rodriguez-y-santiago-toral-sus-editores\/","url":"https:\/\/www.uartes.edu.ec\/sitio\/blog\/2025\/06\/13\/la-irrealidad-y-nada-mas-que-la-irrealidad-antologia-de-cuentos-ecuatorianos-insolitos-solange-rodriguez-y-santiago-toral-sus-editores\/","name":"Universidad de las Artes - \u201cLa irrealidad y nada m\u00e1s que la irrealidad\u201d, antolog\u00eda de cuentos ins\u00f3litos editada por Solange Rodr\u00edguez y Santiago Toral","isPartOf":{"@id":"https:\/\/www.uartes.edu.ec\/sitio\/#website"},"primaryImageOfPage":{"@id":"https:\/\/www.uartes.edu.ec\/sitio\/blog\/2025\/06\/13\/la-irrealidad-y-nada-mas-que-la-irrealidad-antologia-de-cuentos-ecuatorianos-insolitos-solange-rodriguez-y-santiago-toral-sus-editores\/#primaryimage"},"image":{"@id":"https:\/\/www.uartes.edu.ec\/sitio\/blog\/2025\/06\/13\/la-irrealidad-y-nada-mas-que-la-irrealidad-antologia-de-cuentos-ecuatorianos-insolitos-solange-rodriguez-y-santiago-toral-sus-editores\/#primaryimage"},"thumbnailUrl":"https:\/\/www.uartes.edu.ec\/sitio\/wp-content\/uploads\/2025\/06\/SOLANGE-RODRIGUEZ.jpg","datePublished":"2025-06-13T17:24:14+00:00","dateModified":"2025-06-13T20:43:56+00:00","description":"Universidad de las Artes - \u201cLa irrealidad y nada m\u00e1s que la irrealidad\u201d, antolog\u00eda de cuentos ins\u00f3litos editada por Solange Rodr\u00edguez y Santiago Toral","breadcrumb":{"@id":"https:\/\/www.uartes.edu.ec\/sitio\/blog\/2025\/06\/13\/la-irrealidad-y-nada-mas-que-la-irrealidad-antologia-de-cuentos-ecuatorianos-insolitos-solange-rodriguez-y-santiago-toral-sus-editores\/#breadcrumb"},"inLanguage":"es","potentialAction":[{"@type":"ReadAction","target":["https:\/\/www.uartes.edu.ec\/sitio\/blog\/2025\/06\/13\/la-irrealidad-y-nada-mas-que-la-irrealidad-antologia-de-cuentos-ecuatorianos-insolitos-solange-rodriguez-y-santiago-toral-sus-editores\/"]}]},{"@type":"ImageObject","inLanguage":"es","@id":"https:\/\/www.uartes.edu.ec\/sitio\/blog\/2025\/06\/13\/la-irrealidad-y-nada-mas-que-la-irrealidad-antologia-de-cuentos-ecuatorianos-insolitos-solange-rodriguez-y-santiago-toral-sus-editores\/#primaryimage","url":"https:\/\/www.uartes.edu.ec\/sitio\/wp-content\/uploads\/2025\/06\/SOLANGE-RODRIGUEZ.jpg","contentUrl":"https:\/\/www.uartes.edu.ec\/sitio\/wp-content\/uploads\/2025\/06\/SOLANGE-RODRIGUEZ.jpg","width":2000,"height":1333},{"@type":"BreadcrumbList","@id":"https:\/\/www.uartes.edu.ec\/sitio\/blog\/2025\/06\/13\/la-irrealidad-y-nada-mas-que-la-irrealidad-antologia-de-cuentos-ecuatorianos-insolitos-solange-rodriguez-y-santiago-toral-sus-editores\/#breadcrumb","itemListElement":[{"@type":"ListItem","position":1,"name":"Inicio","item":"https:\/\/www.uartes.edu.ec\/sitio\/"},{"@type":"ListItem","position":2,"name":"\u201cLa irrealidad y nada m\u00e1s que la irrealidad\u201d, antolog\u00eda de cuentos ins\u00f3litos editada por Solange Rodr\u00edguez y Santiago Toral"}]},{"@type":"WebSite","@id":"https:\/\/www.uartes.edu.ec\/sitio\/#website","url":"https:\/\/www.uartes.edu.ec\/sitio\/","name":"Universidad de las Artes","description":"Sitio oficial de la Universidad Nacional de las Artes del Ecuador","publisher":{"@id":"https:\/\/www.uartes.edu.ec\/sitio\/#organization"},"potentialAction":[{"@type":"SearchAction","target":{"@type":"EntryPoint","urlTemplate":"https:\/\/www.uartes.edu.ec\/sitio\/?s={search_term_string}"},"query-input":{"@type":"PropertyValueSpecification","valueRequired":true,"valueName":"search_term_string"}}],"inLanguage":"es"},{"@type":"Organization","@id":"https:\/\/www.uartes.edu.ec\/sitio\/#organization","name":"Universidad de las Artes","url":"https:\/\/www.uartes.edu.ec\/sitio\/","logo":{"@type":"ImageObject","inLanguage":"es","@id":"https:\/\/www.uartes.edu.ec\/sitio\/#\/schema\/logo\/image\/","url":"https:\/\/www.uartes.edu.ec\/sitio\/wp-content\/uploads\/2022\/07\/logo-ua-horizontal.png","contentUrl":"https:\/\/www.uartes.edu.ec\/sitio\/wp-content\/uploads\/2022\/07\/logo-ua-horizontal.png","width":800,"height":276,"caption":"Universidad de las Artes"},"image":{"@id":"https:\/\/www.uartes.edu.ec\/sitio\/#\/schema\/logo\/image\/"},"sameAs":["https:\/\/www.facebook.com\/uartesec","https:\/\/x.com\/uartesec","https:\/\/www.tiktok.com\/@uartesec"]},{"@type":"Person","@id":"https:\/\/www.uartes.edu.ec\/sitio\/#\/schema\/person\/efa1b8275797664fd7f13a79ccc0b1f4","name":"ccortez","image":{"@type":"ImageObject","inLanguage":"es","@id":"https:\/\/secure.gravatar.com\/avatar\/b2a6f664a3ae8e074346ef91775736c5ec479e637ecced6842de9dc98b5da9cd?s=96&d=mm&r=g","url":"https:\/\/secure.gravatar.com\/avatar\/b2a6f664a3ae8e074346ef91775736c5ec479e637ecced6842de9dc98b5da9cd?s=96&d=mm&r=g","contentUrl":"https:\/\/secure.gravatar.com\/avatar\/b2a6f664a3ae8e074346ef91775736c5ec479e637ecced6842de9dc98b5da9cd?s=96&d=mm&r=g","caption":"ccortez"},"url":"https:\/\/www.uartes.edu.ec\/sitio\/blog\/author\/ccortez\/"}]}},"uagb_featured_image_src":{"full":["https:\/\/www.uartes.edu.ec\/sitio\/wp-content\/uploads\/2025\/06\/SOLANGE-RODRIGUEZ.jpg",2000,1333,false],"thumbnail":["https:\/\/www.uartes.edu.ec\/sitio\/wp-content\/uploads\/2025\/06\/SOLANGE-RODRIGUEZ-150x150.jpg",150,150,true],"medium":["https:\/\/www.uartes.edu.ec\/sitio\/wp-content\/uploads\/2025\/06\/SOLANGE-RODRIGUEZ-300x200.jpg",300,200,true],"medium_large":["https:\/\/www.uartes.edu.ec\/sitio\/wp-content\/uploads\/2025\/06\/SOLANGE-RODRIGUEZ-768x512.jpg",768,512,true],"large":["https:\/\/www.uartes.edu.ec\/sitio\/wp-content\/uploads\/2025\/06\/SOLANGE-RODRIGUEZ-644x429.jpg",644,429,true],"1536x1536":["https:\/\/www.uartes.edu.ec\/sitio\/wp-content\/uploads\/2025\/06\/SOLANGE-RODRIGUEZ-1536x1024.jpg",1536,1024,true],"2048x2048":["https:\/\/www.uartes.edu.ec\/sitio\/wp-content\/uploads\/2025\/06\/SOLANGE-RODRIGUEZ.jpg",2000,1333,false],"trp-custom-language-flag":["https:\/\/www.uartes.edu.ec\/sitio\/wp-content\/uploads\/2025\/06\/SOLANGE-RODRIGUEZ-18x12.jpg",18,12,true],"htmega_size_585x295":["https:\/\/www.uartes.edu.ec\/sitio\/wp-content\/uploads\/2025\/06\/SOLANGE-RODRIGUEZ-585x295.jpg",585,295,true],"htmega_size_1170x536":["https:\/\/www.uartes.edu.ec\/sitio\/wp-content\/uploads\/2025\/06\/SOLANGE-RODRIGUEZ-1170x536.jpg",1170,536,true],"htmega_size_396x360":["https:\/\/www.uartes.edu.ec\/sitio\/wp-content\/uploads\/2025\/06\/SOLANGE-RODRIGUEZ-396x360.jpg",396,360,true],"gb-block-post-grid-landscape":["https:\/\/www.uartes.edu.ec\/sitio\/wp-content\/uploads\/2025\/06\/SOLANGE-RODRIGUEZ-600x400.jpg",600,400,true],"gb-block-post-grid-square":["https:\/\/www.uartes.edu.ec\/sitio\/wp-content\/uploads\/2025\/06\/SOLANGE-RODRIGUEZ-600x600.jpg",600,600,true],"university-hub-thumb":["https:\/\/www.uartes.edu.ec\/sitio\/wp-content\/uploads\/2025\/06\/SOLANGE-RODRIGUEZ-400x267.jpg",400,267,true]},"uagb_author_info":{"display_name":"ccortez","author_link":"https:\/\/www.uartes.edu.ec\/sitio\/blog\/author\/ccortez\/"},"uagb_comment_info":0,"uagb_excerpt":"El lanzamiento de \u201cLa irrealidad y nada m\u00e1s que la irrealidad\u201d se hizo en la Universidad Casa Grande. La escritora Solange Rodr\u00edguez Pappe, docente titular de la UArtes, comparte el proceso de edici\u00f3n de esta antolog\u00eda de cuentos ecuatorianos ins\u00f3litos, concebida en defensa de la imaginaci\u00f3n literaria contempor\u00e1nea; la realiz\u00f3 con Santiago Toral Reyes, coordinador&hellip;","featured_image_src":"https:\/\/www.uartes.edu.ec\/sitio\/wp-content\/uploads\/2025\/06\/SOLANGE-RODRIGUEZ-600x400.jpg","featured_image_src_square":"https:\/\/www.uartes.edu.ec\/sitio\/wp-content\/uploads\/2025\/06\/SOLANGE-RODRIGUEZ-600x600.jpg","author_info":{"display_name":"ccortez","author_link":"https:\/\/www.uartes.edu.ec\/sitio\/blog\/author\/ccortez\/"},"publishpress_future_workflow_manual_trigger":{"enabledWorkflows":[]},"distributor_meta":false,"distributor_terms":false,"distributor_media":false,"distributor_original_site_name":"Universidad de las Artes","distributor_original_site_url":"https:\/\/www.uartes.edu.ec\/sitio","push-errors":false,"_links":{"self":[{"href":"https:\/\/www.uartes.edu.ec\/sitio\/wp-json\/wp\/v2\/posts\/73579","targetHints":{"allow":["GET"]}}],"collection":[{"href":"https:\/\/www.uartes.edu.ec\/sitio\/wp-json\/wp\/v2\/posts"}],"about":[{"href":"https:\/\/www.uartes.edu.ec\/sitio\/wp-json\/wp\/v2\/types\/post"}],"author":[{"embeddable":true,"href":"https:\/\/www.uartes.edu.ec\/sitio\/wp-json\/wp\/v2\/users\/10"}],"replies":[{"embeddable":true,"href":"https:\/\/www.uartes.edu.ec\/sitio\/wp-json\/wp\/v2\/comments?post=73579"}],"version-history":[{"count":6,"href":"https:\/\/www.uartes.edu.ec\/sitio\/wp-json\/wp\/v2\/posts\/73579\/revisions"}],"predecessor-version":[{"id":73605,"href":"https:\/\/www.uartes.edu.ec\/sitio\/wp-json\/wp\/v2\/posts\/73579\/revisions\/73605"}],"wp:featuredmedia":[{"embeddable":true,"href":"https:\/\/www.uartes.edu.ec\/sitio\/wp-json\/wp\/v2\/media\/73659"}],"wp:attachment":[{"href":"https:\/\/www.uartes.edu.ec\/sitio\/wp-json\/wp\/v2\/media?parent=73579"}],"wp:term":[{"taxonomy":"category","embeddable":true,"href":"https:\/\/www.uartes.edu.ec\/sitio\/wp-json\/wp\/v2\/categories?post=73579"},{"taxonomy":"post_tag","embeddable":true,"href":"https:\/\/www.uartes.edu.ec\/sitio\/wp-json\/wp\/v2\/tags?post=73579"},{"taxonomy":"infouartes","embeddable":true,"href":"https:\/\/www.uartes.edu.ec\/sitio\/wp-json\/wp\/v2\/infouartes?post=73579"}],"curies":[{"name":"wp","href":"https:\/\/api.w.org\/{rel}","templated":true}]}}