{"id":73608,"date":"2025-06-13T14:07:40","date_gmt":"2025-06-13T19:07:40","guid":{"rendered":"https:\/\/www.uartes.edu.ec\/sitio\/?p=73608"},"modified":"2025-06-13T14:13:06","modified_gmt":"2025-06-13T19:13:06","slug":"escuela-de-las-artes-proyecto-institucional-que-promueve-formacion-artistica-en-territorios-de-guayaquil-y-guayas","status":"publish","type":"post","link":"https:\/\/www.uartes.edu.ec\/sitio\/blog\/2025\/06\/13\/escuela-de-las-artes-proyecto-institucional-que-promueve-formacion-artistica-en-territorios-de-guayaquil-y-guayas\/","title":{"rendered":"Escuela de las Artes, proyecto institucional que promueve la formaci\u00f3n art\u00edstica en los territorios de Guayaquil y del Guayas"},"content":{"rendered":"\n<p>Once talleres programados, cuatro territorios, nuevas din\u00e1micas y metodolog\u00eda y ense\u00f1anza complementarias. Son algunas de las caracter\u00edsticas del proyecto Escuela de las Artes 2025 que lleva adelante nuestra instituci\u00f3n de educaci\u00f3n superior. El a\u00f1o anterior, 2024, la UArtes trabaj\u00f3 la iniciativa de manera conjunta con la Prefectura del Guayas; en la actualidad, nuestros estudiantes desarrollan el proceso formativo con el acompa\u00f1amiento de alumni y docentes tutores\/as de pr\u00e1cticas preprofesionales.<\/p>\n\n\n\n<p>En esta nueva entrega, los talleres no solo est\u00e1n dirigidos a ni\u00f1as, ni\u00f1os y j\u00f3venes, sino tambi\u00e9n a personas de la tercera edad y tienen mayor tiempo de duraci\u00f3n. El proyecto Escuelas de las Artes 2025 lo lidera la Jefatura de Pr\u00e1cticas PreProfesionales (PPP) y cuenta con el apoyo de otras unidades ejecutoras: Direcci\u00f3n de Vinculaci\u00f3n con la Sociedad, Direcci\u00f3n de Formaci\u00f3n Continua y la Empresa P\u00fablica (EP) UArtes.<\/p>\n\n\n\n<p>Nueve de los once talleres arrancaron entre la segunda y tercera semana de mayo pasado; el jueves 5 de junio se abri\u00f3 el d\u00e9cimo y para el s\u00e1bado 21 est\u00e1 previsto el inicio del und\u00e9cimo. Tienen lugar en Guayaquil: en la Biblioteca de las Artes, el Museo Presley Norton, el Museo Nahim Isa\u00edas y el Museo Antropol\u00f3gico y de Arte Contempor\u00e1neo (MAAC).<\/p>\n\n\n<div class=\"wp-block-image\">\n<figure class=\"aligncenter size-large\"><img fetchpriority=\"high\" decoding=\"async\" width=\"644\" height=\"429\" src=\"https:\/\/www.uartes.edu.ec\/sitio\/wp-content\/uploads\/2025\/06\/03-TALLER-ESCUELA-ITINERANTE-DE-LAS-ARTES-644x429.jpg\" alt=\"\" class=\"wp-image-73611\" srcset=\"https:\/\/www.uartes.edu.ec\/sitio\/wp-content\/uploads\/2025\/06\/03-TALLER-ESCUELA-ITINERANTE-DE-LAS-ARTES-644x429.jpg 644w, https:\/\/www.uartes.edu.ec\/sitio\/wp-content\/uploads\/2025\/06\/03-TALLER-ESCUELA-ITINERANTE-DE-LAS-ARTES-300x200.jpg 300w, https:\/\/www.uartes.edu.ec\/sitio\/wp-content\/uploads\/2025\/06\/03-TALLER-ESCUELA-ITINERANTE-DE-LAS-ARTES-768x512.jpg 768w, https:\/\/www.uartes.edu.ec\/sitio\/wp-content\/uploads\/2025\/06\/03-TALLER-ESCUELA-ITINERANTE-DE-LAS-ARTES-1536x1024.jpg 1536w, https:\/\/www.uartes.edu.ec\/sitio\/wp-content\/uploads\/2025\/06\/03-TALLER-ESCUELA-ITINERANTE-DE-LAS-ARTES-18x12.jpg 18w, https:\/\/www.uartes.edu.ec\/sitio\/wp-content\/uploads\/2025\/06\/03-TALLER-ESCUELA-ITINERANTE-DE-LAS-ARTES-600x400.jpg 600w, https:\/\/www.uartes.edu.ec\/sitio\/wp-content\/uploads\/2025\/06\/03-TALLER-ESCUELA-ITINERANTE-DE-LAS-ARTES-400x267.jpg 400w, https:\/\/www.uartes.edu.ec\/sitio\/wp-content\/uploads\/2025\/06\/03-TALLER-ESCUELA-ITINERANTE-DE-LAS-ARTES.jpg 2000w\" sizes=\"(max-width: 644px) 100vw, 644px\" \/><\/figure>\n<\/div>\n\n\n<p>En la biblioteca de la UArtes, se efect\u00faan los talleres de Cuentacuentos, Dibujo (para adultos mayores), Introducci\u00f3n a instrumentos musicales, Cine foro kids y Cine foro. En el MAAC, el taller de Dibujo (para adultos mayores). En el Presley Norton, desde el s\u00e1bado 21 de junio, el taller de Movimiento expresivo (para ni\u00f1as y ni\u00f1os). Y en el Nahim Isa\u00edas, los de Dibujo y Movimiento Expresivo, ambos para adultos mayores; y el de Fanzine y Composici\u00f3n Fotogr\u00e1fica, que concluyen hoy, viernes 13 de junio.<\/p>\n\n\n\n<p>En su din\u00e1mica, cada taller se desarrolla por sesiones, que son de entre nueve y diez, explica Janina Su\u00e1rez, jefa de PPP. Justamente, a\u00f1ade, los estudiantes que deben cumplir con sus horas de Pr\u00e1cticas PreProfesionales son quienes imparten los talleres bajo la direcci\u00f3n de un alumnus. As\u00ed, en el rol de talleristas\/mediadores est\u00e1n Teodoro Veloz, Alex Hincapi\u00e9 y Virginia Zozaya y las\/los practicantes son co-talleristas o facilitadores; en un trabajo conjunto, ellos mantienen reuniones para la preparaci\u00f3n de las clases.<\/p>\n\n\n\n<p>En este 2025, las Escuelas de las Artes tienen dos vertientes. De mayo a diciembre, una agenda de talleres art\u00edsticos; y desde agosto a diciembre, el proyecto ampl\u00eda su radio de acci\u00f3n a seis territorios (de la periferia de Guayaquil y ruralidad en el Guayas), entornos en los que se brindar\u00e1 una propuesta formativa modular multidisciplinar: b\u00e1sico (en nuestro Semestre B 2025), intermedio (Semestre A 2026) y avanzado (Semestre B 2026).<\/p>\n\n\n<div class=\"wp-block-image\">\n<figure class=\"aligncenter size-large\"><img decoding=\"async\" width=\"644\" height=\"429\" src=\"https:\/\/www.uartes.edu.ec\/sitio\/wp-content\/uploads\/2025\/06\/02-TALLER-ESCUELA-ITINERANTE-DE-LAS-ARTES-644x429.jpg\" alt=\"\" class=\"wp-image-73612\" srcset=\"https:\/\/www.uartes.edu.ec\/sitio\/wp-content\/uploads\/2025\/06\/02-TALLER-ESCUELA-ITINERANTE-DE-LAS-ARTES-644x429.jpg 644w, https:\/\/www.uartes.edu.ec\/sitio\/wp-content\/uploads\/2025\/06\/02-TALLER-ESCUELA-ITINERANTE-DE-LAS-ARTES-300x200.jpg 300w, https:\/\/www.uartes.edu.ec\/sitio\/wp-content\/uploads\/2025\/06\/02-TALLER-ESCUELA-ITINERANTE-DE-LAS-ARTES-768x512.jpg 768w, https:\/\/www.uartes.edu.ec\/sitio\/wp-content\/uploads\/2025\/06\/02-TALLER-ESCUELA-ITINERANTE-DE-LAS-ARTES-1536x1024.jpg 1536w, https:\/\/www.uartes.edu.ec\/sitio\/wp-content\/uploads\/2025\/06\/02-TALLER-ESCUELA-ITINERANTE-DE-LAS-ARTES-18x12.jpg 18w, https:\/\/www.uartes.edu.ec\/sitio\/wp-content\/uploads\/2025\/06\/02-TALLER-ESCUELA-ITINERANTE-DE-LAS-ARTES-600x400.jpg 600w, https:\/\/www.uartes.edu.ec\/sitio\/wp-content\/uploads\/2025\/06\/02-TALLER-ESCUELA-ITINERANTE-DE-LAS-ARTES-400x267.jpg 400w, https:\/\/www.uartes.edu.ec\/sitio\/wp-content\/uploads\/2025\/06\/02-TALLER-ESCUELA-ITINERANTE-DE-LAS-ARTES.jpg 2000w\" sizes=\"(max-width: 644px) 100vw, 644px\" \/><\/figure>\n<\/div>\n\n\n<p>En relaci\u00f3n a lo mencionado, Janina Su\u00e1rez indica que con delegaciones provenientes de cada uno de los seis territorios: Isla Santay, GAD Marcelino Maridue\u00f1a, GAD La Victoria\/Salitre, Proyecto Salesiano Guayaquil, Servicio Jesuita a Refugiados y Escuela Fiscal Cerro del Carmen, se desarrollar\u00e1n las denominadas \u201cexperiencias significativas\u201d. Son seis eventos que ocurrir\u00e1n los d\u00edas s\u00e1bados de octubre a noviembre de 2025, y que consistir\u00e1n en la visita a espacios UArtes para el visionado de cortometrajes en la Sala de Cine del MZ14 y del disfrute de shows art\u00edsticos con obras de alumni.<\/p>\n\n\n\n<p>La jefa de PPP UArtes agrega que el proyecto Escuelas de las Artes 2025 tiene el compromiso de generar productos editoriales en el formato de gu\u00edas metodol\u00f3gicas, relacionadas estas con cada uno de los talleres art\u00edsticos de la programaci\u00f3n en las cuatro sedes dentro Guayaquil. As\u00ed como de otras gu\u00edas pedag\u00f3gicas relacionadas con los procesos educativos modulares de los otros seis territorios; en la edici\u00f3n progresiva de este material ser\u00e1 relevante mostrar los aportes de las\/los practicantes en la puesta en marcha de cada taller.<\/p>\n\n\n\n<p>De Formaci\u00f3n Continua, Natalia Tamayo, su directora, abona que la propuesta de la Escuela de las Artes 2025 es parte de un proceso formativo no formal, pero que resulta atractivo para quienes toman parte, pues son talleres m\u00e1s prolongados y salen con el aval de la UArtes. \u201cUn proceso formativo pedag\u00f3gicamente dise\u00f1ado para que puedan quienes quieren aprender a dibujar, por ejemplo, participar de una manera sostenida, es decir, durante un a\u00f1o. Esto con la finalidad de que sus habilidades y competencias mejoren\u201d.<\/p>\n\n\n<div class=\"wp-block-image\">\n<figure class=\"aligncenter size-large\"><img decoding=\"async\" width=\"644\" height=\"429\" src=\"https:\/\/www.uartes.edu.ec\/sitio\/wp-content\/uploads\/2025\/06\/08-ESCUELA-DE-LAS-ARTES-ADULTOS-MAYORES-644x429.jpg\" alt=\"\" class=\"wp-image-73613\" srcset=\"https:\/\/www.uartes.edu.ec\/sitio\/wp-content\/uploads\/2025\/06\/08-ESCUELA-DE-LAS-ARTES-ADULTOS-MAYORES-644x429.jpg 644w, https:\/\/www.uartes.edu.ec\/sitio\/wp-content\/uploads\/2025\/06\/08-ESCUELA-DE-LAS-ARTES-ADULTOS-MAYORES-300x200.jpg 300w, https:\/\/www.uartes.edu.ec\/sitio\/wp-content\/uploads\/2025\/06\/08-ESCUELA-DE-LAS-ARTES-ADULTOS-MAYORES-768x512.jpg 768w, https:\/\/www.uartes.edu.ec\/sitio\/wp-content\/uploads\/2025\/06\/08-ESCUELA-DE-LAS-ARTES-ADULTOS-MAYORES-1536x1024.jpg 1536w, https:\/\/www.uartes.edu.ec\/sitio\/wp-content\/uploads\/2025\/06\/08-ESCUELA-DE-LAS-ARTES-ADULTOS-MAYORES-18x12.jpg 18w, https:\/\/www.uartes.edu.ec\/sitio\/wp-content\/uploads\/2025\/06\/08-ESCUELA-DE-LAS-ARTES-ADULTOS-MAYORES-600x400.jpg 600w, https:\/\/www.uartes.edu.ec\/sitio\/wp-content\/uploads\/2025\/06\/08-ESCUELA-DE-LAS-ARTES-ADULTOS-MAYORES-400x267.jpg 400w, https:\/\/www.uartes.edu.ec\/sitio\/wp-content\/uploads\/2025\/06\/08-ESCUELA-DE-LAS-ARTES-ADULTOS-MAYORES.jpg 2000w\" sizes=\"(max-width: 644px) 100vw, 644px\" \/><\/figure>\n<\/div>\n\n\n<p>Formaci\u00f3n Continua certifica este proceso que tiene metodolog\u00eda y pedagog\u00eda, a\u00f1ade Tamayo. Al t\u00e9rmino del taller, los participantes se grad\u00faan en este proceso no formal de capacitaci\u00f3n en artes. \u201cQu\u00e9 es lo que logramos\u201d, pregunta y responde: \u201cPrimero que se activen en los territorios unas experiencias alrededor de las pr\u00e1cticas art\u00edsticas, que estos ni\u00f1os, ni\u00f1as y j\u00f3venes se empoderen de esas pr\u00e1cticas art\u00edsticas y puedan ser, quiz\u00e1s, los futuros artistas de cada uno de sus territorios. Estamos, adem\u00e1s, sembrando la semilla de quienes podr\u00edan nutrir las aulas de la Universidad de las Artes en un proceso formativo profesional\u201d.&nbsp;<\/p>\n\n\n\n<p>Es una apuesta a largo plazo, subraya la directora de Formaci\u00f3n Continua. \u201cEstamos empezando, todav\u00eda no se ve la magnitud de lo que se est\u00e1 planteando y que apunta a dinamizar el sector cultural de Guayaquil, a fortalecer el territorio y la comunidad y que tambi\u00e9n redondeen en las audiencias y en los posibles estudiantes\u201d.<\/p>\n\n\n\n<p>Cada m\u00f3dulo cierra con un evento territorial y al final habr\u00e1 un gran cierre como ya se hizo en la Escuela de las Artes 2024, en el Pasaje Illingworth del Palacio de la Gobernaci\u00f3n, sede matriz de la UArtes.<\/p>\n\n\n\n<p>Texto: Carmen Cortez\/Dircom, con la colaboraci\u00f3n de la Jefatura de Pr\u00e1cticas PreProfesionales (PPP) UArtes.<br>Fotos: cortes\u00eda de la Jefatura de de Pr\u00e1cticas PreProfesionales (PPP) UArtes.<\/p>\n\n\n\n<figure class=\"wp-block-gallery has-nested-images columns-default is-cropped wp-block-gallery-1 is-layout-flex wp-block-gallery-is-layout-flex\">\n<figure class=\"wp-block-image size-large\"><img loading=\"lazy\" decoding=\"async\" width=\"644\" height=\"429\" data-id=\"73615\" src=\"https:\/\/www.uartes.edu.ec\/sitio\/wp-content\/uploads\/2025\/06\/17-ESCUELA-DE-LAS-ARTES-ADULTOS-MAYORES-644x429.jpg\" alt=\"\" class=\"wp-image-73615\" srcset=\"https:\/\/www.uartes.edu.ec\/sitio\/wp-content\/uploads\/2025\/06\/17-ESCUELA-DE-LAS-ARTES-ADULTOS-MAYORES-644x429.jpg 644w, https:\/\/www.uartes.edu.ec\/sitio\/wp-content\/uploads\/2025\/06\/17-ESCUELA-DE-LAS-ARTES-ADULTOS-MAYORES-300x200.jpg 300w, https:\/\/www.uartes.edu.ec\/sitio\/wp-content\/uploads\/2025\/06\/17-ESCUELA-DE-LAS-ARTES-ADULTOS-MAYORES-768x512.jpg 768w, https:\/\/www.uartes.edu.ec\/sitio\/wp-content\/uploads\/2025\/06\/17-ESCUELA-DE-LAS-ARTES-ADULTOS-MAYORES-1536x1024.jpg 1536w, https:\/\/www.uartes.edu.ec\/sitio\/wp-content\/uploads\/2025\/06\/17-ESCUELA-DE-LAS-ARTES-ADULTOS-MAYORES-18x12.jpg 18w, https:\/\/www.uartes.edu.ec\/sitio\/wp-content\/uploads\/2025\/06\/17-ESCUELA-DE-LAS-ARTES-ADULTOS-MAYORES-600x400.jpg 600w, https:\/\/www.uartes.edu.ec\/sitio\/wp-content\/uploads\/2025\/06\/17-ESCUELA-DE-LAS-ARTES-ADULTOS-MAYORES-400x267.jpg 400w, https:\/\/www.uartes.edu.ec\/sitio\/wp-content\/uploads\/2025\/06\/17-ESCUELA-DE-LAS-ARTES-ADULTOS-MAYORES.jpg 2000w\" sizes=\"(max-width: 644px) 100vw, 644px\" \/><\/figure>\n\n\n\n<figure class=\"wp-block-image size-large\"><img loading=\"lazy\" decoding=\"async\" width=\"644\" height=\"429\" data-id=\"73614\" src=\"https:\/\/www.uartes.edu.ec\/sitio\/wp-content\/uploads\/2025\/06\/15-ESCUELA-DE-LAS-ARTES-ADULTOS-MAYORES-644x429.jpg\" alt=\"\" class=\"wp-image-73614\" srcset=\"https:\/\/www.uartes.edu.ec\/sitio\/wp-content\/uploads\/2025\/06\/15-ESCUELA-DE-LAS-ARTES-ADULTOS-MAYORES-644x429.jpg 644w, https:\/\/www.uartes.edu.ec\/sitio\/wp-content\/uploads\/2025\/06\/15-ESCUELA-DE-LAS-ARTES-ADULTOS-MAYORES-300x200.jpg 300w, https:\/\/www.uartes.edu.ec\/sitio\/wp-content\/uploads\/2025\/06\/15-ESCUELA-DE-LAS-ARTES-ADULTOS-MAYORES-768x512.jpg 768w, https:\/\/www.uartes.edu.ec\/sitio\/wp-content\/uploads\/2025\/06\/15-ESCUELA-DE-LAS-ARTES-ADULTOS-MAYORES-1536x1024.jpg 1536w, https:\/\/www.uartes.edu.ec\/sitio\/wp-content\/uploads\/2025\/06\/15-ESCUELA-DE-LAS-ARTES-ADULTOS-MAYORES-18x12.jpg 18w, https:\/\/www.uartes.edu.ec\/sitio\/wp-content\/uploads\/2025\/06\/15-ESCUELA-DE-LAS-ARTES-ADULTOS-MAYORES-600x400.jpg 600w, https:\/\/www.uartes.edu.ec\/sitio\/wp-content\/uploads\/2025\/06\/15-ESCUELA-DE-LAS-ARTES-ADULTOS-MAYORES-400x267.jpg 400w, https:\/\/www.uartes.edu.ec\/sitio\/wp-content\/uploads\/2025\/06\/15-ESCUELA-DE-LAS-ARTES-ADULTOS-MAYORES.jpg 2000w\" sizes=\"(max-width: 644px) 100vw, 644px\" \/><\/figure>\n<\/figure>\n\n\n\n<figure class=\"wp-block-gallery has-nested-images columns-default is-cropped wp-block-gallery-2 is-layout-flex wp-block-gallery-is-layout-flex\">\n<figure class=\"wp-block-image size-large\"><img loading=\"lazy\" decoding=\"async\" width=\"644\" height=\"429\" data-id=\"73617\" src=\"https:\/\/www.uartes.edu.ec\/sitio\/wp-content\/uploads\/2025\/06\/13-ESCUELA-DE-LAS-ARTES-ADULTOS-MAYORES-644x429.jpg\" alt=\"\" class=\"wp-image-73617\" srcset=\"https:\/\/www.uartes.edu.ec\/sitio\/wp-content\/uploads\/2025\/06\/13-ESCUELA-DE-LAS-ARTES-ADULTOS-MAYORES-644x429.jpg 644w, https:\/\/www.uartes.edu.ec\/sitio\/wp-content\/uploads\/2025\/06\/13-ESCUELA-DE-LAS-ARTES-ADULTOS-MAYORES-300x200.jpg 300w, https:\/\/www.uartes.edu.ec\/sitio\/wp-content\/uploads\/2025\/06\/13-ESCUELA-DE-LAS-ARTES-ADULTOS-MAYORES-768x512.jpg 768w, https:\/\/www.uartes.edu.ec\/sitio\/wp-content\/uploads\/2025\/06\/13-ESCUELA-DE-LAS-ARTES-ADULTOS-MAYORES-1536x1024.jpg 1536w, https:\/\/www.uartes.edu.ec\/sitio\/wp-content\/uploads\/2025\/06\/13-ESCUELA-DE-LAS-ARTES-ADULTOS-MAYORES-18x12.jpg 18w, https:\/\/www.uartes.edu.ec\/sitio\/wp-content\/uploads\/2025\/06\/13-ESCUELA-DE-LAS-ARTES-ADULTOS-MAYORES-600x400.jpg 600w, https:\/\/www.uartes.edu.ec\/sitio\/wp-content\/uploads\/2025\/06\/13-ESCUELA-DE-LAS-ARTES-ADULTOS-MAYORES-400x267.jpg 400w, https:\/\/www.uartes.edu.ec\/sitio\/wp-content\/uploads\/2025\/06\/13-ESCUELA-DE-LAS-ARTES-ADULTOS-MAYORES.jpg 2000w\" sizes=\"(max-width: 644px) 100vw, 644px\" \/><\/figure>\n\n\n\n<figure class=\"wp-block-image size-large\"><img loading=\"lazy\" decoding=\"async\" width=\"644\" height=\"429\" data-id=\"73616\" src=\"https:\/\/www.uartes.edu.ec\/sitio\/wp-content\/uploads\/2025\/06\/12-ESCUELA-DE-LAS-ARTES-ADULTOS-MAYORES-644x429.jpg\" alt=\"\" class=\"wp-image-73616\" srcset=\"https:\/\/www.uartes.edu.ec\/sitio\/wp-content\/uploads\/2025\/06\/12-ESCUELA-DE-LAS-ARTES-ADULTOS-MAYORES-644x429.jpg 644w, https:\/\/www.uartes.edu.ec\/sitio\/wp-content\/uploads\/2025\/06\/12-ESCUELA-DE-LAS-ARTES-ADULTOS-MAYORES-300x200.jpg 300w, https:\/\/www.uartes.edu.ec\/sitio\/wp-content\/uploads\/2025\/06\/12-ESCUELA-DE-LAS-ARTES-ADULTOS-MAYORES-768x512.jpg 768w, https:\/\/www.uartes.edu.ec\/sitio\/wp-content\/uploads\/2025\/06\/12-ESCUELA-DE-LAS-ARTES-ADULTOS-MAYORES-1536x1024.jpg 1536w, https:\/\/www.uartes.edu.ec\/sitio\/wp-content\/uploads\/2025\/06\/12-ESCUELA-DE-LAS-ARTES-ADULTOS-MAYORES-18x12.jpg 18w, https:\/\/www.uartes.edu.ec\/sitio\/wp-content\/uploads\/2025\/06\/12-ESCUELA-DE-LAS-ARTES-ADULTOS-MAYORES-600x400.jpg 600w, https:\/\/www.uartes.edu.ec\/sitio\/wp-content\/uploads\/2025\/06\/12-ESCUELA-DE-LAS-ARTES-ADULTOS-MAYORES-400x267.jpg 400w, https:\/\/www.uartes.edu.ec\/sitio\/wp-content\/uploads\/2025\/06\/12-ESCUELA-DE-LAS-ARTES-ADULTOS-MAYORES.jpg 2000w\" sizes=\"(max-width: 644px) 100vw, 644px\" \/><\/figure>\n<\/figure>\n\n\n\n<p>Aqu\u00ed los correos institucionales para los miembros de la comunidad UArtes interesados en tomar parte en el proyecto: <a href=\"mailto:fanny.saltos@uartes.edu.ec\">fanny.saltos@uartes.edu.ec<\/a>, <a href=\"mailto:janina.suarez@uartes.edu.ec\">janina.suarez@uartes.edu.ec<\/a> <\/p>\n\n\n\n<p>Tambi\u00e9n el link de la agenda de las Escuelas de las Artes:<br><a href=\"https:\/\/www.uartes.edu.ec\/sitio\/download\/escuela-de-la-artes-2025-agenda\/?wpdmdl=71928&amp;masterkey=kkSr9-hRCSis0pWnrJSB5KL6LfDSrJS8JFkoBOcwDvSX2ZghHwQBFX6UVqJbnXx8e_-dPpVd6MXsxunI_QoxMtqPi9VNEWVe6e7DErWTIF0\">https:\/\/www.uartes.edu.ec\/sitio\/download\/escuela-de-la-artes-2025-agenda\/?wpdmdl=71928&amp;masterkey=kkSr9-hRCSis0pWnrJSB5KL6LfDSrJS8JFkoBOcwDvSX2ZghHwQBFX6UVqJbnXx8e_-dPpVd6MXsxunI_QoxMtqPi9VNEWVe6e7DErWTIF0<\/a><\/p>\n\n\n\n<p><\/p>\n","protected":false},"excerpt":{"rendered":"<p>Once talleres, cuatro territorios, nuevas din\u00e1micas y metodolog\u00eda y ense\u00f1anza complementarias. Son algunas de las caracter\u00edsticas del proyecto Escuela de las Artes que lleva adelante nuestra instituci\u00f3n. En 2024, la UArtes trabaj\u00f3 la iniciativa con la Prefectura del Guayas; en la actualidad, nuestros estudiantes desarrollan el proceso formativo con el acompa\u00f1amiento de alumni y docentes tutores\/as de Pr\u00e1cticas PreProfesionales.<\/p>\n","protected":false},"author":10,"featured_media":73610,"comment_status":"open","ping_status":"open","sticky":false,"template":"","format":"standard","meta":{"_acf_changed":false,"_uag_custom_page_level_css":"","_monsterinsights_skip_tracking":false,"_monsterinsights_sitenote_active":false,"_monsterinsights_sitenote_note":"","_monsterinsights_sitenote_category":0,"cybocfi_hide_featured_image":"","footnotes":""},"categories":[80,490,82,159,150,157,147,75,76,175,79],"tags":[1241],"infouartes":[],"class_list":["post-73608","post","type-post","status-publish","format-standard","has-post-thumbnail","hentry","category-academico","category-alumni","category-artes","category-artes-escenicas","category-artes-sonoras","category-artes-visuales","category-cine","category-docentes","category-estudiantes","category-literatura","category-vinculo","tag-proceso-formativo"],"acf":[],"yoast_head":"<!-- This site is optimized with the Yoast SEO plugin v27.4 - https:\/\/yoast.com\/product\/yoast-seo-wordpress\/ -->\n<title>Universidad de las Artes - Escuela de las Artes, proyecto institucional que promueve la formaci\u00f3n art\u00edstica en los territorios de Guayaquil y del Guayas<\/title>\n<meta name=\"description\" content=\"Universidad de las Artes - Escuela de las Artes, proyecto institucional que promueve la formaci\u00f3n art\u00edstica en los territorios de Guayaquil y del Guayas\" \/>\n<meta name=\"robots\" content=\"index, follow, max-snippet:-1, max-image-preview:large, max-video-preview:-1\" \/>\n<link rel=\"canonical\" href=\"https:\/\/www.uartes.edu.ec\/sitio\/blog\/2025\/06\/13\/escuela-de-las-artes-proyecto-institucional-que-promueve-formacion-artistica-en-territorios-de-guayaquil-y-guayas\/\" \/>\n<meta property=\"og:locale\" content=\"es_ES\" \/>\n<meta property=\"og:type\" content=\"article\" \/>\n<meta property=\"og:title\" content=\"Universidad de las Artes - Escuela de las Artes, proyecto institucional que promueve la formaci\u00f3n art\u00edstica en los territorios de Guayaquil y del Guayas\" \/>\n<meta property=\"og:description\" content=\"Universidad de las Artes - Escuela de las Artes, proyecto institucional que promueve la formaci\u00f3n art\u00edstica en los territorios de Guayaquil y del Guayas\" \/>\n<meta property=\"og:url\" content=\"https:\/\/www.uartes.edu.ec\/sitio\/blog\/2025\/06\/13\/escuela-de-las-artes-proyecto-institucional-que-promueve-formacion-artistica-en-territorios-de-guayaquil-y-guayas\/\" \/>\n<meta property=\"og:site_name\" content=\"Universidad de las Artes\" \/>\n<meta property=\"article:publisher\" content=\"https:\/\/www.facebook.com\/uartesec\" \/>\n<meta property=\"article:published_time\" content=\"2025-06-13T19:07:40+00:00\" \/>\n<meta property=\"article:modified_time\" content=\"2025-06-13T19:13:06+00:00\" \/>\n<meta property=\"og:image\" content=\"https:\/\/www.uartes.edu.ec\/sitio\/wp-content\/uploads\/2025\/06\/01-TALLER-ESCUELA-ITINERANTE-DE-LAS-ARTES.jpg\" \/>\n\t<meta property=\"og:image:width\" content=\"2000\" \/>\n\t<meta property=\"og:image:height\" content=\"1333\" \/>\n\t<meta property=\"og:image:type\" content=\"image\/jpeg\" \/>\n<meta name=\"author\" content=\"ccortez\" \/>\n<meta name=\"twitter:card\" content=\"summary_large_image\" \/>\n<meta name=\"twitter:creator\" content=\"@uartesec\" \/>\n<meta name=\"twitter:site\" content=\"@uartesec\" \/>\n<meta name=\"twitter:label1\" content=\"Escrito por\" \/>\n\t<meta name=\"twitter:data1\" content=\"ccortez\" \/>\n\t<meta name=\"twitter:label2\" content=\"Tiempo de lectura\" \/>\n\t<meta name=\"twitter:data2\" content=\"5 minutos\" \/>\n<script type=\"application\/ld+json\" class=\"yoast-schema-graph\">{\"@context\":\"https:\\\/\\\/schema.org\",\"@graph\":[{\"@type\":\"Article\",\"@id\":\"https:\\\/\\\/www.uartes.edu.ec\\\/sitio\\\/blog\\\/2025\\\/06\\\/13\\\/escuela-de-las-artes-proyecto-institucional-que-promueve-formacion-artistica-en-territorios-de-guayaquil-y-guayas\\\/#article\",\"isPartOf\":{\"@id\":\"https:\\\/\\\/www.uartes.edu.ec\\\/sitio\\\/blog\\\/2025\\\/06\\\/13\\\/escuela-de-las-artes-proyecto-institucional-que-promueve-formacion-artistica-en-territorios-de-guayaquil-y-guayas\\\/\"},\"author\":{\"name\":\"ccortez\",\"@id\":\"https:\\\/\\\/www.uartes.edu.ec\\\/sitio\\\/#\\\/schema\\\/person\\\/efa1b8275797664fd7f13a79ccc0b1f4\"},\"headline\":\"Escuela de las Artes, proyecto institucional que promueve la formaci\u00f3n art\u00edstica en los territorios de Guayaquil y del Guayas\",\"datePublished\":\"2025-06-13T19:07:40+00:00\",\"dateModified\":\"2025-06-13T19:13:06+00:00\",\"mainEntityOfPage\":{\"@id\":\"https:\\\/\\\/www.uartes.edu.ec\\\/sitio\\\/blog\\\/2025\\\/06\\\/13\\\/escuela-de-las-artes-proyecto-institucional-que-promueve-formacion-artistica-en-territorios-de-guayaquil-y-guayas\\\/\"},\"wordCount\":1085,\"commentCount\":0,\"publisher\":{\"@id\":\"https:\\\/\\\/www.uartes.edu.ec\\\/sitio\\\/#organization\"},\"image\":{\"@id\":\"https:\\\/\\\/www.uartes.edu.ec\\\/sitio\\\/blog\\\/2025\\\/06\\\/13\\\/escuela-de-las-artes-proyecto-institucional-que-promueve-formacion-artistica-en-territorios-de-guayaquil-y-guayas\\\/#primaryimage\"},\"thumbnailUrl\":\"https:\\\/\\\/www.uartes.edu.ec\\\/sitio\\\/wp-content\\\/uploads\\\/2025\\\/06\\\/01-TALLER-ESCUELA-ITINERANTE-DE-LAS-ARTES.jpg\",\"keywords\":[\"proceso formativo\"],\"articleSection\":[\"Acad\u00e9mico\",\"Alumni\",\"Artes\",\"Artes Esc\u00e9nicas\",\"Artes Sonoras\",\"Artes Visuales\",\"Cine\",\"Docentes\",\"Estudiantes\",\"Literatura\",\"V\u00ednculo\"],\"inLanguage\":\"es\",\"potentialAction\":[{\"@type\":\"CommentAction\",\"name\":\"Comment\",\"target\":[\"https:\\\/\\\/www.uartes.edu.ec\\\/sitio\\\/blog\\\/2025\\\/06\\\/13\\\/escuela-de-las-artes-proyecto-institucional-que-promueve-formacion-artistica-en-territorios-de-guayaquil-y-guayas\\\/#respond\"]}]},{\"@type\":[\"WebPage\",\"ItemPage\"],\"@id\":\"https:\\\/\\\/www.uartes.edu.ec\\\/sitio\\\/blog\\\/2025\\\/06\\\/13\\\/escuela-de-las-artes-proyecto-institucional-que-promueve-formacion-artistica-en-territorios-de-guayaquil-y-guayas\\\/\",\"url\":\"https:\\\/\\\/www.uartes.edu.ec\\\/sitio\\\/blog\\\/2025\\\/06\\\/13\\\/escuela-de-las-artes-proyecto-institucional-que-promueve-formacion-artistica-en-territorios-de-guayaquil-y-guayas\\\/\",\"name\":\"Universidad de las Artes - Escuela de las Artes, proyecto institucional que promueve la formaci\u00f3n art\u00edstica en los territorios de Guayaquil y del Guayas\",\"isPartOf\":{\"@id\":\"https:\\\/\\\/www.uartes.edu.ec\\\/sitio\\\/#website\"},\"primaryImageOfPage\":{\"@id\":\"https:\\\/\\\/www.uartes.edu.ec\\\/sitio\\\/blog\\\/2025\\\/06\\\/13\\\/escuela-de-las-artes-proyecto-institucional-que-promueve-formacion-artistica-en-territorios-de-guayaquil-y-guayas\\\/#primaryimage\"},\"image\":{\"@id\":\"https:\\\/\\\/www.uartes.edu.ec\\\/sitio\\\/blog\\\/2025\\\/06\\\/13\\\/escuela-de-las-artes-proyecto-institucional-que-promueve-formacion-artistica-en-territorios-de-guayaquil-y-guayas\\\/#primaryimage\"},\"thumbnailUrl\":\"https:\\\/\\\/www.uartes.edu.ec\\\/sitio\\\/wp-content\\\/uploads\\\/2025\\\/06\\\/01-TALLER-ESCUELA-ITINERANTE-DE-LAS-ARTES.jpg\",\"datePublished\":\"2025-06-13T19:07:40+00:00\",\"dateModified\":\"2025-06-13T19:13:06+00:00\",\"description\":\"Universidad de las Artes - Escuela de las Artes, proyecto institucional que promueve la formaci\u00f3n art\u00edstica en los territorios de Guayaquil y del Guayas\",\"breadcrumb\":{\"@id\":\"https:\\\/\\\/www.uartes.edu.ec\\\/sitio\\\/blog\\\/2025\\\/06\\\/13\\\/escuela-de-las-artes-proyecto-institucional-que-promueve-formacion-artistica-en-territorios-de-guayaquil-y-guayas\\\/#breadcrumb\"},\"inLanguage\":\"es\",\"potentialAction\":[{\"@type\":\"ReadAction\",\"target\":[\"https:\\\/\\\/www.uartes.edu.ec\\\/sitio\\\/blog\\\/2025\\\/06\\\/13\\\/escuela-de-las-artes-proyecto-institucional-que-promueve-formacion-artistica-en-territorios-de-guayaquil-y-guayas\\\/\"]}]},{\"@type\":\"ImageObject\",\"inLanguage\":\"es\",\"@id\":\"https:\\\/\\\/www.uartes.edu.ec\\\/sitio\\\/blog\\\/2025\\\/06\\\/13\\\/escuela-de-las-artes-proyecto-institucional-que-promueve-formacion-artistica-en-territorios-de-guayaquil-y-guayas\\\/#primaryimage\",\"url\":\"https:\\\/\\\/www.uartes.edu.ec\\\/sitio\\\/wp-content\\\/uploads\\\/2025\\\/06\\\/01-TALLER-ESCUELA-ITINERANTE-DE-LAS-ARTES.jpg\",\"contentUrl\":\"https:\\\/\\\/www.uartes.edu.ec\\\/sitio\\\/wp-content\\\/uploads\\\/2025\\\/06\\\/01-TALLER-ESCUELA-ITINERANTE-DE-LAS-ARTES.jpg\",\"width\":2000,\"height\":1333},{\"@type\":\"BreadcrumbList\",\"@id\":\"https:\\\/\\\/www.uartes.edu.ec\\\/sitio\\\/blog\\\/2025\\\/06\\\/13\\\/escuela-de-las-artes-proyecto-institucional-que-promueve-formacion-artistica-en-territorios-de-guayaquil-y-guayas\\\/#breadcrumb\",\"itemListElement\":[{\"@type\":\"ListItem\",\"position\":1,\"name\":\"Inicio\",\"item\":\"https:\\\/\\\/www.uartes.edu.ec\\\/sitio\\\/\"},{\"@type\":\"ListItem\",\"position\":2,\"name\":\"Escuela de las Artes, proyecto institucional que promueve la formaci\u00f3n art\u00edstica en los territorios de Guayaquil y del Guayas\"}]},{\"@type\":\"WebSite\",\"@id\":\"https:\\\/\\\/www.uartes.edu.ec\\\/sitio\\\/#website\",\"url\":\"https:\\\/\\\/www.uartes.edu.ec\\\/sitio\\\/\",\"name\":\"Universidad de las Artes\",\"description\":\"Sitio oficial de la Universidad Nacional de las Artes del Ecuador\",\"publisher\":{\"@id\":\"https:\\\/\\\/www.uartes.edu.ec\\\/sitio\\\/#organization\"},\"potentialAction\":[{\"@type\":\"SearchAction\",\"target\":{\"@type\":\"EntryPoint\",\"urlTemplate\":\"https:\\\/\\\/www.uartes.edu.ec\\\/sitio\\\/?s={search_term_string}\"},\"query-input\":{\"@type\":\"PropertyValueSpecification\",\"valueRequired\":true,\"valueName\":\"search_term_string\"}}],\"inLanguage\":\"es\"},{\"@type\":\"Organization\",\"@id\":\"https:\\\/\\\/www.uartes.edu.ec\\\/sitio\\\/#organization\",\"name\":\"Universidad de las Artes\",\"url\":\"https:\\\/\\\/www.uartes.edu.ec\\\/sitio\\\/\",\"logo\":{\"@type\":\"ImageObject\",\"inLanguage\":\"es\",\"@id\":\"https:\\\/\\\/www.uartes.edu.ec\\\/sitio\\\/#\\\/schema\\\/logo\\\/image\\\/\",\"url\":\"https:\\\/\\\/www.uartes.edu.ec\\\/sitio\\\/wp-content\\\/uploads\\\/2022\\\/07\\\/logo-ua-horizontal.png\",\"contentUrl\":\"https:\\\/\\\/www.uartes.edu.ec\\\/sitio\\\/wp-content\\\/uploads\\\/2022\\\/07\\\/logo-ua-horizontal.png\",\"width\":800,\"height\":276,\"caption\":\"Universidad de las Artes\"},\"image\":{\"@id\":\"https:\\\/\\\/www.uartes.edu.ec\\\/sitio\\\/#\\\/schema\\\/logo\\\/image\\\/\"},\"sameAs\":[\"https:\\\/\\\/www.facebook.com\\\/uartesec\",\"https:\\\/\\\/x.com\\\/uartesec\",\"https:\\\/\\\/www.tiktok.com\\\/@uartesec\"]},{\"@type\":\"Person\",\"@id\":\"https:\\\/\\\/www.uartes.edu.ec\\\/sitio\\\/#\\\/schema\\\/person\\\/efa1b8275797664fd7f13a79ccc0b1f4\",\"name\":\"ccortez\",\"image\":{\"@type\":\"ImageObject\",\"inLanguage\":\"es\",\"@id\":\"https:\\\/\\\/secure.gravatar.com\\\/avatar\\\/b2a6f664a3ae8e074346ef91775736c5ec479e637ecced6842de9dc98b5da9cd?s=96&d=mm&r=g\",\"url\":\"https:\\\/\\\/secure.gravatar.com\\\/avatar\\\/b2a6f664a3ae8e074346ef91775736c5ec479e637ecced6842de9dc98b5da9cd?s=96&d=mm&r=g\",\"contentUrl\":\"https:\\\/\\\/secure.gravatar.com\\\/avatar\\\/b2a6f664a3ae8e074346ef91775736c5ec479e637ecced6842de9dc98b5da9cd?s=96&d=mm&r=g\",\"caption\":\"ccortez\"},\"url\":\"https:\\\/\\\/www.uartes.edu.ec\\\/sitio\\\/blog\\\/author\\\/ccortez\\\/\"}]}<\/script>\n<!-- \/ Yoast SEO plugin. -->","yoast_head_json":{"title":"Universidad de las Artes - Escuela de las Artes, proyecto institucional que promueve la formaci\u00f3n art\u00edstica en los territorios de Guayaquil y del Guayas","description":"Universidad de las Artes - Escuela de las Artes, proyecto institucional que promueve la formaci\u00f3n art\u00edstica en los territorios de Guayaquil y del Guayas","robots":{"index":"index","follow":"follow","max-snippet":"max-snippet:-1","max-image-preview":"max-image-preview:large","max-video-preview":"max-video-preview:-1"},"canonical":"https:\/\/www.uartes.edu.ec\/sitio\/blog\/2025\/06\/13\/escuela-de-las-artes-proyecto-institucional-que-promueve-formacion-artistica-en-territorios-de-guayaquil-y-guayas\/","og_locale":"es_ES","og_type":"article","og_title":"Universidad de las Artes - Escuela de las Artes, proyecto institucional que promueve la formaci\u00f3n art\u00edstica en los territorios de Guayaquil y del Guayas","og_description":"Universidad de las Artes - Escuela de las Artes, proyecto institucional que promueve la formaci\u00f3n art\u00edstica en los territorios de Guayaquil y del Guayas","og_url":"https:\/\/www.uartes.edu.ec\/sitio\/blog\/2025\/06\/13\/escuela-de-las-artes-proyecto-institucional-que-promueve-formacion-artistica-en-territorios-de-guayaquil-y-guayas\/","og_site_name":"Universidad de las Artes","article_publisher":"https:\/\/www.facebook.com\/uartesec","article_published_time":"2025-06-13T19:07:40+00:00","article_modified_time":"2025-06-13T19:13:06+00:00","og_image":[{"width":2000,"height":1333,"url":"https:\/\/www.uartes.edu.ec\/sitio\/wp-content\/uploads\/2025\/06\/01-TALLER-ESCUELA-ITINERANTE-DE-LAS-ARTES.jpg","type":"image\/jpeg"}],"author":"ccortez","twitter_card":"summary_large_image","twitter_creator":"@uartesec","twitter_site":"@uartesec","twitter_misc":{"Escrito por":"ccortez","Tiempo de lectura":"5 minutos"},"schema":{"@context":"https:\/\/schema.org","@graph":[{"@type":"Article","@id":"https:\/\/www.uartes.edu.ec\/sitio\/blog\/2025\/06\/13\/escuela-de-las-artes-proyecto-institucional-que-promueve-formacion-artistica-en-territorios-de-guayaquil-y-guayas\/#article","isPartOf":{"@id":"https:\/\/www.uartes.edu.ec\/sitio\/blog\/2025\/06\/13\/escuela-de-las-artes-proyecto-institucional-que-promueve-formacion-artistica-en-territorios-de-guayaquil-y-guayas\/"},"author":{"name":"ccortez","@id":"https:\/\/www.uartes.edu.ec\/sitio\/#\/schema\/person\/efa1b8275797664fd7f13a79ccc0b1f4"},"headline":"Escuela de las Artes, proyecto institucional que promueve la formaci\u00f3n art\u00edstica en los territorios de Guayaquil y del Guayas","datePublished":"2025-06-13T19:07:40+00:00","dateModified":"2025-06-13T19:13:06+00:00","mainEntityOfPage":{"@id":"https:\/\/www.uartes.edu.ec\/sitio\/blog\/2025\/06\/13\/escuela-de-las-artes-proyecto-institucional-que-promueve-formacion-artistica-en-territorios-de-guayaquil-y-guayas\/"},"wordCount":1085,"commentCount":0,"publisher":{"@id":"https:\/\/www.uartes.edu.ec\/sitio\/#organization"},"image":{"@id":"https:\/\/www.uartes.edu.ec\/sitio\/blog\/2025\/06\/13\/escuela-de-las-artes-proyecto-institucional-que-promueve-formacion-artistica-en-territorios-de-guayaquil-y-guayas\/#primaryimage"},"thumbnailUrl":"https:\/\/www.uartes.edu.ec\/sitio\/wp-content\/uploads\/2025\/06\/01-TALLER-ESCUELA-ITINERANTE-DE-LAS-ARTES.jpg","keywords":["proceso formativo"],"articleSection":["Acad\u00e9mico","Alumni","Artes","Artes Esc\u00e9nicas","Artes Sonoras","Artes Visuales","Cine","Docentes","Estudiantes","Literatura","V\u00ednculo"],"inLanguage":"es","potentialAction":[{"@type":"CommentAction","name":"Comment","target":["https:\/\/www.uartes.edu.ec\/sitio\/blog\/2025\/06\/13\/escuela-de-las-artes-proyecto-institucional-que-promueve-formacion-artistica-en-territorios-de-guayaquil-y-guayas\/#respond"]}]},{"@type":["WebPage","ItemPage"],"@id":"https:\/\/www.uartes.edu.ec\/sitio\/blog\/2025\/06\/13\/escuela-de-las-artes-proyecto-institucional-que-promueve-formacion-artistica-en-territorios-de-guayaquil-y-guayas\/","url":"https:\/\/www.uartes.edu.ec\/sitio\/blog\/2025\/06\/13\/escuela-de-las-artes-proyecto-institucional-que-promueve-formacion-artistica-en-territorios-de-guayaquil-y-guayas\/","name":"Universidad de las Artes - Escuela de las Artes, proyecto institucional que promueve la formaci\u00f3n art\u00edstica en los territorios de Guayaquil y del Guayas","isPartOf":{"@id":"https:\/\/www.uartes.edu.ec\/sitio\/#website"},"primaryImageOfPage":{"@id":"https:\/\/www.uartes.edu.ec\/sitio\/blog\/2025\/06\/13\/escuela-de-las-artes-proyecto-institucional-que-promueve-formacion-artistica-en-territorios-de-guayaquil-y-guayas\/#primaryimage"},"image":{"@id":"https:\/\/www.uartes.edu.ec\/sitio\/blog\/2025\/06\/13\/escuela-de-las-artes-proyecto-institucional-que-promueve-formacion-artistica-en-territorios-de-guayaquil-y-guayas\/#primaryimage"},"thumbnailUrl":"https:\/\/www.uartes.edu.ec\/sitio\/wp-content\/uploads\/2025\/06\/01-TALLER-ESCUELA-ITINERANTE-DE-LAS-ARTES.jpg","datePublished":"2025-06-13T19:07:40+00:00","dateModified":"2025-06-13T19:13:06+00:00","description":"Universidad de las Artes - Escuela de las Artes, proyecto institucional que promueve la formaci\u00f3n art\u00edstica en los territorios de Guayaquil y del Guayas","breadcrumb":{"@id":"https:\/\/www.uartes.edu.ec\/sitio\/blog\/2025\/06\/13\/escuela-de-las-artes-proyecto-institucional-que-promueve-formacion-artistica-en-territorios-de-guayaquil-y-guayas\/#breadcrumb"},"inLanguage":"es","potentialAction":[{"@type":"ReadAction","target":["https:\/\/www.uartes.edu.ec\/sitio\/blog\/2025\/06\/13\/escuela-de-las-artes-proyecto-institucional-que-promueve-formacion-artistica-en-territorios-de-guayaquil-y-guayas\/"]}]},{"@type":"ImageObject","inLanguage":"es","@id":"https:\/\/www.uartes.edu.ec\/sitio\/blog\/2025\/06\/13\/escuela-de-las-artes-proyecto-institucional-que-promueve-formacion-artistica-en-territorios-de-guayaquil-y-guayas\/#primaryimage","url":"https:\/\/www.uartes.edu.ec\/sitio\/wp-content\/uploads\/2025\/06\/01-TALLER-ESCUELA-ITINERANTE-DE-LAS-ARTES.jpg","contentUrl":"https:\/\/www.uartes.edu.ec\/sitio\/wp-content\/uploads\/2025\/06\/01-TALLER-ESCUELA-ITINERANTE-DE-LAS-ARTES.jpg","width":2000,"height":1333},{"@type":"BreadcrumbList","@id":"https:\/\/www.uartes.edu.ec\/sitio\/blog\/2025\/06\/13\/escuela-de-las-artes-proyecto-institucional-que-promueve-formacion-artistica-en-territorios-de-guayaquil-y-guayas\/#breadcrumb","itemListElement":[{"@type":"ListItem","position":1,"name":"Inicio","item":"https:\/\/www.uartes.edu.ec\/sitio\/"},{"@type":"ListItem","position":2,"name":"Escuela de las Artes, proyecto institucional que promueve la formaci\u00f3n art\u00edstica en los territorios de Guayaquil y del Guayas"}]},{"@type":"WebSite","@id":"https:\/\/www.uartes.edu.ec\/sitio\/#website","url":"https:\/\/www.uartes.edu.ec\/sitio\/","name":"Universidad de las Artes","description":"Sitio oficial de la Universidad Nacional de las Artes del Ecuador","publisher":{"@id":"https:\/\/www.uartes.edu.ec\/sitio\/#organization"},"potentialAction":[{"@type":"SearchAction","target":{"@type":"EntryPoint","urlTemplate":"https:\/\/www.uartes.edu.ec\/sitio\/?s={search_term_string}"},"query-input":{"@type":"PropertyValueSpecification","valueRequired":true,"valueName":"search_term_string"}}],"inLanguage":"es"},{"@type":"Organization","@id":"https:\/\/www.uartes.edu.ec\/sitio\/#organization","name":"Universidad de las Artes","url":"https:\/\/www.uartes.edu.ec\/sitio\/","logo":{"@type":"ImageObject","inLanguage":"es","@id":"https:\/\/www.uartes.edu.ec\/sitio\/#\/schema\/logo\/image\/","url":"https:\/\/www.uartes.edu.ec\/sitio\/wp-content\/uploads\/2022\/07\/logo-ua-horizontal.png","contentUrl":"https:\/\/www.uartes.edu.ec\/sitio\/wp-content\/uploads\/2022\/07\/logo-ua-horizontal.png","width":800,"height":276,"caption":"Universidad de las Artes"},"image":{"@id":"https:\/\/www.uartes.edu.ec\/sitio\/#\/schema\/logo\/image\/"},"sameAs":["https:\/\/www.facebook.com\/uartesec","https:\/\/x.com\/uartesec","https:\/\/www.tiktok.com\/@uartesec"]},{"@type":"Person","@id":"https:\/\/www.uartes.edu.ec\/sitio\/#\/schema\/person\/efa1b8275797664fd7f13a79ccc0b1f4","name":"ccortez","image":{"@type":"ImageObject","inLanguage":"es","@id":"https:\/\/secure.gravatar.com\/avatar\/b2a6f664a3ae8e074346ef91775736c5ec479e637ecced6842de9dc98b5da9cd?s=96&d=mm&r=g","url":"https:\/\/secure.gravatar.com\/avatar\/b2a6f664a3ae8e074346ef91775736c5ec479e637ecced6842de9dc98b5da9cd?s=96&d=mm&r=g","contentUrl":"https:\/\/secure.gravatar.com\/avatar\/b2a6f664a3ae8e074346ef91775736c5ec479e637ecced6842de9dc98b5da9cd?s=96&d=mm&r=g","caption":"ccortez"},"url":"https:\/\/www.uartes.edu.ec\/sitio\/blog\/author\/ccortez\/"}]}},"uagb_featured_image_src":{"full":["https:\/\/www.uartes.edu.ec\/sitio\/wp-content\/uploads\/2025\/06\/01-TALLER-ESCUELA-ITINERANTE-DE-LAS-ARTES.jpg",2000,1333,false],"thumbnail":["https:\/\/www.uartes.edu.ec\/sitio\/wp-content\/uploads\/2025\/06\/01-TALLER-ESCUELA-ITINERANTE-DE-LAS-ARTES-150x150.jpg",150,150,true],"medium":["https:\/\/www.uartes.edu.ec\/sitio\/wp-content\/uploads\/2025\/06\/01-TALLER-ESCUELA-ITINERANTE-DE-LAS-ARTES-300x200.jpg",300,200,true],"medium_large":["https:\/\/www.uartes.edu.ec\/sitio\/wp-content\/uploads\/2025\/06\/01-TALLER-ESCUELA-ITINERANTE-DE-LAS-ARTES-768x512.jpg",768,512,true],"large":["https:\/\/www.uartes.edu.ec\/sitio\/wp-content\/uploads\/2025\/06\/01-TALLER-ESCUELA-ITINERANTE-DE-LAS-ARTES-644x429.jpg",644,429,true],"1536x1536":["https:\/\/www.uartes.edu.ec\/sitio\/wp-content\/uploads\/2025\/06\/01-TALLER-ESCUELA-ITINERANTE-DE-LAS-ARTES-1536x1024.jpg",1536,1024,true],"2048x2048":["https:\/\/www.uartes.edu.ec\/sitio\/wp-content\/uploads\/2025\/06\/01-TALLER-ESCUELA-ITINERANTE-DE-LAS-ARTES.jpg",2000,1333,false],"trp-custom-language-flag":["https:\/\/www.uartes.edu.ec\/sitio\/wp-content\/uploads\/2025\/06\/01-TALLER-ESCUELA-ITINERANTE-DE-LAS-ARTES-18x12.jpg",18,12,true],"htmega_size_585x295":["https:\/\/www.uartes.edu.ec\/sitio\/wp-content\/uploads\/2025\/06\/01-TALLER-ESCUELA-ITINERANTE-DE-LAS-ARTES-585x295.jpg",585,295,true],"htmega_size_1170x536":["https:\/\/www.uartes.edu.ec\/sitio\/wp-content\/uploads\/2025\/06\/01-TALLER-ESCUELA-ITINERANTE-DE-LAS-ARTES-1170x536.jpg",1170,536,true],"htmega_size_396x360":["https:\/\/www.uartes.edu.ec\/sitio\/wp-content\/uploads\/2025\/06\/01-TALLER-ESCUELA-ITINERANTE-DE-LAS-ARTES-396x360.jpg",396,360,true],"gb-block-post-grid-landscape":["https:\/\/www.uartes.edu.ec\/sitio\/wp-content\/uploads\/2025\/06\/01-TALLER-ESCUELA-ITINERANTE-DE-LAS-ARTES-600x400.jpg",600,400,true],"gb-block-post-grid-square":["https:\/\/www.uartes.edu.ec\/sitio\/wp-content\/uploads\/2025\/06\/01-TALLER-ESCUELA-ITINERANTE-DE-LAS-ARTES-600x600.jpg",600,600,true],"university-hub-thumb":["https:\/\/www.uartes.edu.ec\/sitio\/wp-content\/uploads\/2025\/06\/01-TALLER-ESCUELA-ITINERANTE-DE-LAS-ARTES-400x267.jpg",400,267,true]},"uagb_author_info":{"display_name":"ccortez","author_link":"https:\/\/www.uartes.edu.ec\/sitio\/blog\/author\/ccortez\/"},"uagb_comment_info":0,"uagb_excerpt":"Once talleres, cuatro territorios, nuevas din\u00e1micas y metodolog\u00eda y ense\u00f1anza complementarias. Son algunas de las caracter\u00edsticas del proyecto Escuela de las Artes que lleva adelante nuestra instituci\u00f3n. En 2024, la UArtes trabaj\u00f3 la iniciativa con la Prefectura del Guayas; en la actualidad, nuestros estudiantes desarrollan el proceso formativo con el acompa\u00f1amiento de alumni y docentes&hellip;","featured_image_src":"https:\/\/www.uartes.edu.ec\/sitio\/wp-content\/uploads\/2025\/06\/01-TALLER-ESCUELA-ITINERANTE-DE-LAS-ARTES-600x400.jpg","featured_image_src_square":"https:\/\/www.uartes.edu.ec\/sitio\/wp-content\/uploads\/2025\/06\/01-TALLER-ESCUELA-ITINERANTE-DE-LAS-ARTES-600x600.jpg","author_info":{"display_name":"ccortez","author_link":"https:\/\/www.uartes.edu.ec\/sitio\/blog\/author\/ccortez\/"},"publishpress_future_workflow_manual_trigger":{"enabledWorkflows":[]},"distributor_meta":false,"distributor_terms":false,"distributor_media":false,"distributor_original_site_name":"Universidad de las Artes","distributor_original_site_url":"https:\/\/www.uartes.edu.ec\/sitio","push-errors":false,"_links":{"self":[{"href":"https:\/\/www.uartes.edu.ec\/sitio\/wp-json\/wp\/v2\/posts\/73608","targetHints":{"allow":["GET"]}}],"collection":[{"href":"https:\/\/www.uartes.edu.ec\/sitio\/wp-json\/wp\/v2\/posts"}],"about":[{"href":"https:\/\/www.uartes.edu.ec\/sitio\/wp-json\/wp\/v2\/types\/post"}],"author":[{"embeddable":true,"href":"https:\/\/www.uartes.edu.ec\/sitio\/wp-json\/wp\/v2\/users\/10"}],"replies":[{"embeddable":true,"href":"https:\/\/www.uartes.edu.ec\/sitio\/wp-json\/wp\/v2\/comments?post=73608"}],"version-history":[{"count":4,"href":"https:\/\/www.uartes.edu.ec\/sitio\/wp-json\/wp\/v2\/posts\/73608\/revisions"}],"predecessor-version":[{"id":73628,"href":"https:\/\/www.uartes.edu.ec\/sitio\/wp-json\/wp\/v2\/posts\/73608\/revisions\/73628"}],"wp:featuredmedia":[{"embeddable":true,"href":"https:\/\/www.uartes.edu.ec\/sitio\/wp-json\/wp\/v2\/media\/73610"}],"wp:attachment":[{"href":"https:\/\/www.uartes.edu.ec\/sitio\/wp-json\/wp\/v2\/media?parent=73608"}],"wp:term":[{"taxonomy":"category","embeddable":true,"href":"https:\/\/www.uartes.edu.ec\/sitio\/wp-json\/wp\/v2\/categories?post=73608"},{"taxonomy":"post_tag","embeddable":true,"href":"https:\/\/www.uartes.edu.ec\/sitio\/wp-json\/wp\/v2\/tags?post=73608"},{"taxonomy":"infouartes","embeddable":true,"href":"https:\/\/www.uartes.edu.ec\/sitio\/wp-json\/wp\/v2\/infouartes?post=73608"}],"curies":[{"name":"wp","href":"https:\/\/api.w.org\/{rel}","templated":true}]}}