{"id":73630,"date":"2025-06-13T14:17:59","date_gmt":"2025-06-13T19:17:59","guid":{"rendered":"https:\/\/www.uartes.edu.ec\/sitio\/?p=73630"},"modified":"2025-08-18T18:16:01","modified_gmt":"2025-08-18T23:16:01","slug":"inter-actos-su-v-edicion-del-14-a-19-de-julio","status":"publish","type":"post","link":"https:\/\/www.uartes.edu.ec\/sitio\/blog\/2025\/06\/13\/inter-actos-su-v-edicion-del-14-a-19-de-julio\/","title":{"rendered":"Inter[\u2022]actos: V edici\u00f3n del 14 a 19 de julio"},"content":{"rendered":"\n<p>Estamos a pocos d\u00edas de volver a vivir las emociones de Inter[\u2022]actos. El \u00faltimo de estos encuentros p\u00fablicos en artes que nuestra instituci\u00f3n de educaci\u00f3n superior propici\u00f3 fue en 2019 y el 14 de julio pr\u00f3ximo regresan en una quinta edici\u00f3n cuya programaci\u00f3n invita a reflexionar sobre las identidades, el ejercicio art\u00edstico desde, para y a trav\u00e9s de las comunidades, las coexistencias f\u00edsicas y virtuales, y aquellos espacios vivos que representan importantes escenarios donde la vida se conecta y evoluciona.<\/p>\n\n\n\n<p>En \u201cHabitares, Espacios donde se desarrolla la vida\u201d, el eje tem\u00e1tico de la V edici\u00f3n de Inter[ \u2022 ]actos, se articular\u00e1n en red muchas de las din\u00e1micas culturales, sensibilidades sociales e interacciones cotidianas del ciudadano a pie, tambi\u00e9n marcar\u00e1n el ritmo y paisaje que tendr\u00e1 el futuro para todos nosotros.<\/p>\n\n\n\n<p>En su V edici\u00f3n, Inter[\u2022]actos se apropiar\u00e1 del simbolismo ciudadano que representa la iguana como especie nativa de la localidad y su coexistencia urbana. La naturaleza, los espacios sensoriales y los v\u00ednculos comunitarios refuerzan el tejido emp\u00e1tico que descubrimos a diario en las calles de la ciudad-puerto, mientras el r\u00edo Guayas y las dem\u00e1s formas de la naturaleza que nos rodea persiste en su resistencia y nos ense\u00f1a la importancia de vivir y transformarnos.<\/p>\n\n\n\n<p>\u00bfQu\u00e9 habr\u00e1 en la agenda de Inter[\u2022]actos? Como para ir calentando los motores con el presente adelanto informativo, en el cartel de conciertos constan unos encuentros imperdibles: La Mafia Andina, Don de Gente, Caye Cayejera, Esto Es Cultura, Pedro Moa, Dr. Zoppa y Tr\u00edptico Lunar.<\/p>\n\n\n\n<p>Pero hay m\u00e1s: Qhapaq \u00d1an, La Rueda (l\u00fadico) y unos ensambles que est\u00e1n para no soltar palco. Estos son: Ensamble de m\u00fasicas del Pac\u00edfico, Ensamble de M\u00fasicas Vocales de Ra\u00edz, Ensamble de Blues, Ensamble de Vientos, Ensamble de M\u00fasica Andina y Ensamble de Jazz, as\u00ed como M\u00fasicas Acad\u00e9micas Ecuatorianas y DJ set.<\/p>\n\n\n\n<p><\/p>\n","protected":false},"excerpt":{"rendered":"<p>Estamos a pocos d\u00edas de volver a vivir las emociones de Inter[\u2022]actos. El \u00faltimo de estos encuentros p\u00fablicos en artes que nuestra universidad propici\u00f3 fue en 2019, pero el 14 de julio pr\u00f3ximo regresan con una agenda que invita a reflexionar sobre identidades y ejercicio art\u00edstico desde, para y a trav\u00e9s de las comunidades. Como para calentar motores con este adelanto informativo, en el cartel de conciertos est\u00e1n La Mafia Andina, Don de Gente, Caye Cayejera, Esto Es Cultura, Pedro Moa, Dr. Zoppa y Tr\u00edptico Lunar.<\/p>\n","protected":false},"author":10,"featured_media":73631,"comment_status":"open","ping_status":"open","sticky":false,"template":"","format":"standard","meta":{"_acf_changed":false,"_uag_custom_page_level_css":"","_monsterinsights_skip_tracking":false,"_monsterinsights_sitenote_active":false,"_monsterinsights_sitenote_note":"","_monsterinsights_sitenote_category":0,"cybocfi_hide_featured_image":"","footnotes":""},"categories":[80,438,490,82,159,150,157,147,75,76,175,83],"tags":[518],"infouartes":[],"class_list":["post-73630","post","type-post","status-publish","format-standard","has-post-thumbnail","hentry","category-academico","category-administrativos","category-alumni","category-artes","category-artes-escenicas","category-artes-sonoras","category-artes-visuales","category-cine","category-docentes","category-estudiantes","category-literatura","category-sedes","tag-produccion"],"acf":[],"yoast_head":"<!-- This site is optimized with the Yoast SEO plugin v27.4 - https:\/\/yoast.com\/product\/yoast-seo-wordpress\/ -->\n<title>Universidad de las Artes - Inter[\u2022]actos: V edici\u00f3n del 14 a 19 de julio<\/title>\n<meta name=\"description\" content=\"Universidad de las Artes - Inter[\u2022]actos: V edici\u00f3n del 14 a 19 de julio\" \/>\n<meta name=\"robots\" content=\"index, follow, max-snippet:-1, max-image-preview:large, max-video-preview:-1\" \/>\n<link rel=\"canonical\" href=\"https:\/\/www.uartes.edu.ec\/sitio\/blog\/2025\/06\/13\/inter-actos-su-v-edicion-del-14-a-19-de-julio\/\" \/>\n<meta property=\"og:locale\" content=\"es_ES\" \/>\n<meta property=\"og:type\" content=\"article\" \/>\n<meta property=\"og:title\" content=\"Universidad de las Artes - Inter[\u2022]actos: V edici\u00f3n del 14 a 19 de julio\" \/>\n<meta property=\"og:description\" content=\"Universidad de las Artes - Inter[\u2022]actos: V edici\u00f3n del 14 a 19 de julio\" \/>\n<meta property=\"og:url\" content=\"https:\/\/www.uartes.edu.ec\/sitio\/blog\/2025\/06\/13\/inter-actos-su-v-edicion-del-14-a-19-de-julio\/\" \/>\n<meta property=\"og:site_name\" content=\"Universidad de las Artes\" \/>\n<meta property=\"article:publisher\" content=\"https:\/\/www.facebook.com\/uartesec\" \/>\n<meta property=\"article:published_time\" content=\"2025-06-13T19:17:59+00:00\" \/>\n<meta property=\"article:modified_time\" content=\"2025-08-18T23:16:01+00:00\" \/>\n<meta property=\"og:image\" content=\"https:\/\/www.uartes.edu.ec\/sitio\/wp-content\/uploads\/2025\/06\/PORTADA-INTERACTOS-2017.jpg\" \/>\n\t<meta property=\"og:image:width\" content=\"2000\" \/>\n\t<meta property=\"og:image:height\" content=\"1333\" \/>\n\t<meta property=\"og:image:type\" content=\"image\/jpeg\" \/>\n<meta name=\"author\" content=\"ccortez\" \/>\n<meta name=\"twitter:card\" content=\"summary_large_image\" \/>\n<meta name=\"twitter:creator\" content=\"@uartesec\" \/>\n<meta name=\"twitter:site\" content=\"@uartesec\" \/>\n<meta name=\"twitter:label1\" content=\"Escrito por\" \/>\n\t<meta name=\"twitter:data1\" content=\"ccortez\" \/>\n\t<meta name=\"twitter:label2\" content=\"Tiempo de lectura\" \/>\n\t<meta name=\"twitter:data2\" content=\"2 minutos\" \/>\n<script type=\"application\/ld+json\" class=\"yoast-schema-graph\">{\"@context\":\"https:\\\/\\\/schema.org\",\"@graph\":[{\"@type\":\"Article\",\"@id\":\"https:\\\/\\\/www.uartes.edu.ec\\\/sitio\\\/blog\\\/2025\\\/06\\\/13\\\/inter-actos-su-v-edicion-del-14-a-19-de-julio\\\/#article\",\"isPartOf\":{\"@id\":\"https:\\\/\\\/www.uartes.edu.ec\\\/sitio\\\/blog\\\/2025\\\/06\\\/13\\\/inter-actos-su-v-edicion-del-14-a-19-de-julio\\\/\"},\"author\":{\"name\":\"ccortez\",\"@id\":\"https:\\\/\\\/www.uartes.edu.ec\\\/sitio\\\/#\\\/schema\\\/person\\\/efa1b8275797664fd7f13a79ccc0b1f4\"},\"headline\":\"Inter[\u2022]actos: V edici\u00f3n del 14 a 19 de julio\",\"datePublished\":\"2025-06-13T19:17:59+00:00\",\"dateModified\":\"2025-08-18T23:16:01+00:00\",\"mainEntityOfPage\":{\"@id\":\"https:\\\/\\\/www.uartes.edu.ec\\\/sitio\\\/blog\\\/2025\\\/06\\\/13\\\/inter-actos-su-v-edicion-del-14-a-19-de-julio\\\/\"},\"wordCount\":343,\"commentCount\":0,\"publisher\":{\"@id\":\"https:\\\/\\\/www.uartes.edu.ec\\\/sitio\\\/#organization\"},\"image\":{\"@id\":\"https:\\\/\\\/www.uartes.edu.ec\\\/sitio\\\/blog\\\/2025\\\/06\\\/13\\\/inter-actos-su-v-edicion-del-14-a-19-de-julio\\\/#primaryimage\"},\"thumbnailUrl\":\"https:\\\/\\\/www.uartes.edu.ec\\\/sitio\\\/wp-content\\\/uploads\\\/2025\\\/06\\\/PORTADA-INTERACTOS-2017.jpg\",\"keywords\":[\"producci\u00f3n\"],\"articleSection\":[\"Acad\u00e9mico\",\"Administrativos\",\"Alumni\",\"Artes\",\"Artes Esc\u00e9nicas\",\"Artes Sonoras\",\"Artes Visuales\",\"Cine\",\"Docentes\",\"Estudiantes\",\"Literatura\",\"Sedes\"],\"inLanguage\":\"es\",\"potentialAction\":[{\"@type\":\"CommentAction\",\"name\":\"Comment\",\"target\":[\"https:\\\/\\\/www.uartes.edu.ec\\\/sitio\\\/blog\\\/2025\\\/06\\\/13\\\/inter-actos-su-v-edicion-del-14-a-19-de-julio\\\/#respond\"]}]},{\"@type\":[\"WebPage\",\"ItemPage\"],\"@id\":\"https:\\\/\\\/www.uartes.edu.ec\\\/sitio\\\/blog\\\/2025\\\/06\\\/13\\\/inter-actos-su-v-edicion-del-14-a-19-de-julio\\\/\",\"url\":\"https:\\\/\\\/www.uartes.edu.ec\\\/sitio\\\/blog\\\/2025\\\/06\\\/13\\\/inter-actos-su-v-edicion-del-14-a-19-de-julio\\\/\",\"name\":\"Universidad de las Artes - Inter[\u2022]actos: V edici\u00f3n del 14 a 19 de julio\",\"isPartOf\":{\"@id\":\"https:\\\/\\\/www.uartes.edu.ec\\\/sitio\\\/#website\"},\"primaryImageOfPage\":{\"@id\":\"https:\\\/\\\/www.uartes.edu.ec\\\/sitio\\\/blog\\\/2025\\\/06\\\/13\\\/inter-actos-su-v-edicion-del-14-a-19-de-julio\\\/#primaryimage\"},\"image\":{\"@id\":\"https:\\\/\\\/www.uartes.edu.ec\\\/sitio\\\/blog\\\/2025\\\/06\\\/13\\\/inter-actos-su-v-edicion-del-14-a-19-de-julio\\\/#primaryimage\"},\"thumbnailUrl\":\"https:\\\/\\\/www.uartes.edu.ec\\\/sitio\\\/wp-content\\\/uploads\\\/2025\\\/06\\\/PORTADA-INTERACTOS-2017.jpg\",\"datePublished\":\"2025-06-13T19:17:59+00:00\",\"dateModified\":\"2025-08-18T23:16:01+00:00\",\"description\":\"Universidad de las Artes - Inter[\u2022]actos: V edici\u00f3n del 14 a 19 de julio\",\"breadcrumb\":{\"@id\":\"https:\\\/\\\/www.uartes.edu.ec\\\/sitio\\\/blog\\\/2025\\\/06\\\/13\\\/inter-actos-su-v-edicion-del-14-a-19-de-julio\\\/#breadcrumb\"},\"inLanguage\":\"es\",\"potentialAction\":[{\"@type\":\"ReadAction\",\"target\":[\"https:\\\/\\\/www.uartes.edu.ec\\\/sitio\\\/blog\\\/2025\\\/06\\\/13\\\/inter-actos-su-v-edicion-del-14-a-19-de-julio\\\/\"]}]},{\"@type\":\"ImageObject\",\"inLanguage\":\"es\",\"@id\":\"https:\\\/\\\/www.uartes.edu.ec\\\/sitio\\\/blog\\\/2025\\\/06\\\/13\\\/inter-actos-su-v-edicion-del-14-a-19-de-julio\\\/#primaryimage\",\"url\":\"https:\\\/\\\/www.uartes.edu.ec\\\/sitio\\\/wp-content\\\/uploads\\\/2025\\\/06\\\/PORTADA-INTERACTOS-2017.jpg\",\"contentUrl\":\"https:\\\/\\\/www.uartes.edu.ec\\\/sitio\\\/wp-content\\\/uploads\\\/2025\\\/06\\\/PORTADA-INTERACTOS-2017.jpg\",\"width\":2000,\"height\":1333},{\"@type\":\"BreadcrumbList\",\"@id\":\"https:\\\/\\\/www.uartes.edu.ec\\\/sitio\\\/blog\\\/2025\\\/06\\\/13\\\/inter-actos-su-v-edicion-del-14-a-19-de-julio\\\/#breadcrumb\",\"itemListElement\":[{\"@type\":\"ListItem\",\"position\":1,\"name\":\"Inicio\",\"item\":\"https:\\\/\\\/www.uartes.edu.ec\\\/sitio\\\/\"},{\"@type\":\"ListItem\",\"position\":2,\"name\":\"Inter[\u2022]actos: V edici\u00f3n del 14 a 19 de julio\"}]},{\"@type\":\"WebSite\",\"@id\":\"https:\\\/\\\/www.uartes.edu.ec\\\/sitio\\\/#website\",\"url\":\"https:\\\/\\\/www.uartes.edu.ec\\\/sitio\\\/\",\"name\":\"Universidad de las Artes\",\"description\":\"Sitio oficial de la Universidad Nacional de las Artes del Ecuador\",\"publisher\":{\"@id\":\"https:\\\/\\\/www.uartes.edu.ec\\\/sitio\\\/#organization\"},\"potentialAction\":[{\"@type\":\"SearchAction\",\"target\":{\"@type\":\"EntryPoint\",\"urlTemplate\":\"https:\\\/\\\/www.uartes.edu.ec\\\/sitio\\\/?s={search_term_string}\"},\"query-input\":{\"@type\":\"PropertyValueSpecification\",\"valueRequired\":true,\"valueName\":\"search_term_string\"}}],\"inLanguage\":\"es\"},{\"@type\":\"Organization\",\"@id\":\"https:\\\/\\\/www.uartes.edu.ec\\\/sitio\\\/#organization\",\"name\":\"Universidad de las Artes\",\"url\":\"https:\\\/\\\/www.uartes.edu.ec\\\/sitio\\\/\",\"logo\":{\"@type\":\"ImageObject\",\"inLanguage\":\"es\",\"@id\":\"https:\\\/\\\/www.uartes.edu.ec\\\/sitio\\\/#\\\/schema\\\/logo\\\/image\\\/\",\"url\":\"https:\\\/\\\/www.uartes.edu.ec\\\/sitio\\\/wp-content\\\/uploads\\\/2022\\\/07\\\/logo-ua-horizontal.png\",\"contentUrl\":\"https:\\\/\\\/www.uartes.edu.ec\\\/sitio\\\/wp-content\\\/uploads\\\/2022\\\/07\\\/logo-ua-horizontal.png\",\"width\":800,\"height\":276,\"caption\":\"Universidad de las Artes\"},\"image\":{\"@id\":\"https:\\\/\\\/www.uartes.edu.ec\\\/sitio\\\/#\\\/schema\\\/logo\\\/image\\\/\"},\"sameAs\":[\"https:\\\/\\\/www.facebook.com\\\/uartesec\",\"https:\\\/\\\/x.com\\\/uartesec\",\"https:\\\/\\\/www.tiktok.com\\\/@uartesec\"]},{\"@type\":\"Person\",\"@id\":\"https:\\\/\\\/www.uartes.edu.ec\\\/sitio\\\/#\\\/schema\\\/person\\\/efa1b8275797664fd7f13a79ccc0b1f4\",\"name\":\"ccortez\",\"image\":{\"@type\":\"ImageObject\",\"inLanguage\":\"es\",\"@id\":\"https:\\\/\\\/secure.gravatar.com\\\/avatar\\\/b2a6f664a3ae8e074346ef91775736c5ec479e637ecced6842de9dc98b5da9cd?s=96&d=mm&r=g\",\"url\":\"https:\\\/\\\/secure.gravatar.com\\\/avatar\\\/b2a6f664a3ae8e074346ef91775736c5ec479e637ecced6842de9dc98b5da9cd?s=96&d=mm&r=g\",\"contentUrl\":\"https:\\\/\\\/secure.gravatar.com\\\/avatar\\\/b2a6f664a3ae8e074346ef91775736c5ec479e637ecced6842de9dc98b5da9cd?s=96&d=mm&r=g\",\"caption\":\"ccortez\"},\"url\":\"https:\\\/\\\/www.uartes.edu.ec\\\/sitio\\\/blog\\\/author\\\/ccortez\\\/\"}]}<\/script>\n<!-- \/ Yoast SEO plugin. -->","yoast_head_json":{"title":"Universidad de las Artes - Inter[\u2022]actos: V edici\u00f3n del 14 a 19 de julio","description":"Universidad de las Artes - Inter[\u2022]actos: V edici\u00f3n del 14 a 19 de julio","robots":{"index":"index","follow":"follow","max-snippet":"max-snippet:-1","max-image-preview":"max-image-preview:large","max-video-preview":"max-video-preview:-1"},"canonical":"https:\/\/www.uartes.edu.ec\/sitio\/blog\/2025\/06\/13\/inter-actos-su-v-edicion-del-14-a-19-de-julio\/","og_locale":"es_ES","og_type":"article","og_title":"Universidad de las Artes - Inter[\u2022]actos: V edici\u00f3n del 14 a 19 de julio","og_description":"Universidad de las Artes - Inter[\u2022]actos: V edici\u00f3n del 14 a 19 de julio","og_url":"https:\/\/www.uartes.edu.ec\/sitio\/blog\/2025\/06\/13\/inter-actos-su-v-edicion-del-14-a-19-de-julio\/","og_site_name":"Universidad de las Artes","article_publisher":"https:\/\/www.facebook.com\/uartesec","article_published_time":"2025-06-13T19:17:59+00:00","article_modified_time":"2025-08-18T23:16:01+00:00","og_image":[{"width":2000,"height":1333,"url":"https:\/\/www.uartes.edu.ec\/sitio\/wp-content\/uploads\/2025\/06\/PORTADA-INTERACTOS-2017.jpg","type":"image\/jpeg"}],"author":"ccortez","twitter_card":"summary_large_image","twitter_creator":"@uartesec","twitter_site":"@uartesec","twitter_misc":{"Escrito por":"ccortez","Tiempo de lectura":"2 minutos"},"schema":{"@context":"https:\/\/schema.org","@graph":[{"@type":"Article","@id":"https:\/\/www.uartes.edu.ec\/sitio\/blog\/2025\/06\/13\/inter-actos-su-v-edicion-del-14-a-19-de-julio\/#article","isPartOf":{"@id":"https:\/\/www.uartes.edu.ec\/sitio\/blog\/2025\/06\/13\/inter-actos-su-v-edicion-del-14-a-19-de-julio\/"},"author":{"name":"ccortez","@id":"https:\/\/www.uartes.edu.ec\/sitio\/#\/schema\/person\/efa1b8275797664fd7f13a79ccc0b1f4"},"headline":"Inter[\u2022]actos: V edici\u00f3n del 14 a 19 de julio","datePublished":"2025-06-13T19:17:59+00:00","dateModified":"2025-08-18T23:16:01+00:00","mainEntityOfPage":{"@id":"https:\/\/www.uartes.edu.ec\/sitio\/blog\/2025\/06\/13\/inter-actos-su-v-edicion-del-14-a-19-de-julio\/"},"wordCount":343,"commentCount":0,"publisher":{"@id":"https:\/\/www.uartes.edu.ec\/sitio\/#organization"},"image":{"@id":"https:\/\/www.uartes.edu.ec\/sitio\/blog\/2025\/06\/13\/inter-actos-su-v-edicion-del-14-a-19-de-julio\/#primaryimage"},"thumbnailUrl":"https:\/\/www.uartes.edu.ec\/sitio\/wp-content\/uploads\/2025\/06\/PORTADA-INTERACTOS-2017.jpg","keywords":["producci\u00f3n"],"articleSection":["Acad\u00e9mico","Administrativos","Alumni","Artes","Artes Esc\u00e9nicas","Artes Sonoras","Artes Visuales","Cine","Docentes","Estudiantes","Literatura","Sedes"],"inLanguage":"es","potentialAction":[{"@type":"CommentAction","name":"Comment","target":["https:\/\/www.uartes.edu.ec\/sitio\/blog\/2025\/06\/13\/inter-actos-su-v-edicion-del-14-a-19-de-julio\/#respond"]}]},{"@type":["WebPage","ItemPage"],"@id":"https:\/\/www.uartes.edu.ec\/sitio\/blog\/2025\/06\/13\/inter-actos-su-v-edicion-del-14-a-19-de-julio\/","url":"https:\/\/www.uartes.edu.ec\/sitio\/blog\/2025\/06\/13\/inter-actos-su-v-edicion-del-14-a-19-de-julio\/","name":"Universidad de las Artes - Inter[\u2022]actos: V edici\u00f3n del 14 a 19 de julio","isPartOf":{"@id":"https:\/\/www.uartes.edu.ec\/sitio\/#website"},"primaryImageOfPage":{"@id":"https:\/\/www.uartes.edu.ec\/sitio\/blog\/2025\/06\/13\/inter-actos-su-v-edicion-del-14-a-19-de-julio\/#primaryimage"},"image":{"@id":"https:\/\/www.uartes.edu.ec\/sitio\/blog\/2025\/06\/13\/inter-actos-su-v-edicion-del-14-a-19-de-julio\/#primaryimage"},"thumbnailUrl":"https:\/\/www.uartes.edu.ec\/sitio\/wp-content\/uploads\/2025\/06\/PORTADA-INTERACTOS-2017.jpg","datePublished":"2025-06-13T19:17:59+00:00","dateModified":"2025-08-18T23:16:01+00:00","description":"Universidad de las Artes - Inter[\u2022]actos: V edici\u00f3n del 14 a 19 de julio","breadcrumb":{"@id":"https:\/\/www.uartes.edu.ec\/sitio\/blog\/2025\/06\/13\/inter-actos-su-v-edicion-del-14-a-19-de-julio\/#breadcrumb"},"inLanguage":"es","potentialAction":[{"@type":"ReadAction","target":["https:\/\/www.uartes.edu.ec\/sitio\/blog\/2025\/06\/13\/inter-actos-su-v-edicion-del-14-a-19-de-julio\/"]}]},{"@type":"ImageObject","inLanguage":"es","@id":"https:\/\/www.uartes.edu.ec\/sitio\/blog\/2025\/06\/13\/inter-actos-su-v-edicion-del-14-a-19-de-julio\/#primaryimage","url":"https:\/\/www.uartes.edu.ec\/sitio\/wp-content\/uploads\/2025\/06\/PORTADA-INTERACTOS-2017.jpg","contentUrl":"https:\/\/www.uartes.edu.ec\/sitio\/wp-content\/uploads\/2025\/06\/PORTADA-INTERACTOS-2017.jpg","width":2000,"height":1333},{"@type":"BreadcrumbList","@id":"https:\/\/www.uartes.edu.ec\/sitio\/blog\/2025\/06\/13\/inter-actos-su-v-edicion-del-14-a-19-de-julio\/#breadcrumb","itemListElement":[{"@type":"ListItem","position":1,"name":"Inicio","item":"https:\/\/www.uartes.edu.ec\/sitio\/"},{"@type":"ListItem","position":2,"name":"Inter[\u2022]actos: V edici\u00f3n del 14 a 19 de julio"}]},{"@type":"WebSite","@id":"https:\/\/www.uartes.edu.ec\/sitio\/#website","url":"https:\/\/www.uartes.edu.ec\/sitio\/","name":"Universidad de las Artes","description":"Sitio oficial de la Universidad Nacional de las Artes del Ecuador","publisher":{"@id":"https:\/\/www.uartes.edu.ec\/sitio\/#organization"},"potentialAction":[{"@type":"SearchAction","target":{"@type":"EntryPoint","urlTemplate":"https:\/\/www.uartes.edu.ec\/sitio\/?s={search_term_string}"},"query-input":{"@type":"PropertyValueSpecification","valueRequired":true,"valueName":"search_term_string"}}],"inLanguage":"es"},{"@type":"Organization","@id":"https:\/\/www.uartes.edu.ec\/sitio\/#organization","name":"Universidad de las Artes","url":"https:\/\/www.uartes.edu.ec\/sitio\/","logo":{"@type":"ImageObject","inLanguage":"es","@id":"https:\/\/www.uartes.edu.ec\/sitio\/#\/schema\/logo\/image\/","url":"https:\/\/www.uartes.edu.ec\/sitio\/wp-content\/uploads\/2022\/07\/logo-ua-horizontal.png","contentUrl":"https:\/\/www.uartes.edu.ec\/sitio\/wp-content\/uploads\/2022\/07\/logo-ua-horizontal.png","width":800,"height":276,"caption":"Universidad de las Artes"},"image":{"@id":"https:\/\/www.uartes.edu.ec\/sitio\/#\/schema\/logo\/image\/"},"sameAs":["https:\/\/www.facebook.com\/uartesec","https:\/\/x.com\/uartesec","https:\/\/www.tiktok.com\/@uartesec"]},{"@type":"Person","@id":"https:\/\/www.uartes.edu.ec\/sitio\/#\/schema\/person\/efa1b8275797664fd7f13a79ccc0b1f4","name":"ccortez","image":{"@type":"ImageObject","inLanguage":"es","@id":"https:\/\/secure.gravatar.com\/avatar\/b2a6f664a3ae8e074346ef91775736c5ec479e637ecced6842de9dc98b5da9cd?s=96&d=mm&r=g","url":"https:\/\/secure.gravatar.com\/avatar\/b2a6f664a3ae8e074346ef91775736c5ec479e637ecced6842de9dc98b5da9cd?s=96&d=mm&r=g","contentUrl":"https:\/\/secure.gravatar.com\/avatar\/b2a6f664a3ae8e074346ef91775736c5ec479e637ecced6842de9dc98b5da9cd?s=96&d=mm&r=g","caption":"ccortez"},"url":"https:\/\/www.uartes.edu.ec\/sitio\/blog\/author\/ccortez\/"}]}},"uagb_featured_image_src":{"full":["https:\/\/www.uartes.edu.ec\/sitio\/wp-content\/uploads\/2025\/06\/PORTADA-INTERACTOS-2017.jpg",2000,1333,false],"thumbnail":["https:\/\/www.uartes.edu.ec\/sitio\/wp-content\/uploads\/2025\/06\/PORTADA-INTERACTOS-2017-150x150.jpg",150,150,true],"medium":["https:\/\/www.uartes.edu.ec\/sitio\/wp-content\/uploads\/2025\/06\/PORTADA-INTERACTOS-2017-300x200.jpg",300,200,true],"medium_large":["https:\/\/www.uartes.edu.ec\/sitio\/wp-content\/uploads\/2025\/06\/PORTADA-INTERACTOS-2017-768x512.jpg",768,512,true],"large":["https:\/\/www.uartes.edu.ec\/sitio\/wp-content\/uploads\/2025\/06\/PORTADA-INTERACTOS-2017-644x429.jpg",644,429,true],"1536x1536":["https:\/\/www.uartes.edu.ec\/sitio\/wp-content\/uploads\/2025\/06\/PORTADA-INTERACTOS-2017-1536x1024.jpg",1536,1024,true],"2048x2048":["https:\/\/www.uartes.edu.ec\/sitio\/wp-content\/uploads\/2025\/06\/PORTADA-INTERACTOS-2017.jpg",2000,1333,false],"trp-custom-language-flag":["https:\/\/www.uartes.edu.ec\/sitio\/wp-content\/uploads\/2025\/06\/PORTADA-INTERACTOS-2017-18x12.jpg",18,12,true],"htmega_size_585x295":["https:\/\/www.uartes.edu.ec\/sitio\/wp-content\/uploads\/2025\/06\/PORTADA-INTERACTOS-2017-585x295.jpg",585,295,true],"htmega_size_1170x536":["https:\/\/www.uartes.edu.ec\/sitio\/wp-content\/uploads\/2025\/06\/PORTADA-INTERACTOS-2017-1170x536.jpg",1170,536,true],"htmega_size_396x360":["https:\/\/www.uartes.edu.ec\/sitio\/wp-content\/uploads\/2025\/06\/PORTADA-INTERACTOS-2017-396x360.jpg",396,360,true],"gb-block-post-grid-landscape":["https:\/\/www.uartes.edu.ec\/sitio\/wp-content\/uploads\/2025\/06\/PORTADA-INTERACTOS-2017-600x400.jpg",600,400,true],"gb-block-post-grid-square":["https:\/\/www.uartes.edu.ec\/sitio\/wp-content\/uploads\/2025\/06\/PORTADA-INTERACTOS-2017-600x600.jpg",600,600,true],"university-hub-thumb":["https:\/\/www.uartes.edu.ec\/sitio\/wp-content\/uploads\/2025\/06\/PORTADA-INTERACTOS-2017-400x267.jpg",400,267,true]},"uagb_author_info":{"display_name":"ccortez","author_link":"https:\/\/www.uartes.edu.ec\/sitio\/blog\/author\/ccortez\/"},"uagb_comment_info":0,"uagb_excerpt":"Estamos a pocos d\u00edas de volver a vivir las emociones de Inter[\u2022]actos. El \u00faltimo de estos encuentros p\u00fablicos en artes que nuestra universidad propici\u00f3 fue en 2019, pero el 14 de julio pr\u00f3ximo regresan con una agenda que invita a reflexionar sobre identidades y ejercicio art\u00edstico desde, para y a trav\u00e9s de las comunidades. Como&hellip;","featured_image_src":"https:\/\/www.uartes.edu.ec\/sitio\/wp-content\/uploads\/2025\/06\/PORTADA-INTERACTOS-2017-600x400.jpg","featured_image_src_square":"https:\/\/www.uartes.edu.ec\/sitio\/wp-content\/uploads\/2025\/06\/PORTADA-INTERACTOS-2017-600x600.jpg","author_info":{"display_name":"ccortez","author_link":"https:\/\/www.uartes.edu.ec\/sitio\/blog\/author\/ccortez\/"},"publishpress_future_workflow_manual_trigger":{"enabledWorkflows":[]},"distributor_meta":false,"distributor_terms":false,"distributor_media":false,"distributor_original_site_name":"Universidad de las Artes","distributor_original_site_url":"https:\/\/www.uartes.edu.ec\/sitio","push-errors":false,"_links":{"self":[{"href":"https:\/\/www.uartes.edu.ec\/sitio\/wp-json\/wp\/v2\/posts\/73630","targetHints":{"allow":["GET"]}}],"collection":[{"href":"https:\/\/www.uartes.edu.ec\/sitio\/wp-json\/wp\/v2\/posts"}],"about":[{"href":"https:\/\/www.uartes.edu.ec\/sitio\/wp-json\/wp\/v2\/types\/post"}],"author":[{"embeddable":true,"href":"https:\/\/www.uartes.edu.ec\/sitio\/wp-json\/wp\/v2\/users\/10"}],"replies":[{"embeddable":true,"href":"https:\/\/www.uartes.edu.ec\/sitio\/wp-json\/wp\/v2\/comments?post=73630"}],"version-history":[{"count":8,"href":"https:\/\/www.uartes.edu.ec\/sitio\/wp-json\/wp\/v2\/posts\/73630\/revisions"}],"predecessor-version":[{"id":77400,"href":"https:\/\/www.uartes.edu.ec\/sitio\/wp-json\/wp\/v2\/posts\/73630\/revisions\/77400"}],"wp:featuredmedia":[{"embeddable":true,"href":"https:\/\/www.uartes.edu.ec\/sitio\/wp-json\/wp\/v2\/media\/73631"}],"wp:attachment":[{"href":"https:\/\/www.uartes.edu.ec\/sitio\/wp-json\/wp\/v2\/media?parent=73630"}],"wp:term":[{"taxonomy":"category","embeddable":true,"href":"https:\/\/www.uartes.edu.ec\/sitio\/wp-json\/wp\/v2\/categories?post=73630"},{"taxonomy":"post_tag","embeddable":true,"href":"https:\/\/www.uartes.edu.ec\/sitio\/wp-json\/wp\/v2\/tags?post=73630"},{"taxonomy":"infouartes","embeddable":true,"href":"https:\/\/www.uartes.edu.ec\/sitio\/wp-json\/wp\/v2\/infouartes?post=73630"}],"curies":[{"name":"wp","href":"https:\/\/api.w.org\/{rel}","templated":true}]}}