{"id":73873,"date":"2025-06-19T11:31:00","date_gmt":"2025-06-19T16:31:00","guid":{"rendered":"https:\/\/www.uartes.edu.ec\/sitio\/?p=73873"},"modified":"2025-06-23T20:26:47","modified_gmt":"2025-06-24T01:26:47","slug":"induccion-en-la-uartes-para-estudiantes-de-la-facultad-de-ciencias-economicas-de-la-ug-que-participan-en-proyecto-de-vinculo","status":"publish","type":"post","link":"https:\/\/www.uartes.edu.ec\/sitio\/blog\/2025\/06\/19\/induccion-en-la-uartes-para-estudiantes-de-la-facultad-de-ciencias-economicas-de-la-ug-que-participan-en-proyecto-de-vinculo\/","title":{"rendered":"Inducci\u00f3n en la UArtes para estudiantes de la Facultad de Ciencias Econ\u00f3micas de la UG que participan en proyecto de v\u00ednculo"},"content":{"rendered":"\n<p>En el marco del convenio espec\u00edfico que la Universidad de las Artes firm\u00f3 con la Universidad de Guayaquil para la ejecuci\u00f3n de un proyecto de vinculaci\u00f3n con la sociedad (VCS) de la Facultad de Ciencias Econ\u00f3micas (FCE-UG) a favor de nuestra instituci\u00f3n, el pasado 13 de junio se cumpli\u00f3 una jornada de inducci\u00f3n en la Biblioteca de las Artes.<\/p>\n\n\n\n<p>Los estudiantes de la FCE-UG, participantes del proyecto de v\u00ednculo en referencia, fueron recibidos en el auditorio del repositorio de la UArtes por la secretar\u00eda de Bienestar Universitario, Carolina C\u00e1rdenas; la directora de Asuntos Bibliotecarios, Soraya Campos; y Patricio S\u00e1nchez y Ronny Ramos, funcionarios de la Direcci\u00f3n de Vinculaci\u00f3n con la Sociedad UArtes.<\/p>\n\n\n\n<p>De la Universidad de las Artes, los estudiantes de la UG pudieron conocer de su oferta acad\u00e9mica, infraestructura, servicios y beneficios que recibe su comunidad estudiantil, as\u00ed como el trabajo de vinculaci\u00f3n en territorio. Estuvieron acompa\u00f1ados por el docente Patricio Fray, quien es el director de la iniciativa que los llevar\u00e1 a brindar capacitaciones y asesor\u00edas en temas econ\u00f3micos, financieros y tributarios aplicados a las artes.<\/p>\n\n\n\n<p>Foto: Ronny Ramos\/Direcci\u00f3n de Vinculaci\u00f3n con la Sociedad UArtes.<\/p>\n\n\n<div class=\"wp-block-image\">\n<figure class=\"aligncenter size-large is-resized\"><img fetchpriority=\"high\" decoding=\"async\" width=\"644\" height=\"483\" src=\"https:\/\/www.uartes.edu.ec\/sitio\/wp-content\/uploads\/2025\/06\/Induccion4-644x483.jpg\" alt=\"\" class=\"wp-image-73875\" style=\"width:524px;height:auto\" srcset=\"https:\/\/www.uartes.edu.ec\/sitio\/wp-content\/uploads\/2025\/06\/Induccion4-644x483.jpg 644w, https:\/\/www.uartes.edu.ec\/sitio\/wp-content\/uploads\/2025\/06\/Induccion4-300x225.jpg 300w, https:\/\/www.uartes.edu.ec\/sitio\/wp-content\/uploads\/2025\/06\/Induccion4-768x576.jpg 768w, https:\/\/www.uartes.edu.ec\/sitio\/wp-content\/uploads\/2025\/06\/Induccion4-1536x1152.jpg 1536w, https:\/\/www.uartes.edu.ec\/sitio\/wp-content\/uploads\/2025\/06\/Induccion4-16x12.jpg 16w, https:\/\/www.uartes.edu.ec\/sitio\/wp-content\/uploads\/2025\/06\/Induccion4-400x300.jpg 400w, https:\/\/www.uartes.edu.ec\/sitio\/wp-content\/uploads\/2025\/06\/Induccion4.jpg 2000w\" sizes=\"(max-width: 644px) 100vw, 644px\" \/><\/figure>\n<\/div>\n\n\n<p><\/p>\n","protected":false},"excerpt":{"rendered":"<p>En el marco del convenio espec\u00edfico que la Universidad de las Artes firm\u00f3 con la Universidad de Guayaquil para la ejecuci\u00f3n de un proyecto de vinculaci\u00f3n con la sociedad de la Facultad de Ciencias Econ\u00f3micas a favor de nuestra instituci\u00f3n, el pasado 13 de junio se cumpli\u00f3 una jornada de inducci\u00f3n en la Biblioteca de las Artes con los estudiantes de la FCE-UG participantes del proyecto de v\u00ednculo en referencia.<\/p>\n","protected":false},"author":10,"featured_media":73874,"comment_status":"open","ping_status":"open","sticky":false,"template":"","format":"standard","meta":{"_acf_changed":false,"_uag_custom_page_level_css":"","_monsterinsights_skip_tracking":false,"_monsterinsights_sitenote_active":false,"_monsterinsights_sitenote_note":"","_monsterinsights_sitenote_category":0,"cybocfi_hide_featured_image":"","footnotes":""},"categories":[80,82,75,76,79],"tags":[521],"infouartes":[],"class_list":["post-73873","post","type-post","status-publish","format-standard","has-post-thumbnail","hentry","category-academico","category-artes","category-docentes","category-estudiantes","category-vinculo","tag-encuentro"],"acf":[],"yoast_head":"<!-- This site is optimized with the Yoast SEO plugin v27.4 - https:\/\/yoast.com\/product\/yoast-seo-wordpress\/ -->\n<title>Universidad de las Artes - Inducci\u00f3n en la UArtes para estudiantes de la Facultad de Ciencias Econ\u00f3micas de la UG que participan en proyecto de v\u00ednculo<\/title>\n<meta name=\"description\" content=\"Universidad de las Artes - Inducci\u00f3n en la UArtes para estudiantes de la Facultad de Ciencias Econ\u00f3micas de la UG que participan en proyecto de v\u00ednculo\" \/>\n<meta name=\"robots\" content=\"index, follow, max-snippet:-1, max-image-preview:large, max-video-preview:-1\" \/>\n<link rel=\"canonical\" href=\"https:\/\/www.uartes.edu.ec\/sitio\/blog\/2025\/06\/19\/induccion-en-la-uartes-para-estudiantes-de-la-facultad-de-ciencias-economicas-de-la-ug-que-participan-en-proyecto-de-vinculo\/\" \/>\n<meta property=\"og:locale\" content=\"es_ES\" \/>\n<meta property=\"og:type\" content=\"article\" \/>\n<meta property=\"og:title\" content=\"Universidad de las Artes - Inducci\u00f3n en la UArtes para estudiantes de la Facultad de Ciencias Econ\u00f3micas de la UG que participan en proyecto de v\u00ednculo\" \/>\n<meta property=\"og:description\" content=\"Universidad de las Artes - Inducci\u00f3n en la UArtes para estudiantes de la Facultad de Ciencias Econ\u00f3micas de la UG que participan en proyecto de v\u00ednculo\" \/>\n<meta property=\"og:url\" content=\"https:\/\/www.uartes.edu.ec\/sitio\/blog\/2025\/06\/19\/induccion-en-la-uartes-para-estudiantes-de-la-facultad-de-ciencias-economicas-de-la-ug-que-participan-en-proyecto-de-vinculo\/\" \/>\n<meta property=\"og:site_name\" content=\"Universidad de las Artes\" \/>\n<meta property=\"article:publisher\" content=\"https:\/\/www.facebook.com\/uartesec\" \/>\n<meta property=\"article:published_time\" content=\"2025-06-19T16:31:00+00:00\" \/>\n<meta property=\"article:modified_time\" content=\"2025-06-24T01:26:47+00:00\" \/>\n<meta property=\"og:image\" content=\"https:\/\/www.uartes.edu.ec\/sitio\/wp-content\/uploads\/2025\/06\/Proyecto-Cambiar-tamano-de-imagen-2025-06-23T180533.274.jpeg\" \/>\n\t<meta property=\"og:image:width\" content=\"2000\" \/>\n\t<meta property=\"og:image:height\" content=\"1333\" \/>\n\t<meta property=\"og:image:type\" content=\"image\/jpeg\" \/>\n<meta name=\"author\" content=\"ccortez\" \/>\n<meta name=\"twitter:card\" content=\"summary_large_image\" \/>\n<meta name=\"twitter:creator\" content=\"@uartesec\" \/>\n<meta name=\"twitter:site\" content=\"@uartesec\" \/>\n<meta name=\"twitter:label1\" content=\"Escrito por\" \/>\n\t<meta name=\"twitter:data1\" content=\"ccortez\" \/>\n\t<meta name=\"twitter:label2\" content=\"Tiempo de lectura\" \/>\n\t<meta name=\"twitter:data2\" content=\"1 minuto\" \/>\n<script type=\"application\/ld+json\" class=\"yoast-schema-graph\">{\"@context\":\"https:\\\/\\\/schema.org\",\"@graph\":[{\"@type\":\"Article\",\"@id\":\"https:\\\/\\\/www.uartes.edu.ec\\\/sitio\\\/blog\\\/2025\\\/06\\\/19\\\/induccion-en-la-uartes-para-estudiantes-de-la-facultad-de-ciencias-economicas-de-la-ug-que-participan-en-proyecto-de-vinculo\\\/#article\",\"isPartOf\":{\"@id\":\"https:\\\/\\\/www.uartes.edu.ec\\\/sitio\\\/blog\\\/2025\\\/06\\\/19\\\/induccion-en-la-uartes-para-estudiantes-de-la-facultad-de-ciencias-economicas-de-la-ug-que-participan-en-proyecto-de-vinculo\\\/\"},\"author\":{\"name\":\"ccortez\",\"@id\":\"https:\\\/\\\/www.uartes.edu.ec\\\/sitio\\\/#\\\/schema\\\/person\\\/efa1b8275797664fd7f13a79ccc0b1f4\"},\"headline\":\"Inducci\u00f3n en la UArtes para estudiantes de la Facultad de Ciencias Econ\u00f3micas de la UG que participan en proyecto de v\u00ednculo\",\"datePublished\":\"2025-06-19T16:31:00+00:00\",\"dateModified\":\"2025-06-24T01:26:47+00:00\",\"mainEntityOfPage\":{\"@id\":\"https:\\\/\\\/www.uartes.edu.ec\\\/sitio\\\/blog\\\/2025\\\/06\\\/19\\\/induccion-en-la-uartes-para-estudiantes-de-la-facultad-de-ciencias-economicas-de-la-ug-que-participan-en-proyecto-de-vinculo\\\/\"},\"wordCount\":230,\"commentCount\":0,\"publisher\":{\"@id\":\"https:\\\/\\\/www.uartes.edu.ec\\\/sitio\\\/#organization\"},\"image\":{\"@id\":\"https:\\\/\\\/www.uartes.edu.ec\\\/sitio\\\/blog\\\/2025\\\/06\\\/19\\\/induccion-en-la-uartes-para-estudiantes-de-la-facultad-de-ciencias-economicas-de-la-ug-que-participan-en-proyecto-de-vinculo\\\/#primaryimage\"},\"thumbnailUrl\":\"https:\\\/\\\/www.uartes.edu.ec\\\/sitio\\\/wp-content\\\/uploads\\\/2025\\\/06\\\/Proyecto-Cambiar-tamano-de-imagen-2025-06-23T180533.274.jpeg\",\"keywords\":[\"encuentro\"],\"articleSection\":[\"Acad\u00e9mico\",\"Artes\",\"Docentes\",\"Estudiantes\",\"V\u00ednculo\"],\"inLanguage\":\"es\",\"potentialAction\":[{\"@type\":\"CommentAction\",\"name\":\"Comment\",\"target\":[\"https:\\\/\\\/www.uartes.edu.ec\\\/sitio\\\/blog\\\/2025\\\/06\\\/19\\\/induccion-en-la-uartes-para-estudiantes-de-la-facultad-de-ciencias-economicas-de-la-ug-que-participan-en-proyecto-de-vinculo\\\/#respond\"]}]},{\"@type\":[\"WebPage\",\"ItemPage\"],\"@id\":\"https:\\\/\\\/www.uartes.edu.ec\\\/sitio\\\/blog\\\/2025\\\/06\\\/19\\\/induccion-en-la-uartes-para-estudiantes-de-la-facultad-de-ciencias-economicas-de-la-ug-que-participan-en-proyecto-de-vinculo\\\/\",\"url\":\"https:\\\/\\\/www.uartes.edu.ec\\\/sitio\\\/blog\\\/2025\\\/06\\\/19\\\/induccion-en-la-uartes-para-estudiantes-de-la-facultad-de-ciencias-economicas-de-la-ug-que-participan-en-proyecto-de-vinculo\\\/\",\"name\":\"Universidad de las Artes - Inducci\u00f3n en la UArtes para estudiantes de la Facultad de Ciencias Econ\u00f3micas de la UG que participan en proyecto de v\u00ednculo\",\"isPartOf\":{\"@id\":\"https:\\\/\\\/www.uartes.edu.ec\\\/sitio\\\/#website\"},\"primaryImageOfPage\":{\"@id\":\"https:\\\/\\\/www.uartes.edu.ec\\\/sitio\\\/blog\\\/2025\\\/06\\\/19\\\/induccion-en-la-uartes-para-estudiantes-de-la-facultad-de-ciencias-economicas-de-la-ug-que-participan-en-proyecto-de-vinculo\\\/#primaryimage\"},\"image\":{\"@id\":\"https:\\\/\\\/www.uartes.edu.ec\\\/sitio\\\/blog\\\/2025\\\/06\\\/19\\\/induccion-en-la-uartes-para-estudiantes-de-la-facultad-de-ciencias-economicas-de-la-ug-que-participan-en-proyecto-de-vinculo\\\/#primaryimage\"},\"thumbnailUrl\":\"https:\\\/\\\/www.uartes.edu.ec\\\/sitio\\\/wp-content\\\/uploads\\\/2025\\\/06\\\/Proyecto-Cambiar-tamano-de-imagen-2025-06-23T180533.274.jpeg\",\"datePublished\":\"2025-06-19T16:31:00+00:00\",\"dateModified\":\"2025-06-24T01:26:47+00:00\",\"description\":\"Universidad de las Artes - Inducci\u00f3n en la UArtes para estudiantes de la Facultad de Ciencias Econ\u00f3micas de la UG que participan en proyecto de v\u00ednculo\",\"breadcrumb\":{\"@id\":\"https:\\\/\\\/www.uartes.edu.ec\\\/sitio\\\/blog\\\/2025\\\/06\\\/19\\\/induccion-en-la-uartes-para-estudiantes-de-la-facultad-de-ciencias-economicas-de-la-ug-que-participan-en-proyecto-de-vinculo\\\/#breadcrumb\"},\"inLanguage\":\"es\",\"potentialAction\":[{\"@type\":\"ReadAction\",\"target\":[\"https:\\\/\\\/www.uartes.edu.ec\\\/sitio\\\/blog\\\/2025\\\/06\\\/19\\\/induccion-en-la-uartes-para-estudiantes-de-la-facultad-de-ciencias-economicas-de-la-ug-que-participan-en-proyecto-de-vinculo\\\/\"]}]},{\"@type\":\"ImageObject\",\"inLanguage\":\"es\",\"@id\":\"https:\\\/\\\/www.uartes.edu.ec\\\/sitio\\\/blog\\\/2025\\\/06\\\/19\\\/induccion-en-la-uartes-para-estudiantes-de-la-facultad-de-ciencias-economicas-de-la-ug-que-participan-en-proyecto-de-vinculo\\\/#primaryimage\",\"url\":\"https:\\\/\\\/www.uartes.edu.ec\\\/sitio\\\/wp-content\\\/uploads\\\/2025\\\/06\\\/Proyecto-Cambiar-tamano-de-imagen-2025-06-23T180533.274.jpeg\",\"contentUrl\":\"https:\\\/\\\/www.uartes.edu.ec\\\/sitio\\\/wp-content\\\/uploads\\\/2025\\\/06\\\/Proyecto-Cambiar-tamano-de-imagen-2025-06-23T180533.274.jpeg\",\"width\":2000,\"height\":1333},{\"@type\":\"BreadcrumbList\",\"@id\":\"https:\\\/\\\/www.uartes.edu.ec\\\/sitio\\\/blog\\\/2025\\\/06\\\/19\\\/induccion-en-la-uartes-para-estudiantes-de-la-facultad-de-ciencias-economicas-de-la-ug-que-participan-en-proyecto-de-vinculo\\\/#breadcrumb\",\"itemListElement\":[{\"@type\":\"ListItem\",\"position\":1,\"name\":\"Inicio\",\"item\":\"https:\\\/\\\/www.uartes.edu.ec\\\/sitio\\\/\"},{\"@type\":\"ListItem\",\"position\":2,\"name\":\"Inducci\u00f3n en la UArtes para estudiantes de la Facultad de Ciencias Econ\u00f3micas de la UG que participan en proyecto de v\u00ednculo\"}]},{\"@type\":\"WebSite\",\"@id\":\"https:\\\/\\\/www.uartes.edu.ec\\\/sitio\\\/#website\",\"url\":\"https:\\\/\\\/www.uartes.edu.ec\\\/sitio\\\/\",\"name\":\"Universidad de las Artes\",\"description\":\"Sitio oficial de la Universidad Nacional de las Artes del Ecuador\",\"publisher\":{\"@id\":\"https:\\\/\\\/www.uartes.edu.ec\\\/sitio\\\/#organization\"},\"potentialAction\":[{\"@type\":\"SearchAction\",\"target\":{\"@type\":\"EntryPoint\",\"urlTemplate\":\"https:\\\/\\\/www.uartes.edu.ec\\\/sitio\\\/?s={search_term_string}\"},\"query-input\":{\"@type\":\"PropertyValueSpecification\",\"valueRequired\":true,\"valueName\":\"search_term_string\"}}],\"inLanguage\":\"es\"},{\"@type\":\"Organization\",\"@id\":\"https:\\\/\\\/www.uartes.edu.ec\\\/sitio\\\/#organization\",\"name\":\"Universidad de las Artes\",\"url\":\"https:\\\/\\\/www.uartes.edu.ec\\\/sitio\\\/\",\"logo\":{\"@type\":\"ImageObject\",\"inLanguage\":\"es\",\"@id\":\"https:\\\/\\\/www.uartes.edu.ec\\\/sitio\\\/#\\\/schema\\\/logo\\\/image\\\/\",\"url\":\"https:\\\/\\\/www.uartes.edu.ec\\\/sitio\\\/wp-content\\\/uploads\\\/2022\\\/07\\\/logo-ua-horizontal.png\",\"contentUrl\":\"https:\\\/\\\/www.uartes.edu.ec\\\/sitio\\\/wp-content\\\/uploads\\\/2022\\\/07\\\/logo-ua-horizontal.png\",\"width\":800,\"height\":276,\"caption\":\"Universidad de las Artes\"},\"image\":{\"@id\":\"https:\\\/\\\/www.uartes.edu.ec\\\/sitio\\\/#\\\/schema\\\/logo\\\/image\\\/\"},\"sameAs\":[\"https:\\\/\\\/www.facebook.com\\\/uartesec\",\"https:\\\/\\\/x.com\\\/uartesec\",\"https:\\\/\\\/www.tiktok.com\\\/@uartesec\"]},{\"@type\":\"Person\",\"@id\":\"https:\\\/\\\/www.uartes.edu.ec\\\/sitio\\\/#\\\/schema\\\/person\\\/efa1b8275797664fd7f13a79ccc0b1f4\",\"name\":\"ccortez\",\"image\":{\"@type\":\"ImageObject\",\"inLanguage\":\"es\",\"@id\":\"https:\\\/\\\/secure.gravatar.com\\\/avatar\\\/b2a6f664a3ae8e074346ef91775736c5ec479e637ecced6842de9dc98b5da9cd?s=96&d=mm&r=g\",\"url\":\"https:\\\/\\\/secure.gravatar.com\\\/avatar\\\/b2a6f664a3ae8e074346ef91775736c5ec479e637ecced6842de9dc98b5da9cd?s=96&d=mm&r=g\",\"contentUrl\":\"https:\\\/\\\/secure.gravatar.com\\\/avatar\\\/b2a6f664a3ae8e074346ef91775736c5ec479e637ecced6842de9dc98b5da9cd?s=96&d=mm&r=g\",\"caption\":\"ccortez\"},\"url\":\"https:\\\/\\\/www.uartes.edu.ec\\\/sitio\\\/blog\\\/author\\\/ccortez\\\/\"}]}<\/script>\n<!-- \/ Yoast SEO plugin. -->","yoast_head_json":{"title":"Universidad de las Artes - Inducci\u00f3n en la UArtes para estudiantes de la Facultad de Ciencias Econ\u00f3micas de la UG que participan en proyecto de v\u00ednculo","description":"Universidad de las Artes - Inducci\u00f3n en la UArtes para estudiantes de la Facultad de Ciencias Econ\u00f3micas de la UG que participan en proyecto de v\u00ednculo","robots":{"index":"index","follow":"follow","max-snippet":"max-snippet:-1","max-image-preview":"max-image-preview:large","max-video-preview":"max-video-preview:-1"},"canonical":"https:\/\/www.uartes.edu.ec\/sitio\/blog\/2025\/06\/19\/induccion-en-la-uartes-para-estudiantes-de-la-facultad-de-ciencias-economicas-de-la-ug-que-participan-en-proyecto-de-vinculo\/","og_locale":"es_ES","og_type":"article","og_title":"Universidad de las Artes - Inducci\u00f3n en la UArtes para estudiantes de la Facultad de Ciencias Econ\u00f3micas de la UG que participan en proyecto de v\u00ednculo","og_description":"Universidad de las Artes - Inducci\u00f3n en la UArtes para estudiantes de la Facultad de Ciencias Econ\u00f3micas de la UG que participan en proyecto de v\u00ednculo","og_url":"https:\/\/www.uartes.edu.ec\/sitio\/blog\/2025\/06\/19\/induccion-en-la-uartes-para-estudiantes-de-la-facultad-de-ciencias-economicas-de-la-ug-que-participan-en-proyecto-de-vinculo\/","og_site_name":"Universidad de las Artes","article_publisher":"https:\/\/www.facebook.com\/uartesec","article_published_time":"2025-06-19T16:31:00+00:00","article_modified_time":"2025-06-24T01:26:47+00:00","og_image":[{"width":2000,"height":1333,"url":"https:\/\/www.uartes.edu.ec\/sitio\/wp-content\/uploads\/2025\/06\/Proyecto-Cambiar-tamano-de-imagen-2025-06-23T180533.274.jpeg","type":"image\/jpeg"}],"author":"ccortez","twitter_card":"summary_large_image","twitter_creator":"@uartesec","twitter_site":"@uartesec","twitter_misc":{"Escrito por":"ccortez","Tiempo de lectura":"1 minuto"},"schema":{"@context":"https:\/\/schema.org","@graph":[{"@type":"Article","@id":"https:\/\/www.uartes.edu.ec\/sitio\/blog\/2025\/06\/19\/induccion-en-la-uartes-para-estudiantes-de-la-facultad-de-ciencias-economicas-de-la-ug-que-participan-en-proyecto-de-vinculo\/#article","isPartOf":{"@id":"https:\/\/www.uartes.edu.ec\/sitio\/blog\/2025\/06\/19\/induccion-en-la-uartes-para-estudiantes-de-la-facultad-de-ciencias-economicas-de-la-ug-que-participan-en-proyecto-de-vinculo\/"},"author":{"name":"ccortez","@id":"https:\/\/www.uartes.edu.ec\/sitio\/#\/schema\/person\/efa1b8275797664fd7f13a79ccc0b1f4"},"headline":"Inducci\u00f3n en la UArtes para estudiantes de la Facultad de Ciencias Econ\u00f3micas de la UG que participan en proyecto de v\u00ednculo","datePublished":"2025-06-19T16:31:00+00:00","dateModified":"2025-06-24T01:26:47+00:00","mainEntityOfPage":{"@id":"https:\/\/www.uartes.edu.ec\/sitio\/blog\/2025\/06\/19\/induccion-en-la-uartes-para-estudiantes-de-la-facultad-de-ciencias-economicas-de-la-ug-que-participan-en-proyecto-de-vinculo\/"},"wordCount":230,"commentCount":0,"publisher":{"@id":"https:\/\/www.uartes.edu.ec\/sitio\/#organization"},"image":{"@id":"https:\/\/www.uartes.edu.ec\/sitio\/blog\/2025\/06\/19\/induccion-en-la-uartes-para-estudiantes-de-la-facultad-de-ciencias-economicas-de-la-ug-que-participan-en-proyecto-de-vinculo\/#primaryimage"},"thumbnailUrl":"https:\/\/www.uartes.edu.ec\/sitio\/wp-content\/uploads\/2025\/06\/Proyecto-Cambiar-tamano-de-imagen-2025-06-23T180533.274.jpeg","keywords":["encuentro"],"articleSection":["Acad\u00e9mico","Artes","Docentes","Estudiantes","V\u00ednculo"],"inLanguage":"es","potentialAction":[{"@type":"CommentAction","name":"Comment","target":["https:\/\/www.uartes.edu.ec\/sitio\/blog\/2025\/06\/19\/induccion-en-la-uartes-para-estudiantes-de-la-facultad-de-ciencias-economicas-de-la-ug-que-participan-en-proyecto-de-vinculo\/#respond"]}]},{"@type":["WebPage","ItemPage"],"@id":"https:\/\/www.uartes.edu.ec\/sitio\/blog\/2025\/06\/19\/induccion-en-la-uartes-para-estudiantes-de-la-facultad-de-ciencias-economicas-de-la-ug-que-participan-en-proyecto-de-vinculo\/","url":"https:\/\/www.uartes.edu.ec\/sitio\/blog\/2025\/06\/19\/induccion-en-la-uartes-para-estudiantes-de-la-facultad-de-ciencias-economicas-de-la-ug-que-participan-en-proyecto-de-vinculo\/","name":"Universidad de las Artes - Inducci\u00f3n en la UArtes para estudiantes de la Facultad de Ciencias Econ\u00f3micas de la UG que participan en proyecto de v\u00ednculo","isPartOf":{"@id":"https:\/\/www.uartes.edu.ec\/sitio\/#website"},"primaryImageOfPage":{"@id":"https:\/\/www.uartes.edu.ec\/sitio\/blog\/2025\/06\/19\/induccion-en-la-uartes-para-estudiantes-de-la-facultad-de-ciencias-economicas-de-la-ug-que-participan-en-proyecto-de-vinculo\/#primaryimage"},"image":{"@id":"https:\/\/www.uartes.edu.ec\/sitio\/blog\/2025\/06\/19\/induccion-en-la-uartes-para-estudiantes-de-la-facultad-de-ciencias-economicas-de-la-ug-que-participan-en-proyecto-de-vinculo\/#primaryimage"},"thumbnailUrl":"https:\/\/www.uartes.edu.ec\/sitio\/wp-content\/uploads\/2025\/06\/Proyecto-Cambiar-tamano-de-imagen-2025-06-23T180533.274.jpeg","datePublished":"2025-06-19T16:31:00+00:00","dateModified":"2025-06-24T01:26:47+00:00","description":"Universidad de las Artes - Inducci\u00f3n en la UArtes para estudiantes de la Facultad de Ciencias Econ\u00f3micas de la UG que participan en proyecto de v\u00ednculo","breadcrumb":{"@id":"https:\/\/www.uartes.edu.ec\/sitio\/blog\/2025\/06\/19\/induccion-en-la-uartes-para-estudiantes-de-la-facultad-de-ciencias-economicas-de-la-ug-que-participan-en-proyecto-de-vinculo\/#breadcrumb"},"inLanguage":"es","potentialAction":[{"@type":"ReadAction","target":["https:\/\/www.uartes.edu.ec\/sitio\/blog\/2025\/06\/19\/induccion-en-la-uartes-para-estudiantes-de-la-facultad-de-ciencias-economicas-de-la-ug-que-participan-en-proyecto-de-vinculo\/"]}]},{"@type":"ImageObject","inLanguage":"es","@id":"https:\/\/www.uartes.edu.ec\/sitio\/blog\/2025\/06\/19\/induccion-en-la-uartes-para-estudiantes-de-la-facultad-de-ciencias-economicas-de-la-ug-que-participan-en-proyecto-de-vinculo\/#primaryimage","url":"https:\/\/www.uartes.edu.ec\/sitio\/wp-content\/uploads\/2025\/06\/Proyecto-Cambiar-tamano-de-imagen-2025-06-23T180533.274.jpeg","contentUrl":"https:\/\/www.uartes.edu.ec\/sitio\/wp-content\/uploads\/2025\/06\/Proyecto-Cambiar-tamano-de-imagen-2025-06-23T180533.274.jpeg","width":2000,"height":1333},{"@type":"BreadcrumbList","@id":"https:\/\/www.uartes.edu.ec\/sitio\/blog\/2025\/06\/19\/induccion-en-la-uartes-para-estudiantes-de-la-facultad-de-ciencias-economicas-de-la-ug-que-participan-en-proyecto-de-vinculo\/#breadcrumb","itemListElement":[{"@type":"ListItem","position":1,"name":"Inicio","item":"https:\/\/www.uartes.edu.ec\/sitio\/"},{"@type":"ListItem","position":2,"name":"Inducci\u00f3n en la UArtes para estudiantes de la Facultad de Ciencias Econ\u00f3micas de la UG que participan en proyecto de v\u00ednculo"}]},{"@type":"WebSite","@id":"https:\/\/www.uartes.edu.ec\/sitio\/#website","url":"https:\/\/www.uartes.edu.ec\/sitio\/","name":"Universidad de las Artes","description":"Sitio oficial de la Universidad Nacional de las Artes del Ecuador","publisher":{"@id":"https:\/\/www.uartes.edu.ec\/sitio\/#organization"},"potentialAction":[{"@type":"SearchAction","target":{"@type":"EntryPoint","urlTemplate":"https:\/\/www.uartes.edu.ec\/sitio\/?s={search_term_string}"},"query-input":{"@type":"PropertyValueSpecification","valueRequired":true,"valueName":"search_term_string"}}],"inLanguage":"es"},{"@type":"Organization","@id":"https:\/\/www.uartes.edu.ec\/sitio\/#organization","name":"Universidad de las Artes","url":"https:\/\/www.uartes.edu.ec\/sitio\/","logo":{"@type":"ImageObject","inLanguage":"es","@id":"https:\/\/www.uartes.edu.ec\/sitio\/#\/schema\/logo\/image\/","url":"https:\/\/www.uartes.edu.ec\/sitio\/wp-content\/uploads\/2022\/07\/logo-ua-horizontal.png","contentUrl":"https:\/\/www.uartes.edu.ec\/sitio\/wp-content\/uploads\/2022\/07\/logo-ua-horizontal.png","width":800,"height":276,"caption":"Universidad de las Artes"},"image":{"@id":"https:\/\/www.uartes.edu.ec\/sitio\/#\/schema\/logo\/image\/"},"sameAs":["https:\/\/www.facebook.com\/uartesec","https:\/\/x.com\/uartesec","https:\/\/www.tiktok.com\/@uartesec"]},{"@type":"Person","@id":"https:\/\/www.uartes.edu.ec\/sitio\/#\/schema\/person\/efa1b8275797664fd7f13a79ccc0b1f4","name":"ccortez","image":{"@type":"ImageObject","inLanguage":"es","@id":"https:\/\/secure.gravatar.com\/avatar\/b2a6f664a3ae8e074346ef91775736c5ec479e637ecced6842de9dc98b5da9cd?s=96&d=mm&r=g","url":"https:\/\/secure.gravatar.com\/avatar\/b2a6f664a3ae8e074346ef91775736c5ec479e637ecced6842de9dc98b5da9cd?s=96&d=mm&r=g","contentUrl":"https:\/\/secure.gravatar.com\/avatar\/b2a6f664a3ae8e074346ef91775736c5ec479e637ecced6842de9dc98b5da9cd?s=96&d=mm&r=g","caption":"ccortez"},"url":"https:\/\/www.uartes.edu.ec\/sitio\/blog\/author\/ccortez\/"}]}},"uagb_featured_image_src":{"full":["https:\/\/www.uartes.edu.ec\/sitio\/wp-content\/uploads\/2025\/06\/Proyecto-Cambiar-tamano-de-imagen-2025-06-23T180533.274.jpeg",2000,1333,false],"thumbnail":["https:\/\/www.uartes.edu.ec\/sitio\/wp-content\/uploads\/2025\/06\/Proyecto-Cambiar-tamano-de-imagen-2025-06-23T180533.274-150x150.jpeg",150,150,true],"medium":["https:\/\/www.uartes.edu.ec\/sitio\/wp-content\/uploads\/2025\/06\/Proyecto-Cambiar-tamano-de-imagen-2025-06-23T180533.274-300x200.jpeg",300,200,true],"medium_large":["https:\/\/www.uartes.edu.ec\/sitio\/wp-content\/uploads\/2025\/06\/Proyecto-Cambiar-tamano-de-imagen-2025-06-23T180533.274-768x512.jpeg",768,512,true],"large":["https:\/\/www.uartes.edu.ec\/sitio\/wp-content\/uploads\/2025\/06\/Proyecto-Cambiar-tamano-de-imagen-2025-06-23T180533.274-644x429.jpeg",644,429,true],"1536x1536":["https:\/\/www.uartes.edu.ec\/sitio\/wp-content\/uploads\/2025\/06\/Proyecto-Cambiar-tamano-de-imagen-2025-06-23T180533.274-1536x1024.jpeg",1536,1024,true],"2048x2048":["https:\/\/www.uartes.edu.ec\/sitio\/wp-content\/uploads\/2025\/06\/Proyecto-Cambiar-tamano-de-imagen-2025-06-23T180533.274.jpeg",2000,1333,false],"trp-custom-language-flag":["https:\/\/www.uartes.edu.ec\/sitio\/wp-content\/uploads\/2025\/06\/Proyecto-Cambiar-tamano-de-imagen-2025-06-23T180533.274-18x12.jpeg",18,12,true],"htmega_size_585x295":["https:\/\/www.uartes.edu.ec\/sitio\/wp-content\/uploads\/2025\/06\/Proyecto-Cambiar-tamano-de-imagen-2025-06-23T180533.274-585x295.jpeg",585,295,true],"htmega_size_1170x536":["https:\/\/www.uartes.edu.ec\/sitio\/wp-content\/uploads\/2025\/06\/Proyecto-Cambiar-tamano-de-imagen-2025-06-23T180533.274-1170x536.jpeg",1170,536,true],"htmega_size_396x360":["https:\/\/www.uartes.edu.ec\/sitio\/wp-content\/uploads\/2025\/06\/Proyecto-Cambiar-tamano-de-imagen-2025-06-23T180533.274-396x360.jpeg",396,360,true],"gb-block-post-grid-landscape":["https:\/\/www.uartes.edu.ec\/sitio\/wp-content\/uploads\/2025\/06\/Proyecto-Cambiar-tamano-de-imagen-2025-06-23T180533.274-600x400.jpeg",600,400,true],"gb-block-post-grid-square":["https:\/\/www.uartes.edu.ec\/sitio\/wp-content\/uploads\/2025\/06\/Proyecto-Cambiar-tamano-de-imagen-2025-06-23T180533.274-600x600.jpeg",600,600,true],"university-hub-thumb":["https:\/\/www.uartes.edu.ec\/sitio\/wp-content\/uploads\/2025\/06\/Proyecto-Cambiar-tamano-de-imagen-2025-06-23T180533.274-400x267.jpeg",400,267,true]},"uagb_author_info":{"display_name":"ccortez","author_link":"https:\/\/www.uartes.edu.ec\/sitio\/blog\/author\/ccortez\/"},"uagb_comment_info":0,"uagb_excerpt":"En el marco del convenio espec\u00edfico que la Universidad de las Artes firm\u00f3 con la Universidad de Guayaquil para la ejecuci\u00f3n de un proyecto de vinculaci\u00f3n con la sociedad de la Facultad de Ciencias Econ\u00f3micas a favor de nuestra instituci\u00f3n, el pasado 13 de junio se cumpli\u00f3 una jornada de inducci\u00f3n en la Biblioteca de&hellip;","featured_image_src":"https:\/\/www.uartes.edu.ec\/sitio\/wp-content\/uploads\/2025\/06\/Proyecto-Cambiar-tamano-de-imagen-2025-06-23T180533.274-600x400.jpeg","featured_image_src_square":"https:\/\/www.uartes.edu.ec\/sitio\/wp-content\/uploads\/2025\/06\/Proyecto-Cambiar-tamano-de-imagen-2025-06-23T180533.274-600x600.jpeg","author_info":{"display_name":"ccortez","author_link":"https:\/\/www.uartes.edu.ec\/sitio\/blog\/author\/ccortez\/"},"publishpress_future_workflow_manual_trigger":{"enabledWorkflows":[]},"distributor_meta":false,"distributor_terms":false,"distributor_media":false,"distributor_original_site_name":"Universidad de las Artes","distributor_original_site_url":"https:\/\/www.uartes.edu.ec\/sitio","push-errors":false,"_links":{"self":[{"href":"https:\/\/www.uartes.edu.ec\/sitio\/wp-json\/wp\/v2\/posts\/73873","targetHints":{"allow":["GET"]}}],"collection":[{"href":"https:\/\/www.uartes.edu.ec\/sitio\/wp-json\/wp\/v2\/posts"}],"about":[{"href":"https:\/\/www.uartes.edu.ec\/sitio\/wp-json\/wp\/v2\/types\/post"}],"author":[{"embeddable":true,"href":"https:\/\/www.uartes.edu.ec\/sitio\/wp-json\/wp\/v2\/users\/10"}],"replies":[{"embeddable":true,"href":"https:\/\/www.uartes.edu.ec\/sitio\/wp-json\/wp\/v2\/comments?post=73873"}],"version-history":[{"count":2,"href":"https:\/\/www.uartes.edu.ec\/sitio\/wp-json\/wp\/v2\/posts\/73873\/revisions"}],"predecessor-version":[{"id":73881,"href":"https:\/\/www.uartes.edu.ec\/sitio\/wp-json\/wp\/v2\/posts\/73873\/revisions\/73881"}],"wp:featuredmedia":[{"embeddable":true,"href":"https:\/\/www.uartes.edu.ec\/sitio\/wp-json\/wp\/v2\/media\/73874"}],"wp:attachment":[{"href":"https:\/\/www.uartes.edu.ec\/sitio\/wp-json\/wp\/v2\/media?parent=73873"}],"wp:term":[{"taxonomy":"category","embeddable":true,"href":"https:\/\/www.uartes.edu.ec\/sitio\/wp-json\/wp\/v2\/categories?post=73873"},{"taxonomy":"post_tag","embeddable":true,"href":"https:\/\/www.uartes.edu.ec\/sitio\/wp-json\/wp\/v2\/tags?post=73873"},{"taxonomy":"infouartes","embeddable":true,"href":"https:\/\/www.uartes.edu.ec\/sitio\/wp-json\/wp\/v2\/infouartes?post=73873"}],"curies":[{"name":"wp","href":"https:\/\/api.w.org\/{rel}","templated":true}]}}