{"id":7435,"date":"2020-07-13T12:00:33","date_gmt":"2020-07-13T17:00:33","guid":{"rendered":"http:\/\/www.uartes.edu.ec\/sitio\/?p=7435"},"modified":"2024-07-04T11:36:19","modified_gmt":"2024-07-04T16:36:19","slug":"talleres-artisticos-con-estudiantes-de-pedagogia-de-las-artes-y-humanidades","status":"publish","type":"post","link":"https:\/\/www.uartes.edu.ec\/sitio\/blog\/2020\/07\/13\/talleres-artisticos-con-estudiantes-de-pedagogia-de-las-artes-y-humanidades\/","title":{"rendered":"Talleres art\u00edsticos con estudiantes de Pedagog\u00eda de las Artes y Humanidades"},"content":{"rendered":"\n<p>\u201cDesde la carrera de Pedagog\u00eda de las Artes y Humanidades y la Sala R\u00eda de la Biblioteca de las Artes creamos una serie de talleres para ni\u00f1as, ni\u00f1os y j\u00f3venes, de martes a viernes, por medio de sesiones en vivo\u201d.<\/p>\n\n\n\n<p>Este mensaje se encuentra en la p\u00e1gina que estudiantes de la carrera en Pedagog\u00eda de las Artes y Humanidades crearon en Facebook para dar a conocer un proyecto colectivo que tiene como objetivo difundir \u2013con el apoyo de la Sala R\u00eda, de la Biblioteca de las Artes\u2013 talleres art\u00edsticos, abiertos al p\u00fablico, de tem\u00e1tica variada, en modalidad virtual y horario vespertino.<\/p>\n\n\n\n<p>Los alumnos cursan el quinto ciclo y la propuesta surgi\u00f3 en las materias Laboratorio de la Comunidad II, dictada por la docente Rosario Saona, y C\u00e1tedra integradora: Desarrollo y gesti\u00f3n en ambientes de aprendizaje art\u00edsticos, dictada por el docente Jorge Tigrero.<\/p>\n\n\n\n<p>Cada taller consta de cuatro sesiones y, adem\u00e1s de Facebook, se difunde a trav\u00e9s de Zoom, YouTube y en las cuentas de la Sala R\u00eda. Del 7 al 10 de julio de 2020 se desarroll\u00f3 el primero; se titul\u00f3 \u201cNarraci\u00f3n y creaci\u00f3n de t\u00edteres\u201d y su acogida fue significativa, coment\u00f3 el docente Jorge Tigrero, quien destaca la retroalimentaci\u00f3n e interactividad que se genera entre los alumnos que imparten los talleres y las ni\u00f1as, los ni\u00f1os y j\u00f3venes, as\u00ed como el desarrollo de habilidades art\u00edsticas de los asistentes. Para lograr esa interacci\u00f3n hacen uso de la plataforma Zoom.<\/p>\n\n\n\n<p>Este martes 14 de julio, a partir de las 15:30, se dar\u00e1 inicio al segundo taller, cuyo tema ser\u00e1 elaboraci\u00f3n de m\u00e1scaras (imagen) y estar\u00e1 dirigido a ni\u00f1os de 8 a 10 a\u00f1os, aunque en la pr\u00e1ctica se convierte en un aprendizaje familiar, puesto que tambi\u00e9n participan padres y hermanos.<\/p>\n\n\n\n<p>Los talleres se extender\u00e1n hasta el mes de agosto. Las tem\u00e1ticas y fechas de los siguientes ya est\u00e1n programadas y consensuadas. A trav\u00e9s de metodolog\u00edas basadas en el desarrollo de competencias art\u00edsticas, explica la docente Rosario Saona, se busca orientar y cultivar el potencial intelectual, emocional y social de ni\u00f1as, ni\u00f1os y adolescentes, aspectos muy positivos que incentivan la creatividad en un ambiente complejo como el que estamos viviendo actualmente.<\/p>\n\n\n\n<p>La carrera de Pedagog\u00eda de las Artes y Humanidades es resultado de un convenio interinstitucional entre la Universidad Nacional de Educaci\u00f3n (UNAE) y la UArtes.<\/p>\n\n\n\n<p>Los talleres se pueden seguir por Facebook Live desde la cuenta de @TalleresUA: <a href=\"https:\/\/www.facebook.com\/events\/197971488281975\/\">https:\/\/www.facebook.com\/events\/197971488281975\/<\/a><\/p>\n\n\n\n<p>\u201cDesde la carrera de Pedagog\u00eda de las Artes y Humanidades y la Sala R\u00eda de la Biblioteca de las Artes creamos una serie de talleres para ni\u00f1as, ni\u00f1os y j\u00f3venes, de martes a viernes, por medio de sesiones en vivo\u201d.<\/p>\n\n\n\n<p>Este mensaje se encuentra en la p\u00e1gina que estudiantes de la carrera en Pedagog\u00eda de las Artes y las Humanidades crearon en Facebook para dar a conocer un proyecto colectivo que tiene como objetivo&nbsp;difundir \u2013con el apoyo de la Sala R\u00eda, de la Biblioteca de las Artes\u2013 talleres art\u00edsticos, abiertos al p\u00fablico, de tem\u00e1tica variada, en modalidad virtual y horario vespertino.<\/p>\n\n\n\n<p>Los alumnos cursan el quinto ciclo y la propuesta surgi\u00f3 en las materias Laboratorio de la Comunidad II, dictada por la docente Rosario Saona, y C\u00e1tedra integradora: Desarrollo y gesti\u00f3n en ambientes de aprendizaje art\u00edsticos, dictada por el docente Jorge Tigrero.<\/p>\n\n\n\n<p>Cada taller consta de cuatro sesiones y, adem\u00e1s de Facebook Live, se difunde a trav\u00e9s de YouTube y en las cuentas de la Sala R\u00eda. Del 7 al 10 de julio se desarroll\u00f3 el primero; se titul\u00f3 \u201cNarraci\u00f3n y creaci\u00f3n de t\u00edteres\u201d y su acogida fue significativa, coment\u00f3 el docente Jorge Tigrero, quien destaca la retroalimentaci\u00f3n e interactividad que se genera entre los alumnos que imparten los talleres y las ni\u00f1as, los ni\u00f1os y j\u00f3venes, as\u00ed como el desarrollo de habilidades art\u00edsticas de los asistentes. Para lograr esa interacci\u00f3n hacen uso tambi\u00e9n de la plataforma Zoom.<\/p>\n\n\n\n<p>Este martes 14 de julio, a partir de las 15:30, se dar\u00e1 inicio al segundo taller, ser\u00e1 de m\u00e1scaras y estar\u00e1 dirigido a ni\u00f1os de 8 a 10 a\u00f1os, aunque en la pr\u00e1ctica se convierte en un aprendizaje familiar, puesto que tambi\u00e9n participan padres y hermanos.<\/p>\n\n\n\n<p>Los talleres se extender\u00e1n hasta el mes de agosto. Las tem\u00e1ticas y fechas de los siguientes ya est\u00e1n programadas y consensuadas. Con sus metodolog\u00edas, explica la docente Roc\u00edo Saona, se busca orientar y cultivar el potencial intelectual, emocional y social de ni\u00f1as, ni\u00f1os y adolescentes, en un ambiente complejo como el que estamos viviendo actualmente.<\/p>\n\n\n\n<p>La carrera de Pedagog\u00eda de las Artes y Humanidades es resultado de un convenio interinstitucional entre la&nbsp;Universidad Nacional de Educaci\u00f3n (UNAE)&nbsp;y la&nbsp;UArtes,<\/p>\n\n\n\n<p>Los talleres se pueden seguir por Facebook Live desde la cuenta de @TalleresUA: <a href=\"https:\/\/www.facebook.com\/events\/197971488281975\/\">https:\/\/www.facebook.com\/events\/197971488281975\/<\/a><\/p>\n","protected":false},"excerpt":{"rendered":"<p>\u201cDesde la carrera de Pedagog\u00eda de las Artes y Humanidades y la Sala R\u00eda de la Biblioteca de las Artes creamos una serie de talleres para ni\u00f1as, ni\u00f1os y j\u00f3venes, de martes a viernes, por medio de sesiones en vivo\u201d.<\/p>\n","protected":false},"author":1,"featured_media":7436,"comment_status":"closed","ping_status":"closed","sticky":false,"template":"","format":"standard","meta":{"_acf_changed":false,"_uag_custom_page_level_css":"","_monsterinsights_skip_tracking":false,"_monsterinsights_sitenote_active":false,"_monsterinsights_sitenote_note":"","_monsterinsights_sitenote_category":0,"cybocfi_hide_featured_image":"","footnotes":""},"categories":[79],"tags":[211,229,120],"infouartes":[],"class_list":["post-7435","post","type-post","status-publish","format-standard","has-post-thumbnail","hentry","category-vinculo","tag-covid19","tag-pedagogia-de-las-artes-y-humanidades","tag-ria"],"acf":[],"yoast_head":"<!-- This site is optimized with the Yoast SEO plugin v27.4 - https:\/\/yoast.com\/product\/yoast-seo-wordpress\/ -->\n<title>Universidad de las Artes - Talleres art\u00edsticos con estudiantes de Pedagog\u00eda de las Artes y Humanidades<\/title>\n<meta name=\"description\" content=\"Universidad de las Artes - Talleres art\u00edsticos con estudiantes de Pedagog\u00eda de las Artes y Humanidades\" \/>\n<meta name=\"robots\" content=\"index, follow, max-snippet:-1, max-image-preview:large, max-video-preview:-1\" \/>\n<link rel=\"canonical\" href=\"https:\/\/www.uartes.edu.ec\/sitio\/blog\/2020\/07\/13\/talleres-artisticos-con-estudiantes-de-pedagogia-de-las-artes-y-humanidades\/\" \/>\n<meta property=\"og:locale\" content=\"es_ES\" \/>\n<meta property=\"og:type\" content=\"article\" \/>\n<meta property=\"og:title\" content=\"Universidad de las Artes - Talleres art\u00edsticos con estudiantes de Pedagog\u00eda de las Artes y Humanidades\" \/>\n<meta property=\"og:description\" content=\"Universidad de las Artes - Talleres art\u00edsticos con estudiantes de Pedagog\u00eda de las Artes y Humanidades\" \/>\n<meta property=\"og:url\" content=\"https:\/\/www.uartes.edu.ec\/sitio\/blog\/2020\/07\/13\/talleres-artisticos-con-estudiantes-de-pedagogia-de-las-artes-y-humanidades\/\" \/>\n<meta property=\"og:site_name\" content=\"Universidad de las Artes\" \/>\n<meta property=\"article:publisher\" content=\"https:\/\/www.facebook.com\/uartesec\" \/>\n<meta property=\"article:published_time\" content=\"2020-07-13T17:00:33+00:00\" \/>\n<meta property=\"article:modified_time\" content=\"2024-07-04T16:36:19+00:00\" \/>\n<meta property=\"og:image\" content=\"https:\/\/www.uartes.edu.ec\/sitio\/wp-content\/uploads\/2020\/07\/TALLERES-ARTISTICOS.jpg\" \/>\n\t<meta property=\"og:image:width\" content=\"1449\" \/>\n\t<meta property=\"og:image:height\" content=\"966\" \/>\n\t<meta property=\"og:image:type\" content=\"image\/jpeg\" \/>\n<meta name=\"author\" content=\"Universidad de las Artes\" \/>\n<meta name=\"twitter:card\" content=\"summary_large_image\" \/>\n<meta name=\"twitter:creator\" content=\"@uartesec\" \/>\n<meta name=\"twitter:site\" content=\"@uartesec\" \/>\n<meta name=\"twitter:label1\" content=\"Escrito por\" \/>\n\t<meta name=\"twitter:data1\" content=\"Universidad de las Artes\" \/>\n\t<meta name=\"twitter:label2\" content=\"Tiempo de lectura\" \/>\n\t<meta name=\"twitter:data2\" content=\"4 minutos\" \/>\n<script type=\"application\/ld+json\" class=\"yoast-schema-graph\">{\"@context\":\"https:\\\/\\\/schema.org\",\"@graph\":[{\"@type\":\"Article\",\"@id\":\"https:\\\/\\\/www.uartes.edu.ec\\\/sitio\\\/blog\\\/2020\\\/07\\\/13\\\/talleres-artisticos-con-estudiantes-de-pedagogia-de-las-artes-y-humanidades\\\/#article\",\"isPartOf\":{\"@id\":\"https:\\\/\\\/www.uartes.edu.ec\\\/sitio\\\/blog\\\/2020\\\/07\\\/13\\\/talleres-artisticos-con-estudiantes-de-pedagogia-de-las-artes-y-humanidades\\\/\"},\"author\":{\"name\":\"Universidad de las Artes\",\"@id\":\"https:\\\/\\\/www.uartes.edu.ec\\\/sitio\\\/#\\\/schema\\\/person\\\/f33f8c1d2af0d5c80a38c8abf458184a\"},\"headline\":\"Talleres art\u00edsticos con estudiantes de Pedagog\u00eda de las Artes y Humanidades\",\"datePublished\":\"2020-07-13T17:00:33+00:00\",\"dateModified\":\"2024-07-04T16:36:19+00:00\",\"mainEntityOfPage\":{\"@id\":\"https:\\\/\\\/www.uartes.edu.ec\\\/sitio\\\/blog\\\/2020\\\/07\\\/13\\\/talleres-artisticos-con-estudiantes-de-pedagogia-de-las-artes-y-humanidades\\\/\"},\"wordCount\":872,\"publisher\":{\"@id\":\"https:\\\/\\\/www.uartes.edu.ec\\\/sitio\\\/#organization\"},\"image\":{\"@id\":\"https:\\\/\\\/www.uartes.edu.ec\\\/sitio\\\/blog\\\/2020\\\/07\\\/13\\\/talleres-artisticos-con-estudiantes-de-pedagogia-de-las-artes-y-humanidades\\\/#primaryimage\"},\"thumbnailUrl\":\"https:\\\/\\\/www.uartes.edu.ec\\\/sitio\\\/wp-content\\\/uploads\\\/2020\\\/07\\\/TALLERES-ARTISTICOS.jpg\",\"keywords\":[\"covid19\",\"Pedagog\u00eda de las Artes y Humanidades\",\"r\u00eda\"],\"articleSection\":[\"V\u00ednculo\"],\"inLanguage\":\"es\"},{\"@type\":[\"WebPage\",\"ItemPage\"],\"@id\":\"https:\\\/\\\/www.uartes.edu.ec\\\/sitio\\\/blog\\\/2020\\\/07\\\/13\\\/talleres-artisticos-con-estudiantes-de-pedagogia-de-las-artes-y-humanidades\\\/\",\"url\":\"https:\\\/\\\/www.uartes.edu.ec\\\/sitio\\\/blog\\\/2020\\\/07\\\/13\\\/talleres-artisticos-con-estudiantes-de-pedagogia-de-las-artes-y-humanidades\\\/\",\"name\":\"Universidad de las Artes - Talleres art\u00edsticos con estudiantes de Pedagog\u00eda de las Artes y Humanidades\",\"isPartOf\":{\"@id\":\"https:\\\/\\\/www.uartes.edu.ec\\\/sitio\\\/#website\"},\"primaryImageOfPage\":{\"@id\":\"https:\\\/\\\/www.uartes.edu.ec\\\/sitio\\\/blog\\\/2020\\\/07\\\/13\\\/talleres-artisticos-con-estudiantes-de-pedagogia-de-las-artes-y-humanidades\\\/#primaryimage\"},\"image\":{\"@id\":\"https:\\\/\\\/www.uartes.edu.ec\\\/sitio\\\/blog\\\/2020\\\/07\\\/13\\\/talleres-artisticos-con-estudiantes-de-pedagogia-de-las-artes-y-humanidades\\\/#primaryimage\"},\"thumbnailUrl\":\"https:\\\/\\\/www.uartes.edu.ec\\\/sitio\\\/wp-content\\\/uploads\\\/2020\\\/07\\\/TALLERES-ARTISTICOS.jpg\",\"datePublished\":\"2020-07-13T17:00:33+00:00\",\"dateModified\":\"2024-07-04T16:36:19+00:00\",\"description\":\"Universidad de las Artes - Talleres art\u00edsticos con estudiantes de Pedagog\u00eda de las Artes y Humanidades\",\"breadcrumb\":{\"@id\":\"https:\\\/\\\/www.uartes.edu.ec\\\/sitio\\\/blog\\\/2020\\\/07\\\/13\\\/talleres-artisticos-con-estudiantes-de-pedagogia-de-las-artes-y-humanidades\\\/#breadcrumb\"},\"inLanguage\":\"es\",\"potentialAction\":[{\"@type\":\"ReadAction\",\"target\":[\"https:\\\/\\\/www.uartes.edu.ec\\\/sitio\\\/blog\\\/2020\\\/07\\\/13\\\/talleres-artisticos-con-estudiantes-de-pedagogia-de-las-artes-y-humanidades\\\/\"]}]},{\"@type\":\"ImageObject\",\"inLanguage\":\"es\",\"@id\":\"https:\\\/\\\/www.uartes.edu.ec\\\/sitio\\\/blog\\\/2020\\\/07\\\/13\\\/talleres-artisticos-con-estudiantes-de-pedagogia-de-las-artes-y-humanidades\\\/#primaryimage\",\"url\":\"https:\\\/\\\/www.uartes.edu.ec\\\/sitio\\\/wp-content\\\/uploads\\\/2020\\\/07\\\/TALLERES-ARTISTICOS.jpg\",\"contentUrl\":\"https:\\\/\\\/www.uartes.edu.ec\\\/sitio\\\/wp-content\\\/uploads\\\/2020\\\/07\\\/TALLERES-ARTISTICOS.jpg\",\"width\":1449,\"height\":966},{\"@type\":\"BreadcrumbList\",\"@id\":\"https:\\\/\\\/www.uartes.edu.ec\\\/sitio\\\/blog\\\/2020\\\/07\\\/13\\\/talleres-artisticos-con-estudiantes-de-pedagogia-de-las-artes-y-humanidades\\\/#breadcrumb\",\"itemListElement\":[{\"@type\":\"ListItem\",\"position\":1,\"name\":\"Inicio\",\"item\":\"https:\\\/\\\/www.uartes.edu.ec\\\/sitio\\\/\"},{\"@type\":\"ListItem\",\"position\":2,\"name\":\"Talleres art\u00edsticos con estudiantes de Pedagog\u00eda de las Artes y Humanidades\"}]},{\"@type\":\"WebSite\",\"@id\":\"https:\\\/\\\/www.uartes.edu.ec\\\/sitio\\\/#website\",\"url\":\"https:\\\/\\\/www.uartes.edu.ec\\\/sitio\\\/\",\"name\":\"Universidad de las Artes\",\"description\":\"Sitio oficial de la Universidad Nacional de las Artes del Ecuador\",\"publisher\":{\"@id\":\"https:\\\/\\\/www.uartes.edu.ec\\\/sitio\\\/#organization\"},\"potentialAction\":[{\"@type\":\"SearchAction\",\"target\":{\"@type\":\"EntryPoint\",\"urlTemplate\":\"https:\\\/\\\/www.uartes.edu.ec\\\/sitio\\\/?s={search_term_string}\"},\"query-input\":{\"@type\":\"PropertyValueSpecification\",\"valueRequired\":true,\"valueName\":\"search_term_string\"}}],\"inLanguage\":\"es\"},{\"@type\":\"Organization\",\"@id\":\"https:\\\/\\\/www.uartes.edu.ec\\\/sitio\\\/#organization\",\"name\":\"Universidad de las Artes\",\"url\":\"https:\\\/\\\/www.uartes.edu.ec\\\/sitio\\\/\",\"logo\":{\"@type\":\"ImageObject\",\"inLanguage\":\"es\",\"@id\":\"https:\\\/\\\/www.uartes.edu.ec\\\/sitio\\\/#\\\/schema\\\/logo\\\/image\\\/\",\"url\":\"https:\\\/\\\/www.uartes.edu.ec\\\/sitio\\\/wp-content\\\/uploads\\\/2022\\\/07\\\/logo-ua-horizontal.png\",\"contentUrl\":\"https:\\\/\\\/www.uartes.edu.ec\\\/sitio\\\/wp-content\\\/uploads\\\/2022\\\/07\\\/logo-ua-horizontal.png\",\"width\":800,\"height\":276,\"caption\":\"Universidad de las Artes\"},\"image\":{\"@id\":\"https:\\\/\\\/www.uartes.edu.ec\\\/sitio\\\/#\\\/schema\\\/logo\\\/image\\\/\"},\"sameAs\":[\"https:\\\/\\\/www.facebook.com\\\/uartesec\",\"https:\\\/\\\/x.com\\\/uartesec\",\"https:\\\/\\\/www.tiktok.com\\\/@uartesec\"]},{\"@type\":\"Person\",\"@id\":\"https:\\\/\\\/www.uartes.edu.ec\\\/sitio\\\/#\\\/schema\\\/person\\\/f33f8c1d2af0d5c80a38c8abf458184a\",\"name\":\"Universidad de las Artes\",\"image\":{\"@type\":\"ImageObject\",\"inLanguage\":\"es\",\"@id\":\"https:\\\/\\\/secure.gravatar.com\\\/avatar\\\/52e4757902f5cfa5ac52d020e5be83cae5487519154b6c35482fe08d589f3c13?s=96&d=mm&r=g\",\"url\":\"https:\\\/\\\/secure.gravatar.com\\\/avatar\\\/52e4757902f5cfa5ac52d020e5be83cae5487519154b6c35482fe08d589f3c13?s=96&d=mm&r=g\",\"contentUrl\":\"https:\\\/\\\/secure.gravatar.com\\\/avatar\\\/52e4757902f5cfa5ac52d020e5be83cae5487519154b6c35482fe08d589f3c13?s=96&d=mm&r=g\",\"caption\":\"Universidad de las Artes\"},\"url\":\"https:\\\/\\\/www.uartes.edu.ec\\\/sitio\\\/blog\\\/author\\\/dircomadm\\\/\"}]}<\/script>\n<!-- \/ Yoast SEO plugin. -->","yoast_head_json":{"title":"Universidad de las Artes - Talleres art\u00edsticos con estudiantes de Pedagog\u00eda de las Artes y Humanidades","description":"Universidad de las Artes - Talleres art\u00edsticos con estudiantes de Pedagog\u00eda de las Artes y Humanidades","robots":{"index":"index","follow":"follow","max-snippet":"max-snippet:-1","max-image-preview":"max-image-preview:large","max-video-preview":"max-video-preview:-1"},"canonical":"https:\/\/www.uartes.edu.ec\/sitio\/blog\/2020\/07\/13\/talleres-artisticos-con-estudiantes-de-pedagogia-de-las-artes-y-humanidades\/","og_locale":"es_ES","og_type":"article","og_title":"Universidad de las Artes - Talleres art\u00edsticos con estudiantes de Pedagog\u00eda de las Artes y Humanidades","og_description":"Universidad de las Artes - Talleres art\u00edsticos con estudiantes de Pedagog\u00eda de las Artes y Humanidades","og_url":"https:\/\/www.uartes.edu.ec\/sitio\/blog\/2020\/07\/13\/talleres-artisticos-con-estudiantes-de-pedagogia-de-las-artes-y-humanidades\/","og_site_name":"Universidad de las Artes","article_publisher":"https:\/\/www.facebook.com\/uartesec","article_published_time":"2020-07-13T17:00:33+00:00","article_modified_time":"2024-07-04T16:36:19+00:00","og_image":[{"width":1449,"height":966,"url":"https:\/\/www.uartes.edu.ec\/sitio\/wp-content\/uploads\/2020\/07\/TALLERES-ARTISTICOS.jpg","type":"image\/jpeg"}],"author":"Universidad de las Artes","twitter_card":"summary_large_image","twitter_creator":"@uartesec","twitter_site":"@uartesec","twitter_misc":{"Escrito por":"Universidad de las Artes","Tiempo de lectura":"4 minutos"},"schema":{"@context":"https:\/\/schema.org","@graph":[{"@type":"Article","@id":"https:\/\/www.uartes.edu.ec\/sitio\/blog\/2020\/07\/13\/talleres-artisticos-con-estudiantes-de-pedagogia-de-las-artes-y-humanidades\/#article","isPartOf":{"@id":"https:\/\/www.uartes.edu.ec\/sitio\/blog\/2020\/07\/13\/talleres-artisticos-con-estudiantes-de-pedagogia-de-las-artes-y-humanidades\/"},"author":{"name":"Universidad de las Artes","@id":"https:\/\/www.uartes.edu.ec\/sitio\/#\/schema\/person\/f33f8c1d2af0d5c80a38c8abf458184a"},"headline":"Talleres art\u00edsticos con estudiantes de Pedagog\u00eda de las Artes y Humanidades","datePublished":"2020-07-13T17:00:33+00:00","dateModified":"2024-07-04T16:36:19+00:00","mainEntityOfPage":{"@id":"https:\/\/www.uartes.edu.ec\/sitio\/blog\/2020\/07\/13\/talleres-artisticos-con-estudiantes-de-pedagogia-de-las-artes-y-humanidades\/"},"wordCount":872,"publisher":{"@id":"https:\/\/www.uartes.edu.ec\/sitio\/#organization"},"image":{"@id":"https:\/\/www.uartes.edu.ec\/sitio\/blog\/2020\/07\/13\/talleres-artisticos-con-estudiantes-de-pedagogia-de-las-artes-y-humanidades\/#primaryimage"},"thumbnailUrl":"https:\/\/www.uartes.edu.ec\/sitio\/wp-content\/uploads\/2020\/07\/TALLERES-ARTISTICOS.jpg","keywords":["covid19","Pedagog\u00eda de las Artes y Humanidades","r\u00eda"],"articleSection":["V\u00ednculo"],"inLanguage":"es"},{"@type":["WebPage","ItemPage"],"@id":"https:\/\/www.uartes.edu.ec\/sitio\/blog\/2020\/07\/13\/talleres-artisticos-con-estudiantes-de-pedagogia-de-las-artes-y-humanidades\/","url":"https:\/\/www.uartes.edu.ec\/sitio\/blog\/2020\/07\/13\/talleres-artisticos-con-estudiantes-de-pedagogia-de-las-artes-y-humanidades\/","name":"Universidad de las Artes - Talleres art\u00edsticos con estudiantes de Pedagog\u00eda de las Artes y Humanidades","isPartOf":{"@id":"https:\/\/www.uartes.edu.ec\/sitio\/#website"},"primaryImageOfPage":{"@id":"https:\/\/www.uartes.edu.ec\/sitio\/blog\/2020\/07\/13\/talleres-artisticos-con-estudiantes-de-pedagogia-de-las-artes-y-humanidades\/#primaryimage"},"image":{"@id":"https:\/\/www.uartes.edu.ec\/sitio\/blog\/2020\/07\/13\/talleres-artisticos-con-estudiantes-de-pedagogia-de-las-artes-y-humanidades\/#primaryimage"},"thumbnailUrl":"https:\/\/www.uartes.edu.ec\/sitio\/wp-content\/uploads\/2020\/07\/TALLERES-ARTISTICOS.jpg","datePublished":"2020-07-13T17:00:33+00:00","dateModified":"2024-07-04T16:36:19+00:00","description":"Universidad de las Artes - Talleres art\u00edsticos con estudiantes de Pedagog\u00eda de las Artes y Humanidades","breadcrumb":{"@id":"https:\/\/www.uartes.edu.ec\/sitio\/blog\/2020\/07\/13\/talleres-artisticos-con-estudiantes-de-pedagogia-de-las-artes-y-humanidades\/#breadcrumb"},"inLanguage":"es","potentialAction":[{"@type":"ReadAction","target":["https:\/\/www.uartes.edu.ec\/sitio\/blog\/2020\/07\/13\/talleres-artisticos-con-estudiantes-de-pedagogia-de-las-artes-y-humanidades\/"]}]},{"@type":"ImageObject","inLanguage":"es","@id":"https:\/\/www.uartes.edu.ec\/sitio\/blog\/2020\/07\/13\/talleres-artisticos-con-estudiantes-de-pedagogia-de-las-artes-y-humanidades\/#primaryimage","url":"https:\/\/www.uartes.edu.ec\/sitio\/wp-content\/uploads\/2020\/07\/TALLERES-ARTISTICOS.jpg","contentUrl":"https:\/\/www.uartes.edu.ec\/sitio\/wp-content\/uploads\/2020\/07\/TALLERES-ARTISTICOS.jpg","width":1449,"height":966},{"@type":"BreadcrumbList","@id":"https:\/\/www.uartes.edu.ec\/sitio\/blog\/2020\/07\/13\/talleres-artisticos-con-estudiantes-de-pedagogia-de-las-artes-y-humanidades\/#breadcrumb","itemListElement":[{"@type":"ListItem","position":1,"name":"Inicio","item":"https:\/\/www.uartes.edu.ec\/sitio\/"},{"@type":"ListItem","position":2,"name":"Talleres art\u00edsticos con estudiantes de Pedagog\u00eda de las Artes y Humanidades"}]},{"@type":"WebSite","@id":"https:\/\/www.uartes.edu.ec\/sitio\/#website","url":"https:\/\/www.uartes.edu.ec\/sitio\/","name":"Universidad de las Artes","description":"Sitio oficial de la Universidad Nacional de las Artes del Ecuador","publisher":{"@id":"https:\/\/www.uartes.edu.ec\/sitio\/#organization"},"potentialAction":[{"@type":"SearchAction","target":{"@type":"EntryPoint","urlTemplate":"https:\/\/www.uartes.edu.ec\/sitio\/?s={search_term_string}"},"query-input":{"@type":"PropertyValueSpecification","valueRequired":true,"valueName":"search_term_string"}}],"inLanguage":"es"},{"@type":"Organization","@id":"https:\/\/www.uartes.edu.ec\/sitio\/#organization","name":"Universidad de las Artes","url":"https:\/\/www.uartes.edu.ec\/sitio\/","logo":{"@type":"ImageObject","inLanguage":"es","@id":"https:\/\/www.uartes.edu.ec\/sitio\/#\/schema\/logo\/image\/","url":"https:\/\/www.uartes.edu.ec\/sitio\/wp-content\/uploads\/2022\/07\/logo-ua-horizontal.png","contentUrl":"https:\/\/www.uartes.edu.ec\/sitio\/wp-content\/uploads\/2022\/07\/logo-ua-horizontal.png","width":800,"height":276,"caption":"Universidad de las Artes"},"image":{"@id":"https:\/\/www.uartes.edu.ec\/sitio\/#\/schema\/logo\/image\/"},"sameAs":["https:\/\/www.facebook.com\/uartesec","https:\/\/x.com\/uartesec","https:\/\/www.tiktok.com\/@uartesec"]},{"@type":"Person","@id":"https:\/\/www.uartes.edu.ec\/sitio\/#\/schema\/person\/f33f8c1d2af0d5c80a38c8abf458184a","name":"Universidad de las Artes","image":{"@type":"ImageObject","inLanguage":"es","@id":"https:\/\/secure.gravatar.com\/avatar\/52e4757902f5cfa5ac52d020e5be83cae5487519154b6c35482fe08d589f3c13?s=96&d=mm&r=g","url":"https:\/\/secure.gravatar.com\/avatar\/52e4757902f5cfa5ac52d020e5be83cae5487519154b6c35482fe08d589f3c13?s=96&d=mm&r=g","contentUrl":"https:\/\/secure.gravatar.com\/avatar\/52e4757902f5cfa5ac52d020e5be83cae5487519154b6c35482fe08d589f3c13?s=96&d=mm&r=g","caption":"Universidad de las Artes"},"url":"https:\/\/www.uartes.edu.ec\/sitio\/blog\/author\/dircomadm\/"}]}},"uagb_featured_image_src":{"full":["https:\/\/www.uartes.edu.ec\/sitio\/wp-content\/uploads\/2020\/07\/TALLERES-ARTISTICOS.jpg",1449,966,false],"thumbnail":["https:\/\/www.uartes.edu.ec\/sitio\/wp-content\/uploads\/2020\/07\/TALLERES-ARTISTICOS-150x150.jpg",150,150,true],"medium":["https:\/\/www.uartes.edu.ec\/sitio\/wp-content\/uploads\/2020\/07\/TALLERES-ARTISTICOS-300x200.jpg",300,200,true],"medium_large":["https:\/\/www.uartes.edu.ec\/sitio\/wp-content\/uploads\/2020\/07\/TALLERES-ARTISTICOS-768x512.jpg",768,512,true],"large":["https:\/\/www.uartes.edu.ec\/sitio\/wp-content\/uploads\/2020\/07\/TALLERES-ARTISTICOS-644x429.jpg",644,429,true],"1536x1536":["https:\/\/www.uartes.edu.ec\/sitio\/wp-content\/uploads\/2020\/07\/TALLERES-ARTISTICOS.jpg",1449,966,false],"2048x2048":["https:\/\/www.uartes.edu.ec\/sitio\/wp-content\/uploads\/2020\/07\/TALLERES-ARTISTICOS.jpg",1449,966,false],"trp-custom-language-flag":["https:\/\/www.uartes.edu.ec\/sitio\/wp-content\/uploads\/2020\/07\/TALLERES-ARTISTICOS.jpg",18,12,false],"htmega_size_585x295":["https:\/\/www.uartes.edu.ec\/sitio\/wp-content\/uploads\/2020\/07\/TALLERES-ARTISTICOS.jpg",443,295,false],"htmega_size_1170x536":["https:\/\/www.uartes.edu.ec\/sitio\/wp-content\/uploads\/2020\/07\/TALLERES-ARTISTICOS.jpg",804,536,false],"htmega_size_396x360":["https:\/\/www.uartes.edu.ec\/sitio\/wp-content\/uploads\/2020\/07\/TALLERES-ARTISTICOS.jpg",396,264,false],"gb-block-post-grid-landscape":["https:\/\/www.uartes.edu.ec\/sitio\/wp-content\/uploads\/2020\/07\/TALLERES-ARTISTICOS.jpg",600,400,false],"gb-block-post-grid-square":["https:\/\/www.uartes.edu.ec\/sitio\/wp-content\/uploads\/2020\/07\/TALLERES-ARTISTICOS.jpg",600,400,false],"university-hub-thumb":["https:\/\/www.uartes.edu.ec\/sitio\/wp-content\/uploads\/2020\/07\/TALLERES-ARTISTICOS-400x267.jpg",400,267,true]},"uagb_author_info":{"display_name":"Universidad de las Artes","author_link":"https:\/\/www.uartes.edu.ec\/sitio\/blog\/author\/dircomadm\/"},"uagb_comment_info":0,"uagb_excerpt":"\u201cDesde la carrera de Pedagog\u00eda de las Artes y Humanidades y la Sala R\u00eda de la Biblioteca de las Artes creamos una serie de talleres para ni\u00f1as, ni\u00f1os y j\u00f3venes, de martes a viernes, por medio de sesiones en vivo\u201d.","featured_image_src":"https:\/\/www.uartes.edu.ec\/sitio\/wp-content\/uploads\/2020\/07\/TALLERES-ARTISTICOS.jpg","featured_image_src_square":"https:\/\/www.uartes.edu.ec\/sitio\/wp-content\/uploads\/2020\/07\/TALLERES-ARTISTICOS.jpg","author_info":{"display_name":"Universidad de las Artes","author_link":"https:\/\/www.uartes.edu.ec\/sitio\/blog\/author\/dircomadm\/"},"publishpress_future_workflow_manual_trigger":{"enabledWorkflows":[]},"distributor_meta":false,"distributor_terms":false,"distributor_media":false,"distributor_original_site_name":"Universidad de las Artes","distributor_original_site_url":"https:\/\/www.uartes.edu.ec\/sitio","push-errors":false,"_links":{"self":[{"href":"https:\/\/www.uartes.edu.ec\/sitio\/wp-json\/wp\/v2\/posts\/7435","targetHints":{"allow":["GET"]}}],"collection":[{"href":"https:\/\/www.uartes.edu.ec\/sitio\/wp-json\/wp\/v2\/posts"}],"about":[{"href":"https:\/\/www.uartes.edu.ec\/sitio\/wp-json\/wp\/v2\/types\/post"}],"author":[{"embeddable":true,"href":"https:\/\/www.uartes.edu.ec\/sitio\/wp-json\/wp\/v2\/users\/1"}],"replies":[{"embeddable":true,"href":"https:\/\/www.uartes.edu.ec\/sitio\/wp-json\/wp\/v2\/comments?post=7435"}],"version-history":[{"count":1,"href":"https:\/\/www.uartes.edu.ec\/sitio\/wp-json\/wp\/v2\/posts\/7435\/revisions"}],"predecessor-version":[{"id":7437,"href":"https:\/\/www.uartes.edu.ec\/sitio\/wp-json\/wp\/v2\/posts\/7435\/revisions\/7437"}],"wp:featuredmedia":[{"embeddable":true,"href":"https:\/\/www.uartes.edu.ec\/sitio\/wp-json\/wp\/v2\/media\/7436"}],"wp:attachment":[{"href":"https:\/\/www.uartes.edu.ec\/sitio\/wp-json\/wp\/v2\/media?parent=7435"}],"wp:term":[{"taxonomy":"category","embeddable":true,"href":"https:\/\/www.uartes.edu.ec\/sitio\/wp-json\/wp\/v2\/categories?post=7435"},{"taxonomy":"post_tag","embeddable":true,"href":"https:\/\/www.uartes.edu.ec\/sitio\/wp-json\/wp\/v2\/tags?post=7435"},{"taxonomy":"infouartes","embeddable":true,"href":"https:\/\/www.uartes.edu.ec\/sitio\/wp-json\/wp\/v2\/infouartes?post=7435"}],"curies":[{"name":"wp","href":"https:\/\/api.w.org\/{rel}","templated":true}]}}