{"id":7442,"date":"2020-07-13T14:19:38","date_gmt":"2020-07-13T19:19:38","guid":{"rendered":"http:\/\/www.uartes.edu.ec\/sitio\/?p=7442"},"modified":"2024-07-04T11:36:19","modified_gmt":"2024-07-04T16:36:19","slug":"uartes-participa-en-viaje-global-y-virtual-de-areandina-por-ecuador","status":"publish","type":"post","link":"https:\/\/www.uartes.edu.ec\/sitio\/blog\/2020\/07\/13\/uartes-participa-en-viaje-global-y-virtual-de-areandina-por-ecuador\/","title":{"rendered":"UArtes participa en Viaje Global y virtual de Areandina por Ecuador"},"content":{"rendered":"\n<p>La Universidad de las Artes (UArtes) participa, junto con la Universidad Internacional del Ecuador (UIDE) y la Universidad T\u00e9cnica Particular de Loja (UTPL), en el programa \u201cViaje Global, experiencia internacional en casa\u201d, una estrategia de internacionalizaci\u00f3n concebida por Areandina, Fundaci\u00f3n Universitaria del \u00c1rea Andina, con el prop\u00f3sito de fortalecer la formaci\u00f3n de ciudadanos globales y el relacionamiento externo de la comunidad.<\/p>\n\n\n\n<p>Para la ejecuci\u00f3n de Viaje Global, Areandina articula actividades culturales y acad\u00e9micas con el apoyo y participaci\u00f3n de aliados internacionales del pa\u00eds seleccionado cada mes. Ecuador consta en la programaci\u00f3n de julio y la ruta virtual por el pa\u00eds abarca desde la informaci\u00f3n general hasta la cultural, hist\u00f3rica, econ\u00f3mica, pol\u00edtica, gastron\u00f3mica y tur\u00edstica, as\u00ed como las oportunidades acad\u00e9micas.<\/p>\n\n\n\n<p>El viaje virtual por Ecuador se inici\u00f3 el 10 de julio, con \u201cGastronom\u00eda: Regi\u00f3n y Sabor, clase en vivo de la cocina ecuatoriana\u201d, a cargo de la UIDE. Este 14 de julio, a las 16:00, se hablar\u00e1 de \u201cEcuador como destino tur\u00edstico, cultural y sostenible\u201d.<\/p>\n\n\n\n<p>El 15 de julio, a las 18:00, la literatura ecuatoriana cobrar\u00e1 protagonismo en el recorrido, mismo que ser\u00e1 guiado por la Escuela de Literatura de la UArtes. Solange Rodr\u00edguez, su directora, comenta que junto con docentes de Areandina \u201cconversaremos y haremos un paneo sobre la&nbsp;literatura del Ecuador; un mapa general de nuestras letras con \u00e9nfasis en lo contempor\u00e1neo\u201d.<\/p>\n\n\n\n<p>Con Solange Rodr\u00edguez intervendr\u00e1 el mag\u00edster Andr\u00e9s Land\u00e1zuri, director de la maestr\u00eda de Escritura&nbsp;Creativa de la UArtes.&nbsp;As\u00ed tambi\u00e9n, un grupo de estudiantes de la Escuela de Literatura ha aportado al recorrido haciendo recomendaciones de sus libros favoritos.<\/p>\n\n\n\n<p>En el Viaje Global por Ecuador est\u00e1 previsto, para el 16 de julio, el cine foro \u201cProducir en Guayaquil: El rol de la UArtes en la producci\u00f3n de cine local\u201d, a cargo de la Escuela de la Cine de la Universidad de las Artes.<\/p>\n\n\n\n<p>El periplo continuar\u00e1 el 17 de julio, a las 09:30, con \u201cInternacionalizaci\u00f3n de la investigaci\u00f3n\u201d; el 23 de julio, a las 10:00, con el cine foro \u201cDesde que bailas, \u00c1lvaro Torrelli\u201d (UIDE); el 27 de julio, a las 10:00, \u201cBuenas pr\u00e1cticas en emprendimiento de Prendho\u201d (UTPL); y, el 28 de julio, la \u201cNoche Cultural Ecuatoriana\u201d, como actividad de cierre.<\/p>\n\n\n\n<p>El Viaje Global de Areandina continuar\u00e1 los pr\u00f3ximos seis meses y entre los pa\u00edses invitados se menciona a Brasil, Argentina, Canad\u00e1, Per\u00fa y Alemania. Las actividades son&nbsp;abiertas al p\u00fablico y&nbsp;gratuitas.<\/p>\n\n\n\n<p>La participaci\u00f3n de la UArtes en Viaje Global propuesto por Areandina, Fundaci\u00f3n Universitaria del \u00c1rea Andina, ser\u00e1 compartida por Facebook y las redes de las escuelas de Literatura y Cine:<br><a href=\"https:\/\/www.facebook.com\/LiteUArtes\" target=\"_blank\" rel=\"noreferrer noopener\">https:\/\/www.facebook.com\/LiteUArtes<\/a><br><a href=\"https:\/\/www.facebook.com\/escueladecineuartesecuador\" target=\"_blank\" rel=\"noreferrer noopener\">https:\/\/www.facebook.com\/escueladecineuartesecuador<\/a><\/p>\n\n\n\n<p>Links, anuncio general de Areandina y programa Viaje Global:&nbsp;<br><a href=\"https:\/\/www.areandina.edu.co\/es\/content\/areandina-lanza-viaje-virtual-ecuador\" target=\"_blank\" rel=\"noreferrer noopener\">https:\/\/www.areandina.edu.co\/es\/content\/areandina-lanza-viaje-virtual-ecuador<\/a>&nbsp;<br><a href=\"https:\/\/www.areandina.edu.co\/sites\/default\/files\/viajeglobal_ruta.pdf\" target=\"_blank\" rel=\"noreferrer noopener\">https:\/\/www.areandina.edu.co\/sites\/default\/files\/viajeglobal_ruta.pdf<\/a><\/p>\n","protected":false},"excerpt":{"rendered":"<p>La Universidad de las Artes (UArtes) participa, junto con la Universidad Internacional del Ecuador (UIDE) y la Universidad T\u00e9cnica Particular de Loja (UTPL), en el programa \u201cViaje Global, experiencia internacional en casa\u201d, una estrategia de internacionalizaci\u00f3n concebida por Areandina, Fundaci\u00f3n Universitaria del \u00c1rea Andina, con el prop\u00f3sito de fortalecer la formaci\u00f3n de ciudadanos globales y el relacionamiento externo de la comunidad.<\/p>\n","protected":false},"author":1,"featured_media":7443,"comment_status":"closed","ping_status":"closed","sticky":false,"template":"","format":"standard","meta":{"_acf_changed":false,"_uag_custom_page_level_css":"","_monsterinsights_skip_tracking":false,"_monsterinsights_sitenote_active":false,"_monsterinsights_sitenote_note":"","_monsterinsights_sitenote_category":0,"cybocfi_hide_featured_image":"","footnotes":""},"categories":[80,77,175],"tags":[211],"infouartes":[],"class_list":["post-7442","post","type-post","status-publish","format-standard","has-post-thumbnail","hentry","category-academico","category-gestion","category-literatura","tag-covid19"],"acf":[],"yoast_head":"<!-- This site is optimized with the Yoast SEO plugin v27.4 - https:\/\/yoast.com\/product\/yoast-seo-wordpress\/ -->\n<title>Universidad de las Artes - UArtes participa en Viaje Global y virtual de Areandina por Ecuador<\/title>\n<meta name=\"description\" content=\"Universidad de las Artes - UArtes participa en Viaje Global y virtual de Areandina por Ecuador\" \/>\n<meta name=\"robots\" content=\"index, follow, max-snippet:-1, max-image-preview:large, max-video-preview:-1\" \/>\n<link rel=\"canonical\" href=\"https:\/\/www.uartes.edu.ec\/sitio\/blog\/2020\/07\/13\/uartes-participa-en-viaje-global-y-virtual-de-areandina-por-ecuador\/\" \/>\n<meta property=\"og:locale\" content=\"es_ES\" \/>\n<meta property=\"og:type\" content=\"article\" \/>\n<meta property=\"og:title\" content=\"Universidad de las Artes - UArtes participa en Viaje Global y virtual de Areandina por Ecuador\" \/>\n<meta property=\"og:description\" content=\"Universidad de las Artes - UArtes participa en Viaje Global y virtual de Areandina por Ecuador\" \/>\n<meta property=\"og:url\" content=\"https:\/\/www.uartes.edu.ec\/sitio\/blog\/2020\/07\/13\/uartes-participa-en-viaje-global-y-virtual-de-areandina-por-ecuador\/\" \/>\n<meta property=\"og:site_name\" content=\"Universidad de las Artes\" \/>\n<meta property=\"article:publisher\" content=\"https:\/\/www.facebook.com\/uartesec\" \/>\n<meta property=\"article:published_time\" content=\"2020-07-13T19:19:38+00:00\" \/>\n<meta property=\"article:modified_time\" content=\"2024-07-04T16:36:19+00:00\" \/>\n<meta property=\"og:image\" content=\"https:\/\/www.uartes.edu.ec\/sitio\/wp-content\/uploads\/2020\/07\/IMAGEN.jpg\" \/>\n\t<meta property=\"og:image:width\" content=\"1429\" \/>\n\t<meta property=\"og:image:height\" content=\"952\" \/>\n\t<meta property=\"og:image:type\" content=\"image\/jpeg\" \/>\n<meta name=\"author\" content=\"Universidad de las Artes\" \/>\n<meta name=\"twitter:card\" content=\"summary_large_image\" \/>\n<meta name=\"twitter:creator\" content=\"@uartesec\" \/>\n<meta name=\"twitter:site\" content=\"@uartesec\" \/>\n<meta name=\"twitter:label1\" content=\"Escrito por\" \/>\n\t<meta name=\"twitter:data1\" content=\"Universidad de las Artes\" \/>\n\t<meta name=\"twitter:label2\" content=\"Tiempo de lectura\" \/>\n\t<meta name=\"twitter:data2\" content=\"2 minutos\" \/>\n<script type=\"application\/ld+json\" class=\"yoast-schema-graph\">{\"@context\":\"https:\\\/\\\/schema.org\",\"@graph\":[{\"@type\":\"Article\",\"@id\":\"https:\\\/\\\/www.uartes.edu.ec\\\/sitio\\\/blog\\\/2020\\\/07\\\/13\\\/uartes-participa-en-viaje-global-y-virtual-de-areandina-por-ecuador\\\/#article\",\"isPartOf\":{\"@id\":\"https:\\\/\\\/www.uartes.edu.ec\\\/sitio\\\/blog\\\/2020\\\/07\\\/13\\\/uartes-participa-en-viaje-global-y-virtual-de-areandina-por-ecuador\\\/\"},\"author\":{\"name\":\"Universidad de las Artes\",\"@id\":\"https:\\\/\\\/www.uartes.edu.ec\\\/sitio\\\/#\\\/schema\\\/person\\\/f33f8c1d2af0d5c80a38c8abf458184a\"},\"headline\":\"UArtes participa en Viaje Global y virtual de Areandina por Ecuador\",\"datePublished\":\"2020-07-13T19:19:38+00:00\",\"dateModified\":\"2024-07-04T16:36:19+00:00\",\"mainEntityOfPage\":{\"@id\":\"https:\\\/\\\/www.uartes.edu.ec\\\/sitio\\\/blog\\\/2020\\\/07\\\/13\\\/uartes-participa-en-viaje-global-y-virtual-de-areandina-por-ecuador\\\/\"},\"wordCount\":508,\"publisher\":{\"@id\":\"https:\\\/\\\/www.uartes.edu.ec\\\/sitio\\\/#organization\"},\"image\":{\"@id\":\"https:\\\/\\\/www.uartes.edu.ec\\\/sitio\\\/blog\\\/2020\\\/07\\\/13\\\/uartes-participa-en-viaje-global-y-virtual-de-areandina-por-ecuador\\\/#primaryimage\"},\"thumbnailUrl\":\"https:\\\/\\\/www.uartes.edu.ec\\\/sitio\\\/wp-content\\\/uploads\\\/2020\\\/07\\\/IMAGEN.jpg\",\"keywords\":[\"covid19\"],\"articleSection\":[\"Acad\u00e9mico\",\"Gesti\u00f3n\",\"Literatura\"],\"inLanguage\":\"es\"},{\"@type\":[\"WebPage\",\"ItemPage\"],\"@id\":\"https:\\\/\\\/www.uartes.edu.ec\\\/sitio\\\/blog\\\/2020\\\/07\\\/13\\\/uartes-participa-en-viaje-global-y-virtual-de-areandina-por-ecuador\\\/\",\"url\":\"https:\\\/\\\/www.uartes.edu.ec\\\/sitio\\\/blog\\\/2020\\\/07\\\/13\\\/uartes-participa-en-viaje-global-y-virtual-de-areandina-por-ecuador\\\/\",\"name\":\"Universidad de las Artes - UArtes participa en Viaje Global y virtual de Areandina por Ecuador\",\"isPartOf\":{\"@id\":\"https:\\\/\\\/www.uartes.edu.ec\\\/sitio\\\/#website\"},\"primaryImageOfPage\":{\"@id\":\"https:\\\/\\\/www.uartes.edu.ec\\\/sitio\\\/blog\\\/2020\\\/07\\\/13\\\/uartes-participa-en-viaje-global-y-virtual-de-areandina-por-ecuador\\\/#primaryimage\"},\"image\":{\"@id\":\"https:\\\/\\\/www.uartes.edu.ec\\\/sitio\\\/blog\\\/2020\\\/07\\\/13\\\/uartes-participa-en-viaje-global-y-virtual-de-areandina-por-ecuador\\\/#primaryimage\"},\"thumbnailUrl\":\"https:\\\/\\\/www.uartes.edu.ec\\\/sitio\\\/wp-content\\\/uploads\\\/2020\\\/07\\\/IMAGEN.jpg\",\"datePublished\":\"2020-07-13T19:19:38+00:00\",\"dateModified\":\"2024-07-04T16:36:19+00:00\",\"description\":\"Universidad de las Artes - UArtes participa en Viaje Global y virtual de Areandina por Ecuador\",\"breadcrumb\":{\"@id\":\"https:\\\/\\\/www.uartes.edu.ec\\\/sitio\\\/blog\\\/2020\\\/07\\\/13\\\/uartes-participa-en-viaje-global-y-virtual-de-areandina-por-ecuador\\\/#breadcrumb\"},\"inLanguage\":\"es\",\"potentialAction\":[{\"@type\":\"ReadAction\",\"target\":[\"https:\\\/\\\/www.uartes.edu.ec\\\/sitio\\\/blog\\\/2020\\\/07\\\/13\\\/uartes-participa-en-viaje-global-y-virtual-de-areandina-por-ecuador\\\/\"]}]},{\"@type\":\"ImageObject\",\"inLanguage\":\"es\",\"@id\":\"https:\\\/\\\/www.uartes.edu.ec\\\/sitio\\\/blog\\\/2020\\\/07\\\/13\\\/uartes-participa-en-viaje-global-y-virtual-de-areandina-por-ecuador\\\/#primaryimage\",\"url\":\"https:\\\/\\\/www.uartes.edu.ec\\\/sitio\\\/wp-content\\\/uploads\\\/2020\\\/07\\\/IMAGEN.jpg\",\"contentUrl\":\"https:\\\/\\\/www.uartes.edu.ec\\\/sitio\\\/wp-content\\\/uploads\\\/2020\\\/07\\\/IMAGEN.jpg\",\"width\":1429,\"height\":952},{\"@type\":\"BreadcrumbList\",\"@id\":\"https:\\\/\\\/www.uartes.edu.ec\\\/sitio\\\/blog\\\/2020\\\/07\\\/13\\\/uartes-participa-en-viaje-global-y-virtual-de-areandina-por-ecuador\\\/#breadcrumb\",\"itemListElement\":[{\"@type\":\"ListItem\",\"position\":1,\"name\":\"Inicio\",\"item\":\"https:\\\/\\\/www.uartes.edu.ec\\\/sitio\\\/\"},{\"@type\":\"ListItem\",\"position\":2,\"name\":\"UArtes participa en Viaje Global y virtual de Areandina por Ecuador\"}]},{\"@type\":\"WebSite\",\"@id\":\"https:\\\/\\\/www.uartes.edu.ec\\\/sitio\\\/#website\",\"url\":\"https:\\\/\\\/www.uartes.edu.ec\\\/sitio\\\/\",\"name\":\"Universidad de las Artes\",\"description\":\"Sitio oficial de la Universidad Nacional de las Artes del Ecuador\",\"publisher\":{\"@id\":\"https:\\\/\\\/www.uartes.edu.ec\\\/sitio\\\/#organization\"},\"potentialAction\":[{\"@type\":\"SearchAction\",\"target\":{\"@type\":\"EntryPoint\",\"urlTemplate\":\"https:\\\/\\\/www.uartes.edu.ec\\\/sitio\\\/?s={search_term_string}\"},\"query-input\":{\"@type\":\"PropertyValueSpecification\",\"valueRequired\":true,\"valueName\":\"search_term_string\"}}],\"inLanguage\":\"es\"},{\"@type\":\"Organization\",\"@id\":\"https:\\\/\\\/www.uartes.edu.ec\\\/sitio\\\/#organization\",\"name\":\"Universidad de las Artes\",\"url\":\"https:\\\/\\\/www.uartes.edu.ec\\\/sitio\\\/\",\"logo\":{\"@type\":\"ImageObject\",\"inLanguage\":\"es\",\"@id\":\"https:\\\/\\\/www.uartes.edu.ec\\\/sitio\\\/#\\\/schema\\\/logo\\\/image\\\/\",\"url\":\"https:\\\/\\\/www.uartes.edu.ec\\\/sitio\\\/wp-content\\\/uploads\\\/2022\\\/07\\\/logo-ua-horizontal.png\",\"contentUrl\":\"https:\\\/\\\/www.uartes.edu.ec\\\/sitio\\\/wp-content\\\/uploads\\\/2022\\\/07\\\/logo-ua-horizontal.png\",\"width\":800,\"height\":276,\"caption\":\"Universidad de las Artes\"},\"image\":{\"@id\":\"https:\\\/\\\/www.uartes.edu.ec\\\/sitio\\\/#\\\/schema\\\/logo\\\/image\\\/\"},\"sameAs\":[\"https:\\\/\\\/www.facebook.com\\\/uartesec\",\"https:\\\/\\\/x.com\\\/uartesec\",\"https:\\\/\\\/www.tiktok.com\\\/@uartesec\"]},{\"@type\":\"Person\",\"@id\":\"https:\\\/\\\/www.uartes.edu.ec\\\/sitio\\\/#\\\/schema\\\/person\\\/f33f8c1d2af0d5c80a38c8abf458184a\",\"name\":\"Universidad de las Artes\",\"image\":{\"@type\":\"ImageObject\",\"inLanguage\":\"es\",\"@id\":\"https:\\\/\\\/secure.gravatar.com\\\/avatar\\\/52e4757902f5cfa5ac52d020e5be83cae5487519154b6c35482fe08d589f3c13?s=96&d=mm&r=g\",\"url\":\"https:\\\/\\\/secure.gravatar.com\\\/avatar\\\/52e4757902f5cfa5ac52d020e5be83cae5487519154b6c35482fe08d589f3c13?s=96&d=mm&r=g\",\"contentUrl\":\"https:\\\/\\\/secure.gravatar.com\\\/avatar\\\/52e4757902f5cfa5ac52d020e5be83cae5487519154b6c35482fe08d589f3c13?s=96&d=mm&r=g\",\"caption\":\"Universidad de las Artes\"},\"url\":\"https:\\\/\\\/www.uartes.edu.ec\\\/sitio\\\/blog\\\/author\\\/dircomadm\\\/\"}]}<\/script>\n<!-- \/ Yoast SEO plugin. -->","yoast_head_json":{"title":"Universidad de las Artes - UArtes participa en Viaje Global y virtual de Areandina por Ecuador","description":"Universidad de las Artes - UArtes participa en Viaje Global y virtual de Areandina por Ecuador","robots":{"index":"index","follow":"follow","max-snippet":"max-snippet:-1","max-image-preview":"max-image-preview:large","max-video-preview":"max-video-preview:-1"},"canonical":"https:\/\/www.uartes.edu.ec\/sitio\/blog\/2020\/07\/13\/uartes-participa-en-viaje-global-y-virtual-de-areandina-por-ecuador\/","og_locale":"es_ES","og_type":"article","og_title":"Universidad de las Artes - UArtes participa en Viaje Global y virtual de Areandina por Ecuador","og_description":"Universidad de las Artes - UArtes participa en Viaje Global y virtual de Areandina por Ecuador","og_url":"https:\/\/www.uartes.edu.ec\/sitio\/blog\/2020\/07\/13\/uartes-participa-en-viaje-global-y-virtual-de-areandina-por-ecuador\/","og_site_name":"Universidad de las Artes","article_publisher":"https:\/\/www.facebook.com\/uartesec","article_published_time":"2020-07-13T19:19:38+00:00","article_modified_time":"2024-07-04T16:36:19+00:00","og_image":[{"width":1429,"height":952,"url":"https:\/\/www.uartes.edu.ec\/sitio\/wp-content\/uploads\/2020\/07\/IMAGEN.jpg","type":"image\/jpeg"}],"author":"Universidad de las Artes","twitter_card":"summary_large_image","twitter_creator":"@uartesec","twitter_site":"@uartesec","twitter_misc":{"Escrito por":"Universidad de las Artes","Tiempo de lectura":"2 minutos"},"schema":{"@context":"https:\/\/schema.org","@graph":[{"@type":"Article","@id":"https:\/\/www.uartes.edu.ec\/sitio\/blog\/2020\/07\/13\/uartes-participa-en-viaje-global-y-virtual-de-areandina-por-ecuador\/#article","isPartOf":{"@id":"https:\/\/www.uartes.edu.ec\/sitio\/blog\/2020\/07\/13\/uartes-participa-en-viaje-global-y-virtual-de-areandina-por-ecuador\/"},"author":{"name":"Universidad de las Artes","@id":"https:\/\/www.uartes.edu.ec\/sitio\/#\/schema\/person\/f33f8c1d2af0d5c80a38c8abf458184a"},"headline":"UArtes participa en Viaje Global y virtual de Areandina por Ecuador","datePublished":"2020-07-13T19:19:38+00:00","dateModified":"2024-07-04T16:36:19+00:00","mainEntityOfPage":{"@id":"https:\/\/www.uartes.edu.ec\/sitio\/blog\/2020\/07\/13\/uartes-participa-en-viaje-global-y-virtual-de-areandina-por-ecuador\/"},"wordCount":508,"publisher":{"@id":"https:\/\/www.uartes.edu.ec\/sitio\/#organization"},"image":{"@id":"https:\/\/www.uartes.edu.ec\/sitio\/blog\/2020\/07\/13\/uartes-participa-en-viaje-global-y-virtual-de-areandina-por-ecuador\/#primaryimage"},"thumbnailUrl":"https:\/\/www.uartes.edu.ec\/sitio\/wp-content\/uploads\/2020\/07\/IMAGEN.jpg","keywords":["covid19"],"articleSection":["Acad\u00e9mico","Gesti\u00f3n","Literatura"],"inLanguage":"es"},{"@type":["WebPage","ItemPage"],"@id":"https:\/\/www.uartes.edu.ec\/sitio\/blog\/2020\/07\/13\/uartes-participa-en-viaje-global-y-virtual-de-areandina-por-ecuador\/","url":"https:\/\/www.uartes.edu.ec\/sitio\/blog\/2020\/07\/13\/uartes-participa-en-viaje-global-y-virtual-de-areandina-por-ecuador\/","name":"Universidad de las Artes - UArtes participa en Viaje Global y virtual de Areandina por Ecuador","isPartOf":{"@id":"https:\/\/www.uartes.edu.ec\/sitio\/#website"},"primaryImageOfPage":{"@id":"https:\/\/www.uartes.edu.ec\/sitio\/blog\/2020\/07\/13\/uartes-participa-en-viaje-global-y-virtual-de-areandina-por-ecuador\/#primaryimage"},"image":{"@id":"https:\/\/www.uartes.edu.ec\/sitio\/blog\/2020\/07\/13\/uartes-participa-en-viaje-global-y-virtual-de-areandina-por-ecuador\/#primaryimage"},"thumbnailUrl":"https:\/\/www.uartes.edu.ec\/sitio\/wp-content\/uploads\/2020\/07\/IMAGEN.jpg","datePublished":"2020-07-13T19:19:38+00:00","dateModified":"2024-07-04T16:36:19+00:00","description":"Universidad de las Artes - UArtes participa en Viaje Global y virtual de Areandina por Ecuador","breadcrumb":{"@id":"https:\/\/www.uartes.edu.ec\/sitio\/blog\/2020\/07\/13\/uartes-participa-en-viaje-global-y-virtual-de-areandina-por-ecuador\/#breadcrumb"},"inLanguage":"es","potentialAction":[{"@type":"ReadAction","target":["https:\/\/www.uartes.edu.ec\/sitio\/blog\/2020\/07\/13\/uartes-participa-en-viaje-global-y-virtual-de-areandina-por-ecuador\/"]}]},{"@type":"ImageObject","inLanguage":"es","@id":"https:\/\/www.uartes.edu.ec\/sitio\/blog\/2020\/07\/13\/uartes-participa-en-viaje-global-y-virtual-de-areandina-por-ecuador\/#primaryimage","url":"https:\/\/www.uartes.edu.ec\/sitio\/wp-content\/uploads\/2020\/07\/IMAGEN.jpg","contentUrl":"https:\/\/www.uartes.edu.ec\/sitio\/wp-content\/uploads\/2020\/07\/IMAGEN.jpg","width":1429,"height":952},{"@type":"BreadcrumbList","@id":"https:\/\/www.uartes.edu.ec\/sitio\/blog\/2020\/07\/13\/uartes-participa-en-viaje-global-y-virtual-de-areandina-por-ecuador\/#breadcrumb","itemListElement":[{"@type":"ListItem","position":1,"name":"Inicio","item":"https:\/\/www.uartes.edu.ec\/sitio\/"},{"@type":"ListItem","position":2,"name":"UArtes participa en Viaje Global y virtual de Areandina por Ecuador"}]},{"@type":"WebSite","@id":"https:\/\/www.uartes.edu.ec\/sitio\/#website","url":"https:\/\/www.uartes.edu.ec\/sitio\/","name":"Universidad de las Artes","description":"Sitio oficial de la Universidad Nacional de las Artes del Ecuador","publisher":{"@id":"https:\/\/www.uartes.edu.ec\/sitio\/#organization"},"potentialAction":[{"@type":"SearchAction","target":{"@type":"EntryPoint","urlTemplate":"https:\/\/www.uartes.edu.ec\/sitio\/?s={search_term_string}"},"query-input":{"@type":"PropertyValueSpecification","valueRequired":true,"valueName":"search_term_string"}}],"inLanguage":"es"},{"@type":"Organization","@id":"https:\/\/www.uartes.edu.ec\/sitio\/#organization","name":"Universidad de las Artes","url":"https:\/\/www.uartes.edu.ec\/sitio\/","logo":{"@type":"ImageObject","inLanguage":"es","@id":"https:\/\/www.uartes.edu.ec\/sitio\/#\/schema\/logo\/image\/","url":"https:\/\/www.uartes.edu.ec\/sitio\/wp-content\/uploads\/2022\/07\/logo-ua-horizontal.png","contentUrl":"https:\/\/www.uartes.edu.ec\/sitio\/wp-content\/uploads\/2022\/07\/logo-ua-horizontal.png","width":800,"height":276,"caption":"Universidad de las Artes"},"image":{"@id":"https:\/\/www.uartes.edu.ec\/sitio\/#\/schema\/logo\/image\/"},"sameAs":["https:\/\/www.facebook.com\/uartesec","https:\/\/x.com\/uartesec","https:\/\/www.tiktok.com\/@uartesec"]},{"@type":"Person","@id":"https:\/\/www.uartes.edu.ec\/sitio\/#\/schema\/person\/f33f8c1d2af0d5c80a38c8abf458184a","name":"Universidad de las Artes","image":{"@type":"ImageObject","inLanguage":"es","@id":"https:\/\/secure.gravatar.com\/avatar\/52e4757902f5cfa5ac52d020e5be83cae5487519154b6c35482fe08d589f3c13?s=96&d=mm&r=g","url":"https:\/\/secure.gravatar.com\/avatar\/52e4757902f5cfa5ac52d020e5be83cae5487519154b6c35482fe08d589f3c13?s=96&d=mm&r=g","contentUrl":"https:\/\/secure.gravatar.com\/avatar\/52e4757902f5cfa5ac52d020e5be83cae5487519154b6c35482fe08d589f3c13?s=96&d=mm&r=g","caption":"Universidad de las Artes"},"url":"https:\/\/www.uartes.edu.ec\/sitio\/blog\/author\/dircomadm\/"}]}},"uagb_featured_image_src":{"full":["https:\/\/www.uartes.edu.ec\/sitio\/wp-content\/uploads\/2020\/07\/IMAGEN.jpg",1429,952,false],"thumbnail":["https:\/\/www.uartes.edu.ec\/sitio\/wp-content\/uploads\/2020\/07\/IMAGEN-150x150.jpg",150,150,true],"medium":["https:\/\/www.uartes.edu.ec\/sitio\/wp-content\/uploads\/2020\/07\/IMAGEN-300x200.jpg",300,200,true],"medium_large":["https:\/\/www.uartes.edu.ec\/sitio\/wp-content\/uploads\/2020\/07\/IMAGEN-768x512.jpg",768,512,true],"large":["https:\/\/www.uartes.edu.ec\/sitio\/wp-content\/uploads\/2020\/07\/IMAGEN-644x429.jpg",644,429,true],"1536x1536":["https:\/\/www.uartes.edu.ec\/sitio\/wp-content\/uploads\/2020\/07\/IMAGEN.jpg",1429,952,false],"2048x2048":["https:\/\/www.uartes.edu.ec\/sitio\/wp-content\/uploads\/2020\/07\/IMAGEN.jpg",1429,952,false],"trp-custom-language-flag":["https:\/\/www.uartes.edu.ec\/sitio\/wp-content\/uploads\/2020\/07\/IMAGEN.jpg",18,12,false],"htmega_size_585x295":["https:\/\/www.uartes.edu.ec\/sitio\/wp-content\/uploads\/2020\/07\/IMAGEN.jpg",443,295,false],"htmega_size_1170x536":["https:\/\/www.uartes.edu.ec\/sitio\/wp-content\/uploads\/2020\/07\/IMAGEN.jpg",805,536,false],"htmega_size_396x360":["https:\/\/www.uartes.edu.ec\/sitio\/wp-content\/uploads\/2020\/07\/IMAGEN.jpg",396,264,false],"gb-block-post-grid-landscape":["https:\/\/www.uartes.edu.ec\/sitio\/wp-content\/uploads\/2020\/07\/IMAGEN.jpg",600,400,false],"gb-block-post-grid-square":["https:\/\/www.uartes.edu.ec\/sitio\/wp-content\/uploads\/2020\/07\/IMAGEN.jpg",600,400,false],"university-hub-thumb":["https:\/\/www.uartes.edu.ec\/sitio\/wp-content\/uploads\/2020\/07\/IMAGEN-400x266.jpg",400,266,true]},"uagb_author_info":{"display_name":"Universidad de las Artes","author_link":"https:\/\/www.uartes.edu.ec\/sitio\/blog\/author\/dircomadm\/"},"uagb_comment_info":0,"uagb_excerpt":"La Universidad de las Artes (UArtes) participa, junto con la Universidad Internacional del Ecuador (UIDE) y la Universidad T\u00e9cnica Particular de Loja (UTPL), en el programa \u201cViaje Global, experiencia internacional en casa\u201d, una estrategia de internacionalizaci\u00f3n concebida por Areandina, Fundaci\u00f3n Universitaria del \u00c1rea Andina, con el prop\u00f3sito de fortalecer la formaci\u00f3n de ciudadanos globales y&hellip;","featured_image_src":"https:\/\/www.uartes.edu.ec\/sitio\/wp-content\/uploads\/2020\/07\/IMAGEN.jpg","featured_image_src_square":"https:\/\/www.uartes.edu.ec\/sitio\/wp-content\/uploads\/2020\/07\/IMAGEN.jpg","author_info":{"display_name":"Universidad de las Artes","author_link":"https:\/\/www.uartes.edu.ec\/sitio\/blog\/author\/dircomadm\/"},"publishpress_future_workflow_manual_trigger":{"enabledWorkflows":[]},"distributor_meta":false,"distributor_terms":false,"distributor_media":false,"distributor_original_site_name":"Universidad de las Artes","distributor_original_site_url":"https:\/\/www.uartes.edu.ec\/sitio","push-errors":false,"_links":{"self":[{"href":"https:\/\/www.uartes.edu.ec\/sitio\/wp-json\/wp\/v2\/posts\/7442","targetHints":{"allow":["GET"]}}],"collection":[{"href":"https:\/\/www.uartes.edu.ec\/sitio\/wp-json\/wp\/v2\/posts"}],"about":[{"href":"https:\/\/www.uartes.edu.ec\/sitio\/wp-json\/wp\/v2\/types\/post"}],"author":[{"embeddable":true,"href":"https:\/\/www.uartes.edu.ec\/sitio\/wp-json\/wp\/v2\/users\/1"}],"replies":[{"embeddable":true,"href":"https:\/\/www.uartes.edu.ec\/sitio\/wp-json\/wp\/v2\/comments?post=7442"}],"version-history":[{"count":1,"href":"https:\/\/www.uartes.edu.ec\/sitio\/wp-json\/wp\/v2\/posts\/7442\/revisions"}],"predecessor-version":[{"id":7444,"href":"https:\/\/www.uartes.edu.ec\/sitio\/wp-json\/wp\/v2\/posts\/7442\/revisions\/7444"}],"wp:featuredmedia":[{"embeddable":true,"href":"https:\/\/www.uartes.edu.ec\/sitio\/wp-json\/wp\/v2\/media\/7443"}],"wp:attachment":[{"href":"https:\/\/www.uartes.edu.ec\/sitio\/wp-json\/wp\/v2\/media?parent=7442"}],"wp:term":[{"taxonomy":"category","embeddable":true,"href":"https:\/\/www.uartes.edu.ec\/sitio\/wp-json\/wp\/v2\/categories?post=7442"},{"taxonomy":"post_tag","embeddable":true,"href":"https:\/\/www.uartes.edu.ec\/sitio\/wp-json\/wp\/v2\/tags?post=7442"},{"taxonomy":"infouartes","embeddable":true,"href":"https:\/\/www.uartes.edu.ec\/sitio\/wp-json\/wp\/v2\/infouartes?post=7442"}],"curies":[{"name":"wp","href":"https:\/\/api.w.org\/{rel}","templated":true}]}}