{"id":74663,"date":"2025-07-03T19:02:00","date_gmt":"2025-07-04T00:02:00","guid":{"rendered":"https:\/\/www.uartes.edu.ec\/sitio\/?p=74663"},"modified":"2025-07-12T18:40:38","modified_gmt":"2025-07-12T23:40:38","slug":"con-ceremonia-de-ritos-ancestrales-se-celebro-en-la-uartes-el-inti-raymi","status":"publish","type":"post","link":"https:\/\/www.uartes.edu.ec\/sitio\/blog\/2025\/07\/03\/con-ceremonia-de-ritos-ancestrales-se-celebro-en-la-uartes-el-inti-raymi\/","title":{"rendered":"Con ceremonia de ritos ancestrales se celebr\u00f3 en la UArtes el Inti Raymi"},"content":{"rendered":"\n<p>El Inti Raymi o la Fiesta del Sol y la Cosecha, la m\u00e1s importante del Imperio Inca para celebrar el solsticio de invierno, tuvo su conmemoraci\u00f3n en la Universidad de las Artes. La Secretar\u00eda de Bienestar Universitario (SBU) la organiz\u00f3 ayer, mi\u00e9rcoles 2 de julio, en el Pasaje Illingworth del antiguo Palacio de la Gobernaci\u00f3n, nuestra sede matriz.<\/p>\n\n\n\n<p>Convocada tambi\u00e9n como una actividad de integraci\u00f3n, el Inti Raymi (cuya fecha de celebraci\u00f3n en Ecuador es el 21 de junio de cada a\u00f1o) tuvo como sacerdote a Oswaldo Huilcapi Fajardo, danzante ancestral, gestor cultural, folclorista e investigador oriundo de la provincia de Chimborazo. Lo acompa\u00f1\u00f3 en el rito Sonia Ch\u00e1vez, tambi\u00e9n de Riobamba, quien en la UArtes cursa la carrera de Artes Musicales y Sonoras.<\/p>\n\n\n\n<p>Ch\u00e1vez brind\u00f3 las palabras de apertura al Inti Raymi y junto a Oswaldo Huilcapi dieron voz a los rituales con relatos ancestrales. Se tocaron melod\u00edas con instrumentos artesanales y en una danza compartida entre sabidur\u00eda y juventud los asistentes fueron invitados y guiados a participar en cuatro ritos solares.<\/p>\n\n\n<div class=\"wp-block-image\">\n<figure class=\"aligncenter size-large\"><img fetchpriority=\"high\" decoding=\"async\" width=\"644\" height=\"429\" src=\"https:\/\/www.uartes.edu.ec\/sitio\/wp-content\/uploads\/2025\/07\/Proyecto-Cambiar-tamano-de-imagen-2025-07-04T174058.680-644x429.jpeg\" alt=\"\" class=\"wp-image-74665\" srcset=\"https:\/\/www.uartes.edu.ec\/sitio\/wp-content\/uploads\/2025\/07\/Proyecto-Cambiar-tamano-de-imagen-2025-07-04T174058.680-644x429.jpeg 644w, https:\/\/www.uartes.edu.ec\/sitio\/wp-content\/uploads\/2025\/07\/Proyecto-Cambiar-tamano-de-imagen-2025-07-04T174058.680-300x200.jpeg 300w, https:\/\/www.uartes.edu.ec\/sitio\/wp-content\/uploads\/2025\/07\/Proyecto-Cambiar-tamano-de-imagen-2025-07-04T174058.680-768x512.jpeg 768w, https:\/\/www.uartes.edu.ec\/sitio\/wp-content\/uploads\/2025\/07\/Proyecto-Cambiar-tamano-de-imagen-2025-07-04T174058.680-1536x1024.jpeg 1536w, https:\/\/www.uartes.edu.ec\/sitio\/wp-content\/uploads\/2025\/07\/Proyecto-Cambiar-tamano-de-imagen-2025-07-04T174058.680-18x12.jpeg 18w, https:\/\/www.uartes.edu.ec\/sitio\/wp-content\/uploads\/2025\/07\/Proyecto-Cambiar-tamano-de-imagen-2025-07-04T174058.680-600x400.jpeg 600w, https:\/\/www.uartes.edu.ec\/sitio\/wp-content\/uploads\/2025\/07\/Proyecto-Cambiar-tamano-de-imagen-2025-07-04T174058.680-400x267.jpeg 400w, https:\/\/www.uartes.edu.ec\/sitio\/wp-content\/uploads\/2025\/07\/Proyecto-Cambiar-tamano-de-imagen-2025-07-04T174058.680.jpeg 2000w\" sizes=\"(max-width: 644px) 100vw, 644px\" \/><\/figure>\n<\/div>\n\n\n<p>Cada rito represent\u00f3 un momento del ciclo agr\u00edcola y espiritual del a\u00f1o andino: el fin del ciclo, el nuevo comienzo, la siembra del esp\u00edritu y el compromiso con la tierra.<\/p>\n\n\n\n<p>Hubo un momento particularmente simb\u00f3lico cuando los presentes se inclinaron a pedir permiso a la Pachamama para beber un vaso con agua. El silencio fue profundo. Luego, como ofrenda y gesto de abundancia, se repartieron mandarinas, naranjas y folletos con saberes tradicionales a quienes respond\u00edan a las preguntas de la oratoria. Era un acto de di\u00e1logo entre generaciones, entre tradici\u00f3n y presente.<\/p>\n\n\n\n<p>Todos danzaron en c\u00edrculo alrededor del ritual para enviar intenciones de bendici\u00f3n no solo para Ecuador, sino tambi\u00e9n para Colombia, Bolivia, M\u00e9xico y Uruguay. Hubo entonces un \u00faltimo rezo en kichwa y la despedida. En el Inti Raymi particip\u00f3 la comunidad universitaria, as\u00ed como el p\u00fablico que transitaba por el Pasaje Illingworth y decidi\u00f3 sumarse a la celebraci\u00f3n.<\/p>\n\n\n\n<figure class=\"wp-block-gallery has-nested-images columns-default is-cropped wp-block-gallery-1 is-layout-flex wp-block-gallery-is-layout-flex\">\n<figure class=\"wp-block-image size-large\"><img decoding=\"async\" width=\"644\" height=\"429\" data-id=\"74667\" src=\"https:\/\/www.uartes.edu.ec\/sitio\/wp-content\/uploads\/2025\/07\/Proyecto-Cambiar-tamano-de-imagen-2025-07-04T173724.298-644x429.jpeg\" alt=\"\" class=\"wp-image-74667\" srcset=\"https:\/\/www.uartes.edu.ec\/sitio\/wp-content\/uploads\/2025\/07\/Proyecto-Cambiar-tamano-de-imagen-2025-07-04T173724.298-644x429.jpeg 644w, https:\/\/www.uartes.edu.ec\/sitio\/wp-content\/uploads\/2025\/07\/Proyecto-Cambiar-tamano-de-imagen-2025-07-04T173724.298-300x200.jpeg 300w, https:\/\/www.uartes.edu.ec\/sitio\/wp-content\/uploads\/2025\/07\/Proyecto-Cambiar-tamano-de-imagen-2025-07-04T173724.298-768x512.jpeg 768w, https:\/\/www.uartes.edu.ec\/sitio\/wp-content\/uploads\/2025\/07\/Proyecto-Cambiar-tamano-de-imagen-2025-07-04T173724.298-1536x1024.jpeg 1536w, https:\/\/www.uartes.edu.ec\/sitio\/wp-content\/uploads\/2025\/07\/Proyecto-Cambiar-tamano-de-imagen-2025-07-04T173724.298-18x12.jpeg 18w, https:\/\/www.uartes.edu.ec\/sitio\/wp-content\/uploads\/2025\/07\/Proyecto-Cambiar-tamano-de-imagen-2025-07-04T173724.298-600x400.jpeg 600w, https:\/\/www.uartes.edu.ec\/sitio\/wp-content\/uploads\/2025\/07\/Proyecto-Cambiar-tamano-de-imagen-2025-07-04T173724.298-400x267.jpeg 400w, https:\/\/www.uartes.edu.ec\/sitio\/wp-content\/uploads\/2025\/07\/Proyecto-Cambiar-tamano-de-imagen-2025-07-04T173724.298.jpeg 2000w\" sizes=\"(max-width: 644px) 100vw, 644px\" \/><\/figure>\n\n\n\n<figure class=\"wp-block-image size-large\"><img decoding=\"async\" width=\"644\" height=\"429\" data-id=\"74666\" src=\"https:\/\/www.uartes.edu.ec\/sitio\/wp-content\/uploads\/2025\/07\/Proyecto-Cambiar-tamano-de-imagen-2025-07-04T172831.935-644x429.jpeg\" alt=\"\" class=\"wp-image-74666\" srcset=\"https:\/\/www.uartes.edu.ec\/sitio\/wp-content\/uploads\/2025\/07\/Proyecto-Cambiar-tamano-de-imagen-2025-07-04T172831.935-644x429.jpeg 644w, https:\/\/www.uartes.edu.ec\/sitio\/wp-content\/uploads\/2025\/07\/Proyecto-Cambiar-tamano-de-imagen-2025-07-04T172831.935-300x200.jpeg 300w, https:\/\/www.uartes.edu.ec\/sitio\/wp-content\/uploads\/2025\/07\/Proyecto-Cambiar-tamano-de-imagen-2025-07-04T172831.935-768x512.jpeg 768w, https:\/\/www.uartes.edu.ec\/sitio\/wp-content\/uploads\/2025\/07\/Proyecto-Cambiar-tamano-de-imagen-2025-07-04T172831.935-1536x1024.jpeg 1536w, https:\/\/www.uartes.edu.ec\/sitio\/wp-content\/uploads\/2025\/07\/Proyecto-Cambiar-tamano-de-imagen-2025-07-04T172831.935-18x12.jpeg 18w, https:\/\/www.uartes.edu.ec\/sitio\/wp-content\/uploads\/2025\/07\/Proyecto-Cambiar-tamano-de-imagen-2025-07-04T172831.935-600x400.jpeg 600w, https:\/\/www.uartes.edu.ec\/sitio\/wp-content\/uploads\/2025\/07\/Proyecto-Cambiar-tamano-de-imagen-2025-07-04T172831.935-400x267.jpeg 400w, https:\/\/www.uartes.edu.ec\/sitio\/wp-content\/uploads\/2025\/07\/Proyecto-Cambiar-tamano-de-imagen-2025-07-04T172831.935.jpeg 2000w\" sizes=\"(max-width: 644px) 100vw, 644px\" \/><\/figure>\n<\/figure>\n\n\n\n<p>Texto: con la colaboraci\u00f3n de Eleinn Rivera Sol\u00eds, estudiante de la Escuela de Literatura.<br>Fotos: Secretar\u00eda de Bienestar Universitario (SBU).<\/p>\n","protected":false},"excerpt":{"rendered":"<p>El Inti Raymi o la Fiesta del Sol y la Cosecha, la m\u00e1s importante del Imperio Inca para celebrar el solsticio de invierno, tuvo su conmemoraci\u00f3n en la UArtes. La Secretar\u00eda de Bienestar Universitario la organiz\u00f3 en el Pasaje Illingworth del antiguo Palacio de la Gobernaci\u00f3n, nuestra sede matriz. Tuvo como sacerdote a Oswaldo Huilcapi, danzante ancestral, gestor cultural, folclorista e investigador oriundo de la provincia de Chimborazo. Lo acompa\u00f1\u00f3 en el rito la estudiante Sonia Ch\u00e1vez.<\/p>\n","protected":false},"author":10,"featured_media":74664,"comment_status":"open","ping_status":"open","sticky":false,"template":"","format":"standard","meta":{"_acf_changed":false,"_uag_custom_page_level_css":"","_monsterinsights_skip_tracking":false,"_monsterinsights_sitenote_active":false,"_monsterinsights_sitenote_note":"","_monsterinsights_sitenote_category":0,"cybocfi_hide_featured_image":"","footnotes":""},"categories":[82,150,75,76,83],"tags":[518],"infouartes":[],"class_list":["post-74663","post","type-post","status-publish","format-standard","has-post-thumbnail","hentry","category-artes","category-artes-sonoras","category-docentes","category-estudiantes","category-sedes","tag-produccion"],"acf":[],"yoast_head":"<!-- This site is optimized with the Yoast SEO plugin v27.4 - https:\/\/yoast.com\/product\/yoast-seo-wordpress\/ -->\n<title>Universidad de las Artes - Con ceremonia de ritos ancestrales se celebr\u00f3 en la UArtes el Inti Raymi<\/title>\n<meta name=\"description\" content=\"Universidad de las Artes - Con ceremonia de ritos ancestrales se celebr\u00f3 en la UArtes el Inti Raymi\" \/>\n<meta name=\"robots\" content=\"index, follow, max-snippet:-1, max-image-preview:large, max-video-preview:-1\" \/>\n<link rel=\"canonical\" href=\"https:\/\/www.uartes.edu.ec\/sitio\/blog\/2025\/07\/03\/con-ceremonia-de-ritos-ancestrales-se-celebro-en-la-uartes-el-inti-raymi\/\" \/>\n<meta property=\"og:locale\" content=\"es_ES\" \/>\n<meta property=\"og:type\" content=\"article\" \/>\n<meta property=\"og:title\" content=\"Universidad de las Artes - Con ceremonia de ritos ancestrales se celebr\u00f3 en la UArtes el Inti Raymi\" \/>\n<meta property=\"og:description\" content=\"Universidad de las Artes - Con ceremonia de ritos ancestrales se celebr\u00f3 en la UArtes el Inti Raymi\" \/>\n<meta property=\"og:url\" content=\"https:\/\/www.uartes.edu.ec\/sitio\/blog\/2025\/07\/03\/con-ceremonia-de-ritos-ancestrales-se-celebro-en-la-uartes-el-inti-raymi\/\" \/>\n<meta property=\"og:site_name\" content=\"Universidad de las Artes\" \/>\n<meta property=\"article:publisher\" content=\"https:\/\/www.facebook.com\/uartesec\" \/>\n<meta property=\"article:published_time\" content=\"2025-07-04T00:02:00+00:00\" \/>\n<meta property=\"article:modified_time\" content=\"2025-07-12T23:40:38+00:00\" \/>\n<meta property=\"og:image\" content=\"https:\/\/www.uartes.edu.ec\/sitio\/wp-content\/uploads\/2025\/07\/Proyecto-Cambiar-tamano-de-imagen-2025-07-04T182042.861.jpeg\" \/>\n\t<meta property=\"og:image:width\" content=\"2000\" \/>\n\t<meta property=\"og:image:height\" content=\"1333\" \/>\n\t<meta property=\"og:image:type\" content=\"image\/jpeg\" \/>\n<meta name=\"author\" content=\"ccortez\" \/>\n<meta name=\"twitter:card\" content=\"summary_large_image\" \/>\n<meta name=\"twitter:creator\" content=\"@uartesec\" \/>\n<meta name=\"twitter:site\" content=\"@uartesec\" \/>\n<meta name=\"twitter:label1\" content=\"Escrito por\" \/>\n\t<meta name=\"twitter:data1\" content=\"ccortez\" \/>\n\t<meta name=\"twitter:label2\" content=\"Tiempo de lectura\" \/>\n\t<meta name=\"twitter:data2\" content=\"2 minutos\" \/>\n<script type=\"application\/ld+json\" class=\"yoast-schema-graph\">{\"@context\":\"https:\\\/\\\/schema.org\",\"@graph\":[{\"@type\":\"Article\",\"@id\":\"https:\\\/\\\/www.uartes.edu.ec\\\/sitio\\\/blog\\\/2025\\\/07\\\/03\\\/con-ceremonia-de-ritos-ancestrales-se-celebro-en-la-uartes-el-inti-raymi\\\/#article\",\"isPartOf\":{\"@id\":\"https:\\\/\\\/www.uartes.edu.ec\\\/sitio\\\/blog\\\/2025\\\/07\\\/03\\\/con-ceremonia-de-ritos-ancestrales-se-celebro-en-la-uartes-el-inti-raymi\\\/\"},\"author\":{\"name\":\"ccortez\",\"@id\":\"https:\\\/\\\/www.uartes.edu.ec\\\/sitio\\\/#\\\/schema\\\/person\\\/efa1b8275797664fd7f13a79ccc0b1f4\"},\"headline\":\"Con ceremonia de ritos ancestrales se celebr\u00f3 en la UArtes el Inti Raymi\",\"datePublished\":\"2025-07-04T00:02:00+00:00\",\"dateModified\":\"2025-07-12T23:40:38+00:00\",\"mainEntityOfPage\":{\"@id\":\"https:\\\/\\\/www.uartes.edu.ec\\\/sitio\\\/blog\\\/2025\\\/07\\\/03\\\/con-ceremonia-de-ritos-ancestrales-se-celebro-en-la-uartes-el-inti-raymi\\\/\"},\"wordCount\":384,\"commentCount\":0,\"publisher\":{\"@id\":\"https:\\\/\\\/www.uartes.edu.ec\\\/sitio\\\/#organization\"},\"image\":{\"@id\":\"https:\\\/\\\/www.uartes.edu.ec\\\/sitio\\\/blog\\\/2025\\\/07\\\/03\\\/con-ceremonia-de-ritos-ancestrales-se-celebro-en-la-uartes-el-inti-raymi\\\/#primaryimage\"},\"thumbnailUrl\":\"https:\\\/\\\/www.uartes.edu.ec\\\/sitio\\\/wp-content\\\/uploads\\\/2025\\\/07\\\/Proyecto-Cambiar-tamano-de-imagen-2025-07-04T182042.861.jpeg\",\"keywords\":[\"producci\u00f3n\"],\"articleSection\":[\"Artes\",\"Artes Sonoras\",\"Docentes\",\"Estudiantes\",\"Sedes\"],\"inLanguage\":\"es\",\"potentialAction\":[{\"@type\":\"CommentAction\",\"name\":\"Comment\",\"target\":[\"https:\\\/\\\/www.uartes.edu.ec\\\/sitio\\\/blog\\\/2025\\\/07\\\/03\\\/con-ceremonia-de-ritos-ancestrales-se-celebro-en-la-uartes-el-inti-raymi\\\/#respond\"]}]},{\"@type\":[\"WebPage\",\"ItemPage\"],\"@id\":\"https:\\\/\\\/www.uartes.edu.ec\\\/sitio\\\/blog\\\/2025\\\/07\\\/03\\\/con-ceremonia-de-ritos-ancestrales-se-celebro-en-la-uartes-el-inti-raymi\\\/\",\"url\":\"https:\\\/\\\/www.uartes.edu.ec\\\/sitio\\\/blog\\\/2025\\\/07\\\/03\\\/con-ceremonia-de-ritos-ancestrales-se-celebro-en-la-uartes-el-inti-raymi\\\/\",\"name\":\"Universidad de las Artes - Con ceremonia de ritos ancestrales se celebr\u00f3 en la UArtes el Inti Raymi\",\"isPartOf\":{\"@id\":\"https:\\\/\\\/www.uartes.edu.ec\\\/sitio\\\/#website\"},\"primaryImageOfPage\":{\"@id\":\"https:\\\/\\\/www.uartes.edu.ec\\\/sitio\\\/blog\\\/2025\\\/07\\\/03\\\/con-ceremonia-de-ritos-ancestrales-se-celebro-en-la-uartes-el-inti-raymi\\\/#primaryimage\"},\"image\":{\"@id\":\"https:\\\/\\\/www.uartes.edu.ec\\\/sitio\\\/blog\\\/2025\\\/07\\\/03\\\/con-ceremonia-de-ritos-ancestrales-se-celebro-en-la-uartes-el-inti-raymi\\\/#primaryimage\"},\"thumbnailUrl\":\"https:\\\/\\\/www.uartes.edu.ec\\\/sitio\\\/wp-content\\\/uploads\\\/2025\\\/07\\\/Proyecto-Cambiar-tamano-de-imagen-2025-07-04T182042.861.jpeg\",\"datePublished\":\"2025-07-04T00:02:00+00:00\",\"dateModified\":\"2025-07-12T23:40:38+00:00\",\"description\":\"Universidad de las Artes - Con ceremonia de ritos ancestrales se celebr\u00f3 en la UArtes el Inti Raymi\",\"breadcrumb\":{\"@id\":\"https:\\\/\\\/www.uartes.edu.ec\\\/sitio\\\/blog\\\/2025\\\/07\\\/03\\\/con-ceremonia-de-ritos-ancestrales-se-celebro-en-la-uartes-el-inti-raymi\\\/#breadcrumb\"},\"inLanguage\":\"es\",\"potentialAction\":[{\"@type\":\"ReadAction\",\"target\":[\"https:\\\/\\\/www.uartes.edu.ec\\\/sitio\\\/blog\\\/2025\\\/07\\\/03\\\/con-ceremonia-de-ritos-ancestrales-se-celebro-en-la-uartes-el-inti-raymi\\\/\"]}]},{\"@type\":\"ImageObject\",\"inLanguage\":\"es\",\"@id\":\"https:\\\/\\\/www.uartes.edu.ec\\\/sitio\\\/blog\\\/2025\\\/07\\\/03\\\/con-ceremonia-de-ritos-ancestrales-se-celebro-en-la-uartes-el-inti-raymi\\\/#primaryimage\",\"url\":\"https:\\\/\\\/www.uartes.edu.ec\\\/sitio\\\/wp-content\\\/uploads\\\/2025\\\/07\\\/Proyecto-Cambiar-tamano-de-imagen-2025-07-04T182042.861.jpeg\",\"contentUrl\":\"https:\\\/\\\/www.uartes.edu.ec\\\/sitio\\\/wp-content\\\/uploads\\\/2025\\\/07\\\/Proyecto-Cambiar-tamano-de-imagen-2025-07-04T182042.861.jpeg\",\"width\":2000,\"height\":1333},{\"@type\":\"BreadcrumbList\",\"@id\":\"https:\\\/\\\/www.uartes.edu.ec\\\/sitio\\\/blog\\\/2025\\\/07\\\/03\\\/con-ceremonia-de-ritos-ancestrales-se-celebro-en-la-uartes-el-inti-raymi\\\/#breadcrumb\",\"itemListElement\":[{\"@type\":\"ListItem\",\"position\":1,\"name\":\"Inicio\",\"item\":\"https:\\\/\\\/www.uartes.edu.ec\\\/sitio\\\/\"},{\"@type\":\"ListItem\",\"position\":2,\"name\":\"Con ceremonia de ritos ancestrales se celebr\u00f3 en la UArtes el Inti Raymi\"}]},{\"@type\":\"WebSite\",\"@id\":\"https:\\\/\\\/www.uartes.edu.ec\\\/sitio\\\/#website\",\"url\":\"https:\\\/\\\/www.uartes.edu.ec\\\/sitio\\\/\",\"name\":\"Universidad de las Artes\",\"description\":\"Sitio oficial de la Universidad Nacional de las Artes del Ecuador\",\"publisher\":{\"@id\":\"https:\\\/\\\/www.uartes.edu.ec\\\/sitio\\\/#organization\"},\"potentialAction\":[{\"@type\":\"SearchAction\",\"target\":{\"@type\":\"EntryPoint\",\"urlTemplate\":\"https:\\\/\\\/www.uartes.edu.ec\\\/sitio\\\/?s={search_term_string}\"},\"query-input\":{\"@type\":\"PropertyValueSpecification\",\"valueRequired\":true,\"valueName\":\"search_term_string\"}}],\"inLanguage\":\"es\"},{\"@type\":\"Organization\",\"@id\":\"https:\\\/\\\/www.uartes.edu.ec\\\/sitio\\\/#organization\",\"name\":\"Universidad de las Artes\",\"url\":\"https:\\\/\\\/www.uartes.edu.ec\\\/sitio\\\/\",\"logo\":{\"@type\":\"ImageObject\",\"inLanguage\":\"es\",\"@id\":\"https:\\\/\\\/www.uartes.edu.ec\\\/sitio\\\/#\\\/schema\\\/logo\\\/image\\\/\",\"url\":\"https:\\\/\\\/www.uartes.edu.ec\\\/sitio\\\/wp-content\\\/uploads\\\/2022\\\/07\\\/logo-ua-horizontal.png\",\"contentUrl\":\"https:\\\/\\\/www.uartes.edu.ec\\\/sitio\\\/wp-content\\\/uploads\\\/2022\\\/07\\\/logo-ua-horizontal.png\",\"width\":800,\"height\":276,\"caption\":\"Universidad de las Artes\"},\"image\":{\"@id\":\"https:\\\/\\\/www.uartes.edu.ec\\\/sitio\\\/#\\\/schema\\\/logo\\\/image\\\/\"},\"sameAs\":[\"https:\\\/\\\/www.facebook.com\\\/uartesec\",\"https:\\\/\\\/x.com\\\/uartesec\",\"https:\\\/\\\/www.tiktok.com\\\/@uartesec\"]},{\"@type\":\"Person\",\"@id\":\"https:\\\/\\\/www.uartes.edu.ec\\\/sitio\\\/#\\\/schema\\\/person\\\/efa1b8275797664fd7f13a79ccc0b1f4\",\"name\":\"ccortez\",\"image\":{\"@type\":\"ImageObject\",\"inLanguage\":\"es\",\"@id\":\"https:\\\/\\\/secure.gravatar.com\\\/avatar\\\/b2a6f664a3ae8e074346ef91775736c5ec479e637ecced6842de9dc98b5da9cd?s=96&d=mm&r=g\",\"url\":\"https:\\\/\\\/secure.gravatar.com\\\/avatar\\\/b2a6f664a3ae8e074346ef91775736c5ec479e637ecced6842de9dc98b5da9cd?s=96&d=mm&r=g\",\"contentUrl\":\"https:\\\/\\\/secure.gravatar.com\\\/avatar\\\/b2a6f664a3ae8e074346ef91775736c5ec479e637ecced6842de9dc98b5da9cd?s=96&d=mm&r=g\",\"caption\":\"ccortez\"},\"url\":\"https:\\\/\\\/www.uartes.edu.ec\\\/sitio\\\/blog\\\/author\\\/ccortez\\\/\"}]}<\/script>\n<!-- \/ Yoast SEO plugin. -->","yoast_head_json":{"title":"Universidad de las Artes - Con ceremonia de ritos ancestrales se celebr\u00f3 en la UArtes el Inti Raymi","description":"Universidad de las Artes - Con ceremonia de ritos ancestrales se celebr\u00f3 en la UArtes el Inti Raymi","robots":{"index":"index","follow":"follow","max-snippet":"max-snippet:-1","max-image-preview":"max-image-preview:large","max-video-preview":"max-video-preview:-1"},"canonical":"https:\/\/www.uartes.edu.ec\/sitio\/blog\/2025\/07\/03\/con-ceremonia-de-ritos-ancestrales-se-celebro-en-la-uartes-el-inti-raymi\/","og_locale":"es_ES","og_type":"article","og_title":"Universidad de las Artes - Con ceremonia de ritos ancestrales se celebr\u00f3 en la UArtes el Inti Raymi","og_description":"Universidad de las Artes - Con ceremonia de ritos ancestrales se celebr\u00f3 en la UArtes el Inti Raymi","og_url":"https:\/\/www.uartes.edu.ec\/sitio\/blog\/2025\/07\/03\/con-ceremonia-de-ritos-ancestrales-se-celebro-en-la-uartes-el-inti-raymi\/","og_site_name":"Universidad de las Artes","article_publisher":"https:\/\/www.facebook.com\/uartesec","article_published_time":"2025-07-04T00:02:00+00:00","article_modified_time":"2025-07-12T23:40:38+00:00","og_image":[{"width":2000,"height":1333,"url":"https:\/\/www.uartes.edu.ec\/sitio\/wp-content\/uploads\/2025\/07\/Proyecto-Cambiar-tamano-de-imagen-2025-07-04T182042.861.jpeg","type":"image\/jpeg"}],"author":"ccortez","twitter_card":"summary_large_image","twitter_creator":"@uartesec","twitter_site":"@uartesec","twitter_misc":{"Escrito por":"ccortez","Tiempo de lectura":"2 minutos"},"schema":{"@context":"https:\/\/schema.org","@graph":[{"@type":"Article","@id":"https:\/\/www.uartes.edu.ec\/sitio\/blog\/2025\/07\/03\/con-ceremonia-de-ritos-ancestrales-se-celebro-en-la-uartes-el-inti-raymi\/#article","isPartOf":{"@id":"https:\/\/www.uartes.edu.ec\/sitio\/blog\/2025\/07\/03\/con-ceremonia-de-ritos-ancestrales-se-celebro-en-la-uartes-el-inti-raymi\/"},"author":{"name":"ccortez","@id":"https:\/\/www.uartes.edu.ec\/sitio\/#\/schema\/person\/efa1b8275797664fd7f13a79ccc0b1f4"},"headline":"Con ceremonia de ritos ancestrales se celebr\u00f3 en la UArtes el Inti Raymi","datePublished":"2025-07-04T00:02:00+00:00","dateModified":"2025-07-12T23:40:38+00:00","mainEntityOfPage":{"@id":"https:\/\/www.uartes.edu.ec\/sitio\/blog\/2025\/07\/03\/con-ceremonia-de-ritos-ancestrales-se-celebro-en-la-uartes-el-inti-raymi\/"},"wordCount":384,"commentCount":0,"publisher":{"@id":"https:\/\/www.uartes.edu.ec\/sitio\/#organization"},"image":{"@id":"https:\/\/www.uartes.edu.ec\/sitio\/blog\/2025\/07\/03\/con-ceremonia-de-ritos-ancestrales-se-celebro-en-la-uartes-el-inti-raymi\/#primaryimage"},"thumbnailUrl":"https:\/\/www.uartes.edu.ec\/sitio\/wp-content\/uploads\/2025\/07\/Proyecto-Cambiar-tamano-de-imagen-2025-07-04T182042.861.jpeg","keywords":["producci\u00f3n"],"articleSection":["Artes","Artes Sonoras","Docentes","Estudiantes","Sedes"],"inLanguage":"es","potentialAction":[{"@type":"CommentAction","name":"Comment","target":["https:\/\/www.uartes.edu.ec\/sitio\/blog\/2025\/07\/03\/con-ceremonia-de-ritos-ancestrales-se-celebro-en-la-uartes-el-inti-raymi\/#respond"]}]},{"@type":["WebPage","ItemPage"],"@id":"https:\/\/www.uartes.edu.ec\/sitio\/blog\/2025\/07\/03\/con-ceremonia-de-ritos-ancestrales-se-celebro-en-la-uartes-el-inti-raymi\/","url":"https:\/\/www.uartes.edu.ec\/sitio\/blog\/2025\/07\/03\/con-ceremonia-de-ritos-ancestrales-se-celebro-en-la-uartes-el-inti-raymi\/","name":"Universidad de las Artes - Con ceremonia de ritos ancestrales se celebr\u00f3 en la UArtes el Inti Raymi","isPartOf":{"@id":"https:\/\/www.uartes.edu.ec\/sitio\/#website"},"primaryImageOfPage":{"@id":"https:\/\/www.uartes.edu.ec\/sitio\/blog\/2025\/07\/03\/con-ceremonia-de-ritos-ancestrales-se-celebro-en-la-uartes-el-inti-raymi\/#primaryimage"},"image":{"@id":"https:\/\/www.uartes.edu.ec\/sitio\/blog\/2025\/07\/03\/con-ceremonia-de-ritos-ancestrales-se-celebro-en-la-uartes-el-inti-raymi\/#primaryimage"},"thumbnailUrl":"https:\/\/www.uartes.edu.ec\/sitio\/wp-content\/uploads\/2025\/07\/Proyecto-Cambiar-tamano-de-imagen-2025-07-04T182042.861.jpeg","datePublished":"2025-07-04T00:02:00+00:00","dateModified":"2025-07-12T23:40:38+00:00","description":"Universidad de las Artes - Con ceremonia de ritos ancestrales se celebr\u00f3 en la UArtes el Inti Raymi","breadcrumb":{"@id":"https:\/\/www.uartes.edu.ec\/sitio\/blog\/2025\/07\/03\/con-ceremonia-de-ritos-ancestrales-se-celebro-en-la-uartes-el-inti-raymi\/#breadcrumb"},"inLanguage":"es","potentialAction":[{"@type":"ReadAction","target":["https:\/\/www.uartes.edu.ec\/sitio\/blog\/2025\/07\/03\/con-ceremonia-de-ritos-ancestrales-se-celebro-en-la-uartes-el-inti-raymi\/"]}]},{"@type":"ImageObject","inLanguage":"es","@id":"https:\/\/www.uartes.edu.ec\/sitio\/blog\/2025\/07\/03\/con-ceremonia-de-ritos-ancestrales-se-celebro-en-la-uartes-el-inti-raymi\/#primaryimage","url":"https:\/\/www.uartes.edu.ec\/sitio\/wp-content\/uploads\/2025\/07\/Proyecto-Cambiar-tamano-de-imagen-2025-07-04T182042.861.jpeg","contentUrl":"https:\/\/www.uartes.edu.ec\/sitio\/wp-content\/uploads\/2025\/07\/Proyecto-Cambiar-tamano-de-imagen-2025-07-04T182042.861.jpeg","width":2000,"height":1333},{"@type":"BreadcrumbList","@id":"https:\/\/www.uartes.edu.ec\/sitio\/blog\/2025\/07\/03\/con-ceremonia-de-ritos-ancestrales-se-celebro-en-la-uartes-el-inti-raymi\/#breadcrumb","itemListElement":[{"@type":"ListItem","position":1,"name":"Inicio","item":"https:\/\/www.uartes.edu.ec\/sitio\/"},{"@type":"ListItem","position":2,"name":"Con ceremonia de ritos ancestrales se celebr\u00f3 en la UArtes el Inti Raymi"}]},{"@type":"WebSite","@id":"https:\/\/www.uartes.edu.ec\/sitio\/#website","url":"https:\/\/www.uartes.edu.ec\/sitio\/","name":"Universidad de las Artes","description":"Sitio oficial de la Universidad Nacional de las Artes del Ecuador","publisher":{"@id":"https:\/\/www.uartes.edu.ec\/sitio\/#organization"},"potentialAction":[{"@type":"SearchAction","target":{"@type":"EntryPoint","urlTemplate":"https:\/\/www.uartes.edu.ec\/sitio\/?s={search_term_string}"},"query-input":{"@type":"PropertyValueSpecification","valueRequired":true,"valueName":"search_term_string"}}],"inLanguage":"es"},{"@type":"Organization","@id":"https:\/\/www.uartes.edu.ec\/sitio\/#organization","name":"Universidad de las Artes","url":"https:\/\/www.uartes.edu.ec\/sitio\/","logo":{"@type":"ImageObject","inLanguage":"es","@id":"https:\/\/www.uartes.edu.ec\/sitio\/#\/schema\/logo\/image\/","url":"https:\/\/www.uartes.edu.ec\/sitio\/wp-content\/uploads\/2022\/07\/logo-ua-horizontal.png","contentUrl":"https:\/\/www.uartes.edu.ec\/sitio\/wp-content\/uploads\/2022\/07\/logo-ua-horizontal.png","width":800,"height":276,"caption":"Universidad de las Artes"},"image":{"@id":"https:\/\/www.uartes.edu.ec\/sitio\/#\/schema\/logo\/image\/"},"sameAs":["https:\/\/www.facebook.com\/uartesec","https:\/\/x.com\/uartesec","https:\/\/www.tiktok.com\/@uartesec"]},{"@type":"Person","@id":"https:\/\/www.uartes.edu.ec\/sitio\/#\/schema\/person\/efa1b8275797664fd7f13a79ccc0b1f4","name":"ccortez","image":{"@type":"ImageObject","inLanguage":"es","@id":"https:\/\/secure.gravatar.com\/avatar\/b2a6f664a3ae8e074346ef91775736c5ec479e637ecced6842de9dc98b5da9cd?s=96&d=mm&r=g","url":"https:\/\/secure.gravatar.com\/avatar\/b2a6f664a3ae8e074346ef91775736c5ec479e637ecced6842de9dc98b5da9cd?s=96&d=mm&r=g","contentUrl":"https:\/\/secure.gravatar.com\/avatar\/b2a6f664a3ae8e074346ef91775736c5ec479e637ecced6842de9dc98b5da9cd?s=96&d=mm&r=g","caption":"ccortez"},"url":"https:\/\/www.uartes.edu.ec\/sitio\/blog\/author\/ccortez\/"}]}},"uagb_featured_image_src":{"full":["https:\/\/www.uartes.edu.ec\/sitio\/wp-content\/uploads\/2025\/07\/Proyecto-Cambiar-tamano-de-imagen-2025-07-04T182042.861.jpeg",2000,1333,false],"thumbnail":["https:\/\/www.uartes.edu.ec\/sitio\/wp-content\/uploads\/2025\/07\/Proyecto-Cambiar-tamano-de-imagen-2025-07-04T182042.861-150x150.jpeg",150,150,true],"medium":["https:\/\/www.uartes.edu.ec\/sitio\/wp-content\/uploads\/2025\/07\/Proyecto-Cambiar-tamano-de-imagen-2025-07-04T182042.861-300x200.jpeg",300,200,true],"medium_large":["https:\/\/www.uartes.edu.ec\/sitio\/wp-content\/uploads\/2025\/07\/Proyecto-Cambiar-tamano-de-imagen-2025-07-04T182042.861-768x512.jpeg",768,512,true],"large":["https:\/\/www.uartes.edu.ec\/sitio\/wp-content\/uploads\/2025\/07\/Proyecto-Cambiar-tamano-de-imagen-2025-07-04T182042.861-644x429.jpeg",644,429,true],"1536x1536":["https:\/\/www.uartes.edu.ec\/sitio\/wp-content\/uploads\/2025\/07\/Proyecto-Cambiar-tamano-de-imagen-2025-07-04T182042.861-1536x1024.jpeg",1536,1024,true],"2048x2048":["https:\/\/www.uartes.edu.ec\/sitio\/wp-content\/uploads\/2025\/07\/Proyecto-Cambiar-tamano-de-imagen-2025-07-04T182042.861.jpeg",2000,1333,false],"trp-custom-language-flag":["https:\/\/www.uartes.edu.ec\/sitio\/wp-content\/uploads\/2025\/07\/Proyecto-Cambiar-tamano-de-imagen-2025-07-04T182042.861-18x12.jpeg",18,12,true],"htmega_size_585x295":["https:\/\/www.uartes.edu.ec\/sitio\/wp-content\/uploads\/2025\/07\/Proyecto-Cambiar-tamano-de-imagen-2025-07-04T182042.861-585x295.jpeg",585,295,true],"htmega_size_1170x536":["https:\/\/www.uartes.edu.ec\/sitio\/wp-content\/uploads\/2025\/07\/Proyecto-Cambiar-tamano-de-imagen-2025-07-04T182042.861-1170x536.jpeg",1170,536,true],"htmega_size_396x360":["https:\/\/www.uartes.edu.ec\/sitio\/wp-content\/uploads\/2025\/07\/Proyecto-Cambiar-tamano-de-imagen-2025-07-04T182042.861-396x360.jpeg",396,360,true],"gb-block-post-grid-landscape":["https:\/\/www.uartes.edu.ec\/sitio\/wp-content\/uploads\/2025\/07\/Proyecto-Cambiar-tamano-de-imagen-2025-07-04T182042.861-600x400.jpeg",600,400,true],"gb-block-post-grid-square":["https:\/\/www.uartes.edu.ec\/sitio\/wp-content\/uploads\/2025\/07\/Proyecto-Cambiar-tamano-de-imagen-2025-07-04T182042.861-600x600.jpeg",600,600,true],"university-hub-thumb":["https:\/\/www.uartes.edu.ec\/sitio\/wp-content\/uploads\/2025\/07\/Proyecto-Cambiar-tamano-de-imagen-2025-07-04T182042.861-400x267.jpeg",400,267,true],"mailpoet_newsletter_max":["https:\/\/www.uartes.edu.ec\/sitio\/wp-content\/uploads\/2025\/07\/Proyecto-Cambiar-tamano-de-imagen-2025-07-04T182042.861.jpeg",1320,880,false]},"uagb_author_info":{"display_name":"ccortez","author_link":"https:\/\/www.uartes.edu.ec\/sitio\/blog\/author\/ccortez\/"},"uagb_comment_info":0,"uagb_excerpt":"El Inti Raymi o la Fiesta del Sol y la Cosecha, la m\u00e1s importante del Imperio Inca para celebrar el solsticio de invierno, tuvo su conmemoraci\u00f3n en la UArtes. La Secretar\u00eda de Bienestar Universitario la organiz\u00f3 en el Pasaje Illingworth del antiguo Palacio de la Gobernaci\u00f3n, nuestra sede matriz. Tuvo como sacerdote a Oswaldo Huilcapi,&hellip;","featured_image_src":"https:\/\/www.uartes.edu.ec\/sitio\/wp-content\/uploads\/2025\/07\/Proyecto-Cambiar-tamano-de-imagen-2025-07-04T182042.861-600x400.jpeg","featured_image_src_square":"https:\/\/www.uartes.edu.ec\/sitio\/wp-content\/uploads\/2025\/07\/Proyecto-Cambiar-tamano-de-imagen-2025-07-04T182042.861-600x600.jpeg","author_info":{"display_name":"ccortez","author_link":"https:\/\/www.uartes.edu.ec\/sitio\/blog\/author\/ccortez\/"},"publishpress_future_workflow_manual_trigger":{"enabledWorkflows":[]},"distributor_meta":false,"distributor_terms":false,"distributor_media":false,"distributor_original_site_name":"Universidad de las Artes","distributor_original_site_url":"https:\/\/www.uartes.edu.ec\/sitio","push-errors":false,"_links":{"self":[{"href":"https:\/\/www.uartes.edu.ec\/sitio\/wp-json\/wp\/v2\/posts\/74663","targetHints":{"allow":["GET"]}}],"collection":[{"href":"https:\/\/www.uartes.edu.ec\/sitio\/wp-json\/wp\/v2\/posts"}],"about":[{"href":"https:\/\/www.uartes.edu.ec\/sitio\/wp-json\/wp\/v2\/types\/post"}],"author":[{"embeddable":true,"href":"https:\/\/www.uartes.edu.ec\/sitio\/wp-json\/wp\/v2\/users\/10"}],"replies":[{"embeddable":true,"href":"https:\/\/www.uartes.edu.ec\/sitio\/wp-json\/wp\/v2\/comments?post=74663"}],"version-history":[{"count":3,"href":"https:\/\/www.uartes.edu.ec\/sitio\/wp-json\/wp\/v2\/posts\/74663\/revisions"}],"predecessor-version":[{"id":74675,"href":"https:\/\/www.uartes.edu.ec\/sitio\/wp-json\/wp\/v2\/posts\/74663\/revisions\/74675"}],"wp:featuredmedia":[{"embeddable":true,"href":"https:\/\/www.uartes.edu.ec\/sitio\/wp-json\/wp\/v2\/media\/74664"}],"wp:attachment":[{"href":"https:\/\/www.uartes.edu.ec\/sitio\/wp-json\/wp\/v2\/media?parent=74663"}],"wp:term":[{"taxonomy":"category","embeddable":true,"href":"https:\/\/www.uartes.edu.ec\/sitio\/wp-json\/wp\/v2\/categories?post=74663"},{"taxonomy":"post_tag","embeddable":true,"href":"https:\/\/www.uartes.edu.ec\/sitio\/wp-json\/wp\/v2\/tags?post=74663"},{"taxonomy":"infouartes","embeddable":true,"href":"https:\/\/www.uartes.edu.ec\/sitio\/wp-json\/wp\/v2\/infouartes?post=74663"}],"curies":[{"name":"wp","href":"https:\/\/api.w.org\/{rel}","templated":true}]}}