{"id":75931,"date":"2025-07-23T17:48:00","date_gmt":"2025-07-23T22:48:00","guid":{"rendered":"https:\/\/www.uartes.edu.ec\/sitio\/?p=75931"},"modified":"2025-07-30T16:38:11","modified_gmt":"2025-07-30T21:38:11","slug":"daniela-tisalema-y-elisa-montero-en-interactos-con-un-arte-urbano-que-denuncia-cuestiona-y-honra-la-memoria","status":"publish","type":"post","link":"https:\/\/www.uartes.edu.ec\/sitio\/blog\/2025\/07\/23\/daniela-tisalema-y-elisa-montero-en-interactos-con-un-arte-urbano-que-denuncia-cuestiona-y-honra-la-memoria\/","title":{"rendered":"Daniela Tisalema y Elisa Montero, en Inter[\u2022]actos con un arte urbano que denuncia, cuestiona y honra la memoria"},"content":{"rendered":"\n<p>\u201cCuando se habla del espacio p\u00fablico como un tema social que abarca la memoria y desde el ser mujer, ya hay un sentimiento. Por ello me sent\u00ed conectada con la idea de poder comunicar y compartir con m\u00e1s mujeres que tambi\u00e9n est\u00e1n, tal vez, por el mismo camino o se conectan con los trabajos e inter\u00e9s por el arte de calle\u201d. Daniela Tisalema, activista y artista urbana, da cuenta as\u00ed de su presencia en la VI edici\u00f3n de \u201cArtes, mujeres, memoria y espacio p\u00fablico\u201d, que este a\u00f1o se realiz\u00f3 en el marco Inter[\u2022]actos, que nuestra instituci\u00f3n de educaci\u00f3n superior realiz\u00f3 del 12 al 19 de julio.<\/p>\n\n\n\n<p>Daniela Tisalema destaca la convivencia mantenida, pues cre\u00f3 lazos y relaciones muy honestas con m\u00e1s mujeres que se comunican y est\u00e1n alg\u00fan tiempo inmersas en el arte de calle y son referentes del territorio, en este caso de Guayaquil. \u201cPara m\u00ed fue un honor estar, conectar y conocerlas m\u00e1s de cerca. Me siento feliz y agradecida por el recibimiento\u201d.<\/p>\n\n\n\n<p>De \u201cArte, mujeres, memoria y espacio p\u00fablico\u201d pondera, asimismo, la oportunidad de abrir el di\u00e1logo para compartir procesos que pueden resultar oportunos para mujeres u hombres que est\u00e9n queriendo seguir la l\u00ednea de trabajar en el arte urbano o de usar la calle y el espacio p\u00fablico como soporte.<\/p>\n\n\n\n<p>Reitera la importancia de romper con imaginarios y barreras construidas desde siempre. \u201cSi la calle o el arte han sido utilizados para decoraci\u00f3n o para tapar toda una ciudad de un solo color y decidir qu\u00e9 debe ser pintado en cada pared, me parece un blanqueamiento y abrir el di\u00e1logo es positivo porque se pueden decir m\u00e1s cosas: denunciar, honrar la memoria, sanar, cuestionar. El encuentro de \u2018Arte, mujeres, memoria y espacio p\u00fablico\u2019 permite crear un p\u00fablico m\u00e1s cr\u00edtico\u201d.<\/p>\n\n\n<div class=\"wp-block-image\">\n<figure class=\"aligncenter size-large\"><img fetchpriority=\"high\" decoding=\"async\" width=\"644\" height=\"429\" src=\"https:\/\/www.uartes.edu.ec\/sitio\/wp-content\/uploads\/2025\/07\/01-ARTE-MUJERES-MEMORIA-ESPACIO-PUBLICO-644x429.jpg\" alt=\"\" class=\"wp-image-75933\" srcset=\"https:\/\/www.uartes.edu.ec\/sitio\/wp-content\/uploads\/2025\/07\/01-ARTE-MUJERES-MEMORIA-ESPACIO-PUBLICO-644x429.jpg 644w, https:\/\/www.uartes.edu.ec\/sitio\/wp-content\/uploads\/2025\/07\/01-ARTE-MUJERES-MEMORIA-ESPACIO-PUBLICO-300x200.jpg 300w, https:\/\/www.uartes.edu.ec\/sitio\/wp-content\/uploads\/2025\/07\/01-ARTE-MUJERES-MEMORIA-ESPACIO-PUBLICO-768x512.jpg 768w, https:\/\/www.uartes.edu.ec\/sitio\/wp-content\/uploads\/2025\/07\/01-ARTE-MUJERES-MEMORIA-ESPACIO-PUBLICO-1536x1024.jpg 1536w, https:\/\/www.uartes.edu.ec\/sitio\/wp-content\/uploads\/2025\/07\/01-ARTE-MUJERES-MEMORIA-ESPACIO-PUBLICO-18x12.jpg 18w, https:\/\/www.uartes.edu.ec\/sitio\/wp-content\/uploads\/2025\/07\/01-ARTE-MUJERES-MEMORIA-ESPACIO-PUBLICO-600x400.jpg 600w, https:\/\/www.uartes.edu.ec\/sitio\/wp-content\/uploads\/2025\/07\/01-ARTE-MUJERES-MEMORIA-ESPACIO-PUBLICO-400x267.jpg 400w, https:\/\/www.uartes.edu.ec\/sitio\/wp-content\/uploads\/2025\/07\/01-ARTE-MUJERES-MEMORIA-ESPACIO-PUBLICO.jpg 2000w\" sizes=\"(max-width: 644px) 100vw, 644px\" \/><\/figure>\n<\/div>\n\n\n<figure class=\"wp-block-gallery has-nested-images columns-default is-cropped wp-block-gallery-1 is-layout-flex wp-block-gallery-is-layout-flex\">\n<figure class=\"wp-block-image size-large\"><img decoding=\"async\" width=\"644\" height=\"483\" data-id=\"75934\" src=\"https:\/\/www.uartes.edu.ec\/sitio\/wp-content\/uploads\/2025\/07\/WhatsApp-Image-2025-07-30-at-13.55.33-644x483.jpeg\" alt=\"\" class=\"wp-image-75934\" srcset=\"https:\/\/www.uartes.edu.ec\/sitio\/wp-content\/uploads\/2025\/07\/WhatsApp-Image-2025-07-30-at-13.55.33-644x483.jpeg 644w, https:\/\/www.uartes.edu.ec\/sitio\/wp-content\/uploads\/2025\/07\/WhatsApp-Image-2025-07-30-at-13.55.33-300x225.jpeg 300w, https:\/\/www.uartes.edu.ec\/sitio\/wp-content\/uploads\/2025\/07\/WhatsApp-Image-2025-07-30-at-13.55.33-768x576.jpeg 768w, https:\/\/www.uartes.edu.ec\/sitio\/wp-content\/uploads\/2025\/07\/WhatsApp-Image-2025-07-30-at-13.55.33-1536x1152.jpeg 1536w, https:\/\/www.uartes.edu.ec\/sitio\/wp-content\/uploads\/2025\/07\/WhatsApp-Image-2025-07-30-at-13.55.33-2048x1536.jpeg 2048w, https:\/\/www.uartes.edu.ec\/sitio\/wp-content\/uploads\/2025\/07\/WhatsApp-Image-2025-07-30-at-13.55.33-16x12.jpeg 16w, https:\/\/www.uartes.edu.ec\/sitio\/wp-content\/uploads\/2025\/07\/WhatsApp-Image-2025-07-30-at-13.55.33-400x300.jpeg 400w\" sizes=\"(max-width: 644px) 100vw, 644px\" \/><\/figure>\n\n\n\n<figure class=\"wp-block-image size-large\"><img decoding=\"async\" width=\"644\" height=\"429\" data-id=\"75935\" src=\"https:\/\/www.uartes.edu.ec\/sitio\/wp-content\/uploads\/2025\/07\/Proyecto-Cambiar-tamano-de-imagen-2025-07-30T130535.505-644x429.jpeg\" alt=\"\" class=\"wp-image-75935\" srcset=\"https:\/\/www.uartes.edu.ec\/sitio\/wp-content\/uploads\/2025\/07\/Proyecto-Cambiar-tamano-de-imagen-2025-07-30T130535.505-644x429.jpeg 644w, https:\/\/www.uartes.edu.ec\/sitio\/wp-content\/uploads\/2025\/07\/Proyecto-Cambiar-tamano-de-imagen-2025-07-30T130535.505-300x200.jpeg 300w, https:\/\/www.uartes.edu.ec\/sitio\/wp-content\/uploads\/2025\/07\/Proyecto-Cambiar-tamano-de-imagen-2025-07-30T130535.505-768x512.jpeg 768w, https:\/\/www.uartes.edu.ec\/sitio\/wp-content\/uploads\/2025\/07\/Proyecto-Cambiar-tamano-de-imagen-2025-07-30T130535.505-1536x1024.jpeg 1536w, https:\/\/www.uartes.edu.ec\/sitio\/wp-content\/uploads\/2025\/07\/Proyecto-Cambiar-tamano-de-imagen-2025-07-30T130535.505-18x12.jpeg 18w, https:\/\/www.uartes.edu.ec\/sitio\/wp-content\/uploads\/2025\/07\/Proyecto-Cambiar-tamano-de-imagen-2025-07-30T130535.505-600x400.jpeg 600w, https:\/\/www.uartes.edu.ec\/sitio\/wp-content\/uploads\/2025\/07\/Proyecto-Cambiar-tamano-de-imagen-2025-07-30T130535.505-400x267.jpeg 400w, https:\/\/www.uartes.edu.ec\/sitio\/wp-content\/uploads\/2025\/07\/Proyecto-Cambiar-tamano-de-imagen-2025-07-30T130535.505.jpeg 2000w\" sizes=\"(max-width: 644px) 100vw, 644px\" \/><\/figure>\n<\/figure>\n\n\n\n<p><\/p>\n\n\n\n<p>Hay muchas cosas que se nos hace callar, que el sistema quiere que callemos, que no recordemos. La propuesta es positiva y la veo como un momento de educaci\u00f3n para el p\u00fablico, para el artista, para la gente que interviene, para todos, anota Daniela Tisalema, quien como un homenaje pint\u00f3 a los cuatro ni\u00f1os de las Malvinas, cuyas desapariciones forzadas son por todos conocidas, sin embargo, de alguna manera ha sido normalizado, pues ya nadie lo habla. Estas ausencias se siguen suscitando, se siguen repitiendo, lo cual es muy doloroso.<\/p>\n\n\n\n<p>\u201cNo hay que perder la memoria de estos hechos, los cuales no tienen que volver a pasar. Hay que crear memoria y hacer una denuncia viva\u201d, expresa, confesando de que, como madre, intenta unirse al dolor de los padres, con la p\u00e9rdida y el luto, y por ello los pinta en murales.<\/p>\n\n\n\n<p>El segundo mural que Daniela Tisalema plasm\u00f3 fue el Nina Gualinga, el cual realiz\u00f3 en gran formato y con la t\u00e9cnica de paste up. \u201cMi l\u00ednea de trabajo ha sido representar la figura de la mujer ind\u00edgena en la lucha social de sus territorios, a la cual me sumo. Ella es kichwa, amaz\u00f3nica, del territorio Sarayaku en la provincia de Pastaza, defensora de medioambiente y representante de su territorio a nivel nacional y mundial\u201d.<\/p>\n\n\n\n<p>Tisalema ha tenido la oportunidad de conocerla y conversar. \u201cEs una mujer joven, madre, activista, no es sumisa y representa a la mujer que habla y cuenta c\u00f3mo est\u00e1 su d\u00eda a d\u00eda, a la mujer que no solo habla de su territorio, sino que tambi\u00e9n lo vive\u201d, agrega Tisalema, recordando que ella levant\u00f3 su voz al denunciar a su expareja por violencia f\u00edsica y psicol\u00f3gica. En el marco de \u2018Arte, mujer, memoria y espacio p\u00fablico\u2019 simplemente me inspir\u00f3 porque yo tambi\u00e9n he pasado por episodios de violencia y s\u00e9 que no es f\u00e1cil; me representa y me identifico. Es en homenaje a la mujer y su valent\u00eda, y a continuar con los sue\u00f1os\u201d.&nbsp;<\/p>\n\n\n\n<h3 class=\"wp-block-heading\">Elisa Montero\/<em>Maracuyeah<\/em><\/h3>\n\n\n<div class=\"wp-block-image\">\n<figure class=\"aligncenter size-large\"><img loading=\"lazy\" decoding=\"async\" width=\"644\" height=\"429\" src=\"https:\/\/www.uartes.edu.ec\/sitio\/wp-content\/uploads\/2025\/07\/Proyecto-Cambiar-tamano-de-imagen-2025-07-30T131258.319-644x429.jpeg\" alt=\"\" class=\"wp-image-75936\" srcset=\"https:\/\/www.uartes.edu.ec\/sitio\/wp-content\/uploads\/2025\/07\/Proyecto-Cambiar-tamano-de-imagen-2025-07-30T131258.319-644x429.jpeg 644w, https:\/\/www.uartes.edu.ec\/sitio\/wp-content\/uploads\/2025\/07\/Proyecto-Cambiar-tamano-de-imagen-2025-07-30T131258.319-300x200.jpeg 300w, https:\/\/www.uartes.edu.ec\/sitio\/wp-content\/uploads\/2025\/07\/Proyecto-Cambiar-tamano-de-imagen-2025-07-30T131258.319-768x512.jpeg 768w, https:\/\/www.uartes.edu.ec\/sitio\/wp-content\/uploads\/2025\/07\/Proyecto-Cambiar-tamano-de-imagen-2025-07-30T131258.319-1536x1024.jpeg 1536w, https:\/\/www.uartes.edu.ec\/sitio\/wp-content\/uploads\/2025\/07\/Proyecto-Cambiar-tamano-de-imagen-2025-07-30T131258.319-18x12.jpeg 18w, https:\/\/www.uartes.edu.ec\/sitio\/wp-content\/uploads\/2025\/07\/Proyecto-Cambiar-tamano-de-imagen-2025-07-30T131258.319-600x400.jpeg 600w, https:\/\/www.uartes.edu.ec\/sitio\/wp-content\/uploads\/2025\/07\/Proyecto-Cambiar-tamano-de-imagen-2025-07-30T131258.319-400x267.jpeg 400w, https:\/\/www.uartes.edu.ec\/sitio\/wp-content\/uploads\/2025\/07\/Proyecto-Cambiar-tamano-de-imagen-2025-07-30T131258.319.jpeg 2000w\" sizes=\"(max-width: 644px) 100vw, 644px\" \/><\/figure>\n<\/div>\n\n<div class=\"wp-block-image\">\n<figure class=\"aligncenter size-large is-resized\"><img loading=\"lazy\" decoding=\"async\" width=\"644\" height=\"429\" src=\"https:\/\/www.uartes.edu.ec\/sitio\/wp-content\/uploads\/2025\/07\/Proyecto-Cambiar-tamano-de-imagen-2025-07-30T135419.527-1-644x429.jpeg\" alt=\"\" class=\"wp-image-75937\" style=\"width:482px;height:auto\" srcset=\"https:\/\/www.uartes.edu.ec\/sitio\/wp-content\/uploads\/2025\/07\/Proyecto-Cambiar-tamano-de-imagen-2025-07-30T135419.527-1-644x429.jpeg 644w, https:\/\/www.uartes.edu.ec\/sitio\/wp-content\/uploads\/2025\/07\/Proyecto-Cambiar-tamano-de-imagen-2025-07-30T135419.527-1-300x200.jpeg 300w, https:\/\/www.uartes.edu.ec\/sitio\/wp-content\/uploads\/2025\/07\/Proyecto-Cambiar-tamano-de-imagen-2025-07-30T135419.527-1-768x512.jpeg 768w, https:\/\/www.uartes.edu.ec\/sitio\/wp-content\/uploads\/2025\/07\/Proyecto-Cambiar-tamano-de-imagen-2025-07-30T135419.527-1-1536x1024.jpeg 1536w, https:\/\/www.uartes.edu.ec\/sitio\/wp-content\/uploads\/2025\/07\/Proyecto-Cambiar-tamano-de-imagen-2025-07-30T135419.527-1-18x12.jpeg 18w, https:\/\/www.uartes.edu.ec\/sitio\/wp-content\/uploads\/2025\/07\/Proyecto-Cambiar-tamano-de-imagen-2025-07-30T135419.527-1-600x400.jpeg 600w, https:\/\/www.uartes.edu.ec\/sitio\/wp-content\/uploads\/2025\/07\/Proyecto-Cambiar-tamano-de-imagen-2025-07-30T135419.527-1-400x267.jpeg 400w, https:\/\/www.uartes.edu.ec\/sitio\/wp-content\/uploads\/2025\/07\/Proyecto-Cambiar-tamano-de-imagen-2025-07-30T135419.527-1.jpeg 2000w\" sizes=\"(max-width: 644px) 100vw, 644px\" \/><\/figure>\n<\/div>\n\n\n<p>La VI edici\u00f3n de \u201cArte, mujeres, memoria y espacio p\u00fablico\u201d tuvo tambi\u00e9n a Elisa Montero, conocida art\u00edsticamente como <em>Maracuyeah,<\/em> quien pertenece a la primera generaci\u00f3n de artistas urbanas guayaquile\u00f1as de los a\u00f1os 2000, considerada por ello como una de las precursoras del arte de calle en la urbe porte\u00f1a.<\/p>\n\n\n\n<p>De Montero cabe repasar la trayectoria que la llev\u00f3 a concebir al arte urbano como una pasi\u00f3n que le permite ocupar el espacio p\u00fablico, dar vida a las paredes grises e involucrar a los transe\u00fantes. Se gradu\u00f3 en el Colegio de Bellas Artes, curs\u00f3 estudios de fotograf\u00eda, trabaj\u00f3 como maestra de arte de ni\u00f1os durante 2 a\u00f1os, viaj\u00f3 a Suiza (donde visit\u00f3 varios museos para alimentar su visi\u00f3n y estudios), por un a\u00f1o (en 2008) recorri\u00f3 pa\u00edses como Per\u00fa, Bolivia, Chile y Argentina para recopilar datos e im\u00e1genes que usar\u00eda posteriormente para sus obras.<\/p>\n\n\n\n<p>Fue en 2010, al iniciar su faceta como una dise\u00f1adora vers\u00e1til y llena de colores, que el arte urbano la influenci\u00f3 llev\u00e1ndola a crear las marcas toing urban art \u2013un tributo a las subculturas urbanas\u2013 y fruta \u00e1cida, accesorios divertidos; es cuando crea el seud\u00f3nimo <em>Maracuyeah<\/em>.<\/p>\n\n\n\n<p>De su participaci\u00f3n en la exposici\u00f3n e Inter[\u2022]actos, coment\u00f3: \u201cFue una experiencia profundamente significativa. El sentir un espacio genuino para <a>el intercambio, la creaci\u00f3n y la reflexi\u00f3n colectiva<\/a>. Esta edici\u00f3n de la muestra, liderada con sensibilidad por <em>Mafo<\/em> L\u00f3pez, abri\u00f3 un escenario vital para pensar el arte urbano como herramienta de memoria y presencia.<\/p>\n\n\n\n<p>\u201cMi intervenci\u00f3n en el muro del Pasaje Illingworth se bas\u00f3 en \u2018Las cruces sobre el agua\u2019, centr\u00e1ndome en el rostro femenino a trav\u00e9s de esa transformaci\u00f3n, como lo llamo en mis obras; busqu\u00e9 reactivar una identidad de resistencia de las mujeres que, desde los m\u00e1rgenes, tambi\u00e9n habitaron ese episodio como s\u00edmbolo de la memoria silenciada. Intervine \u00fanicamente un gesto aparentemente m\u00ednimo, pero profundamente cargado de significado. Desde mi visi\u00f3n, el arte urbano no solo embellece, sino que interpela y se convierte en un espacio de recuperaci\u00f3n simb\u00f3lica del pasado, desde lo visual y lo sensible\u201d.<\/p>\n\n\n\n<p>Texto: Carmen Cortez\/Dircom.<\/p>\n","protected":false},"excerpt":{"rendered":"<p>Participaron en la VI edici\u00f3n de \u201cArtes, mujeres, memoria y espacio p\u00fablico\u201d, que en este a\u00f1o se desarroll\u00f3 en el marco de Inter[\u2022]actos. Daniela Tisalema y Elisa Montero comparten una misma pasi\u00f3n por el arte urbano, aquel que se hace y reclama espacio para interpelar, para denunciar, para cuestionar. Las artistas hablan de la convivencia que tuvieron durante la intervenci\u00f3n de los muros que pintaron y de sus tem\u00e1ticas.<\/p>\n","protected":false},"author":10,"featured_media":75932,"comment_status":"open","ping_status":"open","sticky":false,"template":"","format":"standard","meta":{"_acf_changed":false,"_uag_custom_page_level_css":"","_monsterinsights_skip_tracking":false,"_monsterinsights_sitenote_active":false,"_monsterinsights_sitenote_note":"","_monsterinsights_sitenote_category":0,"cybocfi_hide_featured_image":"","footnotes":""},"categories":[80,438,490,82,157,75,76,77,174],"tags":[52],"infouartes":[],"class_list":["post-75931","post","type-post","status-publish","format-standard","has-post-thumbnail","hentry","category-academico","category-administrativos","category-alumni","category-artes","category-artes-visuales","category-docentes","category-estudiantes","category-gestion","category-transversal","tag-interactos"],"acf":[],"yoast_head":"<!-- This site is optimized with the Yoast SEO plugin v27.4 - https:\/\/yoast.com\/product\/yoast-seo-wordpress\/ -->\n<title>Universidad de las Artes - Daniela Tisalema y Elisa Montero, en Inter[\u2022]actos con un arte urbano que denuncia, cuestiona y honra la memoria<\/title>\n<meta name=\"description\" content=\"Universidad de las Artes - Daniela Tisalema y Elisa Montero, en Inter[\u2022]actos con un arte urbano que denuncia, cuestiona y honra la memoria\" \/>\n<meta name=\"robots\" content=\"index, follow, max-snippet:-1, max-image-preview:large, max-video-preview:-1\" \/>\n<link rel=\"canonical\" href=\"https:\/\/www.uartes.edu.ec\/sitio\/blog\/2025\/07\/23\/daniela-tisalema-y-elisa-montero-en-interactos-con-un-arte-urbano-que-denuncia-cuestiona-y-honra-la-memoria\/\" \/>\n<meta property=\"og:locale\" content=\"es_ES\" \/>\n<meta property=\"og:type\" content=\"article\" \/>\n<meta property=\"og:title\" content=\"Universidad de las Artes - Daniela Tisalema y Elisa Montero, en Inter[\u2022]actos con un arte urbano que denuncia, cuestiona y honra la memoria\" \/>\n<meta property=\"og:description\" content=\"Universidad de las Artes - Daniela Tisalema y Elisa Montero, en Inter[\u2022]actos con un arte urbano que denuncia, cuestiona y honra la memoria\" \/>\n<meta property=\"og:url\" content=\"https:\/\/www.uartes.edu.ec\/sitio\/blog\/2025\/07\/23\/daniela-tisalema-y-elisa-montero-en-interactos-con-un-arte-urbano-que-denuncia-cuestiona-y-honra-la-memoria\/\" \/>\n<meta property=\"og:site_name\" content=\"Universidad de las Artes\" \/>\n<meta property=\"article:publisher\" content=\"https:\/\/www.facebook.com\/uartesec\" \/>\n<meta property=\"article:published_time\" content=\"2025-07-23T22:48:00+00:00\" \/>\n<meta property=\"article:modified_time\" content=\"2025-07-30T21:38:11+00:00\" \/>\n<meta property=\"og:image\" content=\"https:\/\/www.uartes.edu.ec\/sitio\/wp-content\/uploads\/2025\/07\/05-MESA-DIALOGO-ARTE-MUJERES-ESPACIO-PUBLICO.jpg\" \/>\n\t<meta property=\"og:image:width\" content=\"2000\" \/>\n\t<meta property=\"og:image:height\" content=\"1333\" \/>\n\t<meta property=\"og:image:type\" content=\"image\/jpeg\" \/>\n<meta name=\"author\" content=\"ccortez\" \/>\n<meta name=\"twitter:card\" content=\"summary_large_image\" \/>\n<meta name=\"twitter:creator\" content=\"@uartesec\" \/>\n<meta name=\"twitter:site\" content=\"@uartesec\" \/>\n<meta name=\"twitter:label1\" content=\"Escrito por\" \/>\n\t<meta name=\"twitter:data1\" content=\"ccortez\" \/>\n\t<meta name=\"twitter:label2\" content=\"Tiempo de lectura\" \/>\n\t<meta name=\"twitter:data2\" content=\"5 minutos\" \/>\n<script type=\"application\/ld+json\" class=\"yoast-schema-graph\">{\"@context\":\"https:\\\/\\\/schema.org\",\"@graph\":[{\"@type\":\"Article\",\"@id\":\"https:\\\/\\\/www.uartes.edu.ec\\\/sitio\\\/blog\\\/2025\\\/07\\\/23\\\/daniela-tisalema-y-elisa-montero-en-interactos-con-un-arte-urbano-que-denuncia-cuestiona-y-honra-la-memoria\\\/#article\",\"isPartOf\":{\"@id\":\"https:\\\/\\\/www.uartes.edu.ec\\\/sitio\\\/blog\\\/2025\\\/07\\\/23\\\/daniela-tisalema-y-elisa-montero-en-interactos-con-un-arte-urbano-que-denuncia-cuestiona-y-honra-la-memoria\\\/\"},\"author\":{\"name\":\"ccortez\",\"@id\":\"https:\\\/\\\/www.uartes.edu.ec\\\/sitio\\\/#\\\/schema\\\/person\\\/efa1b8275797664fd7f13a79ccc0b1f4\"},\"headline\":\"Daniela Tisalema y Elisa Montero, en Inter[\u2022]actos con un arte urbano que denuncia, cuestiona y honra la memoria\",\"datePublished\":\"2025-07-23T22:48:00+00:00\",\"dateModified\":\"2025-07-30T21:38:11+00:00\",\"mainEntityOfPage\":{\"@id\":\"https:\\\/\\\/www.uartes.edu.ec\\\/sitio\\\/blog\\\/2025\\\/07\\\/23\\\/daniela-tisalema-y-elisa-montero-en-interactos-con-un-arte-urbano-que-denuncia-cuestiona-y-honra-la-memoria\\\/\"},\"wordCount\":1069,\"commentCount\":0,\"publisher\":{\"@id\":\"https:\\\/\\\/www.uartes.edu.ec\\\/sitio\\\/#organization\"},\"image\":{\"@id\":\"https:\\\/\\\/www.uartes.edu.ec\\\/sitio\\\/blog\\\/2025\\\/07\\\/23\\\/daniela-tisalema-y-elisa-montero-en-interactos-con-un-arte-urbano-que-denuncia-cuestiona-y-honra-la-memoria\\\/#primaryimage\"},\"thumbnailUrl\":\"https:\\\/\\\/www.uartes.edu.ec\\\/sitio\\\/wp-content\\\/uploads\\\/2025\\\/07\\\/05-MESA-DIALOGO-ARTE-MUJERES-ESPACIO-PUBLICO.jpg\",\"keywords\":[\"interactos\"],\"articleSection\":[\"Acad\u00e9mico\",\"Administrativos\",\"Alumni\",\"Artes\",\"Artes Visuales\",\"Docentes\",\"Estudiantes\",\"Gesti\u00f3n\",\"Transversal\"],\"inLanguage\":\"es\",\"potentialAction\":[{\"@type\":\"CommentAction\",\"name\":\"Comment\",\"target\":[\"https:\\\/\\\/www.uartes.edu.ec\\\/sitio\\\/blog\\\/2025\\\/07\\\/23\\\/daniela-tisalema-y-elisa-montero-en-interactos-con-un-arte-urbano-que-denuncia-cuestiona-y-honra-la-memoria\\\/#respond\"]}]},{\"@type\":[\"WebPage\",\"ItemPage\"],\"@id\":\"https:\\\/\\\/www.uartes.edu.ec\\\/sitio\\\/blog\\\/2025\\\/07\\\/23\\\/daniela-tisalema-y-elisa-montero-en-interactos-con-un-arte-urbano-que-denuncia-cuestiona-y-honra-la-memoria\\\/\",\"url\":\"https:\\\/\\\/www.uartes.edu.ec\\\/sitio\\\/blog\\\/2025\\\/07\\\/23\\\/daniela-tisalema-y-elisa-montero-en-interactos-con-un-arte-urbano-que-denuncia-cuestiona-y-honra-la-memoria\\\/\",\"name\":\"Universidad de las Artes - Daniela Tisalema y Elisa Montero, en Inter[\u2022]actos con un arte urbano que denuncia, cuestiona y honra la memoria\",\"isPartOf\":{\"@id\":\"https:\\\/\\\/www.uartes.edu.ec\\\/sitio\\\/#website\"},\"primaryImageOfPage\":{\"@id\":\"https:\\\/\\\/www.uartes.edu.ec\\\/sitio\\\/blog\\\/2025\\\/07\\\/23\\\/daniela-tisalema-y-elisa-montero-en-interactos-con-un-arte-urbano-que-denuncia-cuestiona-y-honra-la-memoria\\\/#primaryimage\"},\"image\":{\"@id\":\"https:\\\/\\\/www.uartes.edu.ec\\\/sitio\\\/blog\\\/2025\\\/07\\\/23\\\/daniela-tisalema-y-elisa-montero-en-interactos-con-un-arte-urbano-que-denuncia-cuestiona-y-honra-la-memoria\\\/#primaryimage\"},\"thumbnailUrl\":\"https:\\\/\\\/www.uartes.edu.ec\\\/sitio\\\/wp-content\\\/uploads\\\/2025\\\/07\\\/05-MESA-DIALOGO-ARTE-MUJERES-ESPACIO-PUBLICO.jpg\",\"datePublished\":\"2025-07-23T22:48:00+00:00\",\"dateModified\":\"2025-07-30T21:38:11+00:00\",\"description\":\"Universidad de las Artes - Daniela Tisalema y Elisa Montero, en Inter[\u2022]actos con un arte urbano que denuncia, cuestiona y honra la memoria\",\"breadcrumb\":{\"@id\":\"https:\\\/\\\/www.uartes.edu.ec\\\/sitio\\\/blog\\\/2025\\\/07\\\/23\\\/daniela-tisalema-y-elisa-montero-en-interactos-con-un-arte-urbano-que-denuncia-cuestiona-y-honra-la-memoria\\\/#breadcrumb\"},\"inLanguage\":\"es\",\"potentialAction\":[{\"@type\":\"ReadAction\",\"target\":[\"https:\\\/\\\/www.uartes.edu.ec\\\/sitio\\\/blog\\\/2025\\\/07\\\/23\\\/daniela-tisalema-y-elisa-montero-en-interactos-con-un-arte-urbano-que-denuncia-cuestiona-y-honra-la-memoria\\\/\"]}]},{\"@type\":\"ImageObject\",\"inLanguage\":\"es\",\"@id\":\"https:\\\/\\\/www.uartes.edu.ec\\\/sitio\\\/blog\\\/2025\\\/07\\\/23\\\/daniela-tisalema-y-elisa-montero-en-interactos-con-un-arte-urbano-que-denuncia-cuestiona-y-honra-la-memoria\\\/#primaryimage\",\"url\":\"https:\\\/\\\/www.uartes.edu.ec\\\/sitio\\\/wp-content\\\/uploads\\\/2025\\\/07\\\/05-MESA-DIALOGO-ARTE-MUJERES-ESPACIO-PUBLICO.jpg\",\"contentUrl\":\"https:\\\/\\\/www.uartes.edu.ec\\\/sitio\\\/wp-content\\\/uploads\\\/2025\\\/07\\\/05-MESA-DIALOGO-ARTE-MUJERES-ESPACIO-PUBLICO.jpg\",\"width\":2000,\"height\":1333},{\"@type\":\"BreadcrumbList\",\"@id\":\"https:\\\/\\\/www.uartes.edu.ec\\\/sitio\\\/blog\\\/2025\\\/07\\\/23\\\/daniela-tisalema-y-elisa-montero-en-interactos-con-un-arte-urbano-que-denuncia-cuestiona-y-honra-la-memoria\\\/#breadcrumb\",\"itemListElement\":[{\"@type\":\"ListItem\",\"position\":1,\"name\":\"Inicio\",\"item\":\"https:\\\/\\\/www.uartes.edu.ec\\\/sitio\\\/\"},{\"@type\":\"ListItem\",\"position\":2,\"name\":\"Daniela Tisalema y Elisa Montero, en Inter[\u2022]actos con un arte urbano que denuncia, cuestiona y honra la memoria\"}]},{\"@type\":\"WebSite\",\"@id\":\"https:\\\/\\\/www.uartes.edu.ec\\\/sitio\\\/#website\",\"url\":\"https:\\\/\\\/www.uartes.edu.ec\\\/sitio\\\/\",\"name\":\"Universidad de las Artes\",\"description\":\"Sitio oficial de la Universidad Nacional de las Artes del Ecuador\",\"publisher\":{\"@id\":\"https:\\\/\\\/www.uartes.edu.ec\\\/sitio\\\/#organization\"},\"potentialAction\":[{\"@type\":\"SearchAction\",\"target\":{\"@type\":\"EntryPoint\",\"urlTemplate\":\"https:\\\/\\\/www.uartes.edu.ec\\\/sitio\\\/?s={search_term_string}\"},\"query-input\":{\"@type\":\"PropertyValueSpecification\",\"valueRequired\":true,\"valueName\":\"search_term_string\"}}],\"inLanguage\":\"es\"},{\"@type\":\"Organization\",\"@id\":\"https:\\\/\\\/www.uartes.edu.ec\\\/sitio\\\/#organization\",\"name\":\"Universidad de las Artes\",\"url\":\"https:\\\/\\\/www.uartes.edu.ec\\\/sitio\\\/\",\"logo\":{\"@type\":\"ImageObject\",\"inLanguage\":\"es\",\"@id\":\"https:\\\/\\\/www.uartes.edu.ec\\\/sitio\\\/#\\\/schema\\\/logo\\\/image\\\/\",\"url\":\"https:\\\/\\\/www.uartes.edu.ec\\\/sitio\\\/wp-content\\\/uploads\\\/2022\\\/07\\\/logo-ua-horizontal.png\",\"contentUrl\":\"https:\\\/\\\/www.uartes.edu.ec\\\/sitio\\\/wp-content\\\/uploads\\\/2022\\\/07\\\/logo-ua-horizontal.png\",\"width\":800,\"height\":276,\"caption\":\"Universidad de las Artes\"},\"image\":{\"@id\":\"https:\\\/\\\/www.uartes.edu.ec\\\/sitio\\\/#\\\/schema\\\/logo\\\/image\\\/\"},\"sameAs\":[\"https:\\\/\\\/www.facebook.com\\\/uartesec\",\"https:\\\/\\\/x.com\\\/uartesec\",\"https:\\\/\\\/www.tiktok.com\\\/@uartesec\"]},{\"@type\":\"Person\",\"@id\":\"https:\\\/\\\/www.uartes.edu.ec\\\/sitio\\\/#\\\/schema\\\/person\\\/efa1b8275797664fd7f13a79ccc0b1f4\",\"name\":\"ccortez\",\"image\":{\"@type\":\"ImageObject\",\"inLanguage\":\"es\",\"@id\":\"https:\\\/\\\/secure.gravatar.com\\\/avatar\\\/b2a6f664a3ae8e074346ef91775736c5ec479e637ecced6842de9dc98b5da9cd?s=96&d=mm&r=g\",\"url\":\"https:\\\/\\\/secure.gravatar.com\\\/avatar\\\/b2a6f664a3ae8e074346ef91775736c5ec479e637ecced6842de9dc98b5da9cd?s=96&d=mm&r=g\",\"contentUrl\":\"https:\\\/\\\/secure.gravatar.com\\\/avatar\\\/b2a6f664a3ae8e074346ef91775736c5ec479e637ecced6842de9dc98b5da9cd?s=96&d=mm&r=g\",\"caption\":\"ccortez\"},\"url\":\"https:\\\/\\\/www.uartes.edu.ec\\\/sitio\\\/blog\\\/author\\\/ccortez\\\/\"}]}<\/script>\n<!-- \/ Yoast SEO plugin. -->","yoast_head_json":{"title":"Universidad de las Artes - Daniela Tisalema y Elisa Montero, en Inter[\u2022]actos con un arte urbano que denuncia, cuestiona y honra la memoria","description":"Universidad de las Artes - Daniela Tisalema y Elisa Montero, en Inter[\u2022]actos con un arte urbano que denuncia, cuestiona y honra la memoria","robots":{"index":"index","follow":"follow","max-snippet":"max-snippet:-1","max-image-preview":"max-image-preview:large","max-video-preview":"max-video-preview:-1"},"canonical":"https:\/\/www.uartes.edu.ec\/sitio\/blog\/2025\/07\/23\/daniela-tisalema-y-elisa-montero-en-interactos-con-un-arte-urbano-que-denuncia-cuestiona-y-honra-la-memoria\/","og_locale":"es_ES","og_type":"article","og_title":"Universidad de las Artes - Daniela Tisalema y Elisa Montero, en Inter[\u2022]actos con un arte urbano que denuncia, cuestiona y honra la memoria","og_description":"Universidad de las Artes - Daniela Tisalema y Elisa Montero, en Inter[\u2022]actos con un arte urbano que denuncia, cuestiona y honra la memoria","og_url":"https:\/\/www.uartes.edu.ec\/sitio\/blog\/2025\/07\/23\/daniela-tisalema-y-elisa-montero-en-interactos-con-un-arte-urbano-que-denuncia-cuestiona-y-honra-la-memoria\/","og_site_name":"Universidad de las Artes","article_publisher":"https:\/\/www.facebook.com\/uartesec","article_published_time":"2025-07-23T22:48:00+00:00","article_modified_time":"2025-07-30T21:38:11+00:00","og_image":[{"width":2000,"height":1333,"url":"https:\/\/www.uartes.edu.ec\/sitio\/wp-content\/uploads\/2025\/07\/05-MESA-DIALOGO-ARTE-MUJERES-ESPACIO-PUBLICO.jpg","type":"image\/jpeg"}],"author":"ccortez","twitter_card":"summary_large_image","twitter_creator":"@uartesec","twitter_site":"@uartesec","twitter_misc":{"Escrito por":"ccortez","Tiempo de lectura":"5 minutos"},"schema":{"@context":"https:\/\/schema.org","@graph":[{"@type":"Article","@id":"https:\/\/www.uartes.edu.ec\/sitio\/blog\/2025\/07\/23\/daniela-tisalema-y-elisa-montero-en-interactos-con-un-arte-urbano-que-denuncia-cuestiona-y-honra-la-memoria\/#article","isPartOf":{"@id":"https:\/\/www.uartes.edu.ec\/sitio\/blog\/2025\/07\/23\/daniela-tisalema-y-elisa-montero-en-interactos-con-un-arte-urbano-que-denuncia-cuestiona-y-honra-la-memoria\/"},"author":{"name":"ccortez","@id":"https:\/\/www.uartes.edu.ec\/sitio\/#\/schema\/person\/efa1b8275797664fd7f13a79ccc0b1f4"},"headline":"Daniela Tisalema y Elisa Montero, en Inter[\u2022]actos con un arte urbano que denuncia, cuestiona y honra la memoria","datePublished":"2025-07-23T22:48:00+00:00","dateModified":"2025-07-30T21:38:11+00:00","mainEntityOfPage":{"@id":"https:\/\/www.uartes.edu.ec\/sitio\/blog\/2025\/07\/23\/daniela-tisalema-y-elisa-montero-en-interactos-con-un-arte-urbano-que-denuncia-cuestiona-y-honra-la-memoria\/"},"wordCount":1069,"commentCount":0,"publisher":{"@id":"https:\/\/www.uartes.edu.ec\/sitio\/#organization"},"image":{"@id":"https:\/\/www.uartes.edu.ec\/sitio\/blog\/2025\/07\/23\/daniela-tisalema-y-elisa-montero-en-interactos-con-un-arte-urbano-que-denuncia-cuestiona-y-honra-la-memoria\/#primaryimage"},"thumbnailUrl":"https:\/\/www.uartes.edu.ec\/sitio\/wp-content\/uploads\/2025\/07\/05-MESA-DIALOGO-ARTE-MUJERES-ESPACIO-PUBLICO.jpg","keywords":["interactos"],"articleSection":["Acad\u00e9mico","Administrativos","Alumni","Artes","Artes Visuales","Docentes","Estudiantes","Gesti\u00f3n","Transversal"],"inLanguage":"es","potentialAction":[{"@type":"CommentAction","name":"Comment","target":["https:\/\/www.uartes.edu.ec\/sitio\/blog\/2025\/07\/23\/daniela-tisalema-y-elisa-montero-en-interactos-con-un-arte-urbano-que-denuncia-cuestiona-y-honra-la-memoria\/#respond"]}]},{"@type":["WebPage","ItemPage"],"@id":"https:\/\/www.uartes.edu.ec\/sitio\/blog\/2025\/07\/23\/daniela-tisalema-y-elisa-montero-en-interactos-con-un-arte-urbano-que-denuncia-cuestiona-y-honra-la-memoria\/","url":"https:\/\/www.uartes.edu.ec\/sitio\/blog\/2025\/07\/23\/daniela-tisalema-y-elisa-montero-en-interactos-con-un-arte-urbano-que-denuncia-cuestiona-y-honra-la-memoria\/","name":"Universidad de las Artes - Daniela Tisalema y Elisa Montero, en Inter[\u2022]actos con un arte urbano que denuncia, cuestiona y honra la memoria","isPartOf":{"@id":"https:\/\/www.uartes.edu.ec\/sitio\/#website"},"primaryImageOfPage":{"@id":"https:\/\/www.uartes.edu.ec\/sitio\/blog\/2025\/07\/23\/daniela-tisalema-y-elisa-montero-en-interactos-con-un-arte-urbano-que-denuncia-cuestiona-y-honra-la-memoria\/#primaryimage"},"image":{"@id":"https:\/\/www.uartes.edu.ec\/sitio\/blog\/2025\/07\/23\/daniela-tisalema-y-elisa-montero-en-interactos-con-un-arte-urbano-que-denuncia-cuestiona-y-honra-la-memoria\/#primaryimage"},"thumbnailUrl":"https:\/\/www.uartes.edu.ec\/sitio\/wp-content\/uploads\/2025\/07\/05-MESA-DIALOGO-ARTE-MUJERES-ESPACIO-PUBLICO.jpg","datePublished":"2025-07-23T22:48:00+00:00","dateModified":"2025-07-30T21:38:11+00:00","description":"Universidad de las Artes - Daniela Tisalema y Elisa Montero, en Inter[\u2022]actos con un arte urbano que denuncia, cuestiona y honra la memoria","breadcrumb":{"@id":"https:\/\/www.uartes.edu.ec\/sitio\/blog\/2025\/07\/23\/daniela-tisalema-y-elisa-montero-en-interactos-con-un-arte-urbano-que-denuncia-cuestiona-y-honra-la-memoria\/#breadcrumb"},"inLanguage":"es","potentialAction":[{"@type":"ReadAction","target":["https:\/\/www.uartes.edu.ec\/sitio\/blog\/2025\/07\/23\/daniela-tisalema-y-elisa-montero-en-interactos-con-un-arte-urbano-que-denuncia-cuestiona-y-honra-la-memoria\/"]}]},{"@type":"ImageObject","inLanguage":"es","@id":"https:\/\/www.uartes.edu.ec\/sitio\/blog\/2025\/07\/23\/daniela-tisalema-y-elisa-montero-en-interactos-con-un-arte-urbano-que-denuncia-cuestiona-y-honra-la-memoria\/#primaryimage","url":"https:\/\/www.uartes.edu.ec\/sitio\/wp-content\/uploads\/2025\/07\/05-MESA-DIALOGO-ARTE-MUJERES-ESPACIO-PUBLICO.jpg","contentUrl":"https:\/\/www.uartes.edu.ec\/sitio\/wp-content\/uploads\/2025\/07\/05-MESA-DIALOGO-ARTE-MUJERES-ESPACIO-PUBLICO.jpg","width":2000,"height":1333},{"@type":"BreadcrumbList","@id":"https:\/\/www.uartes.edu.ec\/sitio\/blog\/2025\/07\/23\/daniela-tisalema-y-elisa-montero-en-interactos-con-un-arte-urbano-que-denuncia-cuestiona-y-honra-la-memoria\/#breadcrumb","itemListElement":[{"@type":"ListItem","position":1,"name":"Inicio","item":"https:\/\/www.uartes.edu.ec\/sitio\/"},{"@type":"ListItem","position":2,"name":"Daniela Tisalema y Elisa Montero, en Inter[\u2022]actos con un arte urbano que denuncia, cuestiona y honra la memoria"}]},{"@type":"WebSite","@id":"https:\/\/www.uartes.edu.ec\/sitio\/#website","url":"https:\/\/www.uartes.edu.ec\/sitio\/","name":"Universidad de las Artes","description":"Sitio oficial de la Universidad Nacional de las Artes del Ecuador","publisher":{"@id":"https:\/\/www.uartes.edu.ec\/sitio\/#organization"},"potentialAction":[{"@type":"SearchAction","target":{"@type":"EntryPoint","urlTemplate":"https:\/\/www.uartes.edu.ec\/sitio\/?s={search_term_string}"},"query-input":{"@type":"PropertyValueSpecification","valueRequired":true,"valueName":"search_term_string"}}],"inLanguage":"es"},{"@type":"Organization","@id":"https:\/\/www.uartes.edu.ec\/sitio\/#organization","name":"Universidad de las Artes","url":"https:\/\/www.uartes.edu.ec\/sitio\/","logo":{"@type":"ImageObject","inLanguage":"es","@id":"https:\/\/www.uartes.edu.ec\/sitio\/#\/schema\/logo\/image\/","url":"https:\/\/www.uartes.edu.ec\/sitio\/wp-content\/uploads\/2022\/07\/logo-ua-horizontal.png","contentUrl":"https:\/\/www.uartes.edu.ec\/sitio\/wp-content\/uploads\/2022\/07\/logo-ua-horizontal.png","width":800,"height":276,"caption":"Universidad de las Artes"},"image":{"@id":"https:\/\/www.uartes.edu.ec\/sitio\/#\/schema\/logo\/image\/"},"sameAs":["https:\/\/www.facebook.com\/uartesec","https:\/\/x.com\/uartesec","https:\/\/www.tiktok.com\/@uartesec"]},{"@type":"Person","@id":"https:\/\/www.uartes.edu.ec\/sitio\/#\/schema\/person\/efa1b8275797664fd7f13a79ccc0b1f4","name":"ccortez","image":{"@type":"ImageObject","inLanguage":"es","@id":"https:\/\/secure.gravatar.com\/avatar\/b2a6f664a3ae8e074346ef91775736c5ec479e637ecced6842de9dc98b5da9cd?s=96&d=mm&r=g","url":"https:\/\/secure.gravatar.com\/avatar\/b2a6f664a3ae8e074346ef91775736c5ec479e637ecced6842de9dc98b5da9cd?s=96&d=mm&r=g","contentUrl":"https:\/\/secure.gravatar.com\/avatar\/b2a6f664a3ae8e074346ef91775736c5ec479e637ecced6842de9dc98b5da9cd?s=96&d=mm&r=g","caption":"ccortez"},"url":"https:\/\/www.uartes.edu.ec\/sitio\/blog\/author\/ccortez\/"}]}},"uagb_featured_image_src":{"full":["https:\/\/www.uartes.edu.ec\/sitio\/wp-content\/uploads\/2025\/07\/05-MESA-DIALOGO-ARTE-MUJERES-ESPACIO-PUBLICO.jpg",2000,1333,false],"thumbnail":["https:\/\/www.uartes.edu.ec\/sitio\/wp-content\/uploads\/2025\/07\/05-MESA-DIALOGO-ARTE-MUJERES-ESPACIO-PUBLICO-150x150.jpg",150,150,true],"medium":["https:\/\/www.uartes.edu.ec\/sitio\/wp-content\/uploads\/2025\/07\/05-MESA-DIALOGO-ARTE-MUJERES-ESPACIO-PUBLICO-300x200.jpg",300,200,true],"medium_large":["https:\/\/www.uartes.edu.ec\/sitio\/wp-content\/uploads\/2025\/07\/05-MESA-DIALOGO-ARTE-MUJERES-ESPACIO-PUBLICO-768x512.jpg",768,512,true],"large":["https:\/\/www.uartes.edu.ec\/sitio\/wp-content\/uploads\/2025\/07\/05-MESA-DIALOGO-ARTE-MUJERES-ESPACIO-PUBLICO-644x429.jpg",644,429,true],"1536x1536":["https:\/\/www.uartes.edu.ec\/sitio\/wp-content\/uploads\/2025\/07\/05-MESA-DIALOGO-ARTE-MUJERES-ESPACIO-PUBLICO-1536x1024.jpg",1536,1024,true],"2048x2048":["https:\/\/www.uartes.edu.ec\/sitio\/wp-content\/uploads\/2025\/07\/05-MESA-DIALOGO-ARTE-MUJERES-ESPACIO-PUBLICO.jpg",2000,1333,false],"trp-custom-language-flag":["https:\/\/www.uartes.edu.ec\/sitio\/wp-content\/uploads\/2025\/07\/05-MESA-DIALOGO-ARTE-MUJERES-ESPACIO-PUBLICO-18x12.jpg",18,12,true],"htmega_size_585x295":["https:\/\/www.uartes.edu.ec\/sitio\/wp-content\/uploads\/2025\/07\/05-MESA-DIALOGO-ARTE-MUJERES-ESPACIO-PUBLICO-585x295.jpg",585,295,true],"htmega_size_1170x536":["https:\/\/www.uartes.edu.ec\/sitio\/wp-content\/uploads\/2025\/07\/05-MESA-DIALOGO-ARTE-MUJERES-ESPACIO-PUBLICO-1170x536.jpg",1170,536,true],"htmega_size_396x360":["https:\/\/www.uartes.edu.ec\/sitio\/wp-content\/uploads\/2025\/07\/05-MESA-DIALOGO-ARTE-MUJERES-ESPACIO-PUBLICO-396x360.jpg",396,360,true],"gb-block-post-grid-landscape":["https:\/\/www.uartes.edu.ec\/sitio\/wp-content\/uploads\/2025\/07\/05-MESA-DIALOGO-ARTE-MUJERES-ESPACIO-PUBLICO-600x400.jpg",600,400,true],"gb-block-post-grid-square":["https:\/\/www.uartes.edu.ec\/sitio\/wp-content\/uploads\/2025\/07\/05-MESA-DIALOGO-ARTE-MUJERES-ESPACIO-PUBLICO-600x600.jpg",600,600,true],"university-hub-thumb":["https:\/\/www.uartes.edu.ec\/sitio\/wp-content\/uploads\/2025\/07\/05-MESA-DIALOGO-ARTE-MUJERES-ESPACIO-PUBLICO-400x267.jpg",400,267,true],"mailpoet_newsletter_max":["https:\/\/www.uartes.edu.ec\/sitio\/wp-content\/uploads\/2025\/07\/05-MESA-DIALOGO-ARTE-MUJERES-ESPACIO-PUBLICO.jpg",1320,880,false]},"uagb_author_info":{"display_name":"ccortez","author_link":"https:\/\/www.uartes.edu.ec\/sitio\/blog\/author\/ccortez\/"},"uagb_comment_info":0,"uagb_excerpt":"Participaron en la VI edici\u00f3n de \u201cArtes, mujeres, memoria y espacio p\u00fablico\u201d, que en este a\u00f1o se desarroll\u00f3 en el marco de Inter[\u2022]actos. Daniela Tisalema y Elisa Montero comparten una misma pasi\u00f3n por el arte urbano, aquel que se hace y reclama espacio para interpelar, para denunciar, para cuestionar. Las artistas hablan de la convivencia&hellip;","featured_image_src":"https:\/\/www.uartes.edu.ec\/sitio\/wp-content\/uploads\/2025\/07\/05-MESA-DIALOGO-ARTE-MUJERES-ESPACIO-PUBLICO-600x400.jpg","featured_image_src_square":"https:\/\/www.uartes.edu.ec\/sitio\/wp-content\/uploads\/2025\/07\/05-MESA-DIALOGO-ARTE-MUJERES-ESPACIO-PUBLICO-600x600.jpg","author_info":{"display_name":"ccortez","author_link":"https:\/\/www.uartes.edu.ec\/sitio\/blog\/author\/ccortez\/"},"publishpress_future_workflow_manual_trigger":{"enabledWorkflows":[]},"distributor_meta":false,"distributor_terms":false,"distributor_media":false,"distributor_original_site_name":"Universidad de las Artes","distributor_original_site_url":"https:\/\/www.uartes.edu.ec\/sitio","push-errors":false,"_links":{"self":[{"href":"https:\/\/www.uartes.edu.ec\/sitio\/wp-json\/wp\/v2\/posts\/75931","targetHints":{"allow":["GET"]}}],"collection":[{"href":"https:\/\/www.uartes.edu.ec\/sitio\/wp-json\/wp\/v2\/posts"}],"about":[{"href":"https:\/\/www.uartes.edu.ec\/sitio\/wp-json\/wp\/v2\/types\/post"}],"author":[{"embeddable":true,"href":"https:\/\/www.uartes.edu.ec\/sitio\/wp-json\/wp\/v2\/users\/10"}],"replies":[{"embeddable":true,"href":"https:\/\/www.uartes.edu.ec\/sitio\/wp-json\/wp\/v2\/comments?post=75931"}],"version-history":[{"count":2,"href":"https:\/\/www.uartes.edu.ec\/sitio\/wp-json\/wp\/v2\/posts\/75931\/revisions"}],"predecessor-version":[{"id":75952,"href":"https:\/\/www.uartes.edu.ec\/sitio\/wp-json\/wp\/v2\/posts\/75931\/revisions\/75952"}],"wp:featuredmedia":[{"embeddable":true,"href":"https:\/\/www.uartes.edu.ec\/sitio\/wp-json\/wp\/v2\/media\/75932"}],"wp:attachment":[{"href":"https:\/\/www.uartes.edu.ec\/sitio\/wp-json\/wp\/v2\/media?parent=75931"}],"wp:term":[{"taxonomy":"category","embeddable":true,"href":"https:\/\/www.uartes.edu.ec\/sitio\/wp-json\/wp\/v2\/categories?post=75931"},{"taxonomy":"post_tag","embeddable":true,"href":"https:\/\/www.uartes.edu.ec\/sitio\/wp-json\/wp\/v2\/tags?post=75931"},{"taxonomy":"infouartes","embeddable":true,"href":"https:\/\/www.uartes.edu.ec\/sitio\/wp-json\/wp\/v2\/infouartes?post=75931"}],"curies":[{"name":"wp","href":"https:\/\/api.w.org\/{rel}","templated":true}]}}