{"id":76904,"date":"2025-08-07T16:57:55","date_gmt":"2025-08-07T21:57:55","guid":{"rendered":"https:\/\/www.uartes.edu.ec\/sitio\/?p=76904"},"modified":"2025-08-12T17:43:18","modified_gmt":"2025-08-12T22:43:18","slug":"tras-participar-en-el-salon-de-julio-jorge-morocho-inauguro-florita-almada-alumnus-uartes-continua-su-carrera-artistica-en-suiza","status":"publish","type":"post","link":"https:\/\/www.uartes.edu.ec\/sitio\/blog\/2025\/08\/07\/tras-participar-en-el-salon-de-julio-jorge-morocho-inauguro-florita-almada-alumnus-uartes-continua-su-carrera-artistica-en-suiza\/","title":{"rendered":"Tras participar en el Sal\u00f3n de Julio 2025, Jorge Morocho inaugur\u00f3 \u201cFlorita Almada\u201d; alumnus contin\u00faa su carrera en Suiza"},"content":{"rendered":"\n<p>Cinco pinturas de reciente producci\u00f3n conforman la muestra \u201cFlorita Almada\u201d que Jorge Morocho Ibarra inaugur\u00f3 ayer, mi\u00e9rcoles 6 de agosto, en la galer\u00eda Casa del Barrio. Ganador del primer lugar del Sal\u00f3n de Julio del 2015 y 2016, de una Menci\u00f3n de Honor en 2014 y de un reconocimiento similar en la edici\u00f3n de este a\u00f1o \u2013la n\u00famero 64\u2013 del certamen, el artista ecuatoriano es alumnus de la Universidad de las Artes, graduado en la Escuela de Artes Visuales.<\/p>\n\n\n\n<p>La suya es una exhibici\u00f3n de arte contempor\u00e1neo y en su pr\u00e1ctica art\u00edstica, Jorge Morocho abarca \u2013junto con la pintura\u2013 el video y la escritura. De \u201cFlorita Almada\u201d su curador, Rodolfo Kronfle Chambers, se\u00f1ala que es un personaje secundario de la monumental novela p\u00f3stuma \u201c2666\u201d del escritor chileno Roberto Bola\u00f1o. En el libro se la caracteriza como una vidente, una ps\u00edquica que aparec\u00eda en los medios y que sobresale como un referente de dignidad y conciencia \u00e9tica en medio de una sociedad indiferente, encarnando la memoria y la resistencia pasiva en una ciudad atrapada por el mal.<\/p>\n\n\n\n<p>Al artista le atrajo que el personaje se sit\u00fae en un lugar intermedio entre lo ritual, lo incomprensible, lo prof\u00e9tico, lo grotesco y lo medi\u00e1tico. \u201cDe alguna manera esta figura le recordaba a su t\u00eda Rosita. Este antecedente, que hab\u00eda que despejar, es tan solo una instancia m\u00e1s de la dislocada articulaci\u00f3n de imaginarios que cita y re\u00fane el artista en su obra, escribe Kronfle en el texto curatorial.<\/p>\n\n\n<div class=\"wp-block-image\">\n<figure class=\"aligncenter size-large\"><img fetchpriority=\"high\" decoding=\"async\" width=\"644\" height=\"429\" src=\"https:\/\/www.uartes.edu.ec\/sitio\/wp-content\/uploads\/2025\/08\/Proyecto-Cambiar-tamano-de-imagen-2025-08-08T173827.212-644x429.jpeg\" alt=\"\" class=\"wp-image-76906\" srcset=\"https:\/\/www.uartes.edu.ec\/sitio\/wp-content\/uploads\/2025\/08\/Proyecto-Cambiar-tamano-de-imagen-2025-08-08T173827.212-644x429.jpeg 644w, https:\/\/www.uartes.edu.ec\/sitio\/wp-content\/uploads\/2025\/08\/Proyecto-Cambiar-tamano-de-imagen-2025-08-08T173827.212-300x200.jpeg 300w, https:\/\/www.uartes.edu.ec\/sitio\/wp-content\/uploads\/2025\/08\/Proyecto-Cambiar-tamano-de-imagen-2025-08-08T173827.212-768x512.jpeg 768w, https:\/\/www.uartes.edu.ec\/sitio\/wp-content\/uploads\/2025\/08\/Proyecto-Cambiar-tamano-de-imagen-2025-08-08T173827.212-1536x1024.jpeg 1536w, https:\/\/www.uartes.edu.ec\/sitio\/wp-content\/uploads\/2025\/08\/Proyecto-Cambiar-tamano-de-imagen-2025-08-08T173827.212-18x12.jpeg 18w, https:\/\/www.uartes.edu.ec\/sitio\/wp-content\/uploads\/2025\/08\/Proyecto-Cambiar-tamano-de-imagen-2025-08-08T173827.212-600x400.jpeg 600w, https:\/\/www.uartes.edu.ec\/sitio\/wp-content\/uploads\/2025\/08\/Proyecto-Cambiar-tamano-de-imagen-2025-08-08T173827.212-400x267.jpeg 400w, https:\/\/www.uartes.edu.ec\/sitio\/wp-content\/uploads\/2025\/08\/Proyecto-Cambiar-tamano-de-imagen-2025-08-08T173827.212.jpeg 2000w\" sizes=\"(max-width: 644px) 100vw, 644px\" \/><\/figure>\n<\/div>\n\n<div class=\"wp-block-image\">\n<figure class=\"aligncenter size-large is-resized\"><img decoding=\"async\" width=\"644\" height=\"429\" src=\"https:\/\/www.uartes.edu.ec\/sitio\/wp-content\/uploads\/2025\/08\/Proyecto-Cambiar-tamano-de-imagen-2025-08-12T172538.151-644x429.jpeg\" alt=\"\" class=\"wp-image-76908\" style=\"aspect-ratio:1.5011837552358405;width:527px;height:auto\" srcset=\"https:\/\/www.uartes.edu.ec\/sitio\/wp-content\/uploads\/2025\/08\/Proyecto-Cambiar-tamano-de-imagen-2025-08-12T172538.151-644x429.jpeg 644w, https:\/\/www.uartes.edu.ec\/sitio\/wp-content\/uploads\/2025\/08\/Proyecto-Cambiar-tamano-de-imagen-2025-08-12T172538.151-300x200.jpeg 300w, https:\/\/www.uartes.edu.ec\/sitio\/wp-content\/uploads\/2025\/08\/Proyecto-Cambiar-tamano-de-imagen-2025-08-12T172538.151-768x512.jpeg 768w, https:\/\/www.uartes.edu.ec\/sitio\/wp-content\/uploads\/2025\/08\/Proyecto-Cambiar-tamano-de-imagen-2025-08-12T172538.151-1536x1024.jpeg 1536w, https:\/\/www.uartes.edu.ec\/sitio\/wp-content\/uploads\/2025\/08\/Proyecto-Cambiar-tamano-de-imagen-2025-08-12T172538.151-18x12.jpeg 18w, https:\/\/www.uartes.edu.ec\/sitio\/wp-content\/uploads\/2025\/08\/Proyecto-Cambiar-tamano-de-imagen-2025-08-12T172538.151-600x400.jpeg 600w, https:\/\/www.uartes.edu.ec\/sitio\/wp-content\/uploads\/2025\/08\/Proyecto-Cambiar-tamano-de-imagen-2025-08-12T172538.151-400x267.jpeg 400w, https:\/\/www.uartes.edu.ec\/sitio\/wp-content\/uploads\/2025\/08\/Proyecto-Cambiar-tamano-de-imagen-2025-08-12T172538.151.jpeg 2000w\" sizes=\"(max-width: 644px) 100vw, 644px\" \/><\/figure>\n<\/div>\n\n\n<p>Se\u00f1ala tambi\u00e9n el amplio espectro en cuanto a las fuentes y los estilos visuales implicados, estos \u2013que se filtran en su experiencia cotidiana consumiendo im\u00e1genes de todo tipo\u2013 pueden provenir del mundo publicitario, cinematogr\u00e1fico, literario, de la cultura popular, del espect\u00e1culo, del esoterismo, de lo paranormal o de lo ordinario. \u201cMorocho, y unos pocos otros de su generaci\u00f3n, refrescaron localmente los \u00e1ngulos con que operaba la apropiaci\u00f3n y reciclaje de im\u00e1genes, distanci\u00e1ndose de la generaci\u00f3n previa a ellos, donde este recurso se caracterizaba por el desv\u00edo, la resignificaci\u00f3n e iron\u00eda con filos pol\u00edtico-activistas inclinados hacia lo coyuntural\u201d.<\/p>\n\n\n\n<p>La variedad de lo expuesto en \u201cFlorita Almada\u201d, sostiene el curador, es provocadora: ninguna pieza se parece a otra. \u201cSi bien hay un procedimiento subyacente \u2013intelectualmente decantado\u2013, no hay manierismos pict\u00f3ricos que unifiquen su gesto, un riesgo que pocos artistas locales toman una vez que desarrollan una po\u00e9tica estable y una gram\u00e1tica de estilo reconocible. Esto es algo que Morocho prefiere esquivar; para \u00e9l la pintura es una herramienta que emplea m\u00e1s con sospecha y frialdad que romanticismo, desprovisto de inocencia y cuestionando sus mecanismos a lo largo de su propia tradici\u00f3n.<\/p>\n\n\n\n<p>El artista habla de abordar la pintura como simulacro. Al hacerlo sit\u00faa, adem\u00e1s, una postura recelosa con respecto a la pintura dentro del engranaje comercial del mundo del arte, lo que supone una vuelta de tuerca adicional a la larga tradici\u00f3n de cr\u00edtica institucional en tiempos del capitalismo tard\u00edo y de la hipertrofia de im\u00e1genes que satura nuestro presente. (\u2026) Al hacer un paneo por la sala notamos c\u00f3mo el sentido \u00faltimo de su trabajo no reside en ninguna obra espec\u00edfica, sino en el acto en s\u00ed de la enga\u00f1osamente espont\u00e1nea acumulaci\u00f3n de elementos representados.<\/p>\n\n\n<div class=\"wp-block-image\">\n<figure class=\"aligncenter size-large\"><img decoding=\"async\" width=\"644\" height=\"429\" src=\"https:\/\/www.uartes.edu.ec\/sitio\/wp-content\/uploads\/2025\/08\/Proyecto-Cambiar-tamano-de-imagen-2025-08-08T173142.978-644x429.jpeg\" alt=\"\" class=\"wp-image-76907\" srcset=\"https:\/\/www.uartes.edu.ec\/sitio\/wp-content\/uploads\/2025\/08\/Proyecto-Cambiar-tamano-de-imagen-2025-08-08T173142.978-644x429.jpeg 644w, https:\/\/www.uartes.edu.ec\/sitio\/wp-content\/uploads\/2025\/08\/Proyecto-Cambiar-tamano-de-imagen-2025-08-08T173142.978-300x200.jpeg 300w, https:\/\/www.uartes.edu.ec\/sitio\/wp-content\/uploads\/2025\/08\/Proyecto-Cambiar-tamano-de-imagen-2025-08-08T173142.978-768x512.jpeg 768w, https:\/\/www.uartes.edu.ec\/sitio\/wp-content\/uploads\/2025\/08\/Proyecto-Cambiar-tamano-de-imagen-2025-08-08T173142.978-1536x1024.jpeg 1536w, https:\/\/www.uartes.edu.ec\/sitio\/wp-content\/uploads\/2025\/08\/Proyecto-Cambiar-tamano-de-imagen-2025-08-08T173142.978-18x12.jpeg 18w, https:\/\/www.uartes.edu.ec\/sitio\/wp-content\/uploads\/2025\/08\/Proyecto-Cambiar-tamano-de-imagen-2025-08-08T173142.978-600x400.jpeg 600w, https:\/\/www.uartes.edu.ec\/sitio\/wp-content\/uploads\/2025\/08\/Proyecto-Cambiar-tamano-de-imagen-2025-08-08T173142.978-400x267.jpeg 400w, https:\/\/www.uartes.edu.ec\/sitio\/wp-content\/uploads\/2025\/08\/Proyecto-Cambiar-tamano-de-imagen-2025-08-08T173142.978.jpeg 2000w\" sizes=\"(max-width: 644px) 100vw, 644px\" \/><\/figure>\n<\/div>\n\n\n<p>Kronfle sostiene que las obras expuestas de Jorge Morocho no son m\u00e1s que el reflejo de su propia percepci\u00f3n fragmentada y caprichosa de la realidad; \u201cparte de mi proceso para hacer estas piezas es realmente pensar en las cosas que elijo pintar, intentar obsesionarme con ellas y descubrir c\u00f3mo quiero narrativizarlas\u201d. El resultado es un variopinto fest\u00edn retiniano y \u2013a la vez\u2013 una invitaci\u00f3n al pensamiento.<\/p>\n\n\n\n<h3 class=\"wp-block-heading\">Antes y despu\u00e9s de la UArtes<\/h3>\n\n\n\n<p>Jorge Morocho comenz\u00f3 su formaci\u00f3n art\u00edstica en el Instituto Tecnol\u00f3gico de Artes del Ecuador (ITAE) en Guayaquil, donde trabaj\u00f3 como asistente de c\u00e1tedra en Cine y Montaje, y desarroll\u00f3 una pr\u00e1ctica centrada en el video. Posteriormente, durante sus estudios en la Universidad de las Artes, donde obtuvo su licenciatura, hizo una transici\u00f3n hacia la pintura, la cual desde entonces se ha vuelto central en su trabajo.<\/p>\n\n\n\n<p>En la UArtes, al titularse en Artes Visuales, en 2018, recibi\u00f3 una menci\u00f3n especial en pintura. En 2024, Morocho complet\u00f3 su MFA en la FHNW Academy of Art and Design en Basel, Suiza. Actualmente reside en Basilea. Su trabajo ha sido seleccionado para exposiciones como Regionale 2024 y Plattform 2025, y su obra exhibida en instituciones como el Centre d\u2019art Neuch\u00e2tel, Kunsthaus Baselland (Basel), Mabe Gallery (Ginebra), Ginsberg Gallery (Madrid), Museo Antropol\u00f3gico y de Arte Contempor\u00e1neo (Guayaquil), Museo Municipal de Guayaquil, Museo Nahim Isa\u00edas (Guayaquil), Centro de Arte Contempor\u00e1neo (Quito), Grau Galer\u00eda (Lima), Q Galer\u00eda (Quito), No Lugar (Quito), No M\u00ednimo (Guayaquil), DPM Gallery (Guayaquil), Violenta (Guayaquil). Ha sido presentada tambi\u00e9n en ferias de arte como Art Lima (Lima) y Ch.ACO (Santiago).<\/p>\n\n\n\n<p>\u201cFlorita Almada\u201d se mantendr\u00e1 mes y medio en la galer\u00eda Casa del Barrio, ubicada en Calle La Moderna 5-6 de la v\u00eda a Samborond\u00f3n; el horario regular de atenci\u00f3n es de martes a s\u00e1bado, de 16:00 a 20:00.<\/p>\n\n\n\n<p>Texto y fotos: colaboraci\u00f3n de Lorena Falcon\u00ed, gestora cultural graduada en la UArtes. Edici\u00f3n: Carmen Cortez\/Dircom.<\/p>\n\n\n\n<p><\/p>\n","protected":false},"excerpt":{"rendered":"<p>Cinco pinturas conforman la muestra \u201cFlorita Almada\u201d que Jorge Morocho Ibarra inaugur\u00f3 ayer, 6 de agosto, en la galer\u00eda Casa del Barrio. El artista se gradu\u00f3 en la UArtes y ha continuado su carrera en Suiza, sin dejar de tener presencia en el pa\u00eds. En la edici\u00f3n de este a\u00f1o del Sal\u00f3n de Julio obtuvo una Menci\u00f3n de Honor, distinci\u00f3n que ya recibi\u00f3 en 2014 y por dos a\u00f1os consecutivos, 2015 y 2016, gan\u00f3 el primer lugar del certamen.<\/p>\n","protected":false},"author":10,"featured_media":76905,"comment_status":"open","ping_status":"open","sticky":false,"template":"","format":"standard","meta":{"_acf_changed":false,"_uag_custom_page_level_css":"","_monsterinsights_skip_tracking":false,"_monsterinsights_sitenote_active":false,"_monsterinsights_sitenote_note":"","_monsterinsights_sitenote_category":0,"cybocfi_hide_featured_image":"","footnotes":""},"categories":[490,82],"tags":[517],"infouartes":[],"class_list":["post-76904","post","type-post","status-publish","format-standard","has-post-thumbnail","hentry","category-alumni","category-artes","tag-exposicion"],"acf":[],"yoast_head":"<!-- This site is optimized with the Yoast SEO plugin v27.4 - https:\/\/yoast.com\/product\/yoast-seo-wordpress\/ -->\n<title>Universidad de las Artes - Tras participar en el Sal\u00f3n de Julio 2025, Jorge Morocho inaugur\u00f3 \u201cFlorita Almada\u201d; alumnus contin\u00faa su carrera en Suiza<\/title>\n<meta name=\"description\" content=\"Universidad de las Artes - Tras participar en el Sal\u00f3n de Julio 2025, Jorge Morocho inaugur\u00f3 \u201cFlorita Almada\u201d; alumnus contin\u00faa su carrera en Suiza\" \/>\n<meta name=\"robots\" content=\"index, follow, max-snippet:-1, max-image-preview:large, max-video-preview:-1\" \/>\n<link rel=\"canonical\" href=\"https:\/\/www.uartes.edu.ec\/sitio\/blog\/2025\/08\/07\/tras-participar-en-el-salon-de-julio-jorge-morocho-inauguro-florita-almada-alumnus-uartes-continua-su-carrera-artistica-en-suiza\/\" \/>\n<meta property=\"og:locale\" content=\"es_ES\" \/>\n<meta property=\"og:type\" content=\"article\" \/>\n<meta property=\"og:title\" content=\"Universidad de las Artes - Tras participar en el Sal\u00f3n de Julio 2025, Jorge Morocho inaugur\u00f3 \u201cFlorita Almada\u201d; alumnus contin\u00faa su carrera en Suiza\" \/>\n<meta property=\"og:description\" content=\"Universidad de las Artes - Tras participar en el Sal\u00f3n de Julio 2025, Jorge Morocho inaugur\u00f3 \u201cFlorita Almada\u201d; alumnus contin\u00faa su carrera en Suiza\" \/>\n<meta property=\"og:url\" content=\"https:\/\/www.uartes.edu.ec\/sitio\/blog\/2025\/08\/07\/tras-participar-en-el-salon-de-julio-jorge-morocho-inauguro-florita-almada-alumnus-uartes-continua-su-carrera-artistica-en-suiza\/\" \/>\n<meta property=\"og:site_name\" content=\"Universidad de las Artes\" \/>\n<meta property=\"article:publisher\" content=\"https:\/\/www.facebook.com\/uartesec\" \/>\n<meta property=\"article:published_time\" content=\"2025-08-07T21:57:55+00:00\" \/>\n<meta property=\"article:modified_time\" content=\"2025-08-12T22:43:18+00:00\" \/>\n<meta property=\"og:image\" content=\"https:\/\/www.uartes.edu.ec\/sitio\/wp-content\/uploads\/2025\/08\/Proyecto-Cambiar-tamano-de-imagen-2025-08-08T171726.175.jpeg\" \/>\n\t<meta property=\"og:image:width\" content=\"2000\" \/>\n\t<meta property=\"og:image:height\" content=\"1333\" \/>\n\t<meta property=\"og:image:type\" content=\"image\/jpeg\" \/>\n<meta name=\"author\" content=\"ccortez\" \/>\n<meta name=\"twitter:card\" content=\"summary_large_image\" \/>\n<meta name=\"twitter:creator\" content=\"@uartesec\" \/>\n<meta name=\"twitter:site\" content=\"@uartesec\" \/>\n<meta name=\"twitter:label1\" content=\"Escrito por\" \/>\n\t<meta name=\"twitter:data1\" content=\"ccortez\" \/>\n\t<meta name=\"twitter:label2\" content=\"Tiempo de lectura\" \/>\n\t<meta name=\"twitter:data2\" content=\"5 minutos\" \/>\n<script type=\"application\/ld+json\" class=\"yoast-schema-graph\">{\"@context\":\"https:\\\/\\\/schema.org\",\"@graph\":[{\"@type\":\"Article\",\"@id\":\"https:\\\/\\\/www.uartes.edu.ec\\\/sitio\\\/blog\\\/2025\\\/08\\\/07\\\/tras-participar-en-el-salon-de-julio-jorge-morocho-inauguro-florita-almada-alumnus-uartes-continua-su-carrera-artistica-en-suiza\\\/#article\",\"isPartOf\":{\"@id\":\"https:\\\/\\\/www.uartes.edu.ec\\\/sitio\\\/blog\\\/2025\\\/08\\\/07\\\/tras-participar-en-el-salon-de-julio-jorge-morocho-inauguro-florita-almada-alumnus-uartes-continua-su-carrera-artistica-en-suiza\\\/\"},\"author\":{\"name\":\"ccortez\",\"@id\":\"https:\\\/\\\/www.uartes.edu.ec\\\/sitio\\\/#\\\/schema\\\/person\\\/efa1b8275797664fd7f13a79ccc0b1f4\"},\"headline\":\"Tras participar en el Sal\u00f3n de Julio 2025, Jorge Morocho inaugur\u00f3 \u201cFlorita Almada\u201d; alumnus contin\u00faa su carrera en Suiza\",\"datePublished\":\"2025-08-07T21:57:55+00:00\",\"dateModified\":\"2025-08-12T22:43:18+00:00\",\"mainEntityOfPage\":{\"@id\":\"https:\\\/\\\/www.uartes.edu.ec\\\/sitio\\\/blog\\\/2025\\\/08\\\/07\\\/tras-participar-en-el-salon-de-julio-jorge-morocho-inauguro-florita-almada-alumnus-uartes-continua-su-carrera-artistica-en-suiza\\\/\"},\"wordCount\":937,\"commentCount\":0,\"publisher\":{\"@id\":\"https:\\\/\\\/www.uartes.edu.ec\\\/sitio\\\/#organization\"},\"image\":{\"@id\":\"https:\\\/\\\/www.uartes.edu.ec\\\/sitio\\\/blog\\\/2025\\\/08\\\/07\\\/tras-participar-en-el-salon-de-julio-jorge-morocho-inauguro-florita-almada-alumnus-uartes-continua-su-carrera-artistica-en-suiza\\\/#primaryimage\"},\"thumbnailUrl\":\"https:\\\/\\\/www.uartes.edu.ec\\\/sitio\\\/wp-content\\\/uploads\\\/2025\\\/08\\\/Proyecto-Cambiar-tamano-de-imagen-2025-08-08T171726.175.jpeg\",\"keywords\":[\"exposici\u00f3n\"],\"articleSection\":[\"Alumni\",\"Artes\"],\"inLanguage\":\"es\",\"potentialAction\":[{\"@type\":\"CommentAction\",\"name\":\"Comment\",\"target\":[\"https:\\\/\\\/www.uartes.edu.ec\\\/sitio\\\/blog\\\/2025\\\/08\\\/07\\\/tras-participar-en-el-salon-de-julio-jorge-morocho-inauguro-florita-almada-alumnus-uartes-continua-su-carrera-artistica-en-suiza\\\/#respond\"]}]},{\"@type\":[\"WebPage\",\"ItemPage\"],\"@id\":\"https:\\\/\\\/www.uartes.edu.ec\\\/sitio\\\/blog\\\/2025\\\/08\\\/07\\\/tras-participar-en-el-salon-de-julio-jorge-morocho-inauguro-florita-almada-alumnus-uartes-continua-su-carrera-artistica-en-suiza\\\/\",\"url\":\"https:\\\/\\\/www.uartes.edu.ec\\\/sitio\\\/blog\\\/2025\\\/08\\\/07\\\/tras-participar-en-el-salon-de-julio-jorge-morocho-inauguro-florita-almada-alumnus-uartes-continua-su-carrera-artistica-en-suiza\\\/\",\"name\":\"Universidad de las Artes - Tras participar en el Sal\u00f3n de Julio 2025, Jorge Morocho inaugur\u00f3 \u201cFlorita Almada\u201d; alumnus contin\u00faa su carrera en Suiza\",\"isPartOf\":{\"@id\":\"https:\\\/\\\/www.uartes.edu.ec\\\/sitio\\\/#website\"},\"primaryImageOfPage\":{\"@id\":\"https:\\\/\\\/www.uartes.edu.ec\\\/sitio\\\/blog\\\/2025\\\/08\\\/07\\\/tras-participar-en-el-salon-de-julio-jorge-morocho-inauguro-florita-almada-alumnus-uartes-continua-su-carrera-artistica-en-suiza\\\/#primaryimage\"},\"image\":{\"@id\":\"https:\\\/\\\/www.uartes.edu.ec\\\/sitio\\\/blog\\\/2025\\\/08\\\/07\\\/tras-participar-en-el-salon-de-julio-jorge-morocho-inauguro-florita-almada-alumnus-uartes-continua-su-carrera-artistica-en-suiza\\\/#primaryimage\"},\"thumbnailUrl\":\"https:\\\/\\\/www.uartes.edu.ec\\\/sitio\\\/wp-content\\\/uploads\\\/2025\\\/08\\\/Proyecto-Cambiar-tamano-de-imagen-2025-08-08T171726.175.jpeg\",\"datePublished\":\"2025-08-07T21:57:55+00:00\",\"dateModified\":\"2025-08-12T22:43:18+00:00\",\"description\":\"Universidad de las Artes - Tras participar en el Sal\u00f3n de Julio 2025, Jorge Morocho inaugur\u00f3 \u201cFlorita Almada\u201d; alumnus contin\u00faa su carrera en Suiza\",\"breadcrumb\":{\"@id\":\"https:\\\/\\\/www.uartes.edu.ec\\\/sitio\\\/blog\\\/2025\\\/08\\\/07\\\/tras-participar-en-el-salon-de-julio-jorge-morocho-inauguro-florita-almada-alumnus-uartes-continua-su-carrera-artistica-en-suiza\\\/#breadcrumb\"},\"inLanguage\":\"es\",\"potentialAction\":[{\"@type\":\"ReadAction\",\"target\":[\"https:\\\/\\\/www.uartes.edu.ec\\\/sitio\\\/blog\\\/2025\\\/08\\\/07\\\/tras-participar-en-el-salon-de-julio-jorge-morocho-inauguro-florita-almada-alumnus-uartes-continua-su-carrera-artistica-en-suiza\\\/\"]}]},{\"@type\":\"ImageObject\",\"inLanguage\":\"es\",\"@id\":\"https:\\\/\\\/www.uartes.edu.ec\\\/sitio\\\/blog\\\/2025\\\/08\\\/07\\\/tras-participar-en-el-salon-de-julio-jorge-morocho-inauguro-florita-almada-alumnus-uartes-continua-su-carrera-artistica-en-suiza\\\/#primaryimage\",\"url\":\"https:\\\/\\\/www.uartes.edu.ec\\\/sitio\\\/wp-content\\\/uploads\\\/2025\\\/08\\\/Proyecto-Cambiar-tamano-de-imagen-2025-08-08T171726.175.jpeg\",\"contentUrl\":\"https:\\\/\\\/www.uartes.edu.ec\\\/sitio\\\/wp-content\\\/uploads\\\/2025\\\/08\\\/Proyecto-Cambiar-tamano-de-imagen-2025-08-08T171726.175.jpeg\",\"width\":2000,\"height\":1333},{\"@type\":\"BreadcrumbList\",\"@id\":\"https:\\\/\\\/www.uartes.edu.ec\\\/sitio\\\/blog\\\/2025\\\/08\\\/07\\\/tras-participar-en-el-salon-de-julio-jorge-morocho-inauguro-florita-almada-alumnus-uartes-continua-su-carrera-artistica-en-suiza\\\/#breadcrumb\",\"itemListElement\":[{\"@type\":\"ListItem\",\"position\":1,\"name\":\"Inicio\",\"item\":\"https:\\\/\\\/www.uartes.edu.ec\\\/sitio\\\/\"},{\"@type\":\"ListItem\",\"position\":2,\"name\":\"Tras participar en el Sal\u00f3n de Julio 2025, Jorge Morocho inaugur\u00f3 \u201cFlorita Almada\u201d; alumnus contin\u00faa su carrera en Suiza\"}]},{\"@type\":\"WebSite\",\"@id\":\"https:\\\/\\\/www.uartes.edu.ec\\\/sitio\\\/#website\",\"url\":\"https:\\\/\\\/www.uartes.edu.ec\\\/sitio\\\/\",\"name\":\"Universidad de las Artes\",\"description\":\"Sitio oficial de la Universidad Nacional de las Artes del Ecuador\",\"publisher\":{\"@id\":\"https:\\\/\\\/www.uartes.edu.ec\\\/sitio\\\/#organization\"},\"potentialAction\":[{\"@type\":\"SearchAction\",\"target\":{\"@type\":\"EntryPoint\",\"urlTemplate\":\"https:\\\/\\\/www.uartes.edu.ec\\\/sitio\\\/?s={search_term_string}\"},\"query-input\":{\"@type\":\"PropertyValueSpecification\",\"valueRequired\":true,\"valueName\":\"search_term_string\"}}],\"inLanguage\":\"es\"},{\"@type\":\"Organization\",\"@id\":\"https:\\\/\\\/www.uartes.edu.ec\\\/sitio\\\/#organization\",\"name\":\"Universidad de las Artes\",\"url\":\"https:\\\/\\\/www.uartes.edu.ec\\\/sitio\\\/\",\"logo\":{\"@type\":\"ImageObject\",\"inLanguage\":\"es\",\"@id\":\"https:\\\/\\\/www.uartes.edu.ec\\\/sitio\\\/#\\\/schema\\\/logo\\\/image\\\/\",\"url\":\"https:\\\/\\\/www.uartes.edu.ec\\\/sitio\\\/wp-content\\\/uploads\\\/2022\\\/07\\\/logo-ua-horizontal.png\",\"contentUrl\":\"https:\\\/\\\/www.uartes.edu.ec\\\/sitio\\\/wp-content\\\/uploads\\\/2022\\\/07\\\/logo-ua-horizontal.png\",\"width\":800,\"height\":276,\"caption\":\"Universidad de las Artes\"},\"image\":{\"@id\":\"https:\\\/\\\/www.uartes.edu.ec\\\/sitio\\\/#\\\/schema\\\/logo\\\/image\\\/\"},\"sameAs\":[\"https:\\\/\\\/www.facebook.com\\\/uartesec\",\"https:\\\/\\\/x.com\\\/uartesec\",\"https:\\\/\\\/www.tiktok.com\\\/@uartesec\"]},{\"@type\":\"Person\",\"@id\":\"https:\\\/\\\/www.uartes.edu.ec\\\/sitio\\\/#\\\/schema\\\/person\\\/efa1b8275797664fd7f13a79ccc0b1f4\",\"name\":\"ccortez\",\"image\":{\"@type\":\"ImageObject\",\"inLanguage\":\"es\",\"@id\":\"https:\\\/\\\/secure.gravatar.com\\\/avatar\\\/b2a6f664a3ae8e074346ef91775736c5ec479e637ecced6842de9dc98b5da9cd?s=96&d=mm&r=g\",\"url\":\"https:\\\/\\\/secure.gravatar.com\\\/avatar\\\/b2a6f664a3ae8e074346ef91775736c5ec479e637ecced6842de9dc98b5da9cd?s=96&d=mm&r=g\",\"contentUrl\":\"https:\\\/\\\/secure.gravatar.com\\\/avatar\\\/b2a6f664a3ae8e074346ef91775736c5ec479e637ecced6842de9dc98b5da9cd?s=96&d=mm&r=g\",\"caption\":\"ccortez\"},\"url\":\"https:\\\/\\\/www.uartes.edu.ec\\\/sitio\\\/blog\\\/author\\\/ccortez\\\/\"}]}<\/script>\n<!-- \/ Yoast SEO plugin. -->","yoast_head_json":{"title":"Universidad de las Artes - Tras participar en el Sal\u00f3n de Julio 2025, Jorge Morocho inaugur\u00f3 \u201cFlorita Almada\u201d; alumnus contin\u00faa su carrera en Suiza","description":"Universidad de las Artes - Tras participar en el Sal\u00f3n de Julio 2025, Jorge Morocho inaugur\u00f3 \u201cFlorita Almada\u201d; alumnus contin\u00faa su carrera en Suiza","robots":{"index":"index","follow":"follow","max-snippet":"max-snippet:-1","max-image-preview":"max-image-preview:large","max-video-preview":"max-video-preview:-1"},"canonical":"https:\/\/www.uartes.edu.ec\/sitio\/blog\/2025\/08\/07\/tras-participar-en-el-salon-de-julio-jorge-morocho-inauguro-florita-almada-alumnus-uartes-continua-su-carrera-artistica-en-suiza\/","og_locale":"es_ES","og_type":"article","og_title":"Universidad de las Artes - Tras participar en el Sal\u00f3n de Julio 2025, Jorge Morocho inaugur\u00f3 \u201cFlorita Almada\u201d; alumnus contin\u00faa su carrera en Suiza","og_description":"Universidad de las Artes - Tras participar en el Sal\u00f3n de Julio 2025, Jorge Morocho inaugur\u00f3 \u201cFlorita Almada\u201d; alumnus contin\u00faa su carrera en Suiza","og_url":"https:\/\/www.uartes.edu.ec\/sitio\/blog\/2025\/08\/07\/tras-participar-en-el-salon-de-julio-jorge-morocho-inauguro-florita-almada-alumnus-uartes-continua-su-carrera-artistica-en-suiza\/","og_site_name":"Universidad de las Artes","article_publisher":"https:\/\/www.facebook.com\/uartesec","article_published_time":"2025-08-07T21:57:55+00:00","article_modified_time":"2025-08-12T22:43:18+00:00","og_image":[{"width":2000,"height":1333,"url":"https:\/\/www.uartes.edu.ec\/sitio\/wp-content\/uploads\/2025\/08\/Proyecto-Cambiar-tamano-de-imagen-2025-08-08T171726.175.jpeg","type":"image\/jpeg"}],"author":"ccortez","twitter_card":"summary_large_image","twitter_creator":"@uartesec","twitter_site":"@uartesec","twitter_misc":{"Escrito por":"ccortez","Tiempo de lectura":"5 minutos"},"schema":{"@context":"https:\/\/schema.org","@graph":[{"@type":"Article","@id":"https:\/\/www.uartes.edu.ec\/sitio\/blog\/2025\/08\/07\/tras-participar-en-el-salon-de-julio-jorge-morocho-inauguro-florita-almada-alumnus-uartes-continua-su-carrera-artistica-en-suiza\/#article","isPartOf":{"@id":"https:\/\/www.uartes.edu.ec\/sitio\/blog\/2025\/08\/07\/tras-participar-en-el-salon-de-julio-jorge-morocho-inauguro-florita-almada-alumnus-uartes-continua-su-carrera-artistica-en-suiza\/"},"author":{"name":"ccortez","@id":"https:\/\/www.uartes.edu.ec\/sitio\/#\/schema\/person\/efa1b8275797664fd7f13a79ccc0b1f4"},"headline":"Tras participar en el Sal\u00f3n de Julio 2025, Jorge Morocho inaugur\u00f3 \u201cFlorita Almada\u201d; alumnus contin\u00faa su carrera en Suiza","datePublished":"2025-08-07T21:57:55+00:00","dateModified":"2025-08-12T22:43:18+00:00","mainEntityOfPage":{"@id":"https:\/\/www.uartes.edu.ec\/sitio\/blog\/2025\/08\/07\/tras-participar-en-el-salon-de-julio-jorge-morocho-inauguro-florita-almada-alumnus-uartes-continua-su-carrera-artistica-en-suiza\/"},"wordCount":937,"commentCount":0,"publisher":{"@id":"https:\/\/www.uartes.edu.ec\/sitio\/#organization"},"image":{"@id":"https:\/\/www.uartes.edu.ec\/sitio\/blog\/2025\/08\/07\/tras-participar-en-el-salon-de-julio-jorge-morocho-inauguro-florita-almada-alumnus-uartes-continua-su-carrera-artistica-en-suiza\/#primaryimage"},"thumbnailUrl":"https:\/\/www.uartes.edu.ec\/sitio\/wp-content\/uploads\/2025\/08\/Proyecto-Cambiar-tamano-de-imagen-2025-08-08T171726.175.jpeg","keywords":["exposici\u00f3n"],"articleSection":["Alumni","Artes"],"inLanguage":"es","potentialAction":[{"@type":"CommentAction","name":"Comment","target":["https:\/\/www.uartes.edu.ec\/sitio\/blog\/2025\/08\/07\/tras-participar-en-el-salon-de-julio-jorge-morocho-inauguro-florita-almada-alumnus-uartes-continua-su-carrera-artistica-en-suiza\/#respond"]}]},{"@type":["WebPage","ItemPage"],"@id":"https:\/\/www.uartes.edu.ec\/sitio\/blog\/2025\/08\/07\/tras-participar-en-el-salon-de-julio-jorge-morocho-inauguro-florita-almada-alumnus-uartes-continua-su-carrera-artistica-en-suiza\/","url":"https:\/\/www.uartes.edu.ec\/sitio\/blog\/2025\/08\/07\/tras-participar-en-el-salon-de-julio-jorge-morocho-inauguro-florita-almada-alumnus-uartes-continua-su-carrera-artistica-en-suiza\/","name":"Universidad de las Artes - Tras participar en el Sal\u00f3n de Julio 2025, Jorge Morocho inaugur\u00f3 \u201cFlorita Almada\u201d; alumnus contin\u00faa su carrera en Suiza","isPartOf":{"@id":"https:\/\/www.uartes.edu.ec\/sitio\/#website"},"primaryImageOfPage":{"@id":"https:\/\/www.uartes.edu.ec\/sitio\/blog\/2025\/08\/07\/tras-participar-en-el-salon-de-julio-jorge-morocho-inauguro-florita-almada-alumnus-uartes-continua-su-carrera-artistica-en-suiza\/#primaryimage"},"image":{"@id":"https:\/\/www.uartes.edu.ec\/sitio\/blog\/2025\/08\/07\/tras-participar-en-el-salon-de-julio-jorge-morocho-inauguro-florita-almada-alumnus-uartes-continua-su-carrera-artistica-en-suiza\/#primaryimage"},"thumbnailUrl":"https:\/\/www.uartes.edu.ec\/sitio\/wp-content\/uploads\/2025\/08\/Proyecto-Cambiar-tamano-de-imagen-2025-08-08T171726.175.jpeg","datePublished":"2025-08-07T21:57:55+00:00","dateModified":"2025-08-12T22:43:18+00:00","description":"Universidad de las Artes - Tras participar en el Sal\u00f3n de Julio 2025, Jorge Morocho inaugur\u00f3 \u201cFlorita Almada\u201d; alumnus contin\u00faa su carrera en Suiza","breadcrumb":{"@id":"https:\/\/www.uartes.edu.ec\/sitio\/blog\/2025\/08\/07\/tras-participar-en-el-salon-de-julio-jorge-morocho-inauguro-florita-almada-alumnus-uartes-continua-su-carrera-artistica-en-suiza\/#breadcrumb"},"inLanguage":"es","potentialAction":[{"@type":"ReadAction","target":["https:\/\/www.uartes.edu.ec\/sitio\/blog\/2025\/08\/07\/tras-participar-en-el-salon-de-julio-jorge-morocho-inauguro-florita-almada-alumnus-uartes-continua-su-carrera-artistica-en-suiza\/"]}]},{"@type":"ImageObject","inLanguage":"es","@id":"https:\/\/www.uartes.edu.ec\/sitio\/blog\/2025\/08\/07\/tras-participar-en-el-salon-de-julio-jorge-morocho-inauguro-florita-almada-alumnus-uartes-continua-su-carrera-artistica-en-suiza\/#primaryimage","url":"https:\/\/www.uartes.edu.ec\/sitio\/wp-content\/uploads\/2025\/08\/Proyecto-Cambiar-tamano-de-imagen-2025-08-08T171726.175.jpeg","contentUrl":"https:\/\/www.uartes.edu.ec\/sitio\/wp-content\/uploads\/2025\/08\/Proyecto-Cambiar-tamano-de-imagen-2025-08-08T171726.175.jpeg","width":2000,"height":1333},{"@type":"BreadcrumbList","@id":"https:\/\/www.uartes.edu.ec\/sitio\/blog\/2025\/08\/07\/tras-participar-en-el-salon-de-julio-jorge-morocho-inauguro-florita-almada-alumnus-uartes-continua-su-carrera-artistica-en-suiza\/#breadcrumb","itemListElement":[{"@type":"ListItem","position":1,"name":"Inicio","item":"https:\/\/www.uartes.edu.ec\/sitio\/"},{"@type":"ListItem","position":2,"name":"Tras participar en el Sal\u00f3n de Julio 2025, Jorge Morocho inaugur\u00f3 \u201cFlorita Almada\u201d; alumnus contin\u00faa su carrera en Suiza"}]},{"@type":"WebSite","@id":"https:\/\/www.uartes.edu.ec\/sitio\/#website","url":"https:\/\/www.uartes.edu.ec\/sitio\/","name":"Universidad de las Artes","description":"Sitio oficial de la Universidad Nacional de las Artes del Ecuador","publisher":{"@id":"https:\/\/www.uartes.edu.ec\/sitio\/#organization"},"potentialAction":[{"@type":"SearchAction","target":{"@type":"EntryPoint","urlTemplate":"https:\/\/www.uartes.edu.ec\/sitio\/?s={search_term_string}"},"query-input":{"@type":"PropertyValueSpecification","valueRequired":true,"valueName":"search_term_string"}}],"inLanguage":"es"},{"@type":"Organization","@id":"https:\/\/www.uartes.edu.ec\/sitio\/#organization","name":"Universidad de las Artes","url":"https:\/\/www.uartes.edu.ec\/sitio\/","logo":{"@type":"ImageObject","inLanguage":"es","@id":"https:\/\/www.uartes.edu.ec\/sitio\/#\/schema\/logo\/image\/","url":"https:\/\/www.uartes.edu.ec\/sitio\/wp-content\/uploads\/2022\/07\/logo-ua-horizontal.png","contentUrl":"https:\/\/www.uartes.edu.ec\/sitio\/wp-content\/uploads\/2022\/07\/logo-ua-horizontal.png","width":800,"height":276,"caption":"Universidad de las Artes"},"image":{"@id":"https:\/\/www.uartes.edu.ec\/sitio\/#\/schema\/logo\/image\/"},"sameAs":["https:\/\/www.facebook.com\/uartesec","https:\/\/x.com\/uartesec","https:\/\/www.tiktok.com\/@uartesec"]},{"@type":"Person","@id":"https:\/\/www.uartes.edu.ec\/sitio\/#\/schema\/person\/efa1b8275797664fd7f13a79ccc0b1f4","name":"ccortez","image":{"@type":"ImageObject","inLanguage":"es","@id":"https:\/\/secure.gravatar.com\/avatar\/b2a6f664a3ae8e074346ef91775736c5ec479e637ecced6842de9dc98b5da9cd?s=96&d=mm&r=g","url":"https:\/\/secure.gravatar.com\/avatar\/b2a6f664a3ae8e074346ef91775736c5ec479e637ecced6842de9dc98b5da9cd?s=96&d=mm&r=g","contentUrl":"https:\/\/secure.gravatar.com\/avatar\/b2a6f664a3ae8e074346ef91775736c5ec479e637ecced6842de9dc98b5da9cd?s=96&d=mm&r=g","caption":"ccortez"},"url":"https:\/\/www.uartes.edu.ec\/sitio\/blog\/author\/ccortez\/"}]}},"uagb_featured_image_src":{"full":["https:\/\/www.uartes.edu.ec\/sitio\/wp-content\/uploads\/2025\/08\/Proyecto-Cambiar-tamano-de-imagen-2025-08-08T171726.175.jpeg",2000,1333,false],"thumbnail":["https:\/\/www.uartes.edu.ec\/sitio\/wp-content\/uploads\/2025\/08\/Proyecto-Cambiar-tamano-de-imagen-2025-08-08T171726.175-150x150.jpeg",150,150,true],"medium":["https:\/\/www.uartes.edu.ec\/sitio\/wp-content\/uploads\/2025\/08\/Proyecto-Cambiar-tamano-de-imagen-2025-08-08T171726.175-300x200.jpeg",300,200,true],"medium_large":["https:\/\/www.uartes.edu.ec\/sitio\/wp-content\/uploads\/2025\/08\/Proyecto-Cambiar-tamano-de-imagen-2025-08-08T171726.175-768x512.jpeg",768,512,true],"large":["https:\/\/www.uartes.edu.ec\/sitio\/wp-content\/uploads\/2025\/08\/Proyecto-Cambiar-tamano-de-imagen-2025-08-08T171726.175-644x429.jpeg",644,429,true],"1536x1536":["https:\/\/www.uartes.edu.ec\/sitio\/wp-content\/uploads\/2025\/08\/Proyecto-Cambiar-tamano-de-imagen-2025-08-08T171726.175-1536x1024.jpeg",1536,1024,true],"2048x2048":["https:\/\/www.uartes.edu.ec\/sitio\/wp-content\/uploads\/2025\/08\/Proyecto-Cambiar-tamano-de-imagen-2025-08-08T171726.175.jpeg",2000,1333,false],"trp-custom-language-flag":["https:\/\/www.uartes.edu.ec\/sitio\/wp-content\/uploads\/2025\/08\/Proyecto-Cambiar-tamano-de-imagen-2025-08-08T171726.175-18x12.jpeg",18,12,true],"htmega_size_585x295":["https:\/\/www.uartes.edu.ec\/sitio\/wp-content\/uploads\/2025\/08\/Proyecto-Cambiar-tamano-de-imagen-2025-08-08T171726.175-585x295.jpeg",585,295,true],"htmega_size_1170x536":["https:\/\/www.uartes.edu.ec\/sitio\/wp-content\/uploads\/2025\/08\/Proyecto-Cambiar-tamano-de-imagen-2025-08-08T171726.175-1170x536.jpeg",1170,536,true],"htmega_size_396x360":["https:\/\/www.uartes.edu.ec\/sitio\/wp-content\/uploads\/2025\/08\/Proyecto-Cambiar-tamano-de-imagen-2025-08-08T171726.175-396x360.jpeg",396,360,true],"gb-block-post-grid-landscape":["https:\/\/www.uartes.edu.ec\/sitio\/wp-content\/uploads\/2025\/08\/Proyecto-Cambiar-tamano-de-imagen-2025-08-08T171726.175-600x400.jpeg",600,400,true],"gb-block-post-grid-square":["https:\/\/www.uartes.edu.ec\/sitio\/wp-content\/uploads\/2025\/08\/Proyecto-Cambiar-tamano-de-imagen-2025-08-08T171726.175-600x600.jpeg",600,600,true],"university-hub-thumb":["https:\/\/www.uartes.edu.ec\/sitio\/wp-content\/uploads\/2025\/08\/Proyecto-Cambiar-tamano-de-imagen-2025-08-08T171726.175-400x267.jpeg",400,267,true],"mailpoet_newsletter_max":["https:\/\/www.uartes.edu.ec\/sitio\/wp-content\/uploads\/2025\/08\/Proyecto-Cambiar-tamano-de-imagen-2025-08-08T171726.175.jpeg",1320,880,false]},"uagb_author_info":{"display_name":"ccortez","author_link":"https:\/\/www.uartes.edu.ec\/sitio\/blog\/author\/ccortez\/"},"uagb_comment_info":0,"uagb_excerpt":"Cinco pinturas conforman la muestra \u201cFlorita Almada\u201d que Jorge Morocho Ibarra inaugur\u00f3 ayer, 6 de agosto, en la galer\u00eda Casa del Barrio. El artista se gradu\u00f3 en la UArtes y ha continuado su carrera en Suiza, sin dejar de tener presencia en el pa\u00eds. En la edici\u00f3n de este a\u00f1o del Sal\u00f3n de Julio obtuvo&hellip;","featured_image_src":"https:\/\/www.uartes.edu.ec\/sitio\/wp-content\/uploads\/2025\/08\/Proyecto-Cambiar-tamano-de-imagen-2025-08-08T171726.175-600x400.jpeg","featured_image_src_square":"https:\/\/www.uartes.edu.ec\/sitio\/wp-content\/uploads\/2025\/08\/Proyecto-Cambiar-tamano-de-imagen-2025-08-08T171726.175-600x600.jpeg","author_info":{"display_name":"ccortez","author_link":"https:\/\/www.uartes.edu.ec\/sitio\/blog\/author\/ccortez\/"},"publishpress_future_workflow_manual_trigger":{"enabledWorkflows":[]},"distributor_meta":false,"distributor_terms":false,"distributor_media":false,"distributor_original_site_name":"Universidad de las Artes","distributor_original_site_url":"https:\/\/www.uartes.edu.ec\/sitio","push-errors":false,"_links":{"self":[{"href":"https:\/\/www.uartes.edu.ec\/sitio\/wp-json\/wp\/v2\/posts\/76904","targetHints":{"allow":["GET"]}}],"collection":[{"href":"https:\/\/www.uartes.edu.ec\/sitio\/wp-json\/wp\/v2\/posts"}],"about":[{"href":"https:\/\/www.uartes.edu.ec\/sitio\/wp-json\/wp\/v2\/types\/post"}],"author":[{"embeddable":true,"href":"https:\/\/www.uartes.edu.ec\/sitio\/wp-json\/wp\/v2\/users\/10"}],"replies":[{"embeddable":true,"href":"https:\/\/www.uartes.edu.ec\/sitio\/wp-json\/wp\/v2\/comments?post=76904"}],"version-history":[{"count":9,"href":"https:\/\/www.uartes.edu.ec\/sitio\/wp-json\/wp\/v2\/posts\/76904\/revisions"}],"predecessor-version":[{"id":76939,"href":"https:\/\/www.uartes.edu.ec\/sitio\/wp-json\/wp\/v2\/posts\/76904\/revisions\/76939"}],"wp:featuredmedia":[{"embeddable":true,"href":"https:\/\/www.uartes.edu.ec\/sitio\/wp-json\/wp\/v2\/media\/76905"}],"wp:attachment":[{"href":"https:\/\/www.uartes.edu.ec\/sitio\/wp-json\/wp\/v2\/media?parent=76904"}],"wp:term":[{"taxonomy":"category","embeddable":true,"href":"https:\/\/www.uartes.edu.ec\/sitio\/wp-json\/wp\/v2\/categories?post=76904"},{"taxonomy":"post_tag","embeddable":true,"href":"https:\/\/www.uartes.edu.ec\/sitio\/wp-json\/wp\/v2\/tags?post=76904"},{"taxonomy":"infouartes","embeddable":true,"href":"https:\/\/www.uartes.edu.ec\/sitio\/wp-json\/wp\/v2\/infouartes?post=76904"}],"curies":[{"name":"wp","href":"https:\/\/api.w.org\/{rel}","templated":true}]}}