{"id":77662,"date":"2025-08-21T14:03:00","date_gmt":"2025-08-21T19:03:00","guid":{"rendered":"https:\/\/www.uartes.edu.ec\/sitio\/?p=77662"},"modified":"2025-08-25T12:30:04","modified_gmt":"2025-08-25T17:30:04","slug":"las-presentaciones-de-la-casa-abierta-uartes-2025","status":"publish","type":"post","link":"https:\/\/www.uartes.edu.ec\/sitio\/blog\/2025\/08\/21\/las-presentaciones-de-la-casa-abierta-uartes-2025\/","title":{"rendered":"Las presentaciones de la Casa Abierta"},"content":{"rendered":"\n<p>\u201cArte como territorio com\u00fan, creaci\u00f3n, di\u00e1logo y futuro\u201d. Fue el eje tem\u00e1tico de la segunda edici\u00f3n de la Casa Abierta de la Universidad de las Artes, consolidada como un espacio donde la pr\u00e1ctica art\u00edstica se observa, se vive, se comparte y se proyecta. En ese marco, desde su inauguraci\u00f3n \u2013el martes 19 de agosto\u2013 las intervenciones musicales, danc\u00edsticas, visuales y teatrales complementaron la informaci\u00f3n que de nuestra oferta acad\u00e9mica brindaron las escuelas de pregrado, secretar\u00edas, direcciones, jefaturas, departamentos, unidades y dispositivos.<\/p>\n\n\n\n<p>Teniendo como punto de encuentro el Pasaje Illingworth del antiguo Palacio de la Gobernaci\u00f3n, nuestra sede matriz, el primero de los dos d\u00edas de la Casa Abierta arranc\u00f3 con la presentaci\u00f3n del grupo Arabella, integrado por estudiantes UArtes, seguida por juegos sonoros con el Aya Huma, la m\u00e1scara de poder. Hubo luego la presentaci\u00f3n de danza con las intervenciones de Kiara Hidalgo y Michelle C\u00e1rdenas, quienes llevaron a escena la pieza \u201cVacivus\u201d, y del Ensamble de Pop UArtes que dirige la cantautora y acad\u00e9mica Jenny Villafuerte.<\/p>\n\n\n\n<p>Se dio el acto inaugural, presidido por nuestro rector William Herrera y autoridades de educaci\u00f3n superior y de cultura, y a continuaci\u00f3n la tambi\u00e9n compositora e int\u00e9rprete Tabata Alvarado, graduada UArtes, comparti\u00f3 sus \u00e9xitos con los cientos de estudiantes de bachillerato de los planteles educativos invitados, quienes acudieron con sus docentes y tutores evidenciando que la pr\u00e1ctica art\u00edstica se observa, se vive, se comparte y se proyecta.<\/p>\n\n\n<div class=\"wp-block-image\">\n<figure class=\"aligncenter size-large\"><img fetchpriority=\"high\" decoding=\"async\" width=\"644\" height=\"429\" src=\"https:\/\/www.uartes.edu.ec\/sitio\/wp-content\/uploads\/2025\/08\/38-CASA-ABIERTA-2025-644x429.jpg\" alt=\"\" class=\"wp-image-77664\" srcset=\"https:\/\/www.uartes.edu.ec\/sitio\/wp-content\/uploads\/2025\/08\/38-CASA-ABIERTA-2025-644x429.jpg 644w, https:\/\/www.uartes.edu.ec\/sitio\/wp-content\/uploads\/2025\/08\/38-CASA-ABIERTA-2025-300x200.jpg 300w, https:\/\/www.uartes.edu.ec\/sitio\/wp-content\/uploads\/2025\/08\/38-CASA-ABIERTA-2025-768x512.jpg 768w, https:\/\/www.uartes.edu.ec\/sitio\/wp-content\/uploads\/2025\/08\/38-CASA-ABIERTA-2025-1536x1024.jpg 1536w, https:\/\/www.uartes.edu.ec\/sitio\/wp-content\/uploads\/2025\/08\/38-CASA-ABIERTA-2025-18x12.jpg 18w, https:\/\/www.uartes.edu.ec\/sitio\/wp-content\/uploads\/2025\/08\/38-CASA-ABIERTA-2025-600x400.jpg 600w, https:\/\/www.uartes.edu.ec\/sitio\/wp-content\/uploads\/2025\/08\/38-CASA-ABIERTA-2025-400x267.jpg 400w, https:\/\/www.uartes.edu.ec\/sitio\/wp-content\/uploads\/2025\/08\/38-CASA-ABIERTA-2025.jpg 2000w\" sizes=\"(max-width: 644px) 100vw, 644px\" \/><\/figure>\n<\/div>\n\n\n<p>Licenciada por la Universidad de las Artes en Artes Esc\u00e9nicas, la artista Khrystel Ortiz tom\u00f3 la posta en las presentaciones e interpret\u00f3 la danza \u201cCimarr\u00f3n\u201d junto a las tambi\u00e9n alumni Jennifer Asencio, funcionaria de la Direcci\u00f3n de Admisiones, y Natalia Mazzini.<\/p>\n\n\n\n<p>Al escenario del Pasaje Illingworth subieron luego el Ensamble de Vientos UArtes y los postulantes del Open MAIC, un espacio concebido por la Escuela de Artes Sonoras para brindarles a nuestros estudiantes y graduados de todas las carreras la posibilidad de compartir sus creaciones y talentos.<\/p>\n\n\n\n<p>Ayer, mi\u00e9rcoles 20, el segundo d\u00eda de la Casa Abierta UArtes abri\u00f3 con el variado repertorio que brind\u00f3 la banda de la Comisi\u00f3n de Tr\u00e1nsito del Ecuador (CTE); la jornada continu\u00f3 con la propuesta \u201cJuegos sonoros y pintando mi entorno\u201d.<\/p>\n\n\n\n<p>El proyecto institucional la Escuela de las Artes, que lidera la Jefatura de Pr\u00e1cticas Preprofesionales (JPPP) y conlleva la formaci\u00f3n art\u00edstica de calidad para los espacios culturales de Guayaquil, tuvo tambi\u00e9n una presentaci\u00f3n musical, al igual que la Organizaci\u00f3n Cultural Anjoa que dirige el docente UArtes Orlin Monta\u00f1o y que al son de la marimba puso a bailar a los colegiales y p\u00fablico en general congregados en el Pasaje Illingworth.&nbsp;<\/p>\n\n\n<div class=\"wp-block-image\">\n<figure class=\"aligncenter size-large\"><img decoding=\"async\" width=\"644\" height=\"429\" src=\"https:\/\/www.uartes.edu.ec\/sitio\/wp-content\/uploads\/2025\/08\/Proyecto-Cambiar-tamano-de-imagen-2025-08-20T161955.350-644x429.jpeg\" alt=\"\" class=\"wp-image-77665\" srcset=\"https:\/\/www.uartes.edu.ec\/sitio\/wp-content\/uploads\/2025\/08\/Proyecto-Cambiar-tamano-de-imagen-2025-08-20T161955.350-644x429.jpeg 644w, https:\/\/www.uartes.edu.ec\/sitio\/wp-content\/uploads\/2025\/08\/Proyecto-Cambiar-tamano-de-imagen-2025-08-20T161955.350-300x200.jpeg 300w, https:\/\/www.uartes.edu.ec\/sitio\/wp-content\/uploads\/2025\/08\/Proyecto-Cambiar-tamano-de-imagen-2025-08-20T161955.350-768x512.jpeg 768w, https:\/\/www.uartes.edu.ec\/sitio\/wp-content\/uploads\/2025\/08\/Proyecto-Cambiar-tamano-de-imagen-2025-08-20T161955.350-1536x1024.jpeg 1536w, https:\/\/www.uartes.edu.ec\/sitio\/wp-content\/uploads\/2025\/08\/Proyecto-Cambiar-tamano-de-imagen-2025-08-20T161955.350-18x12.jpeg 18w, https:\/\/www.uartes.edu.ec\/sitio\/wp-content\/uploads\/2025\/08\/Proyecto-Cambiar-tamano-de-imagen-2025-08-20T161955.350-600x400.jpeg 600w, https:\/\/www.uartes.edu.ec\/sitio\/wp-content\/uploads\/2025\/08\/Proyecto-Cambiar-tamano-de-imagen-2025-08-20T161955.350-400x267.jpeg 400w, https:\/\/www.uartes.edu.ec\/sitio\/wp-content\/uploads\/2025\/08\/Proyecto-Cambiar-tamano-de-imagen-2025-08-20T161955.350.jpeg 2000w\" sizes=\"(max-width: 644px) 100vw, 644px\" \/><\/figure>\n<\/div>\n\n\n<p>Casi finalizando el segundo d\u00eda de la II edici\u00f3n de Casa Abierta 2025, la Universidad de las Artes, a trav\u00e9s de su Escuela de Artes Sonoras, hizo la donaci\u00f3n de marimbas a la Unidad Educativa Rep\u00fablica de Francia, plantel con el cual mantenemos un convenio de cooperaci\u00f3n interinstitucional; los instrumentos ancestrales afroecuatorianos fueron construidos por nuestros estudiantes bajo la direcci\u00f3n del docente Orlin Monta\u00f1o.<\/p>\n\n\n\n<p>Cabe anotar que como presentadores de las dos jornadas de la Casa Abierta UArtes intervinieron Gregory Lynch, graduado de nuestra Escuela de Artes Sonoras, quien recientemente dio a conocer su \u00e1lbum debut \u201cEcho\u201d, grabado en ingl\u00e9s. Lo acompa\u00f1aron entre una presentaci\u00f3n y Jennifer Asencio, alumnus licenciada por la Escuela de Artes Esc\u00e9nicas y Nikita F\u00e9lix, funcionaria y directora de Admisiones, respectivamente; y Gilda S\u00e1nchez, de Formaci\u00f3n Continua.<\/p>\n\n\n\n<p>Con sus motivaciones, ellos animaron tambi\u00e9n a los colegiales a subir al escenario para demostrar sus talentos e intervenir en los varios concursos que se realizaron a lo largo de las dos jornadas que tuvo la cita.<\/p>\n\n\n\n<figure class=\"wp-block-gallery has-nested-images columns-default is-cropped wp-block-gallery-1 is-layout-flex wp-block-gallery-is-layout-flex\">\n<figure class=\"wp-block-image size-large\"><img decoding=\"async\" width=\"644\" height=\"429\" data-id=\"77668\" src=\"https:\/\/www.uartes.edu.ec\/sitio\/wp-content\/uploads\/2025\/08\/21-CASA-ABIERTA-2025-644x429.jpg\" alt=\"\" class=\"wp-image-77668\" srcset=\"https:\/\/www.uartes.edu.ec\/sitio\/wp-content\/uploads\/2025\/08\/21-CASA-ABIERTA-2025-644x429.jpg 644w, https:\/\/www.uartes.edu.ec\/sitio\/wp-content\/uploads\/2025\/08\/21-CASA-ABIERTA-2025-300x200.jpg 300w, https:\/\/www.uartes.edu.ec\/sitio\/wp-content\/uploads\/2025\/08\/21-CASA-ABIERTA-2025-768x512.jpg 768w, https:\/\/www.uartes.edu.ec\/sitio\/wp-content\/uploads\/2025\/08\/21-CASA-ABIERTA-2025-1536x1024.jpg 1536w, https:\/\/www.uartes.edu.ec\/sitio\/wp-content\/uploads\/2025\/08\/21-CASA-ABIERTA-2025-18x12.jpg 18w, https:\/\/www.uartes.edu.ec\/sitio\/wp-content\/uploads\/2025\/08\/21-CASA-ABIERTA-2025-600x400.jpg 600w, https:\/\/www.uartes.edu.ec\/sitio\/wp-content\/uploads\/2025\/08\/21-CASA-ABIERTA-2025-400x267.jpg 400w, https:\/\/www.uartes.edu.ec\/sitio\/wp-content\/uploads\/2025\/08\/21-CASA-ABIERTA-2025.jpg 2000w\" sizes=\"(max-width: 644px) 100vw, 644px\" \/><\/figure>\n\n\n\n<figure class=\"wp-block-image size-large\"><img loading=\"lazy\" decoding=\"async\" width=\"644\" height=\"429\" data-id=\"77667\" src=\"https:\/\/www.uartes.edu.ec\/sitio\/wp-content\/uploads\/2025\/08\/20-CASA-ABIERTA-2025-644x429.jpg\" alt=\"\" class=\"wp-image-77667\" srcset=\"https:\/\/www.uartes.edu.ec\/sitio\/wp-content\/uploads\/2025\/08\/20-CASA-ABIERTA-2025-644x429.jpg 644w, https:\/\/www.uartes.edu.ec\/sitio\/wp-content\/uploads\/2025\/08\/20-CASA-ABIERTA-2025-300x200.jpg 300w, https:\/\/www.uartes.edu.ec\/sitio\/wp-content\/uploads\/2025\/08\/20-CASA-ABIERTA-2025-768x512.jpg 768w, https:\/\/www.uartes.edu.ec\/sitio\/wp-content\/uploads\/2025\/08\/20-CASA-ABIERTA-2025-1536x1024.jpg 1536w, https:\/\/www.uartes.edu.ec\/sitio\/wp-content\/uploads\/2025\/08\/20-CASA-ABIERTA-2025-18x12.jpg 18w, https:\/\/www.uartes.edu.ec\/sitio\/wp-content\/uploads\/2025\/08\/20-CASA-ABIERTA-2025-600x400.jpg 600w, https:\/\/www.uartes.edu.ec\/sitio\/wp-content\/uploads\/2025\/08\/20-CASA-ABIERTA-2025-400x267.jpg 400w, https:\/\/www.uartes.edu.ec\/sitio\/wp-content\/uploads\/2025\/08\/20-CASA-ABIERTA-2025.jpg 2000w\" sizes=\"(max-width: 644px) 100vw, 644px\" \/><\/figure>\n<\/figure>\n\n\n<div class=\"wp-block-image\">\n<figure class=\"aligncenter size-large\"><img loading=\"lazy\" decoding=\"async\" width=\"644\" height=\"429\" src=\"https:\/\/www.uartes.edu.ec\/sitio\/wp-content\/uploads\/2025\/08\/17-CASA-ABIERTA-2025-644x429.jpg\" alt=\"\" class=\"wp-image-77666\" srcset=\"https:\/\/www.uartes.edu.ec\/sitio\/wp-content\/uploads\/2025\/08\/17-CASA-ABIERTA-2025-644x429.jpg 644w, https:\/\/www.uartes.edu.ec\/sitio\/wp-content\/uploads\/2025\/08\/17-CASA-ABIERTA-2025-300x200.jpg 300w, https:\/\/www.uartes.edu.ec\/sitio\/wp-content\/uploads\/2025\/08\/17-CASA-ABIERTA-2025-768x512.jpg 768w, https:\/\/www.uartes.edu.ec\/sitio\/wp-content\/uploads\/2025\/08\/17-CASA-ABIERTA-2025-1536x1024.jpg 1536w, https:\/\/www.uartes.edu.ec\/sitio\/wp-content\/uploads\/2025\/08\/17-CASA-ABIERTA-2025-18x12.jpg 18w, https:\/\/www.uartes.edu.ec\/sitio\/wp-content\/uploads\/2025\/08\/17-CASA-ABIERTA-2025-600x400.jpg 600w, https:\/\/www.uartes.edu.ec\/sitio\/wp-content\/uploads\/2025\/08\/17-CASA-ABIERTA-2025-400x267.jpg 400w, https:\/\/www.uartes.edu.ec\/sitio\/wp-content\/uploads\/2025\/08\/17-CASA-ABIERTA-2025.jpg 2000w\" sizes=\"(max-width: 644px) 100vw, 644px\" \/><\/figure>\n<\/div>\n\n\n<figure class=\"wp-block-gallery has-nested-images columns-default is-cropped wp-block-gallery-2 is-layout-flex wp-block-gallery-is-layout-flex\">\n<figure class=\"wp-block-image size-large\"><img loading=\"lazy\" decoding=\"async\" width=\"644\" height=\"429\" data-id=\"77670\" src=\"https:\/\/www.uartes.edu.ec\/sitio\/wp-content\/uploads\/2025\/08\/26-CASA-ABIERTA-2025-644x429.jpg\" alt=\"\" class=\"wp-image-77670\" srcset=\"https:\/\/www.uartes.edu.ec\/sitio\/wp-content\/uploads\/2025\/08\/26-CASA-ABIERTA-2025-644x429.jpg 644w, https:\/\/www.uartes.edu.ec\/sitio\/wp-content\/uploads\/2025\/08\/26-CASA-ABIERTA-2025-300x200.jpg 300w, https:\/\/www.uartes.edu.ec\/sitio\/wp-content\/uploads\/2025\/08\/26-CASA-ABIERTA-2025-768x512.jpg 768w, https:\/\/www.uartes.edu.ec\/sitio\/wp-content\/uploads\/2025\/08\/26-CASA-ABIERTA-2025-1536x1024.jpg 1536w, https:\/\/www.uartes.edu.ec\/sitio\/wp-content\/uploads\/2025\/08\/26-CASA-ABIERTA-2025-18x12.jpg 18w, https:\/\/www.uartes.edu.ec\/sitio\/wp-content\/uploads\/2025\/08\/26-CASA-ABIERTA-2025-600x400.jpg 600w, https:\/\/www.uartes.edu.ec\/sitio\/wp-content\/uploads\/2025\/08\/26-CASA-ABIERTA-2025-400x267.jpg 400w, https:\/\/www.uartes.edu.ec\/sitio\/wp-content\/uploads\/2025\/08\/26-CASA-ABIERTA-2025.jpg 2000w\" sizes=\"(max-width: 644px) 100vw, 644px\" \/><\/figure>\n\n\n\n<figure class=\"wp-block-image size-large\"><img loading=\"lazy\" decoding=\"async\" width=\"644\" height=\"429\" data-id=\"77671\" src=\"https:\/\/www.uartes.edu.ec\/sitio\/wp-content\/uploads\/2025\/08\/19-CASA-ABIERTA-2025-1-644x429.jpg\" alt=\"\" class=\"wp-image-77671\" srcset=\"https:\/\/www.uartes.edu.ec\/sitio\/wp-content\/uploads\/2025\/08\/19-CASA-ABIERTA-2025-1-644x429.jpg 644w, https:\/\/www.uartes.edu.ec\/sitio\/wp-content\/uploads\/2025\/08\/19-CASA-ABIERTA-2025-1-300x200.jpg 300w, https:\/\/www.uartes.edu.ec\/sitio\/wp-content\/uploads\/2025\/08\/19-CASA-ABIERTA-2025-1-768x512.jpg 768w, https:\/\/www.uartes.edu.ec\/sitio\/wp-content\/uploads\/2025\/08\/19-CASA-ABIERTA-2025-1-1536x1024.jpg 1536w, https:\/\/www.uartes.edu.ec\/sitio\/wp-content\/uploads\/2025\/08\/19-CASA-ABIERTA-2025-1-18x12.jpg 18w, https:\/\/www.uartes.edu.ec\/sitio\/wp-content\/uploads\/2025\/08\/19-CASA-ABIERTA-2025-1-600x400.jpg 600w, https:\/\/www.uartes.edu.ec\/sitio\/wp-content\/uploads\/2025\/08\/19-CASA-ABIERTA-2025-1-400x267.jpg 400w, https:\/\/www.uartes.edu.ec\/sitio\/wp-content\/uploads\/2025\/08\/19-CASA-ABIERTA-2025-1.jpg 2000w\" sizes=\"(max-width: 644px) 100vw, 644px\" \/><\/figure>\n<\/figure>\n","protected":false},"excerpt":{"rendered":"<p>\u201cArte como territorio com\u00fan, creaci\u00f3n, di\u00e1logo y futuro\u201d. Fue el eje tem\u00e1tico de la II edici\u00f3n de la Casa Abierta de la UArtes, consolidada como un espacio donde la pr\u00e1ctica art\u00edstica se observa, se vive, se comparte y se proyecta. En ese marco, desde su inauguraci\u00f3n \u2013el martes 19 de agosto\u2013 las intervenciones musicales, danc\u00edsticas, visuales y teatrales complementaron la informaci\u00f3n que de nuestra oferta acad\u00e9mica brindaron las escuelas de pregrado, secretar\u00edas, direcciones, jefaturas, departamentos, unidades y dispositivos.<\/p>\n","protected":false},"author":10,"featured_media":77663,"comment_status":"open","ping_status":"open","sticky":false,"template":"","format":"standard","meta":{"_acf_changed":false,"_uag_custom_page_level_css":"","_monsterinsights_skip_tracking":false,"_monsterinsights_sitenote_active":false,"_monsterinsights_sitenote_note":"","_monsterinsights_sitenote_category":0,"cybocfi_hide_featured_image":"","footnotes":""},"categories":[80,438,490,82,159,150,157,265,147,75,76,154,175,83,174],"tags":[517],"infouartes":[],"class_list":["post-77662","post","type-post","status-publish","format-standard","has-post-thumbnail","hentry","category-academico","category-administrativos","category-alumni","category-artes","category-artes-escenicas","category-artes-sonoras","category-artes-visuales","category-bienestar-universitario","category-cine","category-docentes","category-estudiantes","category-lenguas-extranjeras","category-literatura","category-sedes","category-transversal","tag-exposicion"],"acf":[],"yoast_head":"<!-- This site is optimized with the Yoast SEO plugin v27.4 - https:\/\/yoast.com\/product\/yoast-seo-wordpress\/ -->\n<title>Universidad de las Artes - Las presentaciones de la Casa Abierta<\/title>\n<meta name=\"description\" content=\"Universidad de las Artes - Las presentaciones de la Casa Abierta\" \/>\n<meta name=\"robots\" content=\"index, follow, max-snippet:-1, max-image-preview:large, max-video-preview:-1\" \/>\n<link rel=\"canonical\" href=\"https:\/\/www.uartes.edu.ec\/sitio\/blog\/2025\/08\/21\/las-presentaciones-de-la-casa-abierta-uartes-2025\/\" \/>\n<meta property=\"og:locale\" content=\"es_ES\" \/>\n<meta property=\"og:type\" content=\"article\" \/>\n<meta property=\"og:title\" content=\"Universidad de las Artes - Las presentaciones de la Casa Abierta\" \/>\n<meta property=\"og:description\" content=\"Universidad de las Artes - Las presentaciones de la Casa Abierta\" \/>\n<meta property=\"og:url\" content=\"https:\/\/www.uartes.edu.ec\/sitio\/blog\/2025\/08\/21\/las-presentaciones-de-la-casa-abierta-uartes-2025\/\" \/>\n<meta property=\"og:site_name\" content=\"Universidad de las Artes\" \/>\n<meta property=\"article:publisher\" content=\"https:\/\/www.facebook.com\/uartesec\" \/>\n<meta property=\"article:published_time\" content=\"2025-08-21T19:03:00+00:00\" \/>\n<meta property=\"article:modified_time\" content=\"2025-08-25T17:30:04+00:00\" \/>\n<meta property=\"og:image\" content=\"https:\/\/www.uartes.edu.ec\/sitio\/wp-content\/uploads\/2025\/08\/37-CASA-ABIERTA-2025.jpg\" \/>\n\t<meta property=\"og:image:width\" content=\"2000\" \/>\n\t<meta property=\"og:image:height\" content=\"1333\" \/>\n\t<meta property=\"og:image:type\" content=\"image\/jpeg\" \/>\n<meta name=\"author\" content=\"ccortez\" \/>\n<meta name=\"twitter:card\" content=\"summary_large_image\" \/>\n<meta name=\"twitter:creator\" content=\"@uartesec\" \/>\n<meta name=\"twitter:site\" content=\"@uartesec\" \/>\n<meta name=\"twitter:label1\" content=\"Escrito por\" \/>\n\t<meta name=\"twitter:data1\" content=\"ccortez\" \/>\n\t<meta name=\"twitter:label2\" content=\"Tiempo de lectura\" \/>\n\t<meta name=\"twitter:data2\" content=\"3 minutos\" \/>\n<script type=\"application\/ld+json\" class=\"yoast-schema-graph\">{\"@context\":\"https:\\\/\\\/schema.org\",\"@graph\":[{\"@type\":\"Article\",\"@id\":\"https:\\\/\\\/www.uartes.edu.ec\\\/sitio\\\/blog\\\/2025\\\/08\\\/21\\\/las-presentaciones-de-la-casa-abierta-uartes-2025\\\/#article\",\"isPartOf\":{\"@id\":\"https:\\\/\\\/www.uartes.edu.ec\\\/sitio\\\/blog\\\/2025\\\/08\\\/21\\\/las-presentaciones-de-la-casa-abierta-uartes-2025\\\/\"},\"author\":{\"name\":\"ccortez\",\"@id\":\"https:\\\/\\\/www.uartes.edu.ec\\\/sitio\\\/#\\\/schema\\\/person\\\/efa1b8275797664fd7f13a79ccc0b1f4\"},\"headline\":\"Las presentaciones de la Casa Abierta\",\"datePublished\":\"2025-08-21T19:03:00+00:00\",\"dateModified\":\"2025-08-25T17:30:04+00:00\",\"mainEntityOfPage\":{\"@id\":\"https:\\\/\\\/www.uartes.edu.ec\\\/sitio\\\/blog\\\/2025\\\/08\\\/21\\\/las-presentaciones-de-la-casa-abierta-uartes-2025\\\/\"},\"wordCount\":660,\"commentCount\":0,\"publisher\":{\"@id\":\"https:\\\/\\\/www.uartes.edu.ec\\\/sitio\\\/#organization\"},\"image\":{\"@id\":\"https:\\\/\\\/www.uartes.edu.ec\\\/sitio\\\/blog\\\/2025\\\/08\\\/21\\\/las-presentaciones-de-la-casa-abierta-uartes-2025\\\/#primaryimage\"},\"thumbnailUrl\":\"https:\\\/\\\/www.uartes.edu.ec\\\/sitio\\\/wp-content\\\/uploads\\\/2025\\\/08\\\/37-CASA-ABIERTA-2025.jpg\",\"keywords\":[\"exposici\u00f3n\"],\"articleSection\":[\"Acad\u00e9mico\",\"Administrativos\",\"Alumni\",\"Artes\",\"Artes Esc\u00e9nicas\",\"Artes Sonoras\",\"Artes Visuales\",\"Bienestar Universitario\",\"Cine\",\"Docentes\",\"Estudiantes\",\"Lenguas Extranjeras\",\"Literatura\",\"Sedes\",\"Transversal\"],\"inLanguage\":\"es\",\"potentialAction\":[{\"@type\":\"CommentAction\",\"name\":\"Comment\",\"target\":[\"https:\\\/\\\/www.uartes.edu.ec\\\/sitio\\\/blog\\\/2025\\\/08\\\/21\\\/las-presentaciones-de-la-casa-abierta-uartes-2025\\\/#respond\"]}]},{\"@type\":[\"WebPage\",\"ItemPage\"],\"@id\":\"https:\\\/\\\/www.uartes.edu.ec\\\/sitio\\\/blog\\\/2025\\\/08\\\/21\\\/las-presentaciones-de-la-casa-abierta-uartes-2025\\\/\",\"url\":\"https:\\\/\\\/www.uartes.edu.ec\\\/sitio\\\/blog\\\/2025\\\/08\\\/21\\\/las-presentaciones-de-la-casa-abierta-uartes-2025\\\/\",\"name\":\"Universidad de las Artes - Las presentaciones de la Casa Abierta\",\"isPartOf\":{\"@id\":\"https:\\\/\\\/www.uartes.edu.ec\\\/sitio\\\/#website\"},\"primaryImageOfPage\":{\"@id\":\"https:\\\/\\\/www.uartes.edu.ec\\\/sitio\\\/blog\\\/2025\\\/08\\\/21\\\/las-presentaciones-de-la-casa-abierta-uartes-2025\\\/#primaryimage\"},\"image\":{\"@id\":\"https:\\\/\\\/www.uartes.edu.ec\\\/sitio\\\/blog\\\/2025\\\/08\\\/21\\\/las-presentaciones-de-la-casa-abierta-uartes-2025\\\/#primaryimage\"},\"thumbnailUrl\":\"https:\\\/\\\/www.uartes.edu.ec\\\/sitio\\\/wp-content\\\/uploads\\\/2025\\\/08\\\/37-CASA-ABIERTA-2025.jpg\",\"datePublished\":\"2025-08-21T19:03:00+00:00\",\"dateModified\":\"2025-08-25T17:30:04+00:00\",\"description\":\"Universidad de las Artes - Las presentaciones de la Casa Abierta\",\"breadcrumb\":{\"@id\":\"https:\\\/\\\/www.uartes.edu.ec\\\/sitio\\\/blog\\\/2025\\\/08\\\/21\\\/las-presentaciones-de-la-casa-abierta-uartes-2025\\\/#breadcrumb\"},\"inLanguage\":\"es\",\"potentialAction\":[{\"@type\":\"ReadAction\",\"target\":[\"https:\\\/\\\/www.uartes.edu.ec\\\/sitio\\\/blog\\\/2025\\\/08\\\/21\\\/las-presentaciones-de-la-casa-abierta-uartes-2025\\\/\"]}]},{\"@type\":\"ImageObject\",\"inLanguage\":\"es\",\"@id\":\"https:\\\/\\\/www.uartes.edu.ec\\\/sitio\\\/blog\\\/2025\\\/08\\\/21\\\/las-presentaciones-de-la-casa-abierta-uartes-2025\\\/#primaryimage\",\"url\":\"https:\\\/\\\/www.uartes.edu.ec\\\/sitio\\\/wp-content\\\/uploads\\\/2025\\\/08\\\/37-CASA-ABIERTA-2025.jpg\",\"contentUrl\":\"https:\\\/\\\/www.uartes.edu.ec\\\/sitio\\\/wp-content\\\/uploads\\\/2025\\\/08\\\/37-CASA-ABIERTA-2025.jpg\",\"width\":2000,\"height\":1333},{\"@type\":\"BreadcrumbList\",\"@id\":\"https:\\\/\\\/www.uartes.edu.ec\\\/sitio\\\/blog\\\/2025\\\/08\\\/21\\\/las-presentaciones-de-la-casa-abierta-uartes-2025\\\/#breadcrumb\",\"itemListElement\":[{\"@type\":\"ListItem\",\"position\":1,\"name\":\"Inicio\",\"item\":\"https:\\\/\\\/www.uartes.edu.ec\\\/sitio\\\/\"},{\"@type\":\"ListItem\",\"position\":2,\"name\":\"Las presentaciones de la Casa Abierta\"}]},{\"@type\":\"WebSite\",\"@id\":\"https:\\\/\\\/www.uartes.edu.ec\\\/sitio\\\/#website\",\"url\":\"https:\\\/\\\/www.uartes.edu.ec\\\/sitio\\\/\",\"name\":\"Universidad de las Artes\",\"description\":\"Sitio oficial de la Universidad Nacional de las Artes del Ecuador\",\"publisher\":{\"@id\":\"https:\\\/\\\/www.uartes.edu.ec\\\/sitio\\\/#organization\"},\"potentialAction\":[{\"@type\":\"SearchAction\",\"target\":{\"@type\":\"EntryPoint\",\"urlTemplate\":\"https:\\\/\\\/www.uartes.edu.ec\\\/sitio\\\/?s={search_term_string}\"},\"query-input\":{\"@type\":\"PropertyValueSpecification\",\"valueRequired\":true,\"valueName\":\"search_term_string\"}}],\"inLanguage\":\"es\"},{\"@type\":\"Organization\",\"@id\":\"https:\\\/\\\/www.uartes.edu.ec\\\/sitio\\\/#organization\",\"name\":\"Universidad de las Artes\",\"url\":\"https:\\\/\\\/www.uartes.edu.ec\\\/sitio\\\/\",\"logo\":{\"@type\":\"ImageObject\",\"inLanguage\":\"es\",\"@id\":\"https:\\\/\\\/www.uartes.edu.ec\\\/sitio\\\/#\\\/schema\\\/logo\\\/image\\\/\",\"url\":\"https:\\\/\\\/www.uartes.edu.ec\\\/sitio\\\/wp-content\\\/uploads\\\/2022\\\/07\\\/logo-ua-horizontal.png\",\"contentUrl\":\"https:\\\/\\\/www.uartes.edu.ec\\\/sitio\\\/wp-content\\\/uploads\\\/2022\\\/07\\\/logo-ua-horizontal.png\",\"width\":800,\"height\":276,\"caption\":\"Universidad de las Artes\"},\"image\":{\"@id\":\"https:\\\/\\\/www.uartes.edu.ec\\\/sitio\\\/#\\\/schema\\\/logo\\\/image\\\/\"},\"sameAs\":[\"https:\\\/\\\/www.facebook.com\\\/uartesec\",\"https:\\\/\\\/x.com\\\/uartesec\",\"https:\\\/\\\/www.tiktok.com\\\/@uartesec\"]},{\"@type\":\"Person\",\"@id\":\"https:\\\/\\\/www.uartes.edu.ec\\\/sitio\\\/#\\\/schema\\\/person\\\/efa1b8275797664fd7f13a79ccc0b1f4\",\"name\":\"ccortez\",\"image\":{\"@type\":\"ImageObject\",\"inLanguage\":\"es\",\"@id\":\"https:\\\/\\\/secure.gravatar.com\\\/avatar\\\/b2a6f664a3ae8e074346ef91775736c5ec479e637ecced6842de9dc98b5da9cd?s=96&d=mm&r=g\",\"url\":\"https:\\\/\\\/secure.gravatar.com\\\/avatar\\\/b2a6f664a3ae8e074346ef91775736c5ec479e637ecced6842de9dc98b5da9cd?s=96&d=mm&r=g\",\"contentUrl\":\"https:\\\/\\\/secure.gravatar.com\\\/avatar\\\/b2a6f664a3ae8e074346ef91775736c5ec479e637ecced6842de9dc98b5da9cd?s=96&d=mm&r=g\",\"caption\":\"ccortez\"},\"url\":\"https:\\\/\\\/www.uartes.edu.ec\\\/sitio\\\/blog\\\/author\\\/ccortez\\\/\"}]}<\/script>\n<!-- \/ Yoast SEO plugin. -->","yoast_head_json":{"title":"Universidad de las Artes - Las presentaciones de la Casa Abierta","description":"Universidad de las Artes - Las presentaciones de la Casa Abierta","robots":{"index":"index","follow":"follow","max-snippet":"max-snippet:-1","max-image-preview":"max-image-preview:large","max-video-preview":"max-video-preview:-1"},"canonical":"https:\/\/www.uartes.edu.ec\/sitio\/blog\/2025\/08\/21\/las-presentaciones-de-la-casa-abierta-uartes-2025\/","og_locale":"es_ES","og_type":"article","og_title":"Universidad de las Artes - Las presentaciones de la Casa Abierta","og_description":"Universidad de las Artes - Las presentaciones de la Casa Abierta","og_url":"https:\/\/www.uartes.edu.ec\/sitio\/blog\/2025\/08\/21\/las-presentaciones-de-la-casa-abierta-uartes-2025\/","og_site_name":"Universidad de las Artes","article_publisher":"https:\/\/www.facebook.com\/uartesec","article_published_time":"2025-08-21T19:03:00+00:00","article_modified_time":"2025-08-25T17:30:04+00:00","og_image":[{"width":2000,"height":1333,"url":"https:\/\/www.uartes.edu.ec\/sitio\/wp-content\/uploads\/2025\/08\/37-CASA-ABIERTA-2025.jpg","type":"image\/jpeg"}],"author":"ccortez","twitter_card":"summary_large_image","twitter_creator":"@uartesec","twitter_site":"@uartesec","twitter_misc":{"Escrito por":"ccortez","Tiempo de lectura":"3 minutos"},"schema":{"@context":"https:\/\/schema.org","@graph":[{"@type":"Article","@id":"https:\/\/www.uartes.edu.ec\/sitio\/blog\/2025\/08\/21\/las-presentaciones-de-la-casa-abierta-uartes-2025\/#article","isPartOf":{"@id":"https:\/\/www.uartes.edu.ec\/sitio\/blog\/2025\/08\/21\/las-presentaciones-de-la-casa-abierta-uartes-2025\/"},"author":{"name":"ccortez","@id":"https:\/\/www.uartes.edu.ec\/sitio\/#\/schema\/person\/efa1b8275797664fd7f13a79ccc0b1f4"},"headline":"Las presentaciones de la Casa Abierta","datePublished":"2025-08-21T19:03:00+00:00","dateModified":"2025-08-25T17:30:04+00:00","mainEntityOfPage":{"@id":"https:\/\/www.uartes.edu.ec\/sitio\/blog\/2025\/08\/21\/las-presentaciones-de-la-casa-abierta-uartes-2025\/"},"wordCount":660,"commentCount":0,"publisher":{"@id":"https:\/\/www.uartes.edu.ec\/sitio\/#organization"},"image":{"@id":"https:\/\/www.uartes.edu.ec\/sitio\/blog\/2025\/08\/21\/las-presentaciones-de-la-casa-abierta-uartes-2025\/#primaryimage"},"thumbnailUrl":"https:\/\/www.uartes.edu.ec\/sitio\/wp-content\/uploads\/2025\/08\/37-CASA-ABIERTA-2025.jpg","keywords":["exposici\u00f3n"],"articleSection":["Acad\u00e9mico","Administrativos","Alumni","Artes","Artes Esc\u00e9nicas","Artes Sonoras","Artes Visuales","Bienestar Universitario","Cine","Docentes","Estudiantes","Lenguas Extranjeras","Literatura","Sedes","Transversal"],"inLanguage":"es","potentialAction":[{"@type":"CommentAction","name":"Comment","target":["https:\/\/www.uartes.edu.ec\/sitio\/blog\/2025\/08\/21\/las-presentaciones-de-la-casa-abierta-uartes-2025\/#respond"]}]},{"@type":["WebPage","ItemPage"],"@id":"https:\/\/www.uartes.edu.ec\/sitio\/blog\/2025\/08\/21\/las-presentaciones-de-la-casa-abierta-uartes-2025\/","url":"https:\/\/www.uartes.edu.ec\/sitio\/blog\/2025\/08\/21\/las-presentaciones-de-la-casa-abierta-uartes-2025\/","name":"Universidad de las Artes - Las presentaciones de la Casa Abierta","isPartOf":{"@id":"https:\/\/www.uartes.edu.ec\/sitio\/#website"},"primaryImageOfPage":{"@id":"https:\/\/www.uartes.edu.ec\/sitio\/blog\/2025\/08\/21\/las-presentaciones-de-la-casa-abierta-uartes-2025\/#primaryimage"},"image":{"@id":"https:\/\/www.uartes.edu.ec\/sitio\/blog\/2025\/08\/21\/las-presentaciones-de-la-casa-abierta-uartes-2025\/#primaryimage"},"thumbnailUrl":"https:\/\/www.uartes.edu.ec\/sitio\/wp-content\/uploads\/2025\/08\/37-CASA-ABIERTA-2025.jpg","datePublished":"2025-08-21T19:03:00+00:00","dateModified":"2025-08-25T17:30:04+00:00","description":"Universidad de las Artes - Las presentaciones de la Casa Abierta","breadcrumb":{"@id":"https:\/\/www.uartes.edu.ec\/sitio\/blog\/2025\/08\/21\/las-presentaciones-de-la-casa-abierta-uartes-2025\/#breadcrumb"},"inLanguage":"es","potentialAction":[{"@type":"ReadAction","target":["https:\/\/www.uartes.edu.ec\/sitio\/blog\/2025\/08\/21\/las-presentaciones-de-la-casa-abierta-uartes-2025\/"]}]},{"@type":"ImageObject","inLanguage":"es","@id":"https:\/\/www.uartes.edu.ec\/sitio\/blog\/2025\/08\/21\/las-presentaciones-de-la-casa-abierta-uartes-2025\/#primaryimage","url":"https:\/\/www.uartes.edu.ec\/sitio\/wp-content\/uploads\/2025\/08\/37-CASA-ABIERTA-2025.jpg","contentUrl":"https:\/\/www.uartes.edu.ec\/sitio\/wp-content\/uploads\/2025\/08\/37-CASA-ABIERTA-2025.jpg","width":2000,"height":1333},{"@type":"BreadcrumbList","@id":"https:\/\/www.uartes.edu.ec\/sitio\/blog\/2025\/08\/21\/las-presentaciones-de-la-casa-abierta-uartes-2025\/#breadcrumb","itemListElement":[{"@type":"ListItem","position":1,"name":"Inicio","item":"https:\/\/www.uartes.edu.ec\/sitio\/"},{"@type":"ListItem","position":2,"name":"Las presentaciones de la Casa Abierta"}]},{"@type":"WebSite","@id":"https:\/\/www.uartes.edu.ec\/sitio\/#website","url":"https:\/\/www.uartes.edu.ec\/sitio\/","name":"Universidad de las Artes","description":"Sitio oficial de la Universidad Nacional de las Artes del Ecuador","publisher":{"@id":"https:\/\/www.uartes.edu.ec\/sitio\/#organization"},"potentialAction":[{"@type":"SearchAction","target":{"@type":"EntryPoint","urlTemplate":"https:\/\/www.uartes.edu.ec\/sitio\/?s={search_term_string}"},"query-input":{"@type":"PropertyValueSpecification","valueRequired":true,"valueName":"search_term_string"}}],"inLanguage":"es"},{"@type":"Organization","@id":"https:\/\/www.uartes.edu.ec\/sitio\/#organization","name":"Universidad de las Artes","url":"https:\/\/www.uartes.edu.ec\/sitio\/","logo":{"@type":"ImageObject","inLanguage":"es","@id":"https:\/\/www.uartes.edu.ec\/sitio\/#\/schema\/logo\/image\/","url":"https:\/\/www.uartes.edu.ec\/sitio\/wp-content\/uploads\/2022\/07\/logo-ua-horizontal.png","contentUrl":"https:\/\/www.uartes.edu.ec\/sitio\/wp-content\/uploads\/2022\/07\/logo-ua-horizontal.png","width":800,"height":276,"caption":"Universidad de las Artes"},"image":{"@id":"https:\/\/www.uartes.edu.ec\/sitio\/#\/schema\/logo\/image\/"},"sameAs":["https:\/\/www.facebook.com\/uartesec","https:\/\/x.com\/uartesec","https:\/\/www.tiktok.com\/@uartesec"]},{"@type":"Person","@id":"https:\/\/www.uartes.edu.ec\/sitio\/#\/schema\/person\/efa1b8275797664fd7f13a79ccc0b1f4","name":"ccortez","image":{"@type":"ImageObject","inLanguage":"es","@id":"https:\/\/secure.gravatar.com\/avatar\/b2a6f664a3ae8e074346ef91775736c5ec479e637ecced6842de9dc98b5da9cd?s=96&d=mm&r=g","url":"https:\/\/secure.gravatar.com\/avatar\/b2a6f664a3ae8e074346ef91775736c5ec479e637ecced6842de9dc98b5da9cd?s=96&d=mm&r=g","contentUrl":"https:\/\/secure.gravatar.com\/avatar\/b2a6f664a3ae8e074346ef91775736c5ec479e637ecced6842de9dc98b5da9cd?s=96&d=mm&r=g","caption":"ccortez"},"url":"https:\/\/www.uartes.edu.ec\/sitio\/blog\/author\/ccortez\/"}]}},"uagb_featured_image_src":{"full":["https:\/\/www.uartes.edu.ec\/sitio\/wp-content\/uploads\/2025\/08\/37-CASA-ABIERTA-2025.jpg",2000,1333,false],"thumbnail":["https:\/\/www.uartes.edu.ec\/sitio\/wp-content\/uploads\/2025\/08\/37-CASA-ABIERTA-2025-150x150.jpg",150,150,true],"medium":["https:\/\/www.uartes.edu.ec\/sitio\/wp-content\/uploads\/2025\/08\/37-CASA-ABIERTA-2025-300x200.jpg",300,200,true],"medium_large":["https:\/\/www.uartes.edu.ec\/sitio\/wp-content\/uploads\/2025\/08\/37-CASA-ABIERTA-2025-768x512.jpg",768,512,true],"large":["https:\/\/www.uartes.edu.ec\/sitio\/wp-content\/uploads\/2025\/08\/37-CASA-ABIERTA-2025-644x429.jpg",644,429,true],"1536x1536":["https:\/\/www.uartes.edu.ec\/sitio\/wp-content\/uploads\/2025\/08\/37-CASA-ABIERTA-2025-1536x1024.jpg",1536,1024,true],"2048x2048":["https:\/\/www.uartes.edu.ec\/sitio\/wp-content\/uploads\/2025\/08\/37-CASA-ABIERTA-2025.jpg",2000,1333,false],"trp-custom-language-flag":["https:\/\/www.uartes.edu.ec\/sitio\/wp-content\/uploads\/2025\/08\/37-CASA-ABIERTA-2025-18x12.jpg",18,12,true],"htmega_size_585x295":["https:\/\/www.uartes.edu.ec\/sitio\/wp-content\/uploads\/2025\/08\/37-CASA-ABIERTA-2025-585x295.jpg",585,295,true],"htmega_size_1170x536":["https:\/\/www.uartes.edu.ec\/sitio\/wp-content\/uploads\/2025\/08\/37-CASA-ABIERTA-2025-1170x536.jpg",1170,536,true],"htmega_size_396x360":["https:\/\/www.uartes.edu.ec\/sitio\/wp-content\/uploads\/2025\/08\/37-CASA-ABIERTA-2025-396x360.jpg",396,360,true],"gb-block-post-grid-landscape":["https:\/\/www.uartes.edu.ec\/sitio\/wp-content\/uploads\/2025\/08\/37-CASA-ABIERTA-2025-600x400.jpg",600,400,true],"gb-block-post-grid-square":["https:\/\/www.uartes.edu.ec\/sitio\/wp-content\/uploads\/2025\/08\/37-CASA-ABIERTA-2025-600x600.jpg",600,600,true],"university-hub-thumb":["https:\/\/www.uartes.edu.ec\/sitio\/wp-content\/uploads\/2025\/08\/37-CASA-ABIERTA-2025-400x267.jpg",400,267,true],"mailpoet_newsletter_max":["https:\/\/www.uartes.edu.ec\/sitio\/wp-content\/uploads\/2025\/08\/37-CASA-ABIERTA-2025.jpg",1320,880,false]},"uagb_author_info":{"display_name":"ccortez","author_link":"https:\/\/www.uartes.edu.ec\/sitio\/blog\/author\/ccortez\/"},"uagb_comment_info":0,"uagb_excerpt":"\u201cArte como territorio com\u00fan, creaci\u00f3n, di\u00e1logo y futuro\u201d. Fue el eje tem\u00e1tico de la II edici\u00f3n de la Casa Abierta de la UArtes, consolidada como un espacio donde la pr\u00e1ctica art\u00edstica se observa, se vive, se comparte y se proyecta. En ese marco, desde su inauguraci\u00f3n \u2013el martes 19 de agosto\u2013 las intervenciones musicales, danc\u00edsticas,&hellip;","featured_image_src":"https:\/\/www.uartes.edu.ec\/sitio\/wp-content\/uploads\/2025\/08\/37-CASA-ABIERTA-2025-600x400.jpg","featured_image_src_square":"https:\/\/www.uartes.edu.ec\/sitio\/wp-content\/uploads\/2025\/08\/37-CASA-ABIERTA-2025-600x600.jpg","author_info":{"display_name":"ccortez","author_link":"https:\/\/www.uartes.edu.ec\/sitio\/blog\/author\/ccortez\/"},"publishpress_future_workflow_manual_trigger":{"enabledWorkflows":[]},"distributor_meta":false,"distributor_terms":false,"distributor_media":false,"distributor_original_site_name":"Universidad de las Artes","distributor_original_site_url":"https:\/\/www.uartes.edu.ec\/sitio","push-errors":false,"_links":{"self":[{"href":"https:\/\/www.uartes.edu.ec\/sitio\/wp-json\/wp\/v2\/posts\/77662","targetHints":{"allow":["GET"]}}],"collection":[{"href":"https:\/\/www.uartes.edu.ec\/sitio\/wp-json\/wp\/v2\/posts"}],"about":[{"href":"https:\/\/www.uartes.edu.ec\/sitio\/wp-json\/wp\/v2\/types\/post"}],"author":[{"embeddable":true,"href":"https:\/\/www.uartes.edu.ec\/sitio\/wp-json\/wp\/v2\/users\/10"}],"replies":[{"embeddable":true,"href":"https:\/\/www.uartes.edu.ec\/sitio\/wp-json\/wp\/v2\/comments?post=77662"}],"version-history":[{"count":3,"href":"https:\/\/www.uartes.edu.ec\/sitio\/wp-json\/wp\/v2\/posts\/77662\/revisions"}],"predecessor-version":[{"id":77679,"href":"https:\/\/www.uartes.edu.ec\/sitio\/wp-json\/wp\/v2\/posts\/77662\/revisions\/77679"}],"wp:featuredmedia":[{"embeddable":true,"href":"https:\/\/www.uartes.edu.ec\/sitio\/wp-json\/wp\/v2\/media\/77663"}],"wp:attachment":[{"href":"https:\/\/www.uartes.edu.ec\/sitio\/wp-json\/wp\/v2\/media?parent=77662"}],"wp:term":[{"taxonomy":"category","embeddable":true,"href":"https:\/\/www.uartes.edu.ec\/sitio\/wp-json\/wp\/v2\/categories?post=77662"},{"taxonomy":"post_tag","embeddable":true,"href":"https:\/\/www.uartes.edu.ec\/sitio\/wp-json\/wp\/v2\/tags?post=77662"},{"taxonomy":"infouartes","embeddable":true,"href":"https:\/\/www.uartes.edu.ec\/sitio\/wp-json\/wp\/v2\/infouartes?post=77662"}],"curies":[{"name":"wp","href":"https:\/\/api.w.org\/{rel}","templated":true}]}}