{"id":82140,"date":"2025-11-13T19:15:00","date_gmt":"2025-11-14T00:15:00","guid":{"rendered":"https:\/\/www.uartes.edu.ec\/sitio\/?p=82140"},"modified":"2025-11-18T17:38:01","modified_gmt":"2025-11-18T22:38:01","slug":"a-un-kilometro-otro-horizonte-la-obra-con-la-que-ilich-castillo-obtuvo-mencion-de-honor-en-the-game-una-bienal-de-bienales","status":"publish","type":"post","link":"https:\/\/www.uartes.edu.ec\/sitio\/blog\/2025\/11\/13\/a-un-kilometro-otro-horizonte-la-obra-con-la-que-ilich-castillo-obtuvo-mencion-de-honor-en-the-game-una-bienal-de-bienales\/","title":{"rendered":"\u201cA un kil\u00f3metro otro horizonte\u201d, obra de Ilich Castillo que obtuvo Menci\u00f3n de Honor en \u201cThe Game: Una Bienal de Bienales\u201d"},"content":{"rendered":"\n<p>En la XVII edici\u00f3n de la Bienal de Cuenca 2025, titulada \u201cThe Game: Una Bienal de Bienales\u201d, el reconocido artista Ilich Castillo, docente de la Universidad de las Artes, obtuvo una Menci\u00f3n de Honor por \u201cA un kil\u00f3metro otro horizonte\u201d, obra que propone una mirada retrospectiva sobre el canon literario ecuatoriano y sus exclusiones a partir de la figura imaginaria de un espacio dom\u00e9stico.<\/p>\n\n\n\n<p>As\u00ed lo se\u00f1alan las primeras l\u00edneas de la descripci\u00f3n que Ilich Castillo hizo de la obra y que envi\u00f3 al fil\u00f3sofo y curador espa\u00f1ol Fernando Castro Fl\u00f3rez, uno de los 17 curadores internacionales que la Bienal de Cuenca convoc\u00f3. Y es que, para la edici\u00f3n de este a\u00f1o que tuvo lugar en la capital azuaya en octubre pasado, el relevante espacio para el arte contempor\u00e1neo en Am\u00e9rica Latina involucr\u00f3 al n\u00famero de curadores anotado y a 53 artistas, entre ellos 23 ecuatorianos seleccionados mediante convocatoria p\u00fablica.<\/p>\n\n\n\n<p>Cada curador hizo una micro curadur\u00eda compuesta por tres artistas. Uno en representaci\u00f3n del pa\u00eds y dos a discreci\u00f3n de cada curador, anota Castillo, quien hab\u00eda trabajado con Fernando Castro Fl\u00f3rez en la edici\u00f3n del 2011 de la Bienal de Cuenca. Agreg\u00f3 que \u00e9l le pidi\u00f3 volver a trabajar en conjunto y es as\u00ed c\u00f3mo tom\u00f3 parte en \u201cThe Game: Una Bienal de Bienales\u201d junto con Mateo Mat\u00e9 (tambi\u00e9n de Espa\u00f1a) y Regina Jos\u00e9 Galindo (artista de performance de Guatemala), ambos de amplia trayectoria.&nbsp;<\/p>\n\n\n<div class=\"wp-block-image\">\n<figure class=\"aligncenter size-large\"><img fetchpriority=\"high\" decoding=\"async\" width=\"644\" height=\"429\" src=\"https:\/\/www.uartes.edu.ec\/sitio\/wp-content\/uploads\/2025\/11\/Proyecto-Cambiar-tamano-de-imagen-2025-10-28T190-37-644x429.jpg\" alt=\"\" class=\"wp-image-82143\" srcset=\"https:\/\/www.uartes.edu.ec\/sitio\/wp-content\/uploads\/2025\/11\/Proyecto-Cambiar-tamano-de-imagen-2025-10-28T190-37-644x429.jpg 644w, https:\/\/www.uartes.edu.ec\/sitio\/wp-content\/uploads\/2025\/11\/Proyecto-Cambiar-tamano-de-imagen-2025-10-28T190-37-300x200.jpg 300w, https:\/\/www.uartes.edu.ec\/sitio\/wp-content\/uploads\/2025\/11\/Proyecto-Cambiar-tamano-de-imagen-2025-10-28T190-37-768x512.jpg 768w, https:\/\/www.uartes.edu.ec\/sitio\/wp-content\/uploads\/2025\/11\/Proyecto-Cambiar-tamano-de-imagen-2025-10-28T190-37-1536x1024.jpg 1536w, https:\/\/www.uartes.edu.ec\/sitio\/wp-content\/uploads\/2025\/11\/Proyecto-Cambiar-tamano-de-imagen-2025-10-28T190-37-18x12.jpg 18w, https:\/\/www.uartes.edu.ec\/sitio\/wp-content\/uploads\/2025\/11\/Proyecto-Cambiar-tamano-de-imagen-2025-10-28T190-37-600x400.jpg 600w, https:\/\/www.uartes.edu.ec\/sitio\/wp-content\/uploads\/2025\/11\/Proyecto-Cambiar-tamano-de-imagen-2025-10-28T190-37-400x267.jpg 400w, https:\/\/www.uartes.edu.ec\/sitio\/wp-content\/uploads\/2025\/11\/Proyecto-Cambiar-tamano-de-imagen-2025-10-28T190-37.jpg 2000w\" sizes=\"(max-width: 644px) 100vw, 644px\" \/><\/figure>\n<\/div>\n\n\n<p>Los tres formaron el equipo de Castro Fl\u00f3rez, quien desarroll\u00f3 el texto y trabajo curatorial de las obras. Ilich Castillo indica que tras enviar su propuesta al curador empez\u00f3 a recibir la retroalimentaci\u00f3n y una vez aprobaba acordaron el resto del trabajo en base a la curadur\u00eda que \u00e9l estaba proyectando.<\/p>\n\n\n\n<p>\u201cA un kil\u00f3metro otro horizonte\u201d es un proyecto de investigaci\u00f3n de Ilich Castillo, inscrito en la Universidad de las Artes. En algunos casos, la Bienal de Cuenca produce la obra, es decir, inyecta los fondos para esa producci\u00f3n, lo cual fue una de las razones que lo motiv\u00f3, revela el artista guayaquile\u00f1o para quien la del 2025 fue su cuarta participaci\u00f3n.<\/p>\n\n\n\n<p>En la descripci\u00f3n de la obra de Ilich Castillo tambi\u00e9n se lee que es una \u201cinstalaci\u00f3n que recrea el posible habit\u00e1culo de Hugo Mayo o de su personaje Nino Amanolik, como si uno de ellos, en un gesto l\u00fadico y melanc\u00f3lico, dispusiera los rastros de una biblioteca nacional\u201d.<\/p>\n\n\n\n<p>El artista y acad\u00e9mico explica que su proyecto de investigaci\u00f3n, que tiene un poco m\u00e1s de tres a\u00f1os, gira en torno a este escritor ecuatoriano (Hugo Mayo) que pr\u00e1cticamente pas\u00f3 desapercibido de su \u00e9poca, debido a varias diferencias ideol\u00f3gicas que estaban inscritas para entonces. Este poeta manabita se instal\u00f3 muy tempranamente en Guayaquil y era una figura extra\u00f1a en el contexto ecuatoriano de la literatura de los a\u00f1os 20 y 30, y de ah\u00ed en adelante.<\/p>\n\n\n<div class=\"wp-block-image\">\n<figure class=\"aligncenter size-large\"><img decoding=\"async\" width=\"644\" height=\"429\" src=\"https:\/\/www.uartes.edu.ec\/sitio\/wp-content\/uploads\/2025\/11\/Proyecto-Cambiar-tamano-de-imagen-2025-10-28T190-38-644x429.jpg\" alt=\"\" class=\"wp-image-82144\" srcset=\"https:\/\/www.uartes.edu.ec\/sitio\/wp-content\/uploads\/2025\/11\/Proyecto-Cambiar-tamano-de-imagen-2025-10-28T190-38-644x429.jpg 644w, https:\/\/www.uartes.edu.ec\/sitio\/wp-content\/uploads\/2025\/11\/Proyecto-Cambiar-tamano-de-imagen-2025-10-28T190-38-300x200.jpg 300w, https:\/\/www.uartes.edu.ec\/sitio\/wp-content\/uploads\/2025\/11\/Proyecto-Cambiar-tamano-de-imagen-2025-10-28T190-38-768x512.jpg 768w, https:\/\/www.uartes.edu.ec\/sitio\/wp-content\/uploads\/2025\/11\/Proyecto-Cambiar-tamano-de-imagen-2025-10-28T190-38-1536x1024.jpg 1536w, https:\/\/www.uartes.edu.ec\/sitio\/wp-content\/uploads\/2025\/11\/Proyecto-Cambiar-tamano-de-imagen-2025-10-28T190-38-18x12.jpg 18w, https:\/\/www.uartes.edu.ec\/sitio\/wp-content\/uploads\/2025\/11\/Proyecto-Cambiar-tamano-de-imagen-2025-10-28T190-38-600x400.jpg 600w, https:\/\/www.uartes.edu.ec\/sitio\/wp-content\/uploads\/2025\/11\/Proyecto-Cambiar-tamano-de-imagen-2025-10-28T190-38-400x267.jpg 400w, https:\/\/www.uartes.edu.ec\/sitio\/wp-content\/uploads\/2025\/11\/Proyecto-Cambiar-tamano-de-imagen-2025-10-28T190-38.jpg 2000w\" sizes=\"(max-width: 644px) 100vw, 644px\" \/><\/figure>\n<\/div>\n\n\n<p>\u201cHugo Mayo ten\u00eda unas afinidades hacia la vanguardia. Fue un escritor que muy tempranamente fue cuestionado en Ecuador\u201d, manifiesta Ilich Castillo y a\u00f1ade: Despu\u00e9s de 1922, cuando se dio la masacre obrera del 15 de noviembre, empez\u00f3 a existir una efervescencia hacia los pensamientos, m\u00e1s de lo que supon\u00eda el realismo social en Ecuador; pensamientos que apostaban a que los artistas no deb\u00edan estar concentrados o ensimismados en formalidades o en cuestiones que, de repente, no conectaban con el esp\u00edritu del proletario. Fue una \u00e9poca muy convulsa donde se coopt\u00f3 pr\u00e1cticamente el pensamiento de diferencia alrededor de las pr\u00e1cticas art\u00edsticas. Entonces, era muy com\u00fan, por ejemplo, que Gallegos Lara, quien fue uno de los m\u00e1s cr\u00edticos con respecto al pensamiento de vanguardia, se dedicara a cuestionar a muchos de estos escritores\u201d.<\/p>\n\n\n\n<p>Agrega que Hugo Mayo fue uno de ellos, al igual que Pablo Palacio y otros autores que fueron criticados y pr\u00e1cticamente llevados al insilio. Ilich Castillo expone que se centr\u00f3 en el personaje de su estudio por varias razones: \u201cRecuperaba una especie de conexi\u00f3n o de sensibilidad con lo que supon\u00eda el esp\u00edritu de la \u00e9poca. Mi propuesta se llama \u2018A un kil\u00f3metro otro horizonte\u2019 porque para m\u00ed hab\u00eda una reducci\u00f3n entre lo que llamamos el horizonte como el esp\u00edritu de la vanguardia o idea de algo que est\u00e1 m\u00e1s all\u00e1\u201d.<\/p>\n\n\n\n<p>Obviamente, es m\u00e1s o menos como un proyecto ut\u00f3pico, como el que ten\u00edan las vanguardias, y esta otra literatura local que apostaba m\u00e1s hacia la horizontalidad, es decir, hacia la idea de que ten\u00eda que existir una especie de democratizaci\u00f3n, de que ten\u00eda que existir un proyecto social m\u00e1s amplio, se\u00f1ala el artista.<\/p>\n\n\n\n<p>Lo que present\u00f3 en la Bienal de Cuenca 2025, obteniendo la Menci\u00f3n de Honor, es la primera fase del proyecto, en cuya investigaci\u00f3n continuar\u00e1. &#8220;En a\u00f1os recientes he empezado una arqueolog\u00eda muy personal de autores locales conectados con aquel esp\u00edritu vanguardista. Consecuentemente aquella apuesta ideoest\u00e9tica termin\u00f3 llev\u00e1ndoles al insilio&#8221;, anota y explica que despu\u00e9s de la pandemia por COVID-19 la idea de futuro se hizo muy palpable para muchos y que, aunque evidentemente el futuro siempre ha sido como un horizonte muy distante, la idea de futuro se volvi\u00f3 cada vez m\u00e1s activa, vigente y visible despu\u00e9s de la pandemia. \u201cCuando el futuro fue incluso tan cr\u00edtico, apocal\u00edptico e inmediato, de alguna manera se parec\u00eda mucho a la realidad de la ciencia ficci\u00f3n y en lo personal me supuso una inflexi\u00f3n de mi obra, porque desde ese momento empec\u00e9 a investigar un poco sobre la vanguardia en Ecuador como el futurismo\u201d.<\/p>\n\n\n<div class=\"wp-block-image\">\n<figure class=\"aligncenter size-large\"><img decoding=\"async\" width=\"644\" height=\"429\" src=\"https:\/\/www.uartes.edu.ec\/sitio\/wp-content\/uploads\/2025\/11\/Proyecto-Cambiar-tamano-de-imagen-2025-10-28T190-39-644x429.jpg\" alt=\"\" class=\"wp-image-82145\" srcset=\"https:\/\/www.uartes.edu.ec\/sitio\/wp-content\/uploads\/2025\/11\/Proyecto-Cambiar-tamano-de-imagen-2025-10-28T190-39-644x429.jpg 644w, https:\/\/www.uartes.edu.ec\/sitio\/wp-content\/uploads\/2025\/11\/Proyecto-Cambiar-tamano-de-imagen-2025-10-28T190-39-300x200.jpg 300w, https:\/\/www.uartes.edu.ec\/sitio\/wp-content\/uploads\/2025\/11\/Proyecto-Cambiar-tamano-de-imagen-2025-10-28T190-39-768x512.jpg 768w, https:\/\/www.uartes.edu.ec\/sitio\/wp-content\/uploads\/2025\/11\/Proyecto-Cambiar-tamano-de-imagen-2025-10-28T190-39-1536x1024.jpg 1536w, https:\/\/www.uartes.edu.ec\/sitio\/wp-content\/uploads\/2025\/11\/Proyecto-Cambiar-tamano-de-imagen-2025-10-28T190-39-18x12.jpg 18w, https:\/\/www.uartes.edu.ec\/sitio\/wp-content\/uploads\/2025\/11\/Proyecto-Cambiar-tamano-de-imagen-2025-10-28T190-39-600x400.jpg 600w, https:\/\/www.uartes.edu.ec\/sitio\/wp-content\/uploads\/2025\/11\/Proyecto-Cambiar-tamano-de-imagen-2025-10-28T190-39-400x267.jpg 400w, https:\/\/www.uartes.edu.ec\/sitio\/wp-content\/uploads\/2025\/11\/Proyecto-Cambiar-tamano-de-imagen-2025-10-28T190-39.jpg 2000w\" sizes=\"(max-width: 644px) 100vw, 644px\" \/><\/figure>\n<\/div>\n\n\n<p>Al encontrar que pr\u00e1cticamente las vanguardias no existieron en las artes visuales con tanta visibilidad, como \u2013por ejemplo\u2013 s\u00ed tuvieron en la literatura, empez\u00f3 a trabajar con autores como Hugo Mayo, subraya Ilich Castillo y lo comenta porque cuando empez\u00f3 esta investigaci\u00f3n hall\u00f3 un autor hablando del futuro y que fue el pretexto de la exposici\u00f3n individual de julio pasado (en el Museo Municipal de Guayaquil, titulada \u201cPr\u00f3dromo\u201d): Sim\u00f3n Rodr\u00edguez. \u201cEn ese caso, a partir del libro &#8216;Sociedades americanas en 1828, C\u00f3mo ser\u00e1n y c\u00f3mo podr\u00edan ser en siglos venideros'&#8221;. Para m\u00ed, al menos, son como pretextos que se conectan en t\u00e9rminos de posibilidades y proyecciones de horizontes que todav\u00eda no necesitan verificarse, pero que tienen que ver un poco con esa idea de adelantarse y proyectarse a una \u00e9poca que le toca a cada quien\u201d.<\/p>\n\n\n\n<h3 class=\"wp-block-heading\">Trayectoria art\u00edstica<\/h3>\n\n\n\n<p>Ilich Castillo organiza, recopila o ubica anomal\u00edas en diversos sistemas que parecen poseer ciertos patrones de comportamiento o l\u00f3gicas internas inciertas. En estos ejercicios de observaci\u00f3n, el artista plantea la posibilidad de pensar lo accidental como una v\u00eda de escape para acceder a una percepci\u00f3n subyacente de nuestra experiencia con el mundo.<\/p>\n\n\n\n<p>Ha realizado exhibiciones individuales en el Centro de Arte Contempor\u00e1neo CAC, Quito- IN- Arte Contempor\u00e1neo, Cuenca- Ecuador; Fundaci\u00f3n Ode\u00f3n, Bogot\u00e1-Colombia, Demolden Video Project, Santander- Espa\u00f1a. Ha participado en numerosas muestras colectivas en lugares como MAZ Zapop\u00e1n, Jalisco- M\u00e9xico, MAC, Santiago- Chile, MARCO, Vigo- Espa\u00f1a, CIFO Art Space, Miami- E.U., Lugar a Dudas, Cali- Colombia, Telef\u00f3nica, Lima- Per\u00fa, La Casa Encendida, Madrid- Espa\u00f1a, entre otros.<\/p>\n\n\n\n<p>Tambi\u00e9n ha representado al Ecuador en las siguientes bienales y festivales internacionales:&nbsp; Bienal de la Imagen en Movimiento (BIM), Buenos Aires (2011-2014); 15th Edition Festival des Cin\u00e9mas Diff\u00e9rents et Exp\u00e9rimentaux de Paris, Collectif Jeune Cinema, Par\u00eds; 8\u00ba Festival \u201cJornadas de Reapropiaci\u00f3n\u201d, M\u00e9xico D.F. (2012); Bienal Internacional de Cuenca (2004, 2011, 2018, 2025); Bienal de VideoArte, Banco Interamericano de Desarrollo BID, Washington D.C. (2010).<\/p>\n\n\n\n<p>Entre sus distinciones se incluyen: Programa de Becas y Comisiones CIFO- Cisneros Fontanals Art Foundation. Miami, Florida (2017); Primer Premio, Sal\u00f3n Fundaci\u00f3n El Comercio, Quito (2007); Primer Premio, 49 Sal\u00f3n de Julio, Museo Municipal de Guayaquil (2005); Premio Par\u00eds, (con LaLimpia), 8va. Bienal Internacional de Arte, Cuenca (2004).<\/p>\n\n\n\n<p>Texto: Carmen Cortez\/Dircom, con la colaboraci\u00f3n del artista y docente Ilich Castillo, quien extiende agradecimientos especiales a \u00c1ngel Emilio Hidalgo, Lupe \u00c1lvarez, Harry Merch\u00e1n, Kevin Alarc\u00f3n, Ericka Rodr\u00edguez, Stiv Berrones, Ailyn Wong y Daniel Salazar. Fotos: Harry Merch\u00e1n y Marlon Piguave.<\/p>\n","protected":false},"excerpt":{"rendered":"<p>En la XVII Bienal de Cuenca 2025, titulada \u201cThe Game: Una Bienal de Bienales\u201d, el artista y docente UArtes Ilich Castillo obtuvo Menci\u00f3n de Honor por \u201cA un kil\u00f3metro otro horizonte\u201d, obra que propone una mirada retrospectiva sobre el canon literario ecuatoriano y sus exclusiones a partir de la figura imaginaria de un espacio dom\u00e9stico. Integr\u00f3 el equipo de Fernando Castro Fl\u00f3rez, uno de 17 curadores internacionales convocados.<\/p>\n","protected":false},"author":10,"featured_media":82142,"comment_status":"open","ping_status":"open","sticky":false,"template":"","format":"standard","meta":{"_acf_changed":false,"_uag_custom_page_level_css":"","_monsterinsights_skip_tracking":false,"_monsterinsights_sitenote_active":false,"_monsterinsights_sitenote_note":"","_monsterinsights_sitenote_category":0,"cybocfi_hide_featured_image":"","footnotes":""},"categories":[80,82,157,75],"tags":[1031],"infouartes":[],"class_list":["post-82140","post","type-post","status-publish","format-standard","has-post-thumbnail","hentry","category-academico","category-artes","category-artes-visuales","category-docentes","tag-certamen"],"acf":[],"yoast_head":"<!-- This site is optimized with the Yoast SEO plugin v27.4 - https:\/\/yoast.com\/product\/yoast-seo-wordpress\/ -->\n<title>Universidad de las Artes - \u201cA un kil\u00f3metro otro horizonte\u201d, obra de Ilich Castillo que obtuvo Menci\u00f3n de Honor en \u201cThe Game: Una Bienal de Bienales\u201d<\/title>\n<meta name=\"description\" content=\"Universidad de las Artes - \u201cA un kil\u00f3metro otro horizonte\u201d, obra de Ilich Castillo que obtuvo Menci\u00f3n de Honor en \u201cThe Game: Una Bienal de Bienales\u201d\" \/>\n<meta name=\"robots\" content=\"index, follow, max-snippet:-1, max-image-preview:large, max-video-preview:-1\" \/>\n<link rel=\"canonical\" href=\"https:\/\/www.uartes.edu.ec\/sitio\/blog\/2025\/11\/13\/a-un-kilometro-otro-horizonte-la-obra-con-la-que-ilich-castillo-obtuvo-mencion-de-honor-en-the-game-una-bienal-de-bienales\/\" \/>\n<meta property=\"og:locale\" content=\"es_ES\" \/>\n<meta property=\"og:type\" content=\"article\" \/>\n<meta property=\"og:title\" content=\"Universidad de las Artes - \u201cA un kil\u00f3metro otro horizonte\u201d, obra de Ilich Castillo que obtuvo Menci\u00f3n de Honor en \u201cThe Game: Una Bienal de Bienales\u201d\" \/>\n<meta property=\"og:description\" content=\"Universidad de las Artes - \u201cA un kil\u00f3metro otro horizonte\u201d, obra de Ilich Castillo que obtuvo Menci\u00f3n de Honor en \u201cThe Game: Una Bienal de Bienales\u201d\" \/>\n<meta property=\"og:url\" content=\"https:\/\/www.uartes.edu.ec\/sitio\/blog\/2025\/11\/13\/a-un-kilometro-otro-horizonte-la-obra-con-la-que-ilich-castillo-obtuvo-mencion-de-honor-en-the-game-una-bienal-de-bienales\/\" \/>\n<meta property=\"og:site_name\" content=\"Universidad de las Artes\" \/>\n<meta property=\"article:publisher\" content=\"https:\/\/www.facebook.com\/uartesec\" \/>\n<meta property=\"article:published_time\" content=\"2025-11-14T00:15:00+00:00\" \/>\n<meta property=\"article:modified_time\" content=\"2025-11-18T22:38:01+00:00\" \/>\n<meta property=\"og:image\" content=\"https:\/\/www.uartes.edu.ec\/sitio\/wp-content\/uploads\/2025\/11\/Proyecto-Cambiar-tamano-de-imagen-2025-10-28T190-36.jpg\" \/>\n\t<meta property=\"og:image:width\" content=\"2000\" \/>\n\t<meta property=\"og:image:height\" content=\"1333\" \/>\n\t<meta property=\"og:image:type\" content=\"image\/jpeg\" \/>\n<meta name=\"author\" content=\"ccortez\" \/>\n<meta name=\"twitter:card\" content=\"summary_large_image\" \/>\n<meta name=\"twitter:creator\" content=\"@uartesec\" \/>\n<meta name=\"twitter:site\" content=\"@uartesec\" \/>\n<meta name=\"twitter:label1\" content=\"Escrito por\" \/>\n\t<meta name=\"twitter:data1\" content=\"ccortez\" \/>\n\t<meta name=\"twitter:label2\" content=\"Tiempo de lectura\" \/>\n\t<meta name=\"twitter:data2\" content=\"7 minutos\" \/>\n<script type=\"application\/ld+json\" class=\"yoast-schema-graph\">{\"@context\":\"https:\\\/\\\/schema.org\",\"@graph\":[{\"@type\":\"Article\",\"@id\":\"https:\\\/\\\/www.uartes.edu.ec\\\/sitio\\\/blog\\\/2025\\\/11\\\/13\\\/a-un-kilometro-otro-horizonte-la-obra-con-la-que-ilich-castillo-obtuvo-mencion-de-honor-en-the-game-una-bienal-de-bienales\\\/#article\",\"isPartOf\":{\"@id\":\"https:\\\/\\\/www.uartes.edu.ec\\\/sitio\\\/blog\\\/2025\\\/11\\\/13\\\/a-un-kilometro-otro-horizonte-la-obra-con-la-que-ilich-castillo-obtuvo-mencion-de-honor-en-the-game-una-bienal-de-bienales\\\/\"},\"author\":{\"name\":\"ccortez\",\"@id\":\"https:\\\/\\\/www.uartes.edu.ec\\\/sitio\\\/#\\\/schema\\\/person\\\/efa1b8275797664fd7f13a79ccc0b1f4\"},\"headline\":\"\u201cA un kil\u00f3metro otro horizonte\u201d, obra de Ilich Castillo que obtuvo Menci\u00f3n de Honor en \u201cThe Game: Una Bienal de Bienales\u201d\",\"datePublished\":\"2025-11-14T00:15:00+00:00\",\"dateModified\":\"2025-11-18T22:38:01+00:00\",\"mainEntityOfPage\":{\"@id\":\"https:\\\/\\\/www.uartes.edu.ec\\\/sitio\\\/blog\\\/2025\\\/11\\\/13\\\/a-un-kilometro-otro-horizonte-la-obra-con-la-que-ilich-castillo-obtuvo-mencion-de-honor-en-the-game-una-bienal-de-bienales\\\/\"},\"wordCount\":1446,\"commentCount\":0,\"publisher\":{\"@id\":\"https:\\\/\\\/www.uartes.edu.ec\\\/sitio\\\/#organization\"},\"image\":{\"@id\":\"https:\\\/\\\/www.uartes.edu.ec\\\/sitio\\\/blog\\\/2025\\\/11\\\/13\\\/a-un-kilometro-otro-horizonte-la-obra-con-la-que-ilich-castillo-obtuvo-mencion-de-honor-en-the-game-una-bienal-de-bienales\\\/#primaryimage\"},\"thumbnailUrl\":\"https:\\\/\\\/www.uartes.edu.ec\\\/sitio\\\/wp-content\\\/uploads\\\/2025\\\/11\\\/Proyecto-Cambiar-tamano-de-imagen-2025-10-28T190-36.jpg\",\"keywords\":[\"certamen\"],\"articleSection\":[\"Acad\u00e9mico\",\"Artes\",\"Artes Visuales\",\"Docentes\"],\"inLanguage\":\"es\",\"potentialAction\":[{\"@type\":\"CommentAction\",\"name\":\"Comment\",\"target\":[\"https:\\\/\\\/www.uartes.edu.ec\\\/sitio\\\/blog\\\/2025\\\/11\\\/13\\\/a-un-kilometro-otro-horizonte-la-obra-con-la-que-ilich-castillo-obtuvo-mencion-de-honor-en-the-game-una-bienal-de-bienales\\\/#respond\"]}]},{\"@type\":[\"WebPage\",\"ItemPage\"],\"@id\":\"https:\\\/\\\/www.uartes.edu.ec\\\/sitio\\\/blog\\\/2025\\\/11\\\/13\\\/a-un-kilometro-otro-horizonte-la-obra-con-la-que-ilich-castillo-obtuvo-mencion-de-honor-en-the-game-una-bienal-de-bienales\\\/\",\"url\":\"https:\\\/\\\/www.uartes.edu.ec\\\/sitio\\\/blog\\\/2025\\\/11\\\/13\\\/a-un-kilometro-otro-horizonte-la-obra-con-la-que-ilich-castillo-obtuvo-mencion-de-honor-en-the-game-una-bienal-de-bienales\\\/\",\"name\":\"Universidad de las Artes - \u201cA un kil\u00f3metro otro horizonte\u201d, obra de Ilich Castillo que obtuvo Menci\u00f3n de Honor en \u201cThe Game: Una Bienal de Bienales\u201d\",\"isPartOf\":{\"@id\":\"https:\\\/\\\/www.uartes.edu.ec\\\/sitio\\\/#website\"},\"primaryImageOfPage\":{\"@id\":\"https:\\\/\\\/www.uartes.edu.ec\\\/sitio\\\/blog\\\/2025\\\/11\\\/13\\\/a-un-kilometro-otro-horizonte-la-obra-con-la-que-ilich-castillo-obtuvo-mencion-de-honor-en-the-game-una-bienal-de-bienales\\\/#primaryimage\"},\"image\":{\"@id\":\"https:\\\/\\\/www.uartes.edu.ec\\\/sitio\\\/blog\\\/2025\\\/11\\\/13\\\/a-un-kilometro-otro-horizonte-la-obra-con-la-que-ilich-castillo-obtuvo-mencion-de-honor-en-the-game-una-bienal-de-bienales\\\/#primaryimage\"},\"thumbnailUrl\":\"https:\\\/\\\/www.uartes.edu.ec\\\/sitio\\\/wp-content\\\/uploads\\\/2025\\\/11\\\/Proyecto-Cambiar-tamano-de-imagen-2025-10-28T190-36.jpg\",\"datePublished\":\"2025-11-14T00:15:00+00:00\",\"dateModified\":\"2025-11-18T22:38:01+00:00\",\"description\":\"Universidad de las Artes - \u201cA un kil\u00f3metro otro horizonte\u201d, obra de Ilich Castillo que obtuvo Menci\u00f3n de Honor en \u201cThe Game: Una Bienal de Bienales\u201d\",\"breadcrumb\":{\"@id\":\"https:\\\/\\\/www.uartes.edu.ec\\\/sitio\\\/blog\\\/2025\\\/11\\\/13\\\/a-un-kilometro-otro-horizonte-la-obra-con-la-que-ilich-castillo-obtuvo-mencion-de-honor-en-the-game-una-bienal-de-bienales\\\/#breadcrumb\"},\"inLanguage\":\"es\",\"potentialAction\":[{\"@type\":\"ReadAction\",\"target\":[\"https:\\\/\\\/www.uartes.edu.ec\\\/sitio\\\/blog\\\/2025\\\/11\\\/13\\\/a-un-kilometro-otro-horizonte-la-obra-con-la-que-ilich-castillo-obtuvo-mencion-de-honor-en-the-game-una-bienal-de-bienales\\\/\"]}]},{\"@type\":\"ImageObject\",\"inLanguage\":\"es\",\"@id\":\"https:\\\/\\\/www.uartes.edu.ec\\\/sitio\\\/blog\\\/2025\\\/11\\\/13\\\/a-un-kilometro-otro-horizonte-la-obra-con-la-que-ilich-castillo-obtuvo-mencion-de-honor-en-the-game-una-bienal-de-bienales\\\/#primaryimage\",\"url\":\"https:\\\/\\\/www.uartes.edu.ec\\\/sitio\\\/wp-content\\\/uploads\\\/2025\\\/11\\\/Proyecto-Cambiar-tamano-de-imagen-2025-10-28T190-36.jpg\",\"contentUrl\":\"https:\\\/\\\/www.uartes.edu.ec\\\/sitio\\\/wp-content\\\/uploads\\\/2025\\\/11\\\/Proyecto-Cambiar-tamano-de-imagen-2025-10-28T190-36.jpg\",\"width\":2000,\"height\":1333},{\"@type\":\"BreadcrumbList\",\"@id\":\"https:\\\/\\\/www.uartes.edu.ec\\\/sitio\\\/blog\\\/2025\\\/11\\\/13\\\/a-un-kilometro-otro-horizonte-la-obra-con-la-que-ilich-castillo-obtuvo-mencion-de-honor-en-the-game-una-bienal-de-bienales\\\/#breadcrumb\",\"itemListElement\":[{\"@type\":\"ListItem\",\"position\":1,\"name\":\"Inicio\",\"item\":\"https:\\\/\\\/www.uartes.edu.ec\\\/sitio\\\/\"},{\"@type\":\"ListItem\",\"position\":2,\"name\":\"\u201cA un kil\u00f3metro otro horizonte\u201d, obra de Ilich Castillo que obtuvo Menci\u00f3n de Honor en \u201cThe Game: Una Bienal de Bienales\u201d\"}]},{\"@type\":\"WebSite\",\"@id\":\"https:\\\/\\\/www.uartes.edu.ec\\\/sitio\\\/#website\",\"url\":\"https:\\\/\\\/www.uartes.edu.ec\\\/sitio\\\/\",\"name\":\"Universidad de las Artes\",\"description\":\"Sitio oficial de la Universidad Nacional de las Artes del Ecuador\",\"publisher\":{\"@id\":\"https:\\\/\\\/www.uartes.edu.ec\\\/sitio\\\/#organization\"},\"potentialAction\":[{\"@type\":\"SearchAction\",\"target\":{\"@type\":\"EntryPoint\",\"urlTemplate\":\"https:\\\/\\\/www.uartes.edu.ec\\\/sitio\\\/?s={search_term_string}\"},\"query-input\":{\"@type\":\"PropertyValueSpecification\",\"valueRequired\":true,\"valueName\":\"search_term_string\"}}],\"inLanguage\":\"es\"},{\"@type\":\"Organization\",\"@id\":\"https:\\\/\\\/www.uartes.edu.ec\\\/sitio\\\/#organization\",\"name\":\"Universidad de las Artes\",\"url\":\"https:\\\/\\\/www.uartes.edu.ec\\\/sitio\\\/\",\"logo\":{\"@type\":\"ImageObject\",\"inLanguage\":\"es\",\"@id\":\"https:\\\/\\\/www.uartes.edu.ec\\\/sitio\\\/#\\\/schema\\\/logo\\\/image\\\/\",\"url\":\"https:\\\/\\\/www.uartes.edu.ec\\\/sitio\\\/wp-content\\\/uploads\\\/2022\\\/07\\\/logo-ua-horizontal.png\",\"contentUrl\":\"https:\\\/\\\/www.uartes.edu.ec\\\/sitio\\\/wp-content\\\/uploads\\\/2022\\\/07\\\/logo-ua-horizontal.png\",\"width\":800,\"height\":276,\"caption\":\"Universidad de las Artes\"},\"image\":{\"@id\":\"https:\\\/\\\/www.uartes.edu.ec\\\/sitio\\\/#\\\/schema\\\/logo\\\/image\\\/\"},\"sameAs\":[\"https:\\\/\\\/www.facebook.com\\\/uartesec\",\"https:\\\/\\\/x.com\\\/uartesec\",\"https:\\\/\\\/www.tiktok.com\\\/@uartesec\"]},{\"@type\":\"Person\",\"@id\":\"https:\\\/\\\/www.uartes.edu.ec\\\/sitio\\\/#\\\/schema\\\/person\\\/efa1b8275797664fd7f13a79ccc0b1f4\",\"name\":\"ccortez\",\"image\":{\"@type\":\"ImageObject\",\"inLanguage\":\"es\",\"@id\":\"https:\\\/\\\/secure.gravatar.com\\\/avatar\\\/b2a6f664a3ae8e074346ef91775736c5ec479e637ecced6842de9dc98b5da9cd?s=96&d=mm&r=g\",\"url\":\"https:\\\/\\\/secure.gravatar.com\\\/avatar\\\/b2a6f664a3ae8e074346ef91775736c5ec479e637ecced6842de9dc98b5da9cd?s=96&d=mm&r=g\",\"contentUrl\":\"https:\\\/\\\/secure.gravatar.com\\\/avatar\\\/b2a6f664a3ae8e074346ef91775736c5ec479e637ecced6842de9dc98b5da9cd?s=96&d=mm&r=g\",\"caption\":\"ccortez\"},\"url\":\"https:\\\/\\\/www.uartes.edu.ec\\\/sitio\\\/blog\\\/author\\\/ccortez\\\/\"}]}<\/script>\n<!-- \/ Yoast SEO plugin. -->","yoast_head_json":{"title":"Universidad de las Artes - \u201cA un kil\u00f3metro otro horizonte\u201d, obra de Ilich Castillo que obtuvo Menci\u00f3n de Honor en \u201cThe Game: Una Bienal de Bienales\u201d","description":"Universidad de las Artes - \u201cA un kil\u00f3metro otro horizonte\u201d, obra de Ilich Castillo que obtuvo Menci\u00f3n de Honor en \u201cThe Game: Una Bienal de Bienales\u201d","robots":{"index":"index","follow":"follow","max-snippet":"max-snippet:-1","max-image-preview":"max-image-preview:large","max-video-preview":"max-video-preview:-1"},"canonical":"https:\/\/www.uartes.edu.ec\/sitio\/blog\/2025\/11\/13\/a-un-kilometro-otro-horizonte-la-obra-con-la-que-ilich-castillo-obtuvo-mencion-de-honor-en-the-game-una-bienal-de-bienales\/","og_locale":"es_ES","og_type":"article","og_title":"Universidad de las Artes - \u201cA un kil\u00f3metro otro horizonte\u201d, obra de Ilich Castillo que obtuvo Menci\u00f3n de Honor en \u201cThe Game: Una Bienal de Bienales\u201d","og_description":"Universidad de las Artes - \u201cA un kil\u00f3metro otro horizonte\u201d, obra de Ilich Castillo que obtuvo Menci\u00f3n de Honor en \u201cThe Game: Una Bienal de Bienales\u201d","og_url":"https:\/\/www.uartes.edu.ec\/sitio\/blog\/2025\/11\/13\/a-un-kilometro-otro-horizonte-la-obra-con-la-que-ilich-castillo-obtuvo-mencion-de-honor-en-the-game-una-bienal-de-bienales\/","og_site_name":"Universidad de las Artes","article_publisher":"https:\/\/www.facebook.com\/uartesec","article_published_time":"2025-11-14T00:15:00+00:00","article_modified_time":"2025-11-18T22:38:01+00:00","og_image":[{"width":2000,"height":1333,"url":"https:\/\/www.uartes.edu.ec\/sitio\/wp-content\/uploads\/2025\/11\/Proyecto-Cambiar-tamano-de-imagen-2025-10-28T190-36.jpg","type":"image\/jpeg"}],"author":"ccortez","twitter_card":"summary_large_image","twitter_creator":"@uartesec","twitter_site":"@uartesec","twitter_misc":{"Escrito por":"ccortez","Tiempo de lectura":"7 minutos"},"schema":{"@context":"https:\/\/schema.org","@graph":[{"@type":"Article","@id":"https:\/\/www.uartes.edu.ec\/sitio\/blog\/2025\/11\/13\/a-un-kilometro-otro-horizonte-la-obra-con-la-que-ilich-castillo-obtuvo-mencion-de-honor-en-the-game-una-bienal-de-bienales\/#article","isPartOf":{"@id":"https:\/\/www.uartes.edu.ec\/sitio\/blog\/2025\/11\/13\/a-un-kilometro-otro-horizonte-la-obra-con-la-que-ilich-castillo-obtuvo-mencion-de-honor-en-the-game-una-bienal-de-bienales\/"},"author":{"name":"ccortez","@id":"https:\/\/www.uartes.edu.ec\/sitio\/#\/schema\/person\/efa1b8275797664fd7f13a79ccc0b1f4"},"headline":"\u201cA un kil\u00f3metro otro horizonte\u201d, obra de Ilich Castillo que obtuvo Menci\u00f3n de Honor en \u201cThe Game: Una Bienal de Bienales\u201d","datePublished":"2025-11-14T00:15:00+00:00","dateModified":"2025-11-18T22:38:01+00:00","mainEntityOfPage":{"@id":"https:\/\/www.uartes.edu.ec\/sitio\/blog\/2025\/11\/13\/a-un-kilometro-otro-horizonte-la-obra-con-la-que-ilich-castillo-obtuvo-mencion-de-honor-en-the-game-una-bienal-de-bienales\/"},"wordCount":1446,"commentCount":0,"publisher":{"@id":"https:\/\/www.uartes.edu.ec\/sitio\/#organization"},"image":{"@id":"https:\/\/www.uartes.edu.ec\/sitio\/blog\/2025\/11\/13\/a-un-kilometro-otro-horizonte-la-obra-con-la-que-ilich-castillo-obtuvo-mencion-de-honor-en-the-game-una-bienal-de-bienales\/#primaryimage"},"thumbnailUrl":"https:\/\/www.uartes.edu.ec\/sitio\/wp-content\/uploads\/2025\/11\/Proyecto-Cambiar-tamano-de-imagen-2025-10-28T190-36.jpg","keywords":["certamen"],"articleSection":["Acad\u00e9mico","Artes","Artes Visuales","Docentes"],"inLanguage":"es","potentialAction":[{"@type":"CommentAction","name":"Comment","target":["https:\/\/www.uartes.edu.ec\/sitio\/blog\/2025\/11\/13\/a-un-kilometro-otro-horizonte-la-obra-con-la-que-ilich-castillo-obtuvo-mencion-de-honor-en-the-game-una-bienal-de-bienales\/#respond"]}]},{"@type":["WebPage","ItemPage"],"@id":"https:\/\/www.uartes.edu.ec\/sitio\/blog\/2025\/11\/13\/a-un-kilometro-otro-horizonte-la-obra-con-la-que-ilich-castillo-obtuvo-mencion-de-honor-en-the-game-una-bienal-de-bienales\/","url":"https:\/\/www.uartes.edu.ec\/sitio\/blog\/2025\/11\/13\/a-un-kilometro-otro-horizonte-la-obra-con-la-que-ilich-castillo-obtuvo-mencion-de-honor-en-the-game-una-bienal-de-bienales\/","name":"Universidad de las Artes - \u201cA un kil\u00f3metro otro horizonte\u201d, obra de Ilich Castillo que obtuvo Menci\u00f3n de Honor en \u201cThe Game: Una Bienal de Bienales\u201d","isPartOf":{"@id":"https:\/\/www.uartes.edu.ec\/sitio\/#website"},"primaryImageOfPage":{"@id":"https:\/\/www.uartes.edu.ec\/sitio\/blog\/2025\/11\/13\/a-un-kilometro-otro-horizonte-la-obra-con-la-que-ilich-castillo-obtuvo-mencion-de-honor-en-the-game-una-bienal-de-bienales\/#primaryimage"},"image":{"@id":"https:\/\/www.uartes.edu.ec\/sitio\/blog\/2025\/11\/13\/a-un-kilometro-otro-horizonte-la-obra-con-la-que-ilich-castillo-obtuvo-mencion-de-honor-en-the-game-una-bienal-de-bienales\/#primaryimage"},"thumbnailUrl":"https:\/\/www.uartes.edu.ec\/sitio\/wp-content\/uploads\/2025\/11\/Proyecto-Cambiar-tamano-de-imagen-2025-10-28T190-36.jpg","datePublished":"2025-11-14T00:15:00+00:00","dateModified":"2025-11-18T22:38:01+00:00","description":"Universidad de las Artes - \u201cA un kil\u00f3metro otro horizonte\u201d, obra de Ilich Castillo que obtuvo Menci\u00f3n de Honor en \u201cThe Game: Una Bienal de Bienales\u201d","breadcrumb":{"@id":"https:\/\/www.uartes.edu.ec\/sitio\/blog\/2025\/11\/13\/a-un-kilometro-otro-horizonte-la-obra-con-la-que-ilich-castillo-obtuvo-mencion-de-honor-en-the-game-una-bienal-de-bienales\/#breadcrumb"},"inLanguage":"es","potentialAction":[{"@type":"ReadAction","target":["https:\/\/www.uartes.edu.ec\/sitio\/blog\/2025\/11\/13\/a-un-kilometro-otro-horizonte-la-obra-con-la-que-ilich-castillo-obtuvo-mencion-de-honor-en-the-game-una-bienal-de-bienales\/"]}]},{"@type":"ImageObject","inLanguage":"es","@id":"https:\/\/www.uartes.edu.ec\/sitio\/blog\/2025\/11\/13\/a-un-kilometro-otro-horizonte-la-obra-con-la-que-ilich-castillo-obtuvo-mencion-de-honor-en-the-game-una-bienal-de-bienales\/#primaryimage","url":"https:\/\/www.uartes.edu.ec\/sitio\/wp-content\/uploads\/2025\/11\/Proyecto-Cambiar-tamano-de-imagen-2025-10-28T190-36.jpg","contentUrl":"https:\/\/www.uartes.edu.ec\/sitio\/wp-content\/uploads\/2025\/11\/Proyecto-Cambiar-tamano-de-imagen-2025-10-28T190-36.jpg","width":2000,"height":1333},{"@type":"BreadcrumbList","@id":"https:\/\/www.uartes.edu.ec\/sitio\/blog\/2025\/11\/13\/a-un-kilometro-otro-horizonte-la-obra-con-la-que-ilich-castillo-obtuvo-mencion-de-honor-en-the-game-una-bienal-de-bienales\/#breadcrumb","itemListElement":[{"@type":"ListItem","position":1,"name":"Inicio","item":"https:\/\/www.uartes.edu.ec\/sitio\/"},{"@type":"ListItem","position":2,"name":"\u201cA un kil\u00f3metro otro horizonte\u201d, obra de Ilich Castillo que obtuvo Menci\u00f3n de Honor en \u201cThe Game: Una Bienal de Bienales\u201d"}]},{"@type":"WebSite","@id":"https:\/\/www.uartes.edu.ec\/sitio\/#website","url":"https:\/\/www.uartes.edu.ec\/sitio\/","name":"Universidad de las Artes","description":"Sitio oficial de la Universidad Nacional de las Artes del Ecuador","publisher":{"@id":"https:\/\/www.uartes.edu.ec\/sitio\/#organization"},"potentialAction":[{"@type":"SearchAction","target":{"@type":"EntryPoint","urlTemplate":"https:\/\/www.uartes.edu.ec\/sitio\/?s={search_term_string}"},"query-input":{"@type":"PropertyValueSpecification","valueRequired":true,"valueName":"search_term_string"}}],"inLanguage":"es"},{"@type":"Organization","@id":"https:\/\/www.uartes.edu.ec\/sitio\/#organization","name":"Universidad de las Artes","url":"https:\/\/www.uartes.edu.ec\/sitio\/","logo":{"@type":"ImageObject","inLanguage":"es","@id":"https:\/\/www.uartes.edu.ec\/sitio\/#\/schema\/logo\/image\/","url":"https:\/\/www.uartes.edu.ec\/sitio\/wp-content\/uploads\/2022\/07\/logo-ua-horizontal.png","contentUrl":"https:\/\/www.uartes.edu.ec\/sitio\/wp-content\/uploads\/2022\/07\/logo-ua-horizontal.png","width":800,"height":276,"caption":"Universidad de las Artes"},"image":{"@id":"https:\/\/www.uartes.edu.ec\/sitio\/#\/schema\/logo\/image\/"},"sameAs":["https:\/\/www.facebook.com\/uartesec","https:\/\/x.com\/uartesec","https:\/\/www.tiktok.com\/@uartesec"]},{"@type":"Person","@id":"https:\/\/www.uartes.edu.ec\/sitio\/#\/schema\/person\/efa1b8275797664fd7f13a79ccc0b1f4","name":"ccortez","image":{"@type":"ImageObject","inLanguage":"es","@id":"https:\/\/secure.gravatar.com\/avatar\/b2a6f664a3ae8e074346ef91775736c5ec479e637ecced6842de9dc98b5da9cd?s=96&d=mm&r=g","url":"https:\/\/secure.gravatar.com\/avatar\/b2a6f664a3ae8e074346ef91775736c5ec479e637ecced6842de9dc98b5da9cd?s=96&d=mm&r=g","contentUrl":"https:\/\/secure.gravatar.com\/avatar\/b2a6f664a3ae8e074346ef91775736c5ec479e637ecced6842de9dc98b5da9cd?s=96&d=mm&r=g","caption":"ccortez"},"url":"https:\/\/www.uartes.edu.ec\/sitio\/blog\/author\/ccortez\/"}]}},"uagb_featured_image_src":{"full":["https:\/\/www.uartes.edu.ec\/sitio\/wp-content\/uploads\/2025\/11\/Proyecto-Cambiar-tamano-de-imagen-2025-10-28T190-36.jpg",2000,1333,false],"thumbnail":["https:\/\/www.uartes.edu.ec\/sitio\/wp-content\/uploads\/2025\/11\/Proyecto-Cambiar-tamano-de-imagen-2025-10-28T190-36-150x150.jpg",150,150,true],"medium":["https:\/\/www.uartes.edu.ec\/sitio\/wp-content\/uploads\/2025\/11\/Proyecto-Cambiar-tamano-de-imagen-2025-10-28T190-36-300x200.jpg",300,200,true],"medium_large":["https:\/\/www.uartes.edu.ec\/sitio\/wp-content\/uploads\/2025\/11\/Proyecto-Cambiar-tamano-de-imagen-2025-10-28T190-36-768x512.jpg",768,512,true],"large":["https:\/\/www.uartes.edu.ec\/sitio\/wp-content\/uploads\/2025\/11\/Proyecto-Cambiar-tamano-de-imagen-2025-10-28T190-36-644x429.jpg",644,429,true],"1536x1536":["https:\/\/www.uartes.edu.ec\/sitio\/wp-content\/uploads\/2025\/11\/Proyecto-Cambiar-tamano-de-imagen-2025-10-28T190-36-1536x1024.jpg",1536,1024,true],"2048x2048":["https:\/\/www.uartes.edu.ec\/sitio\/wp-content\/uploads\/2025\/11\/Proyecto-Cambiar-tamano-de-imagen-2025-10-28T190-36.jpg",2000,1333,false],"trp-custom-language-flag":["https:\/\/www.uartes.edu.ec\/sitio\/wp-content\/uploads\/2025\/11\/Proyecto-Cambiar-tamano-de-imagen-2025-10-28T190-36-18x12.jpg",18,12,true],"htmega_size_585x295":["https:\/\/www.uartes.edu.ec\/sitio\/wp-content\/uploads\/2025\/11\/Proyecto-Cambiar-tamano-de-imagen-2025-10-28T190-36-585x295.jpg",585,295,true],"htmega_size_1170x536":["https:\/\/www.uartes.edu.ec\/sitio\/wp-content\/uploads\/2025\/11\/Proyecto-Cambiar-tamano-de-imagen-2025-10-28T190-36-1170x536.jpg",1170,536,true],"htmega_size_396x360":["https:\/\/www.uartes.edu.ec\/sitio\/wp-content\/uploads\/2025\/11\/Proyecto-Cambiar-tamano-de-imagen-2025-10-28T190-36-396x360.jpg",396,360,true],"gb-block-post-grid-landscape":["https:\/\/www.uartes.edu.ec\/sitio\/wp-content\/uploads\/2025\/11\/Proyecto-Cambiar-tamano-de-imagen-2025-10-28T190-36-600x400.jpg",600,400,true],"gb-block-post-grid-square":["https:\/\/www.uartes.edu.ec\/sitio\/wp-content\/uploads\/2025\/11\/Proyecto-Cambiar-tamano-de-imagen-2025-10-28T190-36-600x600.jpg",600,600,true],"university-hub-thumb":["https:\/\/www.uartes.edu.ec\/sitio\/wp-content\/uploads\/2025\/11\/Proyecto-Cambiar-tamano-de-imagen-2025-10-28T190-36-400x267.jpg",400,267,true],"mailpoet_newsletter_max":["https:\/\/www.uartes.edu.ec\/sitio\/wp-content\/uploads\/2025\/11\/Proyecto-Cambiar-tamano-de-imagen-2025-10-28T190-36.jpg",1320,880,false]},"uagb_author_info":{"display_name":"ccortez","author_link":"https:\/\/www.uartes.edu.ec\/sitio\/blog\/author\/ccortez\/"},"uagb_comment_info":0,"uagb_excerpt":"En la XVII Bienal de Cuenca 2025, titulada \u201cThe Game: Una Bienal de Bienales\u201d, el artista y docente UArtes Ilich Castillo obtuvo Menci\u00f3n de Honor por \u201cA un kil\u00f3metro otro horizonte\u201d, obra que propone una mirada retrospectiva sobre el canon literario ecuatoriano y sus exclusiones a partir de la figura imaginaria de un espacio dom\u00e9stico.&hellip;","featured_image_src":"https:\/\/www.uartes.edu.ec\/sitio\/wp-content\/uploads\/2025\/11\/Proyecto-Cambiar-tamano-de-imagen-2025-10-28T190-36-600x400.jpg","featured_image_src_square":"https:\/\/www.uartes.edu.ec\/sitio\/wp-content\/uploads\/2025\/11\/Proyecto-Cambiar-tamano-de-imagen-2025-10-28T190-36-600x600.jpg","author_info":{"display_name":"ccortez","author_link":"https:\/\/www.uartes.edu.ec\/sitio\/blog\/author\/ccortez\/"},"publishpress_future_workflow_manual_trigger":{"enabledWorkflows":[]},"distributor_meta":false,"distributor_terms":false,"distributor_media":false,"distributor_original_site_name":"Universidad de las Artes","distributor_original_site_url":"https:\/\/www.uartes.edu.ec\/sitio","push-errors":false,"_links":{"self":[{"href":"https:\/\/www.uartes.edu.ec\/sitio\/wp-json\/wp\/v2\/posts\/82140","targetHints":{"allow":["GET"]}}],"collection":[{"href":"https:\/\/www.uartes.edu.ec\/sitio\/wp-json\/wp\/v2\/posts"}],"about":[{"href":"https:\/\/www.uartes.edu.ec\/sitio\/wp-json\/wp\/v2\/types\/post"}],"author":[{"embeddable":true,"href":"https:\/\/www.uartes.edu.ec\/sitio\/wp-json\/wp\/v2\/users\/10"}],"replies":[{"embeddable":true,"href":"https:\/\/www.uartes.edu.ec\/sitio\/wp-json\/wp\/v2\/comments?post=82140"}],"version-history":[{"count":13,"href":"https:\/\/www.uartes.edu.ec\/sitio\/wp-json\/wp\/v2\/posts\/82140\/revisions"}],"predecessor-version":[{"id":82361,"href":"https:\/\/www.uartes.edu.ec\/sitio\/wp-json\/wp\/v2\/posts\/82140\/revisions\/82361"}],"wp:featuredmedia":[{"embeddable":true,"href":"https:\/\/www.uartes.edu.ec\/sitio\/wp-json\/wp\/v2\/media\/82142"}],"wp:attachment":[{"href":"https:\/\/www.uartes.edu.ec\/sitio\/wp-json\/wp\/v2\/media?parent=82140"}],"wp:term":[{"taxonomy":"category","embeddable":true,"href":"https:\/\/www.uartes.edu.ec\/sitio\/wp-json\/wp\/v2\/categories?post=82140"},{"taxonomy":"post_tag","embeddable":true,"href":"https:\/\/www.uartes.edu.ec\/sitio\/wp-json\/wp\/v2\/tags?post=82140"},{"taxonomy":"infouartes","embeddable":true,"href":"https:\/\/www.uartes.edu.ec\/sitio\/wp-json\/wp\/v2\/infouartes?post=82140"}],"curies":[{"name":"wp","href":"https:\/\/api.w.org\/{rel}","templated":true}]}}