{"id":83037,"date":"2025-12-01T18:42:00","date_gmt":"2025-12-01T23:42:00","guid":{"rendered":"https:\/\/www.uartes.edu.ec\/sitio\/?p=83037"},"modified":"2025-12-09T17:29:20","modified_gmt":"2025-12-09T22:29:20","slug":"condecoracion-matilde-hidalgo-de-procel-que-recibio-compromete-a-la-docente-uartes-jenny-villafuerte-a-seguir-creando","status":"publish","type":"post","link":"https:\/\/www.uartes.edu.ec\/sitio\/blog\/2025\/12\/01\/condecoracion-matilde-hidalgo-de-procel-que-recibio-compromete-a-la-docente-uartes-jenny-villafuerte-a-seguir-creando\/","title":{"rendered":"Condecoraci\u00f3n Matilde Hidalgo de Procel que recibi\u00f3 compromete a la docente UArtes Jenny Villafuerte a seguir creando"},"content":{"rendered":"\n<p>M\u00e1s all\u00e1 del honor individual, la condecoraci\u00f3n Dra. Matilde Hidalgo de Procel que la cantautora Jenny Villafuerte recibi\u00f3 de la Asamblea Nacional fue un reconocimiento que celebraba a todas las personas que, desde distintos espacios, trabajan por fortalecer la cultura y el arte en el pa\u00eds. \u201cFue muy simb\u00f3lico recibirlo en Guayaquil, mi ciudad, y justo en el marco de su independencia; un recordatorio de que el arte tambi\u00e9n es una forma de libertad y de identidad\u201d, dijo la docente de la Escuela de Artes Sonoras de la Universidad de las Artes.<\/p>\n\n\n\n<p>Como artista, agreg\u00f3, la condecoraci\u00f3n la impulsa a seguir creando y representa la validaci\u00f3n de una trayectoria construida desde la sensibilidad y la b\u00fasqueda de una voz propia. Como acad\u00e9mica, la reafirma en la importancia del poder transformador que tiene no solo la m\u00fasica, sino el arte como un lenguaje que dialoga con la memoria, la historia y la comunidad.<\/p>\n\n\n\n<p>\u201cConlleva una gran responsabilidad. Matilde Hidalgo fue una pionera, una mujer que abri\u00f3 caminos en tiempos donde la participaci\u00f3n femenina era casi impensable. Recibir una distinci\u00f3n que honra su legado me hace reflexionar sobre las mujeres que vinieron antes que nosotras, sobre las que estamos hoy y sobre las que est\u00e1n por venir\u201d.<\/p>\n\n\n<div class=\"wp-block-image\">\n<figure class=\"aligncenter size-large\"><img fetchpriority=\"high\" decoding=\"async\" width=\"644\" height=\"429\" src=\"https:\/\/www.uartes.edu.ec\/sitio\/wp-content\/uploads\/2025\/12\/Proyecto-Cambiar-tamano-de-imagen-2025-11-29T152802.089-644x429.jpeg\" alt=\"\" class=\"wp-image-83039\" srcset=\"https:\/\/www.uartes.edu.ec\/sitio\/wp-content\/uploads\/2025\/12\/Proyecto-Cambiar-tamano-de-imagen-2025-11-29T152802.089-644x429.jpeg 644w, https:\/\/www.uartes.edu.ec\/sitio\/wp-content\/uploads\/2025\/12\/Proyecto-Cambiar-tamano-de-imagen-2025-11-29T152802.089-300x200.jpeg 300w, https:\/\/www.uartes.edu.ec\/sitio\/wp-content\/uploads\/2025\/12\/Proyecto-Cambiar-tamano-de-imagen-2025-11-29T152802.089-768x512.jpeg 768w, https:\/\/www.uartes.edu.ec\/sitio\/wp-content\/uploads\/2025\/12\/Proyecto-Cambiar-tamano-de-imagen-2025-11-29T152802.089-1536x1024.jpeg 1536w, https:\/\/www.uartes.edu.ec\/sitio\/wp-content\/uploads\/2025\/12\/Proyecto-Cambiar-tamano-de-imagen-2025-11-29T152802.089-18x12.jpeg 18w, https:\/\/www.uartes.edu.ec\/sitio\/wp-content\/uploads\/2025\/12\/Proyecto-Cambiar-tamano-de-imagen-2025-11-29T152802.089-600x400.jpeg 600w, https:\/\/www.uartes.edu.ec\/sitio\/wp-content\/uploads\/2025\/12\/Proyecto-Cambiar-tamano-de-imagen-2025-11-29T152802.089-400x267.jpeg 400w, https:\/\/www.uartes.edu.ec\/sitio\/wp-content\/uploads\/2025\/12\/Proyecto-Cambiar-tamano-de-imagen-2025-11-29T152802.089.jpeg 2000w\" sizes=\"(max-width: 644px) 100vw, 644px\" \/><\/figure>\n<\/div>\n\n\n<figure class=\"wp-block-gallery has-nested-images columns-default is-cropped wp-block-gallery-1 is-layout-flex wp-block-gallery-is-layout-flex\">\n<figure class=\"wp-block-image size-large\"><img decoding=\"async\" width=\"644\" height=\"429\" data-id=\"83042\" src=\"https:\/\/www.uartes.edu.ec\/sitio\/wp-content\/uploads\/2025\/12\/Proyecto-Cambiar-tamano-de-imagen-2025-11-29T164423.902-644x429.jpeg\" alt=\"\" class=\"wp-image-83042\" srcset=\"https:\/\/www.uartes.edu.ec\/sitio\/wp-content\/uploads\/2025\/12\/Proyecto-Cambiar-tamano-de-imagen-2025-11-29T164423.902-644x429.jpeg 644w, https:\/\/www.uartes.edu.ec\/sitio\/wp-content\/uploads\/2025\/12\/Proyecto-Cambiar-tamano-de-imagen-2025-11-29T164423.902-300x200.jpeg 300w, https:\/\/www.uartes.edu.ec\/sitio\/wp-content\/uploads\/2025\/12\/Proyecto-Cambiar-tamano-de-imagen-2025-11-29T164423.902-768x512.jpeg 768w, https:\/\/www.uartes.edu.ec\/sitio\/wp-content\/uploads\/2025\/12\/Proyecto-Cambiar-tamano-de-imagen-2025-11-29T164423.902-1536x1024.jpeg 1536w, https:\/\/www.uartes.edu.ec\/sitio\/wp-content\/uploads\/2025\/12\/Proyecto-Cambiar-tamano-de-imagen-2025-11-29T164423.902-18x12.jpeg 18w, https:\/\/www.uartes.edu.ec\/sitio\/wp-content\/uploads\/2025\/12\/Proyecto-Cambiar-tamano-de-imagen-2025-11-29T164423.902-600x400.jpeg 600w, https:\/\/www.uartes.edu.ec\/sitio\/wp-content\/uploads\/2025\/12\/Proyecto-Cambiar-tamano-de-imagen-2025-11-29T164423.902-400x267.jpeg 400w, https:\/\/www.uartes.edu.ec\/sitio\/wp-content\/uploads\/2025\/12\/Proyecto-Cambiar-tamano-de-imagen-2025-11-29T164423.902.jpeg 2000w\" sizes=\"(max-width: 644px) 100vw, 644px\" \/><\/figure>\n\n\n\n<figure class=\"wp-block-image size-large\"><img decoding=\"async\" width=\"644\" height=\"429\" data-id=\"83043\" src=\"https:\/\/www.uartes.edu.ec\/sitio\/wp-content\/uploads\/2025\/12\/Proyecto-Cambiar-tamano-de-imagen-2025-11-29T151904.075-644x429.jpeg\" alt=\"\" class=\"wp-image-83043\" srcset=\"https:\/\/www.uartes.edu.ec\/sitio\/wp-content\/uploads\/2025\/12\/Proyecto-Cambiar-tamano-de-imagen-2025-11-29T151904.075-644x429.jpeg 644w, https:\/\/www.uartes.edu.ec\/sitio\/wp-content\/uploads\/2025\/12\/Proyecto-Cambiar-tamano-de-imagen-2025-11-29T151904.075-300x200.jpeg 300w, https:\/\/www.uartes.edu.ec\/sitio\/wp-content\/uploads\/2025\/12\/Proyecto-Cambiar-tamano-de-imagen-2025-11-29T151904.075-768x512.jpeg 768w, https:\/\/www.uartes.edu.ec\/sitio\/wp-content\/uploads\/2025\/12\/Proyecto-Cambiar-tamano-de-imagen-2025-11-29T151904.075-1536x1024.jpeg 1536w, https:\/\/www.uartes.edu.ec\/sitio\/wp-content\/uploads\/2025\/12\/Proyecto-Cambiar-tamano-de-imagen-2025-11-29T151904.075-18x12.jpeg 18w, https:\/\/www.uartes.edu.ec\/sitio\/wp-content\/uploads\/2025\/12\/Proyecto-Cambiar-tamano-de-imagen-2025-11-29T151904.075-600x400.jpeg 600w, https:\/\/www.uartes.edu.ec\/sitio\/wp-content\/uploads\/2025\/12\/Proyecto-Cambiar-tamano-de-imagen-2025-11-29T151904.075-400x267.jpeg 400w, https:\/\/www.uartes.edu.ec\/sitio\/wp-content\/uploads\/2025\/12\/Proyecto-Cambiar-tamano-de-imagen-2025-11-29T151904.075.jpeg 2000w\" sizes=\"(max-width: 644px) 100vw, 644px\" \/><\/figure>\n<\/figure>\n\n\n\n<p>La condecoraci\u00f3n Dra. Matilde Hidalgo de Procel recibida por Jenny Villafuerte por su significativo aporte a la cultura y al arte ecuatorianos, la compromete a\u00fan m\u00e1s con la tarea de abrir espacios donde otras y otros puedan desarrollarse en libertad, sin miedo, con creatividad y prop\u00f3sito. \u201cMe mueve la idea de que cada logro personal puede transformarse en una oportunidad colectiva, y que su significado tendr\u00e1 mayor valor siempre que mantenga los pies en la tierra y recuerde mi prop\u00f3sito: aportar, desde la m\u00fasica, al crecimiento de nuestra ciudad y de nuestro pa\u00eds\u201d.<\/p>\n\n\n\n<p>A pocas semanas de concluir el 2025 y al consultarle, a manera de evaluaci\u00f3n de lo realizado durante este a\u00f1o, Jenny Villafuerte se\u00f1ala que ha sido de much\u00edsimo movimiento, de cosecha y de crecimiento. Desde lo profesional y acad\u00e9mico culmin\u00f3 una segunda maestr\u00eda y se volc\u00f3 de lleno al proyecto de investigaci\u00f3n interinstitucional entre la UArtes y la Universidad Cat\u00f3lica de Santiago de Guayaquil (UCSG), mismo que apunta a la reedici\u00f3n y reinterpretaci\u00f3n de obras de compositoras guayaquile\u00f1as desde la perspectiva del jazz y la m\u00fasica moderna.<\/p>\n\n\n\n<p>\u201cHoy ya podemos ver la huella que estamos dejando desde la academia, especialmente por la forma en que articulamos la reflexi\u00f3n cr\u00edtica con la comunidad y con las pr\u00e1cticas musicales contempor\u00e1neas. Adem\u00e1s, este a\u00f1o recib\u00ed un reconocimiento a la investigaci\u00f3n por parte de la UCSG y por parte de la Universidad de las Artes un reconocimiento a mi trabajo art\u00edstico, catalogando dos de mis obras como relevantes\u201d.<\/p>\n\n\n<div class=\"wp-block-image\">\n<figure class=\"aligncenter size-large\"><img loading=\"lazy\" decoding=\"async\" width=\"644\" height=\"429\" src=\"https:\/\/www.uartes.edu.ec\/sitio\/wp-content\/uploads\/2025\/12\/Proyecto-Cambiar-tamano-de-imagen-2025-11-29T165046.079-644x429.jpeg\" alt=\"\" class=\"wp-image-83040\" srcset=\"https:\/\/www.uartes.edu.ec\/sitio\/wp-content\/uploads\/2025\/12\/Proyecto-Cambiar-tamano-de-imagen-2025-11-29T165046.079-644x429.jpeg 644w, https:\/\/www.uartes.edu.ec\/sitio\/wp-content\/uploads\/2025\/12\/Proyecto-Cambiar-tamano-de-imagen-2025-11-29T165046.079-300x200.jpeg 300w, https:\/\/www.uartes.edu.ec\/sitio\/wp-content\/uploads\/2025\/12\/Proyecto-Cambiar-tamano-de-imagen-2025-11-29T165046.079-768x512.jpeg 768w, https:\/\/www.uartes.edu.ec\/sitio\/wp-content\/uploads\/2025\/12\/Proyecto-Cambiar-tamano-de-imagen-2025-11-29T165046.079-1536x1024.jpeg 1536w, https:\/\/www.uartes.edu.ec\/sitio\/wp-content\/uploads\/2025\/12\/Proyecto-Cambiar-tamano-de-imagen-2025-11-29T165046.079-18x12.jpeg 18w, https:\/\/www.uartes.edu.ec\/sitio\/wp-content\/uploads\/2025\/12\/Proyecto-Cambiar-tamano-de-imagen-2025-11-29T165046.079-600x400.jpeg 600w, https:\/\/www.uartes.edu.ec\/sitio\/wp-content\/uploads\/2025\/12\/Proyecto-Cambiar-tamano-de-imagen-2025-11-29T165046.079-400x267.jpeg 400w, https:\/\/www.uartes.edu.ec\/sitio\/wp-content\/uploads\/2025\/12\/Proyecto-Cambiar-tamano-de-imagen-2025-11-29T165046.079.jpeg 2000w\" sizes=\"(max-width: 644px) 100vw, 644px\" \/><\/figure>\n<\/div>\n\n<div class=\"wp-block-image\">\n<figure class=\"aligncenter size-large is-resized\"><img loading=\"lazy\" decoding=\"async\" width=\"644\" height=\"429\" src=\"https:\/\/www.uartes.edu.ec\/sitio\/wp-content\/uploads\/2025\/12\/Proyecto-Cambiar-tamano-de-imagen-2025-11-29T153251.506-644x429.jpeg\" alt=\"\" class=\"wp-image-83041\" style=\"width:482px;height:auto\" srcset=\"https:\/\/www.uartes.edu.ec\/sitio\/wp-content\/uploads\/2025\/12\/Proyecto-Cambiar-tamano-de-imagen-2025-11-29T153251.506-644x429.jpeg 644w, https:\/\/www.uartes.edu.ec\/sitio\/wp-content\/uploads\/2025\/12\/Proyecto-Cambiar-tamano-de-imagen-2025-11-29T153251.506-300x200.jpeg 300w, https:\/\/www.uartes.edu.ec\/sitio\/wp-content\/uploads\/2025\/12\/Proyecto-Cambiar-tamano-de-imagen-2025-11-29T153251.506-768x512.jpeg 768w, https:\/\/www.uartes.edu.ec\/sitio\/wp-content\/uploads\/2025\/12\/Proyecto-Cambiar-tamano-de-imagen-2025-11-29T153251.506-1536x1024.jpeg 1536w, https:\/\/www.uartes.edu.ec\/sitio\/wp-content\/uploads\/2025\/12\/Proyecto-Cambiar-tamano-de-imagen-2025-11-29T153251.506-18x12.jpeg 18w, https:\/\/www.uartes.edu.ec\/sitio\/wp-content\/uploads\/2025\/12\/Proyecto-Cambiar-tamano-de-imagen-2025-11-29T153251.506-600x400.jpeg 600w, https:\/\/www.uartes.edu.ec\/sitio\/wp-content\/uploads\/2025\/12\/Proyecto-Cambiar-tamano-de-imagen-2025-11-29T153251.506-400x267.jpeg 400w, https:\/\/www.uartes.edu.ec\/sitio\/wp-content\/uploads\/2025\/12\/Proyecto-Cambiar-tamano-de-imagen-2025-11-29T153251.506.jpeg 2000w\" sizes=\"(max-width: 644px) 100vw, 644px\" \/><\/figure>\n<\/div>\n\n\n<p>Para la compositora e int\u00e9rprete este tambi\u00e9n ha sido un a\u00f1o de encuentros importantes. \u201cTuvimos la oportunidad de presentarnos con el Ensamble de Pop de la Universidad de las Artes en la Universidad de Cuenca, un espacio donde el di\u00e1logo entre j\u00f3venes m\u00fasicos, docentes y p\u00fablicos diversos reafirm\u00f3 la importancia de llevar nuestras propuestas fuera de Guayaquil. Asimismo, seguimos impulsando el jazz local y nacional a trav\u00e9s del Festival de Jazz UCSG, un proyecto que contin\u00faa consolid\u00e1ndose como un punto de referencia para la escena musical del pa\u00eds y que permite abrir espacios para artistas emergentes y consolidados.<\/p>\n\n\n\n<p>En paralelo, el d\u00eda a d\u00eda en el aula contin\u00faa siendo un recordatorio del valor de la formaci\u00f3n art\u00edstica y del enorme potencial de las y los estudiantes. \u201cHa sido un a\u00f1o en el que la docencia, la investigaci\u00f3n y la creaci\u00f3n se han entrelazado de manera muy org\u00e1nica. Adem\u00e1s, he seguido componiendo y produciendo nueva m\u00fasica, explorando lenguajes que dialogan tanto con mis ra\u00edces como con propuestas contempor\u00e1neas\u201d.<\/p>\n\n\n\n<p>En el plano personal, la condecoraci\u00f3n Dra. Matilde Hidalgo de Procel ha llevado a Jenny Villafuerte a detenerse un momento \u2014lo cual a veces cuesta, confiesa\u2014 para mirar atr\u00e1s y agradecer. \u201cAgradecer los caminos recorridos, a las personas que han cre\u00eddo en m\u00ed y la posibilidad de seguir creciendo en lo que amo. A\u00fan le faltan d\u00edas a diciembre, s\u00ed, y conf\u00edo en que tambi\u00e9n traer\u00e1 m\u00e1s m\u00fasica, m\u00e1s encuentros y nuevas oportunidades para seguir construyendo desde el arte\u201d.<\/p>\n\n\n\n<p>Jenny Villafuerte se gradu\u00f3 en el&nbsp;College of Music de la Universidad San Francisco de Quito (USFQ) y encontr\u00f3 en la universidad el espacio que le permiti\u00f3 profesionalizar su pasi\u00f3n y ampliar su visi\u00f3n sobre la m\u00fasica. La experiencia en proyectos como&nbsp;Solo Vox&nbsp;y&nbsp;La F\u00e1brica Jazz Club&nbsp;reforz\u00f3 en ella valores que hoy considera fundamentales: el trabajo en equipo, la disciplina y la emoci\u00f3n de hacer m\u00fasica desde la conexi\u00f3n y la entrega.<\/p>\n\n\n\n<figure class=\"wp-block-gallery has-nested-images columns-default is-cropped wp-block-gallery-2 is-layout-flex wp-block-gallery-is-layout-flex\">\n<figure class=\"wp-block-image size-large\"><img loading=\"lazy\" decoding=\"async\" width=\"644\" height=\"429\" data-id=\"83045\" src=\"https:\/\/www.uartes.edu.ec\/sitio\/wp-content\/uploads\/2025\/12\/Proyecto-Cambiar-tamano-de-imagen-2025-11-29T153943.826-644x429.jpeg\" alt=\"\" class=\"wp-image-83045\" srcset=\"https:\/\/www.uartes.edu.ec\/sitio\/wp-content\/uploads\/2025\/12\/Proyecto-Cambiar-tamano-de-imagen-2025-11-29T153943.826-644x429.jpeg 644w, https:\/\/www.uartes.edu.ec\/sitio\/wp-content\/uploads\/2025\/12\/Proyecto-Cambiar-tamano-de-imagen-2025-11-29T153943.826-300x200.jpeg 300w, https:\/\/www.uartes.edu.ec\/sitio\/wp-content\/uploads\/2025\/12\/Proyecto-Cambiar-tamano-de-imagen-2025-11-29T153943.826-768x512.jpeg 768w, https:\/\/www.uartes.edu.ec\/sitio\/wp-content\/uploads\/2025\/12\/Proyecto-Cambiar-tamano-de-imagen-2025-11-29T153943.826-1536x1024.jpeg 1536w, https:\/\/www.uartes.edu.ec\/sitio\/wp-content\/uploads\/2025\/12\/Proyecto-Cambiar-tamano-de-imagen-2025-11-29T153943.826-18x12.jpeg 18w, https:\/\/www.uartes.edu.ec\/sitio\/wp-content\/uploads\/2025\/12\/Proyecto-Cambiar-tamano-de-imagen-2025-11-29T153943.826-600x400.jpeg 600w, https:\/\/www.uartes.edu.ec\/sitio\/wp-content\/uploads\/2025\/12\/Proyecto-Cambiar-tamano-de-imagen-2025-11-29T153943.826-400x267.jpeg 400w, https:\/\/www.uartes.edu.ec\/sitio\/wp-content\/uploads\/2025\/12\/Proyecto-Cambiar-tamano-de-imagen-2025-11-29T153943.826.jpeg 2000w\" sizes=\"(max-width: 644px) 100vw, 644px\" \/><\/figure>\n\n\n\n<figure class=\"wp-block-image size-large\"><img loading=\"lazy\" decoding=\"async\" width=\"644\" height=\"429\" data-id=\"83046\" src=\"https:\/\/www.uartes.edu.ec\/sitio\/wp-content\/uploads\/2025\/12\/Proyecto-Cambiar-tamano-de-imagen-2025-11-29T153604.183-644x429.jpeg\" alt=\"\" class=\"wp-image-83046\" srcset=\"https:\/\/www.uartes.edu.ec\/sitio\/wp-content\/uploads\/2025\/12\/Proyecto-Cambiar-tamano-de-imagen-2025-11-29T153604.183-644x429.jpeg 644w, https:\/\/www.uartes.edu.ec\/sitio\/wp-content\/uploads\/2025\/12\/Proyecto-Cambiar-tamano-de-imagen-2025-11-29T153604.183-300x200.jpeg 300w, https:\/\/www.uartes.edu.ec\/sitio\/wp-content\/uploads\/2025\/12\/Proyecto-Cambiar-tamano-de-imagen-2025-11-29T153604.183-768x512.jpeg 768w, https:\/\/www.uartes.edu.ec\/sitio\/wp-content\/uploads\/2025\/12\/Proyecto-Cambiar-tamano-de-imagen-2025-11-29T153604.183-1536x1024.jpeg 1536w, https:\/\/www.uartes.edu.ec\/sitio\/wp-content\/uploads\/2025\/12\/Proyecto-Cambiar-tamano-de-imagen-2025-11-29T153604.183-18x12.jpeg 18w, https:\/\/www.uartes.edu.ec\/sitio\/wp-content\/uploads\/2025\/12\/Proyecto-Cambiar-tamano-de-imagen-2025-11-29T153604.183-600x400.jpeg 600w, https:\/\/www.uartes.edu.ec\/sitio\/wp-content\/uploads\/2025\/12\/Proyecto-Cambiar-tamano-de-imagen-2025-11-29T153604.183-400x267.jpeg 400w, https:\/\/www.uartes.edu.ec\/sitio\/wp-content\/uploads\/2025\/12\/Proyecto-Cambiar-tamano-de-imagen-2025-11-29T153604.183.jpeg 2000w\" sizes=\"(max-width: 644px) 100vw, 644px\" \/><\/figure>\n\n\n\n<figure class=\"wp-block-image size-large\"><img loading=\"lazy\" decoding=\"async\" width=\"644\" height=\"429\" data-id=\"83047\" src=\"https:\/\/www.uartes.edu.ec\/sitio\/wp-content\/uploads\/2025\/12\/Proyecto-Cambiar-tamano-de-imagen-2025-11-29T153424.806-644x429.jpeg\" alt=\"\" class=\"wp-image-83047\" srcset=\"https:\/\/www.uartes.edu.ec\/sitio\/wp-content\/uploads\/2025\/12\/Proyecto-Cambiar-tamano-de-imagen-2025-11-29T153424.806-644x429.jpeg 644w, https:\/\/www.uartes.edu.ec\/sitio\/wp-content\/uploads\/2025\/12\/Proyecto-Cambiar-tamano-de-imagen-2025-11-29T153424.806-300x200.jpeg 300w, https:\/\/www.uartes.edu.ec\/sitio\/wp-content\/uploads\/2025\/12\/Proyecto-Cambiar-tamano-de-imagen-2025-11-29T153424.806-768x512.jpeg 768w, https:\/\/www.uartes.edu.ec\/sitio\/wp-content\/uploads\/2025\/12\/Proyecto-Cambiar-tamano-de-imagen-2025-11-29T153424.806-1536x1024.jpeg 1536w, https:\/\/www.uartes.edu.ec\/sitio\/wp-content\/uploads\/2025\/12\/Proyecto-Cambiar-tamano-de-imagen-2025-11-29T153424.806-18x12.jpeg 18w, https:\/\/www.uartes.edu.ec\/sitio\/wp-content\/uploads\/2025\/12\/Proyecto-Cambiar-tamano-de-imagen-2025-11-29T153424.806-600x400.jpeg 600w, https:\/\/www.uartes.edu.ec\/sitio\/wp-content\/uploads\/2025\/12\/Proyecto-Cambiar-tamano-de-imagen-2025-11-29T153424.806-400x267.jpeg 400w, https:\/\/www.uartes.edu.ec\/sitio\/wp-content\/uploads\/2025\/12\/Proyecto-Cambiar-tamano-de-imagen-2025-11-29T153424.806.jpeg 2000w\" sizes=\"(max-width: 644px) 100vw, 644px\" \/><\/figure>\n<\/figure>\n\n\n<div class=\"wp-block-image\">\n<figure class=\"aligncenter size-large\"><img loading=\"lazy\" decoding=\"async\" width=\"644\" height=\"429\" src=\"https:\/\/www.uartes.edu.ec\/sitio\/wp-content\/uploads\/2025\/12\/Proyecto-Cambiar-tamano-de-imagen-2025-11-29T155713.516-644x429.jpeg\" alt=\"\" class=\"wp-image-83044\" srcset=\"https:\/\/www.uartes.edu.ec\/sitio\/wp-content\/uploads\/2025\/12\/Proyecto-Cambiar-tamano-de-imagen-2025-11-29T155713.516-644x429.jpeg 644w, https:\/\/www.uartes.edu.ec\/sitio\/wp-content\/uploads\/2025\/12\/Proyecto-Cambiar-tamano-de-imagen-2025-11-29T155713.516-300x200.jpeg 300w, https:\/\/www.uartes.edu.ec\/sitio\/wp-content\/uploads\/2025\/12\/Proyecto-Cambiar-tamano-de-imagen-2025-11-29T155713.516-768x512.jpeg 768w, https:\/\/www.uartes.edu.ec\/sitio\/wp-content\/uploads\/2025\/12\/Proyecto-Cambiar-tamano-de-imagen-2025-11-29T155713.516-1536x1024.jpeg 1536w, https:\/\/www.uartes.edu.ec\/sitio\/wp-content\/uploads\/2025\/12\/Proyecto-Cambiar-tamano-de-imagen-2025-11-29T155713.516-18x12.jpeg 18w, https:\/\/www.uartes.edu.ec\/sitio\/wp-content\/uploads\/2025\/12\/Proyecto-Cambiar-tamano-de-imagen-2025-11-29T155713.516-600x400.jpeg 600w, https:\/\/www.uartes.edu.ec\/sitio\/wp-content\/uploads\/2025\/12\/Proyecto-Cambiar-tamano-de-imagen-2025-11-29T155713.516-400x267.jpeg 400w, https:\/\/www.uartes.edu.ec\/sitio\/wp-content\/uploads\/2025\/12\/Proyecto-Cambiar-tamano-de-imagen-2025-11-29T155713.516.jpeg 2000w\" sizes=\"(max-width: 644px) 100vw, 644px\" \/><\/figure>\n<\/div>\n\n\n<p>Texto: Carmen Cortez\/Dircom, con la colaboraci\u00f3n de la cantautora y acad\u00e9mica Jenny Villafuerte. <br>En las im\u00e1genes constan la condecoraci\u00f3n Dra. Matilde Hidalgo de Procel que Jenny Villafuerte recibi\u00f3 de la Asamblea Nacional y otros reconocimientos obtenidos en su trayectoria acad\u00e9mica y art\u00edstica, as\u00ed como presentaciones con sus alumnos y actividades que ha cumplido en el marco del proyecto de investigaci\u00f3n acerca de la reedici\u00f3n y reinterpretaci\u00f3n de obras de compositoras guayaquile\u00f1as desde la perspectiva del jazz y la m\u00fasica moderna. Fotos: cortes\u00eda.<\/p>\n","protected":false},"excerpt":{"rendered":"<p>M\u00e1s all\u00e1 del honor individual, la condecoraci\u00f3n Dra. Matilde Hidalgo de Procel que la cantautora Jenny Villafuerte recibi\u00f3 de la Asamblea Nacional fue un reconocimiento a todas las personas que trabajan por fortalecer la cultura y el arte en el pa\u00eds, dijo la docente, quien lo recibi\u00f3 en Guayaquil, su ciudad, y en el marco de su independencia; un recordatorio de que el arte tambi\u00e9n es una forma de libertad e identidad.<\/p>\n","protected":false},"author":10,"featured_media":83038,"comment_status":"open","ping_status":"open","sticky":false,"template":"","format":"standard","meta":{"_acf_changed":false,"_uag_custom_page_level_css":"","_monsterinsights_skip_tracking":false,"_monsterinsights_sitenote_active":false,"_monsterinsights_sitenote_note":"","_monsterinsights_sitenote_category":0,"cybocfi_hide_featured_image":"","footnotes":""},"categories":[80,82,150,75],"tags":[709],"infouartes":[],"class_list":["post-83037","post","type-post","status-publish","format-standard","has-post-thumbnail","hentry","category-academico","category-artes","category-artes-sonoras","category-docentes","tag-reconocimiento"],"acf":[],"yoast_head":"<!-- This site is optimized with the Yoast SEO plugin v27.4 - https:\/\/yoast.com\/product\/yoast-seo-wordpress\/ -->\n<title>Universidad de las Artes - Condecoraci\u00f3n Matilde Hidalgo de Procel que recibi\u00f3 compromete a la docente UArtes Jenny Villafuerte a seguir creando<\/title>\n<meta name=\"description\" content=\"Universidad de las Artes - Condecoraci\u00f3n Matilde Hidalgo de Procel que recibi\u00f3 compromete a la docente UArtes Jenny Villafuerte a seguir creando\" \/>\n<meta name=\"robots\" content=\"index, follow, max-snippet:-1, max-image-preview:large, max-video-preview:-1\" \/>\n<link rel=\"canonical\" href=\"https:\/\/www.uartes.edu.ec\/sitio\/blog\/2025\/12\/01\/condecoracion-matilde-hidalgo-de-procel-que-recibio-compromete-a-la-docente-uartes-jenny-villafuerte-a-seguir-creando\/\" \/>\n<meta property=\"og:locale\" content=\"es_ES\" \/>\n<meta property=\"og:type\" content=\"article\" \/>\n<meta property=\"og:title\" content=\"Universidad de las Artes - Condecoraci\u00f3n Matilde Hidalgo de Procel que recibi\u00f3 compromete a la docente UArtes Jenny Villafuerte a seguir creando\" \/>\n<meta property=\"og:description\" content=\"Universidad de las Artes - Condecoraci\u00f3n Matilde Hidalgo de Procel que recibi\u00f3 compromete a la docente UArtes Jenny Villafuerte a seguir creando\" \/>\n<meta property=\"og:url\" content=\"https:\/\/www.uartes.edu.ec\/sitio\/blog\/2025\/12\/01\/condecoracion-matilde-hidalgo-de-procel-que-recibio-compromete-a-la-docente-uartes-jenny-villafuerte-a-seguir-creando\/\" \/>\n<meta property=\"og:site_name\" content=\"Universidad de las Artes\" \/>\n<meta property=\"article:publisher\" content=\"https:\/\/www.facebook.com\/uartesec\" \/>\n<meta property=\"article:published_time\" content=\"2025-12-01T23:42:00+00:00\" \/>\n<meta property=\"article:modified_time\" content=\"2025-12-09T22:29:20+00:00\" \/>\n<meta property=\"og:image\" content=\"https:\/\/www.uartes.edu.ec\/sitio\/wp-content\/uploads\/2025\/12\/Proyecto-Cambiar-tamano-de-imagen-2025-11-29T162317.021.jpeg\" \/>\n\t<meta property=\"og:image:width\" content=\"2000\" \/>\n\t<meta property=\"og:image:height\" content=\"1333\" \/>\n\t<meta property=\"og:image:type\" content=\"image\/jpeg\" \/>\n<meta name=\"author\" content=\"ccortez\" \/>\n<meta name=\"twitter:card\" content=\"summary_large_image\" \/>\n<meta name=\"twitter:creator\" content=\"@uartesec\" \/>\n<meta name=\"twitter:site\" content=\"@uartesec\" \/>\n<meta name=\"twitter:label1\" content=\"Escrito por\" \/>\n\t<meta name=\"twitter:data1\" content=\"ccortez\" \/>\n\t<meta name=\"twitter:label2\" content=\"Tiempo de lectura\" \/>\n\t<meta name=\"twitter:data2\" content=\"5 minutos\" \/>\n<script type=\"application\/ld+json\" class=\"yoast-schema-graph\">{\"@context\":\"https:\\\/\\\/schema.org\",\"@graph\":[{\"@type\":\"Article\",\"@id\":\"https:\\\/\\\/www.uartes.edu.ec\\\/sitio\\\/blog\\\/2025\\\/12\\\/01\\\/condecoracion-matilde-hidalgo-de-procel-que-recibio-compromete-a-la-docente-uartes-jenny-villafuerte-a-seguir-creando\\\/#article\",\"isPartOf\":{\"@id\":\"https:\\\/\\\/www.uartes.edu.ec\\\/sitio\\\/blog\\\/2025\\\/12\\\/01\\\/condecoracion-matilde-hidalgo-de-procel-que-recibio-compromete-a-la-docente-uartes-jenny-villafuerte-a-seguir-creando\\\/\"},\"author\":{\"name\":\"ccortez\",\"@id\":\"https:\\\/\\\/www.uartes.edu.ec\\\/sitio\\\/#\\\/schema\\\/person\\\/efa1b8275797664fd7f13a79ccc0b1f4\"},\"headline\":\"Condecoraci\u00f3n Matilde Hidalgo de Procel que recibi\u00f3 compromete a la docente UArtes Jenny Villafuerte a seguir creando\",\"datePublished\":\"2025-12-01T23:42:00+00:00\",\"dateModified\":\"2025-12-09T22:29:20+00:00\",\"mainEntityOfPage\":{\"@id\":\"https:\\\/\\\/www.uartes.edu.ec\\\/sitio\\\/blog\\\/2025\\\/12\\\/01\\\/condecoracion-matilde-hidalgo-de-procel-que-recibio-compromete-a-la-docente-uartes-jenny-villafuerte-a-seguir-creando\\\/\"},\"wordCount\":971,\"commentCount\":0,\"publisher\":{\"@id\":\"https:\\\/\\\/www.uartes.edu.ec\\\/sitio\\\/#organization\"},\"image\":{\"@id\":\"https:\\\/\\\/www.uartes.edu.ec\\\/sitio\\\/blog\\\/2025\\\/12\\\/01\\\/condecoracion-matilde-hidalgo-de-procel-que-recibio-compromete-a-la-docente-uartes-jenny-villafuerte-a-seguir-creando\\\/#primaryimage\"},\"thumbnailUrl\":\"https:\\\/\\\/www.uartes.edu.ec\\\/sitio\\\/wp-content\\\/uploads\\\/2025\\\/12\\\/Proyecto-Cambiar-tamano-de-imagen-2025-11-29T162317.021.jpeg\",\"keywords\":[\"reconocimiento\"],\"articleSection\":[\"Acad\u00e9mico\",\"Artes\",\"Artes Sonoras\",\"Docentes\"],\"inLanguage\":\"es\",\"potentialAction\":[{\"@type\":\"CommentAction\",\"name\":\"Comment\",\"target\":[\"https:\\\/\\\/www.uartes.edu.ec\\\/sitio\\\/blog\\\/2025\\\/12\\\/01\\\/condecoracion-matilde-hidalgo-de-procel-que-recibio-compromete-a-la-docente-uartes-jenny-villafuerte-a-seguir-creando\\\/#respond\"]}]},{\"@type\":[\"WebPage\",\"ItemPage\"],\"@id\":\"https:\\\/\\\/www.uartes.edu.ec\\\/sitio\\\/blog\\\/2025\\\/12\\\/01\\\/condecoracion-matilde-hidalgo-de-procel-que-recibio-compromete-a-la-docente-uartes-jenny-villafuerte-a-seguir-creando\\\/\",\"url\":\"https:\\\/\\\/www.uartes.edu.ec\\\/sitio\\\/blog\\\/2025\\\/12\\\/01\\\/condecoracion-matilde-hidalgo-de-procel-que-recibio-compromete-a-la-docente-uartes-jenny-villafuerte-a-seguir-creando\\\/\",\"name\":\"Universidad de las Artes - Condecoraci\u00f3n Matilde Hidalgo de Procel que recibi\u00f3 compromete a la docente UArtes Jenny Villafuerte a seguir creando\",\"isPartOf\":{\"@id\":\"https:\\\/\\\/www.uartes.edu.ec\\\/sitio\\\/#website\"},\"primaryImageOfPage\":{\"@id\":\"https:\\\/\\\/www.uartes.edu.ec\\\/sitio\\\/blog\\\/2025\\\/12\\\/01\\\/condecoracion-matilde-hidalgo-de-procel-que-recibio-compromete-a-la-docente-uartes-jenny-villafuerte-a-seguir-creando\\\/#primaryimage\"},\"image\":{\"@id\":\"https:\\\/\\\/www.uartes.edu.ec\\\/sitio\\\/blog\\\/2025\\\/12\\\/01\\\/condecoracion-matilde-hidalgo-de-procel-que-recibio-compromete-a-la-docente-uartes-jenny-villafuerte-a-seguir-creando\\\/#primaryimage\"},\"thumbnailUrl\":\"https:\\\/\\\/www.uartes.edu.ec\\\/sitio\\\/wp-content\\\/uploads\\\/2025\\\/12\\\/Proyecto-Cambiar-tamano-de-imagen-2025-11-29T162317.021.jpeg\",\"datePublished\":\"2025-12-01T23:42:00+00:00\",\"dateModified\":\"2025-12-09T22:29:20+00:00\",\"description\":\"Universidad de las Artes - Condecoraci\u00f3n Matilde Hidalgo de Procel que recibi\u00f3 compromete a la docente UArtes Jenny Villafuerte a seguir creando\",\"breadcrumb\":{\"@id\":\"https:\\\/\\\/www.uartes.edu.ec\\\/sitio\\\/blog\\\/2025\\\/12\\\/01\\\/condecoracion-matilde-hidalgo-de-procel-que-recibio-compromete-a-la-docente-uartes-jenny-villafuerte-a-seguir-creando\\\/#breadcrumb\"},\"inLanguage\":\"es\",\"potentialAction\":[{\"@type\":\"ReadAction\",\"target\":[\"https:\\\/\\\/www.uartes.edu.ec\\\/sitio\\\/blog\\\/2025\\\/12\\\/01\\\/condecoracion-matilde-hidalgo-de-procel-que-recibio-compromete-a-la-docente-uartes-jenny-villafuerte-a-seguir-creando\\\/\"]}]},{\"@type\":\"ImageObject\",\"inLanguage\":\"es\",\"@id\":\"https:\\\/\\\/www.uartes.edu.ec\\\/sitio\\\/blog\\\/2025\\\/12\\\/01\\\/condecoracion-matilde-hidalgo-de-procel-que-recibio-compromete-a-la-docente-uartes-jenny-villafuerte-a-seguir-creando\\\/#primaryimage\",\"url\":\"https:\\\/\\\/www.uartes.edu.ec\\\/sitio\\\/wp-content\\\/uploads\\\/2025\\\/12\\\/Proyecto-Cambiar-tamano-de-imagen-2025-11-29T162317.021.jpeg\",\"contentUrl\":\"https:\\\/\\\/www.uartes.edu.ec\\\/sitio\\\/wp-content\\\/uploads\\\/2025\\\/12\\\/Proyecto-Cambiar-tamano-de-imagen-2025-11-29T162317.021.jpeg\",\"width\":2000,\"height\":1333},{\"@type\":\"BreadcrumbList\",\"@id\":\"https:\\\/\\\/www.uartes.edu.ec\\\/sitio\\\/blog\\\/2025\\\/12\\\/01\\\/condecoracion-matilde-hidalgo-de-procel-que-recibio-compromete-a-la-docente-uartes-jenny-villafuerte-a-seguir-creando\\\/#breadcrumb\",\"itemListElement\":[{\"@type\":\"ListItem\",\"position\":1,\"name\":\"Inicio\",\"item\":\"https:\\\/\\\/www.uartes.edu.ec\\\/sitio\\\/\"},{\"@type\":\"ListItem\",\"position\":2,\"name\":\"Condecoraci\u00f3n Matilde Hidalgo de Procel que recibi\u00f3 compromete a la docente UArtes Jenny Villafuerte a seguir creando\"}]},{\"@type\":\"WebSite\",\"@id\":\"https:\\\/\\\/www.uartes.edu.ec\\\/sitio\\\/#website\",\"url\":\"https:\\\/\\\/www.uartes.edu.ec\\\/sitio\\\/\",\"name\":\"Universidad de las Artes\",\"description\":\"Sitio oficial de la Universidad Nacional de las Artes del Ecuador\",\"publisher\":{\"@id\":\"https:\\\/\\\/www.uartes.edu.ec\\\/sitio\\\/#organization\"},\"potentialAction\":[{\"@type\":\"SearchAction\",\"target\":{\"@type\":\"EntryPoint\",\"urlTemplate\":\"https:\\\/\\\/www.uartes.edu.ec\\\/sitio\\\/?s={search_term_string}\"},\"query-input\":{\"@type\":\"PropertyValueSpecification\",\"valueRequired\":true,\"valueName\":\"search_term_string\"}}],\"inLanguage\":\"es\"},{\"@type\":\"Organization\",\"@id\":\"https:\\\/\\\/www.uartes.edu.ec\\\/sitio\\\/#organization\",\"name\":\"Universidad de las Artes\",\"url\":\"https:\\\/\\\/www.uartes.edu.ec\\\/sitio\\\/\",\"logo\":{\"@type\":\"ImageObject\",\"inLanguage\":\"es\",\"@id\":\"https:\\\/\\\/www.uartes.edu.ec\\\/sitio\\\/#\\\/schema\\\/logo\\\/image\\\/\",\"url\":\"https:\\\/\\\/www.uartes.edu.ec\\\/sitio\\\/wp-content\\\/uploads\\\/2022\\\/07\\\/logo-ua-horizontal.png\",\"contentUrl\":\"https:\\\/\\\/www.uartes.edu.ec\\\/sitio\\\/wp-content\\\/uploads\\\/2022\\\/07\\\/logo-ua-horizontal.png\",\"width\":800,\"height\":276,\"caption\":\"Universidad de las Artes\"},\"image\":{\"@id\":\"https:\\\/\\\/www.uartes.edu.ec\\\/sitio\\\/#\\\/schema\\\/logo\\\/image\\\/\"},\"sameAs\":[\"https:\\\/\\\/www.facebook.com\\\/uartesec\",\"https:\\\/\\\/x.com\\\/uartesec\",\"https:\\\/\\\/www.tiktok.com\\\/@uartesec\"]},{\"@type\":\"Person\",\"@id\":\"https:\\\/\\\/www.uartes.edu.ec\\\/sitio\\\/#\\\/schema\\\/person\\\/efa1b8275797664fd7f13a79ccc0b1f4\",\"name\":\"ccortez\",\"image\":{\"@type\":\"ImageObject\",\"inLanguage\":\"es\",\"@id\":\"https:\\\/\\\/secure.gravatar.com\\\/avatar\\\/b2a6f664a3ae8e074346ef91775736c5ec479e637ecced6842de9dc98b5da9cd?s=96&d=mm&r=g\",\"url\":\"https:\\\/\\\/secure.gravatar.com\\\/avatar\\\/b2a6f664a3ae8e074346ef91775736c5ec479e637ecced6842de9dc98b5da9cd?s=96&d=mm&r=g\",\"contentUrl\":\"https:\\\/\\\/secure.gravatar.com\\\/avatar\\\/b2a6f664a3ae8e074346ef91775736c5ec479e637ecced6842de9dc98b5da9cd?s=96&d=mm&r=g\",\"caption\":\"ccortez\"},\"url\":\"https:\\\/\\\/www.uartes.edu.ec\\\/sitio\\\/blog\\\/author\\\/ccortez\\\/\"}]}<\/script>\n<!-- \/ Yoast SEO plugin. -->","yoast_head_json":{"title":"Universidad de las Artes - Condecoraci\u00f3n Matilde Hidalgo de Procel que recibi\u00f3 compromete a la docente UArtes Jenny Villafuerte a seguir creando","description":"Universidad de las Artes - Condecoraci\u00f3n Matilde Hidalgo de Procel que recibi\u00f3 compromete a la docente UArtes Jenny Villafuerte a seguir creando","robots":{"index":"index","follow":"follow","max-snippet":"max-snippet:-1","max-image-preview":"max-image-preview:large","max-video-preview":"max-video-preview:-1"},"canonical":"https:\/\/www.uartes.edu.ec\/sitio\/blog\/2025\/12\/01\/condecoracion-matilde-hidalgo-de-procel-que-recibio-compromete-a-la-docente-uartes-jenny-villafuerte-a-seguir-creando\/","og_locale":"es_ES","og_type":"article","og_title":"Universidad de las Artes - Condecoraci\u00f3n Matilde Hidalgo de Procel que recibi\u00f3 compromete a la docente UArtes Jenny Villafuerte a seguir creando","og_description":"Universidad de las Artes - Condecoraci\u00f3n Matilde Hidalgo de Procel que recibi\u00f3 compromete a la docente UArtes Jenny Villafuerte a seguir creando","og_url":"https:\/\/www.uartes.edu.ec\/sitio\/blog\/2025\/12\/01\/condecoracion-matilde-hidalgo-de-procel-que-recibio-compromete-a-la-docente-uartes-jenny-villafuerte-a-seguir-creando\/","og_site_name":"Universidad de las Artes","article_publisher":"https:\/\/www.facebook.com\/uartesec","article_published_time":"2025-12-01T23:42:00+00:00","article_modified_time":"2025-12-09T22:29:20+00:00","og_image":[{"width":2000,"height":1333,"url":"https:\/\/www.uartes.edu.ec\/sitio\/wp-content\/uploads\/2025\/12\/Proyecto-Cambiar-tamano-de-imagen-2025-11-29T162317.021.jpeg","type":"image\/jpeg"}],"author":"ccortez","twitter_card":"summary_large_image","twitter_creator":"@uartesec","twitter_site":"@uartesec","twitter_misc":{"Escrito por":"ccortez","Tiempo de lectura":"5 minutos"},"schema":{"@context":"https:\/\/schema.org","@graph":[{"@type":"Article","@id":"https:\/\/www.uartes.edu.ec\/sitio\/blog\/2025\/12\/01\/condecoracion-matilde-hidalgo-de-procel-que-recibio-compromete-a-la-docente-uartes-jenny-villafuerte-a-seguir-creando\/#article","isPartOf":{"@id":"https:\/\/www.uartes.edu.ec\/sitio\/blog\/2025\/12\/01\/condecoracion-matilde-hidalgo-de-procel-que-recibio-compromete-a-la-docente-uartes-jenny-villafuerte-a-seguir-creando\/"},"author":{"name":"ccortez","@id":"https:\/\/www.uartes.edu.ec\/sitio\/#\/schema\/person\/efa1b8275797664fd7f13a79ccc0b1f4"},"headline":"Condecoraci\u00f3n Matilde Hidalgo de Procel que recibi\u00f3 compromete a la docente UArtes Jenny Villafuerte a seguir creando","datePublished":"2025-12-01T23:42:00+00:00","dateModified":"2025-12-09T22:29:20+00:00","mainEntityOfPage":{"@id":"https:\/\/www.uartes.edu.ec\/sitio\/blog\/2025\/12\/01\/condecoracion-matilde-hidalgo-de-procel-que-recibio-compromete-a-la-docente-uartes-jenny-villafuerte-a-seguir-creando\/"},"wordCount":971,"commentCount":0,"publisher":{"@id":"https:\/\/www.uartes.edu.ec\/sitio\/#organization"},"image":{"@id":"https:\/\/www.uartes.edu.ec\/sitio\/blog\/2025\/12\/01\/condecoracion-matilde-hidalgo-de-procel-que-recibio-compromete-a-la-docente-uartes-jenny-villafuerte-a-seguir-creando\/#primaryimage"},"thumbnailUrl":"https:\/\/www.uartes.edu.ec\/sitio\/wp-content\/uploads\/2025\/12\/Proyecto-Cambiar-tamano-de-imagen-2025-11-29T162317.021.jpeg","keywords":["reconocimiento"],"articleSection":["Acad\u00e9mico","Artes","Artes Sonoras","Docentes"],"inLanguage":"es","potentialAction":[{"@type":"CommentAction","name":"Comment","target":["https:\/\/www.uartes.edu.ec\/sitio\/blog\/2025\/12\/01\/condecoracion-matilde-hidalgo-de-procel-que-recibio-compromete-a-la-docente-uartes-jenny-villafuerte-a-seguir-creando\/#respond"]}]},{"@type":["WebPage","ItemPage"],"@id":"https:\/\/www.uartes.edu.ec\/sitio\/blog\/2025\/12\/01\/condecoracion-matilde-hidalgo-de-procel-que-recibio-compromete-a-la-docente-uartes-jenny-villafuerte-a-seguir-creando\/","url":"https:\/\/www.uartes.edu.ec\/sitio\/blog\/2025\/12\/01\/condecoracion-matilde-hidalgo-de-procel-que-recibio-compromete-a-la-docente-uartes-jenny-villafuerte-a-seguir-creando\/","name":"Universidad de las Artes - Condecoraci\u00f3n Matilde Hidalgo de Procel que recibi\u00f3 compromete a la docente UArtes Jenny Villafuerte a seguir creando","isPartOf":{"@id":"https:\/\/www.uartes.edu.ec\/sitio\/#website"},"primaryImageOfPage":{"@id":"https:\/\/www.uartes.edu.ec\/sitio\/blog\/2025\/12\/01\/condecoracion-matilde-hidalgo-de-procel-que-recibio-compromete-a-la-docente-uartes-jenny-villafuerte-a-seguir-creando\/#primaryimage"},"image":{"@id":"https:\/\/www.uartes.edu.ec\/sitio\/blog\/2025\/12\/01\/condecoracion-matilde-hidalgo-de-procel-que-recibio-compromete-a-la-docente-uartes-jenny-villafuerte-a-seguir-creando\/#primaryimage"},"thumbnailUrl":"https:\/\/www.uartes.edu.ec\/sitio\/wp-content\/uploads\/2025\/12\/Proyecto-Cambiar-tamano-de-imagen-2025-11-29T162317.021.jpeg","datePublished":"2025-12-01T23:42:00+00:00","dateModified":"2025-12-09T22:29:20+00:00","description":"Universidad de las Artes - Condecoraci\u00f3n Matilde Hidalgo de Procel que recibi\u00f3 compromete a la docente UArtes Jenny Villafuerte a seguir creando","breadcrumb":{"@id":"https:\/\/www.uartes.edu.ec\/sitio\/blog\/2025\/12\/01\/condecoracion-matilde-hidalgo-de-procel-que-recibio-compromete-a-la-docente-uartes-jenny-villafuerte-a-seguir-creando\/#breadcrumb"},"inLanguage":"es","potentialAction":[{"@type":"ReadAction","target":["https:\/\/www.uartes.edu.ec\/sitio\/blog\/2025\/12\/01\/condecoracion-matilde-hidalgo-de-procel-que-recibio-compromete-a-la-docente-uartes-jenny-villafuerte-a-seguir-creando\/"]}]},{"@type":"ImageObject","inLanguage":"es","@id":"https:\/\/www.uartes.edu.ec\/sitio\/blog\/2025\/12\/01\/condecoracion-matilde-hidalgo-de-procel-que-recibio-compromete-a-la-docente-uartes-jenny-villafuerte-a-seguir-creando\/#primaryimage","url":"https:\/\/www.uartes.edu.ec\/sitio\/wp-content\/uploads\/2025\/12\/Proyecto-Cambiar-tamano-de-imagen-2025-11-29T162317.021.jpeg","contentUrl":"https:\/\/www.uartes.edu.ec\/sitio\/wp-content\/uploads\/2025\/12\/Proyecto-Cambiar-tamano-de-imagen-2025-11-29T162317.021.jpeg","width":2000,"height":1333},{"@type":"BreadcrumbList","@id":"https:\/\/www.uartes.edu.ec\/sitio\/blog\/2025\/12\/01\/condecoracion-matilde-hidalgo-de-procel-que-recibio-compromete-a-la-docente-uartes-jenny-villafuerte-a-seguir-creando\/#breadcrumb","itemListElement":[{"@type":"ListItem","position":1,"name":"Inicio","item":"https:\/\/www.uartes.edu.ec\/sitio\/"},{"@type":"ListItem","position":2,"name":"Condecoraci\u00f3n Matilde Hidalgo de Procel que recibi\u00f3 compromete a la docente UArtes Jenny Villafuerte a seguir creando"}]},{"@type":"WebSite","@id":"https:\/\/www.uartes.edu.ec\/sitio\/#website","url":"https:\/\/www.uartes.edu.ec\/sitio\/","name":"Universidad de las Artes","description":"Sitio oficial de la Universidad Nacional de las Artes del Ecuador","publisher":{"@id":"https:\/\/www.uartes.edu.ec\/sitio\/#organization"},"potentialAction":[{"@type":"SearchAction","target":{"@type":"EntryPoint","urlTemplate":"https:\/\/www.uartes.edu.ec\/sitio\/?s={search_term_string}"},"query-input":{"@type":"PropertyValueSpecification","valueRequired":true,"valueName":"search_term_string"}}],"inLanguage":"es"},{"@type":"Organization","@id":"https:\/\/www.uartes.edu.ec\/sitio\/#organization","name":"Universidad de las Artes","url":"https:\/\/www.uartes.edu.ec\/sitio\/","logo":{"@type":"ImageObject","inLanguage":"es","@id":"https:\/\/www.uartes.edu.ec\/sitio\/#\/schema\/logo\/image\/","url":"https:\/\/www.uartes.edu.ec\/sitio\/wp-content\/uploads\/2022\/07\/logo-ua-horizontal.png","contentUrl":"https:\/\/www.uartes.edu.ec\/sitio\/wp-content\/uploads\/2022\/07\/logo-ua-horizontal.png","width":800,"height":276,"caption":"Universidad de las Artes"},"image":{"@id":"https:\/\/www.uartes.edu.ec\/sitio\/#\/schema\/logo\/image\/"},"sameAs":["https:\/\/www.facebook.com\/uartesec","https:\/\/x.com\/uartesec","https:\/\/www.tiktok.com\/@uartesec"]},{"@type":"Person","@id":"https:\/\/www.uartes.edu.ec\/sitio\/#\/schema\/person\/efa1b8275797664fd7f13a79ccc0b1f4","name":"ccortez","image":{"@type":"ImageObject","inLanguage":"es","@id":"https:\/\/secure.gravatar.com\/avatar\/b2a6f664a3ae8e074346ef91775736c5ec479e637ecced6842de9dc98b5da9cd?s=96&d=mm&r=g","url":"https:\/\/secure.gravatar.com\/avatar\/b2a6f664a3ae8e074346ef91775736c5ec479e637ecced6842de9dc98b5da9cd?s=96&d=mm&r=g","contentUrl":"https:\/\/secure.gravatar.com\/avatar\/b2a6f664a3ae8e074346ef91775736c5ec479e637ecced6842de9dc98b5da9cd?s=96&d=mm&r=g","caption":"ccortez"},"url":"https:\/\/www.uartes.edu.ec\/sitio\/blog\/author\/ccortez\/"}]}},"uagb_featured_image_src":{"full":["https:\/\/www.uartes.edu.ec\/sitio\/wp-content\/uploads\/2025\/12\/Proyecto-Cambiar-tamano-de-imagen-2025-11-29T162317.021.jpeg",2000,1333,false],"thumbnail":["https:\/\/www.uartes.edu.ec\/sitio\/wp-content\/uploads\/2025\/12\/Proyecto-Cambiar-tamano-de-imagen-2025-11-29T162317.021-150x150.jpeg",150,150,true],"medium":["https:\/\/www.uartes.edu.ec\/sitio\/wp-content\/uploads\/2025\/12\/Proyecto-Cambiar-tamano-de-imagen-2025-11-29T162317.021-300x200.jpeg",300,200,true],"medium_large":["https:\/\/www.uartes.edu.ec\/sitio\/wp-content\/uploads\/2025\/12\/Proyecto-Cambiar-tamano-de-imagen-2025-11-29T162317.021-768x512.jpeg",768,512,true],"large":["https:\/\/www.uartes.edu.ec\/sitio\/wp-content\/uploads\/2025\/12\/Proyecto-Cambiar-tamano-de-imagen-2025-11-29T162317.021-644x429.jpeg",644,429,true],"1536x1536":["https:\/\/www.uartes.edu.ec\/sitio\/wp-content\/uploads\/2025\/12\/Proyecto-Cambiar-tamano-de-imagen-2025-11-29T162317.021-1536x1024.jpeg",1536,1024,true],"2048x2048":["https:\/\/www.uartes.edu.ec\/sitio\/wp-content\/uploads\/2025\/12\/Proyecto-Cambiar-tamano-de-imagen-2025-11-29T162317.021.jpeg",2000,1333,false],"trp-custom-language-flag":["https:\/\/www.uartes.edu.ec\/sitio\/wp-content\/uploads\/2025\/12\/Proyecto-Cambiar-tamano-de-imagen-2025-11-29T162317.021-18x12.jpeg",18,12,true],"htmega_size_585x295":["https:\/\/www.uartes.edu.ec\/sitio\/wp-content\/uploads\/2025\/12\/Proyecto-Cambiar-tamano-de-imagen-2025-11-29T162317.021-585x295.jpeg",585,295,true],"htmega_size_1170x536":["https:\/\/www.uartes.edu.ec\/sitio\/wp-content\/uploads\/2025\/12\/Proyecto-Cambiar-tamano-de-imagen-2025-11-29T162317.021-1170x536.jpeg",1170,536,true],"htmega_size_396x360":["https:\/\/www.uartes.edu.ec\/sitio\/wp-content\/uploads\/2025\/12\/Proyecto-Cambiar-tamano-de-imagen-2025-11-29T162317.021-396x360.jpeg",396,360,true],"gb-block-post-grid-landscape":["https:\/\/www.uartes.edu.ec\/sitio\/wp-content\/uploads\/2025\/12\/Proyecto-Cambiar-tamano-de-imagen-2025-11-29T162317.021-600x400.jpeg",600,400,true],"gb-block-post-grid-square":["https:\/\/www.uartes.edu.ec\/sitio\/wp-content\/uploads\/2025\/12\/Proyecto-Cambiar-tamano-de-imagen-2025-11-29T162317.021-600x600.jpeg",600,600,true],"university-hub-thumb":["https:\/\/www.uartes.edu.ec\/sitio\/wp-content\/uploads\/2025\/12\/Proyecto-Cambiar-tamano-de-imagen-2025-11-29T162317.021-400x267.jpeg",400,267,true]},"uagb_author_info":{"display_name":"ccortez","author_link":"https:\/\/www.uartes.edu.ec\/sitio\/blog\/author\/ccortez\/"},"uagb_comment_info":0,"uagb_excerpt":"M\u00e1s all\u00e1 del honor individual, la condecoraci\u00f3n Dra. Matilde Hidalgo de Procel que la cantautora Jenny Villafuerte recibi\u00f3 de la Asamblea Nacional fue un reconocimiento a todas las personas que trabajan por fortalecer la cultura y el arte en el pa\u00eds, dijo la docente, quien lo recibi\u00f3 en Guayaquil, su ciudad, y en el marco&hellip;","featured_image_src":"https:\/\/www.uartes.edu.ec\/sitio\/wp-content\/uploads\/2025\/12\/Proyecto-Cambiar-tamano-de-imagen-2025-11-29T162317.021-600x400.jpeg","featured_image_src_square":"https:\/\/www.uartes.edu.ec\/sitio\/wp-content\/uploads\/2025\/12\/Proyecto-Cambiar-tamano-de-imagen-2025-11-29T162317.021-600x600.jpeg","author_info":{"display_name":"ccortez","author_link":"https:\/\/www.uartes.edu.ec\/sitio\/blog\/author\/ccortez\/"},"publishpress_future_workflow_manual_trigger":{"enabledWorkflows":[]},"distributor_meta":false,"distributor_terms":false,"distributor_media":false,"distributor_original_site_name":"Universidad de las Artes","distributor_original_site_url":"https:\/\/www.uartes.edu.ec\/sitio","push-errors":false,"_links":{"self":[{"href":"https:\/\/www.uartes.edu.ec\/sitio\/wp-json\/wp\/v2\/posts\/83037","targetHints":{"allow":["GET"]}}],"collection":[{"href":"https:\/\/www.uartes.edu.ec\/sitio\/wp-json\/wp\/v2\/posts"}],"about":[{"href":"https:\/\/www.uartes.edu.ec\/sitio\/wp-json\/wp\/v2\/types\/post"}],"author":[{"embeddable":true,"href":"https:\/\/www.uartes.edu.ec\/sitio\/wp-json\/wp\/v2\/users\/10"}],"replies":[{"embeddable":true,"href":"https:\/\/www.uartes.edu.ec\/sitio\/wp-json\/wp\/v2\/comments?post=83037"}],"version-history":[{"count":9,"href":"https:\/\/www.uartes.edu.ec\/sitio\/wp-json\/wp\/v2\/posts\/83037\/revisions"}],"predecessor-version":[{"id":83078,"href":"https:\/\/www.uartes.edu.ec\/sitio\/wp-json\/wp\/v2\/posts\/83037\/revisions\/83078"}],"wp:featuredmedia":[{"embeddable":true,"href":"https:\/\/www.uartes.edu.ec\/sitio\/wp-json\/wp\/v2\/media\/83038"}],"wp:attachment":[{"href":"https:\/\/www.uartes.edu.ec\/sitio\/wp-json\/wp\/v2\/media?parent=83037"}],"wp:term":[{"taxonomy":"category","embeddable":true,"href":"https:\/\/www.uartes.edu.ec\/sitio\/wp-json\/wp\/v2\/categories?post=83037"},{"taxonomy":"post_tag","embeddable":true,"href":"https:\/\/www.uartes.edu.ec\/sitio\/wp-json\/wp\/v2\/tags?post=83037"},{"taxonomy":"infouartes","embeddable":true,"href":"https:\/\/www.uartes.edu.ec\/sitio\/wp-json\/wp\/v2\/infouartes?post=83037"}],"curies":[{"name":"wp","href":"https:\/\/api.w.org\/{rel}","templated":true}]}}