{"id":83099,"date":"2025-07-01T18:29:00","date_gmt":"2025-07-01T23:29:00","guid":{"rendered":"https:\/\/www.uartes.edu.ec\/sitio\/?p=83099"},"modified":"2025-12-09T18:50:31","modified_gmt":"2025-12-09T23:50:31","slug":"cantautora-grecia-alban-presenta-el-album-nubes-selva-como-manifiesto-sonoro-desde-y-para-el-ecuador","status":"publish","type":"post","link":"https:\/\/www.uartes.edu.ec\/sitio\/blog\/2025\/07\/01\/cantautora-grecia-alban-presenta-el-album-nubes-selva-como-manifiesto-sonoro-desde-y-para-el-ecuador\/","title":{"rendered":"Cantautora Grecia Alb\u00e1n presenta el \u00e1lbum \u201cNubes Selva\u201d como manifiesto sonoro"},"content":{"rendered":"\n<p>\u201cNubes Selva\u201d combina ritmos ecuatorianos y latinoamericanos con sonidos contempor\u00e1neos ac\u00fasticos, electr\u00f3nicos y selv\u00e1ticos. Es el segundo \u00e1lbum de la cantautora ecuatoriana Grecia Alb\u00e1n, docente de la Universidad de las Artes; cuenta con el apoyo del Instituto de Fomento a la Creatividad y la Innovaci\u00f3n y su edici\u00f3n llev\u00f3 a su compositora e int\u00e9rprete a debutar con el sello neoyorquino&nbsp;Folkalist Records.<\/p>\n\n\n\n<p>Esta producci\u00f3n naci\u00f3 como un ejercicio de memoria y un acto profundo de amor por nuestro territorio, ha se\u00f1alado Grecia Alb\u00e1n, quien lo present\u00f3 oficialmente el 12 de junio en el Teatro de Variedades Ernesto Alb\u00e1n de Quito, aunque para entonces ya hab\u00eda dado a conocer dos de sus temas y llevado como una ofrenda amorosa \u2013en abril\u2013 al auditorio del Museo Los Amantes de Sumpa, del Ministerio de Cultura y Patrimonio, ubicado en Santa Elena.<\/p>\n\n\n\n<p>La presentaci\u00f3n en la provincia peninsular, se anot\u00f3 entonces, permiti\u00f3 celebrar un nuevo a\u00f1o de la declaratoria de Patrimonio Cultural del Sitio Arqueol\u00f3gico Las Vegas, en el cual se asienta el Museo Amantes de Sumpa.<\/p>\n\n\n\n<p>Las pr\u00f3ximas paradas del recorrido de presentaciones de \u201cNubes Selvas\u201d ser\u00e1n Guayaquil, en el auditorio del Museo Antropol\u00f3gico y de Arte Contempor\u00e1neo (MAAC) este jueves 3 de julio, a las 19:30; Cuenca, al d\u00eda siguiente, es decir, el viernes 4; el Teatro Sucre de Quito; y Futbol Times de Latacunga, capital de la provincia de Cotopaxi de la que es oriunda la cantautora.<\/p>\n\n\n\n<figure class=\"wp-block-gallery has-nested-images columns-default is-cropped wp-block-gallery-1 is-layout-flex wp-block-gallery-is-layout-flex\">\n<figure class=\"wp-block-image size-large\"><img fetchpriority=\"high\" decoding=\"async\" width=\"644\" height=\"429\" data-id=\"83101\" src=\"https:\/\/www.uartes.edu.ec\/sitio\/wp-content\/uploads\/2025\/12\/Proyecto-Cambiar-tamano-de-imagen-2025-07-06T153455.335-644x429.jpeg\" alt=\"\" class=\"wp-image-83101\" srcset=\"https:\/\/www.uartes.edu.ec\/sitio\/wp-content\/uploads\/2025\/12\/Proyecto-Cambiar-tamano-de-imagen-2025-07-06T153455.335-644x429.jpeg 644w, https:\/\/www.uartes.edu.ec\/sitio\/wp-content\/uploads\/2025\/12\/Proyecto-Cambiar-tamano-de-imagen-2025-07-06T153455.335-300x200.jpeg 300w, https:\/\/www.uartes.edu.ec\/sitio\/wp-content\/uploads\/2025\/12\/Proyecto-Cambiar-tamano-de-imagen-2025-07-06T153455.335-768x512.jpeg 768w, https:\/\/www.uartes.edu.ec\/sitio\/wp-content\/uploads\/2025\/12\/Proyecto-Cambiar-tamano-de-imagen-2025-07-06T153455.335-1536x1024.jpeg 1536w, https:\/\/www.uartes.edu.ec\/sitio\/wp-content\/uploads\/2025\/12\/Proyecto-Cambiar-tamano-de-imagen-2025-07-06T153455.335-18x12.jpeg 18w, https:\/\/www.uartes.edu.ec\/sitio\/wp-content\/uploads\/2025\/12\/Proyecto-Cambiar-tamano-de-imagen-2025-07-06T153455.335-600x400.jpeg 600w, https:\/\/www.uartes.edu.ec\/sitio\/wp-content\/uploads\/2025\/12\/Proyecto-Cambiar-tamano-de-imagen-2025-07-06T153455.335-400x267.jpeg 400w, https:\/\/www.uartes.edu.ec\/sitio\/wp-content\/uploads\/2025\/12\/Proyecto-Cambiar-tamano-de-imagen-2025-07-06T153455.335.jpeg 2000w\" sizes=\"(max-width: 644px) 100vw, 644px\" \/><\/figure>\n\n\n\n<figure class=\"wp-block-image size-large\"><img decoding=\"async\" width=\"644\" height=\"429\" data-id=\"83102\" src=\"https:\/\/www.uartes.edu.ec\/sitio\/wp-content\/uploads\/2025\/12\/Proyecto-Cambiar-tamano-de-imagen-2025-07-06T152858.882-644x429.jpeg\" alt=\"\" class=\"wp-image-83102\" srcset=\"https:\/\/www.uartes.edu.ec\/sitio\/wp-content\/uploads\/2025\/12\/Proyecto-Cambiar-tamano-de-imagen-2025-07-06T152858.882-644x429.jpeg 644w, https:\/\/www.uartes.edu.ec\/sitio\/wp-content\/uploads\/2025\/12\/Proyecto-Cambiar-tamano-de-imagen-2025-07-06T152858.882-300x200.jpeg 300w, https:\/\/www.uartes.edu.ec\/sitio\/wp-content\/uploads\/2025\/12\/Proyecto-Cambiar-tamano-de-imagen-2025-07-06T152858.882-768x512.jpeg 768w, https:\/\/www.uartes.edu.ec\/sitio\/wp-content\/uploads\/2025\/12\/Proyecto-Cambiar-tamano-de-imagen-2025-07-06T152858.882-1536x1024.jpeg 1536w, https:\/\/www.uartes.edu.ec\/sitio\/wp-content\/uploads\/2025\/12\/Proyecto-Cambiar-tamano-de-imagen-2025-07-06T152858.882-18x12.jpeg 18w, https:\/\/www.uartes.edu.ec\/sitio\/wp-content\/uploads\/2025\/12\/Proyecto-Cambiar-tamano-de-imagen-2025-07-06T152858.882-600x400.jpeg 600w, https:\/\/www.uartes.edu.ec\/sitio\/wp-content\/uploads\/2025\/12\/Proyecto-Cambiar-tamano-de-imagen-2025-07-06T152858.882-400x267.jpeg 400w, https:\/\/www.uartes.edu.ec\/sitio\/wp-content\/uploads\/2025\/12\/Proyecto-Cambiar-tamano-de-imagen-2025-07-06T152858.882.jpeg 2000w\" sizes=\"(max-width: 644px) 100vw, 644px\" \/><\/figure>\n<\/figure>\n\n\n<div class=\"wp-block-image\">\n<figure class=\"aligncenter size-large\"><img decoding=\"async\" width=\"644\" height=\"429\" src=\"https:\/\/www.uartes.edu.ec\/sitio\/wp-content\/uploads\/2025\/12\/Proyecto-Cambiar-tamano-de-imagen-2025-07-06T153258.378-644x429.jpeg\" alt=\"\" class=\"wp-image-83103\" srcset=\"https:\/\/www.uartes.edu.ec\/sitio\/wp-content\/uploads\/2025\/12\/Proyecto-Cambiar-tamano-de-imagen-2025-07-06T153258.378-644x429.jpeg 644w, https:\/\/www.uartes.edu.ec\/sitio\/wp-content\/uploads\/2025\/12\/Proyecto-Cambiar-tamano-de-imagen-2025-07-06T153258.378-300x200.jpeg 300w, https:\/\/www.uartes.edu.ec\/sitio\/wp-content\/uploads\/2025\/12\/Proyecto-Cambiar-tamano-de-imagen-2025-07-06T153258.378-768x512.jpeg 768w, https:\/\/www.uartes.edu.ec\/sitio\/wp-content\/uploads\/2025\/12\/Proyecto-Cambiar-tamano-de-imagen-2025-07-06T153258.378-1536x1024.jpeg 1536w, https:\/\/www.uartes.edu.ec\/sitio\/wp-content\/uploads\/2025\/12\/Proyecto-Cambiar-tamano-de-imagen-2025-07-06T153258.378-18x12.jpeg 18w, https:\/\/www.uartes.edu.ec\/sitio\/wp-content\/uploads\/2025\/12\/Proyecto-Cambiar-tamano-de-imagen-2025-07-06T153258.378-600x400.jpeg 600w, https:\/\/www.uartes.edu.ec\/sitio\/wp-content\/uploads\/2025\/12\/Proyecto-Cambiar-tamano-de-imagen-2025-07-06T153258.378-400x267.jpeg 400w, https:\/\/www.uartes.edu.ec\/sitio\/wp-content\/uploads\/2025\/12\/Proyecto-Cambiar-tamano-de-imagen-2025-07-06T153258.378.jpeg 2000w\" sizes=\"(max-width: 644px) 100vw, 644px\" \/><\/figure>\n<\/div>\n\n\n<p>En todos los conciertos, Grecia Alb\u00e1n cuenta con el acompa\u00f1amiento de reconocidos artistas visuales y musicales que han intervenido en su realizaci\u00f3n, trabajo que la artista comparti\u00f3 con Miguel Sevilla, quien participado en proyectos como Rocola Bacalao y, al igual que la cantautora, busca sonidos muy espec\u00edficos que se relacionen con nuestros valores y memorias. En los cr\u00e9ditos de la producci\u00f3n, cuyo desarrollo tom\u00f3 cinco a\u00f1os, constan tambi\u00e9n como coautores y parte del elenco: Ana Cachimuel, Ricardo Pita, Sof\u00eda Rei y Pawawa; Alex Alvear, Zak Icaza, Lyz Badaraco, Roberto \u00c1vila y To\u00f1o Cepeda, tambi\u00e9n docente UArtes.<\/p>\n\n\n\n<p>Al \u00e1lbum lo componen once canciones: \u201cVirgen y volc\u00e1n\u201d, \u201cMaru\u201d, \u201cUku \u00d1an\u201d, \u201cHuaco del volc\u00e1n\u201d, \u201cYo por ti\u201d, \u201cR\u00edo mar\u201d, \u201cAnita\u201d, \u201cTodo pasa\u201d, \u201cTu jard\u00edn\u201d, \u201cManuela\u201d y \u201cCon mi tambor\u201d.<\/p>\n\n\n\n<p>Las rese\u00f1as de las presentaciones de \u201cNubes Selva\u201d destacan la experiencia \u00fanica que tiene el p\u00fablico de vivenciar sonidos amaz\u00f3nicos, andinos y contempor\u00e1neos. Se indica tambi\u00e9n que Grecia Alb\u00e1n canta sobre un tapiz de ritmos folcl\u00f3ricos re-imaginados, un sonido construido en capas \u2013voces, tambores, guitarras, vientos, sintetizadores y samples\u2013, incluyendo instrumentos y herramientas musicales que, en muchos casos, simplemente no exist\u00edan en el momento que las grandes tradiciones folcl\u00f3ricas se estaban formando.<\/p>\n\n\n\n<figure class=\"wp-block-gallery has-nested-images columns-default is-cropped wp-block-gallery-2 is-layout-flex wp-block-gallery-is-layout-flex\">\n<figure class=\"wp-block-image size-large\"><img loading=\"lazy\" decoding=\"async\" width=\"644\" height=\"429\" data-id=\"83104\" src=\"https:\/\/www.uartes.edu.ec\/sitio\/wp-content\/uploads\/2025\/12\/Proyecto-Cambiar-tamano-de-imagen-2025-07-06T153757.378-644x429.jpeg\" alt=\"\" class=\"wp-image-83104\" srcset=\"https:\/\/www.uartes.edu.ec\/sitio\/wp-content\/uploads\/2025\/12\/Proyecto-Cambiar-tamano-de-imagen-2025-07-06T153757.378-644x429.jpeg 644w, https:\/\/www.uartes.edu.ec\/sitio\/wp-content\/uploads\/2025\/12\/Proyecto-Cambiar-tamano-de-imagen-2025-07-06T153757.378-300x200.jpeg 300w, https:\/\/www.uartes.edu.ec\/sitio\/wp-content\/uploads\/2025\/12\/Proyecto-Cambiar-tamano-de-imagen-2025-07-06T153757.378-768x512.jpeg 768w, https:\/\/www.uartes.edu.ec\/sitio\/wp-content\/uploads\/2025\/12\/Proyecto-Cambiar-tamano-de-imagen-2025-07-06T153757.378-1536x1024.jpeg 1536w, https:\/\/www.uartes.edu.ec\/sitio\/wp-content\/uploads\/2025\/12\/Proyecto-Cambiar-tamano-de-imagen-2025-07-06T153757.378-18x12.jpeg 18w, https:\/\/www.uartes.edu.ec\/sitio\/wp-content\/uploads\/2025\/12\/Proyecto-Cambiar-tamano-de-imagen-2025-07-06T153757.378-600x400.jpeg 600w, https:\/\/www.uartes.edu.ec\/sitio\/wp-content\/uploads\/2025\/12\/Proyecto-Cambiar-tamano-de-imagen-2025-07-06T153757.378-400x267.jpeg 400w, https:\/\/www.uartes.edu.ec\/sitio\/wp-content\/uploads\/2025\/12\/Proyecto-Cambiar-tamano-de-imagen-2025-07-06T153757.378.jpeg 2000w\" sizes=\"(max-width: 644px) 100vw, 644px\" \/><\/figure>\n\n\n\n<figure class=\"wp-block-image size-large\"><img loading=\"lazy\" decoding=\"async\" width=\"644\" height=\"429\" data-id=\"83105\" src=\"https:\/\/www.uartes.edu.ec\/sitio\/wp-content\/uploads\/2025\/12\/Proyecto-Cambiar-tamano-de-imagen-2025-07-06T153605.555-644x429.jpeg\" alt=\"\" class=\"wp-image-83105\" srcset=\"https:\/\/www.uartes.edu.ec\/sitio\/wp-content\/uploads\/2025\/12\/Proyecto-Cambiar-tamano-de-imagen-2025-07-06T153605.555-644x429.jpeg 644w, https:\/\/www.uartes.edu.ec\/sitio\/wp-content\/uploads\/2025\/12\/Proyecto-Cambiar-tamano-de-imagen-2025-07-06T153605.555-300x200.jpeg 300w, https:\/\/www.uartes.edu.ec\/sitio\/wp-content\/uploads\/2025\/12\/Proyecto-Cambiar-tamano-de-imagen-2025-07-06T153605.555-768x512.jpeg 768w, https:\/\/www.uartes.edu.ec\/sitio\/wp-content\/uploads\/2025\/12\/Proyecto-Cambiar-tamano-de-imagen-2025-07-06T153605.555-1536x1024.jpeg 1536w, https:\/\/www.uartes.edu.ec\/sitio\/wp-content\/uploads\/2025\/12\/Proyecto-Cambiar-tamano-de-imagen-2025-07-06T153605.555-18x12.jpeg 18w, https:\/\/www.uartes.edu.ec\/sitio\/wp-content\/uploads\/2025\/12\/Proyecto-Cambiar-tamano-de-imagen-2025-07-06T153605.555-600x400.jpeg 600w, https:\/\/www.uartes.edu.ec\/sitio\/wp-content\/uploads\/2025\/12\/Proyecto-Cambiar-tamano-de-imagen-2025-07-06T153605.555-400x267.jpeg 400w, https:\/\/www.uartes.edu.ec\/sitio\/wp-content\/uploads\/2025\/12\/Proyecto-Cambiar-tamano-de-imagen-2025-07-06T153605.555.jpeg 2000w\" sizes=\"(max-width: 644px) 100vw, 644px\" \/><\/figure>\n<\/figure>\n\n\n\n<figure class=\"wp-block-gallery has-nested-images columns-default is-cropped wp-block-gallery-3 is-layout-flex wp-block-gallery-is-layout-flex\">\n<figure class=\"wp-block-image size-large\"><img loading=\"lazy\" decoding=\"async\" width=\"644\" height=\"429\" data-id=\"83106\" src=\"https:\/\/www.uartes.edu.ec\/sitio\/wp-content\/uploads\/2025\/12\/Proyecto-Cambiar-tamano-de-imagen-2025-07-06T153410.242-644x429.jpeg\" alt=\"\" class=\"wp-image-83106\" srcset=\"https:\/\/www.uartes.edu.ec\/sitio\/wp-content\/uploads\/2025\/12\/Proyecto-Cambiar-tamano-de-imagen-2025-07-06T153410.242-644x429.jpeg 644w, https:\/\/www.uartes.edu.ec\/sitio\/wp-content\/uploads\/2025\/12\/Proyecto-Cambiar-tamano-de-imagen-2025-07-06T153410.242-300x200.jpeg 300w, https:\/\/www.uartes.edu.ec\/sitio\/wp-content\/uploads\/2025\/12\/Proyecto-Cambiar-tamano-de-imagen-2025-07-06T153410.242-768x512.jpeg 768w, https:\/\/www.uartes.edu.ec\/sitio\/wp-content\/uploads\/2025\/12\/Proyecto-Cambiar-tamano-de-imagen-2025-07-06T153410.242-1536x1024.jpeg 1536w, https:\/\/www.uartes.edu.ec\/sitio\/wp-content\/uploads\/2025\/12\/Proyecto-Cambiar-tamano-de-imagen-2025-07-06T153410.242-18x12.jpeg 18w, https:\/\/www.uartes.edu.ec\/sitio\/wp-content\/uploads\/2025\/12\/Proyecto-Cambiar-tamano-de-imagen-2025-07-06T153410.242-600x400.jpeg 600w, https:\/\/www.uartes.edu.ec\/sitio\/wp-content\/uploads\/2025\/12\/Proyecto-Cambiar-tamano-de-imagen-2025-07-06T153410.242-400x267.jpeg 400w, https:\/\/www.uartes.edu.ec\/sitio\/wp-content\/uploads\/2025\/12\/Proyecto-Cambiar-tamano-de-imagen-2025-07-06T153410.242.jpeg 2000w\" sizes=\"(max-width: 644px) 100vw, 644px\" \/><\/figure>\n\n\n\n<figure class=\"wp-block-image size-large\"><img loading=\"lazy\" decoding=\"async\" width=\"644\" height=\"429\" data-id=\"83107\" src=\"https:\/\/www.uartes.edu.ec\/sitio\/wp-content\/uploads\/2025\/12\/Proyecto-Cambiar-tamano-de-imagen-2025-07-06T153033.836-644x429.jpeg\" alt=\"\" class=\"wp-image-83107\" srcset=\"https:\/\/www.uartes.edu.ec\/sitio\/wp-content\/uploads\/2025\/12\/Proyecto-Cambiar-tamano-de-imagen-2025-07-06T153033.836-644x429.jpeg 644w, https:\/\/www.uartes.edu.ec\/sitio\/wp-content\/uploads\/2025\/12\/Proyecto-Cambiar-tamano-de-imagen-2025-07-06T153033.836-300x200.jpeg 300w, https:\/\/www.uartes.edu.ec\/sitio\/wp-content\/uploads\/2025\/12\/Proyecto-Cambiar-tamano-de-imagen-2025-07-06T153033.836-768x512.jpeg 768w, https:\/\/www.uartes.edu.ec\/sitio\/wp-content\/uploads\/2025\/12\/Proyecto-Cambiar-tamano-de-imagen-2025-07-06T153033.836-1536x1024.jpeg 1536w, https:\/\/www.uartes.edu.ec\/sitio\/wp-content\/uploads\/2025\/12\/Proyecto-Cambiar-tamano-de-imagen-2025-07-06T153033.836-18x12.jpeg 18w, https:\/\/www.uartes.edu.ec\/sitio\/wp-content\/uploads\/2025\/12\/Proyecto-Cambiar-tamano-de-imagen-2025-07-06T153033.836-600x400.jpeg 600w, https:\/\/www.uartes.edu.ec\/sitio\/wp-content\/uploads\/2025\/12\/Proyecto-Cambiar-tamano-de-imagen-2025-07-06T153033.836-400x267.jpeg 400w, https:\/\/www.uartes.edu.ec\/sitio\/wp-content\/uploads\/2025\/12\/Proyecto-Cambiar-tamano-de-imagen-2025-07-06T153033.836.jpeg 2000w\" sizes=\"(max-width: 644px) 100vw, 644px\" \/><\/figure>\n<\/figure>\n\n\n\n<p>Fotos: tomadas de la cuenta de Instagram del Teatro de Variedades Ernesto Alb\u00e1n de Quito\u00a0<a href=\"https:\/\/www.instagram.com\/teatrovariedades\/\">@teatrovariedades<\/a> y corresponden a la presentaci\u00f3n que la cantautora Grecia Alb\u00e1n brind\u00f3 all\u00ed en el lanzamiento de su disco \u201cNubes Selva\u201d.<\/p>\n","protected":false},"excerpt":{"rendered":"<p>En \u201cNubes Selvas\u201d, la cantautora e int\u00e9rprete Grecia Alb\u00e1n condensa la riqueza sonora de los Andes y de Latinoam\u00e9rica de manera contempor\u00e1nea, y entrelaza experiencias \u00edntimas del ser con la inmensidad de la naturaleza y las ra\u00edces culturales que lo sostienen. Al \u00e1lbum lo present\u00f3 en el Museo de los Amantes de Sumpa, en Santa Elena, y luego en Quito; este jueves 3 de julio lo llevar\u00e1 al MAAC (Museo Antropol\u00f3gico y de Arte Contempor\u00e1neo) de Guayaquil y el viernes 4 a Cuenca.<\/p>\n","protected":false},"author":10,"featured_media":83100,"comment_status":"open","ping_status":"open","sticky":false,"template":"","format":"standard","meta":{"_acf_changed":false,"_uag_custom_page_level_css":"","_monsterinsights_skip_tracking":false,"_monsterinsights_sitenote_active":false,"_monsterinsights_sitenote_note":"","_monsterinsights_sitenote_category":0,"cybocfi_hide_featured_image":"","footnotes":""},"categories":[82,150,75],"tags":[518],"infouartes":[],"class_list":["post-83099","post","type-post","status-publish","format-standard","has-post-thumbnail","hentry","category-artes","category-artes-sonoras","category-docentes","tag-produccion"],"acf":[],"yoast_head":"<!-- This site is optimized with the Yoast SEO plugin v27.4 - https:\/\/yoast.com\/product\/yoast-seo-wordpress\/ -->\n<title>Universidad de las Artes - Cantautora Grecia Alb\u00e1n presenta el \u00e1lbum \u201cNubes Selva\u201d como manifiesto sonoro<\/title>\n<meta name=\"description\" content=\"Universidad de las Artes - Cantautora Grecia Alb\u00e1n presenta el \u00e1lbum \u201cNubes Selva\u201d como manifiesto sonoro\" \/>\n<meta name=\"robots\" content=\"index, follow, max-snippet:-1, max-image-preview:large, max-video-preview:-1\" \/>\n<link rel=\"canonical\" href=\"https:\/\/www.uartes.edu.ec\/sitio\/blog\/2025\/07\/01\/cantautora-grecia-alban-presenta-el-album-nubes-selva-como-manifiesto-sonoro-desde-y-para-el-ecuador\/\" \/>\n<meta property=\"og:locale\" content=\"es_ES\" \/>\n<meta property=\"og:type\" content=\"article\" \/>\n<meta property=\"og:title\" content=\"Universidad de las Artes - Cantautora Grecia Alb\u00e1n presenta el \u00e1lbum \u201cNubes Selva\u201d como manifiesto sonoro\" \/>\n<meta property=\"og:description\" content=\"Universidad de las Artes - Cantautora Grecia Alb\u00e1n presenta el \u00e1lbum \u201cNubes Selva\u201d como manifiesto sonoro\" \/>\n<meta property=\"og:url\" content=\"https:\/\/www.uartes.edu.ec\/sitio\/blog\/2025\/07\/01\/cantautora-grecia-alban-presenta-el-album-nubes-selva-como-manifiesto-sonoro-desde-y-para-el-ecuador\/\" \/>\n<meta property=\"og:site_name\" content=\"Universidad de las Artes\" \/>\n<meta property=\"article:publisher\" content=\"https:\/\/www.facebook.com\/uartesec\" \/>\n<meta property=\"article:published_time\" content=\"2025-07-01T23:29:00+00:00\" \/>\n<meta property=\"article:modified_time\" content=\"2025-12-09T23:50:31+00:00\" \/>\n<meta property=\"og:image\" content=\"https:\/\/www.uartes.edu.ec\/sitio\/wp-content\/uploads\/2025\/12\/Proyecto-Cambiar-tamano-de-imagen-2025-07-06T153709.124.jpeg\" \/>\n\t<meta property=\"og:image:width\" content=\"2000\" \/>\n\t<meta property=\"og:image:height\" content=\"1333\" \/>\n\t<meta property=\"og:image:type\" content=\"image\/jpeg\" \/>\n<meta name=\"author\" content=\"ccortez\" \/>\n<meta name=\"twitter:card\" content=\"summary_large_image\" \/>\n<meta name=\"twitter:creator\" content=\"@uartesec\" \/>\n<meta name=\"twitter:site\" content=\"@uartesec\" \/>\n<meta name=\"twitter:label1\" content=\"Escrito por\" \/>\n\t<meta name=\"twitter:data1\" content=\"ccortez\" \/>\n\t<meta name=\"twitter:label2\" content=\"Tiempo de lectura\" \/>\n\t<meta name=\"twitter:data2\" content=\"3 minutos\" \/>\n<script type=\"application\/ld+json\" class=\"yoast-schema-graph\">{\"@context\":\"https:\\\/\\\/schema.org\",\"@graph\":[{\"@type\":\"Article\",\"@id\":\"https:\\\/\\\/www.uartes.edu.ec\\\/sitio\\\/blog\\\/2025\\\/07\\\/01\\\/cantautora-grecia-alban-presenta-el-album-nubes-selva-como-manifiesto-sonoro-desde-y-para-el-ecuador\\\/#article\",\"isPartOf\":{\"@id\":\"https:\\\/\\\/www.uartes.edu.ec\\\/sitio\\\/blog\\\/2025\\\/07\\\/01\\\/cantautora-grecia-alban-presenta-el-album-nubes-selva-como-manifiesto-sonoro-desde-y-para-el-ecuador\\\/\"},\"author\":{\"name\":\"ccortez\",\"@id\":\"https:\\\/\\\/www.uartes.edu.ec\\\/sitio\\\/#\\\/schema\\\/person\\\/efa1b8275797664fd7f13a79ccc0b1f4\"},\"headline\":\"Cantautora Grecia Alb\u00e1n presenta el \u00e1lbum \u201cNubes Selva\u201d como manifiesto sonoro\",\"datePublished\":\"2025-07-01T23:29:00+00:00\",\"dateModified\":\"2025-12-09T23:50:31+00:00\",\"mainEntityOfPage\":{\"@id\":\"https:\\\/\\\/www.uartes.edu.ec\\\/sitio\\\/blog\\\/2025\\\/07\\\/01\\\/cantautora-grecia-alban-presenta-el-album-nubes-selva-como-manifiesto-sonoro-desde-y-para-el-ecuador\\\/\"},\"wordCount\":527,\"commentCount\":0,\"publisher\":{\"@id\":\"https:\\\/\\\/www.uartes.edu.ec\\\/sitio\\\/#organization\"},\"image\":{\"@id\":\"https:\\\/\\\/www.uartes.edu.ec\\\/sitio\\\/blog\\\/2025\\\/07\\\/01\\\/cantautora-grecia-alban-presenta-el-album-nubes-selva-como-manifiesto-sonoro-desde-y-para-el-ecuador\\\/#primaryimage\"},\"thumbnailUrl\":\"https:\\\/\\\/www.uartes.edu.ec\\\/sitio\\\/wp-content\\\/uploads\\\/2025\\\/12\\\/Proyecto-Cambiar-tamano-de-imagen-2025-07-06T153709.124.jpeg\",\"keywords\":[\"producci\u00f3n\"],\"articleSection\":[\"Artes\",\"Artes Sonoras\",\"Docentes\"],\"inLanguage\":\"es\",\"potentialAction\":[{\"@type\":\"CommentAction\",\"name\":\"Comment\",\"target\":[\"https:\\\/\\\/www.uartes.edu.ec\\\/sitio\\\/blog\\\/2025\\\/07\\\/01\\\/cantautora-grecia-alban-presenta-el-album-nubes-selva-como-manifiesto-sonoro-desde-y-para-el-ecuador\\\/#respond\"]}]},{\"@type\":[\"WebPage\",\"ItemPage\"],\"@id\":\"https:\\\/\\\/www.uartes.edu.ec\\\/sitio\\\/blog\\\/2025\\\/07\\\/01\\\/cantautora-grecia-alban-presenta-el-album-nubes-selva-como-manifiesto-sonoro-desde-y-para-el-ecuador\\\/\",\"url\":\"https:\\\/\\\/www.uartes.edu.ec\\\/sitio\\\/blog\\\/2025\\\/07\\\/01\\\/cantautora-grecia-alban-presenta-el-album-nubes-selva-como-manifiesto-sonoro-desde-y-para-el-ecuador\\\/\",\"name\":\"Universidad de las Artes - Cantautora Grecia Alb\u00e1n presenta el \u00e1lbum \u201cNubes Selva\u201d como manifiesto sonoro\",\"isPartOf\":{\"@id\":\"https:\\\/\\\/www.uartes.edu.ec\\\/sitio\\\/#website\"},\"primaryImageOfPage\":{\"@id\":\"https:\\\/\\\/www.uartes.edu.ec\\\/sitio\\\/blog\\\/2025\\\/07\\\/01\\\/cantautora-grecia-alban-presenta-el-album-nubes-selva-como-manifiesto-sonoro-desde-y-para-el-ecuador\\\/#primaryimage\"},\"image\":{\"@id\":\"https:\\\/\\\/www.uartes.edu.ec\\\/sitio\\\/blog\\\/2025\\\/07\\\/01\\\/cantautora-grecia-alban-presenta-el-album-nubes-selva-como-manifiesto-sonoro-desde-y-para-el-ecuador\\\/#primaryimage\"},\"thumbnailUrl\":\"https:\\\/\\\/www.uartes.edu.ec\\\/sitio\\\/wp-content\\\/uploads\\\/2025\\\/12\\\/Proyecto-Cambiar-tamano-de-imagen-2025-07-06T153709.124.jpeg\",\"datePublished\":\"2025-07-01T23:29:00+00:00\",\"dateModified\":\"2025-12-09T23:50:31+00:00\",\"description\":\"Universidad de las Artes - Cantautora Grecia Alb\u00e1n presenta el \u00e1lbum \u201cNubes Selva\u201d como manifiesto sonoro\",\"breadcrumb\":{\"@id\":\"https:\\\/\\\/www.uartes.edu.ec\\\/sitio\\\/blog\\\/2025\\\/07\\\/01\\\/cantautora-grecia-alban-presenta-el-album-nubes-selva-como-manifiesto-sonoro-desde-y-para-el-ecuador\\\/#breadcrumb\"},\"inLanguage\":\"es\",\"potentialAction\":[{\"@type\":\"ReadAction\",\"target\":[\"https:\\\/\\\/www.uartes.edu.ec\\\/sitio\\\/blog\\\/2025\\\/07\\\/01\\\/cantautora-grecia-alban-presenta-el-album-nubes-selva-como-manifiesto-sonoro-desde-y-para-el-ecuador\\\/\"]}]},{\"@type\":\"ImageObject\",\"inLanguage\":\"es\",\"@id\":\"https:\\\/\\\/www.uartes.edu.ec\\\/sitio\\\/blog\\\/2025\\\/07\\\/01\\\/cantautora-grecia-alban-presenta-el-album-nubes-selva-como-manifiesto-sonoro-desde-y-para-el-ecuador\\\/#primaryimage\",\"url\":\"https:\\\/\\\/www.uartes.edu.ec\\\/sitio\\\/wp-content\\\/uploads\\\/2025\\\/12\\\/Proyecto-Cambiar-tamano-de-imagen-2025-07-06T153709.124.jpeg\",\"contentUrl\":\"https:\\\/\\\/www.uartes.edu.ec\\\/sitio\\\/wp-content\\\/uploads\\\/2025\\\/12\\\/Proyecto-Cambiar-tamano-de-imagen-2025-07-06T153709.124.jpeg\",\"width\":2000,\"height\":1333},{\"@type\":\"BreadcrumbList\",\"@id\":\"https:\\\/\\\/www.uartes.edu.ec\\\/sitio\\\/blog\\\/2025\\\/07\\\/01\\\/cantautora-grecia-alban-presenta-el-album-nubes-selva-como-manifiesto-sonoro-desde-y-para-el-ecuador\\\/#breadcrumb\",\"itemListElement\":[{\"@type\":\"ListItem\",\"position\":1,\"name\":\"Inicio\",\"item\":\"https:\\\/\\\/www.uartes.edu.ec\\\/sitio\\\/\"},{\"@type\":\"ListItem\",\"position\":2,\"name\":\"Cantautora Grecia Alb\u00e1n presenta el \u00e1lbum \u201cNubes Selva\u201d como manifiesto sonoro\"}]},{\"@type\":\"WebSite\",\"@id\":\"https:\\\/\\\/www.uartes.edu.ec\\\/sitio\\\/#website\",\"url\":\"https:\\\/\\\/www.uartes.edu.ec\\\/sitio\\\/\",\"name\":\"Universidad de las Artes\",\"description\":\"Sitio oficial de la Universidad Nacional de las Artes del Ecuador\",\"publisher\":{\"@id\":\"https:\\\/\\\/www.uartes.edu.ec\\\/sitio\\\/#organization\"},\"potentialAction\":[{\"@type\":\"SearchAction\",\"target\":{\"@type\":\"EntryPoint\",\"urlTemplate\":\"https:\\\/\\\/www.uartes.edu.ec\\\/sitio\\\/?s={search_term_string}\"},\"query-input\":{\"@type\":\"PropertyValueSpecification\",\"valueRequired\":true,\"valueName\":\"search_term_string\"}}],\"inLanguage\":\"es\"},{\"@type\":\"Organization\",\"@id\":\"https:\\\/\\\/www.uartes.edu.ec\\\/sitio\\\/#organization\",\"name\":\"Universidad de las Artes\",\"url\":\"https:\\\/\\\/www.uartes.edu.ec\\\/sitio\\\/\",\"logo\":{\"@type\":\"ImageObject\",\"inLanguage\":\"es\",\"@id\":\"https:\\\/\\\/www.uartes.edu.ec\\\/sitio\\\/#\\\/schema\\\/logo\\\/image\\\/\",\"url\":\"https:\\\/\\\/www.uartes.edu.ec\\\/sitio\\\/wp-content\\\/uploads\\\/2022\\\/07\\\/logo-ua-horizontal.png\",\"contentUrl\":\"https:\\\/\\\/www.uartes.edu.ec\\\/sitio\\\/wp-content\\\/uploads\\\/2022\\\/07\\\/logo-ua-horizontal.png\",\"width\":800,\"height\":276,\"caption\":\"Universidad de las Artes\"},\"image\":{\"@id\":\"https:\\\/\\\/www.uartes.edu.ec\\\/sitio\\\/#\\\/schema\\\/logo\\\/image\\\/\"},\"sameAs\":[\"https:\\\/\\\/www.facebook.com\\\/uartesec\",\"https:\\\/\\\/x.com\\\/uartesec\",\"https:\\\/\\\/www.tiktok.com\\\/@uartesec\"]},{\"@type\":\"Person\",\"@id\":\"https:\\\/\\\/www.uartes.edu.ec\\\/sitio\\\/#\\\/schema\\\/person\\\/efa1b8275797664fd7f13a79ccc0b1f4\",\"name\":\"ccortez\",\"image\":{\"@type\":\"ImageObject\",\"inLanguage\":\"es\",\"@id\":\"https:\\\/\\\/secure.gravatar.com\\\/avatar\\\/b2a6f664a3ae8e074346ef91775736c5ec479e637ecced6842de9dc98b5da9cd?s=96&d=mm&r=g\",\"url\":\"https:\\\/\\\/secure.gravatar.com\\\/avatar\\\/b2a6f664a3ae8e074346ef91775736c5ec479e637ecced6842de9dc98b5da9cd?s=96&d=mm&r=g\",\"contentUrl\":\"https:\\\/\\\/secure.gravatar.com\\\/avatar\\\/b2a6f664a3ae8e074346ef91775736c5ec479e637ecced6842de9dc98b5da9cd?s=96&d=mm&r=g\",\"caption\":\"ccortez\"},\"url\":\"https:\\\/\\\/www.uartes.edu.ec\\\/sitio\\\/blog\\\/author\\\/ccortez\\\/\"}]}<\/script>\n<!-- \/ Yoast SEO plugin. -->","yoast_head_json":{"title":"Universidad de las Artes - Cantautora Grecia Alb\u00e1n presenta el \u00e1lbum \u201cNubes Selva\u201d como manifiesto sonoro","description":"Universidad de las Artes - Cantautora Grecia Alb\u00e1n presenta el \u00e1lbum \u201cNubes Selva\u201d como manifiesto sonoro","robots":{"index":"index","follow":"follow","max-snippet":"max-snippet:-1","max-image-preview":"max-image-preview:large","max-video-preview":"max-video-preview:-1"},"canonical":"https:\/\/www.uartes.edu.ec\/sitio\/blog\/2025\/07\/01\/cantautora-grecia-alban-presenta-el-album-nubes-selva-como-manifiesto-sonoro-desde-y-para-el-ecuador\/","og_locale":"es_ES","og_type":"article","og_title":"Universidad de las Artes - Cantautora Grecia Alb\u00e1n presenta el \u00e1lbum \u201cNubes Selva\u201d como manifiesto sonoro","og_description":"Universidad de las Artes - Cantautora Grecia Alb\u00e1n presenta el \u00e1lbum \u201cNubes Selva\u201d como manifiesto sonoro","og_url":"https:\/\/www.uartes.edu.ec\/sitio\/blog\/2025\/07\/01\/cantautora-grecia-alban-presenta-el-album-nubes-selva-como-manifiesto-sonoro-desde-y-para-el-ecuador\/","og_site_name":"Universidad de las Artes","article_publisher":"https:\/\/www.facebook.com\/uartesec","article_published_time":"2025-07-01T23:29:00+00:00","article_modified_time":"2025-12-09T23:50:31+00:00","og_image":[{"width":2000,"height":1333,"url":"https:\/\/www.uartes.edu.ec\/sitio\/wp-content\/uploads\/2025\/12\/Proyecto-Cambiar-tamano-de-imagen-2025-07-06T153709.124.jpeg","type":"image\/jpeg"}],"author":"ccortez","twitter_card":"summary_large_image","twitter_creator":"@uartesec","twitter_site":"@uartesec","twitter_misc":{"Escrito por":"ccortez","Tiempo de lectura":"3 minutos"},"schema":{"@context":"https:\/\/schema.org","@graph":[{"@type":"Article","@id":"https:\/\/www.uartes.edu.ec\/sitio\/blog\/2025\/07\/01\/cantautora-grecia-alban-presenta-el-album-nubes-selva-como-manifiesto-sonoro-desde-y-para-el-ecuador\/#article","isPartOf":{"@id":"https:\/\/www.uartes.edu.ec\/sitio\/blog\/2025\/07\/01\/cantautora-grecia-alban-presenta-el-album-nubes-selva-como-manifiesto-sonoro-desde-y-para-el-ecuador\/"},"author":{"name":"ccortez","@id":"https:\/\/www.uartes.edu.ec\/sitio\/#\/schema\/person\/efa1b8275797664fd7f13a79ccc0b1f4"},"headline":"Cantautora Grecia Alb\u00e1n presenta el \u00e1lbum \u201cNubes Selva\u201d como manifiesto sonoro","datePublished":"2025-07-01T23:29:00+00:00","dateModified":"2025-12-09T23:50:31+00:00","mainEntityOfPage":{"@id":"https:\/\/www.uartes.edu.ec\/sitio\/blog\/2025\/07\/01\/cantautora-grecia-alban-presenta-el-album-nubes-selva-como-manifiesto-sonoro-desde-y-para-el-ecuador\/"},"wordCount":527,"commentCount":0,"publisher":{"@id":"https:\/\/www.uartes.edu.ec\/sitio\/#organization"},"image":{"@id":"https:\/\/www.uartes.edu.ec\/sitio\/blog\/2025\/07\/01\/cantautora-grecia-alban-presenta-el-album-nubes-selva-como-manifiesto-sonoro-desde-y-para-el-ecuador\/#primaryimage"},"thumbnailUrl":"https:\/\/www.uartes.edu.ec\/sitio\/wp-content\/uploads\/2025\/12\/Proyecto-Cambiar-tamano-de-imagen-2025-07-06T153709.124.jpeg","keywords":["producci\u00f3n"],"articleSection":["Artes","Artes Sonoras","Docentes"],"inLanguage":"es","potentialAction":[{"@type":"CommentAction","name":"Comment","target":["https:\/\/www.uartes.edu.ec\/sitio\/blog\/2025\/07\/01\/cantautora-grecia-alban-presenta-el-album-nubes-selva-como-manifiesto-sonoro-desde-y-para-el-ecuador\/#respond"]}]},{"@type":["WebPage","ItemPage"],"@id":"https:\/\/www.uartes.edu.ec\/sitio\/blog\/2025\/07\/01\/cantautora-grecia-alban-presenta-el-album-nubes-selva-como-manifiesto-sonoro-desde-y-para-el-ecuador\/","url":"https:\/\/www.uartes.edu.ec\/sitio\/blog\/2025\/07\/01\/cantautora-grecia-alban-presenta-el-album-nubes-selva-como-manifiesto-sonoro-desde-y-para-el-ecuador\/","name":"Universidad de las Artes - Cantautora Grecia Alb\u00e1n presenta el \u00e1lbum \u201cNubes Selva\u201d como manifiesto sonoro","isPartOf":{"@id":"https:\/\/www.uartes.edu.ec\/sitio\/#website"},"primaryImageOfPage":{"@id":"https:\/\/www.uartes.edu.ec\/sitio\/blog\/2025\/07\/01\/cantautora-grecia-alban-presenta-el-album-nubes-selva-como-manifiesto-sonoro-desde-y-para-el-ecuador\/#primaryimage"},"image":{"@id":"https:\/\/www.uartes.edu.ec\/sitio\/blog\/2025\/07\/01\/cantautora-grecia-alban-presenta-el-album-nubes-selva-como-manifiesto-sonoro-desde-y-para-el-ecuador\/#primaryimage"},"thumbnailUrl":"https:\/\/www.uartes.edu.ec\/sitio\/wp-content\/uploads\/2025\/12\/Proyecto-Cambiar-tamano-de-imagen-2025-07-06T153709.124.jpeg","datePublished":"2025-07-01T23:29:00+00:00","dateModified":"2025-12-09T23:50:31+00:00","description":"Universidad de las Artes - Cantautora Grecia Alb\u00e1n presenta el \u00e1lbum \u201cNubes Selva\u201d como manifiesto sonoro","breadcrumb":{"@id":"https:\/\/www.uartes.edu.ec\/sitio\/blog\/2025\/07\/01\/cantautora-grecia-alban-presenta-el-album-nubes-selva-como-manifiesto-sonoro-desde-y-para-el-ecuador\/#breadcrumb"},"inLanguage":"es","potentialAction":[{"@type":"ReadAction","target":["https:\/\/www.uartes.edu.ec\/sitio\/blog\/2025\/07\/01\/cantautora-grecia-alban-presenta-el-album-nubes-selva-como-manifiesto-sonoro-desde-y-para-el-ecuador\/"]}]},{"@type":"ImageObject","inLanguage":"es","@id":"https:\/\/www.uartes.edu.ec\/sitio\/blog\/2025\/07\/01\/cantautora-grecia-alban-presenta-el-album-nubes-selva-como-manifiesto-sonoro-desde-y-para-el-ecuador\/#primaryimage","url":"https:\/\/www.uartes.edu.ec\/sitio\/wp-content\/uploads\/2025\/12\/Proyecto-Cambiar-tamano-de-imagen-2025-07-06T153709.124.jpeg","contentUrl":"https:\/\/www.uartes.edu.ec\/sitio\/wp-content\/uploads\/2025\/12\/Proyecto-Cambiar-tamano-de-imagen-2025-07-06T153709.124.jpeg","width":2000,"height":1333},{"@type":"BreadcrumbList","@id":"https:\/\/www.uartes.edu.ec\/sitio\/blog\/2025\/07\/01\/cantautora-grecia-alban-presenta-el-album-nubes-selva-como-manifiesto-sonoro-desde-y-para-el-ecuador\/#breadcrumb","itemListElement":[{"@type":"ListItem","position":1,"name":"Inicio","item":"https:\/\/www.uartes.edu.ec\/sitio\/"},{"@type":"ListItem","position":2,"name":"Cantautora Grecia Alb\u00e1n presenta el \u00e1lbum \u201cNubes Selva\u201d como manifiesto sonoro"}]},{"@type":"WebSite","@id":"https:\/\/www.uartes.edu.ec\/sitio\/#website","url":"https:\/\/www.uartes.edu.ec\/sitio\/","name":"Universidad de las Artes","description":"Sitio oficial de la Universidad Nacional de las Artes del Ecuador","publisher":{"@id":"https:\/\/www.uartes.edu.ec\/sitio\/#organization"},"potentialAction":[{"@type":"SearchAction","target":{"@type":"EntryPoint","urlTemplate":"https:\/\/www.uartes.edu.ec\/sitio\/?s={search_term_string}"},"query-input":{"@type":"PropertyValueSpecification","valueRequired":true,"valueName":"search_term_string"}}],"inLanguage":"es"},{"@type":"Organization","@id":"https:\/\/www.uartes.edu.ec\/sitio\/#organization","name":"Universidad de las Artes","url":"https:\/\/www.uartes.edu.ec\/sitio\/","logo":{"@type":"ImageObject","inLanguage":"es","@id":"https:\/\/www.uartes.edu.ec\/sitio\/#\/schema\/logo\/image\/","url":"https:\/\/www.uartes.edu.ec\/sitio\/wp-content\/uploads\/2022\/07\/logo-ua-horizontal.png","contentUrl":"https:\/\/www.uartes.edu.ec\/sitio\/wp-content\/uploads\/2022\/07\/logo-ua-horizontal.png","width":800,"height":276,"caption":"Universidad de las Artes"},"image":{"@id":"https:\/\/www.uartes.edu.ec\/sitio\/#\/schema\/logo\/image\/"},"sameAs":["https:\/\/www.facebook.com\/uartesec","https:\/\/x.com\/uartesec","https:\/\/www.tiktok.com\/@uartesec"]},{"@type":"Person","@id":"https:\/\/www.uartes.edu.ec\/sitio\/#\/schema\/person\/efa1b8275797664fd7f13a79ccc0b1f4","name":"ccortez","image":{"@type":"ImageObject","inLanguage":"es","@id":"https:\/\/secure.gravatar.com\/avatar\/b2a6f664a3ae8e074346ef91775736c5ec479e637ecced6842de9dc98b5da9cd?s=96&d=mm&r=g","url":"https:\/\/secure.gravatar.com\/avatar\/b2a6f664a3ae8e074346ef91775736c5ec479e637ecced6842de9dc98b5da9cd?s=96&d=mm&r=g","contentUrl":"https:\/\/secure.gravatar.com\/avatar\/b2a6f664a3ae8e074346ef91775736c5ec479e637ecced6842de9dc98b5da9cd?s=96&d=mm&r=g","caption":"ccortez"},"url":"https:\/\/www.uartes.edu.ec\/sitio\/blog\/author\/ccortez\/"}]}},"uagb_featured_image_src":{"full":["https:\/\/www.uartes.edu.ec\/sitio\/wp-content\/uploads\/2025\/12\/Proyecto-Cambiar-tamano-de-imagen-2025-07-06T153709.124.jpeg",2000,1333,false],"thumbnail":["https:\/\/www.uartes.edu.ec\/sitio\/wp-content\/uploads\/2025\/12\/Proyecto-Cambiar-tamano-de-imagen-2025-07-06T153709.124-150x150.jpeg",150,150,true],"medium":["https:\/\/www.uartes.edu.ec\/sitio\/wp-content\/uploads\/2025\/12\/Proyecto-Cambiar-tamano-de-imagen-2025-07-06T153709.124-300x200.jpeg",300,200,true],"medium_large":["https:\/\/www.uartes.edu.ec\/sitio\/wp-content\/uploads\/2025\/12\/Proyecto-Cambiar-tamano-de-imagen-2025-07-06T153709.124-768x512.jpeg",768,512,true],"large":["https:\/\/www.uartes.edu.ec\/sitio\/wp-content\/uploads\/2025\/12\/Proyecto-Cambiar-tamano-de-imagen-2025-07-06T153709.124-644x429.jpeg",644,429,true],"1536x1536":["https:\/\/www.uartes.edu.ec\/sitio\/wp-content\/uploads\/2025\/12\/Proyecto-Cambiar-tamano-de-imagen-2025-07-06T153709.124-1536x1024.jpeg",1536,1024,true],"2048x2048":["https:\/\/www.uartes.edu.ec\/sitio\/wp-content\/uploads\/2025\/12\/Proyecto-Cambiar-tamano-de-imagen-2025-07-06T153709.124.jpeg",2000,1333,false],"trp-custom-language-flag":["https:\/\/www.uartes.edu.ec\/sitio\/wp-content\/uploads\/2025\/12\/Proyecto-Cambiar-tamano-de-imagen-2025-07-06T153709.124-18x12.jpeg",18,12,true],"htmega_size_585x295":["https:\/\/www.uartes.edu.ec\/sitio\/wp-content\/uploads\/2025\/12\/Proyecto-Cambiar-tamano-de-imagen-2025-07-06T153709.124-585x295.jpeg",585,295,true],"htmega_size_1170x536":["https:\/\/www.uartes.edu.ec\/sitio\/wp-content\/uploads\/2025\/12\/Proyecto-Cambiar-tamano-de-imagen-2025-07-06T153709.124-1170x536.jpeg",1170,536,true],"htmega_size_396x360":["https:\/\/www.uartes.edu.ec\/sitio\/wp-content\/uploads\/2025\/12\/Proyecto-Cambiar-tamano-de-imagen-2025-07-06T153709.124-396x360.jpeg",396,360,true],"gb-block-post-grid-landscape":["https:\/\/www.uartes.edu.ec\/sitio\/wp-content\/uploads\/2025\/12\/Proyecto-Cambiar-tamano-de-imagen-2025-07-06T153709.124-600x400.jpeg",600,400,true],"gb-block-post-grid-square":["https:\/\/www.uartes.edu.ec\/sitio\/wp-content\/uploads\/2025\/12\/Proyecto-Cambiar-tamano-de-imagen-2025-07-06T153709.124-600x600.jpeg",600,600,true],"university-hub-thumb":["https:\/\/www.uartes.edu.ec\/sitio\/wp-content\/uploads\/2025\/12\/Proyecto-Cambiar-tamano-de-imagen-2025-07-06T153709.124-400x267.jpeg",400,267,true]},"uagb_author_info":{"display_name":"ccortez","author_link":"https:\/\/www.uartes.edu.ec\/sitio\/blog\/author\/ccortez\/"},"uagb_comment_info":0,"uagb_excerpt":"En \u201cNubes Selvas\u201d, la cantautora e int\u00e9rprete Grecia Alb\u00e1n condensa la riqueza sonora de los Andes y de Latinoam\u00e9rica de manera contempor\u00e1nea, y entrelaza experiencias \u00edntimas del ser con la inmensidad de la naturaleza y las ra\u00edces culturales que lo sostienen. Al \u00e1lbum lo present\u00f3 en el Museo de los Amantes de Sumpa, en Santa&hellip;","featured_image_src":"https:\/\/www.uartes.edu.ec\/sitio\/wp-content\/uploads\/2025\/12\/Proyecto-Cambiar-tamano-de-imagen-2025-07-06T153709.124-600x400.jpeg","featured_image_src_square":"https:\/\/www.uartes.edu.ec\/sitio\/wp-content\/uploads\/2025\/12\/Proyecto-Cambiar-tamano-de-imagen-2025-07-06T153709.124-600x600.jpeg","author_info":{"display_name":"ccortez","author_link":"https:\/\/www.uartes.edu.ec\/sitio\/blog\/author\/ccortez\/"},"publishpress_future_workflow_manual_trigger":{"enabledWorkflows":[]},"distributor_meta":false,"distributor_terms":false,"distributor_media":false,"distributor_original_site_name":"Universidad de las Artes","distributor_original_site_url":"https:\/\/www.uartes.edu.ec\/sitio","push-errors":false,"_links":{"self":[{"href":"https:\/\/www.uartes.edu.ec\/sitio\/wp-json\/wp\/v2\/posts\/83099","targetHints":{"allow":["GET"]}}],"collection":[{"href":"https:\/\/www.uartes.edu.ec\/sitio\/wp-json\/wp\/v2\/posts"}],"about":[{"href":"https:\/\/www.uartes.edu.ec\/sitio\/wp-json\/wp\/v2\/types\/post"}],"author":[{"embeddable":true,"href":"https:\/\/www.uartes.edu.ec\/sitio\/wp-json\/wp\/v2\/users\/10"}],"replies":[{"embeddable":true,"href":"https:\/\/www.uartes.edu.ec\/sitio\/wp-json\/wp\/v2\/comments?post=83099"}],"version-history":[{"count":4,"href":"https:\/\/www.uartes.edu.ec\/sitio\/wp-json\/wp\/v2\/posts\/83099\/revisions"}],"predecessor-version":[{"id":83118,"href":"https:\/\/www.uartes.edu.ec\/sitio\/wp-json\/wp\/v2\/posts\/83099\/revisions\/83118"}],"wp:featuredmedia":[{"embeddable":true,"href":"https:\/\/www.uartes.edu.ec\/sitio\/wp-json\/wp\/v2\/media\/83100"}],"wp:attachment":[{"href":"https:\/\/www.uartes.edu.ec\/sitio\/wp-json\/wp\/v2\/media?parent=83099"}],"wp:term":[{"taxonomy":"category","embeddable":true,"href":"https:\/\/www.uartes.edu.ec\/sitio\/wp-json\/wp\/v2\/categories?post=83099"},{"taxonomy":"post_tag","embeddable":true,"href":"https:\/\/www.uartes.edu.ec\/sitio\/wp-json\/wp\/v2\/tags?post=83099"},{"taxonomy":"infouartes","embeddable":true,"href":"https:\/\/www.uartes.edu.ec\/sitio\/wp-json\/wp\/v2\/infouartes?post=83099"}],"curies":[{"name":"wp","href":"https:\/\/api.w.org\/{rel}","templated":true}]}}