{"id":83221,"date":"2025-12-11T18:15:09","date_gmt":"2025-12-11T23:15:09","guid":{"rendered":"https:\/\/www.uartes.edu.ec\/sitio\/?p=83221"},"modified":"2025-12-11T18:19:59","modified_gmt":"2025-12-11T23:19:59","slug":"el-caces-entrego-a-la-uartes-el-certificado-de-cualificacion-academica-en-el-campo-de-las-artes","status":"publish","type":"post","link":"https:\/\/www.uartes.edu.ec\/sitio\/blog\/2025\/12\/11\/el-caces-entrego-a-la-uartes-el-certificado-de-cualificacion-academica-en-el-campo-de-las-artes\/","title":{"rendered":"Universidad de las Artes recibi\u00f3 del CACES el Certificado de Cualificaci\u00f3n Acad\u00e9mica"},"content":{"rendered":"\n<p>La Universidad de las Artes recibi\u00f3 del Consejo de Aseguramiento de la Calidad de la Educaci\u00f3n Superior (CACES) el Certificado de Cualificaci\u00f3n Acad\u00e9mica en el campo espec\u00edfico de Artes, un hito para nuestra instituci\u00f3n que, en un proceso voluntario, t\u00e9cnico y transparente, demostr\u00f3 calidad superior en investigaci\u00f3n; el certificado recibido habilita a la UArtes a ofertar doctorados.<\/p>\n\n\n\n<p>Presidieron el acto, los doctores William Herrera, Olga L\u00f3pez y Ana Gabriela Rivadeneira, rector y vicerrectoras de nuestra instituci\u00f3n de educaci\u00f3n superior, as\u00ed como la presidenta del CACES, Dra. Ximena C\u00f3rdova, y el presidente de la Comisi\u00f3n Permanente de Universidades y Escuelas Polit\u00e9cnicas del organismo, Dr. Diego P\u00e9rez.<\/p>\n\n\n\n<p>A la entrega del certificado, que tuvo lugar este martes 9 de diciembre en la Sala del \u00d3rgano Colegiado Superior (OCS), ubicada en el patrimonial edificio El Tel\u00e9grafo, asistieron tambi\u00e9n del CACES los Dres. Vladimir Paredes y Tania Tandazo, consejeros; Abg. Estefan\u00eda Ortiz, procuradora; Psic\u00f3l. Andrea Proa\u00f1o, directora de Universidades y Escuelas Polit\u00e9cnicas; y los asesores, Abg. Pamela Abud, Francisco Almeida y Natalia Castillo.<\/p>\n\n\n\n<p>De la UArtes estuvieron presentes la Dra. Natalia Tamayo, secretaria de Aseguramiento de la Calidad de la Educaci\u00f3n (SACE), directores de escuelas y secretar\u00edas, docentes, personal administrativo y las nuevas m\u00e1ximas autoridades elegidas mediante sufragio el pasado 2 de diciembre, Dres. Saidel Brito, rector electo; Yulianela P\u00e9rez, vicerrectora acad\u00e9mica electa; y Andrey Astaiza, vicerrector de Posgrados e Investigaci\u00f3n en Artes electo.<\/p>\n\n\n<div class=\"wp-block-image\">\n<figure class=\"aligncenter size-large\"><img fetchpriority=\"high\" decoding=\"async\" width=\"644\" height=\"429\" src=\"https:\/\/www.uartes.edu.ec\/sitio\/wp-content\/uploads\/2025\/12\/certificado0-644x429.jpg\" alt=\"\" class=\"wp-image-83223\" srcset=\"https:\/\/www.uartes.edu.ec\/sitio\/wp-content\/uploads\/2025\/12\/certificado0-644x429.jpg 644w, https:\/\/www.uartes.edu.ec\/sitio\/wp-content\/uploads\/2025\/12\/certificado0-300x200.jpg 300w, https:\/\/www.uartes.edu.ec\/sitio\/wp-content\/uploads\/2025\/12\/certificado0-768x512.jpg 768w, https:\/\/www.uartes.edu.ec\/sitio\/wp-content\/uploads\/2025\/12\/certificado0-1536x1024.jpg 1536w, https:\/\/www.uartes.edu.ec\/sitio\/wp-content\/uploads\/2025\/12\/certificado0-18x12.jpg 18w, https:\/\/www.uartes.edu.ec\/sitio\/wp-content\/uploads\/2025\/12\/certificado0-600x400.jpg 600w, https:\/\/www.uartes.edu.ec\/sitio\/wp-content\/uploads\/2025\/12\/certificado0-400x267.jpg 400w, https:\/\/www.uartes.edu.ec\/sitio\/wp-content\/uploads\/2025\/12\/certificado0.jpg 2000w\" sizes=\"(max-width: 644px) 100vw, 644px\" \/><\/figure>\n<\/div>\n\n\n<p>En su discurso, la doctora Ximena C\u00f3rdova coment\u00f3 haber estado antes en un evento parecido de entrega de certificado de cualificaci\u00f3n \u2013\u201cparecido porque cada universidad tiene sus caracter\u00edsticas\u201d, dijo\u2013 y reflexionaba con la vicerrectora Rivadeneira sobre la importancia de las artes en la vida de una persona. Fue en la Escuela Superior Polit\u00e9cnica del Litoral (Espol) y estando all\u00ed pens\u00f3 tambi\u00e9n en lo que a muchos le cuesta entender c\u00f3mo una universidad como la UArtes podr\u00eda generar un doctorado con una universidad polit\u00e9cnica como es la Espol.<\/p>\n\n\n\n<p>La reflexi\u00f3n de la Dra. C\u00f3rdova se enmarca en que, justamente, la UArtes y la Espol est\u00e1n desarrollando en red un programa de Doctorado en Artes. \u201cPara m\u00ed es medio natural porque vengo del mundo de la ingenier\u00eda. Soy de la Escuela Polit\u00e9cnica Nacional y cuando estudi\u00e9 no hab\u00eda la oportunidad de tener esa integraci\u00f3n entre humanidades, artes e ingenier\u00edas\u201d. Agreg\u00f3 considerarlo importante en la formaci\u00f3n de una persona y de su experiencia como acad\u00e9mica anot\u00f3 que ya no se ve diferencias porque est\u00e1n integradas.<\/p>\n\n\n\n<p>Indic\u00f3 que cuando los rectores Cecilia Paredes (Espol) y William Herrera (UArtes) le indicaron que se har\u00eda el Doctorado en Artes le pareci\u00f3 natural, aunque admite que no es as\u00ed para todos. \u201cMuchas veces vemos los problemas de manera unidireccional y no multidimensional como somos los humanos. (\u2026) Es un verdadero gusto estar en este evento tan importante como la cualificaci\u00f3n, un proceso que le deb\u00edamos al Sistema de Educaci\u00f3n Superior desde hace mucho tiempo y no lo hab\u00edamos logrado consolidar\u201d, precis\u00f3, destacando que fue un trabajo de equipo consolidar el modelo y la metodolog\u00eda puestos en pr\u00e1ctica el a\u00f1o pasado. Una experiencia enriquecedora para el CACES y las universidades, pues se enfrenta a un proceso que no es obligatorio, sino voluntario.<\/p>\n\n\n<div class=\"wp-block-image\">\n<figure class=\"aligncenter size-large\"><img decoding=\"async\" width=\"644\" height=\"429\" src=\"https:\/\/www.uartes.edu.ec\/sitio\/wp-content\/uploads\/2025\/12\/certificado3-644x429.jpg\" alt=\"\" class=\"wp-image-83224\" srcset=\"https:\/\/www.uartes.edu.ec\/sitio\/wp-content\/uploads\/2025\/12\/certificado3-644x429.jpg 644w, https:\/\/www.uartes.edu.ec\/sitio\/wp-content\/uploads\/2025\/12\/certificado3-300x200.jpg 300w, https:\/\/www.uartes.edu.ec\/sitio\/wp-content\/uploads\/2025\/12\/certificado3-768x512.jpg 768w, https:\/\/www.uartes.edu.ec\/sitio\/wp-content\/uploads\/2025\/12\/certificado3-1536x1024.jpg 1536w, https:\/\/www.uartes.edu.ec\/sitio\/wp-content\/uploads\/2025\/12\/certificado3-18x12.jpg 18w, https:\/\/www.uartes.edu.ec\/sitio\/wp-content\/uploads\/2025\/12\/certificado3-600x400.jpg 600w, https:\/\/www.uartes.edu.ec\/sitio\/wp-content\/uploads\/2025\/12\/certificado3-400x267.jpg 400w, https:\/\/www.uartes.edu.ec\/sitio\/wp-content\/uploads\/2025\/12\/certificado3.jpg 2000w\" sizes=\"(max-width: 644px) 100vw, 644px\" \/><\/figure>\n<\/div>\n\n\n<p>La presidenta del CACES revel\u00f3 que el proceso de cualificaci\u00f3n ha enfrentado al sistema a entender las capacidades que las universidades tienen dentro de sus campos. \u201c(\u2026) Mirar los resultados alcanzados por la Universidad de las Artes evidencia un trabajo sostenido y una comunidad comprometida con expandir los l\u00edmites del conocimiento art\u00edstico\u201d.<\/p>\n\n\n\n<p>Los logros no solo evidencian la calidad institucional, sino tambi\u00e9n la relevancia de impulsar investigaciones que dialogan con la creaci\u00f3n art\u00edstica y la innovaci\u00f3n, a\u00f1adi\u00f3, asegurando que la entrega de la cualificaci\u00f3n permite reconocer a aquellas instituciones que demuestran excelencia en la generaci\u00f3n de conocimiento, particularmente en las \u00e1reas donde la investigaci\u00f3n tiene expresiones propias, como ocurre en el campo de las artes visuales, esc\u00e9nicas, musicales, literarias y cinematogr\u00e1ficas.<\/p>\n\n\n\n<p>\u201cEn este proceso voluntario y riguroso, la Universidad de las Artes ha demostrado que la investigaci\u00f3n art\u00edstica es una fuerza vital para el desarrollo acad\u00e9mico y social. Expresamos nuestro reconocimiento por contribuir al fortalecimiento del campo de las artes desde la investigaci\u00f3n y el conocimiento\u201d, expres\u00f3 la doctora C\u00f3rdova.<\/p>\n\n\n\n<p>Seguidamente, las autoridades del CACES entregaron al rector y vicerrectoras el certificado, cuyo texto se\u00f1ala que nuestra instituci\u00f3n alcanz\u00f3 los criterios y est\u00e1ndares determinados en el modelo y la metodolog\u00eda de la Cualificaci\u00f3n Acad\u00e9mica de Universidades y Escuelas Polit\u00e9cnicas, otorg\u00e1ndole la condici\u00f3n de cualificada en el campo espec\u00edfico de las artes.<\/p>\n\n\n<div class=\"wp-block-image\">\n<figure class=\"aligncenter size-large\"><img decoding=\"async\" width=\"644\" height=\"429\" src=\"https:\/\/www.uartes.edu.ec\/sitio\/wp-content\/uploads\/2025\/12\/certificado6-644x429.jpg\" alt=\"\" class=\"wp-image-83225\" srcset=\"https:\/\/www.uartes.edu.ec\/sitio\/wp-content\/uploads\/2025\/12\/certificado6-644x429.jpg 644w, https:\/\/www.uartes.edu.ec\/sitio\/wp-content\/uploads\/2025\/12\/certificado6-300x200.jpg 300w, https:\/\/www.uartes.edu.ec\/sitio\/wp-content\/uploads\/2025\/12\/certificado6-768x512.jpg 768w, https:\/\/www.uartes.edu.ec\/sitio\/wp-content\/uploads\/2025\/12\/certificado6-1536x1024.jpg 1536w, https:\/\/www.uartes.edu.ec\/sitio\/wp-content\/uploads\/2025\/12\/certificado6-18x12.jpg 18w, https:\/\/www.uartes.edu.ec\/sitio\/wp-content\/uploads\/2025\/12\/certificado6-600x400.jpg 600w, https:\/\/www.uartes.edu.ec\/sitio\/wp-content\/uploads\/2025\/12\/certificado6-400x267.jpg 400w, https:\/\/www.uartes.edu.ec\/sitio\/wp-content\/uploads\/2025\/12\/certificado6.jpg 2000w\" sizes=\"(max-width: 644px) 100vw, 644px\" \/><\/figure>\n<\/div>\n\n\n<p>El doctor Luis P\u00e9rez, consejero y presidente de la Comisi\u00f3n Permanente de Universidades y Escuelas Polit\u00e9cnicas, tambi\u00e9n brind\u00f3 unas palabras, se\u00f1alando el gusto de estar en la UArtes, un sitio muy especial, al igual que el momento. Destac\u00f3 la qu\u00edmica existente con el rector Herrera y con la Dra. C\u00f3rdova coincidi\u00f3 en que exist\u00eda un proceso pendiente: la acreditaci\u00f3n de las cuatro universidades llamadas en su momento emblem\u00e1ticas.<\/p>\n\n\n\n<p>Se hicieron varias visitas a la UArtes y brind\u00f3 asesoramiento; pudo tambi\u00e9n conocer la Sala del Gamel\u00e1n, el instrumento tradicional indonesio que por convenio de nuestra instituci\u00f3n con la embajada del pa\u00eds del sudeste asi\u00e1tico est\u00e1 en el MZ14 Centro de Producci\u00f3n e Innovaci\u00f3n, desarroll\u00e1ndose en su entorno estudios e investigaci\u00f3n. P\u00e9rez calific\u00f3 la experiencia como espectacular y sugiri\u00f3 a sus compa\u00f1eros del CACES visitarla. \u201c(\u2026) Conocimos la esencia de lo que es esta universidad. Nos ense\u00f1aron todos los edificios patrimoniales que tienen y han mantenido en tan buena forma. En realidad, siempre nos sentimos como en casa aqu\u00ed y eso hace especial este momento de la entrega del Certificado de Cualificaci\u00f3n Acad\u00e9mica\u201d.<\/p>\n\n\n\n<p>Al enterarse de que la UArtes iba a postular a la cualificaci\u00f3n en el campo de las artes le dio mucho gusto. \u00a1Qu\u00e9 bueno que va a haber un doctorado distinto y complementado con la Espol!, se dijo y ante la inquietud de c\u00f3mo van a hacer si son universidades tan diferentes, \u201cla prueba de que se har\u00e1 muy bien es la cualificaci\u00f3n que reconoce de la Universidad de las Artes no solo su excelencia acad\u00e9mica y creativa, sino que fortalece el camino para el desarrollo de la investigaci\u00f3n y el conocimiento en un campo que hist\u00f3ricamente ha sido menos explorado dentro de la academia: las artes, precis\u00f3 P\u00e9rez.<\/p>\n\n\n<div class=\"wp-block-image\">\n<figure class=\"aligncenter size-large\"><img loading=\"lazy\" decoding=\"async\" width=\"644\" height=\"429\" src=\"https:\/\/www.uartes.edu.ec\/sitio\/wp-content\/uploads\/2025\/12\/certificado10-644x429.jpg\" alt=\"\" class=\"wp-image-83226\" srcset=\"https:\/\/www.uartes.edu.ec\/sitio\/wp-content\/uploads\/2025\/12\/certificado10-644x429.jpg 644w, https:\/\/www.uartes.edu.ec\/sitio\/wp-content\/uploads\/2025\/12\/certificado10-300x200.jpg 300w, https:\/\/www.uartes.edu.ec\/sitio\/wp-content\/uploads\/2025\/12\/certificado10-768x512.jpg 768w, https:\/\/www.uartes.edu.ec\/sitio\/wp-content\/uploads\/2025\/12\/certificado10-1536x1024.jpg 1536w, https:\/\/www.uartes.edu.ec\/sitio\/wp-content\/uploads\/2025\/12\/certificado10-18x12.jpg 18w, https:\/\/www.uartes.edu.ec\/sitio\/wp-content\/uploads\/2025\/12\/certificado10-600x400.jpg 600w, https:\/\/www.uartes.edu.ec\/sitio\/wp-content\/uploads\/2025\/12\/certificado10-400x267.jpg 400w, https:\/\/www.uartes.edu.ec\/sitio\/wp-content\/uploads\/2025\/12\/certificado10.jpg 2000w\" sizes=\"(max-width: 644px) 100vw, 644px\" \/><\/figure>\n<\/div>\n\n\n<p>\u201cLa cualificaci\u00f3n acad\u00e9mica es una herramienta t\u00e9cnica y especializada que permite valorar con objetividad las capacidades institucionales, los campos del saber, la producci\u00f3n cient\u00edfica y art\u00edstica y el impacto que estas generan en la sociedad. La cualificaci\u00f3n mide la calidad superior en investigaci\u00f3n de las universidades y, como tal, el reto era conseguir pares evaluadores para el campo de las artes\u201d, cont\u00f3, reiterando el gran desaf\u00edo porque hubo postulantes, pero desist\u00edan y justo antes del proceso se consigui\u00f3 a quien se hizo cargo del comit\u00e9 de evaluaci\u00f3n. \u201cFue un trabajo conjunto y nos tienen para eso, para acompa\u00f1ar estos procesos, guiarles en los que a veces son complejos, a veces m\u00e1s sencillos\u201d.<\/p>\n\n\n\n<p>P\u00e9rez expres\u00f3 celebrar la oportunidad para construir conocimiento desde la sensibilidad, la creatividad y la expresi\u00f3n humana. \u201cEn un pa\u00eds donde la educaci\u00f3n tradicionalmente se ha centrado en campos mucho m\u00e1s tradicionales y convencionales, la Universidad de las Artes abre las puertas a un futuro donde no solo el arte se vive, sino que tambi\u00e9n se lo investiga, teoriza, cuestiona, convierte en ciencia, discurso y transformaci\u00f3n social. La Universidad de las Artes hoy es un faro para el Ecuador desde la perspectiva del arte\u201d.<\/p>\n\n\n\n<p>Agreg\u00f3 que el logro de la UArtes es el resultado de la constancia, de la misi\u00f3n y del compromiso de todos. Que el reconocimiento sea el inicio de nuevos retos, de m\u00e1s creaci\u00f3n, m\u00e1s conocimiento y m\u00e1s arte para el Ecuador y para el mundo, concluy\u00f3 el doctor P\u00e9rez.<\/p>\n\n\n\n<p>El rector William Herrera agradeci\u00f3 a las autoridades del CACES y a las delegaciones de ese organismo y de la Espol. Destac\u00f3 la presencia del personal acad\u00e9mico y administrativo de la UArtes, en especial de las nuevas m\u00e1ximas autoridades electas, quienes a partir del 1 de enero de 2026 asumir\u00e1n tambi\u00e9n el gran desaf\u00edo de representar a nuestra universidad dentro del Sistema de Educaci\u00f3n Superior.<\/p>\n\n\n<div class=\"wp-block-image\">\n<figure class=\"aligncenter size-large\"><img loading=\"lazy\" decoding=\"async\" width=\"644\" height=\"429\" src=\"https:\/\/www.uartes.edu.ec\/sitio\/wp-content\/uploads\/2025\/12\/certificado2-644x429.jpg\" alt=\"\" class=\"wp-image-83227\" srcset=\"https:\/\/www.uartes.edu.ec\/sitio\/wp-content\/uploads\/2025\/12\/certificado2-644x429.jpg 644w, https:\/\/www.uartes.edu.ec\/sitio\/wp-content\/uploads\/2025\/12\/certificado2-300x200.jpg 300w, https:\/\/www.uartes.edu.ec\/sitio\/wp-content\/uploads\/2025\/12\/certificado2-768x512.jpg 768w, https:\/\/www.uartes.edu.ec\/sitio\/wp-content\/uploads\/2025\/12\/certificado2-1536x1024.jpg 1536w, https:\/\/www.uartes.edu.ec\/sitio\/wp-content\/uploads\/2025\/12\/certificado2-18x12.jpg 18w, https:\/\/www.uartes.edu.ec\/sitio\/wp-content\/uploads\/2025\/12\/certificado2-600x400.jpg 600w, https:\/\/www.uartes.edu.ec\/sitio\/wp-content\/uploads\/2025\/12\/certificado2-400x267.jpg 400w, https:\/\/www.uartes.edu.ec\/sitio\/wp-content\/uploads\/2025\/12\/certificado2.jpg 2000w\" sizes=\"(max-width: 644px) 100vw, 644px\" \/><\/figure>\n<\/div>\n\n\n<p>Por la apertura y el liderazgo brindados por las autoridades del CACES, se\u00f1al\u00f3 que recibir el Certificado de Cualificaci\u00f3n Acad\u00e9mica es tambi\u00e9n un logro del organismo regulador. M\u00e1s all\u00e1 de expresar y traducir nuestro compromiso con los procesos de aseguramiento de la calidad, la cualificaci\u00f3n representa \u2013y ha sido la disputa hist\u00f3rica\u2013 el reconocimiento de la legitimidad de las artes, de la formaci\u00f3n art\u00edstica, de la investigaci\u00f3n art\u00edstica en el Sistema de Educaci\u00f3n Superior y, sobre todo, en la coyuntura actual del pa\u00eds, de ese protagonismo dentro SES.<\/p>\n\n\n\n<p>El Dr. Herrera indic\u00f3 que la UArtes recibe la Certificaci\u00f3n de Cualificaci\u00f3n Acad\u00e9mica en una coyuntura muy especial: el cambio de autoridades, cuya transici\u00f3n se est\u00e1 llevando de manera coordinada, con mucha conversaci\u00f3n y muy transparente, pensando en el bienestar de la universidad y en la importancia de garantizar la continuidad de las funciones sustantivas y administrativas. Recibir esta resoluci\u00f3n de cualificaci\u00f3n implica una gran responsabilidad porque al hacerlo abrimos puertas y oportunidades para todas las universidades e institutos del pa\u00eds que est\u00e1n apostando por la formaci\u00f3n e investigaci\u00f3n art\u00edstica, dijo el rector.<\/p>\n\n\n\n<p>Indic\u00f3 aprovechar el momento para renovar ante las nuevas m\u00e1ximas autoridades UArtes el compromiso institucional para sacar el Doctorado en Artes y ponerlo en marcha, lo cual es hist\u00f3rico para el pa\u00eds, y para el proceso de acreditaci\u00f3n del 2026. \u201cEmpezamos en el 2023 a prepararnos para la acreditaci\u00f3n institucional, el 2024 no paramos, seguimos con la cualificaci\u00f3n y estamos en un proceso de autoevaluaci\u00f3n. Estamos plenamente comprometidos con esa din\u00e1mica que apunta a fortalecer el aseguramiento de la calidad y garantizar la mejora continua\u201d.<\/p>\n\n\n\n<p>Tambi\u00e9n dio cuenta de un tercer desaf\u00edo, que no necesariamente ser\u00e1 para el 2026: la acreditaci\u00f3n de las carreras art\u00edsticas. \u201cCreo que tenemos, entre CACES y la universidad una gran oportunidad para pensar colectivamente esos modelos de evaluaci\u00f3n de carreras, para darnos el tiempo de formar pares evaluadores. (\u2026) Aqu\u00ed hay una comunidad comprometida con la calidad, la formaci\u00f3n art\u00edstica y la misi\u00f3n no solo de formar profesionales en el campo de las artes, sino tambi\u00e9n de transformar al pa\u00eds\u201d, concluy\u00f3.<\/p>\n","protected":false},"excerpt":{"rendered":"<p>\u201cMirar los resultados alcanzados por la Universidad de las Artes evidencia un trabajo sostenido y una comunidad comprometida con expandir los l\u00edmites del conocimiento art\u00edstico\u201d, dijo la presidenta del CACES, Dra. Ximena C\u00f3rdova, en el acto de entrega a la UArtes del Certificado de Cualificaci\u00f3n Acad\u00e9mica en el campo espec\u00edfico de artes, un hito para nuestra instituci\u00f3n que, en un proceso voluntario, t\u00e9cnico y transparente, demostr\u00f3 calidad superior en investigaci\u00f3n.<\/p>\n","protected":false},"author":10,"featured_media":83222,"comment_status":"open","ping_status":"open","sticky":false,"template":"","format":"standard","meta":{"_acf_changed":false,"_uag_custom_page_level_css":"","_monsterinsights_skip_tracking":false,"_monsterinsights_sitenote_active":false,"_monsterinsights_sitenote_note":"","_monsterinsights_sitenote_category":0,"cybocfi_hide_featured_image":"","footnotes":""},"categories":[80,438,490,82,159,150,157,147,75,76,77,284,175,264,84],"tags":[709],"infouartes":[],"class_list":["post-83221","post","type-post","status-publish","format-standard","has-post-thumbnail","hentry","category-academico","category-administrativos","category-alumni","category-artes","category-artes-escenicas","category-artes-sonoras","category-artes-visuales","category-cine","category-docentes","category-estudiantes","category-gestion","category-investigacion","category-literatura","category-maestrias","category-rectorado","tag-reconocimiento"],"acf":[],"yoast_head":"<!-- This site is optimized with the Yoast SEO plugin v27.4 - https:\/\/yoast.com\/product\/yoast-seo-wordpress\/ -->\n<title>Universidad de las Artes - Universidad de las Artes recibi\u00f3 del CACES el Certificado de Cualificaci\u00f3n Acad\u00e9mica<\/title>\n<meta name=\"description\" content=\"Universidad de las Artes - Universidad de las Artes recibi\u00f3 del CACES el Certificado de Cualificaci\u00f3n Acad\u00e9mica\" \/>\n<meta name=\"robots\" content=\"index, follow, max-snippet:-1, max-image-preview:large, max-video-preview:-1\" \/>\n<link rel=\"canonical\" href=\"https:\/\/www.uartes.edu.ec\/sitio\/blog\/2025\/12\/11\/el-caces-entrego-a-la-uartes-el-certificado-de-cualificacion-academica-en-el-campo-de-las-artes\/\" \/>\n<meta property=\"og:locale\" content=\"es_ES\" \/>\n<meta property=\"og:type\" content=\"article\" \/>\n<meta property=\"og:title\" content=\"Universidad de las Artes - Universidad de las Artes recibi\u00f3 del CACES el Certificado de Cualificaci\u00f3n Acad\u00e9mica\" \/>\n<meta property=\"og:description\" content=\"Universidad de las Artes - Universidad de las Artes recibi\u00f3 del CACES el Certificado de Cualificaci\u00f3n Acad\u00e9mica\" \/>\n<meta property=\"og:url\" content=\"https:\/\/www.uartes.edu.ec\/sitio\/blog\/2025\/12\/11\/el-caces-entrego-a-la-uartes-el-certificado-de-cualificacion-academica-en-el-campo-de-las-artes\/\" \/>\n<meta property=\"og:site_name\" content=\"Universidad de las Artes\" \/>\n<meta property=\"article:publisher\" content=\"https:\/\/www.facebook.com\/uartesec\" \/>\n<meta property=\"article:published_time\" content=\"2025-12-11T23:15:09+00:00\" \/>\n<meta property=\"article:modified_time\" content=\"2025-12-11T23:19:59+00:00\" \/>\n<meta property=\"og:image\" content=\"https:\/\/www.uartes.edu.ec\/sitio\/wp-content\/uploads\/2025\/12\/certificado11.jpg\" \/>\n\t<meta property=\"og:image:width\" content=\"2000\" \/>\n\t<meta property=\"og:image:height\" content=\"1333\" \/>\n\t<meta property=\"og:image:type\" content=\"image\/jpeg\" \/>\n<meta name=\"author\" content=\"ccortez\" \/>\n<meta name=\"twitter:card\" content=\"summary_large_image\" \/>\n<meta name=\"twitter:creator\" content=\"@uartesec\" \/>\n<meta name=\"twitter:site\" content=\"@uartesec\" \/>\n<meta name=\"twitter:label1\" content=\"Escrito por\" \/>\n\t<meta name=\"twitter:data1\" content=\"ccortez\" \/>\n\t<meta name=\"twitter:label2\" content=\"Tiempo de lectura\" \/>\n\t<meta name=\"twitter:data2\" content=\"9 minutos\" \/>\n<script type=\"application\/ld+json\" class=\"yoast-schema-graph\">{\"@context\":\"https:\\\/\\\/schema.org\",\"@graph\":[{\"@type\":\"Article\",\"@id\":\"https:\\\/\\\/www.uartes.edu.ec\\\/sitio\\\/blog\\\/2025\\\/12\\\/11\\\/el-caces-entrego-a-la-uartes-el-certificado-de-cualificacion-academica-en-el-campo-de-las-artes\\\/#article\",\"isPartOf\":{\"@id\":\"https:\\\/\\\/www.uartes.edu.ec\\\/sitio\\\/blog\\\/2025\\\/12\\\/11\\\/el-caces-entrego-a-la-uartes-el-certificado-de-cualificacion-academica-en-el-campo-de-las-artes\\\/\"},\"author\":{\"name\":\"ccortez\",\"@id\":\"https:\\\/\\\/www.uartes.edu.ec\\\/sitio\\\/#\\\/schema\\\/person\\\/efa1b8275797664fd7f13a79ccc0b1f4\"},\"headline\":\"Universidad de las Artes recibi\u00f3 del CACES el Certificado de Cualificaci\u00f3n Acad\u00e9mica\",\"datePublished\":\"2025-12-11T23:15:09+00:00\",\"dateModified\":\"2025-12-11T23:19:59+00:00\",\"mainEntityOfPage\":{\"@id\":\"https:\\\/\\\/www.uartes.edu.ec\\\/sitio\\\/blog\\\/2025\\\/12\\\/11\\\/el-caces-entrego-a-la-uartes-el-certificado-de-cualificacion-academica-en-el-campo-de-las-artes\\\/\"},\"wordCount\":1881,\"commentCount\":0,\"publisher\":{\"@id\":\"https:\\\/\\\/www.uartes.edu.ec\\\/sitio\\\/#organization\"},\"image\":{\"@id\":\"https:\\\/\\\/www.uartes.edu.ec\\\/sitio\\\/blog\\\/2025\\\/12\\\/11\\\/el-caces-entrego-a-la-uartes-el-certificado-de-cualificacion-academica-en-el-campo-de-las-artes\\\/#primaryimage\"},\"thumbnailUrl\":\"https:\\\/\\\/www.uartes.edu.ec\\\/sitio\\\/wp-content\\\/uploads\\\/2025\\\/12\\\/certificado11.jpg\",\"keywords\":[\"reconocimiento\"],\"articleSection\":[\"Acad\u00e9mico\",\"Administrativos\",\"Alumni\",\"Artes\",\"Artes Esc\u00e9nicas\",\"Artes Sonoras\",\"Artes Visuales\",\"Cine\",\"Docentes\",\"Estudiantes\",\"Gesti\u00f3n\",\"Investigaci\u00f3n\",\"Literatura\",\"Maestr\u00edas\",\"Rectorado\"],\"inLanguage\":\"es\",\"potentialAction\":[{\"@type\":\"CommentAction\",\"name\":\"Comment\",\"target\":[\"https:\\\/\\\/www.uartes.edu.ec\\\/sitio\\\/blog\\\/2025\\\/12\\\/11\\\/el-caces-entrego-a-la-uartes-el-certificado-de-cualificacion-academica-en-el-campo-de-las-artes\\\/#respond\"]}]},{\"@type\":[\"WebPage\",\"ItemPage\"],\"@id\":\"https:\\\/\\\/www.uartes.edu.ec\\\/sitio\\\/blog\\\/2025\\\/12\\\/11\\\/el-caces-entrego-a-la-uartes-el-certificado-de-cualificacion-academica-en-el-campo-de-las-artes\\\/\",\"url\":\"https:\\\/\\\/www.uartes.edu.ec\\\/sitio\\\/blog\\\/2025\\\/12\\\/11\\\/el-caces-entrego-a-la-uartes-el-certificado-de-cualificacion-academica-en-el-campo-de-las-artes\\\/\",\"name\":\"Universidad de las Artes - Universidad de las Artes recibi\u00f3 del CACES el Certificado de Cualificaci\u00f3n Acad\u00e9mica\",\"isPartOf\":{\"@id\":\"https:\\\/\\\/www.uartes.edu.ec\\\/sitio\\\/#website\"},\"primaryImageOfPage\":{\"@id\":\"https:\\\/\\\/www.uartes.edu.ec\\\/sitio\\\/blog\\\/2025\\\/12\\\/11\\\/el-caces-entrego-a-la-uartes-el-certificado-de-cualificacion-academica-en-el-campo-de-las-artes\\\/#primaryimage\"},\"image\":{\"@id\":\"https:\\\/\\\/www.uartes.edu.ec\\\/sitio\\\/blog\\\/2025\\\/12\\\/11\\\/el-caces-entrego-a-la-uartes-el-certificado-de-cualificacion-academica-en-el-campo-de-las-artes\\\/#primaryimage\"},\"thumbnailUrl\":\"https:\\\/\\\/www.uartes.edu.ec\\\/sitio\\\/wp-content\\\/uploads\\\/2025\\\/12\\\/certificado11.jpg\",\"datePublished\":\"2025-12-11T23:15:09+00:00\",\"dateModified\":\"2025-12-11T23:19:59+00:00\",\"description\":\"Universidad de las Artes - Universidad de las Artes recibi\u00f3 del CACES el Certificado de Cualificaci\u00f3n Acad\u00e9mica\",\"breadcrumb\":{\"@id\":\"https:\\\/\\\/www.uartes.edu.ec\\\/sitio\\\/blog\\\/2025\\\/12\\\/11\\\/el-caces-entrego-a-la-uartes-el-certificado-de-cualificacion-academica-en-el-campo-de-las-artes\\\/#breadcrumb\"},\"inLanguage\":\"es\",\"potentialAction\":[{\"@type\":\"ReadAction\",\"target\":[\"https:\\\/\\\/www.uartes.edu.ec\\\/sitio\\\/blog\\\/2025\\\/12\\\/11\\\/el-caces-entrego-a-la-uartes-el-certificado-de-cualificacion-academica-en-el-campo-de-las-artes\\\/\"]}]},{\"@type\":\"ImageObject\",\"inLanguage\":\"es\",\"@id\":\"https:\\\/\\\/www.uartes.edu.ec\\\/sitio\\\/blog\\\/2025\\\/12\\\/11\\\/el-caces-entrego-a-la-uartes-el-certificado-de-cualificacion-academica-en-el-campo-de-las-artes\\\/#primaryimage\",\"url\":\"https:\\\/\\\/www.uartes.edu.ec\\\/sitio\\\/wp-content\\\/uploads\\\/2025\\\/12\\\/certificado11.jpg\",\"contentUrl\":\"https:\\\/\\\/www.uartes.edu.ec\\\/sitio\\\/wp-content\\\/uploads\\\/2025\\\/12\\\/certificado11.jpg\",\"width\":2000,\"height\":1333},{\"@type\":\"BreadcrumbList\",\"@id\":\"https:\\\/\\\/www.uartes.edu.ec\\\/sitio\\\/blog\\\/2025\\\/12\\\/11\\\/el-caces-entrego-a-la-uartes-el-certificado-de-cualificacion-academica-en-el-campo-de-las-artes\\\/#breadcrumb\",\"itemListElement\":[{\"@type\":\"ListItem\",\"position\":1,\"name\":\"Inicio\",\"item\":\"https:\\\/\\\/www.uartes.edu.ec\\\/sitio\\\/\"},{\"@type\":\"ListItem\",\"position\":2,\"name\":\"Universidad de las Artes recibi\u00f3 del CACES el Certificado de Cualificaci\u00f3n Acad\u00e9mica\"}]},{\"@type\":\"WebSite\",\"@id\":\"https:\\\/\\\/www.uartes.edu.ec\\\/sitio\\\/#website\",\"url\":\"https:\\\/\\\/www.uartes.edu.ec\\\/sitio\\\/\",\"name\":\"Universidad de las Artes\",\"description\":\"Sitio oficial de la Universidad Nacional de las Artes del Ecuador\",\"publisher\":{\"@id\":\"https:\\\/\\\/www.uartes.edu.ec\\\/sitio\\\/#organization\"},\"potentialAction\":[{\"@type\":\"SearchAction\",\"target\":{\"@type\":\"EntryPoint\",\"urlTemplate\":\"https:\\\/\\\/www.uartes.edu.ec\\\/sitio\\\/?s={search_term_string}\"},\"query-input\":{\"@type\":\"PropertyValueSpecification\",\"valueRequired\":true,\"valueName\":\"search_term_string\"}}],\"inLanguage\":\"es\"},{\"@type\":\"Organization\",\"@id\":\"https:\\\/\\\/www.uartes.edu.ec\\\/sitio\\\/#organization\",\"name\":\"Universidad de las Artes\",\"url\":\"https:\\\/\\\/www.uartes.edu.ec\\\/sitio\\\/\",\"logo\":{\"@type\":\"ImageObject\",\"inLanguage\":\"es\",\"@id\":\"https:\\\/\\\/www.uartes.edu.ec\\\/sitio\\\/#\\\/schema\\\/logo\\\/image\\\/\",\"url\":\"https:\\\/\\\/www.uartes.edu.ec\\\/sitio\\\/wp-content\\\/uploads\\\/2022\\\/07\\\/logo-ua-horizontal.png\",\"contentUrl\":\"https:\\\/\\\/www.uartes.edu.ec\\\/sitio\\\/wp-content\\\/uploads\\\/2022\\\/07\\\/logo-ua-horizontal.png\",\"width\":800,\"height\":276,\"caption\":\"Universidad de las Artes\"},\"image\":{\"@id\":\"https:\\\/\\\/www.uartes.edu.ec\\\/sitio\\\/#\\\/schema\\\/logo\\\/image\\\/\"},\"sameAs\":[\"https:\\\/\\\/www.facebook.com\\\/uartesec\",\"https:\\\/\\\/x.com\\\/uartesec\",\"https:\\\/\\\/www.tiktok.com\\\/@uartesec\"]},{\"@type\":\"Person\",\"@id\":\"https:\\\/\\\/www.uartes.edu.ec\\\/sitio\\\/#\\\/schema\\\/person\\\/efa1b8275797664fd7f13a79ccc0b1f4\",\"name\":\"ccortez\",\"image\":{\"@type\":\"ImageObject\",\"inLanguage\":\"es\",\"@id\":\"https:\\\/\\\/secure.gravatar.com\\\/avatar\\\/b2a6f664a3ae8e074346ef91775736c5ec479e637ecced6842de9dc98b5da9cd?s=96&d=mm&r=g\",\"url\":\"https:\\\/\\\/secure.gravatar.com\\\/avatar\\\/b2a6f664a3ae8e074346ef91775736c5ec479e637ecced6842de9dc98b5da9cd?s=96&d=mm&r=g\",\"contentUrl\":\"https:\\\/\\\/secure.gravatar.com\\\/avatar\\\/b2a6f664a3ae8e074346ef91775736c5ec479e637ecced6842de9dc98b5da9cd?s=96&d=mm&r=g\",\"caption\":\"ccortez\"},\"url\":\"https:\\\/\\\/www.uartes.edu.ec\\\/sitio\\\/blog\\\/author\\\/ccortez\\\/\"}]}<\/script>\n<!-- \/ Yoast SEO plugin. -->","yoast_head_json":{"title":"Universidad de las Artes - Universidad de las Artes recibi\u00f3 del CACES el Certificado de Cualificaci\u00f3n Acad\u00e9mica","description":"Universidad de las Artes - Universidad de las Artes recibi\u00f3 del CACES el Certificado de Cualificaci\u00f3n Acad\u00e9mica","robots":{"index":"index","follow":"follow","max-snippet":"max-snippet:-1","max-image-preview":"max-image-preview:large","max-video-preview":"max-video-preview:-1"},"canonical":"https:\/\/www.uartes.edu.ec\/sitio\/blog\/2025\/12\/11\/el-caces-entrego-a-la-uartes-el-certificado-de-cualificacion-academica-en-el-campo-de-las-artes\/","og_locale":"es_ES","og_type":"article","og_title":"Universidad de las Artes - Universidad de las Artes recibi\u00f3 del CACES el Certificado de Cualificaci\u00f3n Acad\u00e9mica","og_description":"Universidad de las Artes - Universidad de las Artes recibi\u00f3 del CACES el Certificado de Cualificaci\u00f3n Acad\u00e9mica","og_url":"https:\/\/www.uartes.edu.ec\/sitio\/blog\/2025\/12\/11\/el-caces-entrego-a-la-uartes-el-certificado-de-cualificacion-academica-en-el-campo-de-las-artes\/","og_site_name":"Universidad de las Artes","article_publisher":"https:\/\/www.facebook.com\/uartesec","article_published_time":"2025-12-11T23:15:09+00:00","article_modified_time":"2025-12-11T23:19:59+00:00","og_image":[{"width":2000,"height":1333,"url":"https:\/\/www.uartes.edu.ec\/sitio\/wp-content\/uploads\/2025\/12\/certificado11.jpg","type":"image\/jpeg"}],"author":"ccortez","twitter_card":"summary_large_image","twitter_creator":"@uartesec","twitter_site":"@uartesec","twitter_misc":{"Escrito por":"ccortez","Tiempo de lectura":"9 minutos"},"schema":{"@context":"https:\/\/schema.org","@graph":[{"@type":"Article","@id":"https:\/\/www.uartes.edu.ec\/sitio\/blog\/2025\/12\/11\/el-caces-entrego-a-la-uartes-el-certificado-de-cualificacion-academica-en-el-campo-de-las-artes\/#article","isPartOf":{"@id":"https:\/\/www.uartes.edu.ec\/sitio\/blog\/2025\/12\/11\/el-caces-entrego-a-la-uartes-el-certificado-de-cualificacion-academica-en-el-campo-de-las-artes\/"},"author":{"name":"ccortez","@id":"https:\/\/www.uartes.edu.ec\/sitio\/#\/schema\/person\/efa1b8275797664fd7f13a79ccc0b1f4"},"headline":"Universidad de las Artes recibi\u00f3 del CACES el Certificado de Cualificaci\u00f3n Acad\u00e9mica","datePublished":"2025-12-11T23:15:09+00:00","dateModified":"2025-12-11T23:19:59+00:00","mainEntityOfPage":{"@id":"https:\/\/www.uartes.edu.ec\/sitio\/blog\/2025\/12\/11\/el-caces-entrego-a-la-uartes-el-certificado-de-cualificacion-academica-en-el-campo-de-las-artes\/"},"wordCount":1881,"commentCount":0,"publisher":{"@id":"https:\/\/www.uartes.edu.ec\/sitio\/#organization"},"image":{"@id":"https:\/\/www.uartes.edu.ec\/sitio\/blog\/2025\/12\/11\/el-caces-entrego-a-la-uartes-el-certificado-de-cualificacion-academica-en-el-campo-de-las-artes\/#primaryimage"},"thumbnailUrl":"https:\/\/www.uartes.edu.ec\/sitio\/wp-content\/uploads\/2025\/12\/certificado11.jpg","keywords":["reconocimiento"],"articleSection":["Acad\u00e9mico","Administrativos","Alumni","Artes","Artes Esc\u00e9nicas","Artes Sonoras","Artes Visuales","Cine","Docentes","Estudiantes","Gesti\u00f3n","Investigaci\u00f3n","Literatura","Maestr\u00edas","Rectorado"],"inLanguage":"es","potentialAction":[{"@type":"CommentAction","name":"Comment","target":["https:\/\/www.uartes.edu.ec\/sitio\/blog\/2025\/12\/11\/el-caces-entrego-a-la-uartes-el-certificado-de-cualificacion-academica-en-el-campo-de-las-artes\/#respond"]}]},{"@type":["WebPage","ItemPage"],"@id":"https:\/\/www.uartes.edu.ec\/sitio\/blog\/2025\/12\/11\/el-caces-entrego-a-la-uartes-el-certificado-de-cualificacion-academica-en-el-campo-de-las-artes\/","url":"https:\/\/www.uartes.edu.ec\/sitio\/blog\/2025\/12\/11\/el-caces-entrego-a-la-uartes-el-certificado-de-cualificacion-academica-en-el-campo-de-las-artes\/","name":"Universidad de las Artes - Universidad de las Artes recibi\u00f3 del CACES el Certificado de Cualificaci\u00f3n Acad\u00e9mica","isPartOf":{"@id":"https:\/\/www.uartes.edu.ec\/sitio\/#website"},"primaryImageOfPage":{"@id":"https:\/\/www.uartes.edu.ec\/sitio\/blog\/2025\/12\/11\/el-caces-entrego-a-la-uartes-el-certificado-de-cualificacion-academica-en-el-campo-de-las-artes\/#primaryimage"},"image":{"@id":"https:\/\/www.uartes.edu.ec\/sitio\/blog\/2025\/12\/11\/el-caces-entrego-a-la-uartes-el-certificado-de-cualificacion-academica-en-el-campo-de-las-artes\/#primaryimage"},"thumbnailUrl":"https:\/\/www.uartes.edu.ec\/sitio\/wp-content\/uploads\/2025\/12\/certificado11.jpg","datePublished":"2025-12-11T23:15:09+00:00","dateModified":"2025-12-11T23:19:59+00:00","description":"Universidad de las Artes - Universidad de las Artes recibi\u00f3 del CACES el Certificado de Cualificaci\u00f3n Acad\u00e9mica","breadcrumb":{"@id":"https:\/\/www.uartes.edu.ec\/sitio\/blog\/2025\/12\/11\/el-caces-entrego-a-la-uartes-el-certificado-de-cualificacion-academica-en-el-campo-de-las-artes\/#breadcrumb"},"inLanguage":"es","potentialAction":[{"@type":"ReadAction","target":["https:\/\/www.uartes.edu.ec\/sitio\/blog\/2025\/12\/11\/el-caces-entrego-a-la-uartes-el-certificado-de-cualificacion-academica-en-el-campo-de-las-artes\/"]}]},{"@type":"ImageObject","inLanguage":"es","@id":"https:\/\/www.uartes.edu.ec\/sitio\/blog\/2025\/12\/11\/el-caces-entrego-a-la-uartes-el-certificado-de-cualificacion-academica-en-el-campo-de-las-artes\/#primaryimage","url":"https:\/\/www.uartes.edu.ec\/sitio\/wp-content\/uploads\/2025\/12\/certificado11.jpg","contentUrl":"https:\/\/www.uartes.edu.ec\/sitio\/wp-content\/uploads\/2025\/12\/certificado11.jpg","width":2000,"height":1333},{"@type":"BreadcrumbList","@id":"https:\/\/www.uartes.edu.ec\/sitio\/blog\/2025\/12\/11\/el-caces-entrego-a-la-uartes-el-certificado-de-cualificacion-academica-en-el-campo-de-las-artes\/#breadcrumb","itemListElement":[{"@type":"ListItem","position":1,"name":"Inicio","item":"https:\/\/www.uartes.edu.ec\/sitio\/"},{"@type":"ListItem","position":2,"name":"Universidad de las Artes recibi\u00f3 del CACES el Certificado de Cualificaci\u00f3n Acad\u00e9mica"}]},{"@type":"WebSite","@id":"https:\/\/www.uartes.edu.ec\/sitio\/#website","url":"https:\/\/www.uartes.edu.ec\/sitio\/","name":"Universidad de las Artes","description":"Sitio oficial de la Universidad Nacional de las Artes del Ecuador","publisher":{"@id":"https:\/\/www.uartes.edu.ec\/sitio\/#organization"},"potentialAction":[{"@type":"SearchAction","target":{"@type":"EntryPoint","urlTemplate":"https:\/\/www.uartes.edu.ec\/sitio\/?s={search_term_string}"},"query-input":{"@type":"PropertyValueSpecification","valueRequired":true,"valueName":"search_term_string"}}],"inLanguage":"es"},{"@type":"Organization","@id":"https:\/\/www.uartes.edu.ec\/sitio\/#organization","name":"Universidad de las Artes","url":"https:\/\/www.uartes.edu.ec\/sitio\/","logo":{"@type":"ImageObject","inLanguage":"es","@id":"https:\/\/www.uartes.edu.ec\/sitio\/#\/schema\/logo\/image\/","url":"https:\/\/www.uartes.edu.ec\/sitio\/wp-content\/uploads\/2022\/07\/logo-ua-horizontal.png","contentUrl":"https:\/\/www.uartes.edu.ec\/sitio\/wp-content\/uploads\/2022\/07\/logo-ua-horizontal.png","width":800,"height":276,"caption":"Universidad de las Artes"},"image":{"@id":"https:\/\/www.uartes.edu.ec\/sitio\/#\/schema\/logo\/image\/"},"sameAs":["https:\/\/www.facebook.com\/uartesec","https:\/\/x.com\/uartesec","https:\/\/www.tiktok.com\/@uartesec"]},{"@type":"Person","@id":"https:\/\/www.uartes.edu.ec\/sitio\/#\/schema\/person\/efa1b8275797664fd7f13a79ccc0b1f4","name":"ccortez","image":{"@type":"ImageObject","inLanguage":"es","@id":"https:\/\/secure.gravatar.com\/avatar\/b2a6f664a3ae8e074346ef91775736c5ec479e637ecced6842de9dc98b5da9cd?s=96&d=mm&r=g","url":"https:\/\/secure.gravatar.com\/avatar\/b2a6f664a3ae8e074346ef91775736c5ec479e637ecced6842de9dc98b5da9cd?s=96&d=mm&r=g","contentUrl":"https:\/\/secure.gravatar.com\/avatar\/b2a6f664a3ae8e074346ef91775736c5ec479e637ecced6842de9dc98b5da9cd?s=96&d=mm&r=g","caption":"ccortez"},"url":"https:\/\/www.uartes.edu.ec\/sitio\/blog\/author\/ccortez\/"}]}},"uagb_featured_image_src":{"full":["https:\/\/www.uartes.edu.ec\/sitio\/wp-content\/uploads\/2025\/12\/certificado11.jpg",2000,1333,false],"thumbnail":["https:\/\/www.uartes.edu.ec\/sitio\/wp-content\/uploads\/2025\/12\/certificado11-150x150.jpg",150,150,true],"medium":["https:\/\/www.uartes.edu.ec\/sitio\/wp-content\/uploads\/2025\/12\/certificado11-300x200.jpg",300,200,true],"medium_large":["https:\/\/www.uartes.edu.ec\/sitio\/wp-content\/uploads\/2025\/12\/certificado11-768x512.jpg",768,512,true],"large":["https:\/\/www.uartes.edu.ec\/sitio\/wp-content\/uploads\/2025\/12\/certificado11-644x429.jpg",644,429,true],"1536x1536":["https:\/\/www.uartes.edu.ec\/sitio\/wp-content\/uploads\/2025\/12\/certificado11-1536x1024.jpg",1536,1024,true],"2048x2048":["https:\/\/www.uartes.edu.ec\/sitio\/wp-content\/uploads\/2025\/12\/certificado11.jpg",2000,1333,false],"trp-custom-language-flag":["https:\/\/www.uartes.edu.ec\/sitio\/wp-content\/uploads\/2025\/12\/certificado11-18x12.jpg",18,12,true],"htmega_size_585x295":["https:\/\/www.uartes.edu.ec\/sitio\/wp-content\/uploads\/2025\/12\/certificado11-585x295.jpg",585,295,true],"htmega_size_1170x536":["https:\/\/www.uartes.edu.ec\/sitio\/wp-content\/uploads\/2025\/12\/certificado11-1170x536.jpg",1170,536,true],"htmega_size_396x360":["https:\/\/www.uartes.edu.ec\/sitio\/wp-content\/uploads\/2025\/12\/certificado11-396x360.jpg",396,360,true],"gb-block-post-grid-landscape":["https:\/\/www.uartes.edu.ec\/sitio\/wp-content\/uploads\/2025\/12\/certificado11-600x400.jpg",600,400,true],"gb-block-post-grid-square":["https:\/\/www.uartes.edu.ec\/sitio\/wp-content\/uploads\/2025\/12\/certificado11-600x600.jpg",600,600,true],"university-hub-thumb":["https:\/\/www.uartes.edu.ec\/sitio\/wp-content\/uploads\/2025\/12\/certificado11-400x267.jpg",400,267,true]},"uagb_author_info":{"display_name":"ccortez","author_link":"https:\/\/www.uartes.edu.ec\/sitio\/blog\/author\/ccortez\/"},"uagb_comment_info":0,"uagb_excerpt":"\u201cMirar los resultados alcanzados por la Universidad de las Artes evidencia un trabajo sostenido y una comunidad comprometida con expandir los l\u00edmites del conocimiento art\u00edstico\u201d, dijo la presidenta del CACES, Dra. Ximena C\u00f3rdova, en el acto de entrega a la UArtes del Certificado de Cualificaci\u00f3n Acad\u00e9mica en el campo espec\u00edfico de artes, un hito para&hellip;","featured_image_src":"https:\/\/www.uartes.edu.ec\/sitio\/wp-content\/uploads\/2025\/12\/certificado11-600x400.jpg","featured_image_src_square":"https:\/\/www.uartes.edu.ec\/sitio\/wp-content\/uploads\/2025\/12\/certificado11-600x600.jpg","author_info":{"display_name":"ccortez","author_link":"https:\/\/www.uartes.edu.ec\/sitio\/blog\/author\/ccortez\/"},"publishpress_future_workflow_manual_trigger":{"enabledWorkflows":[]},"distributor_meta":false,"distributor_terms":false,"distributor_media":false,"distributor_original_site_name":"Universidad de las Artes","distributor_original_site_url":"https:\/\/www.uartes.edu.ec\/sitio","push-errors":false,"_links":{"self":[{"href":"https:\/\/www.uartes.edu.ec\/sitio\/wp-json\/wp\/v2\/posts\/83221","targetHints":{"allow":["GET"]}}],"collection":[{"href":"https:\/\/www.uartes.edu.ec\/sitio\/wp-json\/wp\/v2\/posts"}],"about":[{"href":"https:\/\/www.uartes.edu.ec\/sitio\/wp-json\/wp\/v2\/types\/post"}],"author":[{"embeddable":true,"href":"https:\/\/www.uartes.edu.ec\/sitio\/wp-json\/wp\/v2\/users\/10"}],"replies":[{"embeddable":true,"href":"https:\/\/www.uartes.edu.ec\/sitio\/wp-json\/wp\/v2\/comments?post=83221"}],"version-history":[{"count":5,"href":"https:\/\/www.uartes.edu.ec\/sitio\/wp-json\/wp\/v2\/posts\/83221\/revisions"}],"predecessor-version":[{"id":83243,"href":"https:\/\/www.uartes.edu.ec\/sitio\/wp-json\/wp\/v2\/posts\/83221\/revisions\/83243"}],"wp:featuredmedia":[{"embeddable":true,"href":"https:\/\/www.uartes.edu.ec\/sitio\/wp-json\/wp\/v2\/media\/83222"}],"wp:attachment":[{"href":"https:\/\/www.uartes.edu.ec\/sitio\/wp-json\/wp\/v2\/media?parent=83221"}],"wp:term":[{"taxonomy":"category","embeddable":true,"href":"https:\/\/www.uartes.edu.ec\/sitio\/wp-json\/wp\/v2\/categories?post=83221"},{"taxonomy":"post_tag","embeddable":true,"href":"https:\/\/www.uartes.edu.ec\/sitio\/wp-json\/wp\/v2\/tags?post=83221"},{"taxonomy":"infouartes","embeddable":true,"href":"https:\/\/www.uartes.edu.ec\/sitio\/wp-json\/wp\/v2\/infouartes?post=83221"}],"curies":[{"name":"wp","href":"https:\/\/api.w.org\/{rel}","templated":true}]}}