{"id":83259,"date":"2025-12-11T18:57:24","date_gmt":"2025-12-11T23:57:24","guid":{"rendered":"https:\/\/www.uartes.edu.ec\/sitio\/?p=83259"},"modified":"2025-12-22T09:33:38","modified_gmt":"2025-12-22T14:33:38","slug":"espejos-de-vida-express-y-acuarela-talleres-del-proyecto-escuela-de-las-artes-mostraron-sus-resultados","status":"publish","type":"post","link":"https:\/\/www.uartes.edu.ec\/sitio\/blog\/2025\/12\/11\/espejos-de-vida-express-y-acuarela-talleres-del-proyecto-escuela-de-las-artes-mostraron-sus-resultados\/","title":{"rendered":"\u201cEspejos de vida express\u201d y \u201cAcuarela\u201d, talleres del proyecto de v\u00ednculo Escuela de las Artes, mostraron sus resultados"},"content":{"rendered":"\n<p>El cierre de los talleres \u201cEspejos de vida express\u201d y de \u201cAcuarela\u201d, desarrollados en el Museo Nahim Isa\u00edas, se convirti\u00f3 en un encuentro de emociones tanto para sus facilitadores y participantes como para los familiares que acudieron a ver los productos que resultaron de un aprendizaje que, seg\u00fan se indic\u00f3, fue de doble v\u00eda por el compartir de saberes.<\/p>\n\n\n\n<p>El acto de clausura de los dos talleres en menci\u00f3n se desarroll\u00f3 en el mismo lugar donde fueron dictados, el pasado 27 de noviembre, con una muestra de audiovisuales que result\u00f3 de la propuesta concretada por el cineasta C\u00e9sar Galarza, graduado en la UArtes.<\/p>\n\n\n\n<p>Asimismo, el taller de acuarela present\u00f3 en una exposici\u00f3n los trabajos realizados por sus participantes, quienes guiados por la alumnus Vanessa Aray aprendieron t\u00e9cnicas b\u00e1sicas y avanzadas. La graduada en Artes Visuales cont\u00f3 que fue un recorrido en el que se ense\u00f1\u00f3 desde la preparaci\u00f3n de materiales hasta la aplicaci\u00f3n de la acuarela (mojado sobre mojado, mojado sobre seco y degradado), los cuales derivaron en creaciones pict\u00f3ricas varias.<\/p>\n\n\n\n<h3 class=\"wp-block-heading\">Dos fases de \u201cEspejos de vida\u201d<\/h3>\n\n\n\n<p>Vale anotar que, \u201cEspejos de vida\u201d tuvo dos fases. La primera, de nueve sesiones y dirigida a adultos y adultos mayores. La segunda, denominada \u201cEspejos de vida express\u201d, cuatro sesiones e impartida a ni\u00f1os, adolescentes y adultos. Hubo un tercer taller tambi\u00e9n a cargo de C\u00e9sar Galarza: \u201c\u00c9crans de Cin\u00e9ma\u201d, el cual comparti\u00f3 en ocho sesiones con adolescentes, j\u00f3venes y adultos. De los talleres mencionados, el primero y el tercero tuvieron su cierre un d\u00eda antes, es decir, el mi\u00e9rcoles 28 de noviembre.<\/p>\n\n\n\n<p>&#8220;Los objetivos de aprendizajes de los talleres\u00a0&#8220;Espejos de Vida&#8221;\u00a0(en sus versiones original y express) y\u00a0&#8220;\u00c9crans de Cin\u00e9ma&#8221;\u00a0requirieron el concurso de los formadores Michael Bravo, de Creaci\u00f3n Teatral, y Vanessa Aray, de Artes Visuales, respectivamente, ya que estas propuestas articularon contenidos de cine, en cada caso, con expresi\u00f3n corporal e ilustraci\u00f3n. De tal manera que se trat\u00f3 de formaciones transdisciplinarias que, sin la valiosa colaboraci\u00f3n de los antedichos profesionales, no hubiesen podido concretarse&#8221;, precis\u00f3.<\/p>\n\n\n<div class=\"wp-block-image\">\n<figure class=\"aligncenter size-large\"><img fetchpriority=\"high\" decoding=\"async\" width=\"644\" height=\"429\" src=\"https:\/\/www.uartes.edu.ec\/sitio\/wp-content\/uploads\/2025\/12\/Proyecto-Cambiar-tamano-de-imagen-2025-12-11T172531.993-644x429.jpeg\" alt=\"\" class=\"wp-image-83260\" srcset=\"https:\/\/www.uartes.edu.ec\/sitio\/wp-content\/uploads\/2025\/12\/Proyecto-Cambiar-tamano-de-imagen-2025-12-11T172531.993-644x429.jpeg 644w, https:\/\/www.uartes.edu.ec\/sitio\/wp-content\/uploads\/2025\/12\/Proyecto-Cambiar-tamano-de-imagen-2025-12-11T172531.993-300x200.jpeg 300w, https:\/\/www.uartes.edu.ec\/sitio\/wp-content\/uploads\/2025\/12\/Proyecto-Cambiar-tamano-de-imagen-2025-12-11T172531.993-768x512.jpeg 768w, https:\/\/www.uartes.edu.ec\/sitio\/wp-content\/uploads\/2025\/12\/Proyecto-Cambiar-tamano-de-imagen-2025-12-11T172531.993-1536x1024.jpeg 1536w, https:\/\/www.uartes.edu.ec\/sitio\/wp-content\/uploads\/2025\/12\/Proyecto-Cambiar-tamano-de-imagen-2025-12-11T172531.993-18x12.jpeg 18w, https:\/\/www.uartes.edu.ec\/sitio\/wp-content\/uploads\/2025\/12\/Proyecto-Cambiar-tamano-de-imagen-2025-12-11T172531.993-600x400.jpeg 600w, https:\/\/www.uartes.edu.ec\/sitio\/wp-content\/uploads\/2025\/12\/Proyecto-Cambiar-tamano-de-imagen-2025-12-11T172531.993-400x267.jpeg 400w, https:\/\/www.uartes.edu.ec\/sitio\/wp-content\/uploads\/2025\/12\/Proyecto-Cambiar-tamano-de-imagen-2025-12-11T172531.993.jpeg 2000w\" sizes=\"(max-width: 644px) 100vw, 644px\" \/><\/figure>\n<\/div>\n\n<div class=\"wp-block-image\">\n<figure class=\"aligncenter size-large is-resized\"><img decoding=\"async\" width=\"644\" height=\"429\" src=\"https:\/\/www.uartes.edu.ec\/sitio\/wp-content\/uploads\/2025\/12\/Proyecto-Cambiar-tamano-de-imagen-2025-12-11T170223.852-644x429.jpeg\" alt=\"\" class=\"wp-image-83263\" style=\"width:480px;height:auto\" srcset=\"https:\/\/www.uartes.edu.ec\/sitio\/wp-content\/uploads\/2025\/12\/Proyecto-Cambiar-tamano-de-imagen-2025-12-11T170223.852-644x429.jpeg 644w, https:\/\/www.uartes.edu.ec\/sitio\/wp-content\/uploads\/2025\/12\/Proyecto-Cambiar-tamano-de-imagen-2025-12-11T170223.852-300x200.jpeg 300w, https:\/\/www.uartes.edu.ec\/sitio\/wp-content\/uploads\/2025\/12\/Proyecto-Cambiar-tamano-de-imagen-2025-12-11T170223.852-768x512.jpeg 768w, https:\/\/www.uartes.edu.ec\/sitio\/wp-content\/uploads\/2025\/12\/Proyecto-Cambiar-tamano-de-imagen-2025-12-11T170223.852-1536x1024.jpeg 1536w, https:\/\/www.uartes.edu.ec\/sitio\/wp-content\/uploads\/2025\/12\/Proyecto-Cambiar-tamano-de-imagen-2025-12-11T170223.852-18x12.jpeg 18w, https:\/\/www.uartes.edu.ec\/sitio\/wp-content\/uploads\/2025\/12\/Proyecto-Cambiar-tamano-de-imagen-2025-12-11T170223.852-600x400.jpeg 600w, https:\/\/www.uartes.edu.ec\/sitio\/wp-content\/uploads\/2025\/12\/Proyecto-Cambiar-tamano-de-imagen-2025-12-11T170223.852-400x267.jpeg 400w, https:\/\/www.uartes.edu.ec\/sitio\/wp-content\/uploads\/2025\/12\/Proyecto-Cambiar-tamano-de-imagen-2025-12-11T170223.852.jpeg 2000w\" sizes=\"(max-width: 644px) 100vw, 644px\" \/><\/figure>\n<\/div>\n\n\n<p>Con respecto a \u201cEspejos de vida express\u201d, Galarza coment\u00f3 que solo hab\u00eda concebido un taller para que las personas adultas mayores pudieran redescubrir su voz, liberar emociones y activar su creatividad a trav\u00e9s del arte de la actuaci\u00f3n para cine, pero luego el proyecto Escuela de las Artes le pidi\u00f3 hacer una versi\u00f3n para un p\u00fablico m\u00e1s adolescente, a partir de un trabajo coordinado con la Prefectura del Guayas y la Fundaci\u00f3n FUSE.<\/p>\n\n\n\n<p>Se hizo la convocatoria y si bien llegaron muchas personas, el n\u00famero fue bajando hasta quedarse con cinco, \u201cque es el grupo con el que pudimos trabajar los mon\u00f3logos y cortometrajes que hemos presentado en este cierre\u201d, indic\u00f3. En el proceso, la participaci\u00f3n de estudiantes UArtes en pr\u00e1cticas preprofesionales permiti\u00f3 una din\u00e1mica de uno a uno.<\/p>\n\n\n\n<p>En los dos talleres propici\u00f3 la creaci\u00f3n de productos audiovisuales. Y es que, en su concepci\u00f3n, \u201cEspejo de vida\u201d plante\u00f3 transformar la experiencia frente a la c\u00e1mara en una herramienta de bienestar, memoria y alegr\u00eda compartida, donde la sabidur\u00eda y vivencias acumuladas se resignifican en un ejercicio de empoderamiento creativo.<\/p>\n\n\n\n<p>\u201cPartimos del ejercicio de escribir una historia personal y de ello se elabor\u00f3 un mon\u00f3logo y cre\u00f3 un personaje. Junto con los practicantes se tomaron esos textos, pulieron, revisaron y escribieron guiones para cortometrajes, coordinados con los estudiantes en PPP de Cine y Creaci\u00f3n Teatral\u201d, dijo, se\u00f1alando tambi\u00e9n que ellos pusieron sus equipos \u2013la mayor\u00eda\u2013. \u201cYo hice fotograf\u00eda en algunos y edit\u00e9 dos o tres, as\u00ed como la torta de cortometrajes. Igual para el cierre de la versi\u00f3n express del taller arm\u00e9 los mon\u00f3logos y cortos\u201d.<\/p>\n\n\n<div class=\"wp-block-image\">\n<figure class=\"aligncenter size-large\"><img decoding=\"async\" width=\"644\" height=\"429\" src=\"https:\/\/www.uartes.edu.ec\/sitio\/wp-content\/uploads\/2025\/12\/Proyecto-Cambiar-tamano-de-imagen-2025-12-11T175740.355-644x429.jpeg\" alt=\"\" class=\"wp-image-83262\" srcset=\"https:\/\/www.uartes.edu.ec\/sitio\/wp-content\/uploads\/2025\/12\/Proyecto-Cambiar-tamano-de-imagen-2025-12-11T175740.355-644x429.jpeg 644w, https:\/\/www.uartes.edu.ec\/sitio\/wp-content\/uploads\/2025\/12\/Proyecto-Cambiar-tamano-de-imagen-2025-12-11T175740.355-300x200.jpeg 300w, https:\/\/www.uartes.edu.ec\/sitio\/wp-content\/uploads\/2025\/12\/Proyecto-Cambiar-tamano-de-imagen-2025-12-11T175740.355-768x512.jpeg 768w, https:\/\/www.uartes.edu.ec\/sitio\/wp-content\/uploads\/2025\/12\/Proyecto-Cambiar-tamano-de-imagen-2025-12-11T175740.355-1536x1024.jpeg 1536w, https:\/\/www.uartes.edu.ec\/sitio\/wp-content\/uploads\/2025\/12\/Proyecto-Cambiar-tamano-de-imagen-2025-12-11T175740.355-18x12.jpeg 18w, https:\/\/www.uartes.edu.ec\/sitio\/wp-content\/uploads\/2025\/12\/Proyecto-Cambiar-tamano-de-imagen-2025-12-11T175740.355-600x400.jpeg 600w, https:\/\/www.uartes.edu.ec\/sitio\/wp-content\/uploads\/2025\/12\/Proyecto-Cambiar-tamano-de-imagen-2025-12-11T175740.355-400x267.jpeg 400w, https:\/\/www.uartes.edu.ec\/sitio\/wp-content\/uploads\/2025\/12\/Proyecto-Cambiar-tamano-de-imagen-2025-12-11T175740.355.jpeg 2000w\" sizes=\"(max-width: 644px) 100vw, 644px\" \/><\/figure>\n<\/div>\n\n<div class=\"wp-block-image\">\n<figure class=\"aligncenter size-large is-resized\"><img loading=\"lazy\" decoding=\"async\" width=\"644\" height=\"429\" src=\"https:\/\/www.uartes.edu.ec\/sitio\/wp-content\/uploads\/2025\/12\/Proyecto-Cambiar-tamano-de-imagen-2025-12-11T183622.601-644x429.jpeg\" alt=\"\" class=\"wp-image-83265\" style=\"width:485px;height:auto\" srcset=\"https:\/\/www.uartes.edu.ec\/sitio\/wp-content\/uploads\/2025\/12\/Proyecto-Cambiar-tamano-de-imagen-2025-12-11T183622.601-644x429.jpeg 644w, https:\/\/www.uartes.edu.ec\/sitio\/wp-content\/uploads\/2025\/12\/Proyecto-Cambiar-tamano-de-imagen-2025-12-11T183622.601-300x200.jpeg 300w, https:\/\/www.uartes.edu.ec\/sitio\/wp-content\/uploads\/2025\/12\/Proyecto-Cambiar-tamano-de-imagen-2025-12-11T183622.601-768x512.jpeg 768w, https:\/\/www.uartes.edu.ec\/sitio\/wp-content\/uploads\/2025\/12\/Proyecto-Cambiar-tamano-de-imagen-2025-12-11T183622.601-1536x1024.jpeg 1536w, https:\/\/www.uartes.edu.ec\/sitio\/wp-content\/uploads\/2025\/12\/Proyecto-Cambiar-tamano-de-imagen-2025-12-11T183622.601-18x12.jpeg 18w, https:\/\/www.uartes.edu.ec\/sitio\/wp-content\/uploads\/2025\/12\/Proyecto-Cambiar-tamano-de-imagen-2025-12-11T183622.601-600x400.jpeg 600w, https:\/\/www.uartes.edu.ec\/sitio\/wp-content\/uploads\/2025\/12\/Proyecto-Cambiar-tamano-de-imagen-2025-12-11T183622.601-400x267.jpeg 400w, https:\/\/www.uartes.edu.ec\/sitio\/wp-content\/uploads\/2025\/12\/Proyecto-Cambiar-tamano-de-imagen-2025-12-11T183622.601.jpeg 2000w\" sizes=\"(max-width: 644px) 100vw, 644px\" \/><\/figure>\n<\/div>\n\n\n<p>A los talleres, la mayor\u00eda de sus participantes llegaron con cero conocimientos del proceso, ajenos totalmente de la producci\u00f3n, aunque tambi\u00e9n hubo quienes llegaron con cierta experiencia, lo cual enriqueci\u00f3 mucho al taller porque aportaron generosamente.<\/p>\n\n\n\n<p>\u201cNos dijeron que el taller les pareci\u00f3 muy corto y quieren regresar. Los practicantes tambi\u00e9n quedaron complacidos. Para m\u00ed es el mejor indicador\u201d, expres\u00f3 C\u00e9sar Galarza, quien destac\u00f3 la preparaci\u00f3n acad\u00e9mica de la UArtes. \u201cNos especializamos en la formaci\u00f3n de artistas y profesionales del arte en potencia, y eso se reflej\u00f3 en el trabajo. Con los compa\u00f1eros de Cine y Creaci\u00f3n Teatral, que colaboraron con sus equipos y luces, logramos rodar siete cortos en dos horas y media en las instalaciones del Museo Nahim Isa\u00edas, lo cual es un r\u00e9cord\u201d.<\/p>\n\n\n\n<p>Galarza conf\u00eda en poder seguir trabajando con el Museo Nahim Isa\u00edas con otras propuestas, \u201ccomo los talleres de dispositivos precinematogr\u00e1ficos, el cine antes del cine, dirigido a ni\u00f1os. Tambi\u00e9n en un taller de libro-\u00e1lbum cinematogr\u00e1fico para contar historias; es decir, vamos a hacer labor de encuadernaci\u00f3n e ilustraci\u00f3n para adolescentes. Nos gustar\u00eda tambi\u00e9n tener un ciclo de cineforo para ni\u00f1os y ni\u00f1as, ahora que se vienen las vacaciones. Y ver si hacemos una nueva versi\u00f3n de \u2018Espejos de vida\u2019 porque nos lo han pedido\u201d.<\/p>\n\n\n\n<p>Que propuso \u201cEspejos de vida\u201d por la metodolog\u00eda, dijo, la cual es llevar un proceso de formaci\u00f3n actoral. \u201cAlgo complejo porque son algunas teor\u00edas, ideas y tesis. La noci\u00f3n que manej\u00e9 fue construir un personaje desde el yo. Entender que cuando vemos nuestro reflejo en un espejo, se parece a nosotros, pero no somos nosotros, aunque tiene mucho de nosotros\u201d.<\/p>\n\n\n<div class=\"wp-block-image\">\n<figure class=\"aligncenter size-large\"><img loading=\"lazy\" decoding=\"async\" width=\"644\" height=\"429\" src=\"https:\/\/www.uartes.edu.ec\/sitio\/wp-content\/uploads\/2025\/12\/Proyecto-Cambiar-tamano-de-imagen-2025-12-08T191832.609-644x429.jpeg\" alt=\"\" class=\"wp-image-83266\" srcset=\"https:\/\/www.uartes.edu.ec\/sitio\/wp-content\/uploads\/2025\/12\/Proyecto-Cambiar-tamano-de-imagen-2025-12-08T191832.609-644x429.jpeg 644w, https:\/\/www.uartes.edu.ec\/sitio\/wp-content\/uploads\/2025\/12\/Proyecto-Cambiar-tamano-de-imagen-2025-12-08T191832.609-300x200.jpeg 300w, https:\/\/www.uartes.edu.ec\/sitio\/wp-content\/uploads\/2025\/12\/Proyecto-Cambiar-tamano-de-imagen-2025-12-08T191832.609-768x512.jpeg 768w, https:\/\/www.uartes.edu.ec\/sitio\/wp-content\/uploads\/2025\/12\/Proyecto-Cambiar-tamano-de-imagen-2025-12-08T191832.609-1536x1024.jpeg 1536w, https:\/\/www.uartes.edu.ec\/sitio\/wp-content\/uploads\/2025\/12\/Proyecto-Cambiar-tamano-de-imagen-2025-12-08T191832.609-18x12.jpeg 18w, https:\/\/www.uartes.edu.ec\/sitio\/wp-content\/uploads\/2025\/12\/Proyecto-Cambiar-tamano-de-imagen-2025-12-08T191832.609-600x400.jpeg 600w, https:\/\/www.uartes.edu.ec\/sitio\/wp-content\/uploads\/2025\/12\/Proyecto-Cambiar-tamano-de-imagen-2025-12-08T191832.609-400x267.jpeg 400w, https:\/\/www.uartes.edu.ec\/sitio\/wp-content\/uploads\/2025\/12\/Proyecto-Cambiar-tamano-de-imagen-2025-12-08T191832.609.jpeg 2000w\" sizes=\"(max-width: 644px) 100vw, 644px\" \/><\/figure>\n<\/div>\n\n\n<h3 class=\"wp-block-heading\">Acuarela, una t\u00e9cnica complicada<\/h3>\n\n\n\n<p>Vanessa Aray, quien dict\u00f3 el taller de acuarela estudi\u00f3 Artes Visuales en la Universidad de las Artes y hace seis a\u00f1os obtuvo su licenciatura. Recuerda que cuando inici\u00f3 sus estudios en el ITAE (Instituto Superior Tecnol\u00f3gico de Artes del Ecuador) particip\u00f3 en proyectos de vinculaci\u00f3n con la comunidad y que durante su vida universitaria hizo muchas pasant\u00edas, pero en el \u00e1mbito profesional se estren\u00f3 en la Escuela de las Artes.<\/p>\n\n\n\n<p>El taller que dict\u00f3 fue una propuesta de Formaci\u00f3n Continua, \u201cun proyecto muy bonito del que agradezco la oportunidad de ser su tallerista. Me siento contenta con los resultados. Son personas que no ten\u00edan conocimiento ni de la t\u00e9cnica ni dominio del pigmento; en cada clase se pudo ver realmente una evoluci\u00f3n, se pudo ver una constancia por parte de ellos\u201d.<\/p>\n\n\n\n<p>Anot\u00f3 que las clases fueron muy bien recibidas y que sus participantes quedaron contentos con el resultado y ella, como instructora, se siente m\u00e1s que satisfecha con eso. Acerca de las facilidades y dificultades del proceso, Vanessa Aray anot\u00f3 que pict\u00f3ricamente la acuarela es una t\u00e9cnica complicada, pues no hay control sobre el agua, la cual es impredecible. \u201cTener el dominio para llegar al nivel pict\u00f3rico se necesita de mucha paciencia, determinaci\u00f3n y, sobre todo, ganas y eso fue lo que demostraron quienes participaron del taller\u201d.<\/p>\n\n\n\t\t\t\t\t<div\n\t\t\t\t\t\tclass=\"wp-block-uagb-image-gallery uagb-block-09724b7e     \"\n\t\t\t\t\t\tstyle=\"\"\n\t\t\t\t\t>\n\t\t\t\t\t\t\t\t\t\t\t<div class=\"spectra-image-gallery spectra-image-gallery__layout--masonry spectra-image-gallery__layout--masonry-col-2 spectra-image-gallery__layout--masonry-col-tab-3 spectra-image-gallery__layout--masonry-col-mob-2\">\n\t\t\t\t\t\t\t\t\t\t\t<div class='spectra-image-gallery__media-wrapper--isotope'>\n\t\t\t\t\t\t\t<div class='spectra-image-gallery__media-wrapper' data-spectra-gallery-image-id='83267' tabindex=\"0\">\n\t\t\t\t\t\t\t<div class=\"spectra-image-gallery__media spectra-image-gallery__media--masonry\">\n\t\t\t\t<picture>\n\t\t\t\t\t<source media=\"(min-width: 1024px)\" srcset=\"https:\/\/www.uartes.edu.ec\/sitio\/wp-content\/uploads\/2025\/12\/Proyecto-Cambiar-tamano-de-imagen-2025-12-08T185828.666-644x429.jpeg\">\n\t\t\t\t\t<source media=\"(min-width: 768px)\" srcset=\"https:\/\/www.uartes.edu.ec\/sitio\/wp-content\/uploads\/2025\/12\/Proyecto-Cambiar-tamano-de-imagen-2025-12-08T185828.666-644x429.jpeg\">\n\t\t\t\t\t<img decoding=\"async\" class=\"spectra-image-gallery__media-thumbnail spectra-image-gallery__media-thumbnail--masonry\" src=\"https:\/\/www.uartes.edu.ec\/sitio\/wp-content\/uploads\/2025\/12\/Proyecto-Cambiar-tamano-de-imagen-2025-12-08T185828.666-300x200.jpeg\" alt=\"\" loading=\"lazy\" \/>\n\t\t\t\t<\/picture>\n\t\t\t\t<div class=\"spectra-image-gallery__media-thumbnail-blurrer\"><\/div>\n\t\t\t\t\t\t\t\t\t\t\t<div class=\"spectra-image-gallery__media-thumbnail-caption-wrapper spectra-image-gallery__media-thumbnail-caption-wrapper--overlay\">\n\t\t\t\t\t\t\t\t\t\t\t<div class=\"spectra-image-gallery__media-thumbnail-caption spectra-image-gallery__media-thumbnail-caption--overlay\">\n\t\t\t\t\tSin leyenda\t\t\t\t<\/div>\n\t\t\t\t\t\t\t\t\t\t<\/div>\n\t\t\t\t\t\t\t\t\t<\/div>\n\t\t\t\t\t\t<\/div>\n\t\t\t\t\t\t<\/div>\n\t\t\t\t\t\t<div class='spectra-image-gallery__media-wrapper--isotope'>\n\t\t\t\t\t\t\t<div class='spectra-image-gallery__media-wrapper' data-spectra-gallery-image-id='83268' tabindex=\"0\">\n\t\t\t\t\t\t\t<div class=\"spectra-image-gallery__media spectra-image-gallery__media--masonry\">\n\t\t\t\t<picture>\n\t\t\t\t\t<source media=\"(min-width: 1024px)\" srcset=\"https:\/\/www.uartes.edu.ec\/sitio\/wp-content\/uploads\/2025\/12\/Proyecto-Cambiar-tamano-de-imagen-2025-12-08T185257.696-644x429.jpeg\">\n\t\t\t\t\t<source media=\"(min-width: 768px)\" srcset=\"https:\/\/www.uartes.edu.ec\/sitio\/wp-content\/uploads\/2025\/12\/Proyecto-Cambiar-tamano-de-imagen-2025-12-08T185257.696-644x429.jpeg\">\n\t\t\t\t\t<img decoding=\"async\" class=\"spectra-image-gallery__media-thumbnail spectra-image-gallery__media-thumbnail--masonry\" src=\"https:\/\/www.uartes.edu.ec\/sitio\/wp-content\/uploads\/2025\/12\/Proyecto-Cambiar-tamano-de-imagen-2025-12-08T185257.696-300x200.jpeg\" alt=\"\" loading=\"lazy\" \/>\n\t\t\t\t<\/picture>\n\t\t\t\t<div class=\"spectra-image-gallery__media-thumbnail-blurrer\"><\/div>\n\t\t\t\t\t\t\t\t\t\t\t<div class=\"spectra-image-gallery__media-thumbnail-caption-wrapper spectra-image-gallery__media-thumbnail-caption-wrapper--overlay\">\n\t\t\t\t\t\t\t\t\t\t\t<div class=\"spectra-image-gallery__media-thumbnail-caption spectra-image-gallery__media-thumbnail-caption--overlay\">\n\t\t\t\t\tSin leyenda\t\t\t\t<\/div>\n\t\t\t\t\t\t\t\t\t\t<\/div>\n\t\t\t\t\t\t\t\t\t<\/div>\n\t\t\t\t\t\t<\/div>\n\t\t\t\t\t\t<\/div>\n\t\t\t\t\t\t\t\t\t\t<\/div>\n\t\t\t\t\t\t\t\t\t\t\t\t\t\t\t\t\t\t<\/div>\n\t\t\t\t\t\t\t\t\t\n\n<div class=\"wp-block-image\">\n<figure class=\"aligncenter size-large\"><img loading=\"lazy\" decoding=\"async\" width=\"644\" height=\"429\" src=\"https:\/\/www.uartes.edu.ec\/sitio\/wp-content\/uploads\/2025\/12\/Proyecto-Cambiar-tamano-de-imagen-2025-12-08T190419.658-644x429.jpeg\" alt=\"\" class=\"wp-image-83269\" srcset=\"https:\/\/www.uartes.edu.ec\/sitio\/wp-content\/uploads\/2025\/12\/Proyecto-Cambiar-tamano-de-imagen-2025-12-08T190419.658-644x429.jpeg 644w, https:\/\/www.uartes.edu.ec\/sitio\/wp-content\/uploads\/2025\/12\/Proyecto-Cambiar-tamano-de-imagen-2025-12-08T190419.658-300x200.jpeg 300w, https:\/\/www.uartes.edu.ec\/sitio\/wp-content\/uploads\/2025\/12\/Proyecto-Cambiar-tamano-de-imagen-2025-12-08T190419.658-768x512.jpeg 768w, https:\/\/www.uartes.edu.ec\/sitio\/wp-content\/uploads\/2025\/12\/Proyecto-Cambiar-tamano-de-imagen-2025-12-08T190419.658-1536x1024.jpeg 1536w, https:\/\/www.uartes.edu.ec\/sitio\/wp-content\/uploads\/2025\/12\/Proyecto-Cambiar-tamano-de-imagen-2025-12-08T190419.658-18x12.jpeg 18w, https:\/\/www.uartes.edu.ec\/sitio\/wp-content\/uploads\/2025\/12\/Proyecto-Cambiar-tamano-de-imagen-2025-12-08T190419.658-600x400.jpeg 600w, https:\/\/www.uartes.edu.ec\/sitio\/wp-content\/uploads\/2025\/12\/Proyecto-Cambiar-tamano-de-imagen-2025-12-08T190419.658-400x267.jpeg 400w, https:\/\/www.uartes.edu.ec\/sitio\/wp-content\/uploads\/2025\/12\/Proyecto-Cambiar-tamano-de-imagen-2025-12-08T190419.658.jpeg 2000w\" sizes=\"(max-width: 644px) 100vw, 644px\" \/><\/figure>\n<\/div>\n\n\n<p>Los resultados fueron expuestos en el Museo Nahim Isa\u00edas de manera segmentada. Hubo planos de colores, que permitieron ver lo aprendido en torno al control y dominio del agua. En un espacio conjunto, texturas, que evidenci\u00f3 lo experimentado por los participantes sobre la respuesta de la acuarela a ciertos est\u00edmulos naturales, como trabajar con arroz, alcohol y esponja, creando efectos que hacen que la pintura tenga formas diversas. Las propuestas finales fueron en base a un tema personal; cada participante eligi\u00f3 contar un momento memorable de su vida de manera pict\u00f3rica, reflej\u00e1ndose en cuadros de peque\u00f1os formatos.<\/p>\n\n\n\n<p>A trav\u00e9s de las acuarelas contaron qui\u00e9nes fueron y son. Los relatos pict\u00f3ricos estuvieron acompa\u00f1ados por textos que escribieron y ubicaron como las c\u00e9dulas de obra que se colocan al pie o cerca. \u201cFuimos un grupo bastante unido y determinado, ten\u00edamos un bien com\u00fan que era el de trabajar, participar, ser puntuales; los participantes respondieron ciento por ciento y han quedado tan contentos que nos piden m\u00e1s talleres. Para m\u00ed es un logro enorme\u201d.<\/p>\n\n\n\n<p>Agreg\u00f3 que quienes asistieron al taller de acuarela fueron, en su mayor\u00eda, adultos mayores. \u201cEstaba dirigido a ellos, pero tambi\u00e9n asistieron j\u00f3venes y formamos un grupo de 20 personas. Lo que m\u00e1s agradecen es la paciencia que hemos tenido y c\u00f3mo no tenerla si todos han sido maravillosos y nos han tratado con much\u00edsimo respeto. Son personas que trabajaron y ahora, jubilados, est\u00e1n teniendo tiempo de calidad. Adem\u00e1s, son representantes de la Patria porque participaron militares en servicio pasivo. Ha sido gratificante haber sido parte de este proceso\u201d, refiri\u00f3 Vanessa Aray.<\/p>\n","protected":false},"excerpt":{"rendered":"<p>El cierre de los talleres \u201cEspejos de vida express\u201d y \u201cAcuarela\u201d, desarrollados en el Museo Nahim Isa\u00edas, se convirti\u00f3 en un encuentro de emociones tanto para sus facilitadores y participantes como para los familiares que acudieron a ver los productos que resultaron de un aprendizaje que, seg\u00fan se indic\u00f3, fue de doble v\u00eda por el compartir de saberes. Los impartieron los graduados UArtes C\u00e9sar Galarza y Vanessa Aray.<\/p>\n","protected":false},"author":10,"featured_media":83264,"comment_status":"open","ping_status":"open","sticky":false,"template":"","format":"standard","meta":{"_acf_changed":false,"_uag_custom_page_level_css":"","_monsterinsights_skip_tracking":false,"_monsterinsights_sitenote_active":false,"_monsterinsights_sitenote_note":"","_monsterinsights_sitenote_category":0,"cybocfi_hide_featured_image":"","footnotes":""},"categories":[490,77,79],"tags":[540],"infouartes":[],"class_list":["post-83259","post","type-post","status-publish","format-standard","has-post-thumbnail","hentry","category-alumni","category-gestion","category-vinculo","tag-proyecto"],"acf":[],"yoast_head":"<!-- This site is optimized with the Yoast SEO plugin v27.4 - https:\/\/yoast.com\/product\/yoast-seo-wordpress\/ -->\n<title>Universidad de las Artes - \u201cEspejos de vida express\u201d y \u201cAcuarela\u201d, talleres del proyecto de v\u00ednculo Escuela de las Artes, mostraron sus resultados<\/title>\n<meta name=\"description\" content=\"Universidad de las Artes - \u201cEspejos de vida express\u201d y \u201cAcuarela\u201d, talleres del proyecto de v\u00ednculo Escuela de las Artes, mostraron sus resultados\" \/>\n<meta name=\"robots\" content=\"index, follow, max-snippet:-1, max-image-preview:large, max-video-preview:-1\" \/>\n<link rel=\"canonical\" href=\"https:\/\/www.uartes.edu.ec\/sitio\/blog\/2025\/12\/11\/espejos-de-vida-express-y-acuarela-talleres-del-proyecto-escuela-de-las-artes-mostraron-sus-resultados\/\" \/>\n<meta property=\"og:locale\" content=\"es_ES\" \/>\n<meta property=\"og:type\" content=\"article\" \/>\n<meta property=\"og:title\" content=\"Universidad de las Artes - \u201cEspejos de vida express\u201d y \u201cAcuarela\u201d, talleres del proyecto de v\u00ednculo Escuela de las Artes, mostraron sus resultados\" \/>\n<meta property=\"og:description\" content=\"Universidad de las Artes - \u201cEspejos de vida express\u201d y \u201cAcuarela\u201d, talleres del proyecto de v\u00ednculo Escuela de las Artes, mostraron sus resultados\" \/>\n<meta property=\"og:url\" content=\"https:\/\/www.uartes.edu.ec\/sitio\/blog\/2025\/12\/11\/espejos-de-vida-express-y-acuarela-talleres-del-proyecto-escuela-de-las-artes-mostraron-sus-resultados\/\" \/>\n<meta property=\"og:site_name\" content=\"Universidad de las Artes\" \/>\n<meta property=\"article:publisher\" content=\"https:\/\/www.facebook.com\/uartesec\" \/>\n<meta property=\"article:published_time\" content=\"2025-12-11T23:57:24+00:00\" \/>\n<meta property=\"article:modified_time\" content=\"2025-12-22T14:33:38+00:00\" \/>\n<meta property=\"og:image\" content=\"https:\/\/www.uartes.edu.ec\/sitio\/wp-content\/uploads\/2025\/12\/Proyecto-Cambiar-tamano-de-imagen-2025-12-08T190054.319.jpeg\" \/>\n\t<meta property=\"og:image:width\" content=\"2000\" \/>\n\t<meta property=\"og:image:height\" content=\"1333\" \/>\n\t<meta property=\"og:image:type\" content=\"image\/jpeg\" \/>\n<meta name=\"author\" content=\"ccortez\" \/>\n<meta name=\"twitter:card\" content=\"summary_large_image\" \/>\n<meta name=\"twitter:creator\" content=\"@uartesec\" \/>\n<meta name=\"twitter:site\" content=\"@uartesec\" \/>\n<meta name=\"twitter:label1\" content=\"Escrito por\" \/>\n\t<meta name=\"twitter:data1\" content=\"ccortez\" \/>\n\t<meta name=\"twitter:label2\" content=\"Tiempo de lectura\" \/>\n\t<meta name=\"twitter:data2\" content=\"7 minutos\" \/>\n<script type=\"application\/ld+json\" class=\"yoast-schema-graph\">{\"@context\":\"https:\\\/\\\/schema.org\",\"@graph\":[{\"@type\":\"Article\",\"@id\":\"https:\\\/\\\/www.uartes.edu.ec\\\/sitio\\\/blog\\\/2025\\\/12\\\/11\\\/espejos-de-vida-express-y-acuarela-talleres-del-proyecto-escuela-de-las-artes-mostraron-sus-resultados\\\/#article\",\"isPartOf\":{\"@id\":\"https:\\\/\\\/www.uartes.edu.ec\\\/sitio\\\/blog\\\/2025\\\/12\\\/11\\\/espejos-de-vida-express-y-acuarela-talleres-del-proyecto-escuela-de-las-artes-mostraron-sus-resultados\\\/\"},\"author\":{\"name\":\"ccortez\",\"@id\":\"https:\\\/\\\/www.uartes.edu.ec\\\/sitio\\\/#\\\/schema\\\/person\\\/efa1b8275797664fd7f13a79ccc0b1f4\"},\"headline\":\"\u201cEspejos de vida express\u201d y \u201cAcuarela\u201d, talleres del proyecto de v\u00ednculo Escuela de las Artes, mostraron sus resultados\",\"datePublished\":\"2025-12-11T23:57:24+00:00\",\"dateModified\":\"2025-12-22T14:33:38+00:00\",\"mainEntityOfPage\":{\"@id\":\"https:\\\/\\\/www.uartes.edu.ec\\\/sitio\\\/blog\\\/2025\\\/12\\\/11\\\/espejos-de-vida-express-y-acuarela-talleres-del-proyecto-escuela-de-las-artes-mostraron-sus-resultados\\\/\"},\"wordCount\":1484,\"commentCount\":0,\"publisher\":{\"@id\":\"https:\\\/\\\/www.uartes.edu.ec\\\/sitio\\\/#organization\"},\"image\":{\"@id\":\"https:\\\/\\\/www.uartes.edu.ec\\\/sitio\\\/blog\\\/2025\\\/12\\\/11\\\/espejos-de-vida-express-y-acuarela-talleres-del-proyecto-escuela-de-las-artes-mostraron-sus-resultados\\\/#primaryimage\"},\"thumbnailUrl\":\"https:\\\/\\\/www.uartes.edu.ec\\\/sitio\\\/wp-content\\\/uploads\\\/2025\\\/12\\\/Proyecto-Cambiar-tamano-de-imagen-2025-12-08T190054.319.jpeg\",\"keywords\":[\"proyecto\"],\"articleSection\":[\"Alumni\",\"Gesti\u00f3n\",\"V\u00ednculo\"],\"inLanguage\":\"es\",\"potentialAction\":[{\"@type\":\"CommentAction\",\"name\":\"Comment\",\"target\":[\"https:\\\/\\\/www.uartes.edu.ec\\\/sitio\\\/blog\\\/2025\\\/12\\\/11\\\/espejos-de-vida-express-y-acuarela-talleres-del-proyecto-escuela-de-las-artes-mostraron-sus-resultados\\\/#respond\"]}]},{\"@type\":[\"WebPage\",\"ItemPage\"],\"@id\":\"https:\\\/\\\/www.uartes.edu.ec\\\/sitio\\\/blog\\\/2025\\\/12\\\/11\\\/espejos-de-vida-express-y-acuarela-talleres-del-proyecto-escuela-de-las-artes-mostraron-sus-resultados\\\/\",\"url\":\"https:\\\/\\\/www.uartes.edu.ec\\\/sitio\\\/blog\\\/2025\\\/12\\\/11\\\/espejos-de-vida-express-y-acuarela-talleres-del-proyecto-escuela-de-las-artes-mostraron-sus-resultados\\\/\",\"name\":\"Universidad de las Artes - \u201cEspejos de vida express\u201d y \u201cAcuarela\u201d, talleres del proyecto de v\u00ednculo Escuela de las Artes, mostraron sus resultados\",\"isPartOf\":{\"@id\":\"https:\\\/\\\/www.uartes.edu.ec\\\/sitio\\\/#website\"},\"primaryImageOfPage\":{\"@id\":\"https:\\\/\\\/www.uartes.edu.ec\\\/sitio\\\/blog\\\/2025\\\/12\\\/11\\\/espejos-de-vida-express-y-acuarela-talleres-del-proyecto-escuela-de-las-artes-mostraron-sus-resultados\\\/#primaryimage\"},\"image\":{\"@id\":\"https:\\\/\\\/www.uartes.edu.ec\\\/sitio\\\/blog\\\/2025\\\/12\\\/11\\\/espejos-de-vida-express-y-acuarela-talleres-del-proyecto-escuela-de-las-artes-mostraron-sus-resultados\\\/#primaryimage\"},\"thumbnailUrl\":\"https:\\\/\\\/www.uartes.edu.ec\\\/sitio\\\/wp-content\\\/uploads\\\/2025\\\/12\\\/Proyecto-Cambiar-tamano-de-imagen-2025-12-08T190054.319.jpeg\",\"datePublished\":\"2025-12-11T23:57:24+00:00\",\"dateModified\":\"2025-12-22T14:33:38+00:00\",\"description\":\"Universidad de las Artes - \u201cEspejos de vida express\u201d y \u201cAcuarela\u201d, talleres del proyecto de v\u00ednculo Escuela de las Artes, mostraron sus resultados\",\"breadcrumb\":{\"@id\":\"https:\\\/\\\/www.uartes.edu.ec\\\/sitio\\\/blog\\\/2025\\\/12\\\/11\\\/espejos-de-vida-express-y-acuarela-talleres-del-proyecto-escuela-de-las-artes-mostraron-sus-resultados\\\/#breadcrumb\"},\"inLanguage\":\"es\",\"potentialAction\":[{\"@type\":\"ReadAction\",\"target\":[\"https:\\\/\\\/www.uartes.edu.ec\\\/sitio\\\/blog\\\/2025\\\/12\\\/11\\\/espejos-de-vida-express-y-acuarela-talleres-del-proyecto-escuela-de-las-artes-mostraron-sus-resultados\\\/\"]}]},{\"@type\":\"ImageObject\",\"inLanguage\":\"es\",\"@id\":\"https:\\\/\\\/www.uartes.edu.ec\\\/sitio\\\/blog\\\/2025\\\/12\\\/11\\\/espejos-de-vida-express-y-acuarela-talleres-del-proyecto-escuela-de-las-artes-mostraron-sus-resultados\\\/#primaryimage\",\"url\":\"https:\\\/\\\/www.uartes.edu.ec\\\/sitio\\\/wp-content\\\/uploads\\\/2025\\\/12\\\/Proyecto-Cambiar-tamano-de-imagen-2025-12-08T190054.319.jpeg\",\"contentUrl\":\"https:\\\/\\\/www.uartes.edu.ec\\\/sitio\\\/wp-content\\\/uploads\\\/2025\\\/12\\\/Proyecto-Cambiar-tamano-de-imagen-2025-12-08T190054.319.jpeg\",\"width\":2000,\"height\":1333},{\"@type\":\"BreadcrumbList\",\"@id\":\"https:\\\/\\\/www.uartes.edu.ec\\\/sitio\\\/blog\\\/2025\\\/12\\\/11\\\/espejos-de-vida-express-y-acuarela-talleres-del-proyecto-escuela-de-las-artes-mostraron-sus-resultados\\\/#breadcrumb\",\"itemListElement\":[{\"@type\":\"ListItem\",\"position\":1,\"name\":\"Inicio\",\"item\":\"https:\\\/\\\/www.uartes.edu.ec\\\/sitio\\\/\"},{\"@type\":\"ListItem\",\"position\":2,\"name\":\"\u201cEspejos de vida express\u201d y \u201cAcuarela\u201d, talleres del proyecto de v\u00ednculo Escuela de las Artes, mostraron sus resultados\"}]},{\"@type\":\"WebSite\",\"@id\":\"https:\\\/\\\/www.uartes.edu.ec\\\/sitio\\\/#website\",\"url\":\"https:\\\/\\\/www.uartes.edu.ec\\\/sitio\\\/\",\"name\":\"Universidad de las Artes\",\"description\":\"Sitio oficial de la Universidad Nacional de las Artes del Ecuador\",\"publisher\":{\"@id\":\"https:\\\/\\\/www.uartes.edu.ec\\\/sitio\\\/#organization\"},\"potentialAction\":[{\"@type\":\"SearchAction\",\"target\":{\"@type\":\"EntryPoint\",\"urlTemplate\":\"https:\\\/\\\/www.uartes.edu.ec\\\/sitio\\\/?s={search_term_string}\"},\"query-input\":{\"@type\":\"PropertyValueSpecification\",\"valueRequired\":true,\"valueName\":\"search_term_string\"}}],\"inLanguage\":\"es\"},{\"@type\":\"Organization\",\"@id\":\"https:\\\/\\\/www.uartes.edu.ec\\\/sitio\\\/#organization\",\"name\":\"Universidad de las Artes\",\"url\":\"https:\\\/\\\/www.uartes.edu.ec\\\/sitio\\\/\",\"logo\":{\"@type\":\"ImageObject\",\"inLanguage\":\"es\",\"@id\":\"https:\\\/\\\/www.uartes.edu.ec\\\/sitio\\\/#\\\/schema\\\/logo\\\/image\\\/\",\"url\":\"https:\\\/\\\/www.uartes.edu.ec\\\/sitio\\\/wp-content\\\/uploads\\\/2022\\\/07\\\/logo-ua-horizontal.png\",\"contentUrl\":\"https:\\\/\\\/www.uartes.edu.ec\\\/sitio\\\/wp-content\\\/uploads\\\/2022\\\/07\\\/logo-ua-horizontal.png\",\"width\":800,\"height\":276,\"caption\":\"Universidad de las Artes\"},\"image\":{\"@id\":\"https:\\\/\\\/www.uartes.edu.ec\\\/sitio\\\/#\\\/schema\\\/logo\\\/image\\\/\"},\"sameAs\":[\"https:\\\/\\\/www.facebook.com\\\/uartesec\",\"https:\\\/\\\/x.com\\\/uartesec\",\"https:\\\/\\\/www.tiktok.com\\\/@uartesec\"]},{\"@type\":\"Person\",\"@id\":\"https:\\\/\\\/www.uartes.edu.ec\\\/sitio\\\/#\\\/schema\\\/person\\\/efa1b8275797664fd7f13a79ccc0b1f4\",\"name\":\"ccortez\",\"image\":{\"@type\":\"ImageObject\",\"inLanguage\":\"es\",\"@id\":\"https:\\\/\\\/secure.gravatar.com\\\/avatar\\\/b2a6f664a3ae8e074346ef91775736c5ec479e637ecced6842de9dc98b5da9cd?s=96&d=mm&r=g\",\"url\":\"https:\\\/\\\/secure.gravatar.com\\\/avatar\\\/b2a6f664a3ae8e074346ef91775736c5ec479e637ecced6842de9dc98b5da9cd?s=96&d=mm&r=g\",\"contentUrl\":\"https:\\\/\\\/secure.gravatar.com\\\/avatar\\\/b2a6f664a3ae8e074346ef91775736c5ec479e637ecced6842de9dc98b5da9cd?s=96&d=mm&r=g\",\"caption\":\"ccortez\"},\"url\":\"https:\\\/\\\/www.uartes.edu.ec\\\/sitio\\\/blog\\\/author\\\/ccortez\\\/\"}]}<\/script>\n<!-- \/ Yoast SEO plugin. -->","yoast_head_json":{"title":"Universidad de las Artes - \u201cEspejos de vida express\u201d y \u201cAcuarela\u201d, talleres del proyecto de v\u00ednculo Escuela de las Artes, mostraron sus resultados","description":"Universidad de las Artes - \u201cEspejos de vida express\u201d y \u201cAcuarela\u201d, talleres del proyecto de v\u00ednculo Escuela de las Artes, mostraron sus resultados","robots":{"index":"index","follow":"follow","max-snippet":"max-snippet:-1","max-image-preview":"max-image-preview:large","max-video-preview":"max-video-preview:-1"},"canonical":"https:\/\/www.uartes.edu.ec\/sitio\/blog\/2025\/12\/11\/espejos-de-vida-express-y-acuarela-talleres-del-proyecto-escuela-de-las-artes-mostraron-sus-resultados\/","og_locale":"es_ES","og_type":"article","og_title":"Universidad de las Artes - \u201cEspejos de vida express\u201d y \u201cAcuarela\u201d, talleres del proyecto de v\u00ednculo Escuela de las Artes, mostraron sus resultados","og_description":"Universidad de las Artes - \u201cEspejos de vida express\u201d y \u201cAcuarela\u201d, talleres del proyecto de v\u00ednculo Escuela de las Artes, mostraron sus resultados","og_url":"https:\/\/www.uartes.edu.ec\/sitio\/blog\/2025\/12\/11\/espejos-de-vida-express-y-acuarela-talleres-del-proyecto-escuela-de-las-artes-mostraron-sus-resultados\/","og_site_name":"Universidad de las Artes","article_publisher":"https:\/\/www.facebook.com\/uartesec","article_published_time":"2025-12-11T23:57:24+00:00","article_modified_time":"2025-12-22T14:33:38+00:00","og_image":[{"width":2000,"height":1333,"url":"https:\/\/www.uartes.edu.ec\/sitio\/wp-content\/uploads\/2025\/12\/Proyecto-Cambiar-tamano-de-imagen-2025-12-08T190054.319.jpeg","type":"image\/jpeg"}],"author":"ccortez","twitter_card":"summary_large_image","twitter_creator":"@uartesec","twitter_site":"@uartesec","twitter_misc":{"Escrito por":"ccortez","Tiempo de lectura":"7 minutos"},"schema":{"@context":"https:\/\/schema.org","@graph":[{"@type":"Article","@id":"https:\/\/www.uartes.edu.ec\/sitio\/blog\/2025\/12\/11\/espejos-de-vida-express-y-acuarela-talleres-del-proyecto-escuela-de-las-artes-mostraron-sus-resultados\/#article","isPartOf":{"@id":"https:\/\/www.uartes.edu.ec\/sitio\/blog\/2025\/12\/11\/espejos-de-vida-express-y-acuarela-talleres-del-proyecto-escuela-de-las-artes-mostraron-sus-resultados\/"},"author":{"name":"ccortez","@id":"https:\/\/www.uartes.edu.ec\/sitio\/#\/schema\/person\/efa1b8275797664fd7f13a79ccc0b1f4"},"headline":"\u201cEspejos de vida express\u201d y \u201cAcuarela\u201d, talleres del proyecto de v\u00ednculo Escuela de las Artes, mostraron sus resultados","datePublished":"2025-12-11T23:57:24+00:00","dateModified":"2025-12-22T14:33:38+00:00","mainEntityOfPage":{"@id":"https:\/\/www.uartes.edu.ec\/sitio\/blog\/2025\/12\/11\/espejos-de-vida-express-y-acuarela-talleres-del-proyecto-escuela-de-las-artes-mostraron-sus-resultados\/"},"wordCount":1484,"commentCount":0,"publisher":{"@id":"https:\/\/www.uartes.edu.ec\/sitio\/#organization"},"image":{"@id":"https:\/\/www.uartes.edu.ec\/sitio\/blog\/2025\/12\/11\/espejos-de-vida-express-y-acuarela-talleres-del-proyecto-escuela-de-las-artes-mostraron-sus-resultados\/#primaryimage"},"thumbnailUrl":"https:\/\/www.uartes.edu.ec\/sitio\/wp-content\/uploads\/2025\/12\/Proyecto-Cambiar-tamano-de-imagen-2025-12-08T190054.319.jpeg","keywords":["proyecto"],"articleSection":["Alumni","Gesti\u00f3n","V\u00ednculo"],"inLanguage":"es","potentialAction":[{"@type":"CommentAction","name":"Comment","target":["https:\/\/www.uartes.edu.ec\/sitio\/blog\/2025\/12\/11\/espejos-de-vida-express-y-acuarela-talleres-del-proyecto-escuela-de-las-artes-mostraron-sus-resultados\/#respond"]}]},{"@type":["WebPage","ItemPage"],"@id":"https:\/\/www.uartes.edu.ec\/sitio\/blog\/2025\/12\/11\/espejos-de-vida-express-y-acuarela-talleres-del-proyecto-escuela-de-las-artes-mostraron-sus-resultados\/","url":"https:\/\/www.uartes.edu.ec\/sitio\/blog\/2025\/12\/11\/espejos-de-vida-express-y-acuarela-talleres-del-proyecto-escuela-de-las-artes-mostraron-sus-resultados\/","name":"Universidad de las Artes - \u201cEspejos de vida express\u201d y \u201cAcuarela\u201d, talleres del proyecto de v\u00ednculo Escuela de las Artes, mostraron sus resultados","isPartOf":{"@id":"https:\/\/www.uartes.edu.ec\/sitio\/#website"},"primaryImageOfPage":{"@id":"https:\/\/www.uartes.edu.ec\/sitio\/blog\/2025\/12\/11\/espejos-de-vida-express-y-acuarela-talleres-del-proyecto-escuela-de-las-artes-mostraron-sus-resultados\/#primaryimage"},"image":{"@id":"https:\/\/www.uartes.edu.ec\/sitio\/blog\/2025\/12\/11\/espejos-de-vida-express-y-acuarela-talleres-del-proyecto-escuela-de-las-artes-mostraron-sus-resultados\/#primaryimage"},"thumbnailUrl":"https:\/\/www.uartes.edu.ec\/sitio\/wp-content\/uploads\/2025\/12\/Proyecto-Cambiar-tamano-de-imagen-2025-12-08T190054.319.jpeg","datePublished":"2025-12-11T23:57:24+00:00","dateModified":"2025-12-22T14:33:38+00:00","description":"Universidad de las Artes - \u201cEspejos de vida express\u201d y \u201cAcuarela\u201d, talleres del proyecto de v\u00ednculo Escuela de las Artes, mostraron sus resultados","breadcrumb":{"@id":"https:\/\/www.uartes.edu.ec\/sitio\/blog\/2025\/12\/11\/espejos-de-vida-express-y-acuarela-talleres-del-proyecto-escuela-de-las-artes-mostraron-sus-resultados\/#breadcrumb"},"inLanguage":"es","potentialAction":[{"@type":"ReadAction","target":["https:\/\/www.uartes.edu.ec\/sitio\/blog\/2025\/12\/11\/espejos-de-vida-express-y-acuarela-talleres-del-proyecto-escuela-de-las-artes-mostraron-sus-resultados\/"]}]},{"@type":"ImageObject","inLanguage":"es","@id":"https:\/\/www.uartes.edu.ec\/sitio\/blog\/2025\/12\/11\/espejos-de-vida-express-y-acuarela-talleres-del-proyecto-escuela-de-las-artes-mostraron-sus-resultados\/#primaryimage","url":"https:\/\/www.uartes.edu.ec\/sitio\/wp-content\/uploads\/2025\/12\/Proyecto-Cambiar-tamano-de-imagen-2025-12-08T190054.319.jpeg","contentUrl":"https:\/\/www.uartes.edu.ec\/sitio\/wp-content\/uploads\/2025\/12\/Proyecto-Cambiar-tamano-de-imagen-2025-12-08T190054.319.jpeg","width":2000,"height":1333},{"@type":"BreadcrumbList","@id":"https:\/\/www.uartes.edu.ec\/sitio\/blog\/2025\/12\/11\/espejos-de-vida-express-y-acuarela-talleres-del-proyecto-escuela-de-las-artes-mostraron-sus-resultados\/#breadcrumb","itemListElement":[{"@type":"ListItem","position":1,"name":"Inicio","item":"https:\/\/www.uartes.edu.ec\/sitio\/"},{"@type":"ListItem","position":2,"name":"\u201cEspejos de vida express\u201d y \u201cAcuarela\u201d, talleres del proyecto de v\u00ednculo Escuela de las Artes, mostraron sus resultados"}]},{"@type":"WebSite","@id":"https:\/\/www.uartes.edu.ec\/sitio\/#website","url":"https:\/\/www.uartes.edu.ec\/sitio\/","name":"Universidad de las Artes","description":"Sitio oficial de la Universidad Nacional de las Artes del Ecuador","publisher":{"@id":"https:\/\/www.uartes.edu.ec\/sitio\/#organization"},"potentialAction":[{"@type":"SearchAction","target":{"@type":"EntryPoint","urlTemplate":"https:\/\/www.uartes.edu.ec\/sitio\/?s={search_term_string}"},"query-input":{"@type":"PropertyValueSpecification","valueRequired":true,"valueName":"search_term_string"}}],"inLanguage":"es"},{"@type":"Organization","@id":"https:\/\/www.uartes.edu.ec\/sitio\/#organization","name":"Universidad de las Artes","url":"https:\/\/www.uartes.edu.ec\/sitio\/","logo":{"@type":"ImageObject","inLanguage":"es","@id":"https:\/\/www.uartes.edu.ec\/sitio\/#\/schema\/logo\/image\/","url":"https:\/\/www.uartes.edu.ec\/sitio\/wp-content\/uploads\/2022\/07\/logo-ua-horizontal.png","contentUrl":"https:\/\/www.uartes.edu.ec\/sitio\/wp-content\/uploads\/2022\/07\/logo-ua-horizontal.png","width":800,"height":276,"caption":"Universidad de las Artes"},"image":{"@id":"https:\/\/www.uartes.edu.ec\/sitio\/#\/schema\/logo\/image\/"},"sameAs":["https:\/\/www.facebook.com\/uartesec","https:\/\/x.com\/uartesec","https:\/\/www.tiktok.com\/@uartesec"]},{"@type":"Person","@id":"https:\/\/www.uartes.edu.ec\/sitio\/#\/schema\/person\/efa1b8275797664fd7f13a79ccc0b1f4","name":"ccortez","image":{"@type":"ImageObject","inLanguage":"es","@id":"https:\/\/secure.gravatar.com\/avatar\/b2a6f664a3ae8e074346ef91775736c5ec479e637ecced6842de9dc98b5da9cd?s=96&d=mm&r=g","url":"https:\/\/secure.gravatar.com\/avatar\/b2a6f664a3ae8e074346ef91775736c5ec479e637ecced6842de9dc98b5da9cd?s=96&d=mm&r=g","contentUrl":"https:\/\/secure.gravatar.com\/avatar\/b2a6f664a3ae8e074346ef91775736c5ec479e637ecced6842de9dc98b5da9cd?s=96&d=mm&r=g","caption":"ccortez"},"url":"https:\/\/www.uartes.edu.ec\/sitio\/blog\/author\/ccortez\/"}]}},"uagb_featured_image_src":{"full":["https:\/\/www.uartes.edu.ec\/sitio\/wp-content\/uploads\/2025\/12\/Proyecto-Cambiar-tamano-de-imagen-2025-12-08T190054.319.jpeg",2000,1333,false],"thumbnail":["https:\/\/www.uartes.edu.ec\/sitio\/wp-content\/uploads\/2025\/12\/Proyecto-Cambiar-tamano-de-imagen-2025-12-08T190054.319-150x150.jpeg",150,150,true],"medium":["https:\/\/www.uartes.edu.ec\/sitio\/wp-content\/uploads\/2025\/12\/Proyecto-Cambiar-tamano-de-imagen-2025-12-08T190054.319-300x200.jpeg",300,200,true],"medium_large":["https:\/\/www.uartes.edu.ec\/sitio\/wp-content\/uploads\/2025\/12\/Proyecto-Cambiar-tamano-de-imagen-2025-12-08T190054.319-768x512.jpeg",768,512,true],"large":["https:\/\/www.uartes.edu.ec\/sitio\/wp-content\/uploads\/2025\/12\/Proyecto-Cambiar-tamano-de-imagen-2025-12-08T190054.319-644x429.jpeg",644,429,true],"1536x1536":["https:\/\/www.uartes.edu.ec\/sitio\/wp-content\/uploads\/2025\/12\/Proyecto-Cambiar-tamano-de-imagen-2025-12-08T190054.319-1536x1024.jpeg",1536,1024,true],"2048x2048":["https:\/\/www.uartes.edu.ec\/sitio\/wp-content\/uploads\/2025\/12\/Proyecto-Cambiar-tamano-de-imagen-2025-12-08T190054.319.jpeg",2000,1333,false],"trp-custom-language-flag":["https:\/\/www.uartes.edu.ec\/sitio\/wp-content\/uploads\/2025\/12\/Proyecto-Cambiar-tamano-de-imagen-2025-12-08T190054.319-18x12.jpeg",18,12,true],"htmega_size_585x295":["https:\/\/www.uartes.edu.ec\/sitio\/wp-content\/uploads\/2025\/12\/Proyecto-Cambiar-tamano-de-imagen-2025-12-08T190054.319-585x295.jpeg",585,295,true],"htmega_size_1170x536":["https:\/\/www.uartes.edu.ec\/sitio\/wp-content\/uploads\/2025\/12\/Proyecto-Cambiar-tamano-de-imagen-2025-12-08T190054.319-1170x536.jpeg",1170,536,true],"htmega_size_396x360":["https:\/\/www.uartes.edu.ec\/sitio\/wp-content\/uploads\/2025\/12\/Proyecto-Cambiar-tamano-de-imagen-2025-12-08T190054.319-396x360.jpeg",396,360,true],"gb-block-post-grid-landscape":["https:\/\/www.uartes.edu.ec\/sitio\/wp-content\/uploads\/2025\/12\/Proyecto-Cambiar-tamano-de-imagen-2025-12-08T190054.319-600x400.jpeg",600,400,true],"gb-block-post-grid-square":["https:\/\/www.uartes.edu.ec\/sitio\/wp-content\/uploads\/2025\/12\/Proyecto-Cambiar-tamano-de-imagen-2025-12-08T190054.319-600x600.jpeg",600,600,true],"university-hub-thumb":["https:\/\/www.uartes.edu.ec\/sitio\/wp-content\/uploads\/2025\/12\/Proyecto-Cambiar-tamano-de-imagen-2025-12-08T190054.319-400x267.jpeg",400,267,true]},"uagb_author_info":{"display_name":"ccortez","author_link":"https:\/\/www.uartes.edu.ec\/sitio\/blog\/author\/ccortez\/"},"uagb_comment_info":0,"uagb_excerpt":"El cierre de los talleres \u201cEspejos de vida express\u201d y \u201cAcuarela\u201d, desarrollados en el Museo Nahim Isa\u00edas, se convirti\u00f3 en un encuentro de emociones tanto para sus facilitadores y participantes como para los familiares que acudieron a ver los productos que resultaron de un aprendizaje que, seg\u00fan se indic\u00f3, fue de doble v\u00eda por el&hellip;","featured_image_src":"https:\/\/www.uartes.edu.ec\/sitio\/wp-content\/uploads\/2025\/12\/Proyecto-Cambiar-tamano-de-imagen-2025-12-08T190054.319-600x400.jpeg","featured_image_src_square":"https:\/\/www.uartes.edu.ec\/sitio\/wp-content\/uploads\/2025\/12\/Proyecto-Cambiar-tamano-de-imagen-2025-12-08T190054.319-600x600.jpeg","author_info":{"display_name":"ccortez","author_link":"https:\/\/www.uartes.edu.ec\/sitio\/blog\/author\/ccortez\/"},"publishpress_future_workflow_manual_trigger":{"enabledWorkflows":[]},"distributor_meta":false,"distributor_terms":false,"distributor_media":false,"distributor_original_site_name":"Universidad de las Artes","distributor_original_site_url":"https:\/\/www.uartes.edu.ec\/sitio","push-errors":false,"_links":{"self":[{"href":"https:\/\/www.uartes.edu.ec\/sitio\/wp-json\/wp\/v2\/posts\/83259","targetHints":{"allow":["GET"]}}],"collection":[{"href":"https:\/\/www.uartes.edu.ec\/sitio\/wp-json\/wp\/v2\/posts"}],"about":[{"href":"https:\/\/www.uartes.edu.ec\/sitio\/wp-json\/wp\/v2\/types\/post"}],"author":[{"embeddable":true,"href":"https:\/\/www.uartes.edu.ec\/sitio\/wp-json\/wp\/v2\/users\/10"}],"replies":[{"embeddable":true,"href":"https:\/\/www.uartes.edu.ec\/sitio\/wp-json\/wp\/v2\/comments?post=83259"}],"version-history":[{"count":4,"href":"https:\/\/www.uartes.edu.ec\/sitio\/wp-json\/wp\/v2\/posts\/83259\/revisions"}],"predecessor-version":[{"id":83398,"href":"https:\/\/www.uartes.edu.ec\/sitio\/wp-json\/wp\/v2\/posts\/83259\/revisions\/83398"}],"wp:featuredmedia":[{"embeddable":true,"href":"https:\/\/www.uartes.edu.ec\/sitio\/wp-json\/wp\/v2\/media\/83264"}],"wp:attachment":[{"href":"https:\/\/www.uartes.edu.ec\/sitio\/wp-json\/wp\/v2\/media?parent=83259"}],"wp:term":[{"taxonomy":"category","embeddable":true,"href":"https:\/\/www.uartes.edu.ec\/sitio\/wp-json\/wp\/v2\/categories?post=83259"},{"taxonomy":"post_tag","embeddable":true,"href":"https:\/\/www.uartes.edu.ec\/sitio\/wp-json\/wp\/v2\/tags?post=83259"},{"taxonomy":"infouartes","embeddable":true,"href":"https:\/\/www.uartes.edu.ec\/sitio\/wp-json\/wp\/v2\/infouartes?post=83259"}],"curies":[{"name":"wp","href":"https:\/\/api.w.org\/{rel}","templated":true}]}}