{"id":83669,"date":"2025-12-16T18:37:00","date_gmt":"2025-12-16T23:37:00","guid":{"rendered":"https:\/\/www.uartes.edu.ec\/sitio\/?p=83669"},"modified":"2025-12-24T14:21:49","modified_gmt":"2025-12-24T19:21:49","slug":"por-convenio-uartes-fasinarm-en-el-mz14-se-presentaron-obras-de-danza-y-un-nacimiento-viviente-las-dirigio-la-graduada-karol-viera","status":"publish","type":"post","link":"https:\/\/www.uartes.edu.ec\/sitio\/blog\/2025\/12\/16\/por-convenio-uartes-fasinarm-en-el-mz14-se-presentaron-obras-de-danza-y-un-nacimiento-viviente-las-dirigio-la-graduada-karol-viera\/","title":{"rendered":"Por convenio UArtes &#8211; Fasinarm, en MZ14 hubo danza y un \u201cNacimiento viviente\u201d; obras las dirigi\u00f3 la graduada Karol Viera"},"content":{"rendered":"\n<p>Por el convenio de cooperaci\u00f3n interinstitucional existente entre la Fundaci\u00f3n de Asistencia Psicopedag\u00f3gica para Ni\u00f1os, Adolescentes y Adultos con Discapacidad Intelectual (Fasinarm) y la Universidad de las Artes, en la Plaza P\u00fablica del MZ14 Centro de Producci\u00f3n e Innovaci\u00f3n UArtes la instituci\u00f3n aliada recre\u00f3 con los alumnos de su unidad educativa una obra alusiva a la Navidad, as\u00ed como varias piezas de danza.<\/p>\n\n\n\n<p>Se denomin\u00f3 \u201cNacimiento viviente\u201d, pues justamente recre\u00f3 la natividad de Jes\u00fas en Bel\u00e9n. Ambas presentaciones fueron dirigidas por Karol Michelle Viera Belloglio, licenciada en Danza por la Universidad de las Artes, con menci\u00f3n en Pedagog\u00eda. A la puesta en escena asistieron familiares de los alumnos que la protagonizaron y miembros de la comunidad universitaria.<\/p>\n\n\n\n<p>InfoUArtes dialog\u00f3 con Karol Viera para conocer de la experiencia tanto en la preparaci\u00f3n del \u201cNacimiento viviente\u201d como con los educandos de Fasinarm y la labor que ha venido desempe\u00f1ando con ni\u00f1os, adolescentes y adultos mayores. En su labor hay dos fases, una antes de ingresar a la UArtes e iniciar sus estudios en la Escuela de Artes Esc\u00e9nicas y la que ahora desempe\u00f1a, ya como profesional. La primera, dijo, data del 2014 cuando ten\u00eda entre 17 y 18 a\u00f1os y trabajaba en dos instituciones de El Empalme, cant\u00f3n de la provincia del Guayas.<\/p>\n\n\n<div class=\"wp-block-image\">\n<figure class=\"aligncenter size-large\"><img fetchpriority=\"high\" decoding=\"async\" width=\"644\" height=\"429\" src=\"https:\/\/www.uartes.edu.ec\/sitio\/wp-content\/uploads\/2025\/12\/Nacimiento2-644x429.jpg\" alt=\"\" class=\"wp-image-83671\" srcset=\"https:\/\/www.uartes.edu.ec\/sitio\/wp-content\/uploads\/2025\/12\/Nacimiento2-644x429.jpg 644w, https:\/\/www.uartes.edu.ec\/sitio\/wp-content\/uploads\/2025\/12\/Nacimiento2-300x200.jpg 300w, https:\/\/www.uartes.edu.ec\/sitio\/wp-content\/uploads\/2025\/12\/Nacimiento2-768x512.jpg 768w, https:\/\/www.uartes.edu.ec\/sitio\/wp-content\/uploads\/2025\/12\/Nacimiento2-1536x1024.jpg 1536w, https:\/\/www.uartes.edu.ec\/sitio\/wp-content\/uploads\/2025\/12\/Nacimiento2-18x12.jpg 18w, https:\/\/www.uartes.edu.ec\/sitio\/wp-content\/uploads\/2025\/12\/Nacimiento2-600x400.jpg 600w, https:\/\/www.uartes.edu.ec\/sitio\/wp-content\/uploads\/2025\/12\/Nacimiento2-400x267.jpg 400w, https:\/\/www.uartes.edu.ec\/sitio\/wp-content\/uploads\/2025\/12\/Nacimiento2.jpg 2000w\" sizes=\"(max-width: 644px) 100vw, 644px\" \/><\/figure>\n<\/div>\n\n\n<p>Una de ellas fue la Unidad Educativa Nuestra Se\u00f1ora de F\u00e1tima, con alumnos de primero de b\u00e1sica hasta tercero de bachillerato, en las materias Clubes y Proyectos escolares. La otra, el GAD Municipal de El Empalme, de 2014 al 2016, en el Departamento de Arte y Cultura que ten\u00eda un \u00e1rea denominada Escuela Permanente de Arte de Danza.<\/p>\n\n\n\n<p>Dise\u00f1ar, implementar planes educativos acerca del arte e integrar t\u00e9cnicas teatrales y de danza para fomentar la expresi\u00f3n art\u00edstica dentro de los estudiantes fueron las tareas que Karol Viera fue desarrollando con sus educandos, con edades comprendidas entre los 5 y los 18 a\u00f1os. Creaban en conjunto, dijo, presentaciones y coreograf\u00edas para eventos hitos, como las \u201cNoches culturales\u201d que se realizaban los viernes y las invitaciones que recib\u00eda el cabildo empalmense.<\/p>\n\n\n\n<p>En el 2018 ingres\u00f3 a la UArtes y en tiempos de sus pr\u00e1cticas preprofesionales cre\u00f3 con compa\u00f1eros de Danza y de la carrera de Producci\u00f3n Musical y Sonora el taller vacacional \u201cJugando e imaginando con la danza\u201d, dirigido a ni\u00f1os de 9 a 12 a\u00f1os. Corr\u00eda el 2020 y debido a la pandemia por COVID-19 idearon conformar grupos con quienes se contactaban mediante videollamadas v\u00eda WhatsApp y compart\u00edan sus conocimientos de danza y m\u00fasica.<\/p>\n\n\n\t\t\t\t\t<div\n\t\t\t\t\t\tclass=\"wp-block-uagb-image-gallery uagb-block-b493916f     \"\n\t\t\t\t\t\tstyle=\"\"\n\t\t\t\t\t>\n\t\t\t\t\t\t\t\t\t\t\t<div class=\"spectra-image-gallery spectra-image-gallery__layout--masonry spectra-image-gallery__layout--masonry-col-2 spectra-image-gallery__layout--masonry-col-tab-3 spectra-image-gallery__layout--masonry-col-mob-2\">\n\t\t\t\t\t\t\t\t\t\t\t<div class='spectra-image-gallery__media-wrapper--isotope'>\n\t\t\t\t\t\t\t<div class='spectra-image-gallery__media-wrapper' data-spectra-gallery-image-id='83672' tabindex=\"0\">\n\t\t\t\t\t\t\t<div class=\"spectra-image-gallery__media spectra-image-gallery__media--masonry\">\n\t\t\t\t<picture>\n\t\t\t\t\t<source media=\"(min-width: 1024px)\" srcset=\"https:\/\/www.uartes.edu.ec\/sitio\/wp-content\/uploads\/2025\/12\/Nacimiento5-644x429.jpg\">\n\t\t\t\t\t<source media=\"(min-width: 768px)\" srcset=\"https:\/\/www.uartes.edu.ec\/sitio\/wp-content\/uploads\/2025\/12\/Nacimiento5-644x429.jpg\">\n\t\t\t\t\t<img decoding=\"async\" class=\"spectra-image-gallery__media-thumbnail spectra-image-gallery__media-thumbnail--masonry\" src=\"https:\/\/www.uartes.edu.ec\/sitio\/wp-content\/uploads\/2025\/12\/Nacimiento5-300x200.jpg\" alt=\"\" loading=\"lazy\" \/>\n\t\t\t\t<\/picture>\n\t\t\t\t<div class=\"spectra-image-gallery__media-thumbnail-blurrer\"><\/div>\n\t\t\t\t\t\t\t\t\t\t\t<div class=\"spectra-image-gallery__media-thumbnail-caption-wrapper spectra-image-gallery__media-thumbnail-caption-wrapper--overlay\">\n\t\t\t\t\t\t\t\t\t\t\t<div class=\"spectra-image-gallery__media-thumbnail-caption spectra-image-gallery__media-thumbnail-caption--overlay\">\n\t\t\t\t\tSin leyenda\t\t\t\t<\/div>\n\t\t\t\t\t\t\t\t\t\t<\/div>\n\t\t\t\t\t\t\t\t\t<\/div>\n\t\t\t\t\t\t<\/div>\n\t\t\t\t\t\t<\/div>\n\t\t\t\t\t\t<div class='spectra-image-gallery__media-wrapper--isotope'>\n\t\t\t\t\t\t\t<div class='spectra-image-gallery__media-wrapper' data-spectra-gallery-image-id='83673' tabindex=\"0\">\n\t\t\t\t\t\t\t<div class=\"spectra-image-gallery__media spectra-image-gallery__media--masonry\">\n\t\t\t\t<picture>\n\t\t\t\t\t<source media=\"(min-width: 1024px)\" srcset=\"https:\/\/www.uartes.edu.ec\/sitio\/wp-content\/uploads\/2025\/12\/Nacimiento4-644x429.jpg\">\n\t\t\t\t\t<source media=\"(min-width: 768px)\" srcset=\"https:\/\/www.uartes.edu.ec\/sitio\/wp-content\/uploads\/2025\/12\/Nacimiento4-644x429.jpg\">\n\t\t\t\t\t<img decoding=\"async\" class=\"spectra-image-gallery__media-thumbnail spectra-image-gallery__media-thumbnail--masonry\" src=\"https:\/\/www.uartes.edu.ec\/sitio\/wp-content\/uploads\/2025\/12\/Nacimiento4-300x200.jpg\" alt=\"\" loading=\"lazy\" \/>\n\t\t\t\t<\/picture>\n\t\t\t\t<div class=\"spectra-image-gallery__media-thumbnail-blurrer\"><\/div>\n\t\t\t\t\t\t\t\t\t\t\t<div class=\"spectra-image-gallery__media-thumbnail-caption-wrapper spectra-image-gallery__media-thumbnail-caption-wrapper--overlay\">\n\t\t\t\t\t\t\t\t\t\t\t<div class=\"spectra-image-gallery__media-thumbnail-caption spectra-image-gallery__media-thumbnail-caption--overlay\">\n\t\t\t\t\tSin leyenda\t\t\t\t<\/div>\n\t\t\t\t\t\t\t\t\t\t<\/div>\n\t\t\t\t\t\t\t\t\t<\/div>\n\t\t\t\t\t\t<\/div>\n\t\t\t\t\t\t<\/div>\n\t\t\t\t\t\t\t\t\t\t<\/div>\n\t\t\t\t\t\t\t\t\t\t\t\t\t\t\t\t\t\t<\/div>\n\t\t\t\t\t\t\t\t\t\n\n<div class=\"wp-block-image\">\n<figure class=\"aligncenter size-large\"><img decoding=\"async\" width=\"644\" height=\"429\" src=\"https:\/\/www.uartes.edu.ec\/sitio\/wp-content\/uploads\/2025\/12\/Nacimiento6-644x429.jpg\" alt=\"\" class=\"wp-image-83674\" srcset=\"https:\/\/www.uartes.edu.ec\/sitio\/wp-content\/uploads\/2025\/12\/Nacimiento6-644x429.jpg 644w, https:\/\/www.uartes.edu.ec\/sitio\/wp-content\/uploads\/2025\/12\/Nacimiento6-300x200.jpg 300w, https:\/\/www.uartes.edu.ec\/sitio\/wp-content\/uploads\/2025\/12\/Nacimiento6-768x512.jpg 768w, https:\/\/www.uartes.edu.ec\/sitio\/wp-content\/uploads\/2025\/12\/Nacimiento6-1536x1024.jpg 1536w, https:\/\/www.uartes.edu.ec\/sitio\/wp-content\/uploads\/2025\/12\/Nacimiento6-18x12.jpg 18w, https:\/\/www.uartes.edu.ec\/sitio\/wp-content\/uploads\/2025\/12\/Nacimiento6-600x400.jpg 600w, https:\/\/www.uartes.edu.ec\/sitio\/wp-content\/uploads\/2025\/12\/Nacimiento6-400x267.jpg 400w, https:\/\/www.uartes.edu.ec\/sitio\/wp-content\/uploads\/2025\/12\/Nacimiento6.jpg 2000w\" sizes=\"(max-width: 644px) 100vw, 644px\" \/><\/figure>\n<\/div>\n\n\n<p>\u201cTuvimos alrededor de 22 estudiantes con quienes desarrollamos actividades de exploraci\u00f3n desde la escucha y la imaginaci\u00f3n. De c\u00f3mo ellos interpretaban los sonidos fuimos haciendo movimientos del cuerpo, convirti\u00e9ndose en un taller explorativo, para que los chicos no se sientan frustrados ante el encierro.<\/p>\n\n\n\n<p>La experiencia ganada con el taller, desarrollado primero de manera virtual y luego h\u00edbrida, la llev\u00f3 a fusionar el arte y la pedagog\u00eda en un aprendizaje l\u00fadico que la animaron a realizar una segunda parte del taller \u2013de febrero a marzo de 2022\u2013, a la que denomin\u00f3 \u201cJugando e imaginando con los sonidos y el espacio\u201d. \u201cTuvimos alrededor de 50 estudiantes de entre 8 y 10 a\u00f1os, y lo mantuvimos entre la virtualidad y presencialidad\u201d, expres\u00f3 Karol Viera, para quien la preparaci\u00f3n del \u201cNacimiento viviente\u201d con los alumnos de la Unidad Educativa de Fasinarm fue un compartir y un aprender en conjunto.<\/p>\n\n\n\n<p>Fotos: Ronny Ramos\/Vinculaci\u00f3n con la Sociedad UArtes.<\/p>\n","protected":false},"excerpt":{"rendered":"<p>Por el convenio de cooperaci\u00f3n interinstitucional existente entre la Fundaci\u00f3n de Asistencia Psicopedag\u00f3gica para Ni\u00f1os, Adolescentes y Adultos con Discapacidad Intelectual (Fasinarm) y la Universidad de las Artes, en la Plaza P\u00fablica del MZ14 Centro de Producci\u00f3n e Innovaci\u00f3n UArtes la instituci\u00f3n aliada recre\u00f3 con los alumnos de su unidad educativa una obra alusiva a la Navidad, as\u00ed como varias piezas de danza.<\/p>\n","protected":false},"author":10,"featured_media":83670,"comment_status":"open","ping_status":"open","sticky":false,"template":"","format":"standard","meta":{"_acf_changed":false,"_uag_custom_page_level_css":"","_monsterinsights_skip_tracking":false,"_monsterinsights_sitenote_active":false,"_monsterinsights_sitenote_note":"","_monsterinsights_sitenote_category":0,"cybocfi_hide_featured_image":"","footnotes":""},"categories":[490,159,83,79],"tags":[518],"infouartes":[],"class_list":["post-83669","post","type-post","status-publish","format-standard","has-post-thumbnail","hentry","category-alumni","category-artes-escenicas","category-sedes","category-vinculo","tag-produccion"],"acf":[],"yoast_head":"<!-- This site is optimized with the Yoast SEO plugin v27.4 - https:\/\/yoast.com\/product\/yoast-seo-wordpress\/ -->\n<title>Universidad de las Artes - Por convenio UArtes - Fasinarm, en MZ14 hubo danza y un \u201cNacimiento viviente\u201d; obras las dirigi\u00f3 la graduada Karol Viera<\/title>\n<meta name=\"description\" content=\"Universidad de las Artes - Por convenio UArtes - Fasinarm, en MZ14 hubo danza y un \u201cNacimiento viviente\u201d; obras las dirigi\u00f3 la graduada Karol Viera\" \/>\n<meta name=\"robots\" content=\"index, follow, max-snippet:-1, max-image-preview:large, max-video-preview:-1\" \/>\n<link rel=\"canonical\" href=\"https:\/\/www.uartes.edu.ec\/sitio\/blog\/2025\/12\/16\/por-convenio-uartes-fasinarm-en-el-mz14-se-presentaron-obras-de-danza-y-un-nacimiento-viviente-las-dirigio-la-graduada-karol-viera\/\" \/>\n<meta property=\"og:locale\" content=\"es_ES\" \/>\n<meta property=\"og:type\" content=\"article\" \/>\n<meta property=\"og:title\" content=\"Universidad de las Artes - Por convenio UArtes - Fasinarm, en MZ14 hubo danza y un \u201cNacimiento viviente\u201d; obras las dirigi\u00f3 la graduada Karol Viera\" \/>\n<meta property=\"og:description\" content=\"Universidad de las Artes - Por convenio UArtes - Fasinarm, en MZ14 hubo danza y un \u201cNacimiento viviente\u201d; obras las dirigi\u00f3 la graduada Karol Viera\" \/>\n<meta property=\"og:url\" content=\"https:\/\/www.uartes.edu.ec\/sitio\/blog\/2025\/12\/16\/por-convenio-uartes-fasinarm-en-el-mz14-se-presentaron-obras-de-danza-y-un-nacimiento-viviente-las-dirigio-la-graduada-karol-viera\/\" \/>\n<meta property=\"og:site_name\" content=\"Universidad de las Artes\" \/>\n<meta property=\"article:publisher\" content=\"https:\/\/www.facebook.com\/uartesec\" \/>\n<meta property=\"article:published_time\" content=\"2025-12-16T23:37:00+00:00\" \/>\n<meta property=\"article:modified_time\" content=\"2025-12-24T19:21:49+00:00\" \/>\n<meta property=\"og:image\" content=\"https:\/\/www.uartes.edu.ec\/sitio\/wp-content\/uploads\/2025\/12\/Nacimiento1.jpg\" \/>\n\t<meta property=\"og:image:width\" content=\"2000\" \/>\n\t<meta property=\"og:image:height\" content=\"1333\" \/>\n\t<meta property=\"og:image:type\" content=\"image\/jpeg\" \/>\n<meta name=\"author\" content=\"ccortez\" \/>\n<meta name=\"twitter:card\" content=\"summary_large_image\" \/>\n<meta name=\"twitter:creator\" content=\"@uartesec\" \/>\n<meta name=\"twitter:site\" content=\"@uartesec\" \/>\n<meta name=\"twitter:label1\" content=\"Escrito por\" \/>\n\t<meta name=\"twitter:data1\" content=\"ccortez\" \/>\n\t<meta name=\"twitter:label2\" content=\"Tiempo de lectura\" \/>\n\t<meta name=\"twitter:data2\" content=\"3 minutos\" \/>\n<script type=\"application\/ld+json\" class=\"yoast-schema-graph\">{\"@context\":\"https:\\\/\\\/schema.org\",\"@graph\":[{\"@type\":\"Article\",\"@id\":\"https:\\\/\\\/www.uartes.edu.ec\\\/sitio\\\/blog\\\/2025\\\/12\\\/16\\\/por-convenio-uartes-fasinarm-en-el-mz14-se-presentaron-obras-de-danza-y-un-nacimiento-viviente-las-dirigio-la-graduada-karol-viera\\\/#article\",\"isPartOf\":{\"@id\":\"https:\\\/\\\/www.uartes.edu.ec\\\/sitio\\\/blog\\\/2025\\\/12\\\/16\\\/por-convenio-uartes-fasinarm-en-el-mz14-se-presentaron-obras-de-danza-y-un-nacimiento-viviente-las-dirigio-la-graduada-karol-viera\\\/\"},\"author\":{\"name\":\"ccortez\",\"@id\":\"https:\\\/\\\/www.uartes.edu.ec\\\/sitio\\\/#\\\/schema\\\/person\\\/efa1b8275797664fd7f13a79ccc0b1f4\"},\"headline\":\"Por convenio UArtes &#8211; Fasinarm, en MZ14 hubo danza y un \u201cNacimiento viviente\u201d; obras las dirigi\u00f3 la graduada Karol Viera\",\"datePublished\":\"2025-12-16T23:37:00+00:00\",\"dateModified\":\"2025-12-24T19:21:49+00:00\",\"mainEntityOfPage\":{\"@id\":\"https:\\\/\\\/www.uartes.edu.ec\\\/sitio\\\/blog\\\/2025\\\/12\\\/16\\\/por-convenio-uartes-fasinarm-en-el-mz14-se-presentaron-obras-de-danza-y-un-nacimiento-viviente-las-dirigio-la-graduada-karol-viera\\\/\"},\"wordCount\":622,\"commentCount\":0,\"publisher\":{\"@id\":\"https:\\\/\\\/www.uartes.edu.ec\\\/sitio\\\/#organization\"},\"image\":{\"@id\":\"https:\\\/\\\/www.uartes.edu.ec\\\/sitio\\\/blog\\\/2025\\\/12\\\/16\\\/por-convenio-uartes-fasinarm-en-el-mz14-se-presentaron-obras-de-danza-y-un-nacimiento-viviente-las-dirigio-la-graduada-karol-viera\\\/#primaryimage\"},\"thumbnailUrl\":\"https:\\\/\\\/www.uartes.edu.ec\\\/sitio\\\/wp-content\\\/uploads\\\/2025\\\/12\\\/Nacimiento1.jpg\",\"keywords\":[\"producci\u00f3n\"],\"articleSection\":[\"Alumni\",\"Artes Esc\u00e9nicas\",\"Sedes\",\"V\u00ednculo\"],\"inLanguage\":\"es\",\"potentialAction\":[{\"@type\":\"CommentAction\",\"name\":\"Comment\",\"target\":[\"https:\\\/\\\/www.uartes.edu.ec\\\/sitio\\\/blog\\\/2025\\\/12\\\/16\\\/por-convenio-uartes-fasinarm-en-el-mz14-se-presentaron-obras-de-danza-y-un-nacimiento-viviente-las-dirigio-la-graduada-karol-viera\\\/#respond\"]}]},{\"@type\":[\"WebPage\",\"ItemPage\"],\"@id\":\"https:\\\/\\\/www.uartes.edu.ec\\\/sitio\\\/blog\\\/2025\\\/12\\\/16\\\/por-convenio-uartes-fasinarm-en-el-mz14-se-presentaron-obras-de-danza-y-un-nacimiento-viviente-las-dirigio-la-graduada-karol-viera\\\/\",\"url\":\"https:\\\/\\\/www.uartes.edu.ec\\\/sitio\\\/blog\\\/2025\\\/12\\\/16\\\/por-convenio-uartes-fasinarm-en-el-mz14-se-presentaron-obras-de-danza-y-un-nacimiento-viviente-las-dirigio-la-graduada-karol-viera\\\/\",\"name\":\"Universidad de las Artes - Por convenio UArtes - Fasinarm, en MZ14 hubo danza y un \u201cNacimiento viviente\u201d; obras las dirigi\u00f3 la graduada Karol Viera\",\"isPartOf\":{\"@id\":\"https:\\\/\\\/www.uartes.edu.ec\\\/sitio\\\/#website\"},\"primaryImageOfPage\":{\"@id\":\"https:\\\/\\\/www.uartes.edu.ec\\\/sitio\\\/blog\\\/2025\\\/12\\\/16\\\/por-convenio-uartes-fasinarm-en-el-mz14-se-presentaron-obras-de-danza-y-un-nacimiento-viviente-las-dirigio-la-graduada-karol-viera\\\/#primaryimage\"},\"image\":{\"@id\":\"https:\\\/\\\/www.uartes.edu.ec\\\/sitio\\\/blog\\\/2025\\\/12\\\/16\\\/por-convenio-uartes-fasinarm-en-el-mz14-se-presentaron-obras-de-danza-y-un-nacimiento-viviente-las-dirigio-la-graduada-karol-viera\\\/#primaryimage\"},\"thumbnailUrl\":\"https:\\\/\\\/www.uartes.edu.ec\\\/sitio\\\/wp-content\\\/uploads\\\/2025\\\/12\\\/Nacimiento1.jpg\",\"datePublished\":\"2025-12-16T23:37:00+00:00\",\"dateModified\":\"2025-12-24T19:21:49+00:00\",\"description\":\"Universidad de las Artes - Por convenio UArtes - Fasinarm, en MZ14 hubo danza y un \u201cNacimiento viviente\u201d; obras las dirigi\u00f3 la graduada Karol Viera\",\"breadcrumb\":{\"@id\":\"https:\\\/\\\/www.uartes.edu.ec\\\/sitio\\\/blog\\\/2025\\\/12\\\/16\\\/por-convenio-uartes-fasinarm-en-el-mz14-se-presentaron-obras-de-danza-y-un-nacimiento-viviente-las-dirigio-la-graduada-karol-viera\\\/#breadcrumb\"},\"inLanguage\":\"es\",\"potentialAction\":[{\"@type\":\"ReadAction\",\"target\":[\"https:\\\/\\\/www.uartes.edu.ec\\\/sitio\\\/blog\\\/2025\\\/12\\\/16\\\/por-convenio-uartes-fasinarm-en-el-mz14-se-presentaron-obras-de-danza-y-un-nacimiento-viviente-las-dirigio-la-graduada-karol-viera\\\/\"]}]},{\"@type\":\"ImageObject\",\"inLanguage\":\"es\",\"@id\":\"https:\\\/\\\/www.uartes.edu.ec\\\/sitio\\\/blog\\\/2025\\\/12\\\/16\\\/por-convenio-uartes-fasinarm-en-el-mz14-se-presentaron-obras-de-danza-y-un-nacimiento-viviente-las-dirigio-la-graduada-karol-viera\\\/#primaryimage\",\"url\":\"https:\\\/\\\/www.uartes.edu.ec\\\/sitio\\\/wp-content\\\/uploads\\\/2025\\\/12\\\/Nacimiento1.jpg\",\"contentUrl\":\"https:\\\/\\\/www.uartes.edu.ec\\\/sitio\\\/wp-content\\\/uploads\\\/2025\\\/12\\\/Nacimiento1.jpg\",\"width\":2000,\"height\":1333},{\"@type\":\"BreadcrumbList\",\"@id\":\"https:\\\/\\\/www.uartes.edu.ec\\\/sitio\\\/blog\\\/2025\\\/12\\\/16\\\/por-convenio-uartes-fasinarm-en-el-mz14-se-presentaron-obras-de-danza-y-un-nacimiento-viviente-las-dirigio-la-graduada-karol-viera\\\/#breadcrumb\",\"itemListElement\":[{\"@type\":\"ListItem\",\"position\":1,\"name\":\"Inicio\",\"item\":\"https:\\\/\\\/www.uartes.edu.ec\\\/sitio\\\/\"},{\"@type\":\"ListItem\",\"position\":2,\"name\":\"Por convenio UArtes &#8211; Fasinarm, en MZ14 hubo danza y un \u201cNacimiento viviente\u201d; obras las dirigi\u00f3 la graduada Karol Viera\"}]},{\"@type\":\"WebSite\",\"@id\":\"https:\\\/\\\/www.uartes.edu.ec\\\/sitio\\\/#website\",\"url\":\"https:\\\/\\\/www.uartes.edu.ec\\\/sitio\\\/\",\"name\":\"Universidad de las Artes\",\"description\":\"Sitio oficial de la Universidad Nacional de las Artes del Ecuador\",\"publisher\":{\"@id\":\"https:\\\/\\\/www.uartes.edu.ec\\\/sitio\\\/#organization\"},\"potentialAction\":[{\"@type\":\"SearchAction\",\"target\":{\"@type\":\"EntryPoint\",\"urlTemplate\":\"https:\\\/\\\/www.uartes.edu.ec\\\/sitio\\\/?s={search_term_string}\"},\"query-input\":{\"@type\":\"PropertyValueSpecification\",\"valueRequired\":true,\"valueName\":\"search_term_string\"}}],\"inLanguage\":\"es\"},{\"@type\":\"Organization\",\"@id\":\"https:\\\/\\\/www.uartes.edu.ec\\\/sitio\\\/#organization\",\"name\":\"Universidad de las Artes\",\"url\":\"https:\\\/\\\/www.uartes.edu.ec\\\/sitio\\\/\",\"logo\":{\"@type\":\"ImageObject\",\"inLanguage\":\"es\",\"@id\":\"https:\\\/\\\/www.uartes.edu.ec\\\/sitio\\\/#\\\/schema\\\/logo\\\/image\\\/\",\"url\":\"https:\\\/\\\/www.uartes.edu.ec\\\/sitio\\\/wp-content\\\/uploads\\\/2022\\\/07\\\/logo-ua-horizontal.png\",\"contentUrl\":\"https:\\\/\\\/www.uartes.edu.ec\\\/sitio\\\/wp-content\\\/uploads\\\/2022\\\/07\\\/logo-ua-horizontal.png\",\"width\":800,\"height\":276,\"caption\":\"Universidad de las Artes\"},\"image\":{\"@id\":\"https:\\\/\\\/www.uartes.edu.ec\\\/sitio\\\/#\\\/schema\\\/logo\\\/image\\\/\"},\"sameAs\":[\"https:\\\/\\\/www.facebook.com\\\/uartesec\",\"https:\\\/\\\/x.com\\\/uartesec\",\"https:\\\/\\\/www.tiktok.com\\\/@uartesec\"]},{\"@type\":\"Person\",\"@id\":\"https:\\\/\\\/www.uartes.edu.ec\\\/sitio\\\/#\\\/schema\\\/person\\\/efa1b8275797664fd7f13a79ccc0b1f4\",\"name\":\"ccortez\",\"image\":{\"@type\":\"ImageObject\",\"inLanguage\":\"es\",\"@id\":\"https:\\\/\\\/secure.gravatar.com\\\/avatar\\\/b2a6f664a3ae8e074346ef91775736c5ec479e637ecced6842de9dc98b5da9cd?s=96&d=mm&r=g\",\"url\":\"https:\\\/\\\/secure.gravatar.com\\\/avatar\\\/b2a6f664a3ae8e074346ef91775736c5ec479e637ecced6842de9dc98b5da9cd?s=96&d=mm&r=g\",\"contentUrl\":\"https:\\\/\\\/secure.gravatar.com\\\/avatar\\\/b2a6f664a3ae8e074346ef91775736c5ec479e637ecced6842de9dc98b5da9cd?s=96&d=mm&r=g\",\"caption\":\"ccortez\"},\"url\":\"https:\\\/\\\/www.uartes.edu.ec\\\/sitio\\\/blog\\\/author\\\/ccortez\\\/\"}]}<\/script>\n<!-- \/ Yoast SEO plugin. -->","yoast_head_json":{"title":"Universidad de las Artes - Por convenio UArtes - Fasinarm, en MZ14 hubo danza y un \u201cNacimiento viviente\u201d; obras las dirigi\u00f3 la graduada Karol Viera","description":"Universidad de las Artes - Por convenio UArtes - Fasinarm, en MZ14 hubo danza y un \u201cNacimiento viviente\u201d; obras las dirigi\u00f3 la graduada Karol Viera","robots":{"index":"index","follow":"follow","max-snippet":"max-snippet:-1","max-image-preview":"max-image-preview:large","max-video-preview":"max-video-preview:-1"},"canonical":"https:\/\/www.uartes.edu.ec\/sitio\/blog\/2025\/12\/16\/por-convenio-uartes-fasinarm-en-el-mz14-se-presentaron-obras-de-danza-y-un-nacimiento-viviente-las-dirigio-la-graduada-karol-viera\/","og_locale":"es_ES","og_type":"article","og_title":"Universidad de las Artes - Por convenio UArtes - Fasinarm, en MZ14 hubo danza y un \u201cNacimiento viviente\u201d; obras las dirigi\u00f3 la graduada Karol Viera","og_description":"Universidad de las Artes - Por convenio UArtes - Fasinarm, en MZ14 hubo danza y un \u201cNacimiento viviente\u201d; obras las dirigi\u00f3 la graduada Karol Viera","og_url":"https:\/\/www.uartes.edu.ec\/sitio\/blog\/2025\/12\/16\/por-convenio-uartes-fasinarm-en-el-mz14-se-presentaron-obras-de-danza-y-un-nacimiento-viviente-las-dirigio-la-graduada-karol-viera\/","og_site_name":"Universidad de las Artes","article_publisher":"https:\/\/www.facebook.com\/uartesec","article_published_time":"2025-12-16T23:37:00+00:00","article_modified_time":"2025-12-24T19:21:49+00:00","og_image":[{"width":2000,"height":1333,"url":"https:\/\/www.uartes.edu.ec\/sitio\/wp-content\/uploads\/2025\/12\/Nacimiento1.jpg","type":"image\/jpeg"}],"author":"ccortez","twitter_card":"summary_large_image","twitter_creator":"@uartesec","twitter_site":"@uartesec","twitter_misc":{"Escrito por":"ccortez","Tiempo de lectura":"3 minutos"},"schema":{"@context":"https:\/\/schema.org","@graph":[{"@type":"Article","@id":"https:\/\/www.uartes.edu.ec\/sitio\/blog\/2025\/12\/16\/por-convenio-uartes-fasinarm-en-el-mz14-se-presentaron-obras-de-danza-y-un-nacimiento-viviente-las-dirigio-la-graduada-karol-viera\/#article","isPartOf":{"@id":"https:\/\/www.uartes.edu.ec\/sitio\/blog\/2025\/12\/16\/por-convenio-uartes-fasinarm-en-el-mz14-se-presentaron-obras-de-danza-y-un-nacimiento-viviente-las-dirigio-la-graduada-karol-viera\/"},"author":{"name":"ccortez","@id":"https:\/\/www.uartes.edu.ec\/sitio\/#\/schema\/person\/efa1b8275797664fd7f13a79ccc0b1f4"},"headline":"Por convenio UArtes &#8211; Fasinarm, en MZ14 hubo danza y un \u201cNacimiento viviente\u201d; obras las dirigi\u00f3 la graduada Karol Viera","datePublished":"2025-12-16T23:37:00+00:00","dateModified":"2025-12-24T19:21:49+00:00","mainEntityOfPage":{"@id":"https:\/\/www.uartes.edu.ec\/sitio\/blog\/2025\/12\/16\/por-convenio-uartes-fasinarm-en-el-mz14-se-presentaron-obras-de-danza-y-un-nacimiento-viviente-las-dirigio-la-graduada-karol-viera\/"},"wordCount":622,"commentCount":0,"publisher":{"@id":"https:\/\/www.uartes.edu.ec\/sitio\/#organization"},"image":{"@id":"https:\/\/www.uartes.edu.ec\/sitio\/blog\/2025\/12\/16\/por-convenio-uartes-fasinarm-en-el-mz14-se-presentaron-obras-de-danza-y-un-nacimiento-viviente-las-dirigio-la-graduada-karol-viera\/#primaryimage"},"thumbnailUrl":"https:\/\/www.uartes.edu.ec\/sitio\/wp-content\/uploads\/2025\/12\/Nacimiento1.jpg","keywords":["producci\u00f3n"],"articleSection":["Alumni","Artes Esc\u00e9nicas","Sedes","V\u00ednculo"],"inLanguage":"es","potentialAction":[{"@type":"CommentAction","name":"Comment","target":["https:\/\/www.uartes.edu.ec\/sitio\/blog\/2025\/12\/16\/por-convenio-uartes-fasinarm-en-el-mz14-se-presentaron-obras-de-danza-y-un-nacimiento-viviente-las-dirigio-la-graduada-karol-viera\/#respond"]}]},{"@type":["WebPage","ItemPage"],"@id":"https:\/\/www.uartes.edu.ec\/sitio\/blog\/2025\/12\/16\/por-convenio-uartes-fasinarm-en-el-mz14-se-presentaron-obras-de-danza-y-un-nacimiento-viviente-las-dirigio-la-graduada-karol-viera\/","url":"https:\/\/www.uartes.edu.ec\/sitio\/blog\/2025\/12\/16\/por-convenio-uartes-fasinarm-en-el-mz14-se-presentaron-obras-de-danza-y-un-nacimiento-viviente-las-dirigio-la-graduada-karol-viera\/","name":"Universidad de las Artes - Por convenio UArtes - Fasinarm, en MZ14 hubo danza y un \u201cNacimiento viviente\u201d; obras las dirigi\u00f3 la graduada Karol Viera","isPartOf":{"@id":"https:\/\/www.uartes.edu.ec\/sitio\/#website"},"primaryImageOfPage":{"@id":"https:\/\/www.uartes.edu.ec\/sitio\/blog\/2025\/12\/16\/por-convenio-uartes-fasinarm-en-el-mz14-se-presentaron-obras-de-danza-y-un-nacimiento-viviente-las-dirigio-la-graduada-karol-viera\/#primaryimage"},"image":{"@id":"https:\/\/www.uartes.edu.ec\/sitio\/blog\/2025\/12\/16\/por-convenio-uartes-fasinarm-en-el-mz14-se-presentaron-obras-de-danza-y-un-nacimiento-viviente-las-dirigio-la-graduada-karol-viera\/#primaryimage"},"thumbnailUrl":"https:\/\/www.uartes.edu.ec\/sitio\/wp-content\/uploads\/2025\/12\/Nacimiento1.jpg","datePublished":"2025-12-16T23:37:00+00:00","dateModified":"2025-12-24T19:21:49+00:00","description":"Universidad de las Artes - Por convenio UArtes - Fasinarm, en MZ14 hubo danza y un \u201cNacimiento viviente\u201d; obras las dirigi\u00f3 la graduada Karol Viera","breadcrumb":{"@id":"https:\/\/www.uartes.edu.ec\/sitio\/blog\/2025\/12\/16\/por-convenio-uartes-fasinarm-en-el-mz14-se-presentaron-obras-de-danza-y-un-nacimiento-viviente-las-dirigio-la-graduada-karol-viera\/#breadcrumb"},"inLanguage":"es","potentialAction":[{"@type":"ReadAction","target":["https:\/\/www.uartes.edu.ec\/sitio\/blog\/2025\/12\/16\/por-convenio-uartes-fasinarm-en-el-mz14-se-presentaron-obras-de-danza-y-un-nacimiento-viviente-las-dirigio-la-graduada-karol-viera\/"]}]},{"@type":"ImageObject","inLanguage":"es","@id":"https:\/\/www.uartes.edu.ec\/sitio\/blog\/2025\/12\/16\/por-convenio-uartes-fasinarm-en-el-mz14-se-presentaron-obras-de-danza-y-un-nacimiento-viviente-las-dirigio-la-graduada-karol-viera\/#primaryimage","url":"https:\/\/www.uartes.edu.ec\/sitio\/wp-content\/uploads\/2025\/12\/Nacimiento1.jpg","contentUrl":"https:\/\/www.uartes.edu.ec\/sitio\/wp-content\/uploads\/2025\/12\/Nacimiento1.jpg","width":2000,"height":1333},{"@type":"BreadcrumbList","@id":"https:\/\/www.uartes.edu.ec\/sitio\/blog\/2025\/12\/16\/por-convenio-uartes-fasinarm-en-el-mz14-se-presentaron-obras-de-danza-y-un-nacimiento-viviente-las-dirigio-la-graduada-karol-viera\/#breadcrumb","itemListElement":[{"@type":"ListItem","position":1,"name":"Inicio","item":"https:\/\/www.uartes.edu.ec\/sitio\/"},{"@type":"ListItem","position":2,"name":"Por convenio UArtes &#8211; Fasinarm, en MZ14 hubo danza y un \u201cNacimiento viviente\u201d; obras las dirigi\u00f3 la graduada Karol Viera"}]},{"@type":"WebSite","@id":"https:\/\/www.uartes.edu.ec\/sitio\/#website","url":"https:\/\/www.uartes.edu.ec\/sitio\/","name":"Universidad de las Artes","description":"Sitio oficial de la Universidad Nacional de las Artes del Ecuador","publisher":{"@id":"https:\/\/www.uartes.edu.ec\/sitio\/#organization"},"potentialAction":[{"@type":"SearchAction","target":{"@type":"EntryPoint","urlTemplate":"https:\/\/www.uartes.edu.ec\/sitio\/?s={search_term_string}"},"query-input":{"@type":"PropertyValueSpecification","valueRequired":true,"valueName":"search_term_string"}}],"inLanguage":"es"},{"@type":"Organization","@id":"https:\/\/www.uartes.edu.ec\/sitio\/#organization","name":"Universidad de las Artes","url":"https:\/\/www.uartes.edu.ec\/sitio\/","logo":{"@type":"ImageObject","inLanguage":"es","@id":"https:\/\/www.uartes.edu.ec\/sitio\/#\/schema\/logo\/image\/","url":"https:\/\/www.uartes.edu.ec\/sitio\/wp-content\/uploads\/2022\/07\/logo-ua-horizontal.png","contentUrl":"https:\/\/www.uartes.edu.ec\/sitio\/wp-content\/uploads\/2022\/07\/logo-ua-horizontal.png","width":800,"height":276,"caption":"Universidad de las Artes"},"image":{"@id":"https:\/\/www.uartes.edu.ec\/sitio\/#\/schema\/logo\/image\/"},"sameAs":["https:\/\/www.facebook.com\/uartesec","https:\/\/x.com\/uartesec","https:\/\/www.tiktok.com\/@uartesec"]},{"@type":"Person","@id":"https:\/\/www.uartes.edu.ec\/sitio\/#\/schema\/person\/efa1b8275797664fd7f13a79ccc0b1f4","name":"ccortez","image":{"@type":"ImageObject","inLanguage":"es","@id":"https:\/\/secure.gravatar.com\/avatar\/b2a6f664a3ae8e074346ef91775736c5ec479e637ecced6842de9dc98b5da9cd?s=96&d=mm&r=g","url":"https:\/\/secure.gravatar.com\/avatar\/b2a6f664a3ae8e074346ef91775736c5ec479e637ecced6842de9dc98b5da9cd?s=96&d=mm&r=g","contentUrl":"https:\/\/secure.gravatar.com\/avatar\/b2a6f664a3ae8e074346ef91775736c5ec479e637ecced6842de9dc98b5da9cd?s=96&d=mm&r=g","caption":"ccortez"},"url":"https:\/\/www.uartes.edu.ec\/sitio\/blog\/author\/ccortez\/"}]}},"uagb_featured_image_src":{"full":["https:\/\/www.uartes.edu.ec\/sitio\/wp-content\/uploads\/2025\/12\/Nacimiento1.jpg",2000,1333,false],"thumbnail":["https:\/\/www.uartes.edu.ec\/sitio\/wp-content\/uploads\/2025\/12\/Nacimiento1-150x150.jpg",150,150,true],"medium":["https:\/\/www.uartes.edu.ec\/sitio\/wp-content\/uploads\/2025\/12\/Nacimiento1-300x200.jpg",300,200,true],"medium_large":["https:\/\/www.uartes.edu.ec\/sitio\/wp-content\/uploads\/2025\/12\/Nacimiento1-768x512.jpg",768,512,true],"large":["https:\/\/www.uartes.edu.ec\/sitio\/wp-content\/uploads\/2025\/12\/Nacimiento1-644x429.jpg",644,429,true],"1536x1536":["https:\/\/www.uartes.edu.ec\/sitio\/wp-content\/uploads\/2025\/12\/Nacimiento1-1536x1024.jpg",1536,1024,true],"2048x2048":["https:\/\/www.uartes.edu.ec\/sitio\/wp-content\/uploads\/2025\/12\/Nacimiento1.jpg",2000,1333,false],"trp-custom-language-flag":["https:\/\/www.uartes.edu.ec\/sitio\/wp-content\/uploads\/2025\/12\/Nacimiento1-18x12.jpg",18,12,true],"htmega_size_585x295":["https:\/\/www.uartes.edu.ec\/sitio\/wp-content\/uploads\/2025\/12\/Nacimiento1-585x295.jpg",585,295,true],"htmega_size_1170x536":["https:\/\/www.uartes.edu.ec\/sitio\/wp-content\/uploads\/2025\/12\/Nacimiento1-1170x536.jpg",1170,536,true],"htmega_size_396x360":["https:\/\/www.uartes.edu.ec\/sitio\/wp-content\/uploads\/2025\/12\/Nacimiento1-396x360.jpg",396,360,true],"gb-block-post-grid-landscape":["https:\/\/www.uartes.edu.ec\/sitio\/wp-content\/uploads\/2025\/12\/Nacimiento1-600x400.jpg",600,400,true],"gb-block-post-grid-square":["https:\/\/www.uartes.edu.ec\/sitio\/wp-content\/uploads\/2025\/12\/Nacimiento1-600x600.jpg",600,600,true],"university-hub-thumb":["https:\/\/www.uartes.edu.ec\/sitio\/wp-content\/uploads\/2025\/12\/Nacimiento1-400x267.jpg",400,267,true]},"uagb_author_info":{"display_name":"ccortez","author_link":"https:\/\/www.uartes.edu.ec\/sitio\/blog\/author\/ccortez\/"},"uagb_comment_info":0,"uagb_excerpt":"Por el convenio de cooperaci\u00f3n interinstitucional existente entre la Fundaci\u00f3n de Asistencia Psicopedag\u00f3gica para Ni\u00f1os, Adolescentes y Adultos con Discapacidad Intelectual (Fasinarm) y la Universidad de las Artes, en la Plaza P\u00fablica del MZ14 Centro de Producci\u00f3n e Innovaci\u00f3n UArtes la instituci\u00f3n aliada recre\u00f3 con los alumnos de su unidad educativa una obra alusiva a&hellip;","featured_image_src":"https:\/\/www.uartes.edu.ec\/sitio\/wp-content\/uploads\/2025\/12\/Nacimiento1-600x400.jpg","featured_image_src_square":"https:\/\/www.uartes.edu.ec\/sitio\/wp-content\/uploads\/2025\/12\/Nacimiento1-600x600.jpg","author_info":{"display_name":"ccortez","author_link":"https:\/\/www.uartes.edu.ec\/sitio\/blog\/author\/ccortez\/"},"publishpress_future_workflow_manual_trigger":{"enabledWorkflows":[]},"distributor_meta":false,"distributor_terms":false,"distributor_media":false,"distributor_original_site_name":"Universidad de las Artes","distributor_original_site_url":"https:\/\/www.uartes.edu.ec\/sitio","push-errors":false,"_links":{"self":[{"href":"https:\/\/www.uartes.edu.ec\/sitio\/wp-json\/wp\/v2\/posts\/83669","targetHints":{"allow":["GET"]}}],"collection":[{"href":"https:\/\/www.uartes.edu.ec\/sitio\/wp-json\/wp\/v2\/posts"}],"about":[{"href":"https:\/\/www.uartes.edu.ec\/sitio\/wp-json\/wp\/v2\/types\/post"}],"author":[{"embeddable":true,"href":"https:\/\/www.uartes.edu.ec\/sitio\/wp-json\/wp\/v2\/users\/10"}],"replies":[{"embeddable":true,"href":"https:\/\/www.uartes.edu.ec\/sitio\/wp-json\/wp\/v2\/comments?post=83669"}],"version-history":[{"count":4,"href":"https:\/\/www.uartes.edu.ec\/sitio\/wp-json\/wp\/v2\/posts\/83669\/revisions"}],"predecessor-version":[{"id":83685,"href":"https:\/\/www.uartes.edu.ec\/sitio\/wp-json\/wp\/v2\/posts\/83669\/revisions\/83685"}],"wp:featuredmedia":[{"embeddable":true,"href":"https:\/\/www.uartes.edu.ec\/sitio\/wp-json\/wp\/v2\/media\/83670"}],"wp:attachment":[{"href":"https:\/\/www.uartes.edu.ec\/sitio\/wp-json\/wp\/v2\/media?parent=83669"}],"wp:term":[{"taxonomy":"category","embeddable":true,"href":"https:\/\/www.uartes.edu.ec\/sitio\/wp-json\/wp\/v2\/categories?post=83669"},{"taxonomy":"post_tag","embeddable":true,"href":"https:\/\/www.uartes.edu.ec\/sitio\/wp-json\/wp\/v2\/tags?post=83669"},{"taxonomy":"infouartes","embeddable":true,"href":"https:\/\/www.uartes.edu.ec\/sitio\/wp-json\/wp\/v2\/infouartes?post=83669"}],"curies":[{"name":"wp","href":"https:\/\/api.w.org\/{rel}","templated":true}]}}