{"id":847,"date":"2017-10-03T17:11:02","date_gmt":"2017-10-03T22:11:02","guid":{"rendered":"http:\/\/www.uartes.edu.ec\/infouartes\/?p=847"},"modified":"2024-07-04T11:54:09","modified_gmt":"2024-07-04T16:54:09","slug":"la-biblioteca-de-las-artes-quiere-ser-un-centro-de-mediacion-cultural","status":"publish","type":"post","link":"https:\/\/www.uartes.edu.ec\/sitio\/blog\/2017\/10\/03\/la-biblioteca-de-las-artes-quiere-ser-un-centro-de-mediacion-cultural\/","title":{"rendered":"La Biblioteca de las Artes quiere ser un centro de mediaci\u00f3n cultural"},"content":{"rendered":"<p>El pasado viernes 1 de septiembre, la Comisi\u00f3n Gestora de la Universidad de las Artes del Ecuador (UArtes) aprob\u00f3 el reglamento para el funcionamiento de la Biblioteca de las Artes. Este reglamento detalla los procedimientos de uso de este espacio, los productos y servicios con los que contar\u00e1, perfilando a la Biblioteca como un <em>ecosistema <\/em>que accionar\u00e1 en tres ejes: apoyo al aprendizaje, soporte a la investigaci\u00f3n y fomento a la cultura y el arte.<\/p>\n<p>\u201cLas bibliotecas de hoy no son solo depositarias de libros sino que tambi\u00e9n tienen que brindar servicios: a nivel acad\u00e9mico es un Centro de Recursos para el Aprendizaje y la Investigaci\u00f3n (CRAI); al nivel ciudadano es un espacio para la transferencia de conocimientos, saberes y pr\u00e1cticas. En otras palabras, lo que estamos planteando es una Biblioteca que funcione a la vez como un Centro de Mediaci\u00f3n Cultural\u201d, explica Natalia Tamayo, coordinadora de la Biblioteca de las Artes.<\/p>\n<p>Al ser esta una Biblioteca de una instituci\u00f3n superior en artes, el primer enfoque de servicio y p\u00fablico prioritario son los estudiantes, docentes y personal que constituyen la Comunidad UArtes. \u201cPor eso vamos a tener libros, bases de datos digitales, acceso a internet, cabinas audiovisuales, pero no es algo exclusivo para la UArtes, sino que estar\u00e1 abierta para toda la ciudadan\u00eda\u201d, resalta Tamayo.<\/p>\n<p>Otro eje de la Biblioteca lo constituye el Centro de Mediaci\u00f3n Cultural que consta, entre otras cosas, de una ludoteca-mediateca orientada a ni\u00f1os y j\u00f3venes. Este es un espacio abierto y din\u00e1mico que permite el contacto entre la ciudadan\u00eda y la Universidad y, en especial, con un sector prioritario de la labor educativa y cultural del pa\u00eds: los ni\u00f1os y las ni\u00f1as.<\/p>\n<p>\u201cLa intenci\u00f3n es que la ciudadan\u00eda venga por intereses espec\u00edficos en cuanto a libros y, adem\u00e1s, encuentre en la Biblioteca espacios de interacci\u00f3n, ah\u00ed es donde interviene la medicaci\u00f3n cultural. Queremos que la gente encuentre actividades, cosas para hacer, ver, escuchar y participar\u201d, explica\u00a0 Tamayo.<\/p>\n<p>Con el \u00e1nimo de promover el arte y la cultura, la Biblioteca, adem\u00e1s de los espacios para la lectura e investigaci\u00f3n como salas de lectura, aulas virtuales, salas de estudios grupales, cabinas de audio\/video, estudios de investigaci\u00f3n, pondr\u00e1 a disposici\u00f3n de la ciudadan\u00eda, artistas y gestores culturales: salas de exposici\u00f3n art\u00edstica y escenarios art\u00edsticos. Estos espacios podr\u00e1n ser prestados o alquilados previa la aprobaci\u00f3n de las autoridades de la Biblioteca de la UArtes.<\/p>\n<p><strong>Amigos de la Biblioteca<\/strong><\/p>\n<p>Como incentivo para incorporar usuarios con fidelidad activa, la Biblioteca crear\u00e1 el programa Amigos de la Biblioteca.<\/p>\n<p>A trav\u00e9s de este servicio, la ciudadan\u00eda en general podr\u00e1 prestar libros, documentos a domicilio y tambi\u00e9n recibir una atenci\u00f3n preferente en la programaci\u00f3n cultural que organizar\u00e1 la Biblioteca-Centro de Mediaci\u00f3n Cultural. Los usuarios externos interesados en este programa podr\u00e1n suscribirse a un plan anual para acceder a los beneficios.<\/p>\n<p><strong>Colecciones y fondos de la Biblioteca<\/strong><\/p>\n<p>La Biblioteca estar\u00e1 constituida por una colecci\u00f3n general, una hemeroteca, una colecci\u00f3n de tesis y proyectos de investigaci\u00f3n, y una colecci\u00f3n digital. Contempla el resguardo, difusi\u00f3n y fomento de una relevante colecci\u00f3n de contenidos pertenecientes a: el Fondo Documental Diario El Tel\u00e9grafo, el Fondo Documental Presidencia de la Rep\u00fablica del Ecuador, el Fondo Bibliogr\u00e1fico Susana Romoleroux Viteri, entre otros.<\/p>\n<p>La Biblioteca de las Artes atender\u00e1 en un inicio de lunes a domingo en los horarios: lunes a s\u00e1bados de 09h00 a 21h00 y de 09h00 a 13h00 los d\u00edas domingo, de conformidad con la capacidad de recurso humano con el que cuente la instituci\u00f3n.<\/p>\n<p>La inauguraci\u00f3n se realizar\u00e1 en el mes de noviembre de 2017.<\/p>\n<p><em><a href=\"http:\/\/www.uartes.edu.ec\/descargables\/biblioteca\/1710_reglamento_biblio_Uartes.pdf\">Descarga aqu\u00ed <\/a>el reglamento de funcionamiento completo.<\/em><\/p>\n","protected":false},"excerpt":{"rendered":"<p>El pasado viernes 1 de septiembre, la Comisi\u00f3n Gestora de la Universidad de las Artes del Ecuador (UArtes) aprob\u00f3 el reglamento para el funcionamiento de la Biblioteca de las Artes. Este reglamento detalla los procedimientos de uso de este espacio, los productos y servicios con los que contar\u00e1, perfilando a la Biblioteca como un ecosistema [&hellip;]<\/p>\n","protected":false},"author":1,"featured_media":848,"comment_status":"closed","ping_status":"open","sticky":false,"template":"","format":"standard","meta":{"_acf_changed":false,"_uag_custom_page_level_css":"","_monsterinsights_skip_tracking":false,"_monsterinsights_sitenote_active":false,"_monsterinsights_sitenote_note":"","_monsterinsights_sitenote_category":0,"cybocfi_hide_featured_image":"","footnotes":""},"categories":[77],"tags":[41],"infouartes":[],"class_list":["post-847","post","type-post","status-publish","format-standard","has-post-thumbnail","hentry","category-gestion","tag-biblioteca"],"acf":[],"yoast_head":"<!-- This site is optimized with the Yoast SEO plugin v27.4 - https:\/\/yoast.com\/product\/yoast-seo-wordpress\/ -->\n<title>Universidad de las Artes - La Biblioteca de las Artes quiere ser un centro de mediaci\u00f3n cultural<\/title>\n<meta name=\"description\" content=\"Universidad de las Artes - La Biblioteca de las Artes quiere ser un centro de mediaci\u00f3n cultural\" \/>\n<meta name=\"robots\" content=\"index, follow, max-snippet:-1, max-image-preview:large, max-video-preview:-1\" \/>\n<link rel=\"canonical\" href=\"https:\/\/www.uartes.edu.ec\/sitio\/blog\/2017\/10\/03\/la-biblioteca-de-las-artes-quiere-ser-un-centro-de-mediacion-cultural\/\" \/>\n<meta property=\"og:locale\" content=\"es_ES\" \/>\n<meta property=\"og:type\" content=\"article\" \/>\n<meta property=\"og:title\" content=\"Universidad de las Artes - La Biblioteca de las Artes quiere ser un centro de mediaci\u00f3n cultural\" \/>\n<meta property=\"og:description\" content=\"Universidad de las Artes - La Biblioteca de las Artes quiere ser un centro de mediaci\u00f3n cultural\" \/>\n<meta property=\"og:url\" content=\"https:\/\/www.uartes.edu.ec\/sitio\/blog\/2017\/10\/03\/la-biblioteca-de-las-artes-quiere-ser-un-centro-de-mediacion-cultural\/\" \/>\n<meta property=\"og:site_name\" content=\"Universidad de las Artes\" \/>\n<meta property=\"article:publisher\" content=\"https:\/\/www.facebook.com\/uartesec\" \/>\n<meta property=\"article:published_time\" content=\"2017-10-03T22:11:02+00:00\" \/>\n<meta property=\"article:modified_time\" content=\"2024-07-04T16:54:09+00:00\" \/>\n<meta name=\"author\" content=\"Universidad de las Artes\" \/>\n<meta name=\"twitter:card\" content=\"summary_large_image\" \/>\n<meta name=\"twitter:creator\" content=\"@uartesec\" \/>\n<meta name=\"twitter:site\" content=\"@uartesec\" \/>\n<meta name=\"twitter:label1\" content=\"Escrito por\" \/>\n\t<meta name=\"twitter:data1\" content=\"Universidad de las Artes\" \/>\n\t<meta name=\"twitter:label2\" content=\"Tiempo de lectura\" \/>\n\t<meta name=\"twitter:data2\" content=\"3 minutos\" \/>\n<script type=\"application\/ld+json\" class=\"yoast-schema-graph\">{\"@context\":\"https:\\\/\\\/schema.org\",\"@graph\":[{\"@type\":\"Article\",\"@id\":\"https:\\\/\\\/www.uartes.edu.ec\\\/sitio\\\/blog\\\/2017\\\/10\\\/03\\\/la-biblioteca-de-las-artes-quiere-ser-un-centro-de-mediacion-cultural\\\/#article\",\"isPartOf\":{\"@id\":\"https:\\\/\\\/www.uartes.edu.ec\\\/sitio\\\/blog\\\/2017\\\/10\\\/03\\\/la-biblioteca-de-las-artes-quiere-ser-un-centro-de-mediacion-cultural\\\/\"},\"author\":{\"name\":\"Universidad de las Artes\",\"@id\":\"https:\\\/\\\/www.uartes.edu.ec\\\/sitio\\\/#\\\/schema\\\/person\\\/f33f8c1d2af0d5c80a38c8abf458184a\"},\"headline\":\"La Biblioteca de las Artes quiere ser un centro de mediaci\u00f3n cultural\",\"datePublished\":\"2017-10-03T22:11:02+00:00\",\"dateModified\":\"2024-07-04T16:54:09+00:00\",\"mainEntityOfPage\":{\"@id\":\"https:\\\/\\\/www.uartes.edu.ec\\\/sitio\\\/blog\\\/2017\\\/10\\\/03\\\/la-biblioteca-de-las-artes-quiere-ser-un-centro-de-mediacion-cultural\\\/\"},\"wordCount\":660,\"publisher\":{\"@id\":\"https:\\\/\\\/www.uartes.edu.ec\\\/sitio\\\/#organization\"},\"image\":{\"@id\":\"https:\\\/\\\/www.uartes.edu.ec\\\/sitio\\\/blog\\\/2017\\\/10\\\/03\\\/la-biblioteca-de-las-artes-quiere-ser-un-centro-de-mediacion-cultural\\\/#primaryimage\"},\"thumbnailUrl\":\"\",\"keywords\":[\"biblioteca\"],\"articleSection\":[\"Gesti\u00f3n\"],\"inLanguage\":\"es\"},{\"@type\":[\"WebPage\",\"ItemPage\"],\"@id\":\"https:\\\/\\\/www.uartes.edu.ec\\\/sitio\\\/blog\\\/2017\\\/10\\\/03\\\/la-biblioteca-de-las-artes-quiere-ser-un-centro-de-mediacion-cultural\\\/\",\"url\":\"https:\\\/\\\/www.uartes.edu.ec\\\/sitio\\\/blog\\\/2017\\\/10\\\/03\\\/la-biblioteca-de-las-artes-quiere-ser-un-centro-de-mediacion-cultural\\\/\",\"name\":\"Universidad de las Artes - La Biblioteca de las Artes quiere ser un centro de mediaci\u00f3n cultural\",\"isPartOf\":{\"@id\":\"https:\\\/\\\/www.uartes.edu.ec\\\/sitio\\\/#website\"},\"primaryImageOfPage\":{\"@id\":\"https:\\\/\\\/www.uartes.edu.ec\\\/sitio\\\/blog\\\/2017\\\/10\\\/03\\\/la-biblioteca-de-las-artes-quiere-ser-un-centro-de-mediacion-cultural\\\/#primaryimage\"},\"image\":{\"@id\":\"https:\\\/\\\/www.uartes.edu.ec\\\/sitio\\\/blog\\\/2017\\\/10\\\/03\\\/la-biblioteca-de-las-artes-quiere-ser-un-centro-de-mediacion-cultural\\\/#primaryimage\"},\"thumbnailUrl\":\"\",\"datePublished\":\"2017-10-03T22:11:02+00:00\",\"dateModified\":\"2024-07-04T16:54:09+00:00\",\"description\":\"Universidad de las Artes - La Biblioteca de las Artes quiere ser un centro de mediaci\u00f3n cultural\",\"breadcrumb\":{\"@id\":\"https:\\\/\\\/www.uartes.edu.ec\\\/sitio\\\/blog\\\/2017\\\/10\\\/03\\\/la-biblioteca-de-las-artes-quiere-ser-un-centro-de-mediacion-cultural\\\/#breadcrumb\"},\"inLanguage\":\"es\",\"potentialAction\":[{\"@type\":\"ReadAction\",\"target\":[\"https:\\\/\\\/www.uartes.edu.ec\\\/sitio\\\/blog\\\/2017\\\/10\\\/03\\\/la-biblioteca-de-las-artes-quiere-ser-un-centro-de-mediacion-cultural\\\/\"]}]},{\"@type\":\"ImageObject\",\"inLanguage\":\"es\",\"@id\":\"https:\\\/\\\/www.uartes.edu.ec\\\/sitio\\\/blog\\\/2017\\\/10\\\/03\\\/la-biblioteca-de-las-artes-quiere-ser-un-centro-de-mediacion-cultural\\\/#primaryimage\",\"url\":\"\",\"contentUrl\":\"\"},{\"@type\":\"BreadcrumbList\",\"@id\":\"https:\\\/\\\/www.uartes.edu.ec\\\/sitio\\\/blog\\\/2017\\\/10\\\/03\\\/la-biblioteca-de-las-artes-quiere-ser-un-centro-de-mediacion-cultural\\\/#breadcrumb\",\"itemListElement\":[{\"@type\":\"ListItem\",\"position\":1,\"name\":\"Inicio\",\"item\":\"https:\\\/\\\/www.uartes.edu.ec\\\/sitio\\\/\"},{\"@type\":\"ListItem\",\"position\":2,\"name\":\"La Biblioteca de las Artes quiere ser un centro de mediaci\u00f3n cultural\"}]},{\"@type\":\"WebSite\",\"@id\":\"https:\\\/\\\/www.uartes.edu.ec\\\/sitio\\\/#website\",\"url\":\"https:\\\/\\\/www.uartes.edu.ec\\\/sitio\\\/\",\"name\":\"Universidad de las Artes\",\"description\":\"Sitio oficial de la Universidad Nacional de las Artes del Ecuador\",\"publisher\":{\"@id\":\"https:\\\/\\\/www.uartes.edu.ec\\\/sitio\\\/#organization\"},\"potentialAction\":[{\"@type\":\"SearchAction\",\"target\":{\"@type\":\"EntryPoint\",\"urlTemplate\":\"https:\\\/\\\/www.uartes.edu.ec\\\/sitio\\\/?s={search_term_string}\"},\"query-input\":{\"@type\":\"PropertyValueSpecification\",\"valueRequired\":true,\"valueName\":\"search_term_string\"}}],\"inLanguage\":\"es\"},{\"@type\":\"Organization\",\"@id\":\"https:\\\/\\\/www.uartes.edu.ec\\\/sitio\\\/#organization\",\"name\":\"Universidad de las Artes\",\"url\":\"https:\\\/\\\/www.uartes.edu.ec\\\/sitio\\\/\",\"logo\":{\"@type\":\"ImageObject\",\"inLanguage\":\"es\",\"@id\":\"https:\\\/\\\/www.uartes.edu.ec\\\/sitio\\\/#\\\/schema\\\/logo\\\/image\\\/\",\"url\":\"https:\\\/\\\/www.uartes.edu.ec\\\/sitio\\\/wp-content\\\/uploads\\\/2022\\\/07\\\/logo-ua-horizontal.png\",\"contentUrl\":\"https:\\\/\\\/www.uartes.edu.ec\\\/sitio\\\/wp-content\\\/uploads\\\/2022\\\/07\\\/logo-ua-horizontal.png\",\"width\":800,\"height\":276,\"caption\":\"Universidad de las Artes\"},\"image\":{\"@id\":\"https:\\\/\\\/www.uartes.edu.ec\\\/sitio\\\/#\\\/schema\\\/logo\\\/image\\\/\"},\"sameAs\":[\"https:\\\/\\\/www.facebook.com\\\/uartesec\",\"https:\\\/\\\/x.com\\\/uartesec\",\"https:\\\/\\\/www.tiktok.com\\\/@uartesec\"]},{\"@type\":\"Person\",\"@id\":\"https:\\\/\\\/www.uartes.edu.ec\\\/sitio\\\/#\\\/schema\\\/person\\\/f33f8c1d2af0d5c80a38c8abf458184a\",\"name\":\"Universidad de las Artes\",\"image\":{\"@type\":\"ImageObject\",\"inLanguage\":\"es\",\"@id\":\"https:\\\/\\\/secure.gravatar.com\\\/avatar\\\/52e4757902f5cfa5ac52d020e5be83cae5487519154b6c35482fe08d589f3c13?s=96&d=mm&r=g\",\"url\":\"https:\\\/\\\/secure.gravatar.com\\\/avatar\\\/52e4757902f5cfa5ac52d020e5be83cae5487519154b6c35482fe08d589f3c13?s=96&d=mm&r=g\",\"contentUrl\":\"https:\\\/\\\/secure.gravatar.com\\\/avatar\\\/52e4757902f5cfa5ac52d020e5be83cae5487519154b6c35482fe08d589f3c13?s=96&d=mm&r=g\",\"caption\":\"Universidad de las Artes\"},\"url\":\"https:\\\/\\\/www.uartes.edu.ec\\\/sitio\\\/blog\\\/author\\\/dircomadm\\\/\"}]}<\/script>\n<!-- \/ Yoast SEO plugin. -->","yoast_head_json":{"title":"Universidad de las Artes - La Biblioteca de las Artes quiere ser un centro de mediaci\u00f3n cultural","description":"Universidad de las Artes - La Biblioteca de las Artes quiere ser un centro de mediaci\u00f3n cultural","robots":{"index":"index","follow":"follow","max-snippet":"max-snippet:-1","max-image-preview":"max-image-preview:large","max-video-preview":"max-video-preview:-1"},"canonical":"https:\/\/www.uartes.edu.ec\/sitio\/blog\/2017\/10\/03\/la-biblioteca-de-las-artes-quiere-ser-un-centro-de-mediacion-cultural\/","og_locale":"es_ES","og_type":"article","og_title":"Universidad de las Artes - La Biblioteca de las Artes quiere ser un centro de mediaci\u00f3n cultural","og_description":"Universidad de las Artes - La Biblioteca de las Artes quiere ser un centro de mediaci\u00f3n cultural","og_url":"https:\/\/www.uartes.edu.ec\/sitio\/blog\/2017\/10\/03\/la-biblioteca-de-las-artes-quiere-ser-un-centro-de-mediacion-cultural\/","og_site_name":"Universidad de las Artes","article_publisher":"https:\/\/www.facebook.com\/uartesec","article_published_time":"2017-10-03T22:11:02+00:00","article_modified_time":"2024-07-04T16:54:09+00:00","author":"Universidad de las Artes","twitter_card":"summary_large_image","twitter_creator":"@uartesec","twitter_site":"@uartesec","twitter_misc":{"Escrito por":"Universidad de las Artes","Tiempo de lectura":"3 minutos"},"schema":{"@context":"https:\/\/schema.org","@graph":[{"@type":"Article","@id":"https:\/\/www.uartes.edu.ec\/sitio\/blog\/2017\/10\/03\/la-biblioteca-de-las-artes-quiere-ser-un-centro-de-mediacion-cultural\/#article","isPartOf":{"@id":"https:\/\/www.uartes.edu.ec\/sitio\/blog\/2017\/10\/03\/la-biblioteca-de-las-artes-quiere-ser-un-centro-de-mediacion-cultural\/"},"author":{"name":"Universidad de las Artes","@id":"https:\/\/www.uartes.edu.ec\/sitio\/#\/schema\/person\/f33f8c1d2af0d5c80a38c8abf458184a"},"headline":"La Biblioteca de las Artes quiere ser un centro de mediaci\u00f3n cultural","datePublished":"2017-10-03T22:11:02+00:00","dateModified":"2024-07-04T16:54:09+00:00","mainEntityOfPage":{"@id":"https:\/\/www.uartes.edu.ec\/sitio\/blog\/2017\/10\/03\/la-biblioteca-de-las-artes-quiere-ser-un-centro-de-mediacion-cultural\/"},"wordCount":660,"publisher":{"@id":"https:\/\/www.uartes.edu.ec\/sitio\/#organization"},"image":{"@id":"https:\/\/www.uartes.edu.ec\/sitio\/blog\/2017\/10\/03\/la-biblioteca-de-las-artes-quiere-ser-un-centro-de-mediacion-cultural\/#primaryimage"},"thumbnailUrl":"","keywords":["biblioteca"],"articleSection":["Gesti\u00f3n"],"inLanguage":"es"},{"@type":["WebPage","ItemPage"],"@id":"https:\/\/www.uartes.edu.ec\/sitio\/blog\/2017\/10\/03\/la-biblioteca-de-las-artes-quiere-ser-un-centro-de-mediacion-cultural\/","url":"https:\/\/www.uartes.edu.ec\/sitio\/blog\/2017\/10\/03\/la-biblioteca-de-las-artes-quiere-ser-un-centro-de-mediacion-cultural\/","name":"Universidad de las Artes - La Biblioteca de las Artes quiere ser un centro de mediaci\u00f3n cultural","isPartOf":{"@id":"https:\/\/www.uartes.edu.ec\/sitio\/#website"},"primaryImageOfPage":{"@id":"https:\/\/www.uartes.edu.ec\/sitio\/blog\/2017\/10\/03\/la-biblioteca-de-las-artes-quiere-ser-un-centro-de-mediacion-cultural\/#primaryimage"},"image":{"@id":"https:\/\/www.uartes.edu.ec\/sitio\/blog\/2017\/10\/03\/la-biblioteca-de-las-artes-quiere-ser-un-centro-de-mediacion-cultural\/#primaryimage"},"thumbnailUrl":"","datePublished":"2017-10-03T22:11:02+00:00","dateModified":"2024-07-04T16:54:09+00:00","description":"Universidad de las Artes - La Biblioteca de las Artes quiere ser un centro de mediaci\u00f3n cultural","breadcrumb":{"@id":"https:\/\/www.uartes.edu.ec\/sitio\/blog\/2017\/10\/03\/la-biblioteca-de-las-artes-quiere-ser-un-centro-de-mediacion-cultural\/#breadcrumb"},"inLanguage":"es","potentialAction":[{"@type":"ReadAction","target":["https:\/\/www.uartes.edu.ec\/sitio\/blog\/2017\/10\/03\/la-biblioteca-de-las-artes-quiere-ser-un-centro-de-mediacion-cultural\/"]}]},{"@type":"ImageObject","inLanguage":"es","@id":"https:\/\/www.uartes.edu.ec\/sitio\/blog\/2017\/10\/03\/la-biblioteca-de-las-artes-quiere-ser-un-centro-de-mediacion-cultural\/#primaryimage","url":"","contentUrl":""},{"@type":"BreadcrumbList","@id":"https:\/\/www.uartes.edu.ec\/sitio\/blog\/2017\/10\/03\/la-biblioteca-de-las-artes-quiere-ser-un-centro-de-mediacion-cultural\/#breadcrumb","itemListElement":[{"@type":"ListItem","position":1,"name":"Inicio","item":"https:\/\/www.uartes.edu.ec\/sitio\/"},{"@type":"ListItem","position":2,"name":"La Biblioteca de las Artes quiere ser un centro de mediaci\u00f3n cultural"}]},{"@type":"WebSite","@id":"https:\/\/www.uartes.edu.ec\/sitio\/#website","url":"https:\/\/www.uartes.edu.ec\/sitio\/","name":"Universidad de las Artes","description":"Sitio oficial de la Universidad Nacional de las Artes del Ecuador","publisher":{"@id":"https:\/\/www.uartes.edu.ec\/sitio\/#organization"},"potentialAction":[{"@type":"SearchAction","target":{"@type":"EntryPoint","urlTemplate":"https:\/\/www.uartes.edu.ec\/sitio\/?s={search_term_string}"},"query-input":{"@type":"PropertyValueSpecification","valueRequired":true,"valueName":"search_term_string"}}],"inLanguage":"es"},{"@type":"Organization","@id":"https:\/\/www.uartes.edu.ec\/sitio\/#organization","name":"Universidad de las Artes","url":"https:\/\/www.uartes.edu.ec\/sitio\/","logo":{"@type":"ImageObject","inLanguage":"es","@id":"https:\/\/www.uartes.edu.ec\/sitio\/#\/schema\/logo\/image\/","url":"https:\/\/www.uartes.edu.ec\/sitio\/wp-content\/uploads\/2022\/07\/logo-ua-horizontal.png","contentUrl":"https:\/\/www.uartes.edu.ec\/sitio\/wp-content\/uploads\/2022\/07\/logo-ua-horizontal.png","width":800,"height":276,"caption":"Universidad de las Artes"},"image":{"@id":"https:\/\/www.uartes.edu.ec\/sitio\/#\/schema\/logo\/image\/"},"sameAs":["https:\/\/www.facebook.com\/uartesec","https:\/\/x.com\/uartesec","https:\/\/www.tiktok.com\/@uartesec"]},{"@type":"Person","@id":"https:\/\/www.uartes.edu.ec\/sitio\/#\/schema\/person\/f33f8c1d2af0d5c80a38c8abf458184a","name":"Universidad de las Artes","image":{"@type":"ImageObject","inLanguage":"es","@id":"https:\/\/secure.gravatar.com\/avatar\/52e4757902f5cfa5ac52d020e5be83cae5487519154b6c35482fe08d589f3c13?s=96&d=mm&r=g","url":"https:\/\/secure.gravatar.com\/avatar\/52e4757902f5cfa5ac52d020e5be83cae5487519154b6c35482fe08d589f3c13?s=96&d=mm&r=g","contentUrl":"https:\/\/secure.gravatar.com\/avatar\/52e4757902f5cfa5ac52d020e5be83cae5487519154b6c35482fe08d589f3c13?s=96&d=mm&r=g","caption":"Universidad de las Artes"},"url":"https:\/\/www.uartes.edu.ec\/sitio\/blog\/author\/dircomadm\/"}]}},"uagb_featured_image_src":{"full":false,"thumbnail":false,"medium":false,"medium_large":false,"large":false,"1536x1536":false,"2048x2048":false,"trp-custom-language-flag":false,"htmega_size_585x295":false,"htmega_size_1170x536":false,"htmega_size_396x360":false,"gb-block-post-grid-landscape":false,"gb-block-post-grid-square":false,"university-hub-thumb":false},"uagb_author_info":{"display_name":"Universidad de las Artes","author_link":"https:\/\/www.uartes.edu.ec\/sitio\/blog\/author\/dircomadm\/"},"uagb_comment_info":0,"uagb_excerpt":"El pasado viernes 1 de septiembre, la Comisi\u00f3n Gestora de la Universidad de las Artes del Ecuador (UArtes) aprob\u00f3 el reglamento para el funcionamiento de la Biblioteca de las Artes. Este reglamento detalla los procedimientos de uso de este espacio, los productos y servicios con los que contar\u00e1, perfilando a la Biblioteca como un ecosistema&hellip;","featured_image_src":null,"featured_image_src_square":null,"author_info":{"display_name":"Universidad de las Artes","author_link":"https:\/\/www.uartes.edu.ec\/sitio\/blog\/author\/dircomadm\/"},"publishpress_future_workflow_manual_trigger":{"enabledWorkflows":[]},"distributor_meta":false,"distributor_terms":false,"distributor_media":false,"distributor_original_site_name":"Universidad de las Artes","distributor_original_site_url":"https:\/\/www.uartes.edu.ec\/sitio","push-errors":false,"_links":{"self":[{"href":"https:\/\/www.uartes.edu.ec\/sitio\/wp-json\/wp\/v2\/posts\/847","targetHints":{"allow":["GET"]}}],"collection":[{"href":"https:\/\/www.uartes.edu.ec\/sitio\/wp-json\/wp\/v2\/posts"}],"about":[{"href":"https:\/\/www.uartes.edu.ec\/sitio\/wp-json\/wp\/v2\/types\/post"}],"author":[{"embeddable":true,"href":"https:\/\/www.uartes.edu.ec\/sitio\/wp-json\/wp\/v2\/users\/1"}],"replies":[{"embeddable":true,"href":"https:\/\/www.uartes.edu.ec\/sitio\/wp-json\/wp\/v2\/comments?post=847"}],"version-history":[{"count":1,"href":"https:\/\/www.uartes.edu.ec\/sitio\/wp-json\/wp\/v2\/posts\/847\/revisions"}],"predecessor-version":[{"id":57964,"href":"https:\/\/www.uartes.edu.ec\/sitio\/wp-json\/wp\/v2\/posts\/847\/revisions\/57964"}],"wp:featuredmedia":[{"embeddable":true,"href":"https:\/\/www.uartes.edu.ec\/sitio\/wp-json\/"}],"wp:attachment":[{"href":"https:\/\/www.uartes.edu.ec\/sitio\/wp-json\/wp\/v2\/media?parent=847"}],"wp:term":[{"taxonomy":"category","embeddable":true,"href":"https:\/\/www.uartes.edu.ec\/sitio\/wp-json\/wp\/v2\/categories?post=847"},{"taxonomy":"post_tag","embeddable":true,"href":"https:\/\/www.uartes.edu.ec\/sitio\/wp-json\/wp\/v2\/tags?post=847"},{"taxonomy":"infouartes","embeddable":true,"href":"https:\/\/www.uartes.edu.ec\/sitio\/wp-json\/wp\/v2\/infouartes?post=847"}],"curies":[{"name":"wp","href":"https:\/\/api.w.org\/{rel}","templated":true}]}}