{"id":85132,"date":"2026-01-23T18:20:00","date_gmt":"2026-01-23T23:20:00","guid":{"rendered":"https:\/\/www.uartes.edu.ec\/sitio\/?p=85132"},"modified":"2026-01-26T12:49:31","modified_gmt":"2026-01-26T17:49:31","slug":"synthesensory-y-la-contaminacion-acustica-de-guayaquil-proyecto-interdisciplinar-pensado-en-personas-neurodivergentes","status":"publish","type":"post","link":"https:\/\/www.uartes.edu.ec\/sitio\/blog\/2026\/01\/23\/synthesensory-y-la-contaminacion-acustica-de-guayaquil-proyecto-interdisciplinar-pensado-en-personas-neurodivergentes\/","title":{"rendered":"Proyecto interdisciplinar \u201cSynthesensory\u201d expone con paisaje sonoro y danza la contaminaci\u00f3n ac\u00fastica en Guayaquil"},"content":{"rendered":"\n<p>Estudiantes de Artes Visuales, Artes Sonoras y Artes Esc\u00e9nicas presentar\u00e1n este lunes 26 de enero, en dos funciones, los resultados de un proyecto al que titularon \u201cSynthesensory\u201d y concibieron para crear conciencia sobre la contaminaci\u00f3n ac\u00fastica en Guayaquil, especialmente en el centro de la urbe, a trav\u00e9s de la hipersensibilidad auditiva.<\/p>\n\n\n\n<p>Las presentaciones ser\u00e1n a las 13:30 y 15:00 en El Cubo, ubicado en el Pabell\u00f3n Humberto Salgado del antiguo Palacio de la Gobernaci\u00f3n, sede matriz de la Universidad de las Artes. All\u00ed, Arlette Barreras, de la carrera de Danza, interpretar\u00e1 una pieza para la cual indagaron en conjunto sobre el ruido en Guayaquil, pensado en las personas neurodivergentes.<\/p>\n\n\n\n<p>El proyecto como tal surgi\u00f3 en la materia de Laboratorio Interdisciplinar, que imparte la docente Amalina Bomnin, y junto con Arlette Barreras, en su concepci\u00f3n, proceso y ejecuci\u00f3n intervienen Ariana Correa, Ana Linda Yupa y Michelle V\u00e9lez, de la Escuela de Artes Visuales; y Daniela Zamora, de la Escuela de Artes Sonoras.<\/p>\n\n\n\n<p>De la construcci\u00f3n de \u201cSynthesensory\u201d, Ana Linda indica que, justamente, con el pensamiento de mezclar diferentes disciplinas, tanto art\u00edsticas como otras que no lo son \u2013entre ellas, la psicolog\u00eda\u2013, Arlette Barreras propuso abordar la problem\u00e1tica del ruido en Guayaquil y sus afectaciones a nivel general y, especialmente, en personas neurodivergentes, lo cual conoc\u00eda de cerca pues su hijo es autista.<\/p>\n\n\n\n<p>Es as\u00ed que para \u201cSynthesensory\u201d combinaron el trabajo interdisciplinar, posdisciplinar, indisciplinar y multidisciplinar, refiere Amalina Bomnin, quien busca fomentar en los estudiantes sensibilidades alrededor de situaciones que tienen que ver, a veces, con minor\u00edas sociales o ciertos grupos. \u201cTenemos que pensar en c\u00f3mo los que no forman parte de la UArtes tambi\u00e9n se sienten acompa\u00f1ados, representados y visibilizados a trav\u00e9s de lo que pasa en la universidad\u201d.<\/p>\n\n\n<div class=\"wp-block-image\">\n<figure class=\"aligncenter size-large\"><img fetchpriority=\"high\" decoding=\"async\" width=\"644\" height=\"429\" src=\"https:\/\/www.uartes.edu.ec\/sitio\/wp-content\/uploads\/2026\/01\/Amalina15-644x429.jpg\" alt=\"\" class=\"wp-image-85134\" srcset=\"https:\/\/www.uartes.edu.ec\/sitio\/wp-content\/uploads\/2026\/01\/Amalina15-644x429.jpg 644w, https:\/\/www.uartes.edu.ec\/sitio\/wp-content\/uploads\/2026\/01\/Amalina15-300x200.jpg 300w, https:\/\/www.uartes.edu.ec\/sitio\/wp-content\/uploads\/2026\/01\/Amalina15-768x512.jpg 768w, https:\/\/www.uartes.edu.ec\/sitio\/wp-content\/uploads\/2026\/01\/Amalina15-1536x1024.jpg 1536w, https:\/\/www.uartes.edu.ec\/sitio\/wp-content\/uploads\/2026\/01\/Amalina15-18x12.jpg 18w, https:\/\/www.uartes.edu.ec\/sitio\/wp-content\/uploads\/2026\/01\/Amalina15-600x400.jpg 600w, https:\/\/www.uartes.edu.ec\/sitio\/wp-content\/uploads\/2026\/01\/Amalina15-400x267.jpg 400w, https:\/\/www.uartes.edu.ec\/sitio\/wp-content\/uploads\/2026\/01\/Amalina15.jpg 2000w\" sizes=\"(max-width: 644px) 100vw, 644px\" \/><\/figure>\n<\/div>\n\n\n<p>Agrega que ciertas agendas van surgiendo por ciertas situaciones, acontecimientos o episodios sociales, pero hay otras que, de pronto, no han emergido socialmente y est\u00e1n presentes, como el caso del autismo. \u201cLas personas con cierto nivel dentro del espectro del autismo tienen una relaci\u00f3n diferente con el ruido. Lo que trataba de hacer al plantearles este ejercicio de examen es que sea algo que emerja de sus propias problem\u00e1ticas, estimulaciones y contextos\u201d.<\/p>\n\n\n\n<p>\u201cSynthesensory\u201d, por tanto, parte de visibilizar la situaci\u00f3n que tiene Guayaquil con el ruido, los sonidos y el estr\u00e9s ambiental. \u201cAna Linda, Arlette, Daniela, Michelle y Ariana van a crear todo un <em>environment<\/em> con un paisaje sonoro que les ha quedado muy bien planteado. Arlette ser\u00e1 su int\u00e9rprete por conocer de cerca las consecuencias de la contaminaci\u00f3n ac\u00fastica en personas con Trastorno del Espectro Autista (TEA)\u201d, reitera.<\/p>\n\n\n\n<p>Para exponer dichas consecuencias de la contaminaci\u00f3n ac\u00fastica se cre\u00f3 un paisaje sonoro, logrado tras grabar con el celular ruidos cotidianos de la ciudad. Unos de la naturaleza y otros del entorno: carros, pitos, gente hablando, caminando, maquinaria, fuegos artificiales\u2026 Esos sonidos se recolectaron y enviaron a Daniela Zamora, quien, desde su conocimiento en Producci\u00f3n Musical y Sonora, trabaj\u00f3 una pieza de alrededor de nueve minutos.<\/p>\n\n\n\n<p>Con este paisaje sonoro de fondo bailar\u00e1 Arlette, quien con sus movimientos y expresi\u00f3n corporal aludir\u00e1 c\u00f3mo se sienten espec\u00edficamente las personas que padecen autismo en el momento en que est\u00e1n estos ruidos en el ambiente.<\/p>\n\n\n\n<p>En cuanto a lo inter y multidisciplinar de la propuesta, Ana Linda y sus compa\u00f1eras detallan que, adem\u00e1s de cursar distintas carreras, contaron con colaboradores, como la neuropsic\u00f3loga Laura Tu\u00e1rez, quien les ayud\u00f3 a determinar ciertos t\u00e9rminos psicol\u00f3gicos y comprender m\u00e1s de la neurodivergencia; y el dise\u00f1ador urbano Braulio Moreno, quien les ayud\u00f3 a localizar los puntos de enfoque con mayor contaminaci\u00f3n auditiva en el centro de Guayaquil.<\/p>\n\n\n\n<p>Para las creadoras de \u201cSynthesensory\u201d, lo m\u00e1s desafiante del proyecto fue la coordinaci\u00f3n para poderlo llevar al p\u00fablico y entre sus expectativas con la presentaci\u00f3n est\u00e1 logar concientizar al p\u00fablico. \u201cNo es un espect\u00e1culo, es la exteriorizaci\u00f3n de una experiencia\u201d, subrayan.<\/p>\n\n\n<div class=\"wp-block-image\">\n<figure class=\"aligncenter size-large\"><img decoding=\"async\" width=\"644\" height=\"429\" src=\"https:\/\/www.uartes.edu.ec\/sitio\/wp-content\/uploads\/2026\/01\/Amalina18-644x429.jpg\" alt=\"\" class=\"wp-image-85135\" srcset=\"https:\/\/www.uartes.edu.ec\/sitio\/wp-content\/uploads\/2026\/01\/Amalina18-644x429.jpg 644w, https:\/\/www.uartes.edu.ec\/sitio\/wp-content\/uploads\/2026\/01\/Amalina18-300x200.jpg 300w, https:\/\/www.uartes.edu.ec\/sitio\/wp-content\/uploads\/2026\/01\/Amalina18-768x512.jpg 768w, https:\/\/www.uartes.edu.ec\/sitio\/wp-content\/uploads\/2026\/01\/Amalina18-1536x1024.jpg 1536w, https:\/\/www.uartes.edu.ec\/sitio\/wp-content\/uploads\/2026\/01\/Amalina18-18x12.jpg 18w, https:\/\/www.uartes.edu.ec\/sitio\/wp-content\/uploads\/2026\/01\/Amalina18-600x400.jpg 600w, https:\/\/www.uartes.edu.ec\/sitio\/wp-content\/uploads\/2026\/01\/Amalina18-400x267.jpg 400w, https:\/\/www.uartes.edu.ec\/sitio\/wp-content\/uploads\/2026\/01\/Amalina18.jpg 2000w\" sizes=\"(max-width: 644px) 100vw, 644px\" \/><\/figure>\n<\/div>\n\n<div class=\"wp-block-image\">\n<figure class=\"aligncenter size-large is-resized\"><img decoding=\"async\" width=\"644\" height=\"429\" src=\"https:\/\/www.uartes.edu.ec\/sitio\/wp-content\/uploads\/2026\/01\/Amalina11-644x429.jpg\" alt=\"\" class=\"wp-image-85136\" style=\"width:482px;height:auto\" srcset=\"https:\/\/www.uartes.edu.ec\/sitio\/wp-content\/uploads\/2026\/01\/Amalina11-644x429.jpg 644w, https:\/\/www.uartes.edu.ec\/sitio\/wp-content\/uploads\/2026\/01\/Amalina11-300x200.jpg 300w, https:\/\/www.uartes.edu.ec\/sitio\/wp-content\/uploads\/2026\/01\/Amalina11-768x512.jpg 768w, https:\/\/www.uartes.edu.ec\/sitio\/wp-content\/uploads\/2026\/01\/Amalina11-1536x1024.jpg 1536w, https:\/\/www.uartes.edu.ec\/sitio\/wp-content\/uploads\/2026\/01\/Amalina11-18x12.jpg 18w, https:\/\/www.uartes.edu.ec\/sitio\/wp-content\/uploads\/2026\/01\/Amalina11-600x400.jpg 600w, https:\/\/www.uartes.edu.ec\/sitio\/wp-content\/uploads\/2026\/01\/Amalina11-400x267.jpg 400w, https:\/\/www.uartes.edu.ec\/sitio\/wp-content\/uploads\/2026\/01\/Amalina11.jpg 2000w\" sizes=\"(max-width: 644px) 100vw, 644px\" \/><\/figure>\n<\/div>\n\n\n<h3 class=\"wp-block-heading\">Otros proyectos de Laboratorio Interdisciplinar<\/h3>\n\n\n\n<p>Amalina Bomnin tiene seis paralelos y dos son de Laboratorio Interdisciplinar, cuyo programa de estudio se desarrolla b\u00e1sicamente en el aprendizaje basado en proyectos. De all\u00ed que, as\u00ed como \u201cSynthesensory\u201d, se han desarrollado otras propuestas y otros resultados que se ir\u00e1n presentando dentro y fuera del aula. La docente destaca el desaf\u00edo que ha sido para todos (primera vez que dicta la materia), pues no se trata solo del arte, sino de su vinculaci\u00f3n con otras \u00e1reas del saber. \u201cHay mixturas. Si usas m\u00fasica, poes\u00eda y video est\u00e1s haciendo un trabajo multidisciplinario dentro de los mismos lenguajes del arte\u201d.<\/p>\n\n\n\n<p>Indica tambi\u00e9n que la presentaci\u00f3n de los proyectos no es un examen impuesto porque \u201cno debemos aspirar a una educaci\u00f3n cuantitativa, sino cualitativa, donde ellos se sientan comprometidos con lo que est\u00e1n haciendo y lo disfruten\u201d; para llegar a la concepci\u00f3n de los proyectos les plante\u00f3 una pregunta-problema a la que deb\u00edan dar soluci\u00f3n te\u00f3rica.<\/p>\n\n\n\n<p>Los otros proyectos trabajados por sus estudiantes son: <strong>Recetario ancestral,\u00a0<\/strong>un<strong> <\/strong>blog con f\u00f3rmulas medicinales ancestrales para contrarrestar el efecto nocivo de los medicamentos farmac\u00e9uticos; intervienen G\u00e9nesis Cuenca, Madeline Chicaiza, Mariela Cano y Carlos Azogue.<\/p>\n\n\n\n<p><strong>\u00d1ukanchic Rimay-Nuestra voz viva: <\/strong>plataforma cultural y educativa para la ense\u00f1anza del quichua; participan Julia Toledo, Brian Calle y Andrea Holgu\u00edn.<\/p>\n\n\n\n<p><strong>Tierra de Quena:<\/strong> plataforma interactiva para ni\u00f1os y j\u00f3venes que contrarresta el uso de dispositivos digitales y promueve el turismo de naturaleza y el conocimiento de la m\u00fasica ecuatoriana: Robinson&nbsp;Espinoza, Mar\u00eda Fernanda Fajardo, Karina Cumbal y Daniel El\u00edas Burgos.<\/p>\n\n\n\n<p><strong>Una cita en el museo andante: <\/strong>el archivo comunitario de experiencias guayacas. Salma Pincay y Deyanira G\u00f3mez propusieron una acci\u00f3n performativa para promover espacios de interacci\u00f3n y recuperaci\u00f3n de la memoria a trav\u00e9s de un minimuseo ambulante.<\/p>\n\n\n\n<p><strong>Infancias en haikus:\u00a0<\/strong>propuesta de Luisa Castellano, Geovanna Goyes, Frida Loor y Romina Ram\u00edrez. <\/p>\n\n\n\n<p>En \u201c<strong>Museo: memorias, cuerpos e historias\u201d,<\/strong> Gabriela Zabala y Ronal Medina crearon un blog a la memoria de los desaparecidos en Ecuador.<\/p>\n\n\n\n<p><strong>Derechos de la naturaleza: <\/strong>mural realizado en una unidad educativa a partir de talleres con ni\u00f1os, quienes grafican su relaci\u00f3n y responsabilidad hacia la naturaleza; participan Gilberto Arencibia, Mell Hungr\u00eda y Leonardo Baz\u00e1n.\u00a0<\/p>\n\n\n\n<p><strong>Aguavida:<\/strong> cortometraje sobre la incidencia negativa de la miner\u00eda ilegal en Cojitambo, parroquia rural del cant\u00f3n Azogues, en la provincia de Ca\u00f1ar.<\/p>\n\n\n\n<p>Texto y fotos: Carmen Cortez\/Dircom con la colaboraci\u00f3n de la docente Amalina Bomnin. En im\u00e1genes, el afiche que anuncia la presentaci\u00f3n de este 26 de enero y los estudiantes de uno de los paralelos de la clase de Laboratorio Interdisciplinar.<\/p>\n\n\n\n<p><\/p>\n","protected":false},"excerpt":{"rendered":"<p>Estudiantes de Artes Visuales, Artes Sonoras y Artes Esc\u00e9nicas presentar\u00e1n este 26 de enero resultados del proyecto \u201cSynthesensory\u201d, que surgi\u00f3 en Laboratorio Interdisciplinar y busca, con la creaci\u00f3n de un paisaje sonoro y danza, concientizar sobre la contaminaci\u00f3n ac\u00fastica en Guayaquil y de cu\u00e1nto afecta a personas neurodivergentes. Funciones: 13:30 y 15:00 en El Cubo (Pabell\u00f3n Humberto Salgado).<\/p>\n","protected":false},"author":10,"featured_media":85133,"comment_status":"open","ping_status":"open","sticky":false,"template":"","format":"standard","meta":{"_acf_changed":false,"_uag_custom_page_level_css":"","_monsterinsights_skip_tracking":false,"_monsterinsights_sitenote_active":false,"_monsterinsights_sitenote_note":"","_monsterinsights_sitenote_category":0,"cybocfi_hide_featured_image":"","footnotes":""},"categories":[80,159,150,157,75,76,174],"tags":[518],"infouartes":[],"class_list":["post-85132","post","type-post","status-publish","format-standard","has-post-thumbnail","hentry","category-academico","category-artes-escenicas","category-artes-sonoras","category-artes-visuales","category-docentes","category-estudiantes","category-transversal","tag-produccion"],"acf":[],"yoast_head":"<!-- This site is optimized with the Yoast SEO plugin v27.4 - https:\/\/yoast.com\/product\/yoast-seo-wordpress\/ -->\n<title>Universidad de las Artes - Proyecto interdisciplinar \u201cSynthesensory\u201d expone con paisaje sonoro y danza la contaminaci\u00f3n ac\u00fastica en Guayaquil<\/title>\n<meta name=\"description\" content=\"Universidad de las Artes - Proyecto interdisciplinar \u201cSynthesensory\u201d expone con paisaje sonoro y danza la contaminaci\u00f3n ac\u00fastica en Guayaquil\" \/>\n<meta name=\"robots\" content=\"index, follow, max-snippet:-1, max-image-preview:large, max-video-preview:-1\" \/>\n<link rel=\"canonical\" href=\"https:\/\/www.uartes.edu.ec\/sitio\/blog\/2026\/01\/23\/synthesensory-y-la-contaminacion-acustica-de-guayaquil-proyecto-interdisciplinar-pensado-en-personas-neurodivergentes\/\" \/>\n<meta property=\"og:locale\" content=\"es_ES\" \/>\n<meta property=\"og:type\" content=\"article\" \/>\n<meta property=\"og:title\" content=\"Universidad de las Artes - Proyecto interdisciplinar \u201cSynthesensory\u201d expone con paisaje sonoro y danza la contaminaci\u00f3n ac\u00fastica en Guayaquil\" \/>\n<meta property=\"og:description\" content=\"Universidad de las Artes - Proyecto interdisciplinar \u201cSynthesensory\u201d expone con paisaje sonoro y danza la contaminaci\u00f3n ac\u00fastica en Guayaquil\" \/>\n<meta property=\"og:url\" content=\"https:\/\/www.uartes.edu.ec\/sitio\/blog\/2026\/01\/23\/synthesensory-y-la-contaminacion-acustica-de-guayaquil-proyecto-interdisciplinar-pensado-en-personas-neurodivergentes\/\" \/>\n<meta property=\"og:site_name\" content=\"Universidad de las Artes\" \/>\n<meta property=\"article:publisher\" content=\"https:\/\/www.facebook.com\/uartesec\" \/>\n<meta property=\"article:published_time\" content=\"2026-01-23T23:20:00+00:00\" \/>\n<meta property=\"article:modified_time\" content=\"2026-01-26T17:49:31+00:00\" \/>\n<meta property=\"og:image\" content=\"https:\/\/www.uartes.edu.ec\/sitio\/wp-content\/uploads\/2026\/01\/Proyecto-Cambiar-tamano-de-imagen-2026-01-19T182623.178.jpeg\" \/>\n\t<meta property=\"og:image:width\" content=\"2000\" \/>\n\t<meta property=\"og:image:height\" content=\"1333\" \/>\n\t<meta property=\"og:image:type\" content=\"image\/jpeg\" \/>\n<meta name=\"author\" content=\"ccortez\" \/>\n<meta name=\"twitter:card\" content=\"summary_large_image\" \/>\n<meta name=\"twitter:creator\" content=\"@uartesec\" \/>\n<meta name=\"twitter:site\" content=\"@uartesec\" \/>\n<meta name=\"twitter:label1\" content=\"Escrito por\" \/>\n\t<meta name=\"twitter:data1\" content=\"ccortez\" \/>\n\t<meta name=\"twitter:label2\" content=\"Tiempo de lectura\" \/>\n\t<meta name=\"twitter:data2\" content=\"6 minutos\" \/>\n<script type=\"application\/ld+json\" class=\"yoast-schema-graph\">{\"@context\":\"https:\\\/\\\/schema.org\",\"@graph\":[{\"@type\":\"Article\",\"@id\":\"https:\\\/\\\/www.uartes.edu.ec\\\/sitio\\\/blog\\\/2026\\\/01\\\/23\\\/synthesensory-y-la-contaminacion-acustica-de-guayaquil-proyecto-interdisciplinar-pensado-en-personas-neurodivergentes\\\/#article\",\"isPartOf\":{\"@id\":\"https:\\\/\\\/www.uartes.edu.ec\\\/sitio\\\/blog\\\/2026\\\/01\\\/23\\\/synthesensory-y-la-contaminacion-acustica-de-guayaquil-proyecto-interdisciplinar-pensado-en-personas-neurodivergentes\\\/\"},\"author\":{\"name\":\"ccortez\",\"@id\":\"https:\\\/\\\/www.uartes.edu.ec\\\/sitio\\\/#\\\/schema\\\/person\\\/efa1b8275797664fd7f13a79ccc0b1f4\"},\"headline\":\"Proyecto interdisciplinar \u201cSynthesensory\u201d expone con paisaje sonoro y danza la contaminaci\u00f3n ac\u00fastica en Guayaquil\",\"datePublished\":\"2026-01-23T23:20:00+00:00\",\"dateModified\":\"2026-01-26T17:49:31+00:00\",\"mainEntityOfPage\":{\"@id\":\"https:\\\/\\\/www.uartes.edu.ec\\\/sitio\\\/blog\\\/2026\\\/01\\\/23\\\/synthesensory-y-la-contaminacion-acustica-de-guayaquil-proyecto-interdisciplinar-pensado-en-personas-neurodivergentes\\\/\"},\"wordCount\":1168,\"commentCount\":0,\"publisher\":{\"@id\":\"https:\\\/\\\/www.uartes.edu.ec\\\/sitio\\\/#organization\"},\"image\":{\"@id\":\"https:\\\/\\\/www.uartes.edu.ec\\\/sitio\\\/blog\\\/2026\\\/01\\\/23\\\/synthesensory-y-la-contaminacion-acustica-de-guayaquil-proyecto-interdisciplinar-pensado-en-personas-neurodivergentes\\\/#primaryimage\"},\"thumbnailUrl\":\"https:\\\/\\\/www.uartes.edu.ec\\\/sitio\\\/wp-content\\\/uploads\\\/2026\\\/01\\\/Proyecto-Cambiar-tamano-de-imagen-2026-01-19T182623.178.jpeg\",\"keywords\":[\"producci\u00f3n\"],\"articleSection\":[\"Acad\u00e9mico\",\"Artes Esc\u00e9nicas\",\"Artes Sonoras\",\"Artes Visuales\",\"Docentes\",\"Estudiantes\",\"Transversal\"],\"inLanguage\":\"es\",\"potentialAction\":[{\"@type\":\"CommentAction\",\"name\":\"Comment\",\"target\":[\"https:\\\/\\\/www.uartes.edu.ec\\\/sitio\\\/blog\\\/2026\\\/01\\\/23\\\/synthesensory-y-la-contaminacion-acustica-de-guayaquil-proyecto-interdisciplinar-pensado-en-personas-neurodivergentes\\\/#respond\"]}]},{\"@type\":[\"WebPage\",\"ItemPage\"],\"@id\":\"https:\\\/\\\/www.uartes.edu.ec\\\/sitio\\\/blog\\\/2026\\\/01\\\/23\\\/synthesensory-y-la-contaminacion-acustica-de-guayaquil-proyecto-interdisciplinar-pensado-en-personas-neurodivergentes\\\/\",\"url\":\"https:\\\/\\\/www.uartes.edu.ec\\\/sitio\\\/blog\\\/2026\\\/01\\\/23\\\/synthesensory-y-la-contaminacion-acustica-de-guayaquil-proyecto-interdisciplinar-pensado-en-personas-neurodivergentes\\\/\",\"name\":\"Universidad de las Artes - Proyecto interdisciplinar \u201cSynthesensory\u201d expone con paisaje sonoro y danza la contaminaci\u00f3n ac\u00fastica en Guayaquil\",\"isPartOf\":{\"@id\":\"https:\\\/\\\/www.uartes.edu.ec\\\/sitio\\\/#website\"},\"primaryImageOfPage\":{\"@id\":\"https:\\\/\\\/www.uartes.edu.ec\\\/sitio\\\/blog\\\/2026\\\/01\\\/23\\\/synthesensory-y-la-contaminacion-acustica-de-guayaquil-proyecto-interdisciplinar-pensado-en-personas-neurodivergentes\\\/#primaryimage\"},\"image\":{\"@id\":\"https:\\\/\\\/www.uartes.edu.ec\\\/sitio\\\/blog\\\/2026\\\/01\\\/23\\\/synthesensory-y-la-contaminacion-acustica-de-guayaquil-proyecto-interdisciplinar-pensado-en-personas-neurodivergentes\\\/#primaryimage\"},\"thumbnailUrl\":\"https:\\\/\\\/www.uartes.edu.ec\\\/sitio\\\/wp-content\\\/uploads\\\/2026\\\/01\\\/Proyecto-Cambiar-tamano-de-imagen-2026-01-19T182623.178.jpeg\",\"datePublished\":\"2026-01-23T23:20:00+00:00\",\"dateModified\":\"2026-01-26T17:49:31+00:00\",\"description\":\"Universidad de las Artes - Proyecto interdisciplinar \u201cSynthesensory\u201d expone con paisaje sonoro y danza la contaminaci\u00f3n ac\u00fastica en Guayaquil\",\"breadcrumb\":{\"@id\":\"https:\\\/\\\/www.uartes.edu.ec\\\/sitio\\\/blog\\\/2026\\\/01\\\/23\\\/synthesensory-y-la-contaminacion-acustica-de-guayaquil-proyecto-interdisciplinar-pensado-en-personas-neurodivergentes\\\/#breadcrumb\"},\"inLanguage\":\"es\",\"potentialAction\":[{\"@type\":\"ReadAction\",\"target\":[\"https:\\\/\\\/www.uartes.edu.ec\\\/sitio\\\/blog\\\/2026\\\/01\\\/23\\\/synthesensory-y-la-contaminacion-acustica-de-guayaquil-proyecto-interdisciplinar-pensado-en-personas-neurodivergentes\\\/\"]}]},{\"@type\":\"ImageObject\",\"inLanguage\":\"es\",\"@id\":\"https:\\\/\\\/www.uartes.edu.ec\\\/sitio\\\/blog\\\/2026\\\/01\\\/23\\\/synthesensory-y-la-contaminacion-acustica-de-guayaquil-proyecto-interdisciplinar-pensado-en-personas-neurodivergentes\\\/#primaryimage\",\"url\":\"https:\\\/\\\/www.uartes.edu.ec\\\/sitio\\\/wp-content\\\/uploads\\\/2026\\\/01\\\/Proyecto-Cambiar-tamano-de-imagen-2026-01-19T182623.178.jpeg\",\"contentUrl\":\"https:\\\/\\\/www.uartes.edu.ec\\\/sitio\\\/wp-content\\\/uploads\\\/2026\\\/01\\\/Proyecto-Cambiar-tamano-de-imagen-2026-01-19T182623.178.jpeg\",\"width\":2000,\"height\":1333},{\"@type\":\"BreadcrumbList\",\"@id\":\"https:\\\/\\\/www.uartes.edu.ec\\\/sitio\\\/blog\\\/2026\\\/01\\\/23\\\/synthesensory-y-la-contaminacion-acustica-de-guayaquil-proyecto-interdisciplinar-pensado-en-personas-neurodivergentes\\\/#breadcrumb\",\"itemListElement\":[{\"@type\":\"ListItem\",\"position\":1,\"name\":\"Inicio\",\"item\":\"https:\\\/\\\/www.uartes.edu.ec\\\/sitio\\\/\"},{\"@type\":\"ListItem\",\"position\":2,\"name\":\"Proyecto interdisciplinar \u201cSynthesensory\u201d expone con paisaje sonoro y danza la contaminaci\u00f3n ac\u00fastica en Guayaquil\"}]},{\"@type\":\"WebSite\",\"@id\":\"https:\\\/\\\/www.uartes.edu.ec\\\/sitio\\\/#website\",\"url\":\"https:\\\/\\\/www.uartes.edu.ec\\\/sitio\\\/\",\"name\":\"Universidad de las Artes\",\"description\":\"Sitio oficial de la Universidad Nacional de las Artes del Ecuador\",\"publisher\":{\"@id\":\"https:\\\/\\\/www.uartes.edu.ec\\\/sitio\\\/#organization\"},\"potentialAction\":[{\"@type\":\"SearchAction\",\"target\":{\"@type\":\"EntryPoint\",\"urlTemplate\":\"https:\\\/\\\/www.uartes.edu.ec\\\/sitio\\\/?s={search_term_string}\"},\"query-input\":{\"@type\":\"PropertyValueSpecification\",\"valueRequired\":true,\"valueName\":\"search_term_string\"}}],\"inLanguage\":\"es\"},{\"@type\":\"Organization\",\"@id\":\"https:\\\/\\\/www.uartes.edu.ec\\\/sitio\\\/#organization\",\"name\":\"Universidad de las Artes\",\"url\":\"https:\\\/\\\/www.uartes.edu.ec\\\/sitio\\\/\",\"logo\":{\"@type\":\"ImageObject\",\"inLanguage\":\"es\",\"@id\":\"https:\\\/\\\/www.uartes.edu.ec\\\/sitio\\\/#\\\/schema\\\/logo\\\/image\\\/\",\"url\":\"https:\\\/\\\/www.uartes.edu.ec\\\/sitio\\\/wp-content\\\/uploads\\\/2022\\\/07\\\/logo-ua-horizontal.png\",\"contentUrl\":\"https:\\\/\\\/www.uartes.edu.ec\\\/sitio\\\/wp-content\\\/uploads\\\/2022\\\/07\\\/logo-ua-horizontal.png\",\"width\":800,\"height\":276,\"caption\":\"Universidad de las Artes\"},\"image\":{\"@id\":\"https:\\\/\\\/www.uartes.edu.ec\\\/sitio\\\/#\\\/schema\\\/logo\\\/image\\\/\"},\"sameAs\":[\"https:\\\/\\\/www.facebook.com\\\/uartesec\",\"https:\\\/\\\/x.com\\\/uartesec\",\"https:\\\/\\\/www.tiktok.com\\\/@uartesec\"]},{\"@type\":\"Person\",\"@id\":\"https:\\\/\\\/www.uartes.edu.ec\\\/sitio\\\/#\\\/schema\\\/person\\\/efa1b8275797664fd7f13a79ccc0b1f4\",\"name\":\"ccortez\",\"image\":{\"@type\":\"ImageObject\",\"inLanguage\":\"es\",\"@id\":\"https:\\\/\\\/secure.gravatar.com\\\/avatar\\\/b2a6f664a3ae8e074346ef91775736c5ec479e637ecced6842de9dc98b5da9cd?s=96&d=mm&r=g\",\"url\":\"https:\\\/\\\/secure.gravatar.com\\\/avatar\\\/b2a6f664a3ae8e074346ef91775736c5ec479e637ecced6842de9dc98b5da9cd?s=96&d=mm&r=g\",\"contentUrl\":\"https:\\\/\\\/secure.gravatar.com\\\/avatar\\\/b2a6f664a3ae8e074346ef91775736c5ec479e637ecced6842de9dc98b5da9cd?s=96&d=mm&r=g\",\"caption\":\"ccortez\"},\"url\":\"https:\\\/\\\/www.uartes.edu.ec\\\/sitio\\\/blog\\\/author\\\/ccortez\\\/\"}]}<\/script>\n<!-- \/ Yoast SEO plugin. -->","yoast_head_json":{"title":"Universidad de las Artes - Proyecto interdisciplinar \u201cSynthesensory\u201d expone con paisaje sonoro y danza la contaminaci\u00f3n ac\u00fastica en Guayaquil","description":"Universidad de las Artes - Proyecto interdisciplinar \u201cSynthesensory\u201d expone con paisaje sonoro y danza la contaminaci\u00f3n ac\u00fastica en Guayaquil","robots":{"index":"index","follow":"follow","max-snippet":"max-snippet:-1","max-image-preview":"max-image-preview:large","max-video-preview":"max-video-preview:-1"},"canonical":"https:\/\/www.uartes.edu.ec\/sitio\/blog\/2026\/01\/23\/synthesensory-y-la-contaminacion-acustica-de-guayaquil-proyecto-interdisciplinar-pensado-en-personas-neurodivergentes\/","og_locale":"es_ES","og_type":"article","og_title":"Universidad de las Artes - Proyecto interdisciplinar \u201cSynthesensory\u201d expone con paisaje sonoro y danza la contaminaci\u00f3n ac\u00fastica en Guayaquil","og_description":"Universidad de las Artes - Proyecto interdisciplinar \u201cSynthesensory\u201d expone con paisaje sonoro y danza la contaminaci\u00f3n ac\u00fastica en Guayaquil","og_url":"https:\/\/www.uartes.edu.ec\/sitio\/blog\/2026\/01\/23\/synthesensory-y-la-contaminacion-acustica-de-guayaquil-proyecto-interdisciplinar-pensado-en-personas-neurodivergentes\/","og_site_name":"Universidad de las Artes","article_publisher":"https:\/\/www.facebook.com\/uartesec","article_published_time":"2026-01-23T23:20:00+00:00","article_modified_time":"2026-01-26T17:49:31+00:00","og_image":[{"width":2000,"height":1333,"url":"https:\/\/www.uartes.edu.ec\/sitio\/wp-content\/uploads\/2026\/01\/Proyecto-Cambiar-tamano-de-imagen-2026-01-19T182623.178.jpeg","type":"image\/jpeg"}],"author":"ccortez","twitter_card":"summary_large_image","twitter_creator":"@uartesec","twitter_site":"@uartesec","twitter_misc":{"Escrito por":"ccortez","Tiempo de lectura":"6 minutos"},"schema":{"@context":"https:\/\/schema.org","@graph":[{"@type":"Article","@id":"https:\/\/www.uartes.edu.ec\/sitio\/blog\/2026\/01\/23\/synthesensory-y-la-contaminacion-acustica-de-guayaquil-proyecto-interdisciplinar-pensado-en-personas-neurodivergentes\/#article","isPartOf":{"@id":"https:\/\/www.uartes.edu.ec\/sitio\/blog\/2026\/01\/23\/synthesensory-y-la-contaminacion-acustica-de-guayaquil-proyecto-interdisciplinar-pensado-en-personas-neurodivergentes\/"},"author":{"name":"ccortez","@id":"https:\/\/www.uartes.edu.ec\/sitio\/#\/schema\/person\/efa1b8275797664fd7f13a79ccc0b1f4"},"headline":"Proyecto interdisciplinar \u201cSynthesensory\u201d expone con paisaje sonoro y danza la contaminaci\u00f3n ac\u00fastica en Guayaquil","datePublished":"2026-01-23T23:20:00+00:00","dateModified":"2026-01-26T17:49:31+00:00","mainEntityOfPage":{"@id":"https:\/\/www.uartes.edu.ec\/sitio\/blog\/2026\/01\/23\/synthesensory-y-la-contaminacion-acustica-de-guayaquil-proyecto-interdisciplinar-pensado-en-personas-neurodivergentes\/"},"wordCount":1168,"commentCount":0,"publisher":{"@id":"https:\/\/www.uartes.edu.ec\/sitio\/#organization"},"image":{"@id":"https:\/\/www.uartes.edu.ec\/sitio\/blog\/2026\/01\/23\/synthesensory-y-la-contaminacion-acustica-de-guayaquil-proyecto-interdisciplinar-pensado-en-personas-neurodivergentes\/#primaryimage"},"thumbnailUrl":"https:\/\/www.uartes.edu.ec\/sitio\/wp-content\/uploads\/2026\/01\/Proyecto-Cambiar-tamano-de-imagen-2026-01-19T182623.178.jpeg","keywords":["producci\u00f3n"],"articleSection":["Acad\u00e9mico","Artes Esc\u00e9nicas","Artes Sonoras","Artes Visuales","Docentes","Estudiantes","Transversal"],"inLanguage":"es","potentialAction":[{"@type":"CommentAction","name":"Comment","target":["https:\/\/www.uartes.edu.ec\/sitio\/blog\/2026\/01\/23\/synthesensory-y-la-contaminacion-acustica-de-guayaquil-proyecto-interdisciplinar-pensado-en-personas-neurodivergentes\/#respond"]}]},{"@type":["WebPage","ItemPage"],"@id":"https:\/\/www.uartes.edu.ec\/sitio\/blog\/2026\/01\/23\/synthesensory-y-la-contaminacion-acustica-de-guayaquil-proyecto-interdisciplinar-pensado-en-personas-neurodivergentes\/","url":"https:\/\/www.uartes.edu.ec\/sitio\/blog\/2026\/01\/23\/synthesensory-y-la-contaminacion-acustica-de-guayaquil-proyecto-interdisciplinar-pensado-en-personas-neurodivergentes\/","name":"Universidad de las Artes - Proyecto interdisciplinar \u201cSynthesensory\u201d expone con paisaje sonoro y danza la contaminaci\u00f3n ac\u00fastica en Guayaquil","isPartOf":{"@id":"https:\/\/www.uartes.edu.ec\/sitio\/#website"},"primaryImageOfPage":{"@id":"https:\/\/www.uartes.edu.ec\/sitio\/blog\/2026\/01\/23\/synthesensory-y-la-contaminacion-acustica-de-guayaquil-proyecto-interdisciplinar-pensado-en-personas-neurodivergentes\/#primaryimage"},"image":{"@id":"https:\/\/www.uartes.edu.ec\/sitio\/blog\/2026\/01\/23\/synthesensory-y-la-contaminacion-acustica-de-guayaquil-proyecto-interdisciplinar-pensado-en-personas-neurodivergentes\/#primaryimage"},"thumbnailUrl":"https:\/\/www.uartes.edu.ec\/sitio\/wp-content\/uploads\/2026\/01\/Proyecto-Cambiar-tamano-de-imagen-2026-01-19T182623.178.jpeg","datePublished":"2026-01-23T23:20:00+00:00","dateModified":"2026-01-26T17:49:31+00:00","description":"Universidad de las Artes - Proyecto interdisciplinar \u201cSynthesensory\u201d expone con paisaje sonoro y danza la contaminaci\u00f3n ac\u00fastica en Guayaquil","breadcrumb":{"@id":"https:\/\/www.uartes.edu.ec\/sitio\/blog\/2026\/01\/23\/synthesensory-y-la-contaminacion-acustica-de-guayaquil-proyecto-interdisciplinar-pensado-en-personas-neurodivergentes\/#breadcrumb"},"inLanguage":"es","potentialAction":[{"@type":"ReadAction","target":["https:\/\/www.uartes.edu.ec\/sitio\/blog\/2026\/01\/23\/synthesensory-y-la-contaminacion-acustica-de-guayaquil-proyecto-interdisciplinar-pensado-en-personas-neurodivergentes\/"]}]},{"@type":"ImageObject","inLanguage":"es","@id":"https:\/\/www.uartes.edu.ec\/sitio\/blog\/2026\/01\/23\/synthesensory-y-la-contaminacion-acustica-de-guayaquil-proyecto-interdisciplinar-pensado-en-personas-neurodivergentes\/#primaryimage","url":"https:\/\/www.uartes.edu.ec\/sitio\/wp-content\/uploads\/2026\/01\/Proyecto-Cambiar-tamano-de-imagen-2026-01-19T182623.178.jpeg","contentUrl":"https:\/\/www.uartes.edu.ec\/sitio\/wp-content\/uploads\/2026\/01\/Proyecto-Cambiar-tamano-de-imagen-2026-01-19T182623.178.jpeg","width":2000,"height":1333},{"@type":"BreadcrumbList","@id":"https:\/\/www.uartes.edu.ec\/sitio\/blog\/2026\/01\/23\/synthesensory-y-la-contaminacion-acustica-de-guayaquil-proyecto-interdisciplinar-pensado-en-personas-neurodivergentes\/#breadcrumb","itemListElement":[{"@type":"ListItem","position":1,"name":"Inicio","item":"https:\/\/www.uartes.edu.ec\/sitio\/"},{"@type":"ListItem","position":2,"name":"Proyecto interdisciplinar \u201cSynthesensory\u201d expone con paisaje sonoro y danza la contaminaci\u00f3n ac\u00fastica en Guayaquil"}]},{"@type":"WebSite","@id":"https:\/\/www.uartes.edu.ec\/sitio\/#website","url":"https:\/\/www.uartes.edu.ec\/sitio\/","name":"Universidad de las Artes","description":"Sitio oficial de la Universidad Nacional de las Artes del Ecuador","publisher":{"@id":"https:\/\/www.uartes.edu.ec\/sitio\/#organization"},"potentialAction":[{"@type":"SearchAction","target":{"@type":"EntryPoint","urlTemplate":"https:\/\/www.uartes.edu.ec\/sitio\/?s={search_term_string}"},"query-input":{"@type":"PropertyValueSpecification","valueRequired":true,"valueName":"search_term_string"}}],"inLanguage":"es"},{"@type":"Organization","@id":"https:\/\/www.uartes.edu.ec\/sitio\/#organization","name":"Universidad de las Artes","url":"https:\/\/www.uartes.edu.ec\/sitio\/","logo":{"@type":"ImageObject","inLanguage":"es","@id":"https:\/\/www.uartes.edu.ec\/sitio\/#\/schema\/logo\/image\/","url":"https:\/\/www.uartes.edu.ec\/sitio\/wp-content\/uploads\/2022\/07\/logo-ua-horizontal.png","contentUrl":"https:\/\/www.uartes.edu.ec\/sitio\/wp-content\/uploads\/2022\/07\/logo-ua-horizontal.png","width":800,"height":276,"caption":"Universidad de las Artes"},"image":{"@id":"https:\/\/www.uartes.edu.ec\/sitio\/#\/schema\/logo\/image\/"},"sameAs":["https:\/\/www.facebook.com\/uartesec","https:\/\/x.com\/uartesec","https:\/\/www.tiktok.com\/@uartesec"]},{"@type":"Person","@id":"https:\/\/www.uartes.edu.ec\/sitio\/#\/schema\/person\/efa1b8275797664fd7f13a79ccc0b1f4","name":"ccortez","image":{"@type":"ImageObject","inLanguage":"es","@id":"https:\/\/secure.gravatar.com\/avatar\/b2a6f664a3ae8e074346ef91775736c5ec479e637ecced6842de9dc98b5da9cd?s=96&d=mm&r=g","url":"https:\/\/secure.gravatar.com\/avatar\/b2a6f664a3ae8e074346ef91775736c5ec479e637ecced6842de9dc98b5da9cd?s=96&d=mm&r=g","contentUrl":"https:\/\/secure.gravatar.com\/avatar\/b2a6f664a3ae8e074346ef91775736c5ec479e637ecced6842de9dc98b5da9cd?s=96&d=mm&r=g","caption":"ccortez"},"url":"https:\/\/www.uartes.edu.ec\/sitio\/blog\/author\/ccortez\/"}]}},"uagb_featured_image_src":{"full":["https:\/\/www.uartes.edu.ec\/sitio\/wp-content\/uploads\/2026\/01\/Proyecto-Cambiar-tamano-de-imagen-2026-01-19T182623.178.jpeg",2000,1333,false],"thumbnail":["https:\/\/www.uartes.edu.ec\/sitio\/wp-content\/uploads\/2026\/01\/Proyecto-Cambiar-tamano-de-imagen-2026-01-19T182623.178-150x150.jpeg",150,150,true],"medium":["https:\/\/www.uartes.edu.ec\/sitio\/wp-content\/uploads\/2026\/01\/Proyecto-Cambiar-tamano-de-imagen-2026-01-19T182623.178-300x200.jpeg",300,200,true],"medium_large":["https:\/\/www.uartes.edu.ec\/sitio\/wp-content\/uploads\/2026\/01\/Proyecto-Cambiar-tamano-de-imagen-2026-01-19T182623.178-768x512.jpeg",768,512,true],"large":["https:\/\/www.uartes.edu.ec\/sitio\/wp-content\/uploads\/2026\/01\/Proyecto-Cambiar-tamano-de-imagen-2026-01-19T182623.178-644x429.jpeg",644,429,true],"1536x1536":["https:\/\/www.uartes.edu.ec\/sitio\/wp-content\/uploads\/2026\/01\/Proyecto-Cambiar-tamano-de-imagen-2026-01-19T182623.178-1536x1024.jpeg",1536,1024,true],"2048x2048":["https:\/\/www.uartes.edu.ec\/sitio\/wp-content\/uploads\/2026\/01\/Proyecto-Cambiar-tamano-de-imagen-2026-01-19T182623.178.jpeg",2000,1333,false],"trp-custom-language-flag":["https:\/\/www.uartes.edu.ec\/sitio\/wp-content\/uploads\/2026\/01\/Proyecto-Cambiar-tamano-de-imagen-2026-01-19T182623.178-18x12.jpeg",18,12,true],"htmega_size_585x295":["https:\/\/www.uartes.edu.ec\/sitio\/wp-content\/uploads\/2026\/01\/Proyecto-Cambiar-tamano-de-imagen-2026-01-19T182623.178-585x295.jpeg",585,295,true],"htmega_size_1170x536":["https:\/\/www.uartes.edu.ec\/sitio\/wp-content\/uploads\/2026\/01\/Proyecto-Cambiar-tamano-de-imagen-2026-01-19T182623.178-1170x536.jpeg",1170,536,true],"htmega_size_396x360":["https:\/\/www.uartes.edu.ec\/sitio\/wp-content\/uploads\/2026\/01\/Proyecto-Cambiar-tamano-de-imagen-2026-01-19T182623.178-396x360.jpeg",396,360,true],"gb-block-post-grid-landscape":["https:\/\/www.uartes.edu.ec\/sitio\/wp-content\/uploads\/2026\/01\/Proyecto-Cambiar-tamano-de-imagen-2026-01-19T182623.178-600x400.jpeg",600,400,true],"gb-block-post-grid-square":["https:\/\/www.uartes.edu.ec\/sitio\/wp-content\/uploads\/2026\/01\/Proyecto-Cambiar-tamano-de-imagen-2026-01-19T182623.178-600x600.jpeg",600,600,true],"university-hub-thumb":["https:\/\/www.uartes.edu.ec\/sitio\/wp-content\/uploads\/2026\/01\/Proyecto-Cambiar-tamano-de-imagen-2026-01-19T182623.178-400x267.jpeg",400,267,true]},"uagb_author_info":{"display_name":"ccortez","author_link":"https:\/\/www.uartes.edu.ec\/sitio\/blog\/author\/ccortez\/"},"uagb_comment_info":0,"uagb_excerpt":"Estudiantes de Artes Visuales, Artes Sonoras y Artes Esc\u00e9nicas presentar\u00e1n este 26 de enero resultados del proyecto \u201cSynthesensory\u201d, que surgi\u00f3 en Laboratorio Interdisciplinar y busca, con la creaci\u00f3n de un paisaje sonoro y danza, concientizar sobre la contaminaci\u00f3n ac\u00fastica en Guayaquil y de cu\u00e1nto afecta a personas neurodivergentes. Funciones: 13:30 y 15:00 en El Cubo&hellip;","featured_image_src":"https:\/\/www.uartes.edu.ec\/sitio\/wp-content\/uploads\/2026\/01\/Proyecto-Cambiar-tamano-de-imagen-2026-01-19T182623.178-600x400.jpeg","featured_image_src_square":"https:\/\/www.uartes.edu.ec\/sitio\/wp-content\/uploads\/2026\/01\/Proyecto-Cambiar-tamano-de-imagen-2026-01-19T182623.178-600x600.jpeg","author_info":{"display_name":"ccortez","author_link":"https:\/\/www.uartes.edu.ec\/sitio\/blog\/author\/ccortez\/"},"publishpress_future_workflow_manual_trigger":{"enabledWorkflows":[]},"distributor_meta":false,"distributor_terms":false,"distributor_media":false,"distributor_original_site_name":"Universidad de las Artes","distributor_original_site_url":"https:\/\/www.uartes.edu.ec\/sitio","push-errors":false,"_links":{"self":[{"href":"https:\/\/www.uartes.edu.ec\/sitio\/wp-json\/wp\/v2\/posts\/85132","targetHints":{"allow":["GET"]}}],"collection":[{"href":"https:\/\/www.uartes.edu.ec\/sitio\/wp-json\/wp\/v2\/posts"}],"about":[{"href":"https:\/\/www.uartes.edu.ec\/sitio\/wp-json\/wp\/v2\/types\/post"}],"author":[{"embeddable":true,"href":"https:\/\/www.uartes.edu.ec\/sitio\/wp-json\/wp\/v2\/users\/10"}],"replies":[{"embeddable":true,"href":"https:\/\/www.uartes.edu.ec\/sitio\/wp-json\/wp\/v2\/comments?post=85132"}],"version-history":[{"count":12,"href":"https:\/\/www.uartes.edu.ec\/sitio\/wp-json\/wp\/v2\/posts\/85132\/revisions"}],"predecessor-version":[{"id":85208,"href":"https:\/\/www.uartes.edu.ec\/sitio\/wp-json\/wp\/v2\/posts\/85132\/revisions\/85208"}],"wp:featuredmedia":[{"embeddable":true,"href":"https:\/\/www.uartes.edu.ec\/sitio\/wp-json\/wp\/v2\/media\/85133"}],"wp:attachment":[{"href":"https:\/\/www.uartes.edu.ec\/sitio\/wp-json\/wp\/v2\/media?parent=85132"}],"wp:term":[{"taxonomy":"category","embeddable":true,"href":"https:\/\/www.uartes.edu.ec\/sitio\/wp-json\/wp\/v2\/categories?post=85132"},{"taxonomy":"post_tag","embeddable":true,"href":"https:\/\/www.uartes.edu.ec\/sitio\/wp-json\/wp\/v2\/tags?post=85132"},{"taxonomy":"infouartes","embeddable":true,"href":"https:\/\/www.uartes.edu.ec\/sitio\/wp-json\/wp\/v2\/infouartes?post=85132"}],"curies":[{"name":"wp","href":"https:\/\/api.w.org\/{rel}","templated":true}]}}