{"id":8596,"date":"2020-09-03T16:35:08","date_gmt":"2020-09-03T21:35:08","guid":{"rendered":"http:\/\/www.uartes.edu.ec\/sitio\/?p=8596"},"modified":"2024-07-04T11:36:09","modified_gmt":"2024-07-04T16:36:09","slug":"revista-academica-contrapulso-publica-un-articulo-del-docente-luis-perez-valero","status":"publish","type":"post","link":"https:\/\/www.uartes.edu.ec\/sitio\/blog\/2020\/09\/03\/revista-academica-contrapulso-publica-un-articulo-del-docente-luis-perez-valero\/","title":{"rendered":"Revista acad\u00e9mica \u201cContrapulso\u201d publica un art\u00edculo del docente Luis P\u00e9rez Valero"},"content":{"rendered":"\n<p>En el reciente n\u00famero de la revista acad\u00e9mica chilena <em>Contrapulso<\/em> consta una rese\u00f1a de la autor\u00eda del docente Luis P\u00e9rez Valero, de la Escuela de Artes Sonoras de la Universidad de las Artes. Es sobre el libro <em>Recording Analysis,<\/em> del doctor William Moylan, profesor de la Universidad de Massachusetts Lowell, quien investiga c\u00f3mo el proceso de grabar una canci\u00f3n se transforma en una experiencia m\u00e1s rica y articula c\u00f3mo los elementos \u00fanicos del sonido grabado proporcionan sustancia y expresi\u00f3n esenciales a la m\u00fasica grabada.<\/p>\n\n\n\n<p>El profesor Luis P\u00e9rez Valero inicia su art\u00edculo se\u00f1alando que la producci\u00f3n musical es una profesi\u00f3n que se estudia hoy en d\u00eda en las universidades, se diserta sobre ella y genera conocimientos desde las ciencias sociales, la musicolog\u00eda y la tecnolog\u00eda. \u201cAntes de su inmersi\u00f3n en la academia, la producci\u00f3n musical se ejerc\u00eda como un oficio t\u00e9cnico \u2013procesos de grabaci\u00f3n, microfon\u00eda, mezcla, mastering, entre otros\u2013 y aspectos administrativos como la firma de contratos, alquiler de espacios de grabaci\u00f3n o pagos a m\u00fasicos ocasionales (\u2026)\u201d.<\/p>\n\n\n\n<p>Anota que en la grabaci\u00f3n se sintetiza un proceso de producci\u00f3n musical, donde aparecen el compositor, el arreglista, el ejecutivo, el ingeniero de mezclas, entre otras \u00e1reas que ayudan a consolidar la calidad musical de una producci\u00f3n; tambi\u00e9n el productor musical es clave para \u201cconseguir el clima adecuado\u201d en el registro de la interpretaci\u00f3n de mayor calidad.<\/p>\n\n\n\n<p>\u201cEl texto de William Moylan, quien ha tenido una larga trayectoria acad\u00e9mica en torno al an\u00e1lisis y escucha cr\u00edtica de la m\u00fasica popular, aparece en un momento en el cual los estudiantes de producci\u00f3n musical necesitan&nbsp; herramientas de la musicolog\u00eda y, a la vez, los investigadores necesitan herramientas para analizar la m\u00fasica popular desde los&nbsp; conceptos de grabaci\u00f3n y producci\u00f3n musical cuando se enfrentan al disco su propia esencia: el fonograma\u201d, escribe Luis P\u00e9rez Valero, quien es compositor, music\u00f3logo e investigador, y junto a la tambi\u00e9n docente de la EAS, <a href=\"https:\/\/www.youtube.com\/watch?v=c_m5_ge6Y9I\">Meining Cheung, public\u00f3 en junio pasado la obra <em>Producci\u00f3n&nbsp;Musical Pedagog\u00eda e Investigaci\u00f3n,<\/em> bajo el sello UArtes Ediciones.<\/a><\/p>\n\n\n\n<p>La investigaci\u00f3n en producci\u00f3n musical es un hecho, a\u00f1ade el docente UArtes. \u201cNo solo desde el campo de acci\u00f3n de otras disciplinas, sino para la propia musicolog\u00eda. En el libro son presentados los aspectos b\u00e1sicos que a nivel musical deben ser considerados para luego concentrarse en la letra desde la voz. En este punto, es innegable que hagamos referencia a Allan F. Moore, cuyos trabajos han brindado caminos para un an\u00e1lisis de la m\u00fasica popular, aunque concentrado en aspectos m\u00e1s musicales que t\u00e9cnicos de la grabaci\u00f3n; desde esta perspectiva, por momentos se desplaza el foco de atenci\u00f3n de la est\u00e9tica de la grabaci\u00f3n hacia la m\u00fasica en s\u00ed\u201d.<\/p>\n\n\n\n<p>La primera parte del texto de Moylan se cierra con la relaci\u00f3n intr\u00ednseca que existe entre el cantante y el texto, imagen indisoluble del resultado de la producci\u00f3n musical, de las decisiones entre arreglista, int\u00e9rprete y concepto de la grabaci\u00f3n. El autor entrega&nbsp; varios ejemplos ilustrativos de cada caso, sobre la importancia del contexto de la canci\u00f3n y sus posibles significados, por lo cual, sugerimos se complemente con la escucha atenta de las referencias.<\/p>\n\n\n\n<p>En la segunda parte, Moylan despoja cualquier pre\u00e1mbulo musical y nos presenta de manera directa con los aspectos t\u00e9cnicos y el resultado est\u00e9tico que se obtiene en la grabaci\u00f3n, aspectos que son cada vez m\u00e1s expuestos y necesarios desde el \u00e1mbito de la investigaci\u00f3n musicol\u00f3gica. Nos presenta los conceptos de altura, timbre, notaci\u00f3n y escucha para complementar las caracter\u00edsticas de la primera parte del libro junto al an\u00e1lisis de la grabaci\u00f3n.<\/p>\n\n\n\n<p>Para quienes se adentran por primera vez en el an\u00e1lisis de la grabaci\u00f3n, requiere especial atenci\u00f3n el apartado ocho de la segunda parte, en la cual el autor explica de forma did\u00e1ctica la espacialidad dentro de la grabaci\u00f3n; en este sentido, es inevitable considerar los aportes que en su momento hizo Gibson al respecto y que, desde lo t\u00e9cnico puede complementarse con los trabajos de Bobby Owsinski.<\/p>\n\n\n\n<p>Con el car\u00e1cter pedag\u00f3gico que viene caracterizando la presentaci\u00f3n de los contenidos de William Moylan, el libro finaliza con la puesta en pr\u00e1ctica de los conocimientos adquiridos a trav\u00e9s de an\u00e1lisis de las grabaciones exponiendo el sistema que se ha ense\u00f1ado.&nbsp;&nbsp;<\/p>\n\n\n\n<p><strong>Revista acad\u00e9mica semestral<\/strong><br><em>Contrapulso&nbsp;<\/em>es una revista semestral de acceso libre publicada por la Facultad de Filosof\u00eda y Humanidades de la Universidad Alberto Hurtado de Chile, con arbitraje an\u00f3nimo de pares externos. Publica art\u00edculos sobre m\u00fasica popular en Am\u00e9rica Latina y El Caribe: desde el escrutinio musical, literario, tecnol\u00f3gico y\/o performativo del repertorio popular, hasta el estudio de la formaci\u00f3n de identidades colectivas a trav\u00e9s de esta m\u00fasica.<\/p>\n\n\n\n<p>Link de la rese\u00f1a completa del docente Luis P\u00e9rez Valero en <em>Contrapulso<\/em>:<br><a href=\"https:\/\/contrapulso.uahurtado.cl\/index.php\/cp\/article\/view\/59\">https:\/\/contrapulso.uahurtado.cl\/index.php\/cp\/article\/view\/59<\/a><\/p>\n","protected":false},"excerpt":{"rendered":"<p>En el reciente n\u00famero de la revista acad\u00e9mica chilena Contrapulso consta una rese\u00f1a de la autor\u00eda del docente Luis P\u00e9rez Valero, de la Escuela de Artes Sonoras de la Universidad de las Artes. <\/p>\n","protected":false},"author":1,"featured_media":8600,"comment_status":"closed","ping_status":"closed","sticky":false,"template":"","format":"standard","meta":{"_acf_changed":false,"_uag_custom_page_level_css":"","_monsterinsights_skip_tracking":false,"_monsterinsights_sitenote_active":false,"_monsterinsights_sitenote_note":"","_monsterinsights_sitenote_category":0,"cybocfi_hide_featured_image":"","footnotes":""},"categories":[80,150,75],"tags":[],"infouartes":[],"class_list":["post-8596","post","type-post","status-publish","format-standard","has-post-thumbnail","hentry","category-academico","category-artes-sonoras","category-docentes"],"acf":[],"yoast_head":"<!-- This site is optimized with the Yoast SEO plugin v27.4 - https:\/\/yoast.com\/product\/yoast-seo-wordpress\/ -->\n<title>Universidad de las Artes - Revista acad\u00e9mica \u201cContrapulso\u201d publica un art\u00edculo del docente Luis P\u00e9rez Valero<\/title>\n<meta name=\"description\" content=\"Universidad de las Artes - Revista acad\u00e9mica \u201cContrapulso\u201d publica un art\u00edculo del docente Luis P\u00e9rez Valero\" \/>\n<meta name=\"robots\" content=\"index, follow, max-snippet:-1, max-image-preview:large, max-video-preview:-1\" \/>\n<link rel=\"canonical\" href=\"https:\/\/www.uartes.edu.ec\/sitio\/blog\/2020\/09\/03\/revista-academica-contrapulso-publica-un-articulo-del-docente-luis-perez-valero\/\" \/>\n<meta property=\"og:locale\" content=\"es_ES\" \/>\n<meta property=\"og:type\" content=\"article\" \/>\n<meta property=\"og:title\" content=\"Universidad de las Artes - Revista acad\u00e9mica \u201cContrapulso\u201d publica un art\u00edculo del docente Luis P\u00e9rez Valero\" \/>\n<meta property=\"og:description\" content=\"Universidad de las Artes - Revista acad\u00e9mica \u201cContrapulso\u201d publica un art\u00edculo del docente Luis P\u00e9rez Valero\" \/>\n<meta property=\"og:url\" content=\"https:\/\/www.uartes.edu.ec\/sitio\/blog\/2020\/09\/03\/revista-academica-contrapulso-publica-un-articulo-del-docente-luis-perez-valero\/\" \/>\n<meta property=\"og:site_name\" content=\"Universidad de las Artes\" \/>\n<meta property=\"article:publisher\" content=\"https:\/\/www.facebook.com\/uartesec\" \/>\n<meta property=\"article:published_time\" content=\"2020-09-03T21:35:08+00:00\" \/>\n<meta property=\"article:modified_time\" content=\"2024-07-04T16:36:09+00:00\" \/>\n<meta property=\"og:image\" content=\"https:\/\/www.uartes.edu.ec\/sitio\/wp-content\/uploads\/2020\/09\/Luis-Perez-Valero_.jpg\" \/>\n\t<meta property=\"og:image:width\" content=\"2000\" \/>\n\t<meta property=\"og:image:height\" content=\"1333\" \/>\n\t<meta property=\"og:image:type\" content=\"image\/jpeg\" \/>\n<meta name=\"author\" content=\"Universidad de las Artes\" \/>\n<meta name=\"twitter:card\" content=\"summary_large_image\" \/>\n<meta name=\"twitter:creator\" content=\"@uartesec\" \/>\n<meta name=\"twitter:site\" content=\"@uartesec\" \/>\n<meta name=\"twitter:label1\" content=\"Escrito por\" \/>\n\t<meta name=\"twitter:data1\" content=\"Universidad de las Artes\" \/>\n\t<meta name=\"twitter:label2\" content=\"Tiempo de lectura\" \/>\n\t<meta name=\"twitter:data2\" content=\"4 minutos\" \/>\n<script type=\"application\/ld+json\" class=\"yoast-schema-graph\">{\"@context\":\"https:\\\/\\\/schema.org\",\"@graph\":[{\"@type\":\"Article\",\"@id\":\"https:\\\/\\\/www.uartes.edu.ec\\\/sitio\\\/blog\\\/2020\\\/09\\\/03\\\/revista-academica-contrapulso-publica-un-articulo-del-docente-luis-perez-valero\\\/#article\",\"isPartOf\":{\"@id\":\"https:\\\/\\\/www.uartes.edu.ec\\\/sitio\\\/blog\\\/2020\\\/09\\\/03\\\/revista-academica-contrapulso-publica-un-articulo-del-docente-luis-perez-valero\\\/\"},\"author\":{\"name\":\"Universidad de las Artes\",\"@id\":\"https:\\\/\\\/www.uartes.edu.ec\\\/sitio\\\/#\\\/schema\\\/person\\\/f33f8c1d2af0d5c80a38c8abf458184a\"},\"headline\":\"Revista acad\u00e9mica \u201cContrapulso\u201d publica un art\u00edculo del docente Luis P\u00e9rez Valero\",\"datePublished\":\"2020-09-03T21:35:08+00:00\",\"dateModified\":\"2024-07-04T16:36:09+00:00\",\"mainEntityOfPage\":{\"@id\":\"https:\\\/\\\/www.uartes.edu.ec\\\/sitio\\\/blog\\\/2020\\\/09\\\/03\\\/revista-academica-contrapulso-publica-un-articulo-del-docente-luis-perez-valero\\\/\"},\"wordCount\":908,\"publisher\":{\"@id\":\"https:\\\/\\\/www.uartes.edu.ec\\\/sitio\\\/#organization\"},\"image\":{\"@id\":\"https:\\\/\\\/www.uartes.edu.ec\\\/sitio\\\/blog\\\/2020\\\/09\\\/03\\\/revista-academica-contrapulso-publica-un-articulo-del-docente-luis-perez-valero\\\/#primaryimage\"},\"thumbnailUrl\":\"https:\\\/\\\/www.uartes.edu.ec\\\/sitio\\\/wp-content\\\/uploads\\\/2020\\\/09\\\/Luis-Perez-Valero_.jpg\",\"articleSection\":[\"Acad\u00e9mico\",\"Artes Sonoras\",\"Docentes\"],\"inLanguage\":\"es\"},{\"@type\":[\"WebPage\",\"ItemPage\"],\"@id\":\"https:\\\/\\\/www.uartes.edu.ec\\\/sitio\\\/blog\\\/2020\\\/09\\\/03\\\/revista-academica-contrapulso-publica-un-articulo-del-docente-luis-perez-valero\\\/\",\"url\":\"https:\\\/\\\/www.uartes.edu.ec\\\/sitio\\\/blog\\\/2020\\\/09\\\/03\\\/revista-academica-contrapulso-publica-un-articulo-del-docente-luis-perez-valero\\\/\",\"name\":\"Universidad de las Artes - Revista acad\u00e9mica \u201cContrapulso\u201d publica un art\u00edculo del docente Luis P\u00e9rez Valero\",\"isPartOf\":{\"@id\":\"https:\\\/\\\/www.uartes.edu.ec\\\/sitio\\\/#website\"},\"primaryImageOfPage\":{\"@id\":\"https:\\\/\\\/www.uartes.edu.ec\\\/sitio\\\/blog\\\/2020\\\/09\\\/03\\\/revista-academica-contrapulso-publica-un-articulo-del-docente-luis-perez-valero\\\/#primaryimage\"},\"image\":{\"@id\":\"https:\\\/\\\/www.uartes.edu.ec\\\/sitio\\\/blog\\\/2020\\\/09\\\/03\\\/revista-academica-contrapulso-publica-un-articulo-del-docente-luis-perez-valero\\\/#primaryimage\"},\"thumbnailUrl\":\"https:\\\/\\\/www.uartes.edu.ec\\\/sitio\\\/wp-content\\\/uploads\\\/2020\\\/09\\\/Luis-Perez-Valero_.jpg\",\"datePublished\":\"2020-09-03T21:35:08+00:00\",\"dateModified\":\"2024-07-04T16:36:09+00:00\",\"description\":\"Universidad de las Artes - Revista acad\u00e9mica \u201cContrapulso\u201d publica un art\u00edculo del docente Luis P\u00e9rez Valero\",\"breadcrumb\":{\"@id\":\"https:\\\/\\\/www.uartes.edu.ec\\\/sitio\\\/blog\\\/2020\\\/09\\\/03\\\/revista-academica-contrapulso-publica-un-articulo-del-docente-luis-perez-valero\\\/#breadcrumb\"},\"inLanguage\":\"es\",\"potentialAction\":[{\"@type\":\"ReadAction\",\"target\":[\"https:\\\/\\\/www.uartes.edu.ec\\\/sitio\\\/blog\\\/2020\\\/09\\\/03\\\/revista-academica-contrapulso-publica-un-articulo-del-docente-luis-perez-valero\\\/\"]}]},{\"@type\":\"ImageObject\",\"inLanguage\":\"es\",\"@id\":\"https:\\\/\\\/www.uartes.edu.ec\\\/sitio\\\/blog\\\/2020\\\/09\\\/03\\\/revista-academica-contrapulso-publica-un-articulo-del-docente-luis-perez-valero\\\/#primaryimage\",\"url\":\"https:\\\/\\\/www.uartes.edu.ec\\\/sitio\\\/wp-content\\\/uploads\\\/2020\\\/09\\\/Luis-Perez-Valero_.jpg\",\"contentUrl\":\"https:\\\/\\\/www.uartes.edu.ec\\\/sitio\\\/wp-content\\\/uploads\\\/2020\\\/09\\\/Luis-Perez-Valero_.jpg\",\"width\":2000,\"height\":1333},{\"@type\":\"BreadcrumbList\",\"@id\":\"https:\\\/\\\/www.uartes.edu.ec\\\/sitio\\\/blog\\\/2020\\\/09\\\/03\\\/revista-academica-contrapulso-publica-un-articulo-del-docente-luis-perez-valero\\\/#breadcrumb\",\"itemListElement\":[{\"@type\":\"ListItem\",\"position\":1,\"name\":\"Inicio\",\"item\":\"https:\\\/\\\/www.uartes.edu.ec\\\/sitio\\\/\"},{\"@type\":\"ListItem\",\"position\":2,\"name\":\"Revista acad\u00e9mica \u201cContrapulso\u201d publica un art\u00edculo del docente Luis P\u00e9rez Valero\"}]},{\"@type\":\"WebSite\",\"@id\":\"https:\\\/\\\/www.uartes.edu.ec\\\/sitio\\\/#website\",\"url\":\"https:\\\/\\\/www.uartes.edu.ec\\\/sitio\\\/\",\"name\":\"Universidad de las Artes\",\"description\":\"Sitio oficial de la Universidad Nacional de las Artes del Ecuador\",\"publisher\":{\"@id\":\"https:\\\/\\\/www.uartes.edu.ec\\\/sitio\\\/#organization\"},\"potentialAction\":[{\"@type\":\"SearchAction\",\"target\":{\"@type\":\"EntryPoint\",\"urlTemplate\":\"https:\\\/\\\/www.uartes.edu.ec\\\/sitio\\\/?s={search_term_string}\"},\"query-input\":{\"@type\":\"PropertyValueSpecification\",\"valueRequired\":true,\"valueName\":\"search_term_string\"}}],\"inLanguage\":\"es\"},{\"@type\":\"Organization\",\"@id\":\"https:\\\/\\\/www.uartes.edu.ec\\\/sitio\\\/#organization\",\"name\":\"Universidad de las Artes\",\"url\":\"https:\\\/\\\/www.uartes.edu.ec\\\/sitio\\\/\",\"logo\":{\"@type\":\"ImageObject\",\"inLanguage\":\"es\",\"@id\":\"https:\\\/\\\/www.uartes.edu.ec\\\/sitio\\\/#\\\/schema\\\/logo\\\/image\\\/\",\"url\":\"https:\\\/\\\/www.uartes.edu.ec\\\/sitio\\\/wp-content\\\/uploads\\\/2022\\\/07\\\/logo-ua-horizontal.png\",\"contentUrl\":\"https:\\\/\\\/www.uartes.edu.ec\\\/sitio\\\/wp-content\\\/uploads\\\/2022\\\/07\\\/logo-ua-horizontal.png\",\"width\":800,\"height\":276,\"caption\":\"Universidad de las Artes\"},\"image\":{\"@id\":\"https:\\\/\\\/www.uartes.edu.ec\\\/sitio\\\/#\\\/schema\\\/logo\\\/image\\\/\"},\"sameAs\":[\"https:\\\/\\\/www.facebook.com\\\/uartesec\",\"https:\\\/\\\/x.com\\\/uartesec\",\"https:\\\/\\\/www.tiktok.com\\\/@uartesec\"]},{\"@type\":\"Person\",\"@id\":\"https:\\\/\\\/www.uartes.edu.ec\\\/sitio\\\/#\\\/schema\\\/person\\\/f33f8c1d2af0d5c80a38c8abf458184a\",\"name\":\"Universidad de las Artes\",\"image\":{\"@type\":\"ImageObject\",\"inLanguage\":\"es\",\"@id\":\"https:\\\/\\\/secure.gravatar.com\\\/avatar\\\/52e4757902f5cfa5ac52d020e5be83cae5487519154b6c35482fe08d589f3c13?s=96&d=mm&r=g\",\"url\":\"https:\\\/\\\/secure.gravatar.com\\\/avatar\\\/52e4757902f5cfa5ac52d020e5be83cae5487519154b6c35482fe08d589f3c13?s=96&d=mm&r=g\",\"contentUrl\":\"https:\\\/\\\/secure.gravatar.com\\\/avatar\\\/52e4757902f5cfa5ac52d020e5be83cae5487519154b6c35482fe08d589f3c13?s=96&d=mm&r=g\",\"caption\":\"Universidad de las Artes\"},\"url\":\"https:\\\/\\\/www.uartes.edu.ec\\\/sitio\\\/blog\\\/author\\\/dircomadm\\\/\"}]}<\/script>\n<!-- \/ Yoast SEO plugin. -->","yoast_head_json":{"title":"Universidad de las Artes - Revista acad\u00e9mica \u201cContrapulso\u201d publica un art\u00edculo del docente Luis P\u00e9rez Valero","description":"Universidad de las Artes - Revista acad\u00e9mica \u201cContrapulso\u201d publica un art\u00edculo del docente Luis P\u00e9rez Valero","robots":{"index":"index","follow":"follow","max-snippet":"max-snippet:-1","max-image-preview":"max-image-preview:large","max-video-preview":"max-video-preview:-1"},"canonical":"https:\/\/www.uartes.edu.ec\/sitio\/blog\/2020\/09\/03\/revista-academica-contrapulso-publica-un-articulo-del-docente-luis-perez-valero\/","og_locale":"es_ES","og_type":"article","og_title":"Universidad de las Artes - Revista acad\u00e9mica \u201cContrapulso\u201d publica un art\u00edculo del docente Luis P\u00e9rez Valero","og_description":"Universidad de las Artes - Revista acad\u00e9mica \u201cContrapulso\u201d publica un art\u00edculo del docente Luis P\u00e9rez Valero","og_url":"https:\/\/www.uartes.edu.ec\/sitio\/blog\/2020\/09\/03\/revista-academica-contrapulso-publica-un-articulo-del-docente-luis-perez-valero\/","og_site_name":"Universidad de las Artes","article_publisher":"https:\/\/www.facebook.com\/uartesec","article_published_time":"2020-09-03T21:35:08+00:00","article_modified_time":"2024-07-04T16:36:09+00:00","og_image":[{"width":2000,"height":1333,"url":"https:\/\/www.uartes.edu.ec\/sitio\/wp-content\/uploads\/2020\/09\/Luis-Perez-Valero_.jpg","type":"image\/jpeg"}],"author":"Universidad de las Artes","twitter_card":"summary_large_image","twitter_creator":"@uartesec","twitter_site":"@uartesec","twitter_misc":{"Escrito por":"Universidad de las Artes","Tiempo de lectura":"4 minutos"},"schema":{"@context":"https:\/\/schema.org","@graph":[{"@type":"Article","@id":"https:\/\/www.uartes.edu.ec\/sitio\/blog\/2020\/09\/03\/revista-academica-contrapulso-publica-un-articulo-del-docente-luis-perez-valero\/#article","isPartOf":{"@id":"https:\/\/www.uartes.edu.ec\/sitio\/blog\/2020\/09\/03\/revista-academica-contrapulso-publica-un-articulo-del-docente-luis-perez-valero\/"},"author":{"name":"Universidad de las Artes","@id":"https:\/\/www.uartes.edu.ec\/sitio\/#\/schema\/person\/f33f8c1d2af0d5c80a38c8abf458184a"},"headline":"Revista acad\u00e9mica \u201cContrapulso\u201d publica un art\u00edculo del docente Luis P\u00e9rez Valero","datePublished":"2020-09-03T21:35:08+00:00","dateModified":"2024-07-04T16:36:09+00:00","mainEntityOfPage":{"@id":"https:\/\/www.uartes.edu.ec\/sitio\/blog\/2020\/09\/03\/revista-academica-contrapulso-publica-un-articulo-del-docente-luis-perez-valero\/"},"wordCount":908,"publisher":{"@id":"https:\/\/www.uartes.edu.ec\/sitio\/#organization"},"image":{"@id":"https:\/\/www.uartes.edu.ec\/sitio\/blog\/2020\/09\/03\/revista-academica-contrapulso-publica-un-articulo-del-docente-luis-perez-valero\/#primaryimage"},"thumbnailUrl":"https:\/\/www.uartes.edu.ec\/sitio\/wp-content\/uploads\/2020\/09\/Luis-Perez-Valero_.jpg","articleSection":["Acad\u00e9mico","Artes Sonoras","Docentes"],"inLanguage":"es"},{"@type":["WebPage","ItemPage"],"@id":"https:\/\/www.uartes.edu.ec\/sitio\/blog\/2020\/09\/03\/revista-academica-contrapulso-publica-un-articulo-del-docente-luis-perez-valero\/","url":"https:\/\/www.uartes.edu.ec\/sitio\/blog\/2020\/09\/03\/revista-academica-contrapulso-publica-un-articulo-del-docente-luis-perez-valero\/","name":"Universidad de las Artes - Revista acad\u00e9mica \u201cContrapulso\u201d publica un art\u00edculo del docente Luis P\u00e9rez Valero","isPartOf":{"@id":"https:\/\/www.uartes.edu.ec\/sitio\/#website"},"primaryImageOfPage":{"@id":"https:\/\/www.uartes.edu.ec\/sitio\/blog\/2020\/09\/03\/revista-academica-contrapulso-publica-un-articulo-del-docente-luis-perez-valero\/#primaryimage"},"image":{"@id":"https:\/\/www.uartes.edu.ec\/sitio\/blog\/2020\/09\/03\/revista-academica-contrapulso-publica-un-articulo-del-docente-luis-perez-valero\/#primaryimage"},"thumbnailUrl":"https:\/\/www.uartes.edu.ec\/sitio\/wp-content\/uploads\/2020\/09\/Luis-Perez-Valero_.jpg","datePublished":"2020-09-03T21:35:08+00:00","dateModified":"2024-07-04T16:36:09+00:00","description":"Universidad de las Artes - Revista acad\u00e9mica \u201cContrapulso\u201d publica un art\u00edculo del docente Luis P\u00e9rez Valero","breadcrumb":{"@id":"https:\/\/www.uartes.edu.ec\/sitio\/blog\/2020\/09\/03\/revista-academica-contrapulso-publica-un-articulo-del-docente-luis-perez-valero\/#breadcrumb"},"inLanguage":"es","potentialAction":[{"@type":"ReadAction","target":["https:\/\/www.uartes.edu.ec\/sitio\/blog\/2020\/09\/03\/revista-academica-contrapulso-publica-un-articulo-del-docente-luis-perez-valero\/"]}]},{"@type":"ImageObject","inLanguage":"es","@id":"https:\/\/www.uartes.edu.ec\/sitio\/blog\/2020\/09\/03\/revista-academica-contrapulso-publica-un-articulo-del-docente-luis-perez-valero\/#primaryimage","url":"https:\/\/www.uartes.edu.ec\/sitio\/wp-content\/uploads\/2020\/09\/Luis-Perez-Valero_.jpg","contentUrl":"https:\/\/www.uartes.edu.ec\/sitio\/wp-content\/uploads\/2020\/09\/Luis-Perez-Valero_.jpg","width":2000,"height":1333},{"@type":"BreadcrumbList","@id":"https:\/\/www.uartes.edu.ec\/sitio\/blog\/2020\/09\/03\/revista-academica-contrapulso-publica-un-articulo-del-docente-luis-perez-valero\/#breadcrumb","itemListElement":[{"@type":"ListItem","position":1,"name":"Inicio","item":"https:\/\/www.uartes.edu.ec\/sitio\/"},{"@type":"ListItem","position":2,"name":"Revista acad\u00e9mica \u201cContrapulso\u201d publica un art\u00edculo del docente Luis P\u00e9rez Valero"}]},{"@type":"WebSite","@id":"https:\/\/www.uartes.edu.ec\/sitio\/#website","url":"https:\/\/www.uartes.edu.ec\/sitio\/","name":"Universidad de las Artes","description":"Sitio oficial de la Universidad Nacional de las Artes del Ecuador","publisher":{"@id":"https:\/\/www.uartes.edu.ec\/sitio\/#organization"},"potentialAction":[{"@type":"SearchAction","target":{"@type":"EntryPoint","urlTemplate":"https:\/\/www.uartes.edu.ec\/sitio\/?s={search_term_string}"},"query-input":{"@type":"PropertyValueSpecification","valueRequired":true,"valueName":"search_term_string"}}],"inLanguage":"es"},{"@type":"Organization","@id":"https:\/\/www.uartes.edu.ec\/sitio\/#organization","name":"Universidad de las Artes","url":"https:\/\/www.uartes.edu.ec\/sitio\/","logo":{"@type":"ImageObject","inLanguage":"es","@id":"https:\/\/www.uartes.edu.ec\/sitio\/#\/schema\/logo\/image\/","url":"https:\/\/www.uartes.edu.ec\/sitio\/wp-content\/uploads\/2022\/07\/logo-ua-horizontal.png","contentUrl":"https:\/\/www.uartes.edu.ec\/sitio\/wp-content\/uploads\/2022\/07\/logo-ua-horizontal.png","width":800,"height":276,"caption":"Universidad de las Artes"},"image":{"@id":"https:\/\/www.uartes.edu.ec\/sitio\/#\/schema\/logo\/image\/"},"sameAs":["https:\/\/www.facebook.com\/uartesec","https:\/\/x.com\/uartesec","https:\/\/www.tiktok.com\/@uartesec"]},{"@type":"Person","@id":"https:\/\/www.uartes.edu.ec\/sitio\/#\/schema\/person\/f33f8c1d2af0d5c80a38c8abf458184a","name":"Universidad de las Artes","image":{"@type":"ImageObject","inLanguage":"es","@id":"https:\/\/secure.gravatar.com\/avatar\/52e4757902f5cfa5ac52d020e5be83cae5487519154b6c35482fe08d589f3c13?s=96&d=mm&r=g","url":"https:\/\/secure.gravatar.com\/avatar\/52e4757902f5cfa5ac52d020e5be83cae5487519154b6c35482fe08d589f3c13?s=96&d=mm&r=g","contentUrl":"https:\/\/secure.gravatar.com\/avatar\/52e4757902f5cfa5ac52d020e5be83cae5487519154b6c35482fe08d589f3c13?s=96&d=mm&r=g","caption":"Universidad de las Artes"},"url":"https:\/\/www.uartes.edu.ec\/sitio\/blog\/author\/dircomadm\/"}]}},"uagb_featured_image_src":{"full":["https:\/\/www.uartes.edu.ec\/sitio\/wp-content\/uploads\/2020\/09\/Luis-Perez-Valero_.jpg",2000,1333,false],"thumbnail":["https:\/\/www.uartes.edu.ec\/sitio\/wp-content\/uploads\/2020\/09\/Luis-Perez-Valero_-150x150.jpg",150,150,true],"medium":["https:\/\/www.uartes.edu.ec\/sitio\/wp-content\/uploads\/2020\/09\/Luis-Perez-Valero_-300x200.jpg",300,200,true],"medium_large":["https:\/\/www.uartes.edu.ec\/sitio\/wp-content\/uploads\/2020\/09\/Luis-Perez-Valero_-768x512.jpg",768,512,true],"large":["https:\/\/www.uartes.edu.ec\/sitio\/wp-content\/uploads\/2020\/09\/Luis-Perez-Valero_-644x429.jpg",644,429,true],"1536x1536":["https:\/\/www.uartes.edu.ec\/sitio\/wp-content\/uploads\/2020\/09\/Luis-Perez-Valero_-1536x1024.jpg",1536,1024,true],"2048x2048":["https:\/\/www.uartes.edu.ec\/sitio\/wp-content\/uploads\/2020\/09\/Luis-Perez-Valero_.jpg",2000,1333,false],"trp-custom-language-flag":["https:\/\/www.uartes.edu.ec\/sitio\/wp-content\/uploads\/2020\/09\/Luis-Perez-Valero_.jpg",18,12,false],"htmega_size_585x295":["https:\/\/www.uartes.edu.ec\/sitio\/wp-content\/uploads\/2020\/09\/Luis-Perez-Valero_-585x295.jpg",585,295,true],"htmega_size_1170x536":["https:\/\/www.uartes.edu.ec\/sitio\/wp-content\/uploads\/2020\/09\/Luis-Perez-Valero_-1170x536.jpg",1170,536,true],"htmega_size_396x360":["https:\/\/www.uartes.edu.ec\/sitio\/wp-content\/uploads\/2020\/09\/Luis-Perez-Valero_-396x360.jpg",396,360,true],"gb-block-post-grid-landscape":["https:\/\/www.uartes.edu.ec\/sitio\/wp-content\/uploads\/2020\/09\/Luis-Perez-Valero_.jpg",600,400,false],"gb-block-post-grid-square":["https:\/\/www.uartes.edu.ec\/sitio\/wp-content\/uploads\/2020\/09\/Luis-Perez-Valero_.jpg",600,400,false],"university-hub-thumb":["https:\/\/www.uartes.edu.ec\/sitio\/wp-content\/uploads\/2020\/09\/Luis-Perez-Valero_-400x267.jpg",400,267,true],"mailpoet_newsletter_max":["https:\/\/www.uartes.edu.ec\/sitio\/wp-content\/uploads\/2020\/09\/Luis-Perez-Valero_.jpg",1320,880,false]},"uagb_author_info":{"display_name":"Universidad de las Artes","author_link":"https:\/\/www.uartes.edu.ec\/sitio\/blog\/author\/dircomadm\/"},"uagb_comment_info":0,"uagb_excerpt":"En el reciente n\u00famero de la revista acad\u00e9mica chilena Contrapulso consta una rese\u00f1a de la autor\u00eda del docente Luis P\u00e9rez Valero, de la Escuela de Artes Sonoras de la Universidad de las Artes.","featured_image_src":"https:\/\/www.uartes.edu.ec\/sitio\/wp-content\/uploads\/2020\/09\/Luis-Perez-Valero_.jpg","featured_image_src_square":"https:\/\/www.uartes.edu.ec\/sitio\/wp-content\/uploads\/2020\/09\/Luis-Perez-Valero_.jpg","author_info":{"display_name":"Universidad de las Artes","author_link":"https:\/\/www.uartes.edu.ec\/sitio\/blog\/author\/dircomadm\/"},"publishpress_future_workflow_manual_trigger":{"enabledWorkflows":[]},"distributor_meta":false,"distributor_terms":false,"distributor_media":false,"distributor_original_site_name":"Universidad de las Artes","distributor_original_site_url":"https:\/\/www.uartes.edu.ec\/sitio","push-errors":false,"_links":{"self":[{"href":"https:\/\/www.uartes.edu.ec\/sitio\/wp-json\/wp\/v2\/posts\/8596","targetHints":{"allow":["GET"]}}],"collection":[{"href":"https:\/\/www.uartes.edu.ec\/sitio\/wp-json\/wp\/v2\/posts"}],"about":[{"href":"https:\/\/www.uartes.edu.ec\/sitio\/wp-json\/wp\/v2\/types\/post"}],"author":[{"embeddable":true,"href":"https:\/\/www.uartes.edu.ec\/sitio\/wp-json\/wp\/v2\/users\/1"}],"replies":[{"embeddable":true,"href":"https:\/\/www.uartes.edu.ec\/sitio\/wp-json\/wp\/v2\/comments?post=8596"}],"version-history":[{"count":3,"href":"https:\/\/www.uartes.edu.ec\/sitio\/wp-json\/wp\/v2\/posts\/8596\/revisions"}],"predecessor-version":[{"id":8599,"href":"https:\/\/www.uartes.edu.ec\/sitio\/wp-json\/wp\/v2\/posts\/8596\/revisions\/8599"}],"wp:featuredmedia":[{"embeddable":true,"href":"https:\/\/www.uartes.edu.ec\/sitio\/wp-json\/wp\/v2\/media\/8600"}],"wp:attachment":[{"href":"https:\/\/www.uartes.edu.ec\/sitio\/wp-json\/wp\/v2\/media?parent=8596"}],"wp:term":[{"taxonomy":"category","embeddable":true,"href":"https:\/\/www.uartes.edu.ec\/sitio\/wp-json\/wp\/v2\/categories?post=8596"},{"taxonomy":"post_tag","embeddable":true,"href":"https:\/\/www.uartes.edu.ec\/sitio\/wp-json\/wp\/v2\/tags?post=8596"},{"taxonomy":"infouartes","embeddable":true,"href":"https:\/\/www.uartes.edu.ec\/sitio\/wp-json\/wp\/v2\/infouartes?post=8596"}],"curies":[{"name":"wp","href":"https:\/\/api.w.org\/{rel}","templated":true}]}}