{"id":8608,"date":"2020-09-07T12:06:10","date_gmt":"2020-09-07T17:06:10","guid":{"rendered":"http:\/\/www.uartes.edu.ec\/sitio\/?p=8608"},"modified":"2024-07-04T11:36:08","modified_gmt":"2024-07-04T16:36:08","slug":"job-rosales-estudiante-de-la-eas-audiciona-y-logra-su-espacio-como-miembro-de-la-osg","status":"publish","type":"post","link":"https:\/\/www.uartes.edu.ec\/sitio\/blog\/2020\/09\/07\/job-rosales-estudiante-de-la-eas-audiciona-y-logra-su-espacio-como-miembro-de-la-osg\/","title":{"rendered":"Estudiante EAS Job Rosales audiciona y convierte en miembro de la OSG"},"content":{"rendered":"\n<p class=\"has-text-align-right\"><em>\u201cPara m\u00ed tocar un instrumento musical es lo m\u00e1s cercano a tener un s\u00faper poder con el que influencias a las personas, compartes sentimientos, puedes maravillar&nbsp;o asustar a quien te oye; lo que hagamos definir\u00e1 el legado e influenciara en el futuro de la sociedad\u201d, Job Rosales.&nbsp;<\/em><\/p>\n\n\n\n<p>Entr\u00f3 a la Universidad de las Artes sin saber tocar el contrabajo, instrumento que hab\u00eda decidi\u00f3 estudiar. Tampoco le\u00eda partituras y menos ten\u00eda conocimientos de teor\u00eda musical. Ahora, Job Rosales Yagual cursa el s\u00e9ptimo semestre de la carrera Artes Musicales y Sonoras en la Escuela de Artes Sonoras y tras presentarse a una audici\u00f3n a la que fue convocado figura ya como miembro de la Orquesta Sinf\u00f3nica de Guayaquil (OSG).<\/p>\n\n\n\n<p>Es probable que su caso no sea el \u00fanico en la UArtes, en cuanto a ingresar sin necesariamente saber tocar un instrumento y tras recibir preparaci\u00f3n acad\u00e9mica lograr un espacio en orquestas y sinf\u00f3nicas. No obstante, vale destacar que es por el esfuerzo, la perseverancia y los conocimientos y directrices recibidos de sus maestros que Job Rosales super\u00f3 que a pesar de haber sentido desde ni\u00f1o vocaci\u00f3n para la m\u00fasica, el canto y el arte en su natal Santa Elena no ingres\u00f3 en un conservatorio, puesto que no lo hubo ni lo hay hasta la actualidad.<\/p>\n\n\n\n<p>V\u00eda correo electr\u00f3nico InfoUArtes lo entrevist\u00f3 para conocer de sus procesos y del significativo logro de integrarse como profesional a la Orquesta Sinf\u00f3nica de Guayaquil. &nbsp;<\/p>\n\n\n\n<p>\u201cHace un par de semanas me lleg\u00f3 un correo de la OSG indic\u00e1ndome que estaba convocado a una audici\u00f3n. Yo formo parte de la Orquesta Sinf\u00f3nica Juvenil de Guayaquil (OSJG) y ciertamente era mi primera audici\u00f3n para una orquesta profesional y la segunda de mi vida como contrabajista\u201d. Para entrar a la OSJG audicion\u00f3 en 2018; esta surgi\u00f3 como un proyecto dirigido y fundado por Dante Anzolini, con el principal objetivo de crear una orquesta joven para que sus integrantes vayan ganando experiencia y aprendiendo desde teor\u00eda musical hasta la historia y morfolog\u00eda de la m\u00fasica, \u201cuna experiencia para m\u00ed en extremo fruct\u00edfera\u201d.&nbsp;&nbsp;&nbsp;<\/p>\n\n\n\n<p>En la OSG tocar\u00e1 el contrabajo&nbsp;y ser uno de sus miembros implica tener las mismas responsabilidades que cualquier trabajador y m\u00e1s, ya que junto con el cumplimiento de horarios, trabajo en equipo y eficiencia, como m\u00fasico deber\u00e1 estudiar las obras de manera detallada, trabajarlas de forma colectiva y ajustarlas a la concepci\u00f3n del director, para finalmente presentarlas al p\u00fablico.<\/p>\n\n\n\n<p>\u201cLos repertorios cambian al menos dos o tres veces por mes, por lo que los m\u00fasicos deben preparar estas piezas en una o dos semanas. En la m\u00fasica, la Orquesta Sinf\u00f3nica se piensa como un instrumento enorme, conformado por muchos otros instrumentos. As\u00ed, para el d\u00eda en que la m\u00fasica llega al p\u00fablico, todos sus ejecutantes tienen la misma concepci\u00f3n de las piezas en mente. Desde caracter\u00edsticas tan b\u00e1sicas, como el tempo y la afinaci\u00f3n, hasta ideas m\u00e1s complejas, como fraseo, direcci\u00f3n y sonido. Estas caracter\u00edsticas son definidas en su mayor\u00eda por el periodo al que pertenece el compositor y por una gran cantidad de conocimientos morfol\u00f3gicos, arm\u00f3nicos, mel\u00f3dicos, entre otros, siendo el director de orquesta el responsable de unificar la interpretaci\u00f3n de los m\u00fasicos durante los ensayos y el performance\u201d. &nbsp;<\/p>\n\n\n\n<p>Agrega que a nivel personal formar parte de la OSG es un logro importante y una alegr\u00eda tremenda, \u201cpues desde que empec\u00e9 a tocar el contrabajo anhelaba alcanzar esta meta en un pa\u00eds donde la educaci\u00f3n musical es casi un privilegio y donde para interpretar estos instrumentos se recomienda empezar bastante j\u00f3venes\u201d.<\/p>\n\n\n\n<p>A nivel profesional, marca una l\u00ednea llena de cambios y desaf\u00edos. \u201cPodr\u00eda decirse que es mi primer trabajo formal para el que he tenido que redactar una hoja de vida, sacar RUC, facturar. Como m\u00fasico me acerca a la meta de ser profesional porque me brinda una valiosa herramienta: la experiencia. Aunque a\u00fan me siento como un principiante y se me juzgar\u00e1 como profesional, asumir\u00e9 el reto\u201d, expresa Job Rosales.&nbsp;<\/p>\n\n\n\n<p>Presentarse a una audici\u00f3n es siempre un desaf\u00edo, a\u00f1ade y revela que Dante Anzolini, director de la OSG, ha sido amable y paciente con los m\u00fasicos de la OSJG, \u201caun as\u00ed, rendir una audici\u00f3n ante \u00e9l es un gran desaf\u00edo. Hay que estar listos para cuando llegan las oportunidades. El correo (que lo convoc\u00f3) lleg\u00f3 dos d\u00edas antes de&nbsp;la audici\u00f3n y mientras estaba en ex\u00e1menes. Estudi\u00e9 tanto como pude y hasta el \u00faltimo d\u00eda de esperar los resultados estuve en suspenso, pregunt\u00e1ndome si lo hab\u00eda conseguido o no\u201d. &nbsp;<\/p>\n\n\n\n<p>Desde que sali\u00f3 del colegio su objetivo fue entrar a la UArtes, lo cual considera una gran oportunidad para quienes no pueden pagar una instituci\u00f3n acad\u00e9mica privada. En la Universidad de las Artes, Job Rosales se ha formado con acad\u00e9micos como el docente Paul Velasco, quien dicta la c\u00e1tedra de contrabajo cl\u00e1sico, y as\u00ed como \u00e9l otro de sus alumnos, Pablo Maldonado, audicion\u00f3 y entr\u00f3 hace un par de a\u00f1os a la OSG.<\/p>\n\n\n\n<p>El profesor Paul Velasco comenta que los artistas docentes de la Universidad de las Artes tienen como prop\u00f3sito procurar que sus estudiantes lleguen a est\u00e1ndares mundiales para que puedan conseguir ser insertados en el ambiente laboral sinf\u00f3nico de cualquier pa\u00eds.<\/p>\n\n\n\n<p>Paul Velasco se ha desempe\u00f1ado como instrumentista principal de varias sinf\u00f3nicas y ensambles de c\u00e1mara, entre ellas, la Orquesta Sinf\u00f3nica Juvenil del Ecuador, la Orquesta Sinf\u00f3nica Nacional del Ecuador, la Orquesta Sinf\u00f3nica de Guayaquil, la Orquesta Sinf\u00f3nica de Cuenca, la Orquesta de C\u00e1mara de la Universidad de Cuenca y Guayaquil Consort. Tambi\u00e9n ha liderado la A.E.C., Asociaci\u00f3n Ecuatoriana de Contrabajistas.<\/p>\n\n\n\n<div class=\"wp-block-image is-style-default\"><figure class=\"aligncenter size-full\"><img fetchpriority=\"high\" decoding=\"async\" width=\"1333\" height=\"2000\" src=\"http:\/\/www.uartes.edu.ec\/sitio\/wp-content\/uploads\/2020\/09\/contrabajob12.jpg\" alt=\"\" class=\"wp-image-8612\" srcset=\"https:\/\/www.uartes.edu.ec\/sitio\/wp-content\/uploads\/2020\/09\/contrabajob12.jpg 1333w, https:\/\/www.uartes.edu.ec\/sitio\/wp-content\/uploads\/2020\/09\/contrabajob12-200x300.jpg 200w, https:\/\/www.uartes.edu.ec\/sitio\/wp-content\/uploads\/2020\/09\/contrabajob12-644x966.jpg 644w, https:\/\/www.uartes.edu.ec\/sitio\/wp-content\/uploads\/2020\/09\/contrabajob12-768x1152.jpg 768w, https:\/\/www.uartes.edu.ec\/sitio\/wp-content\/uploads\/2020\/09\/contrabajob12-1024x1536.jpg 1024w, https:\/\/www.uartes.edu.ec\/sitio\/wp-content\/uploads\/2020\/09\/contrabajob12-600x900.jpg 600w\" sizes=\"(max-width: 1333px) 100vw, 1333px\" \/><\/figure><\/div>\n\n\n\n<p>Entre sus metas, adem\u00e1s de obtener el t\u00edtulo de licenciado en Artes Musicales y Sonoras y estudiar una maestr\u00eda fuera del pa\u00eds, Job Rosales manifiesta tener composiciones solistas para contrabajo, tomando influencias musicales importantes en su vida: g\u00e9neros aut\u00f3ctonos y cl\u00e1sicos como el metal, rock, pasillo, albazo y sanjuanito.<\/p>\n\n\n\n<p>En su familia no hay m\u00fasicos profesionales o dedicados por completo a la m\u00fasica. Su abuelo, Epifanio Yagual, toca emp\u00edricamente el saxof\u00f3n e integra una banda de pueblo; recuerda que en su infancia escuch\u00f3 a su mam\u00e1 cantar en contados eventos escolares y sociales.&nbsp;\u201cAl inicio mis padres no estuvieron de acuerdo con que estudiara m\u00fasica, pero nunca dejaron de apoyarme&nbsp;y tener fe en m\u00ed. Me educaron con esp\u00edritu de lucha y perseverancia; suelo perseguir mis metas con persistencia y terquedad. Con la m\u00fasica he aprendido que la disciplina y la constancia valen m\u00e1s que el talento y que las metas sin acciones solo son sue\u00f1os\u201d. &nbsp;<\/p>\n\n\n\n<p>La fe que su familia, profesor de instrumento, amigos&nbsp;y novia han depositado en \u00e9l ha sido fundamental para su crecimiento. Que tiene talento y aptitudes para el camino que decidi\u00f3 tomar le se\u00f1alan con frecuencia. Job Rosales prefiere tomarlo como un cumplido y una clara muestra de confianza hac\u00eda \u00e9l. &nbsp;<\/p>\n","protected":false},"excerpt":{"rendered":"<p>Entr\u00f3 a la Universidad de las Artes sin saber tocar el contrabajo, instrumento que hab\u00eda decidi\u00f3 estudiar. Tampoco le\u00eda partituras y menos ten\u00eda conocimientos de teor\u00eda musical. Ahora, Job Rosales Yagual cursa el s\u00e9ptimo semestre de la carrera Artes Musicales y Sonoras en la Escuela de Artes Sonoras y tras presentarse a una audici\u00f3n a la que fue convocado figura ya como miembro de la Orquesta Sinf\u00f3nica de Guayaquil (OSG).<\/p>\n","protected":false},"author":1,"featured_media":8613,"comment_status":"closed","ping_status":"closed","sticky":false,"template":"","format":"standard","meta":{"_acf_changed":false,"_uag_custom_page_level_css":"","_monsterinsights_skip_tracking":false,"_monsterinsights_sitenote_active":false,"_monsterinsights_sitenote_note":"","_monsterinsights_sitenote_category":0,"cybocfi_hide_featured_image":"","footnotes":""},"categories":[82,150,76],"tags":[],"infouartes":[],"class_list":["post-8608","post","type-post","status-publish","format-standard","has-post-thumbnail","hentry","category-artes","category-artes-sonoras","category-estudiantes"],"acf":[],"yoast_head":"<!-- This site is optimized with the Yoast SEO plugin v27.4 - https:\/\/yoast.com\/product\/yoast-seo-wordpress\/ -->\n<title>Universidad de las Artes - Estudiante EAS Job Rosales audiciona y convierte en miembro de la OSG<\/title>\n<meta name=\"description\" content=\"Universidad de las Artes - Estudiante EAS Job Rosales audiciona y convierte en miembro de la OSG\" \/>\n<meta name=\"robots\" content=\"index, follow, max-snippet:-1, max-image-preview:large, max-video-preview:-1\" \/>\n<link rel=\"canonical\" href=\"https:\/\/www.uartes.edu.ec\/sitio\/blog\/2020\/09\/07\/job-rosales-estudiante-de-la-eas-audiciona-y-logra-su-espacio-como-miembro-de-la-osg\/\" \/>\n<meta property=\"og:locale\" content=\"es_ES\" \/>\n<meta property=\"og:type\" content=\"article\" \/>\n<meta property=\"og:title\" content=\"Universidad de las Artes - Estudiante EAS Job Rosales audiciona y convierte en miembro de la OSG\" \/>\n<meta property=\"og:description\" content=\"Universidad de las Artes - Estudiante EAS Job Rosales audiciona y convierte en miembro de la OSG\" \/>\n<meta property=\"og:url\" content=\"https:\/\/www.uartes.edu.ec\/sitio\/blog\/2020\/09\/07\/job-rosales-estudiante-de-la-eas-audiciona-y-logra-su-espacio-como-miembro-de-la-osg\/\" \/>\n<meta property=\"og:site_name\" content=\"Universidad de las Artes\" \/>\n<meta property=\"article:publisher\" content=\"https:\/\/www.facebook.com\/uartesec\" \/>\n<meta property=\"article:published_time\" content=\"2020-09-07T17:06:10+00:00\" \/>\n<meta property=\"article:modified_time\" content=\"2024-07-04T16:36:08+00:00\" \/>\n<meta property=\"og:image\" content=\"https:\/\/www.uartes.edu.ec\/sitio\/wp-content\/uploads\/2020\/09\/contrabajob4.jpg\" \/>\n\t<meta property=\"og:image:width\" content=\"2000\" \/>\n\t<meta property=\"og:image:height\" content=\"1333\" \/>\n\t<meta property=\"og:image:type\" content=\"image\/jpeg\" \/>\n<meta name=\"author\" content=\"Universidad de las Artes\" \/>\n<meta name=\"twitter:card\" content=\"summary_large_image\" \/>\n<meta name=\"twitter:creator\" content=\"@uartesec\" \/>\n<meta name=\"twitter:site\" content=\"@uartesec\" \/>\n<meta name=\"twitter:label1\" content=\"Escrito por\" \/>\n\t<meta name=\"twitter:data1\" content=\"Universidad de las Artes\" \/>\n\t<meta name=\"twitter:label2\" content=\"Tiempo de lectura\" \/>\n\t<meta name=\"twitter:data2\" content=\"6 minutos\" \/>\n<script type=\"application\/ld+json\" class=\"yoast-schema-graph\">{\"@context\":\"https:\\\/\\\/schema.org\",\"@graph\":[{\"@type\":\"Article\",\"@id\":\"https:\\\/\\\/www.uartes.edu.ec\\\/sitio\\\/blog\\\/2020\\\/09\\\/07\\\/job-rosales-estudiante-de-la-eas-audiciona-y-logra-su-espacio-como-miembro-de-la-osg\\\/#article\",\"isPartOf\":{\"@id\":\"https:\\\/\\\/www.uartes.edu.ec\\\/sitio\\\/blog\\\/2020\\\/09\\\/07\\\/job-rosales-estudiante-de-la-eas-audiciona-y-logra-su-espacio-como-miembro-de-la-osg\\\/\"},\"author\":{\"name\":\"Universidad de las Artes\",\"@id\":\"https:\\\/\\\/www.uartes.edu.ec\\\/sitio\\\/#\\\/schema\\\/person\\\/f33f8c1d2af0d5c80a38c8abf458184a\"},\"headline\":\"Estudiante EAS Job Rosales audiciona y convierte en miembro de la OSG\",\"datePublished\":\"2020-09-07T17:06:10+00:00\",\"dateModified\":\"2024-07-04T16:36:08+00:00\",\"mainEntityOfPage\":{\"@id\":\"https:\\\/\\\/www.uartes.edu.ec\\\/sitio\\\/blog\\\/2020\\\/09\\\/07\\\/job-rosales-estudiante-de-la-eas-audiciona-y-logra-su-espacio-como-miembro-de-la-osg\\\/\"},\"wordCount\":1261,\"publisher\":{\"@id\":\"https:\\\/\\\/www.uartes.edu.ec\\\/sitio\\\/#organization\"},\"image\":{\"@id\":\"https:\\\/\\\/www.uartes.edu.ec\\\/sitio\\\/blog\\\/2020\\\/09\\\/07\\\/job-rosales-estudiante-de-la-eas-audiciona-y-logra-su-espacio-como-miembro-de-la-osg\\\/#primaryimage\"},\"thumbnailUrl\":\"https:\\\/\\\/www.uartes.edu.ec\\\/sitio\\\/wp-content\\\/uploads\\\/2020\\\/09\\\/contrabajob4.jpg\",\"articleSection\":[\"Artes\",\"Artes Sonoras\",\"Estudiantes\"],\"inLanguage\":\"es\"},{\"@type\":[\"WebPage\",\"ItemPage\"],\"@id\":\"https:\\\/\\\/www.uartes.edu.ec\\\/sitio\\\/blog\\\/2020\\\/09\\\/07\\\/job-rosales-estudiante-de-la-eas-audiciona-y-logra-su-espacio-como-miembro-de-la-osg\\\/\",\"url\":\"https:\\\/\\\/www.uartes.edu.ec\\\/sitio\\\/blog\\\/2020\\\/09\\\/07\\\/job-rosales-estudiante-de-la-eas-audiciona-y-logra-su-espacio-como-miembro-de-la-osg\\\/\",\"name\":\"Universidad de las Artes - Estudiante EAS Job Rosales audiciona y convierte en miembro de la OSG\",\"isPartOf\":{\"@id\":\"https:\\\/\\\/www.uartes.edu.ec\\\/sitio\\\/#website\"},\"primaryImageOfPage\":{\"@id\":\"https:\\\/\\\/www.uartes.edu.ec\\\/sitio\\\/blog\\\/2020\\\/09\\\/07\\\/job-rosales-estudiante-de-la-eas-audiciona-y-logra-su-espacio-como-miembro-de-la-osg\\\/#primaryimage\"},\"image\":{\"@id\":\"https:\\\/\\\/www.uartes.edu.ec\\\/sitio\\\/blog\\\/2020\\\/09\\\/07\\\/job-rosales-estudiante-de-la-eas-audiciona-y-logra-su-espacio-como-miembro-de-la-osg\\\/#primaryimage\"},\"thumbnailUrl\":\"https:\\\/\\\/www.uartes.edu.ec\\\/sitio\\\/wp-content\\\/uploads\\\/2020\\\/09\\\/contrabajob4.jpg\",\"datePublished\":\"2020-09-07T17:06:10+00:00\",\"dateModified\":\"2024-07-04T16:36:08+00:00\",\"description\":\"Universidad de las Artes - Estudiante EAS Job Rosales audiciona y convierte en miembro de la OSG\",\"breadcrumb\":{\"@id\":\"https:\\\/\\\/www.uartes.edu.ec\\\/sitio\\\/blog\\\/2020\\\/09\\\/07\\\/job-rosales-estudiante-de-la-eas-audiciona-y-logra-su-espacio-como-miembro-de-la-osg\\\/#breadcrumb\"},\"inLanguage\":\"es\",\"potentialAction\":[{\"@type\":\"ReadAction\",\"target\":[\"https:\\\/\\\/www.uartes.edu.ec\\\/sitio\\\/blog\\\/2020\\\/09\\\/07\\\/job-rosales-estudiante-de-la-eas-audiciona-y-logra-su-espacio-como-miembro-de-la-osg\\\/\"]}]},{\"@type\":\"ImageObject\",\"inLanguage\":\"es\",\"@id\":\"https:\\\/\\\/www.uartes.edu.ec\\\/sitio\\\/blog\\\/2020\\\/09\\\/07\\\/job-rosales-estudiante-de-la-eas-audiciona-y-logra-su-espacio-como-miembro-de-la-osg\\\/#primaryimage\",\"url\":\"https:\\\/\\\/www.uartes.edu.ec\\\/sitio\\\/wp-content\\\/uploads\\\/2020\\\/09\\\/contrabajob4.jpg\",\"contentUrl\":\"https:\\\/\\\/www.uartes.edu.ec\\\/sitio\\\/wp-content\\\/uploads\\\/2020\\\/09\\\/contrabajob4.jpg\",\"width\":2000,\"height\":1333},{\"@type\":\"BreadcrumbList\",\"@id\":\"https:\\\/\\\/www.uartes.edu.ec\\\/sitio\\\/blog\\\/2020\\\/09\\\/07\\\/job-rosales-estudiante-de-la-eas-audiciona-y-logra-su-espacio-como-miembro-de-la-osg\\\/#breadcrumb\",\"itemListElement\":[{\"@type\":\"ListItem\",\"position\":1,\"name\":\"Inicio\",\"item\":\"https:\\\/\\\/www.uartes.edu.ec\\\/sitio\\\/\"},{\"@type\":\"ListItem\",\"position\":2,\"name\":\"Estudiante EAS Job Rosales audiciona y convierte en miembro de la OSG\"}]},{\"@type\":\"WebSite\",\"@id\":\"https:\\\/\\\/www.uartes.edu.ec\\\/sitio\\\/#website\",\"url\":\"https:\\\/\\\/www.uartes.edu.ec\\\/sitio\\\/\",\"name\":\"Universidad de las Artes\",\"description\":\"Sitio oficial de la Universidad Nacional de las Artes del Ecuador\",\"publisher\":{\"@id\":\"https:\\\/\\\/www.uartes.edu.ec\\\/sitio\\\/#organization\"},\"potentialAction\":[{\"@type\":\"SearchAction\",\"target\":{\"@type\":\"EntryPoint\",\"urlTemplate\":\"https:\\\/\\\/www.uartes.edu.ec\\\/sitio\\\/?s={search_term_string}\"},\"query-input\":{\"@type\":\"PropertyValueSpecification\",\"valueRequired\":true,\"valueName\":\"search_term_string\"}}],\"inLanguage\":\"es\"},{\"@type\":\"Organization\",\"@id\":\"https:\\\/\\\/www.uartes.edu.ec\\\/sitio\\\/#organization\",\"name\":\"Universidad de las Artes\",\"url\":\"https:\\\/\\\/www.uartes.edu.ec\\\/sitio\\\/\",\"logo\":{\"@type\":\"ImageObject\",\"inLanguage\":\"es\",\"@id\":\"https:\\\/\\\/www.uartes.edu.ec\\\/sitio\\\/#\\\/schema\\\/logo\\\/image\\\/\",\"url\":\"https:\\\/\\\/www.uartes.edu.ec\\\/sitio\\\/wp-content\\\/uploads\\\/2022\\\/07\\\/logo-ua-horizontal.png\",\"contentUrl\":\"https:\\\/\\\/www.uartes.edu.ec\\\/sitio\\\/wp-content\\\/uploads\\\/2022\\\/07\\\/logo-ua-horizontal.png\",\"width\":800,\"height\":276,\"caption\":\"Universidad de las Artes\"},\"image\":{\"@id\":\"https:\\\/\\\/www.uartes.edu.ec\\\/sitio\\\/#\\\/schema\\\/logo\\\/image\\\/\"},\"sameAs\":[\"https:\\\/\\\/www.facebook.com\\\/uartesec\",\"https:\\\/\\\/x.com\\\/uartesec\",\"https:\\\/\\\/www.tiktok.com\\\/@uartesec\"]},{\"@type\":\"Person\",\"@id\":\"https:\\\/\\\/www.uartes.edu.ec\\\/sitio\\\/#\\\/schema\\\/person\\\/f33f8c1d2af0d5c80a38c8abf458184a\",\"name\":\"Universidad de las Artes\",\"image\":{\"@type\":\"ImageObject\",\"inLanguage\":\"es\",\"@id\":\"https:\\\/\\\/secure.gravatar.com\\\/avatar\\\/52e4757902f5cfa5ac52d020e5be83cae5487519154b6c35482fe08d589f3c13?s=96&d=mm&r=g\",\"url\":\"https:\\\/\\\/secure.gravatar.com\\\/avatar\\\/52e4757902f5cfa5ac52d020e5be83cae5487519154b6c35482fe08d589f3c13?s=96&d=mm&r=g\",\"contentUrl\":\"https:\\\/\\\/secure.gravatar.com\\\/avatar\\\/52e4757902f5cfa5ac52d020e5be83cae5487519154b6c35482fe08d589f3c13?s=96&d=mm&r=g\",\"caption\":\"Universidad de las Artes\"},\"url\":\"https:\\\/\\\/www.uartes.edu.ec\\\/sitio\\\/blog\\\/author\\\/dircomadm\\\/\"}]}<\/script>\n<!-- \/ Yoast SEO plugin. -->","yoast_head_json":{"title":"Universidad de las Artes - Estudiante EAS Job Rosales audiciona y convierte en miembro de la OSG","description":"Universidad de las Artes - Estudiante EAS Job Rosales audiciona y convierte en miembro de la OSG","robots":{"index":"index","follow":"follow","max-snippet":"max-snippet:-1","max-image-preview":"max-image-preview:large","max-video-preview":"max-video-preview:-1"},"canonical":"https:\/\/www.uartes.edu.ec\/sitio\/blog\/2020\/09\/07\/job-rosales-estudiante-de-la-eas-audiciona-y-logra-su-espacio-como-miembro-de-la-osg\/","og_locale":"es_ES","og_type":"article","og_title":"Universidad de las Artes - Estudiante EAS Job Rosales audiciona y convierte en miembro de la OSG","og_description":"Universidad de las Artes - Estudiante EAS Job Rosales audiciona y convierte en miembro de la OSG","og_url":"https:\/\/www.uartes.edu.ec\/sitio\/blog\/2020\/09\/07\/job-rosales-estudiante-de-la-eas-audiciona-y-logra-su-espacio-como-miembro-de-la-osg\/","og_site_name":"Universidad de las Artes","article_publisher":"https:\/\/www.facebook.com\/uartesec","article_published_time":"2020-09-07T17:06:10+00:00","article_modified_time":"2024-07-04T16:36:08+00:00","og_image":[{"width":2000,"height":1333,"url":"https:\/\/www.uartes.edu.ec\/sitio\/wp-content\/uploads\/2020\/09\/contrabajob4.jpg","type":"image\/jpeg"}],"author":"Universidad de las Artes","twitter_card":"summary_large_image","twitter_creator":"@uartesec","twitter_site":"@uartesec","twitter_misc":{"Escrito por":"Universidad de las Artes","Tiempo de lectura":"6 minutos"},"schema":{"@context":"https:\/\/schema.org","@graph":[{"@type":"Article","@id":"https:\/\/www.uartes.edu.ec\/sitio\/blog\/2020\/09\/07\/job-rosales-estudiante-de-la-eas-audiciona-y-logra-su-espacio-como-miembro-de-la-osg\/#article","isPartOf":{"@id":"https:\/\/www.uartes.edu.ec\/sitio\/blog\/2020\/09\/07\/job-rosales-estudiante-de-la-eas-audiciona-y-logra-su-espacio-como-miembro-de-la-osg\/"},"author":{"name":"Universidad de las Artes","@id":"https:\/\/www.uartes.edu.ec\/sitio\/#\/schema\/person\/f33f8c1d2af0d5c80a38c8abf458184a"},"headline":"Estudiante EAS Job Rosales audiciona y convierte en miembro de la OSG","datePublished":"2020-09-07T17:06:10+00:00","dateModified":"2024-07-04T16:36:08+00:00","mainEntityOfPage":{"@id":"https:\/\/www.uartes.edu.ec\/sitio\/blog\/2020\/09\/07\/job-rosales-estudiante-de-la-eas-audiciona-y-logra-su-espacio-como-miembro-de-la-osg\/"},"wordCount":1261,"publisher":{"@id":"https:\/\/www.uartes.edu.ec\/sitio\/#organization"},"image":{"@id":"https:\/\/www.uartes.edu.ec\/sitio\/blog\/2020\/09\/07\/job-rosales-estudiante-de-la-eas-audiciona-y-logra-su-espacio-como-miembro-de-la-osg\/#primaryimage"},"thumbnailUrl":"https:\/\/www.uartes.edu.ec\/sitio\/wp-content\/uploads\/2020\/09\/contrabajob4.jpg","articleSection":["Artes","Artes Sonoras","Estudiantes"],"inLanguage":"es"},{"@type":["WebPage","ItemPage"],"@id":"https:\/\/www.uartes.edu.ec\/sitio\/blog\/2020\/09\/07\/job-rosales-estudiante-de-la-eas-audiciona-y-logra-su-espacio-como-miembro-de-la-osg\/","url":"https:\/\/www.uartes.edu.ec\/sitio\/blog\/2020\/09\/07\/job-rosales-estudiante-de-la-eas-audiciona-y-logra-su-espacio-como-miembro-de-la-osg\/","name":"Universidad de las Artes - Estudiante EAS Job Rosales audiciona y convierte en miembro de la OSG","isPartOf":{"@id":"https:\/\/www.uartes.edu.ec\/sitio\/#website"},"primaryImageOfPage":{"@id":"https:\/\/www.uartes.edu.ec\/sitio\/blog\/2020\/09\/07\/job-rosales-estudiante-de-la-eas-audiciona-y-logra-su-espacio-como-miembro-de-la-osg\/#primaryimage"},"image":{"@id":"https:\/\/www.uartes.edu.ec\/sitio\/blog\/2020\/09\/07\/job-rosales-estudiante-de-la-eas-audiciona-y-logra-su-espacio-como-miembro-de-la-osg\/#primaryimage"},"thumbnailUrl":"https:\/\/www.uartes.edu.ec\/sitio\/wp-content\/uploads\/2020\/09\/contrabajob4.jpg","datePublished":"2020-09-07T17:06:10+00:00","dateModified":"2024-07-04T16:36:08+00:00","description":"Universidad de las Artes - Estudiante EAS Job Rosales audiciona y convierte en miembro de la OSG","breadcrumb":{"@id":"https:\/\/www.uartes.edu.ec\/sitio\/blog\/2020\/09\/07\/job-rosales-estudiante-de-la-eas-audiciona-y-logra-su-espacio-como-miembro-de-la-osg\/#breadcrumb"},"inLanguage":"es","potentialAction":[{"@type":"ReadAction","target":["https:\/\/www.uartes.edu.ec\/sitio\/blog\/2020\/09\/07\/job-rosales-estudiante-de-la-eas-audiciona-y-logra-su-espacio-como-miembro-de-la-osg\/"]}]},{"@type":"ImageObject","inLanguage":"es","@id":"https:\/\/www.uartes.edu.ec\/sitio\/blog\/2020\/09\/07\/job-rosales-estudiante-de-la-eas-audiciona-y-logra-su-espacio-como-miembro-de-la-osg\/#primaryimage","url":"https:\/\/www.uartes.edu.ec\/sitio\/wp-content\/uploads\/2020\/09\/contrabajob4.jpg","contentUrl":"https:\/\/www.uartes.edu.ec\/sitio\/wp-content\/uploads\/2020\/09\/contrabajob4.jpg","width":2000,"height":1333},{"@type":"BreadcrumbList","@id":"https:\/\/www.uartes.edu.ec\/sitio\/blog\/2020\/09\/07\/job-rosales-estudiante-de-la-eas-audiciona-y-logra-su-espacio-como-miembro-de-la-osg\/#breadcrumb","itemListElement":[{"@type":"ListItem","position":1,"name":"Inicio","item":"https:\/\/www.uartes.edu.ec\/sitio\/"},{"@type":"ListItem","position":2,"name":"Estudiante EAS Job Rosales audiciona y convierte en miembro de la OSG"}]},{"@type":"WebSite","@id":"https:\/\/www.uartes.edu.ec\/sitio\/#website","url":"https:\/\/www.uartes.edu.ec\/sitio\/","name":"Universidad de las Artes","description":"Sitio oficial de la Universidad Nacional de las Artes del Ecuador","publisher":{"@id":"https:\/\/www.uartes.edu.ec\/sitio\/#organization"},"potentialAction":[{"@type":"SearchAction","target":{"@type":"EntryPoint","urlTemplate":"https:\/\/www.uartes.edu.ec\/sitio\/?s={search_term_string}"},"query-input":{"@type":"PropertyValueSpecification","valueRequired":true,"valueName":"search_term_string"}}],"inLanguage":"es"},{"@type":"Organization","@id":"https:\/\/www.uartes.edu.ec\/sitio\/#organization","name":"Universidad de las Artes","url":"https:\/\/www.uartes.edu.ec\/sitio\/","logo":{"@type":"ImageObject","inLanguage":"es","@id":"https:\/\/www.uartes.edu.ec\/sitio\/#\/schema\/logo\/image\/","url":"https:\/\/www.uartes.edu.ec\/sitio\/wp-content\/uploads\/2022\/07\/logo-ua-horizontal.png","contentUrl":"https:\/\/www.uartes.edu.ec\/sitio\/wp-content\/uploads\/2022\/07\/logo-ua-horizontal.png","width":800,"height":276,"caption":"Universidad de las Artes"},"image":{"@id":"https:\/\/www.uartes.edu.ec\/sitio\/#\/schema\/logo\/image\/"},"sameAs":["https:\/\/www.facebook.com\/uartesec","https:\/\/x.com\/uartesec","https:\/\/www.tiktok.com\/@uartesec"]},{"@type":"Person","@id":"https:\/\/www.uartes.edu.ec\/sitio\/#\/schema\/person\/f33f8c1d2af0d5c80a38c8abf458184a","name":"Universidad de las Artes","image":{"@type":"ImageObject","inLanguage":"es","@id":"https:\/\/secure.gravatar.com\/avatar\/52e4757902f5cfa5ac52d020e5be83cae5487519154b6c35482fe08d589f3c13?s=96&d=mm&r=g","url":"https:\/\/secure.gravatar.com\/avatar\/52e4757902f5cfa5ac52d020e5be83cae5487519154b6c35482fe08d589f3c13?s=96&d=mm&r=g","contentUrl":"https:\/\/secure.gravatar.com\/avatar\/52e4757902f5cfa5ac52d020e5be83cae5487519154b6c35482fe08d589f3c13?s=96&d=mm&r=g","caption":"Universidad de las Artes"},"url":"https:\/\/www.uartes.edu.ec\/sitio\/blog\/author\/dircomadm\/"}]}},"uagb_featured_image_src":{"full":["https:\/\/www.uartes.edu.ec\/sitio\/wp-content\/uploads\/2020\/09\/contrabajob4.jpg",2000,1333,false],"thumbnail":["https:\/\/www.uartes.edu.ec\/sitio\/wp-content\/uploads\/2020\/09\/contrabajob4-150x150.jpg",150,150,true],"medium":["https:\/\/www.uartes.edu.ec\/sitio\/wp-content\/uploads\/2020\/09\/contrabajob4-300x200.jpg",300,200,true],"medium_large":["https:\/\/www.uartes.edu.ec\/sitio\/wp-content\/uploads\/2020\/09\/contrabajob4-768x512.jpg",768,512,true],"large":["https:\/\/www.uartes.edu.ec\/sitio\/wp-content\/uploads\/2020\/09\/contrabajob4-644x429.jpg",644,429,true],"1536x1536":["https:\/\/www.uartes.edu.ec\/sitio\/wp-content\/uploads\/2020\/09\/contrabajob4-1536x1024.jpg",1536,1024,true],"2048x2048":["https:\/\/www.uartes.edu.ec\/sitio\/wp-content\/uploads\/2020\/09\/contrabajob4.jpg",2000,1333,false],"trp-custom-language-flag":["https:\/\/www.uartes.edu.ec\/sitio\/wp-content\/uploads\/2020\/09\/contrabajob4.jpg",18,12,false],"htmega_size_585x295":["https:\/\/www.uartes.edu.ec\/sitio\/wp-content\/uploads\/2020\/09\/contrabajob4-585x295.jpg",585,295,true],"htmega_size_1170x536":["https:\/\/www.uartes.edu.ec\/sitio\/wp-content\/uploads\/2020\/09\/contrabajob4-1170x536.jpg",1170,536,true],"htmega_size_396x360":["https:\/\/www.uartes.edu.ec\/sitio\/wp-content\/uploads\/2020\/09\/contrabajob4-396x360.jpg",396,360,true],"gb-block-post-grid-landscape":["https:\/\/www.uartes.edu.ec\/sitio\/wp-content\/uploads\/2020\/09\/contrabajob4.jpg",600,400,false],"gb-block-post-grid-square":["https:\/\/www.uartes.edu.ec\/sitio\/wp-content\/uploads\/2020\/09\/contrabajob4.jpg",600,400,false],"university-hub-thumb":["https:\/\/www.uartes.edu.ec\/sitio\/wp-content\/uploads\/2020\/09\/contrabajob4-400x267.jpg",400,267,true],"mailpoet_newsletter_max":["https:\/\/www.uartes.edu.ec\/sitio\/wp-content\/uploads\/2020\/09\/contrabajob4.jpg",1320,880,false]},"uagb_author_info":{"display_name":"Universidad de las Artes","author_link":"https:\/\/www.uartes.edu.ec\/sitio\/blog\/author\/dircomadm\/"},"uagb_comment_info":0,"uagb_excerpt":"Entr\u00f3 a la Universidad de las Artes sin saber tocar el contrabajo, instrumento que hab\u00eda decidi\u00f3 estudiar. Tampoco le\u00eda partituras y menos ten\u00eda conocimientos de teor\u00eda musical. Ahora, Job Rosales Yagual cursa el s\u00e9ptimo semestre de la carrera Artes Musicales y Sonoras en la Escuela de Artes Sonoras y tras presentarse a una audici\u00f3n a&hellip;","featured_image_src":"https:\/\/www.uartes.edu.ec\/sitio\/wp-content\/uploads\/2020\/09\/contrabajob4.jpg","featured_image_src_square":"https:\/\/www.uartes.edu.ec\/sitio\/wp-content\/uploads\/2020\/09\/contrabajob4.jpg","author_info":{"display_name":"Universidad de las Artes","author_link":"https:\/\/www.uartes.edu.ec\/sitio\/blog\/author\/dircomadm\/"},"publishpress_future_workflow_manual_trigger":{"enabledWorkflows":[]},"distributor_meta":false,"distributor_terms":false,"distributor_media":false,"distributor_original_site_name":"Universidad de las Artes","distributor_original_site_url":"https:\/\/www.uartes.edu.ec\/sitio","push-errors":false,"_links":{"self":[{"href":"https:\/\/www.uartes.edu.ec\/sitio\/wp-json\/wp\/v2\/posts\/8608","targetHints":{"allow":["GET"]}}],"collection":[{"href":"https:\/\/www.uartes.edu.ec\/sitio\/wp-json\/wp\/v2\/posts"}],"about":[{"href":"https:\/\/www.uartes.edu.ec\/sitio\/wp-json\/wp\/v2\/types\/post"}],"author":[{"embeddable":true,"href":"https:\/\/www.uartes.edu.ec\/sitio\/wp-json\/wp\/v2\/users\/1"}],"replies":[{"embeddable":true,"href":"https:\/\/www.uartes.edu.ec\/sitio\/wp-json\/wp\/v2\/comments?post=8608"}],"version-history":[{"count":9,"href":"https:\/\/www.uartes.edu.ec\/sitio\/wp-json\/wp\/v2\/posts\/8608\/revisions"}],"predecessor-version":[{"id":45786,"href":"https:\/\/www.uartes.edu.ec\/sitio\/wp-json\/wp\/v2\/posts\/8608\/revisions\/45786"}],"wp:featuredmedia":[{"embeddable":true,"href":"https:\/\/www.uartes.edu.ec\/sitio\/wp-json\/wp\/v2\/media\/8613"}],"wp:attachment":[{"href":"https:\/\/www.uartes.edu.ec\/sitio\/wp-json\/wp\/v2\/media?parent=8608"}],"wp:term":[{"taxonomy":"category","embeddable":true,"href":"https:\/\/www.uartes.edu.ec\/sitio\/wp-json\/wp\/v2\/categories?post=8608"},{"taxonomy":"post_tag","embeddable":true,"href":"https:\/\/www.uartes.edu.ec\/sitio\/wp-json\/wp\/v2\/tags?post=8608"},{"taxonomy":"infouartes","embeddable":true,"href":"https:\/\/www.uartes.edu.ec\/sitio\/wp-json\/wp\/v2\/infouartes?post=8608"}],"curies":[{"name":"wp","href":"https:\/\/api.w.org\/{rel}","templated":true}]}}