{"id":87454,"date":"2026-02-18T13:40:00","date_gmt":"2026-02-18T18:40:00","guid":{"rendered":"https:\/\/www.uartes.edu.ec\/sitio\/?p=87454"},"modified":"2026-03-11T10:47:30","modified_gmt":"2026-03-11T15:47:30","slug":"los-no-lugares-del-cuerpo-de-micaela-chavez","status":"publish","type":"post","link":"https:\/\/www.uartes.edu.ec\/sitio\/blog\/2026\/02\/18\/los-no-lugares-del-cuerpo-de-micaela-chavez\/","title":{"rendered":"Micaela Ch\u00e1vez present\u00f3 con im\u00e1genes pict\u00f3ricas y escult\u00f3ricas las indagaciones de \u201cLos \/no lugares\/ del cuerpo\u201d"},"content":{"rendered":"\n<p>Desplegada en torno a la imagen corporal, donde a partir de la problematizaci\u00f3n del autorretrato su autora busc\u00f3 indagar y explorar su dimensi\u00f3n abyecta, siniestra y vol\u00e1til. As\u00ed Micaela Ch\u00e1vez, estudiante de la Escuela de Artes Visuales, conceptualiz\u00f3 su muestra de titulaci\u00f3n \u201cLos \/no lugares\/ del cuerpo\u201d, la cual llev\u00f3 s la galer\u00eda La Estuaria (barrio El Astillero, calle Eloy Alfaro 2014 y Colombia).<\/p>\n\n\n\n<p>El objetivo de su proyecto de tesis, indic\u00f3 Micaela Ch\u00e1vez, fue, con actitud confrontativa hacia el imaginario corporal ideal o estable, habitar el cuerpo a partir de su distancia, produciendo im\u00e1genes tanto pict\u00f3ricas como escult\u00f3ricas dif\u00edcilmente legibles y ajenas a \u00e9l. Esta muestra individual se inaugur\u00f3 el 26 de enero y mantuvo hasta el 7 de febrero.<\/p>\n\n\n\n<p>Para ello, refiri\u00f3, fue imprescindible el v\u00ednculo con las herramientas digitales; precisamente, la apropiaci\u00f3n de sus c\u00f3digos\/lenguajes a la hora de interpretar\/traducir elementos de la vida real para generar una colisi\u00f3n entre la fisicidad de lo org\u00e1nico y el lenguaje digital con el fin de transgredir los l\u00edmites no solo visuales, sino tambi\u00e9n conceptuales en torno al cuerpo.<\/p>\n\n\n<div class=\"wp-block-image\">\n<figure class=\"aligncenter size-large\"><img fetchpriority=\"high\" decoding=\"async\" width=\"644\" height=\"429\" src=\"https:\/\/www.uartes.edu.ec\/sitio\/wp-content\/uploads\/2026\/02\/Proyecto-Cambiar-tamano-de-imagen-2026-03-10T200957.433-644x429.jpeg\" alt=\"\" class=\"wp-image-87482\" srcset=\"https:\/\/www.uartes.edu.ec\/sitio\/wp-content\/uploads\/2026\/02\/Proyecto-Cambiar-tamano-de-imagen-2026-03-10T200957.433-644x429.jpeg 644w, https:\/\/www.uartes.edu.ec\/sitio\/wp-content\/uploads\/2026\/02\/Proyecto-Cambiar-tamano-de-imagen-2026-03-10T200957.433-300x200.jpeg 300w, https:\/\/www.uartes.edu.ec\/sitio\/wp-content\/uploads\/2026\/02\/Proyecto-Cambiar-tamano-de-imagen-2026-03-10T200957.433-768x512.jpeg 768w, https:\/\/www.uartes.edu.ec\/sitio\/wp-content\/uploads\/2026\/02\/Proyecto-Cambiar-tamano-de-imagen-2026-03-10T200957.433-1536x1024.jpeg 1536w, https:\/\/www.uartes.edu.ec\/sitio\/wp-content\/uploads\/2026\/02\/Proyecto-Cambiar-tamano-de-imagen-2026-03-10T200957.433-18x12.jpeg 18w, https:\/\/www.uartes.edu.ec\/sitio\/wp-content\/uploads\/2026\/02\/Proyecto-Cambiar-tamano-de-imagen-2026-03-10T200957.433-600x400.jpeg 600w, https:\/\/www.uartes.edu.ec\/sitio\/wp-content\/uploads\/2026\/02\/Proyecto-Cambiar-tamano-de-imagen-2026-03-10T200957.433-400x267.jpeg 400w, https:\/\/www.uartes.edu.ec\/sitio\/wp-content\/uploads\/2026\/02\/Proyecto-Cambiar-tamano-de-imagen-2026-03-10T200957.433.jpeg 2000w\" sizes=\"(max-width: 644px) 100vw, 644px\" \/><\/figure>\n<\/div>\n\n<div class=\"wp-block-image\">\n<figure class=\"aligncenter size-large is-resized\"><img decoding=\"async\" width=\"644\" height=\"429\" src=\"https:\/\/www.uartes.edu.ec\/sitio\/wp-content\/uploads\/2026\/02\/Proyecto-Cambiar-tamano-de-imagen-2026-03-10T201049.699-644x429.jpeg\" alt=\"\" class=\"wp-image-87478\" style=\"aspect-ratio:1.5011837552358405;width:479px;height:auto\" srcset=\"https:\/\/www.uartes.edu.ec\/sitio\/wp-content\/uploads\/2026\/02\/Proyecto-Cambiar-tamano-de-imagen-2026-03-10T201049.699-644x429.jpeg 644w, https:\/\/www.uartes.edu.ec\/sitio\/wp-content\/uploads\/2026\/02\/Proyecto-Cambiar-tamano-de-imagen-2026-03-10T201049.699-300x200.jpeg 300w, https:\/\/www.uartes.edu.ec\/sitio\/wp-content\/uploads\/2026\/02\/Proyecto-Cambiar-tamano-de-imagen-2026-03-10T201049.699-768x512.jpeg 768w, https:\/\/www.uartes.edu.ec\/sitio\/wp-content\/uploads\/2026\/02\/Proyecto-Cambiar-tamano-de-imagen-2026-03-10T201049.699-1536x1024.jpeg 1536w, https:\/\/www.uartes.edu.ec\/sitio\/wp-content\/uploads\/2026\/02\/Proyecto-Cambiar-tamano-de-imagen-2026-03-10T201049.699-18x12.jpeg 18w, https:\/\/www.uartes.edu.ec\/sitio\/wp-content\/uploads\/2026\/02\/Proyecto-Cambiar-tamano-de-imagen-2026-03-10T201049.699-600x400.jpeg 600w, https:\/\/www.uartes.edu.ec\/sitio\/wp-content\/uploads\/2026\/02\/Proyecto-Cambiar-tamano-de-imagen-2026-03-10T201049.699-400x267.jpeg 400w, https:\/\/www.uartes.edu.ec\/sitio\/wp-content\/uploads\/2026\/02\/Proyecto-Cambiar-tamano-de-imagen-2026-03-10T201049.699.jpeg 2000w\" sizes=\"(max-width: 644px) 100vw, 644px\" \/><\/figure>\n<\/div>\n\n\n<p>Dise\u00f1\u00f3 la metodolog\u00eda de su proyecto en base a la interpretaci\u00f3n\/traducci\u00f3n tanto del lenguaje\/conocimiento humano como digital, donde la imagen corporal es inicialmente registrada a partir de un dispositivo de c\u00f3mputo para m\u00e1s adelante ser procesada a trav\u00e9s de diversos softwares y, finalmente, interpretada formal y artesanalmente en piezas pict\u00f3ricas y escult\u00f3ricas, dando como resultado visualidades en las que lo corporal dej\u00f3 su estado familiar para convertirse en un ente extra\u00f1o.<\/p>\n\n\n\n<p>Finalmente, la investigaci\u00f3n que Micaela Ch\u00e1vez hizo para su exposici\u00f3n final propuso una nueva perspectiva dentro de las pr\u00e1cticas art\u00edsticas contempor\u00e1neas, donde se expanden las narrativas corporales a partir de la apropiaci\u00f3n po\u00e9tica de la imperfecci\u00f3n no solo en el \u00e1mbito som\u00e1tico, sino tambi\u00e9n en di\u00e1logo con lo tecnol\u00f3gico.<\/p>\n\n\n\n<p>Micaela Ch\u00e1vez inici\u00f3 su texto de sala con la interrogante: \u00bfQu\u00e9 es el cuerpo?, inquietud en apariencia f\u00e1cil de responder, pues no habr\u00eda complicaciones para definir las caracter\u00edsticas inherentes del organismo con el cual hemos existido antes del primer pensamiento y seguiremos vinculados incluso despu\u00e9s del \u00faltimo respiro.<\/p>\n\n\n\n<p>Agreg\u00f3 que aquello en torno a la carne y los huesos, la sangre y los pelos, las pieles que se erizan y las voces que se expulsan resultan tanto cercanas como extra\u00f1as. \u201cEl cuerpo tiene ese car\u00e1cter ir\u00f3nico, pues alberga en su familiaridad una sensaci\u00f3n siniestra. Su naturaleza resulta desconocida e incontrolable, donde una consciencia se ve a s\u00ed misma atrapada en la mutabilidad, deformidad y fragilidad del organismo que la contiene. En esos espacios siniestros y ocultos radica lo interesante del organismo. M\u00e1s all\u00e1 de los lugares comunes e identificables, m\u00e1s all\u00e1 de la plena consciencia del \u2018yo\u2019\u201d.<\/p>\n\n\n<div class=\"wp-block-image\">\n<figure class=\"aligncenter size-large\"><img decoding=\"async\" width=\"644\" height=\"429\" src=\"https:\/\/www.uartes.edu.ec\/sitio\/wp-content\/uploads\/2026\/02\/Proyecto-Cambiar-tamano-de-imagen-2026-03-11T101428.561-644x429.jpeg\" alt=\"\" class=\"wp-image-87483\" srcset=\"https:\/\/www.uartes.edu.ec\/sitio\/wp-content\/uploads\/2026\/02\/Proyecto-Cambiar-tamano-de-imagen-2026-03-11T101428.561-644x429.jpeg 644w, https:\/\/www.uartes.edu.ec\/sitio\/wp-content\/uploads\/2026\/02\/Proyecto-Cambiar-tamano-de-imagen-2026-03-11T101428.561-300x200.jpeg 300w, https:\/\/www.uartes.edu.ec\/sitio\/wp-content\/uploads\/2026\/02\/Proyecto-Cambiar-tamano-de-imagen-2026-03-11T101428.561-768x512.jpeg 768w, https:\/\/www.uartes.edu.ec\/sitio\/wp-content\/uploads\/2026\/02\/Proyecto-Cambiar-tamano-de-imagen-2026-03-11T101428.561-1536x1024.jpeg 1536w, https:\/\/www.uartes.edu.ec\/sitio\/wp-content\/uploads\/2026\/02\/Proyecto-Cambiar-tamano-de-imagen-2026-03-11T101428.561-18x12.jpeg 18w, https:\/\/www.uartes.edu.ec\/sitio\/wp-content\/uploads\/2026\/02\/Proyecto-Cambiar-tamano-de-imagen-2026-03-11T101428.561-600x400.jpeg 600w, https:\/\/www.uartes.edu.ec\/sitio\/wp-content\/uploads\/2026\/02\/Proyecto-Cambiar-tamano-de-imagen-2026-03-11T101428.561-400x267.jpeg 400w, https:\/\/www.uartes.edu.ec\/sitio\/wp-content\/uploads\/2026\/02\/Proyecto-Cambiar-tamano-de-imagen-2026-03-11T101428.561.jpeg 2000w\" sizes=\"(max-width: 644px) 100vw, 644px\" \/><\/figure>\n<\/div>\n\n\n<p>\u00bfQu\u00e9 hay m\u00e1s all\u00e1 de aquello que en un inicio se defin\u00eda como \u201cyo\u201d?, cuestion\u00f3 tambi\u00e9n Micaela Ch\u00e1vez, subrayando que podr\u00eda convertirse en un ser monstruoso, pero si segu\u00eda avanzando y acerc\u00e1ndose podr\u00eda convertirse en paisaje, en monta\u00f1as, cielos y rocas.<\/p>\n\n\n\n<p>\u201cY si ya no tengo nombre, no tengo forma, ni siquiera un rasgo, entonces \u00bfser\u00e9 nadie o sigo siendo alguien? \u00bfY si sigo avanzando, incluso m\u00e1s all\u00e1 de la materialidad de mi cuerpo, en su rastro vol\u00e1til y diluido, me convertir\u00e9 en un mensaje en busca de un encuentro fortuito? No hace falta m\u00e1s que un cambio de lenguaje para desencadenar tales transformaciones. Apropiarse de los fallos y de las inocentes \u2018malinterpretaciones\u2019, resultado de las traducciones y colisiones entre dos mundos aparentemente distantes\u201d, concluy\u00f3.<\/p>\n\n\n\n<p>Constaron entre las piezas expuestas: \u201cDoppelg\u00e4nger\u201d, esculturas textiles de medidas variables realizadas a partir de la fotogrametr\u00eda, una t\u00e9cnica que analiza un conjunto de im\u00e1genes para generar modelos tridimensionales. En particular, se utiliz\u00f3 la aplicaci\u00f3n Polycam para elaborar tres modelados del propio cuerpo.<\/p>\n\n\n<div class=\"wp-block-image\">\n<figure class=\"aligncenter size-large\"><img loading=\"lazy\" decoding=\"async\" width=\"644\" height=\"429\" src=\"https:\/\/www.uartes.edu.ec\/sitio\/wp-content\/uploads\/2026\/02\/Proyecto-Cambiar-tamano-de-imagen-2026-03-11T101625.417-644x429.jpeg\" alt=\"\" class=\"wp-image-87484\" srcset=\"https:\/\/www.uartes.edu.ec\/sitio\/wp-content\/uploads\/2026\/02\/Proyecto-Cambiar-tamano-de-imagen-2026-03-11T101625.417-644x429.jpeg 644w, https:\/\/www.uartes.edu.ec\/sitio\/wp-content\/uploads\/2026\/02\/Proyecto-Cambiar-tamano-de-imagen-2026-03-11T101625.417-300x200.jpeg 300w, https:\/\/www.uartes.edu.ec\/sitio\/wp-content\/uploads\/2026\/02\/Proyecto-Cambiar-tamano-de-imagen-2026-03-11T101625.417-768x512.jpeg 768w, https:\/\/www.uartes.edu.ec\/sitio\/wp-content\/uploads\/2026\/02\/Proyecto-Cambiar-tamano-de-imagen-2026-03-11T101625.417-1536x1024.jpeg 1536w, https:\/\/www.uartes.edu.ec\/sitio\/wp-content\/uploads\/2026\/02\/Proyecto-Cambiar-tamano-de-imagen-2026-03-11T101625.417-18x12.jpeg 18w, https:\/\/www.uartes.edu.ec\/sitio\/wp-content\/uploads\/2026\/02\/Proyecto-Cambiar-tamano-de-imagen-2026-03-11T101625.417-600x400.jpeg 600w, https:\/\/www.uartes.edu.ec\/sitio\/wp-content\/uploads\/2026\/02\/Proyecto-Cambiar-tamano-de-imagen-2026-03-11T101625.417-400x267.jpeg 400w, https:\/\/www.uartes.edu.ec\/sitio\/wp-content\/uploads\/2026\/02\/Proyecto-Cambiar-tamano-de-imagen-2026-03-11T101625.417.jpeg 2000w\" sizes=\"(max-width: 644px) 100vw, 644px\" \/><\/figure>\n<\/div>\n\n<div class=\"wp-block-image\">\n<figure class=\"aligncenter size-large is-resized\"><img loading=\"lazy\" decoding=\"async\" width=\"644\" height=\"429\" src=\"https:\/\/www.uartes.edu.ec\/sitio\/wp-content\/uploads\/2026\/02\/Proyecto-Cambiar-tamano-de-imagen-2026-03-11T102240.137-644x429.jpeg\" alt=\"\" class=\"wp-image-87485\" style=\"aspect-ratio:1.5011837552358405;width:479px;height:auto\" srcset=\"https:\/\/www.uartes.edu.ec\/sitio\/wp-content\/uploads\/2026\/02\/Proyecto-Cambiar-tamano-de-imagen-2026-03-11T102240.137-644x429.jpeg 644w, https:\/\/www.uartes.edu.ec\/sitio\/wp-content\/uploads\/2026\/02\/Proyecto-Cambiar-tamano-de-imagen-2026-03-11T102240.137-300x200.jpeg 300w, https:\/\/www.uartes.edu.ec\/sitio\/wp-content\/uploads\/2026\/02\/Proyecto-Cambiar-tamano-de-imagen-2026-03-11T102240.137-768x512.jpeg 768w, https:\/\/www.uartes.edu.ec\/sitio\/wp-content\/uploads\/2026\/02\/Proyecto-Cambiar-tamano-de-imagen-2026-03-11T102240.137-1536x1024.jpeg 1536w, https:\/\/www.uartes.edu.ec\/sitio\/wp-content\/uploads\/2026\/02\/Proyecto-Cambiar-tamano-de-imagen-2026-03-11T102240.137-18x12.jpeg 18w, https:\/\/www.uartes.edu.ec\/sitio\/wp-content\/uploads\/2026\/02\/Proyecto-Cambiar-tamano-de-imagen-2026-03-11T102240.137-600x400.jpeg 600w, https:\/\/www.uartes.edu.ec\/sitio\/wp-content\/uploads\/2026\/02\/Proyecto-Cambiar-tamano-de-imagen-2026-03-11T102240.137-400x267.jpeg 400w, https:\/\/www.uartes.edu.ec\/sitio\/wp-content\/uploads\/2026\/02\/Proyecto-Cambiar-tamano-de-imagen-2026-03-11T102240.137.jpeg 2000w\" sizes=\"(max-width: 644px) 100vw, 644px\" \/><\/figure>\n<\/div>\n\n\n<p>\u201cErrante Zoom\u201d, pintura acr\u00edlica y yeso par\u00eds sobre lienzo 33 x 56 cm (cada pieza). Serie de lienzos basados en capturas de pantallas pertenecientes a un modelo tridimensional creado por fotogrametr\u00eda (Polycam). El modelo se gener\u00f3 a partir de un brazo, cuyo proceso fue similar al de la obra \u201cDoppelg\u00e4anger\u201d.<\/p>\n\n\n\n<p>\u201cPseudo eterno\u201d, yeso quir\u00fargico, yeso par\u00eds y pintura acr\u00edlica 18,5 x 18 x 13,5. Escultura de dos caras: el lado frontal se bas\u00f3 en una imagen escaneada del rostro de la artista, posteriormente traducida a vol\u00famenes tridimensionales mediante inteligencia artificial (ZoeDepth); el lado interior, consiste en un molde del rostro de la artista, elaborado con yeso quir\u00fargico.<\/p>\n\n\n\n<p>\u201c\u00bfCan you find me?\u201d, pintura acr\u00edlica y arcilla 24 x 40 cm &#8211; 20,5 x 38,5. Obras escult\u00f3ricas desarrolladas a partir de dos audios cuyos contenidos registran la voz de la artista. Dichas pistas de sonido fueron importadas en Audacity con el fin de generar sus correspondientes espectrogramas (representaciones visuales del audio). M\u00e1s adelante, las im\u00e1genes fueron editadas en Photoshop para transformarlas en patrones, posteriormente transcritos en planchas de arcilla.<\/p>\n\n\n\n<p>Texto y fotos: Micaela Ch\u00e1vez\/Escuela de Artes Visuales. Edici\u00f3n: Carmen Cortez\/Dircom.<\/p>\n","protected":false},"excerpt":{"rendered":"<p>Habitar el cuerpo a partir de su distancia, llegando a producir im\u00e1genes tanto pict\u00f3ricas como escult\u00f3ricas dif\u00edcilmente legibles y ajenas a \u00e9l. Con actitud confrontativa hacia el imaginario corporal ideal o estable, la estudiante Micaela Ch\u00e1vez, de la Escuela de Artes Visuales, configur\u00f3 este objetivo en su muestra de titulaci\u00f3n \u201cLos \/no lugares\/ del cuerpo\u201d que present\u00f3 en la galer\u00eda La Estuaria. <\/p>\n","protected":false},"author":10,"featured_media":87475,"comment_status":"open","ping_status":"open","sticky":false,"template":"","format":"standard","meta":{"_acf_changed":false,"_uag_custom_page_level_css":"","_monsterinsights_skip_tracking":false,"_monsterinsights_sitenote_active":false,"_monsterinsights_sitenote_note":"","_monsterinsights_sitenote_category":0,"cybocfi_hide_featured_image":"","footnotes":""},"categories":[80,82,157,76],"tags":[517],"infouartes":[],"class_list":["post-87454","post","type-post","status-publish","format-standard","has-post-thumbnail","hentry","category-academico","category-artes","category-artes-visuales","category-estudiantes","tag-exposicion"],"acf":[],"yoast_head":"<!-- This site is optimized with the Yoast SEO plugin v27.4 - https:\/\/yoast.com\/product\/yoast-seo-wordpress\/ -->\n<title>Universidad de las Artes - Micaela Ch\u00e1vez present\u00f3 con im\u00e1genes pict\u00f3ricas y escult\u00f3ricas las indagaciones de \u201cLos \/no lugares\/ del cuerpo\u201d<\/title>\n<meta name=\"description\" content=\"Universidad de las Artes - Micaela Ch\u00e1vez present\u00f3 con im\u00e1genes pict\u00f3ricas y escult\u00f3ricas las indagaciones de \u201cLos \/no lugares\/ del cuerpo\u201d\" \/>\n<meta name=\"robots\" content=\"index, follow, max-snippet:-1, max-image-preview:large, max-video-preview:-1\" \/>\n<link rel=\"canonical\" href=\"https:\/\/www.uartes.edu.ec\/sitio\/blog\/2026\/02\/18\/los-no-lugares-del-cuerpo-de-micaela-chavez\/\" \/>\n<meta property=\"og:locale\" content=\"es_ES\" \/>\n<meta property=\"og:type\" content=\"article\" \/>\n<meta property=\"og:title\" content=\"Universidad de las Artes - Micaela Ch\u00e1vez present\u00f3 con im\u00e1genes pict\u00f3ricas y escult\u00f3ricas las indagaciones de \u201cLos \/no lugares\/ del cuerpo\u201d\" \/>\n<meta property=\"og:description\" content=\"Universidad de las Artes - Micaela Ch\u00e1vez present\u00f3 con im\u00e1genes pict\u00f3ricas y escult\u00f3ricas las indagaciones de \u201cLos \/no lugares\/ del cuerpo\u201d\" \/>\n<meta property=\"og:url\" content=\"https:\/\/www.uartes.edu.ec\/sitio\/blog\/2026\/02\/18\/los-no-lugares-del-cuerpo-de-micaela-chavez\/\" \/>\n<meta property=\"og:site_name\" content=\"Universidad de las Artes\" \/>\n<meta property=\"article:publisher\" content=\"https:\/\/www.facebook.com\/uartesec\" \/>\n<meta property=\"article:published_time\" content=\"2026-02-18T18:40:00+00:00\" \/>\n<meta property=\"article:modified_time\" content=\"2026-03-11T15:47:30+00:00\" \/>\n<meta property=\"og:image\" content=\"https:\/\/www.uartes.edu.ec\/sitio\/wp-content\/uploads\/2026\/02\/Proyecto-Cambiar-tamano-de-imagen-2026-03-10T201311.735.jpeg\" \/>\n\t<meta property=\"og:image:width\" content=\"2000\" \/>\n\t<meta property=\"og:image:height\" content=\"1333\" \/>\n\t<meta property=\"og:image:type\" content=\"image\/jpeg\" \/>\n<meta name=\"author\" content=\"ccortez\" \/>\n<meta name=\"twitter:card\" content=\"summary_large_image\" \/>\n<meta name=\"twitter:creator\" content=\"@uartesec\" \/>\n<meta name=\"twitter:site\" content=\"@uartesec\" \/>\n<meta name=\"twitter:label1\" content=\"Escrito por\" \/>\n\t<meta name=\"twitter:data1\" content=\"ccortez\" \/>\n\t<meta name=\"twitter:label2\" content=\"Tiempo de lectura\" \/>\n\t<meta name=\"twitter:data2\" content=\"4 minutos\" \/>\n<script type=\"application\/ld+json\" class=\"yoast-schema-graph\">{\"@context\":\"https:\\\/\\\/schema.org\",\"@graph\":[{\"@type\":\"Article\",\"@id\":\"https:\\\/\\\/www.uartes.edu.ec\\\/sitio\\\/blog\\\/2026\\\/02\\\/18\\\/los-no-lugares-del-cuerpo-de-micaela-chavez\\\/#article\",\"isPartOf\":{\"@id\":\"https:\\\/\\\/www.uartes.edu.ec\\\/sitio\\\/blog\\\/2026\\\/02\\\/18\\\/los-no-lugares-del-cuerpo-de-micaela-chavez\\\/\"},\"author\":{\"name\":\"ccortez\",\"@id\":\"https:\\\/\\\/www.uartes.edu.ec\\\/sitio\\\/#\\\/schema\\\/person\\\/efa1b8275797664fd7f13a79ccc0b1f4\"},\"headline\":\"Micaela Ch\u00e1vez present\u00f3 con im\u00e1genes pict\u00f3ricas y escult\u00f3ricas las indagaciones de \u201cLos \\\/no lugares\\\/ del cuerpo\u201d\",\"datePublished\":\"2026-02-18T18:40:00+00:00\",\"dateModified\":\"2026-03-11T15:47:30+00:00\",\"mainEntityOfPage\":{\"@id\":\"https:\\\/\\\/www.uartes.edu.ec\\\/sitio\\\/blog\\\/2026\\\/02\\\/18\\\/los-no-lugares-del-cuerpo-de-micaela-chavez\\\/\"},\"wordCount\":899,\"commentCount\":0,\"publisher\":{\"@id\":\"https:\\\/\\\/www.uartes.edu.ec\\\/sitio\\\/#organization\"},\"image\":{\"@id\":\"https:\\\/\\\/www.uartes.edu.ec\\\/sitio\\\/blog\\\/2026\\\/02\\\/18\\\/los-no-lugares-del-cuerpo-de-micaela-chavez\\\/#primaryimage\"},\"thumbnailUrl\":\"https:\\\/\\\/www.uartes.edu.ec\\\/sitio\\\/wp-content\\\/uploads\\\/2026\\\/02\\\/Proyecto-Cambiar-tamano-de-imagen-2026-03-10T201311.735.jpeg\",\"keywords\":[\"exposici\u00f3n\"],\"articleSection\":[\"Acad\u00e9mico\",\"Artes\",\"Artes Visuales\",\"Estudiantes\"],\"inLanguage\":\"es\",\"potentialAction\":[{\"@type\":\"CommentAction\",\"name\":\"Comment\",\"target\":[\"https:\\\/\\\/www.uartes.edu.ec\\\/sitio\\\/blog\\\/2026\\\/02\\\/18\\\/los-no-lugares-del-cuerpo-de-micaela-chavez\\\/#respond\"]}]},{\"@type\":[\"WebPage\",\"ItemPage\"],\"@id\":\"https:\\\/\\\/www.uartes.edu.ec\\\/sitio\\\/blog\\\/2026\\\/02\\\/18\\\/los-no-lugares-del-cuerpo-de-micaela-chavez\\\/\",\"url\":\"https:\\\/\\\/www.uartes.edu.ec\\\/sitio\\\/blog\\\/2026\\\/02\\\/18\\\/los-no-lugares-del-cuerpo-de-micaela-chavez\\\/\",\"name\":\"Universidad de las Artes - Micaela Ch\u00e1vez present\u00f3 con im\u00e1genes pict\u00f3ricas y escult\u00f3ricas las indagaciones de \u201cLos \\\/no lugares\\\/ del cuerpo\u201d\",\"isPartOf\":{\"@id\":\"https:\\\/\\\/www.uartes.edu.ec\\\/sitio\\\/#website\"},\"primaryImageOfPage\":{\"@id\":\"https:\\\/\\\/www.uartes.edu.ec\\\/sitio\\\/blog\\\/2026\\\/02\\\/18\\\/los-no-lugares-del-cuerpo-de-micaela-chavez\\\/#primaryimage\"},\"image\":{\"@id\":\"https:\\\/\\\/www.uartes.edu.ec\\\/sitio\\\/blog\\\/2026\\\/02\\\/18\\\/los-no-lugares-del-cuerpo-de-micaela-chavez\\\/#primaryimage\"},\"thumbnailUrl\":\"https:\\\/\\\/www.uartes.edu.ec\\\/sitio\\\/wp-content\\\/uploads\\\/2026\\\/02\\\/Proyecto-Cambiar-tamano-de-imagen-2026-03-10T201311.735.jpeg\",\"datePublished\":\"2026-02-18T18:40:00+00:00\",\"dateModified\":\"2026-03-11T15:47:30+00:00\",\"description\":\"Universidad de las Artes - Micaela Ch\u00e1vez present\u00f3 con im\u00e1genes pict\u00f3ricas y escult\u00f3ricas las indagaciones de \u201cLos \\\/no lugares\\\/ del cuerpo\u201d\",\"breadcrumb\":{\"@id\":\"https:\\\/\\\/www.uartes.edu.ec\\\/sitio\\\/blog\\\/2026\\\/02\\\/18\\\/los-no-lugares-del-cuerpo-de-micaela-chavez\\\/#breadcrumb\"},\"inLanguage\":\"es\",\"potentialAction\":[{\"@type\":\"ReadAction\",\"target\":[\"https:\\\/\\\/www.uartes.edu.ec\\\/sitio\\\/blog\\\/2026\\\/02\\\/18\\\/los-no-lugares-del-cuerpo-de-micaela-chavez\\\/\"]}]},{\"@type\":\"ImageObject\",\"inLanguage\":\"es\",\"@id\":\"https:\\\/\\\/www.uartes.edu.ec\\\/sitio\\\/blog\\\/2026\\\/02\\\/18\\\/los-no-lugares-del-cuerpo-de-micaela-chavez\\\/#primaryimage\",\"url\":\"https:\\\/\\\/www.uartes.edu.ec\\\/sitio\\\/wp-content\\\/uploads\\\/2026\\\/02\\\/Proyecto-Cambiar-tamano-de-imagen-2026-03-10T201311.735.jpeg\",\"contentUrl\":\"https:\\\/\\\/www.uartes.edu.ec\\\/sitio\\\/wp-content\\\/uploads\\\/2026\\\/02\\\/Proyecto-Cambiar-tamano-de-imagen-2026-03-10T201311.735.jpeg\",\"width\":2000,\"height\":1333},{\"@type\":\"BreadcrumbList\",\"@id\":\"https:\\\/\\\/www.uartes.edu.ec\\\/sitio\\\/blog\\\/2026\\\/02\\\/18\\\/los-no-lugares-del-cuerpo-de-micaela-chavez\\\/#breadcrumb\",\"itemListElement\":[{\"@type\":\"ListItem\",\"position\":1,\"name\":\"Inicio\",\"item\":\"https:\\\/\\\/www.uartes.edu.ec\\\/sitio\\\/\"},{\"@type\":\"ListItem\",\"position\":2,\"name\":\"Micaela Ch\u00e1vez present\u00f3 con im\u00e1genes pict\u00f3ricas y escult\u00f3ricas las indagaciones de \u201cLos \\\/no lugares\\\/ del cuerpo\u201d\"}]},{\"@type\":\"WebSite\",\"@id\":\"https:\\\/\\\/www.uartes.edu.ec\\\/sitio\\\/#website\",\"url\":\"https:\\\/\\\/www.uartes.edu.ec\\\/sitio\\\/\",\"name\":\"Universidad de las Artes\",\"description\":\"Sitio oficial de la Universidad Nacional de las Artes del Ecuador\",\"publisher\":{\"@id\":\"https:\\\/\\\/www.uartes.edu.ec\\\/sitio\\\/#organization\"},\"potentialAction\":[{\"@type\":\"SearchAction\",\"target\":{\"@type\":\"EntryPoint\",\"urlTemplate\":\"https:\\\/\\\/www.uartes.edu.ec\\\/sitio\\\/?s={search_term_string}\"},\"query-input\":{\"@type\":\"PropertyValueSpecification\",\"valueRequired\":true,\"valueName\":\"search_term_string\"}}],\"inLanguage\":\"es\"},{\"@type\":\"Organization\",\"@id\":\"https:\\\/\\\/www.uartes.edu.ec\\\/sitio\\\/#organization\",\"name\":\"Universidad de las Artes\",\"url\":\"https:\\\/\\\/www.uartes.edu.ec\\\/sitio\\\/\",\"logo\":{\"@type\":\"ImageObject\",\"inLanguage\":\"es\",\"@id\":\"https:\\\/\\\/www.uartes.edu.ec\\\/sitio\\\/#\\\/schema\\\/logo\\\/image\\\/\",\"url\":\"https:\\\/\\\/www.uartes.edu.ec\\\/sitio\\\/wp-content\\\/uploads\\\/2022\\\/07\\\/logo-ua-horizontal.png\",\"contentUrl\":\"https:\\\/\\\/www.uartes.edu.ec\\\/sitio\\\/wp-content\\\/uploads\\\/2022\\\/07\\\/logo-ua-horizontal.png\",\"width\":800,\"height\":276,\"caption\":\"Universidad de las Artes\"},\"image\":{\"@id\":\"https:\\\/\\\/www.uartes.edu.ec\\\/sitio\\\/#\\\/schema\\\/logo\\\/image\\\/\"},\"sameAs\":[\"https:\\\/\\\/www.facebook.com\\\/uartesec\",\"https:\\\/\\\/x.com\\\/uartesec\",\"https:\\\/\\\/www.tiktok.com\\\/@uartesec\"]},{\"@type\":\"Person\",\"@id\":\"https:\\\/\\\/www.uartes.edu.ec\\\/sitio\\\/#\\\/schema\\\/person\\\/efa1b8275797664fd7f13a79ccc0b1f4\",\"name\":\"ccortez\",\"image\":{\"@type\":\"ImageObject\",\"inLanguage\":\"es\",\"@id\":\"https:\\\/\\\/secure.gravatar.com\\\/avatar\\\/b2a6f664a3ae8e074346ef91775736c5ec479e637ecced6842de9dc98b5da9cd?s=96&d=mm&r=g\",\"url\":\"https:\\\/\\\/secure.gravatar.com\\\/avatar\\\/b2a6f664a3ae8e074346ef91775736c5ec479e637ecced6842de9dc98b5da9cd?s=96&d=mm&r=g\",\"contentUrl\":\"https:\\\/\\\/secure.gravatar.com\\\/avatar\\\/b2a6f664a3ae8e074346ef91775736c5ec479e637ecced6842de9dc98b5da9cd?s=96&d=mm&r=g\",\"caption\":\"ccortez\"},\"url\":\"https:\\\/\\\/www.uartes.edu.ec\\\/sitio\\\/blog\\\/author\\\/ccortez\\\/\"}]}<\/script>\n<!-- \/ Yoast SEO plugin. -->","yoast_head_json":{"title":"Universidad de las Artes - Micaela Ch\u00e1vez present\u00f3 con im\u00e1genes pict\u00f3ricas y escult\u00f3ricas las indagaciones de \u201cLos \/no lugares\/ del cuerpo\u201d","description":"Universidad de las Artes - Micaela Ch\u00e1vez present\u00f3 con im\u00e1genes pict\u00f3ricas y escult\u00f3ricas las indagaciones de \u201cLos \/no lugares\/ del cuerpo\u201d","robots":{"index":"index","follow":"follow","max-snippet":"max-snippet:-1","max-image-preview":"max-image-preview:large","max-video-preview":"max-video-preview:-1"},"canonical":"https:\/\/www.uartes.edu.ec\/sitio\/blog\/2026\/02\/18\/los-no-lugares-del-cuerpo-de-micaela-chavez\/","og_locale":"es_ES","og_type":"article","og_title":"Universidad de las Artes - Micaela Ch\u00e1vez present\u00f3 con im\u00e1genes pict\u00f3ricas y escult\u00f3ricas las indagaciones de \u201cLos \/no lugares\/ del cuerpo\u201d","og_description":"Universidad de las Artes - Micaela Ch\u00e1vez present\u00f3 con im\u00e1genes pict\u00f3ricas y escult\u00f3ricas las indagaciones de \u201cLos \/no lugares\/ del cuerpo\u201d","og_url":"https:\/\/www.uartes.edu.ec\/sitio\/blog\/2026\/02\/18\/los-no-lugares-del-cuerpo-de-micaela-chavez\/","og_site_name":"Universidad de las Artes","article_publisher":"https:\/\/www.facebook.com\/uartesec","article_published_time":"2026-02-18T18:40:00+00:00","article_modified_time":"2026-03-11T15:47:30+00:00","og_image":[{"width":2000,"height":1333,"url":"https:\/\/www.uartes.edu.ec\/sitio\/wp-content\/uploads\/2026\/02\/Proyecto-Cambiar-tamano-de-imagen-2026-03-10T201311.735.jpeg","type":"image\/jpeg"}],"author":"ccortez","twitter_card":"summary_large_image","twitter_creator":"@uartesec","twitter_site":"@uartesec","twitter_misc":{"Escrito por":"ccortez","Tiempo de lectura":"4 minutos"},"schema":{"@context":"https:\/\/schema.org","@graph":[{"@type":"Article","@id":"https:\/\/www.uartes.edu.ec\/sitio\/blog\/2026\/02\/18\/los-no-lugares-del-cuerpo-de-micaela-chavez\/#article","isPartOf":{"@id":"https:\/\/www.uartes.edu.ec\/sitio\/blog\/2026\/02\/18\/los-no-lugares-del-cuerpo-de-micaela-chavez\/"},"author":{"name":"ccortez","@id":"https:\/\/www.uartes.edu.ec\/sitio\/#\/schema\/person\/efa1b8275797664fd7f13a79ccc0b1f4"},"headline":"Micaela Ch\u00e1vez present\u00f3 con im\u00e1genes pict\u00f3ricas y escult\u00f3ricas las indagaciones de \u201cLos \/no lugares\/ del cuerpo\u201d","datePublished":"2026-02-18T18:40:00+00:00","dateModified":"2026-03-11T15:47:30+00:00","mainEntityOfPage":{"@id":"https:\/\/www.uartes.edu.ec\/sitio\/blog\/2026\/02\/18\/los-no-lugares-del-cuerpo-de-micaela-chavez\/"},"wordCount":899,"commentCount":0,"publisher":{"@id":"https:\/\/www.uartes.edu.ec\/sitio\/#organization"},"image":{"@id":"https:\/\/www.uartes.edu.ec\/sitio\/blog\/2026\/02\/18\/los-no-lugares-del-cuerpo-de-micaela-chavez\/#primaryimage"},"thumbnailUrl":"https:\/\/www.uartes.edu.ec\/sitio\/wp-content\/uploads\/2026\/02\/Proyecto-Cambiar-tamano-de-imagen-2026-03-10T201311.735.jpeg","keywords":["exposici\u00f3n"],"articleSection":["Acad\u00e9mico","Artes","Artes Visuales","Estudiantes"],"inLanguage":"es","potentialAction":[{"@type":"CommentAction","name":"Comment","target":["https:\/\/www.uartes.edu.ec\/sitio\/blog\/2026\/02\/18\/los-no-lugares-del-cuerpo-de-micaela-chavez\/#respond"]}]},{"@type":["WebPage","ItemPage"],"@id":"https:\/\/www.uartes.edu.ec\/sitio\/blog\/2026\/02\/18\/los-no-lugares-del-cuerpo-de-micaela-chavez\/","url":"https:\/\/www.uartes.edu.ec\/sitio\/blog\/2026\/02\/18\/los-no-lugares-del-cuerpo-de-micaela-chavez\/","name":"Universidad de las Artes - Micaela Ch\u00e1vez present\u00f3 con im\u00e1genes pict\u00f3ricas y escult\u00f3ricas las indagaciones de \u201cLos \/no lugares\/ del cuerpo\u201d","isPartOf":{"@id":"https:\/\/www.uartes.edu.ec\/sitio\/#website"},"primaryImageOfPage":{"@id":"https:\/\/www.uartes.edu.ec\/sitio\/blog\/2026\/02\/18\/los-no-lugares-del-cuerpo-de-micaela-chavez\/#primaryimage"},"image":{"@id":"https:\/\/www.uartes.edu.ec\/sitio\/blog\/2026\/02\/18\/los-no-lugares-del-cuerpo-de-micaela-chavez\/#primaryimage"},"thumbnailUrl":"https:\/\/www.uartes.edu.ec\/sitio\/wp-content\/uploads\/2026\/02\/Proyecto-Cambiar-tamano-de-imagen-2026-03-10T201311.735.jpeg","datePublished":"2026-02-18T18:40:00+00:00","dateModified":"2026-03-11T15:47:30+00:00","description":"Universidad de las Artes - Micaela Ch\u00e1vez present\u00f3 con im\u00e1genes pict\u00f3ricas y escult\u00f3ricas las indagaciones de \u201cLos \/no lugares\/ del cuerpo\u201d","breadcrumb":{"@id":"https:\/\/www.uartes.edu.ec\/sitio\/blog\/2026\/02\/18\/los-no-lugares-del-cuerpo-de-micaela-chavez\/#breadcrumb"},"inLanguage":"es","potentialAction":[{"@type":"ReadAction","target":["https:\/\/www.uartes.edu.ec\/sitio\/blog\/2026\/02\/18\/los-no-lugares-del-cuerpo-de-micaela-chavez\/"]}]},{"@type":"ImageObject","inLanguage":"es","@id":"https:\/\/www.uartes.edu.ec\/sitio\/blog\/2026\/02\/18\/los-no-lugares-del-cuerpo-de-micaela-chavez\/#primaryimage","url":"https:\/\/www.uartes.edu.ec\/sitio\/wp-content\/uploads\/2026\/02\/Proyecto-Cambiar-tamano-de-imagen-2026-03-10T201311.735.jpeg","contentUrl":"https:\/\/www.uartes.edu.ec\/sitio\/wp-content\/uploads\/2026\/02\/Proyecto-Cambiar-tamano-de-imagen-2026-03-10T201311.735.jpeg","width":2000,"height":1333},{"@type":"BreadcrumbList","@id":"https:\/\/www.uartes.edu.ec\/sitio\/blog\/2026\/02\/18\/los-no-lugares-del-cuerpo-de-micaela-chavez\/#breadcrumb","itemListElement":[{"@type":"ListItem","position":1,"name":"Inicio","item":"https:\/\/www.uartes.edu.ec\/sitio\/"},{"@type":"ListItem","position":2,"name":"Micaela Ch\u00e1vez present\u00f3 con im\u00e1genes pict\u00f3ricas y escult\u00f3ricas las indagaciones de \u201cLos \/no lugares\/ del cuerpo\u201d"}]},{"@type":"WebSite","@id":"https:\/\/www.uartes.edu.ec\/sitio\/#website","url":"https:\/\/www.uartes.edu.ec\/sitio\/","name":"Universidad de las Artes","description":"Sitio oficial de la Universidad Nacional de las Artes del Ecuador","publisher":{"@id":"https:\/\/www.uartes.edu.ec\/sitio\/#organization"},"potentialAction":[{"@type":"SearchAction","target":{"@type":"EntryPoint","urlTemplate":"https:\/\/www.uartes.edu.ec\/sitio\/?s={search_term_string}"},"query-input":{"@type":"PropertyValueSpecification","valueRequired":true,"valueName":"search_term_string"}}],"inLanguage":"es"},{"@type":"Organization","@id":"https:\/\/www.uartes.edu.ec\/sitio\/#organization","name":"Universidad de las Artes","url":"https:\/\/www.uartes.edu.ec\/sitio\/","logo":{"@type":"ImageObject","inLanguage":"es","@id":"https:\/\/www.uartes.edu.ec\/sitio\/#\/schema\/logo\/image\/","url":"https:\/\/www.uartes.edu.ec\/sitio\/wp-content\/uploads\/2022\/07\/logo-ua-horizontal.png","contentUrl":"https:\/\/www.uartes.edu.ec\/sitio\/wp-content\/uploads\/2022\/07\/logo-ua-horizontal.png","width":800,"height":276,"caption":"Universidad de las Artes"},"image":{"@id":"https:\/\/www.uartes.edu.ec\/sitio\/#\/schema\/logo\/image\/"},"sameAs":["https:\/\/www.facebook.com\/uartesec","https:\/\/x.com\/uartesec","https:\/\/www.tiktok.com\/@uartesec"]},{"@type":"Person","@id":"https:\/\/www.uartes.edu.ec\/sitio\/#\/schema\/person\/efa1b8275797664fd7f13a79ccc0b1f4","name":"ccortez","image":{"@type":"ImageObject","inLanguage":"es","@id":"https:\/\/secure.gravatar.com\/avatar\/b2a6f664a3ae8e074346ef91775736c5ec479e637ecced6842de9dc98b5da9cd?s=96&d=mm&r=g","url":"https:\/\/secure.gravatar.com\/avatar\/b2a6f664a3ae8e074346ef91775736c5ec479e637ecced6842de9dc98b5da9cd?s=96&d=mm&r=g","contentUrl":"https:\/\/secure.gravatar.com\/avatar\/b2a6f664a3ae8e074346ef91775736c5ec479e637ecced6842de9dc98b5da9cd?s=96&d=mm&r=g","caption":"ccortez"},"url":"https:\/\/www.uartes.edu.ec\/sitio\/blog\/author\/ccortez\/"}]}},"uagb_featured_image_src":{"full":["https:\/\/www.uartes.edu.ec\/sitio\/wp-content\/uploads\/2026\/02\/Proyecto-Cambiar-tamano-de-imagen-2026-03-10T201311.735.jpeg",2000,1333,false],"thumbnail":["https:\/\/www.uartes.edu.ec\/sitio\/wp-content\/uploads\/2026\/02\/Proyecto-Cambiar-tamano-de-imagen-2026-03-10T201311.735-150x150.jpeg",150,150,true],"medium":["https:\/\/www.uartes.edu.ec\/sitio\/wp-content\/uploads\/2026\/02\/Proyecto-Cambiar-tamano-de-imagen-2026-03-10T201311.735-300x200.jpeg",300,200,true],"medium_large":["https:\/\/www.uartes.edu.ec\/sitio\/wp-content\/uploads\/2026\/02\/Proyecto-Cambiar-tamano-de-imagen-2026-03-10T201311.735-768x512.jpeg",768,512,true],"large":["https:\/\/www.uartes.edu.ec\/sitio\/wp-content\/uploads\/2026\/02\/Proyecto-Cambiar-tamano-de-imagen-2026-03-10T201311.735-644x429.jpeg",644,429,true],"1536x1536":["https:\/\/www.uartes.edu.ec\/sitio\/wp-content\/uploads\/2026\/02\/Proyecto-Cambiar-tamano-de-imagen-2026-03-10T201311.735-1536x1024.jpeg",1536,1024,true],"2048x2048":["https:\/\/www.uartes.edu.ec\/sitio\/wp-content\/uploads\/2026\/02\/Proyecto-Cambiar-tamano-de-imagen-2026-03-10T201311.735.jpeg",2000,1333,false],"trp-custom-language-flag":["https:\/\/www.uartes.edu.ec\/sitio\/wp-content\/uploads\/2026\/02\/Proyecto-Cambiar-tamano-de-imagen-2026-03-10T201311.735-18x12.jpeg",18,12,true],"htmega_size_585x295":["https:\/\/www.uartes.edu.ec\/sitio\/wp-content\/uploads\/2026\/02\/Proyecto-Cambiar-tamano-de-imagen-2026-03-10T201311.735-585x295.jpeg",585,295,true],"htmega_size_1170x536":["https:\/\/www.uartes.edu.ec\/sitio\/wp-content\/uploads\/2026\/02\/Proyecto-Cambiar-tamano-de-imagen-2026-03-10T201311.735-1170x536.jpeg",1170,536,true],"htmega_size_396x360":["https:\/\/www.uartes.edu.ec\/sitio\/wp-content\/uploads\/2026\/02\/Proyecto-Cambiar-tamano-de-imagen-2026-03-10T201311.735-396x360.jpeg",396,360,true],"gb-block-post-grid-landscape":["https:\/\/www.uartes.edu.ec\/sitio\/wp-content\/uploads\/2026\/02\/Proyecto-Cambiar-tamano-de-imagen-2026-03-10T201311.735-600x400.jpeg",600,400,true],"gb-block-post-grid-square":["https:\/\/www.uartes.edu.ec\/sitio\/wp-content\/uploads\/2026\/02\/Proyecto-Cambiar-tamano-de-imagen-2026-03-10T201311.735-600x600.jpeg",600,600,true],"university-hub-thumb":["https:\/\/www.uartes.edu.ec\/sitio\/wp-content\/uploads\/2026\/02\/Proyecto-Cambiar-tamano-de-imagen-2026-03-10T201311.735-400x267.jpeg",400,267,true]},"uagb_author_info":{"display_name":"ccortez","author_link":"https:\/\/www.uartes.edu.ec\/sitio\/blog\/author\/ccortez\/"},"uagb_comment_info":0,"uagb_excerpt":"Habitar el cuerpo a partir de su distancia, llegando a producir im\u00e1genes tanto pict\u00f3ricas como escult\u00f3ricas dif\u00edcilmente legibles y ajenas a \u00e9l. Con actitud confrontativa hacia el imaginario corporal ideal o estable, la estudiante Micaela Ch\u00e1vez, de la Escuela de Artes Visuales, configur\u00f3 este objetivo en su muestra de titulaci\u00f3n \u201cLos \/no lugares\/ del cuerpo\u201d&hellip;","featured_image_src":"https:\/\/www.uartes.edu.ec\/sitio\/wp-content\/uploads\/2026\/02\/Proyecto-Cambiar-tamano-de-imagen-2026-03-10T201311.735-600x400.jpeg","featured_image_src_square":"https:\/\/www.uartes.edu.ec\/sitio\/wp-content\/uploads\/2026\/02\/Proyecto-Cambiar-tamano-de-imagen-2026-03-10T201311.735-600x600.jpeg","author_info":{"display_name":"ccortez","author_link":"https:\/\/www.uartes.edu.ec\/sitio\/blog\/author\/ccortez\/"},"publishpress_future_workflow_manual_trigger":{"enabledWorkflows":[]},"distributor_meta":false,"distributor_terms":false,"distributor_media":false,"distributor_original_site_name":"Universidad de las Artes","distributor_original_site_url":"https:\/\/www.uartes.edu.ec\/sitio","push-errors":false,"_links":{"self":[{"href":"https:\/\/www.uartes.edu.ec\/sitio\/wp-json\/wp\/v2\/posts\/87454","targetHints":{"allow":["GET"]}}],"collection":[{"href":"https:\/\/www.uartes.edu.ec\/sitio\/wp-json\/wp\/v2\/posts"}],"about":[{"href":"https:\/\/www.uartes.edu.ec\/sitio\/wp-json\/wp\/v2\/types\/post"}],"author":[{"embeddable":true,"href":"https:\/\/www.uartes.edu.ec\/sitio\/wp-json\/wp\/v2\/users\/10"}],"replies":[{"embeddable":true,"href":"https:\/\/www.uartes.edu.ec\/sitio\/wp-json\/wp\/v2\/comments?post=87454"}],"version-history":[{"count":8,"href":"https:\/\/www.uartes.edu.ec\/sitio\/wp-json\/wp\/v2\/posts\/87454\/revisions"}],"predecessor-version":[{"id":87515,"href":"https:\/\/www.uartes.edu.ec\/sitio\/wp-json\/wp\/v2\/posts\/87454\/revisions\/87515"}],"wp:featuredmedia":[{"embeddable":true,"href":"https:\/\/www.uartes.edu.ec\/sitio\/wp-json\/wp\/v2\/media\/87475"}],"wp:attachment":[{"href":"https:\/\/www.uartes.edu.ec\/sitio\/wp-json\/wp\/v2\/media?parent=87454"}],"wp:term":[{"taxonomy":"category","embeddable":true,"href":"https:\/\/www.uartes.edu.ec\/sitio\/wp-json\/wp\/v2\/categories?post=87454"},{"taxonomy":"post_tag","embeddable":true,"href":"https:\/\/www.uartes.edu.ec\/sitio\/wp-json\/wp\/v2\/tags?post=87454"},{"taxonomy":"infouartes","embeddable":true,"href":"https:\/\/www.uartes.edu.ec\/sitio\/wp-json\/wp\/v2\/infouartes?post=87454"}],"curies":[{"name":"wp","href":"https:\/\/api.w.org\/{rel}","templated":true}]}}