{"id":87578,"date":"2026-02-25T19:19:00","date_gmt":"2026-02-26T00:19:00","guid":{"rendered":"https:\/\/www.uartes.edu.ec\/sitio\/?p=87578"},"modified":"2026-03-11T18:23:05","modified_gmt":"2026-03-11T23:23:05","slug":"en-la-cce-galapagos-priscilla-aguirre-compartio-en-taller-herramientas-para-la-accesibilidad-en-la-creacion-artistica","status":"publish","type":"post","link":"https:\/\/www.uartes.edu.ec\/sitio\/blog\/2026\/02\/25\/en-la-cce-galapagos-priscilla-aguirre-compartio-en-taller-herramientas-para-la-accesibilidad-en-la-creacion-artistica\/","title":{"rendered":"En la CCE-Gal\u00e1pagos, Priscilla Aguirre comparti\u00f3 en taller herramientas para la accesibilidad en la creaci\u00f3n art\u00edstica"},"content":{"rendered":"\n<p>Como parte de las actividades de circulaci\u00f3n de los resultados del proyecto de investigaci\u00f3n \u201cDislocar\u201d de la Universidad de las Artes, la docente Priscilla Aguirre desarroll\u00f3 en la Casa de la Cultura Ecuatoriana N\u00facleo Gal\u00e1pagos (CCE-Gal\u00e1pagos), en la isla Santa Cruz, un taller cuyo objetivo principal fue brindar a los participantes herramientas pr\u00e1cticas para la creaci\u00f3n y accesibilidad art\u00edstica con personas con discapacidad desde un enfoque transdisciplinar que articula el audiovisual, el sonido y el movimiento.<\/p>\n\n\n\n<p>El taller \u201cDislocar: Transducciones para la accesibilidad en la creaci\u00f3n art\u00edstica\u201d tuvo tres d\u00edas de duraci\u00f3n y estuvo enfocado a docentes, artistas y gestores culturales de Gal\u00e1pagos. Guiados por la docente y tambi\u00e9n cineasta, los 25 participantes vivieron una\u00a0experiencia intensiva de tres jornadas que incluy\u00f3 ejercicios de percepci\u00f3n, exploraci\u00f3n sonora, corporal y visual, as\u00ed como un espacio final de reflexi\u00f3n colectiva sobre las posibilidades del arte accesible en contextos comunitarios.<\/p>\n\n\n<div class=\"wp-block-image\">\n<figure class=\"aligncenter size-large\"><img fetchpriority=\"high\" decoding=\"async\" width=\"644\" height=\"429\" src=\"https:\/\/www.uartes.edu.ec\/sitio\/wp-content\/uploads\/2026\/03\/Proyecto-Cambiar-tamano-de-imagen-2026-03-11T175303.294-644x429.jpeg\" alt=\"\" class=\"wp-image-87580\" srcset=\"https:\/\/www.uartes.edu.ec\/sitio\/wp-content\/uploads\/2026\/03\/Proyecto-Cambiar-tamano-de-imagen-2026-03-11T175303.294-644x429.jpeg 644w, https:\/\/www.uartes.edu.ec\/sitio\/wp-content\/uploads\/2026\/03\/Proyecto-Cambiar-tamano-de-imagen-2026-03-11T175303.294-300x200.jpeg 300w, https:\/\/www.uartes.edu.ec\/sitio\/wp-content\/uploads\/2026\/03\/Proyecto-Cambiar-tamano-de-imagen-2026-03-11T175303.294-768x512.jpeg 768w, https:\/\/www.uartes.edu.ec\/sitio\/wp-content\/uploads\/2026\/03\/Proyecto-Cambiar-tamano-de-imagen-2026-03-11T175303.294-1536x1024.jpeg 1536w, https:\/\/www.uartes.edu.ec\/sitio\/wp-content\/uploads\/2026\/03\/Proyecto-Cambiar-tamano-de-imagen-2026-03-11T175303.294-18x12.jpeg 18w, https:\/\/www.uartes.edu.ec\/sitio\/wp-content\/uploads\/2026\/03\/Proyecto-Cambiar-tamano-de-imagen-2026-03-11T175303.294-600x400.jpeg 600w, https:\/\/www.uartes.edu.ec\/sitio\/wp-content\/uploads\/2026\/03\/Proyecto-Cambiar-tamano-de-imagen-2026-03-11T175303.294-400x267.jpeg 400w, https:\/\/www.uartes.edu.ec\/sitio\/wp-content\/uploads\/2026\/03\/Proyecto-Cambiar-tamano-de-imagen-2026-03-11T175303.294.jpeg 2000w\" sizes=\"(max-width: 644px) 100vw, 644px\" \/><\/figure>\n<\/div>\n\n<div class=\"wp-block-image\">\n<figure class=\"aligncenter size-large is-resized\"><img decoding=\"async\" width=\"644\" height=\"429\" src=\"https:\/\/www.uartes.edu.ec\/sitio\/wp-content\/uploads\/2026\/03\/Proyecto-Cambiar-tamano-de-imagen-2026-03-11T175914.481-644x429.jpeg\" alt=\"\" class=\"wp-image-87582\" style=\"aspect-ratio:1.5011837552358405;width:482px;height:auto\" srcset=\"https:\/\/www.uartes.edu.ec\/sitio\/wp-content\/uploads\/2026\/03\/Proyecto-Cambiar-tamano-de-imagen-2026-03-11T175914.481-644x429.jpeg 644w, https:\/\/www.uartes.edu.ec\/sitio\/wp-content\/uploads\/2026\/03\/Proyecto-Cambiar-tamano-de-imagen-2026-03-11T175914.481-300x200.jpeg 300w, https:\/\/www.uartes.edu.ec\/sitio\/wp-content\/uploads\/2026\/03\/Proyecto-Cambiar-tamano-de-imagen-2026-03-11T175914.481-768x512.jpeg 768w, https:\/\/www.uartes.edu.ec\/sitio\/wp-content\/uploads\/2026\/03\/Proyecto-Cambiar-tamano-de-imagen-2026-03-11T175914.481-1536x1024.jpeg 1536w, https:\/\/www.uartes.edu.ec\/sitio\/wp-content\/uploads\/2026\/03\/Proyecto-Cambiar-tamano-de-imagen-2026-03-11T175914.481-18x12.jpeg 18w, https:\/\/www.uartes.edu.ec\/sitio\/wp-content\/uploads\/2026\/03\/Proyecto-Cambiar-tamano-de-imagen-2026-03-11T175914.481-600x400.jpeg 600w, https:\/\/www.uartes.edu.ec\/sitio\/wp-content\/uploads\/2026\/03\/Proyecto-Cambiar-tamano-de-imagen-2026-03-11T175914.481-400x267.jpeg 400w, https:\/\/www.uartes.edu.ec\/sitio\/wp-content\/uploads\/2026\/03\/Proyecto-Cambiar-tamano-de-imagen-2026-03-11T175914.481.jpeg 2000w\" sizes=\"(max-width: 644px) 100vw, 644px\" \/><\/figure>\n<\/div>\n\n\n<p>Agreg\u00f3 que el taller const\u00f3 en la segunda fase del proyecto&nbsp;\u201cDislocar\u201d, una l\u00ednea de investigaci\u00f3n y creaci\u00f3n art\u00edstica interdisciplinar que desde 2022 busca promover la&nbsp;accesibilidad en los procesos creativos&nbsp;y repensar los v\u00ednculos entre arte y discapacidad desde una perspectiva de di\u00e1logo entre disciplinas.<\/p>\n\n\n\n<p>Su primera etapa \u2013<em>Dislocar: Laboratorio para la Creaci\u00f3n Esc\u00e9nica<\/em>\u2013 se desarroll\u00f3 en 2022, y su continuidad \u2013<em>Dislocar: Transducciones para la accesibilidad en la creaci\u00f3n art\u00edstica<\/em>\u2013 ampl\u00edo la reflexi\u00f3n hacia las\u00a0artes audiovisuales, sonoras y esc\u00e9nicas, explorando c\u00f3mo distintos modos de percepci\u00f3n sensorial pueden transformar los lenguajes art\u00edsticos y generar metodolog\u00edas inclusivas. <\/p>\n\n\n\n<p>*Dislocar es un proyecto de investigaci\u00f3n y de vinculaci\u00f3n con la comunidad que promueve la participaci\u00f3n de personas con discapacidad en los procesos art\u00edsticos creativos relacionados con las artes esc\u00e9nicas del movimiento. Desde su concepci\u00f3n, su directora, la docente de la Escuela de Artes Esc\u00e9nicas Sof\u00eda Mera, subray\u00f3 el inter\u00e9s de la propuesta \u201cporque las \u00e9ticas y est\u00e9ticas vinculadas a la discapacidad y las artes se alejen cada vez m\u00e1s de pr\u00e1cticas asistencialistas, rehabilitadoras, terap\u00e9uticas o de caridad, y que puedan dar lugar a la potencia de la diversidad fortaleciendo sus procesos y resultados art\u00edsticos\u201d.<\/p>\n\n\n<div class=\"wp-block-image\">\n<figure class=\"aligncenter size-large\"><img decoding=\"async\" width=\"644\" height=\"429\" src=\"https:\/\/www.uartes.edu.ec\/sitio\/wp-content\/uploads\/2026\/03\/Proyecto-Cambiar-tamano-de-imagen-2026-03-11T174955.647-644x429.jpeg\" alt=\"\" class=\"wp-image-87581\" srcset=\"https:\/\/www.uartes.edu.ec\/sitio\/wp-content\/uploads\/2026\/03\/Proyecto-Cambiar-tamano-de-imagen-2026-03-11T174955.647-644x429.jpeg 644w, https:\/\/www.uartes.edu.ec\/sitio\/wp-content\/uploads\/2026\/03\/Proyecto-Cambiar-tamano-de-imagen-2026-03-11T174955.647-300x200.jpeg 300w, https:\/\/www.uartes.edu.ec\/sitio\/wp-content\/uploads\/2026\/03\/Proyecto-Cambiar-tamano-de-imagen-2026-03-11T174955.647-768x512.jpeg 768w, https:\/\/www.uartes.edu.ec\/sitio\/wp-content\/uploads\/2026\/03\/Proyecto-Cambiar-tamano-de-imagen-2026-03-11T174955.647-1536x1024.jpeg 1536w, https:\/\/www.uartes.edu.ec\/sitio\/wp-content\/uploads\/2026\/03\/Proyecto-Cambiar-tamano-de-imagen-2026-03-11T174955.647-18x12.jpeg 18w, https:\/\/www.uartes.edu.ec\/sitio\/wp-content\/uploads\/2026\/03\/Proyecto-Cambiar-tamano-de-imagen-2026-03-11T174955.647-600x400.jpeg 600w, https:\/\/www.uartes.edu.ec\/sitio\/wp-content\/uploads\/2026\/03\/Proyecto-Cambiar-tamano-de-imagen-2026-03-11T174955.647-400x267.jpeg 400w, https:\/\/www.uartes.edu.ec\/sitio\/wp-content\/uploads\/2026\/03\/Proyecto-Cambiar-tamano-de-imagen-2026-03-11T174955.647.jpeg 2000w\" sizes=\"(max-width: 644px) 100vw, 644px\" \/><\/figure>\n<\/div>\n\n\n<p>Texto y fotos: con la colaboraci\u00f3n de la docente Priscilla Aguirre. El taller en la Casa de la Cultura Ecuatoriana N\u00facleo Gal\u00e1pagos se desarroll\u00f3 del 14 al 16 de enero pasado. <\/p>\n","protected":false},"excerpt":{"rendered":"<p>Como parte de las actividades de circulaci\u00f3n de los resultados del proyecto de investigaci\u00f3n \u201cDislocar\u201d de la Universidad de las Artes, la docente Priscilla Aguirre desarroll\u00f3 en la Casa de la Cultura Ecuatoriana N\u00facleo Gal\u00e1pagos (CCE-Gal\u00e1pagos) un taller cuyo objetivo fue brindar herramientas pr\u00e1cticas para la creaci\u00f3n y accesibilidad art\u00edstica con personas con discapacidad desde un enfoque transdisciplinar.<\/p>\n","protected":false},"author":10,"featured_media":87579,"comment_status":"open","ping_status":"open","sticky":false,"template":"","format":"standard","meta":{"_acf_changed":false,"_uag_custom_page_level_css":"","_monsterinsights_skip_tracking":false,"_monsterinsights_sitenote_active":false,"_monsterinsights_sitenote_note":"","_monsterinsights_sitenote_category":0,"cybocfi_hide_featured_image":"","footnotes":""},"categories":[80,82,159,147,75,79],"tags":[58],"infouartes":[],"class_list":["post-87578","post","type-post","status-publish","format-standard","has-post-thumbnail","hentry","category-academico","category-artes","category-artes-escenicas","category-cine","category-docentes","category-vinculo","tag-investigacion"],"acf":[],"yoast_head":"<!-- This site is optimized with the Yoast SEO plugin v27.4 - https:\/\/yoast.com\/product\/yoast-seo-wordpress\/ -->\n<title>Universidad de las Artes - En la CCE-Gal\u00e1pagos, Priscilla Aguirre comparti\u00f3 en taller herramientas para la accesibilidad en la creaci\u00f3n art\u00edstica<\/title>\n<meta name=\"description\" content=\"Universidad de las Artes - En la CCE-Gal\u00e1pagos, Priscilla Aguirre comparti\u00f3 en taller herramientas para la accesibilidad en la creaci\u00f3n art\u00edstica\" \/>\n<meta name=\"robots\" content=\"index, follow, max-snippet:-1, max-image-preview:large, max-video-preview:-1\" \/>\n<link rel=\"canonical\" href=\"https:\/\/www.uartes.edu.ec\/sitio\/blog\/2026\/02\/25\/en-la-cce-galapagos-priscilla-aguirre-compartio-en-taller-herramientas-para-la-accesibilidad-en-la-creacion-artistica\/\" \/>\n<meta property=\"og:locale\" content=\"es_ES\" \/>\n<meta property=\"og:type\" content=\"article\" \/>\n<meta property=\"og:title\" content=\"Universidad de las Artes - En la CCE-Gal\u00e1pagos, Priscilla Aguirre comparti\u00f3 en taller herramientas para la accesibilidad en la creaci\u00f3n art\u00edstica\" \/>\n<meta property=\"og:description\" content=\"Universidad de las Artes - En la CCE-Gal\u00e1pagos, Priscilla Aguirre comparti\u00f3 en taller herramientas para la accesibilidad en la creaci\u00f3n art\u00edstica\" \/>\n<meta property=\"og:url\" content=\"https:\/\/www.uartes.edu.ec\/sitio\/blog\/2026\/02\/25\/en-la-cce-galapagos-priscilla-aguirre-compartio-en-taller-herramientas-para-la-accesibilidad-en-la-creacion-artistica\/\" \/>\n<meta property=\"og:site_name\" content=\"Universidad de las Artes\" \/>\n<meta property=\"article:publisher\" content=\"https:\/\/www.facebook.com\/uartesec\" \/>\n<meta property=\"article:published_time\" content=\"2026-02-26T00:19:00+00:00\" \/>\n<meta property=\"article:modified_time\" content=\"2026-03-11T23:23:05+00:00\" \/>\n<meta property=\"og:image\" content=\"https:\/\/www.uartes.edu.ec\/sitio\/wp-content\/uploads\/2026\/03\/Proyecto-Cambiar-tamano-de-imagen-2026-03-11T174155.970.jpeg\" \/>\n\t<meta property=\"og:image:width\" content=\"2000\" \/>\n\t<meta property=\"og:image:height\" content=\"1333\" \/>\n\t<meta property=\"og:image:type\" content=\"image\/jpeg\" \/>\n<meta name=\"author\" content=\"ccortez\" \/>\n<meta name=\"twitter:card\" content=\"summary_large_image\" \/>\n<meta name=\"twitter:creator\" content=\"@uartesec\" \/>\n<meta name=\"twitter:site\" content=\"@uartesec\" \/>\n<meta name=\"twitter:label1\" content=\"Escrito por\" \/>\n\t<meta name=\"twitter:data1\" content=\"ccortez\" \/>\n\t<meta name=\"twitter:label2\" content=\"Tiempo de lectura\" \/>\n\t<meta name=\"twitter:data2\" content=\"2 minutos\" \/>\n<script type=\"application\/ld+json\" class=\"yoast-schema-graph\">{\"@context\":\"https:\\\/\\\/schema.org\",\"@graph\":[{\"@type\":\"Article\",\"@id\":\"https:\\\/\\\/www.uartes.edu.ec\\\/sitio\\\/blog\\\/2026\\\/02\\\/25\\\/en-la-cce-galapagos-priscilla-aguirre-compartio-en-taller-herramientas-para-la-accesibilidad-en-la-creacion-artistica\\\/#article\",\"isPartOf\":{\"@id\":\"https:\\\/\\\/www.uartes.edu.ec\\\/sitio\\\/blog\\\/2026\\\/02\\\/25\\\/en-la-cce-galapagos-priscilla-aguirre-compartio-en-taller-herramientas-para-la-accesibilidad-en-la-creacion-artistica\\\/\"},\"author\":{\"name\":\"ccortez\",\"@id\":\"https:\\\/\\\/www.uartes.edu.ec\\\/sitio\\\/#\\\/schema\\\/person\\\/efa1b8275797664fd7f13a79ccc0b1f4\"},\"headline\":\"En la CCE-Gal\u00e1pagos, Priscilla Aguirre comparti\u00f3 en taller herramientas para la accesibilidad en la creaci\u00f3n art\u00edstica\",\"datePublished\":\"2026-02-26T00:19:00+00:00\",\"dateModified\":\"2026-03-11T23:23:05+00:00\",\"mainEntityOfPage\":{\"@id\":\"https:\\\/\\\/www.uartes.edu.ec\\\/sitio\\\/blog\\\/2026\\\/02\\\/25\\\/en-la-cce-galapagos-priscilla-aguirre-compartio-en-taller-herramientas-para-la-accesibilidad-en-la-creacion-artistica\\\/\"},\"wordCount\":438,\"commentCount\":0,\"publisher\":{\"@id\":\"https:\\\/\\\/www.uartes.edu.ec\\\/sitio\\\/#organization\"},\"image\":{\"@id\":\"https:\\\/\\\/www.uartes.edu.ec\\\/sitio\\\/blog\\\/2026\\\/02\\\/25\\\/en-la-cce-galapagos-priscilla-aguirre-compartio-en-taller-herramientas-para-la-accesibilidad-en-la-creacion-artistica\\\/#primaryimage\"},\"thumbnailUrl\":\"https:\\\/\\\/www.uartes.edu.ec\\\/sitio\\\/wp-content\\\/uploads\\\/2026\\\/03\\\/Proyecto-Cambiar-tamano-de-imagen-2026-03-11T174155.970.jpeg\",\"keywords\":[\"investigaci\u00f3n\"],\"articleSection\":[\"Acad\u00e9mico\",\"Artes\",\"Artes Esc\u00e9nicas\",\"Cine\",\"Docentes\",\"V\u00ednculo\"],\"inLanguage\":\"es\",\"potentialAction\":[{\"@type\":\"CommentAction\",\"name\":\"Comment\",\"target\":[\"https:\\\/\\\/www.uartes.edu.ec\\\/sitio\\\/blog\\\/2026\\\/02\\\/25\\\/en-la-cce-galapagos-priscilla-aguirre-compartio-en-taller-herramientas-para-la-accesibilidad-en-la-creacion-artistica\\\/#respond\"]}]},{\"@type\":[\"WebPage\",\"ItemPage\"],\"@id\":\"https:\\\/\\\/www.uartes.edu.ec\\\/sitio\\\/blog\\\/2026\\\/02\\\/25\\\/en-la-cce-galapagos-priscilla-aguirre-compartio-en-taller-herramientas-para-la-accesibilidad-en-la-creacion-artistica\\\/\",\"url\":\"https:\\\/\\\/www.uartes.edu.ec\\\/sitio\\\/blog\\\/2026\\\/02\\\/25\\\/en-la-cce-galapagos-priscilla-aguirre-compartio-en-taller-herramientas-para-la-accesibilidad-en-la-creacion-artistica\\\/\",\"name\":\"Universidad de las Artes - En la CCE-Gal\u00e1pagos, Priscilla Aguirre comparti\u00f3 en taller herramientas para la accesibilidad en la creaci\u00f3n art\u00edstica\",\"isPartOf\":{\"@id\":\"https:\\\/\\\/www.uartes.edu.ec\\\/sitio\\\/#website\"},\"primaryImageOfPage\":{\"@id\":\"https:\\\/\\\/www.uartes.edu.ec\\\/sitio\\\/blog\\\/2026\\\/02\\\/25\\\/en-la-cce-galapagos-priscilla-aguirre-compartio-en-taller-herramientas-para-la-accesibilidad-en-la-creacion-artistica\\\/#primaryimage\"},\"image\":{\"@id\":\"https:\\\/\\\/www.uartes.edu.ec\\\/sitio\\\/blog\\\/2026\\\/02\\\/25\\\/en-la-cce-galapagos-priscilla-aguirre-compartio-en-taller-herramientas-para-la-accesibilidad-en-la-creacion-artistica\\\/#primaryimage\"},\"thumbnailUrl\":\"https:\\\/\\\/www.uartes.edu.ec\\\/sitio\\\/wp-content\\\/uploads\\\/2026\\\/03\\\/Proyecto-Cambiar-tamano-de-imagen-2026-03-11T174155.970.jpeg\",\"datePublished\":\"2026-02-26T00:19:00+00:00\",\"dateModified\":\"2026-03-11T23:23:05+00:00\",\"description\":\"Universidad de las Artes - En la CCE-Gal\u00e1pagos, Priscilla Aguirre comparti\u00f3 en taller herramientas para la accesibilidad en la creaci\u00f3n art\u00edstica\",\"breadcrumb\":{\"@id\":\"https:\\\/\\\/www.uartes.edu.ec\\\/sitio\\\/blog\\\/2026\\\/02\\\/25\\\/en-la-cce-galapagos-priscilla-aguirre-compartio-en-taller-herramientas-para-la-accesibilidad-en-la-creacion-artistica\\\/#breadcrumb\"},\"inLanguage\":\"es\",\"potentialAction\":[{\"@type\":\"ReadAction\",\"target\":[\"https:\\\/\\\/www.uartes.edu.ec\\\/sitio\\\/blog\\\/2026\\\/02\\\/25\\\/en-la-cce-galapagos-priscilla-aguirre-compartio-en-taller-herramientas-para-la-accesibilidad-en-la-creacion-artistica\\\/\"]}]},{\"@type\":\"ImageObject\",\"inLanguage\":\"es\",\"@id\":\"https:\\\/\\\/www.uartes.edu.ec\\\/sitio\\\/blog\\\/2026\\\/02\\\/25\\\/en-la-cce-galapagos-priscilla-aguirre-compartio-en-taller-herramientas-para-la-accesibilidad-en-la-creacion-artistica\\\/#primaryimage\",\"url\":\"https:\\\/\\\/www.uartes.edu.ec\\\/sitio\\\/wp-content\\\/uploads\\\/2026\\\/03\\\/Proyecto-Cambiar-tamano-de-imagen-2026-03-11T174155.970.jpeg\",\"contentUrl\":\"https:\\\/\\\/www.uartes.edu.ec\\\/sitio\\\/wp-content\\\/uploads\\\/2026\\\/03\\\/Proyecto-Cambiar-tamano-de-imagen-2026-03-11T174155.970.jpeg\",\"width\":2000,\"height\":1333},{\"@type\":\"BreadcrumbList\",\"@id\":\"https:\\\/\\\/www.uartes.edu.ec\\\/sitio\\\/blog\\\/2026\\\/02\\\/25\\\/en-la-cce-galapagos-priscilla-aguirre-compartio-en-taller-herramientas-para-la-accesibilidad-en-la-creacion-artistica\\\/#breadcrumb\",\"itemListElement\":[{\"@type\":\"ListItem\",\"position\":1,\"name\":\"Inicio\",\"item\":\"https:\\\/\\\/www.uartes.edu.ec\\\/sitio\\\/\"},{\"@type\":\"ListItem\",\"position\":2,\"name\":\"En la CCE-Gal\u00e1pagos, Priscilla Aguirre comparti\u00f3 en taller herramientas para la accesibilidad en la creaci\u00f3n art\u00edstica\"}]},{\"@type\":\"WebSite\",\"@id\":\"https:\\\/\\\/www.uartes.edu.ec\\\/sitio\\\/#website\",\"url\":\"https:\\\/\\\/www.uartes.edu.ec\\\/sitio\\\/\",\"name\":\"Universidad de las Artes\",\"description\":\"Sitio oficial de la Universidad Nacional de las Artes del Ecuador\",\"publisher\":{\"@id\":\"https:\\\/\\\/www.uartes.edu.ec\\\/sitio\\\/#organization\"},\"potentialAction\":[{\"@type\":\"SearchAction\",\"target\":{\"@type\":\"EntryPoint\",\"urlTemplate\":\"https:\\\/\\\/www.uartes.edu.ec\\\/sitio\\\/?s={search_term_string}\"},\"query-input\":{\"@type\":\"PropertyValueSpecification\",\"valueRequired\":true,\"valueName\":\"search_term_string\"}}],\"inLanguage\":\"es\"},{\"@type\":\"Organization\",\"@id\":\"https:\\\/\\\/www.uartes.edu.ec\\\/sitio\\\/#organization\",\"name\":\"Universidad de las Artes\",\"url\":\"https:\\\/\\\/www.uartes.edu.ec\\\/sitio\\\/\",\"logo\":{\"@type\":\"ImageObject\",\"inLanguage\":\"es\",\"@id\":\"https:\\\/\\\/www.uartes.edu.ec\\\/sitio\\\/#\\\/schema\\\/logo\\\/image\\\/\",\"url\":\"https:\\\/\\\/www.uartes.edu.ec\\\/sitio\\\/wp-content\\\/uploads\\\/2022\\\/07\\\/logo-ua-horizontal.png\",\"contentUrl\":\"https:\\\/\\\/www.uartes.edu.ec\\\/sitio\\\/wp-content\\\/uploads\\\/2022\\\/07\\\/logo-ua-horizontal.png\",\"width\":800,\"height\":276,\"caption\":\"Universidad de las Artes\"},\"image\":{\"@id\":\"https:\\\/\\\/www.uartes.edu.ec\\\/sitio\\\/#\\\/schema\\\/logo\\\/image\\\/\"},\"sameAs\":[\"https:\\\/\\\/www.facebook.com\\\/uartesec\",\"https:\\\/\\\/x.com\\\/uartesec\",\"https:\\\/\\\/www.tiktok.com\\\/@uartesec\"]},{\"@type\":\"Person\",\"@id\":\"https:\\\/\\\/www.uartes.edu.ec\\\/sitio\\\/#\\\/schema\\\/person\\\/efa1b8275797664fd7f13a79ccc0b1f4\",\"name\":\"ccortez\",\"image\":{\"@type\":\"ImageObject\",\"inLanguage\":\"es\",\"@id\":\"https:\\\/\\\/secure.gravatar.com\\\/avatar\\\/b2a6f664a3ae8e074346ef91775736c5ec479e637ecced6842de9dc98b5da9cd?s=96&d=mm&r=g\",\"url\":\"https:\\\/\\\/secure.gravatar.com\\\/avatar\\\/b2a6f664a3ae8e074346ef91775736c5ec479e637ecced6842de9dc98b5da9cd?s=96&d=mm&r=g\",\"contentUrl\":\"https:\\\/\\\/secure.gravatar.com\\\/avatar\\\/b2a6f664a3ae8e074346ef91775736c5ec479e637ecced6842de9dc98b5da9cd?s=96&d=mm&r=g\",\"caption\":\"ccortez\"},\"url\":\"https:\\\/\\\/www.uartes.edu.ec\\\/sitio\\\/blog\\\/author\\\/ccortez\\\/\"}]}<\/script>\n<!-- \/ Yoast SEO plugin. -->","yoast_head_json":{"title":"Universidad de las Artes - En la CCE-Gal\u00e1pagos, Priscilla Aguirre comparti\u00f3 en taller herramientas para la accesibilidad en la creaci\u00f3n art\u00edstica","description":"Universidad de las Artes - En la CCE-Gal\u00e1pagos, Priscilla Aguirre comparti\u00f3 en taller herramientas para la accesibilidad en la creaci\u00f3n art\u00edstica","robots":{"index":"index","follow":"follow","max-snippet":"max-snippet:-1","max-image-preview":"max-image-preview:large","max-video-preview":"max-video-preview:-1"},"canonical":"https:\/\/www.uartes.edu.ec\/sitio\/blog\/2026\/02\/25\/en-la-cce-galapagos-priscilla-aguirre-compartio-en-taller-herramientas-para-la-accesibilidad-en-la-creacion-artistica\/","og_locale":"es_ES","og_type":"article","og_title":"Universidad de las Artes - En la CCE-Gal\u00e1pagos, Priscilla Aguirre comparti\u00f3 en taller herramientas para la accesibilidad en la creaci\u00f3n art\u00edstica","og_description":"Universidad de las Artes - En la CCE-Gal\u00e1pagos, Priscilla Aguirre comparti\u00f3 en taller herramientas para la accesibilidad en la creaci\u00f3n art\u00edstica","og_url":"https:\/\/www.uartes.edu.ec\/sitio\/blog\/2026\/02\/25\/en-la-cce-galapagos-priscilla-aguirre-compartio-en-taller-herramientas-para-la-accesibilidad-en-la-creacion-artistica\/","og_site_name":"Universidad de las Artes","article_publisher":"https:\/\/www.facebook.com\/uartesec","article_published_time":"2026-02-26T00:19:00+00:00","article_modified_time":"2026-03-11T23:23:05+00:00","og_image":[{"width":2000,"height":1333,"url":"https:\/\/www.uartes.edu.ec\/sitio\/wp-content\/uploads\/2026\/03\/Proyecto-Cambiar-tamano-de-imagen-2026-03-11T174155.970.jpeg","type":"image\/jpeg"}],"author":"ccortez","twitter_card":"summary_large_image","twitter_creator":"@uartesec","twitter_site":"@uartesec","twitter_misc":{"Escrito por":"ccortez","Tiempo de lectura":"2 minutos"},"schema":{"@context":"https:\/\/schema.org","@graph":[{"@type":"Article","@id":"https:\/\/www.uartes.edu.ec\/sitio\/blog\/2026\/02\/25\/en-la-cce-galapagos-priscilla-aguirre-compartio-en-taller-herramientas-para-la-accesibilidad-en-la-creacion-artistica\/#article","isPartOf":{"@id":"https:\/\/www.uartes.edu.ec\/sitio\/blog\/2026\/02\/25\/en-la-cce-galapagos-priscilla-aguirre-compartio-en-taller-herramientas-para-la-accesibilidad-en-la-creacion-artistica\/"},"author":{"name":"ccortez","@id":"https:\/\/www.uartes.edu.ec\/sitio\/#\/schema\/person\/efa1b8275797664fd7f13a79ccc0b1f4"},"headline":"En la CCE-Gal\u00e1pagos, Priscilla Aguirre comparti\u00f3 en taller herramientas para la accesibilidad en la creaci\u00f3n art\u00edstica","datePublished":"2026-02-26T00:19:00+00:00","dateModified":"2026-03-11T23:23:05+00:00","mainEntityOfPage":{"@id":"https:\/\/www.uartes.edu.ec\/sitio\/blog\/2026\/02\/25\/en-la-cce-galapagos-priscilla-aguirre-compartio-en-taller-herramientas-para-la-accesibilidad-en-la-creacion-artistica\/"},"wordCount":438,"commentCount":0,"publisher":{"@id":"https:\/\/www.uartes.edu.ec\/sitio\/#organization"},"image":{"@id":"https:\/\/www.uartes.edu.ec\/sitio\/blog\/2026\/02\/25\/en-la-cce-galapagos-priscilla-aguirre-compartio-en-taller-herramientas-para-la-accesibilidad-en-la-creacion-artistica\/#primaryimage"},"thumbnailUrl":"https:\/\/www.uartes.edu.ec\/sitio\/wp-content\/uploads\/2026\/03\/Proyecto-Cambiar-tamano-de-imagen-2026-03-11T174155.970.jpeg","keywords":["investigaci\u00f3n"],"articleSection":["Acad\u00e9mico","Artes","Artes Esc\u00e9nicas","Cine","Docentes","V\u00ednculo"],"inLanguage":"es","potentialAction":[{"@type":"CommentAction","name":"Comment","target":["https:\/\/www.uartes.edu.ec\/sitio\/blog\/2026\/02\/25\/en-la-cce-galapagos-priscilla-aguirre-compartio-en-taller-herramientas-para-la-accesibilidad-en-la-creacion-artistica\/#respond"]}]},{"@type":["WebPage","ItemPage"],"@id":"https:\/\/www.uartes.edu.ec\/sitio\/blog\/2026\/02\/25\/en-la-cce-galapagos-priscilla-aguirre-compartio-en-taller-herramientas-para-la-accesibilidad-en-la-creacion-artistica\/","url":"https:\/\/www.uartes.edu.ec\/sitio\/blog\/2026\/02\/25\/en-la-cce-galapagos-priscilla-aguirre-compartio-en-taller-herramientas-para-la-accesibilidad-en-la-creacion-artistica\/","name":"Universidad de las Artes - En la CCE-Gal\u00e1pagos, Priscilla Aguirre comparti\u00f3 en taller herramientas para la accesibilidad en la creaci\u00f3n art\u00edstica","isPartOf":{"@id":"https:\/\/www.uartes.edu.ec\/sitio\/#website"},"primaryImageOfPage":{"@id":"https:\/\/www.uartes.edu.ec\/sitio\/blog\/2026\/02\/25\/en-la-cce-galapagos-priscilla-aguirre-compartio-en-taller-herramientas-para-la-accesibilidad-en-la-creacion-artistica\/#primaryimage"},"image":{"@id":"https:\/\/www.uartes.edu.ec\/sitio\/blog\/2026\/02\/25\/en-la-cce-galapagos-priscilla-aguirre-compartio-en-taller-herramientas-para-la-accesibilidad-en-la-creacion-artistica\/#primaryimage"},"thumbnailUrl":"https:\/\/www.uartes.edu.ec\/sitio\/wp-content\/uploads\/2026\/03\/Proyecto-Cambiar-tamano-de-imagen-2026-03-11T174155.970.jpeg","datePublished":"2026-02-26T00:19:00+00:00","dateModified":"2026-03-11T23:23:05+00:00","description":"Universidad de las Artes - En la CCE-Gal\u00e1pagos, Priscilla Aguirre comparti\u00f3 en taller herramientas para la accesibilidad en la creaci\u00f3n art\u00edstica","breadcrumb":{"@id":"https:\/\/www.uartes.edu.ec\/sitio\/blog\/2026\/02\/25\/en-la-cce-galapagos-priscilla-aguirre-compartio-en-taller-herramientas-para-la-accesibilidad-en-la-creacion-artistica\/#breadcrumb"},"inLanguage":"es","potentialAction":[{"@type":"ReadAction","target":["https:\/\/www.uartes.edu.ec\/sitio\/blog\/2026\/02\/25\/en-la-cce-galapagos-priscilla-aguirre-compartio-en-taller-herramientas-para-la-accesibilidad-en-la-creacion-artistica\/"]}]},{"@type":"ImageObject","inLanguage":"es","@id":"https:\/\/www.uartes.edu.ec\/sitio\/blog\/2026\/02\/25\/en-la-cce-galapagos-priscilla-aguirre-compartio-en-taller-herramientas-para-la-accesibilidad-en-la-creacion-artistica\/#primaryimage","url":"https:\/\/www.uartes.edu.ec\/sitio\/wp-content\/uploads\/2026\/03\/Proyecto-Cambiar-tamano-de-imagen-2026-03-11T174155.970.jpeg","contentUrl":"https:\/\/www.uartes.edu.ec\/sitio\/wp-content\/uploads\/2026\/03\/Proyecto-Cambiar-tamano-de-imagen-2026-03-11T174155.970.jpeg","width":2000,"height":1333},{"@type":"BreadcrumbList","@id":"https:\/\/www.uartes.edu.ec\/sitio\/blog\/2026\/02\/25\/en-la-cce-galapagos-priscilla-aguirre-compartio-en-taller-herramientas-para-la-accesibilidad-en-la-creacion-artistica\/#breadcrumb","itemListElement":[{"@type":"ListItem","position":1,"name":"Inicio","item":"https:\/\/www.uartes.edu.ec\/sitio\/"},{"@type":"ListItem","position":2,"name":"En la CCE-Gal\u00e1pagos, Priscilla Aguirre comparti\u00f3 en taller herramientas para la accesibilidad en la creaci\u00f3n art\u00edstica"}]},{"@type":"WebSite","@id":"https:\/\/www.uartes.edu.ec\/sitio\/#website","url":"https:\/\/www.uartes.edu.ec\/sitio\/","name":"Universidad de las Artes","description":"Sitio oficial de la Universidad Nacional de las Artes del Ecuador","publisher":{"@id":"https:\/\/www.uartes.edu.ec\/sitio\/#organization"},"potentialAction":[{"@type":"SearchAction","target":{"@type":"EntryPoint","urlTemplate":"https:\/\/www.uartes.edu.ec\/sitio\/?s={search_term_string}"},"query-input":{"@type":"PropertyValueSpecification","valueRequired":true,"valueName":"search_term_string"}}],"inLanguage":"es"},{"@type":"Organization","@id":"https:\/\/www.uartes.edu.ec\/sitio\/#organization","name":"Universidad de las Artes","url":"https:\/\/www.uartes.edu.ec\/sitio\/","logo":{"@type":"ImageObject","inLanguage":"es","@id":"https:\/\/www.uartes.edu.ec\/sitio\/#\/schema\/logo\/image\/","url":"https:\/\/www.uartes.edu.ec\/sitio\/wp-content\/uploads\/2022\/07\/logo-ua-horizontal.png","contentUrl":"https:\/\/www.uartes.edu.ec\/sitio\/wp-content\/uploads\/2022\/07\/logo-ua-horizontal.png","width":800,"height":276,"caption":"Universidad de las Artes"},"image":{"@id":"https:\/\/www.uartes.edu.ec\/sitio\/#\/schema\/logo\/image\/"},"sameAs":["https:\/\/www.facebook.com\/uartesec","https:\/\/x.com\/uartesec","https:\/\/www.tiktok.com\/@uartesec"]},{"@type":"Person","@id":"https:\/\/www.uartes.edu.ec\/sitio\/#\/schema\/person\/efa1b8275797664fd7f13a79ccc0b1f4","name":"ccortez","image":{"@type":"ImageObject","inLanguage":"es","@id":"https:\/\/secure.gravatar.com\/avatar\/b2a6f664a3ae8e074346ef91775736c5ec479e637ecced6842de9dc98b5da9cd?s=96&d=mm&r=g","url":"https:\/\/secure.gravatar.com\/avatar\/b2a6f664a3ae8e074346ef91775736c5ec479e637ecced6842de9dc98b5da9cd?s=96&d=mm&r=g","contentUrl":"https:\/\/secure.gravatar.com\/avatar\/b2a6f664a3ae8e074346ef91775736c5ec479e637ecced6842de9dc98b5da9cd?s=96&d=mm&r=g","caption":"ccortez"},"url":"https:\/\/www.uartes.edu.ec\/sitio\/blog\/author\/ccortez\/"}]}},"uagb_featured_image_src":{"full":["https:\/\/www.uartes.edu.ec\/sitio\/wp-content\/uploads\/2026\/03\/Proyecto-Cambiar-tamano-de-imagen-2026-03-11T174155.970.jpeg",2000,1333,false],"thumbnail":["https:\/\/www.uartes.edu.ec\/sitio\/wp-content\/uploads\/2026\/03\/Proyecto-Cambiar-tamano-de-imagen-2026-03-11T174155.970-150x150.jpeg",150,150,true],"medium":["https:\/\/www.uartes.edu.ec\/sitio\/wp-content\/uploads\/2026\/03\/Proyecto-Cambiar-tamano-de-imagen-2026-03-11T174155.970-300x200.jpeg",300,200,true],"medium_large":["https:\/\/www.uartes.edu.ec\/sitio\/wp-content\/uploads\/2026\/03\/Proyecto-Cambiar-tamano-de-imagen-2026-03-11T174155.970-768x512.jpeg",768,512,true],"large":["https:\/\/www.uartes.edu.ec\/sitio\/wp-content\/uploads\/2026\/03\/Proyecto-Cambiar-tamano-de-imagen-2026-03-11T174155.970-644x429.jpeg",644,429,true],"1536x1536":["https:\/\/www.uartes.edu.ec\/sitio\/wp-content\/uploads\/2026\/03\/Proyecto-Cambiar-tamano-de-imagen-2026-03-11T174155.970-1536x1024.jpeg",1536,1024,true],"2048x2048":["https:\/\/www.uartes.edu.ec\/sitio\/wp-content\/uploads\/2026\/03\/Proyecto-Cambiar-tamano-de-imagen-2026-03-11T174155.970.jpeg",2000,1333,false],"trp-custom-language-flag":["https:\/\/www.uartes.edu.ec\/sitio\/wp-content\/uploads\/2026\/03\/Proyecto-Cambiar-tamano-de-imagen-2026-03-11T174155.970-18x12.jpeg",18,12,true],"htmega_size_585x295":["https:\/\/www.uartes.edu.ec\/sitio\/wp-content\/uploads\/2026\/03\/Proyecto-Cambiar-tamano-de-imagen-2026-03-11T174155.970-585x295.jpeg",585,295,true],"htmega_size_1170x536":["https:\/\/www.uartes.edu.ec\/sitio\/wp-content\/uploads\/2026\/03\/Proyecto-Cambiar-tamano-de-imagen-2026-03-11T174155.970-1170x536.jpeg",1170,536,true],"htmega_size_396x360":["https:\/\/www.uartes.edu.ec\/sitio\/wp-content\/uploads\/2026\/03\/Proyecto-Cambiar-tamano-de-imagen-2026-03-11T174155.970-396x360.jpeg",396,360,true],"gb-block-post-grid-landscape":["https:\/\/www.uartes.edu.ec\/sitio\/wp-content\/uploads\/2026\/03\/Proyecto-Cambiar-tamano-de-imagen-2026-03-11T174155.970-600x400.jpeg",600,400,true],"gb-block-post-grid-square":["https:\/\/www.uartes.edu.ec\/sitio\/wp-content\/uploads\/2026\/03\/Proyecto-Cambiar-tamano-de-imagen-2026-03-11T174155.970-600x600.jpeg",600,600,true],"university-hub-thumb":["https:\/\/www.uartes.edu.ec\/sitio\/wp-content\/uploads\/2026\/03\/Proyecto-Cambiar-tamano-de-imagen-2026-03-11T174155.970-400x267.jpeg",400,267,true]},"uagb_author_info":{"display_name":"ccortez","author_link":"https:\/\/www.uartes.edu.ec\/sitio\/blog\/author\/ccortez\/"},"uagb_comment_info":0,"uagb_excerpt":"Como parte de las actividades de circulaci\u00f3n de los resultados del proyecto de investigaci\u00f3n \u201cDislocar\u201d de la Universidad de las Artes, la docente Priscilla Aguirre desarroll\u00f3 en la Casa de la Cultura Ecuatoriana N\u00facleo Gal\u00e1pagos (CCE-Gal\u00e1pagos) un taller cuyo objetivo fue brindar herramientas pr\u00e1cticas para la creaci\u00f3n y accesibilidad art\u00edstica con personas con discapacidad desde&hellip;","featured_image_src":"https:\/\/www.uartes.edu.ec\/sitio\/wp-content\/uploads\/2026\/03\/Proyecto-Cambiar-tamano-de-imagen-2026-03-11T174155.970-600x400.jpeg","featured_image_src_square":"https:\/\/www.uartes.edu.ec\/sitio\/wp-content\/uploads\/2026\/03\/Proyecto-Cambiar-tamano-de-imagen-2026-03-11T174155.970-600x600.jpeg","author_info":{"display_name":"ccortez","author_link":"https:\/\/www.uartes.edu.ec\/sitio\/blog\/author\/ccortez\/"},"publishpress_future_workflow_manual_trigger":{"enabledWorkflows":[]},"distributor_meta":false,"distributor_terms":false,"distributor_media":false,"distributor_original_site_name":"Universidad de las Artes","distributor_original_site_url":"https:\/\/www.uartes.edu.ec\/sitio","push-errors":false,"_links":{"self":[{"href":"https:\/\/www.uartes.edu.ec\/sitio\/wp-json\/wp\/v2\/posts\/87578","targetHints":{"allow":["GET"]}}],"collection":[{"href":"https:\/\/www.uartes.edu.ec\/sitio\/wp-json\/wp\/v2\/posts"}],"about":[{"href":"https:\/\/www.uartes.edu.ec\/sitio\/wp-json\/wp\/v2\/types\/post"}],"author":[{"embeddable":true,"href":"https:\/\/www.uartes.edu.ec\/sitio\/wp-json\/wp\/v2\/users\/10"}],"replies":[{"embeddable":true,"href":"https:\/\/www.uartes.edu.ec\/sitio\/wp-json\/wp\/v2\/comments?post=87578"}],"version-history":[{"count":3,"href":"https:\/\/www.uartes.edu.ec\/sitio\/wp-json\/wp\/v2\/posts\/87578\/revisions"}],"predecessor-version":[{"id":87594,"href":"https:\/\/www.uartes.edu.ec\/sitio\/wp-json\/wp\/v2\/posts\/87578\/revisions\/87594"}],"wp:featuredmedia":[{"embeddable":true,"href":"https:\/\/www.uartes.edu.ec\/sitio\/wp-json\/wp\/v2\/media\/87579"}],"wp:attachment":[{"href":"https:\/\/www.uartes.edu.ec\/sitio\/wp-json\/wp\/v2\/media?parent=87578"}],"wp:term":[{"taxonomy":"category","embeddable":true,"href":"https:\/\/www.uartes.edu.ec\/sitio\/wp-json\/wp\/v2\/categories?post=87578"},{"taxonomy":"post_tag","embeddable":true,"href":"https:\/\/www.uartes.edu.ec\/sitio\/wp-json\/wp\/v2\/tags?post=87578"},{"taxonomy":"infouartes","embeddable":true,"href":"https:\/\/www.uartes.edu.ec\/sitio\/wp-json\/wp\/v2\/infouartes?post=87578"}],"curies":[{"name":"wp","href":"https:\/\/api.w.org\/{rel}","templated":true}]}}