{"id":87694,"date":"2026-03-12T19:48:30","date_gmt":"2026-03-13T00:48:30","guid":{"rendered":"https:\/\/www.uartes.edu.ec\/sitio\/?p=87694"},"modified":"2026-03-13T09:17:39","modified_gmt":"2026-03-13T14:17:39","slug":"por-convenio-con-la-uartes-la-facultad-de-arquitectura-y-urbanismo-de-la-ug-trajo-a-campus-centro-su-ii-expofau","status":"publish","type":"post","link":"https:\/\/www.uartes.edu.ec\/sitio\/blog\/2026\/03\/12\/por-convenio-con-la-uartes-la-facultad-de-arquitectura-y-urbanismo-de-la-ug-trajo-a-campus-centro-su-ii-expofau\/","title":{"rendered":"Por convenio con la UArtes, la Facultad de Arquitectura y Urbanismo de la UG trajo al campus centro su II EXPOFAU"},"content":{"rendered":"\n<p>En el marco del convenio de cooperaci\u00f3n interinstitucional suscrito entre la Universidad de las Artes y la Universidad de Guayaquil, este lunes 9 de marzo se inaugur\u00f3 en el campus centro de nuestra instituci\u00f3n la segunda edici\u00f3n de la EXPOFAU Itinerante, una muestra que desarrolla la Facultad de Arquitectura y Urbanismo de la UG.<\/p>\n\n\n\n<p>De la II EXPOFAU, en el Pasaje Illingworth del antiguo Palacio de la Gobernaci\u00f3n se encuentran los trabajos acad\u00e9micos de fin de ciclo CII 2025-2026, correspondientes a las carreras de Proyectos y Dise\u00f1o Urbano hacia el espacio p\u00fablico.<\/p>\n\n\n\n<p>La exposici\u00f3n, que se mantendr\u00e1 hasta este s\u00e1bado 14 de marzo, fue visitada por nuestra vicerrectora acad\u00e9mica, doctora Yulianela P\u00e9rez, quien dialog\u00f3 con las autoridades y los docentes que protagonizaron el acto inaugural.<\/p>\n\n\n\n<p>Bajo el t\u00edtulo \u201cArquitectura en movimiento\u201d, en el texto que da la bienvenida a la muestra se indica que esta no se encierra entre muros, sino que se expande. \u201cCamina la calle, respira con la gente y se confronta con la ciudad que la produce. La EXPOFAU-UG Itinerante, en su segunda edici\u00f3n, es una invitaci\u00f3n abierta a la comunidad guayaquile\u00f1a para encontrarse con el pensamiento arquitect\u00f3nico que se gesta en la Facultad de Arquitectura y Urbanismo de la Universidad de Guayaquil\u201d.<\/p>\n\n\n<div class=\"wp-block-image\">\n<figure class=\"aligncenter size-large\"><img fetchpriority=\"high\" decoding=\"async\" width=\"644\" height=\"429\" src=\"https:\/\/www.uartes.edu.ec\/sitio\/wp-content\/uploads\/2026\/03\/Proyecto-Cambiar-tamano-de-imagen-2026-03-12T184606.090-644x429.jpeg\" alt=\"\" class=\"wp-image-87696\" srcset=\"https:\/\/www.uartes.edu.ec\/sitio\/wp-content\/uploads\/2026\/03\/Proyecto-Cambiar-tamano-de-imagen-2026-03-12T184606.090-644x429.jpeg 644w, https:\/\/www.uartes.edu.ec\/sitio\/wp-content\/uploads\/2026\/03\/Proyecto-Cambiar-tamano-de-imagen-2026-03-12T184606.090-300x200.jpeg 300w, https:\/\/www.uartes.edu.ec\/sitio\/wp-content\/uploads\/2026\/03\/Proyecto-Cambiar-tamano-de-imagen-2026-03-12T184606.090-768x512.jpeg 768w, https:\/\/www.uartes.edu.ec\/sitio\/wp-content\/uploads\/2026\/03\/Proyecto-Cambiar-tamano-de-imagen-2026-03-12T184606.090-1536x1024.jpeg 1536w, https:\/\/www.uartes.edu.ec\/sitio\/wp-content\/uploads\/2026\/03\/Proyecto-Cambiar-tamano-de-imagen-2026-03-12T184606.090-18x12.jpeg 18w, https:\/\/www.uartes.edu.ec\/sitio\/wp-content\/uploads\/2026\/03\/Proyecto-Cambiar-tamano-de-imagen-2026-03-12T184606.090-600x400.jpeg 600w, https:\/\/www.uartes.edu.ec\/sitio\/wp-content\/uploads\/2026\/03\/Proyecto-Cambiar-tamano-de-imagen-2026-03-12T184606.090-400x267.jpeg 400w, https:\/\/www.uartes.edu.ec\/sitio\/wp-content\/uploads\/2026\/03\/Proyecto-Cambiar-tamano-de-imagen-2026-03-12T184606.090.jpeg 2000w\" sizes=\"(max-width: 644px) 100vw, 644px\" \/><\/figure>\n<\/div>\n\n\n<p>La ciudad convertida en un espacio de encuentro entre la universidad y la ciudadan\u00eda, se agrega, detallando que los proyectos expuestos reflejan c\u00f3mo los estudiantes imaginan nuevas formas de habitar, comprender y transformar Guayaquil. \u201cEste proceso es guiado por docentes que, a trav\u00e9s de metodolog\u00edas pedag\u00f3gicas innovadoras, fomentan la experimentaci\u00f3n, la reflexi\u00f3n cr\u00edtica y el aprendizaje basado en el proyecto como herramienta de investigaci\u00f3n y transformaci\u00f3n del territorio. De esta manera, la arquitectura se entiende no solo como una disciplina t\u00e9cnica, sino como una pr\u00e1ctica cultural capaz de dialogar con la sociedad y aportar a la construcci\u00f3n de una ciudad m\u00e1s consciente y sostenible\u201d.<\/p>\n\n\n\n<p>En las intervenciones suscitadas durante la apertura de la muestra instalada en el campus centro de la UArtes, se reafirm\u00f3 tambi\u00e9n el rol del arquitecto como agente cultural y social. \u201cEn un contexto marcado por desaf\u00edos como el cambio clim\u00e1tico, la desigualdad urbana y la transformaci\u00f3n de nuestras ciudades, la arquitectura tiene la responsabilidad de imaginar nuevas formas de convivencia entre naturaleza, sociedad y territorio. Al recorrer distintos espacios de Guayaquil, la II EXPOFAU-UG itinerante convierte la calle en un aula abierta y en un laboratorio de ideas donde la arquitectura se comparte, se discute y se proyecta colectivamente\u201d.<\/p>\n\n\n<div class=\"wp-block-image\">\n<figure class=\"aligncenter size-large\"><img decoding=\"async\" width=\"644\" height=\"429\" src=\"https:\/\/www.uartes.edu.ec\/sitio\/wp-content\/uploads\/2026\/03\/Proyecto-Cambiar-tamano-de-imagen-2026-03-12T184359.131-644x429.jpeg\" alt=\"\" class=\"wp-image-87697\" srcset=\"https:\/\/www.uartes.edu.ec\/sitio\/wp-content\/uploads\/2026\/03\/Proyecto-Cambiar-tamano-de-imagen-2026-03-12T184359.131-644x429.jpeg 644w, https:\/\/www.uartes.edu.ec\/sitio\/wp-content\/uploads\/2026\/03\/Proyecto-Cambiar-tamano-de-imagen-2026-03-12T184359.131-300x200.jpeg 300w, https:\/\/www.uartes.edu.ec\/sitio\/wp-content\/uploads\/2026\/03\/Proyecto-Cambiar-tamano-de-imagen-2026-03-12T184359.131-768x512.jpeg 768w, https:\/\/www.uartes.edu.ec\/sitio\/wp-content\/uploads\/2026\/03\/Proyecto-Cambiar-tamano-de-imagen-2026-03-12T184359.131-1536x1024.jpeg 1536w, https:\/\/www.uartes.edu.ec\/sitio\/wp-content\/uploads\/2026\/03\/Proyecto-Cambiar-tamano-de-imagen-2026-03-12T184359.131-18x12.jpeg 18w, https:\/\/www.uartes.edu.ec\/sitio\/wp-content\/uploads\/2026\/03\/Proyecto-Cambiar-tamano-de-imagen-2026-03-12T184359.131-600x400.jpeg 600w, https:\/\/www.uartes.edu.ec\/sitio\/wp-content\/uploads\/2026\/03\/Proyecto-Cambiar-tamano-de-imagen-2026-03-12T184359.131-400x267.jpeg 400w, https:\/\/www.uartes.edu.ec\/sitio\/wp-content\/uploads\/2026\/03\/Proyecto-Cambiar-tamano-de-imagen-2026-03-12T184359.131.jpeg 2000w\" sizes=\"(max-width: 644px) 100vw, 644px\" \/><\/figure>\n<\/div>\n\n\n<p>Texto y fotos: colaboraci\u00f3n de la Facultad de Arquitectura y Urbanismo de la UG.<\/p>\n","protected":false},"excerpt":{"rendered":"<p>En el marco del convenio de cooperaci\u00f3n entre la Universidad de las Artes y la Universidad de Guayaquil, este 9 de marzo se inaugur\u00f3 en el Pasaje Illingworth del antiguo Palacio de la Gobernaci\u00f3n, nuestro campus centro, la II edici\u00f3n de la EXPOFAU Itinerante, una muestra que desarrolla la Facultad de Arquitectura y Urbanismo con los trabajos finales de sus alumnos. La vicerrectora Yulianela P\u00e9rez estuvo en la apertura.<\/p>\n","protected":false},"author":10,"featured_media":87695,"comment_status":"open","ping_status":"open","sticky":false,"template":"","format":"standard","meta":{"_acf_changed":false,"_uag_custom_page_level_css":"","_monsterinsights_skip_tracking":false,"_monsterinsights_sitenote_active":false,"_monsterinsights_sitenote_note":"","_monsterinsights_sitenote_category":0,"cybocfi_hide_featured_image":"","footnotes":""},"categories":[80,84,83,79],"tags":[518],"infouartes":[],"class_list":["post-87694","post","type-post","status-publish","format-standard","has-post-thumbnail","hentry","category-academico","category-rectorado","category-sedes","category-vinculo","tag-produccion"],"acf":[],"yoast_head":"<!-- This site is optimized with the Yoast SEO plugin v27.4 - https:\/\/yoast.com\/product\/yoast-seo-wordpress\/ -->\n<title>Universidad de las Artes - Por convenio con la UArtes, la Facultad de Arquitectura y Urbanismo de la UG trajo al campus centro su II EXPOFAU<\/title>\n<meta name=\"description\" content=\"Universidad de las Artes - Por convenio con la UArtes, la Facultad de Arquitectura y Urbanismo de la UG trajo al campus centro su II EXPOFAU\" \/>\n<meta name=\"robots\" content=\"index, follow, max-snippet:-1, max-image-preview:large, max-video-preview:-1\" \/>\n<link rel=\"canonical\" href=\"https:\/\/www.uartes.edu.ec\/sitio\/blog\/2026\/03\/12\/por-convenio-con-la-uartes-la-facultad-de-arquitectura-y-urbanismo-de-la-ug-trajo-a-campus-centro-su-ii-expofau\/\" \/>\n<meta property=\"og:locale\" content=\"es_ES\" \/>\n<meta property=\"og:type\" content=\"article\" \/>\n<meta property=\"og:title\" content=\"Universidad de las Artes - Por convenio con la UArtes, la Facultad de Arquitectura y Urbanismo de la UG trajo al campus centro su II EXPOFAU\" \/>\n<meta property=\"og:description\" content=\"Universidad de las Artes - Por convenio con la UArtes, la Facultad de Arquitectura y Urbanismo de la UG trajo al campus centro su II EXPOFAU\" \/>\n<meta property=\"og:url\" content=\"https:\/\/www.uartes.edu.ec\/sitio\/blog\/2026\/03\/12\/por-convenio-con-la-uartes-la-facultad-de-arquitectura-y-urbanismo-de-la-ug-trajo-a-campus-centro-su-ii-expofau\/\" \/>\n<meta property=\"og:site_name\" content=\"Universidad de las Artes\" \/>\n<meta property=\"article:publisher\" content=\"https:\/\/www.facebook.com\/uartesec\" \/>\n<meta property=\"article:published_time\" content=\"2026-03-13T00:48:30+00:00\" \/>\n<meta property=\"article:modified_time\" content=\"2026-03-13T14:17:39+00:00\" \/>\n<meta property=\"og:image\" content=\"https:\/\/www.uartes.edu.ec\/sitio\/wp-content\/uploads\/2026\/03\/Proyecto-Cambiar-tamano-de-imagen-2026-03-12T184520.262.jpeg\" \/>\n\t<meta property=\"og:image:width\" content=\"2000\" \/>\n\t<meta property=\"og:image:height\" content=\"1333\" \/>\n\t<meta property=\"og:image:type\" content=\"image\/jpeg\" \/>\n<meta name=\"author\" content=\"ccortez\" \/>\n<meta name=\"twitter:card\" content=\"summary_large_image\" \/>\n<meta name=\"twitter:creator\" content=\"@uartesec\" \/>\n<meta name=\"twitter:site\" content=\"@uartesec\" \/>\n<meta name=\"twitter:label1\" content=\"Escrito por\" \/>\n\t<meta name=\"twitter:data1\" content=\"ccortez\" \/>\n\t<meta name=\"twitter:label2\" content=\"Tiempo de lectura\" \/>\n\t<meta name=\"twitter:data2\" content=\"2 minutos\" \/>\n<script type=\"application\/ld+json\" class=\"yoast-schema-graph\">{\"@context\":\"https:\\\/\\\/schema.org\",\"@graph\":[{\"@type\":\"Article\",\"@id\":\"https:\\\/\\\/www.uartes.edu.ec\\\/sitio\\\/blog\\\/2026\\\/03\\\/12\\\/por-convenio-con-la-uartes-la-facultad-de-arquitectura-y-urbanismo-de-la-ug-trajo-a-campus-centro-su-ii-expofau\\\/#article\",\"isPartOf\":{\"@id\":\"https:\\\/\\\/www.uartes.edu.ec\\\/sitio\\\/blog\\\/2026\\\/03\\\/12\\\/por-convenio-con-la-uartes-la-facultad-de-arquitectura-y-urbanismo-de-la-ug-trajo-a-campus-centro-su-ii-expofau\\\/\"},\"author\":{\"name\":\"ccortez\",\"@id\":\"https:\\\/\\\/www.uartes.edu.ec\\\/sitio\\\/#\\\/schema\\\/person\\\/efa1b8275797664fd7f13a79ccc0b1f4\"},\"headline\":\"Por convenio con la UArtes, la Facultad de Arquitectura y Urbanismo de la UG trajo al campus centro su II EXPOFAU\",\"datePublished\":\"2026-03-13T00:48:30+00:00\",\"dateModified\":\"2026-03-13T14:17:39+00:00\",\"mainEntityOfPage\":{\"@id\":\"https:\\\/\\\/www.uartes.edu.ec\\\/sitio\\\/blog\\\/2026\\\/03\\\/12\\\/por-convenio-con-la-uartes-la-facultad-de-arquitectura-y-urbanismo-de-la-ug-trajo-a-campus-centro-su-ii-expofau\\\/\"},\"wordCount\":477,\"commentCount\":0,\"publisher\":{\"@id\":\"https:\\\/\\\/www.uartes.edu.ec\\\/sitio\\\/#organization\"},\"image\":{\"@id\":\"https:\\\/\\\/www.uartes.edu.ec\\\/sitio\\\/blog\\\/2026\\\/03\\\/12\\\/por-convenio-con-la-uartes-la-facultad-de-arquitectura-y-urbanismo-de-la-ug-trajo-a-campus-centro-su-ii-expofau\\\/#primaryimage\"},\"thumbnailUrl\":\"https:\\\/\\\/www.uartes.edu.ec\\\/sitio\\\/wp-content\\\/uploads\\\/2026\\\/03\\\/Proyecto-Cambiar-tamano-de-imagen-2026-03-12T184520.262.jpeg\",\"keywords\":[\"producci\u00f3n\"],\"articleSection\":[\"Acad\u00e9mico\",\"Rectorado\",\"Sedes\",\"V\u00ednculo\"],\"inLanguage\":\"es\",\"potentialAction\":[{\"@type\":\"CommentAction\",\"name\":\"Comment\",\"target\":[\"https:\\\/\\\/www.uartes.edu.ec\\\/sitio\\\/blog\\\/2026\\\/03\\\/12\\\/por-convenio-con-la-uartes-la-facultad-de-arquitectura-y-urbanismo-de-la-ug-trajo-a-campus-centro-su-ii-expofau\\\/#respond\"]}]},{\"@type\":[\"WebPage\",\"ItemPage\"],\"@id\":\"https:\\\/\\\/www.uartes.edu.ec\\\/sitio\\\/blog\\\/2026\\\/03\\\/12\\\/por-convenio-con-la-uartes-la-facultad-de-arquitectura-y-urbanismo-de-la-ug-trajo-a-campus-centro-su-ii-expofau\\\/\",\"url\":\"https:\\\/\\\/www.uartes.edu.ec\\\/sitio\\\/blog\\\/2026\\\/03\\\/12\\\/por-convenio-con-la-uartes-la-facultad-de-arquitectura-y-urbanismo-de-la-ug-trajo-a-campus-centro-su-ii-expofau\\\/\",\"name\":\"Universidad de las Artes - Por convenio con la UArtes, la Facultad de Arquitectura y Urbanismo de la UG trajo al campus centro su II EXPOFAU\",\"isPartOf\":{\"@id\":\"https:\\\/\\\/www.uartes.edu.ec\\\/sitio\\\/#website\"},\"primaryImageOfPage\":{\"@id\":\"https:\\\/\\\/www.uartes.edu.ec\\\/sitio\\\/blog\\\/2026\\\/03\\\/12\\\/por-convenio-con-la-uartes-la-facultad-de-arquitectura-y-urbanismo-de-la-ug-trajo-a-campus-centro-su-ii-expofau\\\/#primaryimage\"},\"image\":{\"@id\":\"https:\\\/\\\/www.uartes.edu.ec\\\/sitio\\\/blog\\\/2026\\\/03\\\/12\\\/por-convenio-con-la-uartes-la-facultad-de-arquitectura-y-urbanismo-de-la-ug-trajo-a-campus-centro-su-ii-expofau\\\/#primaryimage\"},\"thumbnailUrl\":\"https:\\\/\\\/www.uartes.edu.ec\\\/sitio\\\/wp-content\\\/uploads\\\/2026\\\/03\\\/Proyecto-Cambiar-tamano-de-imagen-2026-03-12T184520.262.jpeg\",\"datePublished\":\"2026-03-13T00:48:30+00:00\",\"dateModified\":\"2026-03-13T14:17:39+00:00\",\"description\":\"Universidad de las Artes - Por convenio con la UArtes, la Facultad de Arquitectura y Urbanismo de la UG trajo al campus centro su II EXPOFAU\",\"breadcrumb\":{\"@id\":\"https:\\\/\\\/www.uartes.edu.ec\\\/sitio\\\/blog\\\/2026\\\/03\\\/12\\\/por-convenio-con-la-uartes-la-facultad-de-arquitectura-y-urbanismo-de-la-ug-trajo-a-campus-centro-su-ii-expofau\\\/#breadcrumb\"},\"inLanguage\":\"es\",\"potentialAction\":[{\"@type\":\"ReadAction\",\"target\":[\"https:\\\/\\\/www.uartes.edu.ec\\\/sitio\\\/blog\\\/2026\\\/03\\\/12\\\/por-convenio-con-la-uartes-la-facultad-de-arquitectura-y-urbanismo-de-la-ug-trajo-a-campus-centro-su-ii-expofau\\\/\"]}]},{\"@type\":\"ImageObject\",\"inLanguage\":\"es\",\"@id\":\"https:\\\/\\\/www.uartes.edu.ec\\\/sitio\\\/blog\\\/2026\\\/03\\\/12\\\/por-convenio-con-la-uartes-la-facultad-de-arquitectura-y-urbanismo-de-la-ug-trajo-a-campus-centro-su-ii-expofau\\\/#primaryimage\",\"url\":\"https:\\\/\\\/www.uartes.edu.ec\\\/sitio\\\/wp-content\\\/uploads\\\/2026\\\/03\\\/Proyecto-Cambiar-tamano-de-imagen-2026-03-12T184520.262.jpeg\",\"contentUrl\":\"https:\\\/\\\/www.uartes.edu.ec\\\/sitio\\\/wp-content\\\/uploads\\\/2026\\\/03\\\/Proyecto-Cambiar-tamano-de-imagen-2026-03-12T184520.262.jpeg\",\"width\":2000,\"height\":1333},{\"@type\":\"BreadcrumbList\",\"@id\":\"https:\\\/\\\/www.uartes.edu.ec\\\/sitio\\\/blog\\\/2026\\\/03\\\/12\\\/por-convenio-con-la-uartes-la-facultad-de-arquitectura-y-urbanismo-de-la-ug-trajo-a-campus-centro-su-ii-expofau\\\/#breadcrumb\",\"itemListElement\":[{\"@type\":\"ListItem\",\"position\":1,\"name\":\"Inicio\",\"item\":\"https:\\\/\\\/www.uartes.edu.ec\\\/sitio\\\/\"},{\"@type\":\"ListItem\",\"position\":2,\"name\":\"Por convenio con la UArtes, la Facultad de Arquitectura y Urbanismo de la UG trajo al campus centro su II EXPOFAU\"}]},{\"@type\":\"WebSite\",\"@id\":\"https:\\\/\\\/www.uartes.edu.ec\\\/sitio\\\/#website\",\"url\":\"https:\\\/\\\/www.uartes.edu.ec\\\/sitio\\\/\",\"name\":\"Universidad de las Artes\",\"description\":\"Sitio oficial de la Universidad Nacional de las Artes del Ecuador\",\"publisher\":{\"@id\":\"https:\\\/\\\/www.uartes.edu.ec\\\/sitio\\\/#organization\"},\"potentialAction\":[{\"@type\":\"SearchAction\",\"target\":{\"@type\":\"EntryPoint\",\"urlTemplate\":\"https:\\\/\\\/www.uartes.edu.ec\\\/sitio\\\/?s={search_term_string}\"},\"query-input\":{\"@type\":\"PropertyValueSpecification\",\"valueRequired\":true,\"valueName\":\"search_term_string\"}}],\"inLanguage\":\"es\"},{\"@type\":\"Organization\",\"@id\":\"https:\\\/\\\/www.uartes.edu.ec\\\/sitio\\\/#organization\",\"name\":\"Universidad de las Artes\",\"url\":\"https:\\\/\\\/www.uartes.edu.ec\\\/sitio\\\/\",\"logo\":{\"@type\":\"ImageObject\",\"inLanguage\":\"es\",\"@id\":\"https:\\\/\\\/www.uartes.edu.ec\\\/sitio\\\/#\\\/schema\\\/logo\\\/image\\\/\",\"url\":\"https:\\\/\\\/www.uartes.edu.ec\\\/sitio\\\/wp-content\\\/uploads\\\/2022\\\/07\\\/logo-ua-horizontal.png\",\"contentUrl\":\"https:\\\/\\\/www.uartes.edu.ec\\\/sitio\\\/wp-content\\\/uploads\\\/2022\\\/07\\\/logo-ua-horizontal.png\",\"width\":800,\"height\":276,\"caption\":\"Universidad de las Artes\"},\"image\":{\"@id\":\"https:\\\/\\\/www.uartes.edu.ec\\\/sitio\\\/#\\\/schema\\\/logo\\\/image\\\/\"},\"sameAs\":[\"https:\\\/\\\/www.facebook.com\\\/uartesec\",\"https:\\\/\\\/x.com\\\/uartesec\",\"https:\\\/\\\/www.tiktok.com\\\/@uartesec\"]},{\"@type\":\"Person\",\"@id\":\"https:\\\/\\\/www.uartes.edu.ec\\\/sitio\\\/#\\\/schema\\\/person\\\/efa1b8275797664fd7f13a79ccc0b1f4\",\"name\":\"ccortez\",\"image\":{\"@type\":\"ImageObject\",\"inLanguage\":\"es\",\"@id\":\"https:\\\/\\\/secure.gravatar.com\\\/avatar\\\/b2a6f664a3ae8e074346ef91775736c5ec479e637ecced6842de9dc98b5da9cd?s=96&d=mm&r=g\",\"url\":\"https:\\\/\\\/secure.gravatar.com\\\/avatar\\\/b2a6f664a3ae8e074346ef91775736c5ec479e637ecced6842de9dc98b5da9cd?s=96&d=mm&r=g\",\"contentUrl\":\"https:\\\/\\\/secure.gravatar.com\\\/avatar\\\/b2a6f664a3ae8e074346ef91775736c5ec479e637ecced6842de9dc98b5da9cd?s=96&d=mm&r=g\",\"caption\":\"ccortez\"},\"url\":\"https:\\\/\\\/www.uartes.edu.ec\\\/sitio\\\/blog\\\/author\\\/ccortez\\\/\"}]}<\/script>\n<!-- \/ Yoast SEO plugin. -->","yoast_head_json":{"title":"Universidad de las Artes - Por convenio con la UArtes, la Facultad de Arquitectura y Urbanismo de la UG trajo al campus centro su II EXPOFAU","description":"Universidad de las Artes - Por convenio con la UArtes, la Facultad de Arquitectura y Urbanismo de la UG trajo al campus centro su II EXPOFAU","robots":{"index":"index","follow":"follow","max-snippet":"max-snippet:-1","max-image-preview":"max-image-preview:large","max-video-preview":"max-video-preview:-1"},"canonical":"https:\/\/www.uartes.edu.ec\/sitio\/blog\/2026\/03\/12\/por-convenio-con-la-uartes-la-facultad-de-arquitectura-y-urbanismo-de-la-ug-trajo-a-campus-centro-su-ii-expofau\/","og_locale":"es_ES","og_type":"article","og_title":"Universidad de las Artes - Por convenio con la UArtes, la Facultad de Arquitectura y Urbanismo de la UG trajo al campus centro su II EXPOFAU","og_description":"Universidad de las Artes - Por convenio con la UArtes, la Facultad de Arquitectura y Urbanismo de la UG trajo al campus centro su II EXPOFAU","og_url":"https:\/\/www.uartes.edu.ec\/sitio\/blog\/2026\/03\/12\/por-convenio-con-la-uartes-la-facultad-de-arquitectura-y-urbanismo-de-la-ug-trajo-a-campus-centro-su-ii-expofau\/","og_site_name":"Universidad de las Artes","article_publisher":"https:\/\/www.facebook.com\/uartesec","article_published_time":"2026-03-13T00:48:30+00:00","article_modified_time":"2026-03-13T14:17:39+00:00","og_image":[{"width":2000,"height":1333,"url":"https:\/\/www.uartes.edu.ec\/sitio\/wp-content\/uploads\/2026\/03\/Proyecto-Cambiar-tamano-de-imagen-2026-03-12T184520.262.jpeg","type":"image\/jpeg"}],"author":"ccortez","twitter_card":"summary_large_image","twitter_creator":"@uartesec","twitter_site":"@uartesec","twitter_misc":{"Escrito por":"ccortez","Tiempo de lectura":"2 minutos"},"schema":{"@context":"https:\/\/schema.org","@graph":[{"@type":"Article","@id":"https:\/\/www.uartes.edu.ec\/sitio\/blog\/2026\/03\/12\/por-convenio-con-la-uartes-la-facultad-de-arquitectura-y-urbanismo-de-la-ug-trajo-a-campus-centro-su-ii-expofau\/#article","isPartOf":{"@id":"https:\/\/www.uartes.edu.ec\/sitio\/blog\/2026\/03\/12\/por-convenio-con-la-uartes-la-facultad-de-arquitectura-y-urbanismo-de-la-ug-trajo-a-campus-centro-su-ii-expofau\/"},"author":{"name":"ccortez","@id":"https:\/\/www.uartes.edu.ec\/sitio\/#\/schema\/person\/efa1b8275797664fd7f13a79ccc0b1f4"},"headline":"Por convenio con la UArtes, la Facultad de Arquitectura y Urbanismo de la UG trajo al campus centro su II EXPOFAU","datePublished":"2026-03-13T00:48:30+00:00","dateModified":"2026-03-13T14:17:39+00:00","mainEntityOfPage":{"@id":"https:\/\/www.uartes.edu.ec\/sitio\/blog\/2026\/03\/12\/por-convenio-con-la-uartes-la-facultad-de-arquitectura-y-urbanismo-de-la-ug-trajo-a-campus-centro-su-ii-expofau\/"},"wordCount":477,"commentCount":0,"publisher":{"@id":"https:\/\/www.uartes.edu.ec\/sitio\/#organization"},"image":{"@id":"https:\/\/www.uartes.edu.ec\/sitio\/blog\/2026\/03\/12\/por-convenio-con-la-uartes-la-facultad-de-arquitectura-y-urbanismo-de-la-ug-trajo-a-campus-centro-su-ii-expofau\/#primaryimage"},"thumbnailUrl":"https:\/\/www.uartes.edu.ec\/sitio\/wp-content\/uploads\/2026\/03\/Proyecto-Cambiar-tamano-de-imagen-2026-03-12T184520.262.jpeg","keywords":["producci\u00f3n"],"articleSection":["Acad\u00e9mico","Rectorado","Sedes","V\u00ednculo"],"inLanguage":"es","potentialAction":[{"@type":"CommentAction","name":"Comment","target":["https:\/\/www.uartes.edu.ec\/sitio\/blog\/2026\/03\/12\/por-convenio-con-la-uartes-la-facultad-de-arquitectura-y-urbanismo-de-la-ug-trajo-a-campus-centro-su-ii-expofau\/#respond"]}]},{"@type":["WebPage","ItemPage"],"@id":"https:\/\/www.uartes.edu.ec\/sitio\/blog\/2026\/03\/12\/por-convenio-con-la-uartes-la-facultad-de-arquitectura-y-urbanismo-de-la-ug-trajo-a-campus-centro-su-ii-expofau\/","url":"https:\/\/www.uartes.edu.ec\/sitio\/blog\/2026\/03\/12\/por-convenio-con-la-uartes-la-facultad-de-arquitectura-y-urbanismo-de-la-ug-trajo-a-campus-centro-su-ii-expofau\/","name":"Universidad de las Artes - Por convenio con la UArtes, la Facultad de Arquitectura y Urbanismo de la UG trajo al campus centro su II EXPOFAU","isPartOf":{"@id":"https:\/\/www.uartes.edu.ec\/sitio\/#website"},"primaryImageOfPage":{"@id":"https:\/\/www.uartes.edu.ec\/sitio\/blog\/2026\/03\/12\/por-convenio-con-la-uartes-la-facultad-de-arquitectura-y-urbanismo-de-la-ug-trajo-a-campus-centro-su-ii-expofau\/#primaryimage"},"image":{"@id":"https:\/\/www.uartes.edu.ec\/sitio\/blog\/2026\/03\/12\/por-convenio-con-la-uartes-la-facultad-de-arquitectura-y-urbanismo-de-la-ug-trajo-a-campus-centro-su-ii-expofau\/#primaryimage"},"thumbnailUrl":"https:\/\/www.uartes.edu.ec\/sitio\/wp-content\/uploads\/2026\/03\/Proyecto-Cambiar-tamano-de-imagen-2026-03-12T184520.262.jpeg","datePublished":"2026-03-13T00:48:30+00:00","dateModified":"2026-03-13T14:17:39+00:00","description":"Universidad de las Artes - Por convenio con la UArtes, la Facultad de Arquitectura y Urbanismo de la UG trajo al campus centro su II EXPOFAU","breadcrumb":{"@id":"https:\/\/www.uartes.edu.ec\/sitio\/blog\/2026\/03\/12\/por-convenio-con-la-uartes-la-facultad-de-arquitectura-y-urbanismo-de-la-ug-trajo-a-campus-centro-su-ii-expofau\/#breadcrumb"},"inLanguage":"es","potentialAction":[{"@type":"ReadAction","target":["https:\/\/www.uartes.edu.ec\/sitio\/blog\/2026\/03\/12\/por-convenio-con-la-uartes-la-facultad-de-arquitectura-y-urbanismo-de-la-ug-trajo-a-campus-centro-su-ii-expofau\/"]}]},{"@type":"ImageObject","inLanguage":"es","@id":"https:\/\/www.uartes.edu.ec\/sitio\/blog\/2026\/03\/12\/por-convenio-con-la-uartes-la-facultad-de-arquitectura-y-urbanismo-de-la-ug-trajo-a-campus-centro-su-ii-expofau\/#primaryimage","url":"https:\/\/www.uartes.edu.ec\/sitio\/wp-content\/uploads\/2026\/03\/Proyecto-Cambiar-tamano-de-imagen-2026-03-12T184520.262.jpeg","contentUrl":"https:\/\/www.uartes.edu.ec\/sitio\/wp-content\/uploads\/2026\/03\/Proyecto-Cambiar-tamano-de-imagen-2026-03-12T184520.262.jpeg","width":2000,"height":1333},{"@type":"BreadcrumbList","@id":"https:\/\/www.uartes.edu.ec\/sitio\/blog\/2026\/03\/12\/por-convenio-con-la-uartes-la-facultad-de-arquitectura-y-urbanismo-de-la-ug-trajo-a-campus-centro-su-ii-expofau\/#breadcrumb","itemListElement":[{"@type":"ListItem","position":1,"name":"Inicio","item":"https:\/\/www.uartes.edu.ec\/sitio\/"},{"@type":"ListItem","position":2,"name":"Por convenio con la UArtes, la Facultad de Arquitectura y Urbanismo de la UG trajo al campus centro su II EXPOFAU"}]},{"@type":"WebSite","@id":"https:\/\/www.uartes.edu.ec\/sitio\/#website","url":"https:\/\/www.uartes.edu.ec\/sitio\/","name":"Universidad de las Artes","description":"Sitio oficial de la Universidad Nacional de las Artes del Ecuador","publisher":{"@id":"https:\/\/www.uartes.edu.ec\/sitio\/#organization"},"potentialAction":[{"@type":"SearchAction","target":{"@type":"EntryPoint","urlTemplate":"https:\/\/www.uartes.edu.ec\/sitio\/?s={search_term_string}"},"query-input":{"@type":"PropertyValueSpecification","valueRequired":true,"valueName":"search_term_string"}}],"inLanguage":"es"},{"@type":"Organization","@id":"https:\/\/www.uartes.edu.ec\/sitio\/#organization","name":"Universidad de las Artes","url":"https:\/\/www.uartes.edu.ec\/sitio\/","logo":{"@type":"ImageObject","inLanguage":"es","@id":"https:\/\/www.uartes.edu.ec\/sitio\/#\/schema\/logo\/image\/","url":"https:\/\/www.uartes.edu.ec\/sitio\/wp-content\/uploads\/2022\/07\/logo-ua-horizontal.png","contentUrl":"https:\/\/www.uartes.edu.ec\/sitio\/wp-content\/uploads\/2022\/07\/logo-ua-horizontal.png","width":800,"height":276,"caption":"Universidad de las Artes"},"image":{"@id":"https:\/\/www.uartes.edu.ec\/sitio\/#\/schema\/logo\/image\/"},"sameAs":["https:\/\/www.facebook.com\/uartesec","https:\/\/x.com\/uartesec","https:\/\/www.tiktok.com\/@uartesec"]},{"@type":"Person","@id":"https:\/\/www.uartes.edu.ec\/sitio\/#\/schema\/person\/efa1b8275797664fd7f13a79ccc0b1f4","name":"ccortez","image":{"@type":"ImageObject","inLanguage":"es","@id":"https:\/\/secure.gravatar.com\/avatar\/b2a6f664a3ae8e074346ef91775736c5ec479e637ecced6842de9dc98b5da9cd?s=96&d=mm&r=g","url":"https:\/\/secure.gravatar.com\/avatar\/b2a6f664a3ae8e074346ef91775736c5ec479e637ecced6842de9dc98b5da9cd?s=96&d=mm&r=g","contentUrl":"https:\/\/secure.gravatar.com\/avatar\/b2a6f664a3ae8e074346ef91775736c5ec479e637ecced6842de9dc98b5da9cd?s=96&d=mm&r=g","caption":"ccortez"},"url":"https:\/\/www.uartes.edu.ec\/sitio\/blog\/author\/ccortez\/"}]}},"uagb_featured_image_src":{"full":["https:\/\/www.uartes.edu.ec\/sitio\/wp-content\/uploads\/2026\/03\/Proyecto-Cambiar-tamano-de-imagen-2026-03-12T184520.262.jpeg",2000,1333,false],"thumbnail":["https:\/\/www.uartes.edu.ec\/sitio\/wp-content\/uploads\/2026\/03\/Proyecto-Cambiar-tamano-de-imagen-2026-03-12T184520.262-150x150.jpeg",150,150,true],"medium":["https:\/\/www.uartes.edu.ec\/sitio\/wp-content\/uploads\/2026\/03\/Proyecto-Cambiar-tamano-de-imagen-2026-03-12T184520.262-300x200.jpeg",300,200,true],"medium_large":["https:\/\/www.uartes.edu.ec\/sitio\/wp-content\/uploads\/2026\/03\/Proyecto-Cambiar-tamano-de-imagen-2026-03-12T184520.262-768x512.jpeg",768,512,true],"large":["https:\/\/www.uartes.edu.ec\/sitio\/wp-content\/uploads\/2026\/03\/Proyecto-Cambiar-tamano-de-imagen-2026-03-12T184520.262-644x429.jpeg",644,429,true],"1536x1536":["https:\/\/www.uartes.edu.ec\/sitio\/wp-content\/uploads\/2026\/03\/Proyecto-Cambiar-tamano-de-imagen-2026-03-12T184520.262-1536x1024.jpeg",1536,1024,true],"2048x2048":["https:\/\/www.uartes.edu.ec\/sitio\/wp-content\/uploads\/2026\/03\/Proyecto-Cambiar-tamano-de-imagen-2026-03-12T184520.262.jpeg",2000,1333,false],"trp-custom-language-flag":["https:\/\/www.uartes.edu.ec\/sitio\/wp-content\/uploads\/2026\/03\/Proyecto-Cambiar-tamano-de-imagen-2026-03-12T184520.262-18x12.jpeg",18,12,true],"htmega_size_585x295":["https:\/\/www.uartes.edu.ec\/sitio\/wp-content\/uploads\/2026\/03\/Proyecto-Cambiar-tamano-de-imagen-2026-03-12T184520.262-585x295.jpeg",585,295,true],"htmega_size_1170x536":["https:\/\/www.uartes.edu.ec\/sitio\/wp-content\/uploads\/2026\/03\/Proyecto-Cambiar-tamano-de-imagen-2026-03-12T184520.262-1170x536.jpeg",1170,536,true],"htmega_size_396x360":["https:\/\/www.uartes.edu.ec\/sitio\/wp-content\/uploads\/2026\/03\/Proyecto-Cambiar-tamano-de-imagen-2026-03-12T184520.262-396x360.jpeg",396,360,true],"gb-block-post-grid-landscape":["https:\/\/www.uartes.edu.ec\/sitio\/wp-content\/uploads\/2026\/03\/Proyecto-Cambiar-tamano-de-imagen-2026-03-12T184520.262-600x400.jpeg",600,400,true],"gb-block-post-grid-square":["https:\/\/www.uartes.edu.ec\/sitio\/wp-content\/uploads\/2026\/03\/Proyecto-Cambiar-tamano-de-imagen-2026-03-12T184520.262-600x600.jpeg",600,600,true],"university-hub-thumb":["https:\/\/www.uartes.edu.ec\/sitio\/wp-content\/uploads\/2026\/03\/Proyecto-Cambiar-tamano-de-imagen-2026-03-12T184520.262-400x267.jpeg",400,267,true],"mailpoet_newsletter_max":["https:\/\/www.uartes.edu.ec\/sitio\/wp-content\/uploads\/2026\/03\/Proyecto-Cambiar-tamano-de-imagen-2026-03-12T184520.262.jpeg",1320,880,false]},"uagb_author_info":{"display_name":"ccortez","author_link":"https:\/\/www.uartes.edu.ec\/sitio\/blog\/author\/ccortez\/"},"uagb_comment_info":0,"uagb_excerpt":"En el marco del convenio de cooperaci\u00f3n entre la Universidad de las Artes y la Universidad de Guayaquil, este 9 de marzo se inaugur\u00f3 en el Pasaje Illingworth del antiguo Palacio de la Gobernaci\u00f3n, nuestro campus centro, la II edici\u00f3n de la EXPOFAU Itinerante, una muestra que desarrolla la Facultad de Arquitectura y Urbanismo con&hellip;","featured_image_src":"https:\/\/www.uartes.edu.ec\/sitio\/wp-content\/uploads\/2026\/03\/Proyecto-Cambiar-tamano-de-imagen-2026-03-12T184520.262-600x400.jpeg","featured_image_src_square":"https:\/\/www.uartes.edu.ec\/sitio\/wp-content\/uploads\/2026\/03\/Proyecto-Cambiar-tamano-de-imagen-2026-03-12T184520.262-600x600.jpeg","author_info":{"display_name":"ccortez","author_link":"https:\/\/www.uartes.edu.ec\/sitio\/blog\/author\/ccortez\/"},"publishpress_future_workflow_manual_trigger":{"enabledWorkflows":[]},"distributor_meta":false,"distributor_terms":false,"distributor_media":false,"distributor_original_site_name":"Universidad de las Artes","distributor_original_site_url":"https:\/\/www.uartes.edu.ec\/sitio","push-errors":false,"_links":{"self":[{"href":"https:\/\/www.uartes.edu.ec\/sitio\/wp-json\/wp\/v2\/posts\/87694","targetHints":{"allow":["GET"]}}],"collection":[{"href":"https:\/\/www.uartes.edu.ec\/sitio\/wp-json\/wp\/v2\/posts"}],"about":[{"href":"https:\/\/www.uartes.edu.ec\/sitio\/wp-json\/wp\/v2\/types\/post"}],"author":[{"embeddable":true,"href":"https:\/\/www.uartes.edu.ec\/sitio\/wp-json\/wp\/v2\/users\/10"}],"replies":[{"embeddable":true,"href":"https:\/\/www.uartes.edu.ec\/sitio\/wp-json\/wp\/v2\/comments?post=87694"}],"version-history":[{"count":5,"href":"https:\/\/www.uartes.edu.ec\/sitio\/wp-json\/wp\/v2\/posts\/87694\/revisions"}],"predecessor-version":[{"id":87718,"href":"https:\/\/www.uartes.edu.ec\/sitio\/wp-json\/wp\/v2\/posts\/87694\/revisions\/87718"}],"wp:featuredmedia":[{"embeddable":true,"href":"https:\/\/www.uartes.edu.ec\/sitio\/wp-json\/wp\/v2\/media\/87695"}],"wp:attachment":[{"href":"https:\/\/www.uartes.edu.ec\/sitio\/wp-json\/wp\/v2\/media?parent=87694"}],"wp:term":[{"taxonomy":"category","embeddable":true,"href":"https:\/\/www.uartes.edu.ec\/sitio\/wp-json\/wp\/v2\/categories?post=87694"},{"taxonomy":"post_tag","embeddable":true,"href":"https:\/\/www.uartes.edu.ec\/sitio\/wp-json\/wp\/v2\/tags?post=87694"},{"taxonomy":"infouartes","embeddable":true,"href":"https:\/\/www.uartes.edu.ec\/sitio\/wp-json\/wp\/v2\/infouartes?post=87694"}],"curies":[{"name":"wp","href":"https:\/\/api.w.org\/{rel}","templated":true}]}}