{"id":89,"date":"2017-04-19T15:09:04","date_gmt":"2017-04-19T20:09:04","guid":{"rendered":"http:\/\/www.uartes.edu.ec\/infouartes\/?p=89"},"modified":"2024-07-04T11:54:21","modified_gmt":"2024-07-04T16:54:21","slug":"uartes-coproduce-el-festival-edoc-en-guayaquil","status":"publish","type":"post","link":"https:\/\/www.uartes.edu.ec\/sitio\/blog\/2017\/04\/19\/uartes-coproduce-el-festival-edoc-en-guayaquil\/","title":{"rendered":"UArtes coproduce el Festival EDOC en Guayaquil"},"content":{"rendered":"\n<p>Ochenta y ocho documentales de 30 pa\u00edses se mostrar\u00e1n en la XVI edici\u00f3n del Festival Internacional de Cine Documental \u2018Encuentros del Otro Cine\u2019 &#8211; EDOC. La Universidad de las Artes, a trav\u00e9s de su Laboratorio de Innovaci\u00f3n y Producci\u00f3n, se une este a\u00f1o como coproductora oficial lo que significa beneficios para su comunidad universitaria y ciudadanos de Guayaquil.<\/p>\n\n\n\n<p>\u2018Encuentros del Otro Cine\u2019 es un festival internacional independiente, no competitivo, de cine documental. Es producto de la creaci\u00f3n y gesti\u00f3n de la Corporaci\u00f3n Cinememoria, una organizaci\u00f3n sin fines de lucro dedicada a promover el cine documental y la conservaci\u00f3n del patrimonio audiovisual en el Ecuador.<\/p>\n\n\n\n<p>EDOC rendir\u00e1 homenaje a la trayectoria de Claire Simon, una de las directoras de cine independiente m\u00e1s importante en la actualidad. Se presentar\u00e1 una retrospectiva que estar\u00e1 compuesta por nueve de sus pel\u00edculas, que van desde 1992 hasta su \u00faltimo documental <em>Le Concours<\/em>, estrenado en el 2016 en el Festival de Cine de Venecia, donde adem\u00e1s gan\u00f3 el Venice Classic Award a Mejor Documental, indica el bolet\u00edn oficial del EDOC.<\/p>\n\n\n\n<p>El Festival contar\u00e1 tambi\u00e9n con la presencia de directores de cine documental como Eduardo Crespo, cineasta argentino que presentar\u00e1 su documental <em>Crespo (La memoria de la continuidad)<\/em>, el realizador chileno Jos\u00e9 Luis Torres Leiva, director de <em>El viento sabe que vuelvo a casa <\/em>y Florence Jaugey, documentalista francesa residente en Centroam\u00e9rica que presentar\u00e1 su filme <em>Girasoles de Nicaragua. <\/em>Tambi\u00e9n estar\u00e1 presente La\u00eds Lifschitz, editora brasile\u00f1a de la pel\u00edcula inaugural <em>No Intenso Agora <\/em>del director Jo\u00e3o Moreira Salles.<\/p>\n\n\n\n<p>En esta edici\u00f3n, el Festival estrenar\u00e1 17 documentales de cineastas ecuatorianos o residentes en Ecuador.<\/p>\n\n\n\n<p>El Festival EDOC se realizar\u00e1 del 10 al 21 de mayo en la ciudad de Quito y del 12 al 21 de mayo en la ciudad de Guayaquil, en el MAAC Cine. En Guayaquil, el Festival ha organizado dos funciones diarias, una a las 17h00 y otra a las 19h00.<\/p>\n\n\n\n<p>La programaci\u00f3n y la informaci\u00f3n referente a los abonos se puede encontrar en la p\u00e1gina <a href=\"http:\/\/www.festivaledoc.org\">web del Festival<\/a>.<\/p>\n\n\n\n<p><a id=\"mas\" name=\"mas\"><\/a><strong>Actividades para la comunidad universitaria<\/strong><\/p>\n\n\n\n<p>La UArtes organizar\u00e1 funciones gratuitas y exclusivas para sus estudiantes, todas las ma\u00f1anas a las 11h00. Este espacio ser\u00e1 enriquecido con la presencia de cuatro directores que dialogar\u00e1n con los estudiantes luego de la presentaci\u00f3n de sus pel\u00edculas.<\/p>\n\n\n\n<p>Entre los invitados a este espacio est\u00e1n: Jos\u00e9 Luis Torres Leiva, director de \u2018El Viento sabe que vuelvo a casa\u2019, Eduardo Crespo, director de \u2018La Continuidad de la Memoria\u2019, Florence Jaugey, directora de \u2018Girasoles en Nicaragua\u2019 y Xiana Yago, directora de \u2018Las Mujeres Deciden\u2019.<\/p>\n\n\n\n<p>En este marco, los estudiantes de la Escuela de Cine de la UArtes podr\u00e1n realizar sus pr\u00e1cticas pre profesionales participando en la producci\u00f3n y log\u00edstica del Festival EDOC.<\/p>\n\n\n\n<p><em>Cr\u00e9dito de fotograma: Pel\u00edcula &#8220;TEMPESTAD&#8221;, directora Tatiana Huezo<\/em><\/p>\n","protected":false},"excerpt":{"rendered":"<p>Ochenta y ocho documentales de 30 pa\u00edses se mostrar\u00e1n en la XVI edici\u00f3n del Festival Internacional de Cine Documental \u2018Encuentros del Otro Cine\u2019 &#8211; EDOC. La Universidad de las Artes, a trav\u00e9s de su Laboratorio de Innovaci\u00f3n y Producci\u00f3n, se une este a\u00f1o como coproductora oficial lo que significa beneficios para su comunidad universitaria y [&hellip;]<\/p>\n","protected":false},"author":1,"featured_media":56460,"comment_status":"closed","ping_status":"open","sticky":false,"template":"","format":"standard","meta":{"_acf_changed":false,"_uag_custom_page_level_css":"","_monsterinsights_skip_tracking":false,"_monsterinsights_sitenote_active":false,"_monsterinsights_sitenote_note":"","_monsterinsights_sitenote_category":0,"cybocfi_hide_featured_image":"","footnotes":""},"categories":[77],"tags":[],"infouartes":[],"class_list":["post-89","post","type-post","status-publish","format-standard","has-post-thumbnail","hentry","category-gestion"],"acf":[],"yoast_head":"<!-- This site is optimized with the Yoast SEO plugin v27.4 - https:\/\/yoast.com\/product\/yoast-seo-wordpress\/ -->\n<title>Universidad de las Artes - UArtes coproduce el Festival EDOC en Guayaquil<\/title>\n<meta name=\"description\" content=\"Universidad de las Artes - UArtes coproduce el Festival EDOC en Guayaquil\" \/>\n<meta name=\"robots\" content=\"index, follow, max-snippet:-1, max-image-preview:large, max-video-preview:-1\" \/>\n<link rel=\"canonical\" href=\"https:\/\/www.uartes.edu.ec\/sitio\/blog\/2017\/04\/19\/uartes-coproduce-el-festival-edoc-en-guayaquil\/\" \/>\n<meta property=\"og:locale\" content=\"es_ES\" \/>\n<meta property=\"og:type\" content=\"article\" \/>\n<meta property=\"og:title\" content=\"Universidad de las Artes - UArtes coproduce el Festival EDOC en Guayaquil\" \/>\n<meta property=\"og:description\" content=\"Universidad de las Artes - UArtes coproduce el Festival EDOC en Guayaquil\" \/>\n<meta property=\"og:url\" content=\"https:\/\/www.uartes.edu.ec\/sitio\/blog\/2017\/04\/19\/uartes-coproduce-el-festival-edoc-en-guayaquil\/\" \/>\n<meta property=\"og:site_name\" content=\"Universidad de las Artes\" \/>\n<meta property=\"article:publisher\" content=\"https:\/\/www.facebook.com\/uartesec\" \/>\n<meta property=\"article:published_time\" content=\"2017-04-19T20:09:04+00:00\" \/>\n<meta property=\"article:modified_time\" content=\"2024-07-04T16:54:21+00:00\" \/>\n<meta property=\"og:image\" content=\"https:\/\/www.uartes.edu.ec\/sitio\/wp-content\/uploads\/2017\/04\/UArtes-coproduce-el-Festival-EDOC-en-Guayaquil.jpg\" \/>\n\t<meta property=\"og:image:width\" content=\"582\" \/>\n\t<meta property=\"og:image:height\" content=\"270\" \/>\n\t<meta property=\"og:image:type\" content=\"image\/jpeg\" \/>\n<meta name=\"author\" content=\"Universidad de las Artes\" \/>\n<meta name=\"twitter:card\" content=\"summary_large_image\" \/>\n<meta name=\"twitter:creator\" content=\"@uartesec\" \/>\n<meta name=\"twitter:site\" content=\"@uartesec\" \/>\n<meta name=\"twitter:label1\" content=\"Escrito por\" \/>\n\t<meta name=\"twitter:data1\" content=\"Universidad de las Artes\" \/>\n\t<meta name=\"twitter:label2\" content=\"Tiempo de lectura\" \/>\n\t<meta name=\"twitter:data2\" content=\"3 minutos\" \/>\n<script type=\"application\/ld+json\" class=\"yoast-schema-graph\">{\"@context\":\"https:\\\/\\\/schema.org\",\"@graph\":[{\"@type\":\"Article\",\"@id\":\"https:\\\/\\\/www.uartes.edu.ec\\\/sitio\\\/blog\\\/2017\\\/04\\\/19\\\/uartes-coproduce-el-festival-edoc-en-guayaquil\\\/#article\",\"isPartOf\":{\"@id\":\"https:\\\/\\\/www.uartes.edu.ec\\\/sitio\\\/blog\\\/2017\\\/04\\\/19\\\/uartes-coproduce-el-festival-edoc-en-guayaquil\\\/\"},\"author\":{\"name\":\"Universidad de las Artes\",\"@id\":\"https:\\\/\\\/www.uartes.edu.ec\\\/sitio\\\/#\\\/schema\\\/person\\\/f33f8c1d2af0d5c80a38c8abf458184a\"},\"headline\":\"UArtes coproduce el Festival EDOC en Guayaquil\",\"datePublished\":\"2017-04-19T20:09:04+00:00\",\"dateModified\":\"2024-07-04T16:54:21+00:00\",\"mainEntityOfPage\":{\"@id\":\"https:\\\/\\\/www.uartes.edu.ec\\\/sitio\\\/blog\\\/2017\\\/04\\\/19\\\/uartes-coproduce-el-festival-edoc-en-guayaquil\\\/\"},\"wordCount\":494,\"publisher\":{\"@id\":\"https:\\\/\\\/www.uartes.edu.ec\\\/sitio\\\/#organization\"},\"image\":{\"@id\":\"https:\\\/\\\/www.uartes.edu.ec\\\/sitio\\\/blog\\\/2017\\\/04\\\/19\\\/uartes-coproduce-el-festival-edoc-en-guayaquil\\\/#primaryimage\"},\"thumbnailUrl\":\"https:\\\/\\\/www.uartes.edu.ec\\\/sitio\\\/wp-content\\\/uploads\\\/2017\\\/04\\\/UArtes-coproduce-el-Festival-EDOC-en-Guayaquil.jpg\",\"articleSection\":[\"Gesti\u00f3n\"],\"inLanguage\":\"es\"},{\"@type\":[\"WebPage\",\"ItemPage\"],\"@id\":\"https:\\\/\\\/www.uartes.edu.ec\\\/sitio\\\/blog\\\/2017\\\/04\\\/19\\\/uartes-coproduce-el-festival-edoc-en-guayaquil\\\/\",\"url\":\"https:\\\/\\\/www.uartes.edu.ec\\\/sitio\\\/blog\\\/2017\\\/04\\\/19\\\/uartes-coproduce-el-festival-edoc-en-guayaquil\\\/\",\"name\":\"Universidad de las Artes - UArtes coproduce el Festival EDOC en Guayaquil\",\"isPartOf\":{\"@id\":\"https:\\\/\\\/www.uartes.edu.ec\\\/sitio\\\/#website\"},\"primaryImageOfPage\":{\"@id\":\"https:\\\/\\\/www.uartes.edu.ec\\\/sitio\\\/blog\\\/2017\\\/04\\\/19\\\/uartes-coproduce-el-festival-edoc-en-guayaquil\\\/#primaryimage\"},\"image\":{\"@id\":\"https:\\\/\\\/www.uartes.edu.ec\\\/sitio\\\/blog\\\/2017\\\/04\\\/19\\\/uartes-coproduce-el-festival-edoc-en-guayaquil\\\/#primaryimage\"},\"thumbnailUrl\":\"https:\\\/\\\/www.uartes.edu.ec\\\/sitio\\\/wp-content\\\/uploads\\\/2017\\\/04\\\/UArtes-coproduce-el-Festival-EDOC-en-Guayaquil.jpg\",\"datePublished\":\"2017-04-19T20:09:04+00:00\",\"dateModified\":\"2024-07-04T16:54:21+00:00\",\"description\":\"Universidad de las Artes - UArtes coproduce el Festival EDOC en Guayaquil\",\"breadcrumb\":{\"@id\":\"https:\\\/\\\/www.uartes.edu.ec\\\/sitio\\\/blog\\\/2017\\\/04\\\/19\\\/uartes-coproduce-el-festival-edoc-en-guayaquil\\\/#breadcrumb\"},\"inLanguage\":\"es\",\"potentialAction\":[{\"@type\":\"ReadAction\",\"target\":[\"https:\\\/\\\/www.uartes.edu.ec\\\/sitio\\\/blog\\\/2017\\\/04\\\/19\\\/uartes-coproduce-el-festival-edoc-en-guayaquil\\\/\"]}]},{\"@type\":\"ImageObject\",\"inLanguage\":\"es\",\"@id\":\"https:\\\/\\\/www.uartes.edu.ec\\\/sitio\\\/blog\\\/2017\\\/04\\\/19\\\/uartes-coproduce-el-festival-edoc-en-guayaquil\\\/#primaryimage\",\"url\":\"https:\\\/\\\/www.uartes.edu.ec\\\/sitio\\\/wp-content\\\/uploads\\\/2017\\\/04\\\/UArtes-coproduce-el-Festival-EDOC-en-Guayaquil.jpg\",\"contentUrl\":\"https:\\\/\\\/www.uartes.edu.ec\\\/sitio\\\/wp-content\\\/uploads\\\/2017\\\/04\\\/UArtes-coproduce-el-Festival-EDOC-en-Guayaquil.jpg\",\"width\":582,\"height\":270},{\"@type\":\"BreadcrumbList\",\"@id\":\"https:\\\/\\\/www.uartes.edu.ec\\\/sitio\\\/blog\\\/2017\\\/04\\\/19\\\/uartes-coproduce-el-festival-edoc-en-guayaquil\\\/#breadcrumb\",\"itemListElement\":[{\"@type\":\"ListItem\",\"position\":1,\"name\":\"Inicio\",\"item\":\"https:\\\/\\\/www.uartes.edu.ec\\\/sitio\\\/\"},{\"@type\":\"ListItem\",\"position\":2,\"name\":\"UArtes coproduce el Festival EDOC en Guayaquil\"}]},{\"@type\":\"WebSite\",\"@id\":\"https:\\\/\\\/www.uartes.edu.ec\\\/sitio\\\/#website\",\"url\":\"https:\\\/\\\/www.uartes.edu.ec\\\/sitio\\\/\",\"name\":\"Universidad de las Artes\",\"description\":\"Sitio oficial de la Universidad Nacional de las Artes del Ecuador\",\"publisher\":{\"@id\":\"https:\\\/\\\/www.uartes.edu.ec\\\/sitio\\\/#organization\"},\"potentialAction\":[{\"@type\":\"SearchAction\",\"target\":{\"@type\":\"EntryPoint\",\"urlTemplate\":\"https:\\\/\\\/www.uartes.edu.ec\\\/sitio\\\/?s={search_term_string}\"},\"query-input\":{\"@type\":\"PropertyValueSpecification\",\"valueRequired\":true,\"valueName\":\"search_term_string\"}}],\"inLanguage\":\"es\"},{\"@type\":\"Organization\",\"@id\":\"https:\\\/\\\/www.uartes.edu.ec\\\/sitio\\\/#organization\",\"name\":\"Universidad de las Artes\",\"url\":\"https:\\\/\\\/www.uartes.edu.ec\\\/sitio\\\/\",\"logo\":{\"@type\":\"ImageObject\",\"inLanguage\":\"es\",\"@id\":\"https:\\\/\\\/www.uartes.edu.ec\\\/sitio\\\/#\\\/schema\\\/logo\\\/image\\\/\",\"url\":\"https:\\\/\\\/www.uartes.edu.ec\\\/sitio\\\/wp-content\\\/uploads\\\/2022\\\/07\\\/logo-ua-horizontal.png\",\"contentUrl\":\"https:\\\/\\\/www.uartes.edu.ec\\\/sitio\\\/wp-content\\\/uploads\\\/2022\\\/07\\\/logo-ua-horizontal.png\",\"width\":800,\"height\":276,\"caption\":\"Universidad de las Artes\"},\"image\":{\"@id\":\"https:\\\/\\\/www.uartes.edu.ec\\\/sitio\\\/#\\\/schema\\\/logo\\\/image\\\/\"},\"sameAs\":[\"https:\\\/\\\/www.facebook.com\\\/uartesec\",\"https:\\\/\\\/x.com\\\/uartesec\",\"https:\\\/\\\/www.tiktok.com\\\/@uartesec\"]},{\"@type\":\"Person\",\"@id\":\"https:\\\/\\\/www.uartes.edu.ec\\\/sitio\\\/#\\\/schema\\\/person\\\/f33f8c1d2af0d5c80a38c8abf458184a\",\"name\":\"Universidad de las Artes\",\"image\":{\"@type\":\"ImageObject\",\"inLanguage\":\"es\",\"@id\":\"https:\\\/\\\/secure.gravatar.com\\\/avatar\\\/52e4757902f5cfa5ac52d020e5be83cae5487519154b6c35482fe08d589f3c13?s=96&d=mm&r=g\",\"url\":\"https:\\\/\\\/secure.gravatar.com\\\/avatar\\\/52e4757902f5cfa5ac52d020e5be83cae5487519154b6c35482fe08d589f3c13?s=96&d=mm&r=g\",\"contentUrl\":\"https:\\\/\\\/secure.gravatar.com\\\/avatar\\\/52e4757902f5cfa5ac52d020e5be83cae5487519154b6c35482fe08d589f3c13?s=96&d=mm&r=g\",\"caption\":\"Universidad de las Artes\"},\"url\":\"https:\\\/\\\/www.uartes.edu.ec\\\/sitio\\\/blog\\\/author\\\/dircomadm\\\/\"}]}<\/script>\n<!-- \/ Yoast SEO plugin. -->","yoast_head_json":{"title":"Universidad de las Artes - UArtes coproduce el Festival EDOC en Guayaquil","description":"Universidad de las Artes - UArtes coproduce el Festival EDOC en Guayaquil","robots":{"index":"index","follow":"follow","max-snippet":"max-snippet:-1","max-image-preview":"max-image-preview:large","max-video-preview":"max-video-preview:-1"},"canonical":"https:\/\/www.uartes.edu.ec\/sitio\/blog\/2017\/04\/19\/uartes-coproduce-el-festival-edoc-en-guayaquil\/","og_locale":"es_ES","og_type":"article","og_title":"Universidad de las Artes - UArtes coproduce el Festival EDOC en Guayaquil","og_description":"Universidad de las Artes - UArtes coproduce el Festival EDOC en Guayaquil","og_url":"https:\/\/www.uartes.edu.ec\/sitio\/blog\/2017\/04\/19\/uartes-coproduce-el-festival-edoc-en-guayaquil\/","og_site_name":"Universidad de las Artes","article_publisher":"https:\/\/www.facebook.com\/uartesec","article_published_time":"2017-04-19T20:09:04+00:00","article_modified_time":"2024-07-04T16:54:21+00:00","og_image":[{"width":582,"height":270,"url":"https:\/\/www.uartes.edu.ec\/sitio\/wp-content\/uploads\/2017\/04\/UArtes-coproduce-el-Festival-EDOC-en-Guayaquil.jpg","type":"image\/jpeg"}],"author":"Universidad de las Artes","twitter_card":"summary_large_image","twitter_creator":"@uartesec","twitter_site":"@uartesec","twitter_misc":{"Escrito por":"Universidad de las Artes","Tiempo de lectura":"3 minutos"},"schema":{"@context":"https:\/\/schema.org","@graph":[{"@type":"Article","@id":"https:\/\/www.uartes.edu.ec\/sitio\/blog\/2017\/04\/19\/uartes-coproduce-el-festival-edoc-en-guayaquil\/#article","isPartOf":{"@id":"https:\/\/www.uartes.edu.ec\/sitio\/blog\/2017\/04\/19\/uartes-coproduce-el-festival-edoc-en-guayaquil\/"},"author":{"name":"Universidad de las Artes","@id":"https:\/\/www.uartes.edu.ec\/sitio\/#\/schema\/person\/f33f8c1d2af0d5c80a38c8abf458184a"},"headline":"UArtes coproduce el Festival EDOC en Guayaquil","datePublished":"2017-04-19T20:09:04+00:00","dateModified":"2024-07-04T16:54:21+00:00","mainEntityOfPage":{"@id":"https:\/\/www.uartes.edu.ec\/sitio\/blog\/2017\/04\/19\/uartes-coproduce-el-festival-edoc-en-guayaquil\/"},"wordCount":494,"publisher":{"@id":"https:\/\/www.uartes.edu.ec\/sitio\/#organization"},"image":{"@id":"https:\/\/www.uartes.edu.ec\/sitio\/blog\/2017\/04\/19\/uartes-coproduce-el-festival-edoc-en-guayaquil\/#primaryimage"},"thumbnailUrl":"https:\/\/www.uartes.edu.ec\/sitio\/wp-content\/uploads\/2017\/04\/UArtes-coproduce-el-Festival-EDOC-en-Guayaquil.jpg","articleSection":["Gesti\u00f3n"],"inLanguage":"es"},{"@type":["WebPage","ItemPage"],"@id":"https:\/\/www.uartes.edu.ec\/sitio\/blog\/2017\/04\/19\/uartes-coproduce-el-festival-edoc-en-guayaquil\/","url":"https:\/\/www.uartes.edu.ec\/sitio\/blog\/2017\/04\/19\/uartes-coproduce-el-festival-edoc-en-guayaquil\/","name":"Universidad de las Artes - UArtes coproduce el Festival EDOC en Guayaquil","isPartOf":{"@id":"https:\/\/www.uartes.edu.ec\/sitio\/#website"},"primaryImageOfPage":{"@id":"https:\/\/www.uartes.edu.ec\/sitio\/blog\/2017\/04\/19\/uartes-coproduce-el-festival-edoc-en-guayaquil\/#primaryimage"},"image":{"@id":"https:\/\/www.uartes.edu.ec\/sitio\/blog\/2017\/04\/19\/uartes-coproduce-el-festival-edoc-en-guayaquil\/#primaryimage"},"thumbnailUrl":"https:\/\/www.uartes.edu.ec\/sitio\/wp-content\/uploads\/2017\/04\/UArtes-coproduce-el-Festival-EDOC-en-Guayaquil.jpg","datePublished":"2017-04-19T20:09:04+00:00","dateModified":"2024-07-04T16:54:21+00:00","description":"Universidad de las Artes - UArtes coproduce el Festival EDOC en Guayaquil","breadcrumb":{"@id":"https:\/\/www.uartes.edu.ec\/sitio\/blog\/2017\/04\/19\/uartes-coproduce-el-festival-edoc-en-guayaquil\/#breadcrumb"},"inLanguage":"es","potentialAction":[{"@type":"ReadAction","target":["https:\/\/www.uartes.edu.ec\/sitio\/blog\/2017\/04\/19\/uartes-coproduce-el-festival-edoc-en-guayaquil\/"]}]},{"@type":"ImageObject","inLanguage":"es","@id":"https:\/\/www.uartes.edu.ec\/sitio\/blog\/2017\/04\/19\/uartes-coproduce-el-festival-edoc-en-guayaquil\/#primaryimage","url":"https:\/\/www.uartes.edu.ec\/sitio\/wp-content\/uploads\/2017\/04\/UArtes-coproduce-el-Festival-EDOC-en-Guayaquil.jpg","contentUrl":"https:\/\/www.uartes.edu.ec\/sitio\/wp-content\/uploads\/2017\/04\/UArtes-coproduce-el-Festival-EDOC-en-Guayaquil.jpg","width":582,"height":270},{"@type":"BreadcrumbList","@id":"https:\/\/www.uartes.edu.ec\/sitio\/blog\/2017\/04\/19\/uartes-coproduce-el-festival-edoc-en-guayaquil\/#breadcrumb","itemListElement":[{"@type":"ListItem","position":1,"name":"Inicio","item":"https:\/\/www.uartes.edu.ec\/sitio\/"},{"@type":"ListItem","position":2,"name":"UArtes coproduce el Festival EDOC en Guayaquil"}]},{"@type":"WebSite","@id":"https:\/\/www.uartes.edu.ec\/sitio\/#website","url":"https:\/\/www.uartes.edu.ec\/sitio\/","name":"Universidad de las Artes","description":"Sitio oficial de la Universidad Nacional de las Artes del Ecuador","publisher":{"@id":"https:\/\/www.uartes.edu.ec\/sitio\/#organization"},"potentialAction":[{"@type":"SearchAction","target":{"@type":"EntryPoint","urlTemplate":"https:\/\/www.uartes.edu.ec\/sitio\/?s={search_term_string}"},"query-input":{"@type":"PropertyValueSpecification","valueRequired":true,"valueName":"search_term_string"}}],"inLanguage":"es"},{"@type":"Organization","@id":"https:\/\/www.uartes.edu.ec\/sitio\/#organization","name":"Universidad de las Artes","url":"https:\/\/www.uartes.edu.ec\/sitio\/","logo":{"@type":"ImageObject","inLanguage":"es","@id":"https:\/\/www.uartes.edu.ec\/sitio\/#\/schema\/logo\/image\/","url":"https:\/\/www.uartes.edu.ec\/sitio\/wp-content\/uploads\/2022\/07\/logo-ua-horizontal.png","contentUrl":"https:\/\/www.uartes.edu.ec\/sitio\/wp-content\/uploads\/2022\/07\/logo-ua-horizontal.png","width":800,"height":276,"caption":"Universidad de las Artes"},"image":{"@id":"https:\/\/www.uartes.edu.ec\/sitio\/#\/schema\/logo\/image\/"},"sameAs":["https:\/\/www.facebook.com\/uartesec","https:\/\/x.com\/uartesec","https:\/\/www.tiktok.com\/@uartesec"]},{"@type":"Person","@id":"https:\/\/www.uartes.edu.ec\/sitio\/#\/schema\/person\/f33f8c1d2af0d5c80a38c8abf458184a","name":"Universidad de las Artes","image":{"@type":"ImageObject","inLanguage":"es","@id":"https:\/\/secure.gravatar.com\/avatar\/52e4757902f5cfa5ac52d020e5be83cae5487519154b6c35482fe08d589f3c13?s=96&d=mm&r=g","url":"https:\/\/secure.gravatar.com\/avatar\/52e4757902f5cfa5ac52d020e5be83cae5487519154b6c35482fe08d589f3c13?s=96&d=mm&r=g","contentUrl":"https:\/\/secure.gravatar.com\/avatar\/52e4757902f5cfa5ac52d020e5be83cae5487519154b6c35482fe08d589f3c13?s=96&d=mm&r=g","caption":"Universidad de las Artes"},"url":"https:\/\/www.uartes.edu.ec\/sitio\/blog\/author\/dircomadm\/"}]}},"uagb_featured_image_src":{"full":["https:\/\/www.uartes.edu.ec\/sitio\/wp-content\/uploads\/2017\/04\/UArtes-coproduce-el-Festival-EDOC-en-Guayaquil.jpg",582,270,false],"thumbnail":["https:\/\/www.uartes.edu.ec\/sitio\/wp-content\/uploads\/2017\/04\/UArtes-coproduce-el-Festival-EDOC-en-Guayaquil-150x150.jpg",150,150,true],"medium":["https:\/\/www.uartes.edu.ec\/sitio\/wp-content\/uploads\/2017\/04\/UArtes-coproduce-el-Festival-EDOC-en-Guayaquil-300x139.jpg",300,139,true],"medium_large":["https:\/\/www.uartes.edu.ec\/sitio\/wp-content\/uploads\/2017\/04\/UArtes-coproduce-el-Festival-EDOC-en-Guayaquil.jpg",582,270,false],"large":["https:\/\/www.uartes.edu.ec\/sitio\/wp-content\/uploads\/2017\/04\/UArtes-coproduce-el-Festival-EDOC-en-Guayaquil.jpg",582,270,false],"1536x1536":["https:\/\/www.uartes.edu.ec\/sitio\/wp-content\/uploads\/2017\/04\/UArtes-coproduce-el-Festival-EDOC-en-Guayaquil.jpg",582,270,false],"2048x2048":["https:\/\/www.uartes.edu.ec\/sitio\/wp-content\/uploads\/2017\/04\/UArtes-coproduce-el-Festival-EDOC-en-Guayaquil.jpg",582,270,false],"trp-custom-language-flag":["https:\/\/www.uartes.edu.ec\/sitio\/wp-content\/uploads\/2017\/04\/UArtes-coproduce-el-Festival-EDOC-en-Guayaquil-18x8.jpg",18,8,true],"htmega_size_585x295":["https:\/\/www.uartes.edu.ec\/sitio\/wp-content\/uploads\/2017\/04\/UArtes-coproduce-el-Festival-EDOC-en-Guayaquil.jpg",582,270,false],"htmega_size_1170x536":["https:\/\/www.uartes.edu.ec\/sitio\/wp-content\/uploads\/2017\/04\/UArtes-coproduce-el-Festival-EDOC-en-Guayaquil.jpg",582,270,false],"htmega_size_396x360":["https:\/\/www.uartes.edu.ec\/sitio\/wp-content\/uploads\/2017\/04\/UArtes-coproduce-el-Festival-EDOC-en-Guayaquil-396x270.jpg",396,270,true],"gb-block-post-grid-landscape":["https:\/\/www.uartes.edu.ec\/sitio\/wp-content\/uploads\/2017\/04\/UArtes-coproduce-el-Festival-EDOC-en-Guayaquil.jpg",582,270,false],"gb-block-post-grid-square":["https:\/\/www.uartes.edu.ec\/sitio\/wp-content\/uploads\/2017\/04\/UArtes-coproduce-el-Festival-EDOC-en-Guayaquil.jpg",582,270,false],"university-hub-thumb":["https:\/\/www.uartes.edu.ec\/sitio\/wp-content\/uploads\/2017\/04\/UArtes-coproduce-el-Festival-EDOC-en-Guayaquil-400x186.jpg",400,186,true]},"uagb_author_info":{"display_name":"Universidad de las Artes","author_link":"https:\/\/www.uartes.edu.ec\/sitio\/blog\/author\/dircomadm\/"},"uagb_comment_info":0,"uagb_excerpt":"Ochenta y ocho documentales de 30 pa\u00edses se mostrar\u00e1n en la XVI edici\u00f3n del Festival Internacional de Cine Documental \u2018Encuentros del Otro Cine\u2019 &#8211; EDOC. La Universidad de las Artes, a trav\u00e9s de su Laboratorio de Innovaci\u00f3n y Producci\u00f3n, se une este a\u00f1o como coproductora oficial lo que significa beneficios para su comunidad universitaria y&hellip;","featured_image_src":"https:\/\/www.uartes.edu.ec\/sitio\/wp-content\/uploads\/2017\/04\/UArtes-coproduce-el-Festival-EDOC-en-Guayaquil.jpg","featured_image_src_square":"https:\/\/www.uartes.edu.ec\/sitio\/wp-content\/uploads\/2017\/04\/UArtes-coproduce-el-Festival-EDOC-en-Guayaquil.jpg","author_info":{"display_name":"Universidad de las Artes","author_link":"https:\/\/www.uartes.edu.ec\/sitio\/blog\/author\/dircomadm\/"},"publishpress_future_workflow_manual_trigger":{"enabledWorkflows":[]},"distributor_meta":false,"distributor_terms":false,"distributor_media":false,"distributor_original_site_name":"Universidad de las Artes","distributor_original_site_url":"https:\/\/www.uartes.edu.ec\/sitio","push-errors":false,"_links":{"self":[{"href":"https:\/\/www.uartes.edu.ec\/sitio\/wp-json\/wp\/v2\/posts\/89","targetHints":{"allow":["GET"]}}],"collection":[{"href":"https:\/\/www.uartes.edu.ec\/sitio\/wp-json\/wp\/v2\/posts"}],"about":[{"href":"https:\/\/www.uartes.edu.ec\/sitio\/wp-json\/wp\/v2\/types\/post"}],"author":[{"embeddable":true,"href":"https:\/\/www.uartes.edu.ec\/sitio\/wp-json\/wp\/v2\/users\/1"}],"replies":[{"embeddable":true,"href":"https:\/\/www.uartes.edu.ec\/sitio\/wp-json\/wp\/v2\/comments?post=89"}],"version-history":[{"count":3,"href":"https:\/\/www.uartes.edu.ec\/sitio\/wp-json\/wp\/v2\/posts\/89\/revisions"}],"predecessor-version":[{"id":56465,"href":"https:\/\/www.uartes.edu.ec\/sitio\/wp-json\/wp\/v2\/posts\/89\/revisions\/56465"}],"wp:featuredmedia":[{"embeddable":true,"href":"https:\/\/www.uartes.edu.ec\/sitio\/wp-json\/wp\/v2\/media\/56460"}],"wp:attachment":[{"href":"https:\/\/www.uartes.edu.ec\/sitio\/wp-json\/wp\/v2\/media?parent=89"}],"wp:term":[{"taxonomy":"category","embeddable":true,"href":"https:\/\/www.uartes.edu.ec\/sitio\/wp-json\/wp\/v2\/categories?post=89"},{"taxonomy":"post_tag","embeddable":true,"href":"https:\/\/www.uartes.edu.ec\/sitio\/wp-json\/wp\/v2\/tags?post=89"},{"taxonomy":"infouartes","embeddable":true,"href":"https:\/\/www.uartes.edu.ec\/sitio\/wp-json\/wp\/v2\/infouartes?post=89"}],"curies":[{"name":"wp","href":"https:\/\/api.w.org\/{rel}","templated":true}]}}