{"id":89532,"date":"2026-04-22T20:15:00","date_gmt":"2026-04-23T01:15:00","guid":{"rendered":"https:\/\/www.uartes.edu.ec\/sitio\/?p=89532"},"modified":"2026-04-23T13:36:21","modified_gmt":"2026-04-23T18:36:21","slug":"presentacion-de-libro-impreso-en-tinta-y-braille-que-apunta-a-la-accesibilidad-museografica-inicio-lanfor-abierta","status":"publish","type":"post","link":"https:\/\/www.uartes.edu.ec\/sitio\/blog\/2026\/04\/22\/presentacion-de-libro-impreso-en-tinta-y-braille-que-apunta-a-la-accesibilidad-museografica-inicio-lanfor-abierta\/","title":{"rendered":"Presentaci\u00f3n de libro impreso en tinta y braille que apunta a la accesibilidad museogr\u00e1fica inici\u00f3 la V Lanfor Abierta"},"content":{"rendered":"\n<p>En el marco del D\u00eda Internacional de Libro, que se celebra el 23 de abril de cada a\u00f1o, la Biblioteca de la Universidad de las Artes dio inicio a la V edici\u00f3n de Lanfor Abierta, evento hito que durante cuatro d\u00edas ofrecer\u00e1 presentaciones de obras, intercambios de libros, lecturas, charlas y una jornada bibliotecol\u00f3gica.<\/p>\n\n\n\n<p>En su primer d\u00eda, el intercambio de libros y el lanzamiento de la obra \u201cInvestigaci\u00f3n y Sistematizaci\u00f3n de Modelos Accesibles para Museos Ecuatorianos. An\u00e1lisis de Obras T\u00e1ctiles y Recursos Digitales Existentes\u201d fueron las tambi\u00e9n primeras actividades de Lanfor Abierta. Ambas en horario matutino.<\/p>\n\n\n\n<p>El libro en cuesti\u00f3n es de la autor\u00eda del investigador Eduardo Arriaga Burgos, quien es tambi\u00e9n artista y se da a conocer como <em>Lalinchi.<\/em> Su propuesta, se indic\u00f3 en el lanzamiento, es el resultado final de un proyecto ganador, pues \u00e9l respondi\u00f3 a la convocatoria de fondos concursables 2025 de Arte y Cultura del Instituto de Fomento de las Artes, Innovaci\u00f3n y Creatividades (IFAIC).<\/p>\n\n\n<div class=\"wp-block-image\">\n<figure class=\"aligncenter size-large\"><img fetchpriority=\"high\" decoding=\"async\" width=\"644\" height=\"429\" src=\"https:\/\/www.uartes.edu.ec\/sitio\/wp-content\/uploads\/2026\/04\/Proyecto-Cambiar-tamano-de-imagen-2026-04-22T202352.683-644x429.jpeg\" alt=\"\" class=\"wp-image-89537\" srcset=\"https:\/\/www.uartes.edu.ec\/sitio\/wp-content\/uploads\/2026\/04\/Proyecto-Cambiar-tamano-de-imagen-2026-04-22T202352.683-644x429.jpeg 644w, https:\/\/www.uartes.edu.ec\/sitio\/wp-content\/uploads\/2026\/04\/Proyecto-Cambiar-tamano-de-imagen-2026-04-22T202352.683-300x200.jpeg 300w, https:\/\/www.uartes.edu.ec\/sitio\/wp-content\/uploads\/2026\/04\/Proyecto-Cambiar-tamano-de-imagen-2026-04-22T202352.683-768x512.jpeg 768w, https:\/\/www.uartes.edu.ec\/sitio\/wp-content\/uploads\/2026\/04\/Proyecto-Cambiar-tamano-de-imagen-2026-04-22T202352.683-1536x1024.jpeg 1536w, https:\/\/www.uartes.edu.ec\/sitio\/wp-content\/uploads\/2026\/04\/Proyecto-Cambiar-tamano-de-imagen-2026-04-22T202352.683-18x12.jpeg 18w, https:\/\/www.uartes.edu.ec\/sitio\/wp-content\/uploads\/2026\/04\/Proyecto-Cambiar-tamano-de-imagen-2026-04-22T202352.683-600x400.jpeg 600w, https:\/\/www.uartes.edu.ec\/sitio\/wp-content\/uploads\/2026\/04\/Proyecto-Cambiar-tamano-de-imagen-2026-04-22T202352.683-400x267.jpeg 400w, https:\/\/www.uartes.edu.ec\/sitio\/wp-content\/uploads\/2026\/04\/Proyecto-Cambiar-tamano-de-imagen-2026-04-22T202352.683-1320x880.jpeg 1320w, https:\/\/www.uartes.edu.ec\/sitio\/wp-content\/uploads\/2026\/04\/Proyecto-Cambiar-tamano-de-imagen-2026-04-22T202352.683.jpeg 2000w\" sizes=\"(max-width: 644px) 100vw, 644px\" \/><\/figure>\n<\/div>\n\n\n<p>Soraya Campos, directora de Asuntos Bibliotecarios del repositorio de la UArtes, indic\u00f3 que este a\u00f1o, especialmente significativo porque se celebra un lustro de la creaci\u00f3n de Lanfor Abierta, se decidi\u00f3 iniciar su programaci\u00f3n poniendo como centro la inclusi\u00f3n, entendida como la posibilidad de que todas las personas puedan acceder, participar y sentirse parte de estos espacios culturales.<\/p>\n\n\n\n<p>\u201cCreemos en una biblioteca abierta, diversa y sensible a las distintas formas de habitar la lectura, el arte y el conocimiento\u201d, manifest\u00f3 Soraya Campos, revelando que en esta edici\u00f3n la Biblioteca de las Artes se articul\u00f3 con la Escuela de Literatura UArtes, fortaleciendo as\u00ed el di\u00e1logo acad\u00e9mico y cultural. Felicit\u00f3 a <em>Lalinchi <\/em>por la investigaci\u00f3n desarrollada, pues su publicaci\u00f3n recopilada la esencia de obras con arquitectura braille, a fin de que personas con discapacidad puedan acceder al arte y a la cultura del pa\u00eds.<\/p>\n\n\n\n<p>Sin mayores pre\u00e1mbulos, el autor de \u201cInvestigaci\u00f3n y Sistematizaci\u00f3n de Modelos Accesibles para Museos Ecuatorianos An\u00e1lisis de Obras T\u00e1ctiles y Recursos Digitales Existentes\u201d dio cuenta de que su propuesta iba m\u00e1s all\u00e1 de un cat\u00e1logo y rese\u00f1\u00f3 que constituye una gu\u00eda metodol\u00f3gica de accesibilidad museogr\u00e1fica en formato de libro impreso en tinta y braille.<\/p>\n\n\n<div class=\"wp-block-image\">\n<figure class=\"aligncenter size-large\"><img decoding=\"async\" width=\"644\" height=\"429\" src=\"https:\/\/www.uartes.edu.ec\/sitio\/wp-content\/uploads\/2026\/04\/Proyecto-Cambiar-tamano-de-imagen-2026-04-22T202021.700-644x429.jpeg\" alt=\"\" class=\"wp-image-89538\" srcset=\"https:\/\/www.uartes.edu.ec\/sitio\/wp-content\/uploads\/2026\/04\/Proyecto-Cambiar-tamano-de-imagen-2026-04-22T202021.700-644x429.jpeg 644w, https:\/\/www.uartes.edu.ec\/sitio\/wp-content\/uploads\/2026\/04\/Proyecto-Cambiar-tamano-de-imagen-2026-04-22T202021.700-300x200.jpeg 300w, https:\/\/www.uartes.edu.ec\/sitio\/wp-content\/uploads\/2026\/04\/Proyecto-Cambiar-tamano-de-imagen-2026-04-22T202021.700-768x512.jpeg 768w, https:\/\/www.uartes.edu.ec\/sitio\/wp-content\/uploads\/2026\/04\/Proyecto-Cambiar-tamano-de-imagen-2026-04-22T202021.700-1536x1024.jpeg 1536w, https:\/\/www.uartes.edu.ec\/sitio\/wp-content\/uploads\/2026\/04\/Proyecto-Cambiar-tamano-de-imagen-2026-04-22T202021.700-18x12.jpeg 18w, https:\/\/www.uartes.edu.ec\/sitio\/wp-content\/uploads\/2026\/04\/Proyecto-Cambiar-tamano-de-imagen-2026-04-22T202021.700-600x400.jpeg 600w, https:\/\/www.uartes.edu.ec\/sitio\/wp-content\/uploads\/2026\/04\/Proyecto-Cambiar-tamano-de-imagen-2026-04-22T202021.700-400x267.jpeg 400w, https:\/\/www.uartes.edu.ec\/sitio\/wp-content\/uploads\/2026\/04\/Proyecto-Cambiar-tamano-de-imagen-2026-04-22T202021.700-1320x880.jpeg 1320w, https:\/\/www.uartes.edu.ec\/sitio\/wp-content\/uploads\/2026\/04\/Proyecto-Cambiar-tamano-de-imagen-2026-04-22T202021.700.jpeg 2000w\" sizes=\"(max-width: 644px) 100vw, 644px\" \/><\/figure>\n<\/div>\n\n\n<p>El proyecto original se centr\u00f3 en el an\u00e1lisis de cuatro exposiciones pioneras realizadas en Ecuador entre 2017 y 2020, basadas en la t\u00e9cnica de Escultopintura fusionada con Lectoescritura Braille. Ese n\u00facleo de investigaci\u00f3n constituye el coraz\u00f3n del estudio.<\/p>\n\n\n\n<p>Durante el proceso de sistematizaci\u00f3n, anot\u00f3, surgi\u00f3 la necesidad de enmarcar estos hallazgos dentro de un contexto nacional m\u00e1s amplio, as\u00ed como de ofrecer herramientas pr\u00e1cticas para la transformaci\u00f3n de los espacios culturales. Por ello, este libro trasciende el informe t\u00e9cnico para convertirse en una gu\u00eda integral sobre accesibilidad museogr\u00e1fica, abordando desde los fundamentos conceptuales y el marco de la diversidad humana hasta las estrategias t\u00e9cnicas y los protocolos de implementaci\u00f3n.<\/p>\n\n\n\n<p>Agreg\u00f3 haber procurado mantener el rigor acad\u00e9mico en el contenido, respetando la denominaci\u00f3n oficial registrada, pero con un lenguaje que facilite su difusi\u00f3n entre gestores culturales, curadores y p\u00fablico en general. Los resultados presentados en la publicaci\u00f3n constituyen el primer registro sistem\u00e1tico de un corpus de arte inclusivo en el Ecuador y sientan las bases para la construcci\u00f3n de una pol\u00edtica cultural sostenible en materia de accesibilidad.<\/p>\n\n\n<div class=\"wp-block-image\">\n<figure class=\"aligncenter size-large\"><img decoding=\"async\" width=\"644\" height=\"429\" src=\"https:\/\/www.uartes.edu.ec\/sitio\/wp-content\/uploads\/2026\/04\/Proyecto-Cambiar-tamano-de-imagen-2026-04-22T201719.855-644x429.jpeg\" alt=\"\" class=\"wp-image-89539\" srcset=\"https:\/\/www.uartes.edu.ec\/sitio\/wp-content\/uploads\/2026\/04\/Proyecto-Cambiar-tamano-de-imagen-2026-04-22T201719.855-644x429.jpeg 644w, https:\/\/www.uartes.edu.ec\/sitio\/wp-content\/uploads\/2026\/04\/Proyecto-Cambiar-tamano-de-imagen-2026-04-22T201719.855-300x200.jpeg 300w, https:\/\/www.uartes.edu.ec\/sitio\/wp-content\/uploads\/2026\/04\/Proyecto-Cambiar-tamano-de-imagen-2026-04-22T201719.855-768x512.jpeg 768w, https:\/\/www.uartes.edu.ec\/sitio\/wp-content\/uploads\/2026\/04\/Proyecto-Cambiar-tamano-de-imagen-2026-04-22T201719.855-1536x1024.jpeg 1536w, https:\/\/www.uartes.edu.ec\/sitio\/wp-content\/uploads\/2026\/04\/Proyecto-Cambiar-tamano-de-imagen-2026-04-22T201719.855-18x12.jpeg 18w, https:\/\/www.uartes.edu.ec\/sitio\/wp-content\/uploads\/2026\/04\/Proyecto-Cambiar-tamano-de-imagen-2026-04-22T201719.855-600x400.jpeg 600w, https:\/\/www.uartes.edu.ec\/sitio\/wp-content\/uploads\/2026\/04\/Proyecto-Cambiar-tamano-de-imagen-2026-04-22T201719.855-400x267.jpeg 400w, https:\/\/www.uartes.edu.ec\/sitio\/wp-content\/uploads\/2026\/04\/Proyecto-Cambiar-tamano-de-imagen-2026-04-22T201719.855-1320x880.jpeg 1320w, https:\/\/www.uartes.edu.ec\/sitio\/wp-content\/uploads\/2026\/04\/Proyecto-Cambiar-tamano-de-imagen-2026-04-22T201719.855.jpeg 2000w\" sizes=\"(max-width: 644px) 100vw, 644px\" \/><\/figure>\n<\/div>\n\n<div class=\"wp-block-image\">\n<figure class=\"aligncenter size-large is-resized\"><img loading=\"lazy\" decoding=\"async\" width=\"644\" height=\"429\" src=\"https:\/\/www.uartes.edu.ec\/sitio\/wp-content\/uploads\/2026\/04\/Proyecto-Cambiar-tamano-de-imagen-2026-04-22T201648.091-644x429.jpeg\" alt=\"\" class=\"wp-image-89540\" style=\"aspect-ratio:1.5011837552358405;width:476px;height:auto\" srcset=\"https:\/\/www.uartes.edu.ec\/sitio\/wp-content\/uploads\/2026\/04\/Proyecto-Cambiar-tamano-de-imagen-2026-04-22T201648.091-644x429.jpeg 644w, https:\/\/www.uartes.edu.ec\/sitio\/wp-content\/uploads\/2026\/04\/Proyecto-Cambiar-tamano-de-imagen-2026-04-22T201648.091-300x200.jpeg 300w, https:\/\/www.uartes.edu.ec\/sitio\/wp-content\/uploads\/2026\/04\/Proyecto-Cambiar-tamano-de-imagen-2026-04-22T201648.091-768x512.jpeg 768w, https:\/\/www.uartes.edu.ec\/sitio\/wp-content\/uploads\/2026\/04\/Proyecto-Cambiar-tamano-de-imagen-2026-04-22T201648.091-1536x1024.jpeg 1536w, https:\/\/www.uartes.edu.ec\/sitio\/wp-content\/uploads\/2026\/04\/Proyecto-Cambiar-tamano-de-imagen-2026-04-22T201648.091-18x12.jpeg 18w, https:\/\/www.uartes.edu.ec\/sitio\/wp-content\/uploads\/2026\/04\/Proyecto-Cambiar-tamano-de-imagen-2026-04-22T201648.091-600x400.jpeg 600w, https:\/\/www.uartes.edu.ec\/sitio\/wp-content\/uploads\/2026\/04\/Proyecto-Cambiar-tamano-de-imagen-2026-04-22T201648.091-400x267.jpeg 400w, https:\/\/www.uartes.edu.ec\/sitio\/wp-content\/uploads\/2026\/04\/Proyecto-Cambiar-tamano-de-imagen-2026-04-22T201648.091-1320x880.jpeg 1320w, https:\/\/www.uartes.edu.ec\/sitio\/wp-content\/uploads\/2026\/04\/Proyecto-Cambiar-tamano-de-imagen-2026-04-22T201648.091.jpeg 2000w\" sizes=\"(max-width: 644px) 100vw, 644px\" \/><\/figure>\n<\/div>\n\n\n<p>El trabajo de campo incluy\u00f3 la observaci\u00f3n directa y el registro de tiempos de interacci\u00f3n de personas con discapacidad visual frente a las obras t\u00e1ctiles, as\u00ed como entrevistas a usuarios y mediadores. Esta metodolog\u00eda permiti\u00f3 validar la pertinencia de los recursos h\u00e1pticos y digitales dise\u00f1ados, y ajustar los protocolos de montaje y se\u00f1al\u00e9tica en braille.<\/p>\n\n\n\n<p>Se espera que este modelo de accesibilidad museogr\u00e1fica sea adoptado y adaptado por otras salas expositivas del pa\u00eds, independientemente de su escala o presupuesto. La plataforma web asociada, de acceso libre, garantiza la preservaci\u00f3n y difusi\u00f3n de las obras documentadas, as\u00ed como la continuidad del proyecto m\u00e1s all\u00e1 del soporte impreso.<\/p>\n\n\n\n<p>Vale anotar que, en el lanzamiento del libro, <em>Lalinchi<\/em> cont\u00f3 con personas que lo han acompa\u00f1ado en cada propuesta literaria que en tono de inclusi\u00f3n ha desarrollado, como el \u201cManual de Lectura y Escritura Braille\u201d que present\u00f3, asimismo, en la Biblioteca de las Artes.<\/p>\n\n\n<div class=\"wp-block-image\">\n<figure class=\"aligncenter size-large\"><img loading=\"lazy\" decoding=\"async\" width=\"644\" height=\"429\" src=\"https:\/\/www.uartes.edu.ec\/sitio\/wp-content\/uploads\/2026\/04\/Proyecto-Cambiar-tamano-de-imagen-2026-04-22T202331.464-644x429.jpeg\" alt=\"\" class=\"wp-image-89541\" srcset=\"https:\/\/www.uartes.edu.ec\/sitio\/wp-content\/uploads\/2026\/04\/Proyecto-Cambiar-tamano-de-imagen-2026-04-22T202331.464-644x429.jpeg 644w, https:\/\/www.uartes.edu.ec\/sitio\/wp-content\/uploads\/2026\/04\/Proyecto-Cambiar-tamano-de-imagen-2026-04-22T202331.464-300x200.jpeg 300w, https:\/\/www.uartes.edu.ec\/sitio\/wp-content\/uploads\/2026\/04\/Proyecto-Cambiar-tamano-de-imagen-2026-04-22T202331.464-768x512.jpeg 768w, https:\/\/www.uartes.edu.ec\/sitio\/wp-content\/uploads\/2026\/04\/Proyecto-Cambiar-tamano-de-imagen-2026-04-22T202331.464-1536x1024.jpeg 1536w, https:\/\/www.uartes.edu.ec\/sitio\/wp-content\/uploads\/2026\/04\/Proyecto-Cambiar-tamano-de-imagen-2026-04-22T202331.464-18x12.jpeg 18w, https:\/\/www.uartes.edu.ec\/sitio\/wp-content\/uploads\/2026\/04\/Proyecto-Cambiar-tamano-de-imagen-2026-04-22T202331.464-600x400.jpeg 600w, https:\/\/www.uartes.edu.ec\/sitio\/wp-content\/uploads\/2026\/04\/Proyecto-Cambiar-tamano-de-imagen-2026-04-22T202331.464-400x267.jpeg 400w, https:\/\/www.uartes.edu.ec\/sitio\/wp-content\/uploads\/2026\/04\/Proyecto-Cambiar-tamano-de-imagen-2026-04-22T202331.464-1320x880.jpeg 1320w, https:\/\/www.uartes.edu.ec\/sitio\/wp-content\/uploads\/2026\/04\/Proyecto-Cambiar-tamano-de-imagen-2026-04-22T202331.464.jpeg 2000w\" sizes=\"(max-width: 644px) 100vw, 644px\" \/><\/figure>\n<\/div>\n\n\n<p>Uno de sus invitados, el economista Holger Ramos Benavidez, tuvo una corta intervenci\u00f3n en la presentaci\u00f3n de la obra. Como un ciudadano que consume arte y cultura, destac\u00f3 la realizaci\u00f3n de eventos como el lanzamiento de un libro que re\u00fane investigaci\u00f3n y brinda, como lo se\u00f1ala en su t\u00edtulo, una sistematizaci\u00f3n de modelos accesibles para museos ecuatorianos.<\/p>\n\n\n\n<p>Este libro es un producto cultural y est\u00e1 listo para que sea consumido por todo tipo de personas, para toda la sociedad, subray\u00f3, considerando tambi\u00e9n que abrir\u00e1 camino para nuevas formas de consumir el arte.<\/p>\n\n\n\n<p>Texto y fotos: Carmen Cortez\/Dircom.<\/p>\n","protected":false},"excerpt":{"rendered":"<p>En el marco del D\u00eda Internacional de Libro, que se celebra el 23 de abril de cada a\u00f1o, la Biblioteca de la Universidad de las Artes dio inicio a la V edici\u00f3n de Lanfor Abierta, evento hito que durante 4 d\u00edas ofrecer\u00e1 lanzamientos de obras, intercambios de libros, lecturas, charlas y una jornada bibliotecol\u00f3gica. Su primera actividad fue la presentaci\u00f3n de libro impreso en tinta y braille, del artista e investigador Eduardo Arriaga Burgos (&#8220;Lalinchi&#8221;). <\/p>\n","protected":false},"author":10,"featured_media":89536,"comment_status":"open","ping_status":"open","sticky":false,"template":"","format":"standard","meta":{"_acf_changed":false,"_uag_custom_page_level_css":"","_monsterinsights_skip_tracking":false,"_monsterinsights_sitenote_active":false,"_monsterinsights_sitenote_note":"","_monsterinsights_sitenote_category":0,"cybocfi_hide_featured_image":"","footnotes":""},"categories":[80,82,83],"tags":[41],"infouartes":[],"class_list":["post-89532","post","type-post","status-publish","format-standard","has-post-thumbnail","hentry","category-academico","category-artes","category-sedes","tag-biblioteca"],"acf":[],"yoast_head":"<!-- This site is optimized with the Yoast SEO plugin v27.4 - https:\/\/yoast.com\/product\/yoast-seo-wordpress\/ -->\n<title>Universidad de las Artes - Presentaci\u00f3n de libro impreso en tinta y braille que apunta a la accesibilidad museogr\u00e1fica inici\u00f3 la V Lanfor Abierta<\/title>\n<meta name=\"description\" content=\"Universidad de las Artes - Presentaci\u00f3n de libro impreso en tinta y braille que apunta a la accesibilidad museogr\u00e1fica inici\u00f3 la V Lanfor Abierta\" \/>\n<meta name=\"robots\" content=\"index, follow, max-snippet:-1, max-image-preview:large, max-video-preview:-1\" \/>\n<link rel=\"canonical\" href=\"https:\/\/www.uartes.edu.ec\/sitio\/blog\/2026\/04\/22\/presentacion-de-libro-impreso-en-tinta-y-braille-que-apunta-a-la-accesibilidad-museografica-inicio-lanfor-abierta\/\" \/>\n<meta property=\"og:locale\" content=\"es_ES\" \/>\n<meta property=\"og:type\" content=\"article\" \/>\n<meta property=\"og:title\" content=\"Universidad de las Artes - Presentaci\u00f3n de libro impreso en tinta y braille que apunta a la accesibilidad museogr\u00e1fica inici\u00f3 la V Lanfor Abierta\" \/>\n<meta property=\"og:description\" content=\"Universidad de las Artes - Presentaci\u00f3n de libro impreso en tinta y braille que apunta a la accesibilidad museogr\u00e1fica inici\u00f3 la V Lanfor Abierta\" \/>\n<meta property=\"og:url\" content=\"https:\/\/www.uartes.edu.ec\/sitio\/blog\/2026\/04\/22\/presentacion-de-libro-impreso-en-tinta-y-braille-que-apunta-a-la-accesibilidad-museografica-inicio-lanfor-abierta\/\" \/>\n<meta property=\"og:site_name\" content=\"Universidad de las Artes\" \/>\n<meta property=\"article:publisher\" content=\"https:\/\/www.facebook.com\/uartesec\" \/>\n<meta property=\"article:published_time\" content=\"2026-04-23T01:15:00+00:00\" \/>\n<meta property=\"article:modified_time\" content=\"2026-04-23T18:36:21+00:00\" \/>\n<meta property=\"og:image\" content=\"https:\/\/www.uartes.edu.ec\/sitio\/wp-content\/uploads\/2026\/04\/Proyecto-Cambiar-tamano-de-imagen-2026-04-22T202150.813.jpeg\" \/>\n\t<meta property=\"og:image:width\" content=\"2000\" \/>\n\t<meta property=\"og:image:height\" content=\"1333\" \/>\n\t<meta property=\"og:image:type\" content=\"image\/jpeg\" \/>\n<meta name=\"author\" content=\"ccortez\" \/>\n<meta name=\"twitter:card\" content=\"summary_large_image\" \/>\n<meta name=\"twitter:creator\" content=\"@uartesec\" \/>\n<meta name=\"twitter:site\" content=\"@uartesec\" \/>\n<meta name=\"twitter:label1\" content=\"Escrito por\" \/>\n\t<meta name=\"twitter:data1\" content=\"ccortez\" \/>\n\t<meta name=\"twitter:label2\" content=\"Tiempo de lectura\" \/>\n\t<meta name=\"twitter:data2\" content=\"5 minutos\" \/>\n<script type=\"application\/ld+json\" class=\"yoast-schema-graph\">{\"@context\":\"https:\\\/\\\/schema.org\",\"@graph\":[{\"@type\":\"Article\",\"@id\":\"https:\\\/\\\/www.uartes.edu.ec\\\/sitio\\\/blog\\\/2026\\\/04\\\/22\\\/presentacion-de-libro-impreso-en-tinta-y-braille-que-apunta-a-la-accesibilidad-museografica-inicio-lanfor-abierta\\\/#article\",\"isPartOf\":{\"@id\":\"https:\\\/\\\/www.uartes.edu.ec\\\/sitio\\\/blog\\\/2026\\\/04\\\/22\\\/presentacion-de-libro-impreso-en-tinta-y-braille-que-apunta-a-la-accesibilidad-museografica-inicio-lanfor-abierta\\\/\"},\"author\":{\"name\":\"ccortez\",\"@id\":\"https:\\\/\\\/www.uartes.edu.ec\\\/sitio\\\/#\\\/schema\\\/person\\\/efa1b8275797664fd7f13a79ccc0b1f4\"},\"headline\":\"Presentaci\u00f3n de libro impreso en tinta y braille que apunta a la accesibilidad museogr\u00e1fica inici\u00f3 la V Lanfor Abierta\",\"datePublished\":\"2026-04-23T01:15:00+00:00\",\"dateModified\":\"2026-04-23T18:36:21+00:00\",\"mainEntityOfPage\":{\"@id\":\"https:\\\/\\\/www.uartes.edu.ec\\\/sitio\\\/blog\\\/2026\\\/04\\\/22\\\/presentacion-de-libro-impreso-en-tinta-y-braille-que-apunta-a-la-accesibilidad-museografica-inicio-lanfor-abierta\\\/\"},\"wordCount\":878,\"commentCount\":0,\"publisher\":{\"@id\":\"https:\\\/\\\/www.uartes.edu.ec\\\/sitio\\\/#organization\"},\"image\":{\"@id\":\"https:\\\/\\\/www.uartes.edu.ec\\\/sitio\\\/blog\\\/2026\\\/04\\\/22\\\/presentacion-de-libro-impreso-en-tinta-y-braille-que-apunta-a-la-accesibilidad-museografica-inicio-lanfor-abierta\\\/#primaryimage\"},\"thumbnailUrl\":\"https:\\\/\\\/www.uartes.edu.ec\\\/sitio\\\/wp-content\\\/uploads\\\/2026\\\/04\\\/Proyecto-Cambiar-tamano-de-imagen-2026-04-22T202150.813.jpeg\",\"keywords\":[\"biblioteca\"],\"articleSection\":[\"Acad\u00e9mico\",\"Artes\",\"Sedes\"],\"inLanguage\":\"es\",\"potentialAction\":[{\"@type\":\"CommentAction\",\"name\":\"Comment\",\"target\":[\"https:\\\/\\\/www.uartes.edu.ec\\\/sitio\\\/blog\\\/2026\\\/04\\\/22\\\/presentacion-de-libro-impreso-en-tinta-y-braille-que-apunta-a-la-accesibilidad-museografica-inicio-lanfor-abierta\\\/#respond\"]}]},{\"@type\":[\"WebPage\",\"ItemPage\"],\"@id\":\"https:\\\/\\\/www.uartes.edu.ec\\\/sitio\\\/blog\\\/2026\\\/04\\\/22\\\/presentacion-de-libro-impreso-en-tinta-y-braille-que-apunta-a-la-accesibilidad-museografica-inicio-lanfor-abierta\\\/\",\"url\":\"https:\\\/\\\/www.uartes.edu.ec\\\/sitio\\\/blog\\\/2026\\\/04\\\/22\\\/presentacion-de-libro-impreso-en-tinta-y-braille-que-apunta-a-la-accesibilidad-museografica-inicio-lanfor-abierta\\\/\",\"name\":\"Universidad de las Artes - Presentaci\u00f3n de libro impreso en tinta y braille que apunta a la accesibilidad museogr\u00e1fica inici\u00f3 la V Lanfor Abierta\",\"isPartOf\":{\"@id\":\"https:\\\/\\\/www.uartes.edu.ec\\\/sitio\\\/#website\"},\"primaryImageOfPage\":{\"@id\":\"https:\\\/\\\/www.uartes.edu.ec\\\/sitio\\\/blog\\\/2026\\\/04\\\/22\\\/presentacion-de-libro-impreso-en-tinta-y-braille-que-apunta-a-la-accesibilidad-museografica-inicio-lanfor-abierta\\\/#primaryimage\"},\"image\":{\"@id\":\"https:\\\/\\\/www.uartes.edu.ec\\\/sitio\\\/blog\\\/2026\\\/04\\\/22\\\/presentacion-de-libro-impreso-en-tinta-y-braille-que-apunta-a-la-accesibilidad-museografica-inicio-lanfor-abierta\\\/#primaryimage\"},\"thumbnailUrl\":\"https:\\\/\\\/www.uartes.edu.ec\\\/sitio\\\/wp-content\\\/uploads\\\/2026\\\/04\\\/Proyecto-Cambiar-tamano-de-imagen-2026-04-22T202150.813.jpeg\",\"datePublished\":\"2026-04-23T01:15:00+00:00\",\"dateModified\":\"2026-04-23T18:36:21+00:00\",\"description\":\"Universidad de las Artes - Presentaci\u00f3n de libro impreso en tinta y braille que apunta a la accesibilidad museogr\u00e1fica inici\u00f3 la V Lanfor Abierta\",\"breadcrumb\":{\"@id\":\"https:\\\/\\\/www.uartes.edu.ec\\\/sitio\\\/blog\\\/2026\\\/04\\\/22\\\/presentacion-de-libro-impreso-en-tinta-y-braille-que-apunta-a-la-accesibilidad-museografica-inicio-lanfor-abierta\\\/#breadcrumb\"},\"inLanguage\":\"es\",\"potentialAction\":[{\"@type\":\"ReadAction\",\"target\":[\"https:\\\/\\\/www.uartes.edu.ec\\\/sitio\\\/blog\\\/2026\\\/04\\\/22\\\/presentacion-de-libro-impreso-en-tinta-y-braille-que-apunta-a-la-accesibilidad-museografica-inicio-lanfor-abierta\\\/\"]}]},{\"@type\":\"ImageObject\",\"inLanguage\":\"es\",\"@id\":\"https:\\\/\\\/www.uartes.edu.ec\\\/sitio\\\/blog\\\/2026\\\/04\\\/22\\\/presentacion-de-libro-impreso-en-tinta-y-braille-que-apunta-a-la-accesibilidad-museografica-inicio-lanfor-abierta\\\/#primaryimage\",\"url\":\"https:\\\/\\\/www.uartes.edu.ec\\\/sitio\\\/wp-content\\\/uploads\\\/2026\\\/04\\\/Proyecto-Cambiar-tamano-de-imagen-2026-04-22T202150.813.jpeg\",\"contentUrl\":\"https:\\\/\\\/www.uartes.edu.ec\\\/sitio\\\/wp-content\\\/uploads\\\/2026\\\/04\\\/Proyecto-Cambiar-tamano-de-imagen-2026-04-22T202150.813.jpeg\",\"width\":2000,\"height\":1333},{\"@type\":\"BreadcrumbList\",\"@id\":\"https:\\\/\\\/www.uartes.edu.ec\\\/sitio\\\/blog\\\/2026\\\/04\\\/22\\\/presentacion-de-libro-impreso-en-tinta-y-braille-que-apunta-a-la-accesibilidad-museografica-inicio-lanfor-abierta\\\/#breadcrumb\",\"itemListElement\":[{\"@type\":\"ListItem\",\"position\":1,\"name\":\"Inicio\",\"item\":\"https:\\\/\\\/www.uartes.edu.ec\\\/sitio\\\/\"},{\"@type\":\"ListItem\",\"position\":2,\"name\":\"Presentaci\u00f3n de libro impreso en tinta y braille que apunta a la accesibilidad museogr\u00e1fica inici\u00f3 la V Lanfor Abierta\"}]},{\"@type\":\"WebSite\",\"@id\":\"https:\\\/\\\/www.uartes.edu.ec\\\/sitio\\\/#website\",\"url\":\"https:\\\/\\\/www.uartes.edu.ec\\\/sitio\\\/\",\"name\":\"Universidad de las Artes\",\"description\":\"Sitio oficial de la Universidad Nacional de las Artes del Ecuador\",\"publisher\":{\"@id\":\"https:\\\/\\\/www.uartes.edu.ec\\\/sitio\\\/#organization\"},\"potentialAction\":[{\"@type\":\"SearchAction\",\"target\":{\"@type\":\"EntryPoint\",\"urlTemplate\":\"https:\\\/\\\/www.uartes.edu.ec\\\/sitio\\\/?s={search_term_string}\"},\"query-input\":{\"@type\":\"PropertyValueSpecification\",\"valueRequired\":true,\"valueName\":\"search_term_string\"}}],\"inLanguage\":\"es\"},{\"@type\":\"Organization\",\"@id\":\"https:\\\/\\\/www.uartes.edu.ec\\\/sitio\\\/#organization\",\"name\":\"Universidad de las Artes\",\"url\":\"https:\\\/\\\/www.uartes.edu.ec\\\/sitio\\\/\",\"logo\":{\"@type\":\"ImageObject\",\"inLanguage\":\"es\",\"@id\":\"https:\\\/\\\/www.uartes.edu.ec\\\/sitio\\\/#\\\/schema\\\/logo\\\/image\\\/\",\"url\":\"https:\\\/\\\/www.uartes.edu.ec\\\/sitio\\\/wp-content\\\/uploads\\\/2022\\\/07\\\/logo-ua-horizontal.png\",\"contentUrl\":\"https:\\\/\\\/www.uartes.edu.ec\\\/sitio\\\/wp-content\\\/uploads\\\/2022\\\/07\\\/logo-ua-horizontal.png\",\"width\":800,\"height\":276,\"caption\":\"Universidad de las Artes\"},\"image\":{\"@id\":\"https:\\\/\\\/www.uartes.edu.ec\\\/sitio\\\/#\\\/schema\\\/logo\\\/image\\\/\"},\"sameAs\":[\"https:\\\/\\\/www.facebook.com\\\/uartesec\",\"https:\\\/\\\/x.com\\\/uartesec\",\"https:\\\/\\\/www.tiktok.com\\\/@uartesec\"]},{\"@type\":\"Person\",\"@id\":\"https:\\\/\\\/www.uartes.edu.ec\\\/sitio\\\/#\\\/schema\\\/person\\\/efa1b8275797664fd7f13a79ccc0b1f4\",\"name\":\"ccortez\",\"image\":{\"@type\":\"ImageObject\",\"inLanguage\":\"es\",\"@id\":\"https:\\\/\\\/secure.gravatar.com\\\/avatar\\\/b2a6f664a3ae8e074346ef91775736c5ec479e637ecced6842de9dc98b5da9cd?s=96&d=mm&r=g\",\"url\":\"https:\\\/\\\/secure.gravatar.com\\\/avatar\\\/b2a6f664a3ae8e074346ef91775736c5ec479e637ecced6842de9dc98b5da9cd?s=96&d=mm&r=g\",\"contentUrl\":\"https:\\\/\\\/secure.gravatar.com\\\/avatar\\\/b2a6f664a3ae8e074346ef91775736c5ec479e637ecced6842de9dc98b5da9cd?s=96&d=mm&r=g\",\"caption\":\"ccortez\"},\"url\":\"https:\\\/\\\/www.uartes.edu.ec\\\/sitio\\\/blog\\\/author\\\/ccortez\\\/\"}]}<\/script>\n<!-- \/ Yoast SEO plugin. -->","yoast_head_json":{"title":"Universidad de las Artes - Presentaci\u00f3n de libro impreso en tinta y braille que apunta a la accesibilidad museogr\u00e1fica inici\u00f3 la V Lanfor Abierta","description":"Universidad de las Artes - Presentaci\u00f3n de libro impreso en tinta y braille que apunta a la accesibilidad museogr\u00e1fica inici\u00f3 la V Lanfor Abierta","robots":{"index":"index","follow":"follow","max-snippet":"max-snippet:-1","max-image-preview":"max-image-preview:large","max-video-preview":"max-video-preview:-1"},"canonical":"https:\/\/www.uartes.edu.ec\/sitio\/blog\/2026\/04\/22\/presentacion-de-libro-impreso-en-tinta-y-braille-que-apunta-a-la-accesibilidad-museografica-inicio-lanfor-abierta\/","og_locale":"es_ES","og_type":"article","og_title":"Universidad de las Artes - Presentaci\u00f3n de libro impreso en tinta y braille que apunta a la accesibilidad museogr\u00e1fica inici\u00f3 la V Lanfor Abierta","og_description":"Universidad de las Artes - Presentaci\u00f3n de libro impreso en tinta y braille que apunta a la accesibilidad museogr\u00e1fica inici\u00f3 la V Lanfor Abierta","og_url":"https:\/\/www.uartes.edu.ec\/sitio\/blog\/2026\/04\/22\/presentacion-de-libro-impreso-en-tinta-y-braille-que-apunta-a-la-accesibilidad-museografica-inicio-lanfor-abierta\/","og_site_name":"Universidad de las Artes","article_publisher":"https:\/\/www.facebook.com\/uartesec","article_published_time":"2026-04-23T01:15:00+00:00","article_modified_time":"2026-04-23T18:36:21+00:00","og_image":[{"width":2000,"height":1333,"url":"https:\/\/www.uartes.edu.ec\/sitio\/wp-content\/uploads\/2026\/04\/Proyecto-Cambiar-tamano-de-imagen-2026-04-22T202150.813.jpeg","type":"image\/jpeg"}],"author":"ccortez","twitter_card":"summary_large_image","twitter_creator":"@uartesec","twitter_site":"@uartesec","twitter_misc":{"Escrito por":"ccortez","Tiempo de lectura":"5 minutos"},"schema":{"@context":"https:\/\/schema.org","@graph":[{"@type":"Article","@id":"https:\/\/www.uartes.edu.ec\/sitio\/blog\/2026\/04\/22\/presentacion-de-libro-impreso-en-tinta-y-braille-que-apunta-a-la-accesibilidad-museografica-inicio-lanfor-abierta\/#article","isPartOf":{"@id":"https:\/\/www.uartes.edu.ec\/sitio\/blog\/2026\/04\/22\/presentacion-de-libro-impreso-en-tinta-y-braille-que-apunta-a-la-accesibilidad-museografica-inicio-lanfor-abierta\/"},"author":{"name":"ccortez","@id":"https:\/\/www.uartes.edu.ec\/sitio\/#\/schema\/person\/efa1b8275797664fd7f13a79ccc0b1f4"},"headline":"Presentaci\u00f3n de libro impreso en tinta y braille que apunta a la accesibilidad museogr\u00e1fica inici\u00f3 la V Lanfor Abierta","datePublished":"2026-04-23T01:15:00+00:00","dateModified":"2026-04-23T18:36:21+00:00","mainEntityOfPage":{"@id":"https:\/\/www.uartes.edu.ec\/sitio\/blog\/2026\/04\/22\/presentacion-de-libro-impreso-en-tinta-y-braille-que-apunta-a-la-accesibilidad-museografica-inicio-lanfor-abierta\/"},"wordCount":878,"commentCount":0,"publisher":{"@id":"https:\/\/www.uartes.edu.ec\/sitio\/#organization"},"image":{"@id":"https:\/\/www.uartes.edu.ec\/sitio\/blog\/2026\/04\/22\/presentacion-de-libro-impreso-en-tinta-y-braille-que-apunta-a-la-accesibilidad-museografica-inicio-lanfor-abierta\/#primaryimage"},"thumbnailUrl":"https:\/\/www.uartes.edu.ec\/sitio\/wp-content\/uploads\/2026\/04\/Proyecto-Cambiar-tamano-de-imagen-2026-04-22T202150.813.jpeg","keywords":["biblioteca"],"articleSection":["Acad\u00e9mico","Artes","Sedes"],"inLanguage":"es","potentialAction":[{"@type":"CommentAction","name":"Comment","target":["https:\/\/www.uartes.edu.ec\/sitio\/blog\/2026\/04\/22\/presentacion-de-libro-impreso-en-tinta-y-braille-que-apunta-a-la-accesibilidad-museografica-inicio-lanfor-abierta\/#respond"]}]},{"@type":["WebPage","ItemPage"],"@id":"https:\/\/www.uartes.edu.ec\/sitio\/blog\/2026\/04\/22\/presentacion-de-libro-impreso-en-tinta-y-braille-que-apunta-a-la-accesibilidad-museografica-inicio-lanfor-abierta\/","url":"https:\/\/www.uartes.edu.ec\/sitio\/blog\/2026\/04\/22\/presentacion-de-libro-impreso-en-tinta-y-braille-que-apunta-a-la-accesibilidad-museografica-inicio-lanfor-abierta\/","name":"Universidad de las Artes - Presentaci\u00f3n de libro impreso en tinta y braille que apunta a la accesibilidad museogr\u00e1fica inici\u00f3 la V Lanfor Abierta","isPartOf":{"@id":"https:\/\/www.uartes.edu.ec\/sitio\/#website"},"primaryImageOfPage":{"@id":"https:\/\/www.uartes.edu.ec\/sitio\/blog\/2026\/04\/22\/presentacion-de-libro-impreso-en-tinta-y-braille-que-apunta-a-la-accesibilidad-museografica-inicio-lanfor-abierta\/#primaryimage"},"image":{"@id":"https:\/\/www.uartes.edu.ec\/sitio\/blog\/2026\/04\/22\/presentacion-de-libro-impreso-en-tinta-y-braille-que-apunta-a-la-accesibilidad-museografica-inicio-lanfor-abierta\/#primaryimage"},"thumbnailUrl":"https:\/\/www.uartes.edu.ec\/sitio\/wp-content\/uploads\/2026\/04\/Proyecto-Cambiar-tamano-de-imagen-2026-04-22T202150.813.jpeg","datePublished":"2026-04-23T01:15:00+00:00","dateModified":"2026-04-23T18:36:21+00:00","description":"Universidad de las Artes - Presentaci\u00f3n de libro impreso en tinta y braille que apunta a la accesibilidad museogr\u00e1fica inici\u00f3 la V Lanfor Abierta","breadcrumb":{"@id":"https:\/\/www.uartes.edu.ec\/sitio\/blog\/2026\/04\/22\/presentacion-de-libro-impreso-en-tinta-y-braille-que-apunta-a-la-accesibilidad-museografica-inicio-lanfor-abierta\/#breadcrumb"},"inLanguage":"es","potentialAction":[{"@type":"ReadAction","target":["https:\/\/www.uartes.edu.ec\/sitio\/blog\/2026\/04\/22\/presentacion-de-libro-impreso-en-tinta-y-braille-que-apunta-a-la-accesibilidad-museografica-inicio-lanfor-abierta\/"]}]},{"@type":"ImageObject","inLanguage":"es","@id":"https:\/\/www.uartes.edu.ec\/sitio\/blog\/2026\/04\/22\/presentacion-de-libro-impreso-en-tinta-y-braille-que-apunta-a-la-accesibilidad-museografica-inicio-lanfor-abierta\/#primaryimage","url":"https:\/\/www.uartes.edu.ec\/sitio\/wp-content\/uploads\/2026\/04\/Proyecto-Cambiar-tamano-de-imagen-2026-04-22T202150.813.jpeg","contentUrl":"https:\/\/www.uartes.edu.ec\/sitio\/wp-content\/uploads\/2026\/04\/Proyecto-Cambiar-tamano-de-imagen-2026-04-22T202150.813.jpeg","width":2000,"height":1333},{"@type":"BreadcrumbList","@id":"https:\/\/www.uartes.edu.ec\/sitio\/blog\/2026\/04\/22\/presentacion-de-libro-impreso-en-tinta-y-braille-que-apunta-a-la-accesibilidad-museografica-inicio-lanfor-abierta\/#breadcrumb","itemListElement":[{"@type":"ListItem","position":1,"name":"Inicio","item":"https:\/\/www.uartes.edu.ec\/sitio\/"},{"@type":"ListItem","position":2,"name":"Presentaci\u00f3n de libro impreso en tinta y braille que apunta a la accesibilidad museogr\u00e1fica inici\u00f3 la V Lanfor Abierta"}]},{"@type":"WebSite","@id":"https:\/\/www.uartes.edu.ec\/sitio\/#website","url":"https:\/\/www.uartes.edu.ec\/sitio\/","name":"Universidad de las Artes","description":"Sitio oficial de la Universidad Nacional de las Artes del Ecuador","publisher":{"@id":"https:\/\/www.uartes.edu.ec\/sitio\/#organization"},"potentialAction":[{"@type":"SearchAction","target":{"@type":"EntryPoint","urlTemplate":"https:\/\/www.uartes.edu.ec\/sitio\/?s={search_term_string}"},"query-input":{"@type":"PropertyValueSpecification","valueRequired":true,"valueName":"search_term_string"}}],"inLanguage":"es"},{"@type":"Organization","@id":"https:\/\/www.uartes.edu.ec\/sitio\/#organization","name":"Universidad de las Artes","url":"https:\/\/www.uartes.edu.ec\/sitio\/","logo":{"@type":"ImageObject","inLanguage":"es","@id":"https:\/\/www.uartes.edu.ec\/sitio\/#\/schema\/logo\/image\/","url":"https:\/\/www.uartes.edu.ec\/sitio\/wp-content\/uploads\/2022\/07\/logo-ua-horizontal.png","contentUrl":"https:\/\/www.uartes.edu.ec\/sitio\/wp-content\/uploads\/2022\/07\/logo-ua-horizontal.png","width":800,"height":276,"caption":"Universidad de las Artes"},"image":{"@id":"https:\/\/www.uartes.edu.ec\/sitio\/#\/schema\/logo\/image\/"},"sameAs":["https:\/\/www.facebook.com\/uartesec","https:\/\/x.com\/uartesec","https:\/\/www.tiktok.com\/@uartesec"]},{"@type":"Person","@id":"https:\/\/www.uartes.edu.ec\/sitio\/#\/schema\/person\/efa1b8275797664fd7f13a79ccc0b1f4","name":"ccortez","image":{"@type":"ImageObject","inLanguage":"es","@id":"https:\/\/secure.gravatar.com\/avatar\/b2a6f664a3ae8e074346ef91775736c5ec479e637ecced6842de9dc98b5da9cd?s=96&d=mm&r=g","url":"https:\/\/secure.gravatar.com\/avatar\/b2a6f664a3ae8e074346ef91775736c5ec479e637ecced6842de9dc98b5da9cd?s=96&d=mm&r=g","contentUrl":"https:\/\/secure.gravatar.com\/avatar\/b2a6f664a3ae8e074346ef91775736c5ec479e637ecced6842de9dc98b5da9cd?s=96&d=mm&r=g","caption":"ccortez"},"url":"https:\/\/www.uartes.edu.ec\/sitio\/blog\/author\/ccortez\/"}]}},"uagb_featured_image_src":{"full":["https:\/\/www.uartes.edu.ec\/sitio\/wp-content\/uploads\/2026\/04\/Proyecto-Cambiar-tamano-de-imagen-2026-04-22T202150.813.jpeg",2000,1333,false],"thumbnail":["https:\/\/www.uartes.edu.ec\/sitio\/wp-content\/uploads\/2026\/04\/Proyecto-Cambiar-tamano-de-imagen-2026-04-22T202150.813-150x150.jpeg",150,150,true],"medium":["https:\/\/www.uartes.edu.ec\/sitio\/wp-content\/uploads\/2026\/04\/Proyecto-Cambiar-tamano-de-imagen-2026-04-22T202150.813-300x200.jpeg",300,200,true],"medium_large":["https:\/\/www.uartes.edu.ec\/sitio\/wp-content\/uploads\/2026\/04\/Proyecto-Cambiar-tamano-de-imagen-2026-04-22T202150.813-768x512.jpeg",768,512,true],"large":["https:\/\/www.uartes.edu.ec\/sitio\/wp-content\/uploads\/2026\/04\/Proyecto-Cambiar-tamano-de-imagen-2026-04-22T202150.813-644x429.jpeg",644,429,true],"1536x1536":["https:\/\/www.uartes.edu.ec\/sitio\/wp-content\/uploads\/2026\/04\/Proyecto-Cambiar-tamano-de-imagen-2026-04-22T202150.813-1536x1024.jpeg",1536,1024,true],"2048x2048":["https:\/\/www.uartes.edu.ec\/sitio\/wp-content\/uploads\/2026\/04\/Proyecto-Cambiar-tamano-de-imagen-2026-04-22T202150.813.jpeg",2000,1333,false],"trp-custom-language-flag":["https:\/\/www.uartes.edu.ec\/sitio\/wp-content\/uploads\/2026\/04\/Proyecto-Cambiar-tamano-de-imagen-2026-04-22T202150.813-18x12.jpeg",18,12,true],"htmega_size_585x295":["https:\/\/www.uartes.edu.ec\/sitio\/wp-content\/uploads\/2026\/04\/Proyecto-Cambiar-tamano-de-imagen-2026-04-22T202150.813-585x295.jpeg",585,295,true],"htmega_size_1170x536":["https:\/\/www.uartes.edu.ec\/sitio\/wp-content\/uploads\/2026\/04\/Proyecto-Cambiar-tamano-de-imagen-2026-04-22T202150.813-1170x536.jpeg",1170,536,true],"htmega_size_396x360":["https:\/\/www.uartes.edu.ec\/sitio\/wp-content\/uploads\/2026\/04\/Proyecto-Cambiar-tamano-de-imagen-2026-04-22T202150.813-396x360.jpeg",396,360,true],"gb-block-post-grid-landscape":["https:\/\/www.uartes.edu.ec\/sitio\/wp-content\/uploads\/2026\/04\/Proyecto-Cambiar-tamano-de-imagen-2026-04-22T202150.813-600x400.jpeg",600,400,true],"gb-block-post-grid-square":["https:\/\/www.uartes.edu.ec\/sitio\/wp-content\/uploads\/2026\/04\/Proyecto-Cambiar-tamano-de-imagen-2026-04-22T202150.813-600x600.jpeg",600,600,true],"university-hub-thumb":["https:\/\/www.uartes.edu.ec\/sitio\/wp-content\/uploads\/2026\/04\/Proyecto-Cambiar-tamano-de-imagen-2026-04-22T202150.813-400x267.jpeg",400,267,true],"mailpoet_newsletter_max":["https:\/\/www.uartes.edu.ec\/sitio\/wp-content\/uploads\/2026\/04\/Proyecto-Cambiar-tamano-de-imagen-2026-04-22T202150.813-1320x880.jpeg",1320,880,true]},"uagb_author_info":{"display_name":"ccortez","author_link":"https:\/\/www.uartes.edu.ec\/sitio\/blog\/author\/ccortez\/"},"uagb_comment_info":0,"uagb_excerpt":"En el marco del D\u00eda Internacional de Libro, que se celebra el 23 de abril de cada a\u00f1o, la Biblioteca de la Universidad de las Artes dio inicio a la V edici\u00f3n de Lanfor Abierta, evento hito que durante 4 d\u00edas ofrecer\u00e1 lanzamientos de obras, intercambios de libros, lecturas, charlas y una jornada bibliotecol\u00f3gica. Su&hellip;","featured_image_src":"https:\/\/www.uartes.edu.ec\/sitio\/wp-content\/uploads\/2026\/04\/Proyecto-Cambiar-tamano-de-imagen-2026-04-22T202150.813-600x400.jpeg","featured_image_src_square":"https:\/\/www.uartes.edu.ec\/sitio\/wp-content\/uploads\/2026\/04\/Proyecto-Cambiar-tamano-de-imagen-2026-04-22T202150.813-600x600.jpeg","author_info":{"display_name":"ccortez","author_link":"https:\/\/www.uartes.edu.ec\/sitio\/blog\/author\/ccortez\/"},"publishpress_future_workflow_manual_trigger":{"enabledWorkflows":[]},"distributor_meta":false,"distributor_terms":false,"distributor_media":false,"distributor_original_site_name":"Universidad de las Artes","distributor_original_site_url":"https:\/\/www.uartes.edu.ec\/sitio","push-errors":false,"_links":{"self":[{"href":"https:\/\/www.uartes.edu.ec\/sitio\/wp-json\/wp\/v2\/posts\/89532","targetHints":{"allow":["GET"]}}],"collection":[{"href":"https:\/\/www.uartes.edu.ec\/sitio\/wp-json\/wp\/v2\/posts"}],"about":[{"href":"https:\/\/www.uartes.edu.ec\/sitio\/wp-json\/wp\/v2\/types\/post"}],"author":[{"embeddable":true,"href":"https:\/\/www.uartes.edu.ec\/sitio\/wp-json\/wp\/v2\/users\/10"}],"replies":[{"embeddable":true,"href":"https:\/\/www.uartes.edu.ec\/sitio\/wp-json\/wp\/v2\/comments?post=89532"}],"version-history":[{"count":7,"href":"https:\/\/www.uartes.edu.ec\/sitio\/wp-json\/wp\/v2\/posts\/89532\/revisions"}],"predecessor-version":[{"id":89573,"href":"https:\/\/www.uartes.edu.ec\/sitio\/wp-json\/wp\/v2\/posts\/89532\/revisions\/89573"}],"wp:featuredmedia":[{"embeddable":true,"href":"https:\/\/www.uartes.edu.ec\/sitio\/wp-json\/wp\/v2\/media\/89536"}],"wp:attachment":[{"href":"https:\/\/www.uartes.edu.ec\/sitio\/wp-json\/wp\/v2\/media?parent=89532"}],"wp:term":[{"taxonomy":"category","embeddable":true,"href":"https:\/\/www.uartes.edu.ec\/sitio\/wp-json\/wp\/v2\/categories?post=89532"},{"taxonomy":"post_tag","embeddable":true,"href":"https:\/\/www.uartes.edu.ec\/sitio\/wp-json\/wp\/v2\/tags?post=89532"},{"taxonomy":"infouartes","embeddable":true,"href":"https:\/\/www.uartes.edu.ec\/sitio\/wp-json\/wp\/v2\/infouartes?post=89532"}],"curies":[{"name":"wp","href":"https:\/\/api.w.org\/{rel}","templated":true}]}}