{"id":89620,"date":"2026-04-23T20:07:52","date_gmt":"2026-04-24T01:07:52","guid":{"rendered":"https:\/\/www.uartes.edu.ec\/sitio\/?p=89620"},"modified":"2026-04-23T20:19:09","modified_gmt":"2026-04-24T01:19:09","slug":"el-intercambio-de-libros-de-lanfor-abierta-tambien-llego-a-su-v-edicion-en-la-biblioteca-de-las-artes-hasta-este-25-de-abril","status":"publish","type":"post","link":"https:\/\/www.uartes.edu.ec\/sitio\/blog\/2026\/04\/23\/el-intercambio-de-libros-de-lanfor-abierta-tambien-llego-a-su-v-edicion-en-la-biblioteca-de-las-artes-hasta-este-25-de-abril\/","title":{"rendered":"El intercambio de libros de Lanfor Abierta tambi\u00e9n lleg\u00f3 a su V edici\u00f3n; en la Biblioteca de las Artes hasta este s\u00e1bado"},"content":{"rendered":"\n<p>El intercambio de libros, convertido en una cita imperdible para quienes gustan de la lectura y est\u00e1n dispuestos a compartir obras en buen estado y buscar aquellas que llamen su atenci\u00f3n e incluso estaban necesitando, fue una de las primeras actividades que dio inicio ayer, mi\u00e9rcoles 22 de abril, a los cuatro d\u00edas de la V edici\u00f3n de Lanfor Abierta.<\/p>\n\n\n\n<p>La cita, organizada por la Biblioteca de las Artes para celebrar el D\u00eda Internacional del Libro, se desarrollar\u00e1 hasta este s\u00e1bado 25 y junto con el intercambio de libros ofrecer\u00e1 lanzamientos de obras, lecturas, charlas y una jornada bibliotecol\u00f3gica.&nbsp; &nbsp;<\/p>\n\n\n\n<p>En el primer piso del repositorio de la Universidad de las Artes, Laura Orozco, estudiante del octavo semestre en la carrera de Literatura, recib\u00eda a docentes, estudiantes y administrativos de la comunidad universitaria, as\u00ed como al p\u00fablico en general que quer\u00edan ver las obras que pod\u00eda conseguir si llevaba alguna publicaci\u00f3n que ya hab\u00eda consumido. Unos ya conoc\u00edan el proceso del trueque, otros buscaban informarse, pero todos coincidieron en felicitar la iniciativa y ponderaron que Lanfor Abierta lleve ya cinco a\u00f1os de vigencia.<\/p>\n\n\n<div class=\"wp-block-image\">\n<figure class=\"aligncenter size-large\"><img fetchpriority=\"high\" decoding=\"async\" width=\"644\" height=\"429\" src=\"https:\/\/www.uartes.edu.ec\/sitio\/wp-content\/uploads\/2026\/04\/Proyecto-Cambiar-tamano-de-imagen-2026-04-23T153110.777-644x429.jpeg\" alt=\"\" class=\"wp-image-89623\" srcset=\"https:\/\/www.uartes.edu.ec\/sitio\/wp-content\/uploads\/2026\/04\/Proyecto-Cambiar-tamano-de-imagen-2026-04-23T153110.777-644x429.jpeg 644w, https:\/\/www.uartes.edu.ec\/sitio\/wp-content\/uploads\/2026\/04\/Proyecto-Cambiar-tamano-de-imagen-2026-04-23T153110.777-300x200.jpeg 300w, https:\/\/www.uartes.edu.ec\/sitio\/wp-content\/uploads\/2026\/04\/Proyecto-Cambiar-tamano-de-imagen-2026-04-23T153110.777-768x512.jpeg 768w, https:\/\/www.uartes.edu.ec\/sitio\/wp-content\/uploads\/2026\/04\/Proyecto-Cambiar-tamano-de-imagen-2026-04-23T153110.777-1536x1024.jpeg 1536w, https:\/\/www.uartes.edu.ec\/sitio\/wp-content\/uploads\/2026\/04\/Proyecto-Cambiar-tamano-de-imagen-2026-04-23T153110.777-18x12.jpeg 18w, https:\/\/www.uartes.edu.ec\/sitio\/wp-content\/uploads\/2026\/04\/Proyecto-Cambiar-tamano-de-imagen-2026-04-23T153110.777-600x400.jpeg 600w, https:\/\/www.uartes.edu.ec\/sitio\/wp-content\/uploads\/2026\/04\/Proyecto-Cambiar-tamano-de-imagen-2026-04-23T153110.777-400x267.jpeg 400w, https:\/\/www.uartes.edu.ec\/sitio\/wp-content\/uploads\/2026\/04\/Proyecto-Cambiar-tamano-de-imagen-2026-04-23T153110.777-1320x880.jpeg 1320w, https:\/\/www.uartes.edu.ec\/sitio\/wp-content\/uploads\/2026\/04\/Proyecto-Cambiar-tamano-de-imagen-2026-04-23T153110.777.jpeg 2000w\" sizes=\"(max-width: 644px) 100vw, 644px\" \/><\/figure>\n<\/div>\n\n\n<p>Laura Orozco coment\u00f3 que, en su mayor\u00eda, los usuarios que llegaron para hacer el intercambio buscaban de la Literatura las novelas y dejaban libros por los cuales, confesaron, no ten\u00edan ya mucho inter\u00e9s, hab\u00edan le\u00eddo y cumpl\u00edan el requisito de estar en buen estado.<\/p>\n\n\n\n<p>\u201cHan venido a informarse, a preguntar horario de atenci\u00f3n y hasta cu\u00e1ndo se pod\u00eda realizar el intercambio; otros, ya conocedores del proceso, llegaron con libros y buscaron con detenimiento los de su inter\u00e9s. Hay literatura en ingl\u00e9s y eso entusiasm\u00f3 a muchos, sobre todo a los estudiantes\u201d, indic\u00f3 Orozco.<\/p>\n\n\n\n<p>Cit\u00f3 tambi\u00e9n algunos de los t\u00edtulos de las obras del intercambio. \u201cEntregaron libros como \u2018\u00bfQui\u00e9n es Occidente?\u2019 y se llevaron \u2018La regi\u00f3n m\u00e1s transparente\u2019; \u2018Magia Inteligente\u2019 por \u2018Las mariposas, acentos de amor\u2019; \u2018Ema, los hijos del lino\u2019, por \u2018Sor\u00edn\u2019. Gustan mucho los libros de poemas y de Pedagog\u00eda\u201d.<\/p>\n\n\n<div class=\"wp-block-image\">\n<figure class=\"aligncenter size-large\"><img decoding=\"async\" width=\"644\" height=\"429\" src=\"https:\/\/www.uartes.edu.ec\/sitio\/wp-content\/uploads\/2026\/04\/Proyecto-Cambiar-tamano-de-imagen-2026-04-23T153236.004-644x429.jpeg\" alt=\"\" class=\"wp-image-89624\" srcset=\"https:\/\/www.uartes.edu.ec\/sitio\/wp-content\/uploads\/2026\/04\/Proyecto-Cambiar-tamano-de-imagen-2026-04-23T153236.004-644x429.jpeg 644w, https:\/\/www.uartes.edu.ec\/sitio\/wp-content\/uploads\/2026\/04\/Proyecto-Cambiar-tamano-de-imagen-2026-04-23T153236.004-300x200.jpeg 300w, https:\/\/www.uartes.edu.ec\/sitio\/wp-content\/uploads\/2026\/04\/Proyecto-Cambiar-tamano-de-imagen-2026-04-23T153236.004-768x512.jpeg 768w, https:\/\/www.uartes.edu.ec\/sitio\/wp-content\/uploads\/2026\/04\/Proyecto-Cambiar-tamano-de-imagen-2026-04-23T153236.004-1536x1024.jpeg 1536w, https:\/\/www.uartes.edu.ec\/sitio\/wp-content\/uploads\/2026\/04\/Proyecto-Cambiar-tamano-de-imagen-2026-04-23T153236.004-18x12.jpeg 18w, https:\/\/www.uartes.edu.ec\/sitio\/wp-content\/uploads\/2026\/04\/Proyecto-Cambiar-tamano-de-imagen-2026-04-23T153236.004-600x400.jpeg 600w, https:\/\/www.uartes.edu.ec\/sitio\/wp-content\/uploads\/2026\/04\/Proyecto-Cambiar-tamano-de-imagen-2026-04-23T153236.004-400x267.jpeg 400w, https:\/\/www.uartes.edu.ec\/sitio\/wp-content\/uploads\/2026\/04\/Proyecto-Cambiar-tamano-de-imagen-2026-04-23T153236.004-1320x880.jpeg 1320w, https:\/\/www.uartes.edu.ec\/sitio\/wp-content\/uploads\/2026\/04\/Proyecto-Cambiar-tamano-de-imagen-2026-04-23T153236.004.jpeg 2000w\" sizes=\"(max-width: 644px) 100vw, 644px\" \/><\/figure>\n<\/div>\n\n\n<p>Cabe anotar que Lanfor Abierta se realiza en el marco del D\u00eda Internacional del Libro, que se celebra el 23 de abril de cada a\u00f1o. Las actividades de la propuesta cultural se prolongar\u00e1n hasta este s\u00e1bado 25, d\u00eda en que tambi\u00e9n concluir\u00e1 el intercambio de libros.<\/p>\n\n\n\n<p>Del inicio de Lanfor Abierta y el intercambio de libros, que se dio tras la donaci\u00f3n de obras cuya convocatoria hizo la Biblioteca de las Artes, Soraya Campos, directora de Asuntos Bibliotecarios, expres\u00f3 la profunda alegr\u00eda de abrir los espacios de encuentro que propician la cita y la fecha. Una invitaci\u00f3n, dijo, a reflexionar sobre el valor de la lectura, el acceso al conocimiento y la construcci\u00f3n de comunidad.<\/p>\n\n\n\n<p>\u201cEsta edici\u00f3n de Lanfor Abierta es especialmente significativa porque celebramos cinco a\u00f1os de la iniciativa, tiempo en el que hemos apostado por generar espacios vivos, abiertos y participativos en torno a los libros, la literatura y el arte. Reafirmamos nuestro compromiso como biblioteca, pues no es solo un espacio que resguarda la memoria, sino que tambi\u00e9n la activa, la comparte y la pone en di\u00e1logo con la comunidad\u201d.<\/p>\n\n\n\n<p>Texto y fotos: Carmen Cortez\/Dircom. Constan tambi\u00e9n im\u00e1genes realizadas por Mike Pongillo\/Biblioteca de las Artes.<\/p>\n","protected":false},"excerpt":{"rendered":"<p>El intercambio de libros, una cita imperdible para quienes gustan de la lectura y est\u00e1n dispuestos a compartir obras en buen estado y buscar aquellas que llamen su atenci\u00f3n, fue una de las primeras actividades que dio inicio ayer, 22 de abril, a la V edici\u00f3n de Lanfor Abierta. Organizada por la Biblioteca de las Artes por el D\u00eda Internacional del Libro, su programaci\u00f3n incluye lecturas, charlas y una jornada bibliotecol\u00f3gica.\u00a0 \u00a0<\/p>\n","protected":false},"author":10,"featured_media":89622,"comment_status":"open","ping_status":"open","sticky":false,"template":"","format":"standard","meta":{"_acf_changed":false,"_uag_custom_page_level_css":"","_monsterinsights_skip_tracking":false,"_monsterinsights_sitenote_active":false,"_monsterinsights_sitenote_note":"","_monsterinsights_sitenote_category":0,"cybocfi_hide_featured_image":"","footnotes":""},"categories":[80,438,82,159,150,157,147,75,76,175,83],"tags":[],"infouartes":[],"class_list":["post-89620","post","type-post","status-publish","format-standard","has-post-thumbnail","hentry","category-academico","category-administrativos","category-artes","category-artes-escenicas","category-artes-sonoras","category-artes-visuales","category-cine","category-docentes","category-estudiantes","category-literatura","category-sedes"],"acf":[],"yoast_head":"<!-- This site is optimized with the Yoast SEO plugin v27.4 - https:\/\/yoast.com\/product\/yoast-seo-wordpress\/ -->\n<title>Universidad de las Artes - El intercambio de libros de Lanfor Abierta tambi\u00e9n lleg\u00f3 a su V edici\u00f3n; en la Biblioteca de las Artes hasta este s\u00e1bado<\/title>\n<meta name=\"description\" content=\"Universidad de las Artes - El intercambio de libros de Lanfor Abierta tambi\u00e9n lleg\u00f3 a su V edici\u00f3n; en la Biblioteca de las Artes hasta este s\u00e1bado\" \/>\n<meta name=\"robots\" content=\"index, follow, max-snippet:-1, max-image-preview:large, max-video-preview:-1\" \/>\n<link rel=\"canonical\" href=\"https:\/\/www.uartes.edu.ec\/sitio\/blog\/2026\/04\/23\/el-intercambio-de-libros-de-lanfor-abierta-tambien-llego-a-su-v-edicion-en-la-biblioteca-de-las-artes-hasta-este-25-de-abril\/\" \/>\n<meta property=\"og:locale\" content=\"es_ES\" \/>\n<meta property=\"og:type\" content=\"article\" \/>\n<meta property=\"og:title\" content=\"Universidad de las Artes - El intercambio de libros de Lanfor Abierta tambi\u00e9n lleg\u00f3 a su V edici\u00f3n; en la Biblioteca de las Artes hasta este s\u00e1bado\" \/>\n<meta property=\"og:description\" content=\"Universidad de las Artes - El intercambio de libros de Lanfor Abierta tambi\u00e9n lleg\u00f3 a su V edici\u00f3n; en la Biblioteca de las Artes hasta este s\u00e1bado\" \/>\n<meta property=\"og:url\" content=\"https:\/\/www.uartes.edu.ec\/sitio\/blog\/2026\/04\/23\/el-intercambio-de-libros-de-lanfor-abierta-tambien-llego-a-su-v-edicion-en-la-biblioteca-de-las-artes-hasta-este-25-de-abril\/\" \/>\n<meta property=\"og:site_name\" content=\"Universidad de las Artes\" \/>\n<meta property=\"article:publisher\" content=\"https:\/\/www.facebook.com\/uartesec\" \/>\n<meta property=\"article:published_time\" content=\"2026-04-24T01:07:52+00:00\" \/>\n<meta property=\"article:modified_time\" content=\"2026-04-24T01:19:09+00:00\" \/>\n<meta property=\"og:image\" content=\"https:\/\/www.uartes.edu.ec\/sitio\/wp-content\/uploads\/2026\/04\/Proyecto-Cambiar-tamano-de-imagen-2026-04-23T153150.306.jpeg\" \/>\n\t<meta property=\"og:image:width\" content=\"2000\" \/>\n\t<meta property=\"og:image:height\" content=\"1333\" \/>\n\t<meta property=\"og:image:type\" content=\"image\/jpeg\" \/>\n<meta name=\"author\" content=\"ccortez\" \/>\n<meta name=\"twitter:card\" content=\"summary_large_image\" \/>\n<meta name=\"twitter:creator\" content=\"@uartesec\" \/>\n<meta name=\"twitter:site\" content=\"@uartesec\" \/>\n<meta name=\"twitter:label1\" content=\"Escrito por\" \/>\n\t<meta name=\"twitter:data1\" content=\"ccortez\" \/>\n\t<meta name=\"twitter:label2\" content=\"Tiempo de lectura\" \/>\n\t<meta name=\"twitter:data2\" content=\"3 minutos\" \/>\n<script type=\"application\/ld+json\" class=\"yoast-schema-graph\">{\"@context\":\"https:\\\/\\\/schema.org\",\"@graph\":[{\"@type\":\"Article\",\"@id\":\"https:\\\/\\\/www.uartes.edu.ec\\\/sitio\\\/blog\\\/2026\\\/04\\\/23\\\/el-intercambio-de-libros-de-lanfor-abierta-tambien-llego-a-su-v-edicion-en-la-biblioteca-de-las-artes-hasta-este-25-de-abril\\\/#article\",\"isPartOf\":{\"@id\":\"https:\\\/\\\/www.uartes.edu.ec\\\/sitio\\\/blog\\\/2026\\\/04\\\/23\\\/el-intercambio-de-libros-de-lanfor-abierta-tambien-llego-a-su-v-edicion-en-la-biblioteca-de-las-artes-hasta-este-25-de-abril\\\/\"},\"author\":{\"name\":\"ccortez\",\"@id\":\"https:\\\/\\\/www.uartes.edu.ec\\\/sitio\\\/#\\\/schema\\\/person\\\/efa1b8275797664fd7f13a79ccc0b1f4\"},\"headline\":\"El intercambio de libros de Lanfor Abierta tambi\u00e9n lleg\u00f3 a su V edici\u00f3n; en la Biblioteca de las Artes hasta este s\u00e1bado\",\"datePublished\":\"2026-04-24T01:07:52+00:00\",\"dateModified\":\"2026-04-24T01:19:09+00:00\",\"mainEntityOfPage\":{\"@id\":\"https:\\\/\\\/www.uartes.edu.ec\\\/sitio\\\/blog\\\/2026\\\/04\\\/23\\\/el-intercambio-de-libros-de-lanfor-abierta-tambien-llego-a-su-v-edicion-en-la-biblioteca-de-las-artes-hasta-este-25-de-abril\\\/\"},\"wordCount\":596,\"commentCount\":0,\"publisher\":{\"@id\":\"https:\\\/\\\/www.uartes.edu.ec\\\/sitio\\\/#organization\"},\"image\":{\"@id\":\"https:\\\/\\\/www.uartes.edu.ec\\\/sitio\\\/blog\\\/2026\\\/04\\\/23\\\/el-intercambio-de-libros-de-lanfor-abierta-tambien-llego-a-su-v-edicion-en-la-biblioteca-de-las-artes-hasta-este-25-de-abril\\\/#primaryimage\"},\"thumbnailUrl\":\"https:\\\/\\\/www.uartes.edu.ec\\\/sitio\\\/wp-content\\\/uploads\\\/2026\\\/04\\\/Proyecto-Cambiar-tamano-de-imagen-2026-04-23T153150.306.jpeg\",\"articleSection\":[\"Acad\u00e9mico\",\"Administrativos\",\"Artes\",\"Artes Esc\u00e9nicas\",\"Artes Sonoras\",\"Artes Visuales\",\"Cine\",\"Docentes\",\"Estudiantes\",\"Literatura\",\"Sedes\"],\"inLanguage\":\"es\",\"potentialAction\":[{\"@type\":\"CommentAction\",\"name\":\"Comment\",\"target\":[\"https:\\\/\\\/www.uartes.edu.ec\\\/sitio\\\/blog\\\/2026\\\/04\\\/23\\\/el-intercambio-de-libros-de-lanfor-abierta-tambien-llego-a-su-v-edicion-en-la-biblioteca-de-las-artes-hasta-este-25-de-abril\\\/#respond\"]}]},{\"@type\":[\"WebPage\",\"ItemPage\"],\"@id\":\"https:\\\/\\\/www.uartes.edu.ec\\\/sitio\\\/blog\\\/2026\\\/04\\\/23\\\/el-intercambio-de-libros-de-lanfor-abierta-tambien-llego-a-su-v-edicion-en-la-biblioteca-de-las-artes-hasta-este-25-de-abril\\\/\",\"url\":\"https:\\\/\\\/www.uartes.edu.ec\\\/sitio\\\/blog\\\/2026\\\/04\\\/23\\\/el-intercambio-de-libros-de-lanfor-abierta-tambien-llego-a-su-v-edicion-en-la-biblioteca-de-las-artes-hasta-este-25-de-abril\\\/\",\"name\":\"Universidad de las Artes - El intercambio de libros de Lanfor Abierta tambi\u00e9n lleg\u00f3 a su V edici\u00f3n; en la Biblioteca de las Artes hasta este s\u00e1bado\",\"isPartOf\":{\"@id\":\"https:\\\/\\\/www.uartes.edu.ec\\\/sitio\\\/#website\"},\"primaryImageOfPage\":{\"@id\":\"https:\\\/\\\/www.uartes.edu.ec\\\/sitio\\\/blog\\\/2026\\\/04\\\/23\\\/el-intercambio-de-libros-de-lanfor-abierta-tambien-llego-a-su-v-edicion-en-la-biblioteca-de-las-artes-hasta-este-25-de-abril\\\/#primaryimage\"},\"image\":{\"@id\":\"https:\\\/\\\/www.uartes.edu.ec\\\/sitio\\\/blog\\\/2026\\\/04\\\/23\\\/el-intercambio-de-libros-de-lanfor-abierta-tambien-llego-a-su-v-edicion-en-la-biblioteca-de-las-artes-hasta-este-25-de-abril\\\/#primaryimage\"},\"thumbnailUrl\":\"https:\\\/\\\/www.uartes.edu.ec\\\/sitio\\\/wp-content\\\/uploads\\\/2026\\\/04\\\/Proyecto-Cambiar-tamano-de-imagen-2026-04-23T153150.306.jpeg\",\"datePublished\":\"2026-04-24T01:07:52+00:00\",\"dateModified\":\"2026-04-24T01:19:09+00:00\",\"description\":\"Universidad de las Artes - El intercambio de libros de Lanfor Abierta tambi\u00e9n lleg\u00f3 a su V edici\u00f3n; en la Biblioteca de las Artes hasta este s\u00e1bado\",\"breadcrumb\":{\"@id\":\"https:\\\/\\\/www.uartes.edu.ec\\\/sitio\\\/blog\\\/2026\\\/04\\\/23\\\/el-intercambio-de-libros-de-lanfor-abierta-tambien-llego-a-su-v-edicion-en-la-biblioteca-de-las-artes-hasta-este-25-de-abril\\\/#breadcrumb\"},\"inLanguage\":\"es\",\"potentialAction\":[{\"@type\":\"ReadAction\",\"target\":[\"https:\\\/\\\/www.uartes.edu.ec\\\/sitio\\\/blog\\\/2026\\\/04\\\/23\\\/el-intercambio-de-libros-de-lanfor-abierta-tambien-llego-a-su-v-edicion-en-la-biblioteca-de-las-artes-hasta-este-25-de-abril\\\/\"]}]},{\"@type\":\"ImageObject\",\"inLanguage\":\"es\",\"@id\":\"https:\\\/\\\/www.uartes.edu.ec\\\/sitio\\\/blog\\\/2026\\\/04\\\/23\\\/el-intercambio-de-libros-de-lanfor-abierta-tambien-llego-a-su-v-edicion-en-la-biblioteca-de-las-artes-hasta-este-25-de-abril\\\/#primaryimage\",\"url\":\"https:\\\/\\\/www.uartes.edu.ec\\\/sitio\\\/wp-content\\\/uploads\\\/2026\\\/04\\\/Proyecto-Cambiar-tamano-de-imagen-2026-04-23T153150.306.jpeg\",\"contentUrl\":\"https:\\\/\\\/www.uartes.edu.ec\\\/sitio\\\/wp-content\\\/uploads\\\/2026\\\/04\\\/Proyecto-Cambiar-tamano-de-imagen-2026-04-23T153150.306.jpeg\",\"width\":2000,\"height\":1333},{\"@type\":\"BreadcrumbList\",\"@id\":\"https:\\\/\\\/www.uartes.edu.ec\\\/sitio\\\/blog\\\/2026\\\/04\\\/23\\\/el-intercambio-de-libros-de-lanfor-abierta-tambien-llego-a-su-v-edicion-en-la-biblioteca-de-las-artes-hasta-este-25-de-abril\\\/#breadcrumb\",\"itemListElement\":[{\"@type\":\"ListItem\",\"position\":1,\"name\":\"Inicio\",\"item\":\"https:\\\/\\\/www.uartes.edu.ec\\\/sitio\\\/\"},{\"@type\":\"ListItem\",\"position\":2,\"name\":\"El intercambio de libros de Lanfor Abierta tambi\u00e9n lleg\u00f3 a su V edici\u00f3n; en la Biblioteca de las Artes hasta este s\u00e1bado\"}]},{\"@type\":\"WebSite\",\"@id\":\"https:\\\/\\\/www.uartes.edu.ec\\\/sitio\\\/#website\",\"url\":\"https:\\\/\\\/www.uartes.edu.ec\\\/sitio\\\/\",\"name\":\"Universidad de las Artes\",\"description\":\"Sitio oficial de la Universidad Nacional de las Artes del Ecuador\",\"publisher\":{\"@id\":\"https:\\\/\\\/www.uartes.edu.ec\\\/sitio\\\/#organization\"},\"potentialAction\":[{\"@type\":\"SearchAction\",\"target\":{\"@type\":\"EntryPoint\",\"urlTemplate\":\"https:\\\/\\\/www.uartes.edu.ec\\\/sitio\\\/?s={search_term_string}\"},\"query-input\":{\"@type\":\"PropertyValueSpecification\",\"valueRequired\":true,\"valueName\":\"search_term_string\"}}],\"inLanguage\":\"es\"},{\"@type\":\"Organization\",\"@id\":\"https:\\\/\\\/www.uartes.edu.ec\\\/sitio\\\/#organization\",\"name\":\"Universidad de las Artes\",\"url\":\"https:\\\/\\\/www.uartes.edu.ec\\\/sitio\\\/\",\"logo\":{\"@type\":\"ImageObject\",\"inLanguage\":\"es\",\"@id\":\"https:\\\/\\\/www.uartes.edu.ec\\\/sitio\\\/#\\\/schema\\\/logo\\\/image\\\/\",\"url\":\"https:\\\/\\\/www.uartes.edu.ec\\\/sitio\\\/wp-content\\\/uploads\\\/2022\\\/07\\\/logo-ua-horizontal.png\",\"contentUrl\":\"https:\\\/\\\/www.uartes.edu.ec\\\/sitio\\\/wp-content\\\/uploads\\\/2022\\\/07\\\/logo-ua-horizontal.png\",\"width\":800,\"height\":276,\"caption\":\"Universidad de las Artes\"},\"image\":{\"@id\":\"https:\\\/\\\/www.uartes.edu.ec\\\/sitio\\\/#\\\/schema\\\/logo\\\/image\\\/\"},\"sameAs\":[\"https:\\\/\\\/www.facebook.com\\\/uartesec\",\"https:\\\/\\\/x.com\\\/uartesec\",\"https:\\\/\\\/www.tiktok.com\\\/@uartesec\"]},{\"@type\":\"Person\",\"@id\":\"https:\\\/\\\/www.uartes.edu.ec\\\/sitio\\\/#\\\/schema\\\/person\\\/efa1b8275797664fd7f13a79ccc0b1f4\",\"name\":\"ccortez\",\"image\":{\"@type\":\"ImageObject\",\"inLanguage\":\"es\",\"@id\":\"https:\\\/\\\/secure.gravatar.com\\\/avatar\\\/b2a6f664a3ae8e074346ef91775736c5ec479e637ecced6842de9dc98b5da9cd?s=96&d=mm&r=g\",\"url\":\"https:\\\/\\\/secure.gravatar.com\\\/avatar\\\/b2a6f664a3ae8e074346ef91775736c5ec479e637ecced6842de9dc98b5da9cd?s=96&d=mm&r=g\",\"contentUrl\":\"https:\\\/\\\/secure.gravatar.com\\\/avatar\\\/b2a6f664a3ae8e074346ef91775736c5ec479e637ecced6842de9dc98b5da9cd?s=96&d=mm&r=g\",\"caption\":\"ccortez\"},\"url\":\"https:\\\/\\\/www.uartes.edu.ec\\\/sitio\\\/blog\\\/author\\\/ccortez\\\/\"}]}<\/script>\n<!-- \/ Yoast SEO plugin. -->","yoast_head_json":{"title":"Universidad de las Artes - El intercambio de libros de Lanfor Abierta tambi\u00e9n lleg\u00f3 a su V edici\u00f3n; en la Biblioteca de las Artes hasta este s\u00e1bado","description":"Universidad de las Artes - El intercambio de libros de Lanfor Abierta tambi\u00e9n lleg\u00f3 a su V edici\u00f3n; en la Biblioteca de las Artes hasta este s\u00e1bado","robots":{"index":"index","follow":"follow","max-snippet":"max-snippet:-1","max-image-preview":"max-image-preview:large","max-video-preview":"max-video-preview:-1"},"canonical":"https:\/\/www.uartes.edu.ec\/sitio\/blog\/2026\/04\/23\/el-intercambio-de-libros-de-lanfor-abierta-tambien-llego-a-su-v-edicion-en-la-biblioteca-de-las-artes-hasta-este-25-de-abril\/","og_locale":"es_ES","og_type":"article","og_title":"Universidad de las Artes - El intercambio de libros de Lanfor Abierta tambi\u00e9n lleg\u00f3 a su V edici\u00f3n; en la Biblioteca de las Artes hasta este s\u00e1bado","og_description":"Universidad de las Artes - El intercambio de libros de Lanfor Abierta tambi\u00e9n lleg\u00f3 a su V edici\u00f3n; en la Biblioteca de las Artes hasta este s\u00e1bado","og_url":"https:\/\/www.uartes.edu.ec\/sitio\/blog\/2026\/04\/23\/el-intercambio-de-libros-de-lanfor-abierta-tambien-llego-a-su-v-edicion-en-la-biblioteca-de-las-artes-hasta-este-25-de-abril\/","og_site_name":"Universidad de las Artes","article_publisher":"https:\/\/www.facebook.com\/uartesec","article_published_time":"2026-04-24T01:07:52+00:00","article_modified_time":"2026-04-24T01:19:09+00:00","og_image":[{"width":2000,"height":1333,"url":"https:\/\/www.uartes.edu.ec\/sitio\/wp-content\/uploads\/2026\/04\/Proyecto-Cambiar-tamano-de-imagen-2026-04-23T153150.306.jpeg","type":"image\/jpeg"}],"author":"ccortez","twitter_card":"summary_large_image","twitter_creator":"@uartesec","twitter_site":"@uartesec","twitter_misc":{"Escrito por":"ccortez","Tiempo de lectura":"3 minutos"},"schema":{"@context":"https:\/\/schema.org","@graph":[{"@type":"Article","@id":"https:\/\/www.uartes.edu.ec\/sitio\/blog\/2026\/04\/23\/el-intercambio-de-libros-de-lanfor-abierta-tambien-llego-a-su-v-edicion-en-la-biblioteca-de-las-artes-hasta-este-25-de-abril\/#article","isPartOf":{"@id":"https:\/\/www.uartes.edu.ec\/sitio\/blog\/2026\/04\/23\/el-intercambio-de-libros-de-lanfor-abierta-tambien-llego-a-su-v-edicion-en-la-biblioteca-de-las-artes-hasta-este-25-de-abril\/"},"author":{"name":"ccortez","@id":"https:\/\/www.uartes.edu.ec\/sitio\/#\/schema\/person\/efa1b8275797664fd7f13a79ccc0b1f4"},"headline":"El intercambio de libros de Lanfor Abierta tambi\u00e9n lleg\u00f3 a su V edici\u00f3n; en la Biblioteca de las Artes hasta este s\u00e1bado","datePublished":"2026-04-24T01:07:52+00:00","dateModified":"2026-04-24T01:19:09+00:00","mainEntityOfPage":{"@id":"https:\/\/www.uartes.edu.ec\/sitio\/blog\/2026\/04\/23\/el-intercambio-de-libros-de-lanfor-abierta-tambien-llego-a-su-v-edicion-en-la-biblioteca-de-las-artes-hasta-este-25-de-abril\/"},"wordCount":596,"commentCount":0,"publisher":{"@id":"https:\/\/www.uartes.edu.ec\/sitio\/#organization"},"image":{"@id":"https:\/\/www.uartes.edu.ec\/sitio\/blog\/2026\/04\/23\/el-intercambio-de-libros-de-lanfor-abierta-tambien-llego-a-su-v-edicion-en-la-biblioteca-de-las-artes-hasta-este-25-de-abril\/#primaryimage"},"thumbnailUrl":"https:\/\/www.uartes.edu.ec\/sitio\/wp-content\/uploads\/2026\/04\/Proyecto-Cambiar-tamano-de-imagen-2026-04-23T153150.306.jpeg","articleSection":["Acad\u00e9mico","Administrativos","Artes","Artes Esc\u00e9nicas","Artes Sonoras","Artes Visuales","Cine","Docentes","Estudiantes","Literatura","Sedes"],"inLanguage":"es","potentialAction":[{"@type":"CommentAction","name":"Comment","target":["https:\/\/www.uartes.edu.ec\/sitio\/blog\/2026\/04\/23\/el-intercambio-de-libros-de-lanfor-abierta-tambien-llego-a-su-v-edicion-en-la-biblioteca-de-las-artes-hasta-este-25-de-abril\/#respond"]}]},{"@type":["WebPage","ItemPage"],"@id":"https:\/\/www.uartes.edu.ec\/sitio\/blog\/2026\/04\/23\/el-intercambio-de-libros-de-lanfor-abierta-tambien-llego-a-su-v-edicion-en-la-biblioteca-de-las-artes-hasta-este-25-de-abril\/","url":"https:\/\/www.uartes.edu.ec\/sitio\/blog\/2026\/04\/23\/el-intercambio-de-libros-de-lanfor-abierta-tambien-llego-a-su-v-edicion-en-la-biblioteca-de-las-artes-hasta-este-25-de-abril\/","name":"Universidad de las Artes - El intercambio de libros de Lanfor Abierta tambi\u00e9n lleg\u00f3 a su V edici\u00f3n; en la Biblioteca de las Artes hasta este s\u00e1bado","isPartOf":{"@id":"https:\/\/www.uartes.edu.ec\/sitio\/#website"},"primaryImageOfPage":{"@id":"https:\/\/www.uartes.edu.ec\/sitio\/blog\/2026\/04\/23\/el-intercambio-de-libros-de-lanfor-abierta-tambien-llego-a-su-v-edicion-en-la-biblioteca-de-las-artes-hasta-este-25-de-abril\/#primaryimage"},"image":{"@id":"https:\/\/www.uartes.edu.ec\/sitio\/blog\/2026\/04\/23\/el-intercambio-de-libros-de-lanfor-abierta-tambien-llego-a-su-v-edicion-en-la-biblioteca-de-las-artes-hasta-este-25-de-abril\/#primaryimage"},"thumbnailUrl":"https:\/\/www.uartes.edu.ec\/sitio\/wp-content\/uploads\/2026\/04\/Proyecto-Cambiar-tamano-de-imagen-2026-04-23T153150.306.jpeg","datePublished":"2026-04-24T01:07:52+00:00","dateModified":"2026-04-24T01:19:09+00:00","description":"Universidad de las Artes - El intercambio de libros de Lanfor Abierta tambi\u00e9n lleg\u00f3 a su V edici\u00f3n; en la Biblioteca de las Artes hasta este s\u00e1bado","breadcrumb":{"@id":"https:\/\/www.uartes.edu.ec\/sitio\/blog\/2026\/04\/23\/el-intercambio-de-libros-de-lanfor-abierta-tambien-llego-a-su-v-edicion-en-la-biblioteca-de-las-artes-hasta-este-25-de-abril\/#breadcrumb"},"inLanguage":"es","potentialAction":[{"@type":"ReadAction","target":["https:\/\/www.uartes.edu.ec\/sitio\/blog\/2026\/04\/23\/el-intercambio-de-libros-de-lanfor-abierta-tambien-llego-a-su-v-edicion-en-la-biblioteca-de-las-artes-hasta-este-25-de-abril\/"]}]},{"@type":"ImageObject","inLanguage":"es","@id":"https:\/\/www.uartes.edu.ec\/sitio\/blog\/2026\/04\/23\/el-intercambio-de-libros-de-lanfor-abierta-tambien-llego-a-su-v-edicion-en-la-biblioteca-de-las-artes-hasta-este-25-de-abril\/#primaryimage","url":"https:\/\/www.uartes.edu.ec\/sitio\/wp-content\/uploads\/2026\/04\/Proyecto-Cambiar-tamano-de-imagen-2026-04-23T153150.306.jpeg","contentUrl":"https:\/\/www.uartes.edu.ec\/sitio\/wp-content\/uploads\/2026\/04\/Proyecto-Cambiar-tamano-de-imagen-2026-04-23T153150.306.jpeg","width":2000,"height":1333},{"@type":"BreadcrumbList","@id":"https:\/\/www.uartes.edu.ec\/sitio\/blog\/2026\/04\/23\/el-intercambio-de-libros-de-lanfor-abierta-tambien-llego-a-su-v-edicion-en-la-biblioteca-de-las-artes-hasta-este-25-de-abril\/#breadcrumb","itemListElement":[{"@type":"ListItem","position":1,"name":"Inicio","item":"https:\/\/www.uartes.edu.ec\/sitio\/"},{"@type":"ListItem","position":2,"name":"El intercambio de libros de Lanfor Abierta tambi\u00e9n lleg\u00f3 a su V edici\u00f3n; en la Biblioteca de las Artes hasta este s\u00e1bado"}]},{"@type":"WebSite","@id":"https:\/\/www.uartes.edu.ec\/sitio\/#website","url":"https:\/\/www.uartes.edu.ec\/sitio\/","name":"Universidad de las Artes","description":"Sitio oficial de la Universidad Nacional de las Artes del Ecuador","publisher":{"@id":"https:\/\/www.uartes.edu.ec\/sitio\/#organization"},"potentialAction":[{"@type":"SearchAction","target":{"@type":"EntryPoint","urlTemplate":"https:\/\/www.uartes.edu.ec\/sitio\/?s={search_term_string}"},"query-input":{"@type":"PropertyValueSpecification","valueRequired":true,"valueName":"search_term_string"}}],"inLanguage":"es"},{"@type":"Organization","@id":"https:\/\/www.uartes.edu.ec\/sitio\/#organization","name":"Universidad de las Artes","url":"https:\/\/www.uartes.edu.ec\/sitio\/","logo":{"@type":"ImageObject","inLanguage":"es","@id":"https:\/\/www.uartes.edu.ec\/sitio\/#\/schema\/logo\/image\/","url":"https:\/\/www.uartes.edu.ec\/sitio\/wp-content\/uploads\/2022\/07\/logo-ua-horizontal.png","contentUrl":"https:\/\/www.uartes.edu.ec\/sitio\/wp-content\/uploads\/2022\/07\/logo-ua-horizontal.png","width":800,"height":276,"caption":"Universidad de las Artes"},"image":{"@id":"https:\/\/www.uartes.edu.ec\/sitio\/#\/schema\/logo\/image\/"},"sameAs":["https:\/\/www.facebook.com\/uartesec","https:\/\/x.com\/uartesec","https:\/\/www.tiktok.com\/@uartesec"]},{"@type":"Person","@id":"https:\/\/www.uartes.edu.ec\/sitio\/#\/schema\/person\/efa1b8275797664fd7f13a79ccc0b1f4","name":"ccortez","image":{"@type":"ImageObject","inLanguage":"es","@id":"https:\/\/secure.gravatar.com\/avatar\/b2a6f664a3ae8e074346ef91775736c5ec479e637ecced6842de9dc98b5da9cd?s=96&d=mm&r=g","url":"https:\/\/secure.gravatar.com\/avatar\/b2a6f664a3ae8e074346ef91775736c5ec479e637ecced6842de9dc98b5da9cd?s=96&d=mm&r=g","contentUrl":"https:\/\/secure.gravatar.com\/avatar\/b2a6f664a3ae8e074346ef91775736c5ec479e637ecced6842de9dc98b5da9cd?s=96&d=mm&r=g","caption":"ccortez"},"url":"https:\/\/www.uartes.edu.ec\/sitio\/blog\/author\/ccortez\/"}]}},"uagb_featured_image_src":{"full":["https:\/\/www.uartes.edu.ec\/sitio\/wp-content\/uploads\/2026\/04\/Proyecto-Cambiar-tamano-de-imagen-2026-04-23T153150.306.jpeg",2000,1333,false],"thumbnail":["https:\/\/www.uartes.edu.ec\/sitio\/wp-content\/uploads\/2026\/04\/Proyecto-Cambiar-tamano-de-imagen-2026-04-23T153150.306-150x150.jpeg",150,150,true],"medium":["https:\/\/www.uartes.edu.ec\/sitio\/wp-content\/uploads\/2026\/04\/Proyecto-Cambiar-tamano-de-imagen-2026-04-23T153150.306-300x200.jpeg",300,200,true],"medium_large":["https:\/\/www.uartes.edu.ec\/sitio\/wp-content\/uploads\/2026\/04\/Proyecto-Cambiar-tamano-de-imagen-2026-04-23T153150.306-768x512.jpeg",768,512,true],"large":["https:\/\/www.uartes.edu.ec\/sitio\/wp-content\/uploads\/2026\/04\/Proyecto-Cambiar-tamano-de-imagen-2026-04-23T153150.306-644x429.jpeg",644,429,true],"1536x1536":["https:\/\/www.uartes.edu.ec\/sitio\/wp-content\/uploads\/2026\/04\/Proyecto-Cambiar-tamano-de-imagen-2026-04-23T153150.306-1536x1024.jpeg",1536,1024,true],"2048x2048":["https:\/\/www.uartes.edu.ec\/sitio\/wp-content\/uploads\/2026\/04\/Proyecto-Cambiar-tamano-de-imagen-2026-04-23T153150.306.jpeg",2000,1333,false],"trp-custom-language-flag":["https:\/\/www.uartes.edu.ec\/sitio\/wp-content\/uploads\/2026\/04\/Proyecto-Cambiar-tamano-de-imagen-2026-04-23T153150.306-18x12.jpeg",18,12,true],"htmega_size_585x295":["https:\/\/www.uartes.edu.ec\/sitio\/wp-content\/uploads\/2026\/04\/Proyecto-Cambiar-tamano-de-imagen-2026-04-23T153150.306-585x295.jpeg",585,295,true],"htmega_size_1170x536":["https:\/\/www.uartes.edu.ec\/sitio\/wp-content\/uploads\/2026\/04\/Proyecto-Cambiar-tamano-de-imagen-2026-04-23T153150.306-1170x536.jpeg",1170,536,true],"htmega_size_396x360":["https:\/\/www.uartes.edu.ec\/sitio\/wp-content\/uploads\/2026\/04\/Proyecto-Cambiar-tamano-de-imagen-2026-04-23T153150.306-396x360.jpeg",396,360,true],"gb-block-post-grid-landscape":["https:\/\/www.uartes.edu.ec\/sitio\/wp-content\/uploads\/2026\/04\/Proyecto-Cambiar-tamano-de-imagen-2026-04-23T153150.306-600x400.jpeg",600,400,true],"gb-block-post-grid-square":["https:\/\/www.uartes.edu.ec\/sitio\/wp-content\/uploads\/2026\/04\/Proyecto-Cambiar-tamano-de-imagen-2026-04-23T153150.306-600x600.jpeg",600,600,true],"university-hub-thumb":["https:\/\/www.uartes.edu.ec\/sitio\/wp-content\/uploads\/2026\/04\/Proyecto-Cambiar-tamano-de-imagen-2026-04-23T153150.306-400x267.jpeg",400,267,true],"mailpoet_newsletter_max":["https:\/\/www.uartes.edu.ec\/sitio\/wp-content\/uploads\/2026\/04\/Proyecto-Cambiar-tamano-de-imagen-2026-04-23T153150.306-1320x880.jpeg",1320,880,true]},"uagb_author_info":{"display_name":"ccortez","author_link":"https:\/\/www.uartes.edu.ec\/sitio\/blog\/author\/ccortez\/"},"uagb_comment_info":0,"uagb_excerpt":"El intercambio de libros, una cita imperdible para quienes gustan de la lectura y est\u00e1n dispuestos a compartir obras en buen estado y buscar aquellas que llamen su atenci\u00f3n, fue una de las primeras actividades que dio inicio ayer, 22 de abril, a la V edici\u00f3n de Lanfor Abierta. Organizada por la Biblioteca de las&hellip;","featured_image_src":"https:\/\/www.uartes.edu.ec\/sitio\/wp-content\/uploads\/2026\/04\/Proyecto-Cambiar-tamano-de-imagen-2026-04-23T153150.306-600x400.jpeg","featured_image_src_square":"https:\/\/www.uartes.edu.ec\/sitio\/wp-content\/uploads\/2026\/04\/Proyecto-Cambiar-tamano-de-imagen-2026-04-23T153150.306-600x600.jpeg","author_info":{"display_name":"ccortez","author_link":"https:\/\/www.uartes.edu.ec\/sitio\/blog\/author\/ccortez\/"},"publishpress_future_workflow_manual_trigger":{"enabledWorkflows":[]},"distributor_meta":false,"distributor_terms":false,"distributor_media":false,"distributor_original_site_name":"Universidad de las Artes","distributor_original_site_url":"https:\/\/www.uartes.edu.ec\/sitio","push-errors":false,"_links":{"self":[{"href":"https:\/\/www.uartes.edu.ec\/sitio\/wp-json\/wp\/v2\/posts\/89620","targetHints":{"allow":["GET"]}}],"collection":[{"href":"https:\/\/www.uartes.edu.ec\/sitio\/wp-json\/wp\/v2\/posts"}],"about":[{"href":"https:\/\/www.uartes.edu.ec\/sitio\/wp-json\/wp\/v2\/types\/post"}],"author":[{"embeddable":true,"href":"https:\/\/www.uartes.edu.ec\/sitio\/wp-json\/wp\/v2\/users\/10"}],"replies":[{"embeddable":true,"href":"https:\/\/www.uartes.edu.ec\/sitio\/wp-json\/wp\/v2\/comments?post=89620"}],"version-history":[{"count":2,"href":"https:\/\/www.uartes.edu.ec\/sitio\/wp-json\/wp\/v2\/posts\/89620\/revisions"}],"predecessor-version":[{"id":89629,"href":"https:\/\/www.uartes.edu.ec\/sitio\/wp-json\/wp\/v2\/posts\/89620\/revisions\/89629"}],"wp:featuredmedia":[{"embeddable":true,"href":"https:\/\/www.uartes.edu.ec\/sitio\/wp-json\/wp\/v2\/media\/89622"}],"wp:attachment":[{"href":"https:\/\/www.uartes.edu.ec\/sitio\/wp-json\/wp\/v2\/media?parent=89620"}],"wp:term":[{"taxonomy":"category","embeddable":true,"href":"https:\/\/www.uartes.edu.ec\/sitio\/wp-json\/wp\/v2\/categories?post=89620"},{"taxonomy":"post_tag","embeddable":true,"href":"https:\/\/www.uartes.edu.ec\/sitio\/wp-json\/wp\/v2\/tags?post=89620"},{"taxonomy":"infouartes","embeddable":true,"href":"https:\/\/www.uartes.edu.ec\/sitio\/wp-json\/wp\/v2\/infouartes?post=89620"}],"curies":[{"name":"wp","href":"https:\/\/api.w.org\/{rel}","templated":true}]}}