{"id":89724,"date":"2026-04-24T14:27:00","date_gmt":"2026-04-24T19:27:00","guid":{"rendered":"https:\/\/www.uartes.edu.ec\/sitio\/?p=89724"},"modified":"2026-04-26T17:03:41","modified_gmt":"2026-04-26T22:03:41","slug":"inauguracion-del-fondo-bibliografico-de-gilda-holst-y-dialogo-sobre-bastards-cerraron-primera-jornada-de-lanfor-abierta","status":"publish","type":"post","link":"https:\/\/www.uartes.edu.ec\/sitio\/blog\/2026\/04\/24\/inauguracion-del-fondo-bibliografico-de-gilda-holst-y-dialogo-sobre-bastards-cerraron-primera-jornada-de-lanfor-abierta\/","title":{"rendered":"Inauguraci\u00f3n del fondo bibliogr\u00e1fico de Gilda Holst y di\u00e1logo sobre \u201cBastard@s\u201d en el primer d\u00eda de Lanfor Abierta V"},"content":{"rendered":"\n<p>Luego de las dos actividades que marcaron la ma\u00f1ana de este 22 de abril el inicio de la V edici\u00f3n de Lanfor Abierta: el intercambio de libros y la presentaci\u00f3n de un libro impreso en tinta y braille del investigador y artista Eduardo Arriaga Burgos (\u201cLalinchi\u201d), la Biblioteca de las Artes program\u00f3 dos actividades vespertinas en torno a literatura ecuatoriana contempor\u00e1nea. El conversatorio \u201cGilda Holst: itinerario de lecturas\u201d y la presentaci\u00f3n del libro \u201cBastard@s\u201d.\u00a0<\/p>\n\n\n\n<p>El abordaje de la primera actividad fue m\u00e1s all\u00e1 del di\u00e1logo sobre la obra de la reconocida escritora y catedr\u00e1tica Gilda Holst, fallecida en octubre de 2024. Y es que en la Biblioteca de la Universidad de las Artes reposan 2.080 de sus libros, los cuales fueron donados al repositorio de la Universidad de las Artes por sus familiares. En el marco de la V edici\u00f3n de Lanfor Abierta, su fondo bibliogr\u00e1fico fue inaugurado.<\/p>\n\n\n\n<p>El conversatorio de la autora de \u201cM\u00e1s sin nombre que nunca\u201d, \u201cTurba de signos\u201d, \u201cDar con ella\u201d y \u201cBoomerang\u201d estuvo a cargo de las tambi\u00e9n escritoras ecuatorianas Cecilia Velasco y Mar\u00eda Paulina Briones, docentes de la Escuela de Literatura de la Universidad de las Artes.<\/p>\n\n\n\n<p>Vale anotar que, Mar\u00eda Paulina Briones es fundadora de Cad\u00e1ver Exquisito Ediciones, una editorial autogestionada y de sello independiente \u2013con base en Guayaquil y alojada en el espacio cultural y librer\u00eda Casa Morada\u2013, que en el 2021 public\u00f3 en un tomo la obra completa de Gilda Holst, lo cual tambi\u00e9n fue se\u00f1alado en la cita.<\/p>\n\n\n<div class=\"wp-block-image\">\n<figure class=\"aligncenter size-large\"><img fetchpriority=\"high\" decoding=\"async\" width=\"644\" height=\"429\" src=\"https:\/\/www.uartes.edu.ec\/sitio\/wp-content\/uploads\/2026\/04\/Proyecto-Cambiar-tamano-de-imagen-2026-04-24T194557.995-644x429.jpeg\" alt=\"\" class=\"wp-image-89726\" srcset=\"https:\/\/www.uartes.edu.ec\/sitio\/wp-content\/uploads\/2026\/04\/Proyecto-Cambiar-tamano-de-imagen-2026-04-24T194557.995-644x429.jpeg 644w, https:\/\/www.uartes.edu.ec\/sitio\/wp-content\/uploads\/2026\/04\/Proyecto-Cambiar-tamano-de-imagen-2026-04-24T194557.995-300x200.jpeg 300w, https:\/\/www.uartes.edu.ec\/sitio\/wp-content\/uploads\/2026\/04\/Proyecto-Cambiar-tamano-de-imagen-2026-04-24T194557.995-768x512.jpeg 768w, https:\/\/www.uartes.edu.ec\/sitio\/wp-content\/uploads\/2026\/04\/Proyecto-Cambiar-tamano-de-imagen-2026-04-24T194557.995-1536x1024.jpeg 1536w, https:\/\/www.uartes.edu.ec\/sitio\/wp-content\/uploads\/2026\/04\/Proyecto-Cambiar-tamano-de-imagen-2026-04-24T194557.995-18x12.jpeg 18w, https:\/\/www.uartes.edu.ec\/sitio\/wp-content\/uploads\/2026\/04\/Proyecto-Cambiar-tamano-de-imagen-2026-04-24T194557.995-600x400.jpeg 600w, https:\/\/www.uartes.edu.ec\/sitio\/wp-content\/uploads\/2026\/04\/Proyecto-Cambiar-tamano-de-imagen-2026-04-24T194557.995-400x267.jpeg 400w, https:\/\/www.uartes.edu.ec\/sitio\/wp-content\/uploads\/2026\/04\/Proyecto-Cambiar-tamano-de-imagen-2026-04-24T194557.995-1320x880.jpeg 1320w, https:\/\/www.uartes.edu.ec\/sitio\/wp-content\/uploads\/2026\/04\/Proyecto-Cambiar-tamano-de-imagen-2026-04-24T194557.995.jpeg 2000w\" sizes=\"(max-width: 644px) 100vw, 644px\" \/><\/figure>\n<\/div>\n\n\n<figure class=\"wp-block-gallery has-nested-images columns-default is-cropped wp-block-gallery-1 is-layout-flex wp-block-gallery-is-layout-flex\">\n<figure class=\"wp-block-image size-large\"><img decoding=\"async\" width=\"644\" height=\"429\" data-id=\"89735\" src=\"https:\/\/www.uartes.edu.ec\/sitio\/wp-content\/uploads\/2026\/04\/Proyecto-Cambiar-tamano-de-imagen-2026-04-24T194729.206-644x429.jpeg\" alt=\"\" class=\"wp-image-89735\" srcset=\"https:\/\/www.uartes.edu.ec\/sitio\/wp-content\/uploads\/2026\/04\/Proyecto-Cambiar-tamano-de-imagen-2026-04-24T194729.206-644x429.jpeg 644w, https:\/\/www.uartes.edu.ec\/sitio\/wp-content\/uploads\/2026\/04\/Proyecto-Cambiar-tamano-de-imagen-2026-04-24T194729.206-300x200.jpeg 300w, https:\/\/www.uartes.edu.ec\/sitio\/wp-content\/uploads\/2026\/04\/Proyecto-Cambiar-tamano-de-imagen-2026-04-24T194729.206-768x512.jpeg 768w, https:\/\/www.uartes.edu.ec\/sitio\/wp-content\/uploads\/2026\/04\/Proyecto-Cambiar-tamano-de-imagen-2026-04-24T194729.206-1536x1024.jpeg 1536w, https:\/\/www.uartes.edu.ec\/sitio\/wp-content\/uploads\/2026\/04\/Proyecto-Cambiar-tamano-de-imagen-2026-04-24T194729.206-18x12.jpeg 18w, https:\/\/www.uartes.edu.ec\/sitio\/wp-content\/uploads\/2026\/04\/Proyecto-Cambiar-tamano-de-imagen-2026-04-24T194729.206-600x400.jpeg 600w, https:\/\/www.uartes.edu.ec\/sitio\/wp-content\/uploads\/2026\/04\/Proyecto-Cambiar-tamano-de-imagen-2026-04-24T194729.206-400x267.jpeg 400w, https:\/\/www.uartes.edu.ec\/sitio\/wp-content\/uploads\/2026\/04\/Proyecto-Cambiar-tamano-de-imagen-2026-04-24T194729.206-1320x880.jpeg 1320w, https:\/\/www.uartes.edu.ec\/sitio\/wp-content\/uploads\/2026\/04\/Proyecto-Cambiar-tamano-de-imagen-2026-04-24T194729.206.jpeg 2000w\" sizes=\"(max-width: 644px) 100vw, 644px\" \/><\/figure>\n\n\n\n<figure class=\"wp-block-image size-large\"><img decoding=\"async\" width=\"644\" height=\"429\" data-id=\"89736\" src=\"https:\/\/www.uartes.edu.ec\/sitio\/wp-content\/uploads\/2026\/04\/Proyecto-Cambiar-tamano-de-imagen-2026-04-24T194655.722-644x429.jpeg\" alt=\"\" class=\"wp-image-89736\" srcset=\"https:\/\/www.uartes.edu.ec\/sitio\/wp-content\/uploads\/2026\/04\/Proyecto-Cambiar-tamano-de-imagen-2026-04-24T194655.722-644x429.jpeg 644w, https:\/\/www.uartes.edu.ec\/sitio\/wp-content\/uploads\/2026\/04\/Proyecto-Cambiar-tamano-de-imagen-2026-04-24T194655.722-300x200.jpeg 300w, https:\/\/www.uartes.edu.ec\/sitio\/wp-content\/uploads\/2026\/04\/Proyecto-Cambiar-tamano-de-imagen-2026-04-24T194655.722-768x512.jpeg 768w, https:\/\/www.uartes.edu.ec\/sitio\/wp-content\/uploads\/2026\/04\/Proyecto-Cambiar-tamano-de-imagen-2026-04-24T194655.722-1536x1024.jpeg 1536w, https:\/\/www.uartes.edu.ec\/sitio\/wp-content\/uploads\/2026\/04\/Proyecto-Cambiar-tamano-de-imagen-2026-04-24T194655.722-18x12.jpeg 18w, https:\/\/www.uartes.edu.ec\/sitio\/wp-content\/uploads\/2026\/04\/Proyecto-Cambiar-tamano-de-imagen-2026-04-24T194655.722-600x400.jpeg 600w, https:\/\/www.uartes.edu.ec\/sitio\/wp-content\/uploads\/2026\/04\/Proyecto-Cambiar-tamano-de-imagen-2026-04-24T194655.722-400x267.jpeg 400w, https:\/\/www.uartes.edu.ec\/sitio\/wp-content\/uploads\/2026\/04\/Proyecto-Cambiar-tamano-de-imagen-2026-04-24T194655.722-1320x880.jpeg 1320w, https:\/\/www.uartes.edu.ec\/sitio\/wp-content\/uploads\/2026\/04\/Proyecto-Cambiar-tamano-de-imagen-2026-04-24T194655.722.jpeg 2000w\" sizes=\"(max-width: 644px) 100vw, 644px\" \/><\/figure>\n<\/figure>\n\n\n\n<p><\/p>\n\n\n\n<p>En la Biblioteca de las Artes, el fondo bibliogr\u00e1fico de Gilda Holst se encuentra en el tercer piso, donde se han venido desarrollando las actividades de Lanfor Abierta. Este re\u00fane una valiosa colecci\u00f3n de obras que reflejan la trayectoria, el pensamiento cr\u00edtico y la contribuci\u00f3n de la autora a la literatura ecuatoriana contempor\u00e1nea.<\/p>\n\n\n\n<p>La presentaci\u00f3n e inauguraci\u00f3n del fondo en modalidad de estanter\u00eda abierta, la cual caracteriza al repositorio de la UArtes, permite a estudiantes, investigadores y p\u00fablico en general acceder a materiales que enriquecen los procesos de aprendizaje, investigaci\u00f3n y creaci\u00f3n art\u00edstica.<\/p>\n\n\n\n<p>El di\u00e1logo inaugural del fondo bibliogr\u00e1fico, se desarroll\u00f3 en un ambiente de encuentro e intercambio cultural, destacando la importancia de fortalecer espacios que promuevan la lectura, la memoria y el acceso democr\u00e1tico al conocimiento; un aporte significativo al patrimonio cultural que impulsa nuevas formas de acercarse a la literatura y al pensamiento en el Ecuador.<\/p>\n\n\n\n<h3 class=\"wp-block-heading\">Ensayos de la literatura ecuatoriana del siglo XXI<\/h3>\n\n\n\n<p>Seguidamente, la presentaci\u00f3n del libro \u201cBastard@s\u201d gener\u00f3 una charla en la que varios de sus autores tomaron la palabra para hablar de la literatura ecuatoriana del siglo XXI. Editado por Andr\u00e9s Land\u00e1zuri, docente de la Universidad Artes, la obra justamente re\u00fane sus ensayos en torno al material literario contempor\u00e1neo.<\/p>\n\n\n\n<p>La g\u00e9nesis de la obra se remonta a una convocatoria abierta que el docente Land\u00e1zuri hizo el a\u00f1o pasado para suscitar y reunir art\u00edculos ensay\u00edsticos elaborados por profesores, estudiantes e investigadores independientes interesados en proponer reflexiones o lecturas en torno a la literatura producida, editada, publicada y\/o difundida en los \u00faltimos 25 a\u00f1os en nuestro pa\u00eds.<\/p>\n\n\n\n<p>La convocatoria se dio en el marco de \u201cHoja en Blanco: laboratorio literario de investigaci\u00f3n\/creaci\u00f3n\u201d que bajo su direcci\u00f3n vio luz en el 2023 y concluy\u00f3 este a\u00f1o. Del llamado efectuado result\u00f3 un conjunto de textos, que son los que dieron vida a \u201cBastard@s\u201d, cuyo pr\u00f3logo resume su proceso y explica que la obra no solo evidencia una diversidad de enfoques utilizados \u2013desde miradas panor\u00e1micas o de conjunto hasta an\u00e1lisis de \u00edndole monogr\u00e1fico o comparativo\u2013, sino que constituye una muestra de los intereses y expectativas que esta literatura suscita en el entorno de algunos de sus lectores.<\/p>\n\n\n<div class=\"wp-block-image\">\n<figure class=\"aligncenter size-large\"><img loading=\"lazy\" decoding=\"async\" width=\"644\" height=\"429\" src=\"https:\/\/www.uartes.edu.ec\/sitio\/wp-content\/uploads\/2026\/04\/Proyecto-Cambiar-tamano-de-imagen-2026-04-26T161247.138-644x429.jpeg\" alt=\"\" class=\"wp-image-89731\" srcset=\"https:\/\/www.uartes.edu.ec\/sitio\/wp-content\/uploads\/2026\/04\/Proyecto-Cambiar-tamano-de-imagen-2026-04-26T161247.138-644x429.jpeg 644w, https:\/\/www.uartes.edu.ec\/sitio\/wp-content\/uploads\/2026\/04\/Proyecto-Cambiar-tamano-de-imagen-2026-04-26T161247.138-300x200.jpeg 300w, https:\/\/www.uartes.edu.ec\/sitio\/wp-content\/uploads\/2026\/04\/Proyecto-Cambiar-tamano-de-imagen-2026-04-26T161247.138-768x512.jpeg 768w, https:\/\/www.uartes.edu.ec\/sitio\/wp-content\/uploads\/2026\/04\/Proyecto-Cambiar-tamano-de-imagen-2026-04-26T161247.138-1536x1024.jpeg 1536w, https:\/\/www.uartes.edu.ec\/sitio\/wp-content\/uploads\/2026\/04\/Proyecto-Cambiar-tamano-de-imagen-2026-04-26T161247.138-18x12.jpeg 18w, https:\/\/www.uartes.edu.ec\/sitio\/wp-content\/uploads\/2026\/04\/Proyecto-Cambiar-tamano-de-imagen-2026-04-26T161247.138-600x400.jpeg 600w, https:\/\/www.uartes.edu.ec\/sitio\/wp-content\/uploads\/2026\/04\/Proyecto-Cambiar-tamano-de-imagen-2026-04-26T161247.138-400x267.jpeg 400w, https:\/\/www.uartes.edu.ec\/sitio\/wp-content\/uploads\/2026\/04\/Proyecto-Cambiar-tamano-de-imagen-2026-04-26T161247.138-1320x880.jpeg 1320w, https:\/\/www.uartes.edu.ec\/sitio\/wp-content\/uploads\/2026\/04\/Proyecto-Cambiar-tamano-de-imagen-2026-04-26T161247.138.jpeg 2000w\" sizes=\"(max-width: 644px) 100vw, 644px\" \/><\/figure>\n<\/div>\n\n\n<figure class=\"wp-block-gallery has-nested-images columns-default is-cropped wp-block-gallery-2 is-layout-flex wp-block-gallery-is-layout-flex\">\n<figure class=\"wp-block-image size-large\"><img loading=\"lazy\" decoding=\"async\" width=\"644\" height=\"429\" data-id=\"89734\" src=\"https:\/\/www.uartes.edu.ec\/sitio\/wp-content\/uploads\/2026\/04\/Proyecto-Cambiar-tamano-de-imagen-2026-04-26T161322.015-644x429.jpeg\" alt=\"\" class=\"wp-image-89734\" srcset=\"https:\/\/www.uartes.edu.ec\/sitio\/wp-content\/uploads\/2026\/04\/Proyecto-Cambiar-tamano-de-imagen-2026-04-26T161322.015-644x429.jpeg 644w, https:\/\/www.uartes.edu.ec\/sitio\/wp-content\/uploads\/2026\/04\/Proyecto-Cambiar-tamano-de-imagen-2026-04-26T161322.015-300x200.jpeg 300w, https:\/\/www.uartes.edu.ec\/sitio\/wp-content\/uploads\/2026\/04\/Proyecto-Cambiar-tamano-de-imagen-2026-04-26T161322.015-768x512.jpeg 768w, https:\/\/www.uartes.edu.ec\/sitio\/wp-content\/uploads\/2026\/04\/Proyecto-Cambiar-tamano-de-imagen-2026-04-26T161322.015-1536x1024.jpeg 1536w, https:\/\/www.uartes.edu.ec\/sitio\/wp-content\/uploads\/2026\/04\/Proyecto-Cambiar-tamano-de-imagen-2026-04-26T161322.015-18x12.jpeg 18w, https:\/\/www.uartes.edu.ec\/sitio\/wp-content\/uploads\/2026\/04\/Proyecto-Cambiar-tamano-de-imagen-2026-04-26T161322.015-600x400.jpeg 600w, https:\/\/www.uartes.edu.ec\/sitio\/wp-content\/uploads\/2026\/04\/Proyecto-Cambiar-tamano-de-imagen-2026-04-26T161322.015-400x267.jpeg 400w, https:\/\/www.uartes.edu.ec\/sitio\/wp-content\/uploads\/2026\/04\/Proyecto-Cambiar-tamano-de-imagen-2026-04-26T161322.015-1320x880.jpeg 1320w, https:\/\/www.uartes.edu.ec\/sitio\/wp-content\/uploads\/2026\/04\/Proyecto-Cambiar-tamano-de-imagen-2026-04-26T161322.015.jpeg 2000w\" sizes=\"(max-width: 644px) 100vw, 644px\" \/><\/figure>\n\n\n\n<figure class=\"wp-block-image size-large\"><img loading=\"lazy\" decoding=\"async\" width=\"644\" height=\"429\" data-id=\"89733\" src=\"https:\/\/www.uartes.edu.ec\/sitio\/wp-content\/uploads\/2026\/04\/Proyecto-Cambiar-tamano-de-imagen-2026-04-26T161413.899-644x429.jpeg\" alt=\"\" class=\"wp-image-89733\" srcset=\"https:\/\/www.uartes.edu.ec\/sitio\/wp-content\/uploads\/2026\/04\/Proyecto-Cambiar-tamano-de-imagen-2026-04-26T161413.899-644x429.jpeg 644w, https:\/\/www.uartes.edu.ec\/sitio\/wp-content\/uploads\/2026\/04\/Proyecto-Cambiar-tamano-de-imagen-2026-04-26T161413.899-300x200.jpeg 300w, https:\/\/www.uartes.edu.ec\/sitio\/wp-content\/uploads\/2026\/04\/Proyecto-Cambiar-tamano-de-imagen-2026-04-26T161413.899-768x512.jpeg 768w, https:\/\/www.uartes.edu.ec\/sitio\/wp-content\/uploads\/2026\/04\/Proyecto-Cambiar-tamano-de-imagen-2026-04-26T161413.899-1536x1024.jpeg 1536w, https:\/\/www.uartes.edu.ec\/sitio\/wp-content\/uploads\/2026\/04\/Proyecto-Cambiar-tamano-de-imagen-2026-04-26T161413.899-18x12.jpeg 18w, https:\/\/www.uartes.edu.ec\/sitio\/wp-content\/uploads\/2026\/04\/Proyecto-Cambiar-tamano-de-imagen-2026-04-26T161413.899-600x400.jpeg 600w, https:\/\/www.uartes.edu.ec\/sitio\/wp-content\/uploads\/2026\/04\/Proyecto-Cambiar-tamano-de-imagen-2026-04-26T161413.899-400x267.jpeg 400w, https:\/\/www.uartes.edu.ec\/sitio\/wp-content\/uploads\/2026\/04\/Proyecto-Cambiar-tamano-de-imagen-2026-04-26T161413.899-1320x880.jpeg 1320w, https:\/\/www.uartes.edu.ec\/sitio\/wp-content\/uploads\/2026\/04\/Proyecto-Cambiar-tamano-de-imagen-2026-04-26T161413.899.jpeg 2000w\" sizes=\"(max-width: 644px) 100vw, 644px\" \/><\/figure>\n\n\n\n<figure class=\"wp-block-image size-large\"><img loading=\"lazy\" decoding=\"async\" width=\"644\" height=\"429\" data-id=\"89732\" src=\"https:\/\/www.uartes.edu.ec\/sitio\/wp-content\/uploads\/2026\/04\/Proyecto-Cambiar-tamano-de-imagen-2026-04-26T161510.149-644x429.jpeg\" alt=\"\" class=\"wp-image-89732\" srcset=\"https:\/\/www.uartes.edu.ec\/sitio\/wp-content\/uploads\/2026\/04\/Proyecto-Cambiar-tamano-de-imagen-2026-04-26T161510.149-644x429.jpeg 644w, https:\/\/www.uartes.edu.ec\/sitio\/wp-content\/uploads\/2026\/04\/Proyecto-Cambiar-tamano-de-imagen-2026-04-26T161510.149-300x200.jpeg 300w, https:\/\/www.uartes.edu.ec\/sitio\/wp-content\/uploads\/2026\/04\/Proyecto-Cambiar-tamano-de-imagen-2026-04-26T161510.149-768x512.jpeg 768w, https:\/\/www.uartes.edu.ec\/sitio\/wp-content\/uploads\/2026\/04\/Proyecto-Cambiar-tamano-de-imagen-2026-04-26T161510.149-1536x1024.jpeg 1536w, https:\/\/www.uartes.edu.ec\/sitio\/wp-content\/uploads\/2026\/04\/Proyecto-Cambiar-tamano-de-imagen-2026-04-26T161510.149-18x12.jpeg 18w, https:\/\/www.uartes.edu.ec\/sitio\/wp-content\/uploads\/2026\/04\/Proyecto-Cambiar-tamano-de-imagen-2026-04-26T161510.149-600x400.jpeg 600w, https:\/\/www.uartes.edu.ec\/sitio\/wp-content\/uploads\/2026\/04\/Proyecto-Cambiar-tamano-de-imagen-2026-04-26T161510.149-400x267.jpeg 400w, https:\/\/www.uartes.edu.ec\/sitio\/wp-content\/uploads\/2026\/04\/Proyecto-Cambiar-tamano-de-imagen-2026-04-26T161510.149-1320x880.jpeg 1320w, https:\/\/www.uartes.edu.ec\/sitio\/wp-content\/uploads\/2026\/04\/Proyecto-Cambiar-tamano-de-imagen-2026-04-26T161510.149.jpeg 2000w\" sizes=\"(max-width: 644px) 100vw, 644px\" \/><\/figure>\n<\/figure>\n\n\n\n<p><\/p>\n\n\n\n<p>\u201cEl libro que aqu\u00ed presentamos implica un impulso para conocer, entender y valorar un pedazo de lo que hoy constituye el campo literario ecuatoriano\u201d. Del t\u00edtulo de la obra, \u201cBastard@s\u201d, se indica que \u201ctiene que ver con una cierta condici\u00f3n de orfandad o bastard\u00eda que percibimos en los escritores y las escritoras actuales en nuestro pa\u00eds, en la medida de su relaci\u00f3n con el proyecto literario nacional. Partimos de la idea de que los \u2018padres literarios\u2019 con los que estos escritores dialogan (con o contra los que escriben) ya no son (al menos no necesariamente) los escritores del canon nacional. En ese sentido, esperamos que los textos que se incluyen en el libro arrojen pistas para entender cu\u00e1les son las aproximaciones, intuiciones, sensibilidades y focos de inter\u00e9s que est\u00e1n activos y\/o latentes en algunos de quienes producen y leen literatura en el Ecuador\u201d.<\/p>\n\n\n\n<p>Los textos en referencia son de la autor\u00eda del mismo Andr\u00e9s Land\u00e1zuri, as\u00ed como de: Dar\u00edo Jim\u00e9nez, Cristian Alvarado, Paolo Rossignoli, Cecilia Velasco, Darashea Toala, Josu\u00e9 Morales, Diana Mosquera, Andrea It\u00farburu, Mara S. Delgado, Luis Ponce, Solange Rodr\u00edguez, Roberto Ram\u00edrez, Siomara Espa\u00f1a, Maritza Cino, Mar\u00eda Paulina Briones, Ronaldo Pe\u00f1aherrera y Mar\u00eda Mercedes Salgado.<\/p>\n\n\n\n<p>Algunos de los autores estuvieron en la propuesta programada para Lanfor Abierta, un encuentro que llev\u00f3 a las tem\u00e1ticas del libro, su contexto y sus aportes al pensamiento cr\u00edtico y a las narrativas actuales. Durante la jornada se promovi\u00f3 el intercambio de ideas entre los participantes, fortaleciendo el v\u00ednculo entre la lectura, la reflexi\u00f3n y la comunidad. Una actividad que reafirma el compromiso con la difusi\u00f3n cultural, el pensamiento cr\u00edtico y el acceso a espacios de conversaci\u00f3n literaria.<\/p>\n\n\n\n<p>Texto: Carmen Cortez\/Dircom. Fotos: Mike Ponguillo\/Biblioteca de las Artes.<\/p>\n","protected":false},"excerpt":{"rendered":"<p>La inauguraci\u00f3n del fondo bibliogr\u00e1fico de la escritora Gilda Holst y el di\u00e1logo sobre sus obras, as\u00ed como la presentaci\u00f3n del libro \u201cBastard@s\u201d, que editado por el docente Andr\u00e9s Land\u00e1zuri re\u00fane ensayos sobre literatura ecuatoriana del siglo XXI, cerraron la primera jornada de la V edici\u00f3n de Lanfor Abierta. Organizada por la Biblioteca de las Artes, en articulaci\u00f3n con la Escuela de Literatura, la cita celebra al libro en su d\u00eda internacional.<\/p>\n","protected":false},"author":10,"featured_media":89725,"comment_status":"open","ping_status":"open","sticky":false,"template":"","format":"standard","meta":{"_acf_changed":false,"_uag_custom_page_level_css":"","_monsterinsights_skip_tracking":false,"_monsterinsights_sitenote_active":false,"_monsterinsights_sitenote_note":"","_monsterinsights_sitenote_category":0,"cybocfi_hide_featured_image":"","footnotes":""},"categories":[80,490,82,75,76,175,83],"tags":[41],"infouartes":[],"class_list":["post-89724","post","type-post","status-publish","format-standard","has-post-thumbnail","hentry","category-academico","category-alumni","category-artes","category-docentes","category-estudiantes","category-literatura","category-sedes","tag-biblioteca"],"acf":[],"yoast_head":"<!-- This site is optimized with the Yoast SEO plugin v27.4 - https:\/\/yoast.com\/product\/yoast-seo-wordpress\/ -->\n<title>Universidad de las Artes - Inauguraci\u00f3n del fondo bibliogr\u00e1fico de Gilda Holst y di\u00e1logo sobre \u201cBastard@s\u201d en el primer d\u00eda de Lanfor Abierta V<\/title>\n<meta name=\"description\" content=\"Universidad de las Artes - Inauguraci\u00f3n del fondo bibliogr\u00e1fico de Gilda Holst y di\u00e1logo sobre \u201cBastard@s\u201d en el primer d\u00eda de Lanfor Abierta V\" \/>\n<meta name=\"robots\" content=\"index, follow, max-snippet:-1, max-image-preview:large, max-video-preview:-1\" \/>\n<link rel=\"canonical\" href=\"https:\/\/www.uartes.edu.ec\/sitio\/blog\/2026\/04\/24\/inauguracion-del-fondo-bibliografico-de-gilda-holst-y-dialogo-sobre-bastards-cerraron-primera-jornada-de-lanfor-abierta\/\" \/>\n<meta property=\"og:locale\" content=\"es_ES\" \/>\n<meta property=\"og:type\" content=\"article\" \/>\n<meta property=\"og:title\" content=\"Universidad de las Artes - Inauguraci\u00f3n del fondo bibliogr\u00e1fico de Gilda Holst y di\u00e1logo sobre \u201cBastard@s\u201d en el primer d\u00eda de Lanfor Abierta V\" \/>\n<meta property=\"og:description\" content=\"Universidad de las Artes - Inauguraci\u00f3n del fondo bibliogr\u00e1fico de Gilda Holst y di\u00e1logo sobre \u201cBastard@s\u201d en el primer d\u00eda de Lanfor Abierta V\" \/>\n<meta property=\"og:url\" content=\"https:\/\/www.uartes.edu.ec\/sitio\/blog\/2026\/04\/24\/inauguracion-del-fondo-bibliografico-de-gilda-holst-y-dialogo-sobre-bastards-cerraron-primera-jornada-de-lanfor-abierta\/\" \/>\n<meta property=\"og:site_name\" content=\"Universidad de las Artes\" \/>\n<meta property=\"article:publisher\" content=\"https:\/\/www.facebook.com\/uartesec\" \/>\n<meta property=\"article:published_time\" content=\"2026-04-24T19:27:00+00:00\" \/>\n<meta property=\"article:modified_time\" content=\"2026-04-26T22:03:41+00:00\" \/>\n<meta property=\"og:image\" content=\"https:\/\/www.uartes.edu.ec\/sitio\/wp-content\/uploads\/2026\/04\/Proyecto-Cambiar-tamano-de-imagen-2026-04-24T194627.773.jpeg\" \/>\n\t<meta property=\"og:image:width\" content=\"2000\" \/>\n\t<meta property=\"og:image:height\" content=\"1333\" \/>\n\t<meta property=\"og:image:type\" content=\"image\/jpeg\" \/>\n<meta name=\"author\" content=\"ccortez\" \/>\n<meta name=\"twitter:card\" content=\"summary_large_image\" \/>\n<meta name=\"twitter:creator\" content=\"@uartesec\" \/>\n<meta name=\"twitter:site\" content=\"@uartesec\" \/>\n<meta name=\"twitter:label1\" content=\"Escrito por\" \/>\n\t<meta name=\"twitter:data1\" content=\"ccortez\" \/>\n\t<meta name=\"twitter:label2\" content=\"Tiempo de lectura\" \/>\n\t<meta name=\"twitter:data2\" content=\"6 minutos\" \/>\n<script type=\"application\/ld+json\" class=\"yoast-schema-graph\">{\"@context\":\"https:\\\/\\\/schema.org\",\"@graph\":[{\"@type\":\"Article\",\"@id\":\"https:\\\/\\\/www.uartes.edu.ec\\\/sitio\\\/blog\\\/2026\\\/04\\\/24\\\/inauguracion-del-fondo-bibliografico-de-gilda-holst-y-dialogo-sobre-bastards-cerraron-primera-jornada-de-lanfor-abierta\\\/#article\",\"isPartOf\":{\"@id\":\"https:\\\/\\\/www.uartes.edu.ec\\\/sitio\\\/blog\\\/2026\\\/04\\\/24\\\/inauguracion-del-fondo-bibliografico-de-gilda-holst-y-dialogo-sobre-bastards-cerraron-primera-jornada-de-lanfor-abierta\\\/\"},\"author\":{\"name\":\"ccortez\",\"@id\":\"https:\\\/\\\/www.uartes.edu.ec\\\/sitio\\\/#\\\/schema\\\/person\\\/efa1b8275797664fd7f13a79ccc0b1f4\"},\"headline\":\"Inauguraci\u00f3n del fondo bibliogr\u00e1fico de Gilda Holst y di\u00e1logo sobre \u201cBastard@s\u201d en el primer d\u00eda de Lanfor Abierta V\",\"datePublished\":\"2026-04-24T19:27:00+00:00\",\"dateModified\":\"2026-04-26T22:03:41+00:00\",\"mainEntityOfPage\":{\"@id\":\"https:\\\/\\\/www.uartes.edu.ec\\\/sitio\\\/blog\\\/2026\\\/04\\\/24\\\/inauguracion-del-fondo-bibliografico-de-gilda-holst-y-dialogo-sobre-bastards-cerraron-primera-jornada-de-lanfor-abierta\\\/\"},\"wordCount\":997,\"commentCount\":0,\"publisher\":{\"@id\":\"https:\\\/\\\/www.uartes.edu.ec\\\/sitio\\\/#organization\"},\"image\":{\"@id\":\"https:\\\/\\\/www.uartes.edu.ec\\\/sitio\\\/blog\\\/2026\\\/04\\\/24\\\/inauguracion-del-fondo-bibliografico-de-gilda-holst-y-dialogo-sobre-bastards-cerraron-primera-jornada-de-lanfor-abierta\\\/#primaryimage\"},\"thumbnailUrl\":\"https:\\\/\\\/www.uartes.edu.ec\\\/sitio\\\/wp-content\\\/uploads\\\/2026\\\/04\\\/Proyecto-Cambiar-tamano-de-imagen-2026-04-24T194627.773.jpeg\",\"keywords\":[\"biblioteca\"],\"articleSection\":[\"Acad\u00e9mico\",\"Alumni\",\"Artes\",\"Docentes\",\"Estudiantes\",\"Literatura\",\"Sedes\"],\"inLanguage\":\"es\",\"potentialAction\":[{\"@type\":\"CommentAction\",\"name\":\"Comment\",\"target\":[\"https:\\\/\\\/www.uartes.edu.ec\\\/sitio\\\/blog\\\/2026\\\/04\\\/24\\\/inauguracion-del-fondo-bibliografico-de-gilda-holst-y-dialogo-sobre-bastards-cerraron-primera-jornada-de-lanfor-abierta\\\/#respond\"]}]},{\"@type\":[\"WebPage\",\"ItemPage\"],\"@id\":\"https:\\\/\\\/www.uartes.edu.ec\\\/sitio\\\/blog\\\/2026\\\/04\\\/24\\\/inauguracion-del-fondo-bibliografico-de-gilda-holst-y-dialogo-sobre-bastards-cerraron-primera-jornada-de-lanfor-abierta\\\/\",\"url\":\"https:\\\/\\\/www.uartes.edu.ec\\\/sitio\\\/blog\\\/2026\\\/04\\\/24\\\/inauguracion-del-fondo-bibliografico-de-gilda-holst-y-dialogo-sobre-bastards-cerraron-primera-jornada-de-lanfor-abierta\\\/\",\"name\":\"Universidad de las Artes - Inauguraci\u00f3n del fondo bibliogr\u00e1fico de Gilda Holst y di\u00e1logo sobre \u201cBastard@s\u201d en el primer d\u00eda de Lanfor Abierta V\",\"isPartOf\":{\"@id\":\"https:\\\/\\\/www.uartes.edu.ec\\\/sitio\\\/#website\"},\"primaryImageOfPage\":{\"@id\":\"https:\\\/\\\/www.uartes.edu.ec\\\/sitio\\\/blog\\\/2026\\\/04\\\/24\\\/inauguracion-del-fondo-bibliografico-de-gilda-holst-y-dialogo-sobre-bastards-cerraron-primera-jornada-de-lanfor-abierta\\\/#primaryimage\"},\"image\":{\"@id\":\"https:\\\/\\\/www.uartes.edu.ec\\\/sitio\\\/blog\\\/2026\\\/04\\\/24\\\/inauguracion-del-fondo-bibliografico-de-gilda-holst-y-dialogo-sobre-bastards-cerraron-primera-jornada-de-lanfor-abierta\\\/#primaryimage\"},\"thumbnailUrl\":\"https:\\\/\\\/www.uartes.edu.ec\\\/sitio\\\/wp-content\\\/uploads\\\/2026\\\/04\\\/Proyecto-Cambiar-tamano-de-imagen-2026-04-24T194627.773.jpeg\",\"datePublished\":\"2026-04-24T19:27:00+00:00\",\"dateModified\":\"2026-04-26T22:03:41+00:00\",\"description\":\"Universidad de las Artes - Inauguraci\u00f3n del fondo bibliogr\u00e1fico de Gilda Holst y di\u00e1logo sobre \u201cBastard@s\u201d en el primer d\u00eda de Lanfor Abierta V\",\"breadcrumb\":{\"@id\":\"https:\\\/\\\/www.uartes.edu.ec\\\/sitio\\\/blog\\\/2026\\\/04\\\/24\\\/inauguracion-del-fondo-bibliografico-de-gilda-holst-y-dialogo-sobre-bastards-cerraron-primera-jornada-de-lanfor-abierta\\\/#breadcrumb\"},\"inLanguage\":\"es\",\"potentialAction\":[{\"@type\":\"ReadAction\",\"target\":[\"https:\\\/\\\/www.uartes.edu.ec\\\/sitio\\\/blog\\\/2026\\\/04\\\/24\\\/inauguracion-del-fondo-bibliografico-de-gilda-holst-y-dialogo-sobre-bastards-cerraron-primera-jornada-de-lanfor-abierta\\\/\"]}]},{\"@type\":\"ImageObject\",\"inLanguage\":\"es\",\"@id\":\"https:\\\/\\\/www.uartes.edu.ec\\\/sitio\\\/blog\\\/2026\\\/04\\\/24\\\/inauguracion-del-fondo-bibliografico-de-gilda-holst-y-dialogo-sobre-bastards-cerraron-primera-jornada-de-lanfor-abierta\\\/#primaryimage\",\"url\":\"https:\\\/\\\/www.uartes.edu.ec\\\/sitio\\\/wp-content\\\/uploads\\\/2026\\\/04\\\/Proyecto-Cambiar-tamano-de-imagen-2026-04-24T194627.773.jpeg\",\"contentUrl\":\"https:\\\/\\\/www.uartes.edu.ec\\\/sitio\\\/wp-content\\\/uploads\\\/2026\\\/04\\\/Proyecto-Cambiar-tamano-de-imagen-2026-04-24T194627.773.jpeg\",\"width\":2000,\"height\":1333},{\"@type\":\"BreadcrumbList\",\"@id\":\"https:\\\/\\\/www.uartes.edu.ec\\\/sitio\\\/blog\\\/2026\\\/04\\\/24\\\/inauguracion-del-fondo-bibliografico-de-gilda-holst-y-dialogo-sobre-bastards-cerraron-primera-jornada-de-lanfor-abierta\\\/#breadcrumb\",\"itemListElement\":[{\"@type\":\"ListItem\",\"position\":1,\"name\":\"Inicio\",\"item\":\"https:\\\/\\\/www.uartes.edu.ec\\\/sitio\\\/\"},{\"@type\":\"ListItem\",\"position\":2,\"name\":\"Inauguraci\u00f3n del fondo bibliogr\u00e1fico de Gilda Holst y di\u00e1logo sobre \u201cBastard@s\u201d en el primer d\u00eda de Lanfor Abierta V\"}]},{\"@type\":\"WebSite\",\"@id\":\"https:\\\/\\\/www.uartes.edu.ec\\\/sitio\\\/#website\",\"url\":\"https:\\\/\\\/www.uartes.edu.ec\\\/sitio\\\/\",\"name\":\"Universidad de las Artes\",\"description\":\"Sitio oficial de la Universidad Nacional de las Artes del Ecuador\",\"publisher\":{\"@id\":\"https:\\\/\\\/www.uartes.edu.ec\\\/sitio\\\/#organization\"},\"potentialAction\":[{\"@type\":\"SearchAction\",\"target\":{\"@type\":\"EntryPoint\",\"urlTemplate\":\"https:\\\/\\\/www.uartes.edu.ec\\\/sitio\\\/?s={search_term_string}\"},\"query-input\":{\"@type\":\"PropertyValueSpecification\",\"valueRequired\":true,\"valueName\":\"search_term_string\"}}],\"inLanguage\":\"es\"},{\"@type\":\"Organization\",\"@id\":\"https:\\\/\\\/www.uartes.edu.ec\\\/sitio\\\/#organization\",\"name\":\"Universidad de las Artes\",\"url\":\"https:\\\/\\\/www.uartes.edu.ec\\\/sitio\\\/\",\"logo\":{\"@type\":\"ImageObject\",\"inLanguage\":\"es\",\"@id\":\"https:\\\/\\\/www.uartes.edu.ec\\\/sitio\\\/#\\\/schema\\\/logo\\\/image\\\/\",\"url\":\"https:\\\/\\\/www.uartes.edu.ec\\\/sitio\\\/wp-content\\\/uploads\\\/2022\\\/07\\\/logo-ua-horizontal.png\",\"contentUrl\":\"https:\\\/\\\/www.uartes.edu.ec\\\/sitio\\\/wp-content\\\/uploads\\\/2022\\\/07\\\/logo-ua-horizontal.png\",\"width\":800,\"height\":276,\"caption\":\"Universidad de las Artes\"},\"image\":{\"@id\":\"https:\\\/\\\/www.uartes.edu.ec\\\/sitio\\\/#\\\/schema\\\/logo\\\/image\\\/\"},\"sameAs\":[\"https:\\\/\\\/www.facebook.com\\\/uartesec\",\"https:\\\/\\\/x.com\\\/uartesec\",\"https:\\\/\\\/www.tiktok.com\\\/@uartesec\"]},{\"@type\":\"Person\",\"@id\":\"https:\\\/\\\/www.uartes.edu.ec\\\/sitio\\\/#\\\/schema\\\/person\\\/efa1b8275797664fd7f13a79ccc0b1f4\",\"name\":\"ccortez\",\"image\":{\"@type\":\"ImageObject\",\"inLanguage\":\"es\",\"@id\":\"https:\\\/\\\/secure.gravatar.com\\\/avatar\\\/b2a6f664a3ae8e074346ef91775736c5ec479e637ecced6842de9dc98b5da9cd?s=96&d=mm&r=g\",\"url\":\"https:\\\/\\\/secure.gravatar.com\\\/avatar\\\/b2a6f664a3ae8e074346ef91775736c5ec479e637ecced6842de9dc98b5da9cd?s=96&d=mm&r=g\",\"contentUrl\":\"https:\\\/\\\/secure.gravatar.com\\\/avatar\\\/b2a6f664a3ae8e074346ef91775736c5ec479e637ecced6842de9dc98b5da9cd?s=96&d=mm&r=g\",\"caption\":\"ccortez\"},\"url\":\"https:\\\/\\\/www.uartes.edu.ec\\\/sitio\\\/blog\\\/author\\\/ccortez\\\/\"}]}<\/script>\n<!-- \/ Yoast SEO plugin. -->","yoast_head_json":{"title":"Universidad de las Artes - Inauguraci\u00f3n del fondo bibliogr\u00e1fico de Gilda Holst y di\u00e1logo sobre \u201cBastard@s\u201d en el primer d\u00eda de Lanfor Abierta V","description":"Universidad de las Artes - Inauguraci\u00f3n del fondo bibliogr\u00e1fico de Gilda Holst y di\u00e1logo sobre \u201cBastard@s\u201d en el primer d\u00eda de Lanfor Abierta V","robots":{"index":"index","follow":"follow","max-snippet":"max-snippet:-1","max-image-preview":"max-image-preview:large","max-video-preview":"max-video-preview:-1"},"canonical":"https:\/\/www.uartes.edu.ec\/sitio\/blog\/2026\/04\/24\/inauguracion-del-fondo-bibliografico-de-gilda-holst-y-dialogo-sobre-bastards-cerraron-primera-jornada-de-lanfor-abierta\/","og_locale":"es_ES","og_type":"article","og_title":"Universidad de las Artes - Inauguraci\u00f3n del fondo bibliogr\u00e1fico de Gilda Holst y di\u00e1logo sobre \u201cBastard@s\u201d en el primer d\u00eda de Lanfor Abierta V","og_description":"Universidad de las Artes - Inauguraci\u00f3n del fondo bibliogr\u00e1fico de Gilda Holst y di\u00e1logo sobre \u201cBastard@s\u201d en el primer d\u00eda de Lanfor Abierta V","og_url":"https:\/\/www.uartes.edu.ec\/sitio\/blog\/2026\/04\/24\/inauguracion-del-fondo-bibliografico-de-gilda-holst-y-dialogo-sobre-bastards-cerraron-primera-jornada-de-lanfor-abierta\/","og_site_name":"Universidad de las Artes","article_publisher":"https:\/\/www.facebook.com\/uartesec","article_published_time":"2026-04-24T19:27:00+00:00","article_modified_time":"2026-04-26T22:03:41+00:00","og_image":[{"width":2000,"height":1333,"url":"https:\/\/www.uartes.edu.ec\/sitio\/wp-content\/uploads\/2026\/04\/Proyecto-Cambiar-tamano-de-imagen-2026-04-24T194627.773.jpeg","type":"image\/jpeg"}],"author":"ccortez","twitter_card":"summary_large_image","twitter_creator":"@uartesec","twitter_site":"@uartesec","twitter_misc":{"Escrito por":"ccortez","Tiempo de lectura":"6 minutos"},"schema":{"@context":"https:\/\/schema.org","@graph":[{"@type":"Article","@id":"https:\/\/www.uartes.edu.ec\/sitio\/blog\/2026\/04\/24\/inauguracion-del-fondo-bibliografico-de-gilda-holst-y-dialogo-sobre-bastards-cerraron-primera-jornada-de-lanfor-abierta\/#article","isPartOf":{"@id":"https:\/\/www.uartes.edu.ec\/sitio\/blog\/2026\/04\/24\/inauguracion-del-fondo-bibliografico-de-gilda-holst-y-dialogo-sobre-bastards-cerraron-primera-jornada-de-lanfor-abierta\/"},"author":{"name":"ccortez","@id":"https:\/\/www.uartes.edu.ec\/sitio\/#\/schema\/person\/efa1b8275797664fd7f13a79ccc0b1f4"},"headline":"Inauguraci\u00f3n del fondo bibliogr\u00e1fico de Gilda Holst y di\u00e1logo sobre \u201cBastard@s\u201d en el primer d\u00eda de Lanfor Abierta V","datePublished":"2026-04-24T19:27:00+00:00","dateModified":"2026-04-26T22:03:41+00:00","mainEntityOfPage":{"@id":"https:\/\/www.uartes.edu.ec\/sitio\/blog\/2026\/04\/24\/inauguracion-del-fondo-bibliografico-de-gilda-holst-y-dialogo-sobre-bastards-cerraron-primera-jornada-de-lanfor-abierta\/"},"wordCount":997,"commentCount":0,"publisher":{"@id":"https:\/\/www.uartes.edu.ec\/sitio\/#organization"},"image":{"@id":"https:\/\/www.uartes.edu.ec\/sitio\/blog\/2026\/04\/24\/inauguracion-del-fondo-bibliografico-de-gilda-holst-y-dialogo-sobre-bastards-cerraron-primera-jornada-de-lanfor-abierta\/#primaryimage"},"thumbnailUrl":"https:\/\/www.uartes.edu.ec\/sitio\/wp-content\/uploads\/2026\/04\/Proyecto-Cambiar-tamano-de-imagen-2026-04-24T194627.773.jpeg","keywords":["biblioteca"],"articleSection":["Acad\u00e9mico","Alumni","Artes","Docentes","Estudiantes","Literatura","Sedes"],"inLanguage":"es","potentialAction":[{"@type":"CommentAction","name":"Comment","target":["https:\/\/www.uartes.edu.ec\/sitio\/blog\/2026\/04\/24\/inauguracion-del-fondo-bibliografico-de-gilda-holst-y-dialogo-sobre-bastards-cerraron-primera-jornada-de-lanfor-abierta\/#respond"]}]},{"@type":["WebPage","ItemPage"],"@id":"https:\/\/www.uartes.edu.ec\/sitio\/blog\/2026\/04\/24\/inauguracion-del-fondo-bibliografico-de-gilda-holst-y-dialogo-sobre-bastards-cerraron-primera-jornada-de-lanfor-abierta\/","url":"https:\/\/www.uartes.edu.ec\/sitio\/blog\/2026\/04\/24\/inauguracion-del-fondo-bibliografico-de-gilda-holst-y-dialogo-sobre-bastards-cerraron-primera-jornada-de-lanfor-abierta\/","name":"Universidad de las Artes - Inauguraci\u00f3n del fondo bibliogr\u00e1fico de Gilda Holst y di\u00e1logo sobre \u201cBastard@s\u201d en el primer d\u00eda de Lanfor Abierta V","isPartOf":{"@id":"https:\/\/www.uartes.edu.ec\/sitio\/#website"},"primaryImageOfPage":{"@id":"https:\/\/www.uartes.edu.ec\/sitio\/blog\/2026\/04\/24\/inauguracion-del-fondo-bibliografico-de-gilda-holst-y-dialogo-sobre-bastards-cerraron-primera-jornada-de-lanfor-abierta\/#primaryimage"},"image":{"@id":"https:\/\/www.uartes.edu.ec\/sitio\/blog\/2026\/04\/24\/inauguracion-del-fondo-bibliografico-de-gilda-holst-y-dialogo-sobre-bastards-cerraron-primera-jornada-de-lanfor-abierta\/#primaryimage"},"thumbnailUrl":"https:\/\/www.uartes.edu.ec\/sitio\/wp-content\/uploads\/2026\/04\/Proyecto-Cambiar-tamano-de-imagen-2026-04-24T194627.773.jpeg","datePublished":"2026-04-24T19:27:00+00:00","dateModified":"2026-04-26T22:03:41+00:00","description":"Universidad de las Artes - Inauguraci\u00f3n del fondo bibliogr\u00e1fico de Gilda Holst y di\u00e1logo sobre \u201cBastard@s\u201d en el primer d\u00eda de Lanfor Abierta V","breadcrumb":{"@id":"https:\/\/www.uartes.edu.ec\/sitio\/blog\/2026\/04\/24\/inauguracion-del-fondo-bibliografico-de-gilda-holst-y-dialogo-sobre-bastards-cerraron-primera-jornada-de-lanfor-abierta\/#breadcrumb"},"inLanguage":"es","potentialAction":[{"@type":"ReadAction","target":["https:\/\/www.uartes.edu.ec\/sitio\/blog\/2026\/04\/24\/inauguracion-del-fondo-bibliografico-de-gilda-holst-y-dialogo-sobre-bastards-cerraron-primera-jornada-de-lanfor-abierta\/"]}]},{"@type":"ImageObject","inLanguage":"es","@id":"https:\/\/www.uartes.edu.ec\/sitio\/blog\/2026\/04\/24\/inauguracion-del-fondo-bibliografico-de-gilda-holst-y-dialogo-sobre-bastards-cerraron-primera-jornada-de-lanfor-abierta\/#primaryimage","url":"https:\/\/www.uartes.edu.ec\/sitio\/wp-content\/uploads\/2026\/04\/Proyecto-Cambiar-tamano-de-imagen-2026-04-24T194627.773.jpeg","contentUrl":"https:\/\/www.uartes.edu.ec\/sitio\/wp-content\/uploads\/2026\/04\/Proyecto-Cambiar-tamano-de-imagen-2026-04-24T194627.773.jpeg","width":2000,"height":1333},{"@type":"BreadcrumbList","@id":"https:\/\/www.uartes.edu.ec\/sitio\/blog\/2026\/04\/24\/inauguracion-del-fondo-bibliografico-de-gilda-holst-y-dialogo-sobre-bastards-cerraron-primera-jornada-de-lanfor-abierta\/#breadcrumb","itemListElement":[{"@type":"ListItem","position":1,"name":"Inicio","item":"https:\/\/www.uartes.edu.ec\/sitio\/"},{"@type":"ListItem","position":2,"name":"Inauguraci\u00f3n del fondo bibliogr\u00e1fico de Gilda Holst y di\u00e1logo sobre \u201cBastard@s\u201d en el primer d\u00eda de Lanfor Abierta V"}]},{"@type":"WebSite","@id":"https:\/\/www.uartes.edu.ec\/sitio\/#website","url":"https:\/\/www.uartes.edu.ec\/sitio\/","name":"Universidad de las Artes","description":"Sitio oficial de la Universidad Nacional de las Artes del Ecuador","publisher":{"@id":"https:\/\/www.uartes.edu.ec\/sitio\/#organization"},"potentialAction":[{"@type":"SearchAction","target":{"@type":"EntryPoint","urlTemplate":"https:\/\/www.uartes.edu.ec\/sitio\/?s={search_term_string}"},"query-input":{"@type":"PropertyValueSpecification","valueRequired":true,"valueName":"search_term_string"}}],"inLanguage":"es"},{"@type":"Organization","@id":"https:\/\/www.uartes.edu.ec\/sitio\/#organization","name":"Universidad de las Artes","url":"https:\/\/www.uartes.edu.ec\/sitio\/","logo":{"@type":"ImageObject","inLanguage":"es","@id":"https:\/\/www.uartes.edu.ec\/sitio\/#\/schema\/logo\/image\/","url":"https:\/\/www.uartes.edu.ec\/sitio\/wp-content\/uploads\/2022\/07\/logo-ua-horizontal.png","contentUrl":"https:\/\/www.uartes.edu.ec\/sitio\/wp-content\/uploads\/2022\/07\/logo-ua-horizontal.png","width":800,"height":276,"caption":"Universidad de las Artes"},"image":{"@id":"https:\/\/www.uartes.edu.ec\/sitio\/#\/schema\/logo\/image\/"},"sameAs":["https:\/\/www.facebook.com\/uartesec","https:\/\/x.com\/uartesec","https:\/\/www.tiktok.com\/@uartesec"]},{"@type":"Person","@id":"https:\/\/www.uartes.edu.ec\/sitio\/#\/schema\/person\/efa1b8275797664fd7f13a79ccc0b1f4","name":"ccortez","image":{"@type":"ImageObject","inLanguage":"es","@id":"https:\/\/secure.gravatar.com\/avatar\/b2a6f664a3ae8e074346ef91775736c5ec479e637ecced6842de9dc98b5da9cd?s=96&d=mm&r=g","url":"https:\/\/secure.gravatar.com\/avatar\/b2a6f664a3ae8e074346ef91775736c5ec479e637ecced6842de9dc98b5da9cd?s=96&d=mm&r=g","contentUrl":"https:\/\/secure.gravatar.com\/avatar\/b2a6f664a3ae8e074346ef91775736c5ec479e637ecced6842de9dc98b5da9cd?s=96&d=mm&r=g","caption":"ccortez"},"url":"https:\/\/www.uartes.edu.ec\/sitio\/blog\/author\/ccortez\/"}]}},"uagb_featured_image_src":{"full":["https:\/\/www.uartes.edu.ec\/sitio\/wp-content\/uploads\/2026\/04\/Proyecto-Cambiar-tamano-de-imagen-2026-04-24T194627.773.jpeg",2000,1333,false],"thumbnail":["https:\/\/www.uartes.edu.ec\/sitio\/wp-content\/uploads\/2026\/04\/Proyecto-Cambiar-tamano-de-imagen-2026-04-24T194627.773-150x150.jpeg",150,150,true],"medium":["https:\/\/www.uartes.edu.ec\/sitio\/wp-content\/uploads\/2026\/04\/Proyecto-Cambiar-tamano-de-imagen-2026-04-24T194627.773-300x200.jpeg",300,200,true],"medium_large":["https:\/\/www.uartes.edu.ec\/sitio\/wp-content\/uploads\/2026\/04\/Proyecto-Cambiar-tamano-de-imagen-2026-04-24T194627.773-768x512.jpeg",768,512,true],"large":["https:\/\/www.uartes.edu.ec\/sitio\/wp-content\/uploads\/2026\/04\/Proyecto-Cambiar-tamano-de-imagen-2026-04-24T194627.773-644x429.jpeg",644,429,true],"1536x1536":["https:\/\/www.uartes.edu.ec\/sitio\/wp-content\/uploads\/2026\/04\/Proyecto-Cambiar-tamano-de-imagen-2026-04-24T194627.773-1536x1024.jpeg",1536,1024,true],"2048x2048":["https:\/\/www.uartes.edu.ec\/sitio\/wp-content\/uploads\/2026\/04\/Proyecto-Cambiar-tamano-de-imagen-2026-04-24T194627.773.jpeg",2000,1333,false],"trp-custom-language-flag":["https:\/\/www.uartes.edu.ec\/sitio\/wp-content\/uploads\/2026\/04\/Proyecto-Cambiar-tamano-de-imagen-2026-04-24T194627.773-18x12.jpeg",18,12,true],"htmega_size_585x295":["https:\/\/www.uartes.edu.ec\/sitio\/wp-content\/uploads\/2026\/04\/Proyecto-Cambiar-tamano-de-imagen-2026-04-24T194627.773-585x295.jpeg",585,295,true],"htmega_size_1170x536":["https:\/\/www.uartes.edu.ec\/sitio\/wp-content\/uploads\/2026\/04\/Proyecto-Cambiar-tamano-de-imagen-2026-04-24T194627.773-1170x536.jpeg",1170,536,true],"htmega_size_396x360":["https:\/\/www.uartes.edu.ec\/sitio\/wp-content\/uploads\/2026\/04\/Proyecto-Cambiar-tamano-de-imagen-2026-04-24T194627.773-396x360.jpeg",396,360,true],"gb-block-post-grid-landscape":["https:\/\/www.uartes.edu.ec\/sitio\/wp-content\/uploads\/2026\/04\/Proyecto-Cambiar-tamano-de-imagen-2026-04-24T194627.773-600x400.jpeg",600,400,true],"gb-block-post-grid-square":["https:\/\/www.uartes.edu.ec\/sitio\/wp-content\/uploads\/2026\/04\/Proyecto-Cambiar-tamano-de-imagen-2026-04-24T194627.773-600x600.jpeg",600,600,true],"university-hub-thumb":["https:\/\/www.uartes.edu.ec\/sitio\/wp-content\/uploads\/2026\/04\/Proyecto-Cambiar-tamano-de-imagen-2026-04-24T194627.773-400x267.jpeg",400,267,true],"mailpoet_newsletter_max":["https:\/\/www.uartes.edu.ec\/sitio\/wp-content\/uploads\/2026\/04\/Proyecto-Cambiar-tamano-de-imagen-2026-04-24T194627.773-1320x880.jpeg",1320,880,true]},"uagb_author_info":{"display_name":"ccortez","author_link":"https:\/\/www.uartes.edu.ec\/sitio\/blog\/author\/ccortez\/"},"uagb_comment_info":0,"uagb_excerpt":"La inauguraci\u00f3n del fondo bibliogr\u00e1fico de la escritora Gilda Holst y el di\u00e1logo sobre sus obras, as\u00ed como la presentaci\u00f3n del libro \u201cBastard@s\u201d, que editado por el docente Andr\u00e9s Land\u00e1zuri re\u00fane ensayos sobre literatura ecuatoriana del siglo XXI, cerraron la primera jornada de la V edici\u00f3n de Lanfor Abierta. Organizada por la Biblioteca de las&hellip;","featured_image_src":"https:\/\/www.uartes.edu.ec\/sitio\/wp-content\/uploads\/2026\/04\/Proyecto-Cambiar-tamano-de-imagen-2026-04-24T194627.773-600x400.jpeg","featured_image_src_square":"https:\/\/www.uartes.edu.ec\/sitio\/wp-content\/uploads\/2026\/04\/Proyecto-Cambiar-tamano-de-imagen-2026-04-24T194627.773-600x600.jpeg","author_info":{"display_name":"ccortez","author_link":"https:\/\/www.uartes.edu.ec\/sitio\/blog\/author\/ccortez\/"},"publishpress_future_workflow_manual_trigger":{"enabledWorkflows":[]},"distributor_meta":false,"distributor_terms":false,"distributor_media":false,"distributor_original_site_name":"Universidad de las Artes","distributor_original_site_url":"https:\/\/www.uartes.edu.ec\/sitio","push-errors":false,"_links":{"self":[{"href":"https:\/\/www.uartes.edu.ec\/sitio\/wp-json\/wp\/v2\/posts\/89724","targetHints":{"allow":["GET"]}}],"collection":[{"href":"https:\/\/www.uartes.edu.ec\/sitio\/wp-json\/wp\/v2\/posts"}],"about":[{"href":"https:\/\/www.uartes.edu.ec\/sitio\/wp-json\/wp\/v2\/types\/post"}],"author":[{"embeddable":true,"href":"https:\/\/www.uartes.edu.ec\/sitio\/wp-json\/wp\/v2\/users\/10"}],"replies":[{"embeddable":true,"href":"https:\/\/www.uartes.edu.ec\/sitio\/wp-json\/wp\/v2\/comments?post=89724"}],"version-history":[{"count":9,"href":"https:\/\/www.uartes.edu.ec\/sitio\/wp-json\/wp\/v2\/posts\/89724\/revisions"}],"predecessor-version":[{"id":89763,"href":"https:\/\/www.uartes.edu.ec\/sitio\/wp-json\/wp\/v2\/posts\/89724\/revisions\/89763"}],"wp:featuredmedia":[{"embeddable":true,"href":"https:\/\/www.uartes.edu.ec\/sitio\/wp-json\/wp\/v2\/media\/89725"}],"wp:attachment":[{"href":"https:\/\/www.uartes.edu.ec\/sitio\/wp-json\/wp\/v2\/media?parent=89724"}],"wp:term":[{"taxonomy":"category","embeddable":true,"href":"https:\/\/www.uartes.edu.ec\/sitio\/wp-json\/wp\/v2\/categories?post=89724"},{"taxonomy":"post_tag","embeddable":true,"href":"https:\/\/www.uartes.edu.ec\/sitio\/wp-json\/wp\/v2\/tags?post=89724"},{"taxonomy":"infouartes","embeddable":true,"href":"https:\/\/www.uartes.edu.ec\/sitio\/wp-json\/wp\/v2\/infouartes?post=89724"}],"curies":[{"name":"wp","href":"https:\/\/api.w.org\/{rel}","templated":true}]}}